{"id":5551,"date":"2020-04-28T08:45:14","date_gmt":"2020-04-28T06:45:14","guid":{"rendered":"https:\/\/ahorn-camp.de\/?p=5551"},"modified":"2021-12-08T13:46:25","modified_gmt":"2021-12-08T12:46:25","slug":"zimsko-kampiranje-v-svici","status":"publish","type":"post","link":"https:\/\/ahorn-camp.de\/sl\/wintercamping-in-der-schweiz\/","title":{"rendered":"Zimsko kampiranje v \u0160vici"},"content":{"rendered":"<p><strong>Zimsko kampiranje v \u0160vici \u2013 v za\u010detku februarja so se Michael, Stefan in Lukas z na\u0161im avtodomom ACT 690 New Face Edition odpravili v \u0160vico na smu\u010darske ture. Potovanje se je za\u010delo s prevzemom avtodoma v na\u0161i glavni poslovalnici Ahorn Camp v Speyerju ob Renu. V avtodom so nalo\u017eili vso opremo in se vsi trije odpravili proti Engadinu v \u0160vici. Tako se je lahko za\u010dela dvotedenska pustolov\u0161\u010dina \u201eZimski kampiranje v \u0160vici\u201c. S pomo\u010djo naslednjega potopisa in impresivnih fotografij lahko spremljate mlade mo\u0161ke na njihovi poti. \u017delimo vam prijetno branje in veliko navdiha.<br \/>\n<\/strong><\/p>\n<p><a href=\"https:\/\/ahorn-camp.de\/wp-content\/uploads\/2020\/04\/Reisebericht_Wintercampen-Schweiz_5.jpg\" target=\"_blank\" rel=\"noopener noreferrer\"><img fetchpriority=\"high\" decoding=\"async\" class=\"aligncenter wp-image-5542\" title=\"Zimsko kampiranje v \u0160vici \u2013 na poti z Ahorn Camp\" src=\"https:\/\/ahorn-camp.de\/wp-content\/uploads\/2020\/04\/Reisebericht_Wintercampen-Schweiz_5.jpg\" alt=\"\" width=\"600\" height=\"400\" srcset=\"https:\/\/ahorn-camp.de\/wp-content\/uploads\/2020\/04\/Reisebericht_Wintercampen-Schweiz_5.jpg 1500w, https:\/\/ahorn-camp.de\/wp-content\/uploads\/2020\/04\/Reisebericht_Wintercampen-Schweiz_5-300x200.jpg 300w, https:\/\/ahorn-camp.de\/wp-content\/uploads\/2020\/04\/Reisebericht_Wintercampen-Schweiz_5-1024x682.jpg 1024w, https:\/\/ahorn-camp.de\/wp-content\/uploads\/2020\/04\/Reisebericht_Wintercampen-Schweiz_5-768x511.jpg 768w, https:\/\/ahorn-camp.de\/wp-content\/uploads\/2020\/04\/Reisebericht_Wintercampen-Schweiz_5-800x533.jpg 800w\" sizes=\"(max-width: 600px) 100vw, 600px\" \/><\/a><\/p>\n<p>Na poti do <a href=\"https:\/\/de.wikipedia.org\/wiki\/Julierpass\" target=\"_blank\" rel=\"noopener noreferrer\">Julijski prelaz<\/a>, pravi raj za smu\u010darske pohodnike, smo nakupili \u0161e \u017eivila za prihodnje dni. Vreme je bilo odli\u010dno in verjetno je malo pred tem zapadel sve\u017e sneg. Ko smo prispeli na prelaz, smo si pripasali smu\u010di in si ogledali okolico ter sneg. Ker se je dan \u017ee precej premaknil naprej, je sonce kmalu izginilo za gorami in takoj je postalo precej hladneje. Bili smo veseli, ko smo se vrnili v topel Ahorn Camper. Tam smo najprej pojedli nekaj toplega \u2013 nato pa smo za\u010deli krojiti na\u010drte.<\/p>\n<h5>Vpra\u0161anje pogojev \u2013 Piz Benina ali Piz Pal\u00fc<\/h5>\n<p>Na poti v St. Moritz je na\u0161a pozornost neizogibno padla na <a href=\"https:\/\/de.wikipedia.org\/wiki\/Piz_Bernina\" target=\"_blank\" rel=\"noopener noreferrer\">Piz Bernina<\/a> in okoli gore. \u017dal razmere za turno smu\u010danje na Piz Bernino niso bile dovolj dobre \u2013 a morda bi bile zadostne za sosednji Piz Pal\u00fc? Vremenska napoved je obetala lepo vreme \u010dez dva dni. Po posvetu z doma\u010dini o razmerah na gori smo se odlo\u010dili, da poskusimo. Preostali \u010das smo izkoristili za obisk nekaterih fotografskih to\u010dk v okolici in za nakupe za prihajajo\u010de turno smu\u010danje.<\/p>\n<p>&nbsp;<\/p>\n<p><a href=\"https:\/\/ahorn-camp.de\/wp-content\/uploads\/2020\/04\/Reisebericht_Wintercampen-Schweiz_4-e1587974173319.jpg\" target=\"_blank\" rel=\"noopener noreferrer\"><img decoding=\"async\" class=\"aligncenter wp-image-5541\" title=\"Zimsko kampiranje v \u0160vici \u2013 na poti z Ahorn Camp\" src=\"https:\/\/ahorn-camp.de\/wp-content\/uploads\/2020\/04\/Reisebericht_Wintercampen-Schweiz_4-e1587974173319.jpg\" alt=\"\" width=\"600\" height=\"373\" srcset=\"https:\/\/ahorn-camp.de\/wp-content\/uploads\/2020\/04\/Reisebericht_Wintercampen-Schweiz_4-e1587974173319.jpg 1500w, https:\/\/ahorn-camp.de\/wp-content\/uploads\/2020\/04\/Reisebericht_Wintercampen-Schweiz_4-e1587974173319-300x187.jpg 300w, https:\/\/ahorn-camp.de\/wp-content\/uploads\/2020\/04\/Reisebericht_Wintercampen-Schweiz_4-e1587974173319-1024x637.jpg 1024w, https:\/\/ahorn-camp.de\/wp-content\/uploads\/2020\/04\/Reisebericht_Wintercampen-Schweiz_4-e1587974173319-768x478.jpg 768w, https:\/\/ahorn-camp.de\/wp-content\/uploads\/2020\/04\/Reisebericht_Wintercampen-Schweiz_4-e1587974173319-800x498.jpg 800w\" sizes=\"(max-width: 600px) 100vw, 600px\" \/><\/a><\/p>\n<hr \/>\n<blockquote>\n<p style=\"text-align: center;\">Ko smo prispeli tja, smo se nenadoma zna\u0161li sami med temi velikani.<\/p>\n<\/blockquote>\n<hr \/>\n<div class=\"page\" title=\"Stran 1\">\n<div class=\"section\">\n<div class=\"layoutArea\">\n<div class=\"column\">\n<p>Dva dni kasneje smo se ob lepem vremenu prebudili nedale\u010d od prelaza Bernina \u2013 pri\u010dakovanja so bila velika. Hitro smo zajtrkovali in se nato takoj odpravili proti dolnji postaji \u017ei\u010dnice Diavolezza, od koder smo se z prvo gondolo povzpeli na goro. Ko smo prispeli do gorske ko\u010de Diavolezza, smo bili osupli nad razgledom na gore \u2013 kot v areni so se vrstili znani vrhovi. Preden si na smu\u010di namestimo ko\u017ee, se moramo spustiti nekaj vi\u0161inskih metrov proti ledeniku. Ko smo tja prispeli, smo se nenadoma zna\u0161li sami sredi teh velikanov \u2013 na poti sta bila le \u0161e dva druga turna smu\u010darja, vendar sta imela druga\u010den cilj za ta dan in kmalu zapustila na\u0161o pot. Pripeti z vrvmi smo z smu\u010dmi na nogah \u0161li skozi mogo\u010den ledeni\u0161ki \u0161krbine vse bolj proti vrhu. Kmalu dose\u017eemo vzhodno ramo Piz Pal\u00fcja in lahko kon\u010dno u\u017eivamo na soncu.<\/p>\n<\/div>\n<\/div>\n<\/div>\n<\/div>\n<div class=\"page\" title=\"Stran 1\">\n<div class=\"section\">\n<div class=\"layoutArea\">\n<div class=\"column\">\n<h5>Poudarek \u2013 vzpon na Pal\u00fc<\/h5>\n<p>Po kratkem premoru in prigrizku smo se spet podali na pot. Smu\u010di smo pustili na ramenih in naprej hodili s cepinci na nogah in cepinom v roki. Spust s vrha ne bi bil mogo\u010d \u2013 veter je tam zgoraj naredil ve\u010d \u0161kode, kot se je videlo iz doline \u2013 pobo\u010dja so bila spihana do gole skale. Deloma oster greben je vedno vrhunec vzpona na Pal\u00fc \u2013 tako tudi tokrat. Razmere na grebenu so bile idealne in kmalu smo stali na vrhu. Imeli smo res sre\u010do z vremenom \u2013 razgled je bil ob skoraj brezveterju veli\u010dasten. Po kratkem u\u017eivanju smo se vrnili k smu\u010dem. Balili smo se, da bo spust po vetru napihanem snegu mu\u010denje \u2013 na na\u0161e presene\u010denje smo lahko brez ve\u010djih te\u017eav smu\u010dali po pobo\u010djih vse do Morteratscha. Odli\u010den zaklju\u010dek!<\/p>\n<p>Ker nas je na ta dan \u017eal spremljal Lukas, nas je \u017ee \u010dakal s kombijem na parkiri\u0161\u010du. To nam je zelo ustrezalo \u2013 kmalu po tem, ko smo prispeli v dolino, je pri\u0161lo do napovedane vremenske spremembe in postalo je hladno in mokro. Hitro v topel kombi.<\/p>\n<\/div>\n<\/div>\n<\/div>\n<\/div>\n<p><a href=\"https:\/\/ahorn-camp.de\/wp-content\/uploads\/2020\/04\/Reisebericht_Wintercampen-Schweiz_1.jpg\" target=\"_blank\" rel=\"noopener noreferrer\"><img decoding=\"async\" class=\"aligncenter wp-image-5538\" title=\"Zimsko kampiranje v \u0160vici \u2013 na poti z Ahorn Camp\" src=\"https:\/\/ahorn-camp.de\/wp-content\/uploads\/2020\/04\/Reisebericht_Wintercampen-Schweiz_1.jpg\" alt=\"\" width=\"600\" height=\"400\" srcset=\"https:\/\/ahorn-camp.de\/wp-content\/uploads\/2020\/04\/Reisebericht_Wintercampen-Schweiz_1.jpg 1500w, https:\/\/ahorn-camp.de\/wp-content\/uploads\/2020\/04\/Reisebericht_Wintercampen-Schweiz_1-300x200.jpg 300w, https:\/\/ahorn-camp.de\/wp-content\/uploads\/2020\/04\/Reisebericht_Wintercampen-Schweiz_1-1024x683.jpg 1024w, https:\/\/ahorn-camp.de\/wp-content\/uploads\/2020\/04\/Reisebericht_Wintercampen-Schweiz_1-768x512.jpg 768w, https:\/\/ahorn-camp.de\/wp-content\/uploads\/2020\/04\/Reisebericht_Wintercampen-Schweiz_1-800x533.jpg 800w\" sizes=\"(max-width: 600px) 100vw, 600px\" \/><\/a><\/p>\n<hr \/>\n<blockquote>\n<p style=\"text-align: center;\">Imeli smo res sre\u010do z vremenom \u2013 vidljivost je bila ob skoraj\u0161njem brezvetrju \u010dudovita.<\/p>\n<\/blockquote>\n<hr \/>\n<div class=\"page\" title=\"Stran 2\">\n<div class=\"section\">\n<div class=\"layoutArea\">\n<div class=\"column\">\n<p>Na \u017ealost nam v naslednjih dneh vreme ni bilo naklonjeno \u2013 de\u017eevalo je kot iz vedra, \u017eal tudi visoko v gorah, zaradi \u010desar so se na\u0161i na\u010drti za nadaljnje smu\u010darske ture po\u010dasi razblinili. Vse bolj prijetno pa je bilo potovati s prostornim in toplim avtodomom. Vsak dan smo u\u017eivali v 3-zvezdi\u010dni kuhinji v avtodomu \u2013 zve\u010der smo si ob\u010dasno privo\u0161\u010dili kak\u0161no pivo ali celo kozarec vina.<\/p>\n<\/div>\n<div class=\"column\">\n<h5>Gremo na freeride v Engelberg<\/h5>\n<p>Po nekaj dneh smo se odpravili v freeride meko \u0160vice, Engelberg. Tam naj bi se vreme za nekaj dni izbolj\u0161alo, smu\u010di\u0161\u010de z ne\u0161tetimi freeride variantami pa je bilo dovolj visoko, da bi morda ujeli \u0161e nekaj novega snega. Ko smo prispeli, nas je najprej zajelo razo\u010daranje - sne\u017ene razmere so bile obupne, vreme pa tudi slabo. Nastanili smo se na zimskem kampiranju ter najprej izpraznili in nato napolnili rezervoarje na\u0161ega avtodoma.<\/p>\n<p>Proti ve\u010deru se je nato izbolj\u0161alo vreme, kot je bilo napovedano, in se je ohranilo tudi v naslednjih dneh, tako da smo lahko na gori pre\u017eiveli \u0161e tri spro\u0161\u010dene dni. Sne\u017ene razmere pa \u017eal niso bile najbolj\u0161e \u2013 z malo ob\u010dutka smo vseeno uspeli najti \u0161e nedotaknjen, dober sneg.<\/p>\n<p>In tako smo se lahko mirno odpravili na pot domov. Sprva smo bili kar malo skepti\u010dni \u2013 zimsko kampiranje v \u0160vici? S pravim prevoznim sredstvom zagotovo do\u017eivetje!<\/p>\n<\/div>\n<\/div>\n<\/div>\n<\/div>\n<p>Ali vas zanima tudi zimsko kampiranje v \u0160vici in bi radi izvedeli ve\u010d o modelu ACT 690 Plus ter na\u0161ih drugih avtodomih? <a href=\"https:\/\/ahorn-camp.de\/sl\/avtodomi-ahorn\/\" target=\"_blank\" rel=\"noopener noreferrer\">Pregled na\u0161ih modelov najdete tukaj.<\/a><\/p>\n<hr \/>\n<h6><u>Naslednje potopisno poro\u010dilo<\/u><\/h6>\n<p><img loading=\"lazy\" decoding=\"async\" class=\"alignnone wp-image-4479 size-medium\" src=\"https:\/\/ahorn-camp.de\/wp-content\/uploads\/2020\/03\/CamperVan_Toskana-300x165.jpg\" alt=\"\" width=\"300\" height=\"165\" srcset=\"https:\/\/ahorn-camp.de\/wp-content\/uploads\/2020\/03\/CamperVan_Toskana-300x165.jpg 300w, https:\/\/ahorn-camp.de\/wp-content\/uploads\/2020\/03\/CamperVan_Toskana-1024x562.jpg 1024w, https:\/\/ahorn-camp.de\/wp-content\/uploads\/2020\/03\/CamperVan_Toskana-768x422.jpg 768w, https:\/\/ahorn-camp.de\/wp-content\/uploads\/2020\/03\/CamperVan_Toskana-800x439.jpg 800w, https:\/\/ahorn-camp.de\/wp-content\/uploads\/2020\/03\/CamperVan_Toskana.jpg 1240w\" sizes=\"(max-width: 300px) 100vw, 300px\" \/><\/p>\n<p><a href=\"https:\/\/ahorn-camp.de\/sl\/s-kamperjem-po-toskani\/\" target=\"_blank\" rel=\"noopener noreferrer\">Z avtodomom po Toskani<\/a><\/p>","protected":false},"excerpt":{"rendered":"<p>Anfang Februar starteten Michael, Stefan und Lukas mit unserem ACT 690 New Face Edition, in die Schweiz zum Skitourengehen. Die Fahrt begann mit der Abholung des Reisemobils bei unserer Ahorn Camp Hauptniederlassung in Speyer am Rhein. Sie packten Ihr ganzes Equipment in den Camper und fuhren zu dritt los Richtung Engadin in der Schweiz. Jetzt konnte das 2-w\u00f6chige Abenteuer &#8222;Wintercamping in der Schweiz&#8220; starten. <\/p>","protected":false},"author":2,"featured_media":5546,"comment_status":"closed","ping_status":"closed","sticky":false,"template":"","format":"standard","meta":{"content-type":"","footnotes":""},"categories":[208],"tags":[],"class_list":["post-5551","post","type-post","status-publish","format-standard","has-post-thumbnail","hentry","category-blog"],"yoast_head":"<!-- This site is optimized with the Yoast SEO plugin v28.4 - https:\/\/yoast.com\/product\/yoast-seo-wordpress\/ -->\n<title>Wintercamping in der Schweiz - Ahorn Camp - Blog<\/title>\n<meta name=\"description\" content=\"Wintercamping in der Schweiz \u2013 Wir packten unser ganzes Equipment in den Camper und fuhren zu dritt los Richtung Engadin in der Schweiz.\" \/>\n<meta name=\"robots\" content=\"index, follow, max-snippet:-1, max-image-preview:large, max-video-preview:-1\" \/>\n<link rel=\"canonical\" href=\"https:\/\/ahorn-camp.de\/sl\/zimsko-kampiranje-v-svici\/\" \/>\n<meta property=\"og:locale\" content=\"sl_SI\" \/>\n<meta property=\"og:type\" content=\"article\" \/>\n<meta property=\"og:title\" content=\"Mit dem Camper Van durch die Toskana\" \/>\n<meta property=\"og:description\" content=\"Mit dem Camper Van durch die Toskana und die abwechslungsreiche Natur erleben. Ein Reisebericht \u00fcber die wundersch\u00f6ne Landschaft der Toskana.\" \/>\n<meta property=\"og:url\" content=\"https:\/\/ahorn-camp.de\/sl\/zimsko-kampiranje-v-svici\/\" \/>\n<meta property=\"og:site_name\" content=\"Ahorn Camp | Reisemobile und Kastenwagen\" \/>\n<meta property=\"article:publisher\" content=\"https:\/\/www.facebook.com\/ahorn.wohnmobile\/\" \/>\n<meta property=\"article:published_time\" content=\"2020-04-28T06:45:14+00:00\" \/>\n<meta property=\"article:modified_time\" content=\"2021-12-08T12:46:25+00:00\" \/>\n<meta name=\"author\" content=\"ahorn_admin\" \/>\n<meta name=\"twitter:card\" content=\"summary_large_image\" \/>\n<meta name=\"twitter:title\" content=\"Mit dem Camper Van durch die Toskana\" \/>\n<meta name=\"twitter:description\" content=\"Mit dem Camper Van durch die Toskana und die abwechslungsreiche Natur erleben. Ein Reisebericht \u00fcber die wundersch\u00f6ne Landschaft der Toskana.\" \/>\n<meta name=\"twitter:label1\" content=\"Written by\" \/>\n\t<meta name=\"twitter:data1\" content=\"ahorn_admin\" \/>\n\t<meta name=\"twitter:label2\" content=\"Est. reading time\" \/>\n\t<meta name=\"twitter:data2\" content=\"5 minut\" \/>\n<script type=\"application\/ld+json\" class=\"yoast-schema-graph\">{\"@context\":\"https:\\\/\\\/schema.org\",\"@graph\":[{\"@type\":\"Article\",\"@id\":\"https:\\\/\\\/ahorn-camp.de\\\/wintercamping-in-der-schweiz\\\/#article\",\"isPartOf\":{\"@id\":\"https:\\\/\\\/ahorn-camp.de\\\/wintercamping-in-der-schweiz\\\/\"},\"author\":{\"name\":\"ahorn_admin\",\"@id\":\"https:\\\/\\\/ahorn-camp.de\\\/#\\\/schema\\\/person\\\/9b60761ba82d5cb8e6db215a88925044\"},\"headline\":\"Wintercamping in der Schweiz\",\"datePublished\":\"2020-04-28T06:45:14+00:00\",\"dateModified\":\"2021-12-08T12:46:25+00:00\",\"mainEntityOfPage\":{\"@id\":\"https:\\\/\\\/ahorn-camp.de\\\/wintercamping-in-der-schweiz\\\/\"},\"wordCount\":974,\"publisher\":{\"@id\":\"https:\\\/\\\/ahorn-camp.de\\\/#organization\"},\"image\":{\"@id\":\"https:\\\/\\\/ahorn-camp.de\\\/wintercamping-in-der-schweiz\\\/#primaryimage\"},\"thumbnailUrl\":\"https:\\\/\\\/ahorn-camp.de\\\/wp-content\\\/uploads\\\/2020\\\/04\\\/Reisebericht_Wintercampen-Schweiz_Ahorn.jpg\",\"articleSection\":[\"Blog\"],\"inLanguage\":\"sl-SI\"},{\"@type\":\"WebPage\",\"@id\":\"https:\\\/\\\/ahorn-camp.de\\\/wintercamping-in-der-schweiz\\\/\",\"url\":\"https:\\\/\\\/ahorn-camp.de\\\/wintercamping-in-der-schweiz\\\/\",\"name\":\"Wintercamping in der Schweiz - Ahorn Camp - Blog\",\"isPartOf\":{\"@id\":\"https:\\\/\\\/ahorn-camp.de\\\/#website\"},\"primaryImageOfPage\":{\"@id\":\"https:\\\/\\\/ahorn-camp.de\\\/wintercamping-in-der-schweiz\\\/#primaryimage\"},\"image\":{\"@id\":\"https:\\\/\\\/ahorn-camp.de\\\/wintercamping-in-der-schweiz\\\/#primaryimage\"},\"thumbnailUrl\":\"https:\\\/\\\/ahorn-camp.de\\\/wp-content\\\/uploads\\\/2020\\\/04\\\/Reisebericht_Wintercampen-Schweiz_Ahorn.jpg\",\"datePublished\":\"2020-04-28T06:45:14+00:00\",\"dateModified\":\"2021-12-08T12:46:25+00:00\",\"description\":\"Wintercamping in der Schweiz \u2013 Wir packten unser ganzes Equipment in den Camper und fuhren zu dritt los Richtung Engadin in der Schweiz.\",\"breadcrumb\":{\"@id\":\"https:\\\/\\\/ahorn-camp.de\\\/wintercamping-in-der-schweiz\\\/#breadcrumb\"},\"inLanguage\":\"sl-SI\",\"potentialAction\":[{\"@type\":\"ReadAction\",\"target\":[\"https:\\\/\\\/ahorn-camp.de\\\/wintercamping-in-der-schweiz\\\/\"]}]},{\"@type\":\"ImageObject\",\"inLanguage\":\"sl-SI\",\"@id\":\"https:\\\/\\\/ahorn-camp.de\\\/wintercamping-in-der-schweiz\\\/#primaryimage\",\"url\":\"https:\\\/\\\/ahorn-camp.de\\\/wp-content\\\/uploads\\\/2020\\\/04\\\/Reisebericht_Wintercampen-Schweiz_Ahorn.jpg\",\"contentUrl\":\"https:\\\/\\\/ahorn-camp.de\\\/wp-content\\\/uploads\\\/2020\\\/04\\\/Reisebericht_Wintercampen-Schweiz_Ahorn.jpg\",\"width\":1500,\"height\":1000},{\"@type\":\"BreadcrumbList\",\"@id\":\"https:\\\/\\\/ahorn-camp.de\\\/wintercamping-in-der-schweiz\\\/#breadcrumb\",\"itemListElement\":[{\"@type\":\"ListItem\",\"position\":1,\"name\":\"Startseite\",\"item\":\"https:\\\/\\\/ahorn-camp.de\\\/\"},{\"@type\":\"ListItem\",\"position\":2,\"name\":\"Wintercamping in der Schweiz\"}]},{\"@type\":\"WebSite\",\"@id\":\"https:\\\/\\\/ahorn-camp.de\\\/#website\",\"url\":\"https:\\\/\\\/ahorn-camp.de\\\/\",\"name\":\"Ahorn Camp | Reisemobile und Kastenwagen\",\"description\":\"Seit \u00fcber 30 Jahren vermarktet das Familienunternehmen, Ahorn Camp in Speyer, erfolgreich Wohnmobile und Kastenwagen zum besten Preis-Leistungsverh\u00e4ltnis.\",\"publisher\":{\"@id\":\"https:\\\/\\\/ahorn-camp.de\\\/#organization\"},\"potentialAction\":[{\"@type\":\"SearchAction\",\"target\":{\"@type\":\"EntryPoint\",\"urlTemplate\":\"https:\\\/\\\/ahorn-camp.de\\\/?s={search_term_string}\"},\"query-input\":{\"@type\":\"PropertyValueSpecification\",\"valueRequired\":true,\"valueName\":\"search_term_string\"}}],\"inLanguage\":\"sl-SI\"},{\"@type\":\"Organization\",\"@id\":\"https:\\\/\\\/ahorn-camp.de\\\/#organization\",\"name\":\"Ahorn Camp GmbH & Co. KG\",\"url\":\"https:\\\/\\\/ahorn-camp.de\\\/\",\"logo\":{\"@type\":\"ImageObject\",\"inLanguage\":\"sl-SI\",\"@id\":\"https:\\\/\\\/ahorn-camp.de\\\/#\\\/schema\\\/logo\\\/image\\\/\",\"url\":\"https:\\\/\\\/ahorn-camp.de\\\/wp-content\\\/uploads\\\/2018\\\/12\\\/Ahorn_Logo.jpg\",\"contentUrl\":\"https:\\\/\\\/ahorn-camp.de\\\/wp-content\\\/uploads\\\/2018\\\/12\\\/Ahorn_Logo.jpg\",\"width\":1437,\"height\":1000,\"caption\":\"Ahorn Camp GmbH & Co. KG\"},\"image\":{\"@id\":\"https:\\\/\\\/ahorn-camp.de\\\/#\\\/schema\\\/logo\\\/image\\\/\"},\"sameAs\":[\"https:\\\/\\\/www.facebook.com\\\/ahorn.wohnmobile\\\/\",\"https:\\\/\\\/www.instagram.com\\\/ahorn.camp\\\/\",\"https:\\\/\\\/www.youtube.com\\\/channel\\\/UCPFbPCts1JJ_A1k9vyH0yOQ\"]},{\"@type\":\"Person\",\"@id\":\"https:\\\/\\\/ahorn-camp.de\\\/#\\\/schema\\\/person\\\/9b60761ba82d5cb8e6db215a88925044\",\"name\":\"ahorn_admin\",\"image\":{\"@type\":\"ImageObject\",\"inLanguage\":\"sl-SI\",\"@id\":\"https:\\\/\\\/secure.gravatar.com\\\/avatar\\\/d96b9a078083b0c14cee48589feadd939c3cdd66547e2f3f1569470371daaaa5?s=96&d=mm&r=g\",\"url\":\"https:\\\/\\\/secure.gravatar.com\\\/avatar\\\/d96b9a078083b0c14cee48589feadd939c3cdd66547e2f3f1569470371daaaa5?s=96&d=mm&r=g\",\"contentUrl\":\"https:\\\/\\\/secure.gravatar.com\\\/avatar\\\/d96b9a078083b0c14cee48589feadd939c3cdd66547e2f3f1569470371daaaa5?s=96&d=mm&r=g\",\"caption\":\"ahorn_admin\"},\"sameAs\":[\"http:\\\/\\\/Ahorn%20Camp\"],\"url\":\"https:\\\/\\\/ahorn-camp.de\\\/sl\\\/author\\\/ahorn_admin\\\/\"}]}<\/script>\n<!-- \/ Yoast SEO plugin. -->","yoast_head_json":{"title":"Zimsko kampiranje v \u0160vici \u2013 Ahorn Camp \u2013 Blog","description":"Zimsko kampiranje v \u0160vici \u2013 Na\u0161 celoten kamp opreme smo nalo\u017eili v avtodom in se v troje odpravili proti Engadinu v \u0160vici.","robots":{"index":"index","follow":"follow","max-snippet":"max-snippet:-1","max-image-preview":"max-image-preview:large","max-video-preview":"max-video-preview:-1"},"canonical":"https:\/\/ahorn-camp.de\/sl\/zimsko-kampiranje-v-svici\/","og_locale":"sl_SI","og_type":"article","og_title":"Mit dem Camper Van durch die Toskana","og_description":"Mit dem Camper Van durch die Toskana und die abwechslungsreiche Natur erleben. Ein Reisebericht \u00fcber die wundersch\u00f6ne Landschaft der Toskana.","og_url":"https:\/\/ahorn-camp.de\/sl\/zimsko-kampiranje-v-svici\/","og_site_name":"Ahorn Camp | Reisemobile und Kastenwagen","article_publisher":"https:\/\/www.facebook.com\/ahorn.wohnmobile\/","article_published_time":"2020-04-28T06:45:14+00:00","article_modified_time":"2021-12-08T12:46:25+00:00","author":"ahorn_admin","twitter_card":"summary_large_image","twitter_title":"Mit dem Camper Van durch die Toskana","twitter_description":"Mit dem Camper Van durch die Toskana und die abwechslungsreiche Natur erleben. Ein Reisebericht \u00fcber die wundersch\u00f6ne Landschaft der Toskana.","twitter_misc":{"Written by":"ahorn_admin","Est. reading time":"5 minut"},"schema":{"@context":"https:\/\/schema.org","@graph":[{"@type":"Article","@id":"https:\/\/ahorn-camp.de\/wintercamping-in-der-schweiz\/#article","isPartOf":{"@id":"https:\/\/ahorn-camp.de\/wintercamping-in-der-schweiz\/"},"author":{"name":"ahorn_admin","@id":"https:\/\/ahorn-camp.de\/#\/schema\/person\/9b60761ba82d5cb8e6db215a88925044"},"headline":"Wintercamping in der Schweiz","datePublished":"2020-04-28T06:45:14+00:00","dateModified":"2021-12-08T12:46:25+00:00","mainEntityOfPage":{"@id":"https:\/\/ahorn-camp.de\/wintercamping-in-der-schweiz\/"},"wordCount":974,"publisher":{"@id":"https:\/\/ahorn-camp.de\/#organization"},"image":{"@id":"https:\/\/ahorn-camp.de\/wintercamping-in-der-schweiz\/#primaryimage"},"thumbnailUrl":"https:\/\/ahorn-camp.de\/wp-content\/uploads\/2020\/04\/Reisebericht_Wintercampen-Schweiz_Ahorn.jpg","articleSection":["Blog"],"inLanguage":"sl-SI"},{"@type":"WebPage","@id":"https:\/\/ahorn-camp.de\/wintercamping-in-der-schweiz\/","url":"https:\/\/ahorn-camp.de\/wintercamping-in-der-schweiz\/","name":"Zimsko kampiranje v \u0160vici \u2013 Ahorn Camp \u2013 Blog","isPartOf":{"@id":"https:\/\/ahorn-camp.de\/#website"},"primaryImageOfPage":{"@id":"https:\/\/ahorn-camp.de\/wintercamping-in-der-schweiz\/#primaryimage"},"image":{"@id":"https:\/\/ahorn-camp.de\/wintercamping-in-der-schweiz\/#primaryimage"},"thumbnailUrl":"https:\/\/ahorn-camp.de\/wp-content\/uploads\/2020\/04\/Reisebericht_Wintercampen-Schweiz_Ahorn.jpg","datePublished":"2020-04-28T06:45:14+00:00","dateModified":"2021-12-08T12:46:25+00:00","description":"Zimsko kampiranje v \u0160vici \u2013 Na\u0161 celoten kamp opreme smo nalo\u017eili v avtodom in se v troje odpravili proti Engadinu v \u0160vici.","breadcrumb":{"@id":"https:\/\/ahorn-camp.de\/wintercamping-in-der-schweiz\/#breadcrumb"},"inLanguage":"sl-SI","potentialAction":[{"@type":"ReadAction","target":["https:\/\/ahorn-camp.de\/wintercamping-in-der-schweiz\/"]}]},{"@type":"ImageObject","inLanguage":"sl-SI","@id":"https:\/\/ahorn-camp.de\/wintercamping-in-der-schweiz\/#primaryimage","url":"https:\/\/ahorn-camp.de\/wp-content\/uploads\/2020\/04\/Reisebericht_Wintercampen-Schweiz_Ahorn.jpg","contentUrl":"https:\/\/ahorn-camp.de\/wp-content\/uploads\/2020\/04\/Reisebericht_Wintercampen-Schweiz_Ahorn.jpg","width":1500,"height":1000},{"@type":"BreadcrumbList","@id":"https:\/\/ahorn-camp.de\/wintercamping-in-der-schweiz\/#breadcrumb","itemListElement":[{"@type":"ListItem","position":1,"name":"Startseite","item":"https:\/\/ahorn-camp.de\/"},{"@type":"ListItem","position":2,"name":"Wintercamping in der Schweiz"}]},{"@type":"WebSite","@id":"https:\/\/ahorn-camp.de\/#website","url":"https:\/\/ahorn-camp.de\/","name":"Ahorn Camp | Avtodomi in kombiji","description":"\u017de ve\u010d kot 30 let dru\u017einsko podjetje Ahorn Camp iz Speyerja uspe\u0161no prodaja avtodome in kombije z najbolj\u0161im razmerjem med ceno in kakovostjo.","publisher":{"@id":"https:\/\/ahorn-camp.de\/#organization"},"potentialAction":[{"@type":"SearchAction","target":{"@type":"EntryPoint","urlTemplate":"https:\/\/ahorn-camp.de\/?s={search_term_string}"},"query-input":{"@type":"PropertyValueSpecification","valueRequired":true,"valueName":"search_term_string"}}],"inLanguage":"sl-SI"},{"@type":"Organization","@id":"https:\/\/ahorn-camp.de\/#organization","name":"Ahorn Camp GmbH &amp; Co. KG","url":"https:\/\/ahorn-camp.de\/","logo":{"@type":"ImageObject","inLanguage":"sl-SI","@id":"https:\/\/ahorn-camp.de\/#\/schema\/logo\/image\/","url":"https:\/\/ahorn-camp.de\/wp-content\/uploads\/2018\/12\/Ahorn_Logo.jpg","contentUrl":"https:\/\/ahorn-camp.de\/wp-content\/uploads\/2018\/12\/Ahorn_Logo.jpg","width":1437,"height":1000,"caption":"Ahorn Camp GmbH & Co. KG"},"image":{"@id":"https:\/\/ahorn-camp.de\/#\/schema\/logo\/image\/"},"sameAs":["https:\/\/www.facebook.com\/ahorn.wohnmobile\/","https:\/\/www.instagram.com\/ahorn.camp\/","https:\/\/www.youtube.com\/channel\/UCPFbPCts1JJ_A1k9vyH0yOQ"]},{"@type":"Person","@id":"https:\/\/ahorn-camp.de\/#\/schema\/person\/9b60761ba82d5cb8e6db215a88925044","name":"ahorn_admin","image":{"@type":"ImageObject","inLanguage":"sl-SI","@id":"https:\/\/secure.gravatar.com\/avatar\/d96b9a078083b0c14cee48589feadd939c3cdd66547e2f3f1569470371daaaa5?s=96&d=mm&r=g","url":"https:\/\/secure.gravatar.com\/avatar\/d96b9a078083b0c14cee48589feadd939c3cdd66547e2f3f1569470371daaaa5?s=96&d=mm&r=g","contentUrl":"https:\/\/secure.gravatar.com\/avatar\/d96b9a078083b0c14cee48589feadd939c3cdd66547e2f3f1569470371daaaa5?s=96&d=mm&r=g","caption":"ahorn_admin"},"sameAs":["http:\/\/Ahorn%20Camp"],"url":"https:\/\/ahorn-camp.de\/sl\/author\/ahorn_admin\/"}]}},"_links":{"self":[{"href":"https:\/\/ahorn-camp.de\/sl\/wp-json\/wp\/v2\/posts\/5551","targetHints":{"allow":["GET"]}}],"collection":[{"href":"https:\/\/ahorn-camp.de\/sl\/wp-json\/wp\/v2\/posts"}],"about":[{"href":"https:\/\/ahorn-camp.de\/sl\/wp-json\/wp\/v2\/types\/post"}],"author":[{"embeddable":true,"href":"https:\/\/ahorn-camp.de\/sl\/wp-json\/wp\/v2\/users\/2"}],"replies":[{"embeddable":true,"href":"https:\/\/ahorn-camp.de\/sl\/wp-json\/wp\/v2\/comments?post=5551"}],"version-history":[{"count":0,"href":"https:\/\/ahorn-camp.de\/sl\/wp-json\/wp\/v2\/posts\/5551\/revisions"}],"wp:featuredmedia":[{"embeddable":true,"href":"https:\/\/ahorn-camp.de\/sl\/wp-json\/wp\/v2\/media\/5546"}],"wp:attachment":[{"href":"https:\/\/ahorn-camp.de\/sl\/wp-json\/wp\/v2\/media?parent=5551"}],"wp:term":[{"taxonomy":"category","embeddable":true,"href":"https:\/\/ahorn-camp.de\/sl\/wp-json\/wp\/v2\/categories?post=5551"},{"taxonomy":"post_tag","embeddable":true,"href":"https:\/\/ahorn-camp.de\/sl\/wp-json\/wp\/v2\/tags?post=5551"}],"curies":[{"name":"wp","href":"https:\/\/api.w.org\/{rel}","templated":true}]}}