{"id":37266,"date":"2026-01-14T15:40:11","date_gmt":"2026-01-14T14:40:11","guid":{"rendered":"https:\/\/ahorn-camp.de\/?p=37266"},"modified":"2026-01-14T16:32:26","modified_gmt":"2026-01-14T15:32:26","slug":"ahorn-camp-predstavlja-nov-t-680-premierni-edinstven-tloris-na-sejmu-cmt-2026","status":"publish","type":"post","link":"https:\/\/ahorn-camp.de\/sl\/ahorn-camp-praesentiert-den-neuen-t-680-premiere-eines-einzigartigen-grundrisses-auf-der-cmt-2026\/","title":{"rendered":"Ahorn Camp predstavlja novi model T 680 \u2013 premiera edinstvene tlorisne zasnove na sejmu CMT 2026"},"content":{"rendered":"<div data-elementor-type=\"wp-post\" data-elementor-id=\"37266\" class=\"elementor elementor-37266\" data-elementor-post-type=\"post\">\n\t\t\t\t\t\t<section class=\"elementor-section elementor-top-section elementor-element elementor-element-4c1e209 elementor-section-stretched elementor-section-height-min-height elementor-hidden-tablet elementor-hidden-mobile elementor-section-boxed elementor-section-height-default elementor-section-items-middle\" data-id=\"4c1e209\" data-element_type=\"section\" data-e-type=\"section\" data-settings=\"{&quot;stretch_section&quot;:&quot;section-stretched&quot;,&quot;background_background&quot;:&quot;classic&quot;}\">\n\t\t\t\t\t\t<div class=\"elementor-container elementor-column-gap-default\">\n\t\t\t\t\t<div class=\"elementor-column elementor-col-100 elementor-top-column elementor-element elementor-element-3a576cd\" data-id=\"3a576cd\" data-element_type=\"column\" data-e-type=\"column\">\n\t\t\t<div class=\"elementor-widget-wrap\">\n\t\t\t\t\t\t\t<\/div>\n\t\t<\/div>\n\t\t\t\t\t<\/div>\n\t\t<\/section>\n\t\t\t\t<section class=\"elementor-section elementor-top-section elementor-element elementor-element-21ed8f4 elementor-section-stretched elementor-section-boxed elementor-section-height-default elementor-section-height-default\" data-id=\"21ed8f4\" data-element_type=\"section\" data-e-type=\"section\" data-settings=\"{&quot;stretch_section&quot;:&quot;section-stretched&quot;}\">\n\t\t\t\t\t\t<div class=\"elementor-container elementor-column-gap-default\">\n\t\t\t\t\t<div class=\"elementor-column elementor-col-100 elementor-top-column elementor-element elementor-element-11e1b3b\" data-id=\"11e1b3b\" data-element_type=\"column\" data-e-type=\"column\">\n\t\t\t<div class=\"elementor-widget-wrap elementor-element-populated\">\n\t\t\t\t\t\t<div class=\"elementor-element elementor-element-14f2af0 elementor-widget elementor-widget-heading\" data-id=\"14f2af0\" data-element_type=\"widget\" data-e-type=\"widget\" data-widget_type=\"heading.default\">\n\t\t\t\t<div class=\"elementor-widget-container\">\n\t\t\t\t\t<h1 class=\"elementor-heading-title elementor-size-default\">Ahorn Camp predstavlja novi model T 680 \u2013 premiera edinstvene tlorisne zasnove na sejmu CMT 2026<\/h1>\t\t\t\t<\/div>\n\t\t\t\t<\/div>\n\t\t\t\t<section class=\"elementor-section elementor-inner-section elementor-element elementor-element-0f71518 elementor-section-boxed elementor-section-height-default elementor-section-height-default\" data-id=\"0f71518\" data-element_type=\"section\" data-e-type=\"section\">\n\t\t\t\t\t\t<div class=\"elementor-container elementor-column-gap-default\">\n\t\t\t\t\t<div class=\"elementor-column elementor-col-50 elementor-inner-column elementor-element elementor-element-5418cd1\" data-id=\"5418cd1\" data-element_type=\"column\" data-e-type=\"column\">\n\t\t\t<div class=\"elementor-widget-wrap elementor-element-populated\">\n\t\t\t\t\t\t<div class=\"elementor-element elementor-element-013f92b elementor-widget elementor-widget-text-editor\" data-id=\"013f92b\" data-element_type=\"widget\" data-e-type=\"widget\" data-widget_type=\"text-editor.default\">\n\t\t\t\t<div class=\"elementor-widget-container\">\n\t\t\t\t\t\t\t\t\t<p><strong>Speyer, januar 2026 <\/strong>\u2013 S novim modelom Ahorn Camp T 680 proizvajalec avtodomov iz Speyerja svojo modelsko paleto za leto 2026 dopolnjuje z dodatnim, \u0161e posebej vsestranskim tlorisom. Ta delno integrirani avtodom praznuje svojo <strong>Svetovna premiera na sejmu CMT v Stuttgartu<\/strong> (17.\u201325. januar 2026, dvorana 1, stoji\u0161\u010de B51) in je eden izmed <strong>tri novi modeli<\/strong>, ki jih je podjetje Ahorn Camp predstavilo na sejmu. Generacija modelov 2026 vklju\u010duje skupno enajst vozil \u2013 s tem podjetje Ahorn Camp nadaljuje svojo obse\u017eno ofenzivo na podro\u010dju novega modela Renault Master.<\/p>\t\t\t\t\t\t\t\t<\/div>\n\t\t\t\t<\/div>\n\t\t\t\t\t<\/div>\n\t\t<\/div>\n\t\t\t\t<div class=\"elementor-column elementor-col-50 elementor-inner-column elementor-element elementor-element-615e2c5\" data-id=\"615e2c5\" data-element_type=\"column\" data-e-type=\"column\">\n\t\t\t<div class=\"elementor-widget-wrap elementor-element-populated\">\n\t\t\t\t\t\t<div class=\"elementor-element elementor-element-35a10f8 elementor-widget elementor-widget-text-editor\" data-id=\"35a10f8\" data-element_type=\"widget\" data-e-type=\"widget\" data-widget_type=\"text-editor.default\">\n\t\t\t\t<div class=\"elementor-widget-container\">\n\t\t\t\t\t\t\t\t\t<p style=\"text-align: right;\"><strong>Prenesi\u00a0<\/strong><\/p><p style=\"text-align: right;\"><a href=\"https:\/\/www.dropbox.com\/scl\/fo\/3qrr4c192tvw0xgiw7eai\/ANB9xGvnUBiQG-sKbMuo_Ww?rlkey=sy8t1fsr6tijfa1euvsnelv1d&amp;st=hdmylha0&amp;dl=0\">Slike in videoposnetki<\/a><\/p><p style=\"text-align: right;\"><strong><span style=\"color: #158380;\">Stik za medije<\/span><\/strong><\/p><p style=\"text-align: right;\"><span style=\"font-family: Roobert, sans-serif; font-size: 1.25rem;\">Franziska Reichmann<br \/><\/span><\/p><p style=\"text-align: right;\">Vodja marketinga<\/p><p style=\"text-align: right;\">Tel.: +49 (0) 6232 \/ 10028-165<\/p><p style=\"text-align: right;\">Faks: +49 (0) 6232 \/ 10028-105<\/p><p style=\"text-align: right;\">Elektronska po\u0161ta: <a href=\"mailto:f.reichmann@ahorn-camp.de\">f.reichmann@ahorn-camp.de<\/a><\/p><p style=\"text-align: right;\">Splet <a href=\"https:\/\/ahorn-camp.de\/sl\/\">www.ahorn-camp.de<\/a><\/p>\t\t\t\t\t\t\t\t<\/div>\n\t\t\t\t<\/div>\n\t\t\t\t\t<\/div>\n\t\t<\/div>\n\t\t\t\t\t<\/div>\n\t\t<\/section>\n\t\t\t\t<section class=\"elementor-section elementor-inner-section elementor-element elementor-element-bf8191a elementor-section-boxed elementor-section-height-default elementor-section-height-default\" data-id=\"bf8191a\" data-element_type=\"section\" data-e-type=\"section\">\n\t\t\t\t\t\t<div class=\"elementor-container elementor-column-gap-default\">\n\t\t\t\t\t<div class=\"elementor-column elementor-col-100 elementor-inner-column elementor-element elementor-element-6d733df\" data-id=\"6d733df\" data-element_type=\"column\" data-e-type=\"column\">\n\t\t\t<div class=\"elementor-widget-wrap elementor-element-populated\">\n\t\t\t\t\t\t<div class=\"elementor-element elementor-element-5fd22f1 elementor-widget elementor-widget-heading\" data-id=\"5fd22f1\" data-element_type=\"widget\" data-e-type=\"widget\" data-widget_type=\"heading.default\">\n\t\t\t\t<div class=\"elementor-widget-container\">\n\t\t\t\t\t<h2 class=\"elementor-heading-title elementor-size-default\">Tloris z bogatimi prostori, udobjem in \u010distimi linijami<\/h2>\t\t\t\t<\/div>\n\t\t\t\t<\/div>\n\t\t\t\t<div class=\"elementor-element elementor-element-c22575e elementor-widget elementor-widget-text-editor\" data-id=\"c22575e\" data-element_type=\"widget\" data-e-type=\"widget\" data-widget_type=\"text-editor.default\">\n\t\t\t\t<div class=\"elementor-widget-container\">\n\t\t\t\t\t\t\t\t\t<p>Novi Ahorn Camp T 680 navdu\u0161uje s premi\u0161ljeno prostorsko zasnovo, sodobnim dizajnom in ob\u010dutkom prostranosti kljub dol\u017eini, manj\u0161i od sedmih metrov. Elektri\u010dno dvigalo nad sede\u017eno skupino, v kateri se sede\u017ei nahajajo drug nasproti drugega, podnevi omogo\u010da svobodo gibanja, pono\u010di pa ponuja udobno le\u017ei\u0161\u010de velikosti 2,00 x 1,50 metra. Kopalnica v zadnjem delu vozila, ki se razteza po celotni \u0161irini vozila, z mnogimi omarami, predali in prakti\u010dnim prostorom za shranjevanje poudarja udobni zna\u010daj vozila.\u00a0<\/p><p>V primerjavi z manj\u0161im sestrskim modelom T 640 model T 680 ponuja ve\u010d sede\u017enih mest, ve\u010djo zadnjo gara\u017eo in \u0161ir\u0161o le\u017ei\u0161\u010dno povr\u0161ino dvigalne postelje \u2013 idealno za pare ali dru\u017eine, ki cenijo svobodo gibanja in prilagodljivost.<\/p><p>Ve\u010d o modelu na: <a href=\"https:\/\/ahorn-camp.de\/sl\/avtodomi-ahorn\/polintegrirani-avtodomi\/t-680\/\">https:\/\/ahorn-camp.de\/ahorn-reisemobile\/teilintegrierte-wohnmobile\/t-680\/<\/a><\/p>\t\t\t\t\t\t\t\t<\/div>\n\t\t\t\t<\/div>\n\t\t\t\t\t<\/div>\n\t\t<\/div>\n\t\t\t\t\t<\/div>\n\t\t<\/section>\n\t\t\t\t<div class=\"elementor-element elementor-element-2c92280 elementor-widget elementor-widget-image\" data-id=\"2c92280\" data-element_type=\"widget\" data-e-type=\"widget\" data-widget_type=\"image.default\">\n\t\t\t\t<div class=\"elementor-widget-container\">\n\t\t\t\t\t\t\t\t\t\t\t\t<figure class=\"wp-caption\">\n\t\t\t\t\t\t\t\t\t\t<img fetchpriority=\"high\" decoding=\"async\" width=\"1024\" height=\"341\" src=\"https:\/\/ahorn-camp.de\/wp-content\/uploads\/2026\/01\/T680-1024x341.webp\" class=\"attachment-large size-large wp-image-37268\" alt=\"t680 veliki brat\" srcset=\"https:\/\/ahorn-camp.de\/wp-content\/uploads\/2026\/01\/T680-1024x341.webp 1024w, https:\/\/ahorn-camp.de\/wp-content\/uploads\/2026\/01\/T680-300x100.webp 300w, https:\/\/ahorn-camp.de\/wp-content\/uploads\/2026\/01\/T680-768x256.webp 768w, https:\/\/ahorn-camp.de\/wp-content\/uploads\/2026\/01\/T680-800x267.webp 800w, https:\/\/ahorn-camp.de\/wp-content\/uploads\/2026\/01\/T680-18x6.webp 18w, https:\/\/ahorn-camp.de\/wp-content\/uploads\/2026\/01\/T680.webp 1494w\" sizes=\"(max-width: 1024px) 100vw, 1024px\" \/>\t\t\t\t\t\t\t\t\t\t\t<figcaption class=\"widget-image-caption wp-caption-text\">Novi polintegrirani T 680: Inovativen. Moder. Varen.<\/figcaption>\n\t\t\t\t\t\t\t\t\t\t<\/figure>\n\t\t\t\t\t\t\t\t\t<\/div>\n\t\t\t\t<\/div>\n\t\t\t\t<section class=\"elementor-section elementor-inner-section elementor-element elementor-element-e2268f9 elementor-section-boxed elementor-section-height-default elementor-section-height-default\" data-id=\"e2268f9\" data-element_type=\"section\" data-e-type=\"section\">\n\t\t\t\t\t\t<div class=\"elementor-container elementor-column-gap-default\">\n\t\t\t\t\t<div class=\"elementor-column elementor-col-100 elementor-inner-column elementor-element elementor-element-79997c7\" data-id=\"79997c7\" data-element_type=\"column\" data-e-type=\"column\">\n\t\t\t<div class=\"elementor-widget-wrap elementor-element-populated\">\n\t\t\t\t\t\t<div class=\"elementor-element elementor-element-9ccf580 elementor-widget elementor-widget-heading\" data-id=\"9ccf580\" data-element_type=\"widget\" data-e-type=\"widget\" data-widget_type=\"heading.default\">\n\t\t\t\t<div class=\"elementor-widget-container\">\n\t\t\t\t\t<h2 class=\"elementor-heading-title elementor-size-default\">Spletna predstavitev T 680<\/h2>\t\t\t\t<\/div>\n\t\t\t\t<\/div>\n\t\t\t\t<div class=\"elementor-element elementor-element-5c4b517 elementor-widget elementor-widget-text-editor\" data-id=\"5c4b517\" data-element_type=\"widget\" data-e-type=\"widget\" data-widget_type=\"text-editor.default\">\n\t\t\t\t<div class=\"elementor-widget-container\">\n\t\t\t\t\t\t\t\t\t<p><strong>Od nedeljske ve\u010deri, 11. januarja 2026<\/strong>, lahko zainteresirani <strong>Roomtour za T 680<\/strong> si ga oglejte na YouTube-kanalu Ahorn Camp in si ustvarite prvi digitalni vtis o vozilu.<\/p>\t\t\t\t\t\t\t\t<\/div>\n\t\t\t\t<\/div>\n\t\t\t\t<div class=\"elementor-element elementor-element-46dfe3c elementor-widget elementor-widget-video\" data-id=\"46dfe3c\" data-element_type=\"widget\" data-e-type=\"widget\" data-settings=\"{&quot;youtube_url&quot;:&quot;https:\\\/\\\/www.youtube.com\\\/watch?v=14S-KxTW4To&quot;,&quot;video_type&quot;:&quot;youtube&quot;,&quot;controls&quot;:&quot;yes&quot;}\" data-widget_type=\"video.default\">\n\t\t\t\t<div class=\"elementor-widget-container\">\n\t\t\t\t\t\t\t<div class=\"elementor-wrapper elementor-open-inline\">\n\t\t\t<div class=\"elementor-video\"><\/div>\t\t<\/div>\n\t\t\t\t\t\t<\/div>\n\t\t\t\t<\/div>\n\t\t\t\t\t<\/div>\n\t\t<\/div>\n\t\t\t\t\t<\/div>\n\t\t<\/section>\n\t\t\t\t<section class=\"elementor-section elementor-inner-section elementor-element elementor-element-15805ea elementor-section-boxed elementor-section-height-default elementor-section-height-default\" data-id=\"15805ea\" data-element_type=\"section\" data-e-type=\"section\">\n\t\t\t\t\t\t<div class=\"elementor-container elementor-column-gap-default\">\n\t\t\t\t\t<div class=\"elementor-column elementor-col-100 elementor-inner-column elementor-element elementor-element-c83d7a2\" data-id=\"c83d7a2\" data-element_type=\"column\" data-e-type=\"column\">\n\t\t\t<div class=\"elementor-widget-wrap elementor-element-populated\">\n\t\t\t\t\t\t<div class=\"elementor-element elementor-element-6691617 elementor-widget elementor-widget-heading\" data-id=\"6691617\" data-element_type=\"widget\" data-e-type=\"widget\" data-widget_type=\"heading.default\">\n\t\t\t\t<div class=\"elementor-widget-container\">\n\t\t\t\t\t<h2 class=\"elementor-heading-title elementor-size-default\">Tehnolo\u0161ko na najvi\u0161ji ravni<\/h2>\t\t\t\t<\/div>\n\t\t\t\t<\/div>\n\t\t\t\t<div class=\"elementor-element elementor-element-f57648b elementor-widget elementor-widget-text-editor\" data-id=\"f57648b\" data-element_type=\"widget\" data-e-type=\"widget\" data-widget_type=\"text-editor.default\">\n\t\t\t\t<div class=\"elementor-widget-container\">\n\t\t\t\t\t\t\t\t\t<p>Kot vsi modeli nove generacije, tudi T 680 temelji na novem Renault Master.<\/p><p>S tem Ahorn Camp \u017ee danes izpolnjuje zahteve Splo\u0161ne varnostne uredbe EU II (GSR II), ki bodo obvezne od julija 2026, ter <strong>Smernice ZN\/OZN za kibernetsko varnost in posodobitve programske opreme<\/strong>.<\/p><p><strong>Za stranke to pomeni:<\/strong><\/p>\t\t\t\t\t\t\t\t<\/div>\n\t\t\t\t<\/div>\n\t\t\t\t<div class=\"elementor-element elementor-element-a57a91e elementor-icon-list--layout-traditional elementor-list-item-link-full_width elementor-widget elementor-widget-icon-list\" data-id=\"a57a91e\" data-element_type=\"widget\" data-e-type=\"widget\" data-widget_type=\"icon-list.default\">\n\t\t\t\t<div class=\"elementor-widget-container\">\n\t\t\t\t\t\t\t<ul class=\"elementor-icon-list-items\">\n\t\t\t\t\t\t\t<li class=\"elementor-icon-list-item\">\n\t\t\t\t\t\t\t\t\t\t\t<span class=\"elementor-icon-list-icon\">\n\t\t\t\t\t\t\t<i aria-hidden=\"true\" class=\"fas fa-check\"><\/i>\t\t\t\t\t\t<\/span>\n\t\t\t\t\t\t\t\t\t\t<span class=\"elementor-icon-list-text\">vozilo, odporno na prihodnost, po najnovej\u0161ih standardih EU<\/span>\n\t\t\t\t\t\t\t\t\t<\/li>\n\t\t\t\t\t\t\t\t<li class=\"elementor-icon-list-item\">\n\t\t\t\t\t\t\t\t\t\t\t<span class=\"elementor-icon-list-icon\">\n\t\t\t\t\t\t\t<i aria-hidden=\"true\" class=\"fas fa-check\"><\/i>\t\t\t\t\t\t<\/span>\n\t\t\t\t\t\t\t\t\t\t<span class=\"elementor-icon-list-text\">brez naknadnih vgradenj ali homologacijskih te\u017eav<\/span>\n\t\t\t\t\t\t\t\t\t<\/li>\n\t\t\t\t\t\t\t\t<li class=\"elementor-icon-list-item\">\n\t\t\t\t\t\t\t\t\t\t\t<span class=\"elementor-icon-list-icon\">\n\t\t\t\t\t\t\t<i aria-hidden=\"true\" class=\"fas fa-check\"><\/i>\t\t\t\t\t\t<\/span>\n\t\t\t\t\t\t\t\t\t\t<span class=\"elementor-icon-list-text\">ni razvrednotenja zaradi prihajajo\u010dih zakonskih sprememb<\/span>\n\t\t\t\t\t\t\t\t\t<\/li>\n\t\t\t\t\t\t<\/ul>\n\t\t\t\t\t\t<\/div>\n\t\t\t\t<\/div>\n\t\t\t\t\t<\/div>\n\t\t<\/div>\n\t\t\t\t\t<\/div>\n\t\t<\/section>\n\t\t\t\t<section class=\"elementor-section elementor-inner-section elementor-element elementor-element-3d3b593 elementor-section-boxed elementor-section-height-default elementor-section-height-default\" data-id=\"3d3b593\" data-element_type=\"section\" data-e-type=\"section\">\n\t\t\t\t\t\t<div class=\"elementor-container elementor-column-gap-default\">\n\t\t\t\t\t<div class=\"elementor-column elementor-col-100 elementor-inner-column elementor-element elementor-element-2c50f54\" data-id=\"2c50f54\" data-element_type=\"column\" data-e-type=\"column\">\n\t\t\t<div class=\"elementor-widget-wrap elementor-element-populated\">\n\t\t\t\t\t\t<div class=\"elementor-element elementor-element-c01121a elementor-widget elementor-widget-heading\" data-id=\"c01121a\" data-element_type=\"widget\" data-e-type=\"widget\" data-widget_type=\"heading.default\">\n\t\t\t\t<div class=\"elementor-widget-container\">\n\t\t\t\t\t<h2 class=\"elementor-heading-title elementor-size-default\">Premiera in sejemski nastop na sejmu CMT Stuttgart<\/h2>\t\t\t\t<\/div>\n\t\t\t\t<\/div>\n\t\t\t\t<div class=\"elementor-element elementor-element-1f16d7e elementor-widget elementor-widget-text-editor\" data-id=\"1f16d7e\" data-element_type=\"widget\" data-e-type=\"widget\" data-widget_type=\"text-editor.default\">\n\t\t\t\t<div class=\"elementor-widget-container\">\n\t\t\t\t\t\t\t\t\t<p>Uradna predstavitev modela Ahorn Camp T 680 bo potekala v okviru tiskovne konference 16. januarja 2026 na sejmu CMT. Na stojnici B51 v hali 1 bo podjetje Ahorn Camp predstavilo tri povsem nove modele \u2013 T 680, T 640 in avtodom CV 560. Na sejmu si bo mogo\u010de podrobno ogledati skupno 7 modelov iz aktualne serije: CV 560, CV 630, T 640, T 680, T 690, TE 740 in A 690.<\/p><p><strong>Ekskluzivne sejemske ponudbe:<\/strong><\/p>\t\t\t\t\t\t\t\t<\/div>\n\t\t\t\t<\/div>\n\t\t\t\t<div class=\"elementor-element elementor-element-cc2ab1b elementor-icon-list--layout-traditional elementor-list-item-link-full_width elementor-widget elementor-widget-icon-list\" data-id=\"cc2ab1b\" data-element_type=\"widget\" data-e-type=\"widget\" data-widget_type=\"icon-list.default\">\n\t\t\t\t<div class=\"elementor-widget-container\">\n\t\t\t\t\t\t\t<ul class=\"elementor-icon-list-items\">\n\t\t\t\t\t\t\t<li class=\"elementor-icon-list-item\">\n\t\t\t\t\t\t\t\t\t\t\t<span class=\"elementor-icon-list-icon\">\n\t\t\t\t\t\t\t<i aria-hidden=\"true\" class=\"fas fa-check\"><\/i>\t\t\t\t\t\t<\/span>\n\t\t\t\t\t\t\t\t\t\t<span class=\"elementor-icon-list-text\">Ponudbe prve izdaje: Zadnji modeli prve izdaje na voljo <\/span>\n\t\t\t\t\t\t\t\t\t<\/li>\n\t\t\t\t\t\t\t\t<li class=\"elementor-icon-list-item\">\n\t\t\t\t\t\t\t\t\t\t\t<span class=\"elementor-icon-list-icon\">\n\t\t\t\t\t\t\t<i aria-hidden=\"true\" class=\"fas fa-check\"><\/i>\t\t\t\t\t\t<\/span>\n\t\t\t\t\t\t\t\t\t\t<span class=\"elementor-icon-list-text\">T 690 First-Edition-Deal: Polna oprema po sejemski ceni 69.999 \u20ac z DDV.<\/span>\n\t\t\t\t\t\t\t\t\t<\/li>\n\t\t\t\t\t\t\t\t<li class=\"elementor-icon-list-item\">\n\t\t\t\t\t\t\t\t\t\t\t<span class=\"elementor-icon-list-icon\">\n\t\t\t\t\t\t\t<i aria-hidden=\"true\" class=\"fas fa-check\"><\/i>\t\t\t\t\t\t<\/span>\n\t\t\t\t\t\t\t\t\t\t<span class=\"elementor-icon-list-text\">Paket CV 560 All-Inclusive z dodatno opremo, vklju\u010dno s stopnico, markizo in barvo po izbiri, za 59.999 \u20ac z DDV.<\/span>\n\t\t\t\t\t\t\t\t\t<\/li>\n\t\t\t\t\t\t\t\t<li class=\"elementor-icon-list-item\">\n\t\t\t\t\t\t\t\t\t\t\t<span class=\"elementor-icon-list-icon\">\n\t\t\t\t\t\t\t<i aria-hidden=\"true\" class=\"fas fa-check\"><\/i>\t\t\t\t\t\t<\/span>\n\t\t\t\t\t\t\t\t\t\t<span class=\"elementor-icon-list-text\">Privla\u010dna sejemska financiranja: Ugodna posebna obrestna mera samo med CMT<\/span>\n\t\t\t\t\t\t\t\t\t<\/li>\n\t\t\t\t\t\t<\/ul>\n\t\t\t\t\t\t<\/div>\n\t\t\t\t<\/div>\n\t\t\t\t<div class=\"elementor-element elementor-element-a1cc827 elementor-widget elementor-widget-text-editor\" data-id=\"a1cc827\" data-element_type=\"widget\" data-e-type=\"widget\" data-widget_type=\"text-editor.default\">\n\t\t\t\t<div class=\"elementor-widget-container\">\n\t\t\t\t\t\t\t\t\t<p>Tisti, ki se \u017eelijo podrobno posvetovati o modelih in ponudbah, lahko termine za svetovanje na sejmu rezervirajo preko spleta: <a href=\"https:\/\/ahorn-camp.de\/sl\/cmt-stuttgart\/\">https:\/\/ahorn-camp.de\/cmt-stuttgart\/<\/a><\/p>\t\t\t\t\t\t\t\t<\/div>\n\t\t\t\t<\/div>\n\t\t\t\t\t<\/div>\n\t\t<\/div>\n\t\t\t\t\t<\/div>\n\t\t<\/section>\n\t\t\t\t<section class=\"elementor-section elementor-inner-section elementor-element elementor-element-ba4ea09 elementor-section-boxed elementor-section-height-default elementor-section-height-default\" data-id=\"ba4ea09\" data-element_type=\"section\" data-e-type=\"section\">\n\t\t\t\t\t\t<div class=\"elementor-container elementor-column-gap-default\">\n\t\t\t\t\t<div class=\"elementor-column elementor-col-100 elementor-inner-column elementor-element elementor-element-a7c1351\" data-id=\"a7c1351\" data-element_type=\"column\" data-e-type=\"column\">\n\t\t\t<div class=\"elementor-widget-wrap elementor-element-populated\">\n\t\t\t\t\t\t<div class=\"elementor-element elementor-element-88f4a52 elementor-widget elementor-widget-heading\" data-id=\"88f4a52\" data-element_type=\"widget\" data-e-type=\"widget\" data-widget_type=\"heading.default\">\n\t\t\t\t<div class=\"elementor-widget-container\">\n\t\t\t\t\t<h2 class=\"elementor-heading-title elementor-size-default\">Oglejte si nove modele v poslovalnicah in pri partnerjih Ahorn Camp<\/h2>\t\t\t\t<\/div>\n\t\t\t\t<\/div>\n\t\t\t\t<div class=\"elementor-element elementor-element-8f97634 elementor-widget elementor-widget-text-editor\" data-id=\"8f97634\" data-element_type=\"widget\" data-e-type=\"widget\" data-widget_type=\"text-editor.default\">\n\t\t\t\t<div class=\"elementor-widget-container\">\n\t\t\t\t\t\t\t\t\t<p>Novi T 680 bo od februarja 2026 na ogled v poslovalnicah Ahorn Camp in pri izbranih Renaultovih prodajnih partnerjih. Prek <a href=\"https:\/\/ahorn-camp.de\/sl\/iskanje-vozil\/\">Poi\u0161\u010devalnik vozil<\/a> Na spletni strani Ahorn Camp lahko kadarkoli preverite, kje so trenutno razstavljeni novi modeli.<\/p>\t\t\t\t\t\t\t\t<\/div>\n\t\t\t\t<\/div>\n\t\t\t\t\t<\/div>\n\t\t<\/div>\n\t\t\t\t\t<\/div>\n\t\t<\/section>\n\t\t\t\t<section class=\"elementor-section elementor-inner-section elementor-element elementor-element-1b8f2ed elementor-section-boxed elementor-section-height-default elementor-section-height-default\" data-id=\"1b8f2ed\" data-element_type=\"section\" data-e-type=\"section\">\n\t\t\t\t\t\t<div class=\"elementor-container elementor-column-gap-default\">\n\t\t\t\t\t<div class=\"elementor-column elementor-col-100 elementor-inner-column elementor-element elementor-element-153585a\" data-id=\"153585a\" data-element_type=\"column\" data-e-type=\"column\">\n\t\t\t<div class=\"elementor-widget-wrap elementor-element-populated\">\n\t\t\t\t\t\t<div class=\"elementor-element elementor-element-7ac5a8e elementor-widget elementor-widget-heading\" data-id=\"7ac5a8e\" data-element_type=\"widget\" data-e-type=\"widget\" data-widget_type=\"heading.default\">\n\t\t\t\t<div class=\"elementor-widget-container\">\n\t\t\t\t\t<h2 class=\"elementor-heading-title elementor-size-default\">Presstona vozila za predstavitve izdelkov ali teste<\/h2>\t\t\t\t<\/div>\n\t\t\t\t<\/div>\n\t\t\t\t<div class=\"elementor-element elementor-element-e6d5d51 elementor-widget elementor-widget-text-editor\" data-id=\"e6d5d51\" data-element_type=\"widget\" data-e-type=\"widget\" data-widget_type=\"text-editor.default\">\n\t\t\t\t<div class=\"elementor-widget-container\">\n\t\t\t\t\t\t\t\t\t<p>Vabimo vas, da si nove modele ogledate na lastne o\u010di. Z ves.<\/p><p><strong>Gradivo slik in videa za T 680 in CMT-predstavitev za medije<br \/><a href=\"https:\/\/www.dropbox.com\/scl\/fo\/3qrr4c192tvw0xgiw7eai\/ANB9xGvnUBiQG-sKbMuo_Ww?rlkey=sy8t1fsr6tijfa1euvsnelv1d&amp;st=hdmylha0&amp;dl=0\">Povezava do slikovnega in video gradiva za T 680 in CMT press kit<\/a><br \/><\/strong><\/p>\t\t\t\t\t\t\t\t<\/div>\n\t\t\t\t<\/div>\n\t\t\t\t\t<\/div>\n\t\t<\/div>\n\t\t\t\t\t<\/div>\n\t\t<\/section>\n\t\t\t\t\t<\/div>\n\t\t<\/div>\n\t\t\t\t\t<\/div>\n\t\t<\/section>\n\t\t\t\t<section class=\"elementor-section elementor-top-section elementor-element elementor-element-ba00e95 elementor-section-boxed elementor-section-height-default elementor-section-height-default\" data-id=\"ba00e95\" data-element_type=\"section\" data-e-type=\"section\">\n\t\t\t\t\t\t<div class=\"elementor-container elementor-column-gap-default\">\n\t\t\t\t\t<div class=\"elementor-column elementor-col-50 elementor-top-column elementor-element elementor-element-a588e1e\" data-id=\"a588e1e\" data-element_type=\"column\" data-e-type=\"column\">\n\t\t\t<div class=\"elementor-widget-wrap elementor-element-populated\">\n\t\t\t\t\t\t<div class=\"elementor-element elementor-element-8214066 elementor-widget elementor-widget-text-editor\" data-id=\"8214066\" data-element_type=\"widget\" data-e-type=\"widget\" data-widget_type=\"text-editor.default\">\n\t\t\t\t<div class=\"elementor-widget-container\">\n\t\t\t\t\t\t\t\t\t<p>Podjetje Ahorn Camp s sede\u017eem v Speyerju spada med najhitreje rasto\u010de ponudnike avtodomov v Evropi. To dru\u017einsko podjetje z ve\u010d kot 30-letnimi izku\u0161njami v panogi se od leta 2014 v celoti osredoto\u010da na proizvodnjo zanesljivih avtodomov in kamping avtomobilov na osnovi modela Renault Master.<\/p>\t\t\t\t\t\t\t\t<\/div>\n\t\t\t\t<\/div>\n\t\t\t\t\t<\/div>\n\t\t<\/div>\n\t\t\t\t<div class=\"elementor-column elementor-col-50 elementor-top-column elementor-element elementor-element-b66f263\" data-id=\"b66f263\" data-element_type=\"column\" data-e-type=\"column\">\n\t\t\t<div class=\"elementor-widget-wrap\">\n\t\t\t\t\t\t\t<\/div>\n\t\t<\/div>\n\t\t\t\t\t<\/div>\n\t\t<\/section>\n\t\t\t\t<\/div>","protected":false},"excerpt":{"rendered":"<p>Na sejmu CMT 2026 bo svojo svetovno premiero do\u017eivel izjemno vsestranski polintegrirani avtodom Ahorn Camp T 680. Inovativna notranja ureditev z dvigalno posteljo, prostorno kopalnico in sodobnim dizajnom zdru\u017euje udobje in ob\u010dutek prostora na dol\u017eini manj kot sedem metrov. Izvedite ve\u010d o novem modelu, tehnologiji na osnovi Renault Masterja in najpomembnej\u0161ih novostih podjetja Ahorn Camp na sejmu.<\/p>","protected":false},"author":2,"featured_media":37268,"comment_status":"closed","ping_status":"closed","sticky":false,"template":"elementor_header_footer","format":"standard","meta":{"content-type":"","footnotes":""},"categories":[277],"tags":[],"class_list":["post-37266","post","type-post","status-publish","format-standard","has-post-thumbnail","hentry","category-pressemitteilungen"],"yoast_head":"<!-- This site is optimized with the Yoast SEO plugin v28.4 - https:\/\/yoast.com\/product\/yoast-seo-wordpress\/ -->\n<title>Ahorn Camp T 680: Premiere des neuen Grundrisses auf der CMT<\/title>\n<meta name=\"description\" content=\"Der neue Ahorn Camp T 680 feiert seine Weltpremiere auf der CMT 2026. Innovativer Grundriss, Hubbett, gro\u00dfes Bad und GSR-II-konform\" \/>\n<meta name=\"robots\" content=\"index, follow, max-snippet:-1, max-image-preview:large, max-video-preview:-1\" \/>\n<link rel=\"canonical\" href=\"https:\/\/ahorn-camp.de\/sl\/ahorn-camp-predstavlja-nov-t-680-premierni-edinstven-tloris-na-sejmu-cmt-2026\/\" \/>\n<meta property=\"og:locale\" content=\"sl_SI\" \/>\n<meta property=\"og:type\" content=\"article\" \/>\n<meta property=\"og:title\" content=\"Ahorn Camp T 680: Premiere des neuen Grundrisses auf der CMT\" \/>\n<meta property=\"og:description\" content=\"Der neue Ahorn Camp T 680 feiert seine Weltpremiere auf der CMT 2026. Innovativer Grundriss, Hubbett, gro\u00dfes Bad und GSR-II-konform\" \/>\n<meta property=\"og:url\" content=\"https:\/\/ahorn-camp.de\/sl\/ahorn-camp-predstavlja-nov-t-680-premierni-edinstven-tloris-na-sejmu-cmt-2026\/\" \/>\n<meta property=\"og:site_name\" content=\"Ahorn Camp | Reisemobile und Kastenwagen\" \/>\n<meta property=\"article:publisher\" content=\"https:\/\/www.facebook.com\/ahorn.wohnmobile\/\" \/>\n<meta property=\"article:published_time\" content=\"2026-01-14T14:40:11+00:00\" \/>\n<meta property=\"article:modified_time\" content=\"2026-01-14T15:32:26+00:00\" \/>\n<meta property=\"og:image\" content=\"https:\/\/ahorn-camp.de\/wp-content\/uploads\/2026\/01\/T680.webp\" \/>\n\t<meta property=\"og:image:width\" content=\"1494\" \/>\n\t<meta property=\"og:image:height\" content=\"498\" \/>\n\t<meta property=\"og:image:type\" content=\"image\/webp\" \/>\n<meta name=\"author\" content=\"ahorn_admin\" \/>\n<meta name=\"twitter:card\" content=\"summary_large_image\" \/>\n<meta name=\"twitter:label1\" content=\"Written by\" \/>\n\t<meta name=\"twitter:data1\" content=\"ahorn_admin\" \/>\n\t<meta name=\"twitter:label2\" content=\"Est. reading time\" \/>\n\t<meta name=\"twitter:data2\" content=\"4 minute\" \/>\n<script type=\"application\/ld+json\" class=\"yoast-schema-graph\">{\"@context\":\"https:\\\/\\\/schema.org\",\"@graph\":[{\"@type\":[\"Article\",\"BlogPosting\"],\"@id\":\"https:\\\/\\\/ahorn-camp.de\\\/ahorn-camp-praesentiert-den-neuen-t-680-premiere-eines-einzigartigen-grundrisses-auf-der-cmt-2026\\\/#article\",\"isPartOf\":{\"@id\":\"https:\\\/\\\/ahorn-camp.de\\\/ahorn-camp-praesentiert-den-neuen-t-680-premiere-eines-einzigartigen-grundrisses-auf-der-cmt-2026\\\/\"},\"author\":{\"name\":\"ahorn_admin\",\"@id\":\"https:\\\/\\\/ahorn-camp.de\\\/#\\\/schema\\\/person\\\/9b60761ba82d5cb8e6db215a88925044\"},\"headline\":\"Ahorn Camp pr\u00e4sentiert den neuen T 680 \u2013 Premiere eines einzigartigen Grundrisses auf der CMT 2026\",\"datePublished\":\"2026-01-14T14:40:11+00:00\",\"dateModified\":\"2026-01-14T15:32:26+00:00\",\"mainEntityOfPage\":{\"@id\":\"https:\\\/\\\/ahorn-camp.de\\\/ahorn-camp-praesentiert-den-neuen-t-680-premiere-eines-einzigartigen-grundrisses-auf-der-cmt-2026\\\/\"},\"wordCount\":629,\"publisher\":{\"@id\":\"https:\\\/\\\/ahorn-camp.de\\\/#organization\"},\"image\":{\"@id\":\"https:\\\/\\\/ahorn-camp.de\\\/ahorn-camp-praesentiert-den-neuen-t-680-premiere-eines-einzigartigen-grundrisses-auf-der-cmt-2026\\\/#primaryimage\"},\"thumbnailUrl\":\"https:\\\/\\\/ahorn-camp.de\\\/wp-content\\\/uploads\\\/2026\\\/01\\\/T680.webp\",\"articleSection\":[\"Pressemitteilungen\"],\"inLanguage\":\"sl-SI\"},{\"@type\":\"WebPage\",\"@id\":\"https:\\\/\\\/ahorn-camp.de\\\/ahorn-camp-praesentiert-den-neuen-t-680-premiere-eines-einzigartigen-grundrisses-auf-der-cmt-2026\\\/\",\"url\":\"https:\\\/\\\/ahorn-camp.de\\\/ahorn-camp-praesentiert-den-neuen-t-680-premiere-eines-einzigartigen-grundrisses-auf-der-cmt-2026\\\/\",\"name\":\"Ahorn Camp T 680: Premiere des neuen Grundrisses auf der CMT\",\"isPartOf\":{\"@id\":\"https:\\\/\\\/ahorn-camp.de\\\/#website\"},\"primaryImageOfPage\":{\"@id\":\"https:\\\/\\\/ahorn-camp.de\\\/ahorn-camp-praesentiert-den-neuen-t-680-premiere-eines-einzigartigen-grundrisses-auf-der-cmt-2026\\\/#primaryimage\"},\"image\":{\"@id\":\"https:\\\/\\\/ahorn-camp.de\\\/ahorn-camp-praesentiert-den-neuen-t-680-premiere-eines-einzigartigen-grundrisses-auf-der-cmt-2026\\\/#primaryimage\"},\"thumbnailUrl\":\"https:\\\/\\\/ahorn-camp.de\\\/wp-content\\\/uploads\\\/2026\\\/01\\\/T680.webp\",\"datePublished\":\"2026-01-14T14:40:11+00:00\",\"dateModified\":\"2026-01-14T15:32:26+00:00\",\"description\":\"Der neue Ahorn Camp T 680 feiert seine Weltpremiere auf der CMT 2026. Innovativer Grundriss, Hubbett, gro\u00dfes Bad und GSR-II-konform\",\"breadcrumb\":{\"@id\":\"https:\\\/\\\/ahorn-camp.de\\\/ahorn-camp-praesentiert-den-neuen-t-680-premiere-eines-einzigartigen-grundrisses-auf-der-cmt-2026\\\/#breadcrumb\"},\"inLanguage\":\"sl-SI\",\"potentialAction\":[{\"@type\":\"ReadAction\",\"target\":[\"https:\\\/\\\/ahorn-camp.de\\\/ahorn-camp-praesentiert-den-neuen-t-680-premiere-eines-einzigartigen-grundrisses-auf-der-cmt-2026\\\/\"]}]},{\"@type\":\"ImageObject\",\"inLanguage\":\"sl-SI\",\"@id\":\"https:\\\/\\\/ahorn-camp.de\\\/ahorn-camp-praesentiert-den-neuen-t-680-premiere-eines-einzigartigen-grundrisses-auf-der-cmt-2026\\\/#primaryimage\",\"url\":\"https:\\\/\\\/ahorn-camp.de\\\/wp-content\\\/uploads\\\/2026\\\/01\\\/T680.webp\",\"contentUrl\":\"https:\\\/\\\/ahorn-camp.de\\\/wp-content\\\/uploads\\\/2026\\\/01\\\/T680.webp\",\"width\":1494,\"height\":498,\"caption\":\"t680 der gro\u00dfe Bruder\"},{\"@type\":\"BreadcrumbList\",\"@id\":\"https:\\\/\\\/ahorn-camp.de\\\/ahorn-camp-praesentiert-den-neuen-t-680-premiere-eines-einzigartigen-grundrisses-auf-der-cmt-2026\\\/#breadcrumb\",\"itemListElement\":[{\"@type\":\"ListItem\",\"position\":1,\"name\":\"Startseite\",\"item\":\"https:\\\/\\\/ahorn-camp.de\\\/\"},{\"@type\":\"ListItem\",\"position\":2,\"name\":\"Ahorn Camp pr\u00e4sentiert den neuen T 680 \u2013 Premiere eines einzigartigen Grundrisses auf der CMT 2026\"}]},{\"@type\":\"WebSite\",\"@id\":\"https:\\\/\\\/ahorn-camp.de\\\/#website\",\"url\":\"https:\\\/\\\/ahorn-camp.de\\\/\",\"name\":\"Ahorn Camp | Reisemobile und Kastenwagen\",\"description\":\"Seit \u00fcber 30 Jahren vermarktet das Familienunternehmen, Ahorn Camp in Speyer, erfolgreich Wohnmobile und Kastenwagen zum besten Preis-Leistungsverh\u00e4ltnis.\",\"publisher\":{\"@id\":\"https:\\\/\\\/ahorn-camp.de\\\/#organization\"},\"potentialAction\":[{\"@type\":\"SearchAction\",\"target\":{\"@type\":\"EntryPoint\",\"urlTemplate\":\"https:\\\/\\\/ahorn-camp.de\\\/?s={search_term_string}\"},\"query-input\":{\"@type\":\"PropertyValueSpecification\",\"valueRequired\":true,\"valueName\":\"search_term_string\"}}],\"inLanguage\":\"sl-SI\"},{\"@type\":\"Organization\",\"@id\":\"https:\\\/\\\/ahorn-camp.de\\\/#organization\",\"name\":\"Ahorn Camp GmbH & Co. KG\",\"url\":\"https:\\\/\\\/ahorn-camp.de\\\/\",\"logo\":{\"@type\":\"ImageObject\",\"inLanguage\":\"sl-SI\",\"@id\":\"https:\\\/\\\/ahorn-camp.de\\\/#\\\/schema\\\/logo\\\/image\\\/\",\"url\":\"https:\\\/\\\/ahorn-camp.de\\\/wp-content\\\/uploads\\\/2018\\\/12\\\/Ahorn_Logo.jpg\",\"contentUrl\":\"https:\\\/\\\/ahorn-camp.de\\\/wp-content\\\/uploads\\\/2018\\\/12\\\/Ahorn_Logo.jpg\",\"width\":1437,\"height\":1000,\"caption\":\"Ahorn Camp GmbH & Co. KG\"},\"image\":{\"@id\":\"https:\\\/\\\/ahorn-camp.de\\\/#\\\/schema\\\/logo\\\/image\\\/\"},\"sameAs\":[\"https:\\\/\\\/www.facebook.com\\\/ahorn.wohnmobile\\\/\",\"https:\\\/\\\/www.instagram.com\\\/ahorn.camp\\\/\",\"https:\\\/\\\/www.youtube.com\\\/channel\\\/UCPFbPCts1JJ_A1k9vyH0yOQ\"]},{\"@type\":\"Person\",\"@id\":\"https:\\\/\\\/ahorn-camp.de\\\/#\\\/schema\\\/person\\\/9b60761ba82d5cb8e6db215a88925044\",\"name\":\"ahorn_admin\",\"image\":{\"@type\":\"ImageObject\",\"inLanguage\":\"sl-SI\",\"@id\":\"https:\\\/\\\/secure.gravatar.com\\\/avatar\\\/d96b9a078083b0c14cee48589feadd939c3cdd66547e2f3f1569470371daaaa5?s=96&d=mm&r=g\",\"url\":\"https:\\\/\\\/secure.gravatar.com\\\/avatar\\\/d96b9a078083b0c14cee48589feadd939c3cdd66547e2f3f1569470371daaaa5?s=96&d=mm&r=g\",\"contentUrl\":\"https:\\\/\\\/secure.gravatar.com\\\/avatar\\\/d96b9a078083b0c14cee48589feadd939c3cdd66547e2f3f1569470371daaaa5?s=96&d=mm&r=g\",\"caption\":\"ahorn_admin\"},\"sameAs\":[\"http:\\\/\\\/Ahorn%20Camp\"],\"url\":\"https:\\\/\\\/ahorn-camp.de\\\/sl\\\/author\\\/ahorn_admin\\\/\"}]}<\/script>\n<!-- \/ Yoast SEO plugin. -->","yoast_head_json":{"title":"Ahorn Camp T 680: Premiera novega tlorisa na sejmu CMT","description":"Novi model Ahorn Camp T 680 bo do\u017eivel svetovno premiero na sejmu CMT 2026. Inovativna tlorisna zasnova, dvigalna postelja, velika kopalnica in skladnost s standardom GSR-II","robots":{"index":"index","follow":"follow","max-snippet":"max-snippet:-1","max-image-preview":"max-image-preview:large","max-video-preview":"max-video-preview:-1"},"canonical":"https:\/\/ahorn-camp.de\/sl\/ahorn-camp-predstavlja-nov-t-680-premierni-edinstven-tloris-na-sejmu-cmt-2026\/","og_locale":"sl_SI","og_type":"article","og_title":"Ahorn Camp T 680: Premiere des neuen Grundrisses auf der CMT","og_description":"Der neue Ahorn Camp T 680 feiert seine Weltpremiere auf der CMT 2026. Innovativer Grundriss, Hubbett, gro\u00dfes Bad und GSR-II-konform","og_url":"https:\/\/ahorn-camp.de\/sl\/ahorn-camp-predstavlja-nov-t-680-premierni-edinstven-tloris-na-sejmu-cmt-2026\/","og_site_name":"Ahorn Camp | Reisemobile und Kastenwagen","article_publisher":"https:\/\/www.facebook.com\/ahorn.wohnmobile\/","article_published_time":"2026-01-14T14:40:11+00:00","article_modified_time":"2026-01-14T15:32:26+00:00","og_image":[{"width":1494,"height":498,"url":"https:\/\/ahorn-camp.de\/wp-content\/uploads\/2026\/01\/T680.webp","type":"image\/webp"}],"author":"ahorn_admin","twitter_card":"summary_large_image","twitter_misc":{"Written by":"ahorn_admin","Est. reading time":"4 minute"},"schema":{"@context":"https:\/\/schema.org","@graph":[{"@type":["Article","BlogPosting"],"@id":"https:\/\/ahorn-camp.de\/ahorn-camp-praesentiert-den-neuen-t-680-premiere-eines-einzigartigen-grundrisses-auf-der-cmt-2026\/#article","isPartOf":{"@id":"https:\/\/ahorn-camp.de\/ahorn-camp-praesentiert-den-neuen-t-680-premiere-eines-einzigartigen-grundrisses-auf-der-cmt-2026\/"},"author":{"name":"ahorn_admin","@id":"https:\/\/ahorn-camp.de\/#\/schema\/person\/9b60761ba82d5cb8e6db215a88925044"},"headline":"Ahorn Camp pr\u00e4sentiert den neuen T 680 \u2013 Premiere eines einzigartigen Grundrisses auf der CMT 2026","datePublished":"2026-01-14T14:40:11+00:00","dateModified":"2026-01-14T15:32:26+00:00","mainEntityOfPage":{"@id":"https:\/\/ahorn-camp.de\/ahorn-camp-praesentiert-den-neuen-t-680-premiere-eines-einzigartigen-grundrisses-auf-der-cmt-2026\/"},"wordCount":629,"publisher":{"@id":"https:\/\/ahorn-camp.de\/#organization"},"image":{"@id":"https:\/\/ahorn-camp.de\/ahorn-camp-praesentiert-den-neuen-t-680-premiere-eines-einzigartigen-grundrisses-auf-der-cmt-2026\/#primaryimage"},"thumbnailUrl":"https:\/\/ahorn-camp.de\/wp-content\/uploads\/2026\/01\/T680.webp","articleSection":["Pressemitteilungen"],"inLanguage":"sl-SI"},{"@type":"WebPage","@id":"https:\/\/ahorn-camp.de\/ahorn-camp-praesentiert-den-neuen-t-680-premiere-eines-einzigartigen-grundrisses-auf-der-cmt-2026\/","url":"https:\/\/ahorn-camp.de\/ahorn-camp-praesentiert-den-neuen-t-680-premiere-eines-einzigartigen-grundrisses-auf-der-cmt-2026\/","name":"Ahorn Camp T 680: Premiera novega tlorisa na sejmu CMT","isPartOf":{"@id":"https:\/\/ahorn-camp.de\/#website"},"primaryImageOfPage":{"@id":"https:\/\/ahorn-camp.de\/ahorn-camp-praesentiert-den-neuen-t-680-premiere-eines-einzigartigen-grundrisses-auf-der-cmt-2026\/#primaryimage"},"image":{"@id":"https:\/\/ahorn-camp.de\/ahorn-camp-praesentiert-den-neuen-t-680-premiere-eines-einzigartigen-grundrisses-auf-der-cmt-2026\/#primaryimage"},"thumbnailUrl":"https:\/\/ahorn-camp.de\/wp-content\/uploads\/2026\/01\/T680.webp","datePublished":"2026-01-14T14:40:11+00:00","dateModified":"2026-01-14T15:32:26+00:00","description":"Novi model Ahorn Camp T 680 bo do\u017eivel svetovno premiero na sejmu CMT 2026. Inovativna tlorisna zasnova, dvigalna postelja, velika kopalnica in skladnost s standardom GSR-II","breadcrumb":{"@id":"https:\/\/ahorn-camp.de\/ahorn-camp-praesentiert-den-neuen-t-680-premiere-eines-einzigartigen-grundrisses-auf-der-cmt-2026\/#breadcrumb"},"inLanguage":"sl-SI","potentialAction":[{"@type":"ReadAction","target":["https:\/\/ahorn-camp.de\/ahorn-camp-praesentiert-den-neuen-t-680-premiere-eines-einzigartigen-grundrisses-auf-der-cmt-2026\/"]}]},{"@type":"ImageObject","inLanguage":"sl-SI","@id":"https:\/\/ahorn-camp.de\/ahorn-camp-praesentiert-den-neuen-t-680-premiere-eines-einzigartigen-grundrisses-auf-der-cmt-2026\/#primaryimage","url":"https:\/\/ahorn-camp.de\/wp-content\/uploads\/2026\/01\/T680.webp","contentUrl":"https:\/\/ahorn-camp.de\/wp-content\/uploads\/2026\/01\/T680.webp","width":1494,"height":498,"caption":"t680 der gro\u00dfe Bruder"},{"@type":"BreadcrumbList","@id":"https:\/\/ahorn-camp.de\/ahorn-camp-praesentiert-den-neuen-t-680-premiere-eines-einzigartigen-grundrisses-auf-der-cmt-2026\/#breadcrumb","itemListElement":[{"@type":"ListItem","position":1,"name":"Startseite","item":"https:\/\/ahorn-camp.de\/"},{"@type":"ListItem","position":2,"name":"Ahorn Camp pr\u00e4sentiert den neuen T 680 \u2013 Premiere eines einzigartigen Grundrisses auf der CMT 2026"}]},{"@type":"WebSite","@id":"https:\/\/ahorn-camp.de\/#website","url":"https:\/\/ahorn-camp.de\/","name":"Ahorn Camp | Avtodomi in kombiji","description":"\u017de ve\u010d kot 30 let dru\u017einsko podjetje Ahorn Camp iz Speyerja uspe\u0161no prodaja avtodome in kombije z najbolj\u0161im razmerjem med ceno in kakovostjo.","publisher":{"@id":"https:\/\/ahorn-camp.de\/#organization"},"potentialAction":[{"@type":"SearchAction","target":{"@type":"EntryPoint","urlTemplate":"https:\/\/ahorn-camp.de\/?s={search_term_string}"},"query-input":{"@type":"PropertyValueSpecification","valueRequired":true,"valueName":"search_term_string"}}],"inLanguage":"sl-SI"},{"@type":"Organization","@id":"https:\/\/ahorn-camp.de\/#organization","name":"Ahorn Camp GmbH &amp; Co. KG","url":"https:\/\/ahorn-camp.de\/","logo":{"@type":"ImageObject","inLanguage":"sl-SI","@id":"https:\/\/ahorn-camp.de\/#\/schema\/logo\/image\/","url":"https:\/\/ahorn-camp.de\/wp-content\/uploads\/2018\/12\/Ahorn_Logo.jpg","contentUrl":"https:\/\/ahorn-camp.de\/wp-content\/uploads\/2018\/12\/Ahorn_Logo.jpg","width":1437,"height":1000,"caption":"Ahorn Camp GmbH & Co. KG"},"image":{"@id":"https:\/\/ahorn-camp.de\/#\/schema\/logo\/image\/"},"sameAs":["https:\/\/www.facebook.com\/ahorn.wohnmobile\/","https:\/\/www.instagram.com\/ahorn.camp\/","https:\/\/www.youtube.com\/channel\/UCPFbPCts1JJ_A1k9vyH0yOQ"]},{"@type":"Person","@id":"https:\/\/ahorn-camp.de\/#\/schema\/person\/9b60761ba82d5cb8e6db215a88925044","name":"ahorn_admin","image":{"@type":"ImageObject","inLanguage":"sl-SI","@id":"https:\/\/secure.gravatar.com\/avatar\/d96b9a078083b0c14cee48589feadd939c3cdd66547e2f3f1569470371daaaa5?s=96&d=mm&r=g","url":"https:\/\/secure.gravatar.com\/avatar\/d96b9a078083b0c14cee48589feadd939c3cdd66547e2f3f1569470371daaaa5?s=96&d=mm&r=g","contentUrl":"https:\/\/secure.gravatar.com\/avatar\/d96b9a078083b0c14cee48589feadd939c3cdd66547e2f3f1569470371daaaa5?s=96&d=mm&r=g","caption":"ahorn_admin"},"sameAs":["http:\/\/Ahorn%20Camp"],"url":"https:\/\/ahorn-camp.de\/sl\/author\/ahorn_admin\/"}]}},"_links":{"self":[{"href":"https:\/\/ahorn-camp.de\/sl\/wp-json\/wp\/v2\/posts\/37266","targetHints":{"allow":["GET"]}}],"collection":[{"href":"https:\/\/ahorn-camp.de\/sl\/wp-json\/wp\/v2\/posts"}],"about":[{"href":"https:\/\/ahorn-camp.de\/sl\/wp-json\/wp\/v2\/types\/post"}],"author":[{"embeddable":true,"href":"https:\/\/ahorn-camp.de\/sl\/wp-json\/wp\/v2\/users\/2"}],"replies":[{"embeddable":true,"href":"https:\/\/ahorn-camp.de\/sl\/wp-json\/wp\/v2\/comments?post=37266"}],"version-history":[{"count":3,"href":"https:\/\/ahorn-camp.de\/sl\/wp-json\/wp\/v2\/posts\/37266\/revisions"}],"predecessor-version":[{"id":37279,"href":"https:\/\/ahorn-camp.de\/sl\/wp-json\/wp\/v2\/posts\/37266\/revisions\/37279"}],"wp:featuredmedia":[{"embeddable":true,"href":"https:\/\/ahorn-camp.de\/sl\/wp-json\/wp\/v2\/media\/37268"}],"wp:attachment":[{"href":"https:\/\/ahorn-camp.de\/sl\/wp-json\/wp\/v2\/media?parent=37266"}],"wp:term":[{"taxonomy":"category","embeddable":true,"href":"https:\/\/ahorn-camp.de\/sl\/wp-json\/wp\/v2\/categories?post=37266"},{"taxonomy":"post_tag","embeddable":true,"href":"https:\/\/ahorn-camp.de\/sl\/wp-json\/wp\/v2\/tags?post=37266"}],"curies":[{"name":"wp","href":"https:\/\/api.w.org\/{rel}","templated":true}]}}