{"id":37035,"date":"2025-12-12T10:06:53","date_gmt":"2025-12-12T09:06:53","guid":{"rendered":"https:\/\/ahorn-camp.de\/?p=37035"},"modified":"2025-12-12T11:40:25","modified_gmt":"2025-12-12T10:40:25","slug":"novo-logisticno-sredisce-ahorn-camp","status":"publish","type":"post","link":"https:\/\/ahorn-camp.de\/sl\/ahorn-camps-neues-logistikzentrum\/","title":{"rendered":"Ahorn Camp odpre novo logisti\u010dno sredi\u0161\u010de v Speyerju \u2013 v ospredju so u\u010dinkovitost, trajnost in strate\u0161ka rast"},"content":{"rendered":"<div data-elementor-type=\"wp-post\" data-elementor-id=\"37035\" class=\"elementor elementor-37035\" data-elementor-post-type=\"post\">\n\t\t\t\t\t\t<section class=\"elementor-section elementor-top-section elementor-element elementor-element-21ed8f4 elementor-section-stretched elementor-section-boxed elementor-section-height-default elementor-section-height-default\" data-id=\"21ed8f4\" data-element_type=\"section\" data-e-type=\"section\" data-settings=\"{&quot;stretch_section&quot;:&quot;section-stretched&quot;}\">\n\t\t\t\t\t\t<div class=\"elementor-container elementor-column-gap-default\">\n\t\t\t\t\t<div class=\"elementor-column elementor-col-100 elementor-top-column elementor-element elementor-element-11e1b3b\" data-id=\"11e1b3b\" data-element_type=\"column\" data-e-type=\"column\">\n\t\t\t<div class=\"elementor-widget-wrap elementor-element-populated\">\n\t\t\t\t\t\t<div class=\"elementor-element elementor-element-14f2af0 elementor-widget elementor-widget-heading\" data-id=\"14f2af0\" data-element_type=\"widget\" data-e-type=\"widget\" data-widget_type=\"heading.default\">\n\t\t\t\t<div class=\"elementor-widget-container\">\n\t\t\t\t\t<h1 class=\"elementor-heading-title elementor-size-default\">Ahorn Camp odpre novo logisti\u010dno sredi\u0161\u010de v Speyerju \u2013 v ospredju so u\u010dinkovitost, trajnost in strate\u0161ka rast<\/h1>\t\t\t\t<\/div>\n\t\t\t\t<\/div>\n\t\t\t\t<section class=\"elementor-section elementor-inner-section elementor-element elementor-element-0f71518 elementor-section-boxed elementor-section-height-default elementor-section-height-default\" data-id=\"0f71518\" data-element_type=\"section\" data-e-type=\"section\">\n\t\t\t\t\t\t<div class=\"elementor-container elementor-column-gap-default\">\n\t\t\t\t\t<div class=\"elementor-column elementor-col-50 elementor-inner-column elementor-element elementor-element-5418cd1\" data-id=\"5418cd1\" data-element_type=\"column\" data-e-type=\"column\">\n\t\t\t<div class=\"elementor-widget-wrap elementor-element-populated\">\n\t\t\t\t\t\t<div class=\"elementor-element elementor-element-013f92b elementor-widget elementor-widget-text-editor\" data-id=\"013f92b\" data-element_type=\"widget\" data-e-type=\"widget\" data-widget_type=\"text-editor.default\">\n\t\t\t\t<div class=\"elementor-widget-container\">\n\t\t\t\t\t\t\t\t\t<p><strong>Speyer, december 2025<\/strong> \u2013 Ponudnik avtodomov Ahorn Camp je v svojem glavnem sede\u017eu v Speyerju uradno odprl novo logisti\u010dno sredi\u0161\u010de za rezervne dele in dodatno opremo. Z nalo\u017ebo v vi\u0161ini pribli\u017eno 750.000 evrov in gradnjo, ki je trajala le \u0161est mesecev, je to dru\u017einsko podjetje doseglo pomemben mejnik v svoji strategiji rasti in hkrati optimiziralo celotno dobavno verigo.<br \/><br \/><\/p><p>\u201eUstvarjamo infrastrukturo, ki nam bo omogo\u010dila hitrej\u0161e oskrbovanje na\u0161ih trgovcev in doseganje na\u0161ih ciljev rasti do leta 2026,\u201c je pojasnil izvr\u0161ni direktor Alexander Reichmann na slovesnosti ob odprtju v navzo\u010dnosti dr\u017eavne sekretarke Petre Dick-Walther, \u017eupanje Stefanie Seiler in dobrih 30 predstavnikov gospodarstva in politike.<\/p>\t\t\t\t\t\t\t\t<\/div>\n\t\t\t\t<\/div>\n\t\t\t\t<div class=\"elementor-element elementor-element-bb570f3 elementor-widget elementor-widget-heading\" data-id=\"bb570f3\" data-element_type=\"widget\" data-e-type=\"widget\" data-widget_type=\"heading.default\">\n\t\t\t\t<div class=\"elementor-widget-container\">\n\t\t\t\t\t<h2 class=\"elementor-heading-title elementor-size-default\">Tehnologija in trajnost kot dejavnika uspeha<\/h2>\t\t\t\t<\/div>\n\t\t\t\t<\/div>\n\t\t\t\t<div class=\"elementor-element elementor-element-2051c77 elementor-widget elementor-widget-text-editor\" data-id=\"2051c77\" data-element_type=\"widget\" data-e-type=\"widget\" data-widget_type=\"text-editor.default\">\n\t\t\t\t<div class=\"elementor-widget-container\">\n\t\t\t\t\t\t\t\t\t<p>Nova logisti\u010dna hala se razteza na 400 m\u00b2 in na dveh eta\u017eah z vi\u0161ino do 6,5 metra zdru\u017euje najsodobnej\u0161o skladi\u0161\u010dno tehnologijo za rezervne dele in dodatke. Specializirana ekipa skladi\u0161\u010dnih delavcev od tu upravlja celoten pretok blaga \u2013 od oskrbe delavnic do dobave trgovcem po vsej Evropi.<\/p><p>\u00a0<\/p><p>Stavba ima trajnostni koncept upravljanja z energijo s solarnimi paneli, popolnoma neodvisnim napajanjem in tremi polnilnimi postajami za elektri\u010dna vozila. S tem logisti\u010dni center deluje energetsko avtonomno in izpolnjuje visoke zahteve glede energijske u\u010dinkovitosti in okoljske odgovornosti.<\/p>\t\t\t\t\t\t\t\t<\/div>\n\t\t\t\t<\/div>\n\t\t\t\t<div class=\"elementor-element elementor-element-6a723ce elementor-widget elementor-widget-spacer\" data-id=\"6a723ce\" data-element_type=\"widget\" data-e-type=\"widget\" data-widget_type=\"spacer.default\">\n\t\t\t\t<div class=\"elementor-widget-container\">\n\t\t\t\t\t\t\t<div class=\"elementor-spacer\">\n\t\t\t<div class=\"elementor-spacer-inner\"><\/div>\n\t\t<\/div>\n\t\t\t\t\t\t<\/div>\n\t\t\t\t<\/div>\n\t\t\t\t\t<\/div>\n\t\t<\/div>\n\t\t\t\t<div class=\"elementor-column elementor-col-50 elementor-inner-column elementor-element elementor-element-d48e2a3\" data-id=\"d48e2a3\" data-element_type=\"column\" data-e-type=\"column\">\n\t\t\t<div class=\"elementor-widget-wrap elementor-element-populated\">\n\t\t\t\t\t\t<div class=\"elementor-element elementor-element-d625b51 elementor-widget elementor-widget-image\" data-id=\"d625b51\" data-element_type=\"widget\" data-e-type=\"widget\" data-widget_type=\"image.default\">\n\t\t\t\t<div class=\"elementor-widget-container\">\n\t\t\t\t\t\t\t\t\t\t\t\t<figure class=\"wp-caption\">\n\t\t\t\t\t\t\t\t\t\t<img fetchpriority=\"high\" decoding=\"async\" width=\"543\" height=\"353\" src=\"https:\/\/ahorn-camp.de\/wp-content\/uploads\/2025\/12\/Logistikzentrum.webp\" class=\"attachment-large size-large wp-image-37036\" alt=\"Ahornov novi logisti\u010dni center ob odprtju\" srcset=\"https:\/\/ahorn-camp.de\/wp-content\/uploads\/2025\/12\/Logistikzentrum.webp 543w, https:\/\/ahorn-camp.de\/wp-content\/uploads\/2025\/12\/Logistikzentrum-300x195.webp 300w, https:\/\/ahorn-camp.de\/wp-content\/uploads\/2025\/12\/Logistikzentrum-18x12.webp 18w\" sizes=\"(max-width: 543px) 100vw, 543px\" \/>\t\t\t\t\t\t\t\t\t\t\t<figcaption class=\"widget-image-caption wp-caption-text\">Slavnostni trenutek v Speyerju: Alexander in Franziska Reichmann sta skupaj z dr\u017eavno sekretarko Petro Kick-Walther in Mariom Daumom iz mesta Speyer odprla novo logisti\u010dno sredi\u0161\u010de podjetja Ahorn Camp.<\/figcaption>\n\t\t\t\t\t\t\t\t\t\t<\/figure>\n\t\t\t\t\t\t\t\t\t<\/div>\n\t\t\t\t<\/div>\n\t\t\t\t<div class=\"elementor-element elementor-element-50d0c4b elementor-widget elementor-widget-heading\" data-id=\"50d0c4b\" data-element_type=\"widget\" data-e-type=\"widget\" data-widget_type=\"heading.default\">\n\t\t\t\t<div class=\"elementor-widget-container\">\n\t\t\t\t\t<h3 class=\"elementor-heading-title elementor-size-default\">Stik za medije<\/h3>\t\t\t\t<\/div>\n\t\t\t\t<\/div>\n\t\t\t\t<div class=\"elementor-element elementor-element-3ecb863 elementor-widget elementor-widget-text-editor\" data-id=\"3ecb863\" data-element_type=\"widget\" data-e-type=\"widget\" data-widget_type=\"text-editor.default\">\n\t\t\t\t<div class=\"elementor-widget-container\">\n\t\t\t\t\t\t\t\t\t<p>Franziska Reichmann<br \/>Vodja marketinga<\/p><p>Tel.: +49 (0) 6232 \/ 10028-165<br \/>Faks: +49 (0) 6232 \/ 10028-105<\/p><p>Elektronska po\u0161ta: <a href=\"mailto:f.reichmann@ahorn-camp.de\">f.reichmann@ahorn-camp.de<\/a><\/p><p>Splet <a href=\"https:\/\/ahorn-camp.de\/sl\/\">www.ahorn-camp.de<\/a><\/p><p><a href=\"https:\/\/www.dropbox.com\/scl\/fo\/nr5ogbtj5sktsnkw0rcf8\/ABKPc4-byeup0khp34J9BAg?rlkey=wlymn3kxt2x9qpkz2pnpxpro4&amp;st=k3od7gkm&amp;dl=0\">Povezava do slikovnega gradiva<\/a><\/p>\t\t\t\t\t\t\t\t<\/div>\n\t\t\t\t<\/div>\n\t\t\t\t\t<\/div>\n\t\t<\/div>\n\t\t\t\t\t<\/div>\n\t\t<\/section>\n\t\t\t\t<div class=\"elementor-element elementor-element-5c95096 elementor-widget elementor-widget-heading\" data-id=\"5c95096\" data-element_type=\"widget\" data-e-type=\"widget\" data-widget_type=\"heading.default\">\n\t\t\t\t<div class=\"elementor-widget-container\">\n\t\t\t\t\t<h2 class=\"elementor-heading-title elementor-size-default\">Gradbeni element novega partnerstva z dru\u017ebo Erwin Hymer Group<\/h2>\t\t\t\t<\/div>\n\t\t\t\t<\/div>\n\t\t\t\t<div class=\"elementor-element elementor-element-4cc972e elementor-widget elementor-widget-text-editor\" data-id=\"4cc972e\" data-element_type=\"widget\" data-e-type=\"widget\" data-widget_type=\"text-editor.default\">\n\t\t\t\t<div class=\"elementor-widget-container\">\n\t\t\t\t\t\t\t\t\t<p>S proizvodnim sodelovanjem s skupino Erwin Hymer Group, ki se je za\u010delo letos, se podjetje Ahorn Camp pripravlja na naslednjo fazo rasti. Skupni cilj je na trg uvesti eno najsodobnej\u0161ih in kakovostno najbolj\u0161ih generacij avtodomov v Evropi \u2013 na podlagi novega modela Renault Master. \u201eNovo logisti\u010dno sredi\u0161\u010de ustvarja infrastrukturno podlago za nadaljnjo rast, izbolj\u0161ano kakovost storitev in trajnostni razvoj podjetja,\u201c povzema Alexander Reichmann.<\/p>\t\t\t\t\t\t\t\t<\/div>\n\t\t\t\t<\/div>\n\t\t\t\t<div class=\"elementor-element elementor-element-0a218fa elementor-widget elementor-widget-spacer\" data-id=\"0a218fa\" data-element_type=\"widget\" data-e-type=\"widget\" data-widget_type=\"spacer.default\">\n\t\t\t\t<div class=\"elementor-widget-container\">\n\t\t\t\t\t\t\t<div class=\"elementor-spacer\">\n\t\t\t<div class=\"elementor-spacer-inner\"><\/div>\n\t\t<\/div>\n\t\t\t\t\t\t<\/div>\n\t\t\t\t<\/div>\n\t\t\t\t<div class=\"elementor-element elementor-element-3521c81 elementor-widget elementor-widget-heading\" data-id=\"3521c81\" data-element_type=\"widget\" data-e-type=\"widget\" data-widget_type=\"heading.default\">\n\t\t\t\t<div class=\"elementor-widget-container\">\n\t\t\t\t\t<h2 class=\"elementor-heading-title elementor-size-default\">U\u010dinkovitost in razvoj lokacij v Speyerju<\/h2>\t\t\t\t<\/div>\n\t\t\t\t<\/div>\n\t\t\t\t<div class=\"elementor-element elementor-element-9ef5961 elementor-widget elementor-widget-text-editor\" data-id=\"9ef5961\" data-element_type=\"widget\" data-e-type=\"widget\" data-widget_type=\"text-editor.default\">\n\t\t\t\t<div class=\"elementor-widget-container\">\n\t\t\t\t\t\t\t\t\t<p>Z zdru\u017eitvijo skladi\u0161\u010da vozil, logistike rezervnih delov, delavnice in oddaje vozil na lokaciji Speyer nastanejo bistveno u\u010dinkovitej\u0161i procesi in kraj\u0161i dobavni roki. Odlo\u010ditev za nalo\u017ebo v Speyer je hkrati jasna zavezanost lokaciji Porenje-Pfal\u0161ko in regionalni dodani vrednosti: pri gradnji so sodelovala predvsem regionalna podjetja \u2013 od na\u010drtovanja, financiranja do tehni\u010dne opreme.<\/p>\t\t\t\t\t\t\t\t<\/div>\n\t\t\t\t<\/div>\n\t\t\t\t<div class=\"elementor-element elementor-element-59bf12d elementor-widget elementor-widget-spacer\" data-id=\"59bf12d\" data-element_type=\"widget\" data-e-type=\"widget\" data-widget_type=\"spacer.default\">\n\t\t\t\t<div class=\"elementor-widget-container\">\n\t\t\t\t\t\t\t<div class=\"elementor-spacer\">\n\t\t\t<div class=\"elementor-spacer-inner\"><\/div>\n\t\t<\/div>\n\t\t\t\t\t\t<\/div>\n\t\t\t\t<\/div>\n\t\t\t\t<div class=\"elementor-element elementor-element-968399a elementor-widget elementor-widget-heading\" data-id=\"968399a\" data-element_type=\"widget\" data-e-type=\"widget\" data-widget_type=\"heading.default\">\n\t\t\t\t<div class=\"elementor-widget-container\">\n\t\t\t\t\t<h2 class=\"elementor-heading-title elementor-size-default\">O Ahorn Camp<\/h2>\t\t\t\t<\/div>\n\t\t\t\t<\/div>\n\t\t\t\t<div class=\"elementor-element elementor-element-cf9220e elementor-widget elementor-widget-text-editor\" data-id=\"cf9220e\" data-element_type=\"widget\" data-e-type=\"widget\" data-widget_type=\"text-editor.default\">\n\t\t\t\t<div class=\"elementor-widget-container\">\n\t\t\t\t\t\t\t\t\t<p>Podjetje Ahorn Camp s sede\u017eem v Speyerju spada med najhitreje rasto\u010de ponudnike avtodomov v Evropi. To dru\u017einsko podjetje z ve\u010d kot 30-letnimi izku\u0161njami v panogi se od leta 2014 v celoti osredoto\u010da na proizvodnjo zanesljivih avtodomov in kamping avtomobilov na osnovi modela Renault Master.<\/p><p>\u00a0<\/p><p>Nova serija modelov Ahorn Camp zdru\u017euje prednosti treh uveljavljenih akterjev: u\u010dinkovitost, varnost in zanesljivost novega Renault Masterja tvorijo trdno tehni\u010dno osnovo. Skupina Erwin Hymer Group zagotavlja najvi\u0161je standarde kakovosti in proizvodnje. Podjetje Ahorn Camp pa prispeva uporabni\u0161ko usmerjeno oblikovanje, sodobno estetiko in prepri\u010dljivo razmerje med ceno in kakovostjo \u2013 to je kombinacija, ki modele naredi posebne.<\/p><p>\u00a0<\/p><p>S tremi lastnimi poslovalnicami ter nenehno rasto\u010do mre\u017eo prodajalcev in servisnih centrov z ve\u010d kot 30 partnerskimi podjetji podjetje Ahorn Camp predstavlja kakovost, inovativnost in strast do mobilnega potovanja.<\/p>\t\t\t\t\t\t\t\t<\/div>\n\t\t\t\t<\/div>\n\t\t\t\t\t<\/div>\n\t\t<\/div>\n\t\t\t\t\t<\/div>\n\t\t<\/section>\n\t\t\t\t<\/div>","protected":false},"excerpt":{"rendered":"<p>Ponudnik avtodomov Ahorn Camp je v svojem glavnem sede\u017eu v Speyerju uradno odprl novo logisti\u010dno sredi\u0161\u010de za rezervne dele in dodatno opremo. Z nalo\u017ebo v vi\u0161ini pribli\u017eno 750.000 evrov in gradbenim \u010dasom, ki je trajal le \u0161est mesecev, je to dru\u017einsko podjetje s tem doseglo pomemben mejnik v svoji strategiji rasti in hkrati optimiziralo celotno dobavno verigo.<\/p>","protected":false},"author":2,"featured_media":37036,"comment_status":"closed","ping_status":"closed","sticky":false,"template":"elementor_header_footer","format":"standard","meta":{"content-type":"","footnotes":""},"categories":[54,277],"tags":[],"class_list":["post-37035","post","type-post","status-publish","format-standard","has-post-thumbnail","hentry","category-messetermine","category-pressemitteilungen"],"yoast_head":"<!-- This site is optimized with the Yoast SEO plugin v28.4 - https:\/\/yoast.com\/product\/yoast-seo-wordpress\/ -->\n<title>Ahorn Camp er\u00f6ffnet neues Logistikzentrum<\/title>\n<meta name=\"description\" content=\"Ahorn Camp er\u00f6ffnet in Speyer ein neues Logistikzentrum mit Fokus auf Effizienz, Nachhaltigkeit und strategisches Wachstum.\" \/>\n<meta name=\"robots\" content=\"index, follow, max-snippet:-1, max-image-preview:large, max-video-preview:-1\" \/>\n<link rel=\"canonical\" href=\"https:\/\/ahorn-camp.de\/sl\/novo-logisticno-sredisce-ahorn-camp\/\" \/>\n<meta property=\"og:locale\" content=\"sl_SI\" \/>\n<meta property=\"og:type\" content=\"article\" \/>\n<meta property=\"og:title\" content=\"Ahorn Camp er\u00f6ffnet neues Logistikzentrum\" \/>\n<meta property=\"og:description\" content=\"Ahorn Camp er\u00f6ffnet in Speyer ein neues Logistikzentrum mit Fokus auf Effizienz, Nachhaltigkeit und strategisches Wachstum.\" \/>\n<meta property=\"og:url\" content=\"https:\/\/ahorn-camp.de\/sl\/novo-logisticno-sredisce-ahorn-camp\/\" \/>\n<meta property=\"og:site_name\" content=\"Ahorn Camp | Reisemobile und Kastenwagen\" \/>\n<meta property=\"article:publisher\" content=\"https:\/\/www.facebook.com\/ahorn.wohnmobile\/\" \/>\n<meta property=\"article:published_time\" content=\"2025-12-12T09:06:53+00:00\" \/>\n<meta property=\"article:modified_time\" content=\"2025-12-12T10:40:25+00:00\" \/>\n<meta property=\"og:image\" content=\"https:\/\/ahorn-camp.de\/wp-content\/uploads\/2025\/12\/Logistikzentrum.webp\" \/>\n\t<meta property=\"og:image:width\" content=\"543\" \/>\n\t<meta property=\"og:image:height\" content=\"353\" \/>\n\t<meta property=\"og:image:type\" content=\"image\/webp\" \/>\n<meta name=\"author\" content=\"ahorn_admin\" \/>\n<meta name=\"twitter:card\" content=\"summary_large_image\" \/>\n<meta name=\"twitter:label1\" content=\"Written by\" \/>\n\t<meta name=\"twitter:data1\" content=\"ahorn_admin\" \/>\n\t<meta name=\"twitter:label2\" content=\"Est. reading time\" \/>\n\t<meta name=\"twitter:data2\" content=\"4 minute\" \/>\n<script type=\"application\/ld+json\" class=\"yoast-schema-graph\">{\"@context\":\"https:\\\/\\\/schema.org\",\"@graph\":[{\"@type\":\"Article\",\"@id\":\"https:\\\/\\\/ahorn-camp.de\\\/ahorn-camps-neues-logistikzentrum\\\/#article\",\"isPartOf\":{\"@id\":\"https:\\\/\\\/ahorn-camp.de\\\/ahorn-camps-neues-logistikzentrum\\\/\"},\"author\":{\"name\":\"ahorn_admin\",\"@id\":\"https:\\\/\\\/ahorn-camp.de\\\/#\\\/schema\\\/person\\\/9b60761ba82d5cb8e6db215a88925044\"},\"headline\":\"Ahorn Camp er\u00f6ffnet neues Logistikzentrum in Speyer \u2013 Effizienz, Nachhaltigkeit und strategisches Wachstum im Fokus\",\"datePublished\":\"2025-12-12T09:06:53+00:00\",\"dateModified\":\"2025-12-12T10:40:25+00:00\",\"mainEntityOfPage\":{\"@id\":\"https:\\\/\\\/ahorn-camp.de\\\/ahorn-camps-neues-logistikzentrum\\\/\"},\"wordCount\":546,\"publisher\":{\"@id\":\"https:\\\/\\\/ahorn-camp.de\\\/#organization\"},\"image\":{\"@id\":\"https:\\\/\\\/ahorn-camp.de\\\/ahorn-camps-neues-logistikzentrum\\\/#primaryimage\"},\"thumbnailUrl\":\"https:\\\/\\\/ahorn-camp.de\\\/wp-content\\\/uploads\\\/2025\\\/12\\\/Logistikzentrum.webp\",\"articleSection\":[\"Events &amp; Messen\",\"Pressemitteilungen\"],\"inLanguage\":\"sl-SI\"},{\"@type\":\"WebPage\",\"@id\":\"https:\\\/\\\/ahorn-camp.de\\\/ahorn-camps-neues-logistikzentrum\\\/\",\"url\":\"https:\\\/\\\/ahorn-camp.de\\\/ahorn-camps-neues-logistikzentrum\\\/\",\"name\":\"Ahorn Camp er\u00f6ffnet neues Logistikzentrum\",\"isPartOf\":{\"@id\":\"https:\\\/\\\/ahorn-camp.de\\\/#website\"},\"primaryImageOfPage\":{\"@id\":\"https:\\\/\\\/ahorn-camp.de\\\/ahorn-camps-neues-logistikzentrum\\\/#primaryimage\"},\"image\":{\"@id\":\"https:\\\/\\\/ahorn-camp.de\\\/ahorn-camps-neues-logistikzentrum\\\/#primaryimage\"},\"thumbnailUrl\":\"https:\\\/\\\/ahorn-camp.de\\\/wp-content\\\/uploads\\\/2025\\\/12\\\/Logistikzentrum.webp\",\"datePublished\":\"2025-12-12T09:06:53+00:00\",\"dateModified\":\"2025-12-12T10:40:25+00:00\",\"description\":\"Ahorn Camp er\u00f6ffnet in Speyer ein neues Logistikzentrum mit Fokus auf Effizienz, Nachhaltigkeit und strategisches Wachstum.\",\"breadcrumb\":{\"@id\":\"https:\\\/\\\/ahorn-camp.de\\\/ahorn-camps-neues-logistikzentrum\\\/#breadcrumb\"},\"inLanguage\":\"sl-SI\",\"potentialAction\":[{\"@type\":\"ReadAction\",\"target\":[\"https:\\\/\\\/ahorn-camp.de\\\/ahorn-camps-neues-logistikzentrum\\\/\"]}]},{\"@type\":\"ImageObject\",\"inLanguage\":\"sl-SI\",\"@id\":\"https:\\\/\\\/ahorn-camp.de\\\/ahorn-camps-neues-logistikzentrum\\\/#primaryimage\",\"url\":\"https:\\\/\\\/ahorn-camp.de\\\/wp-content\\\/uploads\\\/2025\\\/12\\\/Logistikzentrum.webp\",\"contentUrl\":\"https:\\\/\\\/ahorn-camp.de\\\/wp-content\\\/uploads\\\/2025\\\/12\\\/Logistikzentrum.webp\",\"width\":543,\"height\":353,\"caption\":\"Ahorns neues Logistikzentrum bei Er\u00f6ffnung\"},{\"@type\":\"BreadcrumbList\",\"@id\":\"https:\\\/\\\/ahorn-camp.de\\\/ahorn-camps-neues-logistikzentrum\\\/#breadcrumb\",\"itemListElement\":[{\"@type\":\"ListItem\",\"position\":1,\"name\":\"Startseite\",\"item\":\"https:\\\/\\\/ahorn-camp.de\\\/\"},{\"@type\":\"ListItem\",\"position\":2,\"name\":\"Ahorn Camp er\u00f6ffnet neues Logistikzentrum in Speyer \u2013 Effizienz, Nachhaltigkeit und strategisches Wachstum im Fokus\"}]},{\"@type\":\"WebSite\",\"@id\":\"https:\\\/\\\/ahorn-camp.de\\\/#website\",\"url\":\"https:\\\/\\\/ahorn-camp.de\\\/\",\"name\":\"Ahorn Camp | Reisemobile und Kastenwagen\",\"description\":\"Seit \u00fcber 30 Jahren vermarktet das Familienunternehmen, Ahorn Camp in Speyer, erfolgreich Wohnmobile und Kastenwagen zum besten Preis-Leistungsverh\u00e4ltnis.\",\"publisher\":{\"@id\":\"https:\\\/\\\/ahorn-camp.de\\\/#organization\"},\"potentialAction\":[{\"@type\":\"SearchAction\",\"target\":{\"@type\":\"EntryPoint\",\"urlTemplate\":\"https:\\\/\\\/ahorn-camp.de\\\/?s={search_term_string}\"},\"query-input\":{\"@type\":\"PropertyValueSpecification\",\"valueRequired\":true,\"valueName\":\"search_term_string\"}}],\"inLanguage\":\"sl-SI\"},{\"@type\":\"Organization\",\"@id\":\"https:\\\/\\\/ahorn-camp.de\\\/#organization\",\"name\":\"Ahorn Camp GmbH & Co. KG\",\"url\":\"https:\\\/\\\/ahorn-camp.de\\\/\",\"logo\":{\"@type\":\"ImageObject\",\"inLanguage\":\"sl-SI\",\"@id\":\"https:\\\/\\\/ahorn-camp.de\\\/#\\\/schema\\\/logo\\\/image\\\/\",\"url\":\"https:\\\/\\\/ahorn-camp.de\\\/wp-content\\\/uploads\\\/2018\\\/12\\\/Ahorn_Logo.jpg\",\"contentUrl\":\"https:\\\/\\\/ahorn-camp.de\\\/wp-content\\\/uploads\\\/2018\\\/12\\\/Ahorn_Logo.jpg\",\"width\":1437,\"height\":1000,\"caption\":\"Ahorn Camp GmbH & Co. KG\"},\"image\":{\"@id\":\"https:\\\/\\\/ahorn-camp.de\\\/#\\\/schema\\\/logo\\\/image\\\/\"},\"sameAs\":[\"https:\\\/\\\/www.facebook.com\\\/ahorn.wohnmobile\\\/\",\"https:\\\/\\\/www.instagram.com\\\/ahorn.camp\\\/\",\"https:\\\/\\\/www.youtube.com\\\/channel\\\/UCPFbPCts1JJ_A1k9vyH0yOQ\"]},{\"@type\":\"Person\",\"@id\":\"https:\\\/\\\/ahorn-camp.de\\\/#\\\/schema\\\/person\\\/9b60761ba82d5cb8e6db215a88925044\",\"name\":\"ahorn_admin\",\"image\":{\"@type\":\"ImageObject\",\"inLanguage\":\"sl-SI\",\"@id\":\"https:\\\/\\\/secure.gravatar.com\\\/avatar\\\/d96b9a078083b0c14cee48589feadd939c3cdd66547e2f3f1569470371daaaa5?s=96&d=mm&r=g\",\"url\":\"https:\\\/\\\/secure.gravatar.com\\\/avatar\\\/d96b9a078083b0c14cee48589feadd939c3cdd66547e2f3f1569470371daaaa5?s=96&d=mm&r=g\",\"contentUrl\":\"https:\\\/\\\/secure.gravatar.com\\\/avatar\\\/d96b9a078083b0c14cee48589feadd939c3cdd66547e2f3f1569470371daaaa5?s=96&d=mm&r=g\",\"caption\":\"ahorn_admin\"},\"sameAs\":[\"http:\\\/\\\/Ahorn%20Camp\"],\"url\":\"https:\\\/\\\/ahorn-camp.de\\\/sl\\\/author\\\/ahorn_admin\\\/\"}]}<\/script>\n<!-- \/ Yoast SEO plugin. -->","yoast_head_json":{"title":"Ahorn Camp odpre novo logisti\u010dno sredi\u0161\u010de","description":"Podjetje Ahorn Camp odpira v Speyerju novo logisti\u010dno sredi\u0161\u010de, ki bo usmerjeno v u\u010dinkovitost, trajnost in strate\u0161ko rast.","robots":{"index":"index","follow":"follow","max-snippet":"max-snippet:-1","max-image-preview":"max-image-preview:large","max-video-preview":"max-video-preview:-1"},"canonical":"https:\/\/ahorn-camp.de\/sl\/novo-logisticno-sredisce-ahorn-camp\/","og_locale":"sl_SI","og_type":"article","og_title":"Ahorn Camp er\u00f6ffnet neues Logistikzentrum","og_description":"Ahorn Camp er\u00f6ffnet in Speyer ein neues Logistikzentrum mit Fokus auf Effizienz, Nachhaltigkeit und strategisches Wachstum.","og_url":"https:\/\/ahorn-camp.de\/sl\/novo-logisticno-sredisce-ahorn-camp\/","og_site_name":"Ahorn Camp | Reisemobile und Kastenwagen","article_publisher":"https:\/\/www.facebook.com\/ahorn.wohnmobile\/","article_published_time":"2025-12-12T09:06:53+00:00","article_modified_time":"2025-12-12T10:40:25+00:00","og_image":[{"width":543,"height":353,"url":"https:\/\/ahorn-camp.de\/wp-content\/uploads\/2025\/12\/Logistikzentrum.webp","type":"image\/webp"}],"author":"ahorn_admin","twitter_card":"summary_large_image","twitter_misc":{"Written by":"ahorn_admin","Est. reading time":"4 minute"},"schema":{"@context":"https:\/\/schema.org","@graph":[{"@type":"Article","@id":"https:\/\/ahorn-camp.de\/ahorn-camps-neues-logistikzentrum\/#article","isPartOf":{"@id":"https:\/\/ahorn-camp.de\/ahorn-camps-neues-logistikzentrum\/"},"author":{"name":"ahorn_admin","@id":"https:\/\/ahorn-camp.de\/#\/schema\/person\/9b60761ba82d5cb8e6db215a88925044"},"headline":"Ahorn Camp er\u00f6ffnet neues Logistikzentrum in Speyer \u2013 Effizienz, Nachhaltigkeit und strategisches Wachstum im Fokus","datePublished":"2025-12-12T09:06:53+00:00","dateModified":"2025-12-12T10:40:25+00:00","mainEntityOfPage":{"@id":"https:\/\/ahorn-camp.de\/ahorn-camps-neues-logistikzentrum\/"},"wordCount":546,"publisher":{"@id":"https:\/\/ahorn-camp.de\/#organization"},"image":{"@id":"https:\/\/ahorn-camp.de\/ahorn-camps-neues-logistikzentrum\/#primaryimage"},"thumbnailUrl":"https:\/\/ahorn-camp.de\/wp-content\/uploads\/2025\/12\/Logistikzentrum.webp","articleSection":["Events &amp; Messen","Pressemitteilungen"],"inLanguage":"sl-SI"},{"@type":"WebPage","@id":"https:\/\/ahorn-camp.de\/ahorn-camps-neues-logistikzentrum\/","url":"https:\/\/ahorn-camp.de\/ahorn-camps-neues-logistikzentrum\/","name":"Ahorn Camp odpre novo logisti\u010dno sredi\u0161\u010de","isPartOf":{"@id":"https:\/\/ahorn-camp.de\/#website"},"primaryImageOfPage":{"@id":"https:\/\/ahorn-camp.de\/ahorn-camps-neues-logistikzentrum\/#primaryimage"},"image":{"@id":"https:\/\/ahorn-camp.de\/ahorn-camps-neues-logistikzentrum\/#primaryimage"},"thumbnailUrl":"https:\/\/ahorn-camp.de\/wp-content\/uploads\/2025\/12\/Logistikzentrum.webp","datePublished":"2025-12-12T09:06:53+00:00","dateModified":"2025-12-12T10:40:25+00:00","description":"Podjetje Ahorn Camp odpira v Speyerju novo logisti\u010dno sredi\u0161\u010de, ki bo usmerjeno v u\u010dinkovitost, trajnost in strate\u0161ko rast.","breadcrumb":{"@id":"https:\/\/ahorn-camp.de\/ahorn-camps-neues-logistikzentrum\/#breadcrumb"},"inLanguage":"sl-SI","potentialAction":[{"@type":"ReadAction","target":["https:\/\/ahorn-camp.de\/ahorn-camps-neues-logistikzentrum\/"]}]},{"@type":"ImageObject","inLanguage":"sl-SI","@id":"https:\/\/ahorn-camp.de\/ahorn-camps-neues-logistikzentrum\/#primaryimage","url":"https:\/\/ahorn-camp.de\/wp-content\/uploads\/2025\/12\/Logistikzentrum.webp","contentUrl":"https:\/\/ahorn-camp.de\/wp-content\/uploads\/2025\/12\/Logistikzentrum.webp","width":543,"height":353,"caption":"Ahorns neues Logistikzentrum bei Er\u00f6ffnung"},{"@type":"BreadcrumbList","@id":"https:\/\/ahorn-camp.de\/ahorn-camps-neues-logistikzentrum\/#breadcrumb","itemListElement":[{"@type":"ListItem","position":1,"name":"Startseite","item":"https:\/\/ahorn-camp.de\/"},{"@type":"ListItem","position":2,"name":"Ahorn Camp er\u00f6ffnet neues Logistikzentrum in Speyer \u2013 Effizienz, Nachhaltigkeit und strategisches Wachstum im Fokus"}]},{"@type":"WebSite","@id":"https:\/\/ahorn-camp.de\/#website","url":"https:\/\/ahorn-camp.de\/","name":"Ahorn Camp | Avtodomi in kombiji","description":"\u017de ve\u010d kot 30 let dru\u017einsko podjetje Ahorn Camp iz Speyerja uspe\u0161no prodaja avtodome in kombije z najbolj\u0161im razmerjem med ceno in kakovostjo.","publisher":{"@id":"https:\/\/ahorn-camp.de\/#organization"},"potentialAction":[{"@type":"SearchAction","target":{"@type":"EntryPoint","urlTemplate":"https:\/\/ahorn-camp.de\/?s={search_term_string}"},"query-input":{"@type":"PropertyValueSpecification","valueRequired":true,"valueName":"search_term_string"}}],"inLanguage":"sl-SI"},{"@type":"Organization","@id":"https:\/\/ahorn-camp.de\/#organization","name":"Ahorn Camp GmbH &amp; Co. KG","url":"https:\/\/ahorn-camp.de\/","logo":{"@type":"ImageObject","inLanguage":"sl-SI","@id":"https:\/\/ahorn-camp.de\/#\/schema\/logo\/image\/","url":"https:\/\/ahorn-camp.de\/wp-content\/uploads\/2018\/12\/Ahorn_Logo.jpg","contentUrl":"https:\/\/ahorn-camp.de\/wp-content\/uploads\/2018\/12\/Ahorn_Logo.jpg","width":1437,"height":1000,"caption":"Ahorn Camp GmbH & Co. KG"},"image":{"@id":"https:\/\/ahorn-camp.de\/#\/schema\/logo\/image\/"},"sameAs":["https:\/\/www.facebook.com\/ahorn.wohnmobile\/","https:\/\/www.instagram.com\/ahorn.camp\/","https:\/\/www.youtube.com\/channel\/UCPFbPCts1JJ_A1k9vyH0yOQ"]},{"@type":"Person","@id":"https:\/\/ahorn-camp.de\/#\/schema\/person\/9b60761ba82d5cb8e6db215a88925044","name":"ahorn_admin","image":{"@type":"ImageObject","inLanguage":"sl-SI","@id":"https:\/\/secure.gravatar.com\/avatar\/d96b9a078083b0c14cee48589feadd939c3cdd66547e2f3f1569470371daaaa5?s=96&d=mm&r=g","url":"https:\/\/secure.gravatar.com\/avatar\/d96b9a078083b0c14cee48589feadd939c3cdd66547e2f3f1569470371daaaa5?s=96&d=mm&r=g","contentUrl":"https:\/\/secure.gravatar.com\/avatar\/d96b9a078083b0c14cee48589feadd939c3cdd66547e2f3f1569470371daaaa5?s=96&d=mm&r=g","caption":"ahorn_admin"},"sameAs":["http:\/\/Ahorn%20Camp"],"url":"https:\/\/ahorn-camp.de\/sl\/author\/ahorn_admin\/"}]}},"_links":{"self":[{"href":"https:\/\/ahorn-camp.de\/sl\/wp-json\/wp\/v2\/posts\/37035","targetHints":{"allow":["GET"]}}],"collection":[{"href":"https:\/\/ahorn-camp.de\/sl\/wp-json\/wp\/v2\/posts"}],"about":[{"href":"https:\/\/ahorn-camp.de\/sl\/wp-json\/wp\/v2\/types\/post"}],"author":[{"embeddable":true,"href":"https:\/\/ahorn-camp.de\/sl\/wp-json\/wp\/v2\/users\/2"}],"replies":[{"embeddable":true,"href":"https:\/\/ahorn-camp.de\/sl\/wp-json\/wp\/v2\/comments?post=37035"}],"version-history":[{"count":3,"href":"https:\/\/ahorn-camp.de\/sl\/wp-json\/wp\/v2\/posts\/37035\/revisions"}],"predecessor-version":[{"id":37049,"href":"https:\/\/ahorn-camp.de\/sl\/wp-json\/wp\/v2\/posts\/37035\/revisions\/37049"}],"wp:featuredmedia":[{"embeddable":true,"href":"https:\/\/ahorn-camp.de\/sl\/wp-json\/wp\/v2\/media\/37036"}],"wp:attachment":[{"href":"https:\/\/ahorn-camp.de\/sl\/wp-json\/wp\/v2\/media?parent=37035"}],"wp:term":[{"taxonomy":"category","embeddable":true,"href":"https:\/\/ahorn-camp.de\/sl\/wp-json\/wp\/v2\/categories?post=37035"},{"taxonomy":"post_tag","embeddable":true,"href":"https:\/\/ahorn-camp.de\/sl\/wp-json\/wp\/v2\/tags?post=37035"}],"curies":[{"name":"wp","href":"https:\/\/api.w.org\/{rel}","templated":true}]}}