{"id":3126,"date":"2019-12-12T13:42:57","date_gmt":"2019-12-12T12:42:57","guid":{"rendered":"https:\/\/ahorn-camp.de\/?p=3126"},"modified":"2022-04-25T15:39:00","modified_gmt":"2022-04-25T13:39:00","slug":"s-kamperjem-po-toskani","status":"publish","type":"post","link":"https:\/\/ahorn-camp.de\/sl\/mit-dem-camper-van-durch-die-toskana\/","title":{"rendered":"Z avtodomom po Toskani"},"content":{"rendered":"<p><strong>Z avtodomom po Toskani \u2013 Potovanje se je za\u010delo z ovinkom in no\u010ditvijo v bli\u017eini Heidelberga, saj je bil prevzem v Speyerju.<\/strong><br \/>\n<strong>v soboto zjutraj sem bil zelo prijazno sprejet od<a href=\"https:\/\/ahorn-camp.de\/sl\/\"> Javor team<\/a> pozdravljen in usmerjen v vozilo.<\/strong><\/p>\n<p>Z vsemi novimi vtisi smo se \u017ee odpravili proti M\u00fcnchnu, da bi poletno sopotnico pobrali. Po hitrem nakupu vseh \u017eivil za naslednja dva tedna smo se \u017ee odpravili na pot proti prvemu cilju. Ko smo prispeli na Ju\u017eno Tirolsko, k Tri Sile, se je prvi dan kon\u010dal in nastopila je no\u010d. Le hitro smo \u0161e nekaj pojedli, saj nas je zaradi \u017eelje po fotografiranju son\u010dnega vzhoda \u010dakala zelo kratka no\u010d.<\/p>\n<p>Fotografije so bile posnete in na na\u0161ih \u0161tevcih korakov smo nabrali \u017ee pribli\u017eno 15 km hoje. Tako je bil zajtrk, ki smo ga u\u017eivali pred avtodomom na soncu, dobrodo\u0161el. Nadaljevali smo pot do Gardskega jezera \u010dez Brenner. Ko smo prispeli na parkiri\u0161\u010de v Gardo, nedale\u010d od jezera, smo si najprej pretegnili noge ter raziskali center mesta in promenado. Ve\u010der smo zaklju\u010dili ob jezeru z okusno pico in prvo kozarcem vina.<\/p>\n<p><img fetchpriority=\"high\" decoding=\"async\" class=\"aligncenter\" title=\"Z avtodomom po Toskani\" src=\"https:\/\/ahorn-camp.de\/wp-content\/uploads\/2020\/01\/DJI_0101-scaled-682x374.jpg\" alt=\"Z avtodomom po Toskani\" width=\"669\" height=\"367\" \/><\/p>\n<blockquote>\n<hr \/>\n<p style=\"text-align: center;\">\u201ePreden smo zaprli o\u010di, smo na nebu \u0161e opazili Rimsko cesto!\u201c<\/p>\n<\/blockquote>\n<hr \/>\n<p>Po zajtrku smo \u0161li v cerkev (<a href=\"https:\/\/de.wikipedia.org\/wiki\/Madonna_della_Corona_(Veneto)\" target=\"_blank\" rel=\"noopener noreferrer\">Madonna della Corona<\/a>), ki je bila zgrajena zelo blizu skal. Naslednji postanek naj bi bil lepo mesto neposredno ob morju, zgrajeno na pe\u010dinah. Na \u017ealost tu ni bilo mo\u017enosti za parkiranje\/no\u010ditev s kamperjem v bli\u017eini. Zato smo se odlo\u010dili, da gremo na kamp za, ki je bil blizu morja. Naslednji dan smo nadaljevali v Toskano, na sporedu so bila majhna mesta, kot sta Volterra in San Gimignano. Obe mesti le\u017eita vsako na gri\u010du in od tam zgoraj se ponuja odli\u010den razgled po Toskani. Pod Volterro smo na\u0161li odli\u010den prostor za spanje. Po kratki no\u010di smo se ob son\u010dnem vzhodu povzpeli v mesto. Jutranja atmosfera je bila \u010dudovita, zelo tiha in mirna, pri \u010demer smo imeli res sre\u010do s vremenom.<\/p>\n<p>Po \u0161e dveh no\u010deh v Toskani, kjer smo si ogledali \u0161e nekaj manj\u0161ih mest, dodatna mesta za fotografiranje in termalno kopali\u0161\u010de, smo se odpravili v Firence na kamp. Nahajal se je v kraju Fiesole in od tam smo imeli razgled na celotno mesto. Tukaj smo ostali dve no\u010di, da smo avtodom pustili parkiran. Obiskali smo Firence in majhno mestece Fiesole. Kulinari\u010dno obe mesti absolutno priporo\u010dava.<\/p>\n<p><img decoding=\"async\" class=\"aligncenter wp-image-4479\" title=\"Z avtodomom po Toskani\" src=\"https:\/\/ahorn-camp.de\/wp-content\/uploads\/2020\/03\/CamperVan_Toskana.jpg\" alt=\"Z avtodomom po Toskani\" width=\"669\" height=\"368\" srcset=\"https:\/\/ahorn-camp.de\/wp-content\/uploads\/2020\/03\/CamperVan_Toskana.jpg 1240w, https:\/\/ahorn-camp.de\/wp-content\/uploads\/2020\/03\/CamperVan_Toskana-300x165.jpg 300w, https:\/\/ahorn-camp.de\/wp-content\/uploads\/2020\/03\/CamperVan_Toskana-1024x562.jpg 1024w, https:\/\/ahorn-camp.de\/wp-content\/uploads\/2020\/03\/CamperVan_Toskana-768x422.jpg 768w, https:\/\/ahorn-camp.de\/wp-content\/uploads\/2020\/03\/CamperVan_Toskana-800x439.jpg 800w\" sizes=\"(max-width: 669px) 100vw, 669px\" \/><\/p>\n<hr \/>\n<blockquote>\n<p style=\"text-align: center;\">\u201eAtmosfera zjutraj je bila super lepa, zelo tiha in mirna!\u201c<\/p>\n<\/blockquote>\n<hr \/>\n<p>Nato smo se ponovno odpravili k Gardskemu jezeru, kjer smo ob\u010dasno pomakali noge v vodo in u\u017eivali v zadnjih dobrih picah. Ko sem Caro odlo\u017eil v Veroni, sem pot nadaljeval v \u0160vico. Temperature so se tam zni\u017eale, saj sem se povzpel na vi\u0161ino ve\u010d kot 2000 metrov. Naslednja postaja je bil Sankt Moritz. Pot tja me je vodila po \u0161tevilnih gorskih cestah in prelazih s \u010dudovitimi razgledi na gore in okolico. Preden sem se kon\u010dno odpravil nazaj v Nem\u010dijo, sem \u0161e obiskal Appenzellerland v \u0160vici, nato pa sem se usmeril proti Speyerju.<\/p>\n<p>Zadnje no\u010di v avtodomu sem zelo u\u017eival in si jih \u0161e enkrat popestril s pasto in vinom.<br \/>\nPredaja v Speyerju je potekala brez te\u017eav in spet so me zelo prijazno sprejeli.<\/p>\n<p>Tudi vi na\u010drtujete potovanje s kamperjem po Toskani? <a href=\"https:\/\/ahorn-camp.de\/sl\/avtodomi-ahorn\/kombi\/\">Pregled na\u0161ih kombijev Ahorn lahko najdete tukaj.<\/a><\/p>\n<hr \/>\n<h6><u>Naslednje potopisno poro\u010dilo<\/u><\/h6>\n<p><a href=\"https:\/\/ahorn-camp.de\/sl\/mit-dem-wohnmobil-durch-die-endlose-weite-schottlands\/\"><img decoding=\"async\" class=\"alignleft wp-image-3125 size-medium\" src=\"https:\/\/ahorn-camp.de\/wp-content\/uploads\/2019\/05\/ahorn-full_res-3x2___7-300x200.jpg\" alt=\"\" width=\"300\" height=\"200\" srcset=\"https:\/\/ahorn-camp.de\/wp-content\/uploads\/2019\/05\/ahorn-full_res-3x2___7-300x200.jpg 300w, https:\/\/ahorn-camp.de\/wp-content\/uploads\/2019\/05\/ahorn-full_res-3x2___7-scaled-800x533.jpg 800w, https:\/\/ahorn-camp.de\/wp-content\/uploads\/2019\/05\/ahorn-full_res-3x2___7-1024x683.jpg 1024w, https:\/\/ahorn-camp.de\/wp-content\/uploads\/2019\/05\/ahorn-full_res-3x2___7-768x512.jpg 768w, https:\/\/ahorn-camp.de\/wp-content\/uploads\/2019\/05\/ahorn-full_res-3x2___7-1536x1024.jpg 1536w, https:\/\/ahorn-camp.de\/wp-content\/uploads\/2019\/05\/ahorn-full_res-3x2___7-2048x1365.jpg 2048w\" sizes=\"(max-width: 300px) 100vw, 300px\" \/><\/a><\/p>\n<p>&nbsp;<\/p>\n<p>&nbsp;<\/p>\n<p>&nbsp;<\/p>\n<p>&nbsp;<\/p>\n<p><a href=\"https:\/\/ahorn-camp.de\/sl\/mit-dem-wohnmobil-durch-die-endlose-weite-schottlands\/\" target=\"_blank\" rel=\"noopener noreferrer\">Z avtodomom po neskon\u010dni prostranosti \u0160kotske<\/a><\/p>","protected":false},"excerpt":{"rendered":"<p>&#8222;Die Atmosph\u00e4re am Morgen war super sch\u00f6n, sehr leise und ruhig und wir hatten richtig gl\u00fcck mit dem Wetter. Nach zwei weiteren N\u00e4chten in der Toskana wo wir uns noch ein paar kleine St\u00e4dte, weitere Fotospots und ein Thermalbad angeguckt haben ging es nach Florenz auf einen Campingplatz. Er befand sich in dem Ort Fiesole, von dort hatten wir einen Blick \u00fcber die ganze Stadt.&#8220;<\/p>","protected":false},"author":2,"featured_media":3127,"comment_status":"closed","ping_status":"closed","sticky":false,"template":"","format":"standard","meta":{"content-type":"","footnotes":""},"categories":[208],"tags":[],"class_list":["post-3126","post","type-post","status-publish","format-standard","has-post-thumbnail","hentry","category-blog"],"yoast_head":"<!-- This site is optimized with the Yoast SEO plugin v28.4 - https:\/\/yoast.com\/product\/yoast-seo-wordpress\/ -->\n<title>Mit dem Camper Van durch die Toskana - Ahorn Camp - Blog<\/title>\n<meta name=\"description\" content=\"Mit dem Camper Van durch die Toskana und die abwechslungsreiche Natur erleben. Ein Reisebericht \u00fcber die wundersch\u00f6ne Landschaft der Toskana.\" \/>\n<meta name=\"robots\" content=\"index, follow, max-snippet:-1, max-image-preview:large, max-video-preview:-1\" \/>\n<link rel=\"canonical\" href=\"https:\/\/ahorn-camp.de\/sl\/s-kamperjem-po-toskani\/\" \/>\n<meta property=\"og:locale\" content=\"sl_SI\" \/>\n<meta property=\"og:type\" content=\"article\" \/>\n<meta property=\"og:title\" content=\"Mit dem Camper Van durch die Toskana\" \/>\n<meta property=\"og:description\" content=\"Mit dem Camper Van durch die Toskana und die abwechslungsreiche Natur erleben. Ein Reisebericht \u00fcber die wundersch\u00f6ne Landschaft der Toskana.\" \/>\n<meta property=\"og:url\" content=\"https:\/\/ahorn-camp.de\/sl\/s-kamperjem-po-toskani\/\" \/>\n<meta property=\"og:site_name\" content=\"Ahorn Camp | Reisemobile und Kastenwagen\" \/>\n<meta property=\"article:publisher\" content=\"https:\/\/www.facebook.com\/ahorn.wohnmobile\/\" \/>\n<meta property=\"article:published_time\" content=\"2019-12-12T12:42:57+00:00\" \/>\n<meta property=\"article:modified_time\" content=\"2022-04-25T13:39:00+00:00\" \/>\n<meta name=\"author\" content=\"ahorn_admin\" \/>\n<meta name=\"twitter:card\" content=\"summary_large_image\" \/>\n<meta name=\"twitter:title\" content=\"Mit dem Camper Van durch die Toskana\" \/>\n<meta name=\"twitter:description\" content=\"Mit dem Camper Van durch die Toskana und die abwechslungsreiche Natur erleben. Ein Reisebericht \u00fcber die wundersch\u00f6ne Landschaft der Toskana.\" \/>\n<meta name=\"twitter:label1\" content=\"Written by\" \/>\n\t<meta name=\"twitter:data1\" content=\"ahorn_admin\" \/>\n\t<meta name=\"twitter:label2\" content=\"Est. reading time\" \/>\n\t<meta name=\"twitter:data2\" content=\"5 minut\" \/>\n<script type=\"application\/ld+json\" class=\"yoast-schema-graph\">{\"@context\":\"https:\\\/\\\/schema.org\",\"@graph\":[{\"@type\":\"Article\",\"@id\":\"https:\\\/\\\/ahorn-camp.de\\\/mit-dem-camper-van-durch-die-toskana\\\/#article\",\"isPartOf\":{\"@id\":\"https:\\\/\\\/ahorn-camp.de\\\/mit-dem-camper-van-durch-die-toskana\\\/\"},\"author\":{\"name\":\"ahorn_admin\",\"@id\":\"https:\\\/\\\/ahorn-camp.de\\\/#\\\/schema\\\/person\\\/9b60761ba82d5cb8e6db215a88925044\"},\"headline\":\"Mit dem Camper Van durch die Toskana\",\"datePublished\":\"2019-12-12T12:42:57+00:00\",\"dateModified\":\"2022-04-25T13:39:00+00:00\",\"mainEntityOfPage\":{\"@id\":\"https:\\\/\\\/ahorn-camp.de\\\/mit-dem-camper-van-durch-die-toskana\\\/\"},\"wordCount\":672,\"publisher\":{\"@id\":\"https:\\\/\\\/ahorn-camp.de\\\/#organization\"},\"image\":{\"@id\":\"https:\\\/\\\/ahorn-camp.de\\\/mit-dem-camper-van-durch-die-toskana\\\/#primaryimage\"},\"thumbnailUrl\":\"https:\\\/\\\/ahorn-camp.de\\\/wp-content\\\/uploads\\\/2019\\\/12\\\/Toskana-mit-dem-Wohnmobil.jpg\",\"articleSection\":[\"Blog\"],\"inLanguage\":\"sl-SI\"},{\"@type\":\"WebPage\",\"@id\":\"https:\\\/\\\/ahorn-camp.de\\\/mit-dem-camper-van-durch-die-toskana\\\/\",\"url\":\"https:\\\/\\\/ahorn-camp.de\\\/mit-dem-camper-van-durch-die-toskana\\\/\",\"name\":\"Mit dem Camper Van durch die Toskana - Ahorn Camp - Blog\",\"isPartOf\":{\"@id\":\"https:\\\/\\\/ahorn-camp.de\\\/#website\"},\"primaryImageOfPage\":{\"@id\":\"https:\\\/\\\/ahorn-camp.de\\\/mit-dem-camper-van-durch-die-toskana\\\/#primaryimage\"},\"image\":{\"@id\":\"https:\\\/\\\/ahorn-camp.de\\\/mit-dem-camper-van-durch-die-toskana\\\/#primaryimage\"},\"thumbnailUrl\":\"https:\\\/\\\/ahorn-camp.de\\\/wp-content\\\/uploads\\\/2019\\\/12\\\/Toskana-mit-dem-Wohnmobil.jpg\",\"datePublished\":\"2019-12-12T12:42:57+00:00\",\"dateModified\":\"2022-04-25T13:39:00+00:00\",\"description\":\"Mit dem Camper Van durch die Toskana und die abwechslungsreiche Natur erleben. Ein Reisebericht \u00fcber die wundersch\u00f6ne Landschaft der Toskana.\",\"breadcrumb\":{\"@id\":\"https:\\\/\\\/ahorn-camp.de\\\/mit-dem-camper-van-durch-die-toskana\\\/#breadcrumb\"},\"inLanguage\":\"sl-SI\",\"potentialAction\":[{\"@type\":\"ReadAction\",\"target\":[\"https:\\\/\\\/ahorn-camp.de\\\/mit-dem-camper-van-durch-die-toskana\\\/\"]}]},{\"@type\":\"ImageObject\",\"inLanguage\":\"sl-SI\",\"@id\":\"https:\\\/\\\/ahorn-camp.de\\\/mit-dem-camper-van-durch-die-toskana\\\/#primaryimage\",\"url\":\"https:\\\/\\\/ahorn-camp.de\\\/wp-content\\\/uploads\\\/2019\\\/12\\\/Toskana-mit-dem-Wohnmobil.jpg\",\"contentUrl\":\"https:\\\/\\\/ahorn-camp.de\\\/wp-content\\\/uploads\\\/2019\\\/12\\\/Toskana-mit-dem-Wohnmobil.jpg\",\"width\":1500,\"height\":847},{\"@type\":\"BreadcrumbList\",\"@id\":\"https:\\\/\\\/ahorn-camp.de\\\/mit-dem-camper-van-durch-die-toskana\\\/#breadcrumb\",\"itemListElement\":[{\"@type\":\"ListItem\",\"position\":1,\"name\":\"Startseite\",\"item\":\"https:\\\/\\\/ahorn-camp.de\\\/\"},{\"@type\":\"ListItem\",\"position\":2,\"name\":\"Mit dem Camper Van durch die Toskana\"}]},{\"@type\":\"WebSite\",\"@id\":\"https:\\\/\\\/ahorn-camp.de\\\/#website\",\"url\":\"https:\\\/\\\/ahorn-camp.de\\\/\",\"name\":\"Ahorn Camp | Reisemobile und Kastenwagen\",\"description\":\"Seit \u00fcber 30 Jahren vermarktet das Familienunternehmen, Ahorn Camp in Speyer, erfolgreich Wohnmobile und Kastenwagen zum besten Preis-Leistungsverh\u00e4ltnis.\",\"publisher\":{\"@id\":\"https:\\\/\\\/ahorn-camp.de\\\/#organization\"},\"potentialAction\":[{\"@type\":\"SearchAction\",\"target\":{\"@type\":\"EntryPoint\",\"urlTemplate\":\"https:\\\/\\\/ahorn-camp.de\\\/?s={search_term_string}\"},\"query-input\":{\"@type\":\"PropertyValueSpecification\",\"valueRequired\":true,\"valueName\":\"search_term_string\"}}],\"inLanguage\":\"sl-SI\"},{\"@type\":\"Organization\",\"@id\":\"https:\\\/\\\/ahorn-camp.de\\\/#organization\",\"name\":\"Ahorn Camp GmbH & Co. KG\",\"url\":\"https:\\\/\\\/ahorn-camp.de\\\/\",\"logo\":{\"@type\":\"ImageObject\",\"inLanguage\":\"sl-SI\",\"@id\":\"https:\\\/\\\/ahorn-camp.de\\\/#\\\/schema\\\/logo\\\/image\\\/\",\"url\":\"https:\\\/\\\/ahorn-camp.de\\\/wp-content\\\/uploads\\\/2018\\\/12\\\/Ahorn_Logo.jpg\",\"contentUrl\":\"https:\\\/\\\/ahorn-camp.de\\\/wp-content\\\/uploads\\\/2018\\\/12\\\/Ahorn_Logo.jpg\",\"width\":1437,\"height\":1000,\"caption\":\"Ahorn Camp GmbH & Co. KG\"},\"image\":{\"@id\":\"https:\\\/\\\/ahorn-camp.de\\\/#\\\/schema\\\/logo\\\/image\\\/\"},\"sameAs\":[\"https:\\\/\\\/www.facebook.com\\\/ahorn.wohnmobile\\\/\",\"https:\\\/\\\/www.instagram.com\\\/ahorn.camp\\\/\",\"https:\\\/\\\/www.youtube.com\\\/channel\\\/UCPFbPCts1JJ_A1k9vyH0yOQ\"]},{\"@type\":\"Person\",\"@id\":\"https:\\\/\\\/ahorn-camp.de\\\/#\\\/schema\\\/person\\\/9b60761ba82d5cb8e6db215a88925044\",\"name\":\"ahorn_admin\",\"image\":{\"@type\":\"ImageObject\",\"inLanguage\":\"sl-SI\",\"@id\":\"https:\\\/\\\/secure.gravatar.com\\\/avatar\\\/d96b9a078083b0c14cee48589feadd939c3cdd66547e2f3f1569470371daaaa5?s=96&d=mm&r=g\",\"url\":\"https:\\\/\\\/secure.gravatar.com\\\/avatar\\\/d96b9a078083b0c14cee48589feadd939c3cdd66547e2f3f1569470371daaaa5?s=96&d=mm&r=g\",\"contentUrl\":\"https:\\\/\\\/secure.gravatar.com\\\/avatar\\\/d96b9a078083b0c14cee48589feadd939c3cdd66547e2f3f1569470371daaaa5?s=96&d=mm&r=g\",\"caption\":\"ahorn_admin\"},\"sameAs\":[\"http:\\\/\\\/Ahorn%20Camp\"],\"url\":\"https:\\\/\\\/ahorn-camp.de\\\/sl\\\/author\\\/ahorn_admin\\\/\"}]}<\/script>\n<!-- \/ Yoast SEO plugin. -->","yoast_head_json":{"title":"S kamperjem po Toskani \u2013 Ahorn Camp \u2013 Blog","description":"Z avtodomom po Toskani in do\u017eivite raznoliko naravo. Poro\u010dilo o potovanju po \u010dudoviti pokrajini Toskane.","robots":{"index":"index","follow":"follow","max-snippet":"max-snippet:-1","max-image-preview":"max-image-preview:large","max-video-preview":"max-video-preview:-1"},"canonical":"https:\/\/ahorn-camp.de\/sl\/s-kamperjem-po-toskani\/","og_locale":"sl_SI","og_type":"article","og_title":"Mit dem Camper Van durch die Toskana","og_description":"Mit dem Camper Van durch die Toskana und die abwechslungsreiche Natur erleben. Ein Reisebericht \u00fcber die wundersch\u00f6ne Landschaft der Toskana.","og_url":"https:\/\/ahorn-camp.de\/sl\/s-kamperjem-po-toskani\/","og_site_name":"Ahorn Camp | Reisemobile und Kastenwagen","article_publisher":"https:\/\/www.facebook.com\/ahorn.wohnmobile\/","article_published_time":"2019-12-12T12:42:57+00:00","article_modified_time":"2022-04-25T13:39:00+00:00","author":"ahorn_admin","twitter_card":"summary_large_image","twitter_title":"Mit dem Camper Van durch die Toskana","twitter_description":"Mit dem Camper Van durch die Toskana und die abwechslungsreiche Natur erleben. Ein Reisebericht \u00fcber die wundersch\u00f6ne Landschaft der Toskana.","twitter_misc":{"Written by":"ahorn_admin","Est. reading time":"5 minut"},"schema":{"@context":"https:\/\/schema.org","@graph":[{"@type":"Article","@id":"https:\/\/ahorn-camp.de\/mit-dem-camper-van-durch-die-toskana\/#article","isPartOf":{"@id":"https:\/\/ahorn-camp.de\/mit-dem-camper-van-durch-die-toskana\/"},"author":{"name":"ahorn_admin","@id":"https:\/\/ahorn-camp.de\/#\/schema\/person\/9b60761ba82d5cb8e6db215a88925044"},"headline":"Mit dem Camper Van durch die Toskana","datePublished":"2019-12-12T12:42:57+00:00","dateModified":"2022-04-25T13:39:00+00:00","mainEntityOfPage":{"@id":"https:\/\/ahorn-camp.de\/mit-dem-camper-van-durch-die-toskana\/"},"wordCount":672,"publisher":{"@id":"https:\/\/ahorn-camp.de\/#organization"},"image":{"@id":"https:\/\/ahorn-camp.de\/mit-dem-camper-van-durch-die-toskana\/#primaryimage"},"thumbnailUrl":"https:\/\/ahorn-camp.de\/wp-content\/uploads\/2019\/12\/Toskana-mit-dem-Wohnmobil.jpg","articleSection":["Blog"],"inLanguage":"sl-SI"},{"@type":"WebPage","@id":"https:\/\/ahorn-camp.de\/mit-dem-camper-van-durch-die-toskana\/","url":"https:\/\/ahorn-camp.de\/mit-dem-camper-van-durch-die-toskana\/","name":"S kamperjem po Toskani \u2013 Ahorn Camp \u2013 Blog","isPartOf":{"@id":"https:\/\/ahorn-camp.de\/#website"},"primaryImageOfPage":{"@id":"https:\/\/ahorn-camp.de\/mit-dem-camper-van-durch-die-toskana\/#primaryimage"},"image":{"@id":"https:\/\/ahorn-camp.de\/mit-dem-camper-van-durch-die-toskana\/#primaryimage"},"thumbnailUrl":"https:\/\/ahorn-camp.de\/wp-content\/uploads\/2019\/12\/Toskana-mit-dem-Wohnmobil.jpg","datePublished":"2019-12-12T12:42:57+00:00","dateModified":"2022-04-25T13:39:00+00:00","description":"Z avtodomom po Toskani in do\u017eivite raznoliko naravo. Poro\u010dilo o potovanju po \u010dudoviti pokrajini Toskane.","breadcrumb":{"@id":"https:\/\/ahorn-camp.de\/mit-dem-camper-van-durch-die-toskana\/#breadcrumb"},"inLanguage":"sl-SI","potentialAction":[{"@type":"ReadAction","target":["https:\/\/ahorn-camp.de\/mit-dem-camper-van-durch-die-toskana\/"]}]},{"@type":"ImageObject","inLanguage":"sl-SI","@id":"https:\/\/ahorn-camp.de\/mit-dem-camper-van-durch-die-toskana\/#primaryimage","url":"https:\/\/ahorn-camp.de\/wp-content\/uploads\/2019\/12\/Toskana-mit-dem-Wohnmobil.jpg","contentUrl":"https:\/\/ahorn-camp.de\/wp-content\/uploads\/2019\/12\/Toskana-mit-dem-Wohnmobil.jpg","width":1500,"height":847},{"@type":"BreadcrumbList","@id":"https:\/\/ahorn-camp.de\/mit-dem-camper-van-durch-die-toskana\/#breadcrumb","itemListElement":[{"@type":"ListItem","position":1,"name":"Startseite","item":"https:\/\/ahorn-camp.de\/"},{"@type":"ListItem","position":2,"name":"Mit dem Camper Van durch die Toskana"}]},{"@type":"WebSite","@id":"https:\/\/ahorn-camp.de\/#website","url":"https:\/\/ahorn-camp.de\/","name":"Ahorn Camp | Avtodomi in kombiji","description":"\u017de ve\u010d kot 30 let dru\u017einsko podjetje Ahorn Camp iz Speyerja uspe\u0161no prodaja avtodome in kombije z najbolj\u0161im razmerjem med ceno in kakovostjo.","publisher":{"@id":"https:\/\/ahorn-camp.de\/#organization"},"potentialAction":[{"@type":"SearchAction","target":{"@type":"EntryPoint","urlTemplate":"https:\/\/ahorn-camp.de\/?s={search_term_string}"},"query-input":{"@type":"PropertyValueSpecification","valueRequired":true,"valueName":"search_term_string"}}],"inLanguage":"sl-SI"},{"@type":"Organization","@id":"https:\/\/ahorn-camp.de\/#organization","name":"Ahorn Camp GmbH &amp; Co. KG","url":"https:\/\/ahorn-camp.de\/","logo":{"@type":"ImageObject","inLanguage":"sl-SI","@id":"https:\/\/ahorn-camp.de\/#\/schema\/logo\/image\/","url":"https:\/\/ahorn-camp.de\/wp-content\/uploads\/2018\/12\/Ahorn_Logo.jpg","contentUrl":"https:\/\/ahorn-camp.de\/wp-content\/uploads\/2018\/12\/Ahorn_Logo.jpg","width":1437,"height":1000,"caption":"Ahorn Camp GmbH & Co. KG"},"image":{"@id":"https:\/\/ahorn-camp.de\/#\/schema\/logo\/image\/"},"sameAs":["https:\/\/www.facebook.com\/ahorn.wohnmobile\/","https:\/\/www.instagram.com\/ahorn.camp\/","https:\/\/www.youtube.com\/channel\/UCPFbPCts1JJ_A1k9vyH0yOQ"]},{"@type":"Person","@id":"https:\/\/ahorn-camp.de\/#\/schema\/person\/9b60761ba82d5cb8e6db215a88925044","name":"ahorn_admin","image":{"@type":"ImageObject","inLanguage":"sl-SI","@id":"https:\/\/secure.gravatar.com\/avatar\/d96b9a078083b0c14cee48589feadd939c3cdd66547e2f3f1569470371daaaa5?s=96&d=mm&r=g","url":"https:\/\/secure.gravatar.com\/avatar\/d96b9a078083b0c14cee48589feadd939c3cdd66547e2f3f1569470371daaaa5?s=96&d=mm&r=g","contentUrl":"https:\/\/secure.gravatar.com\/avatar\/d96b9a078083b0c14cee48589feadd939c3cdd66547e2f3f1569470371daaaa5?s=96&d=mm&r=g","caption":"ahorn_admin"},"sameAs":["http:\/\/Ahorn%20Camp"],"url":"https:\/\/ahorn-camp.de\/sl\/author\/ahorn_admin\/"}]}},"_links":{"self":[{"href":"https:\/\/ahorn-camp.de\/sl\/wp-json\/wp\/v2\/posts\/3126","targetHints":{"allow":["GET"]}}],"collection":[{"href":"https:\/\/ahorn-camp.de\/sl\/wp-json\/wp\/v2\/posts"}],"about":[{"href":"https:\/\/ahorn-camp.de\/sl\/wp-json\/wp\/v2\/types\/post"}],"author":[{"embeddable":true,"href":"https:\/\/ahorn-camp.de\/sl\/wp-json\/wp\/v2\/users\/2"}],"replies":[{"embeddable":true,"href":"https:\/\/ahorn-camp.de\/sl\/wp-json\/wp\/v2\/comments?post=3126"}],"version-history":[{"count":0,"href":"https:\/\/ahorn-camp.de\/sl\/wp-json\/wp\/v2\/posts\/3126\/revisions"}],"wp:featuredmedia":[{"embeddable":true,"href":"https:\/\/ahorn-camp.de\/sl\/wp-json\/wp\/v2\/media\/3127"}],"wp:attachment":[{"href":"https:\/\/ahorn-camp.de\/sl\/wp-json\/wp\/v2\/media?parent=3126"}],"wp:term":[{"taxonomy":"category","embeddable":true,"href":"https:\/\/ahorn-camp.de\/sl\/wp-json\/wp\/v2\/categories?post=3126"},{"taxonomy":"post_tag","embeddable":true,"href":"https:\/\/ahorn-camp.de\/sl\/wp-json\/wp\/v2\/tags?post=3126"}],"curies":[{"name":"wp","href":"https:\/\/api.w.org\/{rel}","templated":true}]}}