{"id":27531,"date":"2025-01-20T10:11:23","date_gmt":"2025-01-20T09:11:23","guid":{"rendered":"https:\/\/ahorn-camp.de\/?p=27531"},"modified":"2025-03-11T15:23:42","modified_gmt":"2025-03-11T14:23:42","slug":"promobil-glasovanja-bralcev-2025","status":"publish","type":"post","link":"https:\/\/ahorn-camp.de\/sl\/promobil-leserwahlen-2025\/","title":{"rendered":"Glasovanje bralcev revije Promobil 2025: Ahorn Camp ponovno med vodilnimi"},"content":{"rendered":"<div class=\"wpb-content-wrapper\" id=\"wpb-content-root\"><div class=\"vc_row wpb_row vc_row-fluid\"><div class=\"wpb_column vc_column_container vc_col-sm-6\"><div class=\"vc_column-inner\"><div class=\"wpb_wrapper\">\n\t<div class=\"wpb_text_column wpb_content_element\" >\n\t\t<div class=\"wpb_wrapper\">\n\t\t\t<p>Rezultati letnih bralskih glasovanj uglednih strokovnih revij \u00bbCaravaning\u00ab in \u00bbpromobil\u00ab so znani. Bralci in bralke so izbrali najbolj\u0161e avtodome in osnovna vozila, po\u010ditni\u0161ke prikolice ter blagovne znamke leta \u2013 in Ahorn Camp je med zmagovalci!<\/p>\n<p><strong>Nagrajeni: modeli Canada znamke Ahorn Camp<\/strong><\/p>\n<p>V kategoriji \u201eAvtodomi z alkovom do 70.000 evrov\u201c je bila celotna serija modelov Canada Alkoven podjetja Ahorn Camp nagrajena s 3. mestom med avtodomi in osnovnimi vozili leta. V izbor je bilo vklju\u010denih 274 serij avtodomov ter 23 osnovnih vozil. Ta nagrada \u0161e enkrat poudarja kakovost, zanesljivost in odli\u010dno razmerje med ceno in kakovostjo, po katerih je podjetje Ahorn Camp znano \u017ee vrsto let.<\/p>\n<p>Rezultati glasovanja, ki velja za eno najpomembnej\u0161ih v tej panogi, so bili objavljeni preteklo soboto, 18. januarja, v okviru slovesne podelitve nagrad na sejmu CMT v Stuttgartu. Ahorn Camp se zahvaljuje vsem, ki so omogo\u010dili ta uspeh, in \u010destita vsem ostalim zmagovalcem bralske ankete Promobil 2025!<\/p>\n<p>\u201eZelo smo veseli tega priznanja in se zahvaljujemo bralcem in bralkam, ki so nam izkazali zaupanje. Ta nagrada nas navdihuje, da bomo tudi v prihodnje oblikovali napredne in zanesljive avtodome, ki so popolnoma prilagojeni \u017eeljam na\u0161ih strank in trendom na\u0161ega \u010dasa,\u201c pravi Alexander Reichmann, direktor podjetja Ahorn Camp.<\/p>\n<p><strong>Povezava: <\/strong><a href=\"https:\/\/www.dropbox.com\/scl\/fo\/vd6hs8bfc6cufoax5efrp\/AHwMgO28Nk_DfEG3dbifM2o?rlkey=yi29q79b7u7kucl2g0n7mjnra&amp;st=og76z4rg&amp;dl=0\"><strong>Slikovno in video gradivo<\/strong><\/a><\/p>\n<p><strong>Izjava-Video Aleksandra Reichmanna na Instagramu: <\/strong><a href=\"https:\/\/www.instagram.com\/reel\/DFCxUV5P0Mt\/?igsh=eHU4eWJuZmt0Y25s\"><strong>https:\/\/www.instagram.com\/reel\/DFCxUV5P0Mt\/?igsh=eHU4eWJuZmt0Y25s<\/strong><\/a><\/p>\n\n\t\t<\/div>\n\t<\/div>\n<\/div><\/div><\/div><div class=\"wpb_column vc_column_container vc_col-sm-6\"><div class=\"vc_column-inner\"><div class=\"wpb_wrapper\">\n\t<div  class=\"wpb_single_image wpb_content_element vc_align_left wpb_content_element\">\n\t\t\n\t\t<figure class=\"wpb_wrapper vc_figure\">\n\t\t\t<div class=\"vc_single_image-wrapper\"><img fetchpriority=\"high\" decoding=\"async\" width=\"2560\" height=\"1463\" src=\"https:\/\/ahorn-camp.de\/wp-content\/uploads\/2025\/01\/Banner-Promobil_Auszeichnung-scaled.jpg\" class=\"vc_single_image-img attachment-full\" alt=\"Promobil Leserwahlen 2025\" title=\"Promobil Leserwahlen 2025\" srcset=\"https:\/\/ahorn-camp.de\/wp-content\/uploads\/2025\/01\/Banner-Promobil_Auszeichnung-scaled.jpg 2560w, https:\/\/ahorn-camp.de\/wp-content\/uploads\/2025\/01\/Banner-Promobil_Auszeichnung-300x171.jpg 300w, https:\/\/ahorn-camp.de\/wp-content\/uploads\/2025\/01\/Banner-Promobil_Auszeichnung-1024x585.jpg 1024w, https:\/\/ahorn-camp.de\/wp-content\/uploads\/2025\/01\/Banner-Promobil_Auszeichnung-768x439.jpg 768w, https:\/\/ahorn-camp.de\/wp-content\/uploads\/2025\/01\/Banner-Promobil_Auszeichnung-800x457.jpg 800w, https:\/\/ahorn-camp.de\/wp-content\/uploads\/2025\/01\/Banner-Promobil_Auszeichnung-1536x878.jpg 1536w, https:\/\/ahorn-camp.de\/wp-content\/uploads\/2025\/01\/Banner-Promobil_Auszeichnung-2048x1170.jpg 2048w\" sizes=\"(max-width: 2560px) 100vw, 2560px\" \/><\/div>\n\t\t<\/figure>\n\t<\/div>\n<h3 style=\"text-align: left\" class=\"vc_custom_heading vc_do_custom_heading\" >PRENOS<\/h3>\n\t<div class=\"wpb_text_column wpb_content_element\" >\n\t\t<div class=\"wpb_wrapper\">\n\t\t\t<p><a href=\"https:\/\/ahorn-camp.de\/wp-content\/uploads\/2025\/01\/Pressemitteilung_Promobil-1.pdf\" target=\"_blank\" rel=\"noopener\">Sporo\u010dilo za javnost | PDF<\/a><\/p>\n\n\t\t<\/div>\n\t<\/div>\n\n\t<div class=\"wpb_text_column wpb_content_element\" >\n\t\t<div class=\"wpb_wrapper\">\n\t\t\t<p><a href=\"https:\/\/www.dropbox.com\/scl\/fo\/vd6hs8bfc6cufoax5efrp\/AHwMgO28Nk_DfEG3dbifM2o?rlkey=yi29q79b7u7kucl2g0n7mjnra&amp;st=og76z4rg&amp;dl=0\" target=\"_blank\" rel=\"noopener\">Slike | Dropbox<\/a><\/p>\n\n\t\t<\/div>\n\t<\/div>\n<h3 style=\"text-align: left\" class=\"vc_custom_heading vc_do_custom_heading\" >KONTAKT ZA MEDIJE<\/h3>\n\t<div class=\"wpb_text_column wpb_content_element\" >\n\t\t<div class=\"wpb_wrapper\">\n\t\t\t<p>Franziska Reichmann<br \/>\nVodja marketinga<br \/>\nE-po\u0161ta: f.reichmann@ahorn-camp.de<br \/>\nTel.: +49 (0) 6232 \/ 10028-165<br \/>\nFaks: +49 (0) 6232 \/ 10028-105<\/p>\n\n\t\t<\/div>\n\t<\/div>\n<\/div><\/div><\/div><\/div>\n<\/div>","protected":false},"excerpt":{"rendered":"<p>Rezultati letnih bralskih glasovanj uglednih strokovnih revij \u00bbCaravaning\u00ab in \u00bbpromobil\u00ab so znani. Bralci in bralke so izbrali najbolj\u0161e avtodome in osnovna vozila, prikolice ter blagovne znamke leta \u2013 in Ahorn Camp je med zmagovalci!<\/p>","protected":false},"author":2,"featured_media":27537,"comment_status":"closed","ping_status":"closed","sticky":false,"template":"","format":"standard","meta":{"content-type":"","footnotes":""},"categories":[593,277,67],"tags":[],"class_list":["post-27531","post","type-post","status-publish","format-standard","has-post-thumbnail","hentry","category-auszeichnungen","category-pressemitteilungen","category-unternehmen"],"yoast_head":"<!-- This site is optimized with the Yoast SEO plugin v28.4 - https:\/\/yoast.com\/product\/yoast-seo-wordpress\/ -->\n<title>Promobil Leserwahlen 2025: Ahorn Camp erneut unter den Spitzenreitern<\/title>\n<meta name=\"description\" content=\"LeserInnen haben die besten Reisemobile &amp; Basisfahrzeuge, Caravans sowie Marken des Jahres gew\u00e4hlt \u2013 und Ahorn Camp geh\u00f6rt zu den Siegern!\" \/>\n<meta name=\"robots\" content=\"index, follow, max-snippet:-1, max-image-preview:large, max-video-preview:-1\" \/>\n<link rel=\"canonical\" href=\"https:\/\/ahorn-camp.de\/sl\/promobil-glasovanja-bralcev-2025\/\" \/>\n<meta property=\"og:locale\" content=\"sl_SI\" \/>\n<meta property=\"og:type\" content=\"article\" \/>\n<meta property=\"og:title\" content=\"Promobil Leserwahlen 2025: Ahorn Camp erneut unter den Spitzenreitern\" \/>\n<meta property=\"og:description\" content=\"LeserInnen haben die besten Reisemobile &amp; Basisfahrzeuge, Caravans sowie Marken des Jahres gew\u00e4hlt \u2013 und Ahorn Camp geh\u00f6rt zu den Siegern!\" \/>\n<meta property=\"og:url\" content=\"https:\/\/ahorn-camp.de\/sl\/promobil-glasovanja-bralcev-2025\/\" \/>\n<meta property=\"og:site_name\" content=\"Ahorn Camp | Reisemobile und Kastenwagen\" \/>\n<meta property=\"article:publisher\" content=\"https:\/\/www.facebook.com\/ahorn.wohnmobile\/\" \/>\n<meta property=\"article:published_time\" content=\"2025-01-20T09:11:23+00:00\" \/>\n<meta property=\"article:modified_time\" content=\"2025-03-11T14:23:42+00:00\" \/>\n<meta property=\"og:image\" content=\"https:\/\/ahorn-camp.de\/wp-content\/uploads\/2025\/01\/Aktuelles_Promobil-scaled.jpg\" \/>\n\t<meta property=\"og:image:width\" content=\"2560\" \/>\n\t<meta property=\"og:image:height\" content=\"1920\" \/>\n\t<meta property=\"og:image:type\" content=\"image\/jpeg\" \/>\n<meta name=\"author\" content=\"ahorn_admin\" \/>\n<meta name=\"twitter:card\" content=\"summary_large_image\" \/>\n<meta name=\"twitter:label1\" content=\"Written by\" \/>\n\t<meta name=\"twitter:data1\" content=\"ahorn_admin\" \/>\n\t<meta name=\"twitter:label2\" content=\"Est. reading time\" \/>\n\t<meta name=\"twitter:data2\" content=\"2 minuti\" \/>\n<script type=\"application\/ld+json\" class=\"yoast-schema-graph\">{\"@context\":\"https:\\\/\\\/schema.org\",\"@graph\":[{\"@type\":\"Article\",\"@id\":\"https:\\\/\\\/ahorn-camp.de\\\/promobil-leserwahlen-2025\\\/#article\",\"isPartOf\":{\"@id\":\"https:\\\/\\\/ahorn-camp.de\\\/promobil-leserwahlen-2025\\\/\"},\"author\":{\"name\":\"ahorn_admin\",\"@id\":\"https:\\\/\\\/ahorn-camp.de\\\/#\\\/schema\\\/person\\\/9b60761ba82d5cb8e6db215a88925044\"},\"headline\":\"Promobil Leserwahlen 2025: Ahorn Camp erneut unter den Spitzenreitern\",\"datePublished\":\"2025-01-20T09:11:23+00:00\",\"dateModified\":\"2025-03-11T14:23:42+00:00\",\"mainEntityOfPage\":{\"@id\":\"https:\\\/\\\/ahorn-camp.de\\\/promobil-leserwahlen-2025\\\/\"},\"wordCount\":338,\"publisher\":{\"@id\":\"https:\\\/\\\/ahorn-camp.de\\\/#organization\"},\"image\":{\"@id\":\"https:\\\/\\\/ahorn-camp.de\\\/promobil-leserwahlen-2025\\\/#primaryimage\"},\"thumbnailUrl\":\"https:\\\/\\\/ahorn-camp.de\\\/wp-content\\\/uploads\\\/2025\\\/01\\\/Aktuelles_Promobil-scaled.jpg\",\"articleSection\":[\"Auszeichnungen\",\"Pressemitteilungen\",\"Unternehmen\"],\"inLanguage\":\"sl-SI\"},{\"@type\":\"WebPage\",\"@id\":\"https:\\\/\\\/ahorn-camp.de\\\/promobil-leserwahlen-2025\\\/\",\"url\":\"https:\\\/\\\/ahorn-camp.de\\\/promobil-leserwahlen-2025\\\/\",\"name\":\"Promobil Leserwahlen 2025: Ahorn Camp erneut unter den Spitzenreitern\",\"isPartOf\":{\"@id\":\"https:\\\/\\\/ahorn-camp.de\\\/#website\"},\"primaryImageOfPage\":{\"@id\":\"https:\\\/\\\/ahorn-camp.de\\\/promobil-leserwahlen-2025\\\/#primaryimage\"},\"image\":{\"@id\":\"https:\\\/\\\/ahorn-camp.de\\\/promobil-leserwahlen-2025\\\/#primaryimage\"},\"thumbnailUrl\":\"https:\\\/\\\/ahorn-camp.de\\\/wp-content\\\/uploads\\\/2025\\\/01\\\/Aktuelles_Promobil-scaled.jpg\",\"datePublished\":\"2025-01-20T09:11:23+00:00\",\"dateModified\":\"2025-03-11T14:23:42+00:00\",\"description\":\"LeserInnen haben die besten Reisemobile & Basisfahrzeuge, Caravans sowie Marken des Jahres gew\u00e4hlt \u2013 und Ahorn Camp geh\u00f6rt zu den Siegern!\",\"breadcrumb\":{\"@id\":\"https:\\\/\\\/ahorn-camp.de\\\/promobil-leserwahlen-2025\\\/#breadcrumb\"},\"inLanguage\":\"sl-SI\",\"potentialAction\":[{\"@type\":\"ReadAction\",\"target\":[\"https:\\\/\\\/ahorn-camp.de\\\/promobil-leserwahlen-2025\\\/\"]}]},{\"@type\":\"ImageObject\",\"inLanguage\":\"sl-SI\",\"@id\":\"https:\\\/\\\/ahorn-camp.de\\\/promobil-leserwahlen-2025\\\/#primaryimage\",\"url\":\"https:\\\/\\\/ahorn-camp.de\\\/wp-content\\\/uploads\\\/2025\\\/01\\\/Aktuelles_Promobil-scaled.jpg\",\"contentUrl\":\"https:\\\/\\\/ahorn-camp.de\\\/wp-content\\\/uploads\\\/2025\\\/01\\\/Aktuelles_Promobil-scaled.jpg\",\"width\":2560,\"height\":1920,\"caption\":\"Promobil Leserwahlen 2025\"},{\"@type\":\"BreadcrumbList\",\"@id\":\"https:\\\/\\\/ahorn-camp.de\\\/promobil-leserwahlen-2025\\\/#breadcrumb\",\"itemListElement\":[{\"@type\":\"ListItem\",\"position\":1,\"name\":\"Startseite\",\"item\":\"https:\\\/\\\/ahorn-camp.de\\\/\"},{\"@type\":\"ListItem\",\"position\":2,\"name\":\"Promobil Leserwahlen 2025: Ahorn Camp erneut unter den Spitzenreitern\"}]},{\"@type\":\"WebSite\",\"@id\":\"https:\\\/\\\/ahorn-camp.de\\\/#website\",\"url\":\"https:\\\/\\\/ahorn-camp.de\\\/\",\"name\":\"Ahorn Camp | Reisemobile und Kastenwagen\",\"description\":\"Seit \u00fcber 30 Jahren vermarktet das Familienunternehmen, Ahorn Camp in Speyer, erfolgreich Wohnmobile und Kastenwagen zum besten Preis-Leistungsverh\u00e4ltnis.\",\"publisher\":{\"@id\":\"https:\\\/\\\/ahorn-camp.de\\\/#organization\"},\"potentialAction\":[{\"@type\":\"SearchAction\",\"target\":{\"@type\":\"EntryPoint\",\"urlTemplate\":\"https:\\\/\\\/ahorn-camp.de\\\/?s={search_term_string}\"},\"query-input\":{\"@type\":\"PropertyValueSpecification\",\"valueRequired\":true,\"valueName\":\"search_term_string\"}}],\"inLanguage\":\"sl-SI\"},{\"@type\":\"Organization\",\"@id\":\"https:\\\/\\\/ahorn-camp.de\\\/#organization\",\"name\":\"Ahorn Camp GmbH & Co. KG\",\"url\":\"https:\\\/\\\/ahorn-camp.de\\\/\",\"logo\":{\"@type\":\"ImageObject\",\"inLanguage\":\"sl-SI\",\"@id\":\"https:\\\/\\\/ahorn-camp.de\\\/#\\\/schema\\\/logo\\\/image\\\/\",\"url\":\"https:\\\/\\\/ahorn-camp.de\\\/wp-content\\\/uploads\\\/2018\\\/12\\\/Ahorn_Logo.jpg\",\"contentUrl\":\"https:\\\/\\\/ahorn-camp.de\\\/wp-content\\\/uploads\\\/2018\\\/12\\\/Ahorn_Logo.jpg\",\"width\":1437,\"height\":1000,\"caption\":\"Ahorn Camp GmbH & Co. KG\"},\"image\":{\"@id\":\"https:\\\/\\\/ahorn-camp.de\\\/#\\\/schema\\\/logo\\\/image\\\/\"},\"sameAs\":[\"https:\\\/\\\/www.facebook.com\\\/ahorn.wohnmobile\\\/\",\"https:\\\/\\\/www.instagram.com\\\/ahorn.camp\\\/\",\"https:\\\/\\\/www.youtube.com\\\/channel\\\/UCPFbPCts1JJ_A1k9vyH0yOQ\"]},{\"@type\":\"Person\",\"@id\":\"https:\\\/\\\/ahorn-camp.de\\\/#\\\/schema\\\/person\\\/9b60761ba82d5cb8e6db215a88925044\",\"name\":\"ahorn_admin\",\"image\":{\"@type\":\"ImageObject\",\"inLanguage\":\"sl-SI\",\"@id\":\"https:\\\/\\\/secure.gravatar.com\\\/avatar\\\/d96b9a078083b0c14cee48589feadd939c3cdd66547e2f3f1569470371daaaa5?s=96&d=mm&r=g\",\"url\":\"https:\\\/\\\/secure.gravatar.com\\\/avatar\\\/d96b9a078083b0c14cee48589feadd939c3cdd66547e2f3f1569470371daaaa5?s=96&d=mm&r=g\",\"contentUrl\":\"https:\\\/\\\/secure.gravatar.com\\\/avatar\\\/d96b9a078083b0c14cee48589feadd939c3cdd66547e2f3f1569470371daaaa5?s=96&d=mm&r=g\",\"caption\":\"ahorn_admin\"},\"sameAs\":[\"http:\\\/\\\/Ahorn%20Camp\"],\"url\":\"https:\\\/\\\/ahorn-camp.de\\\/sl\\\/author\\\/ahorn_admin\\\/\"}]}<\/script>\n<!-- \/ Yoast SEO plugin. -->","yoast_head_json":{"title":"Glasovanje bralcev revije Promobil 2025: Ahorn Camp ponovno med vodilnimi","description":"Bralci so izbrali najbolj\u0161e avtodome in osnovna vozila, po\u010ditni\u0161ke prikolice ter blagovne znamke leta \u2013 in Ahorn Camp je med zmagovalci!","robots":{"index":"index","follow":"follow","max-snippet":"max-snippet:-1","max-image-preview":"max-image-preview:large","max-video-preview":"max-video-preview:-1"},"canonical":"https:\/\/ahorn-camp.de\/sl\/promobil-glasovanja-bralcev-2025\/","og_locale":"sl_SI","og_type":"article","og_title":"Promobil Leserwahlen 2025: Ahorn Camp erneut unter den Spitzenreitern","og_description":"LeserInnen haben die besten Reisemobile & Basisfahrzeuge, Caravans sowie Marken des Jahres gew\u00e4hlt \u2013 und Ahorn Camp geh\u00f6rt zu den Siegern!","og_url":"https:\/\/ahorn-camp.de\/sl\/promobil-glasovanja-bralcev-2025\/","og_site_name":"Ahorn Camp | Reisemobile und Kastenwagen","article_publisher":"https:\/\/www.facebook.com\/ahorn.wohnmobile\/","article_published_time":"2025-01-20T09:11:23+00:00","article_modified_time":"2025-03-11T14:23:42+00:00","og_image":[{"width":2560,"height":1920,"url":"https:\/\/ahorn-camp.de\/wp-content\/uploads\/2025\/01\/Aktuelles_Promobil-scaled.jpg","type":"image\/jpeg"}],"author":"ahorn_admin","twitter_card":"summary_large_image","twitter_misc":{"Written by":"ahorn_admin","Est. reading time":"2 minuti"},"schema":{"@context":"https:\/\/schema.org","@graph":[{"@type":"Article","@id":"https:\/\/ahorn-camp.de\/promobil-leserwahlen-2025\/#article","isPartOf":{"@id":"https:\/\/ahorn-camp.de\/promobil-leserwahlen-2025\/"},"author":{"name":"ahorn_admin","@id":"https:\/\/ahorn-camp.de\/#\/schema\/person\/9b60761ba82d5cb8e6db215a88925044"},"headline":"Promobil Leserwahlen 2025: Ahorn Camp erneut unter den Spitzenreitern","datePublished":"2025-01-20T09:11:23+00:00","dateModified":"2025-03-11T14:23:42+00:00","mainEntityOfPage":{"@id":"https:\/\/ahorn-camp.de\/promobil-leserwahlen-2025\/"},"wordCount":338,"publisher":{"@id":"https:\/\/ahorn-camp.de\/#organization"},"image":{"@id":"https:\/\/ahorn-camp.de\/promobil-leserwahlen-2025\/#primaryimage"},"thumbnailUrl":"https:\/\/ahorn-camp.de\/wp-content\/uploads\/2025\/01\/Aktuelles_Promobil-scaled.jpg","articleSection":["Auszeichnungen","Pressemitteilungen","Unternehmen"],"inLanguage":"sl-SI"},{"@type":"WebPage","@id":"https:\/\/ahorn-camp.de\/promobil-leserwahlen-2025\/","url":"https:\/\/ahorn-camp.de\/promobil-leserwahlen-2025\/","name":"Glasovanje bralcev revije Promobil 2025: Ahorn Camp ponovno med vodilnimi","isPartOf":{"@id":"https:\/\/ahorn-camp.de\/#website"},"primaryImageOfPage":{"@id":"https:\/\/ahorn-camp.de\/promobil-leserwahlen-2025\/#primaryimage"},"image":{"@id":"https:\/\/ahorn-camp.de\/promobil-leserwahlen-2025\/#primaryimage"},"thumbnailUrl":"https:\/\/ahorn-camp.de\/wp-content\/uploads\/2025\/01\/Aktuelles_Promobil-scaled.jpg","datePublished":"2025-01-20T09:11:23+00:00","dateModified":"2025-03-11T14:23:42+00:00","description":"Bralci so izbrali najbolj\u0161e avtodome in osnovna vozila, po\u010ditni\u0161ke prikolice ter blagovne znamke leta \u2013 in Ahorn Camp je med zmagovalci!","breadcrumb":{"@id":"https:\/\/ahorn-camp.de\/promobil-leserwahlen-2025\/#breadcrumb"},"inLanguage":"sl-SI","potentialAction":[{"@type":"ReadAction","target":["https:\/\/ahorn-camp.de\/promobil-leserwahlen-2025\/"]}]},{"@type":"ImageObject","inLanguage":"sl-SI","@id":"https:\/\/ahorn-camp.de\/promobil-leserwahlen-2025\/#primaryimage","url":"https:\/\/ahorn-camp.de\/wp-content\/uploads\/2025\/01\/Aktuelles_Promobil-scaled.jpg","contentUrl":"https:\/\/ahorn-camp.de\/wp-content\/uploads\/2025\/01\/Aktuelles_Promobil-scaled.jpg","width":2560,"height":1920,"caption":"Promobil Leserwahlen 2025"},{"@type":"BreadcrumbList","@id":"https:\/\/ahorn-camp.de\/promobil-leserwahlen-2025\/#breadcrumb","itemListElement":[{"@type":"ListItem","position":1,"name":"Startseite","item":"https:\/\/ahorn-camp.de\/"},{"@type":"ListItem","position":2,"name":"Promobil Leserwahlen 2025: Ahorn Camp erneut unter den Spitzenreitern"}]},{"@type":"WebSite","@id":"https:\/\/ahorn-camp.de\/#website","url":"https:\/\/ahorn-camp.de\/","name":"Ahorn Camp | Avtodomi in kombiji","description":"\u017de ve\u010d kot 30 let dru\u017einsko podjetje Ahorn Camp iz Speyerja uspe\u0161no prodaja avtodome in kombije z najbolj\u0161im razmerjem med ceno in kakovostjo.","publisher":{"@id":"https:\/\/ahorn-camp.de\/#organization"},"potentialAction":[{"@type":"SearchAction","target":{"@type":"EntryPoint","urlTemplate":"https:\/\/ahorn-camp.de\/?s={search_term_string}"},"query-input":{"@type":"PropertyValueSpecification","valueRequired":true,"valueName":"search_term_string"}}],"inLanguage":"sl-SI"},{"@type":"Organization","@id":"https:\/\/ahorn-camp.de\/#organization","name":"Ahorn Camp GmbH &amp; Co. KG","url":"https:\/\/ahorn-camp.de\/","logo":{"@type":"ImageObject","inLanguage":"sl-SI","@id":"https:\/\/ahorn-camp.de\/#\/schema\/logo\/image\/","url":"https:\/\/ahorn-camp.de\/wp-content\/uploads\/2018\/12\/Ahorn_Logo.jpg","contentUrl":"https:\/\/ahorn-camp.de\/wp-content\/uploads\/2018\/12\/Ahorn_Logo.jpg","width":1437,"height":1000,"caption":"Ahorn Camp GmbH & Co. KG"},"image":{"@id":"https:\/\/ahorn-camp.de\/#\/schema\/logo\/image\/"},"sameAs":["https:\/\/www.facebook.com\/ahorn.wohnmobile\/","https:\/\/www.instagram.com\/ahorn.camp\/","https:\/\/www.youtube.com\/channel\/UCPFbPCts1JJ_A1k9vyH0yOQ"]},{"@type":"Person","@id":"https:\/\/ahorn-camp.de\/#\/schema\/person\/9b60761ba82d5cb8e6db215a88925044","name":"ahorn_admin","image":{"@type":"ImageObject","inLanguage":"sl-SI","@id":"https:\/\/secure.gravatar.com\/avatar\/d96b9a078083b0c14cee48589feadd939c3cdd66547e2f3f1569470371daaaa5?s=96&d=mm&r=g","url":"https:\/\/secure.gravatar.com\/avatar\/d96b9a078083b0c14cee48589feadd939c3cdd66547e2f3f1569470371daaaa5?s=96&d=mm&r=g","contentUrl":"https:\/\/secure.gravatar.com\/avatar\/d96b9a078083b0c14cee48589feadd939c3cdd66547e2f3f1569470371daaaa5?s=96&d=mm&r=g","caption":"ahorn_admin"},"sameAs":["http:\/\/Ahorn%20Camp"],"url":"https:\/\/ahorn-camp.de\/sl\/author\/ahorn_admin\/"}]}},"_links":{"self":[{"href":"https:\/\/ahorn-camp.de\/sl\/wp-json\/wp\/v2\/posts\/27531","targetHints":{"allow":["GET"]}}],"collection":[{"href":"https:\/\/ahorn-camp.de\/sl\/wp-json\/wp\/v2\/posts"}],"about":[{"href":"https:\/\/ahorn-camp.de\/sl\/wp-json\/wp\/v2\/types\/post"}],"author":[{"embeddable":true,"href":"https:\/\/ahorn-camp.de\/sl\/wp-json\/wp\/v2\/users\/2"}],"replies":[{"embeddable":true,"href":"https:\/\/ahorn-camp.de\/sl\/wp-json\/wp\/v2\/comments?post=27531"}],"version-history":[{"count":0,"href":"https:\/\/ahorn-camp.de\/sl\/wp-json\/wp\/v2\/posts\/27531\/revisions"}],"wp:featuredmedia":[{"embeddable":true,"href":"https:\/\/ahorn-camp.de\/sl\/wp-json\/wp\/v2\/media\/27537"}],"wp:attachment":[{"href":"https:\/\/ahorn-camp.de\/sl\/wp-json\/wp\/v2\/media?parent=27531"}],"wp:term":[{"taxonomy":"category","embeddable":true,"href":"https:\/\/ahorn-camp.de\/sl\/wp-json\/wp\/v2\/categories?post=27531"},{"taxonomy":"post_tag","embeddable":true,"href":"https:\/\/ahorn-camp.de\/sl\/wp-json\/wp\/v2\/tags?post=27531"}],"curies":[{"name":"wp","href":"https:\/\/api.w.org\/{rel}","templated":true}]}}