{"id":18747,"date":"2023-02-20T16:00:27","date_gmt":"2023-02-20T15:00:27","guid":{"rendered":"https:\/\/ahorn-camp.de\/?p=18747"},"modified":"2023-03-14T12:08:12","modified_gmt":"2023-03-14T11:08:12","slug":"akcija-sajenja-dreves","status":"publish","type":"post","link":"https:\/\/ahorn-camp.de\/sl\/baumpflanzaktion\/","title":{"rendered":"1000 novih dreves za gozdno rekreacijo Mutterstadt"},"content":{"rendered":"<div class=\"wpb-content-wrapper\" id=\"wpb-content-root\"><div class=\"vc_row wpb_row vc_row-fluid\"><div class=\"wpb_column vc_column_container vc_col-sm-12\"><div class=\"vc_column-inner\"><div class=\"wpb_wrapper\"><div class=\"vc_row wpb_row vc_inner vc_row-fluid\"><div class=\"wpb_column vc_column_container vc_col-sm-6\"><div class=\"vc_column-inner\"><div class=\"wpb_wrapper\">\n\t<div class=\"wpb_text_column wpb_content_element\" >\n\t\t<div class=\"wpb_wrapper\">\n\t\t\t<p><span style=\"color: #1b508c;\"><strong>Spira.<\/strong><\/span> \u201eZ veseljem smo na\u0161li partnerja v proizvajalcu avtodomov AHORN Camp, ki se skupaj z nami zavzema za varovanje okolja in podnebja,\u201c pojasnjuje Albert M\u00e4rkl, ustanovitelj in predsednik upravnega odbora zveznega zdru\u017eenja WOHNmobil f\u00fcr Klimaschutz e.V.<\/p>\n<p>Neprofitno zdru\u017eenje lastnikov avtodomov in kampistov s svojimi akcijami pomembno prispeva k varovanju okolja in podnebja. \u201e\u010ce varujemo svojo naravo, varujemo tudi svoje podnebje,\u201c poudarja M\u00e4rkl. Aktivni kampisti po vsej Nem\u010diji darujejo in sadijo drevesa za podnebno stabilen me\u0161ani gozd \u2013 doslej skoraj 5.000 mladih rastlin \u2013 in tako pomagajo pri varovanju pomembnih \u017eivljenjskih prostorov, kot so na primer barja in sadovnjaki. Poleg tega je zdru\u017eenje uvedlo ekolo\u0161ki certifikat za parkiri\u0161\u010da za avtodome in tako priznava ekolo\u0161ko zasnovana parkiri\u0161\u010da.<\/p>\n<p>Za svoje delo dru\u0161tvo i\u0161\u010de partnerje iz karavaning industrije. Podjetje AHORN Camp, ki je locirano v Speyerju, od lanskega leta podpira dejavnosti kampinga. \u201eKot podjetje se zavedamo svoje dru\u017ebene odgovornosti glede varstva podnebja,\u201c pravi direktor AHORN Camp Alexander Reichmann. \u201eZato se veselimo, da bomo skupaj z Mobilnimi vozili za varstvo podnebja pogozdili gozdove v na\u0161i regiji. Gozdovi so plju\u010da Zemlje. In mobilna vozila ter varstvo podnebja se za nas povsem jasno povezujeta.\u201c.<\/p>\n<p>V petek, 10. marca 2023, je bila na programu prva skupna akcija saditve dreves. Pod strokovnim vodstvom gozdarja gospoda Georga Spanga so \u010dlani dru\u0161tva in zaposleni v podjetju AHORN Camp 750 posadili 750 podarjenih dreves v gozdnem obmo\u010dju v rekreacijskem gozdu Mutterstadt. Prisotni so bili tudi poslovni partnerji podjetja Ahorn Camp ter predstavniki medijev in regionalne politike. To ne krepi le gozda, temve\u010d tudi ob\u010dutek skupnosti in izmenjavo med vsemi udele\u017eenci.<\/p>\n<p>Vse informacije o dru\u0161tvu: <strong><a href=\"http:\/\/www.wohnmobil-fuer-klimaschutz.de\" target=\"_blank\" rel=\"noopener\">www.wohnmobil-fuer-klimaschutz.de<\/a><\/strong><\/p>\n\n\t\t<\/div>\n\t<\/div>\n<\/div><\/div><\/div><div class=\"wpb_column vc_column_container vc_col-sm-6\"><div class=\"vc_column-inner\"><div class=\"wpb_wrapper\">\n\t<div  class=\"wpb_single_image wpb_content_element vc_align_left wpb_content_element\">\n\t\t\n\t\t<figure class=\"wpb_wrapper vc_figure\">\n\t\t\t<div class=\"vc_single_image-wrapper\"><img fetchpriority=\"high\" decoding=\"async\" width=\"1024\" height=\"668\" src=\"https:\/\/ahorn-camp.de\/wp-content\/uploads\/2023\/02\/Wohnmobil-fuer-Klimaschutza-1024x668.png\" class=\"vc_single_image-img attachment-large\" alt=\"Akcija saditve dreves, ki jo organizirata Ahorn Camp in Wohnmobil za za\u0161\u010dito podnebja\" title=\"Akcija saditve dreves, ki jo organizirata Ahorn Camp in Wohnmobil za za\u0161\u010dito podnebja\" srcset=\"https:\/\/ahorn-camp.de\/wp-content\/uploads\/2023\/02\/Wohnmobil-fuer-Klimaschutza-1024x668.png 1024w, https:\/\/ahorn-camp.de\/wp-content\/uploads\/2023\/02\/Wohnmobil-fuer-Klimaschutza-300x196.png 300w, https:\/\/ahorn-camp.de\/wp-content\/uploads\/2023\/02\/Wohnmobil-fuer-Klimaschutza-768x501.png 768w, https:\/\/ahorn-camp.de\/wp-content\/uploads\/2023\/02\/Wohnmobil-fuer-Klimaschutza-800x522.png 800w, https:\/\/ahorn-camp.de\/wp-content\/uploads\/2023\/02\/Wohnmobil-fuer-Klimaschutza-1536x1003.png 1536w, https:\/\/ahorn-camp.de\/wp-content\/uploads\/2023\/02\/Wohnmobil-fuer-Klimaschutza.png 1633w\" sizes=\"(max-width: 1024px) 100vw, 1024px\" \/><\/div>\n\t\t<\/figure>\n\t<\/div>\n<h3 style=\"text-align: left\" class=\"vc_custom_heading vc_do_custom_heading\" >PRENOS<\/h3>\n\t<div class=\"wpb_text_column wpb_content_element\" >\n\t\t<div class=\"wpb_wrapper\">\n\t\t\t<p><a href=\"https:\/\/ahorn-camp.de\/wp-content\/uploads\/2023\/03\/Pressemitteilung_Baumpflanzaktion-1.pdf\" target=\"_blank\" rel=\"noopener\">Sporo\u010dilo za javnost | PDF<\/a><br \/>\n<a href=\"https:\/\/www.dropbox.com\/scl\/fo\/ykufkd4m4m6sa37xo9wld\/h?dl=0&amp;rlkey=p30iknoztuvmyqky17wzp9egh\" target=\"_blank\" rel=\"noopener\">Slikovni material | JPEG<\/a><\/p>\n\n\t\t<\/div>\n\t<\/div>\n<h3 style=\"text-align: left\" class=\"vc_custom_heading vc_do_custom_heading\" >KONTAKT ZA MEDIJE<\/h3>\n\t<div class=\"wpb_text_column wpb_content_element\" >\n\t\t<div class=\"wpb_wrapper\">\n\t\t\t<p>Michelle Christin List<br \/>\nVodja odnosov z javnostmi in komunikacij<br \/>\nE-po\u0161ta: m.list@ahorn-camp.de<br \/>\nTel: +49 (0) 6232 10028 161<\/p>\n<p>Franziska Reichmann<br \/>\nVodja marketinga<br \/>\nE-po\u0161ta: f.reichmann@ahorn-camp.de<br \/>\nTel.: +49 (0) 6232 \/ 10028-165<br \/>\nFaks: +49 (0) 6232 \/ 10028-105<\/p>\n\n\t\t<\/div>\n\t<\/div>\n<\/div><\/div><\/div><\/div><\/div><\/div><\/div><\/div>\n<\/div>","protected":false},"excerpt":{"rendered":"<p>Podjetje Ahorn Camp skupaj z dru\u0161tvom \u00bbWohnmobil f\u00fcr Klimaschutz\u00ab za\u010denja obse\u017eno akcijo saditve dreves v gozdnem rekreacijskem obmo\u010dju Mutterstadt pri Speyerju in bo posadilo 1000 dreves.<\/p>","protected":false},"author":2,"featured_media":18750,"comment_status":"closed","ping_status":"closed","sticky":false,"template":"","format":"standard","meta":{"content-type":"","footnotes":""},"categories":[593,54,277,67],"tags":[],"class_list":["post-18747","post","type-post","status-publish","format-standard","has-post-thumbnail","hentry","category-auszeichnungen","category-messetermine","category-pressemitteilungen","category-unternehmen"],"yoast_head":"<!-- This site is optimized with the Yoast SEO plugin v28.4 - https:\/\/yoast.com\/product\/yoast-seo-wordpress\/ -->\n<title>1000 neue B\u00e4ume f\u00fcr die Walderholung Mutterstadt<\/title>\n<meta name=\"description\" content=\"Ahorn Camp startet gemeinsam mit dem Verein Wohnmobil f\u00fcr Klimaschutz eine gro\u00dfe Baumpflanzaktion in der Walderholung Mutterstadt bei Speyer.\" \/>\n<meta name=\"robots\" content=\"index, follow, max-snippet:-1, max-image-preview:large, max-video-preview:-1\" \/>\n<link rel=\"canonical\" href=\"https:\/\/ahorn-camp.de\/sl\/akcija-sajenja-dreves\/\" \/>\n<meta property=\"og:locale\" content=\"sl_SI\" \/>\n<meta property=\"og:type\" content=\"article\" \/>\n<meta property=\"og:title\" content=\"1000 neue B\u00e4ume f\u00fcr die Walderholung Mutterstadt\" \/>\n<meta property=\"og:description\" content=\"Ahorn Camp startet gemeinsam mit dem Verein Wohnmobil f\u00fcr Klimaschutz eine gro\u00dfe Baumpflanzaktion in der Walderholung Mutterstadt bei Speyer.\" \/>\n<meta property=\"og:url\" content=\"https:\/\/ahorn-camp.de\/sl\/akcija-sajenja-dreves\/\" \/>\n<meta property=\"og:site_name\" content=\"Ahorn Camp | Reisemobile und Kastenwagen\" \/>\n<meta property=\"article:publisher\" content=\"https:\/\/www.facebook.com\/ahorn.wohnmobile\/\" \/>\n<meta property=\"article:published_time\" content=\"2023-02-20T15:00:27+00:00\" \/>\n<meta property=\"article:modified_time\" content=\"2023-03-14T11:08:12+00:00\" \/>\n<meta property=\"og:image\" content=\"https:\/\/ahorn-camp.de\/wp-content\/uploads\/2023\/02\/Wohnmobil-fuer-Klimaschutza-1024x668.png\" \/>\n\t<meta property=\"og:image:width\" content=\"1024\" \/>\n\t<meta property=\"og:image:height\" content=\"668\" \/>\n\t<meta property=\"og:image:type\" content=\"image\/png\" \/>\n<meta name=\"author\" content=\"ahorn_admin\" \/>\n<meta name=\"twitter:card\" content=\"summary_large_image\" \/>\n<meta name=\"twitter:label1\" content=\"Written by\" \/>\n\t<meta name=\"twitter:data1\" content=\"ahorn_admin\" \/>\n\t<meta name=\"twitter:label2\" content=\"Est. reading time\" \/>\n\t<meta name=\"twitter:data2\" content=\"2 minuti\" \/>\n<script type=\"application\/ld+json\" class=\"yoast-schema-graph\">{\"@context\":\"https:\\\/\\\/schema.org\",\"@graph\":[{\"@type\":\"Article\",\"@id\":\"https:\\\/\\\/ahorn-camp.de\\\/baumpflanzaktion\\\/#article\",\"isPartOf\":{\"@id\":\"https:\\\/\\\/ahorn-camp.de\\\/baumpflanzaktion\\\/\"},\"author\":{\"name\":\"ahorn_admin\",\"@id\":\"https:\\\/\\\/ahorn-camp.de\\\/#\\\/schema\\\/person\\\/9b60761ba82d5cb8e6db215a88925044\"},\"headline\":\"1000 neue B\u00e4ume f\u00fcr die Walderholung Mutterstadt\",\"datePublished\":\"2023-02-20T15:00:27+00:00\",\"dateModified\":\"2023-03-14T11:08:12+00:00\",\"mainEntityOfPage\":{\"@id\":\"https:\\\/\\\/ahorn-camp.de\\\/baumpflanzaktion\\\/\"},\"wordCount\":429,\"publisher\":{\"@id\":\"https:\\\/\\\/ahorn-camp.de\\\/#organization\"},\"image\":{\"@id\":\"https:\\\/\\\/ahorn-camp.de\\\/baumpflanzaktion\\\/#primaryimage\"},\"thumbnailUrl\":\"https:\\\/\\\/ahorn-camp.de\\\/wp-content\\\/uploads\\\/2023\\\/02\\\/Wohnmobil-fuer-Klimaschutza.png\",\"articleSection\":[\"Auszeichnungen\",\"Events &amp; Messen\",\"Pressemitteilungen\",\"Unternehmen\"],\"inLanguage\":\"sl-SI\"},{\"@type\":\"WebPage\",\"@id\":\"https:\\\/\\\/ahorn-camp.de\\\/baumpflanzaktion\\\/\",\"url\":\"https:\\\/\\\/ahorn-camp.de\\\/baumpflanzaktion\\\/\",\"name\":\"1000 neue B\u00e4ume f\u00fcr die Walderholung Mutterstadt\",\"isPartOf\":{\"@id\":\"https:\\\/\\\/ahorn-camp.de\\\/#website\"},\"primaryImageOfPage\":{\"@id\":\"https:\\\/\\\/ahorn-camp.de\\\/baumpflanzaktion\\\/#primaryimage\"},\"image\":{\"@id\":\"https:\\\/\\\/ahorn-camp.de\\\/baumpflanzaktion\\\/#primaryimage\"},\"thumbnailUrl\":\"https:\\\/\\\/ahorn-camp.de\\\/wp-content\\\/uploads\\\/2023\\\/02\\\/Wohnmobil-fuer-Klimaschutza.png\",\"datePublished\":\"2023-02-20T15:00:27+00:00\",\"dateModified\":\"2023-03-14T11:08:12+00:00\",\"description\":\"Ahorn Camp startet gemeinsam mit dem Verein Wohnmobil f\u00fcr Klimaschutz eine gro\u00dfe Baumpflanzaktion in der Walderholung Mutterstadt bei Speyer.\",\"breadcrumb\":{\"@id\":\"https:\\\/\\\/ahorn-camp.de\\\/baumpflanzaktion\\\/#breadcrumb\"},\"inLanguage\":\"sl-SI\",\"potentialAction\":[{\"@type\":\"ReadAction\",\"target\":[\"https:\\\/\\\/ahorn-camp.de\\\/baumpflanzaktion\\\/\"]}]},{\"@type\":\"ImageObject\",\"inLanguage\":\"sl-SI\",\"@id\":\"https:\\\/\\\/ahorn-camp.de\\\/baumpflanzaktion\\\/#primaryimage\",\"url\":\"https:\\\/\\\/ahorn-camp.de\\\/wp-content\\\/uploads\\\/2023\\\/02\\\/Wohnmobil-fuer-Klimaschutza.png\",\"contentUrl\":\"https:\\\/\\\/ahorn-camp.de\\\/wp-content\\\/uploads\\\/2023\\\/02\\\/Wohnmobil-fuer-Klimaschutza.png\",\"width\":1633,\"height\":1066,\"caption\":\"Baumpflanzaktion von Ahorn Camp und Wohnmobil f\u00fcr Klimaschutz\"},{\"@type\":\"BreadcrumbList\",\"@id\":\"https:\\\/\\\/ahorn-camp.de\\\/baumpflanzaktion\\\/#breadcrumb\",\"itemListElement\":[{\"@type\":\"ListItem\",\"position\":1,\"name\":\"Startseite\",\"item\":\"https:\\\/\\\/ahorn-camp.de\\\/\"},{\"@type\":\"ListItem\",\"position\":2,\"name\":\"1000 neue B\u00e4ume f\u00fcr die Walderholung Mutterstadt\"}]},{\"@type\":\"WebSite\",\"@id\":\"https:\\\/\\\/ahorn-camp.de\\\/#website\",\"url\":\"https:\\\/\\\/ahorn-camp.de\\\/\",\"name\":\"Ahorn Camp | Reisemobile und Kastenwagen\",\"description\":\"Seit \u00fcber 30 Jahren vermarktet das Familienunternehmen, Ahorn Camp in Speyer, erfolgreich Wohnmobile und Kastenwagen zum besten Preis-Leistungsverh\u00e4ltnis.\",\"publisher\":{\"@id\":\"https:\\\/\\\/ahorn-camp.de\\\/#organization\"},\"potentialAction\":[{\"@type\":\"SearchAction\",\"target\":{\"@type\":\"EntryPoint\",\"urlTemplate\":\"https:\\\/\\\/ahorn-camp.de\\\/?s={search_term_string}\"},\"query-input\":{\"@type\":\"PropertyValueSpecification\",\"valueRequired\":true,\"valueName\":\"search_term_string\"}}],\"inLanguage\":\"sl-SI\"},{\"@type\":\"Organization\",\"@id\":\"https:\\\/\\\/ahorn-camp.de\\\/#organization\",\"name\":\"Ahorn Camp GmbH & Co. KG\",\"url\":\"https:\\\/\\\/ahorn-camp.de\\\/\",\"logo\":{\"@type\":\"ImageObject\",\"inLanguage\":\"sl-SI\",\"@id\":\"https:\\\/\\\/ahorn-camp.de\\\/#\\\/schema\\\/logo\\\/image\\\/\",\"url\":\"https:\\\/\\\/ahorn-camp.de\\\/wp-content\\\/uploads\\\/2018\\\/12\\\/Ahorn_Logo.jpg\",\"contentUrl\":\"https:\\\/\\\/ahorn-camp.de\\\/wp-content\\\/uploads\\\/2018\\\/12\\\/Ahorn_Logo.jpg\",\"width\":1437,\"height\":1000,\"caption\":\"Ahorn Camp GmbH & Co. KG\"},\"image\":{\"@id\":\"https:\\\/\\\/ahorn-camp.de\\\/#\\\/schema\\\/logo\\\/image\\\/\"},\"sameAs\":[\"https:\\\/\\\/www.facebook.com\\\/ahorn.wohnmobile\\\/\",\"https:\\\/\\\/www.instagram.com\\\/ahorn.camp\\\/\",\"https:\\\/\\\/www.youtube.com\\\/channel\\\/UCPFbPCts1JJ_A1k9vyH0yOQ\"]},{\"@type\":\"Person\",\"@id\":\"https:\\\/\\\/ahorn-camp.de\\\/#\\\/schema\\\/person\\\/9b60761ba82d5cb8e6db215a88925044\",\"name\":\"ahorn_admin\",\"image\":{\"@type\":\"ImageObject\",\"inLanguage\":\"sl-SI\",\"@id\":\"https:\\\/\\\/secure.gravatar.com\\\/avatar\\\/d96b9a078083b0c14cee48589feadd939c3cdd66547e2f3f1569470371daaaa5?s=96&d=mm&r=g\",\"url\":\"https:\\\/\\\/secure.gravatar.com\\\/avatar\\\/d96b9a078083b0c14cee48589feadd939c3cdd66547e2f3f1569470371daaaa5?s=96&d=mm&r=g\",\"contentUrl\":\"https:\\\/\\\/secure.gravatar.com\\\/avatar\\\/d96b9a078083b0c14cee48589feadd939c3cdd66547e2f3f1569470371daaaa5?s=96&d=mm&r=g\",\"caption\":\"ahorn_admin\"},\"sameAs\":[\"http:\\\/\\\/Ahorn%20Camp\"],\"url\":\"https:\\\/\\\/ahorn-camp.de\\\/sl\\\/author\\\/ahorn_admin\\\/\"}]}<\/script>\n<!-- \/ Yoast SEO plugin. -->","yoast_head_json":{"title":"1000 novih dreves za gozdno rekreacijo Mutterstadt","description":"Organizacija Ahorn Camp skupaj z dru\u0161tvom \u00bbWohnmobil f\u00fcr Klimaschutz\u00ab za\u010denja obse\u017eno akcijo saditve dreves v gozdnem rekreacijskem obmo\u010dju Mutterstadt pri Speyerju.","robots":{"index":"index","follow":"follow","max-snippet":"max-snippet:-1","max-image-preview":"max-image-preview:large","max-video-preview":"max-video-preview:-1"},"canonical":"https:\/\/ahorn-camp.de\/sl\/akcija-sajenja-dreves\/","og_locale":"sl_SI","og_type":"article","og_title":"1000 neue B\u00e4ume f\u00fcr die Walderholung Mutterstadt","og_description":"Ahorn Camp startet gemeinsam mit dem Verein Wohnmobil f\u00fcr Klimaschutz eine gro\u00dfe Baumpflanzaktion in der Walderholung Mutterstadt bei Speyer.","og_url":"https:\/\/ahorn-camp.de\/sl\/akcija-sajenja-dreves\/","og_site_name":"Ahorn Camp | Reisemobile und Kastenwagen","article_publisher":"https:\/\/www.facebook.com\/ahorn.wohnmobile\/","article_published_time":"2023-02-20T15:00:27+00:00","article_modified_time":"2023-03-14T11:08:12+00:00","og_image":[{"width":1024,"height":668,"url":"https:\/\/ahorn-camp.de\/wp-content\/uploads\/2023\/02\/Wohnmobil-fuer-Klimaschutza-1024x668.png","type":"image\/png"}],"author":"ahorn_admin","twitter_card":"summary_large_image","twitter_misc":{"Written by":"ahorn_admin","Est. reading time":"2 minuti"},"schema":{"@context":"https:\/\/schema.org","@graph":[{"@type":"Article","@id":"https:\/\/ahorn-camp.de\/baumpflanzaktion\/#article","isPartOf":{"@id":"https:\/\/ahorn-camp.de\/baumpflanzaktion\/"},"author":{"name":"ahorn_admin","@id":"https:\/\/ahorn-camp.de\/#\/schema\/person\/9b60761ba82d5cb8e6db215a88925044"},"headline":"1000 neue B\u00e4ume f\u00fcr die Walderholung Mutterstadt","datePublished":"2023-02-20T15:00:27+00:00","dateModified":"2023-03-14T11:08:12+00:00","mainEntityOfPage":{"@id":"https:\/\/ahorn-camp.de\/baumpflanzaktion\/"},"wordCount":429,"publisher":{"@id":"https:\/\/ahorn-camp.de\/#organization"},"image":{"@id":"https:\/\/ahorn-camp.de\/baumpflanzaktion\/#primaryimage"},"thumbnailUrl":"https:\/\/ahorn-camp.de\/wp-content\/uploads\/2023\/02\/Wohnmobil-fuer-Klimaschutza.png","articleSection":["Auszeichnungen","Events &amp; Messen","Pressemitteilungen","Unternehmen"],"inLanguage":"sl-SI"},{"@type":"WebPage","@id":"https:\/\/ahorn-camp.de\/baumpflanzaktion\/","url":"https:\/\/ahorn-camp.de\/baumpflanzaktion\/","name":"1000 novih dreves za gozdno rekreacijo Mutterstadt","isPartOf":{"@id":"https:\/\/ahorn-camp.de\/#website"},"primaryImageOfPage":{"@id":"https:\/\/ahorn-camp.de\/baumpflanzaktion\/#primaryimage"},"image":{"@id":"https:\/\/ahorn-camp.de\/baumpflanzaktion\/#primaryimage"},"thumbnailUrl":"https:\/\/ahorn-camp.de\/wp-content\/uploads\/2023\/02\/Wohnmobil-fuer-Klimaschutza.png","datePublished":"2023-02-20T15:00:27+00:00","dateModified":"2023-03-14T11:08:12+00:00","description":"Organizacija Ahorn Camp skupaj z dru\u0161tvom \u00bbWohnmobil f\u00fcr Klimaschutz\u00ab za\u010denja obse\u017eno akcijo saditve dreves v gozdnem rekreacijskem obmo\u010dju Mutterstadt pri Speyerju.","breadcrumb":{"@id":"https:\/\/ahorn-camp.de\/baumpflanzaktion\/#breadcrumb"},"inLanguage":"sl-SI","potentialAction":[{"@type":"ReadAction","target":["https:\/\/ahorn-camp.de\/baumpflanzaktion\/"]}]},{"@type":"ImageObject","inLanguage":"sl-SI","@id":"https:\/\/ahorn-camp.de\/baumpflanzaktion\/#primaryimage","url":"https:\/\/ahorn-camp.de\/wp-content\/uploads\/2023\/02\/Wohnmobil-fuer-Klimaschutza.png","contentUrl":"https:\/\/ahorn-camp.de\/wp-content\/uploads\/2023\/02\/Wohnmobil-fuer-Klimaschutza.png","width":1633,"height":1066,"caption":"Baumpflanzaktion von Ahorn Camp und Wohnmobil f\u00fcr Klimaschutz"},{"@type":"BreadcrumbList","@id":"https:\/\/ahorn-camp.de\/baumpflanzaktion\/#breadcrumb","itemListElement":[{"@type":"ListItem","position":1,"name":"Startseite","item":"https:\/\/ahorn-camp.de\/"},{"@type":"ListItem","position":2,"name":"1000 neue B\u00e4ume f\u00fcr die Walderholung Mutterstadt"}]},{"@type":"WebSite","@id":"https:\/\/ahorn-camp.de\/#website","url":"https:\/\/ahorn-camp.de\/","name":"Ahorn Camp | Avtodomi in kombiji","description":"\u017de ve\u010d kot 30 let dru\u017einsko podjetje Ahorn Camp iz Speyerja uspe\u0161no prodaja avtodome in kombije z najbolj\u0161im razmerjem med ceno in kakovostjo.","publisher":{"@id":"https:\/\/ahorn-camp.de\/#organization"},"potentialAction":[{"@type":"SearchAction","target":{"@type":"EntryPoint","urlTemplate":"https:\/\/ahorn-camp.de\/?s={search_term_string}"},"query-input":{"@type":"PropertyValueSpecification","valueRequired":true,"valueName":"search_term_string"}}],"inLanguage":"sl-SI"},{"@type":"Organization","@id":"https:\/\/ahorn-camp.de\/#organization","name":"Ahorn Camp GmbH &amp; Co. KG","url":"https:\/\/ahorn-camp.de\/","logo":{"@type":"ImageObject","inLanguage":"sl-SI","@id":"https:\/\/ahorn-camp.de\/#\/schema\/logo\/image\/","url":"https:\/\/ahorn-camp.de\/wp-content\/uploads\/2018\/12\/Ahorn_Logo.jpg","contentUrl":"https:\/\/ahorn-camp.de\/wp-content\/uploads\/2018\/12\/Ahorn_Logo.jpg","width":1437,"height":1000,"caption":"Ahorn Camp GmbH & Co. KG"},"image":{"@id":"https:\/\/ahorn-camp.de\/#\/schema\/logo\/image\/"},"sameAs":["https:\/\/www.facebook.com\/ahorn.wohnmobile\/","https:\/\/www.instagram.com\/ahorn.camp\/","https:\/\/www.youtube.com\/channel\/UCPFbPCts1JJ_A1k9vyH0yOQ"]},{"@type":"Person","@id":"https:\/\/ahorn-camp.de\/#\/schema\/person\/9b60761ba82d5cb8e6db215a88925044","name":"ahorn_admin","image":{"@type":"ImageObject","inLanguage":"sl-SI","@id":"https:\/\/secure.gravatar.com\/avatar\/d96b9a078083b0c14cee48589feadd939c3cdd66547e2f3f1569470371daaaa5?s=96&d=mm&r=g","url":"https:\/\/secure.gravatar.com\/avatar\/d96b9a078083b0c14cee48589feadd939c3cdd66547e2f3f1569470371daaaa5?s=96&d=mm&r=g","contentUrl":"https:\/\/secure.gravatar.com\/avatar\/d96b9a078083b0c14cee48589feadd939c3cdd66547e2f3f1569470371daaaa5?s=96&d=mm&r=g","caption":"ahorn_admin"},"sameAs":["http:\/\/Ahorn%20Camp"],"url":"https:\/\/ahorn-camp.de\/sl\/author\/ahorn_admin\/"}]}},"_links":{"self":[{"href":"https:\/\/ahorn-camp.de\/sl\/wp-json\/wp\/v2\/posts\/18747","targetHints":{"allow":["GET"]}}],"collection":[{"href":"https:\/\/ahorn-camp.de\/sl\/wp-json\/wp\/v2\/posts"}],"about":[{"href":"https:\/\/ahorn-camp.de\/sl\/wp-json\/wp\/v2\/types\/post"}],"author":[{"embeddable":true,"href":"https:\/\/ahorn-camp.de\/sl\/wp-json\/wp\/v2\/users\/2"}],"replies":[{"embeddable":true,"href":"https:\/\/ahorn-camp.de\/sl\/wp-json\/wp\/v2\/comments?post=18747"}],"version-history":[{"count":0,"href":"https:\/\/ahorn-camp.de\/sl\/wp-json\/wp\/v2\/posts\/18747\/revisions"}],"wp:featuredmedia":[{"embeddable":true,"href":"https:\/\/ahorn-camp.de\/sl\/wp-json\/wp\/v2\/media\/18750"}],"wp:attachment":[{"href":"https:\/\/ahorn-camp.de\/sl\/wp-json\/wp\/v2\/media?parent=18747"}],"wp:term":[{"taxonomy":"category","embeddable":true,"href":"https:\/\/ahorn-camp.de\/sl\/wp-json\/wp\/v2\/categories?post=18747"},{"taxonomy":"post_tag","embeddable":true,"href":"https:\/\/ahorn-camp.de\/sl\/wp-json\/wp\/v2\/tags?post=18747"}],"curies":[{"name":"wp","href":"https:\/\/api.w.org\/{rel}","templated":true}]}}