{"id":16536,"date":"2022-06-10T16:43:09","date_gmt":"2022-06-10T14:43:09","guid":{"rendered":"https:\/\/ahorn-camp.de\/?p=16536"},"modified":"2024-09-24T10:36:24","modified_gmt":"2024-09-24T08:36:24","slug":"kateri-sistem-nosilcev-za-kolo-ustreza-mojemu-avtodomu","status":"publish","type":"post","link":"https:\/\/ahorn-camp.de\/sl\/welches-fahrradtraegersystem-passt-fuer-mein-reisemobil\/","title":{"rendered":"Kateri sistem za prevoz koles je primeren za moje avtodom?"},"content":{"rendered":"<div class=\"wpb-content-wrapper\" id=\"wpb-content-root\"><div class=\"vc_row wpb_row vc_row-fluid\"><div class=\"wpb_column vc_column_container vc_col-sm-12\"><div class=\"vc_column-inner\"><div class=\"wpb_wrapper\">\n\t<div class=\"wpb_text_column wpb_content_element\" >\n\t\t<div class=\"wpb_wrapper\">\n\t\t\t<p>\u017delite svoj <a href=\"https:\/\/ahorn-camp.de\/sl\/6-nasvetov-za-potovanje-s-kolesarskim-nosilcem-na-avtodomu\/\">Kolo<\/a> mit na dopust z avtodomom in razmi\u0161ljate, kako to storiti? Na sre\u010do tako avtodomi kot kombiji nudijo nekaj prakti\u010dnih mo\u017enosti v obliki razli\u010dnih sistemov nosilcev za kolesa. Da vam prihranimo naporno iskanje, smo vam na\u0161teli najpomembnej\u0161a dejstva o razli\u010dnih sistemih nosilcev za kolesa.<\/p>\n\n\t\t<\/div>\n\t<\/div>\n<\/div><\/div><\/div><\/div><div class=\"vc_row wpb_row vc_row-fluid\"><div class=\"wpb_column vc_column_container vc_col-sm-12\"><div class=\"vc_column-inner\"><div class=\"wpb_wrapper\"><h2 style=\"font-size: 18px;text-align: left\" class=\"vc_custom_heading vc_do_custom_heading\" >Izklju\u010dno za avtodome: gara\u017eni sistemi<\/h2>\n\t<div class=\"wpb_text_column wpb_content_element\" >\n\t\t<div class=\"wpb_wrapper\">\n\t\t\t<p>Priljubljen na\u010din za prevoz koles, ki pa je primeren samo za <strong>ve\u010dja po\u010ditni\u0161ka vozila z gara\u017eo zadaj<\/strong> ponuja, je notranji prevoz skozi gara\u017eo. Ta prostor ponuja dovolj prostora za shranjevanje lastnih koles brez potrebe po zunanjem nosilcu za kolesa. Kljub temu bi bilo treba tudi tu vlo\u017eiti dolo\u010dena sredstva <strong>Transportna oprema<\/strong> vlo\u017eena, sicer lahko pride do po\u0161kodb zaradi trenja na kolesu ali gara\u017enih stenah. Svoja kolesa lahko na primer zavarujete s pomo\u010djo <strong>Talne tirnice<\/strong>, v katero so pritrjena kolesa brez sprednjega dela ali s pomo\u010djo <strong>Podpirala na saneh<\/strong>, ki lahko kolesa podpirajo navzgor ali ob strani. Pri nekaterih modelih so tirnice pritrjene, pri drugih pa jih je mogo\u010de izvle\u010di, kar olaj\u0161a nakladanje in razkladanje. \u010ce \u017eelite kolo preva\u017eati le ob\u010dasno na zadnjem delu, je dovolj sistem za pritrjevanje, pri katerem je kolo varno pritrjeno s trakom.<\/p>\n<p>Gara\u017eni sistemi ponujajo prednost, da se kolesa in e-kolesa lahko preva\u017eajo za\u0161\u010ditena pred vremenskimi vplivi in radovednimi pogledi \u2013 in za lastnike e-koles prina\u0161ajo posebno prednost, saj je tukaj mogo\u010de namestiti polnilne mo\u017enosti. Skladi\u0161\u010dni prostor za na primer kamp opremo se s to varianto sicer zmanj\u0161a.<\/p>\n\n\t\t<\/div>\n\t<\/div>\n<\/div><\/div><\/div><\/div><div class=\"vc_row wpb_row vc_row-fluid\"><div class=\"wpb_column vc_column_container vc_col-sm-6\"><div class=\"vc_column-inner\"><div class=\"wpb_wrapper\"><h2 style=\"font-size: 18px;text-align: left\" class=\"vc_custom_heading vc_do_custom_heading\" >Za avtodome in kamperje: monta\u017ea na zadnja vrata<\/h2>\n\t<div class=\"wpb_text_column wpb_content_element\" >\n\t\t<div class=\"wpb_wrapper\">\n\t\t\t<p>Ta razli\u010dica je priljubljena re\u0161itev za prevoz koles tako pri avtodomih kot pri kamper kombijih. Nosilec za kolesa je s pomo\u010djo samoreznih vijakov ali s pomo\u010djo svedra pritrjen na zadnjem delu avtodoma \u2013 najpogosteje na prtlja\u017enih vratih ali na \u0161asiji. <strong>Za vas zanimive posebnosti: <\/strong>Nosi\u010di za zadnja vrata imajo nizko lastno te\u017eo in visoko nosilnost. Zato lahko prenesejo do 60 kilogramov nosilnosti, kar je dovolj za prevoz povpre\u010dno dveh te\u017ejih elektri\u010dnih koles ali \u0161tirih obi\u010dajnih koles. Pri kombijih pa je ta omejitev le 35 kilogramov.<\/p>\n<p>Vendar je lahko vi\u0161ina nakladanja v\u010dasih precej visoka in pogosto povzro\u010da te\u017eave pri nalaganju te\u017ejih koles (\u0161e posebej e-koles), zato je priporo\u010dljivo paziti na snemljiva le\u017ei\u0161\u010da, ki jih je mogo\u010de spustiti na prijetno vi\u0161ino bodisi z ro\u010dico ali z motoriziranim spu\u0161\u010danjem. To lahko znatno olaj\u0161a postopek nakladanja tudi pri obi\u010dajnih kolesih. Zadnji nosilci ponujajo dodatno prednost, da jih je mogo\u010de hitro odstraniti z malo orodja in so tudi cenovno ugodni. Slabost je precej majhna razdalja med le\u017ei\u0161\u010di pri ve\u010d kot treh kolesih in visoka nakladalna vi\u0161ina, \u010de le\u017ei\u0161\u010da niso snemljiva.<\/p>\n\n\t\t<\/div>\n\t<\/div>\n<\/div><\/div><\/div><div class=\"wpb_column vc_column_container vc_col-sm-6\"><div class=\"vc_column-inner\"><div class=\"wpb_wrapper\"><div class=\"vc_row wpb_row vc_inner vc_row-fluid\"><div class=\"wpb_column vc_column_container vc_col-sm-12\"><div class=\"vc_column-inner\"><div class=\"wpb_wrapper\"><\/div><\/div><\/div><\/div>\n\t<div  class=\"wpb_single_image wpb_content_element vc_align_left wpb_content_element\">\n\t\t\n\t\t<figure class=\"wpb_wrapper vc_figure\">\n\t\t\t<div class=\"vc_single_image-wrapper\"><img fetchpriority=\"high\" decoding=\"async\" class=\"vc_single_image-img\" src=\"https:\/\/ahorn-camp.de\/wp-content\/uploads\/2022\/06\/thule_excellent_short_2rails_309822-1500x1190.jpg\" width=\"1500\" height=\"1190\" alt=\"Sistem nosilca za kolo na zadnji steni\" title=\"Zadnja stenska monta\u017ea je priljubljen sistem nosilcev za kolesa za avtodome Ahorn.\" \/><\/div><figcaption class=\"vc_figure-caption\">Monta\u017ea na zadnjo steno je priljubljena re\u0161itev za prevoz koles tako pri avtodomih kot pri kamper kombijih. <\/figcaption>\n\t\t<\/figure>\n\t<\/div>\n<\/div><\/div><\/div><\/div><div class=\"vc_row wpb_row vc_row-fluid\"><div class=\"wpb_column vc_column_container vc_col-sm-12\"><div class=\"vc_column-inner\"><div class=\"wpb_wrapper\"><h2 style=\"font-size: 18px;text-align: left\" class=\"vc_custom_heading vc_do_custom_heading\" >Monta\u017ea podvozja<\/h2>\n\t<div class=\"wpb_text_column wpb_content_element\" >\n\t\t<div class=\"wpb_wrapper\">\n\t\t\t<p>Pri tej mo\u017enosti vam ni treba skrbeti, ali bo va\u0161 nosilec za kolesa zdr\u017eal va\u0161a e-kolesa, saj lahko s pomo\u010djo ohi\u0161nih trakov preva\u017eate tovore do ve\u010d kot 150 kg. To omogo\u010da celo prevoz la\u017ejega skuterja ali motornega kolesa. V nasprotju z monta\u017eo na zadnja vrata, tukaj ni te\u017eav z nalaganjem in razkladanjem zaradi nizke vi\u0161ine nalaganja. Kljub temu obstajajo tudi tukaj naletne rampe, ki olaj\u0161ajo nemoteno dviganje koles \u2013 in \u0161e posebej e-koles. Pri \u0161tevilnih nosilcih za kolesa je mogo\u010de popolno odstranjevanje, za za\u0161\u010dito nosilnosti pa \u0161tevilni proizvajalci ponujajo tudi ustrezne za\u0161\u010ditne prevleke. Vendar ta sistem nosilcev ima svojo ceno \u2013 in precej visoko lastno te\u017eo. Poleg tega je treba za dodatno razsvetljavo namestiti podalj\u0161ke okvirja in elektriko. Priporo\u010dljiva je tudi dodatna zra\u010dna vzmet za zadnjo os. Pomembno: To razli\u010dico mora obvezno namestiti strokovnjak.<\/p>\n\n\t\t<\/div>\n\t<\/div>\n<\/div><\/div><\/div><\/div><div class=\"vc_row wpb_row vc_row-fluid\"><div class=\"wpb_column vc_column_container vc_col-sm-6\"><div class=\"vc_column-inner\"><div class=\"wpb_wrapper\"><h2 style=\"font-size: 18px;text-align: left\" class=\"vc_custom_heading vc_do_custom_heading\" >Nosilec za vle\u010dno kljuko<\/h2>\n\t<div class=\"wpb_text_column wpb_content_element\" >\n\t\t<div class=\"wpb_wrapper\">\n\t\t\t<p>Tisti, ki imajo vle\u010dno kljuko, lahko uporabijo zelo preprosto in zato priljubljeno razli\u010dico nosilca za kolesa ter na vle\u010dno kljuko namestijo nosilec za kolesa. Ta se lahko hitro in enostavno privije ali pritrdi ter enako hitro spet sname \u2013 zato za to razli\u010dico ne potrebujete strokovnjaka.<\/p>\n<p>Vendar je treba upo\u0161tevati, da ima nosilec za vle\u010dno kljuko svojo osvetlitev in registrsko tablico, saj sta osvetlitev in registrska tablica zakriti z avtodomom ali kombijem. Nakupni stro\u0161ki so tu v srednjem razredu \u2013 vendar se nosilnost \u2013 in s tem tudi poraba goriva \u2013 znatno pove\u010data. Da bi bilo omogo\u010deno nadaljnje odpiranje vrat, je pri kombijih treba namestiti tudi zlo\u017eljiv nosilec.<\/p>\n\n\t\t<\/div>\n\t<\/div>\n<\/div><\/div><\/div><div class=\"wpb_column vc_column_container vc_col-sm-6\"><div class=\"vc_column-inner\"><div class=\"wpb_wrapper\"><div class=\"vc_row wpb_row vc_inner vc_row-fluid\"><div class=\"wpb_column vc_column_container vc_col-sm-12\"><div class=\"vc_column-inner\"><div class=\"wpb_wrapper\"><\/div><\/div><\/div><\/div>\n\t<div  class=\"wpb_single_image wpb_content_element vc_align_left wpb_content_element\">\n\t\t\n\t\t<figure class=\"wpb_wrapper vc_figure\">\n\t\t\t<div class=\"vc_single_image-wrapper\"><img decoding=\"async\" width=\"300\" height=\"300\" src=\"https:\/\/ahorn-camp.de\/wp-content\/uploads\/2022\/06\/mikro_2_4_fahrraeder-300x300.jpg\" class=\"vc_single_image-img attachment-medium\" alt=\"Nosilec za vle\u010dno kljuko, ki je bil pritrjen na vle\u010dno kljuko avtodoma Ahorn Camp.\" title=\"Nosilec za prikolico je priljubljen sistem za prevoz koles za avtodome Ahorn Camp\" srcset=\"https:\/\/ahorn-camp.de\/wp-content\/uploads\/2022\/06\/mikro_2_4_fahrraeder-300x300.jpg 300w, https:\/\/ahorn-camp.de\/wp-content\/uploads\/2022\/06\/mikro_2_4_fahrraeder-1024x1024.jpg 1024w, https:\/\/ahorn-camp.de\/wp-content\/uploads\/2022\/06\/mikro_2_4_fahrraeder-150x150.jpg 150w, https:\/\/ahorn-camp.de\/wp-content\/uploads\/2022\/06\/mikro_2_4_fahrraeder-768x768.jpg 768w, https:\/\/ahorn-camp.de\/wp-content\/uploads\/2022\/06\/mikro_2_4_fahrraeder-600x600.jpg 600w, https:\/\/ahorn-camp.de\/wp-content\/uploads\/2022\/06\/mikro_2_4_fahrraeder-1536x1536.jpg 1536w, https:\/\/ahorn-camp.de\/wp-content\/uploads\/2022\/06\/mikro_2_4_fahrraeder-400x400.jpg 400w, https:\/\/ahorn-camp.de\/wp-content\/uploads\/2022\/06\/mikro_2_4_fahrraeder-800x800.jpg 800w, https:\/\/ahorn-camp.de\/wp-content\/uploads\/2022\/06\/mikro_2_4_fahrraeder-100x100.jpg 100w, https:\/\/ahorn-camp.de\/wp-content\/uploads\/2022\/06\/mikro_2_4_fahrraeder.jpg 1600w\" sizes=\"(max-width: 300px) 100vw, 300px\" \/><\/div><figcaption class=\"vc_figure-caption\">Nosa\u010d za vle\u010dno kljuko je mogo\u010de hitro in enostavno priviti ali privle\u010di na vle\u010dno kljuko.<\/figcaption>\n\t\t<\/figure>\n\t<\/div>\n<\/div><\/div><\/div><\/div><div class=\"vc_row wpb_row vc_row-fluid\"><div class=\"wpb_column vc_column_container vc_col-sm-12\"><div class=\"vc_column-inner\"><div class=\"wpb_wrapper\"><h2 style=\"font-size: 18px;text-align: left\" class=\"vc_custom_heading vc_do_custom_heading\" >Za kamper kombije: monta\u017ea vrat in monta\u017ea vratnih te\u010dajev<\/h2>\n\t<div class=\"wpb_text_column wpb_content_element\" >\n\t\t<div class=\"wpb_wrapper\">\n\t\t\t<p>Kot ste zdaj izvedeli, obstaja tudi za avtodome veliko mo\u017enosti za namestitev nosilca za kolo na vozilo. Posebej primerni za to so nosilci na vratih in nosilci na panti.<\/p>\n<p>Pri monta\u017ei vrat se konzola obesi na tirnico, ki je pritrjena na desna zadnja vrata. Monta\u017ea vrat ponuja prednost, da je relativno poceni, ima majhno lastno te\u017eo in je po prvi monta\u017ei hitro odstranljiva. Vendar pa dopu\u0161\u010da le nosilnost do 35 kilogramov, vrata in te\u010daji pa so mo\u010dno obremenjeni, zato ni primerna za prevoz e-koles. Poleg tega ta razli\u010dica ovira pogled skozi okno.<\/p>\n<p>Za prevoz e-koles je primeren nosilec, montiran na \u0161asijo ali neposredno na te\u010daje. Slednja mo\u017enost deluje tako, da se nosilec pritrdi na vijake vratnih te\u010dajev. Te je treba pred odpiranjem odblokirati. Tukaj je mogo\u010de dose\u010di ve\u010djo nosilnost do 60 kilogramov, vrata sama pa niso obremenjena. Vendar so dra\u017eji in te\u017eji od vratnih nosilcev.<\/p>\n\n\t\t<\/div>\n\t<\/div>\n<\/div><\/div><\/div><\/div><div class=\"vc_row wpb_row vc_row-fluid\"><div class=\"wpb_column vc_column_container vc_col-sm-12\"><div class=\"vc_column-inner\"><div class=\"wpb_wrapper\"><h2 style=\"font-size: 18px;text-align: left\" class=\"vc_custom_heading vc_do_custom_heading\" >Alternative k nosilcem za kolesa<\/h2>\n\t<div class=\"wpb_text_column wpb_content_element\" >\n\t\t<div class=\"wpb_wrapper\">\n\t\t\t<p>\u010ce na dopustu ne potrebujete nujno svojega obi\u010dajnega kolesa ali e-kolesa ter hkrati \u017eelite prihraniti prostor in te\u017eo, potem so na\u0161a priro\u010dna zlo\u017eljiva kolesa lahko popolna alternativa.<\/p>\n<p>Kaj drugega morate upo\u0161tevati pri prevozu koles, si lahko preberete tukaj. U\u017eivajte v va\u0161i naslednji kamperski pustolov\u0161\u010dini s kolesom.<\/p>\n\n\t\t<\/div>\n\t<\/div>\n<\/div><\/div><\/div><\/div><div class=\"vc_row wpb_row vc_row-fluid\"><div class=\"wpb_column vc_column_container vc_col-sm-12\"><div class=\"vc_column-inner\"><div class=\"wpb_wrapper\">\n\t<div class=\"wpb_text_column wpb_content_element\" >\n\t\t<div class=\"wpb_wrapper\">\n\t\t\t<p><em>Slike: Thule Sweden AB \/ ALOIS KOBER GMBH<\/em><\/p>\n\n\t\t<\/div>\n\t<\/div>\n<\/div><\/div><\/div><\/div>\n<\/div>","protected":false},"excerpt":{"rendered":"<p>\u017delite vzeti svoje kolo s seboj na po\u010ditnice z avtodomom in razmi\u0161ljate, kako bi to najbolje izpeljali? Na sre\u010do tako avtodomi kot kamperji ponujajo nekaj prakti\u010dnih mo\u017enosti v obliki razli\u010dnih sistemov za prevoz koles. Da bi vam prihranili obse\u017eno raziskovanje, smo vam pripravili najpomembnej\u0161a dejstva o razli\u010dnih sistemih za prevoz koles.<\/p>","protected":false},"author":2,"featured_media":16587,"comment_status":"open","ping_status":"open","sticky":false,"template":"","format":"standard","meta":{"content-type":"","footnotes":""},"categories":[208,291],"tags":[],"class_list":["post-16536","post","type-post","status-publish","format-standard","has-post-thumbnail","hentry","category-blog","category-nicht-kategorisiert-en-gb"],"yoast_head":"<!-- This site is optimized with the Yoast SEO plugin v28.4 - https:\/\/yoast.com\/product\/yoast-seo-wordpress\/ -->\n<title>Fahrradtr\u00e4gersystem f\u00fcr das Ahorn Reisemobil<\/title>\n<meta name=\"description\" content=\"Reisen mit Wohnmobil und Fahrrad: Welches Fahrradtr\u00e4gersystem passt f\u00fcr Sie? Wir zeigen die wichtigsten Eigenschaften und Unterschiede.\" \/>\n<meta name=\"robots\" content=\"index, follow, max-snippet:-1, max-image-preview:large, max-video-preview:-1\" \/>\n<link rel=\"canonical\" href=\"https:\/\/ahorn-camp.de\/sl\/kateri-sistem-nosilcev-za-kolo-ustreza-mojemu-avtodomu\/\" \/>\n<meta property=\"og:locale\" content=\"sl_SI\" \/>\n<meta property=\"og:type\" content=\"article\" \/>\n<meta property=\"og:title\" content=\"Fahrradtr\u00e4gersystem f\u00fcr das Ahorn Reisemobil\" \/>\n<meta property=\"og:description\" content=\"Reisen mit Wohnmobil und Fahrrad: Welches Fahrradtr\u00e4gersystem passt f\u00fcr Sie? Wir zeigen die wichtigsten Eigenschaften und Unterschiede.\" \/>\n<meta property=\"og:url\" content=\"https:\/\/ahorn-camp.de\/sl\/kateri-sistem-nosilcev-za-kolo-ustreza-mojemu-avtodomu\/\" \/>\n<meta property=\"og:site_name\" content=\"Ahorn Camp | Reisemobile und Kastenwagen\" \/>\n<meta property=\"article:publisher\" content=\"https:\/\/www.facebook.com\/ahorn.wohnmobile\/\" \/>\n<meta property=\"article:published_time\" content=\"2022-06-10T14:43:09+00:00\" \/>\n<meta property=\"article:modified_time\" content=\"2024-09-24T08:36:24+00:00\" \/>\n<meta property=\"og:image\" content=\"https:\/\/ahorn-camp.de\/wp-content\/uploads\/2022\/06\/Ahorn-Camp_-AlaskaTD_hikebike-11-scaled.jpg\" \/>\n\t<meta property=\"og:image:width\" content=\"2560\" \/>\n\t<meta property=\"og:image:height\" content=\"2048\" \/>\n\t<meta property=\"og:image:type\" content=\"image\/jpeg\" \/>\n<meta name=\"author\" content=\"ahorn_admin\" \/>\n<meta name=\"twitter:card\" content=\"summary_large_image\" \/>\n<meta name=\"twitter:label1\" content=\"Written by\" \/>\n\t<meta name=\"twitter:data1\" content=\"ahorn_admin\" \/>\n\t<meta name=\"twitter:label2\" content=\"Est. reading time\" \/>\n\t<meta name=\"twitter:data2\" content=\"6 minut\" \/>\n<script type=\"application\/ld+json\" class=\"yoast-schema-graph\">{\"@context\":\"https:\\\/\\\/schema.org\",\"@graph\":[{\"@type\":\"Article\",\"@id\":\"https:\\\/\\\/ahorn-camp.de\\\/welches-fahrradtraegersystem-passt-fuer-mein-reisemobil\\\/#article\",\"isPartOf\":{\"@id\":\"https:\\\/\\\/ahorn-camp.de\\\/welches-fahrradtraegersystem-passt-fuer-mein-reisemobil\\\/\"},\"author\":{\"name\":\"ahorn_admin\",\"@id\":\"https:\\\/\\\/ahorn-camp.de\\\/#\\\/schema\\\/person\\\/9b60761ba82d5cb8e6db215a88925044\"},\"headline\":\"Welches Fahrradtr\u00e4gersystem passt f\u00fcr mein Reisemobil?\",\"datePublished\":\"2022-06-10T14:43:09+00:00\",\"dateModified\":\"2024-09-24T08:36:24+00:00\",\"mainEntityOfPage\":{\"@id\":\"https:\\\/\\\/ahorn-camp.de\\\/welches-fahrradtraegersystem-passt-fuer-mein-reisemobil\\\/\"},\"wordCount\":1289,\"commentCount\":0,\"publisher\":{\"@id\":\"https:\\\/\\\/ahorn-camp.de\\\/#organization\"},\"image\":{\"@id\":\"https:\\\/\\\/ahorn-camp.de\\\/welches-fahrradtraegersystem-passt-fuer-mein-reisemobil\\\/#primaryimage\"},\"thumbnailUrl\":\"https:\\\/\\\/ahorn-camp.de\\\/wp-content\\\/uploads\\\/2022\\\/06\\\/Ahorn-Camp_-AlaskaTD_hikebike-11-scaled.jpg\",\"articleSection\":[\"Blog\",\"Nicht kategorisiert\"],\"inLanguage\":\"sl-SI\",\"potentialAction\":[{\"@type\":\"CommentAction\",\"name\":\"Comment\",\"target\":[\"https:\\\/\\\/ahorn-camp.de\\\/welches-fahrradtraegersystem-passt-fuer-mein-reisemobil\\\/#respond\"]}]},{\"@type\":\"WebPage\",\"@id\":\"https:\\\/\\\/ahorn-camp.de\\\/welches-fahrradtraegersystem-passt-fuer-mein-reisemobil\\\/\",\"url\":\"https:\\\/\\\/ahorn-camp.de\\\/welches-fahrradtraegersystem-passt-fuer-mein-reisemobil\\\/\",\"name\":\"Fahrradtr\u00e4gersystem f\u00fcr das Ahorn Reisemobil\",\"isPartOf\":{\"@id\":\"https:\\\/\\\/ahorn-camp.de\\\/#website\"},\"primaryImageOfPage\":{\"@id\":\"https:\\\/\\\/ahorn-camp.de\\\/welches-fahrradtraegersystem-passt-fuer-mein-reisemobil\\\/#primaryimage\"},\"image\":{\"@id\":\"https:\\\/\\\/ahorn-camp.de\\\/welches-fahrradtraegersystem-passt-fuer-mein-reisemobil\\\/#primaryimage\"},\"thumbnailUrl\":\"https:\\\/\\\/ahorn-camp.de\\\/wp-content\\\/uploads\\\/2022\\\/06\\\/Ahorn-Camp_-AlaskaTD_hikebike-11-scaled.jpg\",\"datePublished\":\"2022-06-10T14:43:09+00:00\",\"dateModified\":\"2024-09-24T08:36:24+00:00\",\"description\":\"Reisen mit Wohnmobil und Fahrrad: Welches Fahrradtr\u00e4gersystem passt f\u00fcr Sie? Wir zeigen die wichtigsten Eigenschaften und Unterschiede.\",\"breadcrumb\":{\"@id\":\"https:\\\/\\\/ahorn-camp.de\\\/welches-fahrradtraegersystem-passt-fuer-mein-reisemobil\\\/#breadcrumb\"},\"inLanguage\":\"sl-SI\",\"potentialAction\":[{\"@type\":\"ReadAction\",\"target\":[\"https:\\\/\\\/ahorn-camp.de\\\/welches-fahrradtraegersystem-passt-fuer-mein-reisemobil\\\/\"]}]},{\"@type\":\"ImageObject\",\"inLanguage\":\"sl-SI\",\"@id\":\"https:\\\/\\\/ahorn-camp.de\\\/welches-fahrradtraegersystem-passt-fuer-mein-reisemobil\\\/#primaryimage\",\"url\":\"https:\\\/\\\/ahorn-camp.de\\\/wp-content\\\/uploads\\\/2022\\\/06\\\/Ahorn-Camp_-AlaskaTD_hikebike-11-scaled.jpg\",\"contentUrl\":\"https:\\\/\\\/ahorn-camp.de\\\/wp-content\\\/uploads\\\/2022\\\/06\\\/Ahorn-Camp_-AlaskaTD_hikebike-11-scaled.jpg\",\"width\":2560,\"height\":2048},{\"@type\":\"BreadcrumbList\",\"@id\":\"https:\\\/\\\/ahorn-camp.de\\\/welches-fahrradtraegersystem-passt-fuer-mein-reisemobil\\\/#breadcrumb\",\"itemListElement\":[{\"@type\":\"ListItem\",\"position\":1,\"name\":\"Startseite\",\"item\":\"https:\\\/\\\/ahorn-camp.de\\\/\"},{\"@type\":\"ListItem\",\"position\":2,\"name\":\"Welches Fahrradtr\u00e4gersystem passt f\u00fcr mein Reisemobil?\"}]},{\"@type\":\"WebSite\",\"@id\":\"https:\\\/\\\/ahorn-camp.de\\\/#website\",\"url\":\"https:\\\/\\\/ahorn-camp.de\\\/\",\"name\":\"Ahorn Camp | Reisemobile und Kastenwagen\",\"description\":\"Seit \u00fcber 30 Jahren vermarktet das Familienunternehmen, Ahorn Camp in Speyer, erfolgreich Wohnmobile und Kastenwagen zum besten Preis-Leistungsverh\u00e4ltnis.\",\"publisher\":{\"@id\":\"https:\\\/\\\/ahorn-camp.de\\\/#organization\"},\"potentialAction\":[{\"@type\":\"SearchAction\",\"target\":{\"@type\":\"EntryPoint\",\"urlTemplate\":\"https:\\\/\\\/ahorn-camp.de\\\/?s={search_term_string}\"},\"query-input\":{\"@type\":\"PropertyValueSpecification\",\"valueRequired\":true,\"valueName\":\"search_term_string\"}}],\"inLanguage\":\"sl-SI\"},{\"@type\":\"Organization\",\"@id\":\"https:\\\/\\\/ahorn-camp.de\\\/#organization\",\"name\":\"Ahorn Camp GmbH & Co. KG\",\"url\":\"https:\\\/\\\/ahorn-camp.de\\\/\",\"logo\":{\"@type\":\"ImageObject\",\"inLanguage\":\"sl-SI\",\"@id\":\"https:\\\/\\\/ahorn-camp.de\\\/#\\\/schema\\\/logo\\\/image\\\/\",\"url\":\"https:\\\/\\\/ahorn-camp.de\\\/wp-content\\\/uploads\\\/2018\\\/12\\\/Ahorn_Logo.jpg\",\"contentUrl\":\"https:\\\/\\\/ahorn-camp.de\\\/wp-content\\\/uploads\\\/2018\\\/12\\\/Ahorn_Logo.jpg\",\"width\":1437,\"height\":1000,\"caption\":\"Ahorn Camp GmbH & Co. KG\"},\"image\":{\"@id\":\"https:\\\/\\\/ahorn-camp.de\\\/#\\\/schema\\\/logo\\\/image\\\/\"},\"sameAs\":[\"https:\\\/\\\/www.facebook.com\\\/ahorn.wohnmobile\\\/\",\"https:\\\/\\\/www.instagram.com\\\/ahorn.camp\\\/\",\"https:\\\/\\\/www.youtube.com\\\/channel\\\/UCPFbPCts1JJ_A1k9vyH0yOQ\"]},{\"@type\":\"Person\",\"@id\":\"https:\\\/\\\/ahorn-camp.de\\\/#\\\/schema\\\/person\\\/9b60761ba82d5cb8e6db215a88925044\",\"name\":\"ahorn_admin\",\"image\":{\"@type\":\"ImageObject\",\"inLanguage\":\"sl-SI\",\"@id\":\"https:\\\/\\\/secure.gravatar.com\\\/avatar\\\/d96b9a078083b0c14cee48589feadd939c3cdd66547e2f3f1569470371daaaa5?s=96&d=mm&r=g\",\"url\":\"https:\\\/\\\/secure.gravatar.com\\\/avatar\\\/d96b9a078083b0c14cee48589feadd939c3cdd66547e2f3f1569470371daaaa5?s=96&d=mm&r=g\",\"contentUrl\":\"https:\\\/\\\/secure.gravatar.com\\\/avatar\\\/d96b9a078083b0c14cee48589feadd939c3cdd66547e2f3f1569470371daaaa5?s=96&d=mm&r=g\",\"caption\":\"ahorn_admin\"},\"sameAs\":[\"http:\\\/\\\/Ahorn%20Camp\"],\"url\":\"https:\\\/\\\/ahorn-camp.de\\\/sl\\\/author\\\/ahorn_admin\\\/\"}]}<\/script>\n<!-- \/ Yoast SEO plugin. -->","yoast_head_json":{"title":"Sistem nosilca za kolo za avtodom Ahorn","description":"Potovanje z avtodomom in kolesom: Kateri sistem nosilca za kolo vam ustreza? Predstavljamo najpomembnej\u0161e lastnosti in razlike.","robots":{"index":"index","follow":"follow","max-snippet":"max-snippet:-1","max-image-preview":"max-image-preview:large","max-video-preview":"max-video-preview:-1"},"canonical":"https:\/\/ahorn-camp.de\/sl\/kateri-sistem-nosilcev-za-kolo-ustreza-mojemu-avtodomu\/","og_locale":"sl_SI","og_type":"article","og_title":"Fahrradtr\u00e4gersystem f\u00fcr das Ahorn Reisemobil","og_description":"Reisen mit Wohnmobil und Fahrrad: Welches Fahrradtr\u00e4gersystem passt f\u00fcr Sie? Wir zeigen die wichtigsten Eigenschaften und Unterschiede.","og_url":"https:\/\/ahorn-camp.de\/sl\/kateri-sistem-nosilcev-za-kolo-ustreza-mojemu-avtodomu\/","og_site_name":"Ahorn Camp | Reisemobile und Kastenwagen","article_publisher":"https:\/\/www.facebook.com\/ahorn.wohnmobile\/","article_published_time":"2022-06-10T14:43:09+00:00","article_modified_time":"2024-09-24T08:36:24+00:00","og_image":[{"width":2560,"height":2048,"url":"https:\/\/ahorn-camp.de\/wp-content\/uploads\/2022\/06\/Ahorn-Camp_-AlaskaTD_hikebike-11-scaled.jpg","type":"image\/jpeg"}],"author":"ahorn_admin","twitter_card":"summary_large_image","twitter_misc":{"Written by":"ahorn_admin","Est. reading time":"6 minut"},"schema":{"@context":"https:\/\/schema.org","@graph":[{"@type":"Article","@id":"https:\/\/ahorn-camp.de\/welches-fahrradtraegersystem-passt-fuer-mein-reisemobil\/#article","isPartOf":{"@id":"https:\/\/ahorn-camp.de\/welches-fahrradtraegersystem-passt-fuer-mein-reisemobil\/"},"author":{"name":"ahorn_admin","@id":"https:\/\/ahorn-camp.de\/#\/schema\/person\/9b60761ba82d5cb8e6db215a88925044"},"headline":"Welches Fahrradtr\u00e4gersystem passt f\u00fcr mein Reisemobil?","datePublished":"2022-06-10T14:43:09+00:00","dateModified":"2024-09-24T08:36:24+00:00","mainEntityOfPage":{"@id":"https:\/\/ahorn-camp.de\/welches-fahrradtraegersystem-passt-fuer-mein-reisemobil\/"},"wordCount":1289,"commentCount":0,"publisher":{"@id":"https:\/\/ahorn-camp.de\/#organization"},"image":{"@id":"https:\/\/ahorn-camp.de\/welches-fahrradtraegersystem-passt-fuer-mein-reisemobil\/#primaryimage"},"thumbnailUrl":"https:\/\/ahorn-camp.de\/wp-content\/uploads\/2022\/06\/Ahorn-Camp_-AlaskaTD_hikebike-11-scaled.jpg","articleSection":["Blog","Nicht kategorisiert"],"inLanguage":"sl-SI","potentialAction":[{"@type":"CommentAction","name":"Comment","target":["https:\/\/ahorn-camp.de\/welches-fahrradtraegersystem-passt-fuer-mein-reisemobil\/#respond"]}]},{"@type":"WebPage","@id":"https:\/\/ahorn-camp.de\/welches-fahrradtraegersystem-passt-fuer-mein-reisemobil\/","url":"https:\/\/ahorn-camp.de\/welches-fahrradtraegersystem-passt-fuer-mein-reisemobil\/","name":"Sistem nosilca za kolo za avtodom Ahorn","isPartOf":{"@id":"https:\/\/ahorn-camp.de\/#website"},"primaryImageOfPage":{"@id":"https:\/\/ahorn-camp.de\/welches-fahrradtraegersystem-passt-fuer-mein-reisemobil\/#primaryimage"},"image":{"@id":"https:\/\/ahorn-camp.de\/welches-fahrradtraegersystem-passt-fuer-mein-reisemobil\/#primaryimage"},"thumbnailUrl":"https:\/\/ahorn-camp.de\/wp-content\/uploads\/2022\/06\/Ahorn-Camp_-AlaskaTD_hikebike-11-scaled.jpg","datePublished":"2022-06-10T14:43:09+00:00","dateModified":"2024-09-24T08:36:24+00:00","description":"Potovanje z avtodomom in kolesom: Kateri sistem nosilca za kolo vam ustreza? Predstavljamo najpomembnej\u0161e lastnosti in razlike.","breadcrumb":{"@id":"https:\/\/ahorn-camp.de\/welches-fahrradtraegersystem-passt-fuer-mein-reisemobil\/#breadcrumb"},"inLanguage":"sl-SI","potentialAction":[{"@type":"ReadAction","target":["https:\/\/ahorn-camp.de\/welches-fahrradtraegersystem-passt-fuer-mein-reisemobil\/"]}]},{"@type":"ImageObject","inLanguage":"sl-SI","@id":"https:\/\/ahorn-camp.de\/welches-fahrradtraegersystem-passt-fuer-mein-reisemobil\/#primaryimage","url":"https:\/\/ahorn-camp.de\/wp-content\/uploads\/2022\/06\/Ahorn-Camp_-AlaskaTD_hikebike-11-scaled.jpg","contentUrl":"https:\/\/ahorn-camp.de\/wp-content\/uploads\/2022\/06\/Ahorn-Camp_-AlaskaTD_hikebike-11-scaled.jpg","width":2560,"height":2048},{"@type":"BreadcrumbList","@id":"https:\/\/ahorn-camp.de\/welches-fahrradtraegersystem-passt-fuer-mein-reisemobil\/#breadcrumb","itemListElement":[{"@type":"ListItem","position":1,"name":"Startseite","item":"https:\/\/ahorn-camp.de\/"},{"@type":"ListItem","position":2,"name":"Welches Fahrradtr\u00e4gersystem passt f\u00fcr mein Reisemobil?"}]},{"@type":"WebSite","@id":"https:\/\/ahorn-camp.de\/#website","url":"https:\/\/ahorn-camp.de\/","name":"Ahorn Camp | Avtodomi in kombiji","description":"\u017de ve\u010d kot 30 let dru\u017einsko podjetje Ahorn Camp iz Speyerja uspe\u0161no prodaja avtodome in kombije z najbolj\u0161im razmerjem med ceno in kakovostjo.","publisher":{"@id":"https:\/\/ahorn-camp.de\/#organization"},"potentialAction":[{"@type":"SearchAction","target":{"@type":"EntryPoint","urlTemplate":"https:\/\/ahorn-camp.de\/?s={search_term_string}"},"query-input":{"@type":"PropertyValueSpecification","valueRequired":true,"valueName":"search_term_string"}}],"inLanguage":"sl-SI"},{"@type":"Organization","@id":"https:\/\/ahorn-camp.de\/#organization","name":"Ahorn Camp GmbH &amp; Co. KG","url":"https:\/\/ahorn-camp.de\/","logo":{"@type":"ImageObject","inLanguage":"sl-SI","@id":"https:\/\/ahorn-camp.de\/#\/schema\/logo\/image\/","url":"https:\/\/ahorn-camp.de\/wp-content\/uploads\/2018\/12\/Ahorn_Logo.jpg","contentUrl":"https:\/\/ahorn-camp.de\/wp-content\/uploads\/2018\/12\/Ahorn_Logo.jpg","width":1437,"height":1000,"caption":"Ahorn Camp GmbH & Co. KG"},"image":{"@id":"https:\/\/ahorn-camp.de\/#\/schema\/logo\/image\/"},"sameAs":["https:\/\/www.facebook.com\/ahorn.wohnmobile\/","https:\/\/www.instagram.com\/ahorn.camp\/","https:\/\/www.youtube.com\/channel\/UCPFbPCts1JJ_A1k9vyH0yOQ"]},{"@type":"Person","@id":"https:\/\/ahorn-camp.de\/#\/schema\/person\/9b60761ba82d5cb8e6db215a88925044","name":"ahorn_admin","image":{"@type":"ImageObject","inLanguage":"sl-SI","@id":"https:\/\/secure.gravatar.com\/avatar\/d96b9a078083b0c14cee48589feadd939c3cdd66547e2f3f1569470371daaaa5?s=96&d=mm&r=g","url":"https:\/\/secure.gravatar.com\/avatar\/d96b9a078083b0c14cee48589feadd939c3cdd66547e2f3f1569470371daaaa5?s=96&d=mm&r=g","contentUrl":"https:\/\/secure.gravatar.com\/avatar\/d96b9a078083b0c14cee48589feadd939c3cdd66547e2f3f1569470371daaaa5?s=96&d=mm&r=g","caption":"ahorn_admin"},"sameAs":["http:\/\/Ahorn%20Camp"],"url":"https:\/\/ahorn-camp.de\/sl\/author\/ahorn_admin\/"}]}},"_links":{"self":[{"href":"https:\/\/ahorn-camp.de\/sl\/wp-json\/wp\/v2\/posts\/16536","targetHints":{"allow":["GET"]}}],"collection":[{"href":"https:\/\/ahorn-camp.de\/sl\/wp-json\/wp\/v2\/posts"}],"about":[{"href":"https:\/\/ahorn-camp.de\/sl\/wp-json\/wp\/v2\/types\/post"}],"author":[{"embeddable":true,"href":"https:\/\/ahorn-camp.de\/sl\/wp-json\/wp\/v2\/users\/2"}],"replies":[{"embeddable":true,"href":"https:\/\/ahorn-camp.de\/sl\/wp-json\/wp\/v2\/comments?post=16536"}],"version-history":[{"count":0,"href":"https:\/\/ahorn-camp.de\/sl\/wp-json\/wp\/v2\/posts\/16536\/revisions"}],"wp:featuredmedia":[{"embeddable":true,"href":"https:\/\/ahorn-camp.de\/sl\/wp-json\/wp\/v2\/media\/16587"}],"wp:attachment":[{"href":"https:\/\/ahorn-camp.de\/sl\/wp-json\/wp\/v2\/media?parent=16536"}],"wp:term":[{"taxonomy":"category","embeddable":true,"href":"https:\/\/ahorn-camp.de\/sl\/wp-json\/wp\/v2\/categories?post=16536"},{"taxonomy":"post_tag","embeddable":true,"href":"https:\/\/ahorn-camp.de\/sl\/wp-json\/wp\/v2\/tags?post=16536"}],"curies":[{"name":"wp","href":"https:\/\/api.w.org\/{rel}","templated":true}]}}