{"id":16529,"date":"2022-06-10T16:52:14","date_gmt":"2022-06-10T14:52:14","guid":{"rendered":"https:\/\/ahorn-camp.de\/?p=16529"},"modified":"2024-09-24T10:35:34","modified_gmt":"2024-09-24T08:35:34","slug":"6-nasvetov-za-potovanje-s-kolesarskim-nosilcem-na-avtodomu","status":"publish","type":"post","link":"https:\/\/ahorn-camp.de\/sl\/6-tipps-zum-reisen-mit-fahrradtraeger-am-wohnmobil\/","title":{"rendered":"6 nasvetov za potovanje s kolesarsko prikolico na avtodomu"},"content":{"rendered":"<div class=\"wpb-content-wrapper\" id=\"wpb-content-root\"><div class=\"vc_row wpb_row vc_row-fluid\"><div class=\"wpb_column vc_column_container vc_col-sm-12\"><div class=\"vc_column-inner\"><div class=\"wpb_wrapper\">\n\t<div class=\"wpb_text_column wpb_content_element\" >\n\t\t<div class=\"wpb_wrapper\">\n\t\t\t<p><a href=\"https:\/\/ahorn-camp.de\/sl\/avtonomno-v-avtodomu\/\">Fleksibilnost in svoboda<\/a> kot pri nobeni drugi obliki potovanja \u2013 to je tisto, kar vse ve\u010d ljudi posebej ceni pri potovanju z avtodomom ali kamperjem. In kdor \u017eeli iz svojega potovanja izvle\u010di najve\u010d svobode, s seboj vzame \u0161e lastno kolo ali e-kolo. Da avtodom in kolesa ostanejo nepo\u0161kodovani in da ne pride do kakr\u0161nih koli kr\u0161itev zakona, je treba upo\u0161tevati nekaj stvari:<\/p>\n\n\t\t<\/div>\n\t<\/div>\n<\/div><\/div><\/div><\/div><div class=\"vc_row wpb_row vc_row-fluid\"><div class=\"wpb_column vc_column_container vc_col-sm-12\"><div class=\"vc_column-inner\"><div class=\"wpb_wrapper\"><h2 style=\"font-size: 18px;text-align: left\" class=\"vc_custom_heading vc_do_custom_heading\" >1. Monta\u017ea strokovnjakov<\/h2>\n\t<div class=\"wpb_text_column wpb_content_element\" >\n\t\t<div class=\"wpb_wrapper\">\n\t\t\t<p>Obstaja veliko razli\u010dnih sistemov za prevoz koles, ki jih lahko namestite na svoje vozilo \u2013 pod pogojem, da se ujemajo z njim in va\u0161imi individualnimi \u017eeljami glede prevoza. Pri ve\u010dini sistemov za prevoz koles je priporo\u010dljivo, da monta\u017eo prepustite strokovnjakom. Obi\u010dajno imajo <a href=\"https:\/\/ahorn-camp.de\/sl\/avtodomi-ahorn\/\">Avtodomi\u00a0<\/a> danes sicer serijsko opremljene z oja\u010dano zadnjo steno, ki je predpogoj za pritrditev nosilca z vijaki \u2013 vendar teh oja\u010ditev od zunaj ni videti. Da bi se izognili grdim napakam in morebitnim po\u0161kodbam vozila, je zato priporo\u010dljivo, da monta\u017eo opravi strokovnjak, ki ve, na katerih to\u010dkah je pritrditev varna.<\/p>\n<p>Pri <a href=\"https:\/\/ahorn-camp.de\/sl\/nordspanien-van-city\/\">Avtodomi<\/a> ali monta\u017eo za laike ote\u017euje, da se mora nosilec odpreti s prtlja\u017enimi vrati. Izjemen sistem nosilca za kolesa, ki ga lahko brez te\u017eav namestijo in odstranijo tudi laiki, je <em>Nosilec za vle\u010dno kljuko<\/em>. Na\u0161a servisna in delavni\u0161ka ekipa vam seveda kadar koli rada svetuje in vam pomaga pri vseh vpra\u0161anjih v zvezi s sistemi za nosilce koles.<\/p>\n\n\t\t<\/div>\n\t<\/div>\n<\/div><\/div><\/div><\/div><div class=\"vc_row wpb_row vc_row-fluid\"><div class=\"wpb_column vc_column_container vc_col-sm-12\"><div class=\"vc_column-inner\"><div class=\"wpb_wrapper\"><h2 style=\"font-size: 18px;text-align: left\" class=\"vc_custom_heading vc_do_custom_heading\" >2. Skupna te\u017ea<\/h2>\n\t<div class=\"wpb_text_column wpb_content_element\" >\n\t\t<div class=\"wpb_wrapper\">\n\t\t\t<p>Preden kupite nosilec za kolo, preverite, koliko te\u017ee lahko prenesejo skupaj z va\u0161imi kolesi. Skupna dovoljena te\u017ea va\u0161ega avtodoma ali kombija namre\u010d ne sme biti prese\u017eena zaradi dodatne nosilnosti. \u0160e posebej te\u017eka elektri\u010dna kolesa ali ve\u010dje \u0161tevilo koles lahko hitro vplivajo na skupno te\u017eo. Zato se\u0161tejte te\u017eo nosilca za kolo in va\u0161ih koles k te\u017ei va\u0161ega avtodoma, da ste prepri\u010dani.<\/p>\n<p><strong>Dobro vedeti:<\/strong> Avtodomi podjetja Ahorn Camp imajo praviloma dovoljeno skupno maso 3,5 tone. Zra\u010dno vzmetenje izbolj\u0161a krmiljenje in pove\u010da odpornost avtodoma proti bo\u010dnemu vetru. Poleg tega je zra\u010dno vzmetenje potrebno za pove\u010danje nosilnosti na 4 tone. \u010ce \u017eelite s seboj vzeti nekaj ve\u010d prtljage ali pa imate zaradi obse\u017ene opreme \u017ee precej visoko prazno maso, lahko torej razmislite o pove\u010danju nosilnosti na 4 tone. Zadnja stena na\u0161ih avtodomov prenese do 60 kilogramov obremenitve, pri na\u0161ih kamping avtomobilih pa 35 kilogramov.<\/p>\n<p>Pazite tudi, da bo va\u0161 sistem nosilcev za kolesa zmogel prenesti te\u017eo va\u0161ih koles. Na\u0161i nosilci za kolesa imajo nosilnost 19 kilogramov na tirnico, ki je v nobenem primeru \u2013 ne glede na nosilnost stene \u2013 ne smete prese\u010di. <strong>Nasvet za e-kolesa<\/strong>Akumulator va\u0161ega e-kolesa lahko med vo\u017enjo odstranite in ga shranite v vozilo, da razbremenite nosilec za kolesa.<\/p>\n<p>Pomembno je tudi, da se vnaprej pozanimate, koliko koles ali e-koles nameravate preva\u017eati, saj imajo ti nosilci obi\u010dajno omejeno \u0161tevilo tirnic.<\/p>\n\n\t\t<\/div>\n\t<\/div>\n<\/div><\/div><\/div><\/div><div class=\"vc_row wpb_row vc_row-fluid\"><div class=\"wpb_column vc_column_container vc_col-sm-12\"><div class=\"vc_column-inner\"><div class=\"wpb_wrapper\"><h2 style=\"font-size: 18px;text-align: left\" class=\"vc_custom_heading vc_do_custom_heading\" >3. Vidnost registrskih tablic in zavorne lu\u010di<\/h2>\n\t<div class=\"wpb_text_column wpb_content_element\" >\n\t\t<div class=\"wpb_wrapper\">\n\t\t\t<p>Da ne bi pri\u0161li v navzkri\u017e s zakonom, bodite pozorni, da registrskih tablic in zavorne lu\u010di ne zakriva nosilec za kolesa. Najve\u010d te\u017eav pri tem povzro\u010dajo zadnji nosilci za kolesa, ki so ve\u010dinoma vi\u0161insko nastavljivi in jih je mogo\u010de ustrezno nastaviti. Nosilci za vle\u010dno kljuko so prav tako ve\u010dinoma opremljeni z lastnim dr\u017ealom za registrsko tablico in lastnimi lu\u010dmi. \u010ce izberete drug sistem, bo morda treba tablice in lu\u010di namestiti lo\u010deno.<\/p>\n\n\t\t<\/div>\n\t<\/div>\n<\/div><\/div><\/div><\/div><div class=\"vc_row wpb_row vc_row-fluid\"><div class=\"wpb_column vc_column_container vc_col-sm-12\"><div class=\"vc_column-inner\"><div class=\"wpb_wrapper\"><h2 style=\"font-size: 18px;text-align: left\" class=\"vc_custom_heading vc_do_custom_heading\" >4. Opozorilne table<\/h2>\n\t<div class=\"wpb_text_column wpb_content_element\" >\n\t\t<div class=\"wpb_wrapper\">\n\t\t\t<p>V nekaterih dr\u017eavah (kot so priljubljeni turisti\u010dni cilji \u0160panija in <a href=\"https:\/\/ahorn-camp.de\/sl\/s-kamperjem-po-toskani\/\">Italija<\/a>) je obvezno na izstopajo\u010dih delih, ki vozilo raz\u0161irjajo preko dol\u017eine, vpisane v prometno dovoljenje, namestiti rde\u010de-belo opozorilno tablo predpisane velikosti. Pomembno je vedeti, da tukaj ni enotne evropske opozorilne table, ampak ima vsaka dr\u017eava svojo: v \u0160paniji je opremljena s tremi rde\u010dimi \u010drtami, v Italiji s petimi. Za vas to pomeni: pred potovanjem se nujno pozanimajte, katera dr\u017eava ima tukaj kak\u0161no uredbo in pripravite potrebne table kot previdnostni ukrep. To velja tudi, \u010de je na\u010drtovan le tranzit skozi dolo\u010deno dr\u017eavo.<\/p>\n\n\t\t<\/div>\n\t<\/div>\n<\/div><\/div><\/div><\/div><div class=\"vc_row wpb_row vc_row-fluid\"><div class=\"wpb_column vc_column_container vc_col-sm-12\"><div class=\"vc_column-inner\"><div class=\"wpb_wrapper\"><h2 style=\"font-size: 18px;text-align: left\" class=\"vc_custom_heading vc_do_custom_heading\" >5. Hitrost vo\u017enje<\/h2>\n\t<div class=\"wpb_text_column wpb_content_element\" >\n\t\t<div class=\"wpb_wrapper\">\n\t\t\t<p>Seveda bi se morali tako ali druga\u010de dr\u017eati predpisanih omejitev hitrosti \u2013 s kolesom (na zunanjem) prtlja\u017eniku je to \u0161e toliko bolj pomembno, da se izognete nesre\u010dam. Na avtocesti je priporo\u010dljivo, da ne vozite veliko hitreje kot 100 km\/h. Na splo\u0161no pa je priporo\u010dljivo, da pred potovanjem opravite kraj\u0161o poskusno vo\u017enjo z nosilcem za kolo, da ocenite, kako se va\u0161 sistem za prevoz obna\u0161a v ovinkih in kako morate prilagoditi svoj vozni\u0161ki slog dodatni prtljagi. To \u0161e posebej velja za nosilce na vle\u010dni kljuki.<\/p>\n<p>Dobro je vedeti: kolesa niso vidna v vzvratnih ogledalih. Zato se po prvih nekaj kilometrih ustavite in preverite, ali vse dr\u017ei.<\/p>\n\n\t\t<\/div>\n\t<\/div>\n<\/div><\/div><\/div><\/div><div class=\"vc_row wpb_row vc_row-fluid\"><div class=\"wpb_column vc_column_container vc_col-sm-12\"><div class=\"vc_column-inner\"><div class=\"wpb_wrapper\"><h2 style=\"font-size: 18px;text-align: left\" class=\"vc_custom_heading vc_do_custom_heading\" >6. Za\u0161\u010dita pred krajo<\/h2>\n\t<div class=\"wpb_text_column wpb_content_element\" >\n\t\t<div class=\"wpb_wrapper\">\n\t\t\t<p>Hitro v supermarket ali raziskovanje soseske pe\u0161? Da boste lahko vsako minuto svojega dopusta spro\u0161\u010deno u\u017eivali, ne smete dati prilo\u017enosti kolesarskim tatovom. Priporo\u010damo, da svoj sistem nosilcev za kolesa in sama kolesa zavarujete pred krajo. V ta namen ponujamo na primer zaklepne podporne roke.<\/p>\n\n\t\t<\/div>\n\t<\/div>\n<\/div><\/div><\/div><\/div>\n<\/div>","protected":false},"excerpt":{"rendered":"<p>Flexibilit\u00e4t und Freiheit wie bei keiner anderen Reiseform \u2013 das ist es, was  immer mehr Menschen am Verreisen mit dem Wohnmobil oder Campervan ganz besonders sch\u00e4tzen.  Und wer die maximale Freiheit aus seiner Reise herausholen m\u00f6chte, packt noch das eigene Fahrrad oder E-Bike ein. Damit Reisemobil und R\u00e4der unversehrt bleiben und es zu keinen Konflikten mit dem Gesetzt kommt, gibt es ein paar Dinge zu beachten.<\/p>","protected":false},"author":2,"featured_media":16588,"comment_status":"closed","ping_status":"open","sticky":false,"template":"","format":"standard","meta":{"content-type":"","footnotes":""},"categories":[208],"tags":[],"class_list":["post-16529","post","type-post","status-publish","format-standard","has-post-thumbnail","hentry","category-blog"],"yoast_head":"<!-- This site is optimized with the Yoast SEO plugin v28.4 - https:\/\/yoast.com\/product\/yoast-seo-wordpress\/ -->\n<title>Reisen mit Fahrradtraeger am Ahorn Camp Wohnmobil<\/title>\n<meta name=\"description\" content=\"Das sollten Sie beim Reisen mit Wohnmobil und Fahrrad und bei der Montage eines Fahrradtr\u00e4gers beachten. Erfahren Sie mehr.\" \/>\n<meta name=\"robots\" content=\"index, follow, max-snippet:-1, max-image-preview:large, max-video-preview:-1\" \/>\n<link rel=\"canonical\" href=\"https:\/\/ahorn-camp.de\/sl\/6-nasvetov-za-potovanje-s-kolesarskim-nosilcem-na-avtodomu\/\" \/>\n<meta property=\"og:locale\" content=\"sl_SI\" \/>\n<meta property=\"og:type\" content=\"article\" \/>\n<meta property=\"og:title\" content=\"Reisen mit Fahrradtraeger am Ahorn Camp Wohnmobil\" \/>\n<meta property=\"og:description\" content=\"Das sollten Sie beim Reisen mit Wohnmobil und Fahrrad und bei der Montage eines Fahrradtr\u00e4gers beachten. Erfahren Sie mehr.\" \/>\n<meta property=\"og:url\" content=\"https:\/\/ahorn-camp.de\/sl\/6-nasvetov-za-potovanje-s-kolesarskim-nosilcem-na-avtodomu\/\" \/>\n<meta property=\"og:site_name\" content=\"Ahorn Camp | Reisemobile und Kastenwagen\" \/>\n<meta property=\"article:publisher\" content=\"https:\/\/www.facebook.com\/ahorn.wohnmobile\/\" \/>\n<meta property=\"article:published_time\" content=\"2022-06-10T14:52:14+00:00\" \/>\n<meta property=\"article:modified_time\" content=\"2024-09-24T08:35:34+00:00\" \/>\n<meta property=\"og:image\" content=\"https:\/\/ahorn-camp.de\/wp-content\/uploads\/2022\/06\/Ahorn-Camp_-AlaskaTD_hikebike-8-scaled.jpg\" \/>\n\t<meta property=\"og:image:width\" content=\"2560\" \/>\n\t<meta property=\"og:image:height\" content=\"1855\" \/>\n\t<meta property=\"og:image:type\" content=\"image\/jpeg\" \/>\n<meta name=\"author\" content=\"ahorn_admin\" \/>\n<meta name=\"twitter:card\" content=\"summary_large_image\" \/>\n<meta name=\"twitter:label1\" content=\"Written by\" \/>\n\t<meta name=\"twitter:data1\" content=\"ahorn_admin\" \/>\n\t<meta name=\"twitter:label2\" content=\"Est. reading time\" \/>\n\t<meta name=\"twitter:data2\" content=\"5 minut\" \/>\n<script type=\"application\/ld+json\" class=\"yoast-schema-graph\">{\"@context\":\"https:\\\/\\\/schema.org\",\"@graph\":[{\"@type\":\"Article\",\"@id\":\"https:\\\/\\\/ahorn-camp.de\\\/6-tipps-zum-reisen-mit-fahrradtraeger-am-wohnmobil\\\/#article\",\"isPartOf\":{\"@id\":\"https:\\\/\\\/ahorn-camp.de\\\/6-tipps-zum-reisen-mit-fahrradtraeger-am-wohnmobil\\\/\"},\"author\":{\"name\":\"ahorn_admin\",\"@id\":\"https:\\\/\\\/ahorn-camp.de\\\/#\\\/schema\\\/person\\\/9b60761ba82d5cb8e6db215a88925044\"},\"headline\":\"6 Tipps zum Reisen mit Fahrradtr\u00e4ger am Wohnmobil\",\"datePublished\":\"2022-06-10T14:52:14+00:00\",\"dateModified\":\"2024-09-24T08:35:34+00:00\",\"mainEntityOfPage\":{\"@id\":\"https:\\\/\\\/ahorn-camp.de\\\/6-tipps-zum-reisen-mit-fahrradtraeger-am-wohnmobil\\\/\"},\"wordCount\":1108,\"publisher\":{\"@id\":\"https:\\\/\\\/ahorn-camp.de\\\/#organization\"},\"image\":{\"@id\":\"https:\\\/\\\/ahorn-camp.de\\\/6-tipps-zum-reisen-mit-fahrradtraeger-am-wohnmobil\\\/#primaryimage\"},\"thumbnailUrl\":\"https:\\\/\\\/ahorn-camp.de\\\/wp-content\\\/uploads\\\/2022\\\/06\\\/Ahorn-Camp_-AlaskaTD_hikebike-8-scaled.jpg\",\"articleSection\":[\"Blog\"],\"inLanguage\":\"sl-SI\"},{\"@type\":\"WebPage\",\"@id\":\"https:\\\/\\\/ahorn-camp.de\\\/6-tipps-zum-reisen-mit-fahrradtraeger-am-wohnmobil\\\/\",\"url\":\"https:\\\/\\\/ahorn-camp.de\\\/6-tipps-zum-reisen-mit-fahrradtraeger-am-wohnmobil\\\/\",\"name\":\"Reisen mit Fahrradtraeger am Ahorn Camp Wohnmobil\",\"isPartOf\":{\"@id\":\"https:\\\/\\\/ahorn-camp.de\\\/#website\"},\"primaryImageOfPage\":{\"@id\":\"https:\\\/\\\/ahorn-camp.de\\\/6-tipps-zum-reisen-mit-fahrradtraeger-am-wohnmobil\\\/#primaryimage\"},\"image\":{\"@id\":\"https:\\\/\\\/ahorn-camp.de\\\/6-tipps-zum-reisen-mit-fahrradtraeger-am-wohnmobil\\\/#primaryimage\"},\"thumbnailUrl\":\"https:\\\/\\\/ahorn-camp.de\\\/wp-content\\\/uploads\\\/2022\\\/06\\\/Ahorn-Camp_-AlaskaTD_hikebike-8-scaled.jpg\",\"datePublished\":\"2022-06-10T14:52:14+00:00\",\"dateModified\":\"2024-09-24T08:35:34+00:00\",\"description\":\"Das sollten Sie beim Reisen mit Wohnmobil und Fahrrad und bei der Montage eines Fahrradtr\u00e4gers beachten. Erfahren Sie mehr.\",\"breadcrumb\":{\"@id\":\"https:\\\/\\\/ahorn-camp.de\\\/6-tipps-zum-reisen-mit-fahrradtraeger-am-wohnmobil\\\/#breadcrumb\"},\"inLanguage\":\"sl-SI\",\"potentialAction\":[{\"@type\":\"ReadAction\",\"target\":[\"https:\\\/\\\/ahorn-camp.de\\\/6-tipps-zum-reisen-mit-fahrradtraeger-am-wohnmobil\\\/\"]}]},{\"@type\":\"ImageObject\",\"inLanguage\":\"sl-SI\",\"@id\":\"https:\\\/\\\/ahorn-camp.de\\\/6-tipps-zum-reisen-mit-fahrradtraeger-am-wohnmobil\\\/#primaryimage\",\"url\":\"https:\\\/\\\/ahorn-camp.de\\\/wp-content\\\/uploads\\\/2022\\\/06\\\/Ahorn-Camp_-AlaskaTD_hikebike-8-scaled.jpg\",\"contentUrl\":\"https:\\\/\\\/ahorn-camp.de\\\/wp-content\\\/uploads\\\/2022\\\/06\\\/Ahorn-Camp_-AlaskaTD_hikebike-8-scaled.jpg\",\"width\":2560,\"height\":1855,\"caption\":\"6 Tipps zum Reisen mit Fahrradtr\u00e4ger am Wohnmobil\"},{\"@type\":\"BreadcrumbList\",\"@id\":\"https:\\\/\\\/ahorn-camp.de\\\/6-tipps-zum-reisen-mit-fahrradtraeger-am-wohnmobil\\\/#breadcrumb\",\"itemListElement\":[{\"@type\":\"ListItem\",\"position\":1,\"name\":\"Startseite\",\"item\":\"https:\\\/\\\/ahorn-camp.de\\\/\"},{\"@type\":\"ListItem\",\"position\":2,\"name\":\"6 Tipps zum Reisen mit Fahrradtr\u00e4ger am Wohnmobil\"}]},{\"@type\":\"WebSite\",\"@id\":\"https:\\\/\\\/ahorn-camp.de\\\/#website\",\"url\":\"https:\\\/\\\/ahorn-camp.de\\\/\",\"name\":\"Ahorn Camp | Reisemobile und Kastenwagen\",\"description\":\"Seit \u00fcber 30 Jahren vermarktet das Familienunternehmen, Ahorn Camp in Speyer, erfolgreich Wohnmobile und Kastenwagen zum besten Preis-Leistungsverh\u00e4ltnis.\",\"publisher\":{\"@id\":\"https:\\\/\\\/ahorn-camp.de\\\/#organization\"},\"potentialAction\":[{\"@type\":\"SearchAction\",\"target\":{\"@type\":\"EntryPoint\",\"urlTemplate\":\"https:\\\/\\\/ahorn-camp.de\\\/?s={search_term_string}\"},\"query-input\":{\"@type\":\"PropertyValueSpecification\",\"valueRequired\":true,\"valueName\":\"search_term_string\"}}],\"inLanguage\":\"sl-SI\"},{\"@type\":\"Organization\",\"@id\":\"https:\\\/\\\/ahorn-camp.de\\\/#organization\",\"name\":\"Ahorn Camp GmbH & Co. KG\",\"url\":\"https:\\\/\\\/ahorn-camp.de\\\/\",\"logo\":{\"@type\":\"ImageObject\",\"inLanguage\":\"sl-SI\",\"@id\":\"https:\\\/\\\/ahorn-camp.de\\\/#\\\/schema\\\/logo\\\/image\\\/\",\"url\":\"https:\\\/\\\/ahorn-camp.de\\\/wp-content\\\/uploads\\\/2018\\\/12\\\/Ahorn_Logo.jpg\",\"contentUrl\":\"https:\\\/\\\/ahorn-camp.de\\\/wp-content\\\/uploads\\\/2018\\\/12\\\/Ahorn_Logo.jpg\",\"width\":1437,\"height\":1000,\"caption\":\"Ahorn Camp GmbH & Co. KG\"},\"image\":{\"@id\":\"https:\\\/\\\/ahorn-camp.de\\\/#\\\/schema\\\/logo\\\/image\\\/\"},\"sameAs\":[\"https:\\\/\\\/www.facebook.com\\\/ahorn.wohnmobile\\\/\",\"https:\\\/\\\/www.instagram.com\\\/ahorn.camp\\\/\",\"https:\\\/\\\/www.youtube.com\\\/channel\\\/UCPFbPCts1JJ_A1k9vyH0yOQ\"]},{\"@type\":\"Person\",\"@id\":\"https:\\\/\\\/ahorn-camp.de\\\/#\\\/schema\\\/person\\\/9b60761ba82d5cb8e6db215a88925044\",\"name\":\"ahorn_admin\",\"image\":{\"@type\":\"ImageObject\",\"inLanguage\":\"sl-SI\",\"@id\":\"https:\\\/\\\/secure.gravatar.com\\\/avatar\\\/d96b9a078083b0c14cee48589feadd939c3cdd66547e2f3f1569470371daaaa5?s=96&d=mm&r=g\",\"url\":\"https:\\\/\\\/secure.gravatar.com\\\/avatar\\\/d96b9a078083b0c14cee48589feadd939c3cdd66547e2f3f1569470371daaaa5?s=96&d=mm&r=g\",\"contentUrl\":\"https:\\\/\\\/secure.gravatar.com\\\/avatar\\\/d96b9a078083b0c14cee48589feadd939c3cdd66547e2f3f1569470371daaaa5?s=96&d=mm&r=g\",\"caption\":\"ahorn_admin\"},\"sameAs\":[\"http:\\\/\\\/Ahorn%20Camp\"],\"url\":\"https:\\\/\\\/ahorn-camp.de\\\/sl\\\/author\\\/ahorn_admin\\\/\"}]}<\/script>\n<!-- \/ Yoast SEO plugin. -->","yoast_head_json":{"title":"Potovanje z nosilcem za kolesa na avtodomu Ahorn Camp","description":"Na kaj morate biti pozorni pri potovanju z avtodomom in kolesom ter pri monta\u017ei nosilca za kolo. Ve\u010d o tem.","robots":{"index":"index","follow":"follow","max-snippet":"max-snippet:-1","max-image-preview":"max-image-preview:large","max-video-preview":"max-video-preview:-1"},"canonical":"https:\/\/ahorn-camp.de\/sl\/6-nasvetov-za-potovanje-s-kolesarskim-nosilcem-na-avtodomu\/","og_locale":"sl_SI","og_type":"article","og_title":"Reisen mit Fahrradtraeger am Ahorn Camp Wohnmobil","og_description":"Das sollten Sie beim Reisen mit Wohnmobil und Fahrrad und bei der Montage eines Fahrradtr\u00e4gers beachten. Erfahren Sie mehr.","og_url":"https:\/\/ahorn-camp.de\/sl\/6-nasvetov-za-potovanje-s-kolesarskim-nosilcem-na-avtodomu\/","og_site_name":"Ahorn Camp | Reisemobile und Kastenwagen","article_publisher":"https:\/\/www.facebook.com\/ahorn.wohnmobile\/","article_published_time":"2022-06-10T14:52:14+00:00","article_modified_time":"2024-09-24T08:35:34+00:00","og_image":[{"width":2560,"height":1855,"url":"https:\/\/ahorn-camp.de\/wp-content\/uploads\/2022\/06\/Ahorn-Camp_-AlaskaTD_hikebike-8-scaled.jpg","type":"image\/jpeg"}],"author":"ahorn_admin","twitter_card":"summary_large_image","twitter_misc":{"Written by":"ahorn_admin","Est. reading time":"5 minut"},"schema":{"@context":"https:\/\/schema.org","@graph":[{"@type":"Article","@id":"https:\/\/ahorn-camp.de\/6-tipps-zum-reisen-mit-fahrradtraeger-am-wohnmobil\/#article","isPartOf":{"@id":"https:\/\/ahorn-camp.de\/6-tipps-zum-reisen-mit-fahrradtraeger-am-wohnmobil\/"},"author":{"name":"ahorn_admin","@id":"https:\/\/ahorn-camp.de\/#\/schema\/person\/9b60761ba82d5cb8e6db215a88925044"},"headline":"6 Tipps zum Reisen mit Fahrradtr\u00e4ger am Wohnmobil","datePublished":"2022-06-10T14:52:14+00:00","dateModified":"2024-09-24T08:35:34+00:00","mainEntityOfPage":{"@id":"https:\/\/ahorn-camp.de\/6-tipps-zum-reisen-mit-fahrradtraeger-am-wohnmobil\/"},"wordCount":1108,"publisher":{"@id":"https:\/\/ahorn-camp.de\/#organization"},"image":{"@id":"https:\/\/ahorn-camp.de\/6-tipps-zum-reisen-mit-fahrradtraeger-am-wohnmobil\/#primaryimage"},"thumbnailUrl":"https:\/\/ahorn-camp.de\/wp-content\/uploads\/2022\/06\/Ahorn-Camp_-AlaskaTD_hikebike-8-scaled.jpg","articleSection":["Blog"],"inLanguage":"sl-SI"},{"@type":"WebPage","@id":"https:\/\/ahorn-camp.de\/6-tipps-zum-reisen-mit-fahrradtraeger-am-wohnmobil\/","url":"https:\/\/ahorn-camp.de\/6-tipps-zum-reisen-mit-fahrradtraeger-am-wohnmobil\/","name":"Potovanje z nosilcem za kolesa na avtodomu Ahorn Camp","isPartOf":{"@id":"https:\/\/ahorn-camp.de\/#website"},"primaryImageOfPage":{"@id":"https:\/\/ahorn-camp.de\/6-tipps-zum-reisen-mit-fahrradtraeger-am-wohnmobil\/#primaryimage"},"image":{"@id":"https:\/\/ahorn-camp.de\/6-tipps-zum-reisen-mit-fahrradtraeger-am-wohnmobil\/#primaryimage"},"thumbnailUrl":"https:\/\/ahorn-camp.de\/wp-content\/uploads\/2022\/06\/Ahorn-Camp_-AlaskaTD_hikebike-8-scaled.jpg","datePublished":"2022-06-10T14:52:14+00:00","dateModified":"2024-09-24T08:35:34+00:00","description":"Na kaj morate biti pozorni pri potovanju z avtodomom in kolesom ter pri monta\u017ei nosilca za kolo. Ve\u010d o tem.","breadcrumb":{"@id":"https:\/\/ahorn-camp.de\/6-tipps-zum-reisen-mit-fahrradtraeger-am-wohnmobil\/#breadcrumb"},"inLanguage":"sl-SI","potentialAction":[{"@type":"ReadAction","target":["https:\/\/ahorn-camp.de\/6-tipps-zum-reisen-mit-fahrradtraeger-am-wohnmobil\/"]}]},{"@type":"ImageObject","inLanguage":"sl-SI","@id":"https:\/\/ahorn-camp.de\/6-tipps-zum-reisen-mit-fahrradtraeger-am-wohnmobil\/#primaryimage","url":"https:\/\/ahorn-camp.de\/wp-content\/uploads\/2022\/06\/Ahorn-Camp_-AlaskaTD_hikebike-8-scaled.jpg","contentUrl":"https:\/\/ahorn-camp.de\/wp-content\/uploads\/2022\/06\/Ahorn-Camp_-AlaskaTD_hikebike-8-scaled.jpg","width":2560,"height":1855,"caption":"6 Tipps zum Reisen mit Fahrradtr\u00e4ger am Wohnmobil"},{"@type":"BreadcrumbList","@id":"https:\/\/ahorn-camp.de\/6-tipps-zum-reisen-mit-fahrradtraeger-am-wohnmobil\/#breadcrumb","itemListElement":[{"@type":"ListItem","position":1,"name":"Startseite","item":"https:\/\/ahorn-camp.de\/"},{"@type":"ListItem","position":2,"name":"6 Tipps zum Reisen mit Fahrradtr\u00e4ger am Wohnmobil"}]},{"@type":"WebSite","@id":"https:\/\/ahorn-camp.de\/#website","url":"https:\/\/ahorn-camp.de\/","name":"Ahorn Camp | Avtodomi in kombiji","description":"\u017de ve\u010d kot 30 let dru\u017einsko podjetje Ahorn Camp iz Speyerja uspe\u0161no prodaja avtodome in kombije z najbolj\u0161im razmerjem med ceno in kakovostjo.","publisher":{"@id":"https:\/\/ahorn-camp.de\/#organization"},"potentialAction":[{"@type":"SearchAction","target":{"@type":"EntryPoint","urlTemplate":"https:\/\/ahorn-camp.de\/?s={search_term_string}"},"query-input":{"@type":"PropertyValueSpecification","valueRequired":true,"valueName":"search_term_string"}}],"inLanguage":"sl-SI"},{"@type":"Organization","@id":"https:\/\/ahorn-camp.de\/#organization","name":"Ahorn Camp GmbH &amp; Co. KG","url":"https:\/\/ahorn-camp.de\/","logo":{"@type":"ImageObject","inLanguage":"sl-SI","@id":"https:\/\/ahorn-camp.de\/#\/schema\/logo\/image\/","url":"https:\/\/ahorn-camp.de\/wp-content\/uploads\/2018\/12\/Ahorn_Logo.jpg","contentUrl":"https:\/\/ahorn-camp.de\/wp-content\/uploads\/2018\/12\/Ahorn_Logo.jpg","width":1437,"height":1000,"caption":"Ahorn Camp GmbH & Co. KG"},"image":{"@id":"https:\/\/ahorn-camp.de\/#\/schema\/logo\/image\/"},"sameAs":["https:\/\/www.facebook.com\/ahorn.wohnmobile\/","https:\/\/www.instagram.com\/ahorn.camp\/","https:\/\/www.youtube.com\/channel\/UCPFbPCts1JJ_A1k9vyH0yOQ"]},{"@type":"Person","@id":"https:\/\/ahorn-camp.de\/#\/schema\/person\/9b60761ba82d5cb8e6db215a88925044","name":"ahorn_admin","image":{"@type":"ImageObject","inLanguage":"sl-SI","@id":"https:\/\/secure.gravatar.com\/avatar\/d96b9a078083b0c14cee48589feadd939c3cdd66547e2f3f1569470371daaaa5?s=96&d=mm&r=g","url":"https:\/\/secure.gravatar.com\/avatar\/d96b9a078083b0c14cee48589feadd939c3cdd66547e2f3f1569470371daaaa5?s=96&d=mm&r=g","contentUrl":"https:\/\/secure.gravatar.com\/avatar\/d96b9a078083b0c14cee48589feadd939c3cdd66547e2f3f1569470371daaaa5?s=96&d=mm&r=g","caption":"ahorn_admin"},"sameAs":["http:\/\/Ahorn%20Camp"],"url":"https:\/\/ahorn-camp.de\/sl\/author\/ahorn_admin\/"}]}},"_links":{"self":[{"href":"https:\/\/ahorn-camp.de\/sl\/wp-json\/wp\/v2\/posts\/16529","targetHints":{"allow":["GET"]}}],"collection":[{"href":"https:\/\/ahorn-camp.de\/sl\/wp-json\/wp\/v2\/posts"}],"about":[{"href":"https:\/\/ahorn-camp.de\/sl\/wp-json\/wp\/v2\/types\/post"}],"author":[{"embeddable":true,"href":"https:\/\/ahorn-camp.de\/sl\/wp-json\/wp\/v2\/users\/2"}],"replies":[{"embeddable":true,"href":"https:\/\/ahorn-camp.de\/sl\/wp-json\/wp\/v2\/comments?post=16529"}],"version-history":[{"count":0,"href":"https:\/\/ahorn-camp.de\/sl\/wp-json\/wp\/v2\/posts\/16529\/revisions"}],"wp:featuredmedia":[{"embeddable":true,"href":"https:\/\/ahorn-camp.de\/sl\/wp-json\/wp\/v2\/media\/16588"}],"wp:attachment":[{"href":"https:\/\/ahorn-camp.de\/sl\/wp-json\/wp\/v2\/media?parent=16529"}],"wp:term":[{"taxonomy":"category","embeddable":true,"href":"https:\/\/ahorn-camp.de\/sl\/wp-json\/wp\/v2\/categories?post=16529"},{"taxonomy":"post_tag","embeddable":true,"href":"https:\/\/ahorn-camp.de\/sl\/wp-json\/wp\/v2\/tags?post=16529"}],"curies":[{"name":"wp","href":"https:\/\/api.w.org\/{rel}","templated":true}]}}