{"id":12355,"date":"2021-06-29T12:01:59","date_gmt":"2021-06-29T10:01:59","guid":{"rendered":"https:\/\/ahorn-camp.de\/?p=12355"},"modified":"2021-08-06T09:02:26","modified_gmt":"2021-08-06T07:02:26","slug":"avtodomi-in-varstvo-podnebja","status":"publish","type":"post","link":"https:\/\/ahorn-camp.de\/sl\/wohnmobile-und-klimaschutz\/","title":{"rendered":"Ahorn Camp podpira trajnostne projekte"},"content":{"rendered":"<div class=\"wpb-content-wrapper\" id=\"wpb-content-root\"><div class=\"vc_row wpb_row vc_row-fluid\"><div class=\"wpb_column vc_column_container vc_col-sm-12\"><div class=\"vc_column-inner\"><div class=\"wpb_wrapper\">\n\t<div class=\"wpb_text_column wpb_content_element\" >\n\t\t<div class=\"wpb_wrapper\">\n\t\t\t<p>Avtodomi in Ahorn Camp za varstvo podnebja. \u010ceprav je potovanje z avtodomom ali kamping avtomobilom trajnej\u0161a mo\u017enost v primerjavi s paketnimi po\u010ditnicami z letalom, tudi avtodomi izpu\u0161\u010dajo precej CO\u2082 in pove\u010dujejo ekolo\u0161ki odtis. Ko prispete na cilj potovanja, se morate obna\u0161ati okolju prijazno, proizvajati \u010dim manj odpadkov in paziti na ohranjanje narave. Toda tudi med vo\u017enjo se lahko obna\u0161amo okolju prijazno in kompenziramo izpust CO2. Ne le zaradi ohranjanja gozdov, ampak tudi zato, ker so gozdovi plju\u010da Zemlje, dru\u0161tvo WOHNmobile vsako leto posadi na stotine dreves. Mnogi okoljsko ozave\u0161\u010deni in strastni kampisti se zavedajo svoje odgovornosti ter letno prispevajo en cent na prevo\u017eeni kilometer. Tudi podjetje Ahorn Camp se zaveda svoje dru\u017ebene odgovornosti in vsako leto donira dru\u0161tvu WOHNmobile za varstvo podnebja, tako da se s tem denarjem lahko posadi veliko novih dreves.<\/p>\n<p>\u0161e en odli\u010den projekt dru\u0161tva je platforma za<a href=\"https:\/\/www.wohnmobil-fuer-klimaschutz.de\/oekologische-wohnmobilstellplaetze\/\"> ekolo\u0161ka po\u010divali\u0161\u010da<\/a> ustvariti. Z obse\u017eno <a href=\"https:\/\/www.wohnmobil-fuer-klimaschutz.de\/kriterienkatalog-fuer-oekologische-wohnmobilstellplaetze\/\">Kriterijski katalog<\/a> Camperji ocenijo parcele glede na ekolo\u0161ke standarde, kot so zasaditev, regionalnost in vplivi na okolje. Tako lahko v prihodnosti okoljsko osve\u0161\u010deni kampisti kompenzirajo svoje potovanje in z mirno vestjo u\u017eivajo v po\u010ditnicah v naravi.<\/p>\n<p>Skupaj z VINSKIMI vozili za varovanje podnebja podpiramo pogozdovanje nem\u0161kih gozdov in se zavzemamo za potovanja z nevtralnim oglji\u010dnim odtisom. Bivalna vozila in varovanje podnebja sta za nas povezana.<\/p>\n\n\t\t<\/div>\n\t<\/div>\n<\/div><\/div><\/div><\/div><div class=\"vc_row wpb_row vc_row-fluid\"><div class=\"wpb_column vc_column_container vc_col-sm-12\"><div class=\"vc_column-inner\"><div class=\"wpb_wrapper\">\n\t<div  class=\"wpb_single_image wpb_content_element vc_align_left wpb_content_element\">\n\t\t\n\t\t<figure class=\"wpb_wrapper vc_figure\">\n\t\t\t<div class=\"vc_single_image-wrapper\"><img fetchpriority=\"high\" decoding=\"async\" width=\"893\" height=\"362\" src=\"https:\/\/ahorn-camp.de\/wp-content\/uploads\/2021\/06\/thumbnail_Logo.png\" class=\"vc_single_image-img attachment-large\" alt=\"\" title=\"mini_logo\" srcset=\"https:\/\/ahorn-camp.de\/wp-content\/uploads\/2021\/06\/thumbnail_Logo.png 893w, https:\/\/ahorn-camp.de\/wp-content\/uploads\/2021\/06\/thumbnail_Logo-300x122.png 300w, https:\/\/ahorn-camp.de\/wp-content\/uploads\/2021\/06\/thumbnail_Logo-768x311.png 768w, https:\/\/ahorn-camp.de\/wp-content\/uploads\/2021\/06\/thumbnail_Logo-800x324.png 800w\" sizes=\"(max-width: 893px) 100vw, 893px\" \/><\/div>\n\t\t<\/figure>\n\t<\/div>\n<\/div><\/div><\/div><\/div>\n<\/div>","protected":false},"excerpt":{"rendered":"<p>Varovanje podnebja zadeva vse. Zato si prizadevamo za trajnostna potovanja z avtodomom in kot podporni \u010dlan podpiramo zdru\u017eenje WOHNmobile za varovanje podnebja. Skupaj pogozdujemo nem\u0161ke gozdove. <\/p>","protected":false},"author":2,"featured_media":12399,"comment_status":"open","ping_status":"open","sticky":false,"template":"","format":"standard","meta":{"content-type":"","footnotes":""},"categories":[277,67],"tags":[],"class_list":["post-12355","post","type-post","status-publish","format-standard","has-post-thumbnail","hentry","category-pressemitteilungen","category-unternehmen"],"yoast_head":"<!-- This site is optimized with the Yoast SEO plugin v28.4 - https:\/\/yoast.com\/product\/yoast-seo-wordpress\/ -->\n<title>Ahorn Camp | Reisemobile und Kastenwagen<\/title>\n<meta name=\"description\" content=\"Wohnmobile und Klimaschutz sind f\u00fcr uns untrennbar. Deswegen setzen wir uns mit dem Verein WOHNmobile f\u00fcr die Aufforstung der W\u00e4lder ein.\" \/>\n<meta name=\"robots\" content=\"index, follow, max-snippet:-1, max-image-preview:large, max-video-preview:-1\" \/>\n<link rel=\"canonical\" href=\"https:\/\/ahorn-camp.de\/sl\/avtodomi-in-varstvo-podnebja\/\" \/>\n<meta property=\"og:locale\" content=\"sl_SI\" \/>\n<meta property=\"og:type\" content=\"article\" \/>\n<meta property=\"og:title\" content=\"Ahorn Camp | Reisemobile und Kastenwagen\" \/>\n<meta property=\"og:description\" content=\"Wohnmobile und Klimaschutz sind f\u00fcr uns untrennbar. Deswegen setzen wir uns mit dem Verein WOHNmobile f\u00fcr die Aufforstung der W\u00e4lder ein.\" \/>\n<meta property=\"og:url\" content=\"https:\/\/ahorn-camp.de\/sl\/avtodomi-in-varstvo-podnebja\/\" \/>\n<meta property=\"og:site_name\" content=\"Ahorn Camp | Reisemobile und Kastenwagen\" \/>\n<meta property=\"article:publisher\" content=\"https:\/\/www.facebook.com\/ahorn.wohnmobile\/\" \/>\n<meta property=\"article:published_time\" content=\"2021-06-29T10:01:59+00:00\" \/>\n<meta property=\"article:modified_time\" content=\"2021-08-06T07:02:26+00:00\" \/>\n<meta property=\"og:image\" content=\"https:\/\/ahorn-camp.de\/wp-content\/uploads\/2021\/06\/thumbnail_Logo.png\" \/>\n\t<meta property=\"og:image:width\" content=\"893\" \/>\n\t<meta property=\"og:image:height\" content=\"362\" \/>\n\t<meta property=\"og:image:type\" content=\"image\/png\" \/>\n<meta name=\"author\" content=\"ahorn_admin\" \/>\n<meta name=\"twitter:card\" content=\"summary_large_image\" \/>\n<meta name=\"twitter:label1\" content=\"Written by\" \/>\n\t<meta name=\"twitter:data1\" content=\"ahorn_admin\" \/>\n\t<meta name=\"twitter:label2\" content=\"Est. reading time\" \/>\n\t<meta name=\"twitter:data2\" content=\"1 minuta\" \/>\n<script type=\"application\/ld+json\" class=\"yoast-schema-graph\">{\"@context\":\"https:\\\/\\\/schema.org\",\"@graph\":[{\"@type\":\"Article\",\"@id\":\"https:\\\/\\\/ahorn-camp.de\\\/wohnmobile-und-klimaschutz\\\/#article\",\"isPartOf\":{\"@id\":\"https:\\\/\\\/ahorn-camp.de\\\/wohnmobile-und-klimaschutz\\\/\"},\"author\":{\"name\":\"ahorn_admin\",\"@id\":\"https:\\\/\\\/ahorn-camp.de\\\/#\\\/schema\\\/person\\\/9b60761ba82d5cb8e6db215a88925044\"},\"headline\":\"Ahorn Camp f\u00f6rdert nachhaltige Projekte\",\"datePublished\":\"2021-06-29T10:01:59+00:00\",\"dateModified\":\"2021-08-06T07:02:26+00:00\",\"mainEntityOfPage\":{\"@id\":\"https:\\\/\\\/ahorn-camp.de\\\/wohnmobile-und-klimaschutz\\\/\"},\"wordCount\":282,\"commentCount\":0,\"publisher\":{\"@id\":\"https:\\\/\\\/ahorn-camp.de\\\/#organization\"},\"image\":{\"@id\":\"https:\\\/\\\/ahorn-camp.de\\\/wohnmobile-und-klimaschutz\\\/#primaryimage\"},\"thumbnailUrl\":\"https:\\\/\\\/ahorn-camp.de\\\/wp-content\\\/uploads\\\/2021\\\/06\\\/thumbnail_Logo.png\",\"articleSection\":[\"Pressemitteilungen\",\"Unternehmen\"],\"inLanguage\":\"sl-SI\",\"potentialAction\":[{\"@type\":\"CommentAction\",\"name\":\"Comment\",\"target\":[\"https:\\\/\\\/ahorn-camp.de\\\/wohnmobile-und-klimaschutz\\\/#respond\"]}]},{\"@type\":\"WebPage\",\"@id\":\"https:\\\/\\\/ahorn-camp.de\\\/wohnmobile-und-klimaschutz\\\/\",\"url\":\"https:\\\/\\\/ahorn-camp.de\\\/wohnmobile-und-klimaschutz\\\/\",\"name\":\"Ahorn Camp | Reisemobile und Kastenwagen\",\"isPartOf\":{\"@id\":\"https:\\\/\\\/ahorn-camp.de\\\/#website\"},\"primaryImageOfPage\":{\"@id\":\"https:\\\/\\\/ahorn-camp.de\\\/wohnmobile-und-klimaschutz\\\/#primaryimage\"},\"image\":{\"@id\":\"https:\\\/\\\/ahorn-camp.de\\\/wohnmobile-und-klimaschutz\\\/#primaryimage\"},\"thumbnailUrl\":\"https:\\\/\\\/ahorn-camp.de\\\/wp-content\\\/uploads\\\/2021\\\/06\\\/thumbnail_Logo.png\",\"datePublished\":\"2021-06-29T10:01:59+00:00\",\"dateModified\":\"2021-08-06T07:02:26+00:00\",\"description\":\"Wohnmobile und Klimaschutz sind f\u00fcr uns untrennbar. Deswegen setzen wir uns mit dem Verein WOHNmobile f\u00fcr die Aufforstung der W\u00e4lder ein.\",\"breadcrumb\":{\"@id\":\"https:\\\/\\\/ahorn-camp.de\\\/wohnmobile-und-klimaschutz\\\/#breadcrumb\"},\"inLanguage\":\"sl-SI\",\"potentialAction\":[{\"@type\":\"ReadAction\",\"target\":[\"https:\\\/\\\/ahorn-camp.de\\\/wohnmobile-und-klimaschutz\\\/\"]}]},{\"@type\":\"ImageObject\",\"inLanguage\":\"sl-SI\",\"@id\":\"https:\\\/\\\/ahorn-camp.de\\\/wohnmobile-und-klimaschutz\\\/#primaryimage\",\"url\":\"https:\\\/\\\/ahorn-camp.de\\\/wp-content\\\/uploads\\\/2021\\\/06\\\/thumbnail_Logo.png\",\"contentUrl\":\"https:\\\/\\\/ahorn-camp.de\\\/wp-content\\\/uploads\\\/2021\\\/06\\\/thumbnail_Logo.png\",\"width\":893,\"height\":362},{\"@type\":\"BreadcrumbList\",\"@id\":\"https:\\\/\\\/ahorn-camp.de\\\/wohnmobile-und-klimaschutz\\\/#breadcrumb\",\"itemListElement\":[{\"@type\":\"ListItem\",\"position\":1,\"name\":\"Startseite\",\"item\":\"https:\\\/\\\/ahorn-camp.de\\\/\"},{\"@type\":\"ListItem\",\"position\":2,\"name\":\"Ahorn Camp f\u00f6rdert nachhaltige Projekte\"}]},{\"@type\":\"WebSite\",\"@id\":\"https:\\\/\\\/ahorn-camp.de\\\/#website\",\"url\":\"https:\\\/\\\/ahorn-camp.de\\\/\",\"name\":\"Ahorn Camp | Reisemobile und Kastenwagen\",\"description\":\"Seit \u00fcber 30 Jahren vermarktet das Familienunternehmen, Ahorn Camp in Speyer, erfolgreich Wohnmobile und Kastenwagen zum besten Preis-Leistungsverh\u00e4ltnis.\",\"publisher\":{\"@id\":\"https:\\\/\\\/ahorn-camp.de\\\/#organization\"},\"potentialAction\":[{\"@type\":\"SearchAction\",\"target\":{\"@type\":\"EntryPoint\",\"urlTemplate\":\"https:\\\/\\\/ahorn-camp.de\\\/?s={search_term_string}\"},\"query-input\":{\"@type\":\"PropertyValueSpecification\",\"valueRequired\":true,\"valueName\":\"search_term_string\"}}],\"inLanguage\":\"sl-SI\"},{\"@type\":\"Organization\",\"@id\":\"https:\\\/\\\/ahorn-camp.de\\\/#organization\",\"name\":\"Ahorn Camp GmbH & Co. KG\",\"url\":\"https:\\\/\\\/ahorn-camp.de\\\/\",\"logo\":{\"@type\":\"ImageObject\",\"inLanguage\":\"sl-SI\",\"@id\":\"https:\\\/\\\/ahorn-camp.de\\\/#\\\/schema\\\/logo\\\/image\\\/\",\"url\":\"https:\\\/\\\/ahorn-camp.de\\\/wp-content\\\/uploads\\\/2018\\\/12\\\/Ahorn_Logo.jpg\",\"contentUrl\":\"https:\\\/\\\/ahorn-camp.de\\\/wp-content\\\/uploads\\\/2018\\\/12\\\/Ahorn_Logo.jpg\",\"width\":1437,\"height\":1000,\"caption\":\"Ahorn Camp GmbH & Co. KG\"},\"image\":{\"@id\":\"https:\\\/\\\/ahorn-camp.de\\\/#\\\/schema\\\/logo\\\/image\\\/\"},\"sameAs\":[\"https:\\\/\\\/www.facebook.com\\\/ahorn.wohnmobile\\\/\",\"https:\\\/\\\/www.instagram.com\\\/ahorn.camp\\\/\",\"https:\\\/\\\/www.youtube.com\\\/channel\\\/UCPFbPCts1JJ_A1k9vyH0yOQ\"]},{\"@type\":\"Person\",\"@id\":\"https:\\\/\\\/ahorn-camp.de\\\/#\\\/schema\\\/person\\\/9b60761ba82d5cb8e6db215a88925044\",\"name\":\"ahorn_admin\",\"image\":{\"@type\":\"ImageObject\",\"inLanguage\":\"sl-SI\",\"@id\":\"https:\\\/\\\/secure.gravatar.com\\\/avatar\\\/d96b9a078083b0c14cee48589feadd939c3cdd66547e2f3f1569470371daaaa5?s=96&d=mm&r=g\",\"url\":\"https:\\\/\\\/secure.gravatar.com\\\/avatar\\\/d96b9a078083b0c14cee48589feadd939c3cdd66547e2f3f1569470371daaaa5?s=96&d=mm&r=g\",\"contentUrl\":\"https:\\\/\\\/secure.gravatar.com\\\/avatar\\\/d96b9a078083b0c14cee48589feadd939c3cdd66547e2f3f1569470371daaaa5?s=96&d=mm&r=g\",\"caption\":\"ahorn_admin\"},\"sameAs\":[\"http:\\\/\\\/Ahorn%20Camp\"],\"url\":\"https:\\\/\\\/ahorn-camp.de\\\/sl\\\/author\\\/ahorn_admin\\\/\"}]}<\/script>\n<!-- \/ Yoast SEO plugin. -->","yoast_head_json":{"title":"Ahorn Camp | Avtodomi in kombiji","description":"Avtodomi in varstvo podnebja sta za nas nelo\u010dljivo povezana. Zato se z dru\u0161tvom WOHNmobile zavzemamo za pogozdovanje.","robots":{"index":"index","follow":"follow","max-snippet":"max-snippet:-1","max-image-preview":"max-image-preview:large","max-video-preview":"max-video-preview:-1"},"canonical":"https:\/\/ahorn-camp.de\/sl\/avtodomi-in-varstvo-podnebja\/","og_locale":"sl_SI","og_type":"article","og_title":"Ahorn Camp | Reisemobile und Kastenwagen","og_description":"Wohnmobile und Klimaschutz sind f\u00fcr uns untrennbar. Deswegen setzen wir uns mit dem Verein WOHNmobile f\u00fcr die Aufforstung der W\u00e4lder ein.","og_url":"https:\/\/ahorn-camp.de\/sl\/avtodomi-in-varstvo-podnebja\/","og_site_name":"Ahorn Camp | Reisemobile und Kastenwagen","article_publisher":"https:\/\/www.facebook.com\/ahorn.wohnmobile\/","article_published_time":"2021-06-29T10:01:59+00:00","article_modified_time":"2021-08-06T07:02:26+00:00","og_image":[{"width":893,"height":362,"url":"https:\/\/ahorn-camp.de\/wp-content\/uploads\/2021\/06\/thumbnail_Logo.png","type":"image\/png"}],"author":"ahorn_admin","twitter_card":"summary_large_image","twitter_misc":{"Written by":"ahorn_admin","Est. reading time":"1 minuta"},"schema":{"@context":"https:\/\/schema.org","@graph":[{"@type":"Article","@id":"https:\/\/ahorn-camp.de\/wohnmobile-und-klimaschutz\/#article","isPartOf":{"@id":"https:\/\/ahorn-camp.de\/wohnmobile-und-klimaschutz\/"},"author":{"name":"ahorn_admin","@id":"https:\/\/ahorn-camp.de\/#\/schema\/person\/9b60761ba82d5cb8e6db215a88925044"},"headline":"Ahorn Camp f\u00f6rdert nachhaltige Projekte","datePublished":"2021-06-29T10:01:59+00:00","dateModified":"2021-08-06T07:02:26+00:00","mainEntityOfPage":{"@id":"https:\/\/ahorn-camp.de\/wohnmobile-und-klimaschutz\/"},"wordCount":282,"commentCount":0,"publisher":{"@id":"https:\/\/ahorn-camp.de\/#organization"},"image":{"@id":"https:\/\/ahorn-camp.de\/wohnmobile-und-klimaschutz\/#primaryimage"},"thumbnailUrl":"https:\/\/ahorn-camp.de\/wp-content\/uploads\/2021\/06\/thumbnail_Logo.png","articleSection":["Pressemitteilungen","Unternehmen"],"inLanguage":"sl-SI","potentialAction":[{"@type":"CommentAction","name":"Comment","target":["https:\/\/ahorn-camp.de\/wohnmobile-und-klimaschutz\/#respond"]}]},{"@type":"WebPage","@id":"https:\/\/ahorn-camp.de\/wohnmobile-und-klimaschutz\/","url":"https:\/\/ahorn-camp.de\/wohnmobile-und-klimaschutz\/","name":"Ahorn Camp | Avtodomi in kombiji","isPartOf":{"@id":"https:\/\/ahorn-camp.de\/#website"},"primaryImageOfPage":{"@id":"https:\/\/ahorn-camp.de\/wohnmobile-und-klimaschutz\/#primaryimage"},"image":{"@id":"https:\/\/ahorn-camp.de\/wohnmobile-und-klimaschutz\/#primaryimage"},"thumbnailUrl":"https:\/\/ahorn-camp.de\/wp-content\/uploads\/2021\/06\/thumbnail_Logo.png","datePublished":"2021-06-29T10:01:59+00:00","dateModified":"2021-08-06T07:02:26+00:00","description":"Avtodomi in varstvo podnebja sta za nas nelo\u010dljivo povezana. Zato se z dru\u0161tvom WOHNmobile zavzemamo za pogozdovanje.","breadcrumb":{"@id":"https:\/\/ahorn-camp.de\/wohnmobile-und-klimaschutz\/#breadcrumb"},"inLanguage":"sl-SI","potentialAction":[{"@type":"ReadAction","target":["https:\/\/ahorn-camp.de\/wohnmobile-und-klimaschutz\/"]}]},{"@type":"ImageObject","inLanguage":"sl-SI","@id":"https:\/\/ahorn-camp.de\/wohnmobile-und-klimaschutz\/#primaryimage","url":"https:\/\/ahorn-camp.de\/wp-content\/uploads\/2021\/06\/thumbnail_Logo.png","contentUrl":"https:\/\/ahorn-camp.de\/wp-content\/uploads\/2021\/06\/thumbnail_Logo.png","width":893,"height":362},{"@type":"BreadcrumbList","@id":"https:\/\/ahorn-camp.de\/wohnmobile-und-klimaschutz\/#breadcrumb","itemListElement":[{"@type":"ListItem","position":1,"name":"Startseite","item":"https:\/\/ahorn-camp.de\/"},{"@type":"ListItem","position":2,"name":"Ahorn Camp f\u00f6rdert nachhaltige Projekte"}]},{"@type":"WebSite","@id":"https:\/\/ahorn-camp.de\/#website","url":"https:\/\/ahorn-camp.de\/","name":"Ahorn Camp | Avtodomi in kombiji","description":"\u017de ve\u010d kot 30 let dru\u017einsko podjetje Ahorn Camp iz Speyerja uspe\u0161no prodaja avtodome in kombije z najbolj\u0161im razmerjem med ceno in kakovostjo.","publisher":{"@id":"https:\/\/ahorn-camp.de\/#organization"},"potentialAction":[{"@type":"SearchAction","target":{"@type":"EntryPoint","urlTemplate":"https:\/\/ahorn-camp.de\/?s={search_term_string}"},"query-input":{"@type":"PropertyValueSpecification","valueRequired":true,"valueName":"search_term_string"}}],"inLanguage":"sl-SI"},{"@type":"Organization","@id":"https:\/\/ahorn-camp.de\/#organization","name":"Ahorn Camp GmbH &amp; Co. KG","url":"https:\/\/ahorn-camp.de\/","logo":{"@type":"ImageObject","inLanguage":"sl-SI","@id":"https:\/\/ahorn-camp.de\/#\/schema\/logo\/image\/","url":"https:\/\/ahorn-camp.de\/wp-content\/uploads\/2018\/12\/Ahorn_Logo.jpg","contentUrl":"https:\/\/ahorn-camp.de\/wp-content\/uploads\/2018\/12\/Ahorn_Logo.jpg","width":1437,"height":1000,"caption":"Ahorn Camp GmbH & Co. KG"},"image":{"@id":"https:\/\/ahorn-camp.de\/#\/schema\/logo\/image\/"},"sameAs":["https:\/\/www.facebook.com\/ahorn.wohnmobile\/","https:\/\/www.instagram.com\/ahorn.camp\/","https:\/\/www.youtube.com\/channel\/UCPFbPCts1JJ_A1k9vyH0yOQ"]},{"@type":"Person","@id":"https:\/\/ahorn-camp.de\/#\/schema\/person\/9b60761ba82d5cb8e6db215a88925044","name":"ahorn_admin","image":{"@type":"ImageObject","inLanguage":"sl-SI","@id":"https:\/\/secure.gravatar.com\/avatar\/d96b9a078083b0c14cee48589feadd939c3cdd66547e2f3f1569470371daaaa5?s=96&d=mm&r=g","url":"https:\/\/secure.gravatar.com\/avatar\/d96b9a078083b0c14cee48589feadd939c3cdd66547e2f3f1569470371daaaa5?s=96&d=mm&r=g","contentUrl":"https:\/\/secure.gravatar.com\/avatar\/d96b9a078083b0c14cee48589feadd939c3cdd66547e2f3f1569470371daaaa5?s=96&d=mm&r=g","caption":"ahorn_admin"},"sameAs":["http:\/\/Ahorn%20Camp"],"url":"https:\/\/ahorn-camp.de\/sl\/author\/ahorn_admin\/"}]}},"_links":{"self":[{"href":"https:\/\/ahorn-camp.de\/sl\/wp-json\/wp\/v2\/posts\/12355","targetHints":{"allow":["GET"]}}],"collection":[{"href":"https:\/\/ahorn-camp.de\/sl\/wp-json\/wp\/v2\/posts"}],"about":[{"href":"https:\/\/ahorn-camp.de\/sl\/wp-json\/wp\/v2\/types\/post"}],"author":[{"embeddable":true,"href":"https:\/\/ahorn-camp.de\/sl\/wp-json\/wp\/v2\/users\/2"}],"replies":[{"embeddable":true,"href":"https:\/\/ahorn-camp.de\/sl\/wp-json\/wp\/v2\/comments?post=12355"}],"version-history":[{"count":0,"href":"https:\/\/ahorn-camp.de\/sl\/wp-json\/wp\/v2\/posts\/12355\/revisions"}],"wp:featuredmedia":[{"embeddable":true,"href":"https:\/\/ahorn-camp.de\/sl\/wp-json\/wp\/v2\/media\/12399"}],"wp:attachment":[{"href":"https:\/\/ahorn-camp.de\/sl\/wp-json\/wp\/v2\/media?parent=12355"}],"wp:term":[{"taxonomy":"category","embeddable":true,"href":"https:\/\/ahorn-camp.de\/sl\/wp-json\/wp\/v2\/categories?post=12355"},{"taxonomy":"post_tag","embeddable":true,"href":"https:\/\/ahorn-camp.de\/sl\/wp-json\/wp\/v2\/tags?post=12355"}],"curies":[{"name":"wp","href":"https:\/\/api.w.org\/{rel}","templated":true}]}}