{"id":11559,"date":"2021-04-13T16:52:48","date_gmt":"2021-04-13T14:52:48","guid":{"rendered":"https:\/\/ahorn-camp.de\/?p=11559"},"modified":"2021-04-13T16:52:48","modified_gmt":"2021-04-13T14:52:48","slug":"podjetnik-leta-finalista-nagrada-2","status":"publish","type":"post","link":"https:\/\/ahorn-camp.de\/sl\/ey-entrepreneur-of-the-year-finalisten-award-2\/","title":{"rendered":"EY Podjetnik leta \u2013 Finalisti nagrada"},"content":{"rendered":"<div class=\"wpb-content-wrapper\" id=\"wpb-content-root\"><div class=\"vc_row wpb_row vc_row-fluid\"><div class=\"wpb_column vc_column_container vc_col-sm-12\"><div class=\"vc_column-inner\"><div class=\"wpb_wrapper\">\n\t<div class=\"wpb_text_column wpb_content_element\" >\n\t\t<div class=\"wpb_wrapper\">\n\t\t\t<p><strong>EY \u017ee 24 let nagrajuje izjemne podjetnike in podjetnice, za katere so klju\u010dne vrednote pogum, vizija in odlo\u010dnost. Med leto\u0161njimi 19 finalisti je tudi na\u0161 direktor Alexander Reichmann. Poro\u010damo o slovesni podelitvi nagrade finalistov.<\/strong><\/p>\n\n\t\t<\/div>\n\t<\/div>\n<div class=\"vc_row wpb_row vc_inner vc_row-fluid\"><div class=\"wpb_column vc_column_container vc_col-sm-6\"><div class=\"vc_column-inner\"><div class=\"wpb_wrapper\">\n\t<div class=\"wpb_text_column wpb_content_element\" >\n\t\t<div class=\"wpb_wrapper\">\n\t\t\t<p>\u201e\u010ce me bo v prihodnosti kdo vpra\u0161al, kaj pomeni podjetni\u0161ki duh, ga bom poslal v Speyer k podjetju Ahorn Camp.\u201c S temi besedami je Rolf Piechowitz, vi\u0161ji vodja odnosov s strankami pri LGT Bank AG, pohvalil govor Alexandra Reichmanna ob podelitvi nagrade finalistom v na\u0161i glavni poslovalnici v Speyerju. Prav zaradi tega je tudi na\u0161 direktor, Alexander Reichmann, med 19 finalisti tekmovanja \u201eEntrepreneur Of The Year 2020\u201c, ki ga organizira EY. Podjetni\u0161ki duh, odlo\u010dnost in seveda ekipa v ozadju, ki nenehno raste, deluje agilno in se prilagaja dinami\u010dnim okoli\u0161\u010dinam. To je prepoznala tudi globalna mre\u017ea podjetja EY, ki vsako leto nagrajuje podjetnike za njihove izjemne dose\u017eke. Ponosni smo, da smo lahko del tega. Zato smo 29. 9. 2020 v majhnem, a slovesnem krogu proslavili podelitev te \u010dastne nagrade Alexandru Reichmannu. Na tem mestu se zahvaljujemo gospodu Grathwol in gospe Kremer iz podjetja EY ter vsem gostom, ki so skupaj z nami proslavili ta uspeh.<\/p>\n<p>Tudi leto\u0161nje leto je bilo zaznamovano z nepri\u010dakovanimi spremembami in ovirami. V svojem nagovoru gospod Reichmann omenja veliko povpra\u0161evanje po izdelku avtodom, ki nara\u0161\u010da \u017ee vrsto let in \u0161e posebej letos, pa tudi izzive, s katerimi se soo\u010da industrija. Iz spremenjenih razmer leto\u0161njega leta smo \u010drpali novo mo\u010d, spodbujali spremembe in ponovno usmerili svojo strategijo. \u201eZato smo toliko bolj hvale\u017eni, da lahko izkoristimo ta trenutek, da se \u0161e enkrat zavedamo, kaj vse smo letos dosegli. In kak\u0161en odli\u010den izdelek prodajamo s pomo\u010djo fantasti\u010dne ekipe,\u201c je dejal Alexander Reichmann. Zahvalil se je tudi svojemu o\u010detu Joachimu Reichmannu, ki mu je prenesel to odgovornost in mu dal prilo\u017enosti.<\/p>\n<p>Prejeti nagrado Finalista in se uvrstiti na seznam pomembnih nem\u0161kih podjetnikov je velika \u010dast. Velika nacionalna spletna podelitev nagrad bo potekala 22. 10. 2020, ko bo razgla\u0161en zmagovalec. Tudi tega se veselimo in smo radovedni, kdo bo zmagal proti 18 drugim finalistom.<\/p>\n\n\t\t<\/div>\n\t<\/div>\n<\/div><\/div><\/div><div class=\"wpb_column vc_column_container vc_col-sm-6\"><div class=\"vc_column-inner\"><div class=\"wpb_wrapper\">\n\t<div  class=\"wpb_single_image wpb_content_element vc_align_center wpb_content_element\">\n\t\t\n\t\t<figure class=\"wpb_wrapper vc_figure\">\n\t\t\t<div class=\"vc_single_image-wrapper\"><img fetchpriority=\"high\" decoding=\"async\" width=\"1024\" height=\"683\" src=\"https:\/\/ahorn-camp.de\/wp-content\/uploads\/2020\/10\/Ahorn-Camp-EY-Alexander-Reichmann_small-1-1024x683.jpg\" class=\"vc_single_image-img attachment-large\" alt=\"Aleksander Reichmann\" title=\"Ahorn Camp EY Alexander Reichmann_small\" srcset=\"https:\/\/ahorn-camp.de\/wp-content\/uploads\/2020\/10\/Ahorn-Camp-EY-Alexander-Reichmann_small-1-1024x683.jpg 1024w, https:\/\/ahorn-camp.de\/wp-content\/uploads\/2020\/10\/Ahorn-Camp-EY-Alexander-Reichmann_small-1-300x200.jpg 300w, https:\/\/ahorn-camp.de\/wp-content\/uploads\/2020\/10\/Ahorn-Camp-EY-Alexander-Reichmann_small-1-768x512.jpg 768w, https:\/\/ahorn-camp.de\/wp-content\/uploads\/2020\/10\/Ahorn-Camp-EY-Alexander-Reichmann_small-1-800x533.jpg 800w, https:\/\/ahorn-camp.de\/wp-content\/uploads\/2020\/10\/Ahorn-Camp-EY-Alexander-Reichmann_small-1.jpg 1200w\" sizes=\"(max-width: 1024px) 100vw, 1024px\" \/><\/div>\n\t\t<\/figure>\n\t<\/div>\n<h3 style=\"color: #1e73be;text-align: justify\" class=\"vc_custom_heading vc_do_custom_heading\" >PRENOSI<\/h3>\n\t<div class=\"wpb_text_column wpb_content_element\" >\n\t\t<div class=\"wpb_wrapper\">\n\t\t\t<p><a href=\"https:\/\/ahorn-camp.de\/wp-content\/uploads\/2020\/10\/Pressemitteilung-Ahorn-Camp-EY-Award-Alexander-Reichmann-1.pdf\">Sporo\u010dilo za javnost | PDF\u00a0<\/a><br \/>\n<a href=\"https:\/\/www.dropbox.com\/sh\/zukvl9ff3zcqi1t\/AADRvwk7NUJicgl8df9XgAe8a?dl=0\">Slika | ZIP<\/a><\/p>\n\n\t\t<\/div>\n\t<\/div>\n<div class=\"vc_separator wpb_content_element vc_separator_align_center vc_sep_border_width_1 vc_sep_pos_align_center vc_separator_no_text wpb_content_element  wpb_content_element\"   style=\"width: 100%;\"><span class=\"vc_sep_holder vc_sep_holder_l\"><span class=\"vc_sep_line\"><\/span><\/span><span class=\"vc_sep_holder vc_sep_holder_r\"><span class=\"vc_sep_line\"><\/span><\/span>\n<\/div><h3 style=\"color: #1e73be;text-align: left\" class=\"vc_custom_heading vc_do_custom_heading\" >KONTAKT ZA MEDIJE<\/h3>\n\t<div class=\"wpb_text_column wpb_content_element\" >\n\t\t<div class=\"wpb_wrapper\">\n\t\t\t<p>Franziska Reichmann<br \/>\nfreichmann@ahorn-camp.de<br \/>\nTel: 06232 100 28 115<\/p>\n\n\t\t<\/div>\n\t<\/div>\n<\/div><\/div><\/div><\/div><\/div><\/div><\/div><\/div><div class=\"vc_row wpb_row vc_row-fluid\"><div class=\"wpb_column vc_column_container vc_col-sm-12\"><div class=\"vc_column-inner\"><div class=\"wpb_wrapper\"><div class=\"vc_empty_space\"   style=\"height: 32px\"><span class=\"vc_empty_space_inner\"><\/span><\/div><div class=\"vc_separator wpb_content_element vc_separator_align_center vc_sep_border_width_1 vc_sep_pos_align_center vc_separator_no_text wpb_content_element  wpb_content_element\"   style=\"width: 100%;\"><span class=\"vc_sep_holder vc_sep_holder_l\"><span class=\"vc_sep_line\"><\/span><\/span><span class=\"vc_sep_holder vc_sep_holder_r\"><span class=\"vc_sep_line\"><\/span><\/span>\n<\/div>\n\t<div class=\"wpb_text_column wpb_content_element\" >\n\t\t<div class=\"wpb_wrapper\">\n\t\t\t<h4>O podjetju Ahorn Camp in Alexandru Reichmannu kot izvr\u0161nem direktorju<\/h4>\n<p>Podjetje Ahorn Wohnmobile GmbH je leta 1991 v ob\u010dini Ahorn v Odenwaldu ustanovil in\u017eenir in investitor Joachim Reichmann. Od takrat je logotip Ahornblatt s silhueto avtodoma njihova za\u0161\u010ditna znamka. Podjetje je hitro raslo in postalo generalni uvoznik za nem\u0161ki trg nekaterih pomembnih italijanskih znamk avtodomov. Iz osebnih razlogov je Joachim Reichmann leta 2006 prenehal delovati in s tem tudi podjetje Ahorn je imelo do leta 2013 premor v poslovanju.<br \/>\nAlexander Reichmann, ki je maturiral v Rimu, je po \u0161tudiju mednarodnega poslovanja delal pri Fiatu v Frankfurtu na Majni. Leta 2013 se je pridru\u017eil o\u010detovemu podjetju, sprva kot edini zaposleni, v naslednjih letih pa kot vodja prodaje. Leta 2017 je prevzel poslovno vodstvo.<\/p>\n<p>Z distribucijskim sistemom, prodajo avtodomov preko 3 lastnih podru\u017enic in s simbiozo s trgovino z avtomobili Renault, ter z vzpostavitvijo lastnega sistema najema Ahorn Rent, se je prihodek vsako leto hitro pove\u010deval. Prav tako se nadaljuje dinami\u010dno, mlado tr\u017eenje, ki se osredoto\u010da na velike zahteve potovanj, kot so prilagodljivost, neodvisnost in trajnost. To je bilo letos \u017ee \u010detrti\u010d nagrajeno s pe\u010datom Focus Wachstumschampion.<br \/>\nPodjetje Ahorn ima zdaj tri podru\u017enice v Nem\u010diji: glavno podru\u017enico v Speyerju, prodajno podru\u017enico v M\u00fclheimu na Rurju ter v Dietzenbachu pri Frankfurtu, kjer se nahaja ena najve\u010djih lokacij Ahorn Rent v Nem\u010diji. 60 zaposlenih vsak dan v Speyerju svetuje in podpira stranke na njihovi poti do samostojnega potovanja z avtodomom.<\/p>\n<p>Med cilji podjetja je tudi nadaljnje doseganje novih skupin strank. Medtem ko so bili glavni kupci v\u010dasih tako imenovani \u201ebest agerji\u201c, se zdaj vedno bolj zanimajo tudi mlaj\u0161i ljudje za potovanje z avtodomom. Po Reichmannovih besedah je danes \u201evsak, ki se ukvarja s potovanji, potencialna stranka\u201c. Avtodom je namre\u010d \u201ebolj\u0161a alternativa\u201c \u0161tevilnim drugim uveljavljenim na\u010dinom potovanja, kot so paketna potovanja, kri\u017earjenja ali potovanje z osebnim avtomobilom. Drugi cilji so pove\u010danje vrednosti blagovne znamke in tr\u017enega dele\u017ea ter spodbujanje trajnosti.<\/p>\n<p>Podjetje Ahorn Camp se danes opredeljuje kot podjetje, ki zdru\u017euje tradicijo in sodobnost, z mladim in dinami\u010dnim timom, ter optimisti\u010dno zre v prihodnost \u2013 z ambicijami za nadaljnjo rast.<\/p>\n\n\t\t<\/div>\n\t<\/div>\n<\/div><\/div><\/div><\/div><div class=\"vc_row wpb_row vc_row-fluid\"><div class=\"wpb_column vc_column_container vc_col-sm-12\"><div class=\"vc_column-inner\"><div class=\"wpb_wrapper\"><div class=\"vc_empty_space\"   style=\"height: 32px\"><span class=\"vc_empty_space_inner\"><\/span><\/div><div class=\"vc_separator wpb_content_element vc_separator_align_center vc_sep_border_width_1 vc_sep_pos_align_center vc_separator_no_text wpb_content_element  wpb_content_element\"   style=\"width: 100%;\"><span class=\"vc_sep_holder vc_sep_holder_l\"><span class=\"vc_sep_line\"><\/span><\/span><span class=\"vc_sep_holder vc_sep_holder_r\"><span class=\"vc_sep_line\"><\/span><\/span>\n<\/div>\n\t<div class=\"wpb_text_column wpb_content_element\" >\n\t\t<div class=\"wpb_wrapper\">\n\t\t\t<h4>O nagradi<\/h4>\n\n\t\t<\/div>\n\t<\/div>\n\n\t<div  class=\"wpb_single_image wpb_content_element vc_align_left wpb_content_element\">\n\t\t\n\t\t<figure class=\"wpb_wrapper vc_figure\">\n\t\t\t<div class=\"vc_single_image-wrapper\"><img decoding=\"async\" width=\"1242\" height=\"497\" src=\"https:\/\/ahorn-camp.de\/wp-content\/uploads\/2020\/10\/EY.jpg\" class=\"vc_single_image-img attachment-full\" alt=\"\" title=\"EY\" srcset=\"https:\/\/ahorn-camp.de\/wp-content\/uploads\/2020\/10\/EY.jpg 1242w, https:\/\/ahorn-camp.de\/wp-content\/uploads\/2020\/10\/EY-300x120.jpg 300w, https:\/\/ahorn-camp.de\/wp-content\/uploads\/2020\/10\/EY-1024x410.jpg 1024w, https:\/\/ahorn-camp.de\/wp-content\/uploads\/2020\/10\/EY-768x307.jpg 768w, https:\/\/ahorn-camp.de\/wp-content\/uploads\/2020\/10\/EY-800x320.jpg 800w\" sizes=\"(max-width: 1242px) 100vw, 1242px\" \/><\/div>\n\t\t<\/figure>\n\t<\/div>\n<\/div><\/div><\/div><\/div>\n<\/div>","protected":false},"excerpt":{"rendered":"<p>EY \u017ee 24 let nagrajuje izjemne podjetnike in podjetnice, za katere so klju\u010dne vrednote pogum, vizija in odlo\u010dnost. Med leto\u0161njimi 19 finalisti je tudi na\u0161 direktor Alexander Reichmann. Poro\u010damo o slovesni podelitvi nagrade finalistov.<\/p>","protected":false},"author":2,"featured_media":10096,"comment_status":"closed","ping_status":"closed","sticky":false,"template":"","format":"standard","meta":{"content-type":"","footnotes":""},"categories":[277],"tags":[],"class_list":["post-11559","post","type-post","status-publish","format-standard","has-post-thumbnail","hentry","category-pressemitteilungen"],"yoast_head":"<!-- This site is optimized with the Yoast SEO plugin v28.4 - https:\/\/yoast.com\/product\/yoast-seo-wordpress\/ -->\n<title>EY Entrepreneur Of The Year \u2013 Finalisten Award - Ahorn Camp GmbH &amp; Co. KG<\/title>\n<meta name=\"description\" content=\"Alexander Reichmann, Gesch\u00e4ftsf\u00fchrer von Ahorn Camp, geh\u00f6rt zu den 19 Finalisten der ehernvollen Auszeichnung &quot;EY Entrepreneur Of The Year&quot;.\" \/>\n<meta name=\"robots\" content=\"index, follow, max-snippet:-1, max-image-preview:large, max-video-preview:-1\" \/>\n<link rel=\"canonical\" href=\"https:\/\/ahorn-camp.de\/sl\/podjetnik-leta-finalista-nagrada-2\/\" \/>\n<meta property=\"og:locale\" content=\"sl_SI\" \/>\n<meta property=\"og:type\" content=\"article\" \/>\n<meta property=\"og:title\" content=\"EY Entrepreneur Of The Year \u2013 Finalisten Award - Ahorn Camp GmbH &amp; Co. KG\" \/>\n<meta property=\"og:description\" content=\"Alexander Reichmann, Gesch\u00e4ftsf\u00fchrer von Ahorn Camp, geh\u00f6rt zu den 19 Finalisten der ehernvollen Auszeichnung &quot;EY Entrepreneur Of The Year&quot;.\" \/>\n<meta property=\"og:url\" content=\"https:\/\/ahorn-camp.de\/sl\/podjetnik-leta-finalista-nagrada-2\/\" \/>\n<meta property=\"og:site_name\" content=\"Ahorn Camp | Reisemobile und Kastenwagen\" \/>\n<meta property=\"article:publisher\" content=\"https:\/\/www.facebook.com\/ahorn.wohnmobile\/\" \/>\n<meta property=\"article:published_time\" content=\"2021-04-13T14:52:48+00:00\" \/>\n<meta property=\"og:image\" content=\"https:\/\/ahorn-camp.de\/wp-content\/uploads\/2020\/10\/EY-Entrepreneur-Of-The-Year.png\" \/>\n\t<meta property=\"og:image:width\" content=\"1200\" \/>\n\t<meta property=\"og:image:height\" content=\"600\" \/>\n\t<meta property=\"og:image:type\" content=\"image\/png\" \/>\n<meta name=\"author\" content=\"ahorn_admin\" \/>\n<meta name=\"twitter:card\" content=\"summary_large_image\" \/>\n<meta name=\"twitter:label1\" content=\"Written by\" \/>\n\t<meta name=\"twitter:data1\" content=\"ahorn_admin\" \/>\n\t<meta name=\"twitter:label2\" content=\"Est. reading time\" \/>\n\t<meta name=\"twitter:data2\" content=\"4 minute\" \/>\n<script type=\"application\/ld+json\" class=\"yoast-schema-graph\">{\"@context\":\"https:\\\/\\\/schema.org\",\"@graph\":[{\"@type\":\"Article\",\"@id\":\"https:\\\/\\\/ahorn-camp.de\\\/ey-entrepreneur-of-the-year-finalisten-award-2\\\/#article\",\"isPartOf\":{\"@id\":\"https:\\\/\\\/ahorn-camp.de\\\/ey-entrepreneur-of-the-year-finalisten-award-2\\\/\"},\"author\":{\"name\":\"ahorn_admin\",\"@id\":\"https:\\\/\\\/ahorn-camp.de\\\/#\\\/schema\\\/person\\\/9b60761ba82d5cb8e6db215a88925044\"},\"headline\":\"EY Entrepreneur Of The Year \u2013 Finalisten Award\",\"datePublished\":\"2021-04-13T14:52:48+00:00\",\"mainEntityOfPage\":{\"@id\":\"https:\\\/\\\/ahorn-camp.de\\\/ey-entrepreneur-of-the-year-finalisten-award-2\\\/\"},\"wordCount\":930,\"publisher\":{\"@id\":\"https:\\\/\\\/ahorn-camp.de\\\/#organization\"},\"image\":{\"@id\":\"https:\\\/\\\/ahorn-camp.de\\\/ey-entrepreneur-of-the-year-finalisten-award-2\\\/#primaryimage\"},\"thumbnailUrl\":\"https:\\\/\\\/ahorn-camp.de\\\/wp-content\\\/uploads\\\/2020\\\/10\\\/EY-Entrepreneur-Of-The-Year.png\",\"articleSection\":[\"Pressemitteilungen\"],\"inLanguage\":\"sl-SI\"},{\"@type\":\"WebPage\",\"@id\":\"https:\\\/\\\/ahorn-camp.de\\\/ey-entrepreneur-of-the-year-finalisten-award-2\\\/\",\"url\":\"https:\\\/\\\/ahorn-camp.de\\\/ey-entrepreneur-of-the-year-finalisten-award-2\\\/\",\"name\":\"EY Entrepreneur Of The Year \u2013 Finalisten Award - Ahorn Camp GmbH & Co. KG\",\"isPartOf\":{\"@id\":\"https:\\\/\\\/ahorn-camp.de\\\/#website\"},\"primaryImageOfPage\":{\"@id\":\"https:\\\/\\\/ahorn-camp.de\\\/ey-entrepreneur-of-the-year-finalisten-award-2\\\/#primaryimage\"},\"image\":{\"@id\":\"https:\\\/\\\/ahorn-camp.de\\\/ey-entrepreneur-of-the-year-finalisten-award-2\\\/#primaryimage\"},\"thumbnailUrl\":\"https:\\\/\\\/ahorn-camp.de\\\/wp-content\\\/uploads\\\/2020\\\/10\\\/EY-Entrepreneur-Of-The-Year.png\",\"datePublished\":\"2021-04-13T14:52:48+00:00\",\"description\":\"Alexander Reichmann, Gesch\u00e4ftsf\u00fchrer von Ahorn Camp, geh\u00f6rt zu den 19 Finalisten der ehernvollen Auszeichnung \\\"EY Entrepreneur Of The Year\\\".\",\"breadcrumb\":{\"@id\":\"https:\\\/\\\/ahorn-camp.de\\\/ey-entrepreneur-of-the-year-finalisten-award-2\\\/#breadcrumb\"},\"inLanguage\":\"sl-SI\",\"potentialAction\":[{\"@type\":\"ReadAction\",\"target\":[\"https:\\\/\\\/ahorn-camp.de\\\/ey-entrepreneur-of-the-year-finalisten-award-2\\\/\"]}]},{\"@type\":\"ImageObject\",\"inLanguage\":\"sl-SI\",\"@id\":\"https:\\\/\\\/ahorn-camp.de\\\/ey-entrepreneur-of-the-year-finalisten-award-2\\\/#primaryimage\",\"url\":\"https:\\\/\\\/ahorn-camp.de\\\/wp-content\\\/uploads\\\/2020\\\/10\\\/EY-Entrepreneur-Of-The-Year.png\",\"contentUrl\":\"https:\\\/\\\/ahorn-camp.de\\\/wp-content\\\/uploads\\\/2020\\\/10\\\/EY-Entrepreneur-Of-The-Year.png\",\"width\":1200,\"height\":600,\"caption\":\"EY Entrepreneur of the year 2020\"},{\"@type\":\"BreadcrumbList\",\"@id\":\"https:\\\/\\\/ahorn-camp.de\\\/ey-entrepreneur-of-the-year-finalisten-award-2\\\/#breadcrumb\",\"itemListElement\":[{\"@type\":\"ListItem\",\"position\":1,\"name\":\"Startseite\",\"item\":\"https:\\\/\\\/ahorn-camp.de\\\/\"},{\"@type\":\"ListItem\",\"position\":2,\"name\":\"EY Entrepreneur Of The Year \u2013 Finalisten Award\"}]},{\"@type\":\"WebSite\",\"@id\":\"https:\\\/\\\/ahorn-camp.de\\\/#website\",\"url\":\"https:\\\/\\\/ahorn-camp.de\\\/\",\"name\":\"Ahorn Camp | Reisemobile und Kastenwagen\",\"description\":\"Seit \u00fcber 30 Jahren vermarktet das Familienunternehmen, Ahorn Camp in Speyer, erfolgreich Wohnmobile und Kastenwagen zum besten Preis-Leistungsverh\u00e4ltnis.\",\"publisher\":{\"@id\":\"https:\\\/\\\/ahorn-camp.de\\\/#organization\"},\"potentialAction\":[{\"@type\":\"SearchAction\",\"target\":{\"@type\":\"EntryPoint\",\"urlTemplate\":\"https:\\\/\\\/ahorn-camp.de\\\/?s={search_term_string}\"},\"query-input\":{\"@type\":\"PropertyValueSpecification\",\"valueRequired\":true,\"valueName\":\"search_term_string\"}}],\"inLanguage\":\"sl-SI\"},{\"@type\":\"Organization\",\"@id\":\"https:\\\/\\\/ahorn-camp.de\\\/#organization\",\"name\":\"Ahorn Camp GmbH & Co. KG\",\"url\":\"https:\\\/\\\/ahorn-camp.de\\\/\",\"logo\":{\"@type\":\"ImageObject\",\"inLanguage\":\"sl-SI\",\"@id\":\"https:\\\/\\\/ahorn-camp.de\\\/#\\\/schema\\\/logo\\\/image\\\/\",\"url\":\"https:\\\/\\\/ahorn-camp.de\\\/wp-content\\\/uploads\\\/2018\\\/12\\\/Ahorn_Logo.jpg\",\"contentUrl\":\"https:\\\/\\\/ahorn-camp.de\\\/wp-content\\\/uploads\\\/2018\\\/12\\\/Ahorn_Logo.jpg\",\"width\":1437,\"height\":1000,\"caption\":\"Ahorn Camp GmbH & Co. KG\"},\"image\":{\"@id\":\"https:\\\/\\\/ahorn-camp.de\\\/#\\\/schema\\\/logo\\\/image\\\/\"},\"sameAs\":[\"https:\\\/\\\/www.facebook.com\\\/ahorn.wohnmobile\\\/\",\"https:\\\/\\\/www.instagram.com\\\/ahorn.camp\\\/\",\"https:\\\/\\\/www.youtube.com\\\/channel\\\/UCPFbPCts1JJ_A1k9vyH0yOQ\"]},{\"@type\":\"Person\",\"@id\":\"https:\\\/\\\/ahorn-camp.de\\\/#\\\/schema\\\/person\\\/9b60761ba82d5cb8e6db215a88925044\",\"name\":\"ahorn_admin\",\"image\":{\"@type\":\"ImageObject\",\"inLanguage\":\"sl-SI\",\"@id\":\"https:\\\/\\\/secure.gravatar.com\\\/avatar\\\/d96b9a078083b0c14cee48589feadd939c3cdd66547e2f3f1569470371daaaa5?s=96&d=mm&r=g\",\"url\":\"https:\\\/\\\/secure.gravatar.com\\\/avatar\\\/d96b9a078083b0c14cee48589feadd939c3cdd66547e2f3f1569470371daaaa5?s=96&d=mm&r=g\",\"contentUrl\":\"https:\\\/\\\/secure.gravatar.com\\\/avatar\\\/d96b9a078083b0c14cee48589feadd939c3cdd66547e2f3f1569470371daaaa5?s=96&d=mm&r=g\",\"caption\":\"ahorn_admin\"},\"sameAs\":[\"http:\\\/\\\/Ahorn%20Camp\"],\"url\":\"https:\\\/\\\/ahorn-camp.de\\\/sl\\\/author\\\/ahorn_admin\\\/\"}]}<\/script>\n<!-- \/ Yoast SEO plugin. -->","yoast_head_json":{"title":"Nagrada EY Podjetnik leta \u2013 finalisti \u2013 Ahorn Camp GmbH &amp; Co. KG","description":"Alexander Reichmann, direktor podjetja Ahorn Camp, je eden od 19 finalistov presti\u017ene nagrade \"EY Entrepreneur Of The Year\".","robots":{"index":"index","follow":"follow","max-snippet":"max-snippet:-1","max-image-preview":"max-image-preview:large","max-video-preview":"max-video-preview:-1"},"canonical":"https:\/\/ahorn-camp.de\/sl\/podjetnik-leta-finalista-nagrada-2\/","og_locale":"sl_SI","og_type":"article","og_title":"EY Entrepreneur Of The Year \u2013 Finalisten Award - Ahorn Camp GmbH & Co. KG","og_description":"Alexander Reichmann, Gesch\u00e4ftsf\u00fchrer von Ahorn Camp, geh\u00f6rt zu den 19 Finalisten der ehernvollen Auszeichnung \"EY Entrepreneur Of The Year\".","og_url":"https:\/\/ahorn-camp.de\/sl\/podjetnik-leta-finalista-nagrada-2\/","og_site_name":"Ahorn Camp | Reisemobile und Kastenwagen","article_publisher":"https:\/\/www.facebook.com\/ahorn.wohnmobile\/","article_published_time":"2021-04-13T14:52:48+00:00","og_image":[{"width":1200,"height":600,"url":"https:\/\/ahorn-camp.de\/wp-content\/uploads\/2020\/10\/EY-Entrepreneur-Of-The-Year.png","type":"image\/png"}],"author":"ahorn_admin","twitter_card":"summary_large_image","twitter_misc":{"Written by":"ahorn_admin","Est. reading time":"4 minute"},"schema":{"@context":"https:\/\/schema.org","@graph":[{"@type":"Article","@id":"https:\/\/ahorn-camp.de\/ey-entrepreneur-of-the-year-finalisten-award-2\/#article","isPartOf":{"@id":"https:\/\/ahorn-camp.de\/ey-entrepreneur-of-the-year-finalisten-award-2\/"},"author":{"name":"ahorn_admin","@id":"https:\/\/ahorn-camp.de\/#\/schema\/person\/9b60761ba82d5cb8e6db215a88925044"},"headline":"EY Entrepreneur Of The Year \u2013 Finalisten Award","datePublished":"2021-04-13T14:52:48+00:00","mainEntityOfPage":{"@id":"https:\/\/ahorn-camp.de\/ey-entrepreneur-of-the-year-finalisten-award-2\/"},"wordCount":930,"publisher":{"@id":"https:\/\/ahorn-camp.de\/#organization"},"image":{"@id":"https:\/\/ahorn-camp.de\/ey-entrepreneur-of-the-year-finalisten-award-2\/#primaryimage"},"thumbnailUrl":"https:\/\/ahorn-camp.de\/wp-content\/uploads\/2020\/10\/EY-Entrepreneur-Of-The-Year.png","articleSection":["Pressemitteilungen"],"inLanguage":"sl-SI"},{"@type":"WebPage","@id":"https:\/\/ahorn-camp.de\/ey-entrepreneur-of-the-year-finalisten-award-2\/","url":"https:\/\/ahorn-camp.de\/ey-entrepreneur-of-the-year-finalisten-award-2\/","name":"Nagrada EY Podjetnik leta \u2013 finalisti \u2013 Ahorn Camp GmbH &amp; Co. KG","isPartOf":{"@id":"https:\/\/ahorn-camp.de\/#website"},"primaryImageOfPage":{"@id":"https:\/\/ahorn-camp.de\/ey-entrepreneur-of-the-year-finalisten-award-2\/#primaryimage"},"image":{"@id":"https:\/\/ahorn-camp.de\/ey-entrepreneur-of-the-year-finalisten-award-2\/#primaryimage"},"thumbnailUrl":"https:\/\/ahorn-camp.de\/wp-content\/uploads\/2020\/10\/EY-Entrepreneur-Of-The-Year.png","datePublished":"2021-04-13T14:52:48+00:00","description":"Alexander Reichmann, direktor podjetja Ahorn Camp, je eden od 19 finalistov presti\u017ene nagrade \"EY Entrepreneur Of The Year\".","breadcrumb":{"@id":"https:\/\/ahorn-camp.de\/ey-entrepreneur-of-the-year-finalisten-award-2\/#breadcrumb"},"inLanguage":"sl-SI","potentialAction":[{"@type":"ReadAction","target":["https:\/\/ahorn-camp.de\/ey-entrepreneur-of-the-year-finalisten-award-2\/"]}]},{"@type":"ImageObject","inLanguage":"sl-SI","@id":"https:\/\/ahorn-camp.de\/ey-entrepreneur-of-the-year-finalisten-award-2\/#primaryimage","url":"https:\/\/ahorn-camp.de\/wp-content\/uploads\/2020\/10\/EY-Entrepreneur-Of-The-Year.png","contentUrl":"https:\/\/ahorn-camp.de\/wp-content\/uploads\/2020\/10\/EY-Entrepreneur-Of-The-Year.png","width":1200,"height":600,"caption":"EY Entrepreneur of the year 2020"},{"@type":"BreadcrumbList","@id":"https:\/\/ahorn-camp.de\/ey-entrepreneur-of-the-year-finalisten-award-2\/#breadcrumb","itemListElement":[{"@type":"ListItem","position":1,"name":"Startseite","item":"https:\/\/ahorn-camp.de\/"},{"@type":"ListItem","position":2,"name":"EY Entrepreneur Of The Year \u2013 Finalisten Award"}]},{"@type":"WebSite","@id":"https:\/\/ahorn-camp.de\/#website","url":"https:\/\/ahorn-camp.de\/","name":"Ahorn Camp | Avtodomi in kombiji","description":"\u017de ve\u010d kot 30 let dru\u017einsko podjetje Ahorn Camp iz Speyerja uspe\u0161no prodaja avtodome in kombije z najbolj\u0161im razmerjem med ceno in kakovostjo.","publisher":{"@id":"https:\/\/ahorn-camp.de\/#organization"},"potentialAction":[{"@type":"SearchAction","target":{"@type":"EntryPoint","urlTemplate":"https:\/\/ahorn-camp.de\/?s={search_term_string}"},"query-input":{"@type":"PropertyValueSpecification","valueRequired":true,"valueName":"search_term_string"}}],"inLanguage":"sl-SI"},{"@type":"Organization","@id":"https:\/\/ahorn-camp.de\/#organization","name":"Ahorn Camp GmbH &amp; Co. KG","url":"https:\/\/ahorn-camp.de\/","logo":{"@type":"ImageObject","inLanguage":"sl-SI","@id":"https:\/\/ahorn-camp.de\/#\/schema\/logo\/image\/","url":"https:\/\/ahorn-camp.de\/wp-content\/uploads\/2018\/12\/Ahorn_Logo.jpg","contentUrl":"https:\/\/ahorn-camp.de\/wp-content\/uploads\/2018\/12\/Ahorn_Logo.jpg","width":1437,"height":1000,"caption":"Ahorn Camp GmbH & Co. KG"},"image":{"@id":"https:\/\/ahorn-camp.de\/#\/schema\/logo\/image\/"},"sameAs":["https:\/\/www.facebook.com\/ahorn.wohnmobile\/","https:\/\/www.instagram.com\/ahorn.camp\/","https:\/\/www.youtube.com\/channel\/UCPFbPCts1JJ_A1k9vyH0yOQ"]},{"@type":"Person","@id":"https:\/\/ahorn-camp.de\/#\/schema\/person\/9b60761ba82d5cb8e6db215a88925044","name":"ahorn_admin","image":{"@type":"ImageObject","inLanguage":"sl-SI","@id":"https:\/\/secure.gravatar.com\/avatar\/d96b9a078083b0c14cee48589feadd939c3cdd66547e2f3f1569470371daaaa5?s=96&d=mm&r=g","url":"https:\/\/secure.gravatar.com\/avatar\/d96b9a078083b0c14cee48589feadd939c3cdd66547e2f3f1569470371daaaa5?s=96&d=mm&r=g","contentUrl":"https:\/\/secure.gravatar.com\/avatar\/d96b9a078083b0c14cee48589feadd939c3cdd66547e2f3f1569470371daaaa5?s=96&d=mm&r=g","caption":"ahorn_admin"},"sameAs":["http:\/\/Ahorn%20Camp"],"url":"https:\/\/ahorn-camp.de\/sl\/author\/ahorn_admin\/"}]}},"_links":{"self":[{"href":"https:\/\/ahorn-camp.de\/sl\/wp-json\/wp\/v2\/posts\/11559","targetHints":{"allow":["GET"]}}],"collection":[{"href":"https:\/\/ahorn-camp.de\/sl\/wp-json\/wp\/v2\/posts"}],"about":[{"href":"https:\/\/ahorn-camp.de\/sl\/wp-json\/wp\/v2\/types\/post"}],"author":[{"embeddable":true,"href":"https:\/\/ahorn-camp.de\/sl\/wp-json\/wp\/v2\/users\/2"}],"replies":[{"embeddable":true,"href":"https:\/\/ahorn-camp.de\/sl\/wp-json\/wp\/v2\/comments?post=11559"}],"version-history":[{"count":0,"href":"https:\/\/ahorn-camp.de\/sl\/wp-json\/wp\/v2\/posts\/11559\/revisions"}],"wp:featuredmedia":[{"embeddable":true,"href":"https:\/\/ahorn-camp.de\/sl\/wp-json\/wp\/v2\/media\/10096"}],"wp:attachment":[{"href":"https:\/\/ahorn-camp.de\/sl\/wp-json\/wp\/v2\/media?parent=11559"}],"wp:term":[{"taxonomy":"category","embeddable":true,"href":"https:\/\/ahorn-camp.de\/sl\/wp-json\/wp\/v2\/categories?post=11559"},{"taxonomy":"post_tag","embeddable":true,"href":"https:\/\/ahorn-camp.de\/sl\/wp-json\/wp\/v2\/tags?post=11559"}],"curies":[{"name":"wp","href":"https:\/\/api.w.org\/{rel}","templated":true}]}}