{"id":5551,"date":"2020-04-28T08:45:14","date_gmt":"2020-04-28T06:45:14","guid":{"rendered":"https:\/\/ahorn-camp.de\/?p=5551"},"modified":"2021-12-08T13:46:25","modified_gmt":"2021-12-08T12:46:25","slug":"zimowy-kemping-w-szwajcarii","status":"publish","type":"post","link":"https:\/\/ahorn-camp.de\/pl\/wintercamping-in-der-schweiz\/","title":{"rendered":"Zimowy kemping w Szwajcarii"},"content":{"rendered":"<p><strong>Zimowy kemping w Szwajcarii \u2013 na pocz\u0105tku lutego Michael, Stefan i Lukas wyruszyli naszym kamperem ACT 690 New Face Edition do Szwajcarii na skituring. Podr\u00f3\u017c rozpocz\u0119\u0142a si\u0119 od odebrania kampera w naszej g\u0142\u00f3wnej siedzibie Ahorn Camp w Speyer nad Renem. Wsadzili ca\u0142y sw\u00f3j sprz\u0119t do kampera i we tr\u00f3jk\u0119 wyruszyli w kierunku Engadyny w Szwajcarii. Teraz mog\u0142a si\u0119 rozpocz\u0105\u0107 dwutygodniowa przygoda \u201eZimowy kemping w Szwajcarii\u201c. Dzi\u0119ki poni\u017cszej relacji z podr\u00f3\u017cy i imponuj\u0105cym zdj\u0119ciom mog\u0105 Pa\u0144stwo towarzyszy\u0107 m\u0142odym m\u0119\u017cczyznom w ich wyprawie. \u017byczymy przyjemnej lektury i inspiracji.<br \/>\n<\/strong><\/p>\n<p><a href=\"https:\/\/ahorn-camp.de\/wp-content\/uploads\/2020\/04\/Reisebericht_Wintercampen-Schweiz_5.jpg\" target=\"_blank\" rel=\"noopener noreferrer\"><img fetchpriority=\"high\" decoding=\"async\" class=\"aligncenter wp-image-5542\" title=\"Zimowe biwakowanie w Szwajcarii \u2013 w trasie z Ahorn Camp\" src=\"https:\/\/ahorn-camp.de\/wp-content\/uploads\/2020\/04\/Reisebericht_Wintercampen-Schweiz_5.jpg\" alt=\"\" width=\"600\" height=\"400\" srcset=\"https:\/\/ahorn-camp.de\/wp-content\/uploads\/2020\/04\/Reisebericht_Wintercampen-Schweiz_5.jpg 1500w, https:\/\/ahorn-camp.de\/wp-content\/uploads\/2020\/04\/Reisebericht_Wintercampen-Schweiz_5-300x200.jpg 300w, https:\/\/ahorn-camp.de\/wp-content\/uploads\/2020\/04\/Reisebericht_Wintercampen-Schweiz_5-1024x682.jpg 1024w, https:\/\/ahorn-camp.de\/wp-content\/uploads\/2020\/04\/Reisebericht_Wintercampen-Schweiz_5-768x511.jpg 768w, https:\/\/ahorn-camp.de\/wp-content\/uploads\/2020\/04\/Reisebericht_Wintercampen-Schweiz_5-800x533.jpg 800w\" sizes=\"(max-width: 600px) 100vw, 600px\" \/><\/a><\/p>\n<p>W drodze na <a href=\"https:\/\/de.wikipedia.org\/wiki\/Julierpass\" target=\"_blank\" rel=\"noopener noreferrer\">Prze\u0142\u0119cz Julier<\/a>, prawdziwym raju dla mi\u0142o\u015bnik\u00f3w skituringu, zaopatrzyli\u015bmy si\u0119 w prowiant na najbli\u017csze dni. Pogoda by\u0142a \u015bwietna, a wygl\u0105da\u0142o na to, \u017ce tu\u017c przed naszym przyjazdem spad\u0142 \u015bwie\u017cy \u015bnieg. Po dotarciu na prze\u0142\u0119cz za\u0142o\u017cyli\u015bmy narty i rozejrzeli\u015bmy si\u0119 po okolicy, sprawdzaj\u0105c stan \u015bniegu. Poniewa\u017c dzie\u0144 ju\u017c nieco si\u0119 skroci\u0142, s\u0142o\u0144ce wkr\u00f3tce znikn\u0119\u0142o za g\u00f3rami i od razu zrobi\u0142o si\u0119 znacznie ch\u0142odniej. Cieszyli\u015bmy si\u0119, gdy zn\u00f3w znale\u017ali\u015bmy si\u0119 w ciep\u0142ym Ahorn Camperze. Najpierw zjedli\u015bmy co\u015b ciep\u0142ego \u2013 a potem zacz\u0119li\u015bmy snu\u0107 plany.<\/p>\n<h5>Kwestia warunk\u00f3w \u2013 Piz Benina czy Piz Pal\u00fc<\/h5>\n<p>W drodze do St. Moritz nasz\u0105 uwag\u0119 nieuchronnie przyku\u0142 <a href=\"https:\/\/de.wikipedia.org\/wiki\/Piz_Bernina\" target=\"_blank\" rel=\"noopener noreferrer\">Piz Bernina<\/a> i okoliczne g\u00f3ry. Niestety warunki na skitour na Piz Bernina nie by\u0142y wystarczaj\u0105co dobre \u2013 ale mo\u017ce wystarcz\u0105 na Piz Pal\u00fc obok? Prognoza pogody obiecywa\u0142a dobr\u0105 pogod\u0119 za dwa dni. Po konsultacji z miejscowymi na temat warunk\u00f3w panuj\u0105cych w g\u00f3rach postanowili\u015bmy spr\u00f3bowa\u0107. Pozosta\u0142y czas wykorzystali\u015bmy na odwiedzenie kilku punkt\u00f3w widokowych w okolicy i za\u0142atwienie spraw zwi\u0105zanych z nadchodz\u0105c\u0105 skitour.<\/p>\n<p>&nbsp;<\/p>\n<p><a href=\"https:\/\/ahorn-camp.de\/wp-content\/uploads\/2020\/04\/Reisebericht_Wintercampen-Schweiz_4-e1587974173319.jpg\" target=\"_blank\" rel=\"noopener noreferrer\"><img decoding=\"async\" class=\"aligncenter wp-image-5541\" title=\"Zimowe biwakowanie w Szwajcarii \u2013 w trasie z Ahorn Camp\" src=\"https:\/\/ahorn-camp.de\/wp-content\/uploads\/2020\/04\/Reisebericht_Wintercampen-Schweiz_4-e1587974173319.jpg\" alt=\"\" width=\"600\" height=\"373\" srcset=\"https:\/\/ahorn-camp.de\/wp-content\/uploads\/2020\/04\/Reisebericht_Wintercampen-Schweiz_4-e1587974173319.jpg 1500w, https:\/\/ahorn-camp.de\/wp-content\/uploads\/2020\/04\/Reisebericht_Wintercampen-Schweiz_4-e1587974173319-300x187.jpg 300w, https:\/\/ahorn-camp.de\/wp-content\/uploads\/2020\/04\/Reisebericht_Wintercampen-Schweiz_4-e1587974173319-1024x637.jpg 1024w, https:\/\/ahorn-camp.de\/wp-content\/uploads\/2020\/04\/Reisebericht_Wintercampen-Schweiz_4-e1587974173319-768x478.jpg 768w, https:\/\/ahorn-camp.de\/wp-content\/uploads\/2020\/04\/Reisebericht_Wintercampen-Schweiz_4-e1587974173319-800x498.jpg 800w\" sizes=\"(max-width: 600px) 100vw, 600px\" \/><\/a><\/p>\n<hr \/>\n<blockquote>\n<p style=\"text-align: center;\">Gdy tam dotarli\u015bmy, nagle znale\u017ali\u015bmy si\u0119 sami po\u015br\u00f3d tych gigant\u00f3w.<\/p>\n<\/blockquote>\n<hr \/>\n<div class=\"page\" title=\"Strona 1\">\n<div class=\"section\">\n<div class=\"layoutArea\">\n<div class=\"column\">\n<p>Dwa dni p\u00f3\u017aniej obudzili\u015bmy si\u0119 niedaleko prze\u0142\u0119czy Bernina przy najlepszej pogodzie \u2013 podekscytowanie by\u0142o ogromne. Szybko zjedli\u015bmy \u015bniadanie i wyruszyli\u015bmy w kierunku dolnej stacji Diavolezza, sk\u0105d wjechali\u015bmy pierwszym wagonikiem na g\u00f3r\u0119. Po dotarciu do schroniska g\u00f3rskiego Diavolezza byli\u015bmy przyt\u0142oczeni widokiem g\u00f3r \u2013 niczym na arenie wznosi\u0142y si\u0119 znane szczyty. Zanim za\u0142o\u017cyli\u015bmy foki na narty, musieli\u015bmy zjecha\u0107 kilka metr\u00f3w w kierunku lodowca. Tam dotar\u0142szy, nagle znale\u017ali\u015bmy si\u0119 sami po\u015br\u00f3d tych gigant\u00f3w \u2013 na szlaku by\u0142y tylko dwie inne osoby uprawiaj\u0105ce narciarstwo, kt\u00f3re jednak mia\u0142y inny cel na dzi\u015b i wkr\u00f3tce opu\u015bci\u0142y nasz\u0105 tras\u0119. Zabezpieczeni lin\u0105, szli\u015bmy z nartami na nogach przez imponuj\u0105c\u0105 szczelin\u0119 lodowca, wci\u0105\u017c dalej w kierunku szczytu. Wkr\u00f3tce dotarli\u015bmy do wschodniego ramienia Piz Pal\u00fc i mogli\u015bmy wreszcie cieszy\u0107 si\u0119 s\u0142o\u0144cem.<\/p>\n<\/div>\n<\/div>\n<\/div>\n<\/div>\n<div class=\"page\" title=\"Strona 1\">\n<div class=\"section\">\n<div class=\"layoutArea\">\n<div class=\"column\">\n<h5>Punkt kulminacyjny \u2013 wej\u015bcie na Pal\u00fc<\/h5>\n<p>Po kr\u00f3tkiej przerwie i ma\u0142ej przek\u0105sce ruszyli\u015bmy dalej. Narty zostawili\u015bmy na ramionach i maszerowali\u015bmy dalej w rakach na nogach i z czekanem w d\u0142oni. Zjazd ze szczytu nie by\u0142by mo\u017cliwy \u2013 wiatr narobi\u0142 tam wi\u0119cej szk\u00f3d, ni\u017c by\u0142o wida\u0107 z doliny \u2013 zbocza by\u0142y ogo\u0142ocone. Czasami ostry jak brzytwa grzbiet zawsze stanowi punkt kulminacyjny podczas wej\u015bcia na Pal\u00fc \u2013 tak by\u0142o i tym razem. Warunki na grani by\u0142y idealne i wkr\u00f3tce stan\u0119li\u015bmy na szczycie. Mieli\u015bmy naprawd\u0119 szcz\u0119\u015bcie z pogod\u0105 \u2013 widoczno\u015b\u0107 przy prawie zerowym wietrze by\u0142a wspania\u0142a. Po kr\u00f3tkiej chwili podziwiania ruszyli\u015bmy z powrotem do nart. Obawiali\u015bmy si\u0119, \u017ce zjazd po przetartym przez wiatr \u015bniegu b\u0119dzie katorg\u0105 \u2013 ku naszemu zaskoczeniu bez wi\u0119kszych problem\u00f3w zjechali\u015bmy stokami a\u017c do Morteratsch. Wspania\u0142e zako\u0144czenie!<\/p>\n<p>Poniewa\u017c \u0141ukasz niestety nie towarzyszy\u0142 nam tego dnia, czeka\u0142 ju\u017c z kamperem na parkingu. Bardzo nam to odpowiada\u0142o \u2013 kr\u00f3tko po tym, jak dotarli\u015bmy do doliny, nast\u0105pi\u0142a prognozowana zmiana pogody, zrobi\u0142o si\u0119 zimno i mokro. Nic innego nie pozosta\u0142o, jak tylko wej\u015b\u0107 do ciep\u0142ego kampera.<\/p>\n<\/div>\n<\/div>\n<\/div>\n<\/div>\n<p><a href=\"https:\/\/ahorn-camp.de\/wp-content\/uploads\/2020\/04\/Reisebericht_Wintercampen-Schweiz_1.jpg\" target=\"_blank\" rel=\"noopener noreferrer\"><img decoding=\"async\" class=\"aligncenter wp-image-5538\" title=\"Zimowe biwakowanie w Szwajcarii \u2013 w trasie z Ahorn Camp\" src=\"https:\/\/ahorn-camp.de\/wp-content\/uploads\/2020\/04\/Reisebericht_Wintercampen-Schweiz_1.jpg\" alt=\"\" width=\"600\" height=\"400\" srcset=\"https:\/\/ahorn-camp.de\/wp-content\/uploads\/2020\/04\/Reisebericht_Wintercampen-Schweiz_1.jpg 1500w, https:\/\/ahorn-camp.de\/wp-content\/uploads\/2020\/04\/Reisebericht_Wintercampen-Schweiz_1-300x200.jpg 300w, https:\/\/ahorn-camp.de\/wp-content\/uploads\/2020\/04\/Reisebericht_Wintercampen-Schweiz_1-1024x683.jpg 1024w, https:\/\/ahorn-camp.de\/wp-content\/uploads\/2020\/04\/Reisebericht_Wintercampen-Schweiz_1-768x512.jpg 768w, https:\/\/ahorn-camp.de\/wp-content\/uploads\/2020\/04\/Reisebericht_Wintercampen-Schweiz_1-800x533.jpg 800w\" sizes=\"(max-width: 600px) 100vw, 600px\" \/><\/a><\/p>\n<hr \/>\n<blockquote>\n<p style=\"text-align: center;\">Mieli\u015bmy ogromne szcz\u0119\u015bcie z pogod\u0105 \u2013 widoczno\u015b\u0107 przy prawie bezwietrznej pogodzie by\u0142a wspania\u0142a.<\/p>\n<\/blockquote>\n<hr \/>\n<div class=\"page\" title=\"Strona 2\">\n<div class=\"section\">\n<div class=\"layoutArea\">\n<div class=\"column\">\n<p>Niestety, w kolejnych dniach nie mieli\u015bmy szcz\u0119\u015bcia do pogody \u2013 la\u0142o jak z cebra, niestety r\u00f3wnie\u017c wysoko w g\u00f3rach, przez co nasze plany na kolejne skitury powoli nik\u0142y. Tym lepiej by\u0142o jednak podr\u00f3\u017cowa\u0107 w przestronnym i ciep\u0142ym kamperze. Codziennie cieszyli\u015bmy si\u0119 3-gwiazdkow\u0105 kuchni\u0105 w kamperze \u2013 wieczorem od czasu do czasu pojawi\u0142o si\u0119 piwo, a nawet kieliszek wina.<\/p>\n<\/div>\n<div class=\"column\">\n<h5>Wybierzmy si\u0119 na freeride do Engelbergu<\/h5>\n<p>Po kilku dniach wyruszyli\u015bmy do mekkki freeride'u w Szwajcarii, do Engelbergu. Tam pogoda mia\u0142a si\u0119 poprawi\u0107 na kilka dni, a teren narciarski z niezliczonymi wariantami freeride'owymi le\u017ca\u0142 wystarczaj\u0105co wysoko, by mo\u017ce uda\u0142o nam si\u0119 jeszcze troch\u0119 \u015bwie\u017cego \u015bniegu z\u0142apa\u0107. Po przyje\u017adzie ogarn\u0119\u0142o nas rozczarowanie \u2013 warunki \u015bniegowe wygl\u0105da\u0142y \u017ca\u0142o\u015bnie, a pogoda te\u017c by\u0142a kiepska. Zakwaterowali\u015bmy si\u0119 na kempingu zimowym i opr\u00f3\u017cnili\u015bmy lub nape\u0142nili\u015bmy zbiorniki naszego kampera.<\/p>\n<p>Wie vorhergesagte, nast\u0105pi\u0142a poprawa pogody pod wiecz\u00f3r i utrzyma\u0142a si\u0119 przez kolejne dni, dzi\u0119ki czemu mogli\u015bmy sp\u0119dzi\u0107 jeszcze trzy beztroskie dni w g\u00f3rach. Niestety warunki \u015bniegowe nie by\u0142y najlepsze \u2013 z odrobin\u0105 wyczucia uda\u0142o nam si\u0119 jednak znale\u017a\u0107 jeszcze dziewiczy, dobry \u015bnieg.<\/p>\n<p>I tak uspokojeni mogli\u015bmy uda\u0107 si\u0119 w drog\u0119 powrotn\u0105 do domu. Na pocz\u0105tku byli\u015bmy troch\u0119 sceptyczni \u2013 zimowe biwakowanie w Szwajcarii? Z odpowiednim pojazdem to z pewno\u015bci\u0105 prze\u017cycie!<\/p>\n<\/div>\n<\/div>\n<\/div>\n<\/div>\n<p>Interesuje Ci\u0119 tak\u017ce zimowy kemping w Szwajcarii i chcesz dowiedzie\u0107 si\u0119 wi\u0119cej o ACT 690 Plus i naszych innych kamperach? <a href=\"https:\/\/ahorn-camp.de\/pl\/przyczepy-kempingowe-ahorn\/\" target=\"_blank\" rel=\"noopener noreferrer\">Przegl\u0105d naszych modeli znajd\u0105 Pa\u0144stwo tutaj.<\/a><\/p>\n<hr \/>\n<h6><u>Nast\u0119pny raport z podr\u00f3\u017cy<\/u><\/h6>\n<p><img loading=\"lazy\" decoding=\"async\" class=\"alignnone wp-image-4479 size-medium\" src=\"https:\/\/ahorn-camp.de\/wp-content\/uploads\/2020\/03\/CamperVan_Toskana-300x165.jpg\" alt=\"\" width=\"300\" height=\"165\" srcset=\"https:\/\/ahorn-camp.de\/wp-content\/uploads\/2020\/03\/CamperVan_Toskana-300x165.jpg 300w, https:\/\/ahorn-camp.de\/wp-content\/uploads\/2020\/03\/CamperVan_Toskana-1024x562.jpg 1024w, https:\/\/ahorn-camp.de\/wp-content\/uploads\/2020\/03\/CamperVan_Toskana-768x422.jpg 768w, https:\/\/ahorn-camp.de\/wp-content\/uploads\/2020\/03\/CamperVan_Toskana-800x439.jpg 800w, https:\/\/ahorn-camp.de\/wp-content\/uploads\/2020\/03\/CamperVan_Toskana.jpg 1240w\" sizes=\"(max-width: 300px) 100vw, 300px\" \/><\/p>\n<p><a href=\"https:\/\/ahorn-camp.de\/pl\/kamperem-przez-toskanie\/\" target=\"_blank\" rel=\"noopener noreferrer\">Kamperem przez Toskani\u0119<\/a><\/p>","protected":false},"excerpt":{"rendered":"<p>Na pocz\u0105tku lutego Michael, Stefan i Lukas wyruszyli naszym kamperem ACT 690 New Face Edition do Szwajcarii na wypraw\u0119 narciarsk\u0105. Podr\u00f3\u017c rozpocz\u0119\u0142a si\u0119 od odebrania kampera w naszej g\u0142\u00f3wnej siedzibie Ahorn Camp w Speyer nad Renem. Spakowali ca\u0142y sw\u00f3j sprz\u0119t do kampera i we tr\u00f3jk\u0119 wyruszyli w kierunku Engadyny w Szwajcarii. Teraz mog\u0142a si\u0119 rozpocz\u0105\u0107 dwutygodniowa przygoda \u201eZimowe biwakowanie w Szwajcarii\u201c. <\/p>","protected":false},"author":2,"featured_media":5546,"comment_status":"closed","ping_status":"closed","sticky":false,"template":"","format":"standard","meta":{"content-type":"","footnotes":""},"categories":[208],"tags":[],"class_list":["post-5551","post","type-post","status-publish","format-standard","has-post-thumbnail","hentry","category-blog"],"yoast_head":"<!-- This site is optimized with the Yoast SEO plugin v28.4 - https:\/\/yoast.com\/product\/yoast-seo-wordpress\/ -->\n<title>Wintercamping in der Schweiz - Ahorn Camp - Blog<\/title>\n<meta name=\"description\" content=\"Wintercamping in der Schweiz \u2013 Wir packten unser ganzes Equipment in den Camper und fuhren zu dritt los Richtung Engadin in der Schweiz.\" \/>\n<meta name=\"robots\" content=\"index, follow, max-snippet:-1, max-image-preview:large, max-video-preview:-1\" \/>\n<link rel=\"canonical\" href=\"https:\/\/ahorn-camp.de\/pl\/zimowy-kemping-w-szwajcarii\/\" \/>\n<meta property=\"og:locale\" content=\"pl_PL\" \/>\n<meta property=\"og:type\" content=\"article\" \/>\n<meta property=\"og:title\" content=\"Mit dem Camper Van durch die Toskana\" \/>\n<meta property=\"og:description\" content=\"Mit dem Camper Van durch die Toskana und die abwechslungsreiche Natur erleben. Ein Reisebericht \u00fcber die wundersch\u00f6ne Landschaft der Toskana.\" \/>\n<meta property=\"og:url\" content=\"https:\/\/ahorn-camp.de\/pl\/zimowy-kemping-w-szwajcarii\/\" \/>\n<meta property=\"og:site_name\" content=\"Ahorn Camp | Reisemobile und Kastenwagen\" \/>\n<meta property=\"article:publisher\" content=\"https:\/\/www.facebook.com\/ahorn.wohnmobile\/\" \/>\n<meta property=\"article:published_time\" content=\"2020-04-28T06:45:14+00:00\" \/>\n<meta property=\"article:modified_time\" content=\"2021-12-08T12:46:25+00:00\" \/>\n<meta name=\"author\" content=\"ahorn_admin\" \/>\n<meta name=\"twitter:card\" content=\"summary_large_image\" \/>\n<meta name=\"twitter:title\" content=\"Mit dem Camper Van durch die Toskana\" \/>\n<meta name=\"twitter:description\" content=\"Mit dem Camper Van durch die Toskana und die abwechslungsreiche Natur erleben. Ein Reisebericht \u00fcber die wundersch\u00f6ne Landschaft der Toskana.\" \/>\n<meta name=\"twitter:label1\" content=\"Napisane przez\" \/>\n\t<meta name=\"twitter:data1\" content=\"ahorn_admin\" \/>\n\t<meta name=\"twitter:label2\" content=\"Szacowany czas czytania\" \/>\n\t<meta name=\"twitter:data2\" content=\"5 minut\" \/>\n<script type=\"application\/ld+json\" class=\"yoast-schema-graph\">{\"@context\":\"https:\\\/\\\/schema.org\",\"@graph\":[{\"@type\":\"Article\",\"@id\":\"https:\\\/\\\/ahorn-camp.de\\\/wintercamping-in-der-schweiz\\\/#article\",\"isPartOf\":{\"@id\":\"https:\\\/\\\/ahorn-camp.de\\\/wintercamping-in-der-schweiz\\\/\"},\"author\":{\"name\":\"ahorn_admin\",\"@id\":\"https:\\\/\\\/ahorn-camp.de\\\/#\\\/schema\\\/person\\\/9b60761ba82d5cb8e6db215a88925044\"},\"headline\":\"Wintercamping in der Schweiz\",\"datePublished\":\"2020-04-28T06:45:14+00:00\",\"dateModified\":\"2021-12-08T12:46:25+00:00\",\"mainEntityOfPage\":{\"@id\":\"https:\\\/\\\/ahorn-camp.de\\\/wintercamping-in-der-schweiz\\\/\"},\"wordCount\":974,\"publisher\":{\"@id\":\"https:\\\/\\\/ahorn-camp.de\\\/#organization\"},\"image\":{\"@id\":\"https:\\\/\\\/ahorn-camp.de\\\/wintercamping-in-der-schweiz\\\/#primaryimage\"},\"thumbnailUrl\":\"https:\\\/\\\/ahorn-camp.de\\\/wp-content\\\/uploads\\\/2020\\\/04\\\/Reisebericht_Wintercampen-Schweiz_Ahorn.jpg\",\"articleSection\":[\"Blog\"],\"inLanguage\":\"pl-PL\"},{\"@type\":\"WebPage\",\"@id\":\"https:\\\/\\\/ahorn-camp.de\\\/wintercamping-in-der-schweiz\\\/\",\"url\":\"https:\\\/\\\/ahorn-camp.de\\\/wintercamping-in-der-schweiz\\\/\",\"name\":\"Wintercamping in der Schweiz - Ahorn Camp - Blog\",\"isPartOf\":{\"@id\":\"https:\\\/\\\/ahorn-camp.de\\\/#website\"},\"primaryImageOfPage\":{\"@id\":\"https:\\\/\\\/ahorn-camp.de\\\/wintercamping-in-der-schweiz\\\/#primaryimage\"},\"image\":{\"@id\":\"https:\\\/\\\/ahorn-camp.de\\\/wintercamping-in-der-schweiz\\\/#primaryimage\"},\"thumbnailUrl\":\"https:\\\/\\\/ahorn-camp.de\\\/wp-content\\\/uploads\\\/2020\\\/04\\\/Reisebericht_Wintercampen-Schweiz_Ahorn.jpg\",\"datePublished\":\"2020-04-28T06:45:14+00:00\",\"dateModified\":\"2021-12-08T12:46:25+00:00\",\"description\":\"Wintercamping in der Schweiz \u2013 Wir packten unser ganzes Equipment in den Camper und fuhren zu dritt los Richtung Engadin in der Schweiz.\",\"breadcrumb\":{\"@id\":\"https:\\\/\\\/ahorn-camp.de\\\/wintercamping-in-der-schweiz\\\/#breadcrumb\"},\"inLanguage\":\"pl-PL\",\"potentialAction\":[{\"@type\":\"ReadAction\",\"target\":[\"https:\\\/\\\/ahorn-camp.de\\\/wintercamping-in-der-schweiz\\\/\"]}]},{\"@type\":\"ImageObject\",\"inLanguage\":\"pl-PL\",\"@id\":\"https:\\\/\\\/ahorn-camp.de\\\/wintercamping-in-der-schweiz\\\/#primaryimage\",\"url\":\"https:\\\/\\\/ahorn-camp.de\\\/wp-content\\\/uploads\\\/2020\\\/04\\\/Reisebericht_Wintercampen-Schweiz_Ahorn.jpg\",\"contentUrl\":\"https:\\\/\\\/ahorn-camp.de\\\/wp-content\\\/uploads\\\/2020\\\/04\\\/Reisebericht_Wintercampen-Schweiz_Ahorn.jpg\",\"width\":1500,\"height\":1000},{\"@type\":\"BreadcrumbList\",\"@id\":\"https:\\\/\\\/ahorn-camp.de\\\/wintercamping-in-der-schweiz\\\/#breadcrumb\",\"itemListElement\":[{\"@type\":\"ListItem\",\"position\":1,\"name\":\"Startseite\",\"item\":\"https:\\\/\\\/ahorn-camp.de\\\/\"},{\"@type\":\"ListItem\",\"position\":2,\"name\":\"Wintercamping in der Schweiz\"}]},{\"@type\":\"WebSite\",\"@id\":\"https:\\\/\\\/ahorn-camp.de\\\/#website\",\"url\":\"https:\\\/\\\/ahorn-camp.de\\\/\",\"name\":\"Ahorn Camp | Reisemobile und Kastenwagen\",\"description\":\"Seit \u00fcber 30 Jahren vermarktet das Familienunternehmen, Ahorn Camp in Speyer, erfolgreich Wohnmobile und Kastenwagen zum besten Preis-Leistungsverh\u00e4ltnis.\",\"publisher\":{\"@id\":\"https:\\\/\\\/ahorn-camp.de\\\/#organization\"},\"potentialAction\":[{\"@type\":\"SearchAction\",\"target\":{\"@type\":\"EntryPoint\",\"urlTemplate\":\"https:\\\/\\\/ahorn-camp.de\\\/?s={search_term_string}\"},\"query-input\":{\"@type\":\"PropertyValueSpecification\",\"valueRequired\":true,\"valueName\":\"search_term_string\"}}],\"inLanguage\":\"pl-PL\"},{\"@type\":\"Organization\",\"@id\":\"https:\\\/\\\/ahorn-camp.de\\\/#organization\",\"name\":\"Ahorn Camp GmbH & Co. KG\",\"url\":\"https:\\\/\\\/ahorn-camp.de\\\/\",\"logo\":{\"@type\":\"ImageObject\",\"inLanguage\":\"pl-PL\",\"@id\":\"https:\\\/\\\/ahorn-camp.de\\\/#\\\/schema\\\/logo\\\/image\\\/\",\"url\":\"https:\\\/\\\/ahorn-camp.de\\\/wp-content\\\/uploads\\\/2018\\\/12\\\/Ahorn_Logo.jpg\",\"contentUrl\":\"https:\\\/\\\/ahorn-camp.de\\\/wp-content\\\/uploads\\\/2018\\\/12\\\/Ahorn_Logo.jpg\",\"width\":1437,\"height\":1000,\"caption\":\"Ahorn Camp GmbH & Co. KG\"},\"image\":{\"@id\":\"https:\\\/\\\/ahorn-camp.de\\\/#\\\/schema\\\/logo\\\/image\\\/\"},\"sameAs\":[\"https:\\\/\\\/www.facebook.com\\\/ahorn.wohnmobile\\\/\",\"https:\\\/\\\/www.instagram.com\\\/ahorn.camp\\\/\",\"https:\\\/\\\/www.youtube.com\\\/channel\\\/UCPFbPCts1JJ_A1k9vyH0yOQ\"]},{\"@type\":\"Person\",\"@id\":\"https:\\\/\\\/ahorn-camp.de\\\/#\\\/schema\\\/person\\\/9b60761ba82d5cb8e6db215a88925044\",\"name\":\"ahorn_admin\",\"image\":{\"@type\":\"ImageObject\",\"inLanguage\":\"pl-PL\",\"@id\":\"https:\\\/\\\/secure.gravatar.com\\\/avatar\\\/d96b9a078083b0c14cee48589feadd939c3cdd66547e2f3f1569470371daaaa5?s=96&d=mm&r=g\",\"url\":\"https:\\\/\\\/secure.gravatar.com\\\/avatar\\\/d96b9a078083b0c14cee48589feadd939c3cdd66547e2f3f1569470371daaaa5?s=96&d=mm&r=g\",\"contentUrl\":\"https:\\\/\\\/secure.gravatar.com\\\/avatar\\\/d96b9a078083b0c14cee48589feadd939c3cdd66547e2f3f1569470371daaaa5?s=96&d=mm&r=g\",\"caption\":\"ahorn_admin\"},\"sameAs\":[\"http:\\\/\\\/Ahorn%20Camp\"],\"url\":\"https:\\\/\\\/ahorn-camp.de\\\/pl\\\/author\\\/ahorn_admin\\\/\"}]}<\/script>\n<!-- \/ Yoast SEO plugin. -->","yoast_head_json":{"title":"Zimowe biwakowanie w Szwajcarii \u2013 Ahorn Camp \u2013 Blog","description":"Zimowe biwakowanie w Szwajcarii \u2013 spakowali\u015bmy ca\u0142y nasz sprz\u0119t do kampera i w tr\u00f3jk\u0119 wyruszyli\u015bmy w kierunku Engadyny w Szwajcarii.","robots":{"index":"index","follow":"follow","max-snippet":"max-snippet:-1","max-image-preview":"max-image-preview:large","max-video-preview":"max-video-preview:-1"},"canonical":"https:\/\/ahorn-camp.de\/pl\/zimowy-kemping-w-szwajcarii\/","og_locale":"pl_PL","og_type":"article","og_title":"Mit dem Camper Van durch die Toskana","og_description":"Mit dem Camper Van durch die Toskana und die abwechslungsreiche Natur erleben. Ein Reisebericht \u00fcber die wundersch\u00f6ne Landschaft der Toskana.","og_url":"https:\/\/ahorn-camp.de\/pl\/zimowy-kemping-w-szwajcarii\/","og_site_name":"Ahorn Camp | Reisemobile und Kastenwagen","article_publisher":"https:\/\/www.facebook.com\/ahorn.wohnmobile\/","article_published_time":"2020-04-28T06:45:14+00:00","article_modified_time":"2021-12-08T12:46:25+00:00","author":"ahorn_admin","twitter_card":"summary_large_image","twitter_title":"Mit dem Camper Van durch die Toskana","twitter_description":"Mit dem Camper Van durch die Toskana und die abwechslungsreiche Natur erleben. Ein Reisebericht \u00fcber die wundersch\u00f6ne Landschaft der Toskana.","twitter_misc":{"Napisane przez":"ahorn_admin","Szacowany czas czytania":"5 minut"},"schema":{"@context":"https:\/\/schema.org","@graph":[{"@type":"Article","@id":"https:\/\/ahorn-camp.de\/wintercamping-in-der-schweiz\/#article","isPartOf":{"@id":"https:\/\/ahorn-camp.de\/wintercamping-in-der-schweiz\/"},"author":{"name":"ahorn_admin","@id":"https:\/\/ahorn-camp.de\/#\/schema\/person\/9b60761ba82d5cb8e6db215a88925044"},"headline":"Wintercamping in der Schweiz","datePublished":"2020-04-28T06:45:14+00:00","dateModified":"2021-12-08T12:46:25+00:00","mainEntityOfPage":{"@id":"https:\/\/ahorn-camp.de\/wintercamping-in-der-schweiz\/"},"wordCount":974,"publisher":{"@id":"https:\/\/ahorn-camp.de\/#organization"},"image":{"@id":"https:\/\/ahorn-camp.de\/wintercamping-in-der-schweiz\/#primaryimage"},"thumbnailUrl":"https:\/\/ahorn-camp.de\/wp-content\/uploads\/2020\/04\/Reisebericht_Wintercampen-Schweiz_Ahorn.jpg","articleSection":["Blog"],"inLanguage":"pl-PL"},{"@type":"WebPage","@id":"https:\/\/ahorn-camp.de\/wintercamping-in-der-schweiz\/","url":"https:\/\/ahorn-camp.de\/wintercamping-in-der-schweiz\/","name":"Zimowe biwakowanie w Szwajcarii \u2013 Ahorn Camp \u2013 Blog","isPartOf":{"@id":"https:\/\/ahorn-camp.de\/#website"},"primaryImageOfPage":{"@id":"https:\/\/ahorn-camp.de\/wintercamping-in-der-schweiz\/#primaryimage"},"image":{"@id":"https:\/\/ahorn-camp.de\/wintercamping-in-der-schweiz\/#primaryimage"},"thumbnailUrl":"https:\/\/ahorn-camp.de\/wp-content\/uploads\/2020\/04\/Reisebericht_Wintercampen-Schweiz_Ahorn.jpg","datePublished":"2020-04-28T06:45:14+00:00","dateModified":"2021-12-08T12:46:25+00:00","description":"Zimowe biwakowanie w Szwajcarii \u2013 spakowali\u015bmy ca\u0142y nasz sprz\u0119t do kampera i w tr\u00f3jk\u0119 wyruszyli\u015bmy w kierunku Engadyny w Szwajcarii.","breadcrumb":{"@id":"https:\/\/ahorn-camp.de\/wintercamping-in-der-schweiz\/#breadcrumb"},"inLanguage":"pl-PL","potentialAction":[{"@type":"ReadAction","target":["https:\/\/ahorn-camp.de\/wintercamping-in-der-schweiz\/"]}]},{"@type":"ImageObject","inLanguage":"pl-PL","@id":"https:\/\/ahorn-camp.de\/wintercamping-in-der-schweiz\/#primaryimage","url":"https:\/\/ahorn-camp.de\/wp-content\/uploads\/2020\/04\/Reisebericht_Wintercampen-Schweiz_Ahorn.jpg","contentUrl":"https:\/\/ahorn-camp.de\/wp-content\/uploads\/2020\/04\/Reisebericht_Wintercampen-Schweiz_Ahorn.jpg","width":1500,"height":1000},{"@type":"BreadcrumbList","@id":"https:\/\/ahorn-camp.de\/wintercamping-in-der-schweiz\/#breadcrumb","itemListElement":[{"@type":"ListItem","position":1,"name":"Startseite","item":"https:\/\/ahorn-camp.de\/"},{"@type":"ListItem","position":2,"name":"Wintercamping in der Schweiz"}]},{"@type":"WebSite","@id":"https:\/\/ahorn-camp.de\/#website","url":"https:\/\/ahorn-camp.de\/","name":"Ahorn Camp | Kampery i samochody dostawcze","description":"Od ponad 30 lat rodzinna firma Ahorn Camp z siedzib\u0105 w Speyer z powodzeniem zajmuje si\u0119 sprzeda\u017c\u0105 kamper\u00f3w i samochod\u00f3w dostawczych o najlepszym stosunku ceny do jako\u015bci.","publisher":{"@id":"https:\/\/ahorn-camp.de\/#organization"},"potentialAction":[{"@type":"SearchAction","target":{"@type":"EntryPoint","urlTemplate":"https:\/\/ahorn-camp.de\/?s={search_term_string}"},"query-input":{"@type":"PropertyValueSpecification","valueRequired":true,"valueName":"search_term_string"}}],"inLanguage":"pl-PL"},{"@type":"Organization","@id":"https:\/\/ahorn-camp.de\/#organization","name":"Ahorn Camp GmbH &amp; Co. KG","url":"https:\/\/ahorn-camp.de\/","logo":{"@type":"ImageObject","inLanguage":"pl-PL","@id":"https:\/\/ahorn-camp.de\/#\/schema\/logo\/image\/","url":"https:\/\/ahorn-camp.de\/wp-content\/uploads\/2018\/12\/Ahorn_Logo.jpg","contentUrl":"https:\/\/ahorn-camp.de\/wp-content\/uploads\/2018\/12\/Ahorn_Logo.jpg","width":1437,"height":1000,"caption":"Ahorn Camp GmbH & Co. KG"},"image":{"@id":"https:\/\/ahorn-camp.de\/#\/schema\/logo\/image\/"},"sameAs":["https:\/\/www.facebook.com\/ahorn.wohnmobile\/","https:\/\/www.instagram.com\/ahorn.camp\/","https:\/\/www.youtube.com\/channel\/UCPFbPCts1JJ_A1k9vyH0yOQ"]},{"@type":"Person","@id":"https:\/\/ahorn-camp.de\/#\/schema\/person\/9b60761ba82d5cb8e6db215a88925044","name":"ahorn_admin","image":{"@type":"ImageObject","inLanguage":"pl-PL","@id":"https:\/\/secure.gravatar.com\/avatar\/d96b9a078083b0c14cee48589feadd939c3cdd66547e2f3f1569470371daaaa5?s=96&d=mm&r=g","url":"https:\/\/secure.gravatar.com\/avatar\/d96b9a078083b0c14cee48589feadd939c3cdd66547e2f3f1569470371daaaa5?s=96&d=mm&r=g","contentUrl":"https:\/\/secure.gravatar.com\/avatar\/d96b9a078083b0c14cee48589feadd939c3cdd66547e2f3f1569470371daaaa5?s=96&d=mm&r=g","caption":"ahorn_admin"},"sameAs":["http:\/\/Ahorn%20Camp"],"url":"https:\/\/ahorn-camp.de\/pl\/author\/ahorn_admin\/"}]}},"_links":{"self":[{"href":"https:\/\/ahorn-camp.de\/pl\/wp-json\/wp\/v2\/posts\/5551","targetHints":{"allow":["GET"]}}],"collection":[{"href":"https:\/\/ahorn-camp.de\/pl\/wp-json\/wp\/v2\/posts"}],"about":[{"href":"https:\/\/ahorn-camp.de\/pl\/wp-json\/wp\/v2\/types\/post"}],"author":[{"embeddable":true,"href":"https:\/\/ahorn-camp.de\/pl\/wp-json\/wp\/v2\/users\/2"}],"replies":[{"embeddable":true,"href":"https:\/\/ahorn-camp.de\/pl\/wp-json\/wp\/v2\/comments?post=5551"}],"version-history":[{"count":0,"href":"https:\/\/ahorn-camp.de\/pl\/wp-json\/wp\/v2\/posts\/5551\/revisions"}],"wp:featuredmedia":[{"embeddable":true,"href":"https:\/\/ahorn-camp.de\/pl\/wp-json\/wp\/v2\/media\/5546"}],"wp:attachment":[{"href":"https:\/\/ahorn-camp.de\/pl\/wp-json\/wp\/v2\/media?parent=5551"}],"wp:term":[{"taxonomy":"category","embeddable":true,"href":"https:\/\/ahorn-camp.de\/pl\/wp-json\/wp\/v2\/categories?post=5551"},{"taxonomy":"post_tag","embeddable":true,"href":"https:\/\/ahorn-camp.de\/pl\/wp-json\/wp\/v2\/tags?post=5551"}],"curies":[{"name":"wp","href":"https:\/\/api.w.org\/{rel}","templated":true}]}}