{"id":30514,"date":"2025-04-14T18:23:49","date_gmt":"2025-04-14T16:23:49","guid":{"rendered":"https:\/\/ahorn-camp.de\/?p=30514"},"modified":"2025-04-15T10:01:16","modified_gmt":"2025-04-15T08:01:16","slug":"autarkowe-podrozowanie-kamperem","status":"publish","type":"post","link":"https:\/\/ahorn-camp.de\/pl\/autarkes-reisen-mit-wohnmobil\/","title":{"rendered":"Samowystarczalno\u015b\u0107 w podr\u00f3\u017cy dzi\u0119ki zasadzie Ahorn Camp \u2013 jak w\u0142a\u015bciwie zaplanowa\u0107 zasilanie w kamperze"},"content":{"rendered":"<div class=\"wpb-content-wrapper\" id=\"wpb-content-root\"><div class=\"vc_row wpb_row vc_row-fluid\"><div class=\"wpb_column vc_column_container vc_col-sm-12\"><div class=\"vc_column-inner\"><div class=\"wpb_wrapper\">\n\t<div class=\"wpb_text_column wpb_content_element\" >\n\t\t<div class=\"wpb_wrapper\">\n\t\t\t<p><span class=\"TextRun SCXW249518797 BCX0\" lang=\"DE-DE\" xml:lang=\"DE-DE\" data-contrast=\"auto\"><span class=\"NormalTextRun SCXW249518797 BCX0\">Coraz wi\u0119cej <\/span><span class=\"NormalTextRun SpellingErrorV2Themed SCXW249518797 BCX0\">Vanlife<\/span><span class=\"NormalTextRun SCXW249518797 BCX0\">-Fani i <\/span><span class=\"NormalTextRun SpellingErrorV2Themed SCXW249518797 BCX0\">Kamperowicze<\/span><span class=\"NormalTextRun SCXW249518797 BCX0\"> maj\u0105 jedno \u017cyczenie: samodzielny kemping \u2013 niezale\u017cny od kemping\u00f3w, s\u0142up\u00f3w zasilaj\u0105cych i sta\u0142ych miejsc postojowych. Aby jednak to naprawd\u0119 dzia\u0142a\u0142o, potrzebna jest odpowiednia koncepcja zasilania w kamperze. W tym artykule wyja\u015bniamy, jak dzi\u0119ki odpowiednim akcesoriom Ahorn Camp znacznie wyd\u0142u\u017cy\u0107 czas postoju oraz na co nale\u017cy zwr\u00f3ci\u0107 uwag\u0119 w przypadku akumulatora, instalacji solarnej i innych element\u00f3w.<\/span><\/span><span class=\"EOP SCXW249518797 BCX0\" data-ccp-props=\"{}\">\u00a0<\/span><\/p>\n\n\t\t<\/div>\n\t<\/div>\n<div class=\"vc_empty_space\"   style=\"height: 15px\"><span class=\"vc_empty_space_inner\"><\/span><\/div><h2 style=\"font-size: 30px;color: #1B508C;text-align: left\" class=\"vc_custom_heading vc_do_custom_heading\" >Czy standardowo jest ju\u017c samowystarczalny?<\/h2><div class=\"vc_empty_space\"   style=\"height: 15px\"><span class=\"vc_empty_space_inner\"><\/span><\/div>\n\t<div class=\"wpb_text_column wpb_content_element\" >\n\t\t<div class=\"wpb_wrapper\">\n\t\t\t<p><span data-contrast=\"auto\">We wszystkich modelach Ahorn Camp \u2013 niezale\u017cnie od tego, czy s\u0105 to samochody typu van, czy p\u00f3\u0142integracyjne \u2013 zamontowany jest ju\u017c akumulator AGM o pojemno\u015bci 80 Ah. Akumulator ten stanowi podstaw\u0119 zasilania pok\u0142adowego.<\/span><span data-ccp-props=\"{}\">\u00a0<\/span><\/p>\n<ul>\n<li data-leveltext=\"\uf0b7\" data-font=\"Symbol\" data-listid=\"1\" data-list-defn-props=\"{&quot;335552541&quot;:1,&quot;335559685&quot;:720,&quot;335559991&quot;:360,&quot;469769226&quot;:&quot;Symbol&quot;,&quot;469769242&quot;:&#091;8226&#093;,&quot;469777803&quot;:&quot;left&quot;,&quot;469777804&quot;:&quot;\uf0b7&quot;,&quot;469777815&quot;:&quot;multilevel&quot;}\" aria-setsize=\"-1\" data-aria-posinset=\"1\" data-aria-level=\"1\"><span data-contrast=\"auto\">Idealny na kr\u00f3tkie wypady lub weekendowe wycieczki, podczas kt\u00f3rych chcesz pozosta\u0107 bez dost\u0119pu do pr\u0105du i mo\u017cliwo\u015bci \u0142adowania przez maksymalnie 1-2 dni.<\/span><span data-ccp-props=\"{}\">\u00a0<\/span><\/li>\n<\/ul>\n<ul>\n<li data-leveltext=\"\uf0b7\" data-font=\"Symbol\" data-listid=\"1\" data-list-defn-props=\"{&quot;335552541&quot;:1,&quot;335559685&quot;:720,&quot;335559991&quot;:360,&quot;469769226&quot;:&quot;Symbol&quot;,&quot;469769242&quot;:&#091;8226&#093;,&quot;469777803&quot;:&quot;left&quot;,&quot;469777804&quot;:&quot;\uf0b7&quot;,&quot;469777815&quot;:&quot;multilevel&quot;}\" aria-setsize=\"-1\" data-aria-posinset=\"2\" data-aria-level=\"1\"><span data-contrast=\"auto\">\u0141adowarki s\u0105 fabrycznie ustawione na AGM, ale mo\u017cna je \u0142atwo prze\u0142\u0105czy\u0107 na litowe.<\/span><span data-ccp-props=\"{}\">\u00a0<\/span><\/li>\n<\/ul>\n<p><span data-contrast=\"auto\">Wa\u017cne: Rzeczywista pojemno\u015b\u0107 u\u017cytkowa akumulatora AGM wynosi oko\u0142o 50 %, poniewa\u017c nale\u017cy unika\u0107 g\u0142\u0119bokiego roz\u0142adowania. Oznacza to, \u017ce z 80 Ah faktycznie dost\u0119pnych jest tylko oko\u0142o 40\u201350 Ah \u2013 w zale\u017cno\u015bci od sposobu u\u017cytkowania.<\/span><span data-ccp-props=\"{}\">\u00a0<\/span><\/p>\n\n\t\t<\/div>\n\t<\/div>\n<h2 style=\"font-size: 30px;color: #1B508C;text-align: left\" class=\"vc_custom_heading vc_do_custom_heading\" >Wi\u0119ksza moc dzi\u0119ki akcesoriom Ahorn Camp<\/h2><div class=\"vc_empty_space\"   style=\"height: 15px\"><span class=\"vc_empty_space_inner\"><\/span><\/div>\n\t<div class=\"wpb_text_column wpb_content_element\" >\n\t\t<div class=\"wpb_wrapper\">\n\t\t\t<p><span data-contrast=\"auto\">Aby\u015b m\u00f3g\u0142 d\u0142u\u017cej sta\u0107 niezale\u017cnie \u2013 z.<\/span><span data-contrast=\"auto\">\u202f<\/span><span data-contrast=\"auto\">B. na d\u0142u\u017csze podr\u00f3\u017ce, wakacje poza sieci\u0105 lub prac\u0119 w podr\u00f3\u017cy \u2013 istnieje kilka sensownych modernizacji:<\/span><span data-ccp-props=\"{}\">\u00a0<\/span><\/p>\n<p><b><span data-contrast=\"auto\">Druga bateria AGM do modernizacji<\/span><\/b><span data-ccp-props=\"{}\">\u00a0<\/span><\/p>\n<p><span data-contrast=\"auto\">Do niemal wszystkich modeli Ahorn mo\u017cna doda\u0107 drugi akumulator AGM.<\/span><span data-ccp-props=\"{}\">\u00a0<\/span><\/p>\n<ul>\n<li data-leveltext=\"\uf0b7\" data-font=\"Symbol\" data-listid=\"2\" data-list-defn-props=\"{&quot;335552541&quot;:1,&quot;335559685&quot;:720,&quot;335559991&quot;:360,&quot;469769226&quot;:&quot;Symbol&quot;,&quot;469769242&quot;:&#091;8226&#093;,&quot;469777803&quot;:&quot;left&quot;,&quot;469777804&quot;:&quot;\uf0b7&quot;,&quot;469777815&quot;:&quot;multilevel&quot;}\" aria-setsize=\"-1\" data-aria-posinset=\"1\" data-aria-level=\"1\"><span data-contrast=\"auto\">Zaleta: podwojenie pojemno\u015bci do 160 Ah (ok. 80\u201390 Ah u\u017cyteczne)<\/span><span data-ccp-props=\"{}\">\u00a0<\/span><\/li>\n<\/ul>\n<ul>\n<li data-leveltext=\"\uf0b7\" data-font=\"Symbol\" data-listid=\"2\" data-list-defn-props=\"{&quot;335552541&quot;:1,&quot;335559685&quot;:720,&quot;335559991&quot;:360,&quot;469769226&quot;:&quot;Symbol&quot;,&quot;469769242&quot;:&#091;8226&#093;,&quot;469777803&quot;:&quot;left&quot;,&quot;469777804&quot;:&quot;\uf0b7&quot;,&quot;469777815&quot;:&quot;multilevel&quot;}\" aria-setsize=\"-1\" data-aria-posinset=\"2\" data-aria-level=\"1\"><span data-contrast=\"auto\">Wada: ka\u017cda bateria wa\u017cy oko\u0142o 28 kg \u2013 dodatkow\u0105 wag\u0119 nale\u017cy uwzgl\u0119dni\u0107 zw\u0142aszcza w przypadku furgonetek.<\/span><span data-ccp-props=\"{}\">\u00a0<\/span><\/li>\n<\/ul>\n<p><span data-contrast=\"auto\">Alternatywa:<\/span><span data-ccp-props=\"{}\">\u00a0<\/span><\/p>\n<p><b><span data-contrast=\"auto\">Baterie litowe \u2013 lekkie, wydajne, trwa\u0142e<\/span><\/b><span data-ccp-props=\"{}\">\u00a0<\/span><\/p>\n<p><span data-contrast=\"auto\">Akumulator litowy (LiFePO4) to najlepsze rozwi\u0105zanie, je\u015bli chodzi o nowoczesne i wydajne zasilanie w kamperze. W Ahorn Camp oferujemy akumulatory litowe w dw\u00f3ch pojemno\u015bciach: 100 Ah i 165 Ah.<\/span><span data-ccp-props=\"{}\">\u00a0<\/span><\/p>\n<ul>\n<li data-leveltext=\"\uf0b7\" data-font=\"Symbol\" data-listid=\"3\" data-list-defn-props=\"{&quot;335552541&quot;:1,&quot;335559685&quot;:720,&quot;335559991&quot;:360,&quot;469769226&quot;:&quot;Symbol&quot;,&quot;469769242&quot;:&#091;8226&#093;,&quot;469777803&quot;:&quot;left&quot;,&quot;469777804&quot;:&quot;\uf0b7&quot;,&quot;469777815&quot;:&quot;multilevel&quot;}\" aria-setsize=\"-1\" data-aria-posinset=\"1\" data-aria-level=\"1\"><span data-contrast=\"auto\">Akumulator litowo-jonowy 100 Ah \u2248 podw\u00f3jna u\u017cyteczna pojemno\u015b\u0107 w por\u00f3wnaniu do AGM 80 Ah (prawie 90\u201395 Ah u\u017cyteczne)<\/span><span data-ccp-props=\"{}\">\u00a0<\/span><\/li>\n<\/ul>\n<ul>\n<li data-leveltext=\"\uf0b7\" data-font=\"Symbol\" data-listid=\"3\" data-list-defn-props=\"{&quot;335552541&quot;:1,&quot;335559685&quot;:720,&quot;335559991&quot;:360,&quot;469769226&quot;:&quot;Symbol&quot;,&quot;469769242&quot;:&#091;8226&#093;,&quot;469777803&quot;:&quot;left&quot;,&quot;469777804&quot;:&quot;\uf0b7&quot;,&quot;469777815&quot;:&quot;multilevel&quot;}\" aria-setsize=\"-1\" data-aria-posinset=\"2\" data-aria-level=\"1\"><span data-contrast=\"auto\">165 Ah akumulator litowo-jonowy \u2248 do tygodnia niezale\u017cno\u015bci \u2013 idealny dla zapalonych u\u017cytkownik\u00f3w<\/span><span data-ccp-props=\"{}\">\u00a0<\/span><\/li>\n<\/ul>\n<ul>\n<li data-leveltext=\"\uf0b7\" data-font=\"Symbol\" data-listid=\"3\" data-list-defn-props=\"{&quot;335552541&quot;:1,&quot;335559685&quot;:720,&quot;335559991&quot;:360,&quot;469769226&quot;:&quot;Symbol&quot;,&quot;469769242&quot;:&#091;8226&#093;,&quot;469777803&quot;:&quot;left&quot;,&quot;469777804&quot;:&quot;\uf0b7&quot;,&quot;469777815&quot;:&quot;multilevel&quot;}\" aria-setsize=\"-1\" data-aria-posinset=\"3\" data-aria-level=\"1\"><span data-contrast=\"auto\">13 kg l\u017cejsza ni\u017c AGM \u2013 oszcz\u0119dno\u015b\u0107 wagi i czasu \u0142adowania (akumulator litowy 100 Ah w por\u00f3wnaniu do akumulatora AGM 80 Ah)<\/span><span data-ccp-props=\"{}\">\u00a0<\/span><\/li>\n<\/ul>\n<ul>\n<li data-leveltext=\"\uf0b7\" data-font=\"Symbol\" data-listid=\"3\" data-list-defn-props=\"{&quot;335552541&quot;:1,&quot;335559685&quot;:720,&quot;335559991&quot;:360,&quot;469769226&quot;:&quot;Symbol&quot;,&quot;469769242&quot;:&#091;8226&#093;,&quot;469777803&quot;:&quot;left&quot;,&quot;469777804&quot;:&quot;\uf0b7&quot;,&quot;469777815&quot;:&quot;multilevel&quot;}\" aria-setsize=\"-1\" data-aria-posinset=\"4\" data-aria-level=\"1\"><span data-contrast=\"auto\">System BMS ze zintegrowanym Bluetooth: widzisz stan na\u0142adowania, temperatur\u0119 i zu\u017cycie na \u017cywo w smartfonie<\/span><span data-ccp-props=\"{}\">\u00a0<\/span><\/li>\n<\/ul>\n<p><span data-contrast=\"auto\">Szczeg\u00f3lnie polecane do pracy z kampera lub dla wszystkich, kt\u00f3rzy chc\u0105 \u0142adowa\u0107 i zasila\u0107 wiele urz\u0105dze\u0144 w podr\u00f3\u017cy.\u00a0<\/span><span data-ccp-props=\"{}\">\u00a0<\/span><\/p>\n\n\t\t<\/div>\n\t<\/div>\n<div class=\"vc_empty_space\"   style=\"height: 15px\"><span class=\"vc_empty_space_inner\"><\/span><\/div><h2 style=\"font-size: 30px;color: #1B508C;text-align: left\" class=\"vc_custom_heading vc_do_custom_heading\" >Jak mog\u0119 autonomicznie \u0142adowa\u0107 moje baterie?<\/h2><div class=\"vc_empty_space\"   style=\"height: 15px\"><span class=\"vc_empty_space_inner\"><\/span><\/div>\n\t<div class=\"wpb_text_column wpb_content_element\" >\n\t\t<div class=\"wpb_wrapper\">\n\t\t\t<p><span data-contrast=\"auto\">Samowystarczalno\u015b\u0107 energetyczna dzia\u0142a tylko wtedy, gdy produkujesz wi\u0119cej energii, ni\u017c zu\u017cywasz \u2013 lub przynajmniej regularnie si\u0119 do\u0142adowujesz. Istnieje kilka opcji:<\/span><span data-ccp-props=\"{}\">\u00a0<\/span><\/p>\n\n\t\t<\/div>\n\t<\/div>\n<div class=\"vc_row wpb_row vc_inner vc_row-fluid\"><div class=\"wpb_column vc_column_container vc_col-sm-4\"><div class=\"vc_column-inner\"><div class=\"wpb_wrapper\"><h3 style=\"text-align: left\" class=\"vc_custom_heading vc_do_custom_heading\" >Przy\u0142\u0105cze uziemiaj\u0105ce<\/h3><div class=\"vc_icon_element vc_icon_element-outer vc_do_icon vc_icon_element-align-left\"><div class=\"vc_icon_element-inner  vc_icon_element-size-md vc_icon_element-style-\" ><span class=\"vc_icon_element-icon fas fa-plug\" style=\"color:#1B508C !important\"><\/span><\/div><\/div>\n\t<div class=\"wpb_text_column wpb_content_element\" >\n\t\t<div class=\"wpb_wrapper\">\n\t\t\t<p><span data-contrast=\"auto\">Ka\u017cdy pojazd Ahorn Camp jest wyposa\u017cony w gniazdo CEE do pod\u0142\u0105czenia zewn\u0119trznego \u017ar\u00f3d\u0142a zasilania. S\u0142u\u017cy ono do \u0142adowania akumulator\u00f3w pok\u0142adowych za pomoc\u0105 wbudowanej \u0142adowarki.<\/span><span data-ccp-props=\"{}\">\u00a0<\/span><\/p>\n<ul>\n<li data-leveltext=\"\uf0b7\" data-font=\"Symbol\" data-listid=\"4\" data-list-defn-props=\"{&quot;335552541&quot;:1,&quot;335559685&quot;:720,&quot;335559991&quot;:360,&quot;469769226&quot;:&quot;Symbol&quot;,&quot;469769242&quot;:&#091;8226&#093;,&quot;469777803&quot;:&quot;left&quot;,&quot;469777804&quot;:&quot;\uf0b7&quot;,&quot;469777815&quot;:&quot;multilevel&quot;}\" aria-setsize=\"-1\" data-aria-posinset=\"1\" data-aria-level=\"1\"><span data-contrast=\"auto\">W furgonetkach z \u0142adowark\u0105 Nord Electronica (17 A)<\/span><span data-ccp-props=\"{}\">\u00a0<\/span><\/li>\n<\/ul>\n<ul>\n<li data-leveltext=\"\uf0b7\" data-font=\"Symbol\" data-listid=\"4\" data-list-defn-props=\"{&quot;335552541&quot;:1,&quot;335559685&quot;:720,&quot;335559991&quot;:360,&quot;469769226&quot;:&quot;Symbol&quot;,&quot;469769242&quot;:&#091;8226&#093;,&quot;469777803&quot;:&quot;left&quot;,&quot;469777804&quot;:&quot;\uf0b7&quot;,&quot;469777815&quot;:&quot;multilevel&quot;}\" aria-setsize=\"-1\" data-aria-posinset=\"2\" data-aria-level=\"1\"><span data-contrast=\"auto\">Przy Womos z \u0142adowark\u0105 BC520 (16 A)<\/span><span data-ccp-props=\"{}\">\u00a0<\/span><\/li>\n<\/ul>\n<ul>\n<li data-leveltext=\"\uf0b7\" data-font=\"Symbol\" data-listid=\"4\" data-list-defn-props=\"{&quot;335552541&quot;:1,&quot;335559685&quot;:720,&quot;335559991&quot;:360,&quot;469769226&quot;:&quot;Symbol&quot;,&quot;469769242&quot;:&#091;8226&#093;,&quot;469777803&quot;:&quot;left&quot;,&quot;469777804&quot;:&quot;\uf0b7&quot;,&quot;469777815&quot;:&quot;multilevel&quot;}\" aria-setsize=\"-1\" data-aria-posinset=\"3\" data-aria-level=\"1\"><span data-contrast=\"auto\">Oba \u0142adowarki mo\u017cna \u0142atwo prze\u0142\u0105czy\u0107 na tryb litowy za pomoc\u0105 mikroprze\u0142\u0105cznik\u00f3w<\/span><span data-ccp-props=\"{}\">\u00a0<\/span><\/li>\n<\/ul>\n<p><span data-contrast=\"auto\">Idealne na kemping lub do \u0142adowania w domu na podje\u017adzie \u2013 szybko, \u0142atwo, niezawodnie.<\/span><span data-ccp-props=\"{}\">\u00a0<\/span><\/p>\n\n\t\t<\/div>\n\t<\/div>\n<\/div><\/div><\/div><div class=\"wpb_column vc_column_container vc_col-sm-4\"><div class=\"vc_column-inner\"><div class=\"wpb_wrapper\"><h3 style=\"text-align: left\" class=\"vc_custom_heading vc_do_custom_heading\" >Panele s\u0142oneczne: Energia ze s\u0142o\u0144ca<\/h3><div class=\"vc_icon_element vc_icon_element-outer vc_do_icon vc_icon_element-align-left\"><div class=\"vc_icon_element-inner  vc_icon_element-size-md vc_icon_element-style-\" ><span class=\"vc_icon_element-icon far fa-sun\" style=\"color:#1B508C !important\"><\/span><\/div><\/div>\n\t<div class=\"wpb_text_column wpb_content_element\" >\n\t\t<div class=\"wpb_wrapper\">\n\t\t\t<p><span data-contrast=\"auto\">Absolutny must-have na samodzielne podr\u00f3\u017ce wiosn\u0105 i latem: panele s\u0142oneczne na dachu.<\/span><span data-ccp-props=\"{}\">\u00a0<\/span><\/p>\n<ul>\n<li data-leveltext=\"\uf0b7\" data-font=\"Symbol\" data-listid=\"5\" data-list-defn-props=\"{&quot;335552541&quot;:1,&quot;335559685&quot;:720,&quot;335559991&quot;:360,&quot;469769226&quot;:&quot;Symbol&quot;,&quot;469769242&quot;:&#091;8226&#093;,&quot;469777803&quot;:&quot;left&quot;,&quot;469777804&quot;:&quot;\uf0b7&quot;,&quot;469777815&quot;:&quot;multilevel&quot;}\" aria-setsize=\"-1\" data-aria-posinset=\"1\" data-aria-level=\"1\"><span data-contrast=\"auto\">1 modu\u0142 = ok. 120 W \u2192 idealny do codziennego u\u017cytku\u00a0<\/span><span data-ccp-props=\"{}\">\u00a0<\/span><\/li>\n<\/ul>\n<ul>\n<li data-leveltext=\"\uf0b7\" data-font=\"Symbol\" data-listid=\"5\" data-list-defn-props=\"{&quot;335552541&quot;:1,&quot;335559685&quot;:720,&quot;335559991&quot;:360,&quot;469769226&quot;:&quot;Symbol&quot;,&quot;469769242&quot;:&#091;8226&#093;,&quot;469777803&quot;:&quot;left&quot;,&quot;469777804&quot;:&quot;\uf0b7&quot;,&quot;469777815&quot;:&quot;multilevel&quot;}\" aria-setsize=\"-1\" data-aria-posinset=\"2\" data-aria-level=\"1\"><span data-contrast=\"auto\">2 modu\u0142y = ok. 240 W \u2192 idealne do d\u0142u\u017cszych postoj\u00f3w<\/span><span data-ccp-props=\"{}\">\u00a0<\/span><\/li>\n<\/ul>\n<ul>\n<li data-leveltext=\"\uf0b7\" data-font=\"Symbol\" data-listid=\"5\" data-list-defn-props=\"{&quot;335552541&quot;:1,&quot;335559685&quot;:720,&quot;335559991&quot;:360,&quot;469769226&quot;:&quot;Symbol&quot;,&quot;469769242&quot;:&#091;8226&#093;,&quot;469777803&quot;:&quot;left&quot;,&quot;469777804&quot;:&quot;\uf0b7&quot;,&quot;469777815&quot;:&quot;multilevel&quot;}\" aria-setsize=\"-1\" data-aria-posinset=\"3\" data-aria-level=\"1\"><span data-contrast=\"auto\">Trwa\u0142e zasilanie energi\u0105 s\u0142oneczn\u0105 w ci\u0105gu dnia, idealne dla po\u0142udniowych region\u00f3w turystycznych z du\u017c\u0105 ilo\u015bci\u0105 s\u0142o\u0144ca.<\/span><span data-ccp-props=\"{}\">\u00a0<\/span><\/li>\n<\/ul>\n<p><span data-contrast=\"auto\">Panel s\u0142oneczny zapewnia ju\u017c wi\u0119ksz\u0105 niezale\u017cno\u015b\u0107 dzi\u0119ki standardowemu akumulatorowi AGM.<\/span><span data-ccp-props=\"{}\">\u00a0<\/span><\/p>\n<p><span data-contrast=\"auto\">Po\u0142\u0105czone z akumulatorem litowym, pokryjesz swoje dzienne zapotrzebowanie na pr\u0105d na d\u0142u\u017cszy czas - niezale\u017cnie od pr\u0105du sieciowego.<\/span><span data-ccp-props=\"{}\">\u00a0<\/span><\/p>\n\n\t\t<\/div>\n\t<\/div>\n<\/div><\/div><\/div><div class=\"wpb_column vc_column_container vc_col-sm-4\"><div class=\"vc_column-inner\"><div class=\"wpb_wrapper\"><h3 style=\"text-align: left\" class=\"vc_custom_heading vc_do_custom_heading\" >\u0141adowarka akumulatora \u2013 generowanie pr\u0105du podczas jazdy<\/h3><div class=\"vc_icon_element vc_icon_element-outer vc_do_icon vc_icon_element-align-left\"><div class=\"vc_icon_element-inner  vc_icon_element-size-md vc_icon_element-style-\" ><span class=\"vc_icon_element-icon fas fa-bolt\" style=\"color:#1B508C !important\"><\/span><\/div><\/div>\n\t<div class=\"wpb_text_column wpb_content_element\" >\n\t\t<div class=\"wpb_wrapper\">\n\t\t\t<p><span data-contrast=\"auto\">\u0141adowarka \u0142aduje akumulator zabudowy podczas jazdy, wykorzystuj\u0105c alternator pojazdu. Jest to konieczne, poniewa\u017c inaczej alternator nowoczesnego silnika Euro 6 wy\u0142\u0105czy\u0142by si\u0119 i nigdy nie na\u0142adowa\u0142by ca\u0142kowicie akumulatora zabudowy.<\/span><span data-ccp-props=\"{}\">\u00a0<\/span><\/p>\n<p><span data-contrast=\"auto\">Zalety:<\/span><span data-ccp-props=\"{}\">\u00a0<\/span><\/p>\n<ul>\n<li data-leveltext=\"\uf0b7\" data-font=\"Symbol\" data-listid=\"6\" data-list-defn-props=\"{&quot;335552541&quot;:1,&quot;335559685&quot;:720,&quot;335559991&quot;:360,&quot;469769226&quot;:&quot;Symbol&quot;,&quot;469769242&quot;:&#091;8226&#093;,&quot;469777803&quot;:&quot;left&quot;,&quot;469777804&quot;:&quot;\uf0b7&quot;,&quot;469777815&quot;:&quot;multilevel&quot;}\" aria-setsize=\"-1\" data-aria-posinset=\"1\" data-aria-level=\"1\"><span data-contrast=\"auto\">Standardowo montowane w naszych vanach<\/span><span data-ccp-props=\"{}\">\u00a0<\/span><\/li>\n<\/ul>\n<ul>\n<li data-leveltext=\"\uf0b7\" data-font=\"Symbol\" data-listid=\"6\" data-list-defn-props=\"{&quot;335552541&quot;:1,&quot;335559685&quot;:720,&quot;335559991&quot;:360,&quot;469769226&quot;:&quot;Symbol&quot;,&quot;469769242&quot;:&#091;8226&#093;,&quot;469777803&quot;:&quot;left&quot;,&quot;469777804&quot;:&quot;\uf0b7&quot;,&quot;469777815&quot;:&quot;multilevel&quot;}\" aria-setsize=\"-1\" data-aria-posinset=\"2\" data-aria-level=\"1\"><span data-contrast=\"auto\">Szczeg\u00f3lnie sensowne, je\u015bli ka\u017cdego dnia pokonujesz coraz dalsz\u0105 tras\u0119<\/span><span data-ccp-props=\"{}\">\u00a0<\/span><\/li>\n<\/ul>\n<ul>\n<li data-leveltext=\"\uf0b7\" data-font=\"Symbol\" data-listid=\"6\" data-list-defn-props=\"{&quot;335552541&quot;:1,&quot;335559685&quot;:720,&quot;335559991&quot;:360,&quot;469769226&quot;:&quot;Symbol&quot;,&quot;469769242&quot;:&#091;8226&#093;,&quot;469777803&quot;:&quot;left&quot;,&quot;469777804&quot;:&quot;\uf0b7&quot;,&quot;469777815&quot;:&quot;multilevel&quot;}\" aria-setsize=\"-1\" data-aria-posinset=\"3\" data-aria-level=\"1\"><span data-contrast=\"auto\">Kompatybilny r\u00f3wnie\u017c z akumulatorami AGM i litowymi (prze\u0142\u0105czany za pomoc\u0105 mikroprze\u0142\u0105cznika)<\/span><span data-ccp-props=\"{}\">\u00a0<\/span><\/li>\n<\/ul>\n<p><span data-contrast=\"auto\">Kto du\u017co podr\u00f3\u017cuje (np.<\/span><span data-contrast=\"auto\">\u202f<\/span><span data-contrast=\"auto\">B. Wycieczki objazdowe, wyprawy samochodowe), czerpi\u0105 ogromne korzy\u015bci z \"\u0142adowania wspomagaj\u0105cego\" (Ladebooster): akumulator jest zawsze na\u0142adowany, nawet bez paneli s\u0142onecznych.<\/span><span data-ccp-props=\"{}\">\u00a0<\/span><\/p>\n\n\t\t<\/div>\n\t<\/div>\n<\/div><\/div><\/div><\/div><div class=\"vc_row wpb_row vc_inner vc_row-fluid\"><div class=\"wpb_column vc_column_container vc_col-sm-4\"><div class=\"vc_column-inner\"><div class=\"wpb_wrapper\"><h3 style=\"text-align: left\" class=\"vc_custom_heading vc_do_custom_heading\" >\u0141adowarka podtrzymuj\u0105ca \u2013 \u0142adowanie akumulatora rozruchowego<\/h3><div class=\"vc_icon_element vc_icon_element-outer vc_do_icon vc_icon_element-align-left\"><div class=\"vc_icon_element-inner  vc_icon_element-size-md vc_icon_element-style-\" ><span class=\"vc_icon_element-icon fas fa-battery-full\" style=\"color:#1B508C !important\"><\/span><\/div><\/div>\n\t<div class=\"wpb_text_column wpb_content_element\" >\n\t\t<div class=\"wpb_wrapper\">\n\t\t\t<p><span data-contrast=\"auto\">Je\u015bli przez d\u0142u\u017cszy czas przebywasz na kempingu, akumulator rozruchowy mo\u017ce si\u0119 roz\u0142adowa\u0107 z powodu samoczynnego roz\u0142adowania. \u0141adowarka Standby Charger firmy Votronic automatycznie go do\u0142aduje po pod\u0142\u0105czeniu zasilania sieciowego.<\/span><span data-ccp-props=\"{}\">\u00a0<\/span><\/p>\n<ul>\n<li data-leveltext=\"\uf0b7\" data-font=\"Symbol\" data-listid=\"7\" data-list-defn-props=\"{&quot;335552541&quot;:1,&quot;335559685&quot;:720,&quot;335559991&quot;:360,&quot;469769226&quot;:&quot;Symbol&quot;,&quot;469769242&quot;:&#091;8226&#093;,&quot;469777803&quot;:&quot;left&quot;,&quot;469777804&quot;:&quot;\uf0b7&quot;,&quot;469777815&quot;:&quot;multilevel&quot;}\" aria-setsize=\"-1\" data-aria-posinset=\"1\" data-aria-level=\"1\"><span data-contrast=\"auto\">Nie jest wymagane dodatkowe pod\u0142\u0105czenie zasilania<\/span><span data-ccp-props=\"{}\">\u00a0<\/span><\/li>\n<\/ul>\n<ul>\n<li data-leveltext=\"\uf0b7\" data-font=\"Symbol\" data-listid=\"7\" data-list-defn-props=\"{&quot;335552541&quot;:1,&quot;335559685&quot;:720,&quot;335559991&quot;:360,&quot;469769226&quot;:&quot;Symbol&quot;,&quot;469769242&quot;:&#091;8226&#093;,&quot;469777803&quot;:&quot;left&quot;,&quot;469777804&quot;:&quot;\uf0b7&quot;,&quot;469777815&quot;:&quot;multilevel&quot;}\" aria-setsize=\"-1\" data-aria-posinset=\"2\" data-aria-level=\"1\"><span data-contrast=\"auto\">Rozwi\u0105zuje problem roz\u0142adowanego akumulatora rozruchowego podczas d\u0142u\u017cszych postoj\u00f3w<\/span><span data-ccp-props=\"{}\">\u00a0<\/span><\/li>\n<\/ul>\n<ul>\n<li data-leveltext=\"\uf0b7\" data-font=\"Symbol\" data-listid=\"7\" data-list-defn-props=\"{&quot;335552541&quot;:1,&quot;335559685&quot;:720,&quot;335559991&quot;:360,&quot;469769226&quot;:&quot;Symbol&quot;,&quot;469769242&quot;:&#091;8226&#093;,&quot;469777803&quot;:&quot;left&quot;,&quot;469777804&quot;:&quot;\uf0b7&quot;,&quot;469777815&quot;:&quot;multilevel&quot;}\" aria-setsize=\"-1\" data-aria-posinset=\"3\" data-aria-level=\"1\"><span data-contrast=\"auto\">\u0141aduje z pr\u0105dem do 3 A \u2013 idealny do \u0142adowania konserwacyjnego<\/span><span data-ccp-props=\"{}\">\u00a0<\/span><\/li>\n<\/ul>\n<p><span data-contrast=\"auto\">Szczeg\u00f3lnie przydatne zim\u0105 lub gdy pojazd stoi nieu\u017cywany przez d\u0142u\u017cszy czas.<\/span><span data-ccp-props=\"{}\">\u00a0<\/span><\/p>\n\n\t\t<\/div>\n\t<\/div>\n<\/div><\/div><\/div><div class=\"wpb_column vc_column_container vc_col-sm-4\"><div class=\"vc_column-inner\"><div class=\"wpb_wrapper\"><h3 style=\"text-align: left\" class=\"vc_custom_heading vc_do_custom_heading\" >Falownik i priorytet sieci<\/h3><div class=\"vc_icon_element vc_icon_element-outer vc_do_icon vc_icon_element-align-left\"><div class=\"vc_icon_element-inner  vc_icon_element-size-md vc_icon_element-style-\" ><span class=\"vc_icon_element-icon fas fa-laptop\" style=\"color:#1B508C !important\"><\/span><\/div><\/div>\n\t<div class=\"wpb_text_column wpb_content_element\" >\n\t\t<div class=\"wpb_wrapper\">\n\t\t\t<p><span data-contrast=\"auto\">Potrzebujesz 230 V w podr\u00f3\u017cy jak w domu? \u017baden problem.<\/span><span data-ccp-props=\"{}\">\u00a0<\/span><\/p>\n<p><span data-contrast=\"auto\">Falownik sinusoidalny (2000 W) jest do tego idealny:<\/span><span data-ccp-props=\"{}\">\u00a0<\/span><\/p>\n<ul>\n<li data-leveltext=\"\uf0b7\" data-font=\"Symbol\" data-listid=\"8\" data-list-defn-props=\"{&quot;335552541&quot;:1,&quot;335559685&quot;:720,&quot;335559991&quot;:360,&quot;469769226&quot;:&quot;Symbol&quot;,&quot;469769242&quot;:&#091;8226&#093;,&quot;469777803&quot;:&quot;left&quot;,&quot;469777804&quot;:&quot;\uf0b7&quot;,&quot;469777815&quot;:&quot;multilevel&quot;}\" aria-setsize=\"-1\" data-aria-posinset=\"1\" data-aria-level=\"1\"><span data-contrast=\"auto\">Przekszta\u0142ca napi\u0119cie akumulatora 12 V na rzeczywiste 230 V<\/span><span data-ccp-props=\"{}\">\u00a0<\/span><\/li>\n<\/ul>\n<ul>\n<li data-leveltext=\"\uf0b7\" data-font=\"Symbol\" data-listid=\"8\" data-list-defn-props=\"{&quot;335552541&quot;:1,&quot;335559685&quot;:720,&quot;335559991&quot;:360,&quot;469769226&quot;:&quot;Symbol&quot;,&quot;469769242&quot;:&#091;8226&#093;,&quot;469777803&quot;:&quot;left&quot;,&quot;469777804&quot;:&quot;\uf0b7&quot;,&quot;469777815&quot;:&quot;multilevel&quot;}\" aria-setsize=\"-1\" data-aria-posinset=\"2\" data-aria-level=\"1\"><span data-contrast=\"auto\">Idealne do ekspresu do kawy, zasilacza do laptopa, ma\u0142ego sprz\u0119tu AGD<\/span><span data-ccp-props=\"{}\">\u00a0<\/span><\/li>\n<\/ul>\n<ul>\n<li data-leveltext=\"\uf0b7\" data-font=\"Symbol\" data-listid=\"8\" data-list-defn-props=\"{&quot;335552541&quot;:1,&quot;335559685&quot;:720,&quot;335559991&quot;:360,&quot;469769226&quot;:&quot;Symbol&quot;,&quot;469769242&quot;:&#091;8226&#093;,&quot;469777803&quot;:&quot;left&quot;,&quot;469777804&quot;:&quot;\uf0b7&quot;,&quot;469777815&quot;:&quot;multilevel&quot;}\" aria-setsize=\"-1\" data-aria-posinset=\"3\" data-aria-level=\"1\"><span data-contrast=\"auto\">Sterowane pilotem \u2013 bez potrzeby zmiany chwytu<\/span><span data-ccp-props=\"{}\">\u00a0<\/span><\/li>\n<\/ul>\n<p><span data-contrast=\"auto\">Uwaga: Inwerter pobiera pr\u0105d nawet w trybie ja\u0142owym \u2013 dlatego zawsze nale\u017cy go wy\u0142\u0105cza\u0107, gdy nie jest u\u017cywany.<\/span><span data-ccp-props=\"{}\">\u00a0<\/span><\/p>\n<p><span data-contrast=\"auto\">Priorytet sieci<\/span><span data-ccp-props=\"{}\">\u00a0<\/span><\/p>\n<p><span data-contrast=\"auto\">Ta sprytna dodatkowa funkcja wykrywa, czy dost\u0119pna jest energia sieciowa \u2013 i automatycznie prze\u0142\u0105cza z pracy falownika na prac\u0119 z sieci.<\/span><span data-ccp-props=\"{}\">\u00a0<\/span><\/p>\n<ul>\n<li data-leveltext=\"\uf0b7\" data-font=\"Symbol\" data-listid=\"9\" data-list-defn-props=\"{&quot;335552541&quot;:1,&quot;335559685&quot;:720,&quot;335559991&quot;:360,&quot;469769226&quot;:&quot;Symbol&quot;,&quot;469769242&quot;:&#091;8226&#093;,&quot;469777803&quot;:&quot;left&quot;,&quot;469777804&quot;:&quot;\uf0b7&quot;,&quot;469777815&quot;:&quot;multilevel&quot;}\" aria-setsize=\"-1\" data-aria-posinset=\"1\" data-aria-level=\"1\"><span data-contrast=\"auto\">Zapobiega niepotrzebnemu roz\u0142adowaniu akumulatora<\/span><span data-ccp-props=\"{}\">\u00a0<\/span><\/li>\n<\/ul>\n<ul>\n<li data-leveltext=\"\uf0b7\" data-font=\"Symbol\" data-listid=\"9\" data-list-defn-props=\"{&quot;335552541&quot;:1,&quot;335559685&quot;:720,&quot;335559991&quot;:360,&quot;469769226&quot;:&quot;Symbol&quot;,&quot;469769242&quot;:&#091;8226&#093;,&quot;469777803&quot;:&quot;left&quot;,&quot;469777804&quot;:&quot;\uf0b7&quot;,&quot;469777815&quot;:&quot;multilevel&quot;}\" aria-setsize=\"-1\" data-aria-posinset=\"2\" data-aria-level=\"1\"><span data-contrast=\"auto\">Zapewnij p\u0142ynne prze\u0142\u0105czanie bez przerw<\/span><span data-ccp-props=\"{}\">\u00a0<\/span><\/li>\n<\/ul>\n\n\t\t<\/div>\n\t<\/div>\n<\/div><\/div><\/div><div class=\"wpb_column vc_column_container vc_col-sm-4\"><div class=\"vc_column-inner\"><div class=\"wpb_wrapper\"><h3 style=\"text-align: left\" class=\"vc_custom_heading vc_do_custom_heading\" >Przyk\u0142adowa konfiguracja na 3\u20134 dni samowystarczalno\u015bci<\/h3><div class=\"vc_icon_element vc_icon_element-outer vc_do_icon vc_icon_element-align-left\"><div class=\"vc_icon_element-inner  vc_icon_element-size-md vc_icon_element-style-\" ><span class=\"vc_icon_element-icon fas fa-history\" style=\"color:#1B508C !important\"><\/span><\/div><\/div>\n\t<div class=\"wpb_text_column wpb_content_element\" >\n\t\t<div class=\"wpb_wrapper\">\n\t\t\t<p><span data-contrast=\"auto\">Chcesz dobrej r\u00f3wnowagi mi\u0119dzy cen\u0105, wag\u0105 i niezale\u017cno\u015bci\u0105? Nasza rekomendacja do przeci\u0119tnego u\u017cytku:<\/span><span data-ccp-props=\"{}\">\u00a0<\/span><\/p>\n<ul>\n<li data-leveltext=\"\uf0b7\" data-font=\"Symbol\" data-listid=\"10\" data-list-defn-props=\"{&quot;335552541&quot;:1,&quot;335559685&quot;:720,&quot;335559991&quot;:360,&quot;469769226&quot;:&quot;Symbol&quot;,&quot;469769242&quot;:&#091;8226&#093;,&quot;469777803&quot;:&quot;left&quot;,&quot;469777804&quot;:&quot;\uf0b7&quot;,&quot;469777815&quot;:&quot;multilevel&quot;}\" aria-setsize=\"-1\" data-aria-posinset=\"1\" data-aria-level=\"1\"><span data-contrast=\"auto\">1 x akumulator AGM 80 Ah (seria)<\/span><span data-ccp-props=\"{}\">\u00a0<\/span><\/li>\n<\/ul>\n<ul>\n<li data-leveltext=\"\uf0b7\" data-font=\"Symbol\" data-listid=\"10\" data-list-defn-props=\"{&quot;335552541&quot;:1,&quot;335559685&quot;:720,&quot;335559991&quot;:360,&quot;469769226&quot;:&quot;Symbol&quot;,&quot;469769242&quot;:&#091;8226&#093;,&quot;469777803&quot;:&quot;left&quot;,&quot;469777804&quot;:&quot;\uf0b7&quot;,&quot;469777815&quot;:&quot;multilevel&quot;}\" aria-setsize=\"-1\" data-aria-posinset=\"2\" data-aria-level=\"1\"><span data-contrast=\"auto\">1x Wzmacniacz \u0142adowania \u2013 \u0142aduje automatycznie podczas jazdy<\/span><span data-ccp-props=\"{}\">\u00a0<\/span><\/li>\n<\/ul>\n<ul>\n<li data-leveltext=\"\uf0b7\" data-font=\"Symbol\" data-listid=\"10\" data-list-defn-props=\"{&quot;335552541&quot;:1,&quot;335559685&quot;:720,&quot;335559991&quot;:360,&quot;469769226&quot;:&quot;Symbol&quot;,&quot;469769242&quot;:&#091;8226&#093;,&quot;469777803&quot;:&quot;left&quot;,&quot;469777804&quot;:&quot;\uf0b7&quot;,&quot;469777815&quot;:&quot;multilevel&quot;}\" aria-setsize=\"-1\" data-aria-posinset=\"3\" data-aria-level=\"1\"><span data-contrast=\"auto\">1x 120W panel s\u0142oneczny \u2013 wyra\u017anie wyd\u0142u\u017ca czas pracy<\/span><span data-ccp-props=\"{}\">\u00a0<\/span><\/li>\n<\/ul>\n<p><span data-contrast=\"auto\">Dzi\u0119ki temu mo\u017cliwe jest 3-4 dniowe korzystanie bez pod\u0142\u0105czenia do sieci, je\u015bli silnik czasem pracuje, a \u0142adowarka akumulatora mo\u017ce \u0142adowa\u0107 akumulator zabudowy. Kto\u015b, kto chce jeszcze troch\u0119 zoptymalizowa\u0107 wag\u0119 i przed\u0142u\u017cy\u0107 czas pracy o kilka dni, powinien wymieni\u0107 akumulator AGM na litowy o pojemno\u015bci 100 Ah.<\/span><span data-ccp-props=\"{}\">\u00a0<\/span><\/p>\n\n\t\t<\/div>\n\t<\/div>\n<\/div><\/div><\/div><\/div><div class=\"vc_empty_space\"   style=\"height: 15px\"><span class=\"vc_empty_space_inner\"><\/span><\/div>\n\t<div class=\"wpb_text_column wpb_content_element\" >\n\t\t<div class=\"wpb_wrapper\">\n\t\t\t<p>Wszystkie zaprezentowane tutaj akcesoria znajdziecie w naszym sklepie internetowym. Odwied\u017acie nas!<\/p>\n\n\t\t<\/div>\n\t<\/div>\n<div class=\"vc_btn3-container vc_btn3-left vc_do_btn\" ><a onmouseenter=\"this.style.backgroundColor='#0074ad'; this.style.color='#f7f7f7'; this.style.borderColor='#0074ad';\" onmouseleave=\"this.style.backgroundColor='#0088cc'; this.style.color='#fff'; this.style.borderColor='#0088cc';\" style=\"background-color:#0088cc; color:#fff; border-color:#0088cc;\" class=\"vc_general vc_btn3 vc_btn3-size-md vc_btn3-shape-rounded vc_btn3-style-modern\" href=\"https:\/\/ahorn-camp.de\/pl\/kategoria-produktu\/akcesoria\/\" title=\"Sklep z akcesoriami\" target=\"_blank\">Do sklepu z akcesoriami<\/a><\/div><div class=\"vc_empty_space\"   style=\"height: 15px\"><span class=\"vc_empty_space_inner\"><\/span><\/div><\/div><\/div><\/div><\/div><div class=\"vc_row wpb_row vc_row-fluid\"><div class=\"wpb_column vc_column_container vc_col-sm-12\"><div class=\"vc_column-inner\"><div class=\"wpb_wrapper\"><h2 style=\"font-size: 30px;color: #1B508C;text-align: left\" class=\"vc_custom_heading vc_do_custom_heading\" >Tutaj mo\u017cna obejrze\u0107 film: Zaopatrzenie w energi\u0119 elektryczn\u0105 i samowystarczalno\u015b\u0107 w Ahorn Camp<\/h2><div class=\"vc_empty_space\"   style=\"height: 15px\"><span class=\"vc_empty_space_inner\"><\/span><\/div>\n\t<div class=\"wpb_text_column wpb_content_element\" >\n\t\t<div class=\"wpb_wrapper\">\n\t\t\t<p><span class=\"TextRun SCXW233966501 BCX0\" lang=\"DE-DE\" xml:lang=\"DE-DE\" data-contrast=\"auto\"><span class=\"NormalTextRun SCXW233966501 BCX0\">Tobias w przyst\u0119pny spos\u00f3b wyja\u015bnia wszystkie komponenty, a tak\u017ce pokazuje aplikacj\u0119, \u0142adowarki i miejsca monta\u017cu \u2013 prawdziwy <\/span><span class=\"NormalTextRun SpellingErrorV2Themed SCXW233966501 BCX0\">Musi<\/span><span class=\"NormalTextRun SCXW233966501 BCX0\">-patrz!<\/span><\/span><span class=\"EOP SCXW233966501 BCX0\" data-ccp-props=\"{}\">\u00a0<\/span><\/p>\n\n\t\t<\/div>\n\t<\/div>\n\n\t<div class=\"wpb_video_widget wpb_content_element vc_clearfix   vc_video-aspect-ratio-169 vc_video-align-center\" >\n\t\t<div class=\"wpb_wrapper\" style=\"width: 100%\">\n\t\t\t\n\t\t\t<div class=\"wpb_video_wrapper\"><iframe title=\"Samowystarczalno\u015b\u0107 w kamperze lub vanie: akumulator i pr\u0105d \u2013 proste wyja\u015bnienie | Ahorn Camp\" width=\"500\" height=\"281\" src=\"https:\/\/www.youtube.com\/embed\/IvQm901OKtM?feature=oembed\" frameborder=\"0\" allow=\"accelerometer; autoplay; clipboard-write; encrypted-media; gyroscope; picture-in-picture; web-share\" referrerpolicy=\"strict-origin-when-cross-origin\" allowfullscreen><\/iframe><\/div>\n\t\t<\/div>\n\t<\/div>\n<div class=\"vc_empty_space\"   style=\"height: 15px\"><span class=\"vc_empty_space_inner\"><\/span><\/div>\n\t<div class=\"wpb_text_column wpb_content_element\" >\n\t\t<div class=\"wpb_wrapper\">\n\t\t\t<p><span data-contrast=\"auto\">Pytania? Do\u015bwiadczenia? Czekamy na Wasze opinie!<\/span><span data-ccp-props=\"{}\">\u00a0<\/span><\/p>\n<p><span data-contrast=\"auto\">Czy doposa\u017cy\u0142e\u015b ju\u017c sw\u00f3j pojazd? Co szczeg\u00f3lnie pomaga Ci w podr\u00f3\u017cach w trybie samowystarczalnym? Napisz o tym pod filmem na YouTube lub skontaktuj si\u0119 z nami bezpo\u015brednio \u2013 ch\u0119tnie doradzimy!<\/span><span data-ccp-props=\"{}\">\u00a0<\/span><\/p>\n\n\t\t<\/div>\n\t<\/div>\n<\/div><\/div><\/div><\/div>\n<\/div>","protected":false},"excerpt":{"rendered":"<p>Autarkowy kemping \u2013 niezale\u017cno\u015b\u0107 od kemping\u00f3w, punkt\u00f3w elektrycznych i sta\u0142ych miejsc postojowych. Aby to zadzia\u0142a\u0142o, potrzebujesz odpowiedniej koncepcji zasilania w kamperze. Wyja\u015bniamy, jak dzi\u0119ki odpowiedniemu wyposa\u017ceniu przed\u0142u\u017cy\u0107 czas postoju i na co zwr\u00f3ci\u0107 uwag\u0119 przy wyborze akumulatora, instalacji fotowoltaicznej itp. <\/p>","protected":false},"author":2,"featured_media":30516,"comment_status":"closed","ping_status":"closed","sticky":false,"template":"","format":"standard","meta":{"content-type":"","footnotes":""},"categories":[208],"tags":[],"class_list":["post-30514","post","type-post","status-publish","format-standard","has-post-thumbnail","hentry","category-blog"],"yoast_head":"<!-- This site is optimized with the Yoast SEO plugin v28.4 - https:\/\/yoast.com\/product\/yoast-seo-wordpress\/ -->\n<title>Autark unterwegs mit Ahorn Camp \u2013 Strom im Wohnmobil richtig planen<\/title>\n<meta name=\"description\" content=\"Autarkes Camping \u2013 unabh\u00e4ngig von Campingpl\u00e4tzen, Stroms\u00e4ulen und festen Stellpl\u00e4tzen - passendes Zubeh\u00f6r &amp; worauf man noch achten sollte\" \/>\n<meta name=\"robots\" content=\"index, follow, max-snippet:-1, max-image-preview:large, max-video-preview:-1\" \/>\n<link rel=\"canonical\" href=\"https:\/\/ahorn-camp.de\/pl\/autarkowe-podrozowanie-kamperem\/\" \/>\n<meta property=\"og:locale\" content=\"pl_PL\" \/>\n<meta property=\"og:type\" content=\"article\" \/>\n<meta property=\"og:title\" content=\"Autark unterwegs mit Ahorn Camp \u2013 Strom im Wohnmobil richtig planen\" \/>\n<meta property=\"og:description\" content=\"Autarkes Camping \u2013 unabh\u00e4ngig von Campingpl\u00e4tzen, Stroms\u00e4ulen und festen Stellpl\u00e4tzen - passendes Zubeh\u00f6r &amp; worauf man noch achten sollte\" \/>\n<meta property=\"og:url\" content=\"https:\/\/ahorn-camp.de\/pl\/autarkowe-podrozowanie-kamperem\/\" \/>\n<meta property=\"og:site_name\" content=\"Ahorn Camp | Reisemobile und Kastenwagen\" \/>\n<meta property=\"article:publisher\" content=\"https:\/\/www.facebook.com\/ahorn.wohnmobile\/\" \/>\n<meta property=\"article:published_time\" content=\"2025-04-14T16:23:49+00:00\" \/>\n<meta property=\"article:modified_time\" content=\"2025-04-15T08:01:16+00:00\" \/>\n<meta property=\"og:image\" content=\"https:\/\/ahorn-camp.de\/wp-content\/uploads\/2025\/04\/Expertenblog.png\" \/>\n\t<meta property=\"og:image:width\" content=\"600\" \/>\n\t<meta property=\"og:image:height\" content=\"600\" \/>\n\t<meta property=\"og:image:type\" content=\"image\/png\" \/>\n<meta name=\"author\" content=\"ahorn_admin\" \/>\n<meta name=\"twitter:card\" content=\"summary_large_image\" \/>\n<meta name=\"twitter:label1\" content=\"Napisane przez\" \/>\n\t<meta name=\"twitter:data1\" content=\"ahorn_admin\" \/>\n\t<meta name=\"twitter:label2\" content=\"Szacowany czas czytania\" \/>\n\t<meta name=\"twitter:data2\" content=\"6 minut\" \/>\n<script type=\"application\/ld+json\" class=\"yoast-schema-graph\">{\"@context\":\"https:\\\/\\\/schema.org\",\"@graph\":[{\"@type\":\"Article\",\"@id\":\"https:\\\/\\\/ahorn-camp.de\\\/autarkes-reisen-mit-wohnmobil\\\/#article\",\"isPartOf\":{\"@id\":\"https:\\\/\\\/ahorn-camp.de\\\/autarkes-reisen-mit-wohnmobil\\\/\"},\"author\":{\"name\":\"ahorn_admin\",\"@id\":\"https:\\\/\\\/ahorn-camp.de\\\/#\\\/schema\\\/person\\\/9b60761ba82d5cb8e6db215a88925044\"},\"headline\":\"Autark unterwegs mit Ahorn Camp \u2013 Strom im Wohnmobil richtig planen\",\"datePublished\":\"2025-04-14T16:23:49+00:00\",\"dateModified\":\"2025-04-15T08:01:16+00:00\",\"mainEntityOfPage\":{\"@id\":\"https:\\\/\\\/ahorn-camp.de\\\/autarkes-reisen-mit-wohnmobil\\\/\"},\"wordCount\":1462,\"publisher\":{\"@id\":\"https:\\\/\\\/ahorn-camp.de\\\/#organization\"},\"image\":{\"@id\":\"https:\\\/\\\/ahorn-camp.de\\\/autarkes-reisen-mit-wohnmobil\\\/#primaryimage\"},\"thumbnailUrl\":\"https:\\\/\\\/ahorn-camp.de\\\/wp-content\\\/uploads\\\/2025\\\/04\\\/Expertenblog.png\",\"articleSection\":[\"Blog\"],\"inLanguage\":\"pl-PL\"},{\"@type\":\"WebPage\",\"@id\":\"https:\\\/\\\/ahorn-camp.de\\\/autarkes-reisen-mit-wohnmobil\\\/\",\"url\":\"https:\\\/\\\/ahorn-camp.de\\\/autarkes-reisen-mit-wohnmobil\\\/\",\"name\":\"Autark unterwegs mit Ahorn Camp \u2013 Strom im Wohnmobil richtig planen\",\"isPartOf\":{\"@id\":\"https:\\\/\\\/ahorn-camp.de\\\/#website\"},\"primaryImageOfPage\":{\"@id\":\"https:\\\/\\\/ahorn-camp.de\\\/autarkes-reisen-mit-wohnmobil\\\/#primaryimage\"},\"image\":{\"@id\":\"https:\\\/\\\/ahorn-camp.de\\\/autarkes-reisen-mit-wohnmobil\\\/#primaryimage\"},\"thumbnailUrl\":\"https:\\\/\\\/ahorn-camp.de\\\/wp-content\\\/uploads\\\/2025\\\/04\\\/Expertenblog.png\",\"datePublished\":\"2025-04-14T16:23:49+00:00\",\"dateModified\":\"2025-04-15T08:01:16+00:00\",\"description\":\"Autarkes Camping \u2013 unabh\u00e4ngig von Campingpl\u00e4tzen, Stroms\u00e4ulen und festen Stellpl\u00e4tzen - passendes Zubeh\u00f6r & worauf man noch achten sollte\",\"breadcrumb\":{\"@id\":\"https:\\\/\\\/ahorn-camp.de\\\/autarkes-reisen-mit-wohnmobil\\\/#breadcrumb\"},\"inLanguage\":\"pl-PL\",\"potentialAction\":[{\"@type\":\"ReadAction\",\"target\":[\"https:\\\/\\\/ahorn-camp.de\\\/autarkes-reisen-mit-wohnmobil\\\/\"]}]},{\"@type\":\"ImageObject\",\"inLanguage\":\"pl-PL\",\"@id\":\"https:\\\/\\\/ahorn-camp.de\\\/autarkes-reisen-mit-wohnmobil\\\/#primaryimage\",\"url\":\"https:\\\/\\\/ahorn-camp.de\\\/wp-content\\\/uploads\\\/2025\\\/04\\\/Expertenblog.png\",\"contentUrl\":\"https:\\\/\\\/ahorn-camp.de\\\/wp-content\\\/uploads\\\/2025\\\/04\\\/Expertenblog.png\",\"width\":600,\"height\":600,\"caption\":\"Autark unterwegs mit Ahorn Camp \u2013 Strom im Wohnmobil richtig planen\"},{\"@type\":\"BreadcrumbList\",\"@id\":\"https:\\\/\\\/ahorn-camp.de\\\/autarkes-reisen-mit-wohnmobil\\\/#breadcrumb\",\"itemListElement\":[{\"@type\":\"ListItem\",\"position\":1,\"name\":\"Startseite\",\"item\":\"https:\\\/\\\/ahorn-camp.de\\\/\"},{\"@type\":\"ListItem\",\"position\":2,\"name\":\"Autark unterwegs mit Ahorn Camp \u2013 Strom im Wohnmobil richtig planen\"}]},{\"@type\":\"WebSite\",\"@id\":\"https:\\\/\\\/ahorn-camp.de\\\/#website\",\"url\":\"https:\\\/\\\/ahorn-camp.de\\\/\",\"name\":\"Ahorn Camp | Reisemobile und Kastenwagen\",\"description\":\"Seit \u00fcber 30 Jahren vermarktet das Familienunternehmen, Ahorn Camp in Speyer, erfolgreich Wohnmobile und Kastenwagen zum besten Preis-Leistungsverh\u00e4ltnis.\",\"publisher\":{\"@id\":\"https:\\\/\\\/ahorn-camp.de\\\/#organization\"},\"potentialAction\":[{\"@type\":\"SearchAction\",\"target\":{\"@type\":\"EntryPoint\",\"urlTemplate\":\"https:\\\/\\\/ahorn-camp.de\\\/?s={search_term_string}\"},\"query-input\":{\"@type\":\"PropertyValueSpecification\",\"valueRequired\":true,\"valueName\":\"search_term_string\"}}],\"inLanguage\":\"pl-PL\"},{\"@type\":\"Organization\",\"@id\":\"https:\\\/\\\/ahorn-camp.de\\\/#organization\",\"name\":\"Ahorn Camp GmbH & Co. KG\",\"url\":\"https:\\\/\\\/ahorn-camp.de\\\/\",\"logo\":{\"@type\":\"ImageObject\",\"inLanguage\":\"pl-PL\",\"@id\":\"https:\\\/\\\/ahorn-camp.de\\\/#\\\/schema\\\/logo\\\/image\\\/\",\"url\":\"https:\\\/\\\/ahorn-camp.de\\\/wp-content\\\/uploads\\\/2018\\\/12\\\/Ahorn_Logo.jpg\",\"contentUrl\":\"https:\\\/\\\/ahorn-camp.de\\\/wp-content\\\/uploads\\\/2018\\\/12\\\/Ahorn_Logo.jpg\",\"width\":1437,\"height\":1000,\"caption\":\"Ahorn Camp GmbH & Co. KG\"},\"image\":{\"@id\":\"https:\\\/\\\/ahorn-camp.de\\\/#\\\/schema\\\/logo\\\/image\\\/\"},\"sameAs\":[\"https:\\\/\\\/www.facebook.com\\\/ahorn.wohnmobile\\\/\",\"https:\\\/\\\/www.instagram.com\\\/ahorn.camp\\\/\",\"https:\\\/\\\/www.youtube.com\\\/channel\\\/UCPFbPCts1JJ_A1k9vyH0yOQ\"]},{\"@type\":\"Person\",\"@id\":\"https:\\\/\\\/ahorn-camp.de\\\/#\\\/schema\\\/person\\\/9b60761ba82d5cb8e6db215a88925044\",\"name\":\"ahorn_admin\",\"image\":{\"@type\":\"ImageObject\",\"inLanguage\":\"pl-PL\",\"@id\":\"https:\\\/\\\/secure.gravatar.com\\\/avatar\\\/d96b9a078083b0c14cee48589feadd939c3cdd66547e2f3f1569470371daaaa5?s=96&d=mm&r=g\",\"url\":\"https:\\\/\\\/secure.gravatar.com\\\/avatar\\\/d96b9a078083b0c14cee48589feadd939c3cdd66547e2f3f1569470371daaaa5?s=96&d=mm&r=g\",\"contentUrl\":\"https:\\\/\\\/secure.gravatar.com\\\/avatar\\\/d96b9a078083b0c14cee48589feadd939c3cdd66547e2f3f1569470371daaaa5?s=96&d=mm&r=g\",\"caption\":\"ahorn_admin\"},\"sameAs\":[\"http:\\\/\\\/Ahorn%20Camp\"],\"url\":\"https:\\\/\\\/ahorn-camp.de\\\/pl\\\/author\\\/ahorn_admin\\\/\"}]}<\/script>\n<!-- \/ Yoast SEO plugin. -->","yoast_head_json":{"title":"Samowystarczalno\u015b\u0107 w podr\u00f3\u017cy dzi\u0119ki zasadzie Ahorn Camp \u2013 jak w\u0142a\u015bciwie zaplanowa\u0107 zasilanie w kamperze","description":"Autarkowy kemping \u2013 niezale\u017cny od kemping\u00f3w, przy\u0142\u0105czy pr\u0105du i sta\u0142ych miejsc postojowych \u2013 odpowiednie akcesoria i na co jeszcze zwr\u00f3ci\u0107 uwag\u0119","robots":{"index":"index","follow":"follow","max-snippet":"max-snippet:-1","max-image-preview":"max-image-preview:large","max-video-preview":"max-video-preview:-1"},"canonical":"https:\/\/ahorn-camp.de\/pl\/autarkowe-podrozowanie-kamperem\/","og_locale":"pl_PL","og_type":"article","og_title":"Autark unterwegs mit Ahorn Camp \u2013 Strom im Wohnmobil richtig planen","og_description":"Autarkes Camping \u2013 unabh\u00e4ngig von Campingpl\u00e4tzen, Stroms\u00e4ulen und festen Stellpl\u00e4tzen - passendes Zubeh\u00f6r & worauf man noch achten sollte","og_url":"https:\/\/ahorn-camp.de\/pl\/autarkowe-podrozowanie-kamperem\/","og_site_name":"Ahorn Camp | Reisemobile und Kastenwagen","article_publisher":"https:\/\/www.facebook.com\/ahorn.wohnmobile\/","article_published_time":"2025-04-14T16:23:49+00:00","article_modified_time":"2025-04-15T08:01:16+00:00","og_image":[{"width":600,"height":600,"url":"https:\/\/ahorn-camp.de\/wp-content\/uploads\/2025\/04\/Expertenblog.png","type":"image\/png"}],"author":"ahorn_admin","twitter_card":"summary_large_image","twitter_misc":{"Napisane przez":"ahorn_admin","Szacowany czas czytania":"6 minut"},"schema":{"@context":"https:\/\/schema.org","@graph":[{"@type":"Article","@id":"https:\/\/ahorn-camp.de\/autarkes-reisen-mit-wohnmobil\/#article","isPartOf":{"@id":"https:\/\/ahorn-camp.de\/autarkes-reisen-mit-wohnmobil\/"},"author":{"name":"ahorn_admin","@id":"https:\/\/ahorn-camp.de\/#\/schema\/person\/9b60761ba82d5cb8e6db215a88925044"},"headline":"Autark unterwegs mit Ahorn Camp \u2013 Strom im Wohnmobil richtig planen","datePublished":"2025-04-14T16:23:49+00:00","dateModified":"2025-04-15T08:01:16+00:00","mainEntityOfPage":{"@id":"https:\/\/ahorn-camp.de\/autarkes-reisen-mit-wohnmobil\/"},"wordCount":1462,"publisher":{"@id":"https:\/\/ahorn-camp.de\/#organization"},"image":{"@id":"https:\/\/ahorn-camp.de\/autarkes-reisen-mit-wohnmobil\/#primaryimage"},"thumbnailUrl":"https:\/\/ahorn-camp.de\/wp-content\/uploads\/2025\/04\/Expertenblog.png","articleSection":["Blog"],"inLanguage":"pl-PL"},{"@type":"WebPage","@id":"https:\/\/ahorn-camp.de\/autarkes-reisen-mit-wohnmobil\/","url":"https:\/\/ahorn-camp.de\/autarkes-reisen-mit-wohnmobil\/","name":"Samowystarczalno\u015b\u0107 w podr\u00f3\u017cy dzi\u0119ki zasadzie Ahorn Camp \u2013 jak w\u0142a\u015bciwie zaplanowa\u0107 zasilanie w kamperze","isPartOf":{"@id":"https:\/\/ahorn-camp.de\/#website"},"primaryImageOfPage":{"@id":"https:\/\/ahorn-camp.de\/autarkes-reisen-mit-wohnmobil\/#primaryimage"},"image":{"@id":"https:\/\/ahorn-camp.de\/autarkes-reisen-mit-wohnmobil\/#primaryimage"},"thumbnailUrl":"https:\/\/ahorn-camp.de\/wp-content\/uploads\/2025\/04\/Expertenblog.png","datePublished":"2025-04-14T16:23:49+00:00","dateModified":"2025-04-15T08:01:16+00:00","description":"Autarkowy kemping \u2013 niezale\u017cny od kemping\u00f3w, przy\u0142\u0105czy pr\u0105du i sta\u0142ych miejsc postojowych \u2013 odpowiednie akcesoria i na co jeszcze zwr\u00f3ci\u0107 uwag\u0119","breadcrumb":{"@id":"https:\/\/ahorn-camp.de\/autarkes-reisen-mit-wohnmobil\/#breadcrumb"},"inLanguage":"pl-PL","potentialAction":[{"@type":"ReadAction","target":["https:\/\/ahorn-camp.de\/autarkes-reisen-mit-wohnmobil\/"]}]},{"@type":"ImageObject","inLanguage":"pl-PL","@id":"https:\/\/ahorn-camp.de\/autarkes-reisen-mit-wohnmobil\/#primaryimage","url":"https:\/\/ahorn-camp.de\/wp-content\/uploads\/2025\/04\/Expertenblog.png","contentUrl":"https:\/\/ahorn-camp.de\/wp-content\/uploads\/2025\/04\/Expertenblog.png","width":600,"height":600,"caption":"Autark unterwegs mit Ahorn Camp \u2013 Strom im Wohnmobil richtig planen"},{"@type":"BreadcrumbList","@id":"https:\/\/ahorn-camp.de\/autarkes-reisen-mit-wohnmobil\/#breadcrumb","itemListElement":[{"@type":"ListItem","position":1,"name":"Startseite","item":"https:\/\/ahorn-camp.de\/"},{"@type":"ListItem","position":2,"name":"Autark unterwegs mit Ahorn Camp \u2013 Strom im Wohnmobil richtig planen"}]},{"@type":"WebSite","@id":"https:\/\/ahorn-camp.de\/#website","url":"https:\/\/ahorn-camp.de\/","name":"Ahorn Camp | Kampery i samochody dostawcze","description":"Od ponad 30 lat rodzinna firma Ahorn Camp z siedzib\u0105 w Speyer z powodzeniem zajmuje si\u0119 sprzeda\u017c\u0105 kamper\u00f3w i samochod\u00f3w dostawczych o najlepszym stosunku ceny do jako\u015bci.","publisher":{"@id":"https:\/\/ahorn-camp.de\/#organization"},"potentialAction":[{"@type":"SearchAction","target":{"@type":"EntryPoint","urlTemplate":"https:\/\/ahorn-camp.de\/?s={search_term_string}"},"query-input":{"@type":"PropertyValueSpecification","valueRequired":true,"valueName":"search_term_string"}}],"inLanguage":"pl-PL"},{"@type":"Organization","@id":"https:\/\/ahorn-camp.de\/#organization","name":"Ahorn Camp GmbH &amp; Co. KG","url":"https:\/\/ahorn-camp.de\/","logo":{"@type":"ImageObject","inLanguage":"pl-PL","@id":"https:\/\/ahorn-camp.de\/#\/schema\/logo\/image\/","url":"https:\/\/ahorn-camp.de\/wp-content\/uploads\/2018\/12\/Ahorn_Logo.jpg","contentUrl":"https:\/\/ahorn-camp.de\/wp-content\/uploads\/2018\/12\/Ahorn_Logo.jpg","width":1437,"height":1000,"caption":"Ahorn Camp GmbH & Co. KG"},"image":{"@id":"https:\/\/ahorn-camp.de\/#\/schema\/logo\/image\/"},"sameAs":["https:\/\/www.facebook.com\/ahorn.wohnmobile\/","https:\/\/www.instagram.com\/ahorn.camp\/","https:\/\/www.youtube.com\/channel\/UCPFbPCts1JJ_A1k9vyH0yOQ"]},{"@type":"Person","@id":"https:\/\/ahorn-camp.de\/#\/schema\/person\/9b60761ba82d5cb8e6db215a88925044","name":"ahorn_admin","image":{"@type":"ImageObject","inLanguage":"pl-PL","@id":"https:\/\/secure.gravatar.com\/avatar\/d96b9a078083b0c14cee48589feadd939c3cdd66547e2f3f1569470371daaaa5?s=96&d=mm&r=g","url":"https:\/\/secure.gravatar.com\/avatar\/d96b9a078083b0c14cee48589feadd939c3cdd66547e2f3f1569470371daaaa5?s=96&d=mm&r=g","contentUrl":"https:\/\/secure.gravatar.com\/avatar\/d96b9a078083b0c14cee48589feadd939c3cdd66547e2f3f1569470371daaaa5?s=96&d=mm&r=g","caption":"ahorn_admin"},"sameAs":["http:\/\/Ahorn%20Camp"],"url":"https:\/\/ahorn-camp.de\/pl\/author\/ahorn_admin\/"}]}},"_links":{"self":[{"href":"https:\/\/ahorn-camp.de\/pl\/wp-json\/wp\/v2\/posts\/30514","targetHints":{"allow":["GET"]}}],"collection":[{"href":"https:\/\/ahorn-camp.de\/pl\/wp-json\/wp\/v2\/posts"}],"about":[{"href":"https:\/\/ahorn-camp.de\/pl\/wp-json\/wp\/v2\/types\/post"}],"author":[{"embeddable":true,"href":"https:\/\/ahorn-camp.de\/pl\/wp-json\/wp\/v2\/users\/2"}],"replies":[{"embeddable":true,"href":"https:\/\/ahorn-camp.de\/pl\/wp-json\/wp\/v2\/comments?post=30514"}],"version-history":[{"count":0,"href":"https:\/\/ahorn-camp.de\/pl\/wp-json\/wp\/v2\/posts\/30514\/revisions"}],"wp:featuredmedia":[{"embeddable":true,"href":"https:\/\/ahorn-camp.de\/pl\/wp-json\/wp\/v2\/media\/30516"}],"wp:attachment":[{"href":"https:\/\/ahorn-camp.de\/pl\/wp-json\/wp\/v2\/media?parent=30514"}],"wp:term":[{"taxonomy":"category","embeddable":true,"href":"https:\/\/ahorn-camp.de\/pl\/wp-json\/wp\/v2\/categories?post=30514"},{"taxonomy":"post_tag","embeddable":true,"href":"https:\/\/ahorn-camp.de\/pl\/wp-json\/wp\/v2\/tags?post=30514"}],"curies":[{"name":"wp","href":"https:\/\/api.w.org\/{rel}","templated":true}]}}