{"id":27076,"date":"2024-12-17T19:33:36","date_gmt":"2024-12-17T18:33:36","guid":{"rendered":"https:\/\/ahorn-camp.de\/?p=27076"},"modified":"2024-12-17T19:50:48","modified_gmt":"2024-12-17T18:50:48","slug":"fotelik-dzieciecy-w-kamperze","status":"publish","type":"post","link":"https:\/\/ahorn-camp.de\/pl\/kindersitz-im-wohnmobil\/","title":{"rendered":"Fotelik dzieci\u0119cy w kamperze: Bezpiecze\u0144stwo na pok\u0142adzie"},"content":{"rendered":"<div class=\"wpb-content-wrapper\" id=\"wpb-content-root\"><div class=\"vc_row wpb_row vc_row-fluid\"><div class=\"wpb_column vc_column_container vc_col-sm-12\"><div class=\"vc_column-inner\"><div class=\"wpb_wrapper\">\n\t<div class=\"wpb_text_column wpb_content_element\" >\n\t\t<div class=\"wpb_wrapper\">\n\t\t\t<p data-pm-slice=\"1 1 &#091;&#093;\">Podr\u00f3\u017cowanie z dzie\u0107mi kamperem to przygoda dla ca\u0142ej rodziny. Aby podr\u00f3\u017c by\u0142a nie tylko przyjemna, ale i bezpieczna, kluczow\u0105 rol\u0119 odgrywa odpowiedni fotelik dzieci\u0119cy. Bezpiecze\u0144stwo najmniejszych pasa\u017cer\u00f3w jest najwa\u017cniejsze, dlatego wa\u017cne jest, aby zna\u0107 i stosowa\u0107 odpowiednie przepisy.<\/p>\n\n\t\t<\/div>\n\t<\/div>\n<div class=\"vc_empty_space\"   style=\"height: 15px\"><span class=\"vc_empty_space_inner\"><\/span><\/div><div class=\"vc_row wpb_row vc_inner vc_row-fluid\"><div class=\"wpb_column vc_column_container vc_col-sm-6\"><div class=\"vc_column-inner\"><div class=\"wpb_wrapper\">\n\t<div  class=\"wpb_single_image wpb_content_element vc_align_center wpb_content_element\">\n\t\t\n\t\t<figure class=\"wpb_wrapper vc_figure\">\n\t\t\t<div class=\"vc_single_image-wrapper\"><img fetchpriority=\"high\" decoding=\"async\" width=\"1707\" height=\"2560\" src=\"https:\/\/ahorn-camp.de\/wp-content\/uploads\/2024\/12\/LUK06466-scaled.jpg\" class=\"vc_single_image-img attachment-full\" alt=\"Fotelik dzieci\u0119cy w kamperze: Bezpiecze\u0144stwo na pok\u0142adzie\" title=\"Fotelik dzieci\u0119cy w kamperze: Bezpiecze\u0144stwo na pok\u0142adzie\" srcset=\"https:\/\/ahorn-camp.de\/wp-content\/uploads\/2024\/12\/LUK06466-scaled.jpg 1707w, https:\/\/ahorn-camp.de\/wp-content\/uploads\/2024\/12\/LUK06466-200x300.jpg 200w, https:\/\/ahorn-camp.de\/wp-content\/uploads\/2024\/12\/LUK06466-683x1024.jpg 683w, https:\/\/ahorn-camp.de\/wp-content\/uploads\/2024\/12\/LUK06466-768x1152.jpg 768w, https:\/\/ahorn-camp.de\/wp-content\/uploads\/2024\/12\/LUK06466-400x600.jpg 400w, https:\/\/ahorn-camp.de\/wp-content\/uploads\/2024\/12\/LUK06466-1024x1536.jpg 1024w, https:\/\/ahorn-camp.de\/wp-content\/uploads\/2024\/12\/LUK06466-1365x2048.jpg 1365w, https:\/\/ahorn-camp.de\/wp-content\/uploads\/2024\/12\/LUK06466-800x1200.jpg 800w\" sizes=\"(max-width: 1707px) 100vw, 1707px\" \/><\/div>\n\t\t<\/figure>\n\t<\/div>\n<\/div><\/div><\/div><div class=\"wpb_column vc_column_container vc_col-sm-6\"><div class=\"vc_column-inner\"><div class=\"wpb_wrapper\">\n\t<div  class=\"wpb_single_image wpb_content_element vc_align_center wpb_content_element\">\n\t\t\n\t\t<figure class=\"wpb_wrapper vc_figure\">\n\t\t\t<div class=\"vc_single_image-wrapper\"><img decoding=\"async\" width=\"1707\" height=\"2560\" src=\"https:\/\/ahorn-camp.de\/wp-content\/uploads\/2024\/12\/LUK06470-scaled.jpg\" class=\"vc_single_image-img attachment-full\" alt=\"Fotelik dzieci\u0119cy w kamperze: Bezpiecze\u0144stwo na pok\u0142adzie\" title=\"Fotelik dzieci\u0119cy w kamperze: Bezpiecze\u0144stwo na pok\u0142adzie\" srcset=\"https:\/\/ahorn-camp.de\/wp-content\/uploads\/2024\/12\/LUK06470-scaled.jpg 1707w, https:\/\/ahorn-camp.de\/wp-content\/uploads\/2024\/12\/LUK06470-200x300.jpg 200w, https:\/\/ahorn-camp.de\/wp-content\/uploads\/2024\/12\/LUK06470-683x1024.jpg 683w, https:\/\/ahorn-camp.de\/wp-content\/uploads\/2024\/12\/LUK06470-768x1152.jpg 768w, https:\/\/ahorn-camp.de\/wp-content\/uploads\/2024\/12\/LUK06470-400x600.jpg 400w, https:\/\/ahorn-camp.de\/wp-content\/uploads\/2024\/12\/LUK06470-1024x1536.jpg 1024w, https:\/\/ahorn-camp.de\/wp-content\/uploads\/2024\/12\/LUK06470-1365x2048.jpg 1365w, https:\/\/ahorn-camp.de\/wp-content\/uploads\/2024\/12\/LUK06470-800x1200.jpg 800w\" sizes=\"(max-width: 1707px) 100vw, 1707px\" \/><\/div>\n\t\t<\/figure>\n\t<\/div>\n<\/div><\/div><\/div><\/div><div class=\"vc_empty_space\"   style=\"height: 15px\"><span class=\"vc_empty_space_inner\"><\/span><\/div><h2 style=\"font-size: 30px;color: #1B508C;text-align: left\" class=\"vc_custom_heading vc_do_custom_heading\" >Siedzisko dla dzieci w kamperze: przepisy prawne i regulacje<\/h2><div class=\"vc_empty_space\"   style=\"height: 15px\"><span class=\"vc_empty_space_inner\"><\/span><\/div>\n\t<div class=\"wpb_text_column wpb_content_element\" >\n\t\t<div class=\"wpb_wrapper\">\n\t\t\t<p>W Niemczech i wielu innych krajach europejskich obowi\u0105zuj\u0105 jasne przepisy dotycz\u0105ce zabezpieczania dzieci w pojazdach \u2013 tak\u017ce w kamperach. Oto przegl\u0105d:<br \/>\n<strong>Niemcy: <\/strong>Dzieci do 150 centymetr\u00f3w wzrostu lub do uko\u0144czenia 12 roku \u017cycia musz\u0105 by\u0107 przewo\u017cone w foteliku dzieci\u0119cym.<br \/>\nKluczowa jest liczba zarejestrowanych miejsc siedz\u0105cych (dow\u00f3d rejestracyjny, punkt S.1.).<br \/>\n<strong>Austria: <\/strong>Obowi\u0105zkowe stosowanie fotelik\u00f3w dzieci\u0119cych obowi\u0105zuje dzieci poni\u017cej 135 cm wzrostu lub do 14. roku \u017cycia.<br \/>\nNale\u017cy pami\u0119ta\u0107, \u017ce przepisy mog\u0105 si\u0119 r\u00f3\u017cni\u0107 w zale\u017cno\u015bci od kraju podr\u00f3\u017cy. Przed wyjazdem zapoznaj si\u0119 z przepisami obowi\u0105zuj\u0105cymi w miejscu docelowym, aby unikn\u0105\u0107 kar i niebezpiecze\u0144stw.<\/p>\n\n\t\t<\/div>\n\t<\/div>\n<div class=\"vc_empty_space\"   style=\"height: 15px\"><span class=\"vc_empty_space_inner\"><\/span><\/div><\/div><\/div><\/div><\/div><div class=\"vc_row wpb_row vc_row-fluid\"><div class=\"wpb_column vc_column_container vc_col-sm-12\"><div class=\"vc_column-inner\"><div class=\"wpb_wrapper\"><h2 style=\"font-size: 30px;color: #1B508C;text-align: left\" class=\"vc_custom_heading vc_do_custom_heading\" >Wyb\u00f3r odpowiedniego fotelika samochodowego<\/h2><div class=\"vc_empty_space\"   style=\"height: 15px\"><span class=\"vc_empty_space_inner\"><\/span><\/div>\n\t<div class=\"wpb_text_column wpb_content_element\" >\n\t\t<div class=\"wpb_wrapper\">\n\t\t\t<p><strong>Klasy wieku i rozmiaru:<\/strong><br \/>\n\u2022 Foteliki niemowl\u0119ce (Grupa 0\/0+): Dla noworodk\u00f3w i niemowl\u0105t do oko\u0142o 13 kg.<br \/>\n\u2022 Foteliki samochodowe (Grupa 1): Dla dzieci od 9 do 18 kg.<br \/>\n\u2022 Podwy\u017cszenia siedziska (grupa 2\/3): Dla starszych dzieci od 15 do 36 kg.<br \/>\n<strong>Norma badawcza ECE:<\/strong><br \/>\n\u2022 Upewnij si\u0119, \u017ce fotelik spe\u0142nia normy ECE R44\/04 lub ECE R129. Gwarantuj\u0105 one, \u017ce fotelik przeszed\u0142 wyczerpuj\u0105ce testy bezpiecze\u0144stwa.<br \/>\n<strong>Typy mocowania:<\/strong><br \/>\n\u2022 Pas 3-punktowy: U\u017cywa pasa bezpiecze\u0144stwa kampera.<br \/>\n\u2022 5-punktowy pas bezpiecze\u0144stwa: Zintegrowany pas w foteliku dzieci\u0119cym dla dodatkowego bezpiecze\u0144stwa.<br \/>\n\u2022 Fotelik tylnono\u017cny: Foteliki montowane ty\u0142em do kierunku jazdy, zalecane szczeg\u00f3lnie dla dzieci poni\u017cej 15. miesi\u0105ca \u017cycia.<\/p>\n\n\t\t<\/div>\n\t<\/div>\n<\/div><\/div><\/div><\/div><div class=\"vc_row wpb_row vc_row-fluid\"><div class=\"wpb_column vc_column_container vc_col-sm-12\"><div class=\"vc_column-inner\"><div class=\"wpb_wrapper\"><div class=\"vc_empty_space\"   style=\"height: 25px\"><span class=\"vc_empty_space_inner\"><\/span><\/div><h2 style=\"font-size: 30px;color: #1B508C;text-align: left\" class=\"vc_custom_heading vc_do_custom_heading\" >Mocowanie w kamperze<\/h2><div class=\"vc_empty_space\"   style=\"height: 15px\"><span class=\"vc_empty_space_inner\"><\/span><\/div>\n\t<div class=\"wpb_text_column wpb_content_element\" >\n\t\t<div class=\"wpb_wrapper\">\n\t\t\t<p>Najbezpieczniejsze miejsce w samochodzie to zazwyczaj tylne siedzenie, najlepiej \u015brodkowe. Siedzenie pasa\u017cera z przodu mo\u017ce by\u0107 u\u017cywane tylko wtedy, gdy mo\u017cna dezaktywowa\u0107 poduszk\u0119 powietrzn\u0105. W pojazdach bez tylnych siedze\u0144 obowi\u0105zuj\u0105 specjalne przepisy.<br \/>\nPrawid\u0142owa instalacja jest kluczowa. Wiele kamper\u00f3w oferuje mocowania Isofix, kt\u00f3re umo\u017cliwiaj\u0105 \u0142atwy i bezpieczny monta\u017c fotelika dzieci\u0119cego. Je\u015bli Isofix nie jest dost\u0119pny, w niekt\u00f3rych przypadkach mo\u017cna go p\u00f3\u017aniej zamontowa\u0107.<\/p>\n\n\t\t<\/div>\n\t<\/div>\n<\/div><\/div><\/div><\/div><div class=\"vc_row wpb_row vc_row-fluid\"><div class=\"wpb_column vc_column_container vc_col-sm-12\"><div class=\"vc_column-inner\"><div class=\"wpb_wrapper\"><div class=\"vc_empty_space\"   style=\"height: 25px\"><span class=\"vc_empty_space_inner\"><\/span><\/div><h2 style=\"font-size: 30px;color: #1B508C;text-align: left\" class=\"vc_custom_heading vc_do_custom_heading\" >Kontrole bezpiecze\u0144stwa przed jazd\u0105<\/h2><div class=\"vc_empty_space\"   style=\"height: 15px\"><span class=\"vc_empty_space_inner\"><\/span><\/div>\n\t<div class=\"wpb_text_column wpb_content_element\" >\n\t\t<div class=\"wpb_wrapper\">\n\t\t\t<p data-pm-slice=\"1 3 &#091;&#093;\">Przegl\u0105d fotelika dzieci\u0119cego przed ka\u017cd\u0105 podr\u00f3\u017c\u0105 jest niezb\u0119dny. Oto najwa\u017cniejsze punkty:<\/p>\n<ul data-spread=\"false\">\n<li>Sprawdzi\u0107 mocowania i w razie potrzeby dokr\u0119ci\u0107.<\/li>\n<li>Upewnij si\u0119, \u017ce dziecko jest prawid\u0142owo zapi\u0119te.<\/li>\n<li>U\u017cywaj wy\u0142\u0105cznie wysokiej jako\u015bci fotelik\u00f3w dzieci\u0119cych z wa\u017cnym certyfikatem bezpiecze\u0144stwa.<\/li>\n<li>Sitz an das Wachstum des Kindes anpassen.<\/li>\n<li>Nie u\u017cywaj u\u017cywanych siedze\u0144 bez dowodu pochodzenia, poniewa\u017c mog\u0105 one mie\u0107 uszkodzenia powypadkowe.<\/li>\n<\/ul>\n\n\t\t<\/div>\n\t<\/div>\n<\/div><\/div><\/div><\/div><div class=\"vc_row wpb_row vc_row-fluid\"><div class=\"wpb_column vc_column_container vc_col-sm-12\"><div class=\"vc_column-inner\"><div class=\"wpb_wrapper\"><div class=\"vc_empty_space\"   style=\"height: 25px\"><span class=\"vc_empty_space_inner\"><\/span><\/div><h2 style=\"font-size: 30px;color: #1B508C;text-align: left\" class=\"vc_custom_heading vc_do_custom_heading\" >Podr\u00f3\u017cowanie z dzie\u0107mi: po\u0142\u0105czenie bezpiecze\u0144stwa i komfortu<\/h2><div class=\"vc_empty_space\"   style=\"height: 15px\"><span class=\"vc_empty_space_inner\"><\/span><\/div>\n\t<div class=\"wpb_text_column wpb_content_element\" >\n\t\t<div class=\"wpb_wrapper\">\n\t\t\t<div class=\"flex max-w-full flex-col flex-grow\">\n<div class=\"min-h-&#091;20px&#093; text-message flex w-full flex-col items-end gap-2 whitespace-normal break-words &#091;.text-message+&amp;&#093;:mt-5\" dir=\"auto\" data-message-author-role=\"assistant\" data-message-id=\"cb85b4df-e8a5-45f8-a3d6-ca10b0554499\">\n<div class=\"flex w-full flex-col gap-1 empty:hidden first:pt-&#091;3px&#093;\">\n<div class=\"markdown prose w-full break-words dark:prose-invert light\">\n<p>D\u0142u\u017csze podr\u00f3\u017ce kamperem mog\u0105 by\u0107 m\u0119cz\u0105ce \u2013 zar\u00f3wno dla rodzic\u00f3w, jak i dla dzieci. Dzi\u0119ki tym wskaz\u00f3wkom mo\u017cesz doskonale po\u0142\u0105czy\u0107 bezpiecze\u0144stwo i komfort:<\/p>\n<ul>\n<li>Planowanie przerw: Regularne postoje na ruch i relaks.<\/li>\n<li>Rozrywka: Gry i pasuj\u0105ce filmy zapewniaj\u0105 rozrywk\u0119.<\/li>\n<li>Akcesoria: Dodatki takie jak poduszki chroni\u0105ce siedzisko lub os\u0142ony przeciws\u0142oneczne zwi\u0119kszaj\u0105 komfort.<\/li>\n<\/ul>\n<\/div>\n<\/div>\n<\/div>\n<\/div>\n\n\t\t<\/div>\n\t<\/div>\n<div class=\"vc_empty_space\"   style=\"height: 15px\"><span class=\"vc_empty_space_inner\"><\/span><\/div><div class=\"vc_row wpb_row vc_inner vc_row-fluid\"><div class=\"wpb_column vc_column_container vc_col-sm-4\"><div class=\"vc_column-inner\"><div class=\"wpb_wrapper\">\n\t<div  class=\"wpb_single_image wpb_content_element vc_align_center wpb_content_element\">\n\t\t\n\t\t<figure class=\"wpb_wrapper vc_figure\">\n\t\t\t<div class=\"vc_single_image-wrapper\"><img decoding=\"async\" width=\"1707\" height=\"2560\" src=\"https:\/\/ahorn-camp.de\/wp-content\/uploads\/2024\/12\/LUK06572-scaled.jpg\" class=\"vc_single_image-img attachment-full\" alt=\"Fotelik dzieci\u0119cy w kamperze: Bezpiecze\u0144stwo na pok\u0142adzie\" title=\"Fotelik dzieci\u0119cy w kamperze: Bezpiecze\u0144stwo na pok\u0142adzie\" srcset=\"https:\/\/ahorn-camp.de\/wp-content\/uploads\/2024\/12\/LUK06572-scaled.jpg 1707w, https:\/\/ahorn-camp.de\/wp-content\/uploads\/2024\/12\/LUK06572-200x300.jpg 200w, https:\/\/ahorn-camp.de\/wp-content\/uploads\/2024\/12\/LUK06572-683x1024.jpg 683w, https:\/\/ahorn-camp.de\/wp-content\/uploads\/2024\/12\/LUK06572-768x1152.jpg 768w, https:\/\/ahorn-camp.de\/wp-content\/uploads\/2024\/12\/LUK06572-400x600.jpg 400w, https:\/\/ahorn-camp.de\/wp-content\/uploads\/2024\/12\/LUK06572-1024x1536.jpg 1024w, https:\/\/ahorn-camp.de\/wp-content\/uploads\/2024\/12\/LUK06572-1365x2048.jpg 1365w, https:\/\/ahorn-camp.de\/wp-content\/uploads\/2024\/12\/LUK06572-800x1200.jpg 800w\" sizes=\"(max-width: 1707px) 100vw, 1707px\" \/><\/div>\n\t\t<\/figure>\n\t<\/div>\n<\/div><\/div><\/div><div class=\"wpb_column vc_column_container vc_col-sm-4\"><div class=\"vc_column-inner\"><div class=\"wpb_wrapper\">\n\t<div  class=\"wpb_single_image wpb_content_element vc_align_center wpb_content_element\">\n\t\t\n\t\t<figure class=\"wpb_wrapper vc_figure\">\n\t\t\t<div class=\"vc_single_image-wrapper\"><img loading=\"lazy\" decoding=\"async\" width=\"1707\" height=\"2560\" src=\"https:\/\/ahorn-camp.de\/wp-content\/uploads\/2024\/12\/LUK06312-scaled.jpg\" class=\"vc_single_image-img attachment-full\" alt=\"Fotelik dzieci\u0119cy w kamperze: Bezpiecze\u0144stwo na pok\u0142adzie\" title=\"Fotelik dzieci\u0119cy w kamperze: Bezpiecze\u0144stwo na pok\u0142adzie\" srcset=\"https:\/\/ahorn-camp.de\/wp-content\/uploads\/2024\/12\/LUK06312-scaled.jpg 1707w, https:\/\/ahorn-camp.de\/wp-content\/uploads\/2024\/12\/LUK06312-200x300.jpg 200w, https:\/\/ahorn-camp.de\/wp-content\/uploads\/2024\/12\/LUK06312-683x1024.jpg 683w, https:\/\/ahorn-camp.de\/wp-content\/uploads\/2024\/12\/LUK06312-768x1152.jpg 768w, https:\/\/ahorn-camp.de\/wp-content\/uploads\/2024\/12\/LUK06312-400x600.jpg 400w, https:\/\/ahorn-camp.de\/wp-content\/uploads\/2024\/12\/LUK06312-1024x1536.jpg 1024w, https:\/\/ahorn-camp.de\/wp-content\/uploads\/2024\/12\/LUK06312-1365x2048.jpg 1365w, https:\/\/ahorn-camp.de\/wp-content\/uploads\/2024\/12\/LUK06312-800x1200.jpg 800w\" sizes=\"(max-width: 1707px) 100vw, 1707px\" \/><\/div>\n\t\t<\/figure>\n\t<\/div>\n<\/div><\/div><\/div><div class=\"wpb_column vc_column_container vc_col-sm-4\"><div class=\"vc_column-inner\"><div class=\"wpb_wrapper\">\n\t<div  class=\"wpb_single_image wpb_content_element vc_align_center wpb_content_element\">\n\t\t\n\t\t<figure class=\"wpb_wrapper vc_figure\">\n\t\t\t<div class=\"vc_single_image-wrapper\"><img loading=\"lazy\" decoding=\"async\" width=\"1707\" height=\"2560\" src=\"https:\/\/ahorn-camp.de\/wp-content\/uploads\/2024\/12\/LUK06939-scaled.jpg\" class=\"vc_single_image-img attachment-full\" alt=\"Fotelik dzieci\u0119cy w kamperze: Bezpiecze\u0144stwo na pok\u0142adzie\" title=\"Fotelik dzieci\u0119cy w kamperze: Bezpiecze\u0144stwo na pok\u0142adzie\" srcset=\"https:\/\/ahorn-camp.de\/wp-content\/uploads\/2024\/12\/LUK06939-scaled.jpg 1707w, https:\/\/ahorn-camp.de\/wp-content\/uploads\/2024\/12\/LUK06939-200x300.jpg 200w, https:\/\/ahorn-camp.de\/wp-content\/uploads\/2024\/12\/LUK06939-683x1024.jpg 683w, https:\/\/ahorn-camp.de\/wp-content\/uploads\/2024\/12\/LUK06939-768x1152.jpg 768w, https:\/\/ahorn-camp.de\/wp-content\/uploads\/2024\/12\/LUK06939-400x600.jpg 400w, https:\/\/ahorn-camp.de\/wp-content\/uploads\/2024\/12\/LUK06939-1024x1536.jpg 1024w, https:\/\/ahorn-camp.de\/wp-content\/uploads\/2024\/12\/LUK06939-1365x2048.jpg 1365w, https:\/\/ahorn-camp.de\/wp-content\/uploads\/2024\/12\/LUK06939-800x1200.jpg 800w\" sizes=\"(max-width: 1707px) 100vw, 1707px\" \/><\/div>\n\t\t<\/figure>\n\t<\/div>\n<\/div><\/div><\/div><\/div><div class=\"vc_empty_space\"   style=\"height: 15px\"><span class=\"vc_empty_space_inner\"><\/span><\/div><h2 style=\"font-size: 30px;color: #1B508C;text-align: left\" class=\"vc_custom_heading vc_do_custom_heading\" >Wniosek \u2013 fotelik dzieci\u0119cy w kamperze: bezpiecze\u0144stwo przede wszystkim nad komfortem<\/h2><div class=\"vc_empty_space\"   style=\"height: 15px\"><span class=\"vc_empty_space_inner\"><\/span><\/div>\n\t<div class=\"wpb_text_column wpb_content_element\" >\n\t\t<div class=\"wpb_wrapper\">\n\t\t\t<div class=\"flex max-w-full flex-col flex-grow\">\n<div class=\"min-h-&#091;20px&#093; text-message flex w-full flex-col items-end gap-2 whitespace-normal break-words &#091;.text-message+&amp;&#093;:mt-5\" dir=\"auto\" data-message-author-role=\"assistant\" data-message-id=\"cb85b4df-e8a5-45f8-a3d6-ca10b0554499\">\n<div class=\"flex w-full flex-col gap-1 empty:hidden first:pt-&#091;3px&#093;\">\n<div class=\"markdown prose w-full break-words dark:prose-invert light\">\n<p data-pm-slice=\"1 1 &#091;&#093;\">Bezpiecze\u0144stwo ma\u0142ych pasa\u017cer\u00f3w jest priorytetem. Nale\u017cy przestrzega\u0107 krajowych przepis\u00f3w, wybra\u0107 odpowiedni fotelik dzieci\u0119cy i zapewni\u0107 jego prawid\u0142owy monta\u017c. Regularne kontrole gwarantuj\u0105 bezpieczn\u0105 podr\u00f3\u017c \u2013 a przy odpowiednim planowaniu nic nie stanie na przeszkodzie dobrej zabawie w kamperze!<\/p>\n<\/div>\n<\/div>\n<\/div>\n<\/div>\n\n\t\t<\/div>\n\t<\/div>\n<div class=\"vc_empty_space\"   style=\"height: 25px\"><span class=\"vc_empty_space_inner\"><\/span><\/div><\/div><\/div><\/div><\/div>\n<\/div>","protected":false},"excerpt":{"rendered":"<p>Podr\u00f3\u017cowanie z dzie\u0107mi kamperem stawia szczeg\u00f3lne wymagania dotycz\u0105ce bezpiecze\u0144stwa i komfortu. Wyja\u015bniamy, jak wybra\u0107 odpowiedni fotelik dzieci\u0119cy w oparciu o wiek, wzrost i wag\u0119 dziecka, uwzgl\u0119dniaj\u0105c normy bezpiecze\u0144stwa i rodzaje pas\u00f3w. Ponadto udzielamy praktycznych wskaz\u00f3wek dotycz\u0105cych prawid\u0142owego monta\u017cu i pozycjonowania w kamperze, uzupe\u0142nionych o kontrole bezpiecze\u0144stwa przed ka\u017cd\u0105 podr\u00f3\u017c\u0105. Naszym celem jest uczynienie podr\u00f3\u017cy dla najm\u0142odszych jak najbezpieczniejsz\u0105 i najprzyjemniejsz\u0105, nie zapominaj\u0105c o rado\u015bci odkrywania.<\/p>","protected":false},"author":2,"featured_media":27077,"comment_status":"closed","ping_status":"closed","sticky":false,"template":"","format":"standard","meta":{"content-type":"","footnotes":""},"categories":[208],"tags":[],"class_list":["post-27076","post","type-post","status-publish","format-standard","has-post-thumbnail","hentry","category-blog"],"yoast_head":"<!-- This site is optimized with the Yoast SEO plugin v28.4 - https:\/\/yoast.com\/product\/yoast-seo-wordpress\/ -->\n<title>Kindersitz im Wohnmobil: Sicherheit an Bord<\/title>\n<meta name=\"description\" content=\"Ihr Leitfaden f\u00fcr Kindersitze im Wohnmobil. Von der Auswahl des richtigen Kindersitzes bis zur sicheren Befestigung.\" \/>\n<meta name=\"robots\" content=\"index, follow, max-snippet:-1, max-image-preview:large, max-video-preview:-1\" \/>\n<link rel=\"canonical\" href=\"https:\/\/ahorn-camp.de\/pl\/fotelik-dzieciecy-w-kamperze\/\" \/>\n<meta property=\"og:locale\" content=\"pl_PL\" \/>\n<meta property=\"og:type\" content=\"article\" \/>\n<meta property=\"og:title\" content=\"Kindersitz im Wohnmobil: Sicherheit an Bord\" \/>\n<meta property=\"og:description\" content=\"Ihr Leitfaden f\u00fcr Kindersitze im Wohnmobil. Von der Auswahl des richtigen Kindersitzes bis zur sicheren Befestigung.\" \/>\n<meta property=\"og:url\" content=\"https:\/\/ahorn-camp.de\/pl\/fotelik-dzieciecy-w-kamperze\/\" \/>\n<meta property=\"og:site_name\" content=\"Ahorn Camp | Reisemobile und Kastenwagen\" \/>\n<meta property=\"article:publisher\" content=\"https:\/\/www.facebook.com\/ahorn.wohnmobile\/\" \/>\n<meta property=\"article:published_time\" content=\"2024-12-17T18:33:36+00:00\" \/>\n<meta property=\"article:modified_time\" content=\"2024-12-17T18:50:48+00:00\" \/>\n<meta property=\"og:image\" content=\"https:\/\/ahorn-camp.de\/wp-content\/uploads\/2024\/12\/LUK06470-scaled.jpg\" \/>\n\t<meta property=\"og:image:width\" content=\"1707\" \/>\n\t<meta property=\"og:image:height\" content=\"2560\" \/>\n\t<meta property=\"og:image:type\" content=\"image\/jpeg\" \/>\n<meta name=\"author\" content=\"ahorn_admin\" \/>\n<meta name=\"twitter:card\" content=\"summary_large_image\" \/>\n<meta name=\"twitter:label1\" content=\"Napisane przez\" \/>\n\t<meta name=\"twitter:data1\" content=\"ahorn_admin\" \/>\n\t<meta name=\"twitter:label2\" content=\"Szacowany czas czytania\" \/>\n\t<meta name=\"twitter:data2\" content=\"5 minut\" \/>\n<script type=\"application\/ld+json\" class=\"yoast-schema-graph\">{\"@context\":\"https:\\\/\\\/schema.org\",\"@graph\":[{\"@type\":\"Article\",\"@id\":\"https:\\\/\\\/ahorn-camp.de\\\/kindersitz-im-wohnmobil\\\/#article\",\"isPartOf\":{\"@id\":\"https:\\\/\\\/ahorn-camp.de\\\/kindersitz-im-wohnmobil\\\/\"},\"author\":{\"name\":\"ahorn_admin\",\"@id\":\"https:\\\/\\\/ahorn-camp.de\\\/#\\\/schema\\\/person\\\/9b60761ba82d5cb8e6db215a88925044\"},\"headline\":\"Kindersitz im Wohnmobil: Sicherheit an Bord\",\"datePublished\":\"2024-12-17T18:33:36+00:00\",\"dateModified\":\"2024-12-17T18:50:48+00:00\",\"mainEntityOfPage\":{\"@id\":\"https:\\\/\\\/ahorn-camp.de\\\/kindersitz-im-wohnmobil\\\/\"},\"wordCount\":896,\"publisher\":{\"@id\":\"https:\\\/\\\/ahorn-camp.de\\\/#organization\"},\"image\":{\"@id\":\"https:\\\/\\\/ahorn-camp.de\\\/kindersitz-im-wohnmobil\\\/#primaryimage\"},\"thumbnailUrl\":\"https:\\\/\\\/ahorn-camp.de\\\/wp-content\\\/uploads\\\/2024\\\/12\\\/LUK06470-scaled.jpg\",\"articleSection\":[\"Blog\"],\"inLanguage\":\"pl-PL\"},{\"@type\":\"WebPage\",\"@id\":\"https:\\\/\\\/ahorn-camp.de\\\/kindersitz-im-wohnmobil\\\/\",\"url\":\"https:\\\/\\\/ahorn-camp.de\\\/kindersitz-im-wohnmobil\\\/\",\"name\":\"Kindersitz im Wohnmobil: Sicherheit an Bord\",\"isPartOf\":{\"@id\":\"https:\\\/\\\/ahorn-camp.de\\\/#website\"},\"primaryImageOfPage\":{\"@id\":\"https:\\\/\\\/ahorn-camp.de\\\/kindersitz-im-wohnmobil\\\/#primaryimage\"},\"image\":{\"@id\":\"https:\\\/\\\/ahorn-camp.de\\\/kindersitz-im-wohnmobil\\\/#primaryimage\"},\"thumbnailUrl\":\"https:\\\/\\\/ahorn-camp.de\\\/wp-content\\\/uploads\\\/2024\\\/12\\\/LUK06470-scaled.jpg\",\"datePublished\":\"2024-12-17T18:33:36+00:00\",\"dateModified\":\"2024-12-17T18:50:48+00:00\",\"description\":\"Ihr Leitfaden f\u00fcr Kindersitze im Wohnmobil. Von der Auswahl des richtigen Kindersitzes bis zur sicheren Befestigung.\",\"breadcrumb\":{\"@id\":\"https:\\\/\\\/ahorn-camp.de\\\/kindersitz-im-wohnmobil\\\/#breadcrumb\"},\"inLanguage\":\"pl-PL\",\"potentialAction\":[{\"@type\":\"ReadAction\",\"target\":[\"https:\\\/\\\/ahorn-camp.de\\\/kindersitz-im-wohnmobil\\\/\"]}]},{\"@type\":\"ImageObject\",\"inLanguage\":\"pl-PL\",\"@id\":\"https:\\\/\\\/ahorn-camp.de\\\/kindersitz-im-wohnmobil\\\/#primaryimage\",\"url\":\"https:\\\/\\\/ahorn-camp.de\\\/wp-content\\\/uploads\\\/2024\\\/12\\\/LUK06470-scaled.jpg\",\"contentUrl\":\"https:\\\/\\\/ahorn-camp.de\\\/wp-content\\\/uploads\\\/2024\\\/12\\\/LUK06470-scaled.jpg\",\"width\":1707,\"height\":2560,\"caption\":\"Kindersitz im Wohnmobil: Sicherheit an Bord\"},{\"@type\":\"BreadcrumbList\",\"@id\":\"https:\\\/\\\/ahorn-camp.de\\\/kindersitz-im-wohnmobil\\\/#breadcrumb\",\"itemListElement\":[{\"@type\":\"ListItem\",\"position\":1,\"name\":\"Startseite\",\"item\":\"https:\\\/\\\/ahorn-camp.de\\\/\"},{\"@type\":\"ListItem\",\"position\":2,\"name\":\"Kindersitz im Wohnmobil: Sicherheit an Bord\"}]},{\"@type\":\"WebSite\",\"@id\":\"https:\\\/\\\/ahorn-camp.de\\\/#website\",\"url\":\"https:\\\/\\\/ahorn-camp.de\\\/\",\"name\":\"Ahorn Camp | Reisemobile und Kastenwagen\",\"description\":\"Seit \u00fcber 30 Jahren vermarktet das Familienunternehmen, Ahorn Camp in Speyer, erfolgreich Wohnmobile und Kastenwagen zum besten Preis-Leistungsverh\u00e4ltnis.\",\"publisher\":{\"@id\":\"https:\\\/\\\/ahorn-camp.de\\\/#organization\"},\"potentialAction\":[{\"@type\":\"SearchAction\",\"target\":{\"@type\":\"EntryPoint\",\"urlTemplate\":\"https:\\\/\\\/ahorn-camp.de\\\/?s={search_term_string}\"},\"query-input\":{\"@type\":\"PropertyValueSpecification\",\"valueRequired\":true,\"valueName\":\"search_term_string\"}}],\"inLanguage\":\"pl-PL\"},{\"@type\":\"Organization\",\"@id\":\"https:\\\/\\\/ahorn-camp.de\\\/#organization\",\"name\":\"Ahorn Camp GmbH & Co. KG\",\"url\":\"https:\\\/\\\/ahorn-camp.de\\\/\",\"logo\":{\"@type\":\"ImageObject\",\"inLanguage\":\"pl-PL\",\"@id\":\"https:\\\/\\\/ahorn-camp.de\\\/#\\\/schema\\\/logo\\\/image\\\/\",\"url\":\"https:\\\/\\\/ahorn-camp.de\\\/wp-content\\\/uploads\\\/2018\\\/12\\\/Ahorn_Logo.jpg\",\"contentUrl\":\"https:\\\/\\\/ahorn-camp.de\\\/wp-content\\\/uploads\\\/2018\\\/12\\\/Ahorn_Logo.jpg\",\"width\":1437,\"height\":1000,\"caption\":\"Ahorn Camp GmbH & Co. KG\"},\"image\":{\"@id\":\"https:\\\/\\\/ahorn-camp.de\\\/#\\\/schema\\\/logo\\\/image\\\/\"},\"sameAs\":[\"https:\\\/\\\/www.facebook.com\\\/ahorn.wohnmobile\\\/\",\"https:\\\/\\\/www.instagram.com\\\/ahorn.camp\\\/\",\"https:\\\/\\\/www.youtube.com\\\/channel\\\/UCPFbPCts1JJ_A1k9vyH0yOQ\"]},{\"@type\":\"Person\",\"@id\":\"https:\\\/\\\/ahorn-camp.de\\\/#\\\/schema\\\/person\\\/9b60761ba82d5cb8e6db215a88925044\",\"name\":\"ahorn_admin\",\"image\":{\"@type\":\"ImageObject\",\"inLanguage\":\"pl-PL\",\"@id\":\"https:\\\/\\\/secure.gravatar.com\\\/avatar\\\/d96b9a078083b0c14cee48589feadd939c3cdd66547e2f3f1569470371daaaa5?s=96&d=mm&r=g\",\"url\":\"https:\\\/\\\/secure.gravatar.com\\\/avatar\\\/d96b9a078083b0c14cee48589feadd939c3cdd66547e2f3f1569470371daaaa5?s=96&d=mm&r=g\",\"contentUrl\":\"https:\\\/\\\/secure.gravatar.com\\\/avatar\\\/d96b9a078083b0c14cee48589feadd939c3cdd66547e2f3f1569470371daaaa5?s=96&d=mm&r=g\",\"caption\":\"ahorn_admin\"},\"sameAs\":[\"http:\\\/\\\/Ahorn%20Camp\"],\"url\":\"https:\\\/\\\/ahorn-camp.de\\\/pl\\\/author\\\/ahorn_admin\\\/\"}]}<\/script>\n<!-- \/ Yoast SEO plugin. -->","yoast_head_json":{"title":"Fotelik dzieci\u0119cy w kamperze: Bezpiecze\u0144stwo na pok\u0142adzie","description":"Tw\u00f3j przewodnik po fotelikach dzieci\u0119cych w kamperze. Od wyboru w\u0142a\u015bciwego fotelika po jego bezpieczne mocowanie.","robots":{"index":"index","follow":"follow","max-snippet":"max-snippet:-1","max-image-preview":"max-image-preview:large","max-video-preview":"max-video-preview:-1"},"canonical":"https:\/\/ahorn-camp.de\/pl\/fotelik-dzieciecy-w-kamperze\/","og_locale":"pl_PL","og_type":"article","og_title":"Kindersitz im Wohnmobil: Sicherheit an Bord","og_description":"Ihr Leitfaden f\u00fcr Kindersitze im Wohnmobil. Von der Auswahl des richtigen Kindersitzes bis zur sicheren Befestigung.","og_url":"https:\/\/ahorn-camp.de\/pl\/fotelik-dzieciecy-w-kamperze\/","og_site_name":"Ahorn Camp | Reisemobile und Kastenwagen","article_publisher":"https:\/\/www.facebook.com\/ahorn.wohnmobile\/","article_published_time":"2024-12-17T18:33:36+00:00","article_modified_time":"2024-12-17T18:50:48+00:00","og_image":[{"width":1707,"height":2560,"url":"https:\/\/ahorn-camp.de\/wp-content\/uploads\/2024\/12\/LUK06470-scaled.jpg","type":"image\/jpeg"}],"author":"ahorn_admin","twitter_card":"summary_large_image","twitter_misc":{"Napisane przez":"ahorn_admin","Szacowany czas czytania":"5 minut"},"schema":{"@context":"https:\/\/schema.org","@graph":[{"@type":"Article","@id":"https:\/\/ahorn-camp.de\/kindersitz-im-wohnmobil\/#article","isPartOf":{"@id":"https:\/\/ahorn-camp.de\/kindersitz-im-wohnmobil\/"},"author":{"name":"ahorn_admin","@id":"https:\/\/ahorn-camp.de\/#\/schema\/person\/9b60761ba82d5cb8e6db215a88925044"},"headline":"Kindersitz im Wohnmobil: Sicherheit an Bord","datePublished":"2024-12-17T18:33:36+00:00","dateModified":"2024-12-17T18:50:48+00:00","mainEntityOfPage":{"@id":"https:\/\/ahorn-camp.de\/kindersitz-im-wohnmobil\/"},"wordCount":896,"publisher":{"@id":"https:\/\/ahorn-camp.de\/#organization"},"image":{"@id":"https:\/\/ahorn-camp.de\/kindersitz-im-wohnmobil\/#primaryimage"},"thumbnailUrl":"https:\/\/ahorn-camp.de\/wp-content\/uploads\/2024\/12\/LUK06470-scaled.jpg","articleSection":["Blog"],"inLanguage":"pl-PL"},{"@type":"WebPage","@id":"https:\/\/ahorn-camp.de\/kindersitz-im-wohnmobil\/","url":"https:\/\/ahorn-camp.de\/kindersitz-im-wohnmobil\/","name":"Fotelik dzieci\u0119cy w kamperze: Bezpiecze\u0144stwo na pok\u0142adzie","isPartOf":{"@id":"https:\/\/ahorn-camp.de\/#website"},"primaryImageOfPage":{"@id":"https:\/\/ahorn-camp.de\/kindersitz-im-wohnmobil\/#primaryimage"},"image":{"@id":"https:\/\/ahorn-camp.de\/kindersitz-im-wohnmobil\/#primaryimage"},"thumbnailUrl":"https:\/\/ahorn-camp.de\/wp-content\/uploads\/2024\/12\/LUK06470-scaled.jpg","datePublished":"2024-12-17T18:33:36+00:00","dateModified":"2024-12-17T18:50:48+00:00","description":"Tw\u00f3j przewodnik po fotelikach dzieci\u0119cych w kamperze. Od wyboru w\u0142a\u015bciwego fotelika po jego bezpieczne mocowanie.","breadcrumb":{"@id":"https:\/\/ahorn-camp.de\/kindersitz-im-wohnmobil\/#breadcrumb"},"inLanguage":"pl-PL","potentialAction":[{"@type":"ReadAction","target":["https:\/\/ahorn-camp.de\/kindersitz-im-wohnmobil\/"]}]},{"@type":"ImageObject","inLanguage":"pl-PL","@id":"https:\/\/ahorn-camp.de\/kindersitz-im-wohnmobil\/#primaryimage","url":"https:\/\/ahorn-camp.de\/wp-content\/uploads\/2024\/12\/LUK06470-scaled.jpg","contentUrl":"https:\/\/ahorn-camp.de\/wp-content\/uploads\/2024\/12\/LUK06470-scaled.jpg","width":1707,"height":2560,"caption":"Kindersitz im Wohnmobil: Sicherheit an Bord"},{"@type":"BreadcrumbList","@id":"https:\/\/ahorn-camp.de\/kindersitz-im-wohnmobil\/#breadcrumb","itemListElement":[{"@type":"ListItem","position":1,"name":"Startseite","item":"https:\/\/ahorn-camp.de\/"},{"@type":"ListItem","position":2,"name":"Kindersitz im Wohnmobil: Sicherheit an Bord"}]},{"@type":"WebSite","@id":"https:\/\/ahorn-camp.de\/#website","url":"https:\/\/ahorn-camp.de\/","name":"Ahorn Camp | Kampery i samochody dostawcze","description":"Od ponad 30 lat rodzinna firma Ahorn Camp z siedzib\u0105 w Speyer z powodzeniem zajmuje si\u0119 sprzeda\u017c\u0105 kamper\u00f3w i samochod\u00f3w dostawczych o najlepszym stosunku ceny do jako\u015bci.","publisher":{"@id":"https:\/\/ahorn-camp.de\/#organization"},"potentialAction":[{"@type":"SearchAction","target":{"@type":"EntryPoint","urlTemplate":"https:\/\/ahorn-camp.de\/?s={search_term_string}"},"query-input":{"@type":"PropertyValueSpecification","valueRequired":true,"valueName":"search_term_string"}}],"inLanguage":"pl-PL"},{"@type":"Organization","@id":"https:\/\/ahorn-camp.de\/#organization","name":"Ahorn Camp GmbH &amp; Co. KG","url":"https:\/\/ahorn-camp.de\/","logo":{"@type":"ImageObject","inLanguage":"pl-PL","@id":"https:\/\/ahorn-camp.de\/#\/schema\/logo\/image\/","url":"https:\/\/ahorn-camp.de\/wp-content\/uploads\/2018\/12\/Ahorn_Logo.jpg","contentUrl":"https:\/\/ahorn-camp.de\/wp-content\/uploads\/2018\/12\/Ahorn_Logo.jpg","width":1437,"height":1000,"caption":"Ahorn Camp GmbH & Co. KG"},"image":{"@id":"https:\/\/ahorn-camp.de\/#\/schema\/logo\/image\/"},"sameAs":["https:\/\/www.facebook.com\/ahorn.wohnmobile\/","https:\/\/www.instagram.com\/ahorn.camp\/","https:\/\/www.youtube.com\/channel\/UCPFbPCts1JJ_A1k9vyH0yOQ"]},{"@type":"Person","@id":"https:\/\/ahorn-camp.de\/#\/schema\/person\/9b60761ba82d5cb8e6db215a88925044","name":"ahorn_admin","image":{"@type":"ImageObject","inLanguage":"pl-PL","@id":"https:\/\/secure.gravatar.com\/avatar\/d96b9a078083b0c14cee48589feadd939c3cdd66547e2f3f1569470371daaaa5?s=96&d=mm&r=g","url":"https:\/\/secure.gravatar.com\/avatar\/d96b9a078083b0c14cee48589feadd939c3cdd66547e2f3f1569470371daaaa5?s=96&d=mm&r=g","contentUrl":"https:\/\/secure.gravatar.com\/avatar\/d96b9a078083b0c14cee48589feadd939c3cdd66547e2f3f1569470371daaaa5?s=96&d=mm&r=g","caption":"ahorn_admin"},"sameAs":["http:\/\/Ahorn%20Camp"],"url":"https:\/\/ahorn-camp.de\/pl\/author\/ahorn_admin\/"}]}},"_links":{"self":[{"href":"https:\/\/ahorn-camp.de\/pl\/wp-json\/wp\/v2\/posts\/27076","targetHints":{"allow":["GET"]}}],"collection":[{"href":"https:\/\/ahorn-camp.de\/pl\/wp-json\/wp\/v2\/posts"}],"about":[{"href":"https:\/\/ahorn-camp.de\/pl\/wp-json\/wp\/v2\/types\/post"}],"author":[{"embeddable":true,"href":"https:\/\/ahorn-camp.de\/pl\/wp-json\/wp\/v2\/users\/2"}],"replies":[{"embeddable":true,"href":"https:\/\/ahorn-camp.de\/pl\/wp-json\/wp\/v2\/comments?post=27076"}],"version-history":[{"count":0,"href":"https:\/\/ahorn-camp.de\/pl\/wp-json\/wp\/v2\/posts\/27076\/revisions"}],"wp:featuredmedia":[{"embeddable":true,"href":"https:\/\/ahorn-camp.de\/pl\/wp-json\/wp\/v2\/media\/27077"}],"wp:attachment":[{"href":"https:\/\/ahorn-camp.de\/pl\/wp-json\/wp\/v2\/media?parent=27076"}],"wp:term":[{"taxonomy":"category","embeddable":true,"href":"https:\/\/ahorn-camp.de\/pl\/wp-json\/wp\/v2\/categories?post=27076"},{"taxonomy":"post_tag","embeddable":true,"href":"https:\/\/ahorn-camp.de\/pl\/wp-json\/wp\/v2\/tags?post=27076"}],"curies":[{"name":"wp","href":"https:\/\/api.w.org\/{rel}","templated":true}]}}