{"id":26310,"date":"2024-11-04T11:32:40","date_gmt":"2024-11-04T10:32:40","guid":{"rendered":"https:\/\/ahorn-camp.de\/?p=26310"},"modified":"2024-11-20T09:31:49","modified_gmt":"2024-11-20T08:31:49","slug":"illo-i-mops","status":"publish","type":"post","link":"https:\/\/ahorn-camp.de\/pl\/illo-und-mops\/","title":{"rendered":"YouTuber Illo i Mops w T690 w podr\u00f3\u017cy"},"content":{"rendered":"<div class=\"wpb-content-wrapper\" id=\"wpb-content-root\"><div class=\"vc_row wpb_row vc_row-fluid\"><div class=\"wpb_column vc_column_container vc_col-sm-12\"><div class=\"vc_column-inner\"><div class=\"wpb_wrapper\">\n\t<div  class=\"wpb_single_image wpb_content_element vc_align_center wpb_content_element\">\n\t\t\n\t\t<figure class=\"wpb_wrapper vc_figure\">\n\t\t\t<div class=\"vc_single_image-wrapper\"><img fetchpriority=\"high\" decoding=\"async\" width=\"2560\" height=\"1707\" src=\"https:\/\/ahorn-camp.de\/wp-content\/uploads\/2024\/11\/Illo-und-Mops-scaled.jpg\" class=\"vc_single_image-img attachment-full\" alt=\"YouTuberzy Illo i Mops podr\u00f3\u017cuj\u0105 kamperem marki Ahorn Camp\" title=\"YouTuberzy Illo i Mops podr\u00f3\u017cuj\u0105 kamperem marki Ahorn Camp\" srcset=\"https:\/\/ahorn-camp.de\/wp-content\/uploads\/2024\/11\/Illo-und-Mops-scaled.jpg 2560w, https:\/\/ahorn-camp.de\/wp-content\/uploads\/2024\/11\/Illo-und-Mops-300x200.jpg 300w, https:\/\/ahorn-camp.de\/wp-content\/uploads\/2024\/11\/Illo-und-Mops-1024x683.jpg 1024w, https:\/\/ahorn-camp.de\/wp-content\/uploads\/2024\/11\/Illo-und-Mops-768x512.jpg 768w, https:\/\/ahorn-camp.de\/wp-content\/uploads\/2024\/11\/Illo-und-Mops-800x533.jpg 800w, https:\/\/ahorn-camp.de\/wp-content\/uploads\/2024\/11\/Illo-und-Mops-1536x1024.jpg 1536w, https:\/\/ahorn-camp.de\/wp-content\/uploads\/2024\/11\/Illo-und-Mops-2048x1365.jpg 2048w\" sizes=\"(max-width: 2560px) 100vw, 2560px\" \/><\/div>\n\t\t<\/figure>\n\t<\/div>\n<div class=\"vc_empty_space\"   style=\"height: 15px\"><span class=\"vc_empty_space_inner\"><\/span><\/div><h2 style=\"font-size: 30px;color: #1B508C;text-align: left\" class=\"vc_custom_heading vc_do_custom_heading\" >Podr\u00f3\u017c do Niemiec z Ahorn Camp<\/h2><div class=\"vc_empty_space\"   style=\"height: 15px\"><span class=\"vc_empty_space_inner\"><\/span><\/div>\n\t<div class=\"wpb_text_column wpb_content_element\" >\n\t\t<div class=\"wpb_wrapper\">\n\t\t\t<p>Wi\u0119kszo\u015b\u0107 z nas ma pi\u0119kne wspomnienia z dawnych wypraw kempingowych \u2013 nad jeziorem, pod namiotem czy na kempingu z rodzin\u0105. Kemping to wolno\u015b\u0107: brak sta\u0142ych p\u00f3r posi\u0142k\u00f3w, nowe znajomo\u015bci i mo\u017cliwo\u015b\u0107 przemieszczania si\u0119 w dowolnym momencie. W\u0142a\u015bnie to cenimy w \u017cyciu w kamperze.<\/p>\n<p>My, Mops (34) i Illo (36), od maja 2022 roku podr\u00f3\u017cujemy po Europie kamperem z naszym synem (wtedy 3-letnim). Pochodz\u0105cy z Zag\u0142\u0119bia Ruhry, sprzedali\u015bmy nasze mieszkanie, samoch\u00f3d i przyczep\u0119 kempingow\u0105, aby kupi\u0107 kampera. Dzi\u0119ki kamperowi jeste\u015bmy znacznie bardziej elastyczni: je\u015bli pada deszcz, po prostu jedziemy do najbli\u017cszego s\u0142onecznego miejsca.<\/p>\n\n\t\t<\/div>\n\t<\/div>\n<div class=\"vc_empty_space\"   style=\"height: 15px\"><span class=\"vc_empty_space_inner\"><\/span><\/div><\/div><\/div><\/div><\/div><div class=\"vc_row wpb_row vc_row-fluid\"><div class=\"wpb_column vc_column_container vc_col-sm-12\"><div class=\"vc_column-inner\"><div class=\"wpb_wrapper\"><h2 style=\"font-size: 30px;color: #1B508C;text-align: left\" class=\"vc_custom_heading vc_do_custom_heading\" >Nasza decyzja: \u017cycie na czterech ko\u0142ach<\/h2><div class=\"vc_empty_space\"   style=\"height: 15px\"><span class=\"vc_empty_space_inner\"><\/span><\/div>\n\t<div class=\"wpb_text_column wpb_content_element\" >\n\t\t<div class=\"wpb_wrapper\">\n\t\t\t<p>Nasza podr\u00f3\u017c zacz\u0119\u0142a si\u0119 jako eksperyment \u2013 planowali\u015bmy sp\u0119dzi\u0107 rok na wyjazdach. Jednak dzi\u0119ki wskaz\u00f3wce od naszej spo\u0142eczno\u015bci na YouTube (kana\u0142: Illo i Mops) dowiedzieli\u015bmy si\u0119, \u017ce Illo m\u00f3g\u0142 wzi\u0105\u0107 dwuletni urlop rodzicielski. Tak wi\u0119c przed\u0142u\u017cyli\u015bmy nasz\u0105 podr\u00f3\u017c i odkryli\u015bmy Europ\u0119 na zupe\u0142nie nowy spos\u00f3b. Od Nordkapp po Sycyli\u0119, przez Maroko i Wyspy Kanaryjskie \u2013 prze\u017cyli\u015bmy zimy, jakich nie mo\u017cna sobie wyobrazi\u0107 w Niemczech.<\/p>\n<p>Nasza przygoda sta\u0142a si\u0119 jeszcze bardziej ekscytuj\u0105ca, gdy latem 2023 roku urodzi\u0142 si\u0119 nasz drugi syn. Na kr\u00f3tk\u0105 przerw\u0119 wr\u00f3cili\u015bmy do Niemiec i mieszkali\u015bmy przez 3,5 miesi\u0105ca w umeblowanym mieszkaniu, zanim nasza podr\u00f3\u017c ruszy\u0142a dalej.<\/p>\n\n\t\t<\/div>\n\t<\/div>\n<\/div><\/div><\/div><\/div><div class=\"vc_row wpb_row vc_row-fluid\"><div class=\"wpb_column vc_column_container vc_col-sm-12\"><div class=\"vc_column-inner\"><div class=\"wpb_wrapper\"><div class=\"vc_empty_space\"   style=\"height: 25px\"><span class=\"vc_empty_space_inner\"><\/span><\/div><h2 style=\"font-size: 30px;color: #1B508C;text-align: left\" class=\"vc_custom_heading vc_do_custom_heading\" >Ahorn Rent: Praktyczna elastyczno\u015b\u0107 podczas naszej podr\u00f3\u017cy<\/h2><div class=\"vc_empty_space\"   style=\"height: 15px\"><span class=\"vc_empty_space_inner\"><\/span><\/div>\n\t<div class=\"wpb_text_column wpb_content_element\" >\n\t\t<div class=\"wpb_wrapper\">\n\t\t\t<p>Dla nas by\u0142o szczeg\u00f3lnie praktyczne, \u017ce <strong><span style=\"color: #1b508c;\"><a style=\"color: #1b508c;\" href=\"http:\/\/www.ahorn-rent.de\" target=\"_blank\" rel=\"noopener\">Ahorn Wynajem<\/a><\/span><\/strong> ma r\u00f3\u017cne lokalizacje. Wypo\u017cyczyli\u015bmy kampera na po\u0142udniu w Spirze i oddali\u015bmy go w M\u00fclheim an der Ruhr. Dzi\u0119ki temu mogli\u015bmy po drodze do domu odkrywa\u0107 pi\u0119kne miejsca i farmy. Szczeg\u00f3lnie lubili\u015bmy<span style=\"color: #1b508c;\"> <a style=\"color: #1b508c;\" href=\"https:\/\/www.alpacacamping.de\/\" target=\"_blank\" rel=\"noopener\"><strong>Alpaca Camping<\/strong><\/a><\/span> zatrzymali\u015bmy si\u0119 na farmach.<\/p>\n\n\t\t<\/div>\n\t<\/div>\n<div class=\"vc_empty_space\"   style=\"height: 15px\"><span class=\"vc_empty_space_inner\"><\/span><\/div><div class=\"vc_row wpb_row vc_inner vc_row-fluid\"><div class=\"wpb_column vc_column_container vc_col-sm-4\"><div class=\"vc_column-inner\"><div class=\"wpb_wrapper\">\n\t<div  class=\"wpb_single_image wpb_content_element vc_align_center wpb_content_element\">\n\t\t\n\t\t<figure class=\"wpb_wrapper vc_figure\">\n\t\t\t<div class=\"vc_single_image-wrapper\"><img decoding=\"async\" width=\"2560\" height=\"1440\" src=\"https:\/\/ahorn-camp.de\/wp-content\/uploads\/2024\/11\/Illo-und-Mops7-scaled.jpg\" class=\"vc_single_image-img attachment-full\" alt=\"YouTuberzy Illo i Mops podr\u00f3\u017cuj\u0105 kamperem marki Ahorn Camp\" title=\"YouTuberzy Illo i Mops podr\u00f3\u017cuj\u0105 kamperem marki Ahorn Camp\" srcset=\"https:\/\/ahorn-camp.de\/wp-content\/uploads\/2024\/11\/Illo-und-Mops7-scaled.jpg 2560w, https:\/\/ahorn-camp.de\/wp-content\/uploads\/2024\/11\/Illo-und-Mops7-300x169.jpg 300w, https:\/\/ahorn-camp.de\/wp-content\/uploads\/2024\/11\/Illo-und-Mops7-1024x576.jpg 1024w, https:\/\/ahorn-camp.de\/wp-content\/uploads\/2024\/11\/Illo-und-Mops7-768x432.jpg 768w, https:\/\/ahorn-camp.de\/wp-content\/uploads\/2024\/11\/Illo-und-Mops7-800x450.jpg 800w, https:\/\/ahorn-camp.de\/wp-content\/uploads\/2024\/11\/Illo-und-Mops7-1536x864.jpg 1536w, https:\/\/ahorn-camp.de\/wp-content\/uploads\/2024\/11\/Illo-und-Mops7-2048x1152.jpg 2048w\" sizes=\"(max-width: 2560px) 100vw, 2560px\" \/><\/div>\n\t\t<\/figure>\n\t<\/div>\n<\/div><\/div><\/div><div class=\"wpb_column vc_column_container vc_col-sm-4\"><div class=\"vc_column-inner\"><div class=\"wpb_wrapper\">\n\t<div  class=\"wpb_single_image wpb_content_element vc_align_center wpb_content_element\">\n\t\t\n\t\t<figure class=\"wpb_wrapper vc_figure\">\n\t\t\t<div class=\"vc_single_image-wrapper\"><img decoding=\"async\" width=\"2048\" height=\"1152\" src=\"https:\/\/ahorn-camp.de\/wp-content\/uploads\/2024\/11\/Design-ohne-Titel.png\" class=\"vc_single_image-img attachment-full\" alt=\"YouTuberzy Illo i Mops podr\u00f3\u017cuj\u0105 kamperem marki Ahorn Camp\" title=\"YouTuberzy Illo i Mops podr\u00f3\u017cuj\u0105 kamperem marki Ahorn Camp\" srcset=\"https:\/\/ahorn-camp.de\/wp-content\/uploads\/2024\/11\/Design-ohne-Titel.png 2048w, https:\/\/ahorn-camp.de\/wp-content\/uploads\/2024\/11\/Design-ohne-Titel-300x169.png 300w, https:\/\/ahorn-camp.de\/wp-content\/uploads\/2024\/11\/Design-ohne-Titel-1024x576.png 1024w, https:\/\/ahorn-camp.de\/wp-content\/uploads\/2024\/11\/Design-ohne-Titel-768x432.png 768w, https:\/\/ahorn-camp.de\/wp-content\/uploads\/2024\/11\/Design-ohne-Titel-800x450.png 800w, https:\/\/ahorn-camp.de\/wp-content\/uploads\/2024\/11\/Design-ohne-Titel-1536x864.png 1536w\" sizes=\"(max-width: 2048px) 100vw, 2048px\" \/><\/div>\n\t\t<\/figure>\n\t<\/div>\n<\/div><\/div><\/div><div class=\"wpb_column vc_column_container vc_col-sm-4\"><div class=\"vc_column-inner\"><div class=\"wpb_wrapper\">\n\t<div  class=\"wpb_single_image wpb_content_element vc_align_center wpb_content_element\">\n\t\t\n\t\t<figure class=\"wpb_wrapper vc_figure\">\n\t\t\t<div class=\"vc_single_image-wrapper\"><img loading=\"lazy\" decoding=\"async\" width=\"2048\" height=\"1152\" src=\"https:\/\/ahorn-camp.de\/wp-content\/uploads\/2024\/11\/Design-ohne-Titel-4.png\" class=\"vc_single_image-img attachment-full\" alt=\"YouTuberzy Illo i Mops podr\u00f3\u017cuj\u0105 kamperem marki Ahorn Camp\" title=\"YouTuberzy Illo i Mops podr\u00f3\u017cuj\u0105 kamperem marki Ahorn Camp\" srcset=\"https:\/\/ahorn-camp.de\/wp-content\/uploads\/2024\/11\/Design-ohne-Titel-4.png 2048w, https:\/\/ahorn-camp.de\/wp-content\/uploads\/2024\/11\/Design-ohne-Titel-4-300x169.png 300w, https:\/\/ahorn-camp.de\/wp-content\/uploads\/2024\/11\/Design-ohne-Titel-4-1024x576.png 1024w, https:\/\/ahorn-camp.de\/wp-content\/uploads\/2024\/11\/Design-ohne-Titel-4-768x432.png 768w, https:\/\/ahorn-camp.de\/wp-content\/uploads\/2024\/11\/Design-ohne-Titel-4-800x450.png 800w, https:\/\/ahorn-camp.de\/wp-content\/uploads\/2024\/11\/Design-ohne-Titel-4-1536x864.png 1536w\" sizes=\"(max-width: 2048px) 100vw, 2048px\" \/><\/div>\n\t\t<\/figure>\n\t<\/div>\n<\/div><\/div><\/div><\/div><div class=\"vc_empty_space\"   style=\"height: 15px\"><span class=\"vc_empty_space_inner\"><\/span><\/div><\/div><\/div><\/div><\/div><div class=\"vc_row wpb_row vc_row-fluid\"><div class=\"wpb_column vc_column_container vc_col-sm-12\"><div class=\"vc_column-inner\"><div class=\"wpb_wrapper\"><div class=\"vc_empty_space\"   style=\"height: 25px\"><span class=\"vc_empty_space_inner\"><\/span><\/div><h2 style=\"font-size: 30px;color: #1B508C;text-align: left\" class=\"vc_custom_heading vc_do_custom_heading\" >Przygody na farmach i na \u0142onie natury<\/h2><div class=\"vc_empty_space\"   style=\"height: 15px\"><span class=\"vc_empty_space_inner\"><\/span><\/div>\n\t<div class=\"wpb_text_column wpb_content_element\" >\n\t\t<div class=\"wpb_wrapper\">\n\t\t\t<p>\u017bycie w kamperze z dw\u00f3jk\u0105 dzieci nie zawsze jest \u0142atwe \u2013 zw\u0142aszcza podczas deszczu nuda mo\u017ce szybko zepsu\u0107 nastr\u00f3j. Dlatego tak idealne s\u0105 urozmaicone postoje, na przyk\u0142ad na farmach. W Weiterstadt niedaleko Frankfurtu do\u015bwiadczyli\u015bmy bliskiego \u017cycia z kozami i \u015bwiniami. Dzieci bawi\u0142y si\u0119 na placu zabaw, a my cieszyli\u015bmy si\u0119 blisko\u015bci\u0105 natury.<\/p>\n<p>Z naszym po\u017cyczonym <span style=\"color: #1b508c;\"><a style=\"color: #1b508c;\" href=\"https:\/\/ahorn-camp.de\/pl\/przyczepy-kempingowe-ahorn\/campery-czesciowo-zintegrowane\/modele-czesciowo-zintegrowane-2024\/akt-690\/\" target=\"_blank\" rel=\"noopener\"><strong>Klon T690<\/strong><\/a><\/span> do\u015bwiadczyli\u015bmy elastyczno\u015bci, jak\u0105 oferuje kamper. Niezale\u017cnie od tego, czy podczas jazdy, czy podczas przygotowywania miejsc do spania \u2013 stopniowo przyzwyczaili\u015bmy si\u0119 do naszego pojazdu. Obszerne \u0142\u00f3\u017cka pojedyncze zapewni\u0142y nam i dzieciom wystarczaj\u0105co du\u017co miejsca.<\/p>\n\n\t\t<\/div>\n\t<\/div>\n<div class=\"vc_empty_space\"   style=\"height: 15px\"><span class=\"vc_empty_space_inner\"><\/span><\/div><div class=\"vc_row wpb_row vc_inner vc_row-fluid\"><div class=\"wpb_column vc_column_container vc_col-sm-4\"><div class=\"vc_column-inner\"><div class=\"wpb_wrapper\">\n\t<div  class=\"wpb_single_image wpb_content_element vc_align_center wpb_content_element\">\n\t\t\n\t\t<figure class=\"wpb_wrapper vc_figure\">\n\t\t\t<div class=\"vc_single_image-wrapper\"><img loading=\"lazy\" decoding=\"async\" width=\"1920\" height=\"2560\" src=\"https:\/\/ahorn-camp.de\/wp-content\/uploads\/2024\/11\/Illo-und-Mops3-scaled.jpg\" class=\"vc_single_image-img attachment-full\" alt=\"YouTuberzy Illo i Mops podr\u00f3\u017cuj\u0105 kamperem marki Ahorn Camp\" title=\"YouTuberzy Illo i Mops podr\u00f3\u017cuj\u0105 kamperem marki Ahorn Camp\" srcset=\"https:\/\/ahorn-camp.de\/wp-content\/uploads\/2024\/11\/Illo-und-Mops3-scaled.jpg 1920w, https:\/\/ahorn-camp.de\/wp-content\/uploads\/2024\/11\/Illo-und-Mops3-225x300.jpg 225w, https:\/\/ahorn-camp.de\/wp-content\/uploads\/2024\/11\/Illo-und-Mops3-768x1024.jpg 768w, https:\/\/ahorn-camp.de\/wp-content\/uploads\/2024\/11\/Illo-und-Mops3-450x600.jpg 450w, https:\/\/ahorn-camp.de\/wp-content\/uploads\/2024\/11\/Illo-und-Mops3-1152x1536.jpg 1152w, https:\/\/ahorn-camp.de\/wp-content\/uploads\/2024\/11\/Illo-und-Mops3-1536x2048.jpg 1536w, https:\/\/ahorn-camp.de\/wp-content\/uploads\/2024\/11\/Illo-und-Mops3-800x1067.jpg 800w\" sizes=\"(max-width: 1920px) 100vw, 1920px\" \/><\/div>\n\t\t<\/figure>\n\t<\/div>\n<\/div><\/div><\/div><div class=\"wpb_column vc_column_container vc_col-sm-4\"><div class=\"vc_column-inner\"><div class=\"wpb_wrapper\">\n\t<div  class=\"wpb_single_image wpb_content_element vc_align_center wpb_content_element\">\n\t\t\n\t\t<figure class=\"wpb_wrapper vc_figure\">\n\t\t\t<div class=\"vc_single_image-wrapper\"><img loading=\"lazy\" decoding=\"async\" width=\"1536\" height=\"2048\" src=\"https:\/\/ahorn-camp.de\/wp-content\/uploads\/2024\/11\/Design-ohne-Titel-5.png\" class=\"vc_single_image-img attachment-full\" alt=\"YouTuberzy Illo i Mops podr\u00f3\u017cuj\u0105 kamperem marki Ahorn Camp\" title=\"YouTuberzy Illo i Mops podr\u00f3\u017cuj\u0105 kamperem marki Ahorn Camp\" srcset=\"https:\/\/ahorn-camp.de\/wp-content\/uploads\/2024\/11\/Design-ohne-Titel-5.png 1536w, https:\/\/ahorn-camp.de\/wp-content\/uploads\/2024\/11\/Design-ohne-Titel-5-225x300.png 225w, https:\/\/ahorn-camp.de\/wp-content\/uploads\/2024\/11\/Design-ohne-Titel-5-768x1024.png 768w, https:\/\/ahorn-camp.de\/wp-content\/uploads\/2024\/11\/Design-ohne-Titel-5-450x600.png 450w, https:\/\/ahorn-camp.de\/wp-content\/uploads\/2024\/11\/Design-ohne-Titel-5-1152x1536.png 1152w, https:\/\/ahorn-camp.de\/wp-content\/uploads\/2024\/11\/Design-ohne-Titel-5-800x1067.png 800w\" sizes=\"(max-width: 1536px) 100vw, 1536px\" \/><\/div>\n\t\t<\/figure>\n\t<\/div>\n<\/div><\/div><\/div><div class=\"wpb_column vc_column_container vc_col-sm-4\"><div class=\"vc_column-inner\"><div class=\"wpb_wrapper\">\n\t<div  class=\"wpb_single_image wpb_content_element vc_align_center wpb_content_element\">\n\t\t\n\t\t<figure class=\"wpb_wrapper vc_figure\">\n\t\t\t<div class=\"vc_single_image-wrapper\"><img loading=\"lazy\" decoding=\"async\" width=\"1536\" height=\"2048\" src=\"https:\/\/ahorn-camp.de\/wp-content\/uploads\/2024\/11\/Design-ohne-Titel-3.png\" class=\"vc_single_image-img attachment-full\" alt=\"YouTuberzy Illo i Mops podr\u00f3\u017cuj\u0105 kamperem marki Ahorn Camp\" title=\"YouTuberzy Illo i Mops podr\u00f3\u017cuj\u0105 kamperem marki Ahorn Camp\" srcset=\"https:\/\/ahorn-camp.de\/wp-content\/uploads\/2024\/11\/Design-ohne-Titel-3.png 1536w, https:\/\/ahorn-camp.de\/wp-content\/uploads\/2024\/11\/Design-ohne-Titel-3-225x300.png 225w, https:\/\/ahorn-camp.de\/wp-content\/uploads\/2024\/11\/Design-ohne-Titel-3-768x1024.png 768w, https:\/\/ahorn-camp.de\/wp-content\/uploads\/2024\/11\/Design-ohne-Titel-3-450x600.png 450w, https:\/\/ahorn-camp.de\/wp-content\/uploads\/2024\/11\/Design-ohne-Titel-3-1152x1536.png 1152w, https:\/\/ahorn-camp.de\/wp-content\/uploads\/2024\/11\/Design-ohne-Titel-3-800x1067.png 800w\" sizes=\"(max-width: 1536px) 100vw, 1536px\" \/><\/div>\n\t\t<\/figure>\n\t<\/div>\n<\/div><\/div><\/div><\/div><div class=\"vc_empty_space\"   style=\"height: 15px\"><span class=\"vc_empty_space_inner\"><\/span><\/div><\/div><\/div><\/div><\/div><div class=\"vc_row wpb_row vc_row-fluid\"><div class=\"wpb_column vc_column_container vc_col-sm-12\"><div class=\"vc_column-inner\"><div class=\"wpb_wrapper\"><div class=\"vc_empty_space\"   style=\"height: 25px\"><span class=\"vc_empty_space_inner\"><\/span><\/div><h2 style=\"font-size: 30px;color: #1B508C;text-align: left\" class=\"vc_custom_heading vc_do_custom_heading\" >Wskaz\u00f3wki i triki dotycz\u0105ce \u017cycia w kamperze<\/h2><div class=\"vc_empty_space\"   style=\"height: 15px\"><span class=\"vc_empty_space_inner\"><\/span><\/div>\n\t<div class=\"wpb_text_column wpb_content_element\" >\n\t\t<div class=\"wpb_wrapper\">\n\t\t\t<div class=\"flex max-w-full flex-col flex-grow\">\n<div class=\"min-h-&#091;20px&#093; text-message flex w-full flex-col items-end gap-2 whitespace-normal break-words &#091;.text-message+&amp;&#093;:mt-5\" dir=\"auto\" data-message-author-role=\"assistant\" data-message-id=\"cb85b4df-e8a5-45f8-a3d6-ca10b0554499\">\n<div class=\"flex w-full flex-col gap-1 empty:hidden first:pt-&#091;3px&#093;\">\n<div class=\"markdown prose w-full break-words dark:prose-invert light\">\n<p>Podczas naszej podr\u00f3\u017cy nauczyli\u015bmy si\u0119, \u017ce to cz\u0119sto spo\u0142eczno\u015b\u0107 camper\u00f3w s\u0142u\u017cy pomoc\u0105 i rad\u0105. Problemy cz\u0119sto rozwi\u0105zuje si\u0119 spontanicznie na miejscu. Wsz\u0119dzie podczas kempingu poznaje si\u0119 ludzi, kt\u00f3rzy zawsze maj\u0105 pod r\u0119k\u0105 pomocn\u0105 wskaz\u00f3wk\u0119.<\/p>\n<\/div>\n<\/div>\n<\/div>\n<\/div>\n\n\t\t<\/div>\n\t<\/div>\n<div class=\"vc_empty_space\"   style=\"height: 15px\"><span class=\"vc_empty_space_inner\"><\/span><\/div><h2 style=\"font-size: 30px;color: #1B508C;text-align: left\" class=\"vc_custom_heading vc_do_custom_heading\" >Podr\u00f3\u017c Illo i Mopsa kamperem Ahorn Camp<\/h2><div class=\"vc_empty_space\"   style=\"height: 15px\"><span class=\"vc_empty_space_inner\"><\/span><\/div><div class=\"vc_row wpb_row vc_inner vc_row-fluid\"><div class=\"wpb_column vc_column_container vc_col-sm-6\"><div class=\"vc_column-inner\"><div class=\"wpb_wrapper\">\n\t<div class=\"wpb_video_widget wpb_content_element vc_clearfix   vc_video-aspect-ratio-169 vc_video-align-center\" >\n\t\t<div class=\"wpb_wrapper\" style=\"width: 100%\">\n\t\t\t\n\t\t\t<div class=\"wpb_video_wrapper\"><iframe title=\"Zapytali\u015bmy w Speyer | Ahorn Camp i Ahorn Rent\" width=\"500\" height=\"281\" src=\"https:\/\/www.youtube.com\/embed\/jbAricu--48?feature=oembed\" frameborder=\"0\" allow=\"accelerometer; autoplay; clipboard-write; encrypted-media; gyroscope; picture-in-picture; web-share\" referrerpolicy=\"strict-origin-when-cross-origin\" allowfullscreen><\/iframe><\/div>\n\t\t<\/div>\n\t<\/div>\n<\/div><\/div><\/div><div class=\"wpb_column vc_column_container vc_col-sm-6\"><div class=\"vc_column-inner\"><div class=\"wpb_wrapper\">\n\t<div class=\"wpb_video_widget wpb_content_element vc_clearfix   vc_video-aspect-ratio-169 vc_video-align-center\" >\n\t\t<div class=\"wpb_wrapper\" style=\"width: 100%\">\n\t\t\t\n\t\t\t<div class=\"wpb_video_wrapper\"><iframe title=\"Nasz nowy towarzysz podr\u00f3\u017cy na tras\u0119 po Niemczech ???????? Ahorn A690\" width=\"500\" height=\"281\" src=\"https:\/\/www.youtube.com\/embed\/31upiirMoPI?feature=oembed\" frameborder=\"0\" allow=\"accelerometer; autoplay; clipboard-write; encrypted-media; gyroscope; picture-in-picture; web-share\" referrerpolicy=\"strict-origin-when-cross-origin\" allowfullscreen><\/iframe><\/div>\n\t\t<\/div>\n\t<\/div>\n<\/div><\/div><\/div><\/div><div class=\"vc_row wpb_row vc_inner vc_row-fluid\"><div class=\"wpb_column vc_column_container vc_col-sm-6\"><div class=\"vc_column-inner\"><div class=\"wpb_wrapper\">\n\t<div class=\"wpb_video_widget wpb_content_element vc_clearfix   vc_video-aspect-ratio-169 vc_video-align-center\" >\n\t\t<div class=\"wpb_wrapper\" style=\"width: 100%\">\n\t\t\t\n\t\t\t<div class=\"wpb_video_wrapper\"><iframe title=\"Nocujemy w kempingu w zupe\u0142nie inny spos\u00f3b | Podoba nam si\u0119? Prywatne miejsce od AlpacaCamping\" width=\"500\" height=\"281\" src=\"https:\/\/www.youtube.com\/embed\/dJeHL40LdsY?feature=oembed\" frameborder=\"0\" allow=\"accelerometer; autoplay; clipboard-write; encrypted-media; gyroscope; picture-in-picture; web-share\" referrerpolicy=\"strict-origin-when-cross-origin\" allowfullscreen><\/iframe><\/div>\n\t\t<\/div>\n\t<\/div>\n<\/div><\/div><\/div><div class=\"wpb_column vc_column_container vc_col-sm-6\"><div class=\"vc_column-inner\"><div class=\"wpb_wrapper\">\n\t<div class=\"wpb_video_widget wpb_content_element vc_clearfix   vc_video-aspect-ratio-169 vc_video-align-center\" >\n\t\t<div class=\"wpb_wrapper\" style=\"width: 100%\">\n\t\t\t\n\t\t\t<div class=\"wpb_video_wrapper\"><iframe title=\"Pi\u0119kne, naturalne miejsca kempingowe na farmach | Niemcy mog\u0105 by\u0107 tak pi\u0119kne ???????? AlpacaCamping\" width=\"500\" height=\"281\" src=\"https:\/\/www.youtube.com\/embed\/3Qv9EWqdJpA?feature=oembed\" frameborder=\"0\" allow=\"accelerometer; autoplay; clipboard-write; encrypted-media; gyroscope; picture-in-picture; web-share\" referrerpolicy=\"strict-origin-when-cross-origin\" allowfullscreen><\/iframe><\/div>\n\t\t<\/div>\n\t<\/div>\n<\/div><\/div><\/div><\/div><div class=\"vc_empty_space\"   style=\"height: 25px\"><span class=\"vc_empty_space_inner\"><\/span><\/div><\/div><\/div><\/div><\/div>\n<\/div>","protected":false},"excerpt":{"rendered":"<p>Kemping oznacza wolno\u015b\u0107: brak sta\u0142ych godzin posi\u0142k\u00f3w, nowe znajomo\u015bci i mo\u017cliwo\u015b\u0107 dalszej podr\u00f3\u017cy w dowolnym momencie. W\u0142a\u015bnie to ceni\u0105 sobie tw\u00f3rcy YouTube w \u017cyciu w kamperze. Mops (34) i Illo (36) od maja 2022 roku podr\u00f3\u017cuj\u0105 po Europie kamperem z synem (wtedy 5-letnim). Przeczytaj o podr\u00f3\u017cy kamperem T690 od tw\u00f3rc\u00f3w YouTube.<\/p>","protected":false},"author":2,"featured_media":26333,"comment_status":"closed","ping_status":"closed","sticky":false,"template":"","format":"standard","meta":{"content-type":"","footnotes":""},"categories":[208],"tags":[],"class_list":["post-26310","post","type-post","status-publish","format-standard","has-post-thumbnail","hentry","category-blog"],"yoast_head":"<!-- This site is optimized with the Yoast SEO plugin v28.4 - https:\/\/yoast.com\/product\/yoast-seo-wordpress\/ -->\n<title>YouTuber Illo und Mops mit dem T690 unterwegs<\/title>\n<meta name=\"description\" content=\"Camping bedeutet Freiheit. Lesen Sie \u00fcber die Camping-Reise im Ahorn Camp Wohnmobil T690 von den YouTubern Illo und Mops.\" \/>\n<meta name=\"robots\" content=\"index, follow, max-snippet:-1, max-image-preview:large, max-video-preview:-1\" \/>\n<link rel=\"canonical\" href=\"https:\/\/ahorn-camp.de\/pl\/illo-i-mops\/\" \/>\n<meta property=\"og:locale\" content=\"pl_PL\" \/>\n<meta property=\"og:type\" content=\"article\" \/>\n<meta property=\"og:title\" content=\"YouTuber Illo und Mops mit dem T690 unterwegs\" \/>\n<meta property=\"og:description\" content=\"Camping bedeutet Freiheit. Lesen Sie \u00fcber die Camping-Reise im Ahorn Camp Wohnmobil T690 von den YouTubern Illo und Mops.\" \/>\n<meta property=\"og:url\" content=\"https:\/\/ahorn-camp.de\/pl\/illo-i-mops\/\" \/>\n<meta property=\"og:site_name\" content=\"Ahorn Camp | Reisemobile und Kastenwagen\" \/>\n<meta property=\"article:publisher\" content=\"https:\/\/www.facebook.com\/ahorn.wohnmobile\/\" \/>\n<meta property=\"article:published_time\" content=\"2024-11-04T10:32:40+00:00\" \/>\n<meta property=\"article:modified_time\" content=\"2024-11-20T08:31:49+00:00\" \/>\n<meta property=\"og:image\" content=\"https:\/\/ahorn-camp.de\/wp-content\/uploads\/2024\/11\/Design-ohne-Titel-5-768x1024.png\" \/>\n\t<meta property=\"og:image:width\" content=\"768\" \/>\n\t<meta property=\"og:image:height\" content=\"1024\" \/>\n\t<meta property=\"og:image:type\" content=\"image\/png\" \/>\n<meta name=\"author\" content=\"ahorn_admin\" \/>\n<meta name=\"twitter:card\" content=\"summary_large_image\" \/>\n<meta name=\"twitter:label1\" content=\"Napisane przez\" \/>\n\t<meta name=\"twitter:data1\" content=\"ahorn_admin\" \/>\n\t<meta name=\"twitter:label2\" content=\"Szacowany czas czytania\" \/>\n\t<meta name=\"twitter:data2\" content=\"5 minut\" \/>\n<script type=\"application\/ld+json\" class=\"yoast-schema-graph\">{\"@context\":\"https:\\\/\\\/schema.org\",\"@graph\":[{\"@type\":\"Article\",\"@id\":\"https:\\\/\\\/ahorn-camp.de\\\/illo-und-mops\\\/#article\",\"isPartOf\":{\"@id\":\"https:\\\/\\\/ahorn-camp.de\\\/illo-und-mops\\\/\"},\"author\":{\"name\":\"ahorn_admin\",\"@id\":\"https:\\\/\\\/ahorn-camp.de\\\/#\\\/schema\\\/person\\\/9b60761ba82d5cb8e6db215a88925044\"},\"headline\":\"YouTuber Illo und Mops mit dem T690 unterwegs\",\"datePublished\":\"2024-11-04T10:32:40+00:00\",\"dateModified\":\"2024-11-20T08:31:49+00:00\",\"mainEntityOfPage\":{\"@id\":\"https:\\\/\\\/ahorn-camp.de\\\/illo-und-mops\\\/\"},\"wordCount\":980,\"publisher\":{\"@id\":\"https:\\\/\\\/ahorn-camp.de\\\/#organization\"},\"image\":{\"@id\":\"https:\\\/\\\/ahorn-camp.de\\\/illo-und-mops\\\/#primaryimage\"},\"thumbnailUrl\":\"https:\\\/\\\/ahorn-camp.de\\\/wp-content\\\/uploads\\\/2024\\\/11\\\/Design-ohne-Titel-5.png\",\"articleSection\":[\"Blog\"],\"inLanguage\":\"pl-PL\"},{\"@type\":\"WebPage\",\"@id\":\"https:\\\/\\\/ahorn-camp.de\\\/illo-und-mops\\\/\",\"url\":\"https:\\\/\\\/ahorn-camp.de\\\/illo-und-mops\\\/\",\"name\":\"YouTuber Illo und Mops mit dem T690 unterwegs\",\"isPartOf\":{\"@id\":\"https:\\\/\\\/ahorn-camp.de\\\/#website\"},\"primaryImageOfPage\":{\"@id\":\"https:\\\/\\\/ahorn-camp.de\\\/illo-und-mops\\\/#primaryimage\"},\"image\":{\"@id\":\"https:\\\/\\\/ahorn-camp.de\\\/illo-und-mops\\\/#primaryimage\"},\"thumbnailUrl\":\"https:\\\/\\\/ahorn-camp.de\\\/wp-content\\\/uploads\\\/2024\\\/11\\\/Design-ohne-Titel-5.png\",\"datePublished\":\"2024-11-04T10:32:40+00:00\",\"dateModified\":\"2024-11-20T08:31:49+00:00\",\"description\":\"Camping bedeutet Freiheit. Lesen Sie \u00fcber die Camping-Reise im Ahorn Camp Wohnmobil T690 von den YouTubern Illo und Mops.\",\"breadcrumb\":{\"@id\":\"https:\\\/\\\/ahorn-camp.de\\\/illo-und-mops\\\/#breadcrumb\"},\"inLanguage\":\"pl-PL\",\"potentialAction\":[{\"@type\":\"ReadAction\",\"target\":[\"https:\\\/\\\/ahorn-camp.de\\\/illo-und-mops\\\/\"]}]},{\"@type\":\"ImageObject\",\"inLanguage\":\"pl-PL\",\"@id\":\"https:\\\/\\\/ahorn-camp.de\\\/illo-und-mops\\\/#primaryimage\",\"url\":\"https:\\\/\\\/ahorn-camp.de\\\/wp-content\\\/uploads\\\/2024\\\/11\\\/Design-ohne-Titel-5.png\",\"contentUrl\":\"https:\\\/\\\/ahorn-camp.de\\\/wp-content\\\/uploads\\\/2024\\\/11\\\/Design-ohne-Titel-5.png\",\"width\":1536,\"height\":2048,\"caption\":\"YouTuber Illo und Mops sind mit einem Ahorn Camp Wohnmobil auf Reise\"},{\"@type\":\"BreadcrumbList\",\"@id\":\"https:\\\/\\\/ahorn-camp.de\\\/illo-und-mops\\\/#breadcrumb\",\"itemListElement\":[{\"@type\":\"ListItem\",\"position\":1,\"name\":\"Startseite\",\"item\":\"https:\\\/\\\/ahorn-camp.de\\\/\"},{\"@type\":\"ListItem\",\"position\":2,\"name\":\"YouTuber Illo und Mops mit dem T690 unterwegs\"}]},{\"@type\":\"WebSite\",\"@id\":\"https:\\\/\\\/ahorn-camp.de\\\/#website\",\"url\":\"https:\\\/\\\/ahorn-camp.de\\\/\",\"name\":\"Ahorn Camp | Reisemobile und Kastenwagen\",\"description\":\"Seit \u00fcber 30 Jahren vermarktet das Familienunternehmen, Ahorn Camp in Speyer, erfolgreich Wohnmobile und Kastenwagen zum besten Preis-Leistungsverh\u00e4ltnis.\",\"publisher\":{\"@id\":\"https:\\\/\\\/ahorn-camp.de\\\/#organization\"},\"potentialAction\":[{\"@type\":\"SearchAction\",\"target\":{\"@type\":\"EntryPoint\",\"urlTemplate\":\"https:\\\/\\\/ahorn-camp.de\\\/?s={search_term_string}\"},\"query-input\":{\"@type\":\"PropertyValueSpecification\",\"valueRequired\":true,\"valueName\":\"search_term_string\"}}],\"inLanguage\":\"pl-PL\"},{\"@type\":\"Organization\",\"@id\":\"https:\\\/\\\/ahorn-camp.de\\\/#organization\",\"name\":\"Ahorn Camp GmbH & Co. KG\",\"url\":\"https:\\\/\\\/ahorn-camp.de\\\/\",\"logo\":{\"@type\":\"ImageObject\",\"inLanguage\":\"pl-PL\",\"@id\":\"https:\\\/\\\/ahorn-camp.de\\\/#\\\/schema\\\/logo\\\/image\\\/\",\"url\":\"https:\\\/\\\/ahorn-camp.de\\\/wp-content\\\/uploads\\\/2018\\\/12\\\/Ahorn_Logo.jpg\",\"contentUrl\":\"https:\\\/\\\/ahorn-camp.de\\\/wp-content\\\/uploads\\\/2018\\\/12\\\/Ahorn_Logo.jpg\",\"width\":1437,\"height\":1000,\"caption\":\"Ahorn Camp GmbH & Co. KG\"},\"image\":{\"@id\":\"https:\\\/\\\/ahorn-camp.de\\\/#\\\/schema\\\/logo\\\/image\\\/\"},\"sameAs\":[\"https:\\\/\\\/www.facebook.com\\\/ahorn.wohnmobile\\\/\",\"https:\\\/\\\/www.instagram.com\\\/ahorn.camp\\\/\",\"https:\\\/\\\/www.youtube.com\\\/channel\\\/UCPFbPCts1JJ_A1k9vyH0yOQ\"]},{\"@type\":\"Person\",\"@id\":\"https:\\\/\\\/ahorn-camp.de\\\/#\\\/schema\\\/person\\\/9b60761ba82d5cb8e6db215a88925044\",\"name\":\"ahorn_admin\",\"image\":{\"@type\":\"ImageObject\",\"inLanguage\":\"pl-PL\",\"@id\":\"https:\\\/\\\/secure.gravatar.com\\\/avatar\\\/d96b9a078083b0c14cee48589feadd939c3cdd66547e2f3f1569470371daaaa5?s=96&d=mm&r=g\",\"url\":\"https:\\\/\\\/secure.gravatar.com\\\/avatar\\\/d96b9a078083b0c14cee48589feadd939c3cdd66547e2f3f1569470371daaaa5?s=96&d=mm&r=g\",\"contentUrl\":\"https:\\\/\\\/secure.gravatar.com\\\/avatar\\\/d96b9a078083b0c14cee48589feadd939c3cdd66547e2f3f1569470371daaaa5?s=96&d=mm&r=g\",\"caption\":\"ahorn_admin\"},\"sameAs\":[\"http:\\\/\\\/Ahorn%20Camp\"],\"url\":\"https:\\\/\\\/ahorn-camp.de\\\/pl\\\/author\\\/ahorn_admin\\\/\"}]}<\/script>\n<!-- \/ Yoast SEO plugin. -->","yoast_head_json":{"title":"YouTuber Illo i Mops w T690 w podr\u00f3\u017cy","description":"Kemping to wolno\u015b\u0107. Przeczytajcie o podr\u00f3\u017cy kempingowej kamperem Ahorn Camp T690, kt\u00f3r\u0105 odbyli youtuberzy Illo i Mops.","robots":{"index":"index","follow":"follow","max-snippet":"max-snippet:-1","max-image-preview":"max-image-preview:large","max-video-preview":"max-video-preview:-1"},"canonical":"https:\/\/ahorn-camp.de\/pl\/illo-i-mops\/","og_locale":"pl_PL","og_type":"article","og_title":"YouTuber Illo und Mops mit dem T690 unterwegs","og_description":"Camping bedeutet Freiheit. Lesen Sie \u00fcber die Camping-Reise im Ahorn Camp Wohnmobil T690 von den YouTubern Illo und Mops.","og_url":"https:\/\/ahorn-camp.de\/pl\/illo-i-mops\/","og_site_name":"Ahorn Camp | Reisemobile und Kastenwagen","article_publisher":"https:\/\/www.facebook.com\/ahorn.wohnmobile\/","article_published_time":"2024-11-04T10:32:40+00:00","article_modified_time":"2024-11-20T08:31:49+00:00","og_image":[{"width":768,"height":1024,"url":"https:\/\/ahorn-camp.de\/wp-content\/uploads\/2024\/11\/Design-ohne-Titel-5-768x1024.png","type":"image\/png"}],"author":"ahorn_admin","twitter_card":"summary_large_image","twitter_misc":{"Napisane przez":"ahorn_admin","Szacowany czas czytania":"5 minut"},"schema":{"@context":"https:\/\/schema.org","@graph":[{"@type":"Article","@id":"https:\/\/ahorn-camp.de\/illo-und-mops\/#article","isPartOf":{"@id":"https:\/\/ahorn-camp.de\/illo-und-mops\/"},"author":{"name":"ahorn_admin","@id":"https:\/\/ahorn-camp.de\/#\/schema\/person\/9b60761ba82d5cb8e6db215a88925044"},"headline":"YouTuber Illo und Mops mit dem T690 unterwegs","datePublished":"2024-11-04T10:32:40+00:00","dateModified":"2024-11-20T08:31:49+00:00","mainEntityOfPage":{"@id":"https:\/\/ahorn-camp.de\/illo-und-mops\/"},"wordCount":980,"publisher":{"@id":"https:\/\/ahorn-camp.de\/#organization"},"image":{"@id":"https:\/\/ahorn-camp.de\/illo-und-mops\/#primaryimage"},"thumbnailUrl":"https:\/\/ahorn-camp.de\/wp-content\/uploads\/2024\/11\/Design-ohne-Titel-5.png","articleSection":["Blog"],"inLanguage":"pl-PL"},{"@type":"WebPage","@id":"https:\/\/ahorn-camp.de\/illo-und-mops\/","url":"https:\/\/ahorn-camp.de\/illo-und-mops\/","name":"YouTuber Illo i Mops w T690 w podr\u00f3\u017cy","isPartOf":{"@id":"https:\/\/ahorn-camp.de\/#website"},"primaryImageOfPage":{"@id":"https:\/\/ahorn-camp.de\/illo-und-mops\/#primaryimage"},"image":{"@id":"https:\/\/ahorn-camp.de\/illo-und-mops\/#primaryimage"},"thumbnailUrl":"https:\/\/ahorn-camp.de\/wp-content\/uploads\/2024\/11\/Design-ohne-Titel-5.png","datePublished":"2024-11-04T10:32:40+00:00","dateModified":"2024-11-20T08:31:49+00:00","description":"Kemping to wolno\u015b\u0107. Przeczytajcie o podr\u00f3\u017cy kempingowej kamperem Ahorn Camp T690, kt\u00f3r\u0105 odbyli youtuberzy Illo i Mops.","breadcrumb":{"@id":"https:\/\/ahorn-camp.de\/illo-und-mops\/#breadcrumb"},"inLanguage":"pl-PL","potentialAction":[{"@type":"ReadAction","target":["https:\/\/ahorn-camp.de\/illo-und-mops\/"]}]},{"@type":"ImageObject","inLanguage":"pl-PL","@id":"https:\/\/ahorn-camp.de\/illo-und-mops\/#primaryimage","url":"https:\/\/ahorn-camp.de\/wp-content\/uploads\/2024\/11\/Design-ohne-Titel-5.png","contentUrl":"https:\/\/ahorn-camp.de\/wp-content\/uploads\/2024\/11\/Design-ohne-Titel-5.png","width":1536,"height":2048,"caption":"YouTuber Illo und Mops sind mit einem Ahorn Camp Wohnmobil auf Reise"},{"@type":"BreadcrumbList","@id":"https:\/\/ahorn-camp.de\/illo-und-mops\/#breadcrumb","itemListElement":[{"@type":"ListItem","position":1,"name":"Startseite","item":"https:\/\/ahorn-camp.de\/"},{"@type":"ListItem","position":2,"name":"YouTuber Illo und Mops mit dem T690 unterwegs"}]},{"@type":"WebSite","@id":"https:\/\/ahorn-camp.de\/#website","url":"https:\/\/ahorn-camp.de\/","name":"Ahorn Camp | Kampery i samochody dostawcze","description":"Od ponad 30 lat rodzinna firma Ahorn Camp z siedzib\u0105 w Speyer z powodzeniem zajmuje si\u0119 sprzeda\u017c\u0105 kamper\u00f3w i samochod\u00f3w dostawczych o najlepszym stosunku ceny do jako\u015bci.","publisher":{"@id":"https:\/\/ahorn-camp.de\/#organization"},"potentialAction":[{"@type":"SearchAction","target":{"@type":"EntryPoint","urlTemplate":"https:\/\/ahorn-camp.de\/?s={search_term_string}"},"query-input":{"@type":"PropertyValueSpecification","valueRequired":true,"valueName":"search_term_string"}}],"inLanguage":"pl-PL"},{"@type":"Organization","@id":"https:\/\/ahorn-camp.de\/#organization","name":"Ahorn Camp GmbH &amp; Co. KG","url":"https:\/\/ahorn-camp.de\/","logo":{"@type":"ImageObject","inLanguage":"pl-PL","@id":"https:\/\/ahorn-camp.de\/#\/schema\/logo\/image\/","url":"https:\/\/ahorn-camp.de\/wp-content\/uploads\/2018\/12\/Ahorn_Logo.jpg","contentUrl":"https:\/\/ahorn-camp.de\/wp-content\/uploads\/2018\/12\/Ahorn_Logo.jpg","width":1437,"height":1000,"caption":"Ahorn Camp GmbH & Co. KG"},"image":{"@id":"https:\/\/ahorn-camp.de\/#\/schema\/logo\/image\/"},"sameAs":["https:\/\/www.facebook.com\/ahorn.wohnmobile\/","https:\/\/www.instagram.com\/ahorn.camp\/","https:\/\/www.youtube.com\/channel\/UCPFbPCts1JJ_A1k9vyH0yOQ"]},{"@type":"Person","@id":"https:\/\/ahorn-camp.de\/#\/schema\/person\/9b60761ba82d5cb8e6db215a88925044","name":"ahorn_admin","image":{"@type":"ImageObject","inLanguage":"pl-PL","@id":"https:\/\/secure.gravatar.com\/avatar\/d96b9a078083b0c14cee48589feadd939c3cdd66547e2f3f1569470371daaaa5?s=96&d=mm&r=g","url":"https:\/\/secure.gravatar.com\/avatar\/d96b9a078083b0c14cee48589feadd939c3cdd66547e2f3f1569470371daaaa5?s=96&d=mm&r=g","contentUrl":"https:\/\/secure.gravatar.com\/avatar\/d96b9a078083b0c14cee48589feadd939c3cdd66547e2f3f1569470371daaaa5?s=96&d=mm&r=g","caption":"ahorn_admin"},"sameAs":["http:\/\/Ahorn%20Camp"],"url":"https:\/\/ahorn-camp.de\/pl\/author\/ahorn_admin\/"}]}},"_links":{"self":[{"href":"https:\/\/ahorn-camp.de\/pl\/wp-json\/wp\/v2\/posts\/26310","targetHints":{"allow":["GET"]}}],"collection":[{"href":"https:\/\/ahorn-camp.de\/pl\/wp-json\/wp\/v2\/posts"}],"about":[{"href":"https:\/\/ahorn-camp.de\/pl\/wp-json\/wp\/v2\/types\/post"}],"author":[{"embeddable":true,"href":"https:\/\/ahorn-camp.de\/pl\/wp-json\/wp\/v2\/users\/2"}],"replies":[{"embeddable":true,"href":"https:\/\/ahorn-camp.de\/pl\/wp-json\/wp\/v2\/comments?post=26310"}],"version-history":[{"count":0,"href":"https:\/\/ahorn-camp.de\/pl\/wp-json\/wp\/v2\/posts\/26310\/revisions"}],"wp:featuredmedia":[{"embeddable":true,"href":"https:\/\/ahorn-camp.de\/pl\/wp-json\/wp\/v2\/media\/26333"}],"wp:attachment":[{"href":"https:\/\/ahorn-camp.de\/pl\/wp-json\/wp\/v2\/media?parent=26310"}],"wp:term":[{"taxonomy":"category","embeddable":true,"href":"https:\/\/ahorn-camp.de\/pl\/wp-json\/wp\/v2\/categories?post=26310"},{"taxonomy":"post_tag","embeddable":true,"href":"https:\/\/ahorn-camp.de\/pl\/wp-json\/wp\/v2\/tags?post=26310"}],"curies":[{"name":"wp","href":"https:\/\/api.w.org\/{rel}","templated":true}]}}