{"id":25489,"date":"2024-10-07T11:36:57","date_gmt":"2024-10-07T09:36:57","guid":{"rendered":"https:\/\/ahorn-camp.de\/?p=25489"},"modified":"2024-10-07T11:36:57","modified_gmt":"2024-10-07T09:36:57","slug":"debate-panelowa","status":"publish","type":"post","link":"https:\/\/ahorn-camp.de\/pl\/podiumsdiskussion\/","title":{"rendered":"Dyskusja panelowa z udzia\u0142em wybitnych go\u015bci podczas wydarzenia Ahorn Camp"},"content":{"rendered":"<div class=\"wpb-content-wrapper\" id=\"wpb-content-root\"><div class=\"vc_row wpb_row vc_row-fluid\"><div class=\"wpb_column vc_column_container vc_col-sm-6\"><div class=\"vc_column-inner\"><div class=\"wpb_wrapper\">\n\t<div class=\"wpb_text_column wpb_content_element\" >\n\t\t<div class=\"wpb_wrapper\">\n\t\t\t<p><strong>Turystyka jako czynnik gospodarczy w Nadrenii-Palatynacie z udzia\u0142em Ministra Gospodarki Daniela Schmitta<\/strong><\/p>\n<p><strong>Speyer.<\/strong> Wczoraj, 25 wrze\u015bnia 2024 r., w siedzibie g\u0142\u00f3wnej firmy Ahorn Camp w Speyer odby\u0142a si\u0119 dyskusja panelowa pod has\u0142em \u201eTurystyka w Nadrenii-Palatynacie \u2013 czynnik gospodarczy o znaczeniu regionalnym \u2013 i nie tylko!\u201c. Eksperci ze \u015bwiata gospodarki, turystyki, hotelarstwa i bran\u017cy kempingowej wymienili pogl\u0105dy z go\u015bciem honorowym, Daniel\u0105 Schmitt, ministerk\u0105 gospodarki, transportu, rolnictwa i winiarstwa, na temat aktualnych wyzwa\u0144 i szans tej ga\u0142\u0119zi gospodarki. Opr\u00f3cz pani Schmitt w dyskusji wzi\u0119li udzia\u0142 Mario Daum (Agencja Rozwoju Gospodarczego w Speyer), J\u00fcrgen Vogel (Izba Przemys\u0142owo-Handlowa Palatynatu), Alexander Reichmann (Ahorn Camp GmbH), Eric Kunz (Hotel Restaurant Kunz) i Christian Heck (Hotel am Wartturm), a tak\u017ce blisko 60 innych znamienitych go\u015bci.<\/p>\n<p><strong>Turystyka jako czynnik gospodarczy i lokalizacyjny <\/strong><\/p>\n<p>Minister gospodarki Daniela Schmitt podkre\u015bli\u0142a znaczenie turystyki dla Nadrenii-Palatynatu. Podkre\u015bli\u0142a, \u017ce w ostatnich latach, dzi\u0119ki znacznym inwestycjom, wytyczono wa\u017cne kierunki polityki turystycznej \u2013 na d\u0142ugo przed tym, zanim kryzysy zwi\u0105zane z pandemi\u0105 koronawirusa oraz geopolityczne skutki wojny na Ukrainie postawi\u0142y ten sektor przed ogromnymi wyzwaniami. Pomimo tych kryzys\u00f3w dostrzega ona szanse: \u201eLudzie coraz cz\u0119\u015bciej poszukuj\u0105 mo\u017cliwo\u015bci zwolnienia tempa i sp\u0119dzenia warto\u015bciowego czasu w swoim najbli\u017cszym otoczeniu\u201c. Schmitt podkre\u015bli\u0142a r\u00f3wnie\u017c rol\u0119 turystyki w poprawie atrakcyjno\u015bci regionu, co ma decyduj\u0105ce znaczenie zw\u0142aszcza w walce z niedoborem wykwalifikowanych pracownik\u00f3w. Wgl\u0105d w bran\u017c\u0119 kempingow\u0105 przedstawi\u0142 Alexander Reichmann, dyrektor zarz\u0105dzaj\u0105cy firmy Ahorn Camp GmbH: \u201eTen rodzaj turystyki przynosi dochody miastom, poniewa\u017c mi\u0142o\u015bnicy kamper\u00f3w s\u0105 turystami ch\u0119tnie wydaj\u0105cymi pieni\u0105dze i sp\u0119dzaj\u0105 wakacje g\u0142\u00f3wnie w kraju. Jednocze\u015bnie brakuje miejsc postojowych; potrzebna jest jasna strategia i wi\u0119cej miejsc postojowych zapewnianych przez gminy\u201c.\u201c<\/p>\n<p><strong>Regulacje i biurokracja: przeszkody dla \u015brednich przedsi\u0119biorstw<\/strong><\/p>\n<p>Alexander Reichmann i J\u00fcrgen Vogel podkre\u015blili potrzeb\u0119 zlikwidowania barier biurokratycznych. Reichmann zaznaczy\u0142, \u017ce sektor \u015brednich przedsi\u0119biorstw, a w szczeg\u00f3lno\u015bci firmy rodzinne, cierpi\u0105 z powodu rosn\u0105cej g\u0119sto\u015bci regulacyjnej i braku jasnych wytycznych w polityce samorz\u0105dowej: \u201eInwestujemy i dajemy z siebie wszystko, co mo\u017cemy. Ale do tego potrzebujemy wi\u0119cej swobody dzia\u0142ania i docenienia.\u201c Vogel z Izby Przemys\u0142owo-Handlowej (IHK) doda\u0142, \u017ce nadmierna regulacja i mnogo\u015b\u0107 program\u00f3w wsparcia cz\u0119sto dzia\u0142aj\u0105 hamuj\u0105co: \u201eMniej biurokracji, mniej podatk\u00f3w i op\u0142at \u2013 to musi by\u0107 cel.\u201c Obaj zaapelowali o wzmocnienie wolno\u015bci przedsi\u0119biorczo\u015bci, aby zapewni\u0107 Nadrenii-Palatynatowi atrakcyjno\u015b\u0107 jako lokalizacji dla biznesu.<\/p>\n<p><strong>Postulat ograniczenia biurokracji i nowej kultury rynku pracy<\/strong><\/p>\n<p>Schmitt wskaza\u0142a, \u017ce rz\u0105d wdro\u017cy\u0142 ju\u017c 57 \u015brodk\u00f3w maj\u0105cych na celu odci\u0105\u017cenie \u015brednich przedsi\u0119biorstw. Jednocze\u015bnie wezwa\u0142a do bardziej otwartego podej\u015bcia do wykwalifikowanej imigracji i wi\u0119kszej \u201ech\u0119ci do osi\u0105gni\u0119\u0107\u201c w spo\u0142ecze\u0144stwie. \u201eMusimy ponownie po\u0142o\u017cy\u0107 wi\u0119kszy nacisk na warto\u015b\u0107 pracy i zami\u0142owanie do odpowiedzialno\u015bci\u201c - podkre\u015bli\u0142a.<\/p>\n<p><strong>Docenianie i postawa jako czynniki przysz\u0142o\u015bci<\/strong><\/p>\n<p>W swoim przem\u00f3wieniu ko\u0144cowym Schmitt podkre\u015bli\u0142a znaczenie doceniania firm rodzinnych, ma\u0142ych i \u015brednich przedsi\u0119biorstw, a tak\u017ce zak\u0142ad\u00f3w rolniczych i rzemie\u015blniczych. Jej polityka ma na celu tworzenie praktycznych rozwi\u0105za\u0144 w dialogu z izbami i stowarzyszeniami. Jednocze\u015bnie ostrzeg\u0142a, \u017ce w debacie spo\u0142ecznej cz\u0119sto brakuje jasnego zaanga\u017cowania na rzecz lokalizacji gospodarczej. Wezwa\u0142a do pozytywnego, zorientowanego na przysz\u0142o\u015b\u0107 my\u015blenia, aby zapewni\u0107 dobrobyt i potencja\u0142 innowacyjny kraju. Optymistyczny apel Schmitt: \u201eMusimy ponownie skupi\u0107 si\u0119 na wsp\u00f3lnych sukcesach, promuj\u0105c jednocze\u015bnie gotowo\u015b\u0107 do osi\u0105gania wynik\u00f3w, aby sprosta\u0107 wyzwaniom przysz\u0142o\u015bci.\u201c<\/p>\n\n\t\t<\/div>\n\t<\/div>\n<\/div><\/div><\/div><div class=\"wpb_column vc_column_container vc_col-sm-6\"><div class=\"vc_column-inner\"><div class=\"wpb_wrapper\">\n\t<div  class=\"wpb_single_image wpb_content_element vc_align_left wpb_content_element\">\n\t\t\n\t\t<figure class=\"wpb_wrapper vc_figure\">\n\t\t\t<div class=\"vc_single_image-wrapper\"><img fetchpriority=\"high\" decoding=\"async\" width=\"800\" height=\"600\" src=\"https:\/\/ahorn-camp.de\/wp-content\/uploads\/2024\/10\/Aktuelles-Website-6.png\" class=\"vc_single_image-img attachment-full\" alt=\"Debata panelowa\" title=\"Debata panelowa\" srcset=\"https:\/\/ahorn-camp.de\/wp-content\/uploads\/2024\/10\/Aktuelles-Website-6.png 800w, https:\/\/ahorn-camp.de\/wp-content\/uploads\/2024\/10\/Aktuelles-Website-6-300x225.png 300w, https:\/\/ahorn-camp.de\/wp-content\/uploads\/2024\/10\/Aktuelles-Website-6-768x576.png 768w, https:\/\/ahorn-camp.de\/wp-content\/uploads\/2024\/10\/Aktuelles-Website-6-200x150.png 200w\" sizes=\"(max-width: 800px) 100vw, 800px\" \/><\/div>\n\t\t<\/figure>\n\t<\/div>\n<h3 style=\"text-align: left\" class=\"vc_custom_heading vc_do_custom_heading\" >POBIERZ<\/h3>\n\t<div class=\"wpb_text_column wpb_content_element\" >\n\t\t<div class=\"wpb_wrapper\">\n\t\t\t<p><a href=\"https:\/\/ahorn-camp.de\/wp-content\/uploads\/2024\/10\/Pressemitteilung_Podiumsdiskussion.pdf\" target=\"_blank\" rel=\"noopener\">Komunikat prasowy | PDF<\/a><\/p>\n\n\t\t<\/div>\n\t<\/div>\n\n\t<div class=\"wpb_text_column wpb_content_element\" >\n\t\t<div class=\"wpb_wrapper\">\n\t\t\t<p><a href=\"https:\/\/www.dropbox.com\/scl\/fo\/bx0f1ffmnrfqmfd7b8u04\/AC2NOoh6PZ-t5gb8UAb0sxM?rlkey=x2vpsai73c891x0jcovltj7qp&amp;st=fjr9fusa&amp;dl=0\" target=\"_blank\" rel=\"noopener\">Obrazy | Dropbox<\/a><\/p>\n\n\t\t<\/div>\n\t<\/div>\n<h3 style=\"text-align: left\" class=\"vc_custom_heading vc_do_custom_heading\" >KONTAKT DLA MEDI\u00d3W<\/h3>\n\t<div class=\"wpb_text_column wpb_content_element\" >\n\t\t<div class=\"wpb_wrapper\">\n\t\t\t<p>Franciszka Reichmann<br \/>\nDyrektor ds. Marketingu<br \/>\nE-Mail: f.reichmann@ahorn-camp.de<br \/>\nTel.: +49 (0) 6232 \/ 10028-165<br \/>\nFaks.: +49 (0) 6232 \/ 10028-105<\/p>\n\n\t\t<\/div>\n\t<\/div>\n<\/div><\/div><\/div><\/div>\n<\/div>","protected":false},"excerpt":{"rendered":"<p>Pod has\u0142em \u201eTurystyka w Nadrenii-Palatynacie \u2013 czynnik gospodarczy regionu \u2013 i znacznie wi\u0119cej!\u201c eksperci z dziedziny gospodarki, turystyki, hotelarstwa i bran\u017cy kempingowej wymienili si\u0119 pogl\u0105dami z honorowym go\u015bciem, Daniel\u0105 Schmitt, Ministrem Gospodarki, Transportu, Rolnictwa i Winiarstwa, na temat aktualnych wyzwa\u0144 i szans tej ga\u0142\u0119zi gospodarki.<\/p>","protected":false},"author":2,"featured_media":25490,"comment_status":"closed","ping_status":"closed","sticky":false,"template":"","format":"standard","meta":{"content-type":"","footnotes":""},"categories":[54,277],"tags":[],"class_list":["post-25489","post","type-post","status-publish","format-standard","has-post-thumbnail","hentry","category-messetermine","category-pressemitteilungen"],"yoast_head":"<!-- This site is optimized with the Yoast SEO plugin v28.3 - https:\/\/yoast.com\/product\/yoast-seo-wordpress\/ -->\n<title>Podiumsdiskussion mit hochkar\u00e4tigen G\u00e4sten bei Ahorn Camp<\/title>\n<meta name=\"description\" content=\"Experten aus Wirtschaft, Tourismus, Hotellerie und Campingbranche tauschten sich \u00fcber aktuelle Herausforderungen &amp; Chancen des Wirtschaftszweiges aus.\" \/>\n<meta name=\"robots\" content=\"index, follow, max-snippet:-1, max-image-preview:large, max-video-preview:-1\" \/>\n<link rel=\"canonical\" href=\"https:\/\/ahorn-camp.de\/pl\/debate-panelowa\/\" \/>\n<meta property=\"og:locale\" content=\"pl_PL\" \/>\n<meta property=\"og:type\" content=\"article\" \/>\n<meta property=\"og:title\" content=\"Podiumsdiskussion mit hochkar\u00e4tigen G\u00e4sten bei Ahorn Camp\" \/>\n<meta property=\"og:description\" content=\"Experten aus Wirtschaft, Tourismus, Hotellerie und Campingbranche tauschten sich \u00fcber aktuelle Herausforderungen &amp; Chancen des Wirtschaftszweiges aus.\" \/>\n<meta property=\"og:url\" content=\"https:\/\/ahorn-camp.de\/pl\/debate-panelowa\/\" \/>\n<meta property=\"og:site_name\" content=\"Ahorn Camp | Reisemobile und Kastenwagen\" \/>\n<meta property=\"article:publisher\" content=\"https:\/\/www.facebook.com\/ahorn.wohnmobile\/\" \/>\n<meta property=\"article:published_time\" content=\"2024-10-07T09:36:57+00:00\" \/>\n<meta property=\"og:image\" content=\"https:\/\/ahorn-camp.de\/wp-content\/uploads\/2024\/10\/Aktuelles-Website-6.png\" \/>\n\t<meta property=\"og:image:width\" content=\"800\" \/>\n\t<meta property=\"og:image:height\" content=\"600\" \/>\n\t<meta property=\"og:image:type\" content=\"image\/png\" \/>\n<meta name=\"author\" content=\"ahorn_admin\" \/>\n<meta name=\"twitter:card\" content=\"summary_large_image\" \/>\n<meta name=\"twitter:label1\" content=\"Napisane przez\" \/>\n\t<meta name=\"twitter:data1\" content=\"ahorn_admin\" \/>\n\t<meta name=\"twitter:label2\" content=\"Szacowany czas czytania\" \/>\n\t<meta name=\"twitter:data2\" content=\"4 minuty\" \/>\n<script type=\"application\/ld+json\" class=\"yoast-schema-graph\">{\"@context\":\"https:\\\/\\\/schema.org\",\"@graph\":[{\"@type\":\"Article\",\"@id\":\"https:\\\/\\\/ahorn-camp.de\\\/podiumsdiskussion\\\/#article\",\"isPartOf\":{\"@id\":\"https:\\\/\\\/ahorn-camp.de\\\/podiumsdiskussion\\\/\"},\"author\":{\"name\":\"ahorn_admin\",\"@id\":\"https:\\\/\\\/ahorn-camp.de\\\/#\\\/schema\\\/person\\\/9b60761ba82d5cb8e6db215a88925044\"},\"headline\":\"Podiumsdiskussion mit hochkar\u00e4tigen G\u00e4sten bei Ahorn Camp\",\"datePublished\":\"2024-10-07T09:36:57+00:00\",\"mainEntityOfPage\":{\"@id\":\"https:\\\/\\\/ahorn-camp.de\\\/podiumsdiskussion\\\/\"},\"wordCount\":648,\"publisher\":{\"@id\":\"https:\\\/\\\/ahorn-camp.de\\\/#organization\"},\"image\":{\"@id\":\"https:\\\/\\\/ahorn-camp.de\\\/podiumsdiskussion\\\/#primaryimage\"},\"thumbnailUrl\":\"https:\\\/\\\/ahorn-camp.de\\\/wp-content\\\/uploads\\\/2024\\\/10\\\/Aktuelles-Website-6.png\",\"articleSection\":[\"Events &amp; Messen\",\"Pressemitteilungen\"],\"inLanguage\":\"pl-PL\"},{\"@type\":\"WebPage\",\"@id\":\"https:\\\/\\\/ahorn-camp.de\\\/podiumsdiskussion\\\/\",\"url\":\"https:\\\/\\\/ahorn-camp.de\\\/podiumsdiskussion\\\/\",\"name\":\"Podiumsdiskussion mit hochkar\u00e4tigen G\u00e4sten bei Ahorn Camp\",\"isPartOf\":{\"@id\":\"https:\\\/\\\/ahorn-camp.de\\\/#website\"},\"primaryImageOfPage\":{\"@id\":\"https:\\\/\\\/ahorn-camp.de\\\/podiumsdiskussion\\\/#primaryimage\"},\"image\":{\"@id\":\"https:\\\/\\\/ahorn-camp.de\\\/podiumsdiskussion\\\/#primaryimage\"},\"thumbnailUrl\":\"https:\\\/\\\/ahorn-camp.de\\\/wp-content\\\/uploads\\\/2024\\\/10\\\/Aktuelles-Website-6.png\",\"datePublished\":\"2024-10-07T09:36:57+00:00\",\"description\":\"Experten aus Wirtschaft, Tourismus, Hotellerie und Campingbranche tauschten sich \u00fcber aktuelle Herausforderungen & Chancen des Wirtschaftszweiges aus.\",\"breadcrumb\":{\"@id\":\"https:\\\/\\\/ahorn-camp.de\\\/podiumsdiskussion\\\/#breadcrumb\"},\"inLanguage\":\"pl-PL\",\"potentialAction\":[{\"@type\":\"ReadAction\",\"target\":[\"https:\\\/\\\/ahorn-camp.de\\\/podiumsdiskussion\\\/\"]}]},{\"@type\":\"ImageObject\",\"inLanguage\":\"pl-PL\",\"@id\":\"https:\\\/\\\/ahorn-camp.de\\\/podiumsdiskussion\\\/#primaryimage\",\"url\":\"https:\\\/\\\/ahorn-camp.de\\\/wp-content\\\/uploads\\\/2024\\\/10\\\/Aktuelles-Website-6.png\",\"contentUrl\":\"https:\\\/\\\/ahorn-camp.de\\\/wp-content\\\/uploads\\\/2024\\\/10\\\/Aktuelles-Website-6.png\",\"width\":800,\"height\":600,\"caption\":\"Podiumsdiskussion\"},{\"@type\":\"BreadcrumbList\",\"@id\":\"https:\\\/\\\/ahorn-camp.de\\\/podiumsdiskussion\\\/#breadcrumb\",\"itemListElement\":[{\"@type\":\"ListItem\",\"position\":1,\"name\":\"Startseite\",\"item\":\"https:\\\/\\\/ahorn-camp.de\\\/\"},{\"@type\":\"ListItem\",\"position\":2,\"name\":\"Podiumsdiskussion mit hochkar\u00e4tigen G\u00e4sten bei Ahorn Camp\"}]},{\"@type\":\"WebSite\",\"@id\":\"https:\\\/\\\/ahorn-camp.de\\\/#website\",\"url\":\"https:\\\/\\\/ahorn-camp.de\\\/\",\"name\":\"Ahorn Camp | Reisemobile und Kastenwagen\",\"description\":\"Seit \u00fcber 30 Jahren vermarktet das Familienunternehmen, Ahorn Camp in Speyer, erfolgreich Wohnmobile und Kastenwagen zum besten Preis-Leistungsverh\u00e4ltnis.\",\"publisher\":{\"@id\":\"https:\\\/\\\/ahorn-camp.de\\\/#organization\"},\"potentialAction\":[{\"@type\":\"SearchAction\",\"target\":{\"@type\":\"EntryPoint\",\"urlTemplate\":\"https:\\\/\\\/ahorn-camp.de\\\/?s={search_term_string}\"},\"query-input\":{\"@type\":\"PropertyValueSpecification\",\"valueRequired\":true,\"valueName\":\"search_term_string\"}}],\"inLanguage\":\"pl-PL\"},{\"@type\":\"Organization\",\"@id\":\"https:\\\/\\\/ahorn-camp.de\\\/#organization\",\"name\":\"Ahorn Camp GmbH & Co. KG\",\"url\":\"https:\\\/\\\/ahorn-camp.de\\\/\",\"logo\":{\"@type\":\"ImageObject\",\"inLanguage\":\"pl-PL\",\"@id\":\"https:\\\/\\\/ahorn-camp.de\\\/#\\\/schema\\\/logo\\\/image\\\/\",\"url\":\"https:\\\/\\\/ahorn-camp.de\\\/wp-content\\\/uploads\\\/2018\\\/12\\\/Ahorn_Logo.jpg\",\"contentUrl\":\"https:\\\/\\\/ahorn-camp.de\\\/wp-content\\\/uploads\\\/2018\\\/12\\\/Ahorn_Logo.jpg\",\"width\":1437,\"height\":1000,\"caption\":\"Ahorn Camp GmbH & Co. KG\"},\"image\":{\"@id\":\"https:\\\/\\\/ahorn-camp.de\\\/#\\\/schema\\\/logo\\\/image\\\/\"},\"sameAs\":[\"https:\\\/\\\/www.facebook.com\\\/ahorn.wohnmobile\\\/\",\"https:\\\/\\\/www.instagram.com\\\/ahorn.camp\\\/\",\"https:\\\/\\\/www.youtube.com\\\/channel\\\/UCPFbPCts1JJ_A1k9vyH0yOQ\"]},{\"@type\":\"Person\",\"@id\":\"https:\\\/\\\/ahorn-camp.de\\\/#\\\/schema\\\/person\\\/9b60761ba82d5cb8e6db215a88925044\",\"name\":\"ahorn_admin\",\"image\":{\"@type\":\"ImageObject\",\"inLanguage\":\"pl-PL\",\"@id\":\"https:\\\/\\\/secure.gravatar.com\\\/avatar\\\/d96b9a078083b0c14cee48589feadd939c3cdd66547e2f3f1569470371daaaa5?s=96&d=mm&r=g\",\"url\":\"https:\\\/\\\/secure.gravatar.com\\\/avatar\\\/d96b9a078083b0c14cee48589feadd939c3cdd66547e2f3f1569470371daaaa5?s=96&d=mm&r=g\",\"contentUrl\":\"https:\\\/\\\/secure.gravatar.com\\\/avatar\\\/d96b9a078083b0c14cee48589feadd939c3cdd66547e2f3f1569470371daaaa5?s=96&d=mm&r=g\",\"caption\":\"ahorn_admin\"},\"sameAs\":[\"http:\\\/\\\/Ahorn%20Camp\"],\"url\":\"https:\\\/\\\/ahorn-camp.de\\\/pl\\\/author\\\/ahorn_admin\\\/\"}]}<\/script>\n<!-- \/ Yoast SEO plugin. -->","yoast_head_json":{"title":"Dyskusja panelowa z udzia\u0142em wybitnych go\u015bci podczas wydarzenia Ahorn Camp","description":"Eksperci z kr\u0119g\u00f3w gospodarki, turystyki, hotelarstwa i bran\u017cy kempingowej wymienili si\u0119 do\u015bwiadczeniami na temat bie\u017c\u0105cych wyzwa\u0144 i szans dla tego sektora gospodarki.","robots":{"index":"index","follow":"follow","max-snippet":"max-snippet:-1","max-image-preview":"max-image-preview:large","max-video-preview":"max-video-preview:-1"},"canonical":"https:\/\/ahorn-camp.de\/pl\/debate-panelowa\/","og_locale":"pl_PL","og_type":"article","og_title":"Podiumsdiskussion mit hochkar\u00e4tigen G\u00e4sten bei Ahorn Camp","og_description":"Experten aus Wirtschaft, Tourismus, Hotellerie und Campingbranche tauschten sich \u00fcber aktuelle Herausforderungen & Chancen des Wirtschaftszweiges aus.","og_url":"https:\/\/ahorn-camp.de\/pl\/debate-panelowa\/","og_site_name":"Ahorn Camp | Reisemobile und Kastenwagen","article_publisher":"https:\/\/www.facebook.com\/ahorn.wohnmobile\/","article_published_time":"2024-10-07T09:36:57+00:00","og_image":[{"width":800,"height":600,"url":"https:\/\/ahorn-camp.de\/wp-content\/uploads\/2024\/10\/Aktuelles-Website-6.png","type":"image\/png"}],"author":"ahorn_admin","twitter_card":"summary_large_image","twitter_misc":{"Napisane przez":"ahorn_admin","Szacowany czas czytania":"4 minuty"},"schema":{"@context":"https:\/\/schema.org","@graph":[{"@type":"Article","@id":"https:\/\/ahorn-camp.de\/podiumsdiskussion\/#article","isPartOf":{"@id":"https:\/\/ahorn-camp.de\/podiumsdiskussion\/"},"author":{"name":"ahorn_admin","@id":"https:\/\/ahorn-camp.de\/#\/schema\/person\/9b60761ba82d5cb8e6db215a88925044"},"headline":"Podiumsdiskussion mit hochkar\u00e4tigen G\u00e4sten bei Ahorn Camp","datePublished":"2024-10-07T09:36:57+00:00","mainEntityOfPage":{"@id":"https:\/\/ahorn-camp.de\/podiumsdiskussion\/"},"wordCount":648,"publisher":{"@id":"https:\/\/ahorn-camp.de\/#organization"},"image":{"@id":"https:\/\/ahorn-camp.de\/podiumsdiskussion\/#primaryimage"},"thumbnailUrl":"https:\/\/ahorn-camp.de\/wp-content\/uploads\/2024\/10\/Aktuelles-Website-6.png","articleSection":["Events &amp; Messen","Pressemitteilungen"],"inLanguage":"pl-PL"},{"@type":"WebPage","@id":"https:\/\/ahorn-camp.de\/podiumsdiskussion\/","url":"https:\/\/ahorn-camp.de\/podiumsdiskussion\/","name":"Dyskusja panelowa z udzia\u0142em wybitnych go\u015bci podczas wydarzenia Ahorn Camp","isPartOf":{"@id":"https:\/\/ahorn-camp.de\/#website"},"primaryImageOfPage":{"@id":"https:\/\/ahorn-camp.de\/podiumsdiskussion\/#primaryimage"},"image":{"@id":"https:\/\/ahorn-camp.de\/podiumsdiskussion\/#primaryimage"},"thumbnailUrl":"https:\/\/ahorn-camp.de\/wp-content\/uploads\/2024\/10\/Aktuelles-Website-6.png","datePublished":"2024-10-07T09:36:57+00:00","description":"Eksperci z kr\u0119g\u00f3w gospodarki, turystyki, hotelarstwa i bran\u017cy kempingowej wymienili si\u0119 do\u015bwiadczeniami na temat bie\u017c\u0105cych wyzwa\u0144 i szans dla tego sektora gospodarki.","breadcrumb":{"@id":"https:\/\/ahorn-camp.de\/podiumsdiskussion\/#breadcrumb"},"inLanguage":"pl-PL","potentialAction":[{"@type":"ReadAction","target":["https:\/\/ahorn-camp.de\/podiumsdiskussion\/"]}]},{"@type":"ImageObject","inLanguage":"pl-PL","@id":"https:\/\/ahorn-camp.de\/podiumsdiskussion\/#primaryimage","url":"https:\/\/ahorn-camp.de\/wp-content\/uploads\/2024\/10\/Aktuelles-Website-6.png","contentUrl":"https:\/\/ahorn-camp.de\/wp-content\/uploads\/2024\/10\/Aktuelles-Website-6.png","width":800,"height":600,"caption":"Podiumsdiskussion"},{"@type":"BreadcrumbList","@id":"https:\/\/ahorn-camp.de\/podiumsdiskussion\/#breadcrumb","itemListElement":[{"@type":"ListItem","position":1,"name":"Startseite","item":"https:\/\/ahorn-camp.de\/"},{"@type":"ListItem","position":2,"name":"Podiumsdiskussion mit hochkar\u00e4tigen G\u00e4sten bei Ahorn Camp"}]},{"@type":"WebSite","@id":"https:\/\/ahorn-camp.de\/#website","url":"https:\/\/ahorn-camp.de\/","name":"Ahorn Camp | Kampery i samochody dostawcze","description":"Od ponad 30 lat rodzinna firma Ahorn Camp z siedzib\u0105 w Speyer z powodzeniem zajmuje si\u0119 sprzeda\u017c\u0105 kamper\u00f3w i samochod\u00f3w dostawczych o najlepszym stosunku ceny do jako\u015bci.","publisher":{"@id":"https:\/\/ahorn-camp.de\/#organization"},"potentialAction":[{"@type":"SearchAction","target":{"@type":"EntryPoint","urlTemplate":"https:\/\/ahorn-camp.de\/?s={search_term_string}"},"query-input":{"@type":"PropertyValueSpecification","valueRequired":true,"valueName":"search_term_string"}}],"inLanguage":"pl-PL"},{"@type":"Organization","@id":"https:\/\/ahorn-camp.de\/#organization","name":"Ahorn Camp GmbH &amp; Co. KG","url":"https:\/\/ahorn-camp.de\/","logo":{"@type":"ImageObject","inLanguage":"pl-PL","@id":"https:\/\/ahorn-camp.de\/#\/schema\/logo\/image\/","url":"https:\/\/ahorn-camp.de\/wp-content\/uploads\/2018\/12\/Ahorn_Logo.jpg","contentUrl":"https:\/\/ahorn-camp.de\/wp-content\/uploads\/2018\/12\/Ahorn_Logo.jpg","width":1437,"height":1000,"caption":"Ahorn Camp GmbH & Co. KG"},"image":{"@id":"https:\/\/ahorn-camp.de\/#\/schema\/logo\/image\/"},"sameAs":["https:\/\/www.facebook.com\/ahorn.wohnmobile\/","https:\/\/www.instagram.com\/ahorn.camp\/","https:\/\/www.youtube.com\/channel\/UCPFbPCts1JJ_A1k9vyH0yOQ"]},{"@type":"Person","@id":"https:\/\/ahorn-camp.de\/#\/schema\/person\/9b60761ba82d5cb8e6db215a88925044","name":"ahorn_admin","image":{"@type":"ImageObject","inLanguage":"pl-PL","@id":"https:\/\/secure.gravatar.com\/avatar\/d96b9a078083b0c14cee48589feadd939c3cdd66547e2f3f1569470371daaaa5?s=96&d=mm&r=g","url":"https:\/\/secure.gravatar.com\/avatar\/d96b9a078083b0c14cee48589feadd939c3cdd66547e2f3f1569470371daaaa5?s=96&d=mm&r=g","contentUrl":"https:\/\/secure.gravatar.com\/avatar\/d96b9a078083b0c14cee48589feadd939c3cdd66547e2f3f1569470371daaaa5?s=96&d=mm&r=g","caption":"ahorn_admin"},"sameAs":["http:\/\/Ahorn%20Camp"],"url":"https:\/\/ahorn-camp.de\/pl\/author\/ahorn_admin\/"}]}},"_links":{"self":[{"href":"https:\/\/ahorn-camp.de\/pl\/wp-json\/wp\/v2\/posts\/25489","targetHints":{"allow":["GET"]}}],"collection":[{"href":"https:\/\/ahorn-camp.de\/pl\/wp-json\/wp\/v2\/posts"}],"about":[{"href":"https:\/\/ahorn-camp.de\/pl\/wp-json\/wp\/v2\/types\/post"}],"author":[{"embeddable":true,"href":"https:\/\/ahorn-camp.de\/pl\/wp-json\/wp\/v2\/users\/2"}],"replies":[{"embeddable":true,"href":"https:\/\/ahorn-camp.de\/pl\/wp-json\/wp\/v2\/comments?post=25489"}],"version-history":[{"count":0,"href":"https:\/\/ahorn-camp.de\/pl\/wp-json\/wp\/v2\/posts\/25489\/revisions"}],"wp:featuredmedia":[{"embeddable":true,"href":"https:\/\/ahorn-camp.de\/pl\/wp-json\/wp\/v2\/media\/25490"}],"wp:attachment":[{"href":"https:\/\/ahorn-camp.de\/pl\/wp-json\/wp\/v2\/media?parent=25489"}],"wp:term":[{"taxonomy":"category","embeddable":true,"href":"https:\/\/ahorn-camp.de\/pl\/wp-json\/wp\/v2\/categories?post=25489"},{"taxonomy":"post_tag","embeddable":true,"href":"https:\/\/ahorn-camp.de\/pl\/wp-json\/wp\/v2\/tags?post=25489"}],"curies":[{"name":"wp","href":"https:\/\/api.w.org\/{rel}","templated":true}]}}