{"id":24916,"date":"2024-08-26T14:39:26","date_gmt":"2024-08-26T12:39:26","guid":{"rendered":"https:\/\/ahorn-camp.de\/?p=24916"},"modified":"2024-12-17T22:08:04","modified_gmt":"2024-12-17T21:08:04","slug":"najlepsze-miejsca-podrozy-kamperem","status":"publish","type":"post","link":"https:\/\/ahorn-camp.de\/pl\/top-reiseziele-mit-dem-wohnmobil\/","title":{"rendered":"Najlepsze miejsca podr\u00f3\u017cy kamperem 2024"},"content":{"rendered":"<div class=\"wpb-content-wrapper\" id=\"wpb-content-root\"><div class=\"vc_row wpb_row vc_row-fluid\"><div class=\"wpb_column vc_column_container vc_col-sm-12\"><div class=\"vc_column-inner\"><div class=\"wpb_wrapper\"><div class=\"vc_empty_space\"   style=\"height: 25px\"><span class=\"vc_empty_space_inner\"><\/span><\/div>\n\t<div class=\"wpb_text_column wpb_content_element\" >\n\t\t<div class=\"wpb_wrapper\">\n\t\t\t<p>Podr\u00f3\u017c kamperem otwiera przed Pa\u0144stwem \u015bwiat pe\u0142en wolno\u015bci i elastyczno\u015bci. Maj\u0105 Pa\u0144stwo mo\u017cliwo\u015b\u0107 dostosowania trasy podr\u00f3\u017cy wed\u0142ug w\u0142asnego uznania oraz robienia spontanicznych wycieczek, kt\u00f3re zaprowadz\u0105 Pa\u0144stwa do nowych, nieoczekiwanych miejsc. Mimo to warto z wyprzedzeniem zaplanowa\u0107 og\u00f3ln\u0105 tras\u0119, aby zapewni\u0107 sobie p\u0142ynny przebieg podr\u00f3\u017cy. Ahorn Camp przedstawia najpi\u0119kniejsze miejsca na rok 2024, idealnie nadaj\u0105ce si\u0119 na przygody kamperem. Zainspiruj si\u0119 i odkryj najlepsze miejsca, jakie ten rok ma do zaoferowania.<\/p>\n\n\t\t<\/div>\n\t<\/div>\n<\/div><\/div><\/div><\/div><div class=\"vc_row wpb_row vc_row-fluid\"><div class=\"wpb_column vc_column_container vc_col-sm-12\"><div class=\"vc_column-inner\"><div class=\"wpb_wrapper\"><div class=\"vc_empty_space\"   style=\"height: 25px\"><span class=\"vc_empty_space_inner\"><\/span><\/div><h2 style=\"font-size: 25px;color: #1B508C;text-align: left\" class=\"vc_custom_heading vc_do_custom_heading\" >Odkrywanie Niemiec kamperem<\/h2><div class=\"vc_empty_space\"   style=\"height: 25px\"><span class=\"vc_empty_space_inner\"><\/span><\/div>\n\t<div class=\"wpb_text_column wpb_content_element\" >\n\t\t<div class=\"wpb_wrapper\">\n\t\t\t<p>Niemcy oferuj\u0105 wiele pi\u0119knych miejsc, kt\u00f3re cz\u0119sto s\u0105 niedoceniane. Ci, kt\u00f3rzy szukaj\u0105 przyg\u00f3d w g\u00f3rach, powinni odkry\u0107 Alpy Allg\u00e4u. Tam mo\u017cna zaczerpn\u0105\u0107 \u015bwie\u017cego g\u00f3rskiego powietrza i podziwia\u0107 zapieraj\u0105ce dech w piersiach krajobrazy. Dla wszystkich, kt\u00f3rzy kochaj\u0105 wyzwania, idealnym celem jest Szwajcaria Sakso\u0144ska. Z jej spektakularnymi formacjami skalnymi zaprasza do odwa\u017cnych wypraw wspinaczkowych i obiecuje niezapomniane wra\u017cenia.<\/p>\n<p>Kolejna atrakcja czeka na Pa\u0144stwa w po\u0142udniowych Niemczech, w Bawarii. G\u00f3rny Palatynat, z licznymi jeziorami i g\u0119stymi lasami, jest idealny na relaksuj\u0105ce wycieczki rowerowe. Szczeg\u00f3lnie miasto Ratyzbona odgrywa centraln\u0105 rol\u0119 w tym regionie i z pewno\u015bci\u0105 jest warte odwiedzenia. Jego urokliwa star\u00f3wka i bogata historia magicznie przyci\u0105gaj\u0105 turyst\u00f3w.<\/p>\n<p>Dla tych, kt\u00f3rzy wol\u0105 relaksowa\u0107 si\u0119 nad morzem, Ba\u0142tyk jest w\u0142a\u015bciwym wyborem. Tutaj mo\u017cna cieszy\u0107 si\u0119 \u015bwie\u017cym morskim powietrzem i zostawi\u0107 za sob\u0105 codzienno\u015b\u0107. Szczeg\u00f3lnie fascynuj\u0105ce prze\u017cycie przyrodnicze oferuje Park Narodowy Vorpommersche Boddenlandschaft. Ten wyj\u0105tkowy obszar jest nie tylko rajem dla mi\u0142o\u015bnik\u00f3w przyrody, ale tak\u017ce domem dla majestatycznych jeleni i imponuj\u0105cych stad ptak\u00f3w. Wycieczka do tego parku narodowego jest warta ka\u017cdego, kto chce poczu\u0107 pi\u0119kno natury z bliska.<\/p>\n\n\t\t<\/div>\n\t<\/div>\n<\/div><\/div><\/div><\/div><div class=\"vc_row wpb_row vc_row-fluid\"><div class=\"wpb_column vc_column_container vc_col-sm-12\"><div class=\"vc_column-inner\"><div class=\"wpb_wrapper\"><div class=\"vc_empty_space\"   style=\"height: 25px\"><span class=\"vc_empty_space_inner\"><\/span><\/div><h2 style=\"font-size: 25px;color: #1B508C;text-align: left\" class=\"vc_custom_heading vc_do_custom_heading\" >W\u0142ochy: Od Dolce Vita, przez dziewicz\u0105 przyrod\u0119, po wspania\u0142e miejsca nad morzem<\/h2><div class=\"vc_empty_space\"   style=\"height: 15px\"><span class=\"vc_empty_space_inner\"><\/span><\/div>\n\t<div  class=\"wpb_single_image wpb_content_element vc_align_left wpb_content_element\">\n\t\t\n\t\t<figure class=\"wpb_wrapper vc_figure\">\n\t\t\t<div class=\"vc_single_image-wrapper\"><img fetchpriority=\"high\" decoding=\"async\" width=\"1500\" height=\"1125\" src=\"https:\/\/ahorn-camp.de\/wp-content\/uploads\/2024\/08\/DSF6800-3.jpg\" class=\"vc_single_image-img attachment-full\" alt=\"\" title=\"_DSF6800-3\" srcset=\"https:\/\/ahorn-camp.de\/wp-content\/uploads\/2024\/08\/DSF6800-3.jpg 1500w, https:\/\/ahorn-camp.de\/wp-content\/uploads\/2024\/08\/DSF6800-3-300x225.jpg 300w, https:\/\/ahorn-camp.de\/wp-content\/uploads\/2024\/08\/DSF6800-3-1024x768.jpg 1024w, https:\/\/ahorn-camp.de\/wp-content\/uploads\/2024\/08\/DSF6800-3-768x576.jpg 768w, https:\/\/ahorn-camp.de\/wp-content\/uploads\/2024\/08\/DSF6800-3-800x600.jpg 800w, https:\/\/ahorn-camp.de\/wp-content\/uploads\/2024\/08\/DSF6800-3-200x150.jpg 200w\" sizes=\"(max-width: 1500px) 100vw, 1500px\" \/><\/div>\n\t\t<\/figure>\n\t<\/div>\n<div class=\"vc_empty_space\"   style=\"height: 15px\"><span class=\"vc_empty_space_inner\"><\/span><\/div>\n\t<div class=\"wpb_text_column wpb_content_element\" >\n\t\t<div class=\"wpb_wrapper\">\n\t\t\t<div class=\"flex max-w-full flex-col flex-grow\">\n<div class=\"min-h-&#091;20px&#093; text-message flex w-full flex-col items-end gap-2 break-words &#091;.text-message+&amp;&#093;:mt-5 overflow-x-auto whitespace-normal\" dir=\"auto\" data-message-author-role=\"assistant\" data-message-id=\"91db7a9d-5423-4983-828b-fe0251135055\">\n<div class=\"flex w-full flex-col gap-1 empty:hidden first:pt-&#091;3px&#093;\">\n<div class=\"markdown prose w-full break-words dark:prose-invert light\">\n<p>W\u0142ochy oferuj\u0105 od p\u00f3\u0142nocy po po\u0142udnie imponuj\u0105c\u0105 r\u00f3\u017cnorodno\u015b\u0107 miast, miejscowo\u015bci, g\u00f3r i jezior, kt\u00f3re czekaj\u0105 na odkrycie. Rozpocznij swoj\u0105 podr\u00f3\u017c na p\u00f3\u0142nocy kraju, w prowincji Po\u0142udniowy Tyrol. Region ten zachwyca malowniczym, g\u00f3rzystym krajobrazem, kt\u00f3ry doskonale nadaje si\u0119 do w\u0119dr\u00f3wek. Liczne ma\u0142e miejscowo\u015bci, wci\u015bni\u0119te mi\u0119dzy g\u00f3ry, zapraszaj\u0105 do delektowania si\u0119 cisz\u0105 natury i do\u015bwiadczania autentycznej w\u0142oskiej go\u015bcinno\u015bci.<\/p>\n<p>Absolutem Muss na trasie jest przystanek nad Jeziorem Garda. Miejscowo\u015bci takie jak Limone czy Bardolino zachwycaj\u0105 urocz\u0105 atmosfer\u0105, krystalicznie czyst\u0105 wod\u0105 i wspania\u0142ym widokiem na otaczaj\u0105ce g\u00f3ry. Dalej na po\u0142udnie znajduje si\u0119 jezioro Como, kolejny klejnot w\u015br\u00f3d w\u0142oskich jezior. St\u0105d warto wybra\u0107 si\u0119 do t\u0119tni\u0105cej \u017cyciem metropolii Mediolanu, kt\u00f3ra jest na wyci\u0105gni\u0119cie r\u0119ki.<\/p>\n<p>Dla mi\u0142o\u015bnik\u00f3w morza droga prowadzi dalej na po\u0142udnie do Toskanii, Marchii lub Apulii. Regiony te s\u0142yn\u0105 ze swoich wspania\u0142ych nadmorskich krajobraz\u00f3w i zabytkowych miast. Ma\u0142a wskaz\u00f3wka na drodze do Bari: zaplanuj wizyt\u0119 w Alberobello lub Materze. Alberobello, z jego unikalnymi domami typu Trulli, wpisane jest na List\u0119 \u015awiatowego Dziedzictwa UNESCO i oferuje fascynuj\u0105cy wgl\u0105d w tradycyjn\u0105 architektur\u0119 regionu. Matera, z jej imponuj\u0105cymi domami wykutymi w jaskiniach, to kolejny klejnot, kt\u00f3rego nie mo\u017cna przegapi\u0107 podczas podr\u00f3\u017cy po W\u0142oszech.<\/p>\n<\/div>\n<\/div>\n<\/div>\n<\/div>\n\n\t\t<\/div>\n\t<\/div>\n<\/div><\/div><\/div><\/div><div class=\"vc_row wpb_row vc_row-fluid\"><div class=\"wpb_column vc_column_container vc_col-sm-12\"><div class=\"vc_column-inner\"><div class=\"wpb_wrapper\"><div class=\"vc_empty_space\"   style=\"height: 25px\"><span class=\"vc_empty_space_inner\"><\/span><\/div><h2 style=\"font-size: 25px;color: #1B508C;text-align: left\" class=\"vc_custom_heading vc_do_custom_heading\" >Hiszpania: du\u017co za niewielkie pieni\u0105dze<\/h2><div class=\"vc_empty_space\"   style=\"height: 15px\"><span class=\"vc_empty_space_inner\"><\/span><\/div>\n\t<div class=\"wpb_text_column wpb_content_element\" >\n\t\t<div class=\"wpb_wrapper\">\n\t\t\t<p>Opr\u00f3cz W\u0142och Hiszpania jest niezwykle popularnym kierunkiem turystycznym, kt\u00f3ry zachwyca r\u00f3\u017cnorodno\u015bci\u0105 krajobraz\u00f3w, miast i wybrze\u017cy. Niezale\u017cnie od tego, czy fascynuj\u0105 Pa\u0144stwa majestatyczne g\u00f3ry, t\u0119tni\u0105ce \u017cyciem miasta, czy te\u017c bajeczne pla\u017ce \u2013 Hiszpania ma co\u015b do zaoferowania ka\u017cdemu.<\/p>\n<p>Jednym z najpopularniejszych region\u00f3w turystycznych jest Katalonia w p\u00f3\u0142nocno-wschodniej cz\u0119\u015bci kraju. Tutaj warto zaplanowa\u0107 podr\u00f3\u017c wzd\u0142u\u017c wybrze\u017ca. Trasa ta jest idealna dla smakoszy, kt\u00f3rzy chc\u0105 do\u015bwiadczy\u0107 zapieraj\u0105cej dech w piersiach panoramy wybrze\u017ca podczas spaceru lub jazdy w szumie fal. Costa Brava i Costa Dorada to tylko dwa z odcink\u00f3w wybrze\u017ca, kt\u00f3re zachwyc\u0105 Ci\u0119 podczas tej podr\u00f3\u017cy.<\/p>\n<p>Hiszpania to tak\u017ce prawdziwy raj dla surfer\u00f3w. Odcinki wybrze\u017ca, szczeg\u00f3lnie na p\u00f3\u0142nocy i zachodzie, oferuj\u0105 idealne warunki dla mi\u0142o\u015bnik\u00f3w fal na ka\u017cdym poziomie. Niezale\u017cnie od tego, czy jeste\u015b pocz\u0105tkuj\u0105cym, czy profesjonalist\u0105 \u2013 ka\u017cdy znajdzie tu co\u015b dla siebie.<\/p>\n<p>Ci, kt\u00f3rzy interesuj\u0105 si\u0119 kultur\u0105 i histori\u0105, powinni odkry\u0107 po\u0142udnie Hiszpanii. Miasta takie jak Grenada czy Sewilla przyci\u0105gaj\u0105 imponuj\u0105cymi zabytkami, t\u0119tni\u0105c\u0105 \u017cyciem kultur\u0105 i niepowtarzaln\u0105 atmosfer\u0105. Alhambra w Grenadzie i katedra w Sewilli to tylko niekt\u00f3re z atrakcji, kt\u00f3re czekaj\u0105 tu na Pa\u0144stwa.<\/p>\n<p>Hiszpania to kraj, kt\u00f3ry swoj\u0105 r\u00f3\u017cnorodno\u015bci\u0105 zachwyca ka\u017cdego podr\u00f3\u017cnika \u2013 od g\u00f3r po bezkresne wybrze\u017ca, od t\u0119tni\u0105cych \u017cyciem miast po spokojne wsie. Gdziekolwiek si\u0119 udasz, Hiszpania oczaruje Ci\u0119 swoim pi\u0119knem i kultur\u0105.<\/p>\n\n\t\t<\/div>\n\t<\/div>\n<div class=\"vc_empty_space\"   style=\"height: 25px\"><span class=\"vc_empty_space_inner\"><\/span><\/div><h2 style=\"font-size: 25px;color: #1B508C;text-align: left\" class=\"vc_custom_heading vc_do_custom_heading\" >Francja: road trip z klas\u0105<\/h2><div class=\"vc_empty_space\"   style=\"height: 15px\"><span class=\"vc_empty_space_inner\"><\/span><\/div>\n\t<div class=\"wpb_text_column wpb_content_element\" >\n\t\t<div class=\"wpb_wrapper\">\n\t\t\t<p>Francja to naprawd\u0119 pi\u0119kny kraj i idealnie nadaje si\u0119 na wakacje pod namiotem. Niezale\u017cnie od tego, czy chcesz odkrywa\u0107 surowe pi\u0119kno Bretanii, czy historyczne wybrze\u017ca Normandii \u2013 zapieraj\u0105ce dech w piersiach krajobrazy i idylliczne wioski sprawi\u0105, \u017ce ka\u017cda podr\u00f3\u017c b\u0119dzie niezapomnianym prze\u017cyciem.<\/p>\n<p>Szczeg\u00f3ln\u0105 atrakcj\u0105 jest Prowansja, znana z bezkresnych p\u00f3l lawendy, kt\u00f3re w sezonie kwitnienia oferuj\u0105 morze fioletu i purpury. Jednak nie tylko przyroda przyci\u0105ga turyst\u00f3w: w Prowansji odbywa si\u0119 wiele festiwali filmowych, a przez ten malowniczy region przeje\u017cd\u017ca r\u00f3wnie\u017c Tour de France.<\/p>\n<p>Dla mi\u0142o\u015bnik\u00f3w s\u0142o\u0144ca i Morza \u015ar\u00f3dziemnego, wizyta na Lazurowym Wybrze\u017cu jest obowi\u0105zkowa. Czeka tu na ciebie krystalicznie czysta woda i odrobina luksusu, podczas gdy przejedziesz przez s\u0142ynne nadmorskie miejscowo\u015bci, takie jak Nicea czy Cannes.<\/p>\n<p>Francja oferuje zr\u00f3\u017cnicowan\u0105 ofert\u0119 dla kamperowicz\u00f3w, szczeg\u00f3lnie na po\u0142udniu, gdzie znajduje si\u0119 wiele pi\u0119knych miejsc postojowych. Kraj jest r\u00f3wnie\u017c bardzo przyjazny rodzinom, co czyni go idealnym celem podr\u00f3\u017cy na wakacje z ca\u0142\u0105 rodzin\u0105. Od p\u00f3l lawendy w Prowansji, przez pla\u017ce Lazurowego Wybrze\u017ca, po urocze wioski w Bretanii i Normandii \u2013 Francja oferuje odpowiednie wra\u017cenia dla ka\u017cdego gustu i jest szczeg\u00f3lnie dobrze dost\u0119pna kamperem.<\/p>\n\n\t\t<\/div>\n\t<\/div>\n<\/div><\/div><\/div><\/div><div class=\"vc_row wpb_row vc_row-fluid\"><div class=\"wpb_column vc_column_container vc_col-sm-12\"><div class=\"vc_column-inner\"><div class=\"wpb_wrapper\"><div class=\"vc_empty_space\"   style=\"height: 25px\"><span class=\"vc_empty_space_inner\"><\/span><\/div><h2 style=\"font-size: 25px;color: #1B508C;text-align: left\" class=\"vc_custom_heading vc_do_custom_heading\" >Albania: Sekretem dla kamper\u00f3w<\/h2><div class=\"vc_empty_space\"   style=\"height: 15px\"><span class=\"vc_empty_space_inner\"><\/span><\/div>\n\t<div  class=\"wpb_single_image wpb_content_element vc_align_left wpb_content_element\">\n\t\t\n\t\t<figure class=\"wpb_wrapper vc_figure\">\n\t\t\t<div class=\"vc_single_image-wrapper\"><img decoding=\"async\" width=\"2560\" height=\"1024\" src=\"https:\/\/ahorn-camp.de\/wp-content\/uploads\/2024\/08\/11-Banner-scaled.jpg\" class=\"vc_single_image-img attachment-full\" alt=\"\" title=\"11-Baner\" srcset=\"https:\/\/ahorn-camp.de\/wp-content\/uploads\/2024\/08\/11-Banner-scaled.jpg 2560w, https:\/\/ahorn-camp.de\/wp-content\/uploads\/2024\/08\/11-Banner-300x120.jpg 300w, https:\/\/ahorn-camp.de\/wp-content\/uploads\/2024\/08\/11-Banner-1024x410.jpg 1024w, https:\/\/ahorn-camp.de\/wp-content\/uploads\/2024\/08\/11-Banner-768x307.jpg 768w, https:\/\/ahorn-camp.de\/wp-content\/uploads\/2024\/08\/11-Banner-800x320.jpg 800w, https:\/\/ahorn-camp.de\/wp-content\/uploads\/2024\/08\/11-Banner-1536x614.jpg 1536w, https:\/\/ahorn-camp.de\/wp-content\/uploads\/2024\/08\/11-Banner-2048x819.jpg 2048w\" sizes=\"(max-width: 2560px) 100vw, 2560px\" \/><\/div>\n\t\t<\/figure>\n\t<\/div>\n<div class=\"vc_empty_space\"   style=\"height: 15px\"><span class=\"vc_empty_space_inner\"><\/span><\/div>\n\t<div class=\"wpb_text_column wpb_content_element\" >\n\t\t<div class=\"wpb_wrapper\">\n\t\t\t<p>Albania to prawdziwy klejnot Europy, kt\u00f3ry do tej pory opar\u0142 si\u0119 masowej turystyki, przez co jest cz\u0119sto niedoceniana. Kraj oferuje fascynuj\u0105c\u0105 mieszank\u0119 morza, miasta i przyrody, co czyni go prawdziw\u0105 pere\u0142k\u0105 dla podr\u00f3\u017cnik\u00f3w, kt\u00f3rzy chc\u0105 odkry\u0107 miejsca poza utartymi szlakami.<\/p>\n<p>Albania zachwyca bogat\u0105 kultur\u0105 i histori\u0105, co znajduje odzwierciedlenie w wielu miejscach wpisanych na list\u0119 \u015bwiatowego dziedzictwa UNESCO, kt\u00f3re mo\u017cna odkry\u0107 podczas podr\u00f3\u017cy. Od staro\u017cytnych ruin Butrint po osma\u0144sk\u0105 architektur\u0119 Gjirokast\u00ebr \u2013 kraj ten oferuje imponuj\u0105ce skarby kultury, kt\u00f3re tylko czekaj\u0105 na odkrycie.<\/p>\n<p>Je\u015bli planujecie podr\u00f3\u017c do Albanii, powinni\u015bcie przeznaczy\u0107 oko\u0142o tygodnia na zwiedzanie albo p\u00f3\u0142nocnej, albo po\u0142udniowej cz\u0119\u015bci kraju. To, czy zdecydujecie si\u0119 odkry\u0107 malownicze po\u0142udnie z jego nadmorskimi kurortami i pla\u017cami, czy te\u017c p\u00f3\u0142noc z g\u00f3rami i historycznymi miastami, zale\u017cy ca\u0142kowicie od waszych preferencji i tego, czy chcecie w\u0142\u0105czy\u0107 do podr\u00f3\u017cy inne kraje.<\/p>\n<p>Kolejn\u0105 du\u017c\u0105 zalet\u0105 Albanii jest przyst\u0119pno\u015b\u0107 cenowa. Koszt kemping\u00f3w to oko\u0142o 10-15 euro za noc, co czyni kraj idealnym celem dla podr\u00f3\u017cuj\u0105cych z ograniczonym bud\u017cetem. Co wi\u0119cej, w niekt\u00f3rych rejonach dozwolone jest nawet dzikie biwakowanie, co daje jeszcze wi\u0119cej swobody i elastyczno\u015bci podczas podr\u00f3\u017cy.<\/p>\n<p>Albania jest idealnym celem podr\u00f3\u017cy dla tych, kt\u00f3rzy szukaj\u0105 po\u0142\u0105czenia kultury, przyrody i wybrze\u017ca, bez natrafiania na zat\u0142oczone miejsca turystyczne. Odkryj ten niedoceniany kraj, zanim stanie si\u0119 kolejnym gor\u0105cym punktem!<\/p>\n\n\t\t<\/div>\n\t<\/div>\n<div class=\"vc_empty_space\"   style=\"height: 25px\"><span class=\"vc_empty_space_inner\"><\/span><\/div><h2 style=\"font-size: 25px;color: #1B508C;text-align: left\" class=\"vc_custom_heading vc_do_custom_heading\" >Austria: najpi\u0119kniejsze miejsca dla kamper\u00f3w<\/h2><div class=\"vc_empty_space\"   style=\"height: 15px\"><span class=\"vc_empty_space_inner\"><\/span><\/div>\n\t<div class=\"wpb_text_column wpb_content_element\" >\n\t\t<div class=\"wpb_wrapper\">\n\t\t\t<p>Austria to kraj pe\u0142en imponuj\u0105cych alpejskich krajobraz\u00f3w, krystalicznie czystych jezior i dziewiczej przyrody, kt\u00f3ry zachwyca swoim zr\u00f3\u017cnicowaniem. Szczeg\u00f3lnie w cieplejszych miesi\u0105cach oferuje niezliczone mo\u017cliwo\u015bci aktywnego wypoczynku na \u015bwie\u017cym powietrzu. W Tyrolu, gdzie \u015brednia temperatura w sierpniu wynosi przyjemne 18\u00b0C, pogoda jest idealna na d\u0142ugie w\u0119dr\u00f3wki. Region Kitzb\u00fchel, znany zim\u0105 z pe\u0142nego blasku narciarstwa, latem zamienia si\u0119 w raj dla mi\u0142o\u015bnik\u00f3w w\u0119dr\u00f3wek. Szczeg\u00f3lnie popularny jest obszar wok\u00f3\u0142 Wilder Kaiser, kt\u00f3ry zachwyca swymi urozmaiconymi szlakami turystycznymi.<\/p>\n<p>Kolejn\u0105 atrakcj\u0105 jest Salzburg, rodzinne miasto Mozarta. To urocze miasto jest warte odwiedzenia o ka\u017cdej porze roku i oczarowuje swoim zabytkowym Starym Miastem, imponuj\u0105cymi fortecami i bogat\u0105 kultur\u0105. Ci, kt\u00f3rzy kochaj\u0105 kemping, powinni rozwa\u017cy\u0107 Panorama Camping, kt\u00f3ry szczyci si\u0119 zapieraj\u0105cymi dech w piersiach widokami i blisko\u015bci\u0105 natury.<\/p>\n<p>Tak\u017ce region Jeziora Bode\u0144skiego to obowi\u0105zkowy punkt dla mi\u0142o\u015bnik\u00f3w sportu. Oferuje on liczne mo\u017cliwo\u015bci uprawiania sport\u00f3w wodnych, jazdy na rowerze i w\u0119dr\u00f3wek, dzi\u0119ki czemu ka\u017cdy znajdzie co\u015b dla siebie. Podr\u00f3\u017c po Austrii jest szczeg\u00f3lnie polecana latem, wiosn\u0105 i jesieni\u0105. Mo\u017cna wtedy odkrywa\u0107 liczne wspania\u0142e jeziora, takie jak Wolfgangsee czy Neusiedler See, a tak\u017ce odkrywa\u0107 kulinarne miasta, takie jak Graz czy Linz.<\/p>\n<p>I oczywi\u015bcie Wiede\u0144, stolica Austrii, nie mo\u017ce zabrakn\u0105\u0107 na \u017cadnej li\u015bcie podr\u00f3\u017cy. Jako najpopularniejszy kierunek turystyczny w kraju, Wiede\u0144 zachwyca bogat\u0105 histori\u0105, wspania\u0142\u0105 architektur\u0105 i t\u0119tni\u0105c\u0105 \u017cyciem scen\u0105 kulturaln\u0105. Niezale\u017cnie od tego, czy chcesz w\u0119drowa\u0107 po Alpach, relaksowa\u0107 si\u0119 nad jeziorem, czy odkrywa\u0107 skarby kultury miast \u2013 Austria oferuje idealne prze\u017cycie dla ka\u017cdego podr\u00f3\u017cnika.<\/p>\n\n\t\t<\/div>\n\t<\/div>\n<div class=\"vc_empty_space\"   style=\"height: 25px\"><span class=\"vc_empty_space_inner\"><\/span><\/div><h2 style=\"font-size: 25px;color: #1B508C;text-align: left\" class=\"vc_custom_heading vc_do_custom_heading\" >Szwecja: skandynawskie lato<\/h2><div class=\"vc_empty_space\"   style=\"height: 15px\"><span class=\"vc_empty_space_inner\"><\/span><\/div>\n\t<div class=\"wpb_text_column wpb_content_element\" >\n\t\t<div class=\"wpb_wrapper\">\n\t\t\t<p>Szwecja jest idealnym celem podr\u00f3\u017cy dla ca\u0142ej rodziny, z jej malowniczymi lasami, majestatycznymi g\u00f3rami i uroczymi miastami. Kraj ten oferuje doskona\u0142e po\u0142\u0105czenie dozna\u0144 przyrodniczych i kulturalnych atrakcji, kt\u00f3re sprawi\u0105, \u017ce ka\u017cde rodzinne wakacje b\u0119d\u0105 niezapomniane.<\/p>\n<p>Wyj\u0105tkow\u0105 atrakcj\u0105 w Szwecji jest tak zwane prawo ka\u017cdego cz\u0142owieka (allemansr\u00e4tten), kt\u00f3re pozwala na nocowanie na \u0142onie natury. Stanowi to wspania\u0142\u0105 okazj\u0119 do bliskiego obcowania z dziewiczym szwedzkim krajobrazem. Nale\u017cy jednak pami\u0119ta\u0107, \u017ce prawo to nie dotyczy pojazd\u00f3w silnikowych \u2013 dlatego bezwzgl\u0119dnie zwracaj uwag\u0119 na odpowiednie znaki. Kolejna zaleta: w Szwecji nie ma op\u0142at drogowych, co sprawia, \u017ce podr\u00f3\u017cowanie jest szczeg\u00f3lnie przyjemne.<\/p>\n<p>Wi\u0119kszo\u015b\u0107 turyst\u00f3w dociera do Szwecji promem przez Trelleborg, najdalej na po\u0142udnie wysuni\u0119ty port kraju. St\u0105d mo\u017cna kontynuowa\u0107 podr\u00f3\u017c wzd\u0142u\u017c wybrze\u017ca lub przez wn\u0119trze kraju, a\u017c do Sztokholmu, a nawet dalej na p\u00f3\u0142noc. Szwecja oferuje wiele tras, kt\u00f3re ukazuj\u0105 zar\u00f3wno pi\u0119kno krajobraz\u00f3w przybrze\u017cnych, jak i spok\u00f3j i przestronno\u015b\u0107 teren\u00f3w w g\u0142\u0119bi kraju.<\/p>\n<p>Szczeg\u00f3lnym prze\u017cyciem dla ca\u0142ej rodziny jest zbieranie grzyb\u00f3w i jag\u00f3d w rozleg\u0142ych szwedzkich lasach. Z odrobin\u0105 szcz\u0119\u015bcia mo\u017cecie nawet spotka\u0107 \u0142osia, majestatyczny symbol szwedzkiej dziczy. Przyroda Szwecji oferuje niezliczone mo\u017cliwo\u015bci prze\u017cywania przyg\u00f3d i odpr\u0119\u017cenia.<\/p>\n<p>Szwecja to kraj, kt\u00f3ry wita ka\u017cd\u0105 rodzin\u0119 swoj\u0105 zr\u00f3\u017cnicowan\u0105 przyrod\u0105 i go\u015bcinnymi miastami. Niezale\u017cnie od tego, czy chcesz odkrywa\u0107 dzik\u0105 przyrod\u0119, czy poznawa\u0107 szwedzk\u0105 kultur\u0119 \u2013 ka\u017cdy znajdzie tu idealne prze\u017cycie wakacyjne.<\/p>\n\n\t\t<\/div>\n\t<\/div>\n<div class=\"vc_empty_space\"   style=\"height: 25px\"><span class=\"vc_empty_space_inner\"><\/span><\/div><h2 style=\"font-size: 25px;color: #1B508C;text-align: left\" class=\"vc_custom_heading vc_do_custom_heading\" >Portugalia: od Lizbony i Porto po Algarve<\/h2><div class=\"vc_empty_space\"   style=\"height: 15px\"><span class=\"vc_empty_space_inner\"><\/span><\/div>\n\t<div class=\"wpb_text_column wpb_content_element\" >\n\t\t<div class=\"wpb_wrapper\">\n\t\t\t<p>Portugalia jest idealnym celem podr\u00f3\u017cy na doskona\u0142y urlop nad morzem, po\u0142\u0105czony z urokiem idyllicznych nadmorskich miasteczek. Szczeg\u00f3lnie Porto, znane ze swojego malowniczego Starego Miasta i s\u0142ynnego wina porto, przyci\u0105ga ka\u017cdego roku licznych turyst\u00f3w. Po\u0142\u0105czenie kultury, historii i przepi\u0119knych pla\u017c sprawia, \u017ce Porto jest popularnym celem podr\u00f3\u017cy dla mi\u0142o\u015bnik\u00f3w podr\u00f3\u017cy.<\/p>\n<p>Je\u015bli wybierasz si\u0119 z Lizbony do Porto, koniecznie zaplanuj post\u00f3j w miastach Coimbra, Sintra, Peniche i Nazar\u00e9. Coimbra, historyczne miasto uniwersyteckie, oferuje atrakcje kulturalne, podczas gdy Sintra zachwyca bajkowymi pa\u0142acami i ogrodami. Peniche to raj dla surfer\u00f3w, a Nazar\u00e9, znane z najwy\u017cszych fal na \u015bwiecie, przyci\u0105ga zar\u00f3wno mi\u0142o\u015bnik\u00f3w surfingu, jak i poszukiwaczy przyg\u00f3d.<\/p>\n<p>Na d\u0142u\u017cszy urlop nad morzem polecamy Algarve, najbardziej wysuni\u0119ty na po\u0142udnie region Portugalii. Znajdziesz tu jedne z najpi\u0119kniejszych nadmorskich miasteczek, otoczone imponuj\u0105cymi klifami i z\u0142otymi pla\u017cami. Zaplanuj przynajmniej tydzie\u0144, aby w pe\u0142ni nacieszy\u0107 si\u0119 tym regionem. Ma\u0142a wskaz\u00f3wka: podr\u00f3\u017cuj poza g\u0142\u00f3wnym sezonem, aby do\u015bwiadczy\u0107 Algarve w spokoju i z dala od t\u0142um\u00f3w turyst\u00f3w.<\/p>\n<p>P\u00f3\u0142noc Portugalii r\u00f3wnie\u017c ma sw\u00f3j urok i jest szczeg\u00f3lnie warta odkrycia dla mi\u0142o\u015bnik\u00f3w biwakowania i pieszych w\u0119dr\u00f3wek. Dziewicza przyroda, \u0142agodne wzg\u00f3rza i urokliwe wioski oferuj\u0105 liczne mo\u017cliwo\u015bci zwiedzania krajobrazu pieszo i poznania autentycznej Portugalii.<\/p>\n<p>Niezale\u017cnie od tego, czy planujesz wakacje nad morzem, podr\u00f3\u017c kulturaln\u0105 czy przygod\u0119 w naturze \u2013 Portugalia oferuje co\u015b dla ka\u017cdego. Od nas\u0142onecznionych pla\u017c Algarve po zielone wzg\u00f3rza na p\u00f3\u0142nocy, kraj ten jest prawdziwym rajem dla podr\u00f3\u017cnych.<\/p>\n\n\t\t<\/div>\n\t<\/div>\n<div class=\"vc_empty_space\"   style=\"height: 25px\"><span class=\"vc_empty_space_inner\"><\/span><\/div><h2 style=\"font-size: 25px;color: #1B508C;text-align: left\" class=\"vc_custom_heading vc_do_custom_heading\" >Islandia: Wulkany, lodowce i zapieraj\u0105ca dech w piersiach przyroda<\/h2><div class=\"vc_empty_space\"   style=\"height: 15px\"><span class=\"vc_empty_space_inner\"><\/span><\/div>\n\t<div class=\"wpb_text_column wpb_content_element\" >\n\t\t<div class=\"wpb_wrapper\">\n\t\t\t<p>Zachodnia Islandia to prawdziwy sekret, cz\u0119sto niedoceniany. Podczas gdy wielu turyst\u00f3w odwiedza znane atrakcje na po\u0142udniu i wschodzie wyspy, imponuj\u0105cy krajobraz Fiord\u00f3w Zachodnich pozostaje w du\u017cej mierze nieodkryty. Jednak w\u0142a\u015bnie ten odleg\u0142y region oferuje unikalne pi\u0119kno, kt\u00f3re urzeka ka\u017cdego odwiedzaj\u0105cego.<\/p>\n<p>Obowi\u0105zkowym punktem ka\u017cdej podr\u00f3\u017cy na Islandi\u0119 jest stolica Reykjavik. St\u0105d mo\u017cna nie tylko zwiedza\u0107 samo miasto, ale tak\u017ce podr\u00f3\u017cowa\u0107 po otaczaj\u0105cych je p\u00f3\u0142wyspach, kt\u00f3re zachwycaj\u0105 surowym pi\u0119knem i fascynuj\u0105c\u0105 przyrod\u0105.<\/p>\n<p>Fiordy Zachodnie charakteryzuj\u0105 si\u0119 zapieraj\u0105cym dech w piersiach krajobrazem, pokrytym sk\u0105pym mchem i traw\u0105. Region ten obfituje w obszary chronionej przyrody, kt\u00f3re czekaj\u0105 na odkrycie. Na \u0142onie natury cz\u0119sto mo\u017cna zaobserwowa\u0107 arktyczne lisy, b\u0119d\u0105ce tubylcami tego odludnego rejonu. Morze r\u00f3wnie\u017c oferuje spektakularne wra\u017cenia, poniewa\u017c w wodach Fiord\u00f3w Zachodnich cz\u0119sto mo\u017cna zobaczy\u0107 wieloryby, majestatycznie sun\u0105ce po falach.<\/p>\n<p>Szczeg\u00f3ln\u0105 atrakcj\u0105 regionu s\u0105 gor\u0105ce \u017ar\u00f3d\u0142a Deildartunguhver, najwi\u0119kszego i najbardziej wydajnego obszaru geotermalnego w Europie. Naturalne gor\u0105ce \u017ar\u00f3d\u0142a to prawdziwy spektakl natury i absolutny obowi\u0105zek dla ka\u017cdego odwiedzaj\u0105cego.<\/p>\n<p>Dla poszukiwaczy przyg\u00f3d dost\u0119pne s\u0105 wycieczki po lodowcu Langj\u00f6kull. Te wyprawy zabior\u0105 Ci\u0119 w \u015bwiat lodu i \u015bniegu, gdzie mo\u017cesz do\u015bwiadczy\u0107 pot\u0119gi i pi\u0119kna islandzkiej przyrody z bliska.<\/p>\n<p>Podr\u00f3\u017cowanie po Zachodniej Islandii jest mo\u017ce mniej powszechne, ale w\u0142a\u015bnie dlatego Twoja wyprawa stanie si\u0119 wyj\u0105tkow\u0105 przygod\u0105. Dziewicza przyroda, fascynuj\u0105ca fauna i spektakularne zjawiska naturalne czyni\u0105 ten region Islandii niezr\u00f3wnanym celem podr\u00f3\u017cy.<\/p>\n\n\t\t<\/div>\n\t<\/div>\n<div class=\"vc_empty_space\"   style=\"height: 25px\"><span class=\"vc_empty_space_inner\"><\/span><\/div><h2 style=\"font-size: 25px;color: #1B508C;text-align: left\" class=\"vc_custom_heading vc_do_custom_heading\" >To by\u0142y najlepsze miejsca podr\u00f3\u017cy kamperem w 2024 roku<\/h2><div class=\"vc_empty_space\"   style=\"height: 15px\"><span class=\"vc_empty_space_inner\"><\/span><\/div>\n\t<div class=\"wpb_text_column wpb_content_element\" >\n\t\t<div class=\"wpb_wrapper\">\n\t\t\t<div class=\"flex max-w-full flex-col flex-grow\">\n<div class=\"min-h-&#091;20px&#093; text-message flex w-full flex-col items-end gap-2 break-words &#091;.text-message+&amp;&#093;:mt-5 overflow-x-auto whitespace-normal\" dir=\"auto\" data-message-author-role=\"assistant\" data-message-id=\"7b159c5f-98d4-42b5-9fac-66338e037b37\">\n<div class=\"flex w-full flex-col gap-1 empty:hidden first:pt-&#091;3px&#093;\">\n<div class=\"markdown prose w-full break-words dark:prose-invert light\">\n<p>Je\u015bli szukasz idealnego miejsca na kolejn\u0105 podr\u00f3\u017c kamperem, istnieje wiele pi\u0119knych miejsc, kt\u00f3re doskonale nadaj\u0105 si\u0119 na niezapomnian\u0105 podr\u00f3\u017c po drogach. \u015awietnym sposobem jest po\u0142\u0105czenie kilku kraj\u00f3w, aby prze\u017cy\u0107 zr\u00f3\u017cnicowan\u0105 podr\u00f3\u017c. W drodze do W\u0142och mo\u017cna na przyk\u0142ad zaplanowa\u0107 przystanek w Austrii. Oba te kraje oferuj\u0105 nie tylko imponuj\u0105ce krajobrazy, ale tak\u017ce szeroki wyb\u00f3r miejsc parkingowych dla kamper\u00f3w i atrakcji.<\/p>\n<p>Austria, z jej malowniczymi Alpami, historycznymi miastami i idyllicznymi jeziorami, to doskona\u0142e miejsce na post\u00f3j. Z Austrii kursuj\u0105 znakomite po\u0142\u0105czenia promowe, kt\u00f3re u\u0142atwiaj\u0105 podr\u00f3\u017c do innych kraj\u00f3w europejskich, zapewniaj\u0105c elastyczno\u015b\u0107 w planowaniu podr\u00f3\u017cy.<\/p>\n<p>Opr\u00f3cz podr\u00f3\u017cy przez kilka kraj\u00f3w, mo\u017cna r\u00f3wnie\u017c zaplanowa\u0107 kilka wyjazd\u00f3w kamperem, aby do\u015bwiadczy\u0107 r\u00f3\u017cnych stref klimatycznych i krajobraz\u00f3w. Niekt\u00f3re kraje s\u0105 bardzo popularne w szczycie sezonu, podczas gdy inne s\u0105 szczeg\u00f3lnie atrakcyjne poza sezonem. Na przyk\u0142ad latem mo\u017cna cieszy\u0107 si\u0119 po\u0142udniem Europy, z jego ciep\u0142ymi temperaturami i t\u0119tni\u0105cymi \u017cyciem nadmorskimi miejscowo\u015bciami, podczas gdy wiosn\u0105 lub jesieni\u0105 mo\u017cna odkrywa\u0107 p\u00f3\u0142noc Europy, gdzie \u0142agodna pogoda jest idealna do aktywno\u015bci na \u015bwie\u017cym powietrzu.<\/p>\n<p>Dzi\u0119ki zaplanowaniu dw\u00f3ch r\u00f3\u017cnych podr\u00f3\u017cy mo\u017cesz do\u015bwiadczy\u0107 tego, co najlepsze z obu \u015bwiat\u00f3w: s\u0142onecznych pla\u017c i t\u0119tni\u0105cych \u017cyciem miast na po\u0142udniu oraz spokojnej, dziewiczej przyrody na p\u00f3\u0142nocy. Ka\u017cde miejsce oferuje swoje unikalne uroki i do\u015bwiadczenia, kt\u00f3re sprawi\u0105, \u017ce Tw\u00f3j wymarzony urlop kamperem b\u0119dzie niezapomnian\u0105 przygod\u0105.<\/p>\n<p>Niezale\u017cnie od tego, czy planujesz tras\u0119 przez Austri\u0119 i W\u0142ochy, czy te\u017c korzystasz z r\u00f3\u017cnych p\u00f3r roku, aby odkrywa\u0107 r\u00f3\u017cne cz\u0119\u015bci Europy \u2013 mo\u017cliwo\u015bci s\u0105 niemal nieograniczone. Spakuj swojego kampera i przygotuj si\u0119 na podr\u00f3\u017c pe\u0142n\u0105 odkry\u0107, cud\u00f3w natury i kulturalnych atrakcji.<\/p>\n<\/div>\n<\/div>\n<\/div>\n<\/div>\n<div class=\"mt-1 flex gap-3 empty:hidden -ml-2\">\n<div class=\"items-center justify-start rounded-xl p-1 flex\">\n<div class=\"flex items-center\">\n<div class=\"flex items-center pb-0\">\n<div class=\"&#091;&amp;_svg&#093;:h-full &#091;&amp;_svg&#093;:w-full icon-md h-4 w-4\"><\/div>\n<\/div>\n<\/div>\n<\/div>\n<\/div>\n\n\t\t<\/div>\n\t<\/div>\n<\/div><\/div><\/div><\/div>\n<\/div>","protected":false},"excerpt":{"rendered":"<p>Podr\u00f3\u017c kamperem otwiera przed Pa\u0144stwem \u015bwiat pe\u0142en wolno\u015bci i elastyczno\u015bci. Maj\u0105 Pa\u0144stwo mo\u017cliwo\u015b\u0107 dostosowania trasy podr\u00f3\u017cy wed\u0142ug w\u0142asnego uznania oraz podejmowania spontanicznych wycieczek, kt\u00f3re zaprowadz\u0105 Pa\u0144stwa do nowych, nieoczekiwanych miejsc. Ahorn Camp przedstawia najpi\u0119kniejsze miejsca na rok 2024, idealnie nadaj\u0105ce si\u0119 na przygody kamperem. Zainspiruj si\u0119 i odkryj najlepsze miejsca, jakie ten rok ma do zaoferowania.<\/p>","protected":false},"author":2,"featured_media":24917,"comment_status":"closed","ping_status":"closed","sticky":false,"template":"","format":"standard","meta":{"content-type":"","footnotes":""},"categories":[208],"tags":[],"class_list":["post-24916","post","type-post","status-publish","format-standard","has-post-thumbnail","hentry","category-blog"],"yoast_head":"<!-- This site is optimized with the Yoast SEO plugin v28.3 - https:\/\/yoast.com\/product\/yoast-seo-wordpress\/ -->\n<title>Die Top Reiseziele mit dem Wohnmobil 2024<\/title>\n<meta name=\"description\" content=\"Auf der Suche nach dem perfekten n\u00e4chsten Reiseziel mit dem Wohnmobil? Hier werden Sie f\u00fcndig \u25ba jetzt inspirieren lassen!\" \/>\n<meta name=\"robots\" content=\"index, follow, max-snippet:-1, max-image-preview:large, max-video-preview:-1\" \/>\n<link rel=\"canonical\" href=\"https:\/\/ahorn-camp.de\/pl\/najlepsze-miejsca-podrozy-kamperem\/\" \/>\n<meta property=\"og:locale\" content=\"pl_PL\" \/>\n<meta property=\"og:type\" content=\"article\" \/>\n<meta property=\"og:title\" content=\"Die Top Reiseziele mit dem Wohnmobil 2024\" \/>\n<meta property=\"og:description\" content=\"Auf der Suche nach dem perfekten n\u00e4chsten Reiseziel mit dem Wohnmobil? Hier werden Sie f\u00fcndig \u25ba jetzt inspirieren lassen!\" \/>\n<meta property=\"og:url\" content=\"https:\/\/ahorn-camp.de\/pl\/najlepsze-miejsca-podrozy-kamperem\/\" \/>\n<meta property=\"og:site_name\" content=\"Ahorn Camp | Reisemobile und Kastenwagen\" \/>\n<meta property=\"article:publisher\" content=\"https:\/\/www.facebook.com\/ahorn.wohnmobile\/\" \/>\n<meta property=\"article:published_time\" content=\"2024-08-26T12:39:26+00:00\" \/>\n<meta property=\"article:modified_time\" content=\"2024-12-17T21:08:04+00:00\" \/>\n<meta property=\"og:image\" content=\"https:\/\/ahorn-camp.de\/wp-content\/uploads\/2024\/08\/DSF6800-3.jpg\" \/>\n\t<meta property=\"og:image:width\" content=\"1500\" \/>\n\t<meta property=\"og:image:height\" content=\"1125\" \/>\n\t<meta property=\"og:image:type\" content=\"image\/jpeg\" \/>\n<meta name=\"author\" content=\"ahorn_admin\" \/>\n<meta name=\"twitter:card\" content=\"summary_large_image\" \/>\n<meta name=\"twitter:label1\" content=\"Napisane przez\" \/>\n\t<meta name=\"twitter:data1\" content=\"ahorn_admin\" \/>\n\t<meta name=\"twitter:label2\" content=\"Szacowany czas czytania\" \/>\n\t<meta name=\"twitter:data2\" content=\"15 minut\" \/>\n<script type=\"application\/ld+json\" class=\"yoast-schema-graph\">{\"@context\":\"https:\\\/\\\/schema.org\",\"@graph\":[{\"@type\":\"Article\",\"@id\":\"https:\\\/\\\/ahorn-camp.de\\\/top-reiseziele-mit-dem-wohnmobil\\\/#article\",\"isPartOf\":{\"@id\":\"https:\\\/\\\/ahorn-camp.de\\\/top-reiseziele-mit-dem-wohnmobil\\\/\"},\"author\":{\"name\":\"ahorn_admin\",\"@id\":\"https:\\\/\\\/ahorn-camp.de\\\/#\\\/schema\\\/person\\\/9b60761ba82d5cb8e6db215a88925044\"},\"headline\":\"Die Top Reiseziele mit dem Wohnmobil 2024\",\"datePublished\":\"2024-08-26T12:39:26+00:00\",\"dateModified\":\"2024-12-17T21:08:04+00:00\",\"mainEntityOfPage\":{\"@id\":\"https:\\\/\\\/ahorn-camp.de\\\/top-reiseziele-mit-dem-wohnmobil\\\/\"},\"wordCount\":3220,\"publisher\":{\"@id\":\"https:\\\/\\\/ahorn-camp.de\\\/#organization\"},\"image\":{\"@id\":\"https:\\\/\\\/ahorn-camp.de\\\/top-reiseziele-mit-dem-wohnmobil\\\/#primaryimage\"},\"thumbnailUrl\":\"https:\\\/\\\/ahorn-camp.de\\\/wp-content\\\/uploads\\\/2024\\\/08\\\/DSF6800-3.jpg\",\"articleSection\":[\"Blog\"],\"inLanguage\":\"pl-PL\"},{\"@type\":\"WebPage\",\"@id\":\"https:\\\/\\\/ahorn-camp.de\\\/top-reiseziele-mit-dem-wohnmobil\\\/\",\"url\":\"https:\\\/\\\/ahorn-camp.de\\\/top-reiseziele-mit-dem-wohnmobil\\\/\",\"name\":\"Die Top Reiseziele mit dem Wohnmobil 2024\",\"isPartOf\":{\"@id\":\"https:\\\/\\\/ahorn-camp.de\\\/#website\"},\"primaryImageOfPage\":{\"@id\":\"https:\\\/\\\/ahorn-camp.de\\\/top-reiseziele-mit-dem-wohnmobil\\\/#primaryimage\"},\"image\":{\"@id\":\"https:\\\/\\\/ahorn-camp.de\\\/top-reiseziele-mit-dem-wohnmobil\\\/#primaryimage\"},\"thumbnailUrl\":\"https:\\\/\\\/ahorn-camp.de\\\/wp-content\\\/uploads\\\/2024\\\/08\\\/DSF6800-3.jpg\",\"datePublished\":\"2024-08-26T12:39:26+00:00\",\"dateModified\":\"2024-12-17T21:08:04+00:00\",\"description\":\"Auf der Suche nach dem perfekten n\u00e4chsten Reiseziel mit dem Wohnmobil? Hier werden Sie f\u00fcndig \u25ba jetzt inspirieren lassen!\",\"breadcrumb\":{\"@id\":\"https:\\\/\\\/ahorn-camp.de\\\/top-reiseziele-mit-dem-wohnmobil\\\/#breadcrumb\"},\"inLanguage\":\"pl-PL\",\"potentialAction\":[{\"@type\":\"ReadAction\",\"target\":[\"https:\\\/\\\/ahorn-camp.de\\\/top-reiseziele-mit-dem-wohnmobil\\\/\"]}]},{\"@type\":\"ImageObject\",\"inLanguage\":\"pl-PL\",\"@id\":\"https:\\\/\\\/ahorn-camp.de\\\/top-reiseziele-mit-dem-wohnmobil\\\/#primaryimage\",\"url\":\"https:\\\/\\\/ahorn-camp.de\\\/wp-content\\\/uploads\\\/2024\\\/08\\\/DSF6800-3.jpg\",\"contentUrl\":\"https:\\\/\\\/ahorn-camp.de\\\/wp-content\\\/uploads\\\/2024\\\/08\\\/DSF6800-3.jpg\",\"width\":1500,\"height\":1125},{\"@type\":\"BreadcrumbList\",\"@id\":\"https:\\\/\\\/ahorn-camp.de\\\/top-reiseziele-mit-dem-wohnmobil\\\/#breadcrumb\",\"itemListElement\":[{\"@type\":\"ListItem\",\"position\":1,\"name\":\"Startseite\",\"item\":\"https:\\\/\\\/ahorn-camp.de\\\/\"},{\"@type\":\"ListItem\",\"position\":2,\"name\":\"Die Top Reiseziele mit dem Wohnmobil 2024\"}]},{\"@type\":\"WebSite\",\"@id\":\"https:\\\/\\\/ahorn-camp.de\\\/#website\",\"url\":\"https:\\\/\\\/ahorn-camp.de\\\/\",\"name\":\"Ahorn Camp | Reisemobile und Kastenwagen\",\"description\":\"Seit \u00fcber 30 Jahren vermarktet das Familienunternehmen, Ahorn Camp in Speyer, erfolgreich Wohnmobile und Kastenwagen zum besten Preis-Leistungsverh\u00e4ltnis.\",\"publisher\":{\"@id\":\"https:\\\/\\\/ahorn-camp.de\\\/#organization\"},\"potentialAction\":[{\"@type\":\"SearchAction\",\"target\":{\"@type\":\"EntryPoint\",\"urlTemplate\":\"https:\\\/\\\/ahorn-camp.de\\\/?s={search_term_string}\"},\"query-input\":{\"@type\":\"PropertyValueSpecification\",\"valueRequired\":true,\"valueName\":\"search_term_string\"}}],\"inLanguage\":\"pl-PL\"},{\"@type\":\"Organization\",\"@id\":\"https:\\\/\\\/ahorn-camp.de\\\/#organization\",\"name\":\"Ahorn Camp GmbH & Co. KG\",\"url\":\"https:\\\/\\\/ahorn-camp.de\\\/\",\"logo\":{\"@type\":\"ImageObject\",\"inLanguage\":\"pl-PL\",\"@id\":\"https:\\\/\\\/ahorn-camp.de\\\/#\\\/schema\\\/logo\\\/image\\\/\",\"url\":\"https:\\\/\\\/ahorn-camp.de\\\/wp-content\\\/uploads\\\/2018\\\/12\\\/Ahorn_Logo.jpg\",\"contentUrl\":\"https:\\\/\\\/ahorn-camp.de\\\/wp-content\\\/uploads\\\/2018\\\/12\\\/Ahorn_Logo.jpg\",\"width\":1437,\"height\":1000,\"caption\":\"Ahorn Camp GmbH & Co. KG\"},\"image\":{\"@id\":\"https:\\\/\\\/ahorn-camp.de\\\/#\\\/schema\\\/logo\\\/image\\\/\"},\"sameAs\":[\"https:\\\/\\\/www.facebook.com\\\/ahorn.wohnmobile\\\/\",\"https:\\\/\\\/www.instagram.com\\\/ahorn.camp\\\/\",\"https:\\\/\\\/www.youtube.com\\\/channel\\\/UCPFbPCts1JJ_A1k9vyH0yOQ\"]},{\"@type\":\"Person\",\"@id\":\"https:\\\/\\\/ahorn-camp.de\\\/#\\\/schema\\\/person\\\/9b60761ba82d5cb8e6db215a88925044\",\"name\":\"ahorn_admin\",\"image\":{\"@type\":\"ImageObject\",\"inLanguage\":\"pl-PL\",\"@id\":\"https:\\\/\\\/secure.gravatar.com\\\/avatar\\\/d96b9a078083b0c14cee48589feadd939c3cdd66547e2f3f1569470371daaaa5?s=96&d=mm&r=g\",\"url\":\"https:\\\/\\\/secure.gravatar.com\\\/avatar\\\/d96b9a078083b0c14cee48589feadd939c3cdd66547e2f3f1569470371daaaa5?s=96&d=mm&r=g\",\"contentUrl\":\"https:\\\/\\\/secure.gravatar.com\\\/avatar\\\/d96b9a078083b0c14cee48589feadd939c3cdd66547e2f3f1569470371daaaa5?s=96&d=mm&r=g\",\"caption\":\"ahorn_admin\"},\"sameAs\":[\"http:\\\/\\\/Ahorn%20Camp\"],\"url\":\"https:\\\/\\\/ahorn-camp.de\\\/pl\\\/author\\\/ahorn_admin\\\/\"}]}<\/script>\n<!-- \/ Yoast SEO plugin. -->","yoast_head_json":{"title":"Najlepsze miejsca podr\u00f3\u017cy kamperem 2024","description":"Szukasz idealnego miejsca na kolejn\u0105 podr\u00f3\u017c kamperem? U nas znajdziesz inspiracj\u0119 \u25ba zaznajom si\u0119 ju\u017c teraz!","robots":{"index":"index","follow":"follow","max-snippet":"max-snippet:-1","max-image-preview":"max-image-preview:large","max-video-preview":"max-video-preview:-1"},"canonical":"https:\/\/ahorn-camp.de\/pl\/najlepsze-miejsca-podrozy-kamperem\/","og_locale":"pl_PL","og_type":"article","og_title":"Die Top Reiseziele mit dem Wohnmobil 2024","og_description":"Auf der Suche nach dem perfekten n\u00e4chsten Reiseziel mit dem Wohnmobil? Hier werden Sie f\u00fcndig \u25ba jetzt inspirieren lassen!","og_url":"https:\/\/ahorn-camp.de\/pl\/najlepsze-miejsca-podrozy-kamperem\/","og_site_name":"Ahorn Camp | Reisemobile und Kastenwagen","article_publisher":"https:\/\/www.facebook.com\/ahorn.wohnmobile\/","article_published_time":"2024-08-26T12:39:26+00:00","article_modified_time":"2024-12-17T21:08:04+00:00","og_image":[{"width":1500,"height":1125,"url":"https:\/\/ahorn-camp.de\/wp-content\/uploads\/2024\/08\/DSF6800-3.jpg","type":"image\/jpeg"}],"author":"ahorn_admin","twitter_card":"summary_large_image","twitter_misc":{"Napisane przez":"ahorn_admin","Szacowany czas czytania":"15 minut"},"schema":{"@context":"https:\/\/schema.org","@graph":[{"@type":"Article","@id":"https:\/\/ahorn-camp.de\/top-reiseziele-mit-dem-wohnmobil\/#article","isPartOf":{"@id":"https:\/\/ahorn-camp.de\/top-reiseziele-mit-dem-wohnmobil\/"},"author":{"name":"ahorn_admin","@id":"https:\/\/ahorn-camp.de\/#\/schema\/person\/9b60761ba82d5cb8e6db215a88925044"},"headline":"Die Top Reiseziele mit dem Wohnmobil 2024","datePublished":"2024-08-26T12:39:26+00:00","dateModified":"2024-12-17T21:08:04+00:00","mainEntityOfPage":{"@id":"https:\/\/ahorn-camp.de\/top-reiseziele-mit-dem-wohnmobil\/"},"wordCount":3220,"publisher":{"@id":"https:\/\/ahorn-camp.de\/#organization"},"image":{"@id":"https:\/\/ahorn-camp.de\/top-reiseziele-mit-dem-wohnmobil\/#primaryimage"},"thumbnailUrl":"https:\/\/ahorn-camp.de\/wp-content\/uploads\/2024\/08\/DSF6800-3.jpg","articleSection":["Blog"],"inLanguage":"pl-PL"},{"@type":"WebPage","@id":"https:\/\/ahorn-camp.de\/top-reiseziele-mit-dem-wohnmobil\/","url":"https:\/\/ahorn-camp.de\/top-reiseziele-mit-dem-wohnmobil\/","name":"Najlepsze miejsca podr\u00f3\u017cy kamperem 2024","isPartOf":{"@id":"https:\/\/ahorn-camp.de\/#website"},"primaryImageOfPage":{"@id":"https:\/\/ahorn-camp.de\/top-reiseziele-mit-dem-wohnmobil\/#primaryimage"},"image":{"@id":"https:\/\/ahorn-camp.de\/top-reiseziele-mit-dem-wohnmobil\/#primaryimage"},"thumbnailUrl":"https:\/\/ahorn-camp.de\/wp-content\/uploads\/2024\/08\/DSF6800-3.jpg","datePublished":"2024-08-26T12:39:26+00:00","dateModified":"2024-12-17T21:08:04+00:00","description":"Szukasz idealnego miejsca na kolejn\u0105 podr\u00f3\u017c kamperem? U nas znajdziesz inspiracj\u0119 \u25ba zaznajom si\u0119 ju\u017c teraz!","breadcrumb":{"@id":"https:\/\/ahorn-camp.de\/top-reiseziele-mit-dem-wohnmobil\/#breadcrumb"},"inLanguage":"pl-PL","potentialAction":[{"@type":"ReadAction","target":["https:\/\/ahorn-camp.de\/top-reiseziele-mit-dem-wohnmobil\/"]}]},{"@type":"ImageObject","inLanguage":"pl-PL","@id":"https:\/\/ahorn-camp.de\/top-reiseziele-mit-dem-wohnmobil\/#primaryimage","url":"https:\/\/ahorn-camp.de\/wp-content\/uploads\/2024\/08\/DSF6800-3.jpg","contentUrl":"https:\/\/ahorn-camp.de\/wp-content\/uploads\/2024\/08\/DSF6800-3.jpg","width":1500,"height":1125},{"@type":"BreadcrumbList","@id":"https:\/\/ahorn-camp.de\/top-reiseziele-mit-dem-wohnmobil\/#breadcrumb","itemListElement":[{"@type":"ListItem","position":1,"name":"Startseite","item":"https:\/\/ahorn-camp.de\/"},{"@type":"ListItem","position":2,"name":"Die Top Reiseziele mit dem Wohnmobil 2024"}]},{"@type":"WebSite","@id":"https:\/\/ahorn-camp.de\/#website","url":"https:\/\/ahorn-camp.de\/","name":"Ahorn Camp | Kampery i samochody dostawcze","description":"Od ponad 30 lat rodzinna firma Ahorn Camp z siedzib\u0105 w Speyer z powodzeniem zajmuje si\u0119 sprzeda\u017c\u0105 kamper\u00f3w i samochod\u00f3w dostawczych o najlepszym stosunku ceny do jako\u015bci.","publisher":{"@id":"https:\/\/ahorn-camp.de\/#organization"},"potentialAction":[{"@type":"SearchAction","target":{"@type":"EntryPoint","urlTemplate":"https:\/\/ahorn-camp.de\/?s={search_term_string}"},"query-input":{"@type":"PropertyValueSpecification","valueRequired":true,"valueName":"search_term_string"}}],"inLanguage":"pl-PL"},{"@type":"Organization","@id":"https:\/\/ahorn-camp.de\/#organization","name":"Ahorn Camp GmbH &amp; Co. KG","url":"https:\/\/ahorn-camp.de\/","logo":{"@type":"ImageObject","inLanguage":"pl-PL","@id":"https:\/\/ahorn-camp.de\/#\/schema\/logo\/image\/","url":"https:\/\/ahorn-camp.de\/wp-content\/uploads\/2018\/12\/Ahorn_Logo.jpg","contentUrl":"https:\/\/ahorn-camp.de\/wp-content\/uploads\/2018\/12\/Ahorn_Logo.jpg","width":1437,"height":1000,"caption":"Ahorn Camp GmbH & Co. KG"},"image":{"@id":"https:\/\/ahorn-camp.de\/#\/schema\/logo\/image\/"},"sameAs":["https:\/\/www.facebook.com\/ahorn.wohnmobile\/","https:\/\/www.instagram.com\/ahorn.camp\/","https:\/\/www.youtube.com\/channel\/UCPFbPCts1JJ_A1k9vyH0yOQ"]},{"@type":"Person","@id":"https:\/\/ahorn-camp.de\/#\/schema\/person\/9b60761ba82d5cb8e6db215a88925044","name":"ahorn_admin","image":{"@type":"ImageObject","inLanguage":"pl-PL","@id":"https:\/\/secure.gravatar.com\/avatar\/d96b9a078083b0c14cee48589feadd939c3cdd66547e2f3f1569470371daaaa5?s=96&d=mm&r=g","url":"https:\/\/secure.gravatar.com\/avatar\/d96b9a078083b0c14cee48589feadd939c3cdd66547e2f3f1569470371daaaa5?s=96&d=mm&r=g","contentUrl":"https:\/\/secure.gravatar.com\/avatar\/d96b9a078083b0c14cee48589feadd939c3cdd66547e2f3f1569470371daaaa5?s=96&d=mm&r=g","caption":"ahorn_admin"},"sameAs":["http:\/\/Ahorn%20Camp"],"url":"https:\/\/ahorn-camp.de\/pl\/author\/ahorn_admin\/"}]}},"_links":{"self":[{"href":"https:\/\/ahorn-camp.de\/pl\/wp-json\/wp\/v2\/posts\/24916","targetHints":{"allow":["GET"]}}],"collection":[{"href":"https:\/\/ahorn-camp.de\/pl\/wp-json\/wp\/v2\/posts"}],"about":[{"href":"https:\/\/ahorn-camp.de\/pl\/wp-json\/wp\/v2\/types\/post"}],"author":[{"embeddable":true,"href":"https:\/\/ahorn-camp.de\/pl\/wp-json\/wp\/v2\/users\/2"}],"replies":[{"embeddable":true,"href":"https:\/\/ahorn-camp.de\/pl\/wp-json\/wp\/v2\/comments?post=24916"}],"version-history":[{"count":0,"href":"https:\/\/ahorn-camp.de\/pl\/wp-json\/wp\/v2\/posts\/24916\/revisions"}],"wp:featuredmedia":[{"embeddable":true,"href":"https:\/\/ahorn-camp.de\/pl\/wp-json\/wp\/v2\/media\/24917"}],"wp:attachment":[{"href":"https:\/\/ahorn-camp.de\/pl\/wp-json\/wp\/v2\/media?parent=24916"}],"wp:term":[{"taxonomy":"category","embeddable":true,"href":"https:\/\/ahorn-camp.de\/pl\/wp-json\/wp\/v2\/categories?post=24916"},{"taxonomy":"post_tag","embeddable":true,"href":"https:\/\/ahorn-camp.de\/pl\/wp-json\/wp\/v2\/tags?post=24916"}],"curies":[{"name":"wp","href":"https:\/\/api.w.org\/{rel}","templated":true}]}}