{"id":23636,"date":"2024-06-24T14:37:43","date_gmt":"2024-06-24T12:37:43","guid":{"rendered":"https:\/\/ahorn-camp.de\/?p=23636"},"modified":"2024-09-24T10:33:57","modified_gmt":"2024-09-24T08:33:57","slug":"miejsca-docelowe-szwajcaria","status":"publish","type":"post","link":"https:\/\/ahorn-camp.de\/pl\/reiseziele-schweiz\/","title":{"rendered":"Odkryj Szwajcari\u0119: Najlepsze miejsca dla podr\u00f3\u017cuj\u0105cych kamperem"},"content":{"rendered":"<div class=\"wpb-content-wrapper\" id=\"wpb-content-root\"><div class=\"vc_row wpb_row vc_row-fluid\"><div class=\"wpb_column vc_column_container vc_col-sm-12\"><div class=\"vc_column-inner\"><div class=\"wpb_wrapper\"><div class=\"vc_row wpb_row vc_inner vc_row-fluid\"><div class=\"wpb_column vc_column_container vc_col-sm-12\"><div class=\"vc_column-inner\"><div class=\"wpb_wrapper\">\n\t<div class=\"wpb_text_column wpb_content_element\" >\n\t\t<div class=\"wpb_wrapper\">\n\t\t\t<p>Szwajcaria, znana z zapieraj\u0105cych dech w piersiach krajobraz\u00f3w, urokliwych miasteczek i bogatej kultury, jest idealnym miejscem dla entuzjast\u00f3w kamper\u00f3w. W zwi\u0105zku ze zbli\u017caj\u0105cymi si\u0119 Mistrzostwami Europy i ekscytuj\u0105cym meczem pi\u0142ki no\u017cnej pomi\u0119dzy Niemcami a Szwajcari\u0105, nie ma lepszego czasu na odkrywanie tego pi\u0119knego kraju. Oto pi\u0119\u0107 miejsc, kt\u00f3re koniecznie musisz odwiedzi\u0107 kamperem.<\/p>\n\n\t\t<\/div>\n\t<\/div>\n<\/div><\/div><\/div><\/div><\/div><\/div><\/div><\/div><div class=\"vc_row wpb_row vc_row-fluid\"><div class=\"wpb_column vc_column_container vc_col-sm-8\"><div class=\"vc_column-inner\"><div class=\"wpb_wrapper\"><h2 style=\"text-align: left\" class=\"vc_custom_heading vc_do_custom_heading\" >1. Zurych: T\u0119tni\u0105ca \u017cyciem metropolia<\/h2><div class=\"vc_empty_space\"   style=\"height: 25px\"><span class=\"vc_empty_space_inner\"><\/span><\/div>\n\t<div class=\"wpb_text_column wpb_content_element\" >\n\t\t<div class=\"wpb_wrapper\">\n\t\t\t<p>Zurych, najwi\u0119ksze miasto Szwajcarii, jest nie tylko centrum gospodarczym, ale tak\u017ce kulturaln\u0105 atrakcj\u0105. Z licznymi muzeami, galeriami i malownicz\u0105 star\u00f3wk\u0105 jest tam wiele do odkrycia. Jezioro Zuryskie oferuje r\u00f3wnie\u017c liczne mo\u017cliwo\u015bci aktywnego wypoczynku na wodzie i relaksu. Miejsca parkingowe dla kamper\u00f3w znajduj\u0105 si\u0119 na obrze\u017cach miasta, sk\u0105d mo\u017cna \u0142atwo dotrze\u0107 do centrum transportem publicznym.<\/p>\n\n\t\t<\/div>\n\t<\/div>\n<\/div><\/div><\/div><div class=\"wpb_column vc_column_container vc_col-sm-4\"><div class=\"vc_column-inner\"><div class=\"wpb_wrapper\">\n\t<div  class=\"wpb_single_image wpb_content_element vc_align_left wpb_content_element\">\n\t\t\n\t\t<figure class=\"wpb_wrapper vc_figure\">\n\t\t\t<div class=\"vc_single_image-wrapper\"><img fetchpriority=\"high\" decoding=\"async\" width=\"2560\" height=\"1843\" src=\"https:\/\/ahorn-camp.de\/wp-content\/uploads\/2024\/06\/Zuerich-See-scaled.jpg\" class=\"vc_single_image-img attachment-full\" alt=\"Kemping nad Jeziorem Zuryskim\" title=\"Jezioro Zuryskie\" srcset=\"https:\/\/ahorn-camp.de\/wp-content\/uploads\/2024\/06\/Zuerich-See-scaled.jpg 2560w, https:\/\/ahorn-camp.de\/wp-content\/uploads\/2024\/06\/Zuerich-See-300x216.jpg 300w, https:\/\/ahorn-camp.de\/wp-content\/uploads\/2024\/06\/Zuerich-See-1024x737.jpg 1024w, https:\/\/ahorn-camp.de\/wp-content\/uploads\/2024\/06\/Zuerich-See-768x553.jpg 768w, https:\/\/ahorn-camp.de\/wp-content\/uploads\/2024\/06\/Zuerich-See-800x576.jpg 800w, https:\/\/ahorn-camp.de\/wp-content\/uploads\/2024\/06\/Zuerich-See-1536x1106.jpg 1536w, https:\/\/ahorn-camp.de\/wp-content\/uploads\/2024\/06\/Zuerich-See-2048x1474.jpg 2048w, https:\/\/ahorn-camp.de\/wp-content\/uploads\/2024\/06\/Zuerich-See-167x119.jpg 167w\" sizes=\"(max-width: 2560px) 100vw, 2560px\" \/><\/div>\n\t\t<\/figure>\n\t<\/div>\n<\/div><\/div><\/div><\/div><div class=\"vc_row wpb_row vc_row-fluid\"><div class=\"wpb_column vc_column_container vc_col-sm-4\"><div class=\"vc_column-inner\"><div class=\"wpb_wrapper\">\n\t<div  class=\"wpb_single_image wpb_content_element vc_align_left wpb_content_element\">\n\t\t\n\t\t<figure class=\"wpb_wrapper vc_figure\">\n\t\t\t<div class=\"vc_single_image-wrapper\"><img decoding=\"async\" width=\"2560\" height=\"1707\" src=\"https:\/\/ahorn-camp.de\/wp-content\/uploads\/2024\/06\/Interlaken-scaled.jpg\" class=\"vc_single_image-img attachment-full\" alt=\"Kemping w Szwajcarii: Interlaken\" title=\"Kemping w Szwajcarii: Interlaken\" srcset=\"https:\/\/ahorn-camp.de\/wp-content\/uploads\/2024\/06\/Interlaken-scaled.jpg 2560w, https:\/\/ahorn-camp.de\/wp-content\/uploads\/2024\/06\/Interlaken-300x200.jpg 300w, https:\/\/ahorn-camp.de\/wp-content\/uploads\/2024\/06\/Interlaken-1024x683.jpg 1024w, https:\/\/ahorn-camp.de\/wp-content\/uploads\/2024\/06\/Interlaken-768x512.jpg 768w, https:\/\/ahorn-camp.de\/wp-content\/uploads\/2024\/06\/Interlaken-800x533.jpg 800w, https:\/\/ahorn-camp.de\/wp-content\/uploads\/2024\/06\/Interlaken-1536x1024.jpg 1536w, https:\/\/ahorn-camp.de\/wp-content\/uploads\/2024\/06\/Interlaken-2048x1365.jpg 2048w\" sizes=\"(max-width: 2560px) 100vw, 2560px\" \/><\/div>\n\t\t<\/figure>\n\t<\/div>\n<\/div><\/div><\/div><div class=\"wpb_column vc_column_container vc_col-sm-8\"><div class=\"vc_column-inner\"><div class=\"wpb_wrapper\"><div class=\"vc_empty_space\"   style=\"height: 25px\"><span class=\"vc_empty_space_inner\"><\/span><\/div><h2 style=\"text-align: left\" class=\"vc_custom_heading vc_do_custom_heading\" >2. Interlaken: Raj przygody<\/h2><div class=\"vc_empty_space\"   style=\"height: 25px\"><span class=\"vc_empty_space_inner\"><\/span><\/div>\n\t<div class=\"wpb_text_column wpb_content_element\" >\n\t\t<div class=\"wpb_wrapper\">\n\t\t\t<p>Po\u0142o\u017cony mi\u0119dzy Jeziorem Thun i Jeziorem Brienz, Interlaken jest prawdziwym rajem dla mi\u0142o\u015bnik\u00f3w przyg\u00f3d na \u015bwie\u017cym powietrzu. Tutaj mo\u017cna cieszy\u0107 si\u0119 w\u0119dr\u00f3wkami, paralotniarstwem, raftingiem i wieloma innymi atrakcjami. Kamper daje swobod\u0119 odkrywania okolicznych g\u00f3r i dolin.<\/p>\n\n\t\t<\/div>\n\t<\/div>\n<\/div><\/div><\/div><\/div><div class=\"vc_row wpb_row vc_row-fluid\"><div class=\"wpb_column vc_column_container vc_col-sm-8\"><div class=\"vc_column-inner\"><div class=\"wpb_wrapper\"><div class=\"vc_empty_space\"   style=\"height: 25px\"><span class=\"vc_empty_space_inner\"><\/span><\/div><h2 style=\"text-align: left\" class=\"vc_custom_heading vc_do_custom_heading\" >3. Zermatt i Matterhorn<\/h2>\n\t<div class=\"wpb_text_column wpb_content_element\" >\n\t\t<div class=\"wpb_wrapper\">\n\t\t\t<p>Zermatt, po\u0142o\u017cone u st\u00f3p s\u0142ynnego Matterhornu, jest obowi\u0105zkowym punktem dla ka\u017cdego podr\u00f3\u017cnika odwiedzaj\u0105cego Szwajcari\u0119. Miasto wolne od samochod\u00f3w jest idealne na piesze w\u0119dr\u00f3wki i g\u00f3rskie przygody. Podr\u00f3\u017cuj\u0105cy kamperami mog\u0105 zaparkowa\u0107 w T\u00e4sch i skorzysta\u0107 z po\u0142\u0105czenia kolejowego do Zermatt.<\/p>\n\n\t\t<\/div>\n\t<\/div>\n<\/div><\/div><\/div><div class=\"wpb_column vc_column_container vc_col-sm-4\"><div class=\"vc_column-inner\"><div class=\"wpb_wrapper\">\n\t<div  class=\"wpb_single_image wpb_content_element vc_align_left wpb_content_element\">\n\t\t\n\t\t<figure class=\"wpb_wrapper vc_figure\">\n\t\t\t<div class=\"vc_single_image-wrapper\"><img decoding=\"async\" width=\"2560\" height=\"1641\" src=\"https:\/\/ahorn-camp.de\/wp-content\/uploads\/2024\/06\/Matterhorn-scaled.jpg\" class=\"vc_single_image-img attachment-full\" alt=\"Kemping w Szwajcarii: Matterhorn\" title=\"Matterhorn\" srcset=\"https:\/\/ahorn-camp.de\/wp-content\/uploads\/2024\/06\/Matterhorn-scaled.jpg 2560w, https:\/\/ahorn-camp.de\/wp-content\/uploads\/2024\/06\/Matterhorn-300x192.jpg 300w, https:\/\/ahorn-camp.de\/wp-content\/uploads\/2024\/06\/Matterhorn-1024x656.jpg 1024w, https:\/\/ahorn-camp.de\/wp-content\/uploads\/2024\/06\/Matterhorn-768x492.jpg 768w, https:\/\/ahorn-camp.de\/wp-content\/uploads\/2024\/06\/Matterhorn-800x513.jpg 800w, https:\/\/ahorn-camp.de\/wp-content\/uploads\/2024\/06\/Matterhorn-1536x984.jpg 1536w, https:\/\/ahorn-camp.de\/wp-content\/uploads\/2024\/06\/Matterhorn-2048x1313.jpg 2048w\" sizes=\"(max-width: 2560px) 100vw, 2560px\" \/><\/div>\n\t\t<\/figure>\n\t<\/div>\n<\/div><\/div><\/div><\/div><div class=\"vc_row wpb_row vc_row-fluid\"><div class=\"wpb_column vc_column_container vc_col-sm-4\"><div class=\"vc_column-inner\"><div class=\"wpb_wrapper\">\n\t<div  class=\"wpb_single_image wpb_content_element vc_align_left wpb_content_element\">\n\t\t\n\t\t<figure class=\"wpb_wrapper vc_figure\">\n\t\t\t<div class=\"vc_single_image-wrapper\"><img loading=\"lazy\" decoding=\"async\" width=\"1707\" height=\"2560\" src=\"https:\/\/ahorn-camp.de\/wp-content\/uploads\/2024\/06\/Genfersee-scaled.jpg\" class=\"vc_single_image-img attachment-full\" alt=\"Jezioro Genewskie\" title=\"Jezioro Genewskie\" srcset=\"https:\/\/ahorn-camp.de\/wp-content\/uploads\/2024\/06\/Genfersee-scaled.jpg 1707w, https:\/\/ahorn-camp.de\/wp-content\/uploads\/2024\/06\/Genfersee-200x300.jpg 200w, https:\/\/ahorn-camp.de\/wp-content\/uploads\/2024\/06\/Genfersee-683x1024.jpg 683w, https:\/\/ahorn-camp.de\/wp-content\/uploads\/2024\/06\/Genfersee-768x1152.jpg 768w, https:\/\/ahorn-camp.de\/wp-content\/uploads\/2024\/06\/Genfersee-400x600.jpg 400w, https:\/\/ahorn-camp.de\/wp-content\/uploads\/2024\/06\/Genfersee-1024x1536.jpg 1024w, https:\/\/ahorn-camp.de\/wp-content\/uploads\/2024\/06\/Genfersee-1365x2048.jpg 1365w, https:\/\/ahorn-camp.de\/wp-content\/uploads\/2024\/06\/Genfersee-800x1200.jpg 800w\" sizes=\"(max-width: 1707px) 100vw, 1707px\" \/><\/div>\n\t\t<\/figure>\n\t<\/div>\n\n\t<div  class=\"wpb_single_image wpb_content_element vc_align_left wpb_content_element\">\n\t\t\n\t\t<figure class=\"wpb_wrapper vc_figure\">\n\t\t\t<div class=\"vc_single_image-wrapper\"><img loading=\"lazy\" decoding=\"async\" width=\"2560\" height=\"1707\" src=\"https:\/\/ahorn-camp.de\/wp-content\/uploads\/2024\/06\/Graubuenden-scaled.jpg\" class=\"vc_single_image-img attachment-full\" alt=\"Griszonia\" title=\"Griszonia\" srcset=\"https:\/\/ahorn-camp.de\/wp-content\/uploads\/2024\/06\/Graubuenden-scaled.jpg 2560w, https:\/\/ahorn-camp.de\/wp-content\/uploads\/2024\/06\/Graubuenden-300x200.jpg 300w, https:\/\/ahorn-camp.de\/wp-content\/uploads\/2024\/06\/Graubuenden-1024x683.jpg 1024w, https:\/\/ahorn-camp.de\/wp-content\/uploads\/2024\/06\/Graubuenden-768x512.jpg 768w, https:\/\/ahorn-camp.de\/wp-content\/uploads\/2024\/06\/Graubuenden-800x533.jpg 800w, https:\/\/ahorn-camp.de\/wp-content\/uploads\/2024\/06\/Graubuenden-1536x1024.jpg 1536w, https:\/\/ahorn-camp.de\/wp-content\/uploads\/2024\/06\/Graubuenden-2048x1365.jpg 2048w\" sizes=\"(max-width: 2560px) 100vw, 2560px\" \/><\/div>\n\t\t<\/figure>\n\t<\/div>\n<\/div><\/div><\/div><div class=\"wpb_column vc_column_container vc_col-sm-8\"><div class=\"vc_column-inner\"><div class=\"wpb_wrapper\"><h2 style=\"text-align: left\" class=\"vc_custom_heading vc_do_custom_heading\" >4. Jezioro Genewskie i Lozanna<\/h2><div class=\"vc_empty_space\"   style=\"height: 25px\"><span class=\"vc_empty_space_inner\"><\/span><\/div>\n\t<div class=\"wpb_text_column wpb_content_element\" >\n\t\t<div class=\"wpb_wrapper\">\n\t\t\t<p>Jezioro Genewskie, otoczone winnicami i eleganckimi miastami, takimi jak Lozanna, oferuje doskona\u0142e po\u0142\u0105czenie natury i kultury. Spaceruj po promenadzie nad jeziorem, odwied\u017a region winiarski Lavaux i delektuj si\u0119 kulinarnymi przysmakami regionu.<\/p>\n\n\t\t<\/div>\n\t<\/div>\n<h2 style=\"text-align: left\" class=\"vc_custom_heading vc_do_custom_heading\" >5. Gryzonia: alpejska r\u00f3\u017cnorodno\u015b\u0107<\/h2><div class=\"vc_empty_space\"   style=\"height: 25px\"><span class=\"vc_empty_space_inner\"><\/span><\/div>\n\t<div class=\"wpb_text_column wpb_content_element\" >\n\t\t<div class=\"wpb_wrapper\">\n\t\t\t<p>Gryzonia, najwi\u0119kszy region wakacyjny w Szwajcarii, oferuje imponuj\u0105c\u0105 gam\u0119 krajobraz\u00f3w i aktywno\u015bci. Od wytwornego St. Moritz po urokliwe wioski w Engadynie, jest tu wiele do odkrycia. Liczne g\u00f3rskie drogi i prze\u0142\u0119cze s\u0105 idealne na wycieczk\u0119 kamperem.<\/p>\n\n\t\t<\/div>\n\t<\/div>\n<\/div><\/div><\/div><\/div><div class=\"vc_row wpb_row vc_row-fluid\"><div class=\"wpb_column vc_column_container vc_col-sm-6\"><div class=\"vc_column-inner\"><div class=\"wpb_wrapper\"><\/div><\/div><\/div><div class=\"wpb_column vc_column_container vc_col-sm-6\"><div class=\"vc_column-inner\"><div class=\"wpb_wrapper\"><\/div><\/div><\/div><\/div><div class=\"vc_row wpb_row vc_row-fluid\"><div class=\"wpb_column vc_column_container vc_col-sm-12\"><div class=\"vc_column-inner\"><div class=\"wpb_wrapper\"><div class=\"vc_empty_space\"   style=\"height: 25px\"><span class=\"vc_empty_space_inner\"><\/span><\/div>\n\t<div class=\"wpb_text_column wpb_content_element\" >\n\t\t<div class=\"wpb_wrapper\">\n\t\t\t<p>Szwajcaria oferuje niezliczone mo\u017cliwo\u015bci niezapomnianych przyg\u00f3d. Dzi\u0119ki zr\u00f3\u017cnicowanemu krajobrazowi, bogactwom kulturowym i doskona\u0142ym kempingom jest to idealne miejsce dla mi\u0142o\u015bnik\u00f3w caravaningu i aktywno\u015bci na \u015bwie\u017cym powietrzu. Skorzystaj z okazji, aby odkry\u0107 Szwajcari\u0119 i ciesz si\u0119 swobod\u0105 i elastyczno\u015bci\u0105, jak\u0105 oferuje kamper.<\/p>\n\n\t\t<\/div>\n\t<\/div>\n<\/div><\/div><\/div><\/div>\n<\/div>","protected":false},"excerpt":{"rendered":"<p>Szwajcaria, znana z zapieraj\u0105cych dech w piersiach krajobraz\u00f3w, urokliwych miasteczek i bogatej kultury, jest idealnym miejscem dla entuzjast\u00f3w kamper\u00f3w. W zwi\u0105zku ze zbli\u017caj\u0105cymi si\u0119 Mistrzostwami Europy i ekscytuj\u0105cym meczem pi\u0142ki no\u017cnej pomi\u0119dzy Niemcami a Szwajcari\u0105, nie ma lepszego czasu na odkrywanie tego pi\u0119knego kraju. Oto pi\u0119\u0107 miejsc, kt\u00f3re koniecznie musisz odwiedzi\u0107 kamperem.<\/p>","protected":false},"author":2,"featured_media":23637,"comment_status":"closed","ping_status":"closed","sticky":false,"template":"","format":"standard","meta":{"content-type":"","footnotes":""},"categories":[208],"tags":[],"class_list":["post-23636","post","type-post","status-publish","format-standard","has-post-thumbnail","hentry","category-blog"],"yoast_head":"<!-- This site is optimized with the Yoast SEO plugin v28.4 - https:\/\/yoast.com\/product\/yoast-seo-wordpress\/ -->\n<title>Entdecken Sie die Schweiz: Top-Reiseziele f\u00fcr Wohnmobil-Reisende<\/title>\n<meta name=\"description\" content=\"In diesem Blogbeitrag finden Sie einige Tipps und Empfehlungen f\u00fcr das EM Land Schweiz. Schauen Sie vorbei!\" \/>\n<meta name=\"robots\" content=\"index, follow, max-snippet:-1, max-image-preview:large, max-video-preview:-1\" \/>\n<link rel=\"canonical\" href=\"https:\/\/ahorn-camp.de\/pl\/miejsca-docelowe-szwajcaria\/\" \/>\n<meta property=\"og:locale\" content=\"pl_PL\" \/>\n<meta property=\"og:type\" content=\"article\" \/>\n<meta property=\"og:title\" content=\"Entdecken Sie die Schweiz: Top-Reiseziele f\u00fcr Wohnmobil-Reisende\" \/>\n<meta property=\"og:description\" content=\"In diesem Blogbeitrag finden Sie einige Tipps und Empfehlungen f\u00fcr das EM Land Schweiz. Schauen Sie vorbei!\" \/>\n<meta property=\"og:url\" content=\"https:\/\/ahorn-camp.de\/pl\/miejsca-docelowe-szwajcaria\/\" \/>\n<meta property=\"og:site_name\" content=\"Ahorn Camp | Reisemobile und Kastenwagen\" \/>\n<meta property=\"article:publisher\" content=\"https:\/\/www.facebook.com\/ahorn.wohnmobile\/\" \/>\n<meta property=\"article:published_time\" content=\"2024-06-24T12:37:43+00:00\" \/>\n<meta property=\"article:modified_time\" content=\"2024-09-24T08:33:57+00:00\" \/>\n<meta property=\"og:image\" content=\"https:\/\/ahorn-camp.de\/wp-content\/uploads\/2024\/06\/Matterhorn-scaled.jpg\" \/>\n\t<meta property=\"og:image:width\" content=\"2560\" \/>\n\t<meta property=\"og:image:height\" content=\"1641\" \/>\n\t<meta property=\"og:image:type\" content=\"image\/jpeg\" \/>\n<meta name=\"author\" content=\"ahorn_admin\" \/>\n<meta name=\"twitter:card\" content=\"summary_large_image\" \/>\n<meta name=\"twitter:label1\" content=\"Napisane przez\" \/>\n\t<meta name=\"twitter:data1\" content=\"ahorn_admin\" \/>\n\t<meta name=\"twitter:label2\" content=\"Szacowany czas czytania\" \/>\n\t<meta name=\"twitter:data2\" content=\"3 minuty\" \/>\n<script type=\"application\/ld+json\" class=\"yoast-schema-graph\">{\"@context\":\"https:\\\/\\\/schema.org\",\"@graph\":[{\"@type\":\"Article\",\"@id\":\"https:\\\/\\\/ahorn-camp.de\\\/reiseziele-schweiz\\\/#article\",\"isPartOf\":{\"@id\":\"https:\\\/\\\/ahorn-camp.de\\\/reiseziele-schweiz\\\/\"},\"author\":{\"name\":\"ahorn_admin\",\"@id\":\"https:\\\/\\\/ahorn-camp.de\\\/#\\\/schema\\\/person\\\/9b60761ba82d5cb8e6db215a88925044\"},\"headline\":\"Entdecken Sie die Schweiz: Top-Reiseziele f\u00fcr Wohnmobil-Reisende\",\"datePublished\":\"2024-06-24T12:37:43+00:00\",\"dateModified\":\"2024-09-24T08:33:57+00:00\",\"mainEntityOfPage\":{\"@id\":\"https:\\\/\\\/ahorn-camp.de\\\/reiseziele-schweiz\\\/\"},\"wordCount\":641,\"publisher\":{\"@id\":\"https:\\\/\\\/ahorn-camp.de\\\/#organization\"},\"image\":{\"@id\":\"https:\\\/\\\/ahorn-camp.de\\\/reiseziele-schweiz\\\/#primaryimage\"},\"thumbnailUrl\":\"https:\\\/\\\/ahorn-camp.de\\\/wp-content\\\/uploads\\\/2024\\\/06\\\/Matterhorn-scaled.jpg\",\"articleSection\":[\"Blog\"],\"inLanguage\":\"pl-PL\"},{\"@type\":\"WebPage\",\"@id\":\"https:\\\/\\\/ahorn-camp.de\\\/reiseziele-schweiz\\\/\",\"url\":\"https:\\\/\\\/ahorn-camp.de\\\/reiseziele-schweiz\\\/\",\"name\":\"Entdecken Sie die Schweiz: Top-Reiseziele f\u00fcr Wohnmobil-Reisende\",\"isPartOf\":{\"@id\":\"https:\\\/\\\/ahorn-camp.de\\\/#website\"},\"primaryImageOfPage\":{\"@id\":\"https:\\\/\\\/ahorn-camp.de\\\/reiseziele-schweiz\\\/#primaryimage\"},\"image\":{\"@id\":\"https:\\\/\\\/ahorn-camp.de\\\/reiseziele-schweiz\\\/#primaryimage\"},\"thumbnailUrl\":\"https:\\\/\\\/ahorn-camp.de\\\/wp-content\\\/uploads\\\/2024\\\/06\\\/Matterhorn-scaled.jpg\",\"datePublished\":\"2024-06-24T12:37:43+00:00\",\"dateModified\":\"2024-09-24T08:33:57+00:00\",\"description\":\"In diesem Blogbeitrag finden Sie einige Tipps und Empfehlungen f\u00fcr das EM Land Schweiz. Schauen Sie vorbei!\",\"breadcrumb\":{\"@id\":\"https:\\\/\\\/ahorn-camp.de\\\/reiseziele-schweiz\\\/#breadcrumb\"},\"inLanguage\":\"pl-PL\",\"potentialAction\":[{\"@type\":\"ReadAction\",\"target\":[\"https:\\\/\\\/ahorn-camp.de\\\/reiseziele-schweiz\\\/\"]}]},{\"@type\":\"ImageObject\",\"inLanguage\":\"pl-PL\",\"@id\":\"https:\\\/\\\/ahorn-camp.de\\\/reiseziele-schweiz\\\/#primaryimage\",\"url\":\"https:\\\/\\\/ahorn-camp.de\\\/wp-content\\\/uploads\\\/2024\\\/06\\\/Matterhorn-scaled.jpg\",\"contentUrl\":\"https:\\\/\\\/ahorn-camp.de\\\/wp-content\\\/uploads\\\/2024\\\/06\\\/Matterhorn-scaled.jpg\",\"width\":2560,\"height\":1641,\"caption\":\"Camping in der Schweiz\"},{\"@type\":\"BreadcrumbList\",\"@id\":\"https:\\\/\\\/ahorn-camp.de\\\/reiseziele-schweiz\\\/#breadcrumb\",\"itemListElement\":[{\"@type\":\"ListItem\",\"position\":1,\"name\":\"Startseite\",\"item\":\"https:\\\/\\\/ahorn-camp.de\\\/\"},{\"@type\":\"ListItem\",\"position\":2,\"name\":\"Entdecken Sie die Schweiz: Top-Reiseziele f\u00fcr Wohnmobil-Reisende\"}]},{\"@type\":\"WebSite\",\"@id\":\"https:\\\/\\\/ahorn-camp.de\\\/#website\",\"url\":\"https:\\\/\\\/ahorn-camp.de\\\/\",\"name\":\"Ahorn Camp | Reisemobile und Kastenwagen\",\"description\":\"Seit \u00fcber 30 Jahren vermarktet das Familienunternehmen, Ahorn Camp in Speyer, erfolgreich Wohnmobile und Kastenwagen zum besten Preis-Leistungsverh\u00e4ltnis.\",\"publisher\":{\"@id\":\"https:\\\/\\\/ahorn-camp.de\\\/#organization\"},\"potentialAction\":[{\"@type\":\"SearchAction\",\"target\":{\"@type\":\"EntryPoint\",\"urlTemplate\":\"https:\\\/\\\/ahorn-camp.de\\\/?s={search_term_string}\"},\"query-input\":{\"@type\":\"PropertyValueSpecification\",\"valueRequired\":true,\"valueName\":\"search_term_string\"}}],\"inLanguage\":\"pl-PL\"},{\"@type\":\"Organization\",\"@id\":\"https:\\\/\\\/ahorn-camp.de\\\/#organization\",\"name\":\"Ahorn Camp GmbH & Co. KG\",\"url\":\"https:\\\/\\\/ahorn-camp.de\\\/\",\"logo\":{\"@type\":\"ImageObject\",\"inLanguage\":\"pl-PL\",\"@id\":\"https:\\\/\\\/ahorn-camp.de\\\/#\\\/schema\\\/logo\\\/image\\\/\",\"url\":\"https:\\\/\\\/ahorn-camp.de\\\/wp-content\\\/uploads\\\/2018\\\/12\\\/Ahorn_Logo.jpg\",\"contentUrl\":\"https:\\\/\\\/ahorn-camp.de\\\/wp-content\\\/uploads\\\/2018\\\/12\\\/Ahorn_Logo.jpg\",\"width\":1437,\"height\":1000,\"caption\":\"Ahorn Camp GmbH & Co. KG\"},\"image\":{\"@id\":\"https:\\\/\\\/ahorn-camp.de\\\/#\\\/schema\\\/logo\\\/image\\\/\"},\"sameAs\":[\"https:\\\/\\\/www.facebook.com\\\/ahorn.wohnmobile\\\/\",\"https:\\\/\\\/www.instagram.com\\\/ahorn.camp\\\/\",\"https:\\\/\\\/www.youtube.com\\\/channel\\\/UCPFbPCts1JJ_A1k9vyH0yOQ\"]},{\"@type\":\"Person\",\"@id\":\"https:\\\/\\\/ahorn-camp.de\\\/#\\\/schema\\\/person\\\/9b60761ba82d5cb8e6db215a88925044\",\"name\":\"ahorn_admin\",\"image\":{\"@type\":\"ImageObject\",\"inLanguage\":\"pl-PL\",\"@id\":\"https:\\\/\\\/secure.gravatar.com\\\/avatar\\\/d96b9a078083b0c14cee48589feadd939c3cdd66547e2f3f1569470371daaaa5?s=96&d=mm&r=g\",\"url\":\"https:\\\/\\\/secure.gravatar.com\\\/avatar\\\/d96b9a078083b0c14cee48589feadd939c3cdd66547e2f3f1569470371daaaa5?s=96&d=mm&r=g\",\"contentUrl\":\"https:\\\/\\\/secure.gravatar.com\\\/avatar\\\/d96b9a078083b0c14cee48589feadd939c3cdd66547e2f3f1569470371daaaa5?s=96&d=mm&r=g\",\"caption\":\"ahorn_admin\"},\"sameAs\":[\"http:\\\/\\\/Ahorn%20Camp\"],\"url\":\"https:\\\/\\\/ahorn-camp.de\\\/pl\\\/author\\\/ahorn_admin\\\/\"}]}<\/script>\n<!-- \/ Yoast SEO plugin. -->","yoast_head_json":{"title":"Odkryj Szwajcari\u0119: Najlepsze miejsca dla podr\u00f3\u017cuj\u0105cych kamperem","description":"W tym wpisie na blogu znajdziesz kilka wskaz\u00f3wek i rekomendacji dotycz\u0105cych ME w Szwajcarii. Zajrzyj!","robots":{"index":"index","follow":"follow","max-snippet":"max-snippet:-1","max-image-preview":"max-image-preview:large","max-video-preview":"max-video-preview:-1"},"canonical":"https:\/\/ahorn-camp.de\/pl\/miejsca-docelowe-szwajcaria\/","og_locale":"pl_PL","og_type":"article","og_title":"Entdecken Sie die Schweiz: Top-Reiseziele f\u00fcr Wohnmobil-Reisende","og_description":"In diesem Blogbeitrag finden Sie einige Tipps und Empfehlungen f\u00fcr das EM Land Schweiz. Schauen Sie vorbei!","og_url":"https:\/\/ahorn-camp.de\/pl\/miejsca-docelowe-szwajcaria\/","og_site_name":"Ahorn Camp | Reisemobile und Kastenwagen","article_publisher":"https:\/\/www.facebook.com\/ahorn.wohnmobile\/","article_published_time":"2024-06-24T12:37:43+00:00","article_modified_time":"2024-09-24T08:33:57+00:00","og_image":[{"width":2560,"height":1641,"url":"https:\/\/ahorn-camp.de\/wp-content\/uploads\/2024\/06\/Matterhorn-scaled.jpg","type":"image\/jpeg"}],"author":"ahorn_admin","twitter_card":"summary_large_image","twitter_misc":{"Napisane przez":"ahorn_admin","Szacowany czas czytania":"3 minuty"},"schema":{"@context":"https:\/\/schema.org","@graph":[{"@type":"Article","@id":"https:\/\/ahorn-camp.de\/reiseziele-schweiz\/#article","isPartOf":{"@id":"https:\/\/ahorn-camp.de\/reiseziele-schweiz\/"},"author":{"name":"ahorn_admin","@id":"https:\/\/ahorn-camp.de\/#\/schema\/person\/9b60761ba82d5cb8e6db215a88925044"},"headline":"Entdecken Sie die Schweiz: Top-Reiseziele f\u00fcr Wohnmobil-Reisende","datePublished":"2024-06-24T12:37:43+00:00","dateModified":"2024-09-24T08:33:57+00:00","mainEntityOfPage":{"@id":"https:\/\/ahorn-camp.de\/reiseziele-schweiz\/"},"wordCount":641,"publisher":{"@id":"https:\/\/ahorn-camp.de\/#organization"},"image":{"@id":"https:\/\/ahorn-camp.de\/reiseziele-schweiz\/#primaryimage"},"thumbnailUrl":"https:\/\/ahorn-camp.de\/wp-content\/uploads\/2024\/06\/Matterhorn-scaled.jpg","articleSection":["Blog"],"inLanguage":"pl-PL"},{"@type":"WebPage","@id":"https:\/\/ahorn-camp.de\/reiseziele-schweiz\/","url":"https:\/\/ahorn-camp.de\/reiseziele-schweiz\/","name":"Odkryj Szwajcari\u0119: Najlepsze miejsca dla podr\u00f3\u017cuj\u0105cych kamperem","isPartOf":{"@id":"https:\/\/ahorn-camp.de\/#website"},"primaryImageOfPage":{"@id":"https:\/\/ahorn-camp.de\/reiseziele-schweiz\/#primaryimage"},"image":{"@id":"https:\/\/ahorn-camp.de\/reiseziele-schweiz\/#primaryimage"},"thumbnailUrl":"https:\/\/ahorn-camp.de\/wp-content\/uploads\/2024\/06\/Matterhorn-scaled.jpg","datePublished":"2024-06-24T12:37:43+00:00","dateModified":"2024-09-24T08:33:57+00:00","description":"W tym wpisie na blogu znajdziesz kilka wskaz\u00f3wek i rekomendacji dotycz\u0105cych ME w Szwajcarii. Zajrzyj!","breadcrumb":{"@id":"https:\/\/ahorn-camp.de\/reiseziele-schweiz\/#breadcrumb"},"inLanguage":"pl-PL","potentialAction":[{"@type":"ReadAction","target":["https:\/\/ahorn-camp.de\/reiseziele-schweiz\/"]}]},{"@type":"ImageObject","inLanguage":"pl-PL","@id":"https:\/\/ahorn-camp.de\/reiseziele-schweiz\/#primaryimage","url":"https:\/\/ahorn-camp.de\/wp-content\/uploads\/2024\/06\/Matterhorn-scaled.jpg","contentUrl":"https:\/\/ahorn-camp.de\/wp-content\/uploads\/2024\/06\/Matterhorn-scaled.jpg","width":2560,"height":1641,"caption":"Camping in der Schweiz"},{"@type":"BreadcrumbList","@id":"https:\/\/ahorn-camp.de\/reiseziele-schweiz\/#breadcrumb","itemListElement":[{"@type":"ListItem","position":1,"name":"Startseite","item":"https:\/\/ahorn-camp.de\/"},{"@type":"ListItem","position":2,"name":"Entdecken Sie die Schweiz: Top-Reiseziele f\u00fcr Wohnmobil-Reisende"}]},{"@type":"WebSite","@id":"https:\/\/ahorn-camp.de\/#website","url":"https:\/\/ahorn-camp.de\/","name":"Ahorn Camp | Kampery i samochody dostawcze","description":"Od ponad 30 lat rodzinna firma Ahorn Camp z siedzib\u0105 w Speyer z powodzeniem zajmuje si\u0119 sprzeda\u017c\u0105 kamper\u00f3w i samochod\u00f3w dostawczych o najlepszym stosunku ceny do jako\u015bci.","publisher":{"@id":"https:\/\/ahorn-camp.de\/#organization"},"potentialAction":[{"@type":"SearchAction","target":{"@type":"EntryPoint","urlTemplate":"https:\/\/ahorn-camp.de\/?s={search_term_string}"},"query-input":{"@type":"PropertyValueSpecification","valueRequired":true,"valueName":"search_term_string"}}],"inLanguage":"pl-PL"},{"@type":"Organization","@id":"https:\/\/ahorn-camp.de\/#organization","name":"Ahorn Camp GmbH &amp; Co. KG","url":"https:\/\/ahorn-camp.de\/","logo":{"@type":"ImageObject","inLanguage":"pl-PL","@id":"https:\/\/ahorn-camp.de\/#\/schema\/logo\/image\/","url":"https:\/\/ahorn-camp.de\/wp-content\/uploads\/2018\/12\/Ahorn_Logo.jpg","contentUrl":"https:\/\/ahorn-camp.de\/wp-content\/uploads\/2018\/12\/Ahorn_Logo.jpg","width":1437,"height":1000,"caption":"Ahorn Camp GmbH & Co. KG"},"image":{"@id":"https:\/\/ahorn-camp.de\/#\/schema\/logo\/image\/"},"sameAs":["https:\/\/www.facebook.com\/ahorn.wohnmobile\/","https:\/\/www.instagram.com\/ahorn.camp\/","https:\/\/www.youtube.com\/channel\/UCPFbPCts1JJ_A1k9vyH0yOQ"]},{"@type":"Person","@id":"https:\/\/ahorn-camp.de\/#\/schema\/person\/9b60761ba82d5cb8e6db215a88925044","name":"ahorn_admin","image":{"@type":"ImageObject","inLanguage":"pl-PL","@id":"https:\/\/secure.gravatar.com\/avatar\/d96b9a078083b0c14cee48589feadd939c3cdd66547e2f3f1569470371daaaa5?s=96&d=mm&r=g","url":"https:\/\/secure.gravatar.com\/avatar\/d96b9a078083b0c14cee48589feadd939c3cdd66547e2f3f1569470371daaaa5?s=96&d=mm&r=g","contentUrl":"https:\/\/secure.gravatar.com\/avatar\/d96b9a078083b0c14cee48589feadd939c3cdd66547e2f3f1569470371daaaa5?s=96&d=mm&r=g","caption":"ahorn_admin"},"sameAs":["http:\/\/Ahorn%20Camp"],"url":"https:\/\/ahorn-camp.de\/pl\/author\/ahorn_admin\/"}]}},"_links":{"self":[{"href":"https:\/\/ahorn-camp.de\/pl\/wp-json\/wp\/v2\/posts\/23636","targetHints":{"allow":["GET"]}}],"collection":[{"href":"https:\/\/ahorn-camp.de\/pl\/wp-json\/wp\/v2\/posts"}],"about":[{"href":"https:\/\/ahorn-camp.de\/pl\/wp-json\/wp\/v2\/types\/post"}],"author":[{"embeddable":true,"href":"https:\/\/ahorn-camp.de\/pl\/wp-json\/wp\/v2\/users\/2"}],"replies":[{"embeddable":true,"href":"https:\/\/ahorn-camp.de\/pl\/wp-json\/wp\/v2\/comments?post=23636"}],"version-history":[{"count":0,"href":"https:\/\/ahorn-camp.de\/pl\/wp-json\/wp\/v2\/posts\/23636\/revisions"}],"wp:featuredmedia":[{"embeddable":true,"href":"https:\/\/ahorn-camp.de\/pl\/wp-json\/wp\/v2\/media\/23637"}],"wp:attachment":[{"href":"https:\/\/ahorn-camp.de\/pl\/wp-json\/wp\/v2\/media?parent=23636"}],"wp:term":[{"taxonomy":"category","embeddable":true,"href":"https:\/\/ahorn-camp.de\/pl\/wp-json\/wp\/v2\/categories?post=23636"},{"taxonomy":"post_tag","embeddable":true,"href":"https:\/\/ahorn-camp.de\/pl\/wp-json\/wp\/v2\/tags?post=23636"}],"curies":[{"name":"wp","href":"https:\/\/api.w.org\/{rel}","templated":true}]}}