{"id":18747,"date":"2023-02-20T16:00:27","date_gmt":"2023-02-20T15:00:27","guid":{"rendered":"https:\/\/ahorn-camp.de\/?p=18747"},"modified":"2023-03-14T12:08:12","modified_gmt":"2023-03-14T11:08:12","slug":"akcja-sadzenia-drzew","status":"publish","type":"post","link":"https:\/\/ahorn-camp.de\/pl\/baumpflanzaktion\/","title":{"rendered":"1000 nowych drzew dla rekreacji w lesie Mutterstadt"},"content":{"rendered":"<div class=\"wpb-content-wrapper\" id=\"wpb-content-root\"><div class=\"vc_row wpb_row vc_row-fluid\"><div class=\"wpb_column vc_column_container vc_col-sm-12\"><div class=\"vc_column-inner\"><div class=\"wpb_wrapper\"><div class=\"vc_row wpb_row vc_inner vc_row-fluid\"><div class=\"wpb_column vc_column_container vc_col-sm-6\"><div class=\"vc_column-inner\"><div class=\"wpb_wrapper\">\n\t<div class=\"wpb_text_column wpb_content_element\" >\n\t\t<div class=\"wpb_wrapper\">\n\t\t\t<p><span style=\"color: #1b508c;\"><strong>Speyer.<\/strong><\/span> \u201eCieszymy si\u0119, \u017ce znale\u017ali\u015bmy partnera w osobie producenta kamper\u00f3w AHORN Camp, kt\u00f3ry wsp\u00f3lnie z nami anga\u017cuje si\u0119 w ochron\u0119 \u015brodowiska i klimatu\u201c \u2013 wyja\u015bnia Albert M\u00e4rkl, za\u0142o\u017cyciel i prezes og\u00f3lnokrajowego stowarzyszenia WOHNmobil f\u00fcr Klimaschutz e.V.<\/p>\n<p>Stowarzyszenie non-profit zrzeszaj\u0105ce mi\u0142o\u015bnik\u00f3w kamper\u00f3w i kempingowicz\u00f3w wnosi wa\u017cny wk\u0142ad w ochron\u0119 \u015brodowiska i klimatu swoimi dzia\u0142aniami. \u201eJe\u015bli chronimy nasz\u0105 przyrod\u0119, chronimy r\u00f3wnie\u017c nasz klimat\u201c \u2013 podkre\u015bla M\u00e4rkl. Aktywni kempingowicze przekazuj\u0105 darowizny i sadz\u0105 drzewa w ca\u0142ym kraju, tworz\u0105c stabilny klimatycznie las mieszany \u2013 do tej pory prawie 5000 m\u0142odych ro\u015blin \u2013 pomagaj\u0105c tym samym w ochronie wa\u017cnych siedlisk, takich jak torfowiska i sady. Ponadto stowarzyszenie stworzy\u0142o Certyfikat EKOLOGICZNY dla miejsc postojowych dla kamper\u00f3w, wyr\u00f3\u017cniaj\u0105c te ekologicznie zagospodarowane.<\/p>\n<p>Zwi\u0105zek poszukuje partner\u00f3w z bran\u017cy kempingowej, kt\u00f3rzy wespr\u0105 jego dzia\u0142alno\u015b\u0107. Firma AHORN Camp z siedzib\u0105 w Speyer od ubieg\u0142ego roku wspiera aktywno\u015b\u0107 kamper\u00f3w. \u201eJako firma jeste\u015bmy \u015bwiadomi naszej odpowiedzialno\u015bci spo\u0142ecznej w zakresie ochrony klimatu\u201c \u2013 m\u00f3wi Alexander Reichmann, dyrektor zarz\u0105dzaj\u0105cy AHORN Camp. \u201eDlatego cieszymy si\u0119, \u017ce mo\u017cemy wsp\u00f3lnie z Wohnmobil f\u00fcr Klimaschutz zalesia\u0107 lasy w naszym regionie. Lasy to p\u0142uca Ziemi. A kampery i ochrona klimatu s\u0105 dla nas zdecydowanie ze sob\u0105 powi\u0105zane.\".<\/p>\n<p>W pi\u0105tek, 10 marca 2023 r., w programie znalaz\u0142a si\u0119 pierwsza wsp\u00f3lna akcja sadzenia drzew. Pod fachowym kierownictwem le\u015bniczego pana Georga Spanga cz\u0142onkowie stowarzyszenia oraz pracownicy AHORN Camp 750 posadzili drzewa przekazane w ramach darowizny na terenie lasu w rezerwacie Walderholung Mutterstadt. W akcji wzi\u0119li r\u00f3wnie\u017c udzia\u0142 partnerzy biznesowi firmy Ahorn Camp, a tak\u017ce przedstawiciele prasy i lokalnych w\u0142adz. Dzia\u0142anie to wzmacnia nie tylko las, ale tak\u017ce poczucie wsp\u00f3lnoty i wymian\u0119 do\u015bwiadcze\u0144 mi\u0119dzy wszystkimi uczestnikami.<\/p>\n<p>Wszystkie informacje o stowarzyszeniu: <strong><a href=\"http:\/\/www.wohnmobil-fuer-klimaschutz.de\" target=\"_blank\" rel=\"noopener\">www.wohnmobil-fuer-klimaschutz.pl<\/a><\/strong><\/p>\n\n\t\t<\/div>\n\t<\/div>\n<\/div><\/div><\/div><div class=\"wpb_column vc_column_container vc_col-sm-6\"><div class=\"vc_column-inner\"><div class=\"wpb_wrapper\">\n\t<div  class=\"wpb_single_image wpb_content_element vc_align_left wpb_content_element\">\n\t\t\n\t\t<figure class=\"wpb_wrapper vc_figure\">\n\t\t\t<div class=\"vc_single_image-wrapper\"><img fetchpriority=\"high\" decoding=\"async\" width=\"1024\" height=\"668\" src=\"https:\/\/ahorn-camp.de\/wp-content\/uploads\/2023\/02\/Wohnmobil-fuer-Klimaschutza-1024x668.png\" class=\"vc_single_image-img attachment-large\" alt=\"Akcja sadzenia drzew zorganizowana przez Ahorn Camp i \u201eWohnmobil f\u00fcr Klimaschutz\u201d\" title=\"Akcja sadzenia drzew zorganizowana przez Ahorn Camp i \u201eWohnmobil f\u00fcr Klimaschutz\u201d\" srcset=\"https:\/\/ahorn-camp.de\/wp-content\/uploads\/2023\/02\/Wohnmobil-fuer-Klimaschutza-1024x668.png 1024w, https:\/\/ahorn-camp.de\/wp-content\/uploads\/2023\/02\/Wohnmobil-fuer-Klimaschutza-300x196.png 300w, https:\/\/ahorn-camp.de\/wp-content\/uploads\/2023\/02\/Wohnmobil-fuer-Klimaschutza-768x501.png 768w, https:\/\/ahorn-camp.de\/wp-content\/uploads\/2023\/02\/Wohnmobil-fuer-Klimaschutza-800x522.png 800w, https:\/\/ahorn-camp.de\/wp-content\/uploads\/2023\/02\/Wohnmobil-fuer-Klimaschutza-1536x1003.png 1536w, https:\/\/ahorn-camp.de\/wp-content\/uploads\/2023\/02\/Wohnmobil-fuer-Klimaschutza.png 1633w\" sizes=\"(max-width: 1024px) 100vw, 1024px\" \/><\/div>\n\t\t<\/figure>\n\t<\/div>\n<h3 style=\"text-align: left\" class=\"vc_custom_heading vc_do_custom_heading\" >POBIERZ<\/h3>\n\t<div class=\"wpb_text_column wpb_content_element\" >\n\t\t<div class=\"wpb_wrapper\">\n\t\t\t<p><a href=\"https:\/\/ahorn-camp.de\/wp-content\/uploads\/2023\/03\/Pressemitteilung_Baumpflanzaktion-1.pdf\" target=\"_blank\" rel=\"noopener\">Komunikat prasowy | PDF<\/a><br \/>\n<a href=\"https:\/\/www.dropbox.com\/scl\/fo\/ykufkd4m4m6sa37xo9wld\/h?dl=0&amp;rlkey=p30iknoztuvmyqky17wzp9egh\" target=\"_blank\" rel=\"noopener\">Materia\u0142y graficzne | JPEG<\/a><\/p>\n\n\t\t<\/div>\n\t<\/div>\n<h3 style=\"text-align: left\" class=\"vc_custom_heading vc_do_custom_heading\" >KONTAKT DLA MEDI\u00d3W<\/h3>\n\t<div class=\"wpb_text_column wpb_content_element\" >\n\t\t<div class=\"wpb_wrapper\">\n\t\t\t<p>Michelle Christin List<br \/>\nMened\u017cer ds. PR i Komunikacji<br \/>\nE-mail: m.list@ahorn-camp.de<br \/>\nTel: +49 (0) 6232 10028 161<\/p>\n<p>Franciszka Reichmann<br \/>\nDyrektor ds. Marketingu<br \/>\nE-Mail: f.reichmann@ahorn-camp.de<br \/>\nTel.: +49 (0) 6232 \/ 10028-165<br \/>\nFaks.: +49 (0) 6232 \/ 10028-105<\/p>\n\n\t\t<\/div>\n\t<\/div>\n<\/div><\/div><\/div><\/div><\/div><\/div><\/div><\/div>\n<\/div>","protected":false},"excerpt":{"rendered":"<p>Organizacja Ahorn Camp wraz ze stowarzyszeniem \u201eWohnmobil f\u00fcr Klimaschutz\u201d rozpoczyna zakrojon\u0105 na szerok\u0105 skal\u0119 akcj\u0119 sadzenia drzew w rezerwacie le\u015bnym Mutterstadt ko\u0142o Speyer i sadzi 1000 drzew.<\/p>","protected":false},"author":2,"featured_media":18750,"comment_status":"closed","ping_status":"closed","sticky":false,"template":"","format":"standard","meta":{"content-type":"","footnotes":""},"categories":[593,54,277,67],"tags":[],"class_list":["post-18747","post","type-post","status-publish","format-standard","has-post-thumbnail","hentry","category-auszeichnungen","category-messetermine","category-pressemitteilungen","category-unternehmen"],"yoast_head":"<!-- This site is optimized with the Yoast SEO plugin v28.4 - https:\/\/yoast.com\/product\/yoast-seo-wordpress\/ -->\n<title>1000 neue B\u00e4ume f\u00fcr die Walderholung Mutterstadt<\/title>\n<meta name=\"description\" content=\"Ahorn Camp startet gemeinsam mit dem Verein Wohnmobil f\u00fcr Klimaschutz eine gro\u00dfe Baumpflanzaktion in der Walderholung Mutterstadt bei Speyer.\" \/>\n<meta name=\"robots\" content=\"index, follow, max-snippet:-1, max-image-preview:large, max-video-preview:-1\" \/>\n<link rel=\"canonical\" href=\"https:\/\/ahorn-camp.de\/pl\/akcja-sadzenia-drzew\/\" \/>\n<meta property=\"og:locale\" content=\"pl_PL\" \/>\n<meta property=\"og:type\" content=\"article\" \/>\n<meta property=\"og:title\" content=\"1000 neue B\u00e4ume f\u00fcr die Walderholung Mutterstadt\" \/>\n<meta property=\"og:description\" content=\"Ahorn Camp startet gemeinsam mit dem Verein Wohnmobil f\u00fcr Klimaschutz eine gro\u00dfe Baumpflanzaktion in der Walderholung Mutterstadt bei Speyer.\" \/>\n<meta property=\"og:url\" content=\"https:\/\/ahorn-camp.de\/pl\/akcja-sadzenia-drzew\/\" \/>\n<meta property=\"og:site_name\" content=\"Ahorn Camp | Reisemobile und Kastenwagen\" \/>\n<meta property=\"article:publisher\" content=\"https:\/\/www.facebook.com\/ahorn.wohnmobile\/\" \/>\n<meta property=\"article:published_time\" content=\"2023-02-20T15:00:27+00:00\" \/>\n<meta property=\"article:modified_time\" content=\"2023-03-14T11:08:12+00:00\" \/>\n<meta property=\"og:image\" content=\"https:\/\/ahorn-camp.de\/wp-content\/uploads\/2023\/02\/Wohnmobil-fuer-Klimaschutza-1024x668.png\" \/>\n\t<meta property=\"og:image:width\" content=\"1024\" \/>\n\t<meta property=\"og:image:height\" content=\"668\" \/>\n\t<meta property=\"og:image:type\" content=\"image\/png\" \/>\n<meta name=\"author\" content=\"ahorn_admin\" \/>\n<meta name=\"twitter:card\" content=\"summary_large_image\" \/>\n<meta name=\"twitter:label1\" content=\"Napisane przez\" \/>\n\t<meta name=\"twitter:data1\" content=\"ahorn_admin\" \/>\n\t<meta name=\"twitter:label2\" content=\"Szacowany czas czytania\" \/>\n\t<meta name=\"twitter:data2\" content=\"2 minuty\" \/>\n<script type=\"application\/ld+json\" class=\"yoast-schema-graph\">{\"@context\":\"https:\\\/\\\/schema.org\",\"@graph\":[{\"@type\":\"Article\",\"@id\":\"https:\\\/\\\/ahorn-camp.de\\\/baumpflanzaktion\\\/#article\",\"isPartOf\":{\"@id\":\"https:\\\/\\\/ahorn-camp.de\\\/baumpflanzaktion\\\/\"},\"author\":{\"name\":\"ahorn_admin\",\"@id\":\"https:\\\/\\\/ahorn-camp.de\\\/#\\\/schema\\\/person\\\/9b60761ba82d5cb8e6db215a88925044\"},\"headline\":\"1000 neue B\u00e4ume f\u00fcr die Walderholung Mutterstadt\",\"datePublished\":\"2023-02-20T15:00:27+00:00\",\"dateModified\":\"2023-03-14T11:08:12+00:00\",\"mainEntityOfPage\":{\"@id\":\"https:\\\/\\\/ahorn-camp.de\\\/baumpflanzaktion\\\/\"},\"wordCount\":429,\"publisher\":{\"@id\":\"https:\\\/\\\/ahorn-camp.de\\\/#organization\"},\"image\":{\"@id\":\"https:\\\/\\\/ahorn-camp.de\\\/baumpflanzaktion\\\/#primaryimage\"},\"thumbnailUrl\":\"https:\\\/\\\/ahorn-camp.de\\\/wp-content\\\/uploads\\\/2023\\\/02\\\/Wohnmobil-fuer-Klimaschutza.png\",\"articleSection\":[\"Auszeichnungen\",\"Events &amp; Messen\",\"Pressemitteilungen\",\"Unternehmen\"],\"inLanguage\":\"pl-PL\"},{\"@type\":\"WebPage\",\"@id\":\"https:\\\/\\\/ahorn-camp.de\\\/baumpflanzaktion\\\/\",\"url\":\"https:\\\/\\\/ahorn-camp.de\\\/baumpflanzaktion\\\/\",\"name\":\"1000 neue B\u00e4ume f\u00fcr die Walderholung Mutterstadt\",\"isPartOf\":{\"@id\":\"https:\\\/\\\/ahorn-camp.de\\\/#website\"},\"primaryImageOfPage\":{\"@id\":\"https:\\\/\\\/ahorn-camp.de\\\/baumpflanzaktion\\\/#primaryimage\"},\"image\":{\"@id\":\"https:\\\/\\\/ahorn-camp.de\\\/baumpflanzaktion\\\/#primaryimage\"},\"thumbnailUrl\":\"https:\\\/\\\/ahorn-camp.de\\\/wp-content\\\/uploads\\\/2023\\\/02\\\/Wohnmobil-fuer-Klimaschutza.png\",\"datePublished\":\"2023-02-20T15:00:27+00:00\",\"dateModified\":\"2023-03-14T11:08:12+00:00\",\"description\":\"Ahorn Camp startet gemeinsam mit dem Verein Wohnmobil f\u00fcr Klimaschutz eine gro\u00dfe Baumpflanzaktion in der Walderholung Mutterstadt bei Speyer.\",\"breadcrumb\":{\"@id\":\"https:\\\/\\\/ahorn-camp.de\\\/baumpflanzaktion\\\/#breadcrumb\"},\"inLanguage\":\"pl-PL\",\"potentialAction\":[{\"@type\":\"ReadAction\",\"target\":[\"https:\\\/\\\/ahorn-camp.de\\\/baumpflanzaktion\\\/\"]}]},{\"@type\":\"ImageObject\",\"inLanguage\":\"pl-PL\",\"@id\":\"https:\\\/\\\/ahorn-camp.de\\\/baumpflanzaktion\\\/#primaryimage\",\"url\":\"https:\\\/\\\/ahorn-camp.de\\\/wp-content\\\/uploads\\\/2023\\\/02\\\/Wohnmobil-fuer-Klimaschutza.png\",\"contentUrl\":\"https:\\\/\\\/ahorn-camp.de\\\/wp-content\\\/uploads\\\/2023\\\/02\\\/Wohnmobil-fuer-Klimaschutza.png\",\"width\":1633,\"height\":1066,\"caption\":\"Baumpflanzaktion von Ahorn Camp und Wohnmobil f\u00fcr Klimaschutz\"},{\"@type\":\"BreadcrumbList\",\"@id\":\"https:\\\/\\\/ahorn-camp.de\\\/baumpflanzaktion\\\/#breadcrumb\",\"itemListElement\":[{\"@type\":\"ListItem\",\"position\":1,\"name\":\"Startseite\",\"item\":\"https:\\\/\\\/ahorn-camp.de\\\/\"},{\"@type\":\"ListItem\",\"position\":2,\"name\":\"1000 neue B\u00e4ume f\u00fcr die Walderholung Mutterstadt\"}]},{\"@type\":\"WebSite\",\"@id\":\"https:\\\/\\\/ahorn-camp.de\\\/#website\",\"url\":\"https:\\\/\\\/ahorn-camp.de\\\/\",\"name\":\"Ahorn Camp | Reisemobile und Kastenwagen\",\"description\":\"Seit \u00fcber 30 Jahren vermarktet das Familienunternehmen, Ahorn Camp in Speyer, erfolgreich Wohnmobile und Kastenwagen zum besten Preis-Leistungsverh\u00e4ltnis.\",\"publisher\":{\"@id\":\"https:\\\/\\\/ahorn-camp.de\\\/#organization\"},\"potentialAction\":[{\"@type\":\"SearchAction\",\"target\":{\"@type\":\"EntryPoint\",\"urlTemplate\":\"https:\\\/\\\/ahorn-camp.de\\\/?s={search_term_string}\"},\"query-input\":{\"@type\":\"PropertyValueSpecification\",\"valueRequired\":true,\"valueName\":\"search_term_string\"}}],\"inLanguage\":\"pl-PL\"},{\"@type\":\"Organization\",\"@id\":\"https:\\\/\\\/ahorn-camp.de\\\/#organization\",\"name\":\"Ahorn Camp GmbH & Co. KG\",\"url\":\"https:\\\/\\\/ahorn-camp.de\\\/\",\"logo\":{\"@type\":\"ImageObject\",\"inLanguage\":\"pl-PL\",\"@id\":\"https:\\\/\\\/ahorn-camp.de\\\/#\\\/schema\\\/logo\\\/image\\\/\",\"url\":\"https:\\\/\\\/ahorn-camp.de\\\/wp-content\\\/uploads\\\/2018\\\/12\\\/Ahorn_Logo.jpg\",\"contentUrl\":\"https:\\\/\\\/ahorn-camp.de\\\/wp-content\\\/uploads\\\/2018\\\/12\\\/Ahorn_Logo.jpg\",\"width\":1437,\"height\":1000,\"caption\":\"Ahorn Camp GmbH & Co. KG\"},\"image\":{\"@id\":\"https:\\\/\\\/ahorn-camp.de\\\/#\\\/schema\\\/logo\\\/image\\\/\"},\"sameAs\":[\"https:\\\/\\\/www.facebook.com\\\/ahorn.wohnmobile\\\/\",\"https:\\\/\\\/www.instagram.com\\\/ahorn.camp\\\/\",\"https:\\\/\\\/www.youtube.com\\\/channel\\\/UCPFbPCts1JJ_A1k9vyH0yOQ\"]},{\"@type\":\"Person\",\"@id\":\"https:\\\/\\\/ahorn-camp.de\\\/#\\\/schema\\\/person\\\/9b60761ba82d5cb8e6db215a88925044\",\"name\":\"ahorn_admin\",\"image\":{\"@type\":\"ImageObject\",\"inLanguage\":\"pl-PL\",\"@id\":\"https:\\\/\\\/secure.gravatar.com\\\/avatar\\\/d96b9a078083b0c14cee48589feadd939c3cdd66547e2f3f1569470371daaaa5?s=96&d=mm&r=g\",\"url\":\"https:\\\/\\\/secure.gravatar.com\\\/avatar\\\/d96b9a078083b0c14cee48589feadd939c3cdd66547e2f3f1569470371daaaa5?s=96&d=mm&r=g\",\"contentUrl\":\"https:\\\/\\\/secure.gravatar.com\\\/avatar\\\/d96b9a078083b0c14cee48589feadd939c3cdd66547e2f3f1569470371daaaa5?s=96&d=mm&r=g\",\"caption\":\"ahorn_admin\"},\"sameAs\":[\"http:\\\/\\\/Ahorn%20Camp\"],\"url\":\"https:\\\/\\\/ahorn-camp.de\\\/pl\\\/author\\\/ahorn_admin\\\/\"}]}<\/script>\n<!-- \/ Yoast SEO plugin. -->","yoast_head_json":{"title":"1000 nowych drzew dla rekreacji w lesie Mutterstadt","description":"Organizacja Ahorn Camp wraz ze stowarzyszeniem \u201eWohnmobil f\u00fcr Klimaschutz\u201d rozpoczyna zakrojon\u0105 na szerok\u0105 skal\u0119 akcj\u0119 sadzenia drzew w rezerwacie le\u015bnym Mutterstadt ko\u0142o Speyer.","robots":{"index":"index","follow":"follow","max-snippet":"max-snippet:-1","max-image-preview":"max-image-preview:large","max-video-preview":"max-video-preview:-1"},"canonical":"https:\/\/ahorn-camp.de\/pl\/akcja-sadzenia-drzew\/","og_locale":"pl_PL","og_type":"article","og_title":"1000 neue B\u00e4ume f\u00fcr die Walderholung Mutterstadt","og_description":"Ahorn Camp startet gemeinsam mit dem Verein Wohnmobil f\u00fcr Klimaschutz eine gro\u00dfe Baumpflanzaktion in der Walderholung Mutterstadt bei Speyer.","og_url":"https:\/\/ahorn-camp.de\/pl\/akcja-sadzenia-drzew\/","og_site_name":"Ahorn Camp | Reisemobile und Kastenwagen","article_publisher":"https:\/\/www.facebook.com\/ahorn.wohnmobile\/","article_published_time":"2023-02-20T15:00:27+00:00","article_modified_time":"2023-03-14T11:08:12+00:00","og_image":[{"width":1024,"height":668,"url":"https:\/\/ahorn-camp.de\/wp-content\/uploads\/2023\/02\/Wohnmobil-fuer-Klimaschutza-1024x668.png","type":"image\/png"}],"author":"ahorn_admin","twitter_card":"summary_large_image","twitter_misc":{"Napisane przez":"ahorn_admin","Szacowany czas czytania":"2 minuty"},"schema":{"@context":"https:\/\/schema.org","@graph":[{"@type":"Article","@id":"https:\/\/ahorn-camp.de\/baumpflanzaktion\/#article","isPartOf":{"@id":"https:\/\/ahorn-camp.de\/baumpflanzaktion\/"},"author":{"name":"ahorn_admin","@id":"https:\/\/ahorn-camp.de\/#\/schema\/person\/9b60761ba82d5cb8e6db215a88925044"},"headline":"1000 neue B\u00e4ume f\u00fcr die Walderholung Mutterstadt","datePublished":"2023-02-20T15:00:27+00:00","dateModified":"2023-03-14T11:08:12+00:00","mainEntityOfPage":{"@id":"https:\/\/ahorn-camp.de\/baumpflanzaktion\/"},"wordCount":429,"publisher":{"@id":"https:\/\/ahorn-camp.de\/#organization"},"image":{"@id":"https:\/\/ahorn-camp.de\/baumpflanzaktion\/#primaryimage"},"thumbnailUrl":"https:\/\/ahorn-camp.de\/wp-content\/uploads\/2023\/02\/Wohnmobil-fuer-Klimaschutza.png","articleSection":["Auszeichnungen","Events &amp; Messen","Pressemitteilungen","Unternehmen"],"inLanguage":"pl-PL"},{"@type":"WebPage","@id":"https:\/\/ahorn-camp.de\/baumpflanzaktion\/","url":"https:\/\/ahorn-camp.de\/baumpflanzaktion\/","name":"1000 nowych drzew dla rekreacji w lesie Mutterstadt","isPartOf":{"@id":"https:\/\/ahorn-camp.de\/#website"},"primaryImageOfPage":{"@id":"https:\/\/ahorn-camp.de\/baumpflanzaktion\/#primaryimage"},"image":{"@id":"https:\/\/ahorn-camp.de\/baumpflanzaktion\/#primaryimage"},"thumbnailUrl":"https:\/\/ahorn-camp.de\/wp-content\/uploads\/2023\/02\/Wohnmobil-fuer-Klimaschutza.png","datePublished":"2023-02-20T15:00:27+00:00","dateModified":"2023-03-14T11:08:12+00:00","description":"Organizacja Ahorn Camp wraz ze stowarzyszeniem \u201eWohnmobil f\u00fcr Klimaschutz\u201d rozpoczyna zakrojon\u0105 na szerok\u0105 skal\u0119 akcj\u0119 sadzenia drzew w rezerwacie le\u015bnym Mutterstadt ko\u0142o Speyer.","breadcrumb":{"@id":"https:\/\/ahorn-camp.de\/baumpflanzaktion\/#breadcrumb"},"inLanguage":"pl-PL","potentialAction":[{"@type":"ReadAction","target":["https:\/\/ahorn-camp.de\/baumpflanzaktion\/"]}]},{"@type":"ImageObject","inLanguage":"pl-PL","@id":"https:\/\/ahorn-camp.de\/baumpflanzaktion\/#primaryimage","url":"https:\/\/ahorn-camp.de\/wp-content\/uploads\/2023\/02\/Wohnmobil-fuer-Klimaschutza.png","contentUrl":"https:\/\/ahorn-camp.de\/wp-content\/uploads\/2023\/02\/Wohnmobil-fuer-Klimaschutza.png","width":1633,"height":1066,"caption":"Baumpflanzaktion von Ahorn Camp und Wohnmobil f\u00fcr Klimaschutz"},{"@type":"BreadcrumbList","@id":"https:\/\/ahorn-camp.de\/baumpflanzaktion\/#breadcrumb","itemListElement":[{"@type":"ListItem","position":1,"name":"Startseite","item":"https:\/\/ahorn-camp.de\/"},{"@type":"ListItem","position":2,"name":"1000 neue B\u00e4ume f\u00fcr die Walderholung Mutterstadt"}]},{"@type":"WebSite","@id":"https:\/\/ahorn-camp.de\/#website","url":"https:\/\/ahorn-camp.de\/","name":"Ahorn Camp | Kampery i samochody dostawcze","description":"Od ponad 30 lat rodzinna firma Ahorn Camp z siedzib\u0105 w Speyer z powodzeniem zajmuje si\u0119 sprzeda\u017c\u0105 kamper\u00f3w i samochod\u00f3w dostawczych o najlepszym stosunku ceny do jako\u015bci.","publisher":{"@id":"https:\/\/ahorn-camp.de\/#organization"},"potentialAction":[{"@type":"SearchAction","target":{"@type":"EntryPoint","urlTemplate":"https:\/\/ahorn-camp.de\/?s={search_term_string}"},"query-input":{"@type":"PropertyValueSpecification","valueRequired":true,"valueName":"search_term_string"}}],"inLanguage":"pl-PL"},{"@type":"Organization","@id":"https:\/\/ahorn-camp.de\/#organization","name":"Ahorn Camp GmbH &amp; Co. KG","url":"https:\/\/ahorn-camp.de\/","logo":{"@type":"ImageObject","inLanguage":"pl-PL","@id":"https:\/\/ahorn-camp.de\/#\/schema\/logo\/image\/","url":"https:\/\/ahorn-camp.de\/wp-content\/uploads\/2018\/12\/Ahorn_Logo.jpg","contentUrl":"https:\/\/ahorn-camp.de\/wp-content\/uploads\/2018\/12\/Ahorn_Logo.jpg","width":1437,"height":1000,"caption":"Ahorn Camp GmbH & Co. KG"},"image":{"@id":"https:\/\/ahorn-camp.de\/#\/schema\/logo\/image\/"},"sameAs":["https:\/\/www.facebook.com\/ahorn.wohnmobile\/","https:\/\/www.instagram.com\/ahorn.camp\/","https:\/\/www.youtube.com\/channel\/UCPFbPCts1JJ_A1k9vyH0yOQ"]},{"@type":"Person","@id":"https:\/\/ahorn-camp.de\/#\/schema\/person\/9b60761ba82d5cb8e6db215a88925044","name":"ahorn_admin","image":{"@type":"ImageObject","inLanguage":"pl-PL","@id":"https:\/\/secure.gravatar.com\/avatar\/d96b9a078083b0c14cee48589feadd939c3cdd66547e2f3f1569470371daaaa5?s=96&d=mm&r=g","url":"https:\/\/secure.gravatar.com\/avatar\/d96b9a078083b0c14cee48589feadd939c3cdd66547e2f3f1569470371daaaa5?s=96&d=mm&r=g","contentUrl":"https:\/\/secure.gravatar.com\/avatar\/d96b9a078083b0c14cee48589feadd939c3cdd66547e2f3f1569470371daaaa5?s=96&d=mm&r=g","caption":"ahorn_admin"},"sameAs":["http:\/\/Ahorn%20Camp"],"url":"https:\/\/ahorn-camp.de\/pl\/author\/ahorn_admin\/"}]}},"_links":{"self":[{"href":"https:\/\/ahorn-camp.de\/pl\/wp-json\/wp\/v2\/posts\/18747","targetHints":{"allow":["GET"]}}],"collection":[{"href":"https:\/\/ahorn-camp.de\/pl\/wp-json\/wp\/v2\/posts"}],"about":[{"href":"https:\/\/ahorn-camp.de\/pl\/wp-json\/wp\/v2\/types\/post"}],"author":[{"embeddable":true,"href":"https:\/\/ahorn-camp.de\/pl\/wp-json\/wp\/v2\/users\/2"}],"replies":[{"embeddable":true,"href":"https:\/\/ahorn-camp.de\/pl\/wp-json\/wp\/v2\/comments?post=18747"}],"version-history":[{"count":0,"href":"https:\/\/ahorn-camp.de\/pl\/wp-json\/wp\/v2\/posts\/18747\/revisions"}],"wp:featuredmedia":[{"embeddable":true,"href":"https:\/\/ahorn-camp.de\/pl\/wp-json\/wp\/v2\/media\/18750"}],"wp:attachment":[{"href":"https:\/\/ahorn-camp.de\/pl\/wp-json\/wp\/v2\/media?parent=18747"}],"wp:term":[{"taxonomy":"category","embeddable":true,"href":"https:\/\/ahorn-camp.de\/pl\/wp-json\/wp\/v2\/categories?post=18747"},{"taxonomy":"post_tag","embeddable":true,"href":"https:\/\/ahorn-camp.de\/pl\/wp-json\/wp\/v2\/tags?post=18747"}],"curies":[{"name":"wp","href":"https:\/\/api.w.org\/{rel}","templated":true}]}}