{"id":16814,"date":"2022-07-19T11:24:34","date_gmt":"2022-07-19T09:24:34","guid":{"rendered":"https:\/\/ahorn-camp.de\/?p=16814"},"modified":"2024-04-03T17:01:09","modified_gmt":"2024-04-03T15:01:09","slug":"rekrutacjanabugajach","status":"publish","type":"post","link":"https:\/\/ahorn-camp.de\/pl\/recruitingmobil\/","title":{"rendered":"Od karetki do mobilnego punktu rekrutacyjnego"},"content":{"rendered":"<div class=\"wpb-content-wrapper\" id=\"wpb-content-root\"><div class=\"vc_row wpb_row vc_row-fluid\"><div class=\"wpb_column vc_column_container vc_col-sm-6\"><div class=\"vc_column-inner\"><div class=\"wpb_wrapper\">\n\t<div class=\"wpb_text_column wpb_content_element\" >\n\t\t<div class=\"wpb_wrapper\">\n\t\t\t<p>\u201eWsiadaj \u2013 rozwijaj si\u0119\u201c \u2013 pod tym has\u0142em szpital Diakonissen-Stiftungs-Krankenhaus w Speyer wysy\u0142a sw\u00f3j nowy mobilny punkt rekrutacyjny do region\u00f3w Vorderpfalz i S\u00fcdpfalz. W ostatnich miesi\u0105cach w firmie Ahorn Camp przebudowali\u015bmy wycofan\u0105 z eksploatacji karetk\u0119 pogotowia na mobiln\u0105 kawiarni\u0119 szkoleniow\u0105 o nowoczesnym wygl\u0105dzie: Wn\u0119trze oferuje teraz miejsce na przytulny k\u0105cik wypoczynkowy z monitorem telewizyjnym, a na dachu instalacja solarna zapewnia ekologiczne zasilanie dla ekspresu do kawy i wbudowanej lod\u00f3wki. Na powierzchniach zewn\u0119trznych czterech pracownik\u00f3w Szpitala Fundacji Diakoniss w Speyer promuje swoje zawody.<\/p>\n<p>Kiedy w styczniu otrzymali\u015bmy zapytanie dotycz\u0105ce przebudowy, Alexander Reichmann, dyrektor zarz\u0105dzaj\u0105cy firmy Ahorn Camp GmbH, od razu by\u0142 zachwycony. Jest r\u00f3wnie\u017c bardziej ni\u017c zadowolony z efektu: \u201eNasz zesp\u00f3\u0142 warsztatowy w kr\u00f3tkim czasie zrealizowa\u0142 rozbi\u00f3rk\u0119, modernizacj\u0119 techniczn\u0105 oraz prace wyko\u0144czeniowe. Cieszymy si\u0119, \u017ce mogli\u015bmy wesprze\u0107 szpital Diakonissen-Stiftungs-Krankenhaus Speyer w realizacji tego projektu.\u201c<\/p>\n<p>W projekt przekonany jest r\u00f3wnie\u017c Jonas Sewing, dyrektor zarz\u0105dzaj\u0105cy szpitala Diakonissen-Stiftungs-Krankenhaus Speyer i wsp\u00f3\u0142inicjator projektu: \u201eChcemy osobi\u015bcie rozmawia\u0107 z m\u0142odymi lud\u017ami i indywidualnie doradza\u0107 im w sprawach odpowiednich mo\u017cliwo\u015bci kszta\u0142cenia w obszarze ochrony zdrowia. A to dzia\u0142a analogowo po prostu lepiej ni\u017c w formie czysto cyfrowej\u201c.\u201c<\/p>\n\n\t\t<\/div>\n\t<\/div>\n<\/div><\/div><\/div><div class=\"wpb_column vc_column_container vc_col-sm-6\"><div class=\"vc_column-inner\"><div class=\"wpb_wrapper\"><div class=\"vc_row wpb_row vc_inner vc_row-fluid\"><div class=\"wpb_column vc_column_container vc_col-sm-12\"><div class=\"vc_column-inner\"><div class=\"wpb_wrapper\">\n\t<div  class=\"wpb_single_image wpb_content_element vc_align_left wpb_content_element\">\n\t\t\n\t\t<figure class=\"wpb_wrapper vc_figure\">\n\t\t\t<div class=\"vc_single_image-wrapper\"><img fetchpriority=\"high\" decoding=\"async\" width=\"300\" height=\"205\" src=\"https:\/\/ahorn-camp.de\/wp-content\/uploads\/2022\/07\/20220715_Recruitingmobil-des-Diakonissen-Stiftungs-Krankenhauses-SP-1-300x205.jpg\" class=\"vc_single_image-img attachment-medium\" alt=\"Pan Reichmann prezentuje przebudowany mobil rekrutacyjny Diakonissen-Stiftungs-Krankenhaus.\" title=\"Mobil rekrutacyjny Diakonissen-Stiftungs-Krankenhaus\" srcset=\"https:\/\/ahorn-camp.de\/wp-content\/uploads\/2022\/07\/20220715_Recruitingmobil-des-Diakonissen-Stiftungs-Krankenhauses-SP-1-300x205.jpg 300w, https:\/\/ahorn-camp.de\/wp-content\/uploads\/2022\/07\/20220715_Recruitingmobil-des-Diakonissen-Stiftungs-Krankenhauses-SP-1-1024x700.jpg 1024w, https:\/\/ahorn-camp.de\/wp-content\/uploads\/2022\/07\/20220715_Recruitingmobil-des-Diakonissen-Stiftungs-Krankenhauses-SP-1-768x525.jpg 768w, https:\/\/ahorn-camp.de\/wp-content\/uploads\/2022\/07\/20220715_Recruitingmobil-des-Diakonissen-Stiftungs-Krankenhauses-SP-1-800x547.jpg 800w, https:\/\/ahorn-camp.de\/wp-content\/uploads\/2022\/07\/20220715_Recruitingmobil-des-Diakonissen-Stiftungs-Krankenhauses-SP-1-1536x1050.jpg 1536w, https:\/\/ahorn-camp.de\/wp-content\/uploads\/2022\/07\/20220715_Recruitingmobil-des-Diakonissen-Stiftungs-Krankenhauses-SP-1-2048x1400.jpg 2048w\" sizes=\"(max-width: 300px) 100vw, 300px\" \/><\/div>\n\t\t<\/figure>\n\t<\/div>\n<h3 style=\"text-align: left\" class=\"vc_custom_heading vc_do_custom_heading\" >POBRANIA<\/h3>\n\t<div class=\"wpb_text_column wpb_content_element\" >\n\t\t<div class=\"wpb_wrapper\">\n\t\t\t<p><a href=\"https:\/\/ahorn-camp.de\/wp-content\/uploads\/2022\/07\/Ahorn-Camp-Pressemitteilung-Recruitingmobil-Diakonissen-Stiftungs-Krankenhaus.pdf\" target=\"_blank\" rel=\"noopener\">Komunikat prasowy | PDF<\/a><br \/>\n<a href=\"https:\/\/www.dropbox.com\/sh\/1xa0azfkakaqagy\/AAAPGp1AD_1D8yckv9nLt2D4a?dl=0\" target=\"_blank\" rel=\"noopener\">Materia\u0142y graficzne | JPEG<\/a><\/p>\n\n\t\t<\/div>\n\t<\/div>\n<h3 style=\"text-align: left\" class=\"vc_custom_heading vc_do_custom_heading\" >KONTAKT DLA MEDI\u00d3W<\/h3>\n\t<div class=\"wpb_text_column wpb_content_element\" >\n\t\t<div class=\"wpb_wrapper\">\n\t\t\t<p>Franciszka Reichmann<br \/>\nDyrektor ds. Marketingu<br \/>\nE-Mail: f.reichmann@ahorn-camp.de<br \/>\nTel.: +49 (0) 6232 \/ 10028-165<br \/>\nFaks.: +49 (0) 6232 \/ 10028-105<\/p>\n\n\t\t<\/div>\n\t<\/div>\n<\/div><\/div><\/div><\/div><\/div><\/div><\/div><\/div><div class=\"vc_row wpb_row vc_row-fluid\"><div class=\"wpb_column vc_column_container vc_col-sm-12\"><div class=\"vc_column-inner\"><div class=\"wpb_wrapper\">\n<div class=\"vc_grid-container-wrapper vc_clearfix vc_grid-animation-fadeIn\">\n\t<div class=\"vc_grid-container vc_clearfix wpb_content_element vc_media_grid\" style=\"--vc-grid-gap:5px;--vc-grid-arrows-color:#5472D2;--vc-grid-paging-color:#EBEBEB;\" data-initial-loading-animation=\"fadeIn\" data-vc-grid-settings=\"{&quot;page_id&quot;:16814,&quot;style&quot;:&quot;all&quot;,&quot;action&quot;:&quot;vc_get_vc_grid_data&quot;,&quot;shortcode_id&quot;:&quot;1710239346487-53a49872-2e68-4&quot;,&quot;tag&quot;:&quot;vc_media_grid&quot;}\" data-vc-request=\"https:\/\/ahorn-camp.de\/wp-admin\/admin-ajax.php\" data-vc-post-id=\"16814\" data-vc-public-nonce=\"fcab567e5f\">\n\t\t\n\t<\/div>\n<\/div><\/div><\/div><\/div><\/div>\n<\/div>","protected":false},"excerpt":{"rendered":"<p>Aby zwr\u00f3ci\u0107 uwag\u0119 na zawody wymagaj\u0105ce wykszta\u0142cenia w sektorze opieki zdrowotnej, firma Ahorn Camp przebudowuje karetk\u0119 pogotowia na mobilny punkt rekrutacyjny dla szpitala Diakonissen-Stiftungs-Krankenhaus w Speyerze <\/p>","protected":false},"author":2,"featured_media":16832,"comment_status":"closed","ping_status":"closed","sticky":false,"template":"","format":"standard","meta":{"content-type":"","footnotes":""},"categories":[277],"tags":[],"class_list":["post-16814","post","type-post","status-publish","format-standard","has-post-thumbnail","hentry","category-pressemitteilungen"],"yoast_head":"<!-- This site is optimized with the Yoast SEO plugin v28.4 - https:\/\/yoast.com\/product\/yoast-seo-wordpress\/ -->\n<title>Vom Rettungswagen zum Recruitingmobil<\/title>\n<meta name=\"description\" content=\"Ahorn Camp baut alten Rettungswagen zum modernen Recruitingmobil f\u00fcr das Diakonissen-Stiftungs-Krankenhaus Speyer als Projekt um.\" \/>\n<meta name=\"robots\" content=\"index, follow, max-snippet:-1, max-image-preview:large, max-video-preview:-1\" \/>\n<link rel=\"canonical\" href=\"https:\/\/ahorn-camp.de\/pl\/rekrutacjanabugajach\/\" \/>\n<meta property=\"og:locale\" content=\"pl_PL\" \/>\n<meta property=\"og:type\" content=\"article\" \/>\n<meta property=\"og:title\" content=\"Vom Rettungswagen zum Recruitingmobil\" \/>\n<meta property=\"og:description\" content=\"Ahorn Camp baut alten Rettungswagen zum modernen Recruitingmobil f\u00fcr das Diakonissen-Stiftungs-Krankenhaus Speyer als Projekt um.\" \/>\n<meta property=\"og:url\" content=\"https:\/\/ahorn-camp.de\/pl\/rekrutacjanabugajach\/\" \/>\n<meta property=\"og:site_name\" content=\"Ahorn Camp | Reisemobile und Kastenwagen\" \/>\n<meta property=\"article:publisher\" content=\"https:\/\/www.facebook.com\/ahorn.wohnmobile\/\" \/>\n<meta property=\"article:published_time\" content=\"2022-07-19T09:24:34+00:00\" \/>\n<meta property=\"article:modified_time\" content=\"2024-04-03T15:01:09+00:00\" \/>\n<meta property=\"og:image\" content=\"https:\/\/ahorn-camp.de\/wp-content\/uploads\/2022\/07\/Aktuelles-Recruitingmobil.jpg\" \/>\n\t<meta property=\"og:image:width\" content=\"500\" \/>\n\t<meta property=\"og:image:height\" content=\"333\" \/>\n\t<meta property=\"og:image:type\" content=\"image\/jpeg\" \/>\n<meta name=\"author\" content=\"ahorn_admin\" \/>\n<meta name=\"twitter:card\" content=\"summary_large_image\" \/>\n<meta name=\"twitter:label1\" content=\"Napisane przez\" \/>\n\t<meta name=\"twitter:data1\" content=\"ahorn_admin\" \/>\n\t<meta name=\"twitter:label2\" content=\"Szacowany czas czytania\" \/>\n\t<meta name=\"twitter:data2\" content=\"2 minuty\" \/>\n<script type=\"application\/ld+json\" class=\"yoast-schema-graph\">{\"@context\":\"https:\\\/\\\/schema.org\",\"@graph\":[{\"@type\":\"Article\",\"@id\":\"https:\\\/\\\/ahorn-camp.de\\\/recruitingmobil\\\/#article\",\"isPartOf\":{\"@id\":\"https:\\\/\\\/ahorn-camp.de\\\/recruitingmobil\\\/\"},\"author\":{\"name\":\"ahorn_admin\",\"@id\":\"https:\\\/\\\/ahorn-camp.de\\\/#\\\/schema\\\/person\\\/9b60761ba82d5cb8e6db215a88925044\"},\"headline\":\"Vom Rettungswagen zum Recruitingmobil\",\"datePublished\":\"2022-07-19T09:24:34+00:00\",\"dateModified\":\"2024-04-03T15:01:09+00:00\",\"mainEntityOfPage\":{\"@id\":\"https:\\\/\\\/ahorn-camp.de\\\/recruitingmobil\\\/\"},\"wordCount\":325,\"publisher\":{\"@id\":\"https:\\\/\\\/ahorn-camp.de\\\/#organization\"},\"image\":{\"@id\":\"https:\\\/\\\/ahorn-camp.de\\\/recruitingmobil\\\/#primaryimage\"},\"thumbnailUrl\":\"https:\\\/\\\/ahorn-camp.de\\\/wp-content\\\/uploads\\\/2022\\\/07\\\/Aktuelles-Recruitingmobil.jpg\",\"articleSection\":[\"Pressemitteilungen\"],\"inLanguage\":\"pl-PL\"},{\"@type\":\"WebPage\",\"@id\":\"https:\\\/\\\/ahorn-camp.de\\\/recruitingmobil\\\/\",\"url\":\"https:\\\/\\\/ahorn-camp.de\\\/recruitingmobil\\\/\",\"name\":\"Vom Rettungswagen zum Recruitingmobil\",\"isPartOf\":{\"@id\":\"https:\\\/\\\/ahorn-camp.de\\\/#website\"},\"primaryImageOfPage\":{\"@id\":\"https:\\\/\\\/ahorn-camp.de\\\/recruitingmobil\\\/#primaryimage\"},\"image\":{\"@id\":\"https:\\\/\\\/ahorn-camp.de\\\/recruitingmobil\\\/#primaryimage\"},\"thumbnailUrl\":\"https:\\\/\\\/ahorn-camp.de\\\/wp-content\\\/uploads\\\/2022\\\/07\\\/Aktuelles-Recruitingmobil.jpg\",\"datePublished\":\"2022-07-19T09:24:34+00:00\",\"dateModified\":\"2024-04-03T15:01:09+00:00\",\"description\":\"Ahorn Camp baut alten Rettungswagen zum modernen Recruitingmobil f\u00fcr das Diakonissen-Stiftungs-Krankenhaus Speyer als Projekt um.\",\"breadcrumb\":{\"@id\":\"https:\\\/\\\/ahorn-camp.de\\\/recruitingmobil\\\/#breadcrumb\"},\"inLanguage\":\"pl-PL\",\"potentialAction\":[{\"@type\":\"ReadAction\",\"target\":[\"https:\\\/\\\/ahorn-camp.de\\\/recruitingmobil\\\/\"]}]},{\"@type\":\"ImageObject\",\"inLanguage\":\"pl-PL\",\"@id\":\"https:\\\/\\\/ahorn-camp.de\\\/recruitingmobil\\\/#primaryimage\",\"url\":\"https:\\\/\\\/ahorn-camp.de\\\/wp-content\\\/uploads\\\/2022\\\/07\\\/Aktuelles-Recruitingmobil.jpg\",\"contentUrl\":\"https:\\\/\\\/ahorn-camp.de\\\/wp-content\\\/uploads\\\/2022\\\/07\\\/Aktuelles-Recruitingmobil.jpg\",\"width\":500,\"height\":333,\"caption\":\"Recruitingmobil des Diakonissen-Stiftungs-Krankenhauses\"},{\"@type\":\"BreadcrumbList\",\"@id\":\"https:\\\/\\\/ahorn-camp.de\\\/recruitingmobil\\\/#breadcrumb\",\"itemListElement\":[{\"@type\":\"ListItem\",\"position\":1,\"name\":\"Startseite\",\"item\":\"https:\\\/\\\/ahorn-camp.de\\\/\"},{\"@type\":\"ListItem\",\"position\":2,\"name\":\"Vom Rettungswagen zum Recruitingmobil\"}]},{\"@type\":\"WebSite\",\"@id\":\"https:\\\/\\\/ahorn-camp.de\\\/#website\",\"url\":\"https:\\\/\\\/ahorn-camp.de\\\/\",\"name\":\"Ahorn Camp | Reisemobile und Kastenwagen\",\"description\":\"Seit \u00fcber 30 Jahren vermarktet das Familienunternehmen, Ahorn Camp in Speyer, erfolgreich Wohnmobile und Kastenwagen zum besten Preis-Leistungsverh\u00e4ltnis.\",\"publisher\":{\"@id\":\"https:\\\/\\\/ahorn-camp.de\\\/#organization\"},\"potentialAction\":[{\"@type\":\"SearchAction\",\"target\":{\"@type\":\"EntryPoint\",\"urlTemplate\":\"https:\\\/\\\/ahorn-camp.de\\\/?s={search_term_string}\"},\"query-input\":{\"@type\":\"PropertyValueSpecification\",\"valueRequired\":true,\"valueName\":\"search_term_string\"}}],\"inLanguage\":\"pl-PL\"},{\"@type\":\"Organization\",\"@id\":\"https:\\\/\\\/ahorn-camp.de\\\/#organization\",\"name\":\"Ahorn Camp GmbH & Co. KG\",\"url\":\"https:\\\/\\\/ahorn-camp.de\\\/\",\"logo\":{\"@type\":\"ImageObject\",\"inLanguage\":\"pl-PL\",\"@id\":\"https:\\\/\\\/ahorn-camp.de\\\/#\\\/schema\\\/logo\\\/image\\\/\",\"url\":\"https:\\\/\\\/ahorn-camp.de\\\/wp-content\\\/uploads\\\/2018\\\/12\\\/Ahorn_Logo.jpg\",\"contentUrl\":\"https:\\\/\\\/ahorn-camp.de\\\/wp-content\\\/uploads\\\/2018\\\/12\\\/Ahorn_Logo.jpg\",\"width\":1437,\"height\":1000,\"caption\":\"Ahorn Camp GmbH & Co. KG\"},\"image\":{\"@id\":\"https:\\\/\\\/ahorn-camp.de\\\/#\\\/schema\\\/logo\\\/image\\\/\"},\"sameAs\":[\"https:\\\/\\\/www.facebook.com\\\/ahorn.wohnmobile\\\/\",\"https:\\\/\\\/www.instagram.com\\\/ahorn.camp\\\/\",\"https:\\\/\\\/www.youtube.com\\\/channel\\\/UCPFbPCts1JJ_A1k9vyH0yOQ\"]},{\"@type\":\"Person\",\"@id\":\"https:\\\/\\\/ahorn-camp.de\\\/#\\\/schema\\\/person\\\/9b60761ba82d5cb8e6db215a88925044\",\"name\":\"ahorn_admin\",\"image\":{\"@type\":\"ImageObject\",\"inLanguage\":\"pl-PL\",\"@id\":\"https:\\\/\\\/secure.gravatar.com\\\/avatar\\\/d96b9a078083b0c14cee48589feadd939c3cdd66547e2f3f1569470371daaaa5?s=96&d=mm&r=g\",\"url\":\"https:\\\/\\\/secure.gravatar.com\\\/avatar\\\/d96b9a078083b0c14cee48589feadd939c3cdd66547e2f3f1569470371daaaa5?s=96&d=mm&r=g\",\"contentUrl\":\"https:\\\/\\\/secure.gravatar.com\\\/avatar\\\/d96b9a078083b0c14cee48589feadd939c3cdd66547e2f3f1569470371daaaa5?s=96&d=mm&r=g\",\"caption\":\"ahorn_admin\"},\"sameAs\":[\"http:\\\/\\\/Ahorn%20Camp\"],\"url\":\"https:\\\/\\\/ahorn-camp.de\\\/pl\\\/author\\\/ahorn_admin\\\/\"}]}<\/script>\n<!-- \/ Yoast SEO plugin. -->","yoast_head_json":{"title":"Od karetki do mobilnego punktu rekrutacyjnego","description":"W ramach projektu firma Ahorn Camp przebudowuje stary w\u00f3z pogotowia ratunkowego na nowoczesny mobilny punkt rekrutacyjny dla szpitala Diakonissen-Stiftungs-Krankenhaus w Speyer.","robots":{"index":"index","follow":"follow","max-snippet":"max-snippet:-1","max-image-preview":"max-image-preview:large","max-video-preview":"max-video-preview:-1"},"canonical":"https:\/\/ahorn-camp.de\/pl\/rekrutacjanabugajach\/","og_locale":"pl_PL","og_type":"article","og_title":"Vom Rettungswagen zum Recruitingmobil","og_description":"Ahorn Camp baut alten Rettungswagen zum modernen Recruitingmobil f\u00fcr das Diakonissen-Stiftungs-Krankenhaus Speyer als Projekt um.","og_url":"https:\/\/ahorn-camp.de\/pl\/rekrutacjanabugajach\/","og_site_name":"Ahorn Camp | Reisemobile und Kastenwagen","article_publisher":"https:\/\/www.facebook.com\/ahorn.wohnmobile\/","article_published_time":"2022-07-19T09:24:34+00:00","article_modified_time":"2024-04-03T15:01:09+00:00","og_image":[{"width":500,"height":333,"url":"https:\/\/ahorn-camp.de\/wp-content\/uploads\/2022\/07\/Aktuelles-Recruitingmobil.jpg","type":"image\/jpeg"}],"author":"ahorn_admin","twitter_card":"summary_large_image","twitter_misc":{"Napisane przez":"ahorn_admin","Szacowany czas czytania":"2 minuty"},"schema":{"@context":"https:\/\/schema.org","@graph":[{"@type":"Article","@id":"https:\/\/ahorn-camp.de\/recruitingmobil\/#article","isPartOf":{"@id":"https:\/\/ahorn-camp.de\/recruitingmobil\/"},"author":{"name":"ahorn_admin","@id":"https:\/\/ahorn-camp.de\/#\/schema\/person\/9b60761ba82d5cb8e6db215a88925044"},"headline":"Vom Rettungswagen zum Recruitingmobil","datePublished":"2022-07-19T09:24:34+00:00","dateModified":"2024-04-03T15:01:09+00:00","mainEntityOfPage":{"@id":"https:\/\/ahorn-camp.de\/recruitingmobil\/"},"wordCount":325,"publisher":{"@id":"https:\/\/ahorn-camp.de\/#organization"},"image":{"@id":"https:\/\/ahorn-camp.de\/recruitingmobil\/#primaryimage"},"thumbnailUrl":"https:\/\/ahorn-camp.de\/wp-content\/uploads\/2022\/07\/Aktuelles-Recruitingmobil.jpg","articleSection":["Pressemitteilungen"],"inLanguage":"pl-PL"},{"@type":"WebPage","@id":"https:\/\/ahorn-camp.de\/recruitingmobil\/","url":"https:\/\/ahorn-camp.de\/recruitingmobil\/","name":"Od karetki do mobilnego punktu rekrutacyjnego","isPartOf":{"@id":"https:\/\/ahorn-camp.de\/#website"},"primaryImageOfPage":{"@id":"https:\/\/ahorn-camp.de\/recruitingmobil\/#primaryimage"},"image":{"@id":"https:\/\/ahorn-camp.de\/recruitingmobil\/#primaryimage"},"thumbnailUrl":"https:\/\/ahorn-camp.de\/wp-content\/uploads\/2022\/07\/Aktuelles-Recruitingmobil.jpg","datePublished":"2022-07-19T09:24:34+00:00","dateModified":"2024-04-03T15:01:09+00:00","description":"W ramach projektu firma Ahorn Camp przebudowuje stary w\u00f3z pogotowia ratunkowego na nowoczesny mobilny punkt rekrutacyjny dla szpitala Diakonissen-Stiftungs-Krankenhaus w Speyer.","breadcrumb":{"@id":"https:\/\/ahorn-camp.de\/recruitingmobil\/#breadcrumb"},"inLanguage":"pl-PL","potentialAction":[{"@type":"ReadAction","target":["https:\/\/ahorn-camp.de\/recruitingmobil\/"]}]},{"@type":"ImageObject","inLanguage":"pl-PL","@id":"https:\/\/ahorn-camp.de\/recruitingmobil\/#primaryimage","url":"https:\/\/ahorn-camp.de\/wp-content\/uploads\/2022\/07\/Aktuelles-Recruitingmobil.jpg","contentUrl":"https:\/\/ahorn-camp.de\/wp-content\/uploads\/2022\/07\/Aktuelles-Recruitingmobil.jpg","width":500,"height":333,"caption":"Recruitingmobil des Diakonissen-Stiftungs-Krankenhauses"},{"@type":"BreadcrumbList","@id":"https:\/\/ahorn-camp.de\/recruitingmobil\/#breadcrumb","itemListElement":[{"@type":"ListItem","position":1,"name":"Startseite","item":"https:\/\/ahorn-camp.de\/"},{"@type":"ListItem","position":2,"name":"Vom Rettungswagen zum Recruitingmobil"}]},{"@type":"WebSite","@id":"https:\/\/ahorn-camp.de\/#website","url":"https:\/\/ahorn-camp.de\/","name":"Ahorn Camp | Kampery i samochody dostawcze","description":"Od ponad 30 lat rodzinna firma Ahorn Camp z siedzib\u0105 w Speyer z powodzeniem zajmuje si\u0119 sprzeda\u017c\u0105 kamper\u00f3w i samochod\u00f3w dostawczych o najlepszym stosunku ceny do jako\u015bci.","publisher":{"@id":"https:\/\/ahorn-camp.de\/#organization"},"potentialAction":[{"@type":"SearchAction","target":{"@type":"EntryPoint","urlTemplate":"https:\/\/ahorn-camp.de\/?s={search_term_string}"},"query-input":{"@type":"PropertyValueSpecification","valueRequired":true,"valueName":"search_term_string"}}],"inLanguage":"pl-PL"},{"@type":"Organization","@id":"https:\/\/ahorn-camp.de\/#organization","name":"Ahorn Camp GmbH &amp; Co. KG","url":"https:\/\/ahorn-camp.de\/","logo":{"@type":"ImageObject","inLanguage":"pl-PL","@id":"https:\/\/ahorn-camp.de\/#\/schema\/logo\/image\/","url":"https:\/\/ahorn-camp.de\/wp-content\/uploads\/2018\/12\/Ahorn_Logo.jpg","contentUrl":"https:\/\/ahorn-camp.de\/wp-content\/uploads\/2018\/12\/Ahorn_Logo.jpg","width":1437,"height":1000,"caption":"Ahorn Camp GmbH & Co. KG"},"image":{"@id":"https:\/\/ahorn-camp.de\/#\/schema\/logo\/image\/"},"sameAs":["https:\/\/www.facebook.com\/ahorn.wohnmobile\/","https:\/\/www.instagram.com\/ahorn.camp\/","https:\/\/www.youtube.com\/channel\/UCPFbPCts1JJ_A1k9vyH0yOQ"]},{"@type":"Person","@id":"https:\/\/ahorn-camp.de\/#\/schema\/person\/9b60761ba82d5cb8e6db215a88925044","name":"ahorn_admin","image":{"@type":"ImageObject","inLanguage":"pl-PL","@id":"https:\/\/secure.gravatar.com\/avatar\/d96b9a078083b0c14cee48589feadd939c3cdd66547e2f3f1569470371daaaa5?s=96&d=mm&r=g","url":"https:\/\/secure.gravatar.com\/avatar\/d96b9a078083b0c14cee48589feadd939c3cdd66547e2f3f1569470371daaaa5?s=96&d=mm&r=g","contentUrl":"https:\/\/secure.gravatar.com\/avatar\/d96b9a078083b0c14cee48589feadd939c3cdd66547e2f3f1569470371daaaa5?s=96&d=mm&r=g","caption":"ahorn_admin"},"sameAs":["http:\/\/Ahorn%20Camp"],"url":"https:\/\/ahorn-camp.de\/pl\/author\/ahorn_admin\/"}]}},"_links":{"self":[{"href":"https:\/\/ahorn-camp.de\/pl\/wp-json\/wp\/v2\/posts\/16814","targetHints":{"allow":["GET"]}}],"collection":[{"href":"https:\/\/ahorn-camp.de\/pl\/wp-json\/wp\/v2\/posts"}],"about":[{"href":"https:\/\/ahorn-camp.de\/pl\/wp-json\/wp\/v2\/types\/post"}],"author":[{"embeddable":true,"href":"https:\/\/ahorn-camp.de\/pl\/wp-json\/wp\/v2\/users\/2"}],"replies":[{"embeddable":true,"href":"https:\/\/ahorn-camp.de\/pl\/wp-json\/wp\/v2\/comments?post=16814"}],"version-history":[{"count":0,"href":"https:\/\/ahorn-camp.de\/pl\/wp-json\/wp\/v2\/posts\/16814\/revisions"}],"wp:featuredmedia":[{"embeddable":true,"href":"https:\/\/ahorn-camp.de\/pl\/wp-json\/wp\/v2\/media\/16832"}],"wp:attachment":[{"href":"https:\/\/ahorn-camp.de\/pl\/wp-json\/wp\/v2\/media?parent=16814"}],"wp:term":[{"taxonomy":"category","embeddable":true,"href":"https:\/\/ahorn-camp.de\/pl\/wp-json\/wp\/v2\/categories?post=16814"},{"taxonomy":"post_tag","embeddable":true,"href":"https:\/\/ahorn-camp.de\/pl\/wp-json\/wp\/v2\/tags?post=16814"}],"curies":[{"name":"wp","href":"https:\/\/api.w.org\/{rel}","templated":true}]}}