{"id":16536,"date":"2022-06-10T16:43:09","date_gmt":"2022-06-10T14:43:09","guid":{"rendered":"https:\/\/ahorn-camp.de\/?p=16536"},"modified":"2024-09-24T10:36:24","modified_gmt":"2024-09-24T08:36:24","slug":"jaki-system-bagaznikow-rowerowych-pasuje-do-mojego-kampera","status":"publish","type":"post","link":"https:\/\/ahorn-camp.de\/pl\/welches-fahrradtraegersystem-passt-fuer-mein-reisemobil\/","title":{"rendered":"Kt\u00f3ry baga\u017cnik rowerowy pasuje do mojego kampera?"},"content":{"rendered":"<div class=\"wpb-content-wrapper\" id=\"wpb-content-root\"><div class=\"vc_row wpb_row vc_row-fluid\"><div class=\"wpb_column vc_column_container vc_col-sm-12\"><div class=\"vc_column-inner\"><div class=\"wpb_wrapper\">\n\t<div class=\"wpb_text_column wpb_content_element\" >\n\t\t<div class=\"wpb_wrapper\">\n\t\t\t<p>Chcieliby Pa\u0144stwo Pa\u0144stwa <a href=\"https:\/\/ahorn-camp.de\/pl\/6-wskazowek-dotyczacych-podrozowania-z-bagaznikiem-rowerowym-na-kamperze\/\">Rower<\/a> Zabra\u0107 ze sob\u0105 w podr\u00f3\u017c kamperem i zastanawia\u0107 si\u0119, jak to zrobi\u0107? Na szcz\u0119\u015bcie zar\u00f3wno kampery, jak i vany kempingowe oferuj\u0105 praktyczne rozwi\u0105zania w postaci r\u00f3\u017cnych system\u00f3w baga\u017cnik\u00f3w rowerowych. Aby oszcz\u0119dzi\u0107 Ci czasoch\u0142onnych bada\u0144, zebrali\u015bmy dla Ciebie najwa\u017cniejsze fakty dotycz\u0105ce r\u00f3\u017cnych system\u00f3w baga\u017cnik\u00f3w rowerowych.<\/p>\n\n\t\t<\/div>\n\t<\/div>\n<\/div><\/div><\/div><\/div><div class=\"vc_row wpb_row vc_row-fluid\"><div class=\"wpb_column vc_column_container vc_col-sm-12\"><div class=\"vc_column-inner\"><div class=\"wpb_wrapper\"><h2 style=\"font-size: 18px;text-align: left\" class=\"vc_custom_heading vc_do_custom_heading\" >Wy\u0142\u0105cznie dla kamper\u00f3w: systemy gara\u017cowe<\/h2>\n\t<div class=\"wpb_text_column wpb_content_element\" >\n\t\t<div class=\"wpb_wrapper\">\n\t\t\t<p>popularny spos\u00f3b transportu rower\u00f3w, jednak nadaje si\u0119 wy\u0142\u0105cznie do <strong>wi\u0119ksze kampery z gara\u017cem tylnym<\/strong> oferuje, wewn\u0119trzny transport sprawdzany jest przez gara\u017c. Ta komora magazynowa oferuje wystarczaj\u0105co du\u017co miejsca do przechowywania w\u0142asnych rower\u00f3w bez zewn\u0119trznego baga\u017cnika rowerowego. Niemniej jednak, tutaj r\u00f3wnie\u017c nale\u017cy zainwestowa\u0107 w pewien <strong>Wyposa\u017cenie transportowe<\/strong> nale\u017cy je zabezpieczy\u0107, w przeciwnym razie mo\u017ce doj\u015b\u0107 do uszkodze\u0144 otar\u0107 na rowerze lub \u015bcianach gara\u017cu. Mo\u017cna zabezpieczy\u0107 swoje rowery na przyk\u0142ad za pomoc\u0105 <strong>Szyna pod\u0142ogowa<\/strong>, do kt\u00f3rych umieszcza si\u0119 rowery bez przedniego ko\u0142a, lub za pomoc\u0105 <strong>Noszone na sankach<\/strong>, dzi\u0119ki kt\u00f3rym ko\u0142a mog\u0105 by\u0107 podparte od g\u00f3ry lub z boku. W niekt\u00f3rych modelach szyny s\u0105 na sta\u0142e zamocowane, w innych mo\u017cna je wysun\u0105\u0107, co dodatkowo u\u0142atwia za\u0142adunek i roz\u0142adunek. Je\u015bli chcesz przewie\u017a\u0107 rower tylko okazjonalnie z ty\u0142u, wystarczy r\u00f3wnie\u017c dobry system mocowania, w kt\u00f3rym rower jest bezpiecznie zabezpieczony pasem transportowym.<\/p>\n<p>Systemy gara\u017cowe oferuj\u0105 t\u0119 zalet\u0119, \u017ce rowery i e-rowery mo\u017cna przewozi\u0107 chronione przed warunkami atmosferycznymi i spojrzeniami, a dla w\u0142a\u015bcicieli e-rower\u00f3w nios\u0105 szczeg\u00f3ln\u0105 korzy\u015b\u0107 w postaci mo\u017cliwo\u015bci instalacji punkt\u00f3w \u0142adowania. Jednak przestrze\u0144 do przechowywania na przyk\u0142ad mebli kempingowych jest przez t\u0119 wariant zmniejszona.<\/p>\n\n\t\t<\/div>\n\t<\/div>\n<\/div><\/div><\/div><\/div><div class=\"vc_row wpb_row vc_row-fluid\"><div class=\"wpb_column vc_column_container vc_col-sm-6\"><div class=\"vc_column-inner\"><div class=\"wpb_wrapper\"><h2 style=\"font-size: 18px;text-align: left\" class=\"vc_custom_heading vc_do_custom_heading\" >Dla kamper\u00f3w i van\u00f3w kempingowych: monta\u017c na tylnej \u015bcianie<\/h2>\n\t<div class=\"wpb_text_column wpb_content_element\" >\n\t\t<div class=\"wpb_wrapper\">\n\t\t\t<p>Ta wariant jest popularnym rozwi\u0105zaniem do transportu rower\u00f3w zar\u00f3wno w kamperach, jak i vanach kempingowych. Baga\u017cnik rowerowy jest tutaj montowany na tyle kampera za pomoc\u0105 wkr\u0119t\u00f3w samogwintuj\u0105cych lub wiertarki \u2013 najcz\u0119\u015bciej na tylnej klapie lub w podwoziu. <strong>Ciekawe funkcje dla Ciebie: <\/strong>Baga\u017cniki na ty\u0142 pojazd\u00f3w maj\u0105 nisk\u0105 mas\u0119 w\u0142asn\u0105 i wysok\u0105 \u0142adowno\u015b\u0107. Mog\u0105 przenosi\u0107 do 60 kilogram\u00f3w \u0142adunku, co wystarcza do transportu \u015brednio dw\u00f3ch ci\u0119\u017ckich rower\u00f3w elektrycznych lub czterech zwyk\u0142ych rower\u00f3w. W przypadku van\u00f3w jest to jednak tylko 35 kilogram\u00f3w.<\/p>\n<p>Chocia\u017c wysoko\u015b\u0107 \u0142adowania mo\u017ce by\u0107 czasami do\u015b\u0107 du\u017ca i cz\u0119sto powoduje problemy z \u0142adowaniem ci\u0119\u017cszych rower\u00f3w (zw\u0142aszcza e-bike'\u00f3w), warto zwr\u00f3ci\u0107 uwag\u0119 na opuszczane szyny, kt\u00f3re mo\u017cna opu\u015bci\u0107 na przyjemn\u0105 wysoko\u015b\u0107, albo za pomoc\u0105 korby r\u0119cznej, albo za pomoc\u0105 zmotoryzowanego opuszczania. Mo\u017ce to znacznie u\u0142atwi\u0107 proces \u0142adowania nawet w przypadku zwyk\u0142ych rower\u00f3w. Baga\u017cniki tylne oferuj\u0105 dodatkow\u0105 zalet\u0119 w postaci mo\u017cliwo\u015bci szybkiego demonta\u017cu przy u\u017cyciu niewielu narz\u0119dzi, a tak\u017ce przyst\u0119pnej ceny. Wad\u0105 jest do\u015b\u0107 w\u0105ski rozstaw szyn przy liczbie trzech rower\u00f3w i wysoka wysoko\u015b\u0107 \u0142adowania, je\u015bli nie ma opuszczania.<\/p>\n\n\t\t<\/div>\n\t<\/div>\n<\/div><\/div><\/div><div class=\"wpb_column vc_column_container vc_col-sm-6\"><div class=\"vc_column-inner\"><div class=\"wpb_wrapper\"><div class=\"vc_row wpb_row vc_inner vc_row-fluid\"><div class=\"wpb_column vc_column_container vc_col-sm-12\"><div class=\"vc_column-inner\"><div class=\"wpb_wrapper\"><\/div><\/div><\/div><\/div>\n\t<div  class=\"wpb_single_image wpb_content_element vc_align_left wpb_content_element\">\n\t\t\n\t\t<figure class=\"wpb_wrapper vc_figure\">\n\t\t\t<div class=\"vc_single_image-wrapper\"><img fetchpriority=\"high\" decoding=\"async\" class=\"vc_single_image-img\" src=\"https:\/\/ahorn-camp.de\/wp-content\/uploads\/2022\/06\/thule_excellent_short_2rails_309822-1500x1190.jpg\" width=\"1500\" height=\"1190\" alt=\"System baga\u017cnika rowerowego montowany na tylnej \u015bcianie\" title=\"Tylna \u015bciana uchwytu to popularny system baga\u017cnik\u00f3w rowerowych dla kamper\u00f3w Ahorn\" \/><\/div><figcaption class=\"vc_figure-caption\">Monta\u017c na tylnej \u015bcianie jest popularnym rozwi\u0105zaniem do transportu rower\u00f3w zar\u00f3wno w kamperach, jak i w vanach kempingowych. <\/figcaption>\n\t\t<\/figure>\n\t<\/div>\n<\/div><\/div><\/div><\/div><div class=\"vc_row wpb_row vc_row-fluid\"><div class=\"wpb_column vc_column_container vc_col-sm-12\"><div class=\"vc_column-inner\"><div class=\"wpb_wrapper\"><h2 style=\"font-size: 18px;text-align: left\" class=\"vc_custom_heading vc_do_custom_heading\" >Monta\u017c podwozia<\/h2>\n\t<div class=\"wpb_text_column wpb_content_element\" >\n\t\t<div class=\"wpb_wrapper\">\n\t\t\t<p>Dzi\u0119ki tej opcji nie musisz si\u0119 martwi\u0107, czy Tw\u00f3j baga\u017cnik rowerowy wytrzyma Twoje e-rowery, poniewa\u017c dzi\u0119ki baga\u017cnikom podwoziowym mo\u017cna przewozi\u0107 \u0142adunki o masie do ponad 150 kg. Umo\u017cliwia to nawet przew\u00f3z l\u017cejszego skutera lub motocykla. W przeciwie\u0144stwie do monta\u017cu na tylnej \u015bcianie, dzi\u0119ki niskiej wysoko\u015bci \u0142adowania problem z \u0142adowaniem i roz\u0142adowywaniem r\u00f3wnie\u017c tutaj znika. Niemniej jednak, istniej\u0105 r\u00f3wnie\u017c tutaj rampy, kt\u00f3re u\u0142atwiaj\u0105 bezproblemowe wpychanie rower\u00f3w \u2013 a zw\u0142aszcza e-rower\u00f3w. W przypadku wielu baga\u017cnik\u00f3w rowerowych mo\u017cliwe jest ca\u0142kowite demontowanie, a w celu ochrony \u0142adowno\u015bci wielu producent\u00f3w oferuje r\u00f3wnie\u017c odpowiednie pokrowce ochronne. Ten system baga\u017cnik\u00f3w ma jednak swoj\u0105 cen\u0119 \u2013 i do\u015b\u0107 du\u017c\u0105 mas\u0119 w\u0142asn\u0105. Ponadto wymagany jest monta\u017c przed\u0142u\u017cek ramy oraz instalacji elektrycznej do dodatkowego o\u015bwietlenia. Zalecane jest r\u00f3wnie\u017c dodatkowe zawieszenie pneumatyczne tylnej osi. Wa\u017cne: Ta wersja powinna by\u0107 zdecydowanie zainstalowana przez eksperta.<\/p>\n\n\t\t<\/div>\n\t<\/div>\n<\/div><\/div><\/div><\/div><div class=\"vc_row wpb_row vc_row-fluid\"><div class=\"wpb_column vc_column_container vc_col-sm-6\"><div class=\"vc_column-inner\"><div class=\"wpb_wrapper\"><h2 style=\"font-size: 18px;text-align: left\" class=\"vc_custom_heading vc_do_custom_heading\" >Baga\u017cnik na hak holowniczy<\/h2>\n\t<div class=\"wpb_text_column wpb_content_element\" >\n\t\t<div class=\"wpb_wrapper\">\n\t\t\t<p>Osoby posiadaj\u0105ce hak holowniczy mog\u0105 skorzysta\u0107 z bardzo prostego i dlatego popularnego typu baga\u017cnika rowerowego, montowanego w\u0142a\u015bnie na haku. Mo\u017cna go szybko i \u0142atwo przykr\u0119ci\u0107 lub zamocowa\u0107, a nast\u0119pnie tak samo szybko odkr\u0119ci\u0107 \u2013 dlatego do jego monta\u017cu zazwyczaj nie potrzeba eksperta.<\/p>\n<p>Nale\u017cy jednak pami\u0119ta\u0107, \u017ce baga\u017cnik na hak holowniczy posiada w\u0142asne o\u015bwietlenie i tablic\u0119 rejestracyjn\u0105, poniewa\u017c o\u015bwietlenie i tablica rejestracyjna s\u0105 zas\u0142oni\u0119te przez kampera lub vana kempingowego. Koszt zakupu jest tu w \u015brednim przedziale \u2013 jednak dopuszczalne obci\u0105\u017cenie na dyszel \u2013 a tym samym zu\u017cycie paliwa \u2013 znacznie ro\u015bnie. Aby nadal m\u00f3c otwiera\u0107 drzwi, w przypadku van\u00f3w nale\u017cy dodatkowo zamontowa\u0107 sk\u0142adany baga\u017cnik.<\/p>\n\n\t\t<\/div>\n\t<\/div>\n<\/div><\/div><\/div><div class=\"wpb_column vc_column_container vc_col-sm-6\"><div class=\"vc_column-inner\"><div class=\"wpb_wrapper\"><div class=\"vc_row wpb_row vc_inner vc_row-fluid\"><div class=\"wpb_column vc_column_container vc_col-sm-12\"><div class=\"vc_column-inner\"><div class=\"wpb_wrapper\"><\/div><\/div><\/div><\/div>\n\t<div  class=\"wpb_single_image wpb_content_element vc_align_left wpb_content_element\">\n\t\t\n\t\t<figure class=\"wpb_wrapper vc_figure\">\n\t\t\t<div class=\"vc_single_image-wrapper\"><img decoding=\"async\" width=\"300\" height=\"300\" src=\"https:\/\/ahorn-camp.de\/wp-content\/uploads\/2022\/06\/mikro_2_4_fahrraeder-300x300.jpg\" class=\"vc_single_image-img attachment-medium\" alt=\"Uchwyt do haka holowniczego zamontowany na haku holowniczym kampera typu Ahorn Camp.\" title=\"Uchwyt na hak holowniczy to popularny system do przewo\u017cenia rower\u00f3w przeznaczony do kamper\u00f3w typu Ahorn Camp\" srcset=\"https:\/\/ahorn-camp.de\/wp-content\/uploads\/2022\/06\/mikro_2_4_fahrraeder-300x300.jpg 300w, https:\/\/ahorn-camp.de\/wp-content\/uploads\/2022\/06\/mikro_2_4_fahrraeder-1024x1024.jpg 1024w, https:\/\/ahorn-camp.de\/wp-content\/uploads\/2022\/06\/mikro_2_4_fahrraeder-150x150.jpg 150w, https:\/\/ahorn-camp.de\/wp-content\/uploads\/2022\/06\/mikro_2_4_fahrraeder-768x768.jpg 768w, https:\/\/ahorn-camp.de\/wp-content\/uploads\/2022\/06\/mikro_2_4_fahrraeder-600x600.jpg 600w, https:\/\/ahorn-camp.de\/wp-content\/uploads\/2022\/06\/mikro_2_4_fahrraeder-1536x1536.jpg 1536w, https:\/\/ahorn-camp.de\/wp-content\/uploads\/2022\/06\/mikro_2_4_fahrraeder-400x400.jpg 400w, https:\/\/ahorn-camp.de\/wp-content\/uploads\/2022\/06\/mikro_2_4_fahrraeder-800x800.jpg 800w, https:\/\/ahorn-camp.de\/wp-content\/uploads\/2022\/06\/mikro_2_4_fahrraeder-100x100.jpg 100w, https:\/\/ahorn-camp.de\/wp-content\/uploads\/2022\/06\/mikro_2_4_fahrraeder.jpg 1600w\" sizes=\"(max-width: 300px) 100vw, 300px\" \/><\/div><figcaption class=\"vc_figure-caption\">Baga\u017cnik na hak holowniczy mo\u017cna szybko i \u0142atwo przykr\u0119ci\u0107 lub zamocowa\u0107 na haku holowniczym.<\/figcaption>\n\t\t<\/figure>\n\t<\/div>\n<\/div><\/div><\/div><\/div><div class=\"vc_row wpb_row vc_row-fluid\"><div class=\"wpb_column vc_column_container vc_col-sm-12\"><div class=\"vc_column-inner\"><div class=\"wpb_wrapper\"><h2 style=\"font-size: 18px;text-align: left\" class=\"vc_custom_heading vc_do_custom_heading\" >Dla kamper\u00f3w: Monta\u017c drzwi i monta\u017c zawias\u00f3w<\/h2>\n\t<div class=\"wpb_text_column wpb_content_element\" >\n\t\t<div class=\"wpb_wrapper\">\n\t\t\t<p>Jak si\u0119 Pa\u0144stwo dowiedzieli, istnieje wiele mo\u017cliwo\u015bci monta\u017cu baga\u017cnika rowerowego na kamperze. Szczeg\u00f3lnie nadaj\u0105 si\u0119 do tego warianty monta\u017cu na drzwiach i monta\u017cu na zawiasach.<\/p>\n<p>Podczas monta\u017cu drzwi, baga\u017cnik jest zawieszany na relingach mocowanych do prawych drzwi ty\u0142u. Monta\u017c drzwi ma t\u0119 zalet\u0119, \u017ce jest stosunkowo tani, ma nisk\u0105 mas\u0119 w\u0142asn\u0105 i po pierwszym monta\u017cu mo\u017cna go szybko zdj\u0105\u0107. Jednak dopuszcza on no\u015bno\u015b\u0107 tylko do 35 kilogram\u00f3w, a drzwi i zawiasy s\u0105 mocno obci\u0105\u017cone, dlatego nie nadaje si\u0119 do transportu rower\u00f3w elektrycznych. Ponadto, w tej wersji widok z okna jest zas\u0142oni\u0119ty.<\/p>\n<p>Do transportu rower\u00f3w elektrycznych nadaje si\u0119 monta\u017c baga\u017cnika na podwoziu lub bezpo\u015brednio na zawiasach. Ta druga metoda polega na zamocowaniu baga\u017cnika rowerowego do \u015brub zawias\u00f3w drzwi. Nale\u017cy jednak odblokowa\u0107 drzwi, aby mo\u017cna je by\u0142o odchyli\u0107. W tym przypadku mo\u017cliwe s\u0105 wi\u0119ksze \u0142adunki do 60 kilogram\u00f3w, a same drzwi nie s\u0105 obci\u0105\u017cane. S\u0105 one jednak dro\u017csze i ci\u0119\u017csze od baga\u017cnik\u00f3w na drzwi.<\/p>\n\n\t\t<\/div>\n\t<\/div>\n<\/div><\/div><\/div><\/div><div class=\"vc_row wpb_row vc_row-fluid\"><div class=\"wpb_column vc_column_container vc_col-sm-12\"><div class=\"vc_column-inner\"><div class=\"wpb_wrapper\"><h2 style=\"font-size: 18px;text-align: left\" class=\"vc_custom_heading vc_do_custom_heading\" >Alternatywy dla baga\u017cnika rowerowego<\/h2>\n\t<div class=\"wpb_text_column wpb_content_element\" >\n\t\t<div class=\"wpb_wrapper\">\n\t\t\t<p>Je\u015bli podczas wakacji niekoniecznie potrzebujesz swojego zwyk\u0142ego roweru lub roweru elektrycznego, a jednocze\u015bnie chcesz zaoszcz\u0119dzi\u0107 miejsce i wag\u0119, nasze praktyczne rowery sk\u0142adane mog\u0105 by\u0107 doskona\u0142\u0105 alternatyw\u0105.<\/p>\n<p>Wszystko inne, co nale\u017cy wzi\u0105\u0107 pod uwag\u0119 podczas przewo\u017cenia rower\u00f3w, dowiesz si\u0119 tutaj. Mi\u0142ej zabawy podczas nast\u0119pnej podr\u00f3\u017cy kamperem z rowerem.<\/p>\n\n\t\t<\/div>\n\t<\/div>\n<\/div><\/div><\/div><\/div><div class=\"vc_row wpb_row vc_row-fluid\"><div class=\"wpb_column vc_column_container vc_col-sm-12\"><div class=\"vc_column-inner\"><div class=\"wpb_wrapper\">\n\t<div class=\"wpb_text_column wpb_content_element\" >\n\t\t<div class=\"wpb_wrapper\">\n\t\t\t<p><em>Obrazy: Thule Sweden AB \/ ALOIS KOBER GMBH<\/em><\/p>\n\n\t\t<\/div>\n\t<\/div>\n<\/div><\/div><\/div><\/div>\n<\/div>","protected":false},"excerpt":{"rendered":"<p>Chcesz zabra\u0107 sw\u00f3j rower na wakacje kamperem i zastanawiasz si\u0119, jak to zrobi\u0107? Na szcz\u0119\u015bcie zar\u00f3wno kampery, jak i vany kempingowe oferuj\u0105 w tym zakresie praktyczne rozwi\u0105zania w postaci r\u00f3\u017cnych system\u00f3w baga\u017cnik\u00f3w rowerowych. Aby oszcz\u0119dzi\u0107 Ci czasoch\u0142onnego wyszukiwania, zebrali\u015bmy najwa\u017cniejsze fakty na temat r\u00f3\u017cnych system\u00f3w baga\u017cnik\u00f3w rowerowych.<\/p>","protected":false},"author":2,"featured_media":16587,"comment_status":"open","ping_status":"open","sticky":false,"template":"","format":"standard","meta":{"content-type":"","footnotes":""},"categories":[208,291],"tags":[],"class_list":["post-16536","post","type-post","status-publish","format-standard","has-post-thumbnail","hentry","category-blog","category-nicht-kategorisiert-en-gb"],"yoast_head":"<!-- This site is optimized with the Yoast SEO plugin v28.4 - https:\/\/yoast.com\/product\/yoast-seo-wordpress\/ -->\n<title>Fahrradtr\u00e4gersystem f\u00fcr das Ahorn Reisemobil<\/title>\n<meta name=\"description\" content=\"Reisen mit Wohnmobil und Fahrrad: Welches Fahrradtr\u00e4gersystem passt f\u00fcr Sie? Wir zeigen die wichtigsten Eigenschaften und Unterschiede.\" \/>\n<meta name=\"robots\" content=\"index, follow, max-snippet:-1, max-image-preview:large, max-video-preview:-1\" \/>\n<link rel=\"canonical\" href=\"https:\/\/ahorn-camp.de\/pl\/jaki-system-bagaznikow-rowerowych-pasuje-do-mojego-kampera\/\" \/>\n<meta property=\"og:locale\" content=\"pl_PL\" \/>\n<meta property=\"og:type\" content=\"article\" \/>\n<meta property=\"og:title\" content=\"Fahrradtr\u00e4gersystem f\u00fcr das Ahorn Reisemobil\" \/>\n<meta property=\"og:description\" content=\"Reisen mit Wohnmobil und Fahrrad: Welches Fahrradtr\u00e4gersystem passt f\u00fcr Sie? Wir zeigen die wichtigsten Eigenschaften und Unterschiede.\" \/>\n<meta property=\"og:url\" content=\"https:\/\/ahorn-camp.de\/pl\/jaki-system-bagaznikow-rowerowych-pasuje-do-mojego-kampera\/\" \/>\n<meta property=\"og:site_name\" content=\"Ahorn Camp | Reisemobile und Kastenwagen\" \/>\n<meta property=\"article:publisher\" content=\"https:\/\/www.facebook.com\/ahorn.wohnmobile\/\" \/>\n<meta property=\"article:published_time\" content=\"2022-06-10T14:43:09+00:00\" \/>\n<meta property=\"article:modified_time\" content=\"2024-09-24T08:36:24+00:00\" \/>\n<meta property=\"og:image\" content=\"https:\/\/ahorn-camp.de\/wp-content\/uploads\/2022\/06\/Ahorn-Camp_-AlaskaTD_hikebike-11-scaled.jpg\" \/>\n\t<meta property=\"og:image:width\" content=\"2560\" \/>\n\t<meta property=\"og:image:height\" content=\"2048\" \/>\n\t<meta property=\"og:image:type\" content=\"image\/jpeg\" \/>\n<meta name=\"author\" content=\"ahorn_admin\" \/>\n<meta name=\"twitter:card\" content=\"summary_large_image\" \/>\n<meta name=\"twitter:label1\" content=\"Napisane przez\" \/>\n\t<meta name=\"twitter:data1\" content=\"ahorn_admin\" \/>\n\t<meta name=\"twitter:label2\" content=\"Szacowany czas czytania\" \/>\n\t<meta name=\"twitter:data2\" content=\"6 minut\" \/>\n<script type=\"application\/ld+json\" class=\"yoast-schema-graph\">{\"@context\":\"https:\\\/\\\/schema.org\",\"@graph\":[{\"@type\":\"Article\",\"@id\":\"https:\\\/\\\/ahorn-camp.de\\\/welches-fahrradtraegersystem-passt-fuer-mein-reisemobil\\\/#article\",\"isPartOf\":{\"@id\":\"https:\\\/\\\/ahorn-camp.de\\\/welches-fahrradtraegersystem-passt-fuer-mein-reisemobil\\\/\"},\"author\":{\"name\":\"ahorn_admin\",\"@id\":\"https:\\\/\\\/ahorn-camp.de\\\/#\\\/schema\\\/person\\\/9b60761ba82d5cb8e6db215a88925044\"},\"headline\":\"Welches Fahrradtr\u00e4gersystem passt f\u00fcr mein Reisemobil?\",\"datePublished\":\"2022-06-10T14:43:09+00:00\",\"dateModified\":\"2024-09-24T08:36:24+00:00\",\"mainEntityOfPage\":{\"@id\":\"https:\\\/\\\/ahorn-camp.de\\\/welches-fahrradtraegersystem-passt-fuer-mein-reisemobil\\\/\"},\"wordCount\":1289,\"commentCount\":0,\"publisher\":{\"@id\":\"https:\\\/\\\/ahorn-camp.de\\\/#organization\"},\"image\":{\"@id\":\"https:\\\/\\\/ahorn-camp.de\\\/welches-fahrradtraegersystem-passt-fuer-mein-reisemobil\\\/#primaryimage\"},\"thumbnailUrl\":\"https:\\\/\\\/ahorn-camp.de\\\/wp-content\\\/uploads\\\/2022\\\/06\\\/Ahorn-Camp_-AlaskaTD_hikebike-11-scaled.jpg\",\"articleSection\":[\"Blog\",\"Nicht kategorisiert\"],\"inLanguage\":\"pl-PL\",\"potentialAction\":[{\"@type\":\"CommentAction\",\"name\":\"Comment\",\"target\":[\"https:\\\/\\\/ahorn-camp.de\\\/welches-fahrradtraegersystem-passt-fuer-mein-reisemobil\\\/#respond\"]}]},{\"@type\":\"WebPage\",\"@id\":\"https:\\\/\\\/ahorn-camp.de\\\/welches-fahrradtraegersystem-passt-fuer-mein-reisemobil\\\/\",\"url\":\"https:\\\/\\\/ahorn-camp.de\\\/welches-fahrradtraegersystem-passt-fuer-mein-reisemobil\\\/\",\"name\":\"Fahrradtr\u00e4gersystem f\u00fcr das Ahorn Reisemobil\",\"isPartOf\":{\"@id\":\"https:\\\/\\\/ahorn-camp.de\\\/#website\"},\"primaryImageOfPage\":{\"@id\":\"https:\\\/\\\/ahorn-camp.de\\\/welches-fahrradtraegersystem-passt-fuer-mein-reisemobil\\\/#primaryimage\"},\"image\":{\"@id\":\"https:\\\/\\\/ahorn-camp.de\\\/welches-fahrradtraegersystem-passt-fuer-mein-reisemobil\\\/#primaryimage\"},\"thumbnailUrl\":\"https:\\\/\\\/ahorn-camp.de\\\/wp-content\\\/uploads\\\/2022\\\/06\\\/Ahorn-Camp_-AlaskaTD_hikebike-11-scaled.jpg\",\"datePublished\":\"2022-06-10T14:43:09+00:00\",\"dateModified\":\"2024-09-24T08:36:24+00:00\",\"description\":\"Reisen mit Wohnmobil und Fahrrad: Welches Fahrradtr\u00e4gersystem passt f\u00fcr Sie? Wir zeigen die wichtigsten Eigenschaften und Unterschiede.\",\"breadcrumb\":{\"@id\":\"https:\\\/\\\/ahorn-camp.de\\\/welches-fahrradtraegersystem-passt-fuer-mein-reisemobil\\\/#breadcrumb\"},\"inLanguage\":\"pl-PL\",\"potentialAction\":[{\"@type\":\"ReadAction\",\"target\":[\"https:\\\/\\\/ahorn-camp.de\\\/welches-fahrradtraegersystem-passt-fuer-mein-reisemobil\\\/\"]}]},{\"@type\":\"ImageObject\",\"inLanguage\":\"pl-PL\",\"@id\":\"https:\\\/\\\/ahorn-camp.de\\\/welches-fahrradtraegersystem-passt-fuer-mein-reisemobil\\\/#primaryimage\",\"url\":\"https:\\\/\\\/ahorn-camp.de\\\/wp-content\\\/uploads\\\/2022\\\/06\\\/Ahorn-Camp_-AlaskaTD_hikebike-11-scaled.jpg\",\"contentUrl\":\"https:\\\/\\\/ahorn-camp.de\\\/wp-content\\\/uploads\\\/2022\\\/06\\\/Ahorn-Camp_-AlaskaTD_hikebike-11-scaled.jpg\",\"width\":2560,\"height\":2048},{\"@type\":\"BreadcrumbList\",\"@id\":\"https:\\\/\\\/ahorn-camp.de\\\/welches-fahrradtraegersystem-passt-fuer-mein-reisemobil\\\/#breadcrumb\",\"itemListElement\":[{\"@type\":\"ListItem\",\"position\":1,\"name\":\"Startseite\",\"item\":\"https:\\\/\\\/ahorn-camp.de\\\/\"},{\"@type\":\"ListItem\",\"position\":2,\"name\":\"Welches Fahrradtr\u00e4gersystem passt f\u00fcr mein Reisemobil?\"}]},{\"@type\":\"WebSite\",\"@id\":\"https:\\\/\\\/ahorn-camp.de\\\/#website\",\"url\":\"https:\\\/\\\/ahorn-camp.de\\\/\",\"name\":\"Ahorn Camp | Reisemobile und Kastenwagen\",\"description\":\"Seit \u00fcber 30 Jahren vermarktet das Familienunternehmen, Ahorn Camp in Speyer, erfolgreich Wohnmobile und Kastenwagen zum besten Preis-Leistungsverh\u00e4ltnis.\",\"publisher\":{\"@id\":\"https:\\\/\\\/ahorn-camp.de\\\/#organization\"},\"potentialAction\":[{\"@type\":\"SearchAction\",\"target\":{\"@type\":\"EntryPoint\",\"urlTemplate\":\"https:\\\/\\\/ahorn-camp.de\\\/?s={search_term_string}\"},\"query-input\":{\"@type\":\"PropertyValueSpecification\",\"valueRequired\":true,\"valueName\":\"search_term_string\"}}],\"inLanguage\":\"pl-PL\"},{\"@type\":\"Organization\",\"@id\":\"https:\\\/\\\/ahorn-camp.de\\\/#organization\",\"name\":\"Ahorn Camp GmbH & Co. KG\",\"url\":\"https:\\\/\\\/ahorn-camp.de\\\/\",\"logo\":{\"@type\":\"ImageObject\",\"inLanguage\":\"pl-PL\",\"@id\":\"https:\\\/\\\/ahorn-camp.de\\\/#\\\/schema\\\/logo\\\/image\\\/\",\"url\":\"https:\\\/\\\/ahorn-camp.de\\\/wp-content\\\/uploads\\\/2018\\\/12\\\/Ahorn_Logo.jpg\",\"contentUrl\":\"https:\\\/\\\/ahorn-camp.de\\\/wp-content\\\/uploads\\\/2018\\\/12\\\/Ahorn_Logo.jpg\",\"width\":1437,\"height\":1000,\"caption\":\"Ahorn Camp GmbH & Co. KG\"},\"image\":{\"@id\":\"https:\\\/\\\/ahorn-camp.de\\\/#\\\/schema\\\/logo\\\/image\\\/\"},\"sameAs\":[\"https:\\\/\\\/www.facebook.com\\\/ahorn.wohnmobile\\\/\",\"https:\\\/\\\/www.instagram.com\\\/ahorn.camp\\\/\",\"https:\\\/\\\/www.youtube.com\\\/channel\\\/UCPFbPCts1JJ_A1k9vyH0yOQ\"]},{\"@type\":\"Person\",\"@id\":\"https:\\\/\\\/ahorn-camp.de\\\/#\\\/schema\\\/person\\\/9b60761ba82d5cb8e6db215a88925044\",\"name\":\"ahorn_admin\",\"image\":{\"@type\":\"ImageObject\",\"inLanguage\":\"pl-PL\",\"@id\":\"https:\\\/\\\/secure.gravatar.com\\\/avatar\\\/d96b9a078083b0c14cee48589feadd939c3cdd66547e2f3f1569470371daaaa5?s=96&d=mm&r=g\",\"url\":\"https:\\\/\\\/secure.gravatar.com\\\/avatar\\\/d96b9a078083b0c14cee48589feadd939c3cdd66547e2f3f1569470371daaaa5?s=96&d=mm&r=g\",\"contentUrl\":\"https:\\\/\\\/secure.gravatar.com\\\/avatar\\\/d96b9a078083b0c14cee48589feadd939c3cdd66547e2f3f1569470371daaaa5?s=96&d=mm&r=g\",\"caption\":\"ahorn_admin\"},\"sameAs\":[\"http:\\\/\\\/Ahorn%20Camp\"],\"url\":\"https:\\\/\\\/ahorn-camp.de\\\/pl\\\/author\\\/ahorn_admin\\\/\"}]}<\/script>\n<!-- \/ Yoast SEO plugin. -->","yoast_head_json":{"title":"System baga\u017cnika rowerowego do kampera Ahorn","description":"Podr\u00f3\u017ce kamperem i rowerem: jaki system baga\u017cnika rowerowego jest dla Ciebie odpowiedni? Przedstawiamy kluczowe cechy i r\u00f3\u017cnice.","robots":{"index":"index","follow":"follow","max-snippet":"max-snippet:-1","max-image-preview":"max-image-preview:large","max-video-preview":"max-video-preview:-1"},"canonical":"https:\/\/ahorn-camp.de\/pl\/jaki-system-bagaznikow-rowerowych-pasuje-do-mojego-kampera\/","og_locale":"pl_PL","og_type":"article","og_title":"Fahrradtr\u00e4gersystem f\u00fcr das Ahorn Reisemobil","og_description":"Reisen mit Wohnmobil und Fahrrad: Welches Fahrradtr\u00e4gersystem passt f\u00fcr Sie? Wir zeigen die wichtigsten Eigenschaften und Unterschiede.","og_url":"https:\/\/ahorn-camp.de\/pl\/jaki-system-bagaznikow-rowerowych-pasuje-do-mojego-kampera\/","og_site_name":"Ahorn Camp | Reisemobile und Kastenwagen","article_publisher":"https:\/\/www.facebook.com\/ahorn.wohnmobile\/","article_published_time":"2022-06-10T14:43:09+00:00","article_modified_time":"2024-09-24T08:36:24+00:00","og_image":[{"width":2560,"height":2048,"url":"https:\/\/ahorn-camp.de\/wp-content\/uploads\/2022\/06\/Ahorn-Camp_-AlaskaTD_hikebike-11-scaled.jpg","type":"image\/jpeg"}],"author":"ahorn_admin","twitter_card":"summary_large_image","twitter_misc":{"Napisane przez":"ahorn_admin","Szacowany czas czytania":"6 minut"},"schema":{"@context":"https:\/\/schema.org","@graph":[{"@type":"Article","@id":"https:\/\/ahorn-camp.de\/welches-fahrradtraegersystem-passt-fuer-mein-reisemobil\/#article","isPartOf":{"@id":"https:\/\/ahorn-camp.de\/welches-fahrradtraegersystem-passt-fuer-mein-reisemobil\/"},"author":{"name":"ahorn_admin","@id":"https:\/\/ahorn-camp.de\/#\/schema\/person\/9b60761ba82d5cb8e6db215a88925044"},"headline":"Welches Fahrradtr\u00e4gersystem passt f\u00fcr mein Reisemobil?","datePublished":"2022-06-10T14:43:09+00:00","dateModified":"2024-09-24T08:36:24+00:00","mainEntityOfPage":{"@id":"https:\/\/ahorn-camp.de\/welches-fahrradtraegersystem-passt-fuer-mein-reisemobil\/"},"wordCount":1289,"commentCount":0,"publisher":{"@id":"https:\/\/ahorn-camp.de\/#organization"},"image":{"@id":"https:\/\/ahorn-camp.de\/welches-fahrradtraegersystem-passt-fuer-mein-reisemobil\/#primaryimage"},"thumbnailUrl":"https:\/\/ahorn-camp.de\/wp-content\/uploads\/2022\/06\/Ahorn-Camp_-AlaskaTD_hikebike-11-scaled.jpg","articleSection":["Blog","Nicht kategorisiert"],"inLanguage":"pl-PL","potentialAction":[{"@type":"CommentAction","name":"Comment","target":["https:\/\/ahorn-camp.de\/welches-fahrradtraegersystem-passt-fuer-mein-reisemobil\/#respond"]}]},{"@type":"WebPage","@id":"https:\/\/ahorn-camp.de\/welches-fahrradtraegersystem-passt-fuer-mein-reisemobil\/","url":"https:\/\/ahorn-camp.de\/welches-fahrradtraegersystem-passt-fuer-mein-reisemobil\/","name":"System baga\u017cnika rowerowego do kampera Ahorn","isPartOf":{"@id":"https:\/\/ahorn-camp.de\/#website"},"primaryImageOfPage":{"@id":"https:\/\/ahorn-camp.de\/welches-fahrradtraegersystem-passt-fuer-mein-reisemobil\/#primaryimage"},"image":{"@id":"https:\/\/ahorn-camp.de\/welches-fahrradtraegersystem-passt-fuer-mein-reisemobil\/#primaryimage"},"thumbnailUrl":"https:\/\/ahorn-camp.de\/wp-content\/uploads\/2022\/06\/Ahorn-Camp_-AlaskaTD_hikebike-11-scaled.jpg","datePublished":"2022-06-10T14:43:09+00:00","dateModified":"2024-09-24T08:36:24+00:00","description":"Podr\u00f3\u017ce kamperem i rowerem: jaki system baga\u017cnika rowerowego jest dla Ciebie odpowiedni? Przedstawiamy kluczowe cechy i r\u00f3\u017cnice.","breadcrumb":{"@id":"https:\/\/ahorn-camp.de\/welches-fahrradtraegersystem-passt-fuer-mein-reisemobil\/#breadcrumb"},"inLanguage":"pl-PL","potentialAction":[{"@type":"ReadAction","target":["https:\/\/ahorn-camp.de\/welches-fahrradtraegersystem-passt-fuer-mein-reisemobil\/"]}]},{"@type":"ImageObject","inLanguage":"pl-PL","@id":"https:\/\/ahorn-camp.de\/welches-fahrradtraegersystem-passt-fuer-mein-reisemobil\/#primaryimage","url":"https:\/\/ahorn-camp.de\/wp-content\/uploads\/2022\/06\/Ahorn-Camp_-AlaskaTD_hikebike-11-scaled.jpg","contentUrl":"https:\/\/ahorn-camp.de\/wp-content\/uploads\/2022\/06\/Ahorn-Camp_-AlaskaTD_hikebike-11-scaled.jpg","width":2560,"height":2048},{"@type":"BreadcrumbList","@id":"https:\/\/ahorn-camp.de\/welches-fahrradtraegersystem-passt-fuer-mein-reisemobil\/#breadcrumb","itemListElement":[{"@type":"ListItem","position":1,"name":"Startseite","item":"https:\/\/ahorn-camp.de\/"},{"@type":"ListItem","position":2,"name":"Welches Fahrradtr\u00e4gersystem passt f\u00fcr mein Reisemobil?"}]},{"@type":"WebSite","@id":"https:\/\/ahorn-camp.de\/#website","url":"https:\/\/ahorn-camp.de\/","name":"Ahorn Camp | Kampery i samochody dostawcze","description":"Od ponad 30 lat rodzinna firma Ahorn Camp z siedzib\u0105 w Speyer z powodzeniem zajmuje si\u0119 sprzeda\u017c\u0105 kamper\u00f3w i samochod\u00f3w dostawczych o najlepszym stosunku ceny do jako\u015bci.","publisher":{"@id":"https:\/\/ahorn-camp.de\/#organization"},"potentialAction":[{"@type":"SearchAction","target":{"@type":"EntryPoint","urlTemplate":"https:\/\/ahorn-camp.de\/?s={search_term_string}"},"query-input":{"@type":"PropertyValueSpecification","valueRequired":true,"valueName":"search_term_string"}}],"inLanguage":"pl-PL"},{"@type":"Organization","@id":"https:\/\/ahorn-camp.de\/#organization","name":"Ahorn Camp GmbH &amp; Co. KG","url":"https:\/\/ahorn-camp.de\/","logo":{"@type":"ImageObject","inLanguage":"pl-PL","@id":"https:\/\/ahorn-camp.de\/#\/schema\/logo\/image\/","url":"https:\/\/ahorn-camp.de\/wp-content\/uploads\/2018\/12\/Ahorn_Logo.jpg","contentUrl":"https:\/\/ahorn-camp.de\/wp-content\/uploads\/2018\/12\/Ahorn_Logo.jpg","width":1437,"height":1000,"caption":"Ahorn Camp GmbH & Co. KG"},"image":{"@id":"https:\/\/ahorn-camp.de\/#\/schema\/logo\/image\/"},"sameAs":["https:\/\/www.facebook.com\/ahorn.wohnmobile\/","https:\/\/www.instagram.com\/ahorn.camp\/","https:\/\/www.youtube.com\/channel\/UCPFbPCts1JJ_A1k9vyH0yOQ"]},{"@type":"Person","@id":"https:\/\/ahorn-camp.de\/#\/schema\/person\/9b60761ba82d5cb8e6db215a88925044","name":"ahorn_admin","image":{"@type":"ImageObject","inLanguage":"pl-PL","@id":"https:\/\/secure.gravatar.com\/avatar\/d96b9a078083b0c14cee48589feadd939c3cdd66547e2f3f1569470371daaaa5?s=96&d=mm&r=g","url":"https:\/\/secure.gravatar.com\/avatar\/d96b9a078083b0c14cee48589feadd939c3cdd66547e2f3f1569470371daaaa5?s=96&d=mm&r=g","contentUrl":"https:\/\/secure.gravatar.com\/avatar\/d96b9a078083b0c14cee48589feadd939c3cdd66547e2f3f1569470371daaaa5?s=96&d=mm&r=g","caption":"ahorn_admin"},"sameAs":["http:\/\/Ahorn%20Camp"],"url":"https:\/\/ahorn-camp.de\/pl\/author\/ahorn_admin\/"}]}},"_links":{"self":[{"href":"https:\/\/ahorn-camp.de\/pl\/wp-json\/wp\/v2\/posts\/16536","targetHints":{"allow":["GET"]}}],"collection":[{"href":"https:\/\/ahorn-camp.de\/pl\/wp-json\/wp\/v2\/posts"}],"about":[{"href":"https:\/\/ahorn-camp.de\/pl\/wp-json\/wp\/v2\/types\/post"}],"author":[{"embeddable":true,"href":"https:\/\/ahorn-camp.de\/pl\/wp-json\/wp\/v2\/users\/2"}],"replies":[{"embeddable":true,"href":"https:\/\/ahorn-camp.de\/pl\/wp-json\/wp\/v2\/comments?post=16536"}],"version-history":[{"count":0,"href":"https:\/\/ahorn-camp.de\/pl\/wp-json\/wp\/v2\/posts\/16536\/revisions"}],"wp:featuredmedia":[{"embeddable":true,"href":"https:\/\/ahorn-camp.de\/pl\/wp-json\/wp\/v2\/media\/16587"}],"wp:attachment":[{"href":"https:\/\/ahorn-camp.de\/pl\/wp-json\/wp\/v2\/media?parent=16536"}],"wp:term":[{"taxonomy":"category","embeddable":true,"href":"https:\/\/ahorn-camp.de\/pl\/wp-json\/wp\/v2\/categories?post=16536"},{"taxonomy":"post_tag","embeddable":true,"href":"https:\/\/ahorn-camp.de\/pl\/wp-json\/wp\/v2\/tags?post=16536"}],"curies":[{"name":"wp","href":"https:\/\/api.w.org\/{rel}","templated":true}]}}