{"id":16529,"date":"2022-06-10T16:52:14","date_gmt":"2022-06-10T14:52:14","guid":{"rendered":"https:\/\/ahorn-camp.de\/?p=16529"},"modified":"2024-09-24T10:35:34","modified_gmt":"2024-09-24T08:35:34","slug":"6-wskazowek-dotyczacych-podrozowania-z-bagaznikiem-rowerowym-na-kamperze","status":"publish","type":"post","link":"https:\/\/ahorn-camp.de\/pl\/6-tipps-zum-reisen-mit-fahrradtraeger-am-wohnmobil\/","title":{"rendered":"6 porad dotycz\u0105cych podr\u00f3\u017cowania z baga\u017cnikiem rowerowym na kamperze"},"content":{"rendered":"<div class=\"wpb-content-wrapper\" id=\"wpb-content-root\"><div class=\"vc_row wpb_row vc_row-fluid\"><div class=\"wpb_column vc_column_container vc_col-sm-12\"><div class=\"vc_column-inner\"><div class=\"wpb_wrapper\">\n\t<div class=\"wpb_text_column wpb_content_element\" >\n\t\t<div class=\"wpb_wrapper\">\n\t\t\t<p><a href=\"https:\/\/ahorn-camp.de\/pl\/samowystarczalny-w-kamperze\/\">Elastyczno\u015b\u0107 i wolno\u015b\u0107<\/a> jak \u017cadna inna forma podr\u00f3\u017cy \u2013 to w\u0142a\u015bnie to w podr\u00f3\u017cach kamperem lub campervanem ceni sobie coraz wi\u0119cej ludzi. A ci, kt\u00f3rzy chc\u0105 w pe\u0142ni wykorzysta\u0107 swobod\u0119 podr\u00f3\u017cowania, zabieraj\u0105 ze sob\u0105 sw\u00f3j w\u0142asny rower lub e-bike. Aby kamper i rowery pozosta\u0142y nienaruszone i nie dochodzi\u0142o do konflikt\u00f3w z prawem, nale\u017cy wzi\u0105\u0107 pod uwag\u0119 kilka rzeczy:<\/p>\n\n\t\t<\/div>\n\t<\/div>\n<\/div><\/div><\/div><\/div><div class=\"vc_row wpb_row vc_row-fluid\"><div class=\"wpb_column vc_column_container vc_col-sm-12\"><div class=\"vc_column-inner\"><div class=\"wpb_wrapper\"><h2 style=\"font-size: 18px;text-align: left\" class=\"vc_custom_heading vc_do_custom_heading\" >1. Monta\u017c przez ekspert\u00f3w<\/h2>\n\t<div class=\"wpb_text_column wpb_content_element\" >\n\t\t<div class=\"wpb_wrapper\">\n\t\t\t<p>Istnieje wiele r\u00f3\u017cnych system\u00f3w baga\u017cnik\u00f3w rowerowych, kt\u00f3re mo\u017cna zamontowa\u0107 w samochodzie \u2013 pod warunkiem, \u017ce pasuje on do niego i Twoich indywidualnych potrzeb transportowych. W przypadku wi\u0119kszo\u015bci system\u00f3w baga\u017cnik\u00f3w rowerowych zaleca si\u0119 oddanie monta\u017cu w r\u0119ce profesjonalist\u00f3w. Zazwyczaj w <a href=\"https:\/\/ahorn-camp.de\/pl\/przyczepy-kempingowe-ahorn\/\">Kempingi\u00a0<\/a> cho\u0107 obecnie standardowo wyposa\u017cone s\u0105 w pogrubion\u0105 tyln\u0105 \u015bciank\u0119, kt\u00f3ra jest warunkiem wst\u0119pnym monta\u017cu wspornika za pomoc\u0105 \u015brub \u2013 wzmocnienia te s\u0105 jednak niewidoczne z zewn\u0105trz. Aby unikn\u0105\u0107 nieestetycznych b\u0142\u0119d\u00f3w i potencjalnych uszkodze\u0144 pojazdu, zaleca si\u0119 zlecenie monta\u017cu specjali\u015bcie, kt\u00f3ry wie, w kt\u00f3rych miejscach mocowanie jest bezpieczne.<\/p>\n<p>przy <a href=\"https:\/\/ahorn-camp.de\/pl\/nordspanien-van-city\/\">Kampery<\/a> monta\u017c jest utrudniony dla laika tym, \u017ce wspornik musi otwiera\u0107 si\u0119 wraz z tylnymi drzwiami. Wyj\u0105tkowy system baga\u017cnik\u00f3w rowerowych, kt\u00f3ry mo\u017cna r\u00f3wnie\u017c \u0142atwo montowa\u0107 i demontowa\u0107 dla laika, to <em>Baga\u017cnik na hak holowniczy<\/em>. Nasz zesp\u00f3\u0142 serwisowy i warsztatowy z przyjemno\u015bci\u0105 doradzi i wesprze Pa\u0144stwa w ka\u017cdej kwestii dotycz\u0105cej system\u00f3w baga\u017cnik\u00f3w rowerowych.<\/p>\n\n\t\t<\/div>\n\t<\/div>\n<\/div><\/div><\/div><\/div><div class=\"vc_row wpb_row vc_row-fluid\"><div class=\"wpb_column vc_column_container vc_col-sm-12\"><div class=\"vc_column-inner\"><div class=\"wpb_wrapper\"><h2 style=\"font-size: 18px;text-align: left\" class=\"vc_custom_heading vc_do_custom_heading\" >2. Masa ca\u0142kowita<\/h2>\n\t<div class=\"wpb_text_column wpb_content_element\" >\n\t\t<div class=\"wpb_wrapper\">\n\t\t\t<p>Zanim kupisz baga\u017cnik rowerowy, sprawd\u017a, ile \u0142\u0105cznie wa\u017c\u0105 baga\u017cnik i Twoje rowery. W ko\u0144cu ca\u0142kowita dopuszczalna masa ca\u0142kowita Twojego kampera lub vana kempingowego nie mo\u017ce zosta\u0107 przekroczona ze wzgl\u0119du na dodatkowe obci\u0105\u017cenie. Szczeg\u00f3lnie ci\u0119\u017ckie rowery elektryczne lub wiele rower\u00f3w mo\u017ce szybko wp\u0142yn\u0105\u0107 na ca\u0142kowit\u0105 mas\u0119. Dlatego do masy swojego pojazdu kempingowego dodaj mas\u0119 baga\u017cnika rowerowego i Twoich rower\u00f3w, aby mie\u0107 pewno\u015b\u0107.<\/p>\n<p><strong>Warto wiedzie\u0107:<\/strong> Kampery firmy Ahorn Camp maj\u0105 zasadniczo dopuszczaln\u0105 mas\u0119 ca\u0142kowit\u0105 wynosz\u0105c\u0105 3,5 tony. Zawieszenie pneumatyczne poprawia w\u0142a\u015bciwo\u015bci jezdne i sprawia, \u017ce kamper jest mniej podatny na dzia\u0142anie wiatru bocznego. Ponadto zawieszenie pneumatyczne jest niezb\u0119dne do zwi\u0119kszenia dopuszczalnej masy ca\u0142kowitej do 4 ton. Je\u015bli chc\u0105 Pa\u0144stwo zabra\u0107 ze sob\u0105 nieco wi\u0119cej baga\u017cu lub masa w\u0142asna pojazdu jest ju\u017c do\u015b\u0107 wysoka z powodu bogatego wyposa\u017cenia dodatkowego, mog\u0105 Pa\u0144stwo rozwa\u017cy\u0107 zwi\u0119kszenie dopuszczalnej masy ca\u0142kowitej do 4 ton. Tylna \u015bcianka naszych kamper\u00f3w wytrzymuje obci\u0105\u017cenie do 60 kilogram\u00f3w, natomiast w naszych kamperach typu campervan jest to 35 kilogram\u00f3w.<\/p>\n<p>Nale\u017cy r\u00f3wnie\u017c upewni\u0107 si\u0119, \u017ce system baga\u017cnika rowerowego jest w stanie utrzyma\u0107 wag\u0119 rower\u00f3w. Nasze baga\u017cniki rowerowe maj\u0105 no\u015bno\u015b\u0107 19 kilogram\u00f3w na szyn\u0119, kt\u00f3rej pod \u017cadnym pozorem nie wolno przekracza\u0107 \u2013 niezale\u017cnie od no\u015bno\u015bci \u015bciany. <strong>Trik z rowerami elektrycznymi<\/strong>Mo\u017cesz wyj\u0105\u0107 akumulator roweru elektrycznego na czas jazdy i schowa\u0107 go w poje\u017adzie, aby odci\u0105\u017cy\u0107 baga\u017cnik rowerowy.<\/p>\n<p>Wa\u017cne jest r\u00f3wnie\u017c, aby z g\u00f3ry zastanowi\u0107 si\u0119, ile rower\u00f3w lub e-rower\u00f3w chcesz przewie\u017a\u0107, poniewa\u017c baga\u017cniki rowerowe zazwyczaj maj\u0105 ograniczon\u0105 liczb\u0119 szyn.<\/p>\n\n\t\t<\/div>\n\t<\/div>\n<\/div><\/div><\/div><\/div><div class=\"vc_row wpb_row vc_row-fluid\"><div class=\"wpb_column vc_column_container vc_col-sm-12\"><div class=\"vc_column-inner\"><div class=\"wpb_wrapper\"><h2 style=\"font-size: 18px;text-align: left\" class=\"vc_custom_heading vc_do_custom_heading\" >3. Widoczno\u015b\u0107 tablicy rejestracyjnej i \u015bwiate\u0142 hamowania<\/h2>\n\t<div class=\"wpb_text_column wpb_content_element\" >\n\t\t<div class=\"wpb_wrapper\">\n\t\t\t<p>Aby nie narazi\u0107 si\u0119 na konflikt z prawem, nale\u017cy bezwzgl\u0119dnie upewni\u0107 si\u0119, \u017ce tablica rejestracyjna i \u015bwiat\u0142a hamowania nie s\u0105 zas\u0142oni\u0119te przez baga\u017cnik rowerowy. Najmniej problematyczne pod tym wzgl\u0119dem s\u0105 baga\u017cniki tylne, kt\u00f3re zazwyczaj s\u0105 regulowane na wysoko\u015b\u0107 i mo\u017cna je odpowiednio ustawi\u0107. Baga\u017cniki na hak holowniczy r\u00f3wnie\u017c zazwyczaj s\u0105 ju\u017c wyposa\u017cone we w\u0142asny uchwyt tablicy rejestracyjnej i w\u0142asne \u015bwiat\u0142a. Je\u015bli jednak wybierzesz inny system, mo\u017ce by\u0107 konieczne zamontowanie tablic i \u015bwiate\u0142 osobno.<\/p>\n\n\t\t<\/div>\n\t<\/div>\n<\/div><\/div><\/div><\/div><div class=\"vc_row wpb_row vc_row-fluid\"><div class=\"wpb_column vc_column_container vc_col-sm-12\"><div class=\"vc_column-inner\"><div class=\"wpb_wrapper\"><h2 style=\"font-size: 18px;text-align: left\" class=\"vc_custom_heading vc_do_custom_heading\" >4. Tablice ostrzegawcze<\/h2>\n\t<div class=\"wpb_text_column wpb_content_element\" >\n\t\t<div class=\"wpb_wrapper\">\n\t\t\t<p>W niekt\u00f3rych krajach (takich jak popularne cele podr\u00f3\u017cy Hiszpania i <a href=\"https:\/\/ahorn-camp.de\/pl\/kamperem-przez-toskanie\/\">W\u0142ochy<\/a>) obowi\u0105zkowe jest umieszczenie na wystaj\u0105cych cz\u0119\u015bciach, kt\u00f3re przekraczaj\u0105 zarejestrowan\u0105 w dowodzie rejestracyjnym d\u0142ugo\u015b\u0107 pojazdu, tablicy ostrzegawczej o wymiarach zgodnych z przepisami, w kolorze czerwono-bia\u0142ym. Wa\u017cne jest, aby wiedzie\u0107, \u017ce nie ma jednolitej europejskiej tablicy ostrzegawczej, a ka\u017cde pa\u0144stwo ma w\u0142asn\u0105: w Hiszpanii jest ona ozdobiona trzema czerwonymi pasami, we W\u0142oszech pi\u0119cioma. Dla Pa\u0144stwa oznacza to: przed podr\u00f3\u017c\u0105 koniecznie dowiedzcie si\u0119, jakie zasady obowi\u0105zuj\u0105 w danym kraju i przygotujcie niezb\u0119dne tablice. Dotyczy to r\u00f3wnie\u017c sytuacji, gdy planowana jest jedynie podr\u00f3\u017c tranzytowa przez dane pa\u0144stwo.<\/p>\n\n\t\t<\/div>\n\t<\/div>\n<\/div><\/div><\/div><\/div><div class=\"vc_row wpb_row vc_row-fluid\"><div class=\"wpb_column vc_column_container vc_col-sm-12\"><div class=\"vc_column-inner\"><div class=\"wpb_wrapper\"><h2 style=\"font-size: 18px;text-align: left\" class=\"vc_custom_heading vc_do_custom_heading\" >5. Pr\u0119dko\u015b\u0107 jazdy<\/h2>\n\t<div class=\"wpb_text_column wpb_content_element\" >\n\t\t<div class=\"wpb_wrapper\">\n\t\t\t<p>Oczywi\u015bcie nale\u017cy i tak przestrzega\u0107 obowi\u0105zuj\u0105cych ogranicze\u0144 pr\u0119dko\u015bci \u2013 z rowerami w (zewn\u0119trznym) baga\u017cniku jest to tym wa\u017cniejsze, aby unika\u0107 wypadk\u00f3w. Na autostradzie zaleca si\u0119 nie przekracza\u0107 100 km\/h. Og\u00f3lnie jednak zaleca si\u0119 r\u00f3wnie\u017c przed podr\u00f3\u017c\u0105 odby\u0107 ma\u0142\u0105 jazd\u0119 pr\u00f3bn\u0105 z baga\u017cnikiem rowerowym, aby oceni\u0107, jak system baga\u017cnik\u00f3w zachowuje si\u0119 na zakr\u0119tach i jak nale\u017cy dostosowa\u0107 sw\u00f3j styl jazdy do dodatkowego baga\u017cu. Dotyczy to w szczeg\u00f3lno\u015bci baga\u017cnik\u00f3w na hak holowniczy.<\/p>\n<p>Warto wiedzie\u0107: rowery nie s\u0105 widoczne w lusterkach wstecznych. Zatrzymaj si\u0119 wi\u0119c po pierwszych kilku kilometrach i sprawd\u017a, czy wszystko jest bezpieczne.<\/p>\n\n\t\t<\/div>\n\t<\/div>\n<\/div><\/div><\/div><\/div><div class=\"vc_row wpb_row vc_row-fluid\"><div class=\"wpb_column vc_column_container vc_col-sm-12\"><div class=\"vc_column-inner\"><div class=\"wpb_wrapper\"><h2 style=\"font-size: 18px;text-align: left\" class=\"vc_custom_heading vc_do_custom_heading\" >6. Zabezpieczenie przed kradzie\u017c\u0105<\/h2>\n\t<div class=\"wpb_text_column wpb_content_element\" >\n\t\t<div class=\"wpb_wrapper\">\n\t\t\t<p>Szybki wypad do supermarketu czy piesza eksploracja okolicy? Aby ka\u017cda minuta wakacji by\u0142a beztroska, nie dawaj szansy z\u0142odziejom rower\u00f3w. Zalecamy zabezpieczenie systemu baga\u017cnika rowerowego oraz samych rower\u00f3w przed kradzie\u017c\u0105. W tym celu oferujemy na przyk\u0142ad blokowane ramiona mocuj\u0105ce.<\/p>\n\n\t\t<\/div>\n\t<\/div>\n<\/div><\/div><\/div><\/div>\n<\/div>","protected":false},"excerpt":{"rendered":"<p>Elastyczno\u015b\u0107 i wolno\u015b\u0107 jak w \u017cadnej innej formie podr\u00f3\u017cy \u2013 to w\u0142a\u015bnie ceni coraz wi\u0119cej os\u00f3b podr\u00f3\u017cuj\u0105cych kamperem lub vanem. A kto chce czerpa\u0107 z podr\u00f3\u017cy maksimum wolno\u015bci, ten zabiera ze sob\u0105 w\u0142asny rower lub rower elektryczny. Aby kamper i rowery pozosta\u0142y nienaruszone i nie by\u0142o konflikt\u00f3w z prawem, nale\u017cy wzi\u0105\u0107 pod uwag\u0119 kilka rzeczy.<\/p>","protected":false},"author":2,"featured_media":16588,"comment_status":"closed","ping_status":"open","sticky":false,"template":"","format":"standard","meta":{"content-type":"","footnotes":""},"categories":[208],"tags":[],"class_list":["post-16529","post","type-post","status-publish","format-standard","has-post-thumbnail","hentry","category-blog"],"yoast_head":"<!-- This site is optimized with the Yoast SEO plugin v28.4 - https:\/\/yoast.com\/product\/yoast-seo-wordpress\/ -->\n<title>Reisen mit Fahrradtraeger am Ahorn Camp Wohnmobil<\/title>\n<meta name=\"description\" content=\"Das sollten Sie beim Reisen mit Wohnmobil und Fahrrad und bei der Montage eines Fahrradtr\u00e4gers beachten. Erfahren Sie mehr.\" \/>\n<meta name=\"robots\" content=\"index, follow, max-snippet:-1, max-image-preview:large, max-video-preview:-1\" \/>\n<link rel=\"canonical\" href=\"https:\/\/ahorn-camp.de\/pl\/6-wskazowek-dotyczacych-podrozowania-z-bagaznikiem-rowerowym-na-kamperze\/\" \/>\n<meta property=\"og:locale\" content=\"pl_PL\" \/>\n<meta property=\"og:type\" content=\"article\" \/>\n<meta property=\"og:title\" content=\"Reisen mit Fahrradtraeger am Ahorn Camp Wohnmobil\" \/>\n<meta property=\"og:description\" content=\"Das sollten Sie beim Reisen mit Wohnmobil und Fahrrad und bei der Montage eines Fahrradtr\u00e4gers beachten. Erfahren Sie mehr.\" \/>\n<meta property=\"og:url\" content=\"https:\/\/ahorn-camp.de\/pl\/6-wskazowek-dotyczacych-podrozowania-z-bagaznikiem-rowerowym-na-kamperze\/\" \/>\n<meta property=\"og:site_name\" content=\"Ahorn Camp | Reisemobile und Kastenwagen\" \/>\n<meta property=\"article:publisher\" content=\"https:\/\/www.facebook.com\/ahorn.wohnmobile\/\" \/>\n<meta property=\"article:published_time\" content=\"2022-06-10T14:52:14+00:00\" \/>\n<meta property=\"article:modified_time\" content=\"2024-09-24T08:35:34+00:00\" \/>\n<meta property=\"og:image\" content=\"https:\/\/ahorn-camp.de\/wp-content\/uploads\/2022\/06\/Ahorn-Camp_-AlaskaTD_hikebike-8-scaled.jpg\" \/>\n\t<meta property=\"og:image:width\" content=\"2560\" \/>\n\t<meta property=\"og:image:height\" content=\"1855\" \/>\n\t<meta property=\"og:image:type\" content=\"image\/jpeg\" \/>\n<meta name=\"author\" content=\"ahorn_admin\" \/>\n<meta name=\"twitter:card\" content=\"summary_large_image\" \/>\n<meta name=\"twitter:label1\" content=\"Napisane przez\" \/>\n\t<meta name=\"twitter:data1\" content=\"ahorn_admin\" \/>\n\t<meta name=\"twitter:label2\" content=\"Szacowany czas czytania\" \/>\n\t<meta name=\"twitter:data2\" content=\"5 minut\" \/>\n<script type=\"application\/ld+json\" class=\"yoast-schema-graph\">{\"@context\":\"https:\\\/\\\/schema.org\",\"@graph\":[{\"@type\":\"Article\",\"@id\":\"https:\\\/\\\/ahorn-camp.de\\\/6-tipps-zum-reisen-mit-fahrradtraeger-am-wohnmobil\\\/#article\",\"isPartOf\":{\"@id\":\"https:\\\/\\\/ahorn-camp.de\\\/6-tipps-zum-reisen-mit-fahrradtraeger-am-wohnmobil\\\/\"},\"author\":{\"name\":\"ahorn_admin\",\"@id\":\"https:\\\/\\\/ahorn-camp.de\\\/#\\\/schema\\\/person\\\/9b60761ba82d5cb8e6db215a88925044\"},\"headline\":\"6 Tipps zum Reisen mit Fahrradtr\u00e4ger am Wohnmobil\",\"datePublished\":\"2022-06-10T14:52:14+00:00\",\"dateModified\":\"2024-09-24T08:35:34+00:00\",\"mainEntityOfPage\":{\"@id\":\"https:\\\/\\\/ahorn-camp.de\\\/6-tipps-zum-reisen-mit-fahrradtraeger-am-wohnmobil\\\/\"},\"wordCount\":1108,\"publisher\":{\"@id\":\"https:\\\/\\\/ahorn-camp.de\\\/#organization\"},\"image\":{\"@id\":\"https:\\\/\\\/ahorn-camp.de\\\/6-tipps-zum-reisen-mit-fahrradtraeger-am-wohnmobil\\\/#primaryimage\"},\"thumbnailUrl\":\"https:\\\/\\\/ahorn-camp.de\\\/wp-content\\\/uploads\\\/2022\\\/06\\\/Ahorn-Camp_-AlaskaTD_hikebike-8-scaled.jpg\",\"articleSection\":[\"Blog\"],\"inLanguage\":\"pl-PL\"},{\"@type\":\"WebPage\",\"@id\":\"https:\\\/\\\/ahorn-camp.de\\\/6-tipps-zum-reisen-mit-fahrradtraeger-am-wohnmobil\\\/\",\"url\":\"https:\\\/\\\/ahorn-camp.de\\\/6-tipps-zum-reisen-mit-fahrradtraeger-am-wohnmobil\\\/\",\"name\":\"Reisen mit Fahrradtraeger am Ahorn Camp Wohnmobil\",\"isPartOf\":{\"@id\":\"https:\\\/\\\/ahorn-camp.de\\\/#website\"},\"primaryImageOfPage\":{\"@id\":\"https:\\\/\\\/ahorn-camp.de\\\/6-tipps-zum-reisen-mit-fahrradtraeger-am-wohnmobil\\\/#primaryimage\"},\"image\":{\"@id\":\"https:\\\/\\\/ahorn-camp.de\\\/6-tipps-zum-reisen-mit-fahrradtraeger-am-wohnmobil\\\/#primaryimage\"},\"thumbnailUrl\":\"https:\\\/\\\/ahorn-camp.de\\\/wp-content\\\/uploads\\\/2022\\\/06\\\/Ahorn-Camp_-AlaskaTD_hikebike-8-scaled.jpg\",\"datePublished\":\"2022-06-10T14:52:14+00:00\",\"dateModified\":\"2024-09-24T08:35:34+00:00\",\"description\":\"Das sollten Sie beim Reisen mit Wohnmobil und Fahrrad und bei der Montage eines Fahrradtr\u00e4gers beachten. Erfahren Sie mehr.\",\"breadcrumb\":{\"@id\":\"https:\\\/\\\/ahorn-camp.de\\\/6-tipps-zum-reisen-mit-fahrradtraeger-am-wohnmobil\\\/#breadcrumb\"},\"inLanguage\":\"pl-PL\",\"potentialAction\":[{\"@type\":\"ReadAction\",\"target\":[\"https:\\\/\\\/ahorn-camp.de\\\/6-tipps-zum-reisen-mit-fahrradtraeger-am-wohnmobil\\\/\"]}]},{\"@type\":\"ImageObject\",\"inLanguage\":\"pl-PL\",\"@id\":\"https:\\\/\\\/ahorn-camp.de\\\/6-tipps-zum-reisen-mit-fahrradtraeger-am-wohnmobil\\\/#primaryimage\",\"url\":\"https:\\\/\\\/ahorn-camp.de\\\/wp-content\\\/uploads\\\/2022\\\/06\\\/Ahorn-Camp_-AlaskaTD_hikebike-8-scaled.jpg\",\"contentUrl\":\"https:\\\/\\\/ahorn-camp.de\\\/wp-content\\\/uploads\\\/2022\\\/06\\\/Ahorn-Camp_-AlaskaTD_hikebike-8-scaled.jpg\",\"width\":2560,\"height\":1855,\"caption\":\"6 Tipps zum Reisen mit Fahrradtr\u00e4ger am Wohnmobil\"},{\"@type\":\"BreadcrumbList\",\"@id\":\"https:\\\/\\\/ahorn-camp.de\\\/6-tipps-zum-reisen-mit-fahrradtraeger-am-wohnmobil\\\/#breadcrumb\",\"itemListElement\":[{\"@type\":\"ListItem\",\"position\":1,\"name\":\"Startseite\",\"item\":\"https:\\\/\\\/ahorn-camp.de\\\/\"},{\"@type\":\"ListItem\",\"position\":2,\"name\":\"6 Tipps zum Reisen mit Fahrradtr\u00e4ger am Wohnmobil\"}]},{\"@type\":\"WebSite\",\"@id\":\"https:\\\/\\\/ahorn-camp.de\\\/#website\",\"url\":\"https:\\\/\\\/ahorn-camp.de\\\/\",\"name\":\"Ahorn Camp | Reisemobile und Kastenwagen\",\"description\":\"Seit \u00fcber 30 Jahren vermarktet das Familienunternehmen, Ahorn Camp in Speyer, erfolgreich Wohnmobile und Kastenwagen zum besten Preis-Leistungsverh\u00e4ltnis.\",\"publisher\":{\"@id\":\"https:\\\/\\\/ahorn-camp.de\\\/#organization\"},\"potentialAction\":[{\"@type\":\"SearchAction\",\"target\":{\"@type\":\"EntryPoint\",\"urlTemplate\":\"https:\\\/\\\/ahorn-camp.de\\\/?s={search_term_string}\"},\"query-input\":{\"@type\":\"PropertyValueSpecification\",\"valueRequired\":true,\"valueName\":\"search_term_string\"}}],\"inLanguage\":\"pl-PL\"},{\"@type\":\"Organization\",\"@id\":\"https:\\\/\\\/ahorn-camp.de\\\/#organization\",\"name\":\"Ahorn Camp GmbH & Co. KG\",\"url\":\"https:\\\/\\\/ahorn-camp.de\\\/\",\"logo\":{\"@type\":\"ImageObject\",\"inLanguage\":\"pl-PL\",\"@id\":\"https:\\\/\\\/ahorn-camp.de\\\/#\\\/schema\\\/logo\\\/image\\\/\",\"url\":\"https:\\\/\\\/ahorn-camp.de\\\/wp-content\\\/uploads\\\/2018\\\/12\\\/Ahorn_Logo.jpg\",\"contentUrl\":\"https:\\\/\\\/ahorn-camp.de\\\/wp-content\\\/uploads\\\/2018\\\/12\\\/Ahorn_Logo.jpg\",\"width\":1437,\"height\":1000,\"caption\":\"Ahorn Camp GmbH & Co. KG\"},\"image\":{\"@id\":\"https:\\\/\\\/ahorn-camp.de\\\/#\\\/schema\\\/logo\\\/image\\\/\"},\"sameAs\":[\"https:\\\/\\\/www.facebook.com\\\/ahorn.wohnmobile\\\/\",\"https:\\\/\\\/www.instagram.com\\\/ahorn.camp\\\/\",\"https:\\\/\\\/www.youtube.com\\\/channel\\\/UCPFbPCts1JJ_A1k9vyH0yOQ\"]},{\"@type\":\"Person\",\"@id\":\"https:\\\/\\\/ahorn-camp.de\\\/#\\\/schema\\\/person\\\/9b60761ba82d5cb8e6db215a88925044\",\"name\":\"ahorn_admin\",\"image\":{\"@type\":\"ImageObject\",\"inLanguage\":\"pl-PL\",\"@id\":\"https:\\\/\\\/secure.gravatar.com\\\/avatar\\\/d96b9a078083b0c14cee48589feadd939c3cdd66547e2f3f1569470371daaaa5?s=96&d=mm&r=g\",\"url\":\"https:\\\/\\\/secure.gravatar.com\\\/avatar\\\/d96b9a078083b0c14cee48589feadd939c3cdd66547e2f3f1569470371daaaa5?s=96&d=mm&r=g\",\"contentUrl\":\"https:\\\/\\\/secure.gravatar.com\\\/avatar\\\/d96b9a078083b0c14cee48589feadd939c3cdd66547e2f3f1569470371daaaa5?s=96&d=mm&r=g\",\"caption\":\"ahorn_admin\"},\"sameAs\":[\"http:\\\/\\\/Ahorn%20Camp\"],\"url\":\"https:\\\/\\\/ahorn-camp.de\\\/pl\\\/author\\\/ahorn_admin\\\/\"}]}<\/script>\n<!-- \/ Yoast SEO plugin. -->","yoast_head_json":{"title":"Podr\u00f3\u017cowanie z baga\u017cnikiem rowerowym na kamperze Ahorn Camp","description":"Oto co warto wzi\u0105\u0107 pod uwag\u0119 podczas podr\u00f3\u017cy kamperem z rowerami oraz monta\u017cu baga\u017cnika rowerowego. Dowiedz si\u0119 wi\u0119cej.","robots":{"index":"index","follow":"follow","max-snippet":"max-snippet:-1","max-image-preview":"max-image-preview:large","max-video-preview":"max-video-preview:-1"},"canonical":"https:\/\/ahorn-camp.de\/pl\/6-wskazowek-dotyczacych-podrozowania-z-bagaznikiem-rowerowym-na-kamperze\/","og_locale":"pl_PL","og_type":"article","og_title":"Reisen mit Fahrradtraeger am Ahorn Camp Wohnmobil","og_description":"Das sollten Sie beim Reisen mit Wohnmobil und Fahrrad und bei der Montage eines Fahrradtr\u00e4gers beachten. Erfahren Sie mehr.","og_url":"https:\/\/ahorn-camp.de\/pl\/6-wskazowek-dotyczacych-podrozowania-z-bagaznikiem-rowerowym-na-kamperze\/","og_site_name":"Ahorn Camp | Reisemobile und Kastenwagen","article_publisher":"https:\/\/www.facebook.com\/ahorn.wohnmobile\/","article_published_time":"2022-06-10T14:52:14+00:00","article_modified_time":"2024-09-24T08:35:34+00:00","og_image":[{"width":2560,"height":1855,"url":"https:\/\/ahorn-camp.de\/wp-content\/uploads\/2022\/06\/Ahorn-Camp_-AlaskaTD_hikebike-8-scaled.jpg","type":"image\/jpeg"}],"author":"ahorn_admin","twitter_card":"summary_large_image","twitter_misc":{"Napisane przez":"ahorn_admin","Szacowany czas czytania":"5 minut"},"schema":{"@context":"https:\/\/schema.org","@graph":[{"@type":"Article","@id":"https:\/\/ahorn-camp.de\/6-tipps-zum-reisen-mit-fahrradtraeger-am-wohnmobil\/#article","isPartOf":{"@id":"https:\/\/ahorn-camp.de\/6-tipps-zum-reisen-mit-fahrradtraeger-am-wohnmobil\/"},"author":{"name":"ahorn_admin","@id":"https:\/\/ahorn-camp.de\/#\/schema\/person\/9b60761ba82d5cb8e6db215a88925044"},"headline":"6 Tipps zum Reisen mit Fahrradtr\u00e4ger am Wohnmobil","datePublished":"2022-06-10T14:52:14+00:00","dateModified":"2024-09-24T08:35:34+00:00","mainEntityOfPage":{"@id":"https:\/\/ahorn-camp.de\/6-tipps-zum-reisen-mit-fahrradtraeger-am-wohnmobil\/"},"wordCount":1108,"publisher":{"@id":"https:\/\/ahorn-camp.de\/#organization"},"image":{"@id":"https:\/\/ahorn-camp.de\/6-tipps-zum-reisen-mit-fahrradtraeger-am-wohnmobil\/#primaryimage"},"thumbnailUrl":"https:\/\/ahorn-camp.de\/wp-content\/uploads\/2022\/06\/Ahorn-Camp_-AlaskaTD_hikebike-8-scaled.jpg","articleSection":["Blog"],"inLanguage":"pl-PL"},{"@type":"WebPage","@id":"https:\/\/ahorn-camp.de\/6-tipps-zum-reisen-mit-fahrradtraeger-am-wohnmobil\/","url":"https:\/\/ahorn-camp.de\/6-tipps-zum-reisen-mit-fahrradtraeger-am-wohnmobil\/","name":"Podr\u00f3\u017cowanie z baga\u017cnikiem rowerowym na kamperze Ahorn Camp","isPartOf":{"@id":"https:\/\/ahorn-camp.de\/#website"},"primaryImageOfPage":{"@id":"https:\/\/ahorn-camp.de\/6-tipps-zum-reisen-mit-fahrradtraeger-am-wohnmobil\/#primaryimage"},"image":{"@id":"https:\/\/ahorn-camp.de\/6-tipps-zum-reisen-mit-fahrradtraeger-am-wohnmobil\/#primaryimage"},"thumbnailUrl":"https:\/\/ahorn-camp.de\/wp-content\/uploads\/2022\/06\/Ahorn-Camp_-AlaskaTD_hikebike-8-scaled.jpg","datePublished":"2022-06-10T14:52:14+00:00","dateModified":"2024-09-24T08:35:34+00:00","description":"Oto co warto wzi\u0105\u0107 pod uwag\u0119 podczas podr\u00f3\u017cy kamperem z rowerami oraz monta\u017cu baga\u017cnika rowerowego. Dowiedz si\u0119 wi\u0119cej.","breadcrumb":{"@id":"https:\/\/ahorn-camp.de\/6-tipps-zum-reisen-mit-fahrradtraeger-am-wohnmobil\/#breadcrumb"},"inLanguage":"pl-PL","potentialAction":[{"@type":"ReadAction","target":["https:\/\/ahorn-camp.de\/6-tipps-zum-reisen-mit-fahrradtraeger-am-wohnmobil\/"]}]},{"@type":"ImageObject","inLanguage":"pl-PL","@id":"https:\/\/ahorn-camp.de\/6-tipps-zum-reisen-mit-fahrradtraeger-am-wohnmobil\/#primaryimage","url":"https:\/\/ahorn-camp.de\/wp-content\/uploads\/2022\/06\/Ahorn-Camp_-AlaskaTD_hikebike-8-scaled.jpg","contentUrl":"https:\/\/ahorn-camp.de\/wp-content\/uploads\/2022\/06\/Ahorn-Camp_-AlaskaTD_hikebike-8-scaled.jpg","width":2560,"height":1855,"caption":"6 Tipps zum Reisen mit Fahrradtr\u00e4ger am Wohnmobil"},{"@type":"BreadcrumbList","@id":"https:\/\/ahorn-camp.de\/6-tipps-zum-reisen-mit-fahrradtraeger-am-wohnmobil\/#breadcrumb","itemListElement":[{"@type":"ListItem","position":1,"name":"Startseite","item":"https:\/\/ahorn-camp.de\/"},{"@type":"ListItem","position":2,"name":"6 Tipps zum Reisen mit Fahrradtr\u00e4ger am Wohnmobil"}]},{"@type":"WebSite","@id":"https:\/\/ahorn-camp.de\/#website","url":"https:\/\/ahorn-camp.de\/","name":"Ahorn Camp | Kampery i samochody dostawcze","description":"Od ponad 30 lat rodzinna firma Ahorn Camp z siedzib\u0105 w Speyer z powodzeniem zajmuje si\u0119 sprzeda\u017c\u0105 kamper\u00f3w i samochod\u00f3w dostawczych o najlepszym stosunku ceny do jako\u015bci.","publisher":{"@id":"https:\/\/ahorn-camp.de\/#organization"},"potentialAction":[{"@type":"SearchAction","target":{"@type":"EntryPoint","urlTemplate":"https:\/\/ahorn-camp.de\/?s={search_term_string}"},"query-input":{"@type":"PropertyValueSpecification","valueRequired":true,"valueName":"search_term_string"}}],"inLanguage":"pl-PL"},{"@type":"Organization","@id":"https:\/\/ahorn-camp.de\/#organization","name":"Ahorn Camp GmbH &amp; Co. KG","url":"https:\/\/ahorn-camp.de\/","logo":{"@type":"ImageObject","inLanguage":"pl-PL","@id":"https:\/\/ahorn-camp.de\/#\/schema\/logo\/image\/","url":"https:\/\/ahorn-camp.de\/wp-content\/uploads\/2018\/12\/Ahorn_Logo.jpg","contentUrl":"https:\/\/ahorn-camp.de\/wp-content\/uploads\/2018\/12\/Ahorn_Logo.jpg","width":1437,"height":1000,"caption":"Ahorn Camp GmbH & Co. KG"},"image":{"@id":"https:\/\/ahorn-camp.de\/#\/schema\/logo\/image\/"},"sameAs":["https:\/\/www.facebook.com\/ahorn.wohnmobile\/","https:\/\/www.instagram.com\/ahorn.camp\/","https:\/\/www.youtube.com\/channel\/UCPFbPCts1JJ_A1k9vyH0yOQ"]},{"@type":"Person","@id":"https:\/\/ahorn-camp.de\/#\/schema\/person\/9b60761ba82d5cb8e6db215a88925044","name":"ahorn_admin","image":{"@type":"ImageObject","inLanguage":"pl-PL","@id":"https:\/\/secure.gravatar.com\/avatar\/d96b9a078083b0c14cee48589feadd939c3cdd66547e2f3f1569470371daaaa5?s=96&d=mm&r=g","url":"https:\/\/secure.gravatar.com\/avatar\/d96b9a078083b0c14cee48589feadd939c3cdd66547e2f3f1569470371daaaa5?s=96&d=mm&r=g","contentUrl":"https:\/\/secure.gravatar.com\/avatar\/d96b9a078083b0c14cee48589feadd939c3cdd66547e2f3f1569470371daaaa5?s=96&d=mm&r=g","caption":"ahorn_admin"},"sameAs":["http:\/\/Ahorn%20Camp"],"url":"https:\/\/ahorn-camp.de\/pl\/author\/ahorn_admin\/"}]}},"_links":{"self":[{"href":"https:\/\/ahorn-camp.de\/pl\/wp-json\/wp\/v2\/posts\/16529","targetHints":{"allow":["GET"]}}],"collection":[{"href":"https:\/\/ahorn-camp.de\/pl\/wp-json\/wp\/v2\/posts"}],"about":[{"href":"https:\/\/ahorn-camp.de\/pl\/wp-json\/wp\/v2\/types\/post"}],"author":[{"embeddable":true,"href":"https:\/\/ahorn-camp.de\/pl\/wp-json\/wp\/v2\/users\/2"}],"replies":[{"embeddable":true,"href":"https:\/\/ahorn-camp.de\/pl\/wp-json\/wp\/v2\/comments?post=16529"}],"version-history":[{"count":0,"href":"https:\/\/ahorn-camp.de\/pl\/wp-json\/wp\/v2\/posts\/16529\/revisions"}],"wp:featuredmedia":[{"embeddable":true,"href":"https:\/\/ahorn-camp.de\/pl\/wp-json\/wp\/v2\/media\/16588"}],"wp:attachment":[{"href":"https:\/\/ahorn-camp.de\/pl\/wp-json\/wp\/v2\/media?parent=16529"}],"wp:term":[{"taxonomy":"category","embeddable":true,"href":"https:\/\/ahorn-camp.de\/pl\/wp-json\/wp\/v2\/categories?post=16529"},{"taxonomy":"post_tag","embeddable":true,"href":"https:\/\/ahorn-camp.de\/pl\/wp-json\/wp\/v2\/tags?post=16529"}],"curies":[{"name":"wp","href":"https:\/\/api.w.org\/{rel}","templated":true}]}}