{"id":11951,"date":"2021-05-31T11:28:15","date_gmt":"2021-05-31T09:28:15","guid":{"rendered":"https:\/\/ahorn-camp.de\/?p=11951"},"modified":"2024-02-19T15:14:46","modified_gmt":"2024-02-19T14:14:46","slug":"wakacje-2021","status":"publish","type":"post","link":"https:\/\/ahorn-camp.de\/pl\/sommerurlaub-2021\/","title":{"rendered":"Wskaz\u00f3wki dotycz\u0105ce wakacji kamperem"},"content":{"rendered":"<div class=\"wpb-content-wrapper\" id=\"wpb-content-root\"><div class=\"vc_row wpb_row vc_row-fluid\"><div class=\"wpb_column vc_column_container vc_col-sm-12\"><div class=\"vc_column-inner\"><div class=\"wpb_wrapper\">\n\t<div class=\"wpb_text_column wpb_content_element\" >\n\t\t<div class=\"wpb_wrapper\">\n\t\t\t<p><strong>Wska\u017aniki spadaj\u0105, a coraz wi\u0119cej kemping\u00f3w otwiera swoje podwoje dla spragnionych podr\u00f3\u017cy. Sytuacja poprawia si\u0119 nie tylko w Niemczech, ale tak\u017ce u naszych europejskich s\u0105siad\u00f3w campingowe \u017cycie o\u017cy\u0142o od kilku tygodni. Z tego powodu chcieliby\u015bmy da\u0107 Pa\u0144stwu i Pa\u0144stwa czytelnikom kilka wskaz\u00f3wek dotycz\u0105cych wakacji na kempingu latem 2021 roku. <\/strong><\/p>\n\n\t\t<\/div>\n\t<\/div>\n<\/div><\/div><\/div><div class=\"wpb_column vc_column_container vc_col-sm-6\"><div class=\"vc_column-inner\"><div class=\"wpb_wrapper\">\n\t<div  class=\"wpb_single_image wpb_content_element vc_align_left wpb_content_element\">\n\t\t\n\t\t<figure class=\"wpb_wrapper vc_figure\">\n\t\t\t<div class=\"vc_single_image-wrapper\"><img fetchpriority=\"high\" decoding=\"async\" width=\"2560\" height=\"1708\" src=\"https:\/\/ahorn-camp.de\/wp-content\/uploads\/2021\/05\/Ahorn-Camp-Van-620-4-scaled.jpg\" class=\"vc_single_image-img attachment-full\" alt=\"Van in Natur\" title=\"Van 620\" srcset=\"https:\/\/ahorn-camp.de\/wp-content\/uploads\/2021\/05\/Ahorn-Camp-Van-620-4-scaled.jpg 2560w, https:\/\/ahorn-camp.de\/wp-content\/uploads\/2021\/05\/Ahorn-Camp-Van-620-4-300x200.jpg 300w, https:\/\/ahorn-camp.de\/wp-content\/uploads\/2021\/05\/Ahorn-Camp-Van-620-4-1024x683.jpg 1024w, https:\/\/ahorn-camp.de\/wp-content\/uploads\/2021\/05\/Ahorn-Camp-Van-620-4-768x512.jpg 768w, https:\/\/ahorn-camp.de\/wp-content\/uploads\/2021\/05\/Ahorn-Camp-Van-620-4-800x534.jpg 800w, https:\/\/ahorn-camp.de\/wp-content\/uploads\/2021\/05\/Ahorn-Camp-Van-620-4-1536x1025.jpg 1536w, https:\/\/ahorn-camp.de\/wp-content\/uploads\/2021\/05\/Ahorn-Camp-Van-620-4-2048x1366.jpg 2048w\" sizes=\"(max-width: 2560px) 100vw, 2560px\" \/><\/div>\n\t\t<\/figure>\n\t<\/div>\n<\/div><\/div><\/div><div class=\"wpb_column vc_column_container vc_col-sm-6\"><div class=\"vc_column-inner\"><div class=\"wpb_wrapper\"><h3 style=\"text-align: left\" class=\"vc_custom_heading vc_do_custom_heading\" >POBRANIA<\/h3>\n\t<div class=\"wpb_text_column wpb_content_element\" >\n\t\t<div class=\"wpb_wrapper\">\n\t\t\t<p><a href=\"https:\/\/ahorn-camp.de\/wp-content\/uploads\/2021\/05\/Tipps-fuer-Ihren-Wohnmobilurlaub-2021.pdf\">Komunikat prasowy | PDF<\/a><br \/>\n<a href=\"https:\/\/www.dropbox.com\/sh\/h0jgbhcahqnu76s\/AACB6ko6sgbn1xpcGXPvGbRfa?dl=0\">Materia\u0142y graficzne | JPEG<\/a><\/p>\n\n\t\t<\/div>\n\t<\/div>\n<h3 style=\"text-align: left\" class=\"vc_custom_heading vc_do_custom_heading\" >KONTAKT DLA MEDI\u00d3W<\/h3>\n\t<div class=\"wpb_text_column wpb_content_element\" >\n\t\t<div class=\"wpb_wrapper\">\n\t\t\t<p>Nina Lippert<br \/>\nnlippert@ahorn-camp.de<br \/>\nTel: +49 (0) 6232 10028 145<\/p>\n\n\t\t<\/div>\n\t<\/div>\n<\/div><\/div><\/div><div class=\"wpb_column vc_column_container vc_col-sm-12\"><div class=\"vc_column-inner\"><div class=\"wpb_wrapper\">\n\t<div class=\"wpb_text_column wpb_content_element\" >\n\t\t<div class=\"wpb_wrapper\">\n\t\t\t<p>Maj\u0105c 30 lat do\u015bwiadczenia na rynku, jeste\u015bmy specjalist\u0105 w dziedzinie wolno\u015bci na czterech ko\u0142ach i codziennie w 3 lokalizacjach oraz u 30 dealer\u00f3w Renault w ca\u0142ych Niemczech spe\u0142niamy marzenia klient\u00f3w o w\u0142asnym kamperze. Dzi\u0119ki naszemu systemowi wynajmu Ahorn Rent, umo\u017cliwiamy zainteresowanym wynajem ulubionego modelu u 60 partner\u00f3w wynajmu w ca\u0142ych Niemczech i przetestowanie tego szczeg\u00f3lnego uczucia podr\u00f3\u017cowania. Z naszymi modelami typu Van mo\u017cna podr\u00f3\u017cowa\u0107 nie tylko bardzo elastycznie i spontanicznie, ale tak\u017ce wra\u017cenia z jazdy z naszym niezawodnym podwoziem Renault s\u0105 wyj\u0105tkowe. Szczeg\u00f3lnie Van 620 jest optymalnym rozwi\u0105zaniem pomi\u0119dzy kamperem codziennego u\u017cytku a kamperem podr\u00f3\u017cnym i oferuje wystarczaj\u0105co du\u017co miejsca na przytulny wypad we dwoje lub z dzie\u0107mi. Szczeg\u00f3lna wskaz\u00f3wka na lato 2021 \u2013 Morze P\u00f3\u0142nocne. Z d\u0142ugimi pla\u017cami i dzikimi wydmami p\u00f3\u0142nocne Niemcy oferuj\u0105 szereg atrakcji dla mi\u0142o\u015bnik\u00f3w kempingu. Niezale\u017cnie od tego, czy jeste\u015b mi\u0142o\u015bnikiem natury, leniuchem, czy fanem aktywnego wypoczynku, r\u00f3\u017cnorodne mo\u017cliwo\u015bci nad Morzem P\u00f3\u0142nocnym przyci\u0105gaj\u0105 turyst\u00f3w z ca\u0142ej Europy. Aby uciec od zgie\u0142ku hoteli i elastycznie zmienia\u0107 miejsce pobytu, kamper jest idealnym towarzyszem podr\u00f3\u017cy.<\/p>\n\n\t\t<\/div>\n\t<\/div>\n<\/div><\/div><\/div><\/div><div class=\"vc_row wpb_row vc_row-fluid\"><div class=\"wpb_column vc_column_container vc_col-sm-6\"><div class=\"vc_column-inner\"><div class=\"wpb_wrapper\">\n\t<div class=\"wpb_text_column wpb_content_element\" >\n\t\t<div class=\"wpb_wrapper\">\n\t\t\t<p>Dzi\u0119ki przytulnym \u0142\u00f3\u017ckom pod\u0142u\u017cnym w tylnej cz\u0119\u015bci kampera 620 nie ma potrzeby codziennej przebudowy. Jedynie drugie \u0142\u00f3\u017cko w przedniej cz\u0119\u015bci kampera wymaga kilku prostych ruch\u00f3w do przekszta\u0142cenia z miejsca do siedzenia w miejsce do spania. Dzi\u0119ki licznym szafkom i mo\u017cliwo\u015bciom przechowywania kamper nie ust\u0119puje kamperowi pod wzgl\u0119dem przestrzeni, a dzi\u0119ki zmniejszonej masie ca\u0142kowitej oferuje jeszcze wi\u0119ksze mo\u017cliwo\u015bci transportu baga\u017cu.<\/p>\n<p>Kolejnym punktem obowi\u0105zkowym na tegorocznej li\u015bcie powinna by\u0107 Toskania. Raj dla kempingu autonomicznego. Dzi\u0119ki licznym miejscom postojowym mo\u017cesz sp\u0119dzi\u0107 wiele dni z Vanem 620 bez konieczno\u015bci korzystania z kempingu. 100-litrowy zbiornik na wod\u0119, w pe\u0142ni wyposa\u017cona kuchnia i przestronna \u0142azienka oferuj\u0105 wszystko, czego potrzeba na kilka niezak\u0142\u00f3conych dni. Nawet je\u015bli musisz wyruszy\u0107 po \u015bwie\u017ce produkty pomimo 70-litrowej lod\u00f3wki kompresorowej, Van jest zawsze gotowy do jazdy. Krzes\u0142a kempingowe do \u015brodka, markiza zwini\u0119ta i w drog\u0119. Toskania przyci\u0105ga wielu podr\u00f3\u017cnik\u00f3w, zw\u0142aszcza ze wzgl\u0119du na swoj\u0105 kuchni\u0119. Tutaj r\u00f3wnie\u017c wiele tawern, restauracji i sklep\u00f3w z pami\u0105tkami zosta\u0142o ponownie otwartych.<\/p>\n<p>Dzi\u0119ki swoim 6,20 m kamper jest na tyle zwrotny, \u017ce nic nie stoi na przeszkodzie nawet podczas miejskiego wyjazdu w w\u0105skie uliczki. Warto tu wspomnie\u0107 zw\u0142aszcza o Mediolanie, Zurychu czy Lyonie. Kamperem dotr\u0105 Pa\u0144stwo na miejsce w ci\u0105gu zaledwie kilku godzin, mog\u0105 Pa\u0144stwo przenocowa\u0107 na obrze\u017cach miasta i w ci\u0105gu dnia zwiedza\u0107 atrakcje.<\/p>\n\n\t\t<\/div>\n\t<\/div>\n<\/div><\/div><\/div><div class=\"wpb_column vc_column_container vc_col-sm-6\"><div class=\"vc_column-inner\"><div class=\"wpb_wrapper\">\n\t<div  class=\"wpb_single_image wpb_content_element vc_align_left wpb_content_element\">\n\t\t\n\t\t<figure class=\"wpb_wrapper vc_figure\">\n\t\t\t<div class=\"vc_single_image-wrapper\"><img decoding=\"async\" width=\"1200\" height=\"960\" src=\"https:\/\/ahorn-camp.de\/wp-content\/uploads\/2021\/05\/Van-620.jpg\" class=\"vc_single_image-img attachment-full\" alt=\"\u0141\u00f3\u017cka pod\u0142u\u017cne z du\u017c\u0105 powierzchni\u0105 do le\u017cenia\" title=\"Van 620\" srcset=\"https:\/\/ahorn-camp.de\/wp-content\/uploads\/2021\/05\/Van-620.jpg 1200w, https:\/\/ahorn-camp.de\/wp-content\/uploads\/2021\/05\/Van-620-300x240.jpg 300w, https:\/\/ahorn-camp.de\/wp-content\/uploads\/2021\/05\/Van-620-1024x819.jpg 1024w, https:\/\/ahorn-camp.de\/wp-content\/uploads\/2021\/05\/Van-620-768x614.jpg 768w, https:\/\/ahorn-camp.de\/wp-content\/uploads\/2021\/05\/Van-620-750x600.jpg 750w, https:\/\/ahorn-camp.de\/wp-content\/uploads\/2021\/05\/Van-620-800x640.jpg 800w\" sizes=\"(max-width: 1200px) 100vw, 1200px\" \/><\/div>\n\t\t<\/figure>\n\t<\/div>\n<\/div><\/div><\/div><\/div><div class=\"vc_row wpb_row vc_row-fluid\"><div class=\"wpb_column vc_column_container vc_col-sm-12\"><div class=\"vc_column-inner\"><div class=\"wpb_wrapper\">\n\t<div class=\"wpb_text_column wpb_content_element\" >\n\t\t<div class=\"wpb_wrapper\">\n\t\t\t<p>Wykorzystaj to lato, aby nieco lepiej pozna\u0107 najpi\u0119kniejsze zak\u0105tki Europy. Niezale\u017cnie od tego, czy planujesz wycieczk\u0119 do miasta, wakacje na pla\u017cy, czy wypraw\u0119 na \u0142ono natury \u2013 van Ahorn Camp 620 b\u0119dzie idealnym towarzyszem podr\u00f3\u017cy!<\/p>\n\n\t\t<\/div>\n\t<\/div>\n<\/div><\/div><\/div><\/div>\n<\/div>","protected":false},"excerpt":{"rendered":"<p>Nie tylko w Niemczech sytuacja z dnia na dzie\u0144 si\u0119 poprawia, ale tak\u017ce w niekt\u00f3rych krajach s\u0105siednich od kilku tygodni zn\u00f3w o\u017cy\u0142o \u017cycie kempingowe. Zebrali\u015bmy kilka wskaz\u00f3wek na wakacje pod namiotem z VANem 620 latem 2021. <\/p>","protected":false},"author":2,"featured_media":11967,"comment_status":"closed","ping_status":"closed","sticky":false,"template":"","format":"standard","meta":{"content-type":"","footnotes":""},"categories":[277],"tags":[],"class_list":["post-11951","post","type-post","status-publish","format-standard","has-post-thumbnail","hentry","category-pressemitteilungen"],"yoast_head":"<!-- This site is optimized with the Yoast SEO plugin v28.4 - https:\/\/yoast.com\/product\/yoast-seo-wordpress\/ -->\n<title>Tipps f\u00fcr Ihren Wohnmobilurlaub<\/title>\n<meta name=\"description\" content=\"Hier erf\u00e4hrst du praxisnahe Tipps und Tricks f\u00fcr den Reisemobilurlaub 2021 und den perfekten Sommer. Schauen Sie rein!\" \/>\n<meta name=\"robots\" content=\"index, follow, max-snippet:-1, max-image-preview:large, max-video-preview:-1\" \/>\n<link rel=\"canonical\" href=\"https:\/\/ahorn-camp.de\/pl\/wakacje-2021\/\" \/>\n<meta property=\"og:locale\" content=\"pl_PL\" \/>\n<meta property=\"og:type\" content=\"article\" \/>\n<meta property=\"og:title\" content=\"Tipps f\u00fcr Ihren Wohnmobilurlaub\" \/>\n<meta property=\"og:description\" content=\"Hier erf\u00e4hrst du praxisnahe Tipps und Tricks f\u00fcr den Reisemobilurlaub 2021 und den perfekten Sommer. Schauen Sie rein!\" \/>\n<meta property=\"og:url\" content=\"https:\/\/ahorn-camp.de\/pl\/wakacje-2021\/\" \/>\n<meta property=\"og:site_name\" content=\"Ahorn Camp | Reisemobile und Kastenwagen\" \/>\n<meta property=\"article:publisher\" content=\"https:\/\/www.facebook.com\/ahorn.wohnmobile\/\" \/>\n<meta property=\"article:published_time\" content=\"2021-05-31T09:28:15+00:00\" \/>\n<meta property=\"article:modified_time\" content=\"2024-02-19T14:14:46+00:00\" \/>\n<meta property=\"og:image\" content=\"https:\/\/ahorn-camp.de\/wp-content\/uploads\/2021\/05\/Van-620-1.jpg\" \/>\n\t<meta property=\"og:image:width\" content=\"1200\" \/>\n\t<meta property=\"og:image:height\" content=\"676\" \/>\n\t<meta property=\"og:image:type\" content=\"image\/jpeg\" \/>\n<meta name=\"author\" content=\"ahorn_admin\" \/>\n<meta name=\"twitter:card\" content=\"summary_large_image\" \/>\n<meta name=\"twitter:label1\" content=\"Napisane przez\" \/>\n\t<meta name=\"twitter:data1\" content=\"ahorn_admin\" \/>\n\t<meta name=\"twitter:label2\" content=\"Szacowany czas czytania\" \/>\n\t<meta name=\"twitter:data2\" content=\"4 minuty\" \/>\n<script type=\"application\/ld+json\" class=\"yoast-schema-graph\">{\"@context\":\"https:\\\/\\\/schema.org\",\"@graph\":[{\"@type\":\"Article\",\"@id\":\"https:\\\/\\\/ahorn-camp.de\\\/sommerurlaub-2021\\\/#article\",\"isPartOf\":{\"@id\":\"https:\\\/\\\/ahorn-camp.de\\\/sommerurlaub-2021\\\/\"},\"author\":{\"name\":\"ahorn_admin\",\"@id\":\"https:\\\/\\\/ahorn-camp.de\\\/#\\\/schema\\\/person\\\/9b60761ba82d5cb8e6db215a88925044\"},\"headline\":\"Tipps f\u00fcr Ihren Wohnmobilurlaub\",\"datePublished\":\"2021-05-31T09:28:15+00:00\",\"dateModified\":\"2024-02-19T14:14:46+00:00\",\"mainEntityOfPage\":{\"@id\":\"https:\\\/\\\/ahorn-camp.de\\\/sommerurlaub-2021\\\/\"},\"wordCount\":658,\"publisher\":{\"@id\":\"https:\\\/\\\/ahorn-camp.de\\\/#organization\"},\"image\":{\"@id\":\"https:\\\/\\\/ahorn-camp.de\\\/sommerurlaub-2021\\\/#primaryimage\"},\"thumbnailUrl\":\"https:\\\/\\\/ahorn-camp.de\\\/wp-content\\\/uploads\\\/2021\\\/05\\\/Van-620-1.jpg\",\"articleSection\":[\"Pressemitteilungen\"],\"inLanguage\":\"pl-PL\"},{\"@type\":\"WebPage\",\"@id\":\"https:\\\/\\\/ahorn-camp.de\\\/sommerurlaub-2021\\\/\",\"url\":\"https:\\\/\\\/ahorn-camp.de\\\/sommerurlaub-2021\\\/\",\"name\":\"Tipps f\u00fcr Ihren Wohnmobilurlaub\",\"isPartOf\":{\"@id\":\"https:\\\/\\\/ahorn-camp.de\\\/#website\"},\"primaryImageOfPage\":{\"@id\":\"https:\\\/\\\/ahorn-camp.de\\\/sommerurlaub-2021\\\/#primaryimage\"},\"image\":{\"@id\":\"https:\\\/\\\/ahorn-camp.de\\\/sommerurlaub-2021\\\/#primaryimage\"},\"thumbnailUrl\":\"https:\\\/\\\/ahorn-camp.de\\\/wp-content\\\/uploads\\\/2021\\\/05\\\/Van-620-1.jpg\",\"datePublished\":\"2021-05-31T09:28:15+00:00\",\"dateModified\":\"2024-02-19T14:14:46+00:00\",\"description\":\"Hier erf\u00e4hrst du praxisnahe Tipps und Tricks f\u00fcr den Reisemobilurlaub 2021 und den perfekten Sommer. Schauen Sie rein!\",\"breadcrumb\":{\"@id\":\"https:\\\/\\\/ahorn-camp.de\\\/sommerurlaub-2021\\\/#breadcrumb\"},\"inLanguage\":\"pl-PL\",\"potentialAction\":[{\"@type\":\"ReadAction\",\"target\":[\"https:\\\/\\\/ahorn-camp.de\\\/sommerurlaub-2021\\\/\"]}]},{\"@type\":\"ImageObject\",\"inLanguage\":\"pl-PL\",\"@id\":\"https:\\\/\\\/ahorn-camp.de\\\/sommerurlaub-2021\\\/#primaryimage\",\"url\":\"https:\\\/\\\/ahorn-camp.de\\\/wp-content\\\/uploads\\\/2021\\\/05\\\/Van-620-1.jpg\",\"contentUrl\":\"https:\\\/\\\/ahorn-camp.de\\\/wp-content\\\/uploads\\\/2021\\\/05\\\/Van-620-1.jpg\",\"width\":1200,\"height\":676},{\"@type\":\"BreadcrumbList\",\"@id\":\"https:\\\/\\\/ahorn-camp.de\\\/sommerurlaub-2021\\\/#breadcrumb\",\"itemListElement\":[{\"@type\":\"ListItem\",\"position\":1,\"name\":\"Startseite\",\"item\":\"https:\\\/\\\/ahorn-camp.de\\\/\"},{\"@type\":\"ListItem\",\"position\":2,\"name\":\"Tipps f\u00fcr Ihren Wohnmobilurlaub\"}]},{\"@type\":\"WebSite\",\"@id\":\"https:\\\/\\\/ahorn-camp.de\\\/#website\",\"url\":\"https:\\\/\\\/ahorn-camp.de\\\/\",\"name\":\"Ahorn Camp | Reisemobile und Kastenwagen\",\"description\":\"Seit \u00fcber 30 Jahren vermarktet das Familienunternehmen, Ahorn Camp in Speyer, erfolgreich Wohnmobile und Kastenwagen zum besten Preis-Leistungsverh\u00e4ltnis.\",\"publisher\":{\"@id\":\"https:\\\/\\\/ahorn-camp.de\\\/#organization\"},\"potentialAction\":[{\"@type\":\"SearchAction\",\"target\":{\"@type\":\"EntryPoint\",\"urlTemplate\":\"https:\\\/\\\/ahorn-camp.de\\\/?s={search_term_string}\"},\"query-input\":{\"@type\":\"PropertyValueSpecification\",\"valueRequired\":true,\"valueName\":\"search_term_string\"}}],\"inLanguage\":\"pl-PL\"},{\"@type\":\"Organization\",\"@id\":\"https:\\\/\\\/ahorn-camp.de\\\/#organization\",\"name\":\"Ahorn Camp GmbH & Co. KG\",\"url\":\"https:\\\/\\\/ahorn-camp.de\\\/\",\"logo\":{\"@type\":\"ImageObject\",\"inLanguage\":\"pl-PL\",\"@id\":\"https:\\\/\\\/ahorn-camp.de\\\/#\\\/schema\\\/logo\\\/image\\\/\",\"url\":\"https:\\\/\\\/ahorn-camp.de\\\/wp-content\\\/uploads\\\/2018\\\/12\\\/Ahorn_Logo.jpg\",\"contentUrl\":\"https:\\\/\\\/ahorn-camp.de\\\/wp-content\\\/uploads\\\/2018\\\/12\\\/Ahorn_Logo.jpg\",\"width\":1437,\"height\":1000,\"caption\":\"Ahorn Camp GmbH & Co. KG\"},\"image\":{\"@id\":\"https:\\\/\\\/ahorn-camp.de\\\/#\\\/schema\\\/logo\\\/image\\\/\"},\"sameAs\":[\"https:\\\/\\\/www.facebook.com\\\/ahorn.wohnmobile\\\/\",\"https:\\\/\\\/www.instagram.com\\\/ahorn.camp\\\/\",\"https:\\\/\\\/www.youtube.com\\\/channel\\\/UCPFbPCts1JJ_A1k9vyH0yOQ\"]},{\"@type\":\"Person\",\"@id\":\"https:\\\/\\\/ahorn-camp.de\\\/#\\\/schema\\\/person\\\/9b60761ba82d5cb8e6db215a88925044\",\"name\":\"ahorn_admin\",\"image\":{\"@type\":\"ImageObject\",\"inLanguage\":\"pl-PL\",\"@id\":\"https:\\\/\\\/secure.gravatar.com\\\/avatar\\\/d96b9a078083b0c14cee48589feadd939c3cdd66547e2f3f1569470371daaaa5?s=96&d=mm&r=g\",\"url\":\"https:\\\/\\\/secure.gravatar.com\\\/avatar\\\/d96b9a078083b0c14cee48589feadd939c3cdd66547e2f3f1569470371daaaa5?s=96&d=mm&r=g\",\"contentUrl\":\"https:\\\/\\\/secure.gravatar.com\\\/avatar\\\/d96b9a078083b0c14cee48589feadd939c3cdd66547e2f3f1569470371daaaa5?s=96&d=mm&r=g\",\"caption\":\"ahorn_admin\"},\"sameAs\":[\"http:\\\/\\\/Ahorn%20Camp\"],\"url\":\"https:\\\/\\\/ahorn-camp.de\\\/pl\\\/author\\\/ahorn_admin\\\/\"}]}<\/script>\n<!-- \/ Yoast SEO plugin. -->","yoast_head_json":{"title":"Wskaz\u00f3wki dotycz\u0105ce wakacji kamperem","description":"Tutaj znajdziesz praktyczne wskaz\u00f3wki i triki na wakacje kamperem w 2021 roku oraz idealne lato. Zajrzyj!","robots":{"index":"index","follow":"follow","max-snippet":"max-snippet:-1","max-image-preview":"max-image-preview:large","max-video-preview":"max-video-preview:-1"},"canonical":"https:\/\/ahorn-camp.de\/pl\/wakacje-2021\/","og_locale":"pl_PL","og_type":"article","og_title":"Tipps f\u00fcr Ihren Wohnmobilurlaub","og_description":"Hier erf\u00e4hrst du praxisnahe Tipps und Tricks f\u00fcr den Reisemobilurlaub 2021 und den perfekten Sommer. Schauen Sie rein!","og_url":"https:\/\/ahorn-camp.de\/pl\/wakacje-2021\/","og_site_name":"Ahorn Camp | Reisemobile und Kastenwagen","article_publisher":"https:\/\/www.facebook.com\/ahorn.wohnmobile\/","article_published_time":"2021-05-31T09:28:15+00:00","article_modified_time":"2024-02-19T14:14:46+00:00","og_image":[{"width":1200,"height":676,"url":"https:\/\/ahorn-camp.de\/wp-content\/uploads\/2021\/05\/Van-620-1.jpg","type":"image\/jpeg"}],"author":"ahorn_admin","twitter_card":"summary_large_image","twitter_misc":{"Napisane przez":"ahorn_admin","Szacowany czas czytania":"4 minuty"},"schema":{"@context":"https:\/\/schema.org","@graph":[{"@type":"Article","@id":"https:\/\/ahorn-camp.de\/sommerurlaub-2021\/#article","isPartOf":{"@id":"https:\/\/ahorn-camp.de\/sommerurlaub-2021\/"},"author":{"name":"ahorn_admin","@id":"https:\/\/ahorn-camp.de\/#\/schema\/person\/9b60761ba82d5cb8e6db215a88925044"},"headline":"Tipps f\u00fcr Ihren Wohnmobilurlaub","datePublished":"2021-05-31T09:28:15+00:00","dateModified":"2024-02-19T14:14:46+00:00","mainEntityOfPage":{"@id":"https:\/\/ahorn-camp.de\/sommerurlaub-2021\/"},"wordCount":658,"publisher":{"@id":"https:\/\/ahorn-camp.de\/#organization"},"image":{"@id":"https:\/\/ahorn-camp.de\/sommerurlaub-2021\/#primaryimage"},"thumbnailUrl":"https:\/\/ahorn-camp.de\/wp-content\/uploads\/2021\/05\/Van-620-1.jpg","articleSection":["Pressemitteilungen"],"inLanguage":"pl-PL"},{"@type":"WebPage","@id":"https:\/\/ahorn-camp.de\/sommerurlaub-2021\/","url":"https:\/\/ahorn-camp.de\/sommerurlaub-2021\/","name":"Wskaz\u00f3wki dotycz\u0105ce wakacji kamperem","isPartOf":{"@id":"https:\/\/ahorn-camp.de\/#website"},"primaryImageOfPage":{"@id":"https:\/\/ahorn-camp.de\/sommerurlaub-2021\/#primaryimage"},"image":{"@id":"https:\/\/ahorn-camp.de\/sommerurlaub-2021\/#primaryimage"},"thumbnailUrl":"https:\/\/ahorn-camp.de\/wp-content\/uploads\/2021\/05\/Van-620-1.jpg","datePublished":"2021-05-31T09:28:15+00:00","dateModified":"2024-02-19T14:14:46+00:00","description":"Tutaj znajdziesz praktyczne wskaz\u00f3wki i triki na wakacje kamperem w 2021 roku oraz idealne lato. Zajrzyj!","breadcrumb":{"@id":"https:\/\/ahorn-camp.de\/sommerurlaub-2021\/#breadcrumb"},"inLanguage":"pl-PL","potentialAction":[{"@type":"ReadAction","target":["https:\/\/ahorn-camp.de\/sommerurlaub-2021\/"]}]},{"@type":"ImageObject","inLanguage":"pl-PL","@id":"https:\/\/ahorn-camp.de\/sommerurlaub-2021\/#primaryimage","url":"https:\/\/ahorn-camp.de\/wp-content\/uploads\/2021\/05\/Van-620-1.jpg","contentUrl":"https:\/\/ahorn-camp.de\/wp-content\/uploads\/2021\/05\/Van-620-1.jpg","width":1200,"height":676},{"@type":"BreadcrumbList","@id":"https:\/\/ahorn-camp.de\/sommerurlaub-2021\/#breadcrumb","itemListElement":[{"@type":"ListItem","position":1,"name":"Startseite","item":"https:\/\/ahorn-camp.de\/"},{"@type":"ListItem","position":2,"name":"Tipps f\u00fcr Ihren Wohnmobilurlaub"}]},{"@type":"WebSite","@id":"https:\/\/ahorn-camp.de\/#website","url":"https:\/\/ahorn-camp.de\/","name":"Ahorn Camp | Kampery i samochody dostawcze","description":"Od ponad 30 lat rodzinna firma Ahorn Camp z siedzib\u0105 w Speyer z powodzeniem zajmuje si\u0119 sprzeda\u017c\u0105 kamper\u00f3w i samochod\u00f3w dostawczych o najlepszym stosunku ceny do jako\u015bci.","publisher":{"@id":"https:\/\/ahorn-camp.de\/#organization"},"potentialAction":[{"@type":"SearchAction","target":{"@type":"EntryPoint","urlTemplate":"https:\/\/ahorn-camp.de\/?s={search_term_string}"},"query-input":{"@type":"PropertyValueSpecification","valueRequired":true,"valueName":"search_term_string"}}],"inLanguage":"pl-PL"},{"@type":"Organization","@id":"https:\/\/ahorn-camp.de\/#organization","name":"Ahorn Camp GmbH &amp; Co. KG","url":"https:\/\/ahorn-camp.de\/","logo":{"@type":"ImageObject","inLanguage":"pl-PL","@id":"https:\/\/ahorn-camp.de\/#\/schema\/logo\/image\/","url":"https:\/\/ahorn-camp.de\/wp-content\/uploads\/2018\/12\/Ahorn_Logo.jpg","contentUrl":"https:\/\/ahorn-camp.de\/wp-content\/uploads\/2018\/12\/Ahorn_Logo.jpg","width":1437,"height":1000,"caption":"Ahorn Camp GmbH & Co. KG"},"image":{"@id":"https:\/\/ahorn-camp.de\/#\/schema\/logo\/image\/"},"sameAs":["https:\/\/www.facebook.com\/ahorn.wohnmobile\/","https:\/\/www.instagram.com\/ahorn.camp\/","https:\/\/www.youtube.com\/channel\/UCPFbPCts1JJ_A1k9vyH0yOQ"]},{"@type":"Person","@id":"https:\/\/ahorn-camp.de\/#\/schema\/person\/9b60761ba82d5cb8e6db215a88925044","name":"ahorn_admin","image":{"@type":"ImageObject","inLanguage":"pl-PL","@id":"https:\/\/secure.gravatar.com\/avatar\/d96b9a078083b0c14cee48589feadd939c3cdd66547e2f3f1569470371daaaa5?s=96&d=mm&r=g","url":"https:\/\/secure.gravatar.com\/avatar\/d96b9a078083b0c14cee48589feadd939c3cdd66547e2f3f1569470371daaaa5?s=96&d=mm&r=g","contentUrl":"https:\/\/secure.gravatar.com\/avatar\/d96b9a078083b0c14cee48589feadd939c3cdd66547e2f3f1569470371daaaa5?s=96&d=mm&r=g","caption":"ahorn_admin"},"sameAs":["http:\/\/Ahorn%20Camp"],"url":"https:\/\/ahorn-camp.de\/pl\/author\/ahorn_admin\/"}]}},"_links":{"self":[{"href":"https:\/\/ahorn-camp.de\/pl\/wp-json\/wp\/v2\/posts\/11951","targetHints":{"allow":["GET"]}}],"collection":[{"href":"https:\/\/ahorn-camp.de\/pl\/wp-json\/wp\/v2\/posts"}],"about":[{"href":"https:\/\/ahorn-camp.de\/pl\/wp-json\/wp\/v2\/types\/post"}],"author":[{"embeddable":true,"href":"https:\/\/ahorn-camp.de\/pl\/wp-json\/wp\/v2\/users\/2"}],"replies":[{"embeddable":true,"href":"https:\/\/ahorn-camp.de\/pl\/wp-json\/wp\/v2\/comments?post=11951"}],"version-history":[{"count":0,"href":"https:\/\/ahorn-camp.de\/pl\/wp-json\/wp\/v2\/posts\/11951\/revisions"}],"wp:featuredmedia":[{"embeddable":true,"href":"https:\/\/ahorn-camp.de\/pl\/wp-json\/wp\/v2\/media\/11967"}],"wp:attachment":[{"href":"https:\/\/ahorn-camp.de\/pl\/wp-json\/wp\/v2\/media?parent=11951"}],"wp:term":[{"taxonomy":"category","embeddable":true,"href":"https:\/\/ahorn-camp.de\/pl\/wp-json\/wp\/v2\/categories?post=11951"},{"taxonomy":"post_tag","embeddable":true,"href":"https:\/\/ahorn-camp.de\/pl\/wp-json\/wp\/v2\/tags?post=11951"}],"curies":[{"name":"wp","href":"https:\/\/api.w.org\/{rel}","templated":true}]}}