{"id":11559,"date":"2021-04-13T16:52:48","date_gmt":"2021-04-13T14:52:48","guid":{"rendered":"https:\/\/ahorn-camp.de\/?p=11559"},"modified":"2021-04-13T16:52:48","modified_gmt":"2021-04-13T14:52:48","slug":"finalista-nagrody-przedsiebiorca-roku-2","status":"publish","type":"post","link":"https:\/\/ahorn-camp.de\/pl\/ey-entrepreneur-of-the-year-finalisten-award-2\/","title":{"rendered":"EY Przedsi\u0119biorca Roku \u2013 Nagroda dla Finalisty"},"content":{"rendered":"<div class=\"wpb-content-wrapper\" id=\"wpb-content-root\"><div class=\"vc_row wpb_row vc_row-fluid\"><div class=\"wpb_column vc_column_container vc_col-sm-12\"><div class=\"vc_column-inner\"><div class=\"wpb_wrapper\">\n\t<div class=\"wpb_text_column wpb_content_element\" >\n\t\t<div class=\"wpb_wrapper\">\n\t\t\t<p><strong>Od 24 lat EY wyr\u00f3\u017cnia wybitnych przedsi\u0119biorc\u00f3w, dla kt\u00f3rych odwaga, dalekowzroczno\u015b\u0107 i determinacja s\u0105 kluczowymi warto\u015bciami. W tym roku do grona 19 finalist\u00f3w trafi\u0142 nasz dyrektor zarz\u0105dzaj\u0105cy Alexander Reichmann. Relacjonujemy uroczyste wr\u0119czenie nagrody dla finalisty.<\/strong><\/p>\n\n\t\t<\/div>\n\t<\/div>\n<div class=\"vc_row wpb_row vc_inner vc_row-fluid\"><div class=\"wpb_column vc_column_container vc_col-sm-6\"><div class=\"vc_column-inner\"><div class=\"wpb_wrapper\">\n\t<div class=\"wpb_text_column wpb_content_element\" >\n\t\t<div class=\"wpb_wrapper\">\n\t\t\t<p>\u201eJe\u015bli w przysz\u0142o\u015bci kto\u015b zapyta mnie, co oznacza przedsi\u0119biorczo\u015b\u0107, wy\u015bl\u0119 go do Speyer, do Ahorn Camp\u201c. W ten spos\u00f3b Rolf Piechowitz, starszy mened\u017cer ds. relacji z klientami w LGT Bank AG, chwali przem\u00f3wienie Alexandra Reichmanna wyg\u0142oszone podczas wr\u0119czenia nagrody dla finalist\u00f3w w naszej siedzibie g\u0142\u00f3wnej w Speyer. W\u0142a\u015bnie z tego powodu nasz dyrektor zarz\u0105dzaj\u0105cy, Alexander Reichmann, znalaz\u0142 si\u0119 w\u015br\u00f3d 19 finalist\u00f3w konkursu \u201eEntrepreneur Of The Year 2020\u201c organizowanego przez EY. Duch przedsi\u0119biorczo\u015bci, determinacja i oczywi\u015bcie zesp\u00f3\u0142, kt\u00f3ry stale si\u0119 powi\u0119ksza, dzia\u0142a sprawnie i elastycznie dostosowuje si\u0119 do dynamicznych warunk\u00f3w otoczenia. Doceni\u0142a to r\u00f3wnie\u017c dzia\u0142aj\u0105ca na ca\u0142ym \u015bwiecie sie\u0107 EY, kt\u00f3ra co roku wyr\u00f3\u017cnia przedsi\u0119biorc\u00f3w za ich wyj\u0105tkowe osi\u0105gni\u0119cia. Jeste\u015bmy dumni, \u017ce mo\u017cemy by\u0107 cz\u0119\u015bci\u0105 tego wydarzenia. Dlatego 29 wrze\u015bnia 2020 r. w w\u0105skim, ale uroczystym gronie \u015bwi\u0119towali\u015bmy wr\u0119czenie tej honorowej nagrody Alexanderowi Reichmannowi. W tym miejscu pragniemy podzi\u0119kowa\u0107 panu Grathwolowi i pani Kremer z EY, a tak\u017ce wszystkim go\u015bciom, kt\u00f3rzy wsp\u00f3lnie z nami \u015bwi\u0119towali ten sukces.<\/p>\n<p>Ten rok by\u0142 r\u00f3wnie\u017c naznaczony nieoczekiwanymi zmianami i przeszkodami. Pan Reichmann w swoim przem\u00f3wieniu wspomina o du\u017cym popycie na produkt, jakim s\u0105 kampery, kt\u00f3ry ro\u015bnie od lat, a szczeg\u00f3lnie w tym roku, ale tak\u017ce o wyzwaniach, jakie si\u0119 z tym wi\u0105\u017c\u0105 dla bran\u017cy. Zmienione warunki tego roku da\u0142y nam now\u0105 si\u0142\u0119, przyspieszy\u0142y zmiany i zmieni\u0142y nasz\u0105 strategi\u0119. \u201eTym bardziej jeste\u015bmy wdzi\u0119czni za mo\u017cliwo\u015b\u0107 wykorzystania tej chwili, aby ponownie zda\u0107 sobie spraw\u0119 z tego, co w tym roku osi\u0105gn\u0119li\u015bmy. I jak wspania\u0142y produkt sprzedajemy dzi\u0119ki fantastycznemu zespo\u0142owi\u201c \u2013 powiedzia\u0142 Alexander Reichmann. Jest on r\u00f3wnie\u017c wdzi\u0119czny swojemu obecnemu ojcu, Joachimowi Reichmannowi, za przekazanie mu tej odpowiedzialno\u015bci i mo\u017cliwo\u015bci.<\/p>\n<p>Otrzymanie nagrody Finalisten i wpisanie si\u0119 na list\u0119 znamienitych nazwisk niemieckich przedsi\u0119biorc\u00f3w to wielki zaszczyt. 22.10.2020 odb\u0119dzie si\u0119 wielka presti\u017cowa og\u00f3lnokrajowa gala wr\u0119czenia nagr\u00f3d online, podczas kt\u00f3rej zostanie wy\u0142oniony zwyci\u0119zca. R\u00f3wnie\u017c na to czekamy z niecierpliwo\u015bci\u0105 i jeste\u015bmy ciekawi, kto oka\u017ce si\u0119 najlepszy spo\u015br\u00f3d 18 pozosta\u0142ych finalist\u00f3w.<\/p>\n\n\t\t<\/div>\n\t<\/div>\n<\/div><\/div><\/div><div class=\"wpb_column vc_column_container vc_col-sm-6\"><div class=\"vc_column-inner\"><div class=\"wpb_wrapper\">\n\t<div  class=\"wpb_single_image wpb_content_element vc_align_center wpb_content_element\">\n\t\t\n\t\t<figure class=\"wpb_wrapper vc_figure\">\n\t\t\t<div class=\"vc_single_image-wrapper\"><img fetchpriority=\"high\" decoding=\"async\" width=\"1024\" height=\"683\" src=\"https:\/\/ahorn-camp.de\/wp-content\/uploads\/2020\/10\/Ahorn-Camp-EY-Alexander-Reichmann_small-1-1024x683.jpg\" class=\"vc_single_image-img attachment-large\" alt=\"Aleksander Reichmann\" title=\"Ahorn Camp EY Alexander Reichmann_small\" srcset=\"https:\/\/ahorn-camp.de\/wp-content\/uploads\/2020\/10\/Ahorn-Camp-EY-Alexander-Reichmann_small-1-1024x683.jpg 1024w, https:\/\/ahorn-camp.de\/wp-content\/uploads\/2020\/10\/Ahorn-Camp-EY-Alexander-Reichmann_small-1-300x200.jpg 300w, https:\/\/ahorn-camp.de\/wp-content\/uploads\/2020\/10\/Ahorn-Camp-EY-Alexander-Reichmann_small-1-768x512.jpg 768w, https:\/\/ahorn-camp.de\/wp-content\/uploads\/2020\/10\/Ahorn-Camp-EY-Alexander-Reichmann_small-1-800x533.jpg 800w, https:\/\/ahorn-camp.de\/wp-content\/uploads\/2020\/10\/Ahorn-Camp-EY-Alexander-Reichmann_small-1.jpg 1200w\" sizes=\"(max-width: 1024px) 100vw, 1024px\" \/><\/div>\n\t\t<\/figure>\n\t<\/div>\n<h3 style=\"color: #1e73be;text-align: justify\" class=\"vc_custom_heading vc_do_custom_heading\" >POBOCIA<\/h3>\n\t<div class=\"wpb_text_column wpb_content_element\" >\n\t\t<div class=\"wpb_wrapper\">\n\t\t\t<p><a href=\"https:\/\/ahorn-camp.de\/wp-content\/uploads\/2020\/10\/Pressemitteilung-Ahorn-Camp-EY-Award-Alexander-Reichmann-1.pdf\">Komunikat prasowy | PDF\u00a0<\/a><br \/>\n<a href=\"https:\/\/www.dropbox.com\/sh\/zukvl9ff3zcqi1t\/AADRvwk7NUJicgl8df9XgAe8a?dl=0\">Materia\u0142y obrazkowe | ZIP<\/a><\/p>\n\n\t\t<\/div>\n\t<\/div>\n<div class=\"vc_separator wpb_content_element vc_separator_align_center vc_sep_border_width_1 vc_sep_pos_align_center vc_separator_no_text wpb_content_element  wpb_content_element\"   style=\"width: 100%;\"><span class=\"vc_sep_holder vc_sep_holder_l\"><span class=\"vc_sep_line\"><\/span><\/span><span class=\"vc_sep_holder vc_sep_holder_r\"><span class=\"vc_sep_line\"><\/span><\/span>\n<\/div><h3 style=\"color: #1e73be;text-align: left\" class=\"vc_custom_heading vc_do_custom_heading\" >KONTAKT DLA MEDI\u00d3W<\/h3>\n\t<div class=\"wpb_text_column wpb_content_element\" >\n\t\t<div class=\"wpb_wrapper\">\n\t\t\t<p>Franciszka Reichmann<br \/>\nfreichmann@ahorn-camp.de<br \/>\nTel: 06232 100 28 115<\/p>\n\n\t\t<\/div>\n\t<\/div>\n<\/div><\/div><\/div><\/div><\/div><\/div><\/div><\/div><div class=\"vc_row wpb_row vc_row-fluid\"><div class=\"wpb_column vc_column_container vc_col-sm-12\"><div class=\"vc_column-inner\"><div class=\"wpb_wrapper\"><div class=\"vc_empty_space\"   style=\"height: 32px\"><span class=\"vc_empty_space_inner\"><\/span><\/div><div class=\"vc_separator wpb_content_element vc_separator_align_center vc_sep_border_width_1 vc_sep_pos_align_center vc_separator_no_text wpb_content_element  wpb_content_element\"   style=\"width: 100%;\"><span class=\"vc_sep_holder vc_sep_holder_l\"><span class=\"vc_sep_line\"><\/span><\/span><span class=\"vc_sep_holder vc_sep_holder_r\"><span class=\"vc_sep_line\"><\/span><\/span>\n<\/div>\n\t<div class=\"wpb_text_column wpb_content_element\" >\n\t\t<div class=\"wpb_wrapper\">\n\t\t\t<h4>O firmie Ahorn Camp i Alexandrze Reichmannie jako dyrektorze generalnym<\/h4>\n<p>Firma Ahorn Wohnmobile GmbH zosta\u0142a za\u0142o\u017cona w 1991 roku w gminie Ahorn w regionie Odenwald przez in\u017cyniera i inwestora Joachima Reichmanna. Od tego czasu charakterystycznym znakiem firmy jest li\u015b\u0107 klonu z sylwetk\u0105 kampera. Firma szybko si\u0119 rozwija\u0142a i sta\u0142a si\u0119 g\u0142\u00f3wnym importerem na rynek niemiecki kilku znacz\u0105cych w\u0142oskich marek kamper\u00f3w. Z powod\u00f3w osobistych Joachim Reichmann, a tym samym firma Ahorn, zawiesili dzia\u0142alno\u015b\u0107 operacyjn\u0105 w 2006 roku do 2013 roku.<br \/>\nAlexander Reichmann, kt\u00f3ry zda\u0142 matur\u0119 w Rzymie, po studiach z zakresu biznesu mi\u0119dzynarodowego pracowa\u0142 w firmie Fiat we Frankfurcie nad Menem. W 2013 roku do\u0142\u0105czy\u0142 do rodzinnej firmy, pocz\u0105tkowo jako jedyny pracownik, a w kolejnych latach jako szef sprzeda\u017cy. W 2017 roku przej\u0105\u0142 kierownictwo firmy.<\/p>\n<p>Dzi\u0119ki systemowi sprzeda\u017cy opartemu na 3 w\u0142asnych oddzia\u0142ach oraz synergii z handlem samochodami Renault, a tak\u017ce uruchomieniu w\u0142asnego systemu wynajmu Ahorn Rent, obroty ros\u0142y z roku na rok w szybkim tempie. Rozwijany jest tak\u017ce dynamiczny, m\u0142ody marketing, kt\u00f3ry uwzgl\u0119dnia du\u017ce wymagania zwi\u0105zane z podr\u00f3\u017cowaniem: elastyczno\u015b\u0107, niezale\u017cno\u015b\u0107 i zr\u00f3wnowa\u017cony rozw\u00f3j. W tym roku zosta\u0142o to po raz czwarty nagrodzone tytu\u0142em \u201eFocus Wachstumschampion\u201d.<br \/>\nObecnie firma Ahorn posiada 3 oddzia\u0142y w Niemczech: siedzib\u0119 g\u0142\u00f3wn\u0105 w Spirze, oddzia\u0142 sprzeda\u017cy w M\u00fclheim nad Ruhra oraz w Dietzenbach ko\u0142o Frankfurtu, gdzie mie\u015bci si\u0119 jeden z najwi\u0119kszych w Niemczech punkt\u00f3w Ahorn Rent. 60 pracownik\u00f3w codziennie doradza i wspiera klient\u00f3w w Spirze w ich drodze do samodzielnych podr\u00f3\u017cy kamperem.<\/p>\n<p>Do cel\u00f3w firmy nale\u017cy docieranie do nowych grup klient\u00f3w. Podczas gdy kiedy\u015b g\u0142\u00f3wnymi klientami byli tzw. \u201ebest agerzy\u201c, coraz wi\u0119cej m\u0142odych ludzi interesuje si\u0119 podr\u00f3\u017cowaniem kamperem. Wed\u0142ug Reichmanna, dzi\u015b \u201eka\u017cdy, kto zajmuje si\u0119 tematem podr\u00f3\u017cy, jest potencjalnym klientem\u201c. Kamper jest \u201elepsz\u0105 alternatyw\u0105\u201c dla wielu innych utartych sposob\u00f3w podr\u00f3\u017cowania, takich jak podr\u00f3\u017ce zorganizowane, rejsy czy podr\u00f3\u017ce samochodem osobowym. Dalsze cele to wzmocnienie warto\u015bci marki i udzia\u0142u w rynku, jak r\u00f3wnie\u017c promowanie tematyki zr\u00f3wnowa\u017conego rozwoju.<\/p>\n<p>Ahorn Camp postrzega si\u0119 dzi\u015b jako przedsi\u0119biorstwo \u0142\u0105cz\u0105ce tradycj\u0119 z nowoczesno\u015bci\u0105, charakteryzuj\u0105ce si\u0119 m\u0142odym i dynamicznym zespo\u0142em, kt\u00f3re z optymizmem patrzy w przysz\u0142o\u015b\u0107 \u2013 maj\u0105c ambicje dalszego rozwoju.<\/p>\n\n\t\t<\/div>\n\t<\/div>\n<\/div><\/div><\/div><\/div><div class=\"vc_row wpb_row vc_row-fluid\"><div class=\"wpb_column vc_column_container vc_col-sm-12\"><div class=\"vc_column-inner\"><div class=\"wpb_wrapper\"><div class=\"vc_empty_space\"   style=\"height: 32px\"><span class=\"vc_empty_space_inner\"><\/span><\/div><div class=\"vc_separator wpb_content_element vc_separator_align_center vc_sep_border_width_1 vc_sep_pos_align_center vc_separator_no_text wpb_content_element  wpb_content_element\"   style=\"width: 100%;\"><span class=\"vc_sep_holder vc_sep_holder_l\"><span class=\"vc_sep_line\"><\/span><\/span><span class=\"vc_sep_holder vc_sep_holder_r\"><span class=\"vc_sep_line\"><\/span><\/span>\n<\/div>\n\t<div class=\"wpb_text_column wpb_content_element\" >\n\t\t<div class=\"wpb_wrapper\">\n\t\t\t<h4>O nagrodzie<\/h4>\n\n\t\t<\/div>\n\t<\/div>\n\n\t<div  class=\"wpb_single_image wpb_content_element vc_align_left wpb_content_element\">\n\t\t\n\t\t<figure class=\"wpb_wrapper vc_figure\">\n\t\t\t<div class=\"vc_single_image-wrapper\"><img decoding=\"async\" width=\"1242\" height=\"497\" src=\"https:\/\/ahorn-camp.de\/wp-content\/uploads\/2020\/10\/EY.jpg\" class=\"vc_single_image-img attachment-full\" alt=\"\" title=\"EY\" srcset=\"https:\/\/ahorn-camp.de\/wp-content\/uploads\/2020\/10\/EY.jpg 1242w, https:\/\/ahorn-camp.de\/wp-content\/uploads\/2020\/10\/EY-300x120.jpg 300w, https:\/\/ahorn-camp.de\/wp-content\/uploads\/2020\/10\/EY-1024x410.jpg 1024w, https:\/\/ahorn-camp.de\/wp-content\/uploads\/2020\/10\/EY-768x307.jpg 768w, https:\/\/ahorn-camp.de\/wp-content\/uploads\/2020\/10\/EY-800x320.jpg 800w\" sizes=\"(max-width: 1242px) 100vw, 1242px\" \/><\/div>\n\t\t<\/figure>\n\t<\/div>\n<\/div><\/div><\/div><\/div>\n<\/div>","protected":false},"excerpt":{"rendered":"<p>Od 24 lat EY wyr\u00f3\u017cnia wybitnych przedsi\u0119biorc\u00f3w, dla kt\u00f3rych odwaga, dalekowzroczno\u015b\u0107 i determinacja s\u0105 kluczowymi warto\u015bciami. W tym roku do grona 19 finalist\u00f3w trafi\u0142 nasz dyrektor zarz\u0105dzaj\u0105cy Alexander Reichmann. Relacjonujemy uroczyste wr\u0119czenie nagrody dla finalisty.<\/p>","protected":false},"author":2,"featured_media":10096,"comment_status":"closed","ping_status":"closed","sticky":false,"template":"","format":"standard","meta":{"content-type":"","footnotes":""},"categories":[277],"tags":[],"class_list":["post-11559","post","type-post","status-publish","format-standard","has-post-thumbnail","hentry","category-pressemitteilungen"],"yoast_head":"<!-- This site is optimized with the Yoast SEO plugin v28.4 - https:\/\/yoast.com\/product\/yoast-seo-wordpress\/ -->\n<title>EY Entrepreneur Of The Year \u2013 Finalisten Award - Ahorn Camp GmbH &amp; Co. KG<\/title>\n<meta name=\"description\" content=\"Alexander Reichmann, Gesch\u00e4ftsf\u00fchrer von Ahorn Camp, geh\u00f6rt zu den 19 Finalisten der ehernvollen Auszeichnung &quot;EY Entrepreneur Of The Year&quot;.\" \/>\n<meta name=\"robots\" content=\"index, follow, max-snippet:-1, max-image-preview:large, max-video-preview:-1\" \/>\n<link rel=\"canonical\" href=\"https:\/\/ahorn-camp.de\/pl\/finalista-nagrody-przedsiebiorca-roku-2\/\" \/>\n<meta property=\"og:locale\" content=\"pl_PL\" \/>\n<meta property=\"og:type\" content=\"article\" \/>\n<meta property=\"og:title\" content=\"EY Entrepreneur Of The Year \u2013 Finalisten Award - Ahorn Camp GmbH &amp; Co. KG\" \/>\n<meta property=\"og:description\" content=\"Alexander Reichmann, Gesch\u00e4ftsf\u00fchrer von Ahorn Camp, geh\u00f6rt zu den 19 Finalisten der ehernvollen Auszeichnung &quot;EY Entrepreneur Of The Year&quot;.\" \/>\n<meta property=\"og:url\" content=\"https:\/\/ahorn-camp.de\/pl\/finalista-nagrody-przedsiebiorca-roku-2\/\" \/>\n<meta property=\"og:site_name\" content=\"Ahorn Camp | Reisemobile und Kastenwagen\" \/>\n<meta property=\"article:publisher\" content=\"https:\/\/www.facebook.com\/ahorn.wohnmobile\/\" \/>\n<meta property=\"article:published_time\" content=\"2021-04-13T14:52:48+00:00\" \/>\n<meta property=\"og:image\" content=\"https:\/\/ahorn-camp.de\/wp-content\/uploads\/2020\/10\/EY-Entrepreneur-Of-The-Year.png\" \/>\n\t<meta property=\"og:image:width\" content=\"1200\" \/>\n\t<meta property=\"og:image:height\" content=\"600\" \/>\n\t<meta property=\"og:image:type\" content=\"image\/png\" \/>\n<meta name=\"author\" content=\"ahorn_admin\" \/>\n<meta name=\"twitter:card\" content=\"summary_large_image\" \/>\n<meta name=\"twitter:label1\" content=\"Napisane przez\" \/>\n\t<meta name=\"twitter:data1\" content=\"ahorn_admin\" \/>\n\t<meta name=\"twitter:label2\" content=\"Szacowany czas czytania\" \/>\n\t<meta name=\"twitter:data2\" content=\"4 minuty\" \/>\n<script type=\"application\/ld+json\" class=\"yoast-schema-graph\">{\"@context\":\"https:\\\/\\\/schema.org\",\"@graph\":[{\"@type\":\"Article\",\"@id\":\"https:\\\/\\\/ahorn-camp.de\\\/ey-entrepreneur-of-the-year-finalisten-award-2\\\/#article\",\"isPartOf\":{\"@id\":\"https:\\\/\\\/ahorn-camp.de\\\/ey-entrepreneur-of-the-year-finalisten-award-2\\\/\"},\"author\":{\"name\":\"ahorn_admin\",\"@id\":\"https:\\\/\\\/ahorn-camp.de\\\/#\\\/schema\\\/person\\\/9b60761ba82d5cb8e6db215a88925044\"},\"headline\":\"EY Entrepreneur Of The Year \u2013 Finalisten Award\",\"datePublished\":\"2021-04-13T14:52:48+00:00\",\"mainEntityOfPage\":{\"@id\":\"https:\\\/\\\/ahorn-camp.de\\\/ey-entrepreneur-of-the-year-finalisten-award-2\\\/\"},\"wordCount\":930,\"publisher\":{\"@id\":\"https:\\\/\\\/ahorn-camp.de\\\/#organization\"},\"image\":{\"@id\":\"https:\\\/\\\/ahorn-camp.de\\\/ey-entrepreneur-of-the-year-finalisten-award-2\\\/#primaryimage\"},\"thumbnailUrl\":\"https:\\\/\\\/ahorn-camp.de\\\/wp-content\\\/uploads\\\/2020\\\/10\\\/EY-Entrepreneur-Of-The-Year.png\",\"articleSection\":[\"Pressemitteilungen\"],\"inLanguage\":\"pl-PL\"},{\"@type\":\"WebPage\",\"@id\":\"https:\\\/\\\/ahorn-camp.de\\\/ey-entrepreneur-of-the-year-finalisten-award-2\\\/\",\"url\":\"https:\\\/\\\/ahorn-camp.de\\\/ey-entrepreneur-of-the-year-finalisten-award-2\\\/\",\"name\":\"EY Entrepreneur Of The Year \u2013 Finalisten Award - Ahorn Camp GmbH & Co. KG\",\"isPartOf\":{\"@id\":\"https:\\\/\\\/ahorn-camp.de\\\/#website\"},\"primaryImageOfPage\":{\"@id\":\"https:\\\/\\\/ahorn-camp.de\\\/ey-entrepreneur-of-the-year-finalisten-award-2\\\/#primaryimage\"},\"image\":{\"@id\":\"https:\\\/\\\/ahorn-camp.de\\\/ey-entrepreneur-of-the-year-finalisten-award-2\\\/#primaryimage\"},\"thumbnailUrl\":\"https:\\\/\\\/ahorn-camp.de\\\/wp-content\\\/uploads\\\/2020\\\/10\\\/EY-Entrepreneur-Of-The-Year.png\",\"datePublished\":\"2021-04-13T14:52:48+00:00\",\"description\":\"Alexander Reichmann, Gesch\u00e4ftsf\u00fchrer von Ahorn Camp, geh\u00f6rt zu den 19 Finalisten der ehernvollen Auszeichnung \\\"EY Entrepreneur Of The Year\\\".\",\"breadcrumb\":{\"@id\":\"https:\\\/\\\/ahorn-camp.de\\\/ey-entrepreneur-of-the-year-finalisten-award-2\\\/#breadcrumb\"},\"inLanguage\":\"pl-PL\",\"potentialAction\":[{\"@type\":\"ReadAction\",\"target\":[\"https:\\\/\\\/ahorn-camp.de\\\/ey-entrepreneur-of-the-year-finalisten-award-2\\\/\"]}]},{\"@type\":\"ImageObject\",\"inLanguage\":\"pl-PL\",\"@id\":\"https:\\\/\\\/ahorn-camp.de\\\/ey-entrepreneur-of-the-year-finalisten-award-2\\\/#primaryimage\",\"url\":\"https:\\\/\\\/ahorn-camp.de\\\/wp-content\\\/uploads\\\/2020\\\/10\\\/EY-Entrepreneur-Of-The-Year.png\",\"contentUrl\":\"https:\\\/\\\/ahorn-camp.de\\\/wp-content\\\/uploads\\\/2020\\\/10\\\/EY-Entrepreneur-Of-The-Year.png\",\"width\":1200,\"height\":600,\"caption\":\"EY Entrepreneur of the year 2020\"},{\"@type\":\"BreadcrumbList\",\"@id\":\"https:\\\/\\\/ahorn-camp.de\\\/ey-entrepreneur-of-the-year-finalisten-award-2\\\/#breadcrumb\",\"itemListElement\":[{\"@type\":\"ListItem\",\"position\":1,\"name\":\"Startseite\",\"item\":\"https:\\\/\\\/ahorn-camp.de\\\/\"},{\"@type\":\"ListItem\",\"position\":2,\"name\":\"EY Entrepreneur Of The Year \u2013 Finalisten Award\"}]},{\"@type\":\"WebSite\",\"@id\":\"https:\\\/\\\/ahorn-camp.de\\\/#website\",\"url\":\"https:\\\/\\\/ahorn-camp.de\\\/\",\"name\":\"Ahorn Camp | Reisemobile und Kastenwagen\",\"description\":\"Seit \u00fcber 30 Jahren vermarktet das Familienunternehmen, Ahorn Camp in Speyer, erfolgreich Wohnmobile und Kastenwagen zum besten Preis-Leistungsverh\u00e4ltnis.\",\"publisher\":{\"@id\":\"https:\\\/\\\/ahorn-camp.de\\\/#organization\"},\"potentialAction\":[{\"@type\":\"SearchAction\",\"target\":{\"@type\":\"EntryPoint\",\"urlTemplate\":\"https:\\\/\\\/ahorn-camp.de\\\/?s={search_term_string}\"},\"query-input\":{\"@type\":\"PropertyValueSpecification\",\"valueRequired\":true,\"valueName\":\"search_term_string\"}}],\"inLanguage\":\"pl-PL\"},{\"@type\":\"Organization\",\"@id\":\"https:\\\/\\\/ahorn-camp.de\\\/#organization\",\"name\":\"Ahorn Camp GmbH & Co. KG\",\"url\":\"https:\\\/\\\/ahorn-camp.de\\\/\",\"logo\":{\"@type\":\"ImageObject\",\"inLanguage\":\"pl-PL\",\"@id\":\"https:\\\/\\\/ahorn-camp.de\\\/#\\\/schema\\\/logo\\\/image\\\/\",\"url\":\"https:\\\/\\\/ahorn-camp.de\\\/wp-content\\\/uploads\\\/2018\\\/12\\\/Ahorn_Logo.jpg\",\"contentUrl\":\"https:\\\/\\\/ahorn-camp.de\\\/wp-content\\\/uploads\\\/2018\\\/12\\\/Ahorn_Logo.jpg\",\"width\":1437,\"height\":1000,\"caption\":\"Ahorn Camp GmbH & Co. KG\"},\"image\":{\"@id\":\"https:\\\/\\\/ahorn-camp.de\\\/#\\\/schema\\\/logo\\\/image\\\/\"},\"sameAs\":[\"https:\\\/\\\/www.facebook.com\\\/ahorn.wohnmobile\\\/\",\"https:\\\/\\\/www.instagram.com\\\/ahorn.camp\\\/\",\"https:\\\/\\\/www.youtube.com\\\/channel\\\/UCPFbPCts1JJ_A1k9vyH0yOQ\"]},{\"@type\":\"Person\",\"@id\":\"https:\\\/\\\/ahorn-camp.de\\\/#\\\/schema\\\/person\\\/9b60761ba82d5cb8e6db215a88925044\",\"name\":\"ahorn_admin\",\"image\":{\"@type\":\"ImageObject\",\"inLanguage\":\"pl-PL\",\"@id\":\"https:\\\/\\\/secure.gravatar.com\\\/avatar\\\/d96b9a078083b0c14cee48589feadd939c3cdd66547e2f3f1569470371daaaa5?s=96&d=mm&r=g\",\"url\":\"https:\\\/\\\/secure.gravatar.com\\\/avatar\\\/d96b9a078083b0c14cee48589feadd939c3cdd66547e2f3f1569470371daaaa5?s=96&d=mm&r=g\",\"contentUrl\":\"https:\\\/\\\/secure.gravatar.com\\\/avatar\\\/d96b9a078083b0c14cee48589feadd939c3cdd66547e2f3f1569470371daaaa5?s=96&d=mm&r=g\",\"caption\":\"ahorn_admin\"},\"sameAs\":[\"http:\\\/\\\/Ahorn%20Camp\"],\"url\":\"https:\\\/\\\/ahorn-camp.de\\\/pl\\\/author\\\/ahorn_admin\\\/\"}]}<\/script>\n<!-- \/ Yoast SEO plugin. -->","yoast_head_json":{"title":"EY Entrepreneur Of The Year \u2013 nagroda dla finalist\u00f3w \u2013 Ahorn Camp GmbH &amp; Co. KG","description":"Alexander Reichmann, dyrektor zarz\u0105dzaj\u0105cy firmy Ahorn Camp, znalaz\u0142 si\u0119 w\u015br\u00f3d 19 finalist\u00f3w presti\u017cowej nagrody \"EY Entrepreneur Of The Year\".","robots":{"index":"index","follow":"follow","max-snippet":"max-snippet:-1","max-image-preview":"max-image-preview:large","max-video-preview":"max-video-preview:-1"},"canonical":"https:\/\/ahorn-camp.de\/pl\/finalista-nagrody-przedsiebiorca-roku-2\/","og_locale":"pl_PL","og_type":"article","og_title":"EY Entrepreneur Of The Year \u2013 Finalisten Award - Ahorn Camp GmbH & Co. KG","og_description":"Alexander Reichmann, Gesch\u00e4ftsf\u00fchrer von Ahorn Camp, geh\u00f6rt zu den 19 Finalisten der ehernvollen Auszeichnung \"EY Entrepreneur Of The Year\".","og_url":"https:\/\/ahorn-camp.de\/pl\/finalista-nagrody-przedsiebiorca-roku-2\/","og_site_name":"Ahorn Camp | Reisemobile und Kastenwagen","article_publisher":"https:\/\/www.facebook.com\/ahorn.wohnmobile\/","article_published_time":"2021-04-13T14:52:48+00:00","og_image":[{"width":1200,"height":600,"url":"https:\/\/ahorn-camp.de\/wp-content\/uploads\/2020\/10\/EY-Entrepreneur-Of-The-Year.png","type":"image\/png"}],"author":"ahorn_admin","twitter_card":"summary_large_image","twitter_misc":{"Napisane przez":"ahorn_admin","Szacowany czas czytania":"4 minuty"},"schema":{"@context":"https:\/\/schema.org","@graph":[{"@type":"Article","@id":"https:\/\/ahorn-camp.de\/ey-entrepreneur-of-the-year-finalisten-award-2\/#article","isPartOf":{"@id":"https:\/\/ahorn-camp.de\/ey-entrepreneur-of-the-year-finalisten-award-2\/"},"author":{"name":"ahorn_admin","@id":"https:\/\/ahorn-camp.de\/#\/schema\/person\/9b60761ba82d5cb8e6db215a88925044"},"headline":"EY Entrepreneur Of The Year \u2013 Finalisten Award","datePublished":"2021-04-13T14:52:48+00:00","mainEntityOfPage":{"@id":"https:\/\/ahorn-camp.de\/ey-entrepreneur-of-the-year-finalisten-award-2\/"},"wordCount":930,"publisher":{"@id":"https:\/\/ahorn-camp.de\/#organization"},"image":{"@id":"https:\/\/ahorn-camp.de\/ey-entrepreneur-of-the-year-finalisten-award-2\/#primaryimage"},"thumbnailUrl":"https:\/\/ahorn-camp.de\/wp-content\/uploads\/2020\/10\/EY-Entrepreneur-Of-The-Year.png","articleSection":["Pressemitteilungen"],"inLanguage":"pl-PL"},{"@type":"WebPage","@id":"https:\/\/ahorn-camp.de\/ey-entrepreneur-of-the-year-finalisten-award-2\/","url":"https:\/\/ahorn-camp.de\/ey-entrepreneur-of-the-year-finalisten-award-2\/","name":"EY Entrepreneur Of The Year \u2013 nagroda dla finalist\u00f3w \u2013 Ahorn Camp GmbH &amp; Co. KG","isPartOf":{"@id":"https:\/\/ahorn-camp.de\/#website"},"primaryImageOfPage":{"@id":"https:\/\/ahorn-camp.de\/ey-entrepreneur-of-the-year-finalisten-award-2\/#primaryimage"},"image":{"@id":"https:\/\/ahorn-camp.de\/ey-entrepreneur-of-the-year-finalisten-award-2\/#primaryimage"},"thumbnailUrl":"https:\/\/ahorn-camp.de\/wp-content\/uploads\/2020\/10\/EY-Entrepreneur-Of-The-Year.png","datePublished":"2021-04-13T14:52:48+00:00","description":"Alexander Reichmann, dyrektor zarz\u0105dzaj\u0105cy firmy Ahorn Camp, znalaz\u0142 si\u0119 w\u015br\u00f3d 19 finalist\u00f3w presti\u017cowej nagrody \"EY Entrepreneur Of The Year\".","breadcrumb":{"@id":"https:\/\/ahorn-camp.de\/ey-entrepreneur-of-the-year-finalisten-award-2\/#breadcrumb"},"inLanguage":"pl-PL","potentialAction":[{"@type":"ReadAction","target":["https:\/\/ahorn-camp.de\/ey-entrepreneur-of-the-year-finalisten-award-2\/"]}]},{"@type":"ImageObject","inLanguage":"pl-PL","@id":"https:\/\/ahorn-camp.de\/ey-entrepreneur-of-the-year-finalisten-award-2\/#primaryimage","url":"https:\/\/ahorn-camp.de\/wp-content\/uploads\/2020\/10\/EY-Entrepreneur-Of-The-Year.png","contentUrl":"https:\/\/ahorn-camp.de\/wp-content\/uploads\/2020\/10\/EY-Entrepreneur-Of-The-Year.png","width":1200,"height":600,"caption":"EY Entrepreneur of the year 2020"},{"@type":"BreadcrumbList","@id":"https:\/\/ahorn-camp.de\/ey-entrepreneur-of-the-year-finalisten-award-2\/#breadcrumb","itemListElement":[{"@type":"ListItem","position":1,"name":"Startseite","item":"https:\/\/ahorn-camp.de\/"},{"@type":"ListItem","position":2,"name":"EY Entrepreneur Of The Year \u2013 Finalisten Award"}]},{"@type":"WebSite","@id":"https:\/\/ahorn-camp.de\/#website","url":"https:\/\/ahorn-camp.de\/","name":"Ahorn Camp | Kampery i samochody dostawcze","description":"Od ponad 30 lat rodzinna firma Ahorn Camp z siedzib\u0105 w Speyer z powodzeniem zajmuje si\u0119 sprzeda\u017c\u0105 kamper\u00f3w i samochod\u00f3w dostawczych o najlepszym stosunku ceny do jako\u015bci.","publisher":{"@id":"https:\/\/ahorn-camp.de\/#organization"},"potentialAction":[{"@type":"SearchAction","target":{"@type":"EntryPoint","urlTemplate":"https:\/\/ahorn-camp.de\/?s={search_term_string}"},"query-input":{"@type":"PropertyValueSpecification","valueRequired":true,"valueName":"search_term_string"}}],"inLanguage":"pl-PL"},{"@type":"Organization","@id":"https:\/\/ahorn-camp.de\/#organization","name":"Ahorn Camp GmbH &amp; Co. KG","url":"https:\/\/ahorn-camp.de\/","logo":{"@type":"ImageObject","inLanguage":"pl-PL","@id":"https:\/\/ahorn-camp.de\/#\/schema\/logo\/image\/","url":"https:\/\/ahorn-camp.de\/wp-content\/uploads\/2018\/12\/Ahorn_Logo.jpg","contentUrl":"https:\/\/ahorn-camp.de\/wp-content\/uploads\/2018\/12\/Ahorn_Logo.jpg","width":1437,"height":1000,"caption":"Ahorn Camp GmbH & Co. KG"},"image":{"@id":"https:\/\/ahorn-camp.de\/#\/schema\/logo\/image\/"},"sameAs":["https:\/\/www.facebook.com\/ahorn.wohnmobile\/","https:\/\/www.instagram.com\/ahorn.camp\/","https:\/\/www.youtube.com\/channel\/UCPFbPCts1JJ_A1k9vyH0yOQ"]},{"@type":"Person","@id":"https:\/\/ahorn-camp.de\/#\/schema\/person\/9b60761ba82d5cb8e6db215a88925044","name":"ahorn_admin","image":{"@type":"ImageObject","inLanguage":"pl-PL","@id":"https:\/\/secure.gravatar.com\/avatar\/d96b9a078083b0c14cee48589feadd939c3cdd66547e2f3f1569470371daaaa5?s=96&d=mm&r=g","url":"https:\/\/secure.gravatar.com\/avatar\/d96b9a078083b0c14cee48589feadd939c3cdd66547e2f3f1569470371daaaa5?s=96&d=mm&r=g","contentUrl":"https:\/\/secure.gravatar.com\/avatar\/d96b9a078083b0c14cee48589feadd939c3cdd66547e2f3f1569470371daaaa5?s=96&d=mm&r=g","caption":"ahorn_admin"},"sameAs":["http:\/\/Ahorn%20Camp"],"url":"https:\/\/ahorn-camp.de\/pl\/author\/ahorn_admin\/"}]}},"_links":{"self":[{"href":"https:\/\/ahorn-camp.de\/pl\/wp-json\/wp\/v2\/posts\/11559","targetHints":{"allow":["GET"]}}],"collection":[{"href":"https:\/\/ahorn-camp.de\/pl\/wp-json\/wp\/v2\/posts"}],"about":[{"href":"https:\/\/ahorn-camp.de\/pl\/wp-json\/wp\/v2\/types\/post"}],"author":[{"embeddable":true,"href":"https:\/\/ahorn-camp.de\/pl\/wp-json\/wp\/v2\/users\/2"}],"replies":[{"embeddable":true,"href":"https:\/\/ahorn-camp.de\/pl\/wp-json\/wp\/v2\/comments?post=11559"}],"version-history":[{"count":0,"href":"https:\/\/ahorn-camp.de\/pl\/wp-json\/wp\/v2\/posts\/11559\/revisions"}],"wp:featuredmedia":[{"embeddable":true,"href":"https:\/\/ahorn-camp.de\/pl\/wp-json\/wp\/v2\/media\/10096"}],"wp:attachment":[{"href":"https:\/\/ahorn-camp.de\/pl\/wp-json\/wp\/v2\/media?parent=11559"}],"wp:term":[{"taxonomy":"category","embeddable":true,"href":"https:\/\/ahorn-camp.de\/pl\/wp-json\/wp\/v2\/categories?post=11559"},{"taxonomy":"post_tag","embeddable":true,"href":"https:\/\/ahorn-camp.de\/pl\/wp-json\/wp\/v2\/tags?post=11559"}],"curies":[{"name":"wp","href":"https:\/\/api.w.org\/{rel}","templated":true}]}}