{"id":3126,"date":"2019-12-12T13:42:57","date_gmt":"2019-12-12T12:42:57","guid":{"rendered":"https:\/\/ahorn-camp.de\/?p=3126"},"modified":"2022-04-25T15:39:00","modified_gmt":"2022-04-25T13:39:00","slug":"met-de-camper-door-toscane","status":"publish","type":"post","link":"https:\/\/ahorn-camp.de\/nl\/mit-dem-camper-van-durch-die-toskana\/","title":{"rendered":"Met de camper door Toscane"},"content":{"rendered":"<p><strong>Met de camper door Toscane \u2013 De reis begon met een omweg en een overnachting in de buurt van Heidelberg, aangezien de ophaalplek in Speyer was.<\/strong><br \/>\n<strong>Op zaterdagochtend werd ik heel vriendelijk bij de<a href=\"https:\/\/ahorn-camp.de\/nl\/\"> Ahorn-Team<\/a> verwelkomd en in het voertuig gewezen.<\/strong><\/p>\n<p>Met alle nieuwe indrukken ging het ook alweer richting M\u00fcnchen om mijn reisgenoot op te halen. Nadat we nog snel alle boodschappen voor de komende twee weken hadden gedaan, waren we al onderweg naar de eerste bestemming. Aangekomen in Zuid-Tirol, bij de Drei Zinnen, was ook de eerste dag voorbij en de nacht was ingevallen. We hebben alleen nog snel iets gegeten, want aangezien we de zonsopgang wilden fotograferen, stond ons een hele korte nacht te wachten.<\/p>\n<p>De foto's waren genomen en we hadden al ongeveer 15 km te voet afgelegd. Het ontbijt, dat we in de zon voor de camper hebben genoten, kwam dus precies op tijd. De reis naar het Gardameer ging verder over de Brenner. Aangekomen op een parkeerplaats in Garda, niet ver van het meer, hebben we eerst onze benen gestrekt en de binnenstad en promenade verkend. De avond werd aan het meer afgesloten met een heerlijke pizza en het eerste glas wijn.<\/p>\n<p><img fetchpriority=\"high\" decoding=\"async\" class=\"aligncenter\" title=\"Met de camper door Toscane\" src=\"https:\/\/ahorn-camp.de\/wp-content\/uploads\/2020\/01\/DJI_0101-scaled-682x374.jpg\" alt=\"Met de camper door Toscane\" width=\"669\" height=\"367\" \/><\/p>\n<blockquote>\n<hr \/>\n<p style=\"text-align: center;\">\u201eVoordat we onze ogen wilden sluiten, ontdekten we nog de Melkweg aan de hemel!\u201c<\/p>\n<\/blockquote>\n<hr \/>\n<p>Na het ontbijt gingen we naar een kerk<a href=\"https:\/\/de.wikipedia.org\/wiki\/Madonna_della_Corona_(Veneto)\" target=\"_blank\" rel=\"noopener noreferrer\">Madonna della Corona<\/a>), die sehr nah am Felsen gebaut wurde. N\u00e4chster Halt sollte ein sch\u00f6ner Ort direkt am Meer sein, welcher an den Steilh\u00e4ngen gebaut worden ist. Leider gab es hier keine M\u00f6glichkeiten zum Parken\/\u00dcbernachten in der N\u00e4he mit dem Camper. Deshalb entschieden wir uns, zu einem Campingplatz weiterzufahren, der nah am Meer lag. Am n\u00e4chsten Tag ging es weiter in die Toskana, auf dem Plan standen kleine St\u00e4dte wie Volterra und San Gimignano. Beide Orte liegen jeweils auf einem H\u00fcgel und man hat von dort oben einen tollen Blick \u00fcber die Toskana. Unterhalb von Volterra haben wir einen tollen Platz zum Schlafen gefunden. Nach einer kurzen Nacht ging es zum Sonnenaufgang hoch in die Stadt. Die Atmosph\u00e4re am Morgen war super sch\u00f6n, sehr leise und ruhig und wir hatten richtig Gl\u00fcck mit dem Wetter.<\/p>\n<p>Na nog twee nachten in Toscane, waar we nog een paar kleine stadjes, meer fotospots en een thermaal bad hebben bekeken, gingen we naar Florence op een camping. Deze lag in het plaatsje Fiesole en van daaruit hadden we uitzicht over de hele stad. Hier bleven we twee nachten, om het voertuig ook eens te laten staan. We bezochten Florence en het kleine plaatsje Fiesole. Qua culinaire ervaring beide absoluut een aanrader.<\/p>\n<p><img decoding=\"async\" class=\"aligncenter wp-image-4479\" title=\"Met de camper door Toscane\" src=\"https:\/\/ahorn-camp.de\/wp-content\/uploads\/2020\/03\/CamperVan_Toskana.jpg\" alt=\"Met de camper door Toscane\" width=\"669\" height=\"368\" srcset=\"https:\/\/ahorn-camp.de\/wp-content\/uploads\/2020\/03\/CamperVan_Toskana.jpg 1240w, https:\/\/ahorn-camp.de\/wp-content\/uploads\/2020\/03\/CamperVan_Toskana-300x165.jpg 300w, https:\/\/ahorn-camp.de\/wp-content\/uploads\/2020\/03\/CamperVan_Toskana-1024x562.jpg 1024w, https:\/\/ahorn-camp.de\/wp-content\/uploads\/2020\/03\/CamperVan_Toskana-768x422.jpg 768w, https:\/\/ahorn-camp.de\/wp-content\/uploads\/2020\/03\/CamperVan_Toskana-800x439.jpg 800w\" sizes=\"(max-width: 669px) 100vw, 669px\" \/><\/p>\n<hr \/>\n<blockquote>\n<p style=\"text-align: center;\">\u201eDe sfeer in de ochtend was super mooi, heel stil en rustig!\u201c<\/p>\n<\/blockquote>\n<hr \/>\n<p>Daarna zijn we weer naar het Gardameer gereden, waar we steeds even onze voeten in het water hebben gehouden en van de laatste goede pizza's hebben genoten. Nadat ik Caro in Verona had afgezet, ging ik verder naar Zwitserland. De temperaturen werden daar kouder, hier ging het tot boven de 2000 meter hoogte. De volgende stop was Sankt Moritz. De weg ernaartoe leidde me over veel bergstraten en passen met prachtige uitzichten op de bergen en de omgeving. Voordat ik me tenslotte op de terugweg naar Duitsland begaf, bezocht ik nog het Appenzellerland in Zwitserland en daarna zette ik koers naar Speyer.<\/p>\n<p>De laatste nachten in de camper heb ik erg genoten en heb ik mezelf nogmaals getrakteerd op pasta en wijn.<br \/>\nDe afgifte in Speyer verliep zonder problemen en ik werd weer erg vriendelijk ontvangen.<\/p>\n<p>Plant u ook een camperreis door Toscane? <a href=\"https:\/\/ahorn-camp.de\/nl\/ahorn-campers\/van\/\">Hier vindt u een overzicht van onze Ahorn Van campers.<\/a><\/p>\n<hr \/>\n<h6><u>Volgend reisverslag<\/u><\/h6>\n<p><a href=\"https:\/\/ahorn-camp.de\/nl\/mit-dem-wohnmobil-durch-die-endlose-weite-schottlands\/\"><img decoding=\"async\" class=\"alignleft wp-image-3125 size-medium\" src=\"https:\/\/ahorn-camp.de\/wp-content\/uploads\/2019\/05\/ahorn-full_res-3x2___7-300x200.jpg\" alt=\"\" width=\"300\" height=\"200\" srcset=\"https:\/\/ahorn-camp.de\/wp-content\/uploads\/2019\/05\/ahorn-full_res-3x2___7-300x200.jpg 300w, https:\/\/ahorn-camp.de\/wp-content\/uploads\/2019\/05\/ahorn-full_res-3x2___7-scaled-800x533.jpg 800w, https:\/\/ahorn-camp.de\/wp-content\/uploads\/2019\/05\/ahorn-full_res-3x2___7-1024x683.jpg 1024w, https:\/\/ahorn-camp.de\/wp-content\/uploads\/2019\/05\/ahorn-full_res-3x2___7-768x512.jpg 768w, https:\/\/ahorn-camp.de\/wp-content\/uploads\/2019\/05\/ahorn-full_res-3x2___7-1536x1024.jpg 1536w, https:\/\/ahorn-camp.de\/wp-content\/uploads\/2019\/05\/ahorn-full_res-3x2___7-2048x1365.jpg 2048w\" sizes=\"(max-width: 300px) 100vw, 300px\" \/><\/a><\/p>\n<p>&nbsp;<\/p>\n<p>&nbsp;<\/p>\n<p>&nbsp;<\/p>\n<p>&nbsp;<\/p>\n<p><a href=\"https:\/\/ahorn-camp.de\/nl\/mit-dem-wohnmobil-durch-die-endlose-weite-schottlands\/\" target=\"_blank\" rel=\"noopener noreferrer\">Met de camper door de eindeloze weidsheid van Schotland<\/a><\/p>","protected":false},"excerpt":{"rendered":"<p>\u201eDe sfeer in de ochtend was super mooi, heel stil en rustig en we hadden echt geluk met het weer. Na nog twee nachten in Toscane, waar we nog een paar kleine stadjes, meer fotospots en een thermaal bad hebben bekeken, gingen we naar Florence op een camping. Deze bevond zich in het dorpje Fiesole, van daaruit hadden we uitzicht over de hele stad.\u201c<\/p>","protected":false},"author":2,"featured_media":3127,"comment_status":"closed","ping_status":"closed","sticky":false,"template":"","format":"standard","meta":{"content-type":"","footnotes":""},"categories":[208],"tags":[],"class_list":["post-3126","post","type-post","status-publish","format-standard","has-post-thumbnail","hentry","category-blog"],"yoast_head":"<!-- This site is optimized with the Yoast SEO plugin v28.4 - https:\/\/yoast.com\/product\/yoast-seo-wordpress\/ -->\n<title>Mit dem Camper Van durch die Toskana - Ahorn Camp - Blog<\/title>\n<meta name=\"description\" content=\"Mit dem Camper Van durch die Toskana und die abwechslungsreiche Natur erleben. Ein Reisebericht \u00fcber die wundersch\u00f6ne Landschaft der Toskana.\" \/>\n<meta name=\"robots\" content=\"index, follow, max-snippet:-1, max-image-preview:large, max-video-preview:-1\" \/>\n<link rel=\"canonical\" href=\"https:\/\/ahorn-camp.de\/nl\/met-de-camper-door-toscane\/\" \/>\n<meta property=\"og:locale\" content=\"nl_BE\" \/>\n<meta property=\"og:type\" content=\"article\" \/>\n<meta property=\"og:title\" content=\"Mit dem Camper Van durch die Toskana\" \/>\n<meta property=\"og:description\" content=\"Mit dem Camper Van durch die Toskana und die abwechslungsreiche Natur erleben. Ein Reisebericht \u00fcber die wundersch\u00f6ne Landschaft der Toskana.\" \/>\n<meta property=\"og:url\" content=\"https:\/\/ahorn-camp.de\/nl\/met-de-camper-door-toscane\/\" \/>\n<meta property=\"og:site_name\" content=\"Ahorn Camp | Reisemobile und Kastenwagen\" \/>\n<meta property=\"article:publisher\" content=\"https:\/\/www.facebook.com\/ahorn.wohnmobile\/\" \/>\n<meta property=\"article:published_time\" content=\"2019-12-12T12:42:57+00:00\" \/>\n<meta property=\"article:modified_time\" content=\"2022-04-25T13:39:00+00:00\" \/>\n<meta name=\"author\" content=\"ahorn_admin\" \/>\n<meta name=\"twitter:card\" content=\"summary_large_image\" \/>\n<meta name=\"twitter:title\" content=\"Mit dem Camper Van durch die Toskana\" \/>\n<meta name=\"twitter:description\" content=\"Mit dem Camper Van durch die Toskana und die abwechslungsreiche Natur erleben. Ein Reisebericht \u00fcber die wundersch\u00f6ne Landschaft der Toskana.\" \/>\n<meta name=\"twitter:label1\" content=\"Geschreven door\" \/>\n\t<meta name=\"twitter:data1\" content=\"ahorn_admin\" \/>\n\t<meta name=\"twitter:label2\" content=\"Geschatte leestijd\" \/>\n\t<meta name=\"twitter:data2\" content=\"5 minuten\" \/>\n<script type=\"application\/ld+json\" class=\"yoast-schema-graph\">{\"@context\":\"https:\\\/\\\/schema.org\",\"@graph\":[{\"@type\":\"Article\",\"@id\":\"https:\\\/\\\/ahorn-camp.de\\\/mit-dem-camper-van-durch-die-toskana\\\/#article\",\"isPartOf\":{\"@id\":\"https:\\\/\\\/ahorn-camp.de\\\/mit-dem-camper-van-durch-die-toskana\\\/\"},\"author\":{\"name\":\"ahorn_admin\",\"@id\":\"https:\\\/\\\/ahorn-camp.de\\\/#\\\/schema\\\/person\\\/9b60761ba82d5cb8e6db215a88925044\"},\"headline\":\"Mit dem Camper Van durch die Toskana\",\"datePublished\":\"2019-12-12T12:42:57+00:00\",\"dateModified\":\"2022-04-25T13:39:00+00:00\",\"mainEntityOfPage\":{\"@id\":\"https:\\\/\\\/ahorn-camp.de\\\/mit-dem-camper-van-durch-die-toskana\\\/\"},\"wordCount\":672,\"publisher\":{\"@id\":\"https:\\\/\\\/ahorn-camp.de\\\/#organization\"},\"image\":{\"@id\":\"https:\\\/\\\/ahorn-camp.de\\\/mit-dem-camper-van-durch-die-toskana\\\/#primaryimage\"},\"thumbnailUrl\":\"https:\\\/\\\/ahorn-camp.de\\\/wp-content\\\/uploads\\\/2019\\\/12\\\/Toskana-mit-dem-Wohnmobil.jpg\",\"articleSection\":[\"Blog\"],\"inLanguage\":\"nl-BE\"},{\"@type\":\"WebPage\",\"@id\":\"https:\\\/\\\/ahorn-camp.de\\\/mit-dem-camper-van-durch-die-toskana\\\/\",\"url\":\"https:\\\/\\\/ahorn-camp.de\\\/mit-dem-camper-van-durch-die-toskana\\\/\",\"name\":\"Mit dem Camper Van durch die Toskana - Ahorn Camp - Blog\",\"isPartOf\":{\"@id\":\"https:\\\/\\\/ahorn-camp.de\\\/#website\"},\"primaryImageOfPage\":{\"@id\":\"https:\\\/\\\/ahorn-camp.de\\\/mit-dem-camper-van-durch-die-toskana\\\/#primaryimage\"},\"image\":{\"@id\":\"https:\\\/\\\/ahorn-camp.de\\\/mit-dem-camper-van-durch-die-toskana\\\/#primaryimage\"},\"thumbnailUrl\":\"https:\\\/\\\/ahorn-camp.de\\\/wp-content\\\/uploads\\\/2019\\\/12\\\/Toskana-mit-dem-Wohnmobil.jpg\",\"datePublished\":\"2019-12-12T12:42:57+00:00\",\"dateModified\":\"2022-04-25T13:39:00+00:00\",\"description\":\"Mit dem Camper Van durch die Toskana und die abwechslungsreiche Natur erleben. Ein Reisebericht \u00fcber die wundersch\u00f6ne Landschaft der Toskana.\",\"breadcrumb\":{\"@id\":\"https:\\\/\\\/ahorn-camp.de\\\/mit-dem-camper-van-durch-die-toskana\\\/#breadcrumb\"},\"inLanguage\":\"nl-BE\",\"potentialAction\":[{\"@type\":\"ReadAction\",\"target\":[\"https:\\\/\\\/ahorn-camp.de\\\/mit-dem-camper-van-durch-die-toskana\\\/\"]}]},{\"@type\":\"ImageObject\",\"inLanguage\":\"nl-BE\",\"@id\":\"https:\\\/\\\/ahorn-camp.de\\\/mit-dem-camper-van-durch-die-toskana\\\/#primaryimage\",\"url\":\"https:\\\/\\\/ahorn-camp.de\\\/wp-content\\\/uploads\\\/2019\\\/12\\\/Toskana-mit-dem-Wohnmobil.jpg\",\"contentUrl\":\"https:\\\/\\\/ahorn-camp.de\\\/wp-content\\\/uploads\\\/2019\\\/12\\\/Toskana-mit-dem-Wohnmobil.jpg\",\"width\":1500,\"height\":847},{\"@type\":\"BreadcrumbList\",\"@id\":\"https:\\\/\\\/ahorn-camp.de\\\/mit-dem-camper-van-durch-die-toskana\\\/#breadcrumb\",\"itemListElement\":[{\"@type\":\"ListItem\",\"position\":1,\"name\":\"Startseite\",\"item\":\"https:\\\/\\\/ahorn-camp.de\\\/\"},{\"@type\":\"ListItem\",\"position\":2,\"name\":\"Mit dem Camper Van durch die Toskana\"}]},{\"@type\":\"WebSite\",\"@id\":\"https:\\\/\\\/ahorn-camp.de\\\/#website\",\"url\":\"https:\\\/\\\/ahorn-camp.de\\\/\",\"name\":\"Ahorn Camp | Reisemobile und Kastenwagen\",\"description\":\"Seit \u00fcber 30 Jahren vermarktet das Familienunternehmen, Ahorn Camp in Speyer, erfolgreich Wohnmobile und Kastenwagen zum besten Preis-Leistungsverh\u00e4ltnis.\",\"publisher\":{\"@id\":\"https:\\\/\\\/ahorn-camp.de\\\/#organization\"},\"potentialAction\":[{\"@type\":\"SearchAction\",\"target\":{\"@type\":\"EntryPoint\",\"urlTemplate\":\"https:\\\/\\\/ahorn-camp.de\\\/?s={search_term_string}\"},\"query-input\":{\"@type\":\"PropertyValueSpecification\",\"valueRequired\":true,\"valueName\":\"search_term_string\"}}],\"inLanguage\":\"nl-BE\"},{\"@type\":\"Organization\",\"@id\":\"https:\\\/\\\/ahorn-camp.de\\\/#organization\",\"name\":\"Ahorn Camp GmbH & Co. KG\",\"url\":\"https:\\\/\\\/ahorn-camp.de\\\/\",\"logo\":{\"@type\":\"ImageObject\",\"inLanguage\":\"nl-BE\",\"@id\":\"https:\\\/\\\/ahorn-camp.de\\\/#\\\/schema\\\/logo\\\/image\\\/\",\"url\":\"https:\\\/\\\/ahorn-camp.de\\\/wp-content\\\/uploads\\\/2018\\\/12\\\/Ahorn_Logo.jpg\",\"contentUrl\":\"https:\\\/\\\/ahorn-camp.de\\\/wp-content\\\/uploads\\\/2018\\\/12\\\/Ahorn_Logo.jpg\",\"width\":1437,\"height\":1000,\"caption\":\"Ahorn Camp GmbH & Co. KG\"},\"image\":{\"@id\":\"https:\\\/\\\/ahorn-camp.de\\\/#\\\/schema\\\/logo\\\/image\\\/\"},\"sameAs\":[\"https:\\\/\\\/www.facebook.com\\\/ahorn.wohnmobile\\\/\",\"https:\\\/\\\/www.instagram.com\\\/ahorn.camp\\\/\",\"https:\\\/\\\/www.youtube.com\\\/channel\\\/UCPFbPCts1JJ_A1k9vyH0yOQ\"]},{\"@type\":\"Person\",\"@id\":\"https:\\\/\\\/ahorn-camp.de\\\/#\\\/schema\\\/person\\\/9b60761ba82d5cb8e6db215a88925044\",\"name\":\"ahorn_admin\",\"image\":{\"@type\":\"ImageObject\",\"inLanguage\":\"nl-BE\",\"@id\":\"https:\\\/\\\/secure.gravatar.com\\\/avatar\\\/d96b9a078083b0c14cee48589feadd939c3cdd66547e2f3f1569470371daaaa5?s=96&d=mm&r=g\",\"url\":\"https:\\\/\\\/secure.gravatar.com\\\/avatar\\\/d96b9a078083b0c14cee48589feadd939c3cdd66547e2f3f1569470371daaaa5?s=96&d=mm&r=g\",\"contentUrl\":\"https:\\\/\\\/secure.gravatar.com\\\/avatar\\\/d96b9a078083b0c14cee48589feadd939c3cdd66547e2f3f1569470371daaaa5?s=96&d=mm&r=g\",\"caption\":\"ahorn_admin\"},\"sameAs\":[\"http:\\\/\\\/Ahorn%20Camp\"],\"url\":\"https:\\\/\\\/ahorn-camp.de\\\/nl\\\/author\\\/ahorn_admin\\\/\"}]}<\/script>\n<!-- \/ Yoast SEO plugin. -->","yoast_head_json":{"title":"Met de camper door Toscane - Ahorn Camp - Blog","description":"Met de camper door Toscane en de afwisselende natuur beleven. Een reisverslag over het prachtige landschap van Toscane.","robots":{"index":"index","follow":"follow","max-snippet":"max-snippet:-1","max-image-preview":"max-image-preview:large","max-video-preview":"max-video-preview:-1"},"canonical":"https:\/\/ahorn-camp.de\/nl\/met-de-camper-door-toscane\/","og_locale":"nl_BE","og_type":"article","og_title":"Mit dem Camper Van durch die Toskana","og_description":"Mit dem Camper Van durch die Toskana und die abwechslungsreiche Natur erleben. Ein Reisebericht \u00fcber die wundersch\u00f6ne Landschaft der Toskana.","og_url":"https:\/\/ahorn-camp.de\/nl\/met-de-camper-door-toscane\/","og_site_name":"Ahorn Camp | Reisemobile und Kastenwagen","article_publisher":"https:\/\/www.facebook.com\/ahorn.wohnmobile\/","article_published_time":"2019-12-12T12:42:57+00:00","article_modified_time":"2022-04-25T13:39:00+00:00","author":"ahorn_admin","twitter_card":"summary_large_image","twitter_title":"Mit dem Camper Van durch die Toskana","twitter_description":"Mit dem Camper Van durch die Toskana und die abwechslungsreiche Natur erleben. Ein Reisebericht \u00fcber die wundersch\u00f6ne Landschaft der Toskana.","twitter_misc":{"Geschreven door":"ahorn_admin","Geschatte leestijd":"5 minuten"},"schema":{"@context":"https:\/\/schema.org","@graph":[{"@type":"Article","@id":"https:\/\/ahorn-camp.de\/mit-dem-camper-van-durch-die-toskana\/#article","isPartOf":{"@id":"https:\/\/ahorn-camp.de\/mit-dem-camper-van-durch-die-toskana\/"},"author":{"name":"ahorn_admin","@id":"https:\/\/ahorn-camp.de\/#\/schema\/person\/9b60761ba82d5cb8e6db215a88925044"},"headline":"Mit dem Camper Van durch die Toskana","datePublished":"2019-12-12T12:42:57+00:00","dateModified":"2022-04-25T13:39:00+00:00","mainEntityOfPage":{"@id":"https:\/\/ahorn-camp.de\/mit-dem-camper-van-durch-die-toskana\/"},"wordCount":672,"publisher":{"@id":"https:\/\/ahorn-camp.de\/#organization"},"image":{"@id":"https:\/\/ahorn-camp.de\/mit-dem-camper-van-durch-die-toskana\/#primaryimage"},"thumbnailUrl":"https:\/\/ahorn-camp.de\/wp-content\/uploads\/2019\/12\/Toskana-mit-dem-Wohnmobil.jpg","articleSection":["Blog"],"inLanguage":"nl-BE"},{"@type":"WebPage","@id":"https:\/\/ahorn-camp.de\/mit-dem-camper-van-durch-die-toskana\/","url":"https:\/\/ahorn-camp.de\/mit-dem-camper-van-durch-die-toskana\/","name":"Met de camper door Toscane - Ahorn Camp - Blog","isPartOf":{"@id":"https:\/\/ahorn-camp.de\/#website"},"primaryImageOfPage":{"@id":"https:\/\/ahorn-camp.de\/mit-dem-camper-van-durch-die-toskana\/#primaryimage"},"image":{"@id":"https:\/\/ahorn-camp.de\/mit-dem-camper-van-durch-die-toskana\/#primaryimage"},"thumbnailUrl":"https:\/\/ahorn-camp.de\/wp-content\/uploads\/2019\/12\/Toskana-mit-dem-Wohnmobil.jpg","datePublished":"2019-12-12T12:42:57+00:00","dateModified":"2022-04-25T13:39:00+00:00","description":"Met de camper door Toscane en de afwisselende natuur beleven. Een reisverslag over het prachtige landschap van Toscane.","breadcrumb":{"@id":"https:\/\/ahorn-camp.de\/mit-dem-camper-van-durch-die-toskana\/#breadcrumb"},"inLanguage":"nl-BE","potentialAction":[{"@type":"ReadAction","target":["https:\/\/ahorn-camp.de\/mit-dem-camper-van-durch-die-toskana\/"]}]},{"@type":"ImageObject","inLanguage":"nl-BE","@id":"https:\/\/ahorn-camp.de\/mit-dem-camper-van-durch-die-toskana\/#primaryimage","url":"https:\/\/ahorn-camp.de\/wp-content\/uploads\/2019\/12\/Toskana-mit-dem-Wohnmobil.jpg","contentUrl":"https:\/\/ahorn-camp.de\/wp-content\/uploads\/2019\/12\/Toskana-mit-dem-Wohnmobil.jpg","width":1500,"height":847},{"@type":"BreadcrumbList","@id":"https:\/\/ahorn-camp.de\/mit-dem-camper-van-durch-die-toskana\/#breadcrumb","itemListElement":[{"@type":"ListItem","position":1,"name":"Startseite","item":"https:\/\/ahorn-camp.de\/"},{"@type":"ListItem","position":2,"name":"Mit dem Camper Van durch die Toskana"}]},{"@type":"WebSite","@id":"https:\/\/ahorn-camp.de\/#website","url":"https:\/\/ahorn-camp.de\/","name":"Ahorn Camp | Campers en bestelwagens","description":"Al meer dan 30 jaar verkoopt het familiebedrijf Ahorn Camp in Speyer met succes campers en bestelbusjes met de beste prijs-kwaliteitverhouding.","publisher":{"@id":"https:\/\/ahorn-camp.de\/#organization"},"potentialAction":[{"@type":"SearchAction","target":{"@type":"EntryPoint","urlTemplate":"https:\/\/ahorn-camp.de\/?s={search_term_string}"},"query-input":{"@type":"PropertyValueSpecification","valueRequired":true,"valueName":"search_term_string"}}],"inLanguage":"nl-BE"},{"@type":"Organization","@id":"https:\/\/ahorn-camp.de\/#organization","name":"Ahorn Camp GmbH &amp; Co. KG","url":"https:\/\/ahorn-camp.de\/","logo":{"@type":"ImageObject","inLanguage":"nl-BE","@id":"https:\/\/ahorn-camp.de\/#\/schema\/logo\/image\/","url":"https:\/\/ahorn-camp.de\/wp-content\/uploads\/2018\/12\/Ahorn_Logo.jpg","contentUrl":"https:\/\/ahorn-camp.de\/wp-content\/uploads\/2018\/12\/Ahorn_Logo.jpg","width":1437,"height":1000,"caption":"Ahorn Camp GmbH & Co. KG"},"image":{"@id":"https:\/\/ahorn-camp.de\/#\/schema\/logo\/image\/"},"sameAs":["https:\/\/www.facebook.com\/ahorn.wohnmobile\/","https:\/\/www.instagram.com\/ahorn.camp\/","https:\/\/www.youtube.com\/channel\/UCPFbPCts1JJ_A1k9vyH0yOQ"]},{"@type":"Person","@id":"https:\/\/ahorn-camp.de\/#\/schema\/person\/9b60761ba82d5cb8e6db215a88925044","name":"ahorn_admin","image":{"@type":"ImageObject","inLanguage":"nl-BE","@id":"https:\/\/secure.gravatar.com\/avatar\/d96b9a078083b0c14cee48589feadd939c3cdd66547e2f3f1569470371daaaa5?s=96&d=mm&r=g","url":"https:\/\/secure.gravatar.com\/avatar\/d96b9a078083b0c14cee48589feadd939c3cdd66547e2f3f1569470371daaaa5?s=96&d=mm&r=g","contentUrl":"https:\/\/secure.gravatar.com\/avatar\/d96b9a078083b0c14cee48589feadd939c3cdd66547e2f3f1569470371daaaa5?s=96&d=mm&r=g","caption":"ahorn_admin"},"sameAs":["http:\/\/Ahorn%20Camp"],"url":"https:\/\/ahorn-camp.de\/nl\/author\/ahorn_admin\/"}]}},"_links":{"self":[{"href":"https:\/\/ahorn-camp.de\/nl\/wp-json\/wp\/v2\/posts\/3126","targetHints":{"allow":["GET"]}}],"collection":[{"href":"https:\/\/ahorn-camp.de\/nl\/wp-json\/wp\/v2\/posts"}],"about":[{"href":"https:\/\/ahorn-camp.de\/nl\/wp-json\/wp\/v2\/types\/post"}],"author":[{"embeddable":true,"href":"https:\/\/ahorn-camp.de\/nl\/wp-json\/wp\/v2\/users\/2"}],"replies":[{"embeddable":true,"href":"https:\/\/ahorn-camp.de\/nl\/wp-json\/wp\/v2\/comments?post=3126"}],"version-history":[{"count":0,"href":"https:\/\/ahorn-camp.de\/nl\/wp-json\/wp\/v2\/posts\/3126\/revisions"}],"wp:featuredmedia":[{"embeddable":true,"href":"https:\/\/ahorn-camp.de\/nl\/wp-json\/wp\/v2\/media\/3127"}],"wp:attachment":[{"href":"https:\/\/ahorn-camp.de\/nl\/wp-json\/wp\/v2\/media?parent=3126"}],"wp:term":[{"taxonomy":"category","embeddable":true,"href":"https:\/\/ahorn-camp.de\/nl\/wp-json\/wp\/v2\/categories?post=3126"},{"taxonomy":"post_tag","embeddable":true,"href":"https:\/\/ahorn-camp.de\/nl\/wp-json\/wp\/v2\/tags?post=3126"}],"curies":[{"name":"wp","href":"https:\/\/api.w.org\/{rel}","templated":true}]}}