{"id":25489,"date":"2024-10-07T11:36:57","date_gmt":"2024-10-07T09:36:57","guid":{"rendered":"https:\/\/ahorn-camp.de\/?p=25489"},"modified":"2024-10-07T11:36:57","modified_gmt":"2024-10-07T09:36:57","slug":"podiumdiscussie","status":"publish","type":"post","link":"https:\/\/ahorn-camp.de\/nl\/podiumsdiskussion\/","title":{"rendered":"Podiumdiscussie met vooraanstaande gasten bij Ahorn Camp"},"content":{"rendered":"<div class=\"wpb-content-wrapper\" id=\"wpb-content-root\"><div class=\"vc_row wpb_row vc_row-fluid\"><div class=\"wpb_column vc_column_container vc_col-sm-6\"><div class=\"vc_column-inner\"><div class=\"wpb_wrapper\">\n\t<div class=\"wpb_text_column wpb_content_element\" >\n\t\t<div class=\"wpb_wrapper\">\n\t\t\t<p><strong>Toerisme als economische factor in Rijnland-Palts met minister van Economische Zaken Daniel Schmitt<\/strong><\/p>\n<p><strong>Speyer.<\/strong> Gisteren, op 25 september 2024, vond in het hoofdkantoor van Ahorn Camp in Speyer een podiumdiscussie plaats onder de titel \u201eToerisme in RLP \u2013 een regionale economische factor \u2013 en nog veel meer!\u201c. Deskundigen uit het bedrijfsleven, de toeristische sector, de horeca en de kampeersector wisselden met eregast Daniela Schmitt, minister van Economie, Verkeer, Landbouw en Wijnbouw, van gedachten over de huidige uitdagingen en kansen van deze sector. Naast Schmitt namen Mario Daum (Economische Ontwikkeling Speyer), J\u00fcrgen Vogel (IHK Pfalz), Alexander Reichmann (Ahorn Camp GmbH), Eric Kunz (Hotel Restaurant Kunz) en Christian Heck (Hotel am Wartturm) en nog eens bijna 60 vooraanstaande gasten aan het podiumgesprek deel.<\/p>\n<p><strong>Toerisme als economische en locatie factor <\/strong><\/p>\n<p>Minister van Economische Zaken Daniela Schmitt benadrukte het belang van het toerisme voor Rijnland-Palts. Ze benadrukte dat er de afgelopen jaren dankzij aanzienlijke investeringen belangrijke stappen zijn gezet voor het toerismebeleid \u2013 lang voordat de crises van de coronapandemie en de geopolitieke gevolgen van de oorlog in Oekra\u00efne de sector voor enorme uitdagingen stelden. Ondanks de crises ziet ze kansen: \u201eMensen zijn steeds meer op zoek naar rust en quality time in hun eigen omgeving.\u201c Schmitt benadrukte bovendien de rol van het toerisme voor de aantrekkelijkheid van de regio, wat vooral in de strijd tegen het tekort aan geschoold personeel van cruciaal belang is. Alexander Reichmann, directeur van Ahorn Camp GmbH, gaf specifiek inzicht in de kampeersector: \u201eDeze vorm van toerisme brengt kapitaal naar de steden, aangezien camperaars toeristen zijn die graag geld uitgeven en voornamelijk binnenlands op vakantie gaan. Tegelijkertijd is er een tekort aan staanplaatsen; er is een duidelijke strategie nodig en er moeten meer staanplaatsen worden aangelegd door de gemeenten.\u201c<\/p>\n<p><strong>Regulering en bureaucratie: belemmeringen voor het midden- en kleinbedrijf<\/strong><\/p>\n<p>Alexander Reichmann en J\u00fcrgen Vogel benadrukten de noodzaak van het wegnemen van bureaucratische hindernissen. Reichmann benadrukte dat het midden- en kleinbedrijf en met name familiebedrijven lijden onder de toenemende reguleringsdichtheid en het ontbreken van duidelijke standpunten van het gemeentelijke beleid: \u201eWij investeren en geven alles wat we kunnen. Maar daarvoor hebben we meer handelingsvrijheid en waardering nodig.\u201c Vogel van de Kamer van Koophandel vulde aan dat overregulering en het grote aantal subsidieprogramma\u2019s vaak eerder een remmend effect hebben: \u201eMinder bureaucratie, minder belastingen en heffingen \u2013 dat moet het doel zijn.\u201c Beiden riepen op tot een versterking van de ondernemersvrijheid om Rijnland-Palts als aantrekkelijke economische locatie veilig te stellen.<\/p>\n<p><strong>Oproep tot vermindering van bureaucratie en een nieuwe werkcultuur<\/strong><\/p>\n<p>Schmitt wees erop dat de regering al 57 maatregelen heeft genomen om het midden- en kleinbedrijf te ontlasten. Tegelijkertijd riep ze op tot een opener houding ten opzichte van geschoolde immigratie en meer \u201elust om te presteren\u201c in de samenleving. \u201eWe moeten de waarde van werk en de interesse in verantwoordelijkheid weer sterker naar voren schuiven,\u201c benadrukte ze.<\/p>\n<p><strong>Waardering en houding als toekomstige factoren<\/strong><\/p>\n<p>In haar slotverklaring benadrukte Schmitt het belang van waardering voor familiebedrijven, kleine en middelgrote ondernemingen, evenals agrarische en ambachtelijke bedrijven. Haar beleid richt zich op praktische oplossingen in dialoog met kamers en verenigingen. Tegelijkertijd waarschuwde ze dat in het maatschappelijk debat vaak een duidelijk commitment aan de economische standplaats ontbreekt. Ze riep op tot positief, toekomstgericht denken om de welvaart en innovatiekracht van het land te waarborgen. Schmitts optimistische oproep: \u201eWe moeten ons weer richten op gezamenlijke successen en daarbij ook de bereidheid tot presteren bevorderen om de uitdagingen van de toekomst te overwinnen.\u201c<\/p>\n\n\t\t<\/div>\n\t<\/div>\n<\/div><\/div><\/div><div class=\"wpb_column vc_column_container vc_col-sm-6\"><div class=\"vc_column-inner\"><div class=\"wpb_wrapper\">\n\t<div  class=\"wpb_single_image wpb_content_element vc_align_left wpb_content_element\">\n\t\t\n\t\t<figure class=\"wpb_wrapper vc_figure\">\n\t\t\t<div class=\"vc_single_image-wrapper\"><img fetchpriority=\"high\" decoding=\"async\" width=\"800\" height=\"600\" src=\"https:\/\/ahorn-camp.de\/wp-content\/uploads\/2024\/10\/Aktuelles-Website-6.png\" class=\"vc_single_image-img attachment-full\" alt=\"Paneldiscussie\" title=\"Paneldiscussie\" srcset=\"https:\/\/ahorn-camp.de\/wp-content\/uploads\/2024\/10\/Aktuelles-Website-6.png 800w, https:\/\/ahorn-camp.de\/wp-content\/uploads\/2024\/10\/Aktuelles-Website-6-300x225.png 300w, https:\/\/ahorn-camp.de\/wp-content\/uploads\/2024\/10\/Aktuelles-Website-6-768x576.png 768w, https:\/\/ahorn-camp.de\/wp-content\/uploads\/2024\/10\/Aktuelles-Website-6-200x150.png 200w\" sizes=\"(max-width: 800px) 100vw, 800px\" \/><\/div>\n\t\t<\/figure>\n\t<\/div>\n<h3 style=\"text-align: left\" class=\"vc_custom_heading vc_do_custom_heading\" >DOWNLOAD<\/h3>\n\t<div class=\"wpb_text_column wpb_content_element\" >\n\t\t<div class=\"wpb_wrapper\">\n\t\t\t<p><a href=\"https:\/\/ahorn-camp.de\/wp-content\/uploads\/2024\/10\/Pressemitteilung_Podiumsdiskussion.pdf\" target=\"_blank\" rel=\"noopener\">Persbericht | PDF<\/a><\/p>\n\n\t\t<\/div>\n\t<\/div>\n\n\t<div class=\"wpb_text_column wpb_content_element\" >\n\t\t<div class=\"wpb_wrapper\">\n\t\t\t<p><a href=\"https:\/\/www.dropbox.com\/scl\/fo\/bx0f1ffmnrfqmfd7b8u04\/AC2NOoh6PZ-t5gb8UAb0sxM?rlkey=x2vpsai73c891x0jcovltj7qp&amp;st=fjr9fusa&amp;dl=0\" target=\"_blank\" rel=\"noopener\">Afbeeldingen | Dropbox<\/a><\/p>\n\n\t\t<\/div>\n\t<\/div>\n<h3 style=\"text-align: left\" class=\"vc_custom_heading vc_do_custom_heading\" >PERSCONTACT<\/h3>\n\t<div class=\"wpb_text_column wpb_content_element\" >\n\t\t<div class=\"wpb_wrapper\">\n\t\t\t<p>Franziska Reichmann<br \/>\nHoofd Marketing<br \/>\nE-mail: f.reichmann@ahorn-camp.de<br \/>\nTel.: +49 (0) 6232 \/ 10028-165<br \/>\nFax: +49 (0) 6232 \/ 10028-105<\/p>\n\n\t\t<\/div>\n\t<\/div>\n<\/div><\/div><\/div><\/div>\n<\/div>","protected":false},"excerpt":{"rendered":"<p>Onder de titel \u201eToerisme in RLP \u2013 Economische factor regionaal \u2013 en nog veel meer!\u201c wisselden deskundigen uit de economie, het toerisme, de hotelbranche en de campingbranche met eregast Daniela Schmitt, minister van Economie, Verkeer, Landbouw en Wijnbouw, van gedachten over de actuele uitdagingen en kansen van deze economische tak.<\/p>","protected":false},"author":2,"featured_media":25490,"comment_status":"closed","ping_status":"closed","sticky":false,"template":"","format":"standard","meta":{"content-type":"","footnotes":""},"categories":[54,277],"tags":[],"class_list":["post-25489","post","type-post","status-publish","format-standard","has-post-thumbnail","hentry","category-messetermine","category-pressemitteilungen"],"yoast_head":"<!-- This site is optimized with the Yoast SEO plugin v28.3 - https:\/\/yoast.com\/product\/yoast-seo-wordpress\/ -->\n<title>Podiumsdiskussion mit hochkar\u00e4tigen G\u00e4sten bei Ahorn Camp<\/title>\n<meta name=\"description\" content=\"Experten aus Wirtschaft, Tourismus, Hotellerie und Campingbranche tauschten sich \u00fcber aktuelle Herausforderungen &amp; Chancen des Wirtschaftszweiges aus.\" \/>\n<meta name=\"robots\" content=\"index, follow, max-snippet:-1, max-image-preview:large, max-video-preview:-1\" \/>\n<link rel=\"canonical\" href=\"https:\/\/ahorn-camp.de\/nl\/podiumdiscussie\/\" \/>\n<meta property=\"og:locale\" content=\"nl_BE\" \/>\n<meta property=\"og:type\" content=\"article\" \/>\n<meta property=\"og:title\" content=\"Podiumsdiskussion mit hochkar\u00e4tigen G\u00e4sten bei Ahorn Camp\" \/>\n<meta property=\"og:description\" content=\"Experten aus Wirtschaft, Tourismus, Hotellerie und Campingbranche tauschten sich \u00fcber aktuelle Herausforderungen &amp; Chancen des Wirtschaftszweiges aus.\" \/>\n<meta property=\"og:url\" content=\"https:\/\/ahorn-camp.de\/nl\/podiumdiscussie\/\" \/>\n<meta property=\"og:site_name\" content=\"Ahorn Camp | Reisemobile und Kastenwagen\" \/>\n<meta property=\"article:publisher\" content=\"https:\/\/www.facebook.com\/ahorn.wohnmobile\/\" \/>\n<meta property=\"article:published_time\" content=\"2024-10-07T09:36:57+00:00\" \/>\n<meta property=\"og:image\" content=\"https:\/\/ahorn-camp.de\/wp-content\/uploads\/2024\/10\/Aktuelles-Website-6.png\" \/>\n\t<meta property=\"og:image:width\" content=\"800\" \/>\n\t<meta property=\"og:image:height\" content=\"600\" \/>\n\t<meta property=\"og:image:type\" content=\"image\/png\" \/>\n<meta name=\"author\" content=\"ahorn_admin\" \/>\n<meta name=\"twitter:card\" content=\"summary_large_image\" \/>\n<meta name=\"twitter:label1\" content=\"Geschreven door\" \/>\n\t<meta name=\"twitter:data1\" content=\"ahorn_admin\" \/>\n\t<meta name=\"twitter:label2\" content=\"Geschatte leestijd\" \/>\n\t<meta name=\"twitter:data2\" content=\"4 minuten\" \/>\n<script type=\"application\/ld+json\" class=\"yoast-schema-graph\">{\"@context\":\"https:\\\/\\\/schema.org\",\"@graph\":[{\"@type\":\"Article\",\"@id\":\"https:\\\/\\\/ahorn-camp.de\\\/podiumsdiskussion\\\/#article\",\"isPartOf\":{\"@id\":\"https:\\\/\\\/ahorn-camp.de\\\/podiumsdiskussion\\\/\"},\"author\":{\"name\":\"ahorn_admin\",\"@id\":\"https:\\\/\\\/ahorn-camp.de\\\/#\\\/schema\\\/person\\\/9b60761ba82d5cb8e6db215a88925044\"},\"headline\":\"Podiumsdiskussion mit hochkar\u00e4tigen G\u00e4sten bei Ahorn Camp\",\"datePublished\":\"2024-10-07T09:36:57+00:00\",\"mainEntityOfPage\":{\"@id\":\"https:\\\/\\\/ahorn-camp.de\\\/podiumsdiskussion\\\/\"},\"wordCount\":648,\"publisher\":{\"@id\":\"https:\\\/\\\/ahorn-camp.de\\\/#organization\"},\"image\":{\"@id\":\"https:\\\/\\\/ahorn-camp.de\\\/podiumsdiskussion\\\/#primaryimage\"},\"thumbnailUrl\":\"https:\\\/\\\/ahorn-camp.de\\\/wp-content\\\/uploads\\\/2024\\\/10\\\/Aktuelles-Website-6.png\",\"articleSection\":[\"Events &amp; Messen\",\"Pressemitteilungen\"],\"inLanguage\":\"nl-BE\"},{\"@type\":\"WebPage\",\"@id\":\"https:\\\/\\\/ahorn-camp.de\\\/podiumsdiskussion\\\/\",\"url\":\"https:\\\/\\\/ahorn-camp.de\\\/podiumsdiskussion\\\/\",\"name\":\"Podiumsdiskussion mit hochkar\u00e4tigen G\u00e4sten bei Ahorn Camp\",\"isPartOf\":{\"@id\":\"https:\\\/\\\/ahorn-camp.de\\\/#website\"},\"primaryImageOfPage\":{\"@id\":\"https:\\\/\\\/ahorn-camp.de\\\/podiumsdiskussion\\\/#primaryimage\"},\"image\":{\"@id\":\"https:\\\/\\\/ahorn-camp.de\\\/podiumsdiskussion\\\/#primaryimage\"},\"thumbnailUrl\":\"https:\\\/\\\/ahorn-camp.de\\\/wp-content\\\/uploads\\\/2024\\\/10\\\/Aktuelles-Website-6.png\",\"datePublished\":\"2024-10-07T09:36:57+00:00\",\"description\":\"Experten aus Wirtschaft, Tourismus, Hotellerie und Campingbranche tauschten sich \u00fcber aktuelle Herausforderungen & Chancen des Wirtschaftszweiges aus.\",\"breadcrumb\":{\"@id\":\"https:\\\/\\\/ahorn-camp.de\\\/podiumsdiskussion\\\/#breadcrumb\"},\"inLanguage\":\"nl-BE\",\"potentialAction\":[{\"@type\":\"ReadAction\",\"target\":[\"https:\\\/\\\/ahorn-camp.de\\\/podiumsdiskussion\\\/\"]}]},{\"@type\":\"ImageObject\",\"inLanguage\":\"nl-BE\",\"@id\":\"https:\\\/\\\/ahorn-camp.de\\\/podiumsdiskussion\\\/#primaryimage\",\"url\":\"https:\\\/\\\/ahorn-camp.de\\\/wp-content\\\/uploads\\\/2024\\\/10\\\/Aktuelles-Website-6.png\",\"contentUrl\":\"https:\\\/\\\/ahorn-camp.de\\\/wp-content\\\/uploads\\\/2024\\\/10\\\/Aktuelles-Website-6.png\",\"width\":800,\"height\":600,\"caption\":\"Podiumsdiskussion\"},{\"@type\":\"BreadcrumbList\",\"@id\":\"https:\\\/\\\/ahorn-camp.de\\\/podiumsdiskussion\\\/#breadcrumb\",\"itemListElement\":[{\"@type\":\"ListItem\",\"position\":1,\"name\":\"Startseite\",\"item\":\"https:\\\/\\\/ahorn-camp.de\\\/\"},{\"@type\":\"ListItem\",\"position\":2,\"name\":\"Podiumsdiskussion mit hochkar\u00e4tigen G\u00e4sten bei Ahorn Camp\"}]},{\"@type\":\"WebSite\",\"@id\":\"https:\\\/\\\/ahorn-camp.de\\\/#website\",\"url\":\"https:\\\/\\\/ahorn-camp.de\\\/\",\"name\":\"Ahorn Camp | Reisemobile und Kastenwagen\",\"description\":\"Seit \u00fcber 30 Jahren vermarktet das Familienunternehmen, Ahorn Camp in Speyer, erfolgreich Wohnmobile und Kastenwagen zum besten Preis-Leistungsverh\u00e4ltnis.\",\"publisher\":{\"@id\":\"https:\\\/\\\/ahorn-camp.de\\\/#organization\"},\"potentialAction\":[{\"@type\":\"SearchAction\",\"target\":{\"@type\":\"EntryPoint\",\"urlTemplate\":\"https:\\\/\\\/ahorn-camp.de\\\/?s={search_term_string}\"},\"query-input\":{\"@type\":\"PropertyValueSpecification\",\"valueRequired\":true,\"valueName\":\"search_term_string\"}}],\"inLanguage\":\"nl-BE\"},{\"@type\":\"Organization\",\"@id\":\"https:\\\/\\\/ahorn-camp.de\\\/#organization\",\"name\":\"Ahorn Camp GmbH & Co. KG\",\"url\":\"https:\\\/\\\/ahorn-camp.de\\\/\",\"logo\":{\"@type\":\"ImageObject\",\"inLanguage\":\"nl-BE\",\"@id\":\"https:\\\/\\\/ahorn-camp.de\\\/#\\\/schema\\\/logo\\\/image\\\/\",\"url\":\"https:\\\/\\\/ahorn-camp.de\\\/wp-content\\\/uploads\\\/2018\\\/12\\\/Ahorn_Logo.jpg\",\"contentUrl\":\"https:\\\/\\\/ahorn-camp.de\\\/wp-content\\\/uploads\\\/2018\\\/12\\\/Ahorn_Logo.jpg\",\"width\":1437,\"height\":1000,\"caption\":\"Ahorn Camp GmbH & Co. KG\"},\"image\":{\"@id\":\"https:\\\/\\\/ahorn-camp.de\\\/#\\\/schema\\\/logo\\\/image\\\/\"},\"sameAs\":[\"https:\\\/\\\/www.facebook.com\\\/ahorn.wohnmobile\\\/\",\"https:\\\/\\\/www.instagram.com\\\/ahorn.camp\\\/\",\"https:\\\/\\\/www.youtube.com\\\/channel\\\/UCPFbPCts1JJ_A1k9vyH0yOQ\"]},{\"@type\":\"Person\",\"@id\":\"https:\\\/\\\/ahorn-camp.de\\\/#\\\/schema\\\/person\\\/9b60761ba82d5cb8e6db215a88925044\",\"name\":\"ahorn_admin\",\"image\":{\"@type\":\"ImageObject\",\"inLanguage\":\"nl-BE\",\"@id\":\"https:\\\/\\\/secure.gravatar.com\\\/avatar\\\/d96b9a078083b0c14cee48589feadd939c3cdd66547e2f3f1569470371daaaa5?s=96&d=mm&r=g\",\"url\":\"https:\\\/\\\/secure.gravatar.com\\\/avatar\\\/d96b9a078083b0c14cee48589feadd939c3cdd66547e2f3f1569470371daaaa5?s=96&d=mm&r=g\",\"contentUrl\":\"https:\\\/\\\/secure.gravatar.com\\\/avatar\\\/d96b9a078083b0c14cee48589feadd939c3cdd66547e2f3f1569470371daaaa5?s=96&d=mm&r=g\",\"caption\":\"ahorn_admin\"},\"sameAs\":[\"http:\\\/\\\/Ahorn%20Camp\"],\"url\":\"https:\\\/\\\/ahorn-camp.de\\\/nl\\\/author\\\/ahorn_admin\\\/\"}]}<\/script>\n<!-- \/ Yoast SEO plugin. -->","yoast_head_json":{"title":"Podiumdiscussie met vooraanstaande gasten bij Ahorn Camp","description":"Experts uit de zakenwereld, toerisme, horeca en campingbranche wisselen van gedachten over de huidige uitdagingen en kansen van de economische sector.","robots":{"index":"index","follow":"follow","max-snippet":"max-snippet:-1","max-image-preview":"max-image-preview:large","max-video-preview":"max-video-preview:-1"},"canonical":"https:\/\/ahorn-camp.de\/nl\/podiumdiscussie\/","og_locale":"nl_BE","og_type":"article","og_title":"Podiumsdiskussion mit hochkar\u00e4tigen G\u00e4sten bei Ahorn Camp","og_description":"Experten aus Wirtschaft, Tourismus, Hotellerie und Campingbranche tauschten sich \u00fcber aktuelle Herausforderungen & Chancen des Wirtschaftszweiges aus.","og_url":"https:\/\/ahorn-camp.de\/nl\/podiumdiscussie\/","og_site_name":"Ahorn Camp | Reisemobile und Kastenwagen","article_publisher":"https:\/\/www.facebook.com\/ahorn.wohnmobile\/","article_published_time":"2024-10-07T09:36:57+00:00","og_image":[{"width":800,"height":600,"url":"https:\/\/ahorn-camp.de\/wp-content\/uploads\/2024\/10\/Aktuelles-Website-6.png","type":"image\/png"}],"author":"ahorn_admin","twitter_card":"summary_large_image","twitter_misc":{"Geschreven door":"ahorn_admin","Geschatte leestijd":"4 minuten"},"schema":{"@context":"https:\/\/schema.org","@graph":[{"@type":"Article","@id":"https:\/\/ahorn-camp.de\/podiumsdiskussion\/#article","isPartOf":{"@id":"https:\/\/ahorn-camp.de\/podiumsdiskussion\/"},"author":{"name":"ahorn_admin","@id":"https:\/\/ahorn-camp.de\/#\/schema\/person\/9b60761ba82d5cb8e6db215a88925044"},"headline":"Podiumsdiskussion mit hochkar\u00e4tigen G\u00e4sten bei Ahorn Camp","datePublished":"2024-10-07T09:36:57+00:00","mainEntityOfPage":{"@id":"https:\/\/ahorn-camp.de\/podiumsdiskussion\/"},"wordCount":648,"publisher":{"@id":"https:\/\/ahorn-camp.de\/#organization"},"image":{"@id":"https:\/\/ahorn-camp.de\/podiumsdiskussion\/#primaryimage"},"thumbnailUrl":"https:\/\/ahorn-camp.de\/wp-content\/uploads\/2024\/10\/Aktuelles-Website-6.png","articleSection":["Events &amp; Messen","Pressemitteilungen"],"inLanguage":"nl-BE"},{"@type":"WebPage","@id":"https:\/\/ahorn-camp.de\/podiumsdiskussion\/","url":"https:\/\/ahorn-camp.de\/podiumsdiskussion\/","name":"Podiumdiscussie met vooraanstaande gasten bij Ahorn Camp","isPartOf":{"@id":"https:\/\/ahorn-camp.de\/#website"},"primaryImageOfPage":{"@id":"https:\/\/ahorn-camp.de\/podiumsdiskussion\/#primaryimage"},"image":{"@id":"https:\/\/ahorn-camp.de\/podiumsdiskussion\/#primaryimage"},"thumbnailUrl":"https:\/\/ahorn-camp.de\/wp-content\/uploads\/2024\/10\/Aktuelles-Website-6.png","datePublished":"2024-10-07T09:36:57+00:00","description":"Experts uit de zakenwereld, toerisme, horeca en campingbranche wisselen van gedachten over de huidige uitdagingen en kansen van de economische sector.","breadcrumb":{"@id":"https:\/\/ahorn-camp.de\/podiumsdiskussion\/#breadcrumb"},"inLanguage":"nl-BE","potentialAction":[{"@type":"ReadAction","target":["https:\/\/ahorn-camp.de\/podiumsdiskussion\/"]}]},{"@type":"ImageObject","inLanguage":"nl-BE","@id":"https:\/\/ahorn-camp.de\/podiumsdiskussion\/#primaryimage","url":"https:\/\/ahorn-camp.de\/wp-content\/uploads\/2024\/10\/Aktuelles-Website-6.png","contentUrl":"https:\/\/ahorn-camp.de\/wp-content\/uploads\/2024\/10\/Aktuelles-Website-6.png","width":800,"height":600,"caption":"Podiumsdiskussion"},{"@type":"BreadcrumbList","@id":"https:\/\/ahorn-camp.de\/podiumsdiskussion\/#breadcrumb","itemListElement":[{"@type":"ListItem","position":1,"name":"Startseite","item":"https:\/\/ahorn-camp.de\/"},{"@type":"ListItem","position":2,"name":"Podiumsdiskussion mit hochkar\u00e4tigen G\u00e4sten bei Ahorn Camp"}]},{"@type":"WebSite","@id":"https:\/\/ahorn-camp.de\/#website","url":"https:\/\/ahorn-camp.de\/","name":"Ahorn Camp | Campers en bestelwagens","description":"Al meer dan 30 jaar verkoopt het familiebedrijf Ahorn Camp in Speyer met succes campers en bestelbusjes met de beste prijs-kwaliteitverhouding.","publisher":{"@id":"https:\/\/ahorn-camp.de\/#organization"},"potentialAction":[{"@type":"SearchAction","target":{"@type":"EntryPoint","urlTemplate":"https:\/\/ahorn-camp.de\/?s={search_term_string}"},"query-input":{"@type":"PropertyValueSpecification","valueRequired":true,"valueName":"search_term_string"}}],"inLanguage":"nl-BE"},{"@type":"Organization","@id":"https:\/\/ahorn-camp.de\/#organization","name":"Ahorn Camp GmbH &amp; Co. KG","url":"https:\/\/ahorn-camp.de\/","logo":{"@type":"ImageObject","inLanguage":"nl-BE","@id":"https:\/\/ahorn-camp.de\/#\/schema\/logo\/image\/","url":"https:\/\/ahorn-camp.de\/wp-content\/uploads\/2018\/12\/Ahorn_Logo.jpg","contentUrl":"https:\/\/ahorn-camp.de\/wp-content\/uploads\/2018\/12\/Ahorn_Logo.jpg","width":1437,"height":1000,"caption":"Ahorn Camp GmbH & Co. KG"},"image":{"@id":"https:\/\/ahorn-camp.de\/#\/schema\/logo\/image\/"},"sameAs":["https:\/\/www.facebook.com\/ahorn.wohnmobile\/","https:\/\/www.instagram.com\/ahorn.camp\/","https:\/\/www.youtube.com\/channel\/UCPFbPCts1JJ_A1k9vyH0yOQ"]},{"@type":"Person","@id":"https:\/\/ahorn-camp.de\/#\/schema\/person\/9b60761ba82d5cb8e6db215a88925044","name":"ahorn_admin","image":{"@type":"ImageObject","inLanguage":"nl-BE","@id":"https:\/\/secure.gravatar.com\/avatar\/d96b9a078083b0c14cee48589feadd939c3cdd66547e2f3f1569470371daaaa5?s=96&d=mm&r=g","url":"https:\/\/secure.gravatar.com\/avatar\/d96b9a078083b0c14cee48589feadd939c3cdd66547e2f3f1569470371daaaa5?s=96&d=mm&r=g","contentUrl":"https:\/\/secure.gravatar.com\/avatar\/d96b9a078083b0c14cee48589feadd939c3cdd66547e2f3f1569470371daaaa5?s=96&d=mm&r=g","caption":"ahorn_admin"},"sameAs":["http:\/\/Ahorn%20Camp"],"url":"https:\/\/ahorn-camp.de\/nl\/author\/ahorn_admin\/"}]}},"_links":{"self":[{"href":"https:\/\/ahorn-camp.de\/nl\/wp-json\/wp\/v2\/posts\/25489","targetHints":{"allow":["GET"]}}],"collection":[{"href":"https:\/\/ahorn-camp.de\/nl\/wp-json\/wp\/v2\/posts"}],"about":[{"href":"https:\/\/ahorn-camp.de\/nl\/wp-json\/wp\/v2\/types\/post"}],"author":[{"embeddable":true,"href":"https:\/\/ahorn-camp.de\/nl\/wp-json\/wp\/v2\/users\/2"}],"replies":[{"embeddable":true,"href":"https:\/\/ahorn-camp.de\/nl\/wp-json\/wp\/v2\/comments?post=25489"}],"version-history":[{"count":0,"href":"https:\/\/ahorn-camp.de\/nl\/wp-json\/wp\/v2\/posts\/25489\/revisions"}],"wp:featuredmedia":[{"embeddable":true,"href":"https:\/\/ahorn-camp.de\/nl\/wp-json\/wp\/v2\/media\/25490"}],"wp:attachment":[{"href":"https:\/\/ahorn-camp.de\/nl\/wp-json\/wp\/v2\/media?parent=25489"}],"wp:term":[{"taxonomy":"category","embeddable":true,"href":"https:\/\/ahorn-camp.de\/nl\/wp-json\/wp\/v2\/categories?post=25489"},{"taxonomy":"post_tag","embeddable":true,"href":"https:\/\/ahorn-camp.de\/nl\/wp-json\/wp\/v2\/tags?post=25489"}],"curies":[{"name":"wp","href":"https:\/\/api.w.org\/{rel}","templated":true}]}}