{"id":16536,"date":"2022-06-10T16:43:09","date_gmt":"2022-06-10T14:43:09","guid":{"rendered":"https:\/\/ahorn-camp.de\/?p=16536"},"modified":"2024-09-24T10:36:24","modified_gmt":"2024-09-24T08:36:24","slug":"welk-fietsdragersysteem-past-op-mijn-camper","status":"publish","type":"post","link":"https:\/\/ahorn-camp.de\/nl\/welches-fahrradtraegersystem-passt-fuer-mein-reisemobil\/","title":{"rendered":"Welk fietsdragersysteem past op mijn camper?"},"content":{"rendered":"<div class=\"wpb-content-wrapper\" id=\"wpb-content-root\"><div class=\"vc_row wpb_row vc_row-fluid\"><div class=\"wpb_column vc_column_container vc_col-sm-12\"><div class=\"vc_column-inner\"><div class=\"wpb_wrapper\">\n\t<div class=\"wpb_text_column wpb_content_element\" >\n\t\t<div class=\"wpb_wrapper\">\n\t\t\t<p>U wilt uw <a href=\"https:\/\/ahorn-camp.de\/nl\/6-tips-voor-reizen-met-een-fietsendrager-op-de-camper\/\">Fiets<\/a> mee te nemen op kampeervakantie en overwegen hoe je dat moet aanpakken? Gelukkig bieden zowel campers als campervans hier enkele praktische oplossingen in de vorm van verschillende fietsendragersystemen. Om je een uitgebreid onderzoek te besparen, hebben we de belangrijkste feiten over de verschillende fietsendragersystemen voor je op een rijtje gezet.<\/p>\n\n\t\t<\/div>\n\t<\/div>\n<\/div><\/div><\/div><\/div><div class=\"vc_row wpb_row vc_row-fluid\"><div class=\"wpb_column vc_column_container vc_col-sm-12\"><div class=\"vc_column-inner\"><div class=\"wpb_wrapper\"><h2 style=\"font-size: 18px;text-align: left\" class=\"vc_custom_heading vc_do_custom_heading\" >Exclusief voor campers: garagesystemen<\/h2>\n\t<div class=\"wpb_text_column wpb_content_element\" >\n\t\t<div class=\"wpb_wrapper\">\n\t\t\t<p>Een populaire manier om fietsen te vervoeren, maar die uitsluitend geschikt is voor <strong>grotere campers met garagedeur achteraan<\/strong> biedt, is het intern transport via de garage. Deze opslagruimte biedt, zonder externe fietsendrager, voldoende ruimte om eigen fietsen te stallen. Niettemin zou hier ook ge\u00efnvesteerd moeten worden in een zekere <strong>Transportuitrusting<\/strong> ge\u00efnvesteerd, omdat anders wrijvingsschade aan de fiets of aan de garage muren kan ontstaan. Je kunt je fietsen bijvoorbeeld vastzetten met behulp van <strong>Vloerrails<\/strong>, waarin de voorwielvrije fietsen worden vastgeklemd, of met behulp van <strong>Dragers op slee<\/strong>, waardoor de wielen naar boven of opzij kunnen worden ondersteund. Bij sommige modellen zijn de rails vast gemonteerd, bij andere kunnen ze worden uitgeschoven, wat het laden en lossen nog eenvoudiger maakt. Als u uw fiets slechts af en toe achterin wilt vervoeren, volstaat ook een goed vastzetsysteem, waarbij uw fiets veilig met een spanband wordt vastgezet.<\/p>\n<p>Garagesystemen bieden het voordeel dat fietsen en e-bikes weers- en diefstalbestendig kunnen worden vervoerd \u2013 en voor e-bike-bezitters bieden ze het bijzondere voordeel dat hier laadmogelijkheden kunnen worden ge\u00efnstalleerd. De opbergruimte voor bijvoorbeeld campingmeubilair wordt door deze variant echter verkleind.<\/p>\n\n\t\t<\/div>\n\t<\/div>\n<\/div><\/div><\/div><\/div><div class=\"vc_row wpb_row vc_row-fluid\"><div class=\"wpb_column vc_column_container vc_col-sm-6\"><div class=\"vc_column-inner\"><div class=\"wpb_wrapper\"><h2 style=\"font-size: 18px;text-align: left\" class=\"vc_custom_heading vc_do_custom_heading\" >Voor campers en kampeerauto's: montage achterklep<\/h2>\n\t<div class=\"wpb_text_column wpb_content_element\" >\n\t\t<div class=\"wpb_wrapper\">\n\t\t\t<p>Deze variant is zowel bij campers als bij campervans een populaire oplossing voor het vervoeren van fietsen. De fietsendrager wordt hier door middel van zelfsnijdende schroeven of het gebruik van een boor aan de achterkant van de camper bevestigd - meestal op de achterklep of aan het chassis. <strong>Voor u interessante bijzonderheden: <\/strong>Fietsendragers hebben een laag eigen gewicht en een hoge laadcapaciteit. Ze kunnen daarom tot 60 kilogram dragen, wat voldoende is voor het vervoeren van gemiddeld twee zware e-bikes of vier gewone fietsen. Bij busjes is dit echter slechts 35 kilogram.<\/p>\n<p>Aangezien de laadhoogte echter soms behoorlijk hoog kan zijn en vaak problemen veroorzaakt bij het laden van zwaardere fietsen (met name e-bikes), is het raadzaam om te letten op neerlaatbare rails, die zich ofwel met een slinger ofwel met een gemotoriseerde neerlaatfunctie tot een aangename hoogte laten brengen. Ook bij reguliere fietsen kan dit het laadproces aanzienlijk vergemakkelijken. Achterdragers bieden het verdere voordeel dat ze snel en met weinig gereedschap weer afneembaar zijn en bovendien voordelig zijn. Een nadeel is een nogal krappe railsafstand vanaf drie fietsen en een hoge laadhoogte, indien er geen neerlaatfunctie aanwezig is.<\/p>\n\n\t\t<\/div>\n\t<\/div>\n<\/div><\/div><\/div><div class=\"wpb_column vc_column_container vc_col-sm-6\"><div class=\"vc_column-inner\"><div class=\"wpb_wrapper\"><div class=\"vc_row wpb_row vc_inner vc_row-fluid\"><div class=\"wpb_column vc_column_container vc_col-sm-12\"><div class=\"vc_column-inner\"><div class=\"wpb_wrapper\"><\/div><\/div><\/div><\/div>\n\t<div  class=\"wpb_single_image wpb_content_element vc_align_left wpb_content_element\">\n\t\t\n\t\t<figure class=\"wpb_wrapper vc_figure\">\n\t\t\t<div class=\"vc_single_image-wrapper\"><img fetchpriority=\"high\" decoding=\"async\" class=\"vc_single_image-img\" src=\"https:\/\/ahorn-camp.de\/wp-content\/uploads\/2022\/06\/thule_excellent_short_2rails_309822-1500x1190.jpg\" width=\"1500\" height=\"1190\" alt=\"Het fietsendrager-systeem voor montage op de achterklep\" title=\"De montage aan de achterwand is een populair fietsdragersysteem voor Ahorn campers\" \/><\/div><figcaption class=\"vc_figure-caption\">De montage achterop is een populaire oplossing voor het vervoeren van fietsen, zowel bij campers als bij campervans. <\/figcaption>\n\t\t<\/figure>\n\t<\/div>\n<\/div><\/div><\/div><\/div><div class=\"vc_row wpb_row vc_row-fluid\"><div class=\"wpb_column vc_column_container vc_col-sm-12\"><div class=\"vc_column-inner\"><div class=\"wpb_wrapper\"><h2 style=\"font-size: 18px;text-align: left\" class=\"vc_custom_heading vc_do_custom_heading\" >Chassis montage<\/h2>\n\t<div class=\"wpb_text_column wpb_content_element\" >\n\t\t<div class=\"wpb_wrapper\">\n\t\t\t<p>Met deze optie hoeft u zich geen zorgen te maken of uw fietsendrager uw e-bikes wel aankan, want met behulp van chassisdragers kunt u ladingen tot ruim 150 kg vervoeren. Hierdoor is zelfs het meenemen van een lichtere scooter of motorfiets mogelijk. In tegenstelling tot montage op de achterwand vervalt hier door de lage laadhoogte ook het probleem van het laden en lossen. Niettemin zijn er ook hier oprijbanen, die het moeiteloos omhoog duwen van de fietsen \u2013 en met name e-bikes \u2013 vergemakkelijken. Het volledig afnemen is bij veel fietsendragers mogelijk, en ter bescherming van de draaglast zijn er bovendien passende beschermhoezen bij veel fabrikanten verkrijgbaar. Dit draagsysteem heeft echter zijn prijs \u2013 en een behoorlijk hoog eigen gewicht. Bovendien moeten hier frameverlengingen en de elektra voor extra verlichting worden gemonteerd. Een extra luchtvering voor de achteras wordt eveneens aanbevolen. Belangrijk: deze variant dient beslist door een expert te worden gemonteerd.<\/p>\n\n\t\t<\/div>\n\t<\/div>\n<\/div><\/div><\/div><\/div><div class=\"vc_row wpb_row vc_row-fluid\"><div class=\"wpb_column vc_column_container vc_col-sm-6\"><div class=\"vc_column-inner\"><div class=\"wpb_wrapper\"><h2 style=\"font-size: 18px;text-align: left\" class=\"vc_custom_heading vc_do_custom_heading\" >Trekhaakdrager<\/h2>\n\t<div class=\"wpb_text_column wpb_content_element\" >\n\t\t<div class=\"wpb_wrapper\">\n\t\t\t<p>Wie een trekhaak heeft, kan gebruik maken van een heel eenvoudige en daarom populaire variant van fietsendragers en een fietsendrager op de trekhaak monteren. Deze kan er snel en eenvoudig opgeschroefd of vastgeklemd worden en net zo snel weer losgeschroefd worden \u2013 daarom is er voor deze variant niet per se een expert nodig.<\/p>\n<p>Hier is echter te vermelden dat de trekhaakdrager over eigen verlichting en eigen nummerplaat beschikt, omdat de verlichting en nummerplaat worden afgedekt door de camper of campervan. De aanschafkosten hiervan liggen in het middensegment \u2013 echter het draagvermogen op de trekhaak \u2013 en daarmee ook het brandstofverbruik \u2013 neemt hierdoor aanzienlijk toe. Om de deuren nog te kunnen openen, moet er voor bestelwagens bovendien een neerklapbare drager worden gemonteerd.<\/p>\n\n\t\t<\/div>\n\t<\/div>\n<\/div><\/div><\/div><div class=\"wpb_column vc_column_container vc_col-sm-6\"><div class=\"vc_column-inner\"><div class=\"wpb_wrapper\"><div class=\"vc_row wpb_row vc_inner vc_row-fluid\"><div class=\"wpb_column vc_column_container vc_col-sm-12\"><div class=\"vc_column-inner\"><div class=\"wpb_wrapper\"><\/div><\/div><\/div><\/div>\n\t<div  class=\"wpb_single_image wpb_content_element vc_align_left wpb_content_element\">\n\t\t\n\t\t<figure class=\"wpb_wrapper vc_figure\">\n\t\t\t<div class=\"vc_single_image-wrapper\"><img decoding=\"async\" width=\"300\" height=\"300\" src=\"https:\/\/ahorn-camp.de\/wp-content\/uploads\/2022\/06\/mikro_2_4_fahrraeder-300x300.jpg\" class=\"vc_single_image-img attachment-medium\" alt=\"Een trekhaakdrager die aan de trekhaak van een Ahorn Camp-camper is bevestigd.\" title=\"De trekhaakdrager is een populair fietsendragersysteem voor Ahorn Camp-campers\" srcset=\"https:\/\/ahorn-camp.de\/wp-content\/uploads\/2022\/06\/mikro_2_4_fahrraeder-300x300.jpg 300w, https:\/\/ahorn-camp.de\/wp-content\/uploads\/2022\/06\/mikro_2_4_fahrraeder-1024x1024.jpg 1024w, https:\/\/ahorn-camp.de\/wp-content\/uploads\/2022\/06\/mikro_2_4_fahrraeder-150x150.jpg 150w, https:\/\/ahorn-camp.de\/wp-content\/uploads\/2022\/06\/mikro_2_4_fahrraeder-768x768.jpg 768w, https:\/\/ahorn-camp.de\/wp-content\/uploads\/2022\/06\/mikro_2_4_fahrraeder-600x600.jpg 600w, https:\/\/ahorn-camp.de\/wp-content\/uploads\/2022\/06\/mikro_2_4_fahrraeder-1536x1536.jpg 1536w, https:\/\/ahorn-camp.de\/wp-content\/uploads\/2022\/06\/mikro_2_4_fahrraeder-400x400.jpg 400w, https:\/\/ahorn-camp.de\/wp-content\/uploads\/2022\/06\/mikro_2_4_fahrraeder-800x800.jpg 800w, https:\/\/ahorn-camp.de\/wp-content\/uploads\/2022\/06\/mikro_2_4_fahrraeder-100x100.jpg 100w, https:\/\/ahorn-camp.de\/wp-content\/uploads\/2022\/06\/mikro_2_4_fahrraeder.jpg 1600w\" sizes=\"(max-width: 300px) 100vw, 300px\" \/><\/div><figcaption class=\"vc_figure-caption\">Een fietsendrager voor op de trekhaak kan snel en eenvoudig op de trekhaak worden geschroefd of geklemd.<\/figcaption>\n\t\t<\/figure>\n\t<\/div>\n<\/div><\/div><\/div><\/div><div class=\"vc_row wpb_row vc_row-fluid\"><div class=\"wpb_column vc_column_container vc_col-sm-12\"><div class=\"vc_column-inner\"><div class=\"wpb_wrapper\"><h2 style=\"font-size: 18px;text-align: left\" class=\"vc_custom_heading vc_do_custom_heading\" >Voor campervans: deurmontage en scharnier montage<\/h2>\n\t<div class=\"wpb_text_column wpb_content_element\" >\n\t\t<div class=\"wpb_wrapper\">\n\t\t\t<p>Zoals u nu hebt geleerd, zijn er ook voor campervans tal van mogelijkheden om een fietsendrager aan het voertuig te monteren. De deurenmontage en de scharnierbevestiging zijn hiervoor bijzonder geschikt.<\/p>\n<p>Bij de deurmontage wordt een drager aan de rail gehangen die aan de rechter achterdeur is bevestigd. De deurmontage biedt als voordeel dat deze relatief goedkoop is, een laag eigen gewicht heeft en na de eerste montage snel weer kan worden verwijderd. Het staat echter slechts een draagvermogen tot 35 kilogram toe en de deur en scharnieren worden zwaar belast, waardoor deze niet geschikt is voor het transport van e-bikes. Bovendien wordt het zicht vanuit het raam bij deze variant geblokkeerd.<\/p>\n<p>Voor het transport van e-bikes is de montage van de drager op het chassis of direct aan de scharnieren geschikt. De laatstgenoemde variant werkt door een fietsendrager aan de scharnierbouten van de deuren te bevestigen. Deze moeten echter ontgrendeld worden om weg te kunnen draaien. Hier zijn hogere laadvermogens tot 60 kilogram mogelijk en de deuren zelf worden niet belast. Ze zijn echter duurder en zwaarder dan deurdragers.<\/p>\n\n\t\t<\/div>\n\t<\/div>\n<\/div><\/div><\/div><\/div><div class=\"vc_row wpb_row vc_row-fluid\"><div class=\"wpb_column vc_column_container vc_col-sm-12\"><div class=\"vc_column-inner\"><div class=\"wpb_wrapper\"><h2 style=\"font-size: 18px;text-align: left\" class=\"vc_custom_heading vc_do_custom_heading\" >Alternatieven voor de fietsendrager<\/h2>\n\t<div class=\"wpb_text_column wpb_content_element\" >\n\t\t<div class=\"wpb_wrapper\">\n\t\t\t<p>Als u tijdens uw vakantie uw normale fiets of e-bike niet per se nodig heeft en tegelijkertijd ruimte en gewicht wilt besparen, dan kunnen onze praktische vouwfietsen de perfecte alternatieve oplossing zijn.<\/p>\n<p>Wat u verder moet weten over het meenemen van fietsen, leest u hier. Veel plezier met uw volgende camperreis met de fiets.<\/p>\n\n\t\t<\/div>\n\t<\/div>\n<\/div><\/div><\/div><\/div><div class=\"vc_row wpb_row vc_row-fluid\"><div class=\"wpb_column vc_column_container vc_col-sm-12\"><div class=\"vc_column-inner\"><div class=\"wpb_wrapper\">\n\t<div class=\"wpb_text_column wpb_content_element\" >\n\t\t<div class=\"wpb_wrapper\">\n\t\t\t<p><em>Afbeeldingen: Thule Sweden AB \/ ALOIS KOBER GMBH<\/em><\/p>\n\n\t\t<\/div>\n\t<\/div>\n<\/div><\/div><\/div><\/div>\n<\/div>","protected":false},"excerpt":{"rendered":"<p>Wil je je fiets meenemen op vakantie met de camper en vraag je je af hoe je dat moet doen? Gelukkig bieden zowel campers als campervans hier handige opties voor in de vorm van verschillende fietsendrager systemen. Om je uitgebreid zoekwerk te besparen, hebben we de belangrijkste feiten over de verschillende fietsendrager systemen voor je op een rij gezet.<\/p>","protected":false},"author":2,"featured_media":16587,"comment_status":"open","ping_status":"open","sticky":false,"template":"","format":"standard","meta":{"content-type":"","footnotes":""},"categories":[208,291],"tags":[],"class_list":["post-16536","post","type-post","status-publish","format-standard","has-post-thumbnail","hentry","category-blog","category-nicht-kategorisiert-en-gb"],"yoast_head":"<!-- This site is optimized with the Yoast SEO plugin v28.4 - https:\/\/yoast.com\/product\/yoast-seo-wordpress\/ -->\n<title>Fahrradtr\u00e4gersystem f\u00fcr das Ahorn Reisemobil<\/title>\n<meta name=\"description\" content=\"Reisen mit Wohnmobil und Fahrrad: Welches Fahrradtr\u00e4gersystem passt f\u00fcr Sie? Wir zeigen die wichtigsten Eigenschaften und Unterschiede.\" \/>\n<meta name=\"robots\" content=\"index, follow, max-snippet:-1, max-image-preview:large, max-video-preview:-1\" \/>\n<link rel=\"canonical\" href=\"https:\/\/ahorn-camp.de\/nl\/welk-fietsdragersysteem-past-op-mijn-camper\/\" \/>\n<meta property=\"og:locale\" content=\"nl_BE\" \/>\n<meta property=\"og:type\" content=\"article\" \/>\n<meta property=\"og:title\" content=\"Fahrradtr\u00e4gersystem f\u00fcr das Ahorn Reisemobil\" \/>\n<meta property=\"og:description\" content=\"Reisen mit Wohnmobil und Fahrrad: Welches Fahrradtr\u00e4gersystem passt f\u00fcr Sie? Wir zeigen die wichtigsten Eigenschaften und Unterschiede.\" \/>\n<meta property=\"og:url\" content=\"https:\/\/ahorn-camp.de\/nl\/welk-fietsdragersysteem-past-op-mijn-camper\/\" \/>\n<meta property=\"og:site_name\" content=\"Ahorn Camp | Reisemobile und Kastenwagen\" \/>\n<meta property=\"article:publisher\" content=\"https:\/\/www.facebook.com\/ahorn.wohnmobile\/\" \/>\n<meta property=\"article:published_time\" content=\"2022-06-10T14:43:09+00:00\" \/>\n<meta property=\"article:modified_time\" content=\"2024-09-24T08:36:24+00:00\" \/>\n<meta property=\"og:image\" content=\"https:\/\/ahorn-camp.de\/wp-content\/uploads\/2022\/06\/Ahorn-Camp_-AlaskaTD_hikebike-11-scaled.jpg\" \/>\n\t<meta property=\"og:image:width\" content=\"2560\" \/>\n\t<meta property=\"og:image:height\" content=\"2048\" \/>\n\t<meta property=\"og:image:type\" content=\"image\/jpeg\" \/>\n<meta name=\"author\" content=\"ahorn_admin\" \/>\n<meta name=\"twitter:card\" content=\"summary_large_image\" \/>\n<meta name=\"twitter:label1\" content=\"Geschreven door\" \/>\n\t<meta name=\"twitter:data1\" content=\"ahorn_admin\" \/>\n\t<meta name=\"twitter:label2\" content=\"Geschatte leestijd\" \/>\n\t<meta name=\"twitter:data2\" content=\"6 minuten\" \/>\n<script type=\"application\/ld+json\" class=\"yoast-schema-graph\">{\"@context\":\"https:\\\/\\\/schema.org\",\"@graph\":[{\"@type\":\"Article\",\"@id\":\"https:\\\/\\\/ahorn-camp.de\\\/welches-fahrradtraegersystem-passt-fuer-mein-reisemobil\\\/#article\",\"isPartOf\":{\"@id\":\"https:\\\/\\\/ahorn-camp.de\\\/welches-fahrradtraegersystem-passt-fuer-mein-reisemobil\\\/\"},\"author\":{\"name\":\"ahorn_admin\",\"@id\":\"https:\\\/\\\/ahorn-camp.de\\\/#\\\/schema\\\/person\\\/9b60761ba82d5cb8e6db215a88925044\"},\"headline\":\"Welches Fahrradtr\u00e4gersystem passt f\u00fcr mein Reisemobil?\",\"datePublished\":\"2022-06-10T14:43:09+00:00\",\"dateModified\":\"2024-09-24T08:36:24+00:00\",\"mainEntityOfPage\":{\"@id\":\"https:\\\/\\\/ahorn-camp.de\\\/welches-fahrradtraegersystem-passt-fuer-mein-reisemobil\\\/\"},\"wordCount\":1289,\"commentCount\":0,\"publisher\":{\"@id\":\"https:\\\/\\\/ahorn-camp.de\\\/#organization\"},\"image\":{\"@id\":\"https:\\\/\\\/ahorn-camp.de\\\/welches-fahrradtraegersystem-passt-fuer-mein-reisemobil\\\/#primaryimage\"},\"thumbnailUrl\":\"https:\\\/\\\/ahorn-camp.de\\\/wp-content\\\/uploads\\\/2022\\\/06\\\/Ahorn-Camp_-AlaskaTD_hikebike-11-scaled.jpg\",\"articleSection\":[\"Blog\",\"Nicht kategorisiert\"],\"inLanguage\":\"nl-BE\",\"potentialAction\":[{\"@type\":\"CommentAction\",\"name\":\"Comment\",\"target\":[\"https:\\\/\\\/ahorn-camp.de\\\/welches-fahrradtraegersystem-passt-fuer-mein-reisemobil\\\/#respond\"]}]},{\"@type\":\"WebPage\",\"@id\":\"https:\\\/\\\/ahorn-camp.de\\\/welches-fahrradtraegersystem-passt-fuer-mein-reisemobil\\\/\",\"url\":\"https:\\\/\\\/ahorn-camp.de\\\/welches-fahrradtraegersystem-passt-fuer-mein-reisemobil\\\/\",\"name\":\"Fahrradtr\u00e4gersystem f\u00fcr das Ahorn Reisemobil\",\"isPartOf\":{\"@id\":\"https:\\\/\\\/ahorn-camp.de\\\/#website\"},\"primaryImageOfPage\":{\"@id\":\"https:\\\/\\\/ahorn-camp.de\\\/welches-fahrradtraegersystem-passt-fuer-mein-reisemobil\\\/#primaryimage\"},\"image\":{\"@id\":\"https:\\\/\\\/ahorn-camp.de\\\/welches-fahrradtraegersystem-passt-fuer-mein-reisemobil\\\/#primaryimage\"},\"thumbnailUrl\":\"https:\\\/\\\/ahorn-camp.de\\\/wp-content\\\/uploads\\\/2022\\\/06\\\/Ahorn-Camp_-AlaskaTD_hikebike-11-scaled.jpg\",\"datePublished\":\"2022-06-10T14:43:09+00:00\",\"dateModified\":\"2024-09-24T08:36:24+00:00\",\"description\":\"Reisen mit Wohnmobil und Fahrrad: Welches Fahrradtr\u00e4gersystem passt f\u00fcr Sie? Wir zeigen die wichtigsten Eigenschaften und Unterschiede.\",\"breadcrumb\":{\"@id\":\"https:\\\/\\\/ahorn-camp.de\\\/welches-fahrradtraegersystem-passt-fuer-mein-reisemobil\\\/#breadcrumb\"},\"inLanguage\":\"nl-BE\",\"potentialAction\":[{\"@type\":\"ReadAction\",\"target\":[\"https:\\\/\\\/ahorn-camp.de\\\/welches-fahrradtraegersystem-passt-fuer-mein-reisemobil\\\/\"]}]},{\"@type\":\"ImageObject\",\"inLanguage\":\"nl-BE\",\"@id\":\"https:\\\/\\\/ahorn-camp.de\\\/welches-fahrradtraegersystem-passt-fuer-mein-reisemobil\\\/#primaryimage\",\"url\":\"https:\\\/\\\/ahorn-camp.de\\\/wp-content\\\/uploads\\\/2022\\\/06\\\/Ahorn-Camp_-AlaskaTD_hikebike-11-scaled.jpg\",\"contentUrl\":\"https:\\\/\\\/ahorn-camp.de\\\/wp-content\\\/uploads\\\/2022\\\/06\\\/Ahorn-Camp_-AlaskaTD_hikebike-11-scaled.jpg\",\"width\":2560,\"height\":2048},{\"@type\":\"BreadcrumbList\",\"@id\":\"https:\\\/\\\/ahorn-camp.de\\\/welches-fahrradtraegersystem-passt-fuer-mein-reisemobil\\\/#breadcrumb\",\"itemListElement\":[{\"@type\":\"ListItem\",\"position\":1,\"name\":\"Startseite\",\"item\":\"https:\\\/\\\/ahorn-camp.de\\\/\"},{\"@type\":\"ListItem\",\"position\":2,\"name\":\"Welches Fahrradtr\u00e4gersystem passt f\u00fcr mein Reisemobil?\"}]},{\"@type\":\"WebSite\",\"@id\":\"https:\\\/\\\/ahorn-camp.de\\\/#website\",\"url\":\"https:\\\/\\\/ahorn-camp.de\\\/\",\"name\":\"Ahorn Camp | Reisemobile und Kastenwagen\",\"description\":\"Seit \u00fcber 30 Jahren vermarktet das Familienunternehmen, Ahorn Camp in Speyer, erfolgreich Wohnmobile und Kastenwagen zum besten Preis-Leistungsverh\u00e4ltnis.\",\"publisher\":{\"@id\":\"https:\\\/\\\/ahorn-camp.de\\\/#organization\"},\"potentialAction\":[{\"@type\":\"SearchAction\",\"target\":{\"@type\":\"EntryPoint\",\"urlTemplate\":\"https:\\\/\\\/ahorn-camp.de\\\/?s={search_term_string}\"},\"query-input\":{\"@type\":\"PropertyValueSpecification\",\"valueRequired\":true,\"valueName\":\"search_term_string\"}}],\"inLanguage\":\"nl-BE\"},{\"@type\":\"Organization\",\"@id\":\"https:\\\/\\\/ahorn-camp.de\\\/#organization\",\"name\":\"Ahorn Camp GmbH & Co. KG\",\"url\":\"https:\\\/\\\/ahorn-camp.de\\\/\",\"logo\":{\"@type\":\"ImageObject\",\"inLanguage\":\"nl-BE\",\"@id\":\"https:\\\/\\\/ahorn-camp.de\\\/#\\\/schema\\\/logo\\\/image\\\/\",\"url\":\"https:\\\/\\\/ahorn-camp.de\\\/wp-content\\\/uploads\\\/2018\\\/12\\\/Ahorn_Logo.jpg\",\"contentUrl\":\"https:\\\/\\\/ahorn-camp.de\\\/wp-content\\\/uploads\\\/2018\\\/12\\\/Ahorn_Logo.jpg\",\"width\":1437,\"height\":1000,\"caption\":\"Ahorn Camp GmbH & Co. KG\"},\"image\":{\"@id\":\"https:\\\/\\\/ahorn-camp.de\\\/#\\\/schema\\\/logo\\\/image\\\/\"},\"sameAs\":[\"https:\\\/\\\/www.facebook.com\\\/ahorn.wohnmobile\\\/\",\"https:\\\/\\\/www.instagram.com\\\/ahorn.camp\\\/\",\"https:\\\/\\\/www.youtube.com\\\/channel\\\/UCPFbPCts1JJ_A1k9vyH0yOQ\"]},{\"@type\":\"Person\",\"@id\":\"https:\\\/\\\/ahorn-camp.de\\\/#\\\/schema\\\/person\\\/9b60761ba82d5cb8e6db215a88925044\",\"name\":\"ahorn_admin\",\"image\":{\"@type\":\"ImageObject\",\"inLanguage\":\"nl-BE\",\"@id\":\"https:\\\/\\\/secure.gravatar.com\\\/avatar\\\/d96b9a078083b0c14cee48589feadd939c3cdd66547e2f3f1569470371daaaa5?s=96&d=mm&r=g\",\"url\":\"https:\\\/\\\/secure.gravatar.com\\\/avatar\\\/d96b9a078083b0c14cee48589feadd939c3cdd66547e2f3f1569470371daaaa5?s=96&d=mm&r=g\",\"contentUrl\":\"https:\\\/\\\/secure.gravatar.com\\\/avatar\\\/d96b9a078083b0c14cee48589feadd939c3cdd66547e2f3f1569470371daaaa5?s=96&d=mm&r=g\",\"caption\":\"ahorn_admin\"},\"sameAs\":[\"http:\\\/\\\/Ahorn%20Camp\"],\"url\":\"https:\\\/\\\/ahorn-camp.de\\\/nl\\\/author\\\/ahorn_admin\\\/\"}]}<\/script>\n<!-- \/ Yoast SEO plugin. -->","yoast_head_json":{"title":"Fietsendrager systeem voor de Ahorn camper","description":"Reizen met een camper en fiets: welk fietsdragersysteem past bij u? Wij tonen de belangrijkste kenmerken en verschillen.","robots":{"index":"index","follow":"follow","max-snippet":"max-snippet:-1","max-image-preview":"max-image-preview:large","max-video-preview":"max-video-preview:-1"},"canonical":"https:\/\/ahorn-camp.de\/nl\/welk-fietsdragersysteem-past-op-mijn-camper\/","og_locale":"nl_BE","og_type":"article","og_title":"Fahrradtr\u00e4gersystem f\u00fcr das Ahorn Reisemobil","og_description":"Reisen mit Wohnmobil und Fahrrad: Welches Fahrradtr\u00e4gersystem passt f\u00fcr Sie? Wir zeigen die wichtigsten Eigenschaften und Unterschiede.","og_url":"https:\/\/ahorn-camp.de\/nl\/welk-fietsdragersysteem-past-op-mijn-camper\/","og_site_name":"Ahorn Camp | Reisemobile und Kastenwagen","article_publisher":"https:\/\/www.facebook.com\/ahorn.wohnmobile\/","article_published_time":"2022-06-10T14:43:09+00:00","article_modified_time":"2024-09-24T08:36:24+00:00","og_image":[{"width":2560,"height":2048,"url":"https:\/\/ahorn-camp.de\/wp-content\/uploads\/2022\/06\/Ahorn-Camp_-AlaskaTD_hikebike-11-scaled.jpg","type":"image\/jpeg"}],"author":"ahorn_admin","twitter_card":"summary_large_image","twitter_misc":{"Geschreven door":"ahorn_admin","Geschatte leestijd":"6 minuten"},"schema":{"@context":"https:\/\/schema.org","@graph":[{"@type":"Article","@id":"https:\/\/ahorn-camp.de\/welches-fahrradtraegersystem-passt-fuer-mein-reisemobil\/#article","isPartOf":{"@id":"https:\/\/ahorn-camp.de\/welches-fahrradtraegersystem-passt-fuer-mein-reisemobil\/"},"author":{"name":"ahorn_admin","@id":"https:\/\/ahorn-camp.de\/#\/schema\/person\/9b60761ba82d5cb8e6db215a88925044"},"headline":"Welches Fahrradtr\u00e4gersystem passt f\u00fcr mein Reisemobil?","datePublished":"2022-06-10T14:43:09+00:00","dateModified":"2024-09-24T08:36:24+00:00","mainEntityOfPage":{"@id":"https:\/\/ahorn-camp.de\/welches-fahrradtraegersystem-passt-fuer-mein-reisemobil\/"},"wordCount":1289,"commentCount":0,"publisher":{"@id":"https:\/\/ahorn-camp.de\/#organization"},"image":{"@id":"https:\/\/ahorn-camp.de\/welches-fahrradtraegersystem-passt-fuer-mein-reisemobil\/#primaryimage"},"thumbnailUrl":"https:\/\/ahorn-camp.de\/wp-content\/uploads\/2022\/06\/Ahorn-Camp_-AlaskaTD_hikebike-11-scaled.jpg","articleSection":["Blog","Nicht kategorisiert"],"inLanguage":"nl-BE","potentialAction":[{"@type":"CommentAction","name":"Comment","target":["https:\/\/ahorn-camp.de\/welches-fahrradtraegersystem-passt-fuer-mein-reisemobil\/#respond"]}]},{"@type":"WebPage","@id":"https:\/\/ahorn-camp.de\/welches-fahrradtraegersystem-passt-fuer-mein-reisemobil\/","url":"https:\/\/ahorn-camp.de\/welches-fahrradtraegersystem-passt-fuer-mein-reisemobil\/","name":"Fietsendrager systeem voor de Ahorn camper","isPartOf":{"@id":"https:\/\/ahorn-camp.de\/#website"},"primaryImageOfPage":{"@id":"https:\/\/ahorn-camp.de\/welches-fahrradtraegersystem-passt-fuer-mein-reisemobil\/#primaryimage"},"image":{"@id":"https:\/\/ahorn-camp.de\/welches-fahrradtraegersystem-passt-fuer-mein-reisemobil\/#primaryimage"},"thumbnailUrl":"https:\/\/ahorn-camp.de\/wp-content\/uploads\/2022\/06\/Ahorn-Camp_-AlaskaTD_hikebike-11-scaled.jpg","datePublished":"2022-06-10T14:43:09+00:00","dateModified":"2024-09-24T08:36:24+00:00","description":"Reizen met een camper en fiets: welk fietsdragersysteem past bij u? Wij tonen de belangrijkste kenmerken en verschillen.","breadcrumb":{"@id":"https:\/\/ahorn-camp.de\/welches-fahrradtraegersystem-passt-fuer-mein-reisemobil\/#breadcrumb"},"inLanguage":"nl-BE","potentialAction":[{"@type":"ReadAction","target":["https:\/\/ahorn-camp.de\/welches-fahrradtraegersystem-passt-fuer-mein-reisemobil\/"]}]},{"@type":"ImageObject","inLanguage":"nl-BE","@id":"https:\/\/ahorn-camp.de\/welches-fahrradtraegersystem-passt-fuer-mein-reisemobil\/#primaryimage","url":"https:\/\/ahorn-camp.de\/wp-content\/uploads\/2022\/06\/Ahorn-Camp_-AlaskaTD_hikebike-11-scaled.jpg","contentUrl":"https:\/\/ahorn-camp.de\/wp-content\/uploads\/2022\/06\/Ahorn-Camp_-AlaskaTD_hikebike-11-scaled.jpg","width":2560,"height":2048},{"@type":"BreadcrumbList","@id":"https:\/\/ahorn-camp.de\/welches-fahrradtraegersystem-passt-fuer-mein-reisemobil\/#breadcrumb","itemListElement":[{"@type":"ListItem","position":1,"name":"Startseite","item":"https:\/\/ahorn-camp.de\/"},{"@type":"ListItem","position":2,"name":"Welches Fahrradtr\u00e4gersystem passt f\u00fcr mein Reisemobil?"}]},{"@type":"WebSite","@id":"https:\/\/ahorn-camp.de\/#website","url":"https:\/\/ahorn-camp.de\/","name":"Ahorn Camp | Campers en bestelwagens","description":"Al meer dan 30 jaar verkoopt het familiebedrijf Ahorn Camp in Speyer met succes campers en bestelbusjes met de beste prijs-kwaliteitverhouding.","publisher":{"@id":"https:\/\/ahorn-camp.de\/#organization"},"potentialAction":[{"@type":"SearchAction","target":{"@type":"EntryPoint","urlTemplate":"https:\/\/ahorn-camp.de\/?s={search_term_string}"},"query-input":{"@type":"PropertyValueSpecification","valueRequired":true,"valueName":"search_term_string"}}],"inLanguage":"nl-BE"},{"@type":"Organization","@id":"https:\/\/ahorn-camp.de\/#organization","name":"Ahorn Camp GmbH &amp; Co. KG","url":"https:\/\/ahorn-camp.de\/","logo":{"@type":"ImageObject","inLanguage":"nl-BE","@id":"https:\/\/ahorn-camp.de\/#\/schema\/logo\/image\/","url":"https:\/\/ahorn-camp.de\/wp-content\/uploads\/2018\/12\/Ahorn_Logo.jpg","contentUrl":"https:\/\/ahorn-camp.de\/wp-content\/uploads\/2018\/12\/Ahorn_Logo.jpg","width":1437,"height":1000,"caption":"Ahorn Camp GmbH & Co. KG"},"image":{"@id":"https:\/\/ahorn-camp.de\/#\/schema\/logo\/image\/"},"sameAs":["https:\/\/www.facebook.com\/ahorn.wohnmobile\/","https:\/\/www.instagram.com\/ahorn.camp\/","https:\/\/www.youtube.com\/channel\/UCPFbPCts1JJ_A1k9vyH0yOQ"]},{"@type":"Person","@id":"https:\/\/ahorn-camp.de\/#\/schema\/person\/9b60761ba82d5cb8e6db215a88925044","name":"ahorn_admin","image":{"@type":"ImageObject","inLanguage":"nl-BE","@id":"https:\/\/secure.gravatar.com\/avatar\/d96b9a078083b0c14cee48589feadd939c3cdd66547e2f3f1569470371daaaa5?s=96&d=mm&r=g","url":"https:\/\/secure.gravatar.com\/avatar\/d96b9a078083b0c14cee48589feadd939c3cdd66547e2f3f1569470371daaaa5?s=96&d=mm&r=g","contentUrl":"https:\/\/secure.gravatar.com\/avatar\/d96b9a078083b0c14cee48589feadd939c3cdd66547e2f3f1569470371daaaa5?s=96&d=mm&r=g","caption":"ahorn_admin"},"sameAs":["http:\/\/Ahorn%20Camp"],"url":"https:\/\/ahorn-camp.de\/nl\/author\/ahorn_admin\/"}]}},"_links":{"self":[{"href":"https:\/\/ahorn-camp.de\/nl\/wp-json\/wp\/v2\/posts\/16536","targetHints":{"allow":["GET"]}}],"collection":[{"href":"https:\/\/ahorn-camp.de\/nl\/wp-json\/wp\/v2\/posts"}],"about":[{"href":"https:\/\/ahorn-camp.de\/nl\/wp-json\/wp\/v2\/types\/post"}],"author":[{"embeddable":true,"href":"https:\/\/ahorn-camp.de\/nl\/wp-json\/wp\/v2\/users\/2"}],"replies":[{"embeddable":true,"href":"https:\/\/ahorn-camp.de\/nl\/wp-json\/wp\/v2\/comments?post=16536"}],"version-history":[{"count":0,"href":"https:\/\/ahorn-camp.de\/nl\/wp-json\/wp\/v2\/posts\/16536\/revisions"}],"wp:featuredmedia":[{"embeddable":true,"href":"https:\/\/ahorn-camp.de\/nl\/wp-json\/wp\/v2\/media\/16587"}],"wp:attachment":[{"href":"https:\/\/ahorn-camp.de\/nl\/wp-json\/wp\/v2\/media?parent=16536"}],"wp:term":[{"taxonomy":"category","embeddable":true,"href":"https:\/\/ahorn-camp.de\/nl\/wp-json\/wp\/v2\/categories?post=16536"},{"taxonomy":"post_tag","embeddable":true,"href":"https:\/\/ahorn-camp.de\/nl\/wp-json\/wp\/v2\/tags?post=16536"}],"curies":[{"name":"wp","href":"https:\/\/api.w.org\/{rel}","templated":true}]}}