{"id":16529,"date":"2022-06-10T16:52:14","date_gmt":"2022-06-10T14:52:14","guid":{"rendered":"https:\/\/ahorn-camp.de\/?p=16529"},"modified":"2024-09-24T10:35:34","modified_gmt":"2024-09-24T08:35:34","slug":"6-tips-voor-reizen-met-een-fietsendrager-op-de-camper","status":"publish","type":"post","link":"https:\/\/ahorn-camp.de\/nl\/6-tipps-zum-reisen-mit-fahrradtraeger-am-wohnmobil\/","title":{"rendered":"6 tips voor reizen met een fietsendrager op de camper"},"content":{"rendered":"<div class=\"wpb-content-wrapper\" id=\"wpb-content-root\"><div class=\"vc_row wpb_row vc_row-fluid\"><div class=\"wpb_column vc_column_container vc_col-sm-12\"><div class=\"vc_column-inner\"><div class=\"wpb_wrapper\">\n\t<div class=\"wpb_text_column wpb_content_element\" >\n\t\t<div class=\"wpb_wrapper\">\n\t\t\t<p><a href=\"https:\/\/ahorn-camp.de\/nl\/autark-in-een-camper\/\">Flexibiliteit en vrijheid<\/a> zoals bij geen enkele andere reisvorm \u2013 dat is wat steeds meer mensen zo bijzonder waarderen aan reizen met een camper of campervan. En wie maximale vrijheid uit zijn reis wil halen, pakt ook nog de eigen fiets of e-bike in. Zodat de camper en de fietsen onbeschadigd blijven en er geen conflicten met de wet ontstaan, zijn er een paar dingen om rekening mee te houden:<\/p>\n\n\t\t<\/div>\n\t<\/div>\n<\/div><\/div><\/div><\/div><div class=\"vc_row wpb_row vc_row-fluid\"><div class=\"wpb_column vc_column_container vc_col-sm-12\"><div class=\"vc_column-inner\"><div class=\"wpb_wrapper\"><h2 style=\"font-size: 18px;text-align: left\" class=\"vc_custom_heading vc_do_custom_heading\" >1. Montage door experts<\/h2>\n\t<div class=\"wpb_text_column wpb_content_element\" >\n\t\t<div class=\"wpb_wrapper\">\n\t\t\t<p>Er zijn veel verschillende fietsdragersystemen die u op uw voertuig kunt monteren, mits deze bij uw voertuig en uw individuele transportwensen past. Bij de meeste fietsdragersystemen is het aan te raden de montage aan de professionals over te laten. Gebruikelijk gesproken beschikken <a href=\"https:\/\/ahorn-camp.de\/nl\/ahorn-campers\/\">Kampeerauto's\u00a0<\/a> Tegenwoordig zijn ze standaard voorzien van een versterkte achterwand, die een voorwaarde is om een drager met schroeven te bevestigen \u2013 deze versterkingen zijn echter van buitenaf niet zichtbaar. Om lelijke fouten en mogelijke schade aan het voertuig te voorkomen, is het daarom raadzaam om de montage door een vakman te laten uitvoeren, die weet op welke punten de bevestiging veilig is.<\/p>\n<p>Bij <a href=\"https:\/\/ahorn-camp.de\/nl\/nordspanien-van-city\/\">Campervans<\/a> vergemakkelijkt de montage voor amateurs doordat de drager met de achterdeuren geopend moet worden. Een uitzonderlijk fietsdragingssysteem dat ook probleemloos kan worden gemonteerd en gedemonteerd door hobbyisten, is de <em>Trekhaakdrager<\/em>. Ons service- en werkplaatsteam adviseert en ondersteunt u natuurlijk graag te allen tijde bij alle vragen betreffende fietsdragersystemen.<\/p>\n\n\t\t<\/div>\n\t<\/div>\n<\/div><\/div><\/div><\/div><div class=\"vc_row wpb_row vc_row-fluid\"><div class=\"wpb_column vc_column_container vc_col-sm-12\"><div class=\"vc_column-inner\"><div class=\"wpb_wrapper\"><h2 style=\"font-size: 18px;text-align: left\" class=\"vc_custom_heading vc_do_custom_heading\" >2. Totaal gewicht<\/h2>\n\t<div class=\"wpb_text_column wpb_content_element\" >\n\t\t<div class=\"wpb_wrapper\">\n\t\t\t<p>Voordat u een fietsendrager aanschaft, moet u nagaan hoeveel deze en uw fietsen samen wegen. Immers, het maximaal toelaatbare gewicht van uw camper of kampeerwagen mag door de extra laadcapaciteit niet worden overschreden. Juist zware e-bikes of een groot aantal fietsen kunnen het totaalgewicht snel be\u00efnvloeden. Tel daarom het gewicht van de fietsendrager en uw fietsen op bij het gewicht van uw kampeervoertuig om zeker te zijn.<\/p>\n<p><strong>Goed om te weten:<\/strong> De campers van Ahorn Camp hebben in principe een toegestaan totaalgewicht van 3,5 ton. Een luchtvering zorgt voor een betere besturing en maakt de camper minder gevoelig voor zijwind. Bovendien is de luchtvering noodzakelijk voor een verhoging van het toegestane totaalgewicht naar 4 ton. Als u wat meer bagage mee wilt nemen of door uitgebreide accessoires al een vrij hoog leeggewicht hebt, kunt u dus een verhoging naar 4 ton overwegen. De achterwand van onze campers kan tot 60 kilogram dragen, bij onze campervans is dat 35 kilogram.<\/p>\n<p>Zorg er ook voor dat uw fietsdragersysteem het gewicht van uw fietsen kan dragen. Onze fietsdragers hebben een draagvermogen van 19 kilogram per rail, wat onder geen beding mag worden overschreden \u2013 ongeacht het draagvermogen van de wand. <strong>Een tip voor e-bikes<\/strong>U kunt de accu van uw e-bike tijdens de rit verwijderen en in de auto opbergen om de fietsendrager te ontlasten.<\/p>\n<p>Het is bovendien belangrijk om van tevoren na te denken over hoeveel fietsen of e-bikes u wilt vervoeren, aangezien fietsendragers meestal over beperkte rails beschikken.<\/p>\n\n\t\t<\/div>\n\t<\/div>\n<\/div><\/div><\/div><\/div><div class=\"vc_row wpb_row vc_row-fluid\"><div class=\"wpb_column vc_column_container vc_col-sm-12\"><div class=\"vc_column-inner\"><div class=\"wpb_wrapper\"><h2 style=\"font-size: 18px;text-align: left\" class=\"vc_custom_heading vc_do_custom_heading\" >3. Zichtbaarheid van kentekenplaat en remlichten<\/h2>\n\t<div class=\"wpb_text_column wpb_content_element\" >\n\t\t<div class=\"wpb_wrapper\">\n\t\t\t<p>Om niet in de problemen met de wet te komen, moet u er in ieder geval voor zorgen dat uw kentekenplaat en remlichten niet worden bedekt door uw fietsendrager. Achterste fietsendragers zijn hierbij het meest probleemloos, omdat deze meestal in hoogte verstelbaar zijn en dienovereenkomstig kunnen worden ingesteld. Ook trekhaakdragers zijn meestal al voorzien van een eigen kentekenplaathouder en eigen verlichting. Als u echter voor een ander systeem kiest, kan het nodig zijn om platen en verlichting apart te monteren.<\/p>\n\n\t\t<\/div>\n\t<\/div>\n<\/div><\/div><\/div><\/div><div class=\"vc_row wpb_row vc_row-fluid\"><div class=\"wpb_column vc_column_container vc_col-sm-12\"><div class=\"vc_column-inner\"><div class=\"wpb_wrapper\"><h2 style=\"font-size: 18px;text-align: left\" class=\"vc_custom_heading vc_do_custom_heading\" >4. Waarschuwingsborden<\/h2>\n\t<div class=\"wpb_text_column wpb_content_element\" >\n\t\t<div class=\"wpb_wrapper\">\n\t\t\t<p>In sommige landen (zoals de populaire reisbestemmingen Spanje en <a href=\"https:\/\/ahorn-camp.de\/nl\/met-de-camper-door-toscane\/\">Itali\u00eb<\/a>Het is verplicht om aan uitstekende delen die de lengte van het voertuig overschrijden zoals geregistreerd in het kentekenbewijs, een rood-wit waarschuwingsbord in de voorgeschreven afmetingen te bevestigen. Belangrijk om te weten is dat er geen uniform Europees waarschuwingsbord bestaat, maar dat elk land zijn eigen heeft: in Spanje heeft het drie rode strepen, in Itali\u00eb vijf. Voor u betekent dit: informeer u v\u00f3\u00f3r de reis grondig over de regels in het betreffende land en bereid de benodigde borden voor. Dit geldt ook als er alleen een doorreis door het betreffende land gepland is.<\/p>\n\n\t\t<\/div>\n\t<\/div>\n<\/div><\/div><\/div><\/div><div class=\"vc_row wpb_row vc_row-fluid\"><div class=\"wpb_column vc_column_container vc_col-sm-12\"><div class=\"vc_column-inner\"><div class=\"wpb_wrapper\"><h2 style=\"font-size: 18px;text-align: left\" class=\"vc_custom_heading vc_do_custom_heading\" >5. Rijsnelheid<\/h2>\n\t<div class=\"wpb_text_column wpb_content_element\" >\n\t\t<div class=\"wpb_wrapper\">\n\t\t\t<p>Natuurlijk moet u zich sowieso aan de geldende snelheidslimieten houden \u2013 met uw fiets(en) in de (buiten)bagage is dit des te belangrijker om ongevallen te voorkomen. Op de snelweg wordt aangeraden niet veel sneller dan 100 km\/u te rijden. Over het algemeen is het ook raadzaam om voor uw reis een kleine testrit te maken met uw fietsendrager, om in te kunnen schatten hoe uw draagsysteem zich in bochten gedraagt en hoe u uw rijstijl moet aanpassen aan uw extra bagage. Dit geldt met name voor fietsendragers met trekhaak.<\/p>\n<p>Goed om te weten: De fietsen zijn niet zichtbaar in de achteruitkijkspiegels. Stop dus na de eerste kilometers om te controleren of alles nog vastzit.<\/p>\n\n\t\t<\/div>\n\t<\/div>\n<\/div><\/div><\/div><\/div><div class=\"vc_row wpb_row vc_row-fluid\"><div class=\"wpb_column vc_column_container vc_col-sm-12\"><div class=\"vc_column-inner\"><div class=\"wpb_wrapper\"><h2 style=\"font-size: 18px;text-align: left\" class=\"vc_custom_heading vc_do_custom_heading\" >6. Beveiliging tegen diefstal<\/h2>\n\t<div class=\"wpb_text_column wpb_content_element\" >\n\t\t<div class=\"wpb_wrapper\">\n\t\t\t<p>Even snel naar de supermarkt gaan of de omgeving te voet verkennen? Zodat u van elke minuut van uw vakantie kunt genieten, mogen fietsendieven geen kans krijgen. Wij raden u aan om uw fietsendrager en de fietsen zelf diefstalbestendig te maken. Hiervoor bieden wij bijvoorbeeld afsluitbare steunarmen aan.<\/p>\n\n\t\t<\/div>\n\t<\/div>\n<\/div><\/div><\/div><\/div>\n<\/div>","protected":false},"excerpt":{"rendered":"<p>Flexibiliteit en vrijheid als bij geen enkele andere reisvorm \u2013 dat is wat steeds meer mensen het meest waarderen aan reizen met de camper of campervan. En wie de maximale vrijheid uit zijn reis wil halen, pakt ook nog de eigen fiets of e-bike in. Opdat de camper en de fietsen onbeschadigd blijven en er geen conflicten met de wet ontstaan, zijn er een paar dingen waar je op moet letten.<\/p>","protected":false},"author":2,"featured_media":16588,"comment_status":"closed","ping_status":"open","sticky":false,"template":"","format":"standard","meta":{"content-type":"","footnotes":""},"categories":[208],"tags":[],"class_list":["post-16529","post","type-post","status-publish","format-standard","has-post-thumbnail","hentry","category-blog"],"yoast_head":"<!-- This site is optimized with the Yoast SEO plugin v28.4 - https:\/\/yoast.com\/product\/yoast-seo-wordpress\/ -->\n<title>Reisen mit Fahrradtraeger am Ahorn Camp Wohnmobil<\/title>\n<meta name=\"description\" content=\"Das sollten Sie beim Reisen mit Wohnmobil und Fahrrad und bei der Montage eines Fahrradtr\u00e4gers beachten. Erfahren Sie mehr.\" \/>\n<meta name=\"robots\" content=\"index, follow, max-snippet:-1, max-image-preview:large, max-video-preview:-1\" \/>\n<link rel=\"canonical\" href=\"https:\/\/ahorn-camp.de\/nl\/6-tips-voor-reizen-met-een-fietsendrager-op-de-camper\/\" \/>\n<meta property=\"og:locale\" content=\"nl_BE\" \/>\n<meta property=\"og:type\" content=\"article\" \/>\n<meta property=\"og:title\" content=\"Reisen mit Fahrradtraeger am Ahorn Camp Wohnmobil\" \/>\n<meta property=\"og:description\" content=\"Das sollten Sie beim Reisen mit Wohnmobil und Fahrrad und bei der Montage eines Fahrradtr\u00e4gers beachten. Erfahren Sie mehr.\" \/>\n<meta property=\"og:url\" content=\"https:\/\/ahorn-camp.de\/nl\/6-tips-voor-reizen-met-een-fietsendrager-op-de-camper\/\" \/>\n<meta property=\"og:site_name\" content=\"Ahorn Camp | Reisemobile und Kastenwagen\" \/>\n<meta property=\"article:publisher\" content=\"https:\/\/www.facebook.com\/ahorn.wohnmobile\/\" \/>\n<meta property=\"article:published_time\" content=\"2022-06-10T14:52:14+00:00\" \/>\n<meta property=\"article:modified_time\" content=\"2024-09-24T08:35:34+00:00\" \/>\n<meta property=\"og:image\" content=\"https:\/\/ahorn-camp.de\/wp-content\/uploads\/2022\/06\/Ahorn-Camp_-AlaskaTD_hikebike-8-scaled.jpg\" \/>\n\t<meta property=\"og:image:width\" content=\"2560\" \/>\n\t<meta property=\"og:image:height\" content=\"1855\" \/>\n\t<meta property=\"og:image:type\" content=\"image\/jpeg\" \/>\n<meta name=\"author\" content=\"ahorn_admin\" \/>\n<meta name=\"twitter:card\" content=\"summary_large_image\" \/>\n<meta name=\"twitter:label1\" content=\"Geschreven door\" \/>\n\t<meta name=\"twitter:data1\" content=\"ahorn_admin\" \/>\n\t<meta name=\"twitter:label2\" content=\"Geschatte leestijd\" \/>\n\t<meta name=\"twitter:data2\" content=\"5 minuten\" \/>\n<script type=\"application\/ld+json\" class=\"yoast-schema-graph\">{\"@context\":\"https:\\\/\\\/schema.org\",\"@graph\":[{\"@type\":\"Article\",\"@id\":\"https:\\\/\\\/ahorn-camp.de\\\/6-tipps-zum-reisen-mit-fahrradtraeger-am-wohnmobil\\\/#article\",\"isPartOf\":{\"@id\":\"https:\\\/\\\/ahorn-camp.de\\\/6-tipps-zum-reisen-mit-fahrradtraeger-am-wohnmobil\\\/\"},\"author\":{\"name\":\"ahorn_admin\",\"@id\":\"https:\\\/\\\/ahorn-camp.de\\\/#\\\/schema\\\/person\\\/9b60761ba82d5cb8e6db215a88925044\"},\"headline\":\"6 Tipps zum Reisen mit Fahrradtr\u00e4ger am Wohnmobil\",\"datePublished\":\"2022-06-10T14:52:14+00:00\",\"dateModified\":\"2024-09-24T08:35:34+00:00\",\"mainEntityOfPage\":{\"@id\":\"https:\\\/\\\/ahorn-camp.de\\\/6-tipps-zum-reisen-mit-fahrradtraeger-am-wohnmobil\\\/\"},\"wordCount\":1108,\"publisher\":{\"@id\":\"https:\\\/\\\/ahorn-camp.de\\\/#organization\"},\"image\":{\"@id\":\"https:\\\/\\\/ahorn-camp.de\\\/6-tipps-zum-reisen-mit-fahrradtraeger-am-wohnmobil\\\/#primaryimage\"},\"thumbnailUrl\":\"https:\\\/\\\/ahorn-camp.de\\\/wp-content\\\/uploads\\\/2022\\\/06\\\/Ahorn-Camp_-AlaskaTD_hikebike-8-scaled.jpg\",\"articleSection\":[\"Blog\"],\"inLanguage\":\"nl-BE\"},{\"@type\":\"WebPage\",\"@id\":\"https:\\\/\\\/ahorn-camp.de\\\/6-tipps-zum-reisen-mit-fahrradtraeger-am-wohnmobil\\\/\",\"url\":\"https:\\\/\\\/ahorn-camp.de\\\/6-tipps-zum-reisen-mit-fahrradtraeger-am-wohnmobil\\\/\",\"name\":\"Reisen mit Fahrradtraeger am Ahorn Camp Wohnmobil\",\"isPartOf\":{\"@id\":\"https:\\\/\\\/ahorn-camp.de\\\/#website\"},\"primaryImageOfPage\":{\"@id\":\"https:\\\/\\\/ahorn-camp.de\\\/6-tipps-zum-reisen-mit-fahrradtraeger-am-wohnmobil\\\/#primaryimage\"},\"image\":{\"@id\":\"https:\\\/\\\/ahorn-camp.de\\\/6-tipps-zum-reisen-mit-fahrradtraeger-am-wohnmobil\\\/#primaryimage\"},\"thumbnailUrl\":\"https:\\\/\\\/ahorn-camp.de\\\/wp-content\\\/uploads\\\/2022\\\/06\\\/Ahorn-Camp_-AlaskaTD_hikebike-8-scaled.jpg\",\"datePublished\":\"2022-06-10T14:52:14+00:00\",\"dateModified\":\"2024-09-24T08:35:34+00:00\",\"description\":\"Das sollten Sie beim Reisen mit Wohnmobil und Fahrrad und bei der Montage eines Fahrradtr\u00e4gers beachten. Erfahren Sie mehr.\",\"breadcrumb\":{\"@id\":\"https:\\\/\\\/ahorn-camp.de\\\/6-tipps-zum-reisen-mit-fahrradtraeger-am-wohnmobil\\\/#breadcrumb\"},\"inLanguage\":\"nl-BE\",\"potentialAction\":[{\"@type\":\"ReadAction\",\"target\":[\"https:\\\/\\\/ahorn-camp.de\\\/6-tipps-zum-reisen-mit-fahrradtraeger-am-wohnmobil\\\/\"]}]},{\"@type\":\"ImageObject\",\"inLanguage\":\"nl-BE\",\"@id\":\"https:\\\/\\\/ahorn-camp.de\\\/6-tipps-zum-reisen-mit-fahrradtraeger-am-wohnmobil\\\/#primaryimage\",\"url\":\"https:\\\/\\\/ahorn-camp.de\\\/wp-content\\\/uploads\\\/2022\\\/06\\\/Ahorn-Camp_-AlaskaTD_hikebike-8-scaled.jpg\",\"contentUrl\":\"https:\\\/\\\/ahorn-camp.de\\\/wp-content\\\/uploads\\\/2022\\\/06\\\/Ahorn-Camp_-AlaskaTD_hikebike-8-scaled.jpg\",\"width\":2560,\"height\":1855,\"caption\":\"6 Tipps zum Reisen mit Fahrradtr\u00e4ger am Wohnmobil\"},{\"@type\":\"BreadcrumbList\",\"@id\":\"https:\\\/\\\/ahorn-camp.de\\\/6-tipps-zum-reisen-mit-fahrradtraeger-am-wohnmobil\\\/#breadcrumb\",\"itemListElement\":[{\"@type\":\"ListItem\",\"position\":1,\"name\":\"Startseite\",\"item\":\"https:\\\/\\\/ahorn-camp.de\\\/\"},{\"@type\":\"ListItem\",\"position\":2,\"name\":\"6 Tipps zum Reisen mit Fahrradtr\u00e4ger am Wohnmobil\"}]},{\"@type\":\"WebSite\",\"@id\":\"https:\\\/\\\/ahorn-camp.de\\\/#website\",\"url\":\"https:\\\/\\\/ahorn-camp.de\\\/\",\"name\":\"Ahorn Camp | Reisemobile und Kastenwagen\",\"description\":\"Seit \u00fcber 30 Jahren vermarktet das Familienunternehmen, Ahorn Camp in Speyer, erfolgreich Wohnmobile und Kastenwagen zum besten Preis-Leistungsverh\u00e4ltnis.\",\"publisher\":{\"@id\":\"https:\\\/\\\/ahorn-camp.de\\\/#organization\"},\"potentialAction\":[{\"@type\":\"SearchAction\",\"target\":{\"@type\":\"EntryPoint\",\"urlTemplate\":\"https:\\\/\\\/ahorn-camp.de\\\/?s={search_term_string}\"},\"query-input\":{\"@type\":\"PropertyValueSpecification\",\"valueRequired\":true,\"valueName\":\"search_term_string\"}}],\"inLanguage\":\"nl-BE\"},{\"@type\":\"Organization\",\"@id\":\"https:\\\/\\\/ahorn-camp.de\\\/#organization\",\"name\":\"Ahorn Camp GmbH & Co. KG\",\"url\":\"https:\\\/\\\/ahorn-camp.de\\\/\",\"logo\":{\"@type\":\"ImageObject\",\"inLanguage\":\"nl-BE\",\"@id\":\"https:\\\/\\\/ahorn-camp.de\\\/#\\\/schema\\\/logo\\\/image\\\/\",\"url\":\"https:\\\/\\\/ahorn-camp.de\\\/wp-content\\\/uploads\\\/2018\\\/12\\\/Ahorn_Logo.jpg\",\"contentUrl\":\"https:\\\/\\\/ahorn-camp.de\\\/wp-content\\\/uploads\\\/2018\\\/12\\\/Ahorn_Logo.jpg\",\"width\":1437,\"height\":1000,\"caption\":\"Ahorn Camp GmbH & Co. KG\"},\"image\":{\"@id\":\"https:\\\/\\\/ahorn-camp.de\\\/#\\\/schema\\\/logo\\\/image\\\/\"},\"sameAs\":[\"https:\\\/\\\/www.facebook.com\\\/ahorn.wohnmobile\\\/\",\"https:\\\/\\\/www.instagram.com\\\/ahorn.camp\\\/\",\"https:\\\/\\\/www.youtube.com\\\/channel\\\/UCPFbPCts1JJ_A1k9vyH0yOQ\"]},{\"@type\":\"Person\",\"@id\":\"https:\\\/\\\/ahorn-camp.de\\\/#\\\/schema\\\/person\\\/9b60761ba82d5cb8e6db215a88925044\",\"name\":\"ahorn_admin\",\"image\":{\"@type\":\"ImageObject\",\"inLanguage\":\"nl-BE\",\"@id\":\"https:\\\/\\\/secure.gravatar.com\\\/avatar\\\/d96b9a078083b0c14cee48589feadd939c3cdd66547e2f3f1569470371daaaa5?s=96&d=mm&r=g\",\"url\":\"https:\\\/\\\/secure.gravatar.com\\\/avatar\\\/d96b9a078083b0c14cee48589feadd939c3cdd66547e2f3f1569470371daaaa5?s=96&d=mm&r=g\",\"contentUrl\":\"https:\\\/\\\/secure.gravatar.com\\\/avatar\\\/d96b9a078083b0c14cee48589feadd939c3cdd66547e2f3f1569470371daaaa5?s=96&d=mm&r=g\",\"caption\":\"ahorn_admin\"},\"sameAs\":[\"http:\\\/\\\/Ahorn%20Camp\"],\"url\":\"https:\\\/\\\/ahorn-camp.de\\\/nl\\\/author\\\/ahorn_admin\\\/\"}]}<\/script>\n<!-- \/ Yoast SEO plugin. -->","yoast_head_json":{"title":"Reizen met een fietsendrager op de Ahorn Camp-camper","description":"Hierbij moet u rekening houden met reizen met een camper en fietsen en met de montage van een fietsendrager. Meer lezen.","robots":{"index":"index","follow":"follow","max-snippet":"max-snippet:-1","max-image-preview":"max-image-preview:large","max-video-preview":"max-video-preview:-1"},"canonical":"https:\/\/ahorn-camp.de\/nl\/6-tips-voor-reizen-met-een-fietsendrager-op-de-camper\/","og_locale":"nl_BE","og_type":"article","og_title":"Reisen mit Fahrradtraeger am Ahorn Camp Wohnmobil","og_description":"Das sollten Sie beim Reisen mit Wohnmobil und Fahrrad und bei der Montage eines Fahrradtr\u00e4gers beachten. Erfahren Sie mehr.","og_url":"https:\/\/ahorn-camp.de\/nl\/6-tips-voor-reizen-met-een-fietsendrager-op-de-camper\/","og_site_name":"Ahorn Camp | Reisemobile und Kastenwagen","article_publisher":"https:\/\/www.facebook.com\/ahorn.wohnmobile\/","article_published_time":"2022-06-10T14:52:14+00:00","article_modified_time":"2024-09-24T08:35:34+00:00","og_image":[{"width":2560,"height":1855,"url":"https:\/\/ahorn-camp.de\/wp-content\/uploads\/2022\/06\/Ahorn-Camp_-AlaskaTD_hikebike-8-scaled.jpg","type":"image\/jpeg"}],"author":"ahorn_admin","twitter_card":"summary_large_image","twitter_misc":{"Geschreven door":"ahorn_admin","Geschatte leestijd":"5 minuten"},"schema":{"@context":"https:\/\/schema.org","@graph":[{"@type":"Article","@id":"https:\/\/ahorn-camp.de\/6-tipps-zum-reisen-mit-fahrradtraeger-am-wohnmobil\/#article","isPartOf":{"@id":"https:\/\/ahorn-camp.de\/6-tipps-zum-reisen-mit-fahrradtraeger-am-wohnmobil\/"},"author":{"name":"ahorn_admin","@id":"https:\/\/ahorn-camp.de\/#\/schema\/person\/9b60761ba82d5cb8e6db215a88925044"},"headline":"6 Tipps zum Reisen mit Fahrradtr\u00e4ger am Wohnmobil","datePublished":"2022-06-10T14:52:14+00:00","dateModified":"2024-09-24T08:35:34+00:00","mainEntityOfPage":{"@id":"https:\/\/ahorn-camp.de\/6-tipps-zum-reisen-mit-fahrradtraeger-am-wohnmobil\/"},"wordCount":1108,"publisher":{"@id":"https:\/\/ahorn-camp.de\/#organization"},"image":{"@id":"https:\/\/ahorn-camp.de\/6-tipps-zum-reisen-mit-fahrradtraeger-am-wohnmobil\/#primaryimage"},"thumbnailUrl":"https:\/\/ahorn-camp.de\/wp-content\/uploads\/2022\/06\/Ahorn-Camp_-AlaskaTD_hikebike-8-scaled.jpg","articleSection":["Blog"],"inLanguage":"nl-BE"},{"@type":"WebPage","@id":"https:\/\/ahorn-camp.de\/6-tipps-zum-reisen-mit-fahrradtraeger-am-wohnmobil\/","url":"https:\/\/ahorn-camp.de\/6-tipps-zum-reisen-mit-fahrradtraeger-am-wohnmobil\/","name":"Reizen met een fietsendrager op de Ahorn Camp-camper","isPartOf":{"@id":"https:\/\/ahorn-camp.de\/#website"},"primaryImageOfPage":{"@id":"https:\/\/ahorn-camp.de\/6-tipps-zum-reisen-mit-fahrradtraeger-am-wohnmobil\/#primaryimage"},"image":{"@id":"https:\/\/ahorn-camp.de\/6-tipps-zum-reisen-mit-fahrradtraeger-am-wohnmobil\/#primaryimage"},"thumbnailUrl":"https:\/\/ahorn-camp.de\/wp-content\/uploads\/2022\/06\/Ahorn-Camp_-AlaskaTD_hikebike-8-scaled.jpg","datePublished":"2022-06-10T14:52:14+00:00","dateModified":"2024-09-24T08:35:34+00:00","description":"Hierbij moet u rekening houden met reizen met een camper en fietsen en met de montage van een fietsendrager. Meer lezen.","breadcrumb":{"@id":"https:\/\/ahorn-camp.de\/6-tipps-zum-reisen-mit-fahrradtraeger-am-wohnmobil\/#breadcrumb"},"inLanguage":"nl-BE","potentialAction":[{"@type":"ReadAction","target":["https:\/\/ahorn-camp.de\/6-tipps-zum-reisen-mit-fahrradtraeger-am-wohnmobil\/"]}]},{"@type":"ImageObject","inLanguage":"nl-BE","@id":"https:\/\/ahorn-camp.de\/6-tipps-zum-reisen-mit-fahrradtraeger-am-wohnmobil\/#primaryimage","url":"https:\/\/ahorn-camp.de\/wp-content\/uploads\/2022\/06\/Ahorn-Camp_-AlaskaTD_hikebike-8-scaled.jpg","contentUrl":"https:\/\/ahorn-camp.de\/wp-content\/uploads\/2022\/06\/Ahorn-Camp_-AlaskaTD_hikebike-8-scaled.jpg","width":2560,"height":1855,"caption":"6 Tipps zum Reisen mit Fahrradtr\u00e4ger am Wohnmobil"},{"@type":"BreadcrumbList","@id":"https:\/\/ahorn-camp.de\/6-tipps-zum-reisen-mit-fahrradtraeger-am-wohnmobil\/#breadcrumb","itemListElement":[{"@type":"ListItem","position":1,"name":"Startseite","item":"https:\/\/ahorn-camp.de\/"},{"@type":"ListItem","position":2,"name":"6 Tipps zum Reisen mit Fahrradtr\u00e4ger am Wohnmobil"}]},{"@type":"WebSite","@id":"https:\/\/ahorn-camp.de\/#website","url":"https:\/\/ahorn-camp.de\/","name":"Ahorn Camp | Campers en bestelwagens","description":"Al meer dan 30 jaar verkoopt het familiebedrijf Ahorn Camp in Speyer met succes campers en bestelbusjes met de beste prijs-kwaliteitverhouding.","publisher":{"@id":"https:\/\/ahorn-camp.de\/#organization"},"potentialAction":[{"@type":"SearchAction","target":{"@type":"EntryPoint","urlTemplate":"https:\/\/ahorn-camp.de\/?s={search_term_string}"},"query-input":{"@type":"PropertyValueSpecification","valueRequired":true,"valueName":"search_term_string"}}],"inLanguage":"nl-BE"},{"@type":"Organization","@id":"https:\/\/ahorn-camp.de\/#organization","name":"Ahorn Camp GmbH &amp; Co. KG","url":"https:\/\/ahorn-camp.de\/","logo":{"@type":"ImageObject","inLanguage":"nl-BE","@id":"https:\/\/ahorn-camp.de\/#\/schema\/logo\/image\/","url":"https:\/\/ahorn-camp.de\/wp-content\/uploads\/2018\/12\/Ahorn_Logo.jpg","contentUrl":"https:\/\/ahorn-camp.de\/wp-content\/uploads\/2018\/12\/Ahorn_Logo.jpg","width":1437,"height":1000,"caption":"Ahorn Camp GmbH & Co. KG"},"image":{"@id":"https:\/\/ahorn-camp.de\/#\/schema\/logo\/image\/"},"sameAs":["https:\/\/www.facebook.com\/ahorn.wohnmobile\/","https:\/\/www.instagram.com\/ahorn.camp\/","https:\/\/www.youtube.com\/channel\/UCPFbPCts1JJ_A1k9vyH0yOQ"]},{"@type":"Person","@id":"https:\/\/ahorn-camp.de\/#\/schema\/person\/9b60761ba82d5cb8e6db215a88925044","name":"ahorn_admin","image":{"@type":"ImageObject","inLanguage":"nl-BE","@id":"https:\/\/secure.gravatar.com\/avatar\/d96b9a078083b0c14cee48589feadd939c3cdd66547e2f3f1569470371daaaa5?s=96&d=mm&r=g","url":"https:\/\/secure.gravatar.com\/avatar\/d96b9a078083b0c14cee48589feadd939c3cdd66547e2f3f1569470371daaaa5?s=96&d=mm&r=g","contentUrl":"https:\/\/secure.gravatar.com\/avatar\/d96b9a078083b0c14cee48589feadd939c3cdd66547e2f3f1569470371daaaa5?s=96&d=mm&r=g","caption":"ahorn_admin"},"sameAs":["http:\/\/Ahorn%20Camp"],"url":"https:\/\/ahorn-camp.de\/nl\/author\/ahorn_admin\/"}]}},"_links":{"self":[{"href":"https:\/\/ahorn-camp.de\/nl\/wp-json\/wp\/v2\/posts\/16529","targetHints":{"allow":["GET"]}}],"collection":[{"href":"https:\/\/ahorn-camp.de\/nl\/wp-json\/wp\/v2\/posts"}],"about":[{"href":"https:\/\/ahorn-camp.de\/nl\/wp-json\/wp\/v2\/types\/post"}],"author":[{"embeddable":true,"href":"https:\/\/ahorn-camp.de\/nl\/wp-json\/wp\/v2\/users\/2"}],"replies":[{"embeddable":true,"href":"https:\/\/ahorn-camp.de\/nl\/wp-json\/wp\/v2\/comments?post=16529"}],"version-history":[{"count":0,"href":"https:\/\/ahorn-camp.de\/nl\/wp-json\/wp\/v2\/posts\/16529\/revisions"}],"wp:featuredmedia":[{"embeddable":true,"href":"https:\/\/ahorn-camp.de\/nl\/wp-json\/wp\/v2\/media\/16588"}],"wp:attachment":[{"href":"https:\/\/ahorn-camp.de\/nl\/wp-json\/wp\/v2\/media?parent=16529"}],"wp:term":[{"taxonomy":"category","embeddable":true,"href":"https:\/\/ahorn-camp.de\/nl\/wp-json\/wp\/v2\/categories?post=16529"},{"taxonomy":"post_tag","embeddable":true,"href":"https:\/\/ahorn-camp.de\/nl\/wp-json\/wp\/v2\/tags?post=16529"}],"curies":[{"name":"wp","href":"https:\/\/api.w.org\/{rel}","templated":true}]}}