{"id":983,"date":"2019-04-22T16:25:48","date_gmt":"2019-04-22T14:25:48","guid":{"rendered":"https:\/\/ahorn-camp.de\/?p=983"},"modified":"2022-04-25T15:27:08","modified_gmt":"2022-04-25T13:27:08","slug":"con-il-camper-fino-alla-costa-croata","status":"publish","type":"post","link":"https:\/\/ahorn-camp.de\/it\/mit-dem-wohnmobil-bis-zur-kroatischen-kueste\/","title":{"rendered":"Con il camper fino alla costa croata"},"content":{"rendered":"<p><strong>All'inizio c'erano le solite considerazioni per le vacanze. Dove andiamo? Andiamo proprio? Andiamo in macchina? Campeggio o hotel? Che tipo di viaggio \u00e8 adatto a un bambino piccolo? Ci siamo rapidamente accordati sulla Croazia come destinazione per le vacanze. La risposta alle altre domande, invece, ha richiesto un po' pi\u00f9 di tempo. Quindi ci siamo seduti insieme e abbiamo soppesato i pro e i contro. Volare: Cosa succede se piange durante il decollo e l'atterraggio? Come reagirebbero gli altri passeggeri? Le mamme che allattano, che vengono denunciate da altri passeggeri, non sono circolate viralmente in rete troppo tempo fa. In macchina: Poco spazio di stivaggio e piuttosto scomodo per lunghe distanze. Alla fine, abbiamo deciso per il camper. 3500 km di libert\u00e0: In camper fino alla costa croata.<br \/>\n<\/strong><\/p>\n<h6>Molto spazio, guida confortevole e soprattutto privacy.<\/h6>\n<p>Spesso si vedevano camper in autostrada e cos\u00ec ci si imprimevano i nomi dei grandi marchi. Abbiamo chiesto preventivi a diversi produttori e siamo rimasti stupiti dalle cifre richieste. Quando eravamo ormai quasi sul punto di rinunciare all'idea di una vacanza in camper, ci siamo imbattuti nel marchio Ahorn Camp su diverse riviste di campeggio.<\/p>\n<p>Abbiamo letto un resoconto di un viaggio in Croazia con un Ahorn Camp, che \u00e8 stato valutato molto positivamente. Per questo motivo abbiamo deciso di richiedere un'ultima offerta. Dopo un breve scambio di email, ci \u00e8 stato assicurato un camper per il nostro periodo a condizioni incredibilmente buone. Ormai era deciso: sarebbe stata una vacanza in camper. Pieni di gioia, la settimana successiva abbiamo potuto ritirare il veicolo.<\/p>\n<p><img fetchpriority=\"high\" decoding=\"async\" class=\"wp-image-7512 aligncenter\" src=\"https:\/\/ahorn-camp.de\/wp-content\/uploads\/2020\/08\/IMG_20180919_175756.jpg\" alt=\"\" width=\"760\" height=\"570\" srcset=\"https:\/\/ahorn-camp.de\/wp-content\/uploads\/2020\/08\/IMG_20180919_175756.jpg 2560w, https:\/\/ahorn-camp.de\/wp-content\/uploads\/2020\/08\/IMG_20180919_175756-300x225.jpg 300w, https:\/\/ahorn-camp.de\/wp-content\/uploads\/2020\/08\/IMG_20180919_175756-1024x768.jpg 1024w, https:\/\/ahorn-camp.de\/wp-content\/uploads\/2020\/08\/IMG_20180919_175756-768x576.jpg 768w, https:\/\/ahorn-camp.de\/wp-content\/uploads\/2020\/08\/IMG_20180919_175756-800x600.jpg 800w, https:\/\/ahorn-camp.de\/wp-content\/uploads\/2020\/08\/IMG_20180919_175756-1536x1152.jpg 1536w, https:\/\/ahorn-camp.de\/wp-content\/uploads\/2020\/08\/IMG_20180919_175756-2048x1536.jpg 2048w, https:\/\/ahorn-camp.de\/wp-content\/uploads\/2020\/08\/IMG_20180919_175756-200x150.jpg 200w\" sizes=\"(max-width: 760px) 100vw, 760px\" \/><\/p>\n<hr \/>\n<blockquote>\n<p style=\"text-align: center;\">La libert\u00e0 di potersi adattare spontaneamente alle circostanze senza dover rinunciare a nulla<\/p>\n<\/blockquote>\n<hr \/>\n<h6>Avevamo pensato a un itinerario approssimativo in anticipo.<\/h6>\n<p>In ogni caso, arrivare alla costa croata con il camper. Tuttavia, era importante per noi essere flessibili. Non sapevamo come il piccolo avrebbe reagito al viaggio in camper. Partiti e addormentati. Hannes si \u00e8 svegliato solo due ore dopo alla nostra prima sosta. Dopo una breve pausa per l'allattamento, abbiamo potuto proseguire il nostro viaggio e presto abbiamo raggiunto la nostra prima destinazione. Una volta arrivato al campeggio, ho potuto collegare l'ACT 690 PLUS ECO all'alimentazione elettrica grazie ai cavi di alimentazione.<\/p>\n<p>La tenda da sole poteva essere estesa e montata con facilit\u00e0. Il tavolo e le sedie erano riposti in modo sicuro nel bagagliaio e anche questi sono stati montati rapidamente. Sandra si \u00e8 occupata delle provvigioni e io mi sono messo a preparare la cena. Volevamo essere sicuri che la cena fosse gustosa, quindi c'erano gli spaghetti. Sul fornello a gas a due fuochi si poteva cucinare tranquillamente piatti pi\u00f9 elaborati. Ma ci\u00f2 dipende dalle doti culinarie della persona all'altra estremit\u00e0 del mestolo. Dopo che Hannes \u00e8 andato a letto, abbiamo pianificato il percorso per il giorno successivo. L'obiettivo era raggiungere la costa e trovare un campeggio direttamente sulla spiaggia.<\/p>\n<p>La prima notte in camper. Molti ricordano l'esperienza degli ostelli e dei loro letti troppo piccoli per decenni. Cos\u00ec, inizialmente, anche io temevo per il comfort del sonno nel camper. Due letti singoli con larghezza sufficiente, separati da un materasso pi\u00f9 piccolo. Io ero a sinistra, Sandra a destra e Hannes in mezzo. Che Hannes dovesse essere allattato di nuovo nel corso della notte era per Sandra una pura abitudine e poteva avvenire senza problemi anche nel camper.<\/p>\n<p>&nbsp;<\/p>\n<p><img decoding=\"async\" class=\"wp-image-7516 aligncenter\" src=\"https:\/\/ahorn-camp.de\/wp-content\/uploads\/2019\/04\/Camper-Sonnenuntergang-Peter-Ihle-Ahorn-Camp.jpg\" alt=\"Tramonto \" width=\"760\" height=\"570\" srcset=\"https:\/\/ahorn-camp.de\/wp-content\/uploads\/2019\/04\/Camper-Sonnenuntergang-Peter-Ihle-Ahorn-Camp.jpg 1500w, https:\/\/ahorn-camp.de\/wp-content\/uploads\/2019\/04\/Camper-Sonnenuntergang-Peter-Ihle-Ahorn-Camp-300x225.jpg 300w, https:\/\/ahorn-camp.de\/wp-content\/uploads\/2019\/04\/Camper-Sonnenuntergang-Peter-Ihle-Ahorn-Camp-1024x768.jpg 1024w, https:\/\/ahorn-camp.de\/wp-content\/uploads\/2019\/04\/Camper-Sonnenuntergang-Peter-Ihle-Ahorn-Camp-768x576.jpg 768w, https:\/\/ahorn-camp.de\/wp-content\/uploads\/2019\/04\/Camper-Sonnenuntergang-Peter-Ihle-Ahorn-Camp-800x600.jpg 800w, https:\/\/ahorn-camp.de\/wp-content\/uploads\/2019\/04\/Camper-Sonnenuntergang-Peter-Ihle-Ahorn-Camp-200x150.jpg 200w\" sizes=\"(max-width: 760px) 100vw, 760px\" \/><\/p>\n<hr \/>\n<blockquote>\n<p style=\"text-align: center;\">L'obiettivo era raggiungere la costa e trovare un campeggio direttamente sulla spiaggia.<\/p>\n<\/blockquote>\n<hr \/>\n<h6>La mattina seguente trascorse come le mattine a casa.<\/h6>\n<p>Mentre Hannes si lavava, io preparavo la colazione. Il frigorifero funzionava con l'alimentazione elettrica del campeggio, quindi gli alimenti potevano essere raffreddati senza problemi e potevamo fare colazione con un panorama montano austriaco alla luce del sole del mattino. Dopo aver lavato i piatti, ritirata la tenda da sole, riposti di nuovo tavolo e sedie, mi sono diretto all'area di servizio.<\/p>\n<p>La toilette chimica, che poteva essere rimossa dall'esterno con pochi gesti, l'ho svuotata nei servizi igienici designati, e anche il serbatoio delle acque grigie ho potuto aprire e svuotare con un movimento della mano. Successivamente, ho riempito il serbatoio dell'acqua fresca dall'esterno. Grazie all'indicatore sopra la porta ho potuto controllare il livello dell'acqua.<\/p>\n<p>Eravamo quindi pronti a proseguire il nostro road trip. Entusiasti della libert\u00e0 che non avevamo immaginato, proseguimmo verso la costa croata. Il nostro viaggio ci port\u00f2 attraverso l'Istria, la Dalmazia settentrionale, attraverso i laghi di Plitvice nell'entroterra fino al sud a <a href=\"https:\/\/de.wikipedia.org\/wiki\/Dubrovnik\" target=\"_blank\" rel=\"noopener noreferrer\">Ragusa<\/a>. In totale abbiamo percorso 3.500 chilometri e alla fine siamo rimasti stupiti di quanto sia stato facile.<\/p>\n<p>Tutto a bordo e sempre a portata di mano. La possibilit\u00e0 di fermarsi se Hannes non si calma. La libert\u00e0 di adattarsi spontaneamente alle circostanze senza dover rinunciare a nulla. La sicurezza che l'ACT 690 PLUS ECO sia a nostra disposizione come casa affidabile e mobile e ci riporti a casa sani e salvi. Una splendida esperienza per tutta la famiglia. 3500 km di libert\u00e0: in camper fino alla costa croata.<\/p>\n<p>Pianifichi anche una vacanza pi\u00f9 lunga con tuo figlio? Convinciti del <a href=\"https:\/\/ahorn-camp.de\/it\/camper-ahorn\/\">La diversit\u00e0 della nostra gamma di prodotti e trova il tuo compagno di viaggio ideale<\/a>.<\/p>\n<p><a href=\"https:\/\/ahorn-camp.de\/wp-content\/uploads\/2020\/08\/Reisebericht-Reisen-mit-Kind.pdf\">Qui puoi leggere il resoconto completo del viaggio<\/a><\/p>","protected":false},"excerpt":{"rendered":"<p>\u201eAllora non scapperete\u201c, risposero alla domanda che feci quando raccontai il mio progetto nella sala professori. Sono ormai 8 settimane che sono un orgoglioso padre di un figlio e avevo deciso di prendermi un congedo parentale. Quindi sarebbero state quattro settimane in cui avrei voluto andare in vacanza con la mia famiglia. All\u2019inizio c\u2019erano le solite considerazioni per le vacanze. Dove andiamo? Andiamo in vacanza o no? Andiamo in macchina?<\/p>","protected":false},"author":2,"featured_media":987,"comment_status":"closed","ping_status":"closed","sticky":false,"template":"","format":"standard","meta":{"content-type":"","footnotes":""},"categories":[208],"tags":[],"class_list":["post-983","post","type-post","status-publish","format-standard","has-post-thumbnail","hentry","category-blog"],"yoast_head":"<!-- This site is optimized with the Yoast SEO plugin v27.4 - https:\/\/yoast.com\/product\/yoast-seo-wordpress\/ -->\n<title>Mit dem Wohnmobil bis zur kroatischen K\u00fcste - Ahorn Camp - Blog<\/title>\n<meta name=\"description\" content=\"Wir hatten uns im Voraus eine ungef\u00e4hre Route \u00fcberlegt. 3500 km Freiheit: Mit dem Wohnmobil bis zur kroatischen K\u00fcste. Ein Familienurlaub im ACT 690.\" \/>\n<meta name=\"robots\" content=\"index, follow, max-snippet:-1, max-image-preview:large, max-video-preview:-1\" \/>\n<link rel=\"canonical\" href=\"https:\/\/ahorn-camp.de\/it\/con-il-camper-fino-alla-costa-croata\/\" \/>\n<meta property=\"og:locale\" content=\"it_IT\" \/>\n<meta property=\"og:type\" content=\"article\" \/>\n<meta property=\"og:title\" content=\"Mit dem Wohnmobil bis zur kroatischen K\u00fcste\" \/>\n<meta property=\"og:description\" content=\"Wir hatten uns im Voraus eine ungef\u00e4hre Route \u00fcberlegt. 3500 km Freiheit: Mit dem ACT 690 von Ahorn Camp fuhren wir bis zur kroatischen K\u00fcste.\" \/>\n<meta property=\"og:url\" content=\"https:\/\/ahorn-camp.de\/it\/con-il-camper-fino-alla-costa-croata\/\" \/>\n<meta property=\"og:site_name\" content=\"Ahorn Camp | Reisemobile und Kastenwagen\" \/>\n<meta property=\"article:publisher\" content=\"https:\/\/www.facebook.com\/ahorn.wohnmobile\/\" \/>\n<meta property=\"article:published_time\" content=\"2019-04-22T14:25:48+00:00\" \/>\n<meta property=\"article:modified_time\" content=\"2022-04-25T13:27:08+00:00\" \/>\n<meta property=\"og:image\" content=\"https:\/\/ahorn-camp.de\/wp-content\/uploads\/2019\/05\/aktuelles_reisebericht-3500km-freiheit.jpg\" \/>\n\t<meta property=\"og:image:width\" content=\"844\" \/>\n\t<meta property=\"og:image:height\" content=\"418\" \/>\n\t<meta property=\"og:image:type\" content=\"image\/jpeg\" \/>\n<meta name=\"author\" content=\"ahorn_admin\" \/>\n<meta name=\"twitter:card\" content=\"summary_large_image\" \/>\n<meta name=\"twitter:title\" content=\"Mit dem Wohnmobil bis zur kroatischen K\u00fcste\" \/>\n<meta name=\"twitter:description\" content=\"Wir hatten uns im Voraus eine ungef\u00e4hre Route \u00fcberlegt. 3500 km Freiheit: Mit dem ACT 690 von Ahorn Camp fuhren wir bis zur kroatischen K\u00fcste.\" \/>\n<meta name=\"twitter:image\" content=\"https:\/\/ahorn-camp.de\/wp-content\/uploads\/2019\/05\/aktuelles_reisebericht-3500km-freiheit.jpg\" \/>\n<meta name=\"twitter:label1\" content=\"Scritto da\" \/>\n\t<meta name=\"twitter:data1\" content=\"ahorn_admin\" \/>\n\t<meta name=\"twitter:label2\" content=\"Tempo di lettura stimato\" \/>\n\t<meta name=\"twitter:data2\" content=\"5 minuti\" \/>\n<script type=\"application\/ld+json\" class=\"yoast-schema-graph\">{\"@context\":\"https:\\\/\\\/schema.org\",\"@graph\":[{\"@type\":\"Article\",\"@id\":\"https:\\\/\\\/ahorn-camp.de\\\/mit-dem-wohnmobil-bis-zur-kroatischen-kueste\\\/#article\",\"isPartOf\":{\"@id\":\"https:\\\/\\\/ahorn-camp.de\\\/mit-dem-wohnmobil-bis-zur-kroatischen-kueste\\\/\"},\"author\":{\"name\":\"ahorn_admin\",\"@id\":\"https:\\\/\\\/ahorn-camp.de\\\/#\\\/schema\\\/person\\\/9b60761ba82d5cb8e6db215a88925044\"},\"headline\":\"Mit dem Wohnmobil bis zur kroatischen K\u00fcste\",\"datePublished\":\"2019-04-22T14:25:48+00:00\",\"dateModified\":\"2022-04-25T13:27:08+00:00\",\"mainEntityOfPage\":{\"@id\":\"https:\\\/\\\/ahorn-camp.de\\\/mit-dem-wohnmobil-bis-zur-kroatischen-kueste\\\/\"},\"wordCount\":892,\"publisher\":{\"@id\":\"https:\\\/\\\/ahorn-camp.de\\\/#organization\"},\"image\":{\"@id\":\"https:\\\/\\\/ahorn-camp.de\\\/mit-dem-wohnmobil-bis-zur-kroatischen-kueste\\\/#primaryimage\"},\"thumbnailUrl\":\"https:\\\/\\\/ahorn-camp.de\\\/wp-content\\\/uploads\\\/2019\\\/05\\\/aktuelles_reisebericht-3500km-freiheit.jpg\",\"articleSection\":[\"Blog\"],\"inLanguage\":\"it-IT\"},{\"@type\":\"WebPage\",\"@id\":\"https:\\\/\\\/ahorn-camp.de\\\/mit-dem-wohnmobil-bis-zur-kroatischen-kueste\\\/\",\"url\":\"https:\\\/\\\/ahorn-camp.de\\\/mit-dem-wohnmobil-bis-zur-kroatischen-kueste\\\/\",\"name\":\"Mit dem Wohnmobil bis zur kroatischen K\u00fcste - Ahorn Camp - Blog\",\"isPartOf\":{\"@id\":\"https:\\\/\\\/ahorn-camp.de\\\/#website\"},\"primaryImageOfPage\":{\"@id\":\"https:\\\/\\\/ahorn-camp.de\\\/mit-dem-wohnmobil-bis-zur-kroatischen-kueste\\\/#primaryimage\"},\"image\":{\"@id\":\"https:\\\/\\\/ahorn-camp.de\\\/mit-dem-wohnmobil-bis-zur-kroatischen-kueste\\\/#primaryimage\"},\"thumbnailUrl\":\"https:\\\/\\\/ahorn-camp.de\\\/wp-content\\\/uploads\\\/2019\\\/05\\\/aktuelles_reisebericht-3500km-freiheit.jpg\",\"datePublished\":\"2019-04-22T14:25:48+00:00\",\"dateModified\":\"2022-04-25T13:27:08+00:00\",\"description\":\"Wir hatten uns im Voraus eine ungef\u00e4hre Route \u00fcberlegt. 3500 km Freiheit: Mit dem Wohnmobil bis zur kroatischen K\u00fcste. Ein Familienurlaub im ACT 690.\",\"breadcrumb\":{\"@id\":\"https:\\\/\\\/ahorn-camp.de\\\/mit-dem-wohnmobil-bis-zur-kroatischen-kueste\\\/#breadcrumb\"},\"inLanguage\":\"it-IT\",\"potentialAction\":[{\"@type\":\"ReadAction\",\"target\":[\"https:\\\/\\\/ahorn-camp.de\\\/mit-dem-wohnmobil-bis-zur-kroatischen-kueste\\\/\"]}]},{\"@type\":\"ImageObject\",\"inLanguage\":\"it-IT\",\"@id\":\"https:\\\/\\\/ahorn-camp.de\\\/mit-dem-wohnmobil-bis-zur-kroatischen-kueste\\\/#primaryimage\",\"url\":\"https:\\\/\\\/ahorn-camp.de\\\/wp-content\\\/uploads\\\/2019\\\/05\\\/aktuelles_reisebericht-3500km-freiheit.jpg\",\"contentUrl\":\"https:\\\/\\\/ahorn-camp.de\\\/wp-content\\\/uploads\\\/2019\\\/05\\\/aktuelles_reisebericht-3500km-freiheit.jpg\",\"width\":844,\"height\":418},{\"@type\":\"BreadcrumbList\",\"@id\":\"https:\\\/\\\/ahorn-camp.de\\\/mit-dem-wohnmobil-bis-zur-kroatischen-kueste\\\/#breadcrumb\",\"itemListElement\":[{\"@type\":\"ListItem\",\"position\":1,\"name\":\"Startseite\",\"item\":\"https:\\\/\\\/ahorn-camp.de\\\/\"},{\"@type\":\"ListItem\",\"position\":2,\"name\":\"Mit dem Wohnmobil bis zur kroatischen K\u00fcste\"}]},{\"@type\":\"WebSite\",\"@id\":\"https:\\\/\\\/ahorn-camp.de\\\/#website\",\"url\":\"https:\\\/\\\/ahorn-camp.de\\\/\",\"name\":\"Ahorn Camp | Reisemobile und Kastenwagen\",\"description\":\"Seit \u00fcber 30 Jahren vermarktet das Familienunternehmen, Ahorn Camp in Speyer, erfolgreich Wohnmobile und Kastenwagen zum besten Preis-Leistungsverh\u00e4ltnis.\",\"publisher\":{\"@id\":\"https:\\\/\\\/ahorn-camp.de\\\/#organization\"},\"potentialAction\":[{\"@type\":\"SearchAction\",\"target\":{\"@type\":\"EntryPoint\",\"urlTemplate\":\"https:\\\/\\\/ahorn-camp.de\\\/?s={search_term_string}\"},\"query-input\":{\"@type\":\"PropertyValueSpecification\",\"valueRequired\":true,\"valueName\":\"search_term_string\"}}],\"inLanguage\":\"it-IT\"},{\"@type\":\"Organization\",\"@id\":\"https:\\\/\\\/ahorn-camp.de\\\/#organization\",\"name\":\"Ahorn Camp GmbH & Co. KG\",\"url\":\"https:\\\/\\\/ahorn-camp.de\\\/\",\"logo\":{\"@type\":\"ImageObject\",\"inLanguage\":\"it-IT\",\"@id\":\"https:\\\/\\\/ahorn-camp.de\\\/#\\\/schema\\\/logo\\\/image\\\/\",\"url\":\"https:\\\/\\\/ahorn-camp.de\\\/wp-content\\\/uploads\\\/2018\\\/12\\\/Ahorn_Logo.jpg\",\"contentUrl\":\"https:\\\/\\\/ahorn-camp.de\\\/wp-content\\\/uploads\\\/2018\\\/12\\\/Ahorn_Logo.jpg\",\"width\":1437,\"height\":1000,\"caption\":\"Ahorn Camp GmbH & Co. KG\"},\"image\":{\"@id\":\"https:\\\/\\\/ahorn-camp.de\\\/#\\\/schema\\\/logo\\\/image\\\/\"},\"sameAs\":[\"https:\\\/\\\/www.facebook.com\\\/ahorn.wohnmobile\\\/\",\"https:\\\/\\\/www.instagram.com\\\/ahorn.camp\\\/\",\"https:\\\/\\\/www.youtube.com\\\/channel\\\/UCPFbPCts1JJ_A1k9vyH0yOQ\"]},{\"@type\":\"Person\",\"@id\":\"https:\\\/\\\/ahorn-camp.de\\\/#\\\/schema\\\/person\\\/9b60761ba82d5cb8e6db215a88925044\",\"name\":\"ahorn_admin\",\"image\":{\"@type\":\"ImageObject\",\"inLanguage\":\"it-IT\",\"@id\":\"https:\\\/\\\/secure.gravatar.com\\\/avatar\\\/d96b9a078083b0c14cee48589feadd939c3cdd66547e2f3f1569470371daaaa5?s=96&d=mm&r=g\",\"url\":\"https:\\\/\\\/secure.gravatar.com\\\/avatar\\\/d96b9a078083b0c14cee48589feadd939c3cdd66547e2f3f1569470371daaaa5?s=96&d=mm&r=g\",\"contentUrl\":\"https:\\\/\\\/secure.gravatar.com\\\/avatar\\\/d96b9a078083b0c14cee48589feadd939c3cdd66547e2f3f1569470371daaaa5?s=96&d=mm&r=g\",\"caption\":\"ahorn_admin\"},\"sameAs\":[\"http:\\\/\\\/Ahorn%20Camp\"],\"url\":\"https:\\\/\\\/ahorn-camp.de\\\/it\\\/author\\\/ahorn_admin\\\/\"}]}<\/script>\n<!-- \/ Yoast SEO plugin. -->","yoast_head_json":{"title":"Con il camper fino alla costa croata - Ahorn Camp - Blog","description":"Avevamo pensato a un percorso approssimativo in anticipo. 3500 km di libert\u00e0: in camper fino alla costa croata. Una vacanza in famiglia in un ACT 690.","robots":{"index":"index","follow":"follow","max-snippet":"max-snippet:-1","max-image-preview":"max-image-preview:large","max-video-preview":"max-video-preview:-1"},"canonical":"https:\/\/ahorn-camp.de\/it\/con-il-camper-fino-alla-costa-croata\/","og_locale":"it_IT","og_type":"article","og_title":"Mit dem Wohnmobil bis zur kroatischen K\u00fcste","og_description":"Wir hatten uns im Voraus eine ungef\u00e4hre Route \u00fcberlegt. 3500 km Freiheit: Mit dem ACT 690 von Ahorn Camp fuhren wir bis zur kroatischen K\u00fcste.","og_url":"https:\/\/ahorn-camp.de\/it\/con-il-camper-fino-alla-costa-croata\/","og_site_name":"Ahorn Camp | Reisemobile und Kastenwagen","article_publisher":"https:\/\/www.facebook.com\/ahorn.wohnmobile\/","article_published_time":"2019-04-22T14:25:48+00:00","article_modified_time":"2022-04-25T13:27:08+00:00","og_image":[{"width":844,"height":418,"url":"https:\/\/ahorn-camp.de\/wp-content\/uploads\/2019\/05\/aktuelles_reisebericht-3500km-freiheit.jpg","type":"image\/jpeg"}],"author":"ahorn_admin","twitter_card":"summary_large_image","twitter_title":"Mit dem Wohnmobil bis zur kroatischen K\u00fcste","twitter_description":"Wir hatten uns im Voraus eine ungef\u00e4hre Route \u00fcberlegt. 3500 km Freiheit: Mit dem ACT 690 von Ahorn Camp fuhren wir bis zur kroatischen K\u00fcste.","twitter_image":"https:\/\/ahorn-camp.de\/wp-content\/uploads\/2019\/05\/aktuelles_reisebericht-3500km-freiheit.jpg","twitter_misc":{"Scritto da":"ahorn_admin","Tempo di lettura stimato":"5 minuti"},"schema":{"@context":"https:\/\/schema.org","@graph":[{"@type":"Article","@id":"https:\/\/ahorn-camp.de\/mit-dem-wohnmobil-bis-zur-kroatischen-kueste\/#article","isPartOf":{"@id":"https:\/\/ahorn-camp.de\/mit-dem-wohnmobil-bis-zur-kroatischen-kueste\/"},"author":{"name":"ahorn_admin","@id":"https:\/\/ahorn-camp.de\/#\/schema\/person\/9b60761ba82d5cb8e6db215a88925044"},"headline":"Mit dem Wohnmobil bis zur kroatischen K\u00fcste","datePublished":"2019-04-22T14:25:48+00:00","dateModified":"2022-04-25T13:27:08+00:00","mainEntityOfPage":{"@id":"https:\/\/ahorn-camp.de\/mit-dem-wohnmobil-bis-zur-kroatischen-kueste\/"},"wordCount":892,"publisher":{"@id":"https:\/\/ahorn-camp.de\/#organization"},"image":{"@id":"https:\/\/ahorn-camp.de\/mit-dem-wohnmobil-bis-zur-kroatischen-kueste\/#primaryimage"},"thumbnailUrl":"https:\/\/ahorn-camp.de\/wp-content\/uploads\/2019\/05\/aktuelles_reisebericht-3500km-freiheit.jpg","articleSection":["Blog"],"inLanguage":"it-IT"},{"@type":"WebPage","@id":"https:\/\/ahorn-camp.de\/mit-dem-wohnmobil-bis-zur-kroatischen-kueste\/","url":"https:\/\/ahorn-camp.de\/mit-dem-wohnmobil-bis-zur-kroatischen-kueste\/","name":"Con il camper fino alla costa croata - Ahorn Camp - Blog","isPartOf":{"@id":"https:\/\/ahorn-camp.de\/#website"},"primaryImageOfPage":{"@id":"https:\/\/ahorn-camp.de\/mit-dem-wohnmobil-bis-zur-kroatischen-kueste\/#primaryimage"},"image":{"@id":"https:\/\/ahorn-camp.de\/mit-dem-wohnmobil-bis-zur-kroatischen-kueste\/#primaryimage"},"thumbnailUrl":"https:\/\/ahorn-camp.de\/wp-content\/uploads\/2019\/05\/aktuelles_reisebericht-3500km-freiheit.jpg","datePublished":"2019-04-22T14:25:48+00:00","dateModified":"2022-04-25T13:27:08+00:00","description":"Avevamo pensato a un percorso approssimativo in anticipo. 3500 km di libert\u00e0: in camper fino alla costa croata. Una vacanza in famiglia in un ACT 690.","breadcrumb":{"@id":"https:\/\/ahorn-camp.de\/mit-dem-wohnmobil-bis-zur-kroatischen-kueste\/#breadcrumb"},"inLanguage":"it-IT","potentialAction":[{"@type":"ReadAction","target":["https:\/\/ahorn-camp.de\/mit-dem-wohnmobil-bis-zur-kroatischen-kueste\/"]}]},{"@type":"ImageObject","inLanguage":"it-IT","@id":"https:\/\/ahorn-camp.de\/mit-dem-wohnmobil-bis-zur-kroatischen-kueste\/#primaryimage","url":"https:\/\/ahorn-camp.de\/wp-content\/uploads\/2019\/05\/aktuelles_reisebericht-3500km-freiheit.jpg","contentUrl":"https:\/\/ahorn-camp.de\/wp-content\/uploads\/2019\/05\/aktuelles_reisebericht-3500km-freiheit.jpg","width":844,"height":418},{"@type":"BreadcrumbList","@id":"https:\/\/ahorn-camp.de\/mit-dem-wohnmobil-bis-zur-kroatischen-kueste\/#breadcrumb","itemListElement":[{"@type":"ListItem","position":1,"name":"Startseite","item":"https:\/\/ahorn-camp.de\/"},{"@type":"ListItem","position":2,"name":"Mit dem Wohnmobil bis zur kroatischen K\u00fcste"}]},{"@type":"WebSite","@id":"https:\/\/ahorn-camp.de\/#website","url":"https:\/\/ahorn-camp.de\/","name":"Ahorn Camp | Camper e furgonati","description":"Da oltre 30 anni l'azienda a conduzione familiare, Ahorn Camp a Speyer, commercializza con successo camper e furgoni al miglior rapporto qualit\u00e0-prezzo.","publisher":{"@id":"https:\/\/ahorn-camp.de\/#organization"},"potentialAction":[{"@type":"SearchAction","target":{"@type":"EntryPoint","urlTemplate":"https:\/\/ahorn-camp.de\/?s={search_term_string}"},"query-input":{"@type":"PropertyValueSpecification","valueRequired":true,"valueName":"search_term_string"}}],"inLanguage":"it-IT"},{"@type":"Organization","@id":"https:\/\/ahorn-camp.de\/#organization","name":"Ahorn Camp GmbH &amp; Co. KG","url":"https:\/\/ahorn-camp.de\/","logo":{"@type":"ImageObject","inLanguage":"it-IT","@id":"https:\/\/ahorn-camp.de\/#\/schema\/logo\/image\/","url":"https:\/\/ahorn-camp.de\/wp-content\/uploads\/2018\/12\/Ahorn_Logo.jpg","contentUrl":"https:\/\/ahorn-camp.de\/wp-content\/uploads\/2018\/12\/Ahorn_Logo.jpg","width":1437,"height":1000,"caption":"Ahorn Camp GmbH & Co. KG"},"image":{"@id":"https:\/\/ahorn-camp.de\/#\/schema\/logo\/image\/"},"sameAs":["https:\/\/www.facebook.com\/ahorn.wohnmobile\/","https:\/\/www.instagram.com\/ahorn.camp\/","https:\/\/www.youtube.com\/channel\/UCPFbPCts1JJ_A1k9vyH0yOQ"]},{"@type":"Person","@id":"https:\/\/ahorn-camp.de\/#\/schema\/person\/9b60761ba82d5cb8e6db215a88925044","name":"ahorn_admin","image":{"@type":"ImageObject","inLanguage":"it-IT","@id":"https:\/\/secure.gravatar.com\/avatar\/d96b9a078083b0c14cee48589feadd939c3cdd66547e2f3f1569470371daaaa5?s=96&d=mm&r=g","url":"https:\/\/secure.gravatar.com\/avatar\/d96b9a078083b0c14cee48589feadd939c3cdd66547e2f3f1569470371daaaa5?s=96&d=mm&r=g","contentUrl":"https:\/\/secure.gravatar.com\/avatar\/d96b9a078083b0c14cee48589feadd939c3cdd66547e2f3f1569470371daaaa5?s=96&d=mm&r=g","caption":"ahorn_admin"},"sameAs":["http:\/\/Ahorn%20Camp"],"url":"https:\/\/ahorn-camp.de\/it\/author\/ahorn_admin\/"}]}},"_links":{"self":[{"href":"https:\/\/ahorn-camp.de\/it\/wp-json\/wp\/v2\/posts\/983","targetHints":{"allow":["GET"]}}],"collection":[{"href":"https:\/\/ahorn-camp.de\/it\/wp-json\/wp\/v2\/posts"}],"about":[{"href":"https:\/\/ahorn-camp.de\/it\/wp-json\/wp\/v2\/types\/post"}],"author":[{"embeddable":true,"href":"https:\/\/ahorn-camp.de\/it\/wp-json\/wp\/v2\/users\/2"}],"replies":[{"embeddable":true,"href":"https:\/\/ahorn-camp.de\/it\/wp-json\/wp\/v2\/comments?post=983"}],"version-history":[{"count":0,"href":"https:\/\/ahorn-camp.de\/it\/wp-json\/wp\/v2\/posts\/983\/revisions"}],"wp:featuredmedia":[{"embeddable":true,"href":"https:\/\/ahorn-camp.de\/it\/wp-json\/wp\/v2\/media\/987"}],"wp:attachment":[{"href":"https:\/\/ahorn-camp.de\/it\/wp-json\/wp\/v2\/media?parent=983"}],"wp:term":[{"taxonomy":"category","embeddable":true,"href":"https:\/\/ahorn-camp.de\/it\/wp-json\/wp\/v2\/categories?post=983"},{"taxonomy":"post_tag","embeddable":true,"href":"https:\/\/ahorn-camp.de\/it\/wp-json\/wp\/v2\/tags?post=983"}],"curies":[{"name":"wp","href":"https:\/\/api.w.org\/{rel}","templated":true}]}}