{"id":9531,"date":"2020-11-09T12:59:02","date_gmt":"2020-11-09T11:59:02","guid":{"rendered":"https:\/\/ahorn-camp.de\/?p=9531"},"modified":"2026-01-07T10:32:34","modified_gmt":"2026-01-07T09:32:34","slug":"wintercamping","status":"publish","type":"post","link":"https:\/\/ahorn-camp.de\/it\/wintercamping\/","title":{"rendered":"Wintercamping &#8211; Reisen in der Wintersaison"},"content":{"rendered":"<div class=\"wpb-content-wrapper\"><div class=\"vc_row wpb_row vc_row-fluid\"><div class=\"wpb_column vc_column_container vc_col-sm-12\"><div class=\"vc_column-inner\"><div class=\"wpb_wrapper\">\n\t<div  class=\"wpb_single_image wpb_content_element vc_align_left wpb_content_element\">\n\t\t\n\t\t<figure class=\"wpb_wrapper vc_figure\">\n\t\t\t<div class=\"vc_single_image-wrapper   vc_box_border_grey\"><img fetchpriority=\"high\" decoding=\"async\" width=\"1024\" height=\"682\" src=\"https:\/\/ahorn-camp.de\/wp-content\/uploads\/2020\/11\/AhornCamp_Van620-1-small-1024x682.jpg\" class=\"vc_single_image-img attachment-large\" alt=\"Ahorn Van im Schnee\" title=\"AhornCamp_Van620-1 small\" srcset=\"https:\/\/ahorn-camp.de\/wp-content\/uploads\/2020\/11\/AhornCamp_Van620-1-small-1024x682.jpg 1024w, https:\/\/ahorn-camp.de\/wp-content\/uploads\/2020\/11\/AhornCamp_Van620-1-small-300x200.jpg 300w, https:\/\/ahorn-camp.de\/wp-content\/uploads\/2020\/11\/AhornCamp_Van620-1-small-768x511.jpg 768w, https:\/\/ahorn-camp.de\/wp-content\/uploads\/2020\/11\/AhornCamp_Van620-1-small-800x533.jpg 800w, https:\/\/ahorn-camp.de\/wp-content\/uploads\/2020\/11\/AhornCamp_Van620-1-small.jpg 1500w\" sizes=\"(max-width: 1024px) 100vw, 1024px\" \/><\/div>\n\t\t<\/figure>\n\t<\/div>\n\n\t<div class=\"wpb_text_column wpb_content_element\" >\n\t\t<div class=\"wpb_wrapper\">\n\t\t\t<p>Der Winter steht vor der T\u00fcr. Die Tage werden k\u00e4lter und k\u00fcrzer. Hierbei ergeben sich zwei M\u00f6glichkeiten f\u00fcr alle Campingliebhaber.<\/p>\n<ol>\n<li>Die Campingsaison wird verl\u00e4ngert mit wundersch\u00f6nen Winterlandschaften und -sport, kuscheligen Tagen im Wohnmobil und leeren Campingpl\u00e4tzen.<\/li>\n<li>Sie und Ihr Wohnmobil begeben sich in den wohlverdienten Winterschlaf. <a href=\"https:\/\/ahorn-camp.de\/it\/wohnmobil-winterfest\/\">Sie machen Ihr Wohnmobil winterfest.<\/a><\/li>\n<\/ol>\n<p>In diesem Artikel erkl\u00e4ren wir Ihnen alles rund um Punkt 1!<\/p>\n\n\t\t<\/div>\n\t<\/div>\n<div class=\"vc_row wpb_row vc_inner vc_row-fluid\"><div class=\"wpb_column vc_column_container vc_col-sm-12\"><div class=\"vc_column-inner\"><div class=\"wpb_wrapper\">\n\t<div class=\"wpb_text_column wpb_content_element\" >\n\t\t<div class=\"wpb_wrapper\">\n\t\t\t<p>Damit Sie mit Ihrem Reisemobil auch in den Skiurlaub fahren k\u00f6nnen, m\u00fcssen Sie einige Dinge beachten. In diesem Beitrag geben wir Ihnen die wichtigsten Tipps und Tricks an die Hand. So machen Sie Ihr Reisemobil fit f\u00fcr die kommende Jahreszeit. (Die erforderlichen Ma\u00dfnahmen variieren je nach Ahorn Camp Serie).<\/p>\n<hr \/>\n\n\t\t<\/div>\n\t<\/div>\n<\/div><\/div><\/div><\/div><\/div><\/div><\/div><\/div><div class=\"vc_row wpb_row vc_row-fluid\"><div class=\"wpb_column vc_column_container vc_col-sm-6\"><div class=\"vc_column-inner\"><div class=\"wpb_wrapper\">\n\t<div  class=\"wpb_single_image wpb_content_element vc_align_left wpb_content_element\">\n\t\t\n\t\t<figure class=\"wpb_wrapper vc_figure\">\n\t\t\t<div class=\"vc_single_image-wrapper   vc_box_border_grey\"><img decoding=\"async\" width=\"1024\" height=\"819\" src=\"https:\/\/ahorn-camp.de\/wp-content\/uploads\/2020\/11\/AhornCamp_Van620-19-small-1024x819.jpg\" class=\"vc_single_image-img attachment-large\" alt=\"Van auf Schneelandschaft\" title=\"AhornCamp_Van620-19 small\" srcset=\"https:\/\/ahorn-camp.de\/wp-content\/uploads\/2020\/11\/AhornCamp_Van620-19-small-1024x819.jpg 1024w, https:\/\/ahorn-camp.de\/wp-content\/uploads\/2020\/11\/AhornCamp_Van620-19-small-300x240.jpg 300w, https:\/\/ahorn-camp.de\/wp-content\/uploads\/2020\/11\/AhornCamp_Van620-19-small-768x614.jpg 768w, https:\/\/ahorn-camp.de\/wp-content\/uploads\/2020\/11\/AhornCamp_Van620-19-small-750x600.jpg 750w, https:\/\/ahorn-camp.de\/wp-content\/uploads\/2020\/11\/AhornCamp_Van620-19-small-800x640.jpg 800w, https:\/\/ahorn-camp.de\/wp-content\/uploads\/2020\/11\/AhornCamp_Van620-19-small.jpg 1500w\" sizes=\"(max-width: 1024px) 100vw, 1024px\" \/><\/div>\n\t\t<\/figure>\n\t<\/div>\n<\/div><\/div><\/div><div class=\"wpb_column vc_column_container vc_col-sm-6\"><div class=\"vc_column-inner\"><div class=\"wpb_wrapper\"><h3 style=\"color: #1e73be;text-align: left\" class=\"vc_custom_heading vc_do_custom_heading\" >Bereifung<\/h3>\n\t<div class=\"wpb_text_column wpb_content_element\" >\n\t\t<div class=\"wpb_wrapper\">\n\t\t\t<p>Auch beim Camping im Winter ist es nat\u00fcrlich entscheidend, auf welchem Untergrund Sie die Nacht verbringen wollen. Wenn man im Winter in die Berge will, dann sollte man dringend auf die <strong>richtige Bereifung<\/strong> achten. Au\u00dferdem ist es nie verkehrt, <strong>Schneeketten<\/strong> dabei zu haben.<\/p>\n<p>Winterreifen sind meistens <strong>keine freiwillige Ermessensentscheidung<\/strong>, sondern in vielen Regionen vorgeschrieben. Untersch\u00e4tzen Sie niemals die schnellen Wetterumschw\u00fcnge in den Bergen. \u00dcberpr\u00fcfen Sie vorher ob Ihre Winterreifen noch genug Profil haben und erkundigen Sie sich, wie Schneeketten auf die Reifen gezogen werden.<\/p>\n<p>Achten Sie au\u00dferdem auch beim Reifenwechsel auf den richtigen Reifenluftdruck.<\/p>\n\n\t\t<\/div>\n\t<\/div>\n<\/div><\/div><\/div><\/div><div class=\"vc_row wpb_row vc_row-fluid\"><div class=\"wpb_column vc_column_container vc_col-sm-6\"><div class=\"vc_column-inner\"><div class=\"wpb_wrapper\"><h3 style=\"color: #1e73be;text-align: left\" class=\"vc_custom_heading vc_do_custom_heading\" >Riscaldamento<\/h3>\n\t<div class=\"wpb_text_column wpb_content_element\" >\n\t\t<div class=\"wpb_wrapper\">\n\t\t\t<p>Damit Sie in Ihrem Winterurlaub nicht frieren m\u00fcssen, sollten Sie vorher darauf achten, dass Ihre Heizung<strong> voll funktionsf\u00e4hig<\/strong> ist. Au\u00dferdem sollten Sie immer wieder einen Blick in die L\u00fcftungs\u00f6ffnungen werfen. Auch diese k\u00f6nnen mit Schnee und Eis verstopft sein. F\u00fcr alle Ahorn Wohnmobil Modelle sind spezielle Winterpakete als Option bestellbar &#8211; bei Camp und Canada eine Truma 6 Gasheizung inkl. Abwassertankheizung, bei Alaska ist es das leistungsstarke Webasto Winterpaket mit Diesel.<\/p>\n<p>Trotz K\u00e4lte sollte man nicht vergessen zu l\u00fcften. Sie sollten es <strong>vermeiden, Feuchtigkeit<\/strong> im Wohnmobil zu haben. Am Besten l\u00fcften Sie mindestens zwei Mal pro Tag f\u00fcr ein paar Minuten. Auch feuchte Klamotten k\u00f6nnen schnell zu Feuchtigkeit im Wohnmobil f\u00fchren. Versuchen Sie Ihre nasse Kleidung in einem <strong>Trockenraum<\/strong> auf einem Campingplatz zu trocknen.<\/p>\n<p>Um gasbetriebene Ger\u00e4te w\u00e4hrend der Fahrt sicher zu betreiben ist ein Crashsensor n\u00f6tig. Dieser ist in all unseren Fahrzeugen serienm\u00e4\u00dfig verbaut. Somit k\u00f6nnen Heizung, Boiler und K\u00fchlschrank w\u00e4hrend der Fahrt problemlos betrieben werden. Sollte es zu einem Unfall kommen, l\u00f6st der Crashsensor sofort aus und unterbricht die Gaszufuhr. Die einzige Ausnahme hiervon sind die Van Modelle mit Gasheizung. Hier ist standardm\u00e4\u00dfig kein Crashsensor verbaut. Wenn Sie eine Dieselheizung im Fahrzeug haben, ist diese modellunabh\u00e4ngig w\u00e4hrend der Fahrt betreibbar.<\/p>\n<p>Zusammengefasst d\u00fcrfen alle Fahrzeuge w\u00e4hrend der Fahrt beheizt werden, au\u00dfer Vans mit Gasheizung, da hier standardm\u00e4\u00dfig kein Crashsensor verbaut ist. Es ist ebenfalls empfehlenswert das Fahrzeug immer auf mindestens 8-10\u00b0C zu heizen, auch wenn Sie einige Stunden nicht im Fahrzeug sind, da sonst durch das Wasser im Fahrzeug Frostsch\u00e4den entstehen k\u00f6nnen.<\/p>\n\n\t\t<\/div>\n\t<\/div>\n<\/div><\/div><\/div><div class=\"wpb_column vc_column_container vc_col-sm-6\"><div class=\"vc_column-inner\"><div class=\"wpb_wrapper\">\n\t<div  class=\"wpb_single_image wpb_content_element vc_align_left wpb_content_element\">\n\t\t\n\t\t<figure class=\"wpb_wrapper vc_figure\">\n\t\t\t<div class=\"vc_single_image-wrapper   vc_box_border_grey\"><img decoding=\"async\" width=\"1024\" height=\"683\" src=\"https:\/\/ahorn-camp.de\/wp-content\/uploads\/2020\/11\/AhornCamp_Van620-13-small-1024x683.jpg\" class=\"vc_single_image-img attachment-large\" alt=\"Van Wintercamping See\" title=\"AhornCamp_Van620-13 small\" srcset=\"https:\/\/ahorn-camp.de\/wp-content\/uploads\/2020\/11\/AhornCamp_Van620-13-small-1024x683.jpg 1024w, https:\/\/ahorn-camp.de\/wp-content\/uploads\/2020\/11\/AhornCamp_Van620-13-small-300x200.jpg 300w, https:\/\/ahorn-camp.de\/wp-content\/uploads\/2020\/11\/AhornCamp_Van620-13-small-768x513.jpg 768w, https:\/\/ahorn-camp.de\/wp-content\/uploads\/2020\/11\/AhornCamp_Van620-13-small-800x534.jpg 800w, https:\/\/ahorn-camp.de\/wp-content\/uploads\/2020\/11\/AhornCamp_Van620-13-small.jpg 1500w\" sizes=\"(max-width: 1024px) 100vw, 1024px\" \/><\/div>\n\t\t<\/figure>\n\t<\/div>\n<\/div><\/div><\/div><\/div><div class=\"vc_row wpb_row vc_row-fluid\"><div class=\"wpb_column vc_column_container vc_col-sm-6\"><div class=\"vc_column-inner\"><div class=\"wpb_wrapper\">\n\t<div  class=\"wpb_single_image wpb_content_element vc_align_left wpb_content_element\">\n\t\t\n\t\t<figure class=\"wpb_wrapper vc_figure\">\n\t\t\t<div class=\"vc_single_image-wrapper   vc_box_border_grey\"><img loading=\"lazy\" decoding=\"async\" width=\"1024\" height=\"683\" src=\"https:\/\/ahorn-camp.de\/wp-content\/uploads\/2020\/11\/AhornCamp_Van620-161-small-1024x683.jpg\" class=\"vc_single_image-img attachment-large\" alt=\"Lagerfeuer\" title=\"AhornCamp_Van620-161 small\" srcset=\"https:\/\/ahorn-camp.de\/wp-content\/uploads\/2020\/11\/AhornCamp_Van620-161-small-1024x683.jpg 1024w, https:\/\/ahorn-camp.de\/wp-content\/uploads\/2020\/11\/AhornCamp_Van620-161-small-300x200.jpg 300w, https:\/\/ahorn-camp.de\/wp-content\/uploads\/2020\/11\/AhornCamp_Van620-161-small-768x513.jpg 768w, https:\/\/ahorn-camp.de\/wp-content\/uploads\/2020\/11\/AhornCamp_Van620-161-small-800x534.jpg 800w, https:\/\/ahorn-camp.de\/wp-content\/uploads\/2020\/11\/AhornCamp_Van620-161-small.jpg 1500w\" sizes=\"(max-width: 1024px) 100vw, 1024px\" \/><\/div>\n\t\t<\/figure>\n\t<\/div>\n<\/div><\/div><\/div><div class=\"wpb_column vc_column_container vc_col-sm-6\"><div class=\"vc_column-inner\"><div class=\"wpb_wrapper\"><h3 style=\"color: #1e73be;text-align: left\" class=\"vc_custom_heading vc_do_custom_heading\" >Gas<\/h3>\n\t<div class=\"wpb_text_column wpb_content_element\" >\n\t\t<div class=\"wpb_wrapper\">\n\t\t\t<p>Die Heizungen in unseren Reisemobilen werden haupts\u00e4chlich <strong>mit Gas betrieben. <\/strong>Nur die Van und Alaska Modelle heizen mit Diesel und nutzen das Gas nur zum Kochen, was f\u00fcr den Betrieb im Winter von Vorteil ist. Bei den Alaska Modellen kann zus\u00e4tzlich noch ein spezielles Winter Webasto Paket eingebaut werden. Lassen Sie sich gerne diesbez\u00fcglich von uns beraten!<\/p>\n<p>Bei allen anderen Modellen sollten Sie dringend darauf achten, genug Gas f\u00fcr die Heizung dabei zu haben.<\/p>\n<p>Eine Standard-Gasflasche von 11kg h\u00e4lt bei einem Dauerverbrauch etwa<strong> drei bis vier Tage<\/strong>. Aber in die meisten Reisemobile passen locker auch zwei Gasflaschen, sodass Sie erst nach einer Woche die Gasflasche neu bef\u00fcllen lassen m\u00fcssen.<\/p>\n\n\t\t<\/div>\n\t<\/div>\n<\/div><\/div><\/div><\/div><div class=\"vc_row wpb_row vc_row-fluid\"><div class=\"wpb_column vc_column_container vc_col-sm-6\"><div class=\"vc_column-inner\"><div class=\"wpb_wrapper\"><h3 style=\"color: #1e73be;text-align: left\" class=\"vc_custom_heading vc_do_custom_heading\" >Lista d'imballaggio<\/h3>\n\t<div class=\"wpb_text_column wpb_content_element\" >\n\t\t<div class=\"wpb_wrapper\">\n\t\t\t<ul>\n<li>Schneeketten<\/li>\n<li>Winterjacken<\/li>\n<li>Fleecejacken<\/li>\n<li>Schneeschuhe<\/li>\n<li>Heizdecken oder allgemein Decken<\/li>\n<li>Eiskratzer<\/li>\n<li>Schneeschaufel<\/li>\n<li>Thermoskannen oder Kaffee to go Becher<\/li>\n<\/ul>\n\n\t\t<\/div>\n\t<\/div>\n<\/div><\/div><\/div><div class=\"wpb_column vc_column_container vc_col-sm-6\"><div class=\"vc_column-inner\"><div class=\"wpb_wrapper\">\n\t<div  class=\"wpb_single_image wpb_content_element vc_align_left wpb_content_element\">\n\t\t\n\t\t<figure class=\"wpb_wrapper vc_figure\">\n\t\t\t<div class=\"vc_single_image-wrapper   vc_box_border_grey\"><img loading=\"lazy\" decoding=\"async\" width=\"1024\" height=\"683\" src=\"https:\/\/ahorn-camp.de\/wp-content\/uploads\/2020\/11\/AhornCamp_Van620-33-small-1024x683.jpg\" class=\"vc_single_image-img attachment-large\" alt=\"Van Aussicht Winter\" title=\"AhornCamp_Van620-33 small\" srcset=\"https:\/\/ahorn-camp.de\/wp-content\/uploads\/2020\/11\/AhornCamp_Van620-33-small-1024x683.jpg 1024w, https:\/\/ahorn-camp.de\/wp-content\/uploads\/2020\/11\/AhornCamp_Van620-33-small-300x200.jpg 300w, https:\/\/ahorn-camp.de\/wp-content\/uploads\/2020\/11\/AhornCamp_Van620-33-small-768x512.jpg 768w, https:\/\/ahorn-camp.de\/wp-content\/uploads\/2020\/11\/AhornCamp_Van620-33-small-800x533.jpg 800w, https:\/\/ahorn-camp.de\/wp-content\/uploads\/2020\/11\/AhornCamp_Van620-33-small.jpg 1500w\" sizes=\"(max-width: 1024px) 100vw, 1024px\" \/><\/div>\n\t\t<\/figure>\n\t<\/div>\n<\/div><\/div><\/div><\/div><div class=\"vc_row wpb_row vc_row-fluid\"><div class=\"wpb_column vc_column_container vc_col-sm-6\"><div class=\"vc_column-inner\"><div class=\"wpb_wrapper\">\n\t<div  class=\"wpb_single_image wpb_content_element vc_align_left wpb_content_element\">\n\t\t\n\t\t<figure class=\"wpb_wrapper vc_figure\">\n\t\t\t<div class=\"vc_single_image-wrapper   vc_box_border_grey\"><img loading=\"lazy\" decoding=\"async\" width=\"1024\" height=\"683\" src=\"https:\/\/ahorn-camp.de\/wp-content\/uploads\/2020\/11\/AhornCamp_Van620-15-small-1-1024x683.jpg\" class=\"vc_single_image-img attachment-large\" alt=\"ahorn Camp am See\" title=\"AhornCamp_Van620-15 small\" srcset=\"https:\/\/ahorn-camp.de\/wp-content\/uploads\/2020\/11\/AhornCamp_Van620-15-small-1-1024x683.jpg 1024w, https:\/\/ahorn-camp.de\/wp-content\/uploads\/2020\/11\/AhornCamp_Van620-15-small-1-300x200.jpg 300w, https:\/\/ahorn-camp.de\/wp-content\/uploads\/2020\/11\/AhornCamp_Van620-15-small-1-768x513.jpg 768w, https:\/\/ahorn-camp.de\/wp-content\/uploads\/2020\/11\/AhornCamp_Van620-15-small-1-800x534.jpg 800w, https:\/\/ahorn-camp.de\/wp-content\/uploads\/2020\/11\/AhornCamp_Van620-15-small-1.jpg 1500w\" sizes=\"(max-width: 1024px) 100vw, 1024px\" \/><\/div>\n\t\t<\/figure>\n\t<\/div>\n<\/div><\/div><\/div><div class=\"wpb_column vc_column_container vc_col-sm-6\"><div class=\"vc_column-inner\"><div class=\"wpb_wrapper\"><h3 style=\"color: #1e73be;text-align: left\" class=\"vc_custom_heading vc_do_custom_heading\" >Wasser<\/h3>\n\t<div class=\"wpb_text_column wpb_content_element\" >\n\t\t<div class=\"wpb_wrapper\">\n\t\t\t<p>Bei Ihrem Wasser- und Abwassertank sollten Sie auf Folgendes achten: Wenn Sie nicht standartm\u00e4\u00dfig eine Beheizung besitzen (Camp und Canada Serie), entweder diese noch vorher bei uns aufr\u00fcsten zu lassen oder Frostschutz f\u00fcr das Trinkwasser zu kaufen.<\/p>\n<p>Hierf\u00fcr gibt es extra gesundheitsunbedenkliche Mittel. Achtung: Bitte das richtige Mittel extra f\u00fcr Trinkwasser kaufen! Am einfachsten ist es aber, wenn Sie Ihr Modell direkt beim Kauf aufr\u00fcsten lassen, sodass Sie unbesorgt jederzeit in den Winterurlaub fahren k\u00f6nnen.<\/p>\n<p>Haben Sie eine Abwassertankheizung verbaut, ist darauf zu achten, diese nicht nur einzuschalten, sondern sie nach der Reise auch wieder auszuschalten und die Batterie abzuklemmen, damit diese nicht tiefentladen wird. Bei tieferen Temperaturen ist es ebenfalls ratsam, das Wasser im Abwassertank m\u00f6glichst schnell wieder an daf\u00fcr geeigneten Stellen abzulassen.<\/p>\n\n\t\t<\/div>\n\t<\/div>\n<\/div><\/div><\/div><\/div><div class=\"vc_row wpb_row vc_row-fluid\"><div class=\"wpb_column vc_column_container vc_col-sm-6\"><div class=\"vc_column-inner\"><div class=\"wpb_wrapper\"><h3 style=\"color: #1e73be;text-align: left\" class=\"vc_custom_heading vc_do_custom_heading\" >Stellplatz<\/h3>\n\t<div class=\"wpb_text_column wpb_content_element\" >\n\t\t<div class=\"wpb_wrapper\">\n\t\t\t<p>Achten Sie bei der Auswahl des <strong>Stellplatzes <\/strong>auf den Untergrund. Dieser sollte weitgehend <strong>schnee- und eisfrei<\/strong> sein, damit das Wohnmobil nicht in Schieflage ger\u00e4t oder einsinkt. Am besten Unterkeile unter die R\u00e4der legen.<\/p>\n<p>Je nach Wetterlage ist nat\u00fcrlich die \u00dcbernachtung auf einem Campingplatz ratsamer. Dort k\u00f6nnten Sie h\u00e4ufig auch nach <strong>Brettern\u00a0<\/strong>fragen anstatt den Unterlegkeilen.<\/p>\n\n\t\t<\/div>\n\t<\/div>\n<\/div><\/div><\/div><div class=\"wpb_column vc_column_container vc_col-sm-6\"><div class=\"vc_column-inner\"><div class=\"wpb_wrapper\">\n\t<div  class=\"wpb_single_image wpb_content_element vc_align_left wpb_content_element\">\n\t\t\n\t\t<figure class=\"wpb_wrapper vc_figure\">\n\t\t\t<div class=\"vc_single_image-wrapper   vc_box_border_grey\"><img loading=\"lazy\" decoding=\"async\" width=\"1024\" height=\"683\" src=\"https:\/\/ahorn-camp.de\/wp-content\/uploads\/2020\/11\/AhornCamp_Van620-21-small-1024x683.jpg\" class=\"vc_single_image-img attachment-large\" alt=\"Ahorn Camp Van im Winter\" title=\"Ahorn Camp Van im Winter\" srcset=\"https:\/\/ahorn-camp.de\/wp-content\/uploads\/2020\/11\/AhornCamp_Van620-21-small-1024x683.jpg 1024w, https:\/\/ahorn-camp.de\/wp-content\/uploads\/2020\/11\/AhornCamp_Van620-21-small-300x200.jpg 300w, https:\/\/ahorn-camp.de\/wp-content\/uploads\/2020\/11\/AhornCamp_Van620-21-small-768x513.jpg 768w, https:\/\/ahorn-camp.de\/wp-content\/uploads\/2020\/11\/AhornCamp_Van620-21-small-800x534.jpg 800w, https:\/\/ahorn-camp.de\/wp-content\/uploads\/2020\/11\/AhornCamp_Van620-21-small.jpg 1500w\" sizes=\"(max-width: 1024px) 100vw, 1024px\" \/><\/div>\n\t\t<\/figure>\n\t<\/div>\n<\/div><\/div><\/div><\/div><div class=\"vc_row wpb_row vc_row-fluid\"><div class=\"wpb_column vc_column_container vc_col-sm-6\"><div class=\"vc_column-inner\"><div class=\"wpb_wrapper\">\n\t<div  class=\"wpb_single_image wpb_content_element vc_align_left wpb_content_element\">\n\t\t\n\t\t<figure class=\"wpb_wrapper vc_figure\">\n\t\t\t<div class=\"vc_single_image-wrapper   vc_box_border_grey\"><img loading=\"lazy\" decoding=\"async\" width=\"1024\" height=\"819\" src=\"https:\/\/ahorn-camp.de\/wp-content\/uploads\/2020\/11\/AhornCamp_Switzerland20-small-1024x819.jpg\" class=\"vc_single_image-img attachment-large\" alt=\"Wohnmobil Schweiz Winter\" title=\"AhornCamp_Svizzera20 piccolo\" srcset=\"https:\/\/ahorn-camp.de\/wp-content\/uploads\/2020\/11\/AhornCamp_Switzerland20-small-1024x819.jpg 1024w, https:\/\/ahorn-camp.de\/wp-content\/uploads\/2020\/11\/AhornCamp_Switzerland20-small-300x240.jpg 300w, https:\/\/ahorn-camp.de\/wp-content\/uploads\/2020\/11\/AhornCamp_Switzerland20-small-768x614.jpg 768w, https:\/\/ahorn-camp.de\/wp-content\/uploads\/2020\/11\/AhornCamp_Switzerland20-small-750x600.jpg 750w, https:\/\/ahorn-camp.de\/wp-content\/uploads\/2020\/11\/AhornCamp_Switzerland20-small-800x640.jpg 800w, https:\/\/ahorn-camp.de\/wp-content\/uploads\/2020\/11\/AhornCamp_Switzerland20-small.jpg 1500w\" sizes=\"(max-width: 1024px) 100vw, 1024px\" \/><\/div>\n\t\t<\/figure>\n\t<\/div>\n<\/div><\/div><\/div><div class=\"wpb_column vc_column_container vc_col-sm-6\"><div class=\"vc_column-inner\"><div class=\"wpb_wrapper\"><h3 style=\"color: #1e73be;text-align: left\" class=\"vc_custom_heading vc_do_custom_heading\" >Apps<\/h3>\n\t<div class=\"wpb_text_column wpb_content_element\" >\n\t\t<div class=\"wpb_wrapper\">\n\t\t\t<p>Wir k\u00f6nnen Ihnen au\u00dferdem noch einige hilfreiche Apps empfehlen, um nicht vom Wetter \u00fcberrascht zu werden:<\/p>\n<ul>\n<li>Windfinder<\/li>\n<li>Ventusky Weather Maps<\/li>\n<\/ul>\n<p>Au\u00dferdem gibt es gerade f\u00fcr die Skibegeisterten unter Ihnen einige hilfreiche Apps zu den beliebtesten Skigebieten:<\/p>\n<ul>\n<li>Bergfex Ski Lite<\/li>\n<li>Skiresort.de<\/li>\n<li>Skiiinfo<\/li>\n<\/ul>\n\n\t\t<\/div>\n\t<\/div>\n<\/div><\/div><\/div><\/div><div class=\"vc_row wpb_row vc_row-fluid\"><div class=\"wpb_column vc_column_container vc_col-sm-12\"><div class=\"vc_column-inner\"><div class=\"wpb_wrapper\"><div class=\"vc_btn3-container vc_btn3-center vc_do_btn\" ><a class=\"vc_general vc_btn3 vc_btn3-size-md vc_btn3-shape-rounded vc_btn3-style-classic vc_btn3-color-blue\" href=\"https:\/\/ahorn-rent.de\/\" title=\"\">Sie m\u00f6chten Wintercamping ausprobieren? Entdecken Sie unsere Mietfahrzeuge bei Ahorn Rent<\/a><\/div><\/div><\/div><\/div><\/div>\n<\/div>","protected":false},"excerpt":{"rendered":"<p>Der Winter steht vor der T\u00fcr. Die Tage werden k\u00e4lter und k\u00fcrzer. Wir verraten Ihnen die wichtigsten Tipps und Tricks, wie Sie mit Ihrem Wohnmobil entspannt in das Wintercamping starten k\u00f6nnen. <\/p>","protected":false},"author":2,"featured_media":9543,"comment_status":"closed","ping_status":"open","sticky":false,"template":"","format":"standard","meta":{"content-type":"","footnotes":""},"categories":[208],"tags":[],"class_list":["post-9531","post","type-post","status-publish","format-standard","has-post-thumbnail","hentry","category-blog"],"yoast_head":"<!-- This site is optimized with the Yoast SEO plugin v27.4 - https:\/\/yoast.com\/product\/yoast-seo-wordpress\/ -->\n<title>Wintercamping - Reisen in der Wintersaison - Blog - Ahorn Camp<\/title>\n<meta name=\"description\" content=\"Der Winter steht vor der T\u00fcr. Wir verraten Tipps f\u00fcr das Wintercamping und die Vorbereitung Ihres Wohnmobils f\u00fcr das Reisen im Winter.\" \/>\n<meta name=\"robots\" content=\"index, follow, max-snippet:-1, max-image-preview:large, max-video-preview:-1\" \/>\n<link rel=\"canonical\" href=\"https:\/\/ahorn-camp.de\/it\/wintercamping\/\" \/>\n<meta property=\"og:locale\" content=\"it_IT\" \/>\n<meta property=\"og:type\" content=\"article\" \/>\n<meta property=\"og:title\" content=\"Wintercamping - Reisen in der Wintersaison - Blog - Ahorn Camp\" \/>\n<meta property=\"og:description\" content=\"Der Winter steht vor der T\u00fcr. Wir verraten Tipps f\u00fcr das Wintercamping und die Vorbereitung Ihres Wohnmobils f\u00fcr das Reisen im Winter.\" \/>\n<meta property=\"og:url\" content=\"https:\/\/ahorn-camp.de\/it\/wintercamping\/\" \/>\n<meta property=\"og:site_name\" content=\"Ahorn Camp | Reisemobile und Kastenwagen\" \/>\n<meta property=\"article:publisher\" content=\"https:\/\/www.facebook.com\/ahorn.wohnmobile\/\" \/>\n<meta property=\"article:published_time\" content=\"2020-11-09T11:59:02+00:00\" \/>\n<meta property=\"article:modified_time\" content=\"2026-01-07T09:32:34+00:00\" \/>\n<meta property=\"og:image\" content=\"https:\/\/ahorn-camp.de\/wp-content\/uploads\/2020\/11\/AhornCamp_Van620-23-small.jpg\" \/>\n\t<meta property=\"og:image:width\" content=\"1500\" \/>\n\t<meta property=\"og:image:height\" content=\"1001\" \/>\n\t<meta property=\"og:image:type\" content=\"image\/jpeg\" \/>\n<meta name=\"author\" content=\"ahorn_admin\" \/>\n<meta name=\"twitter:card\" content=\"summary_large_image\" \/>\n<meta name=\"twitter:label1\" content=\"Scritto da\" \/>\n\t<meta name=\"twitter:data1\" content=\"ahorn_admin\" \/>\n\t<meta name=\"twitter:label2\" content=\"Tempo di lettura stimato\" \/>\n\t<meta name=\"twitter:data2\" content=\"6 minuti\" \/>\n<script type=\"application\/ld+json\" class=\"yoast-schema-graph\">{\"@context\":\"https:\\\/\\\/schema.org\",\"@graph\":[{\"@type\":\"Article\",\"@id\":\"https:\\\/\\\/ahorn-camp.de\\\/wintercamping\\\/#article\",\"isPartOf\":{\"@id\":\"https:\\\/\\\/ahorn-camp.de\\\/wintercamping\\\/\"},\"author\":{\"name\":\"ahorn_admin\",\"@id\":\"https:\\\/\\\/ahorn-camp.de\\\/#\\\/schema\\\/person\\\/9b60761ba82d5cb8e6db215a88925044\"},\"headline\":\"Wintercamping &#8211; Reisen in der Wintersaison\",\"datePublished\":\"2020-11-09T11:59:02+00:00\",\"dateModified\":\"2026-01-07T09:32:34+00:00\",\"mainEntityOfPage\":{\"@id\":\"https:\\\/\\\/ahorn-camp.de\\\/wintercamping\\\/\"},\"wordCount\":1283,\"publisher\":{\"@id\":\"https:\\\/\\\/ahorn-camp.de\\\/#organization\"},\"image\":{\"@id\":\"https:\\\/\\\/ahorn-camp.de\\\/wintercamping\\\/#primaryimage\"},\"thumbnailUrl\":\"https:\\\/\\\/ahorn-camp.de\\\/wp-content\\\/uploads\\\/2020\\\/11\\\/AhornCamp_Van620-23-small.jpg\",\"articleSection\":[\"Blog\"],\"inLanguage\":\"it-IT\"},{\"@type\":\"WebPage\",\"@id\":\"https:\\\/\\\/ahorn-camp.de\\\/wintercamping\\\/\",\"url\":\"https:\\\/\\\/ahorn-camp.de\\\/wintercamping\\\/\",\"name\":\"Wintercamping - Reisen in der Wintersaison - Blog - Ahorn Camp\",\"isPartOf\":{\"@id\":\"https:\\\/\\\/ahorn-camp.de\\\/#website\"},\"primaryImageOfPage\":{\"@id\":\"https:\\\/\\\/ahorn-camp.de\\\/wintercamping\\\/#primaryimage\"},\"image\":{\"@id\":\"https:\\\/\\\/ahorn-camp.de\\\/wintercamping\\\/#primaryimage\"},\"thumbnailUrl\":\"https:\\\/\\\/ahorn-camp.de\\\/wp-content\\\/uploads\\\/2020\\\/11\\\/AhornCamp_Van620-23-small.jpg\",\"datePublished\":\"2020-11-09T11:59:02+00:00\",\"dateModified\":\"2026-01-07T09:32:34+00:00\",\"description\":\"Der Winter steht vor der T\u00fcr. Wir verraten Tipps f\u00fcr das Wintercamping und die Vorbereitung Ihres Wohnmobils f\u00fcr das Reisen im Winter.\",\"breadcrumb\":{\"@id\":\"https:\\\/\\\/ahorn-camp.de\\\/wintercamping\\\/#breadcrumb\"},\"inLanguage\":\"it-IT\",\"potentialAction\":[{\"@type\":\"ReadAction\",\"target\":[\"https:\\\/\\\/ahorn-camp.de\\\/wintercamping\\\/\"]}]},{\"@type\":\"ImageObject\",\"inLanguage\":\"it-IT\",\"@id\":\"https:\\\/\\\/ahorn-camp.de\\\/wintercamping\\\/#primaryimage\",\"url\":\"https:\\\/\\\/ahorn-camp.de\\\/wp-content\\\/uploads\\\/2020\\\/11\\\/AhornCamp_Van620-23-small.jpg\",\"contentUrl\":\"https:\\\/\\\/ahorn-camp.de\\\/wp-content\\\/uploads\\\/2020\\\/11\\\/AhornCamp_Van620-23-small.jpg\",\"width\":1500,\"height\":1001,\"caption\":\"Wintercamping im Van\"},{\"@type\":\"BreadcrumbList\",\"@id\":\"https:\\\/\\\/ahorn-camp.de\\\/wintercamping\\\/#breadcrumb\",\"itemListElement\":[{\"@type\":\"ListItem\",\"position\":1,\"name\":\"Startseite\",\"item\":\"https:\\\/\\\/ahorn-camp.de\\\/\"},{\"@type\":\"ListItem\",\"position\":2,\"name\":\"Wintercamping &#8211; Reisen in der Wintersaison\"}]},{\"@type\":\"WebSite\",\"@id\":\"https:\\\/\\\/ahorn-camp.de\\\/#website\",\"url\":\"https:\\\/\\\/ahorn-camp.de\\\/\",\"name\":\"Ahorn Camp | Reisemobile und Kastenwagen\",\"description\":\"Seit \u00fcber 30 Jahren vermarktet das Familienunternehmen, Ahorn Camp in Speyer, erfolgreich Wohnmobile und Kastenwagen zum besten Preis-Leistungsverh\u00e4ltnis.\",\"publisher\":{\"@id\":\"https:\\\/\\\/ahorn-camp.de\\\/#organization\"},\"potentialAction\":[{\"@type\":\"SearchAction\",\"target\":{\"@type\":\"EntryPoint\",\"urlTemplate\":\"https:\\\/\\\/ahorn-camp.de\\\/?s={search_term_string}\"},\"query-input\":{\"@type\":\"PropertyValueSpecification\",\"valueRequired\":true,\"valueName\":\"search_term_string\"}}],\"inLanguage\":\"it-IT\"},{\"@type\":\"Organization\",\"@id\":\"https:\\\/\\\/ahorn-camp.de\\\/#organization\",\"name\":\"Ahorn Camp GmbH & Co. KG\",\"url\":\"https:\\\/\\\/ahorn-camp.de\\\/\",\"logo\":{\"@type\":\"ImageObject\",\"inLanguage\":\"it-IT\",\"@id\":\"https:\\\/\\\/ahorn-camp.de\\\/#\\\/schema\\\/logo\\\/image\\\/\",\"url\":\"https:\\\/\\\/ahorn-camp.de\\\/wp-content\\\/uploads\\\/2018\\\/12\\\/Ahorn_Logo.jpg\",\"contentUrl\":\"https:\\\/\\\/ahorn-camp.de\\\/wp-content\\\/uploads\\\/2018\\\/12\\\/Ahorn_Logo.jpg\",\"width\":1437,\"height\":1000,\"caption\":\"Ahorn Camp GmbH & Co. KG\"},\"image\":{\"@id\":\"https:\\\/\\\/ahorn-camp.de\\\/#\\\/schema\\\/logo\\\/image\\\/\"},\"sameAs\":[\"https:\\\/\\\/www.facebook.com\\\/ahorn.wohnmobile\\\/\",\"https:\\\/\\\/www.instagram.com\\\/ahorn.camp\\\/\",\"https:\\\/\\\/www.youtube.com\\\/channel\\\/UCPFbPCts1JJ_A1k9vyH0yOQ\"]},{\"@type\":\"Person\",\"@id\":\"https:\\\/\\\/ahorn-camp.de\\\/#\\\/schema\\\/person\\\/9b60761ba82d5cb8e6db215a88925044\",\"name\":\"ahorn_admin\",\"image\":{\"@type\":\"ImageObject\",\"inLanguage\":\"it-IT\",\"@id\":\"https:\\\/\\\/secure.gravatar.com\\\/avatar\\\/d96b9a078083b0c14cee48589feadd939c3cdd66547e2f3f1569470371daaaa5?s=96&d=mm&r=g\",\"url\":\"https:\\\/\\\/secure.gravatar.com\\\/avatar\\\/d96b9a078083b0c14cee48589feadd939c3cdd66547e2f3f1569470371daaaa5?s=96&d=mm&r=g\",\"contentUrl\":\"https:\\\/\\\/secure.gravatar.com\\\/avatar\\\/d96b9a078083b0c14cee48589feadd939c3cdd66547e2f3f1569470371daaaa5?s=96&d=mm&r=g\",\"caption\":\"ahorn_admin\"},\"sameAs\":[\"http:\\\/\\\/Ahorn%20Camp\"],\"url\":\"https:\\\/\\\/ahorn-camp.de\\\/it\\\/author\\\/ahorn_admin\\\/\"}]}<\/script>\n<!-- \/ Yoast SEO plugin. -->","yoast_head_json":{"title":"Wintercamping - Reisen in der Wintersaison - Blog - Ahorn Camp","description":"Der Winter steht vor der T\u00fcr. Wir verraten Tipps f\u00fcr das Wintercamping und die Vorbereitung Ihres Wohnmobils f\u00fcr das Reisen im Winter.","robots":{"index":"index","follow":"follow","max-snippet":"max-snippet:-1","max-image-preview":"max-image-preview:large","max-video-preview":"max-video-preview:-1"},"canonical":"https:\/\/ahorn-camp.de\/it\/wintercamping\/","og_locale":"it_IT","og_type":"article","og_title":"Wintercamping - Reisen in der Wintersaison - Blog - Ahorn Camp","og_description":"Der Winter steht vor der T\u00fcr. Wir verraten Tipps f\u00fcr das Wintercamping und die Vorbereitung Ihres Wohnmobils f\u00fcr das Reisen im Winter.","og_url":"https:\/\/ahorn-camp.de\/it\/wintercamping\/","og_site_name":"Ahorn Camp | Reisemobile und Kastenwagen","article_publisher":"https:\/\/www.facebook.com\/ahorn.wohnmobile\/","article_published_time":"2020-11-09T11:59:02+00:00","article_modified_time":"2026-01-07T09:32:34+00:00","og_image":[{"width":1500,"height":1001,"url":"https:\/\/ahorn-camp.de\/wp-content\/uploads\/2020\/11\/AhornCamp_Van620-23-small.jpg","type":"image\/jpeg"}],"author":"ahorn_admin","twitter_card":"summary_large_image","twitter_misc":{"Scritto da":"ahorn_admin","Tempo di lettura stimato":"6 minuti"},"schema":{"@context":"https:\/\/schema.org","@graph":[{"@type":"Article","@id":"https:\/\/ahorn-camp.de\/wintercamping\/#article","isPartOf":{"@id":"https:\/\/ahorn-camp.de\/wintercamping\/"},"author":{"name":"ahorn_admin","@id":"https:\/\/ahorn-camp.de\/#\/schema\/person\/9b60761ba82d5cb8e6db215a88925044"},"headline":"Wintercamping &#8211; Reisen in der Wintersaison","datePublished":"2020-11-09T11:59:02+00:00","dateModified":"2026-01-07T09:32:34+00:00","mainEntityOfPage":{"@id":"https:\/\/ahorn-camp.de\/wintercamping\/"},"wordCount":1283,"publisher":{"@id":"https:\/\/ahorn-camp.de\/#organization"},"image":{"@id":"https:\/\/ahorn-camp.de\/wintercamping\/#primaryimage"},"thumbnailUrl":"https:\/\/ahorn-camp.de\/wp-content\/uploads\/2020\/11\/AhornCamp_Van620-23-small.jpg","articleSection":["Blog"],"inLanguage":"it-IT"},{"@type":"WebPage","@id":"https:\/\/ahorn-camp.de\/wintercamping\/","url":"https:\/\/ahorn-camp.de\/wintercamping\/","name":"Wintercamping - Reisen in der Wintersaison - Blog - Ahorn Camp","isPartOf":{"@id":"https:\/\/ahorn-camp.de\/#website"},"primaryImageOfPage":{"@id":"https:\/\/ahorn-camp.de\/wintercamping\/#primaryimage"},"image":{"@id":"https:\/\/ahorn-camp.de\/wintercamping\/#primaryimage"},"thumbnailUrl":"https:\/\/ahorn-camp.de\/wp-content\/uploads\/2020\/11\/AhornCamp_Van620-23-small.jpg","datePublished":"2020-11-09T11:59:02+00:00","dateModified":"2026-01-07T09:32:34+00:00","description":"Der Winter steht vor der T\u00fcr. Wir verraten Tipps f\u00fcr das Wintercamping und die Vorbereitung Ihres Wohnmobils f\u00fcr das Reisen im Winter.","breadcrumb":{"@id":"https:\/\/ahorn-camp.de\/wintercamping\/#breadcrumb"},"inLanguage":"it-IT","potentialAction":[{"@type":"ReadAction","target":["https:\/\/ahorn-camp.de\/wintercamping\/"]}]},{"@type":"ImageObject","inLanguage":"it-IT","@id":"https:\/\/ahorn-camp.de\/wintercamping\/#primaryimage","url":"https:\/\/ahorn-camp.de\/wp-content\/uploads\/2020\/11\/AhornCamp_Van620-23-small.jpg","contentUrl":"https:\/\/ahorn-camp.de\/wp-content\/uploads\/2020\/11\/AhornCamp_Van620-23-small.jpg","width":1500,"height":1001,"caption":"Wintercamping im Van"},{"@type":"BreadcrumbList","@id":"https:\/\/ahorn-camp.de\/wintercamping\/#breadcrumb","itemListElement":[{"@type":"ListItem","position":1,"name":"Startseite","item":"https:\/\/ahorn-camp.de\/"},{"@type":"ListItem","position":2,"name":"Wintercamping &#8211; Reisen in der Wintersaison"}]},{"@type":"WebSite","@id":"https:\/\/ahorn-camp.de\/#website","url":"https:\/\/ahorn-camp.de\/","name":"Ahorn Camp | Camper e furgonati","description":"Da oltre 30 anni l'azienda a conduzione familiare, Ahorn Camp a Speyer, commercializza con successo camper e furgoni al miglior rapporto qualit\u00e0-prezzo.","publisher":{"@id":"https:\/\/ahorn-camp.de\/#organization"},"potentialAction":[{"@type":"SearchAction","target":{"@type":"EntryPoint","urlTemplate":"https:\/\/ahorn-camp.de\/?s={search_term_string}"},"query-input":{"@type":"PropertyValueSpecification","valueRequired":true,"valueName":"search_term_string"}}],"inLanguage":"it-IT"},{"@type":"Organization","@id":"https:\/\/ahorn-camp.de\/#organization","name":"Ahorn Camp GmbH &amp; Co. KG","url":"https:\/\/ahorn-camp.de\/","logo":{"@type":"ImageObject","inLanguage":"it-IT","@id":"https:\/\/ahorn-camp.de\/#\/schema\/logo\/image\/","url":"https:\/\/ahorn-camp.de\/wp-content\/uploads\/2018\/12\/Ahorn_Logo.jpg","contentUrl":"https:\/\/ahorn-camp.de\/wp-content\/uploads\/2018\/12\/Ahorn_Logo.jpg","width":1437,"height":1000,"caption":"Ahorn Camp GmbH & Co. KG"},"image":{"@id":"https:\/\/ahorn-camp.de\/#\/schema\/logo\/image\/"},"sameAs":["https:\/\/www.facebook.com\/ahorn.wohnmobile\/","https:\/\/www.instagram.com\/ahorn.camp\/","https:\/\/www.youtube.com\/channel\/UCPFbPCts1JJ_A1k9vyH0yOQ"]},{"@type":"Person","@id":"https:\/\/ahorn-camp.de\/#\/schema\/person\/9b60761ba82d5cb8e6db215a88925044","name":"ahorn_admin","image":{"@type":"ImageObject","inLanguage":"it-IT","@id":"https:\/\/secure.gravatar.com\/avatar\/d96b9a078083b0c14cee48589feadd939c3cdd66547e2f3f1569470371daaaa5?s=96&d=mm&r=g","url":"https:\/\/secure.gravatar.com\/avatar\/d96b9a078083b0c14cee48589feadd939c3cdd66547e2f3f1569470371daaaa5?s=96&d=mm&r=g","contentUrl":"https:\/\/secure.gravatar.com\/avatar\/d96b9a078083b0c14cee48589feadd939c3cdd66547e2f3f1569470371daaaa5?s=96&d=mm&r=g","caption":"ahorn_admin"},"sameAs":["http:\/\/Ahorn%20Camp"],"url":"https:\/\/ahorn-camp.de\/it\/author\/ahorn_admin\/"}]}},"_links":{"self":[{"href":"https:\/\/ahorn-camp.de\/it\/wp-json\/wp\/v2\/posts\/9531","targetHints":{"allow":["GET"]}}],"collection":[{"href":"https:\/\/ahorn-camp.de\/it\/wp-json\/wp\/v2\/posts"}],"about":[{"href":"https:\/\/ahorn-camp.de\/it\/wp-json\/wp\/v2\/types\/post"}],"author":[{"embeddable":true,"href":"https:\/\/ahorn-camp.de\/it\/wp-json\/wp\/v2\/users\/2"}],"replies":[{"embeddable":true,"href":"https:\/\/ahorn-camp.de\/it\/wp-json\/wp\/v2\/comments?post=9531"}],"version-history":[{"count":2,"href":"https:\/\/ahorn-camp.de\/it\/wp-json\/wp\/v2\/posts\/9531\/revisions"}],"predecessor-version":[{"id":37197,"href":"https:\/\/ahorn-camp.de\/it\/wp-json\/wp\/v2\/posts\/9531\/revisions\/37197"}],"wp:featuredmedia":[{"embeddable":true,"href":"https:\/\/ahorn-camp.de\/it\/wp-json\/wp\/v2\/media\/9543"}],"wp:attachment":[{"href":"https:\/\/ahorn-camp.de\/it\/wp-json\/wp\/v2\/media?parent=9531"}],"wp:term":[{"taxonomy":"category","embeddable":true,"href":"https:\/\/ahorn-camp.de\/it\/wp-json\/wp\/v2\/categories?post=9531"},{"taxonomy":"post_tag","embeddable":true,"href":"https:\/\/ahorn-camp.de\/it\/wp-json\/wp\/v2\/tags?post=9531"}],"curies":[{"name":"wp","href":"https:\/\/api.w.org\/{rel}","templated":true}]}}