{"id":8806,"date":"2020-10-16T17:07:34","date_gmt":"2020-10-16T15:07:34","guid":{"rendered":"https:\/\/ahorn-camp.de\/?p=8806"},"modified":"2022-04-25T12:25:18","modified_gmt":"2022-04-25T10:25:18","slug":"wohnmobil-winterfest","status":"publish","type":"post","link":"https:\/\/ahorn-camp.de\/it\/wohnmobil-winterfest\/","title":{"rendered":"Come preparare il tuo camper per l'inverno"},"content":{"rendered":"<div class=\"wpb-content-wrapper\"><div class=\"vc_row wpb_row vc_row-fluid\"><div class=\"wpb_column vc_column_container vc_col-sm-12\"><div class=\"vc_column-inner\"><div class=\"wpb_wrapper\">\n\t<div  class=\"wpb_single_image wpb_content_element vc_align_left wpb_content_element\">\n\t\t\n\t\t<figure class=\"wpb_wrapper vc_figure\">\n\t\t\t<div class=\"vc_single_image-wrapper   vc_box_border_grey\"><img fetchpriority=\"high\" decoding=\"async\" width=\"1024\" height=\"682\" src=\"https:\/\/ahorn-camp.de\/wp-content\/uploads\/2020\/10\/AhornCamp_Switzerland3-1024x682.jpg\" class=\"vc_single_image-img attachment-large\" alt=\"Schweiz im Winter\" title=\"AhornCamp_Switzerland3\" srcset=\"https:\/\/ahorn-camp.de\/wp-content\/uploads\/2020\/10\/AhornCamp_Switzerland3-1024x682.jpg 1024w, https:\/\/ahorn-camp.de\/wp-content\/uploads\/2020\/10\/AhornCamp_Switzerland3-300x200.jpg 300w, https:\/\/ahorn-camp.de\/wp-content\/uploads\/2020\/10\/AhornCamp_Switzerland3-768x511.jpg 768w, https:\/\/ahorn-camp.de\/wp-content\/uploads\/2020\/10\/AhornCamp_Switzerland3-800x533.jpg 800w, https:\/\/ahorn-camp.de\/wp-content\/uploads\/2020\/10\/AhornCamp_Switzerland3.jpg 1200w\" sizes=\"(max-width: 1024px) 100vw, 1024px\" \/><\/div>\n\t\t<\/figure>\n\t<\/div>\n\n\t<div class=\"wpb_text_column wpb_content_element\" >\n\t\t<div class=\"wpb_wrapper\">\n\t\t\t<p>Der Winter steht vor der T\u00fcr. Hierbei ergeben sich zwei M\u00f6glichkeiten f\u00fcr alle Campingliebhaber.<\/p>\n<ol>\n<li>Sie starten in die Wintercampingsaison mit wundersch\u00f6nen Winterlandschaften, kuscheligen Tagen und leeren Campingpl\u00e4tzen.<\/li>\n<li>Sie und Ihr Wohnmobil begeben sich in den wohlverdienten Winterschlaf. Sie machen Ihr Wohnmobil winterfest.<\/li>\n<\/ol>\n\n\t\t<\/div>\n\t<\/div>\n<div class=\"vc_row wpb_row vc_inner vc_row-fluid\"><div class=\"wpb_column vc_column_container vc_col-sm-12\"><div class=\"vc_column-inner\"><div class=\"wpb_wrapper\">\n\t<div class=\"wpb_text_column wpb_content_element\" >\n\t\t<div class=\"wpb_wrapper\">\n\t\t\t<p>Damit Ihr Reisemobil die kalten Wintermonate gut und trocken \u00fcbersteht, haben wir f\u00fcr Sie die besten Tipps zusammengefasst. So machen Sie Ihr Wohnmobil winterfest in 15 Schritten &#8211; jetzt <a href=\"https:\/\/ahorn-camp.de\/wp-content\/uploads\/2020\/10\/15-Schritte-fuer-ein-winterfestes-Wohnmobil.pdf\">Checkliste<\/a> runterladen und ausdrucken.<\/p>\n<hr \/>\n\n\t\t<\/div>\n\t<\/div>\n<\/div><\/div><\/div><\/div><div class=\"vc_row wpb_row vc_inner vc_row-fluid\"><div class=\"wpb_column vc_column_container vc_col-sm-12\"><div class=\"vc_column-inner\"><div class=\"wpb_wrapper\">\n\t<div class=\"wpb_text_column wpb_content_element\" >\n\t\t<div class=\"wpb_wrapper\">\n\t\t\t<p>Beim <strong>Einwintern<\/strong> Ihres Wohnmobils geht es haupts\u00e4chlich darum, <strong>Frostsch\u00e4den<\/strong> zu verhindern und <strong>Feuchtigkeit<\/strong> zu vermeiden. Das Sch\u00fctzen der <strong>Elektrik<\/strong> spielt hierbei nat\u00fcrlich auch eine wichtige Rolle.<\/p>\n<p>Suchen Sie sich bestenfalls einen trockenen und \u00fcberdachten <strong>Winterstellplatz<\/strong>. Hier ist Ihr Wohnmobil vor jeder Witterung gesch\u00fctzt. Wenn Sie kein Unterstand haben, k\u00f6nnen Sie Ihr Wohnmobil auch mit einer gro\u00dfen Plane einpacken. Wichtig ist hier, dass diese luftdurchl\u00e4ssig ist. Andernfalls kann die Luft nicht richtig zirkulieren und Feuchtigkeit sammelt sich.<\/p>\n\n\t\t<\/div>\n\t<\/div>\n<\/div><\/div><\/div><\/div><\/div><\/div><\/div><\/div><div class=\"vc_row wpb_row vc_row-fluid\"><div class=\"wpb_column vc_column_container vc_col-sm-6\"><div class=\"vc_column-inner\"><div class=\"wpb_wrapper\">\n\t<div  class=\"wpb_single_image wpb_content_element vc_align_left wpb_content_element\">\n\t\t\n\t\t<figure class=\"wpb_wrapper vc_figure\">\n\t\t\t<div class=\"vc_single_image-wrapper   vc_box_border_grey\"><img decoding=\"async\" width=\"819\" height=\"1024\" src=\"https:\/\/ahorn-camp.de\/wp-content\/uploads\/2020\/10\/Wohnmobil_winterfest-819x1024.jpg\" class=\"vc_single_image-img attachment-large\" alt=\"Camper in inverno\" title=\"Wohnmobil_winterfest\" srcset=\"https:\/\/ahorn-camp.de\/wp-content\/uploads\/2020\/10\/Wohnmobil_winterfest-819x1024.jpg 819w, https:\/\/ahorn-camp.de\/wp-content\/uploads\/2020\/10\/Wohnmobil_winterfest-240x300.jpg 240w, https:\/\/ahorn-camp.de\/wp-content\/uploads\/2020\/10\/Wohnmobil_winterfest-768x960.jpg 768w, https:\/\/ahorn-camp.de\/wp-content\/uploads\/2020\/10\/Wohnmobil_winterfest-480x600.jpg 480w, https:\/\/ahorn-camp.de\/wp-content\/uploads\/2020\/10\/Wohnmobil_winterfest-800x1000.jpg 800w, https:\/\/ahorn-camp.de\/wp-content\/uploads\/2020\/10\/Wohnmobil_winterfest.jpg 1200w\" sizes=\"(max-width: 819px) 100vw, 819px\" \/><\/div>\n\t\t<\/figure>\n\t<\/div>\n<\/div><\/div><\/div><div class=\"wpb_column vc_column_container vc_col-sm-6\"><div class=\"vc_column-inner\"><div class=\"wpb_wrapper\"><h3 style=\"text-align: left\" class=\"vc_custom_heading vc_do_custom_heading\" >Am Fahrzeug<\/h3>\n\t<div class=\"wpb_text_column wpb_content_element\" >\n\t\t<div class=\"wpb_wrapper\">\n\t\t\t<p>Vor dem langen Winterschlaf sollten Sie Ihr Reisemobil gr\u00fcndlich von au\u00dfen <strong>reinigen<\/strong>. Den Lack pflegen Sie am besten mit einem Wachs oder einer Politur. Kleine Lacksch\u00e4den k\u00f6nnen schnell mit einem Lackstift ausgebessert werden. Auch eine Unterbodenreinigung sollten Sie dabei nicht vergessen. Dichtungen von T\u00fcren und <span class=\"vm-hook-outer vm-hook-default\"><span class=\"vm-hook\">Fenstern<\/span><\/span>\u00a0sind gl\u00fccklich \u00fcber eine Gummipflege.<\/p>\n<p>Da Ihr Kraftstofftank als Ahorn Camp Fahrer mit dem Renault Fahrgestell aus Kunststoff ist, kann dieser nicht rosten. Sie m\u00fcssen bei Ihrem Kraftstofftank also <strong>keine speziellen Vorkehrungen<\/strong> f\u00fcr den Winter treffen.<\/p>\n<p>Batterien ausbauen \u2013 frostfrei stellen \u2013 oder mit Ladungserhaltungsger\u00e4t best\u00fccken, dabei aber den Poverlink (Steuerger\u00e4t) ausschalten<\/p>\n<p>Achten Sie darauf, dass sich kein Restwasser in den <strong>Wassertanks<\/strong> befindet. Hierzu z\u00e4hlen Toilettentank, Abwassertank und der Frischwassertank. Kleiner Tipp: Im Warmwasserboiler, Duschkopf und in den Pumpen ist meist noch ein kleiner Rest \u2013 also diese nicht vergessen. Um das Wasser aus der Toilettensp\u00fclung zu bekommen, schalten Sie die Wasserpumpe circa 30 Sekunden an und sp\u00fclen sie mehrmals.<strong> Wasserh\u00e4hne<\/strong> sollten ge\u00f6ffnet sein und auf Mittelstellung stehen. Dadurch wird sichergestellt, dass das Innere der Armatur keinen Schaden nimmt, wenn Wassertropfen frieren. Ideal ist es, wenn Sie alle Wasserh\u00e4hne und die Dusche mit Luft durchpusten. Hier ist ein Kompressor mit niedrigem Druck am sinnvollsten. Alternativ auch mit einer Luftpumpe.<\/p>\n<p>Frost kann auch den Wischbl\u00e4ttern an den Kragen gehen. Deshalb trennen Sie bitte die Wischbl\u00e4tter von der Scheibe und behandeln Sie die Dichtungen zus\u00e4tzlich mit einem <strong>Frostschutzmittel<\/strong>.<\/p>\n\n\t\t<\/div>\n\t<\/div>\n<\/div><\/div><\/div><\/div><div class=\"vc_row wpb_row vc_row-fluid\"><div class=\"wpb_column vc_column_container vc_col-sm-12\"><div class=\"vc_column-inner\"><div class=\"wpb_wrapper\">\n\t<div class=\"wpb_text_column wpb_content_element\" >\n\t\t<div class=\"wpb_wrapper\">\n\t\t\t<p>Um die Reifen w\u00e4hrend Ihrer Winterpause zu entlasten, erh\u00f6hen Sie den <strong>Reifendruck<\/strong> am besten um 0,5 bar oder bocken Sie Ihr Wohnmobil auf. Dass die Bremskl\u00f6tze nicht verrosten, l\u00f6sen Sie die Handbremse und schalten Sie in den ersten Gang.<\/p>\n<p>Ihre <strong>Bordbatterie<\/strong> sollte auf 24 Stunden vollgeladen werden. Ist dies nicht m\u00f6glich, bauen Sie die vollgeladenen Akkus aus und lagern Sie diese gesch\u00fctzt und frostfrei. Ihre <strong>Gasflaschen<\/strong> werden zugedreht und abgeklemmt, sodass kein Gas aus den Leitungen entweichen kann.<\/p>\n\n\t\t<\/div>\n\t<\/div>\n<h3 style=\"text-align: left\" class=\"vc_custom_heading vc_do_custom_heading\" >Im Innenraum<\/h3>\n\t<div class=\"wpb_text_column wpb_content_element\" >\n\t\t<div class=\"wpb_wrapper\">\n\t\t\t<p>Reinigen Sie alle <strong>Schr\u00e4nke<\/strong> und Oberfl\u00e4chen und lassen Sie bestenfalls die Schrankt\u00fcren offen. Entfernen Sie alle <strong>Lebensmittel<\/strong> aus dem Fahrzeug, sodass nichts verschimmeln kann. Tauen Sie den <strong>frigorifero<\/strong> und das Gefrierfach komplett ab. Um auf Nummer sicher zu gehen, lohnt es sich eine <strong>Winterabdeckung<\/strong> auf K\u00fchlschrank und Heizung anzubringen. Durch eine Winterabdeckung, die au\u00dfen am L\u00fcftungsgitter angebracht wird, wird das Aggregat gegen zu kalte Luft gesch\u00fctzt.<\/p>\n<p>Die <strong>Polster<\/strong> e <strong>Matratzen<\/strong> sollten Sie am besten separat und trocken lagern, sodass kein Schimmel oder Stockflecken entstehen.<\/p>\n\n\t\t<\/div>\n\t<\/div>\n<\/div><\/div><\/div><\/div><div class=\"vc_row wpb_row vc_row-fluid\"><div class=\"wpb_column vc_column_container vc_col-sm-12\"><div class=\"vc_column-inner\"><div class=\"wpb_wrapper\"><h3 style=\"text-align: left\" class=\"vc_custom_heading vc_do_custom_heading\" >Alle vier bis acht Wochen:<\/h3>\n\t<div class=\"wpb_text_column wpb_content_element\" >\n\t\t<div class=\"wpb_wrapper\">\n\t\t\t<ul>\n<li>Wohnmobil bewegen, um punktuelle Belastungen der Reifen zu vermeiden<\/li>\n<li>Wohnmobil l\u00fcften \u2013 am besten an einem trockenen und sonnigen Tag<\/li>\n<li>Batterie nachladen<\/li>\n<\/ul>\n<p>&nbsp;<\/p>\n<p>Wenn Sie sich an unsere Tipps halten, k\u00f6nnen Sie sich sicher sein, dass Ihr Wohnmobil winterfest ist und die kalte Jahreszeit gut \u00fcbersteht. Dadurch ersparen Sie sich im Fr\u00fchjahr jede Menge Arbeit und \u00c4rger. Umso schneller kann es dann beim ersten Sonnenstrahl wieder auf Reisen gehen und die neue Saison kann eingel\u00e4utet werden. <a style=\"font-family: 'Open Sans', sans-serif, Arial; background-color: #ffffff;\" href=\"https:\/\/ahorn-camp.de\/it\/camper-ahorn\/\" target=\"_blank\" rel=\"noopener noreferrer\">Einen \u00dcberblick \u00fcber unsere Modelle finden Sie hier.<\/a><\/p>\n\n\t\t<\/div>\n\t<\/div>\n<\/div><\/div><\/div><\/div><div data-vc-full-width=\"true\" data-vc-full-width-temp=\"true\" data-vc-full-width-init=\"false\" class=\"vc_row wpb_row vc_row-fluid vc_custom_1603098539486 vc_row-has-fill vc_column-gap-30\"><div class=\"wpb_column vc_column_container vc_col-sm-4\"><div class=\"vc_column-inner\"><div class=\"wpb_wrapper\"><div class=\"vc_row wpb_row vc_inner vc_row-fluid\"><div class=\"wpb_column vc_column_container vc_col-sm-12\"><div class=\"vc_column-inner\"><div class=\"wpb_wrapper\"><\/div><\/div><\/div><\/div><\/div><\/div><\/div><div class=\"wpb_column vc_column_container vc_col-sm-4\"><div class=\"vc_column-inner\"><div class=\"wpb_wrapper\"><div class=\"vc_btn3-container vc_btn3-inline vc_do_btn\" ><a class=\"vc_general vc_btn3 vc_btn3-size-lg vc_btn3-shape-rounded vc_btn3-style-modern vc_btn3-color-peacoc\" href=\"https:\/\/www.ahorn-camp.de\/wp-content\/uploads\/2020\/10\/15-Schritte-fuer-ein-winterfestes-Wohnmobil.pdf\" title=\"Checkliste: So machen Sie Ihr Wohnmobil in 15 Schritten winterfest\" target=\"_blank\">Checkliste runterladen<\/a><\/div><\/div><\/div><\/div><div class=\"wpb_column vc_column_container vc_col-sm-4\"><div class=\"vc_column-inner\"><div class=\"wpb_wrapper\"><\/div><\/div><\/div><\/div><div class=\"vc_row-full-width vc_clearfix\"><\/div>\n<\/div>","protected":false},"excerpt":{"rendered":"<p>L'inverno \u00e8 alle porte. Le giornate si fanno pi\u00f9 fredde e lunghe. Ti sveliamo i consigli e i trucchi pi\u00f9 importanti per preparare il tuo camper all'inverno e per far s\u00ec che il tuo amato mezzo superi la stagione fredda senza danni. <\/p>","protected":false},"author":2,"featured_media":9041,"comment_status":"closed","ping_status":"open","sticky":false,"template":"","format":"standard","meta":{"content-type":"","footnotes":""},"categories":[208],"tags":[],"class_list":["post-8806","post","type-post","status-publish","format-standard","has-post-thumbnail","hentry","category-blog"],"yoast_head":"<!-- This site is optimized with the Yoast SEO plugin v27.4 - https:\/\/yoast.com\/product\/yoast-seo-wordpress\/ -->\n<title>So machen Sie Ihr Wohnmobil winterfest- Blog - Ahorn Camp<\/title>\n<meta name=\"description\" content=\"Der Winter steht vor der T\u00fcr. Wir verratten Tipps, wie Sie Ihr Wohnmobil winterfest machen. Mit unserer Checkliste geht es ganz einfach!\" \/>\n<meta name=\"robots\" content=\"index, follow, max-snippet:-1, max-image-preview:large, max-video-preview:-1\" \/>\n<link rel=\"canonical\" href=\"https:\/\/ahorn-camp.de\/it\/wohnmobil-winterfest\/\" \/>\n<meta property=\"og:locale\" content=\"it_IT\" \/>\n<meta property=\"og:type\" content=\"article\" \/>\n<meta property=\"og:title\" content=\"So machen Sie Ihr Wohnmobil winterfest- Blog - Ahorn Camp\" \/>\n<meta property=\"og:description\" content=\"Der Winter steht vor der T\u00fcr. Wir verratten Tipps, wie Sie Ihr Wohnmobil winterfest machen. Mit unserer Checkliste geht es ganz einfach!\" \/>\n<meta property=\"og:url\" content=\"https:\/\/ahorn-camp.de\/it\/wohnmobil-winterfest\/\" \/>\n<meta property=\"og:site_name\" content=\"Ahorn Camp | Reisemobile und Kastenwagen\" \/>\n<meta property=\"article:publisher\" content=\"https:\/\/www.facebook.com\/ahorn.wohnmobile\/\" \/>\n<meta property=\"article:published_time\" content=\"2020-10-16T15:07:34+00:00\" \/>\n<meta property=\"article:modified_time\" content=\"2022-04-25T10:25:18+00:00\" \/>\n<meta property=\"og:image\" content=\"https:\/\/ahorn-camp.de\/wp-content\/uploads\/2020\/10\/AhornCamp_Switzerland24-2000.jpg\" \/>\n\t<meta property=\"og:image:width\" content=\"2000\" \/>\n\t<meta property=\"og:image:height\" content=\"1333\" \/>\n\t<meta property=\"og:image:type\" content=\"image\/jpeg\" \/>\n<meta name=\"author\" content=\"ahorn_admin\" \/>\n<meta name=\"twitter:card\" content=\"summary_large_image\" \/>\n<meta name=\"twitter:label1\" content=\"Scritto da\" \/>\n\t<meta name=\"twitter:data1\" content=\"ahorn_admin\" \/>\n\t<meta name=\"twitter:label2\" content=\"Tempo di lettura stimato\" \/>\n\t<meta name=\"twitter:data2\" content=\"4 minuti\" \/>\n<script type=\"application\/ld+json\" class=\"yoast-schema-graph\">{\"@context\":\"https:\\\/\\\/schema.org\",\"@graph\":[{\"@type\":\"Article\",\"@id\":\"https:\\\/\\\/ahorn-camp.de\\\/wohnmobil-winterfest\\\/#article\",\"isPartOf\":{\"@id\":\"https:\\\/\\\/ahorn-camp.de\\\/wohnmobil-winterfest\\\/\"},\"author\":{\"name\":\"ahorn_admin\",\"@id\":\"https:\\\/\\\/ahorn-camp.de\\\/#\\\/schema\\\/person\\\/9b60761ba82d5cb8e6db215a88925044\"},\"headline\":\"So machen Sie Ihr Wohnmobil winterfest\",\"datePublished\":\"2020-10-16T15:07:34+00:00\",\"dateModified\":\"2022-04-25T10:25:18+00:00\",\"mainEntityOfPage\":{\"@id\":\"https:\\\/\\\/ahorn-camp.de\\\/wohnmobil-winterfest\\\/\"},\"wordCount\":950,\"publisher\":{\"@id\":\"https:\\\/\\\/ahorn-camp.de\\\/#organization\"},\"image\":{\"@id\":\"https:\\\/\\\/ahorn-camp.de\\\/wohnmobil-winterfest\\\/#primaryimage\"},\"thumbnailUrl\":\"https:\\\/\\\/ahorn-camp.de\\\/wp-content\\\/uploads\\\/2020\\\/10\\\/AhornCamp_Switzerland24-2000.jpg\",\"articleSection\":[\"Blog\"],\"inLanguage\":\"it-IT\"},{\"@type\":\"WebPage\",\"@id\":\"https:\\\/\\\/ahorn-camp.de\\\/wohnmobil-winterfest\\\/\",\"url\":\"https:\\\/\\\/ahorn-camp.de\\\/wohnmobil-winterfest\\\/\",\"name\":\"So machen Sie Ihr Wohnmobil winterfest- Blog - Ahorn Camp\",\"isPartOf\":{\"@id\":\"https:\\\/\\\/ahorn-camp.de\\\/#website\"},\"primaryImageOfPage\":{\"@id\":\"https:\\\/\\\/ahorn-camp.de\\\/wohnmobil-winterfest\\\/#primaryimage\"},\"image\":{\"@id\":\"https:\\\/\\\/ahorn-camp.de\\\/wohnmobil-winterfest\\\/#primaryimage\"},\"thumbnailUrl\":\"https:\\\/\\\/ahorn-camp.de\\\/wp-content\\\/uploads\\\/2020\\\/10\\\/AhornCamp_Switzerland24-2000.jpg\",\"datePublished\":\"2020-10-16T15:07:34+00:00\",\"dateModified\":\"2022-04-25T10:25:18+00:00\",\"description\":\"Der Winter steht vor der T\u00fcr. Wir verratten Tipps, wie Sie Ihr Wohnmobil winterfest machen. Mit unserer Checkliste geht es ganz einfach!\",\"breadcrumb\":{\"@id\":\"https:\\\/\\\/ahorn-camp.de\\\/wohnmobil-winterfest\\\/#breadcrumb\"},\"inLanguage\":\"it-IT\",\"potentialAction\":[{\"@type\":\"ReadAction\",\"target\":[\"https:\\\/\\\/ahorn-camp.de\\\/wohnmobil-winterfest\\\/\"]}]},{\"@type\":\"ImageObject\",\"inLanguage\":\"it-IT\",\"@id\":\"https:\\\/\\\/ahorn-camp.de\\\/wohnmobil-winterfest\\\/#primaryimage\",\"url\":\"https:\\\/\\\/ahorn-camp.de\\\/wp-content\\\/uploads\\\/2020\\\/10\\\/AhornCamp_Switzerland24-2000.jpg\",\"contentUrl\":\"https:\\\/\\\/ahorn-camp.de\\\/wp-content\\\/uploads\\\/2020\\\/10\\\/AhornCamp_Switzerland24-2000.jpg\",\"width\":2000,\"height\":1333,\"caption\":\"Wohnmobil im Winter\"},{\"@type\":\"BreadcrumbList\",\"@id\":\"https:\\\/\\\/ahorn-camp.de\\\/wohnmobil-winterfest\\\/#breadcrumb\",\"itemListElement\":[{\"@type\":\"ListItem\",\"position\":1,\"name\":\"Startseite\",\"item\":\"https:\\\/\\\/ahorn-camp.de\\\/\"},{\"@type\":\"ListItem\",\"position\":2,\"name\":\"So machen Sie Ihr Wohnmobil winterfest\"}]},{\"@type\":\"WebSite\",\"@id\":\"https:\\\/\\\/ahorn-camp.de\\\/#website\",\"url\":\"https:\\\/\\\/ahorn-camp.de\\\/\",\"name\":\"Ahorn Camp | Reisemobile und Kastenwagen\",\"description\":\"Seit \u00fcber 30 Jahren vermarktet das Familienunternehmen, Ahorn Camp in Speyer, erfolgreich Wohnmobile und Kastenwagen zum besten Preis-Leistungsverh\u00e4ltnis.\",\"publisher\":{\"@id\":\"https:\\\/\\\/ahorn-camp.de\\\/#organization\"},\"potentialAction\":[{\"@type\":\"SearchAction\",\"target\":{\"@type\":\"EntryPoint\",\"urlTemplate\":\"https:\\\/\\\/ahorn-camp.de\\\/?s={search_term_string}\"},\"query-input\":{\"@type\":\"PropertyValueSpecification\",\"valueRequired\":true,\"valueName\":\"search_term_string\"}}],\"inLanguage\":\"it-IT\"},{\"@type\":\"Organization\",\"@id\":\"https:\\\/\\\/ahorn-camp.de\\\/#organization\",\"name\":\"Ahorn Camp GmbH & Co. KG\",\"url\":\"https:\\\/\\\/ahorn-camp.de\\\/\",\"logo\":{\"@type\":\"ImageObject\",\"inLanguage\":\"it-IT\",\"@id\":\"https:\\\/\\\/ahorn-camp.de\\\/#\\\/schema\\\/logo\\\/image\\\/\",\"url\":\"https:\\\/\\\/ahorn-camp.de\\\/wp-content\\\/uploads\\\/2018\\\/12\\\/Ahorn_Logo.jpg\",\"contentUrl\":\"https:\\\/\\\/ahorn-camp.de\\\/wp-content\\\/uploads\\\/2018\\\/12\\\/Ahorn_Logo.jpg\",\"width\":1437,\"height\":1000,\"caption\":\"Ahorn Camp GmbH & Co. KG\"},\"image\":{\"@id\":\"https:\\\/\\\/ahorn-camp.de\\\/#\\\/schema\\\/logo\\\/image\\\/\"},\"sameAs\":[\"https:\\\/\\\/www.facebook.com\\\/ahorn.wohnmobile\\\/\",\"https:\\\/\\\/www.instagram.com\\\/ahorn.camp\\\/\",\"https:\\\/\\\/www.youtube.com\\\/channel\\\/UCPFbPCts1JJ_A1k9vyH0yOQ\"]},{\"@type\":\"Person\",\"@id\":\"https:\\\/\\\/ahorn-camp.de\\\/#\\\/schema\\\/person\\\/9b60761ba82d5cb8e6db215a88925044\",\"name\":\"ahorn_admin\",\"image\":{\"@type\":\"ImageObject\",\"inLanguage\":\"it-IT\",\"@id\":\"https:\\\/\\\/secure.gravatar.com\\\/avatar\\\/d96b9a078083b0c14cee48589feadd939c3cdd66547e2f3f1569470371daaaa5?s=96&d=mm&r=g\",\"url\":\"https:\\\/\\\/secure.gravatar.com\\\/avatar\\\/d96b9a078083b0c14cee48589feadd939c3cdd66547e2f3f1569470371daaaa5?s=96&d=mm&r=g\",\"contentUrl\":\"https:\\\/\\\/secure.gravatar.com\\\/avatar\\\/d96b9a078083b0c14cee48589feadd939c3cdd66547e2f3f1569470371daaaa5?s=96&d=mm&r=g\",\"caption\":\"ahorn_admin\"},\"sameAs\":[\"http:\\\/\\\/Ahorn%20Camp\"],\"url\":\"https:\\\/\\\/ahorn-camp.de\\\/it\\\/author\\\/ahorn_admin\\\/\"}]}<\/script>\n<!-- \/ Yoast SEO plugin. -->","yoast_head_json":{"title":"So machen Sie Ihr Wohnmobil winterfest- Blog - Ahorn Camp","description":"Der Winter steht vor der T\u00fcr. Wir verratten Tipps, wie Sie Ihr Wohnmobil winterfest machen. Mit unserer Checkliste geht es ganz einfach!","robots":{"index":"index","follow":"follow","max-snippet":"max-snippet:-1","max-image-preview":"max-image-preview:large","max-video-preview":"max-video-preview:-1"},"canonical":"https:\/\/ahorn-camp.de\/it\/wohnmobil-winterfest\/","og_locale":"it_IT","og_type":"article","og_title":"So machen Sie Ihr Wohnmobil winterfest- Blog - Ahorn Camp","og_description":"Der Winter steht vor der T\u00fcr. Wir verratten Tipps, wie Sie Ihr Wohnmobil winterfest machen. Mit unserer Checkliste geht es ganz einfach!","og_url":"https:\/\/ahorn-camp.de\/it\/wohnmobil-winterfest\/","og_site_name":"Ahorn Camp | Reisemobile und Kastenwagen","article_publisher":"https:\/\/www.facebook.com\/ahorn.wohnmobile\/","article_published_time":"2020-10-16T15:07:34+00:00","article_modified_time":"2022-04-25T10:25:18+00:00","og_image":[{"width":2000,"height":1333,"url":"https:\/\/ahorn-camp.de\/wp-content\/uploads\/2020\/10\/AhornCamp_Switzerland24-2000.jpg","type":"image\/jpeg"}],"author":"ahorn_admin","twitter_card":"summary_large_image","twitter_misc":{"Scritto da":"ahorn_admin","Tempo di lettura stimato":"4 minuti"},"schema":{"@context":"https:\/\/schema.org","@graph":[{"@type":"Article","@id":"https:\/\/ahorn-camp.de\/wohnmobil-winterfest\/#article","isPartOf":{"@id":"https:\/\/ahorn-camp.de\/wohnmobil-winterfest\/"},"author":{"name":"ahorn_admin","@id":"https:\/\/ahorn-camp.de\/#\/schema\/person\/9b60761ba82d5cb8e6db215a88925044"},"headline":"So machen Sie Ihr Wohnmobil winterfest","datePublished":"2020-10-16T15:07:34+00:00","dateModified":"2022-04-25T10:25:18+00:00","mainEntityOfPage":{"@id":"https:\/\/ahorn-camp.de\/wohnmobil-winterfest\/"},"wordCount":950,"publisher":{"@id":"https:\/\/ahorn-camp.de\/#organization"},"image":{"@id":"https:\/\/ahorn-camp.de\/wohnmobil-winterfest\/#primaryimage"},"thumbnailUrl":"https:\/\/ahorn-camp.de\/wp-content\/uploads\/2020\/10\/AhornCamp_Switzerland24-2000.jpg","articleSection":["Blog"],"inLanguage":"it-IT"},{"@type":"WebPage","@id":"https:\/\/ahorn-camp.de\/wohnmobil-winterfest\/","url":"https:\/\/ahorn-camp.de\/wohnmobil-winterfest\/","name":"So machen Sie Ihr Wohnmobil winterfest- Blog - Ahorn Camp","isPartOf":{"@id":"https:\/\/ahorn-camp.de\/#website"},"primaryImageOfPage":{"@id":"https:\/\/ahorn-camp.de\/wohnmobil-winterfest\/#primaryimage"},"image":{"@id":"https:\/\/ahorn-camp.de\/wohnmobil-winterfest\/#primaryimage"},"thumbnailUrl":"https:\/\/ahorn-camp.de\/wp-content\/uploads\/2020\/10\/AhornCamp_Switzerland24-2000.jpg","datePublished":"2020-10-16T15:07:34+00:00","dateModified":"2022-04-25T10:25:18+00:00","description":"Der Winter steht vor der T\u00fcr. Wir verratten Tipps, wie Sie Ihr Wohnmobil winterfest machen. Mit unserer Checkliste geht es ganz einfach!","breadcrumb":{"@id":"https:\/\/ahorn-camp.de\/wohnmobil-winterfest\/#breadcrumb"},"inLanguage":"it-IT","potentialAction":[{"@type":"ReadAction","target":["https:\/\/ahorn-camp.de\/wohnmobil-winterfest\/"]}]},{"@type":"ImageObject","inLanguage":"it-IT","@id":"https:\/\/ahorn-camp.de\/wohnmobil-winterfest\/#primaryimage","url":"https:\/\/ahorn-camp.de\/wp-content\/uploads\/2020\/10\/AhornCamp_Switzerland24-2000.jpg","contentUrl":"https:\/\/ahorn-camp.de\/wp-content\/uploads\/2020\/10\/AhornCamp_Switzerland24-2000.jpg","width":2000,"height":1333,"caption":"Wohnmobil im Winter"},{"@type":"BreadcrumbList","@id":"https:\/\/ahorn-camp.de\/wohnmobil-winterfest\/#breadcrumb","itemListElement":[{"@type":"ListItem","position":1,"name":"Startseite","item":"https:\/\/ahorn-camp.de\/"},{"@type":"ListItem","position":2,"name":"So machen Sie Ihr Wohnmobil winterfest"}]},{"@type":"WebSite","@id":"https:\/\/ahorn-camp.de\/#website","url":"https:\/\/ahorn-camp.de\/","name":"Ahorn Camp | Camper e furgonati","description":"Da oltre 30 anni l'azienda a conduzione familiare, Ahorn Camp a Speyer, commercializza con successo camper e furgoni al miglior rapporto qualit\u00e0-prezzo.","publisher":{"@id":"https:\/\/ahorn-camp.de\/#organization"},"potentialAction":[{"@type":"SearchAction","target":{"@type":"EntryPoint","urlTemplate":"https:\/\/ahorn-camp.de\/?s={search_term_string}"},"query-input":{"@type":"PropertyValueSpecification","valueRequired":true,"valueName":"search_term_string"}}],"inLanguage":"it-IT"},{"@type":"Organization","@id":"https:\/\/ahorn-camp.de\/#organization","name":"Ahorn Camp GmbH &amp; Co. KG","url":"https:\/\/ahorn-camp.de\/","logo":{"@type":"ImageObject","inLanguage":"it-IT","@id":"https:\/\/ahorn-camp.de\/#\/schema\/logo\/image\/","url":"https:\/\/ahorn-camp.de\/wp-content\/uploads\/2018\/12\/Ahorn_Logo.jpg","contentUrl":"https:\/\/ahorn-camp.de\/wp-content\/uploads\/2018\/12\/Ahorn_Logo.jpg","width":1437,"height":1000,"caption":"Ahorn Camp GmbH & Co. KG"},"image":{"@id":"https:\/\/ahorn-camp.de\/#\/schema\/logo\/image\/"},"sameAs":["https:\/\/www.facebook.com\/ahorn.wohnmobile\/","https:\/\/www.instagram.com\/ahorn.camp\/","https:\/\/www.youtube.com\/channel\/UCPFbPCts1JJ_A1k9vyH0yOQ"]},{"@type":"Person","@id":"https:\/\/ahorn-camp.de\/#\/schema\/person\/9b60761ba82d5cb8e6db215a88925044","name":"ahorn_admin","image":{"@type":"ImageObject","inLanguage":"it-IT","@id":"https:\/\/secure.gravatar.com\/avatar\/d96b9a078083b0c14cee48589feadd939c3cdd66547e2f3f1569470371daaaa5?s=96&d=mm&r=g","url":"https:\/\/secure.gravatar.com\/avatar\/d96b9a078083b0c14cee48589feadd939c3cdd66547e2f3f1569470371daaaa5?s=96&d=mm&r=g","contentUrl":"https:\/\/secure.gravatar.com\/avatar\/d96b9a078083b0c14cee48589feadd939c3cdd66547e2f3f1569470371daaaa5?s=96&d=mm&r=g","caption":"ahorn_admin"},"sameAs":["http:\/\/Ahorn%20Camp"],"url":"https:\/\/ahorn-camp.de\/it\/author\/ahorn_admin\/"}]}},"_links":{"self":[{"href":"https:\/\/ahorn-camp.de\/it\/wp-json\/wp\/v2\/posts\/8806","targetHints":{"allow":["GET"]}}],"collection":[{"href":"https:\/\/ahorn-camp.de\/it\/wp-json\/wp\/v2\/posts"}],"about":[{"href":"https:\/\/ahorn-camp.de\/it\/wp-json\/wp\/v2\/types\/post"}],"author":[{"embeddable":true,"href":"https:\/\/ahorn-camp.de\/it\/wp-json\/wp\/v2\/users\/2"}],"replies":[{"embeddable":true,"href":"https:\/\/ahorn-camp.de\/it\/wp-json\/wp\/v2\/comments?post=8806"}],"version-history":[{"count":0,"href":"https:\/\/ahorn-camp.de\/it\/wp-json\/wp\/v2\/posts\/8806\/revisions"}],"wp:featuredmedia":[{"embeddable":true,"href":"https:\/\/ahorn-camp.de\/it\/wp-json\/wp\/v2\/media\/9041"}],"wp:attachment":[{"href":"https:\/\/ahorn-camp.de\/it\/wp-json\/wp\/v2\/media?parent=8806"}],"wp:term":[{"taxonomy":"category","embeddable":true,"href":"https:\/\/ahorn-camp.de\/it\/wp-json\/wp\/v2\/categories?post=8806"},{"taxonomy":"post_tag","embeddable":true,"href":"https:\/\/ahorn-camp.de\/it\/wp-json\/wp\/v2\/tags?post=8806"}],"curies":[{"name":"wp","href":"https:\/\/api.w.org\/{rel}","templated":true}]}}