{"id":6007,"date":"2020-05-20T17:33:43","date_gmt":"2020-05-20T15:33:43","guid":{"rendered":"https:\/\/ahorn-camp.de\/?p=6007"},"modified":"2022-04-26T12:28:17","modified_gmt":"2022-04-26T10:28:17","slug":"welches-wohnmobil-passt-zu-mir","status":"publish","type":"post","link":"https:\/\/ahorn-camp.de\/it\/welches-wohnmobil-passt-zu-mir\/","title":{"rendered":"Quale camper fa per me?"},"content":{"rendered":"<div class=\"wpb-content-wrapper\"><div class=\"vc_row wpb_row vc_row-fluid\"><div class=\"wpb_column vc_column_container vc_col-sm-12\"><div class=\"vc_column-inner\"><div class=\"wpb_wrapper\">\n\t<div  class=\"wpb_single_image wpb_content_element vc_align_left wpb_content_element\">\n\t\t\n\t\t<figure class=\"wpb_wrapper vc_figure\">\n\t\t\t<div class=\"vc_single_image-wrapper   vc_box_border_grey\"><img fetchpriority=\"high\" decoding=\"async\" width=\"1500\" height=\"686\" src=\"https:\/\/ahorn-camp.de\/wp-content\/uploads\/2020\/05\/Header-Bild_Welches-Wohnmobil-passt-zu-mir.jpg\" class=\"vc_single_image-img attachment-full\" alt=\"Wohnmobile in den Bergen\" title=\"Header Bild_Welches Wohnmobil passt zu mir\" srcset=\"https:\/\/ahorn-camp.de\/wp-content\/uploads\/2020\/05\/Header-Bild_Welches-Wohnmobil-passt-zu-mir.jpg 1500w, https:\/\/ahorn-camp.de\/wp-content\/uploads\/2020\/05\/Header-Bild_Welches-Wohnmobil-passt-zu-mir-300x137.jpg 300w, https:\/\/ahorn-camp.de\/wp-content\/uploads\/2020\/05\/Header-Bild_Welches-Wohnmobil-passt-zu-mir-1024x468.jpg 1024w, https:\/\/ahorn-camp.de\/wp-content\/uploads\/2020\/05\/Header-Bild_Welches-Wohnmobil-passt-zu-mir-768x351.jpg 768w, https:\/\/ahorn-camp.de\/wp-content\/uploads\/2020\/05\/Header-Bild_Welches-Wohnmobil-passt-zu-mir-800x366.jpg 800w\" sizes=\"(max-width: 1500px) 100vw, 1500px\" \/><\/div>\n\t\t<\/figure>\n\t<\/div>\n<div class=\"vc_row wpb_row vc_inner vc_row-fluid\"><div class=\"wpb_column vc_column_container vc_col-sm-12\"><div class=\"vc_column-inner\"><div class=\"wpb_wrapper\">\n\t<div class=\"wpb_text_column wpb_content_element\" >\n\t\t<div class=\"wpb_wrapper\">\n\t\t\t<p>Sie sind schon \u00f6fter mit einem Reisemobil verreist und sind an dem Punkt angekommen, an dem Sie sich eine wichtig Frage stellen. Soll ich mir ein eigenes Wohnmobil zulegen? Oder doch weiter mieten?<\/p>\n<p>Einfach mal spontan verreisen. Alles stehen und liegen lassen und los geht\u2019s. Warum nicht einfach mal schnell \u00fcbers Wochenende. Ohne lange Planungszeit, Preisvergleich und Pr\u00fcfung von Verf\u00fcgbarkeiten. Wer tr\u00e4umt nicht davon. Dem Alltag einfach entfliehen und raus in die Natur. Das ist nur mit dem eigenen Wohnmobil m\u00f6glich.<\/p>\n<p><img decoding=\"async\" class=\"wp-image-5970 alignnone\" src=\"https:\/\/ahorn-camp.de\/wp-content\/uploads\/2020\/05\/ahorn-Van550-See-Abend\u00e4mmerung.jpg\" alt=\"\" width=\"600\" height=\"337\" srcset=\"https:\/\/ahorn-camp.de\/wp-content\/uploads\/2020\/05\/ahorn-Van550-See-Abend\u00e4mmerung.jpg 1500w, https:\/\/ahorn-camp.de\/wp-content\/uploads\/2020\/05\/ahorn-Van550-See-Abend\u00e4mmerung-300x169.jpg 300w, https:\/\/ahorn-camp.de\/wp-content\/uploads\/2020\/05\/ahorn-Van550-See-Abend\u00e4mmerung-1024x575.jpg 1024w, https:\/\/ahorn-camp.de\/wp-content\/uploads\/2020\/05\/ahorn-Van550-See-Abend\u00e4mmerung-768x432.jpg 768w, https:\/\/ahorn-camp.de\/wp-content\/uploads\/2020\/05\/ahorn-Van550-See-Abend\u00e4mmerung-800x450.jpg 800w\" sizes=\"(max-width: 600px) 100vw, 600px\" \/><\/p>\n<p>Ja, es gibt einige Vor- und Nachteile zwischen Kaufen und Mieten eines Wohnmobils. Diesen sollte man sich bewusst sein. Hier empfiehlt es sich, eine eigene Pro- und Contra Liste zu erstellen. So k\u00f6nnen Sie herausfinden, wie weit Sie im Entscheidungsprozess sind.<\/p>\n<p>Der Kauf eines eigenen Reisemobils ist auf jeden Fall ein gro\u00dfer Schritt, da der Erwerb gewisse Kosten verursacht. Sie sind sich dessen bewusst und m\u00f6chten das Abenteuer \u201eeigenes Wohnmobil\u201c eingehen? Dann stellt sich nun die Frage nach dem Modell, das am besten zu Ihren Anforderungen passt. Hierbei beraten wir Sie gerne. Im folgenden Artikel haben wir wichtige Punkte f\u00fcr den Erwerb eines Wohnmobils f\u00fcr Sie zusammengestellt.<\/p>\n\n\t\t<\/div>\n\t<\/div>\n<div class=\"vc_separator wpb_content_element vc_separator_align_center vc_sep_width_100 vc_sep_pos_align_center vc_separator_no_text vc_sep_color_grey wpb_content_element  wpb_content_element\" ><span class=\"vc_sep_holder vc_sep_holder_l\"><span class=\"vc_sep_line\"><\/span><\/span><span class=\"vc_sep_holder vc_sep_holder_r\"><span class=\"vc_sep_line\"><\/span><\/span>\n<\/div><\/div><\/div><\/div><\/div>\n\t<div class=\"wpb_text_column wpb_content_element\" >\n\t\t<div class=\"wpb_wrapper\">\n\t\t\t<h4>Welche Wohnmobil-Arten gibt es?<\/h4>\n<p>Es ist sehr wichtig, sich einen \u00dcberblick \u00fcber die verschiedenen Reisemobil-Varianten zu machen. Doch zun\u00e4chst m\u00fcssen wir eine wichtige Frage kl\u00e4ren. Was ist eigentlich der Unterschied zwischen einem Wohnmobil und einem Reisemobil? Ganz einfach, es gibt keinen. Der Begriff Wohnmobil ist im Wortschatz stark verankert. Lediglich die Branche und die Hersteller benutzen den Begriff Reisemobil. Hierunter fallen alle Aufbau-Arten von Wohnmobilen und Camper Vans.<\/p>\n\n\t\t<\/div>\n\t<\/div>\n<\/div><\/div><\/div><\/div><div class=\"vc_row wpb_row vc_row-fluid\"><div class=\"wpb_column vc_column_container vc_col-sm-12\"><div class=\"vc_column-inner\"><div class=\"wpb_wrapper\">\n\t<div class=\"wpb_text_column wpb_content_element\" >\n\t\t<div class=\"wpb_wrapper\">\n\t\t\t<h4><strong>Variante 1: Alkoven<\/strong><\/h4>\n<p><img decoding=\"async\" class=\"alignnone wp-image-2804\" src=\"https:\/\/ahorn-camp.de\/wp-content\/uploads\/2019\/10\/AHORN-CANADA-AE-4931_ba_s-1.png\" alt=\"\" width=\"600\" height=\"400\" srcset=\"https:\/\/ahorn-camp.de\/wp-content\/uploads\/2019\/10\/AHORN-CANADA-AE-4931_ba_s-1.png 2000w, https:\/\/ahorn-camp.de\/wp-content\/uploads\/2019\/10\/AHORN-CANADA-AE-4931_ba_s-1-800x533.png 800w, https:\/\/ahorn-camp.de\/wp-content\/uploads\/2019\/10\/AHORN-CANADA-AE-4931_ba_s-1-300x200.png 300w, https:\/\/ahorn-camp.de\/wp-content\/uploads\/2019\/10\/AHORN-CANADA-AE-4931_ba_s-1-768x512.png 768w, https:\/\/ahorn-camp.de\/wp-content\/uploads\/2019\/10\/AHORN-CANADA-AE-4931_ba_s-1-1024x682.png 1024w\" sizes=\"(max-width: 600px) 100vw, 600px\" \/><\/p>\n<p>Alkoven Reisemobile bieten seinen Besitzern eine Besonderheit. \u00dcber dem Fahrerhaus befindet sich ein separater Schlafbereich. Dieser wird als Alkoven bezeichnet. Der sogenannte Aufbau ragt \u00fcber das Dach der Fahrerkabine hinaus. Dadurch entsteht f\u00fcr 1 bis 2 Personen ein besonderer Schlafplatz. Durch diese durchdachte Raumaufteilung entsteht viel Platz f\u00fcr die ganze Familie. Und neben dem Schlafplatz im hinteren Bereich des Reisemobils ergeben sich im Alkoven weitere Schlaf- oder auch Spielpl\u00e4tze.<\/p>\n<p>Alkoven Reisemobile sind zudem die wohl bekannteste Wohnmobilform. Durch ihre pr\u00e4gnante Form werden sie auch h\u00e4ufig auf Schildern mit Wohnmobilen oder Wohnmobil Piktogrammen benutzt.<\/p>\n<p><i class=\"fas fa-check fa \">\u00a0<\/i>Geeignet f\u00fcr 4-6 Personen \/ mittel bis hoher Komfort<\/p>\n<p><i class=\"fas fa-arrow-up fa \">\u00a0<\/i>Platzangebot f\u00fcr Familien<br \/>\n<i class=\"fas fa-arrow-up fa \">\u00a0<\/i>Dinette muss nicht in Schlafplatz umgebaut werden<br \/>\n<i class=\"fas fa-arrow-up fa \">\u00a0<\/i>Klare Raumaufteilung und abgegrenztes Fahrerhaus<\/p>\n<p><i class=\"fas fa-arrow-down fa \">\u00a0<\/i>Alkoven Einstieg nicht f\u00fcr jeden geeignet<br \/>\n<i class=\"fas fa-arrow-down fa \">\u00a0<\/i>Erh\u00f6hter Kraftstoffverbrauch durch erh\u00f6hten Luftwiderstand<br \/>\n<i class=\"fas fa-arrow-down fa \">\u00a0<\/i>Gesamth\u00f6he gew\u00f6hnungsbed\u00fcrftig<\/p>\n\n\t\t<\/div>\n\t<\/div>\n<div class=\"vc_btn3-container vc_btn3-inline vc_do_btn\" ><a class=\"vc_general vc_btn3 vc_btn3-size-md vc_btn3-shape-square vc_btn3-style-classic vc_btn3-color-grey\" href=\"https:\/\/www.ahorn-camp.de\/ahorn-reisemobile\/alkoven-reisemobile\/\" title=\"Alkoven Reisemobile\">Zu unseren Alkoven Modellen<\/a><\/div><div class=\"vc_empty_space\"   style=\"height: 32px\"><span class=\"vc_empty_space_inner\"><\/span><\/div>\n\t<div class=\"wpb_text_column wpb_content_element\" >\n\t\t<div class=\"wpb_wrapper\">\n\t\t\t<h4><strong>Variante 2: Teilintegriert<\/strong><\/h4>\n<p><img loading=\"lazy\" decoding=\"async\" class=\"alignnone wp-image-5704\" src=\"https:\/\/ahorn-camp.de\/wp-content\/uploads\/2020\/05\/ACT660-AHORN-9128-HDR-s.png\" alt=\"\" width=\"600\" height=\"400\" srcset=\"https:\/\/ahorn-camp.de\/wp-content\/uploads\/2020\/05\/ACT660-AHORN-9128-HDR-s.png 1500w, https:\/\/ahorn-camp.de\/wp-content\/uploads\/2020\/05\/ACT660-AHORN-9128-HDR-s-300x200.png 300w, https:\/\/ahorn-camp.de\/wp-content\/uploads\/2020\/05\/ACT660-AHORN-9128-HDR-s-1024x683.png 1024w, https:\/\/ahorn-camp.de\/wp-content\/uploads\/2020\/05\/ACT660-AHORN-9128-HDR-s-768x512.png 768w, https:\/\/ahorn-camp.de\/wp-content\/uploads\/2020\/05\/ACT660-AHORN-9128-HDR-s-800x533.png 800w\" sizes=\"(max-width: 600px) 100vw, 600px\" \/><\/p>\n<p>Teilintegrierte Reisemobile haben ihren Namen durch ihre Bauweise erhalten. Anders als beim vollintegrierten Reisemobil erkennt man die genaue Abgrenzung zwischen dem urspr\u00fcnglichen Fahrzeugmodell und dem Reisemobilaufbau. Teilintegrierte Reisemobile bieten ausreichend Komfort und behalten dabei ihre tollen Fahreigenschaften. Diese erh\u00e4lt das Reisemobil durch seine praktischen Ma\u00dfe, die keine W\u00fcnsche offen lassen.<\/p>\n<p><i class=\"fas fa-check fa \">\u00a0<\/i>Geeignet f\u00fcr 2-4 Personen \/ mittel bis hoher Komfort<\/p>\n<p><i class=\"fas fa-arrow-up fa \">\u00a0<\/i>Weiterer Schlafplatz als Hubbett m\u00f6glich<br \/>\n<i class=\"fas fa-arrow-up fa \">\u00a0<\/i>Ideal f\u00fcr Paare und Kleinfamilien<br \/>\n<i class=\"fas fa-arrow-up fa \">\u00a0<\/i>Niedriger Kraftstoffverbrauch<br \/>\n<i class=\"fas fa-arrow-up fa \">\u00a0<\/i>Angenehmes Fahrgef\u00fchl durch tieferen Schwerpunkt (im Vergleich zu Alkoven)<\/p>\n<p><i class=\"fas fa-arrow-down fa \">\u00a0<\/i>Hubbett mit Aufpreis verbunden<br \/>\n<i class=\"fas fa-arrow-down fa \">\u00a0<\/i>Dinettenumbau n\u00f6tig, falls weiterer Schlafplatz ben\u00f6tigt wird und kein Hubbett inkludiert ist<\/p>\n\n\t\t<\/div>\n\t<\/div>\n<div class=\"vc_btn3-container vc_btn3-inline vc_do_btn\" ><a class=\"vc_general vc_btn3 vc_btn3-size-md vc_btn3-shape-square vc_btn3-style-classic vc_btn3-color-grey\" href=\"https:\/\/www.ahorn-camp.de\/ahorn-reisemobile\/teilintegrierte-reisemobile\/\" title=\"Teilintegrierte Reisemobile\">Zu unseren Teilintegrierten Modellen<\/a><\/div><div class=\"vc_empty_space\"   style=\"height: 32px\"><span class=\"vc_empty_space_inner\"><\/span><\/div>\n\t<div class=\"wpb_text_column wpb_content_element\" >\n\t\t<div class=\"wpb_wrapper\">\n\t\t\t<h4><strong>Variante 3: Van Kastenwagen<\/strong><\/h4>\n<p><img loading=\"lazy\" decoding=\"async\" class=\"alignnone wp-image-4744\" src=\"https:\/\/ahorn-camp.de\/wp-content\/uploads\/2020\/03\/neu_AHORN-VAN-620-3.png\" alt=\"\" width=\"500\" height=\"333\" \/><\/p>\n<p>Sie sind auf der Suche nach einem Reisemobil, wollen weder auf Funktionalit\u00e4t noch auf Stauraum verzichten &#8211; und das alles gepaart mit einem Alltagsfahrzeug? Dann ist unsere Van Kastenwagen Serie genau richtig f\u00fcr Sie. Sie genie\u00dfen alle Vorz\u00fcge hinsichtlich Ausstattung und Komfort und finden auf St\u00e4dtetrips bequem einen Parkplatz.<\/p>\n<p>Der besondere Vorteil ist das integrierte Bad mit Dusche und WC bei unseren Vans auf Renault Master Basis. So sind Sie auf Ihren Reisen unabh\u00e4ngig und k\u00f6nnen (je nach Land) auch mal auf die \u00dcbernachtung auf einem Campingplatz verzichten und dadurch die freie Natur in allen Z\u00fcgen genie\u00dfen. Diese Reisemobilvariante ist der perfekte Begleiter f\u00fcr junge Paare und junggebliebene Abenteurer. Wollen Sie es noch kompakter und ben\u00f6tigen kein integriertes Bad? Dann sind Sie mit dem Van City auf Renault Trafic Basis ultimativ flexibel. Er punktet mit einer L\u00e4nge unter f\u00fcnf Metern und bietet gleichzeitig Platz f\u00fcr vier Personen.<\/p>\n<p><i class=\"fas fa-check fa \">\u00a0<\/i>Geeignet f\u00fcr 2-4 Personen \/ mittlerer Komfort<\/p>\n<p><i class=\"fas fa-arrow-up fa \">\u00a0<\/i>Mehr Stauraum als Campingbus<br \/>\n<i class=\"fas fa-arrow-up fa \">\u00a0<\/i>Sanit\u00e4re Anlage vorhanden<br \/>\n<i class=\"fas fa-arrow-up fa \">\u00a0<\/i>gute Stehh\u00f6he<br \/>\n<i class=\"fas fa-arrow-up fa \">\u00a0<\/i>Ausreichend Stauraum<br \/>\n<i class=\"fas fa-arrow-up fa \">\u00a0<\/i>Auch Nutzung in Stadt m\u00f6glich (Parkplatzsituation)<br \/>\n<i class=\"fas fa-arrow-up fa \">\u00a0<\/i>Durchgehende Stehh\u00f6he<\/p>\n<p><i class=\"fas fa-arrow-down fa \">\u00a0<\/i>Geringeres Platzangebot als im Wohnmobil<br \/>\n<i class=\"fas fa-arrow-down fa \">\u00a0<\/i>Zu klein f\u00fcr Familien<\/p>\n\n\t\t<\/div>\n\t<\/div>\n<div class=\"vc_btn3-container vc_btn3-inline vc_do_btn\" ><a class=\"vc_general vc_btn3 vc_btn3-size-md vc_btn3-shape-square vc_btn3-style-classic vc_btn3-color-grey\" href=\"https:\/\/www.ahorn-camp.de\/ahorn-reisemobile\/van-kastenwagen\/\" title=\"Van Kastenwagen\">Zu unseren Van Modellen<\/a><\/div><div class=\"vc_empty_space\"   style=\"height: 32px\"><span class=\"vc_empty_space_inner\"><\/span><\/div>\n\t<div class=\"wpb_text_column wpb_content_element\" >\n\t\t<div class=\"wpb_wrapper\">\n\t\t\t<h4><strong>Variante 4: Integriertes Wohnmobil?<br \/>\n<\/strong><\/h4>\n<p>Fahrerkabine und Wohnraum sind miteinander verbunden, wodurch das Platzangebot ger\u00e4umiger wirkt.<\/p>\n<p>Diese Modellvariante bieten wir bei Ahorn Camp nicht an, wollten sie aber nicht unber\u00fccksichtigt lassen und haben sie aus diesem Grund mit aufgef\u00fchrt.<\/p>\n<p><i class=\"fas fa-check fa \">\u00a0<\/i>Geeignet f\u00fcr 2-4 Personen \/ hoher Komfort<\/p>\n<p><i class=\"fas fa-arrow-up fa \">\u00a0<\/i>Tolles Raumgef\u00fchl<br \/>\n<i class=\"fas fa-arrow-up fa \">\u00a0<\/i>Ideal f\u00fcr l\u00e4ngere Trips und h\u00e4ufige Nutzung<\/p>\n<p><i class=\"fas fa-arrow-down fa \">\u00a0<\/i>H\u00f6heres Gewicht<br \/>\n<i class=\"fas fa-arrow-down fa \">\u00a0<\/i>Nicht so wendig<br \/>\n<i class=\"fas fa-arrow-down fa \">\u00a0 <\/i>Teuer<br \/>\n<i class=\"fas fa-arrow-down fa \">\u00a0<\/i>Nicht so \u00fcbersichtlich<\/p>\n\n\t\t<\/div>\n\t<\/div>\n<\/div><\/div><\/div><\/div><div class=\"vc_row wpb_row vc_row-fluid\"><div class=\"wpb_column vc_column_container vc_col-sm-12\"><div class=\"vc_column-inner\"><div class=\"wpb_wrapper\"><div class=\"vc_separator wpb_content_element vc_separator_align_center vc_sep_width_100 vc_sep_pos_align_center vc_separator_no_text vc_sep_color_grey wpb_content_element  wpb_content_element\" ><span class=\"vc_sep_holder vc_sep_holder_l\"><span class=\"vc_sep_line\"><\/span><\/span><span class=\"vc_sep_holder vc_sep_holder_r\"><span class=\"vc_sep_line\"><\/span><\/span>\n<\/div><div class=\"vc_row wpb_row vc_inner vc_row-fluid\"><div class=\"wpb_column vc_column_container vc_col-sm-4\"><div class=\"vc_column-inner\"><div class=\"wpb_wrapper\">\n\t<div  class=\"wpb_single_image wpb_content_element vc_align_left wpb_content_element\">\n\t\t\n\t\t<figure class=\"wpb_wrapper vc_figure\">\n\t\t\t<div class=\"vc_single_image-wrapper   vc_box_border_grey\"><img loading=\"lazy\" decoding=\"async\" width=\"1024\" height=\"683\" src=\"https:\/\/ahorn-camp.de\/wp-content\/uploads\/2020\/04\/Ahorn-Rent-Wohnmobil-mieten-1024x683.jpg\" class=\"vc_single_image-img attachment-large\" alt=\"\" title=\"\" srcset=\"https:\/\/ahorn-camp.de\/wp-content\/uploads\/2020\/04\/Ahorn-Rent-Wohnmobil-mieten-1024x683.jpg 1024w, https:\/\/ahorn-camp.de\/wp-content\/uploads\/2020\/04\/Ahorn-Rent-Wohnmobil-mieten-300x200.jpg 300w, https:\/\/ahorn-camp.de\/wp-content\/uploads\/2020\/04\/Ahorn-Rent-Wohnmobil-mieten-768x512.jpg 768w, https:\/\/ahorn-camp.de\/wp-content\/uploads\/2020\/04\/Ahorn-Rent-Wohnmobil-mieten-800x533.jpg 800w, https:\/\/ahorn-camp.de\/wp-content\/uploads\/2020\/04\/Ahorn-Rent-Wohnmobil-mieten.jpg 1500w\" sizes=\"(max-width: 1024px) 100vw, 1024px\" \/><\/div>\n\t\t<\/figure>\n\t<\/div>\n<\/div><\/div><\/div><div class=\"wpb_column vc_column_container vc_col-sm-8\"><div class=\"vc_column-inner\"><div class=\"wpb_wrapper\">\n\t<div class=\"wpb_text_column wpb_content_element\" >\n\t\t<div class=\"wpb_wrapper\">\n\t\t\t<h5>Sie w\u00fcrden sich gerne \u00fcber die Miete eines Reisemobils informieren?<\/h5>\n<p>Lieblingsroute ausgew\u00e4hlt und Lust, spontan zu starten? Dann hier Reisemobil schnell und einfach buchen. Finden Sie einfach Ihren Ahorn Rent Vermietpartner in Ihrer N\u00e4he und buchen Sie jetzt schon Ihr Reisemobil-Erlebnis. Wir w\u00fcnschen Ihnen viel Spa\u00df auf Ihrer n\u00e4chsten Reise!<\/p>\n<p>[button simple_link=&#8217;true&#8216; undefined=&#8220; color=&#8217;#c7081b&#8216; undefined=&#8220; hover_color=&#8217;#c7081b&#8216; href=&#8217;www.ahorn-rent.de&#8216; target=&#8217;_blank&#8216;]Finden Sie hier unsere Modelle und Mietstationen[\/button]<\/p>\n\n\t\t<\/div>\n\t<\/div>\n<\/div><\/div><\/div><\/div><div class=\"vc_separator wpb_content_element vc_separator_align_center vc_sep_width_100 vc_sep_pos_align_center vc_separator_no_text vc_sep_color_grey wpb_content_element  wpb_content_element\" ><span class=\"vc_sep_holder vc_sep_holder_l\"><span class=\"vc_sep_line\"><\/span><\/span><span class=\"vc_sep_holder vc_sep_holder_r\"><span class=\"vc_sep_line\"><\/span><\/span>\n<\/div><\/div><\/div><\/div><\/div><div class=\"vc_row wpb_row vc_row-fluid\"><div class=\"wpb_column vc_column_container vc_col-sm-12\"><div class=\"vc_column-inner\"><div class=\"wpb_wrapper\"><div class=\"vc_row wpb_row vc_inner vc_row-fluid\"><div class=\"wpb_column vc_column_container vc_col-sm-12\"><div class=\"vc_column-inner\"><div class=\"wpb_wrapper\">\n\t<div class=\"wpb_text_column wpb_content_element\" >\n\t\t<div class=\"wpb_wrapper\">\n\t\t\t<h4><strong>Um das passende Reisemobil zu finden, sind ein paar allgemeine Fragen hilfreich:<\/strong><\/h4>\n<p><img loading=\"lazy\" decoding=\"async\" class=\"alignnone wp-image-2623\" src=\"https:\/\/ahorn-camp.de\/wp-content\/uploads\/2019\/09\/ahorn-logo-animation.png\" alt=\"\" width=\"30\" height=\"29\" srcset=\"https:\/\/ahorn-camp.de\/wp-content\/uploads\/2019\/09\/ahorn-logo-animation.png 221w, https:\/\/ahorn-camp.de\/wp-content\/uploads\/2019\/09\/ahorn-logo-animation-100x100.png 100w, https:\/\/ahorn-camp.de\/wp-content\/uploads\/2019\/09\/ahorn-logo-animation-150x150.png 150w\" sizes=\"(max-width: 30px) 100vw, 30px\" \/> Wie oft und wie lange werde ich das Reisemobil im Jahr nutzen? &#8211; Nur f\u00fcr Wochenendtrips oder f\u00fcr alle Urlaube im Jahr? Oder ggf. als Dauercamper \u00fcber mehrere Monate?<br \/>\n<img loading=\"lazy\" decoding=\"async\" class=\"alignnone wp-image-2623\" src=\"https:\/\/ahorn-camp.de\/wp-content\/uploads\/2019\/09\/ahorn-logo-animation.png\" alt=\"\" width=\"30\" height=\"29\" srcset=\"https:\/\/ahorn-camp.de\/wp-content\/uploads\/2019\/09\/ahorn-logo-animation.png 221w, https:\/\/ahorn-camp.de\/wp-content\/uploads\/2019\/09\/ahorn-logo-animation-100x100.png 100w, https:\/\/ahorn-camp.de\/wp-content\/uploads\/2019\/09\/ahorn-logo-animation-150x150.png 150w\" sizes=\"(max-width: 30px) 100vw, 30px\" \/> Werde ich das Reisemobil auch im Winter nutzen?<br \/>\n<img loading=\"lazy\" decoding=\"async\" class=\"alignnone wp-image-2623\" src=\"https:\/\/ahorn-camp.de\/wp-content\/uploads\/2019\/09\/ahorn-logo-animation.png\" alt=\"\" width=\"30\" height=\"29\" srcset=\"https:\/\/ahorn-camp.de\/wp-content\/uploads\/2019\/09\/ahorn-logo-animation.png 221w, https:\/\/ahorn-camp.de\/wp-content\/uploads\/2019\/09\/ahorn-logo-animation-100x100.png 100w, https:\/\/ahorn-camp.de\/wp-content\/uploads\/2019\/09\/ahorn-logo-animation-150x150.png 150w\" sizes=\"(max-width: 30px) 100vw, 30px\" \/> Wie lange sollen die Strecken sein, die ich fahren m\u00f6chte? &#8211; Kurze Strecken innerhalb Deutschlands und Europa oder lange Strecken \u00fcber mehrere Kontinente?<br \/>\n<img loading=\"lazy\" decoding=\"async\" class=\"alignnone wp-image-2623\" src=\"https:\/\/ahorn-camp.de\/wp-content\/uploads\/2019\/09\/ahorn-logo-animation.png\" alt=\"\" width=\"30\" height=\"29\" srcset=\"https:\/\/ahorn-camp.de\/wp-content\/uploads\/2019\/09\/ahorn-logo-animation.png 221w, https:\/\/ahorn-camp.de\/wp-content\/uploads\/2019\/09\/ahorn-logo-animation-100x100.png 100w, https:\/\/ahorn-camp.de\/wp-content\/uploads\/2019\/09\/ahorn-logo-animation-150x150.png 150w\" sizes=\"(max-width: 30px) 100vw, 30px\" \/> Wie viele Personen werden das Reisemobil nutzen? &#8211; Paar oder zus\u00e4tzlich Kinder?<br \/>\n<img loading=\"lazy\" decoding=\"async\" class=\"alignnone wp-image-2623\" src=\"https:\/\/ahorn-camp.de\/wp-content\/uploads\/2019\/09\/ahorn-logo-animation.png\" alt=\"\" width=\"30\" height=\"29\" srcset=\"https:\/\/ahorn-camp.de\/wp-content\/uploads\/2019\/09\/ahorn-logo-animation.png 221w, https:\/\/ahorn-camp.de\/wp-content\/uploads\/2019\/09\/ahorn-logo-animation-100x100.png 100w, https:\/\/ahorn-camp.de\/wp-content\/uploads\/2019\/09\/ahorn-logo-animation-150x150.png 150w\" sizes=\"(max-width: 30px) 100vw, 30px\" \/> Wie viele Betten werden ben\u00f6tigt? &#8211; Hubbett oder Dinettenumbau\/ Doppelbetten oder Queensbett?<br \/>\n<img loading=\"lazy\" decoding=\"async\" class=\"alignnone wp-image-2623\" src=\"https:\/\/ahorn-camp.de\/wp-content\/uploads\/2019\/09\/ahorn-logo-animation.png\" alt=\"\" width=\"30\" height=\"29\" srcset=\"https:\/\/ahorn-camp.de\/wp-content\/uploads\/2019\/09\/ahorn-logo-animation.png 221w, https:\/\/ahorn-camp.de\/wp-content\/uploads\/2019\/09\/ahorn-logo-animation-100x100.png 100w, https:\/\/ahorn-camp.de\/wp-content\/uploads\/2019\/09\/ahorn-logo-animation-150x150.png 150w\" sizes=\"(max-width: 30px) 100vw, 30px\" \/> Wie viel Stauraum ben\u00f6tige ich? &#8211; Habe ich zus\u00e4tzliches Equipment wie Skier, Kanu oder Surfboard?<br \/>\n<img loading=\"lazy\" decoding=\"async\" class=\"alignnone wp-image-2623\" src=\"https:\/\/ahorn-camp.de\/wp-content\/uploads\/2019\/09\/ahorn-logo-animation.png\" alt=\"\" width=\"30\" height=\"29\" srcset=\"https:\/\/ahorn-camp.de\/wp-content\/uploads\/2019\/09\/ahorn-logo-animation.png 221w, https:\/\/ahorn-camp.de\/wp-content\/uploads\/2019\/09\/ahorn-logo-animation-100x100.png 100w, https:\/\/ahorn-camp.de\/wp-content\/uploads\/2019\/09\/ahorn-logo-animation-150x150.png 150w\" sizes=\"(max-width: 30px) 100vw, 30px\" \/> Auf welchen Komfort m\u00f6chte ich nicht verzichten? &#8211; Ausstattung von Bett oder Bad.<br \/>\n<img loading=\"lazy\" decoding=\"async\" class=\"alignnone wp-image-2623\" src=\"https:\/\/ahorn-camp.de\/wp-content\/uploads\/2019\/09\/ahorn-logo-animation.png\" alt=\"\" width=\"30\" height=\"29\" srcset=\"https:\/\/ahorn-camp.de\/wp-content\/uploads\/2019\/09\/ahorn-logo-animation.png 221w, https:\/\/ahorn-camp.de\/wp-content\/uploads\/2019\/09\/ahorn-logo-animation-100x100.png 100w, https:\/\/ahorn-camp.de\/wp-content\/uploads\/2019\/09\/ahorn-logo-animation-150x150.png 150w\" sizes=\"(max-width: 30px) 100vw, 30px\" \/> Sollen Haustiere mit untergebracht werden? &#8211; Schlafplatz f\u00fcr Hund etc.<br \/>\n<img loading=\"lazy\" decoding=\"async\" class=\"alignnone wp-image-2623\" src=\"https:\/\/ahorn-camp.de\/wp-content\/uploads\/2019\/09\/ahorn-logo-animation.png\" alt=\"\" width=\"30\" height=\"29\" srcset=\"https:\/\/ahorn-camp.de\/wp-content\/uploads\/2019\/09\/ahorn-logo-animation.png 221w, https:\/\/ahorn-camp.de\/wp-content\/uploads\/2019\/09\/ahorn-logo-animation-100x100.png 100w, https:\/\/ahorn-camp.de\/wp-content\/uploads\/2019\/09\/ahorn-logo-animation-150x150.png 150w\" sizes=\"(max-width: 30px) 100vw, 30px\" \/> M\u00f6chte ich das Reisemobil auch als Alltagsfahrzeug nutzen?<br \/>\n<img loading=\"lazy\" decoding=\"async\" class=\"alignnone wp-image-2623\" src=\"https:\/\/ahorn-camp.de\/wp-content\/uploads\/2019\/09\/ahorn-logo-animation.png\" alt=\"\" width=\"30\" height=\"29\" srcset=\"https:\/\/ahorn-camp.de\/wp-content\/uploads\/2019\/09\/ahorn-logo-animation.png 221w, https:\/\/ahorn-camp.de\/wp-content\/uploads\/2019\/09\/ahorn-logo-animation-100x100.png 100w, https:\/\/ahorn-camp.de\/wp-content\/uploads\/2019\/09\/ahorn-logo-animation-150x150.png 150w\" sizes=\"(max-width: 30px) 100vw, 30px\" \/> Welche Stellplatzgr\u00f6\u00dfe habe ich zur Verf\u00fcgung? &#8211; Carport, Tiefgarage oder Garage?<br \/>\n<img loading=\"lazy\" decoding=\"async\" class=\"alignnone wp-image-2623\" src=\"https:\/\/ahorn-camp.de\/wp-content\/uploads\/2019\/09\/ahorn-logo-animation.png\" alt=\"\" width=\"30\" height=\"29\" srcset=\"https:\/\/ahorn-camp.de\/wp-content\/uploads\/2019\/09\/ahorn-logo-animation.png 221w, https:\/\/ahorn-camp.de\/wp-content\/uploads\/2019\/09\/ahorn-logo-animation-100x100.png 100w, https:\/\/ahorn-camp.de\/wp-content\/uploads\/2019\/09\/ahorn-logo-animation-150x150.png 150w\" sizes=\"(max-width: 30px) 100vw, 30px\" \/> Welches Wohnmobil passt zu mir? &#8211; Welches Modell entspricht meinen Vorstellungen?<\/p>\n\n\t\t<\/div>\n\t<\/div>\n<\/div><\/div><\/div><\/div><div class=\"vc_separator wpb_content_element vc_separator_align_center vc_sep_width_100 vc_sep_pos_align_center vc_separator_no_text vc_sep_color_grey wpb_content_element  wpb_content_element\" ><span class=\"vc_sep_holder vc_sep_holder_l\"><span class=\"vc_sep_line\"><\/span><\/span><span class=\"vc_sep_holder vc_sep_holder_r\"><span class=\"vc_sep_line\"><\/span><\/span>\n<\/div><\/div><\/div><\/div><\/div><div class=\"vc_row wpb_row vc_row-fluid\"><div class=\"wpb_column vc_column_container vc_col-sm-12\"><div class=\"vc_column-inner\"><div class=\"wpb_wrapper\"><div class=\"vc_row wpb_row vc_inner vc_row-fluid\"><div class=\"wpb_column vc_column_container vc_col-sm-12\"><div class=\"vc_column-inner\"><div class=\"wpb_wrapper\">\n\t<div class=\"wpb_text_column wpb_content_element\" >\n\t\t<div class=\"wpb_wrapper\">\n\t\t\t<p><img loading=\"lazy\" decoding=\"async\" class=\"alignnone wp-image-5968\" src=\"https:\/\/ahorn-camp.de\/wp-content\/uploads\/2020\/05\/Ahorn-Autobild-Norge-Erfjord.jpg\" alt=\"\" width=\"600\" height=\"300\" srcset=\"https:\/\/ahorn-camp.de\/wp-content\/uploads\/2020\/05\/Ahorn-Autobild-Norge-Erfjord.jpg 1500w, https:\/\/ahorn-camp.de\/wp-content\/uploads\/2020\/05\/Ahorn-Autobild-Norge-Erfjord-300x150.jpg 300w, https:\/\/ahorn-camp.de\/wp-content\/uploads\/2020\/05\/Ahorn-Autobild-Norge-Erfjord-1024x512.jpg 1024w, https:\/\/ahorn-camp.de\/wp-content\/uploads\/2020\/05\/Ahorn-Autobild-Norge-Erfjord-768x384.jpg 768w, https:\/\/ahorn-camp.de\/wp-content\/uploads\/2020\/05\/Ahorn-Autobild-Norge-Erfjord-800x400.jpg 800w\" sizes=\"(max-width: 600px) 100vw, 600px\" \/><\/p>\n<h3>Verwirklichen Sie sich jetzt Ihren Traum<\/h3>\n<p>Sie sind sich immer noch nicht ganz sicher, welches Reisemobil Ihres sein k\u00f6nnte? Gerne k\u00f6nnen Sie uns in unseren <a href=\"https:\/\/ahorn-camp.de\/kontakt\/\">Showrooms<\/a> besuchen und sich vor Ort einen besseren \u00dcberblick verschaffen. <a href=\"https:\/\/ahorn-camp.de\/handelspartner\/\">Hier finden Sie unsere Niederlassungen und Handelspartner.<\/a> Unser Verkaufsteam ber\u00e4t Sie sehr gerne und zeigt Ihnen nochmal am Objekt der Begierde die einzelnen Vorteile. Dadurch bekommt man einen noch besseren Eindruck und kann auch Materialien sp\u00fcren und sich einen guten Eindruck vom Platzangebot machen.<\/p>\n<p>Sie wissen jetzt genau, welches Wohnmobil f\u00fcr Sie am besten passt? Allerdings sind Ihnen die Kosten zu hoch? Wir haben hierzu noch einige Tipps f\u00fcr Sie.<\/p>\n<p>Wir haben auf <a href=\"https:\/\/home.mobile.de\/AHORNWOHNMOBILEGMBHCOKG#ses\" target=\"_blank\" rel=\"noopener noreferrer\">mobile.de<\/a> eine gro\u00dfe Auswahl von Jahreswagen, die zu attraktiven Preisen angeboten werden.<\/p>\n<p>Alternativ haben wir mit unserem Partner ein <a href=\"https:\/\/ahorn-camp.de\/finanzierung\/\">Finanzierungsangebot<\/a> zusammengestellt, was auf Ihre W\u00fcnsche angepasst werden kann. Sprechen Sie uns hierzu einfach im Beratungsgespr\u00e4ch an und wir nehmen dies in Ihr individuelles Angebot mit auf.<\/p>\n<p>Auch f\u00fcr die passende <a href=\"https:\/\/ahorn-camp.de\/reisemobilversicherung\/\">Versicherung<\/a> haben wir ein tolles Angebot f\u00fcr Sie. Alles aus einer Hand und wie f\u00fcr Sie gemacht.<\/p>\n<p>Zu guter Letzt haben wir noch den besten Tipp f\u00fcr Sie. Besuchen Sie uns auf einer der vielen Reise-Messen und profitieren Sie von attraktiven Messerabatten. <a href=\"https:\/\/ahorn-camp.de\/ahorn-messetermine\/\" target=\"_blank\" rel=\"noopener noreferrer\">Hier<\/a> finden Sie eine \u00dcbersicht \u00fcber kommende Messen, inklusive Informationen, wo Sie unseren Messestand finden.<\/p>\n<p>Gerne halten wir Sie auch \u00fcber unseren <a href=\"https:\/\/ahorn-camp.de\/newsletter\/\">Newsletter<\/a> \u00fcber Aktionen und Angebote auf dem Laufenden. Jetzt einfach anmelden und profitieren.<\/p>\n<p>Sie m\u00f6chten unsere Modelle erstmal ausprobieren und Ihren n\u00e4chsten Urlaub in einem gemieteten Reisemobil verbringen? Kein Problem. Einfach einen Vermietpartner in Ihrer N\u00e4he finden und gleich buchen. Jetzt testen unter <a href=\"http:\/\/www.ahorn-rent.de\" target=\"_blank\" rel=\"noopener noreferrer\"><u>ahorn-rent.de<\/u><\/a><\/p>\n<p>Wir w\u00fcnschen Ihnen eine spannende Zeit bei der Auswahl Ihres Reisemobiles. Wir stehen Ihnen gerne mit Rat und Tat zur Seite und begleiten Sie bei der Erf\u00fcllung Ihres Abenteuers \u201eeigenes Wohnmobil\u201c.<\/p>\n\n\t\t<\/div>\n\t<\/div>\n<\/div><\/div><\/div><\/div><\/div><\/div><\/div><\/div>\n<\/div>","protected":false},"excerpt":{"rendered":"<p>Vuoi intraprendere l'avventura del \u201ecamper tutto tuo\u201c? Allora la domanda che si pone \u00e8 quale modello si adatta meglio alle tue esigenze. Saremo lieti di consigliarti in merito. <\/p>","protected":false},"author":2,"featured_media":6147,"comment_status":"closed","ping_status":"open","sticky":false,"template":"","format":"standard","meta":{"content-type":"","footnotes":""},"categories":[208],"tags":[],"class_list":["post-6007","post","type-post","status-publish","format-standard","has-post-thumbnail","hentry","category-blog"],"yoast_head":"<!-- This site is optimized with the Yoast SEO plugin v27.4 - https:\/\/yoast.com\/product\/yoast-seo-wordpress\/ -->\n<title>Welches Wohnmobil passt zu mir? - Blog - Ahorn Camp GmbH &amp; Co. KG<\/title>\n<meta name=\"description\" content=\"Welches Wohnmobil passt zu mir und meinen Anforderungen. Im folgenden Artikel wichtige Punkte f\u00fcr den Erwerb eines Wohnmobils zusammengestellt.\" \/>\n<meta name=\"robots\" content=\"index, follow, max-snippet:-1, max-image-preview:large, max-video-preview:-1\" \/>\n<link rel=\"canonical\" href=\"https:\/\/ahorn-camp.de\/it\/welches-wohnmobil-passt-zu-mir\/\" \/>\n<meta property=\"og:locale\" content=\"it_IT\" \/>\n<meta property=\"og:type\" content=\"article\" \/>\n<meta property=\"og:title\" content=\"Welches Wohnmobil passt zu mir? - Blog - Ahorn Camp GmbH &amp; Co. KG\" \/>\n<meta property=\"og:description\" content=\"Welches Wohnmobil passt zu mir und meinen Anforderungen. Im folgenden Artikel wichtige Punkte f\u00fcr den Erwerb eines Wohnmobils zusammengestellt.\" \/>\n<meta property=\"og:url\" content=\"https:\/\/ahorn-camp.de\/it\/welches-wohnmobil-passt-zu-mir\/\" \/>\n<meta property=\"og:site_name\" content=\"Ahorn Camp | Reisemobile und Kastenwagen\" \/>\n<meta property=\"article:publisher\" content=\"https:\/\/www.facebook.com\/ahorn.wohnmobile\/\" \/>\n<meta property=\"article:published_time\" content=\"2020-05-20T15:33:43+00:00\" \/>\n<meta property=\"article:modified_time\" content=\"2022-04-26T10:28:17+00:00\" \/>\n<meta property=\"og:image\" content=\"https:\/\/ahorn-camp.de\/wp-content\/uploads\/2020\/05\/Header-Bild_Welches-Wohnmobil-passt-zu-mir.jpg\" \/>\n\t<meta property=\"og:image:width\" content=\"1500\" \/>\n\t<meta property=\"og:image:height\" content=\"686\" \/>\n\t<meta property=\"og:image:type\" content=\"image\/jpeg\" \/>\n<meta name=\"author\" content=\"ahorn_admin\" \/>\n<meta name=\"twitter:card\" content=\"summary_large_image\" \/>\n<meta name=\"twitter:label1\" content=\"Scritto da\" \/>\n\t<meta name=\"twitter:data1\" content=\"ahorn_admin\" \/>\n\t<meta name=\"twitter:label2\" content=\"Tempo di lettura stimato\" \/>\n\t<meta name=\"twitter:data2\" content=\"11 minuti\" \/>\n<script type=\"application\/ld+json\" class=\"yoast-schema-graph\">{\"@context\":\"https:\\\/\\\/schema.org\",\"@graph\":[{\"@type\":\"Article\",\"@id\":\"https:\\\/\\\/ahorn-camp.de\\\/welches-wohnmobil-passt-zu-mir\\\/#article\",\"isPartOf\":{\"@id\":\"https:\\\/\\\/ahorn-camp.de\\\/welches-wohnmobil-passt-zu-mir\\\/\"},\"author\":{\"name\":\"ahorn_admin\",\"@id\":\"https:\\\/\\\/ahorn-camp.de\\\/#\\\/schema\\\/person\\\/9b60761ba82d5cb8e6db215a88925044\"},\"headline\":\"Welches Wohnmobil passt zu mir?\",\"datePublished\":\"2020-05-20T15:33:43+00:00\",\"dateModified\":\"2022-04-26T10:28:17+00:00\",\"mainEntityOfPage\":{\"@id\":\"https:\\\/\\\/ahorn-camp.de\\\/welches-wohnmobil-passt-zu-mir\\\/\"},\"wordCount\":1628,\"publisher\":{\"@id\":\"https:\\\/\\\/ahorn-camp.de\\\/#organization\"},\"image\":{\"@id\":\"https:\\\/\\\/ahorn-camp.de\\\/welches-wohnmobil-passt-zu-mir\\\/#primaryimage\"},\"thumbnailUrl\":\"https:\\\/\\\/ahorn-camp.de\\\/wp-content\\\/uploads\\\/2020\\\/05\\\/Header-Bild_Welches-Wohnmobil-passt-zu-mir.jpg\",\"articleSection\":[\"Blog\"],\"inLanguage\":\"it-IT\"},{\"@type\":\"WebPage\",\"@id\":\"https:\\\/\\\/ahorn-camp.de\\\/welches-wohnmobil-passt-zu-mir\\\/\",\"url\":\"https:\\\/\\\/ahorn-camp.de\\\/welches-wohnmobil-passt-zu-mir\\\/\",\"name\":\"Welches Wohnmobil passt zu mir? - Blog - Ahorn Camp GmbH & Co. KG\",\"isPartOf\":{\"@id\":\"https:\\\/\\\/ahorn-camp.de\\\/#website\"},\"primaryImageOfPage\":{\"@id\":\"https:\\\/\\\/ahorn-camp.de\\\/welches-wohnmobil-passt-zu-mir\\\/#primaryimage\"},\"image\":{\"@id\":\"https:\\\/\\\/ahorn-camp.de\\\/welches-wohnmobil-passt-zu-mir\\\/#primaryimage\"},\"thumbnailUrl\":\"https:\\\/\\\/ahorn-camp.de\\\/wp-content\\\/uploads\\\/2020\\\/05\\\/Header-Bild_Welches-Wohnmobil-passt-zu-mir.jpg\",\"datePublished\":\"2020-05-20T15:33:43+00:00\",\"dateModified\":\"2022-04-26T10:28:17+00:00\",\"description\":\"Welches Wohnmobil passt zu mir und meinen Anforderungen. Im folgenden Artikel wichtige Punkte f\u00fcr den Erwerb eines Wohnmobils zusammengestellt.\",\"breadcrumb\":{\"@id\":\"https:\\\/\\\/ahorn-camp.de\\\/welches-wohnmobil-passt-zu-mir\\\/#breadcrumb\"},\"inLanguage\":\"it-IT\",\"potentialAction\":[{\"@type\":\"ReadAction\",\"target\":[\"https:\\\/\\\/ahorn-camp.de\\\/welches-wohnmobil-passt-zu-mir\\\/\"]}]},{\"@type\":\"ImageObject\",\"inLanguage\":\"it-IT\",\"@id\":\"https:\\\/\\\/ahorn-camp.de\\\/welches-wohnmobil-passt-zu-mir\\\/#primaryimage\",\"url\":\"https:\\\/\\\/ahorn-camp.de\\\/wp-content\\\/uploads\\\/2020\\\/05\\\/Header-Bild_Welches-Wohnmobil-passt-zu-mir.jpg\",\"contentUrl\":\"https:\\\/\\\/ahorn-camp.de\\\/wp-content\\\/uploads\\\/2020\\\/05\\\/Header-Bild_Welches-Wohnmobil-passt-zu-mir.jpg\",\"width\":1500,\"height\":686,\"caption\":\"Wohnmobile in den Bergen\"},{\"@type\":\"BreadcrumbList\",\"@id\":\"https:\\\/\\\/ahorn-camp.de\\\/welches-wohnmobil-passt-zu-mir\\\/#breadcrumb\",\"itemListElement\":[{\"@type\":\"ListItem\",\"position\":1,\"name\":\"Startseite\",\"item\":\"https:\\\/\\\/ahorn-camp.de\\\/\"},{\"@type\":\"ListItem\",\"position\":2,\"name\":\"Welches Wohnmobil passt zu mir?\"}]},{\"@type\":\"WebSite\",\"@id\":\"https:\\\/\\\/ahorn-camp.de\\\/#website\",\"url\":\"https:\\\/\\\/ahorn-camp.de\\\/\",\"name\":\"Ahorn Camp | Reisemobile und Kastenwagen\",\"description\":\"Seit \u00fcber 30 Jahren vermarktet das Familienunternehmen, Ahorn Camp in Speyer, erfolgreich Wohnmobile und Kastenwagen zum besten Preis-Leistungsverh\u00e4ltnis.\",\"publisher\":{\"@id\":\"https:\\\/\\\/ahorn-camp.de\\\/#organization\"},\"potentialAction\":[{\"@type\":\"SearchAction\",\"target\":{\"@type\":\"EntryPoint\",\"urlTemplate\":\"https:\\\/\\\/ahorn-camp.de\\\/?s={search_term_string}\"},\"query-input\":{\"@type\":\"PropertyValueSpecification\",\"valueRequired\":true,\"valueName\":\"search_term_string\"}}],\"inLanguage\":\"it-IT\"},{\"@type\":\"Organization\",\"@id\":\"https:\\\/\\\/ahorn-camp.de\\\/#organization\",\"name\":\"Ahorn Camp GmbH & Co. KG\",\"url\":\"https:\\\/\\\/ahorn-camp.de\\\/\",\"logo\":{\"@type\":\"ImageObject\",\"inLanguage\":\"it-IT\",\"@id\":\"https:\\\/\\\/ahorn-camp.de\\\/#\\\/schema\\\/logo\\\/image\\\/\",\"url\":\"https:\\\/\\\/ahorn-camp.de\\\/wp-content\\\/uploads\\\/2018\\\/12\\\/Ahorn_Logo.jpg\",\"contentUrl\":\"https:\\\/\\\/ahorn-camp.de\\\/wp-content\\\/uploads\\\/2018\\\/12\\\/Ahorn_Logo.jpg\",\"width\":1437,\"height\":1000,\"caption\":\"Ahorn Camp GmbH & Co. KG\"},\"image\":{\"@id\":\"https:\\\/\\\/ahorn-camp.de\\\/#\\\/schema\\\/logo\\\/image\\\/\"},\"sameAs\":[\"https:\\\/\\\/www.facebook.com\\\/ahorn.wohnmobile\\\/\",\"https:\\\/\\\/www.instagram.com\\\/ahorn.camp\\\/\",\"https:\\\/\\\/www.youtube.com\\\/channel\\\/UCPFbPCts1JJ_A1k9vyH0yOQ\"]},{\"@type\":\"Person\",\"@id\":\"https:\\\/\\\/ahorn-camp.de\\\/#\\\/schema\\\/person\\\/9b60761ba82d5cb8e6db215a88925044\",\"name\":\"ahorn_admin\",\"image\":{\"@type\":\"ImageObject\",\"inLanguage\":\"it-IT\",\"@id\":\"https:\\\/\\\/secure.gravatar.com\\\/avatar\\\/d96b9a078083b0c14cee48589feadd939c3cdd66547e2f3f1569470371daaaa5?s=96&d=mm&r=g\",\"url\":\"https:\\\/\\\/secure.gravatar.com\\\/avatar\\\/d96b9a078083b0c14cee48589feadd939c3cdd66547e2f3f1569470371daaaa5?s=96&d=mm&r=g\",\"contentUrl\":\"https:\\\/\\\/secure.gravatar.com\\\/avatar\\\/d96b9a078083b0c14cee48589feadd939c3cdd66547e2f3f1569470371daaaa5?s=96&d=mm&r=g\",\"caption\":\"ahorn_admin\"},\"sameAs\":[\"http:\\\/\\\/Ahorn%20Camp\"],\"url\":\"https:\\\/\\\/ahorn-camp.de\\\/it\\\/author\\\/ahorn_admin\\\/\"}]}<\/script>\n<!-- \/ Yoast SEO plugin. -->","yoast_head_json":{"title":"Welches Wohnmobil passt zu mir? - Blog - Ahorn Camp GmbH & Co. KG","description":"Welches Wohnmobil passt zu mir und meinen Anforderungen. Im folgenden Artikel wichtige Punkte f\u00fcr den Erwerb eines Wohnmobils zusammengestellt.","robots":{"index":"index","follow":"follow","max-snippet":"max-snippet:-1","max-image-preview":"max-image-preview:large","max-video-preview":"max-video-preview:-1"},"canonical":"https:\/\/ahorn-camp.de\/it\/welches-wohnmobil-passt-zu-mir\/","og_locale":"it_IT","og_type":"article","og_title":"Welches Wohnmobil passt zu mir? - Blog - Ahorn Camp GmbH & Co. KG","og_description":"Welches Wohnmobil passt zu mir und meinen Anforderungen. Im folgenden Artikel wichtige Punkte f\u00fcr den Erwerb eines Wohnmobils zusammengestellt.","og_url":"https:\/\/ahorn-camp.de\/it\/welches-wohnmobil-passt-zu-mir\/","og_site_name":"Ahorn Camp | Reisemobile und Kastenwagen","article_publisher":"https:\/\/www.facebook.com\/ahorn.wohnmobile\/","article_published_time":"2020-05-20T15:33:43+00:00","article_modified_time":"2022-04-26T10:28:17+00:00","og_image":[{"width":1500,"height":686,"url":"https:\/\/ahorn-camp.de\/wp-content\/uploads\/2020\/05\/Header-Bild_Welches-Wohnmobil-passt-zu-mir.jpg","type":"image\/jpeg"}],"author":"ahorn_admin","twitter_card":"summary_large_image","twitter_misc":{"Scritto da":"ahorn_admin","Tempo di lettura stimato":"11 minuti"},"schema":{"@context":"https:\/\/schema.org","@graph":[{"@type":"Article","@id":"https:\/\/ahorn-camp.de\/welches-wohnmobil-passt-zu-mir\/#article","isPartOf":{"@id":"https:\/\/ahorn-camp.de\/welches-wohnmobil-passt-zu-mir\/"},"author":{"name":"ahorn_admin","@id":"https:\/\/ahorn-camp.de\/#\/schema\/person\/9b60761ba82d5cb8e6db215a88925044"},"headline":"Welches Wohnmobil passt zu mir?","datePublished":"2020-05-20T15:33:43+00:00","dateModified":"2022-04-26T10:28:17+00:00","mainEntityOfPage":{"@id":"https:\/\/ahorn-camp.de\/welches-wohnmobil-passt-zu-mir\/"},"wordCount":1628,"publisher":{"@id":"https:\/\/ahorn-camp.de\/#organization"},"image":{"@id":"https:\/\/ahorn-camp.de\/welches-wohnmobil-passt-zu-mir\/#primaryimage"},"thumbnailUrl":"https:\/\/ahorn-camp.de\/wp-content\/uploads\/2020\/05\/Header-Bild_Welches-Wohnmobil-passt-zu-mir.jpg","articleSection":["Blog"],"inLanguage":"it-IT"},{"@type":"WebPage","@id":"https:\/\/ahorn-camp.de\/welches-wohnmobil-passt-zu-mir\/","url":"https:\/\/ahorn-camp.de\/welches-wohnmobil-passt-zu-mir\/","name":"Welches Wohnmobil passt zu mir? - Blog - Ahorn Camp GmbH & Co. KG","isPartOf":{"@id":"https:\/\/ahorn-camp.de\/#website"},"primaryImageOfPage":{"@id":"https:\/\/ahorn-camp.de\/welches-wohnmobil-passt-zu-mir\/#primaryimage"},"image":{"@id":"https:\/\/ahorn-camp.de\/welches-wohnmobil-passt-zu-mir\/#primaryimage"},"thumbnailUrl":"https:\/\/ahorn-camp.de\/wp-content\/uploads\/2020\/05\/Header-Bild_Welches-Wohnmobil-passt-zu-mir.jpg","datePublished":"2020-05-20T15:33:43+00:00","dateModified":"2022-04-26T10:28:17+00:00","description":"Welches Wohnmobil passt zu mir und meinen Anforderungen. Im folgenden Artikel wichtige Punkte f\u00fcr den Erwerb eines Wohnmobils zusammengestellt.","breadcrumb":{"@id":"https:\/\/ahorn-camp.de\/welches-wohnmobil-passt-zu-mir\/#breadcrumb"},"inLanguage":"it-IT","potentialAction":[{"@type":"ReadAction","target":["https:\/\/ahorn-camp.de\/welches-wohnmobil-passt-zu-mir\/"]}]},{"@type":"ImageObject","inLanguage":"it-IT","@id":"https:\/\/ahorn-camp.de\/welches-wohnmobil-passt-zu-mir\/#primaryimage","url":"https:\/\/ahorn-camp.de\/wp-content\/uploads\/2020\/05\/Header-Bild_Welches-Wohnmobil-passt-zu-mir.jpg","contentUrl":"https:\/\/ahorn-camp.de\/wp-content\/uploads\/2020\/05\/Header-Bild_Welches-Wohnmobil-passt-zu-mir.jpg","width":1500,"height":686,"caption":"Wohnmobile in den Bergen"},{"@type":"BreadcrumbList","@id":"https:\/\/ahorn-camp.de\/welches-wohnmobil-passt-zu-mir\/#breadcrumb","itemListElement":[{"@type":"ListItem","position":1,"name":"Startseite","item":"https:\/\/ahorn-camp.de\/"},{"@type":"ListItem","position":2,"name":"Welches Wohnmobil passt zu mir?"}]},{"@type":"WebSite","@id":"https:\/\/ahorn-camp.de\/#website","url":"https:\/\/ahorn-camp.de\/","name":"Ahorn Camp | Camper e furgonati","description":"Da oltre 30 anni l'azienda a conduzione familiare, Ahorn Camp a Speyer, commercializza con successo camper e furgoni al miglior rapporto qualit\u00e0-prezzo.","publisher":{"@id":"https:\/\/ahorn-camp.de\/#organization"},"potentialAction":[{"@type":"SearchAction","target":{"@type":"EntryPoint","urlTemplate":"https:\/\/ahorn-camp.de\/?s={search_term_string}"},"query-input":{"@type":"PropertyValueSpecification","valueRequired":true,"valueName":"search_term_string"}}],"inLanguage":"it-IT"},{"@type":"Organization","@id":"https:\/\/ahorn-camp.de\/#organization","name":"Ahorn Camp GmbH &amp; Co. KG","url":"https:\/\/ahorn-camp.de\/","logo":{"@type":"ImageObject","inLanguage":"it-IT","@id":"https:\/\/ahorn-camp.de\/#\/schema\/logo\/image\/","url":"https:\/\/ahorn-camp.de\/wp-content\/uploads\/2018\/12\/Ahorn_Logo.jpg","contentUrl":"https:\/\/ahorn-camp.de\/wp-content\/uploads\/2018\/12\/Ahorn_Logo.jpg","width":1437,"height":1000,"caption":"Ahorn Camp GmbH & Co. KG"},"image":{"@id":"https:\/\/ahorn-camp.de\/#\/schema\/logo\/image\/"},"sameAs":["https:\/\/www.facebook.com\/ahorn.wohnmobile\/","https:\/\/www.instagram.com\/ahorn.camp\/","https:\/\/www.youtube.com\/channel\/UCPFbPCts1JJ_A1k9vyH0yOQ"]},{"@type":"Person","@id":"https:\/\/ahorn-camp.de\/#\/schema\/person\/9b60761ba82d5cb8e6db215a88925044","name":"ahorn_admin","image":{"@type":"ImageObject","inLanguage":"it-IT","@id":"https:\/\/secure.gravatar.com\/avatar\/d96b9a078083b0c14cee48589feadd939c3cdd66547e2f3f1569470371daaaa5?s=96&d=mm&r=g","url":"https:\/\/secure.gravatar.com\/avatar\/d96b9a078083b0c14cee48589feadd939c3cdd66547e2f3f1569470371daaaa5?s=96&d=mm&r=g","contentUrl":"https:\/\/secure.gravatar.com\/avatar\/d96b9a078083b0c14cee48589feadd939c3cdd66547e2f3f1569470371daaaa5?s=96&d=mm&r=g","caption":"ahorn_admin"},"sameAs":["http:\/\/Ahorn%20Camp"],"url":"https:\/\/ahorn-camp.de\/it\/author\/ahorn_admin\/"}]}},"_links":{"self":[{"href":"https:\/\/ahorn-camp.de\/it\/wp-json\/wp\/v2\/posts\/6007","targetHints":{"allow":["GET"]}}],"collection":[{"href":"https:\/\/ahorn-camp.de\/it\/wp-json\/wp\/v2\/posts"}],"about":[{"href":"https:\/\/ahorn-camp.de\/it\/wp-json\/wp\/v2\/types\/post"}],"author":[{"embeddable":true,"href":"https:\/\/ahorn-camp.de\/it\/wp-json\/wp\/v2\/users\/2"}],"replies":[{"embeddable":true,"href":"https:\/\/ahorn-camp.de\/it\/wp-json\/wp\/v2\/comments?post=6007"}],"version-history":[{"count":0,"href":"https:\/\/ahorn-camp.de\/it\/wp-json\/wp\/v2\/posts\/6007\/revisions"}],"wp:featuredmedia":[{"embeddable":true,"href":"https:\/\/ahorn-camp.de\/it\/wp-json\/wp\/v2\/media\/6147"}],"wp:attachment":[{"href":"https:\/\/ahorn-camp.de\/it\/wp-json\/wp\/v2\/media?parent=6007"}],"wp:term":[{"taxonomy":"category","embeddable":true,"href":"https:\/\/ahorn-camp.de\/it\/wp-json\/wp\/v2\/categories?post=6007"},{"taxonomy":"post_tag","embeddable":true,"href":"https:\/\/ahorn-camp.de\/it\/wp-json\/wp\/v2\/tags?post=6007"}],"curies":[{"name":"wp","href":"https:\/\/api.w.org\/{rel}","templated":true}]}}