{"id":5551,"date":"2020-04-28T08:45:14","date_gmt":"2020-04-28T06:45:14","guid":{"rendered":"https:\/\/ahorn-camp.de\/?p=5551"},"modified":"2021-12-08T13:46:25","modified_gmt":"2021-12-08T12:46:25","slug":"campeggio-invernale-in-svizzera","status":"publish","type":"post","link":"https:\/\/ahorn-camp.de\/it\/wintercamping-in-der-schweiz\/","title":{"rendered":"Campeggio invernale in Svizzera"},"content":{"rendered":"<p><strong>Campeggio invernale in Svizzera \u2013 All\u2019inizio di febbraio, Michael, Stefan e Lukas sono partiti con il nostro ACT 690 New Face Edition alla volta della Svizzera per praticare lo sci alpinismo. Il viaggio \u00e8 iniziato con il ritiro del camper presso la nostra sede principale Ahorn Camp a Speyer sul Reno. Hanno caricato tutta l\u2019attrezzatura nel camper e sono partiti in tre alla volta dell\u2019Engadina, in Svizzera. A questo punto poteva avere inizio l\u2019avventura di due settimane intitolata \u201eCampeggio invernale in Svizzera\u201c. Grazie al seguente resoconto di viaggio e alle immagini mozzafiato, potrete accompagnare i giovani nel loro viaggio. Buona lettura e lasciatevi ispirare.<br \/>\n<\/strong><\/p>\n<p><a href=\"https:\/\/ahorn-camp.de\/wp-content\/uploads\/2020\/04\/Reisebericht_Wintercampen-Schweiz_5.jpg\" target=\"_blank\" rel=\"noopener noreferrer\"><img fetchpriority=\"high\" decoding=\"async\" class=\"aligncenter wp-image-5542\" title=\"Campeggio invernale in Svizzera - In viaggio con Ahorn Camp\" src=\"https:\/\/ahorn-camp.de\/wp-content\/uploads\/2020\/04\/Reisebericht_Wintercampen-Schweiz_5.jpg\" alt=\"\" width=\"600\" height=\"400\" srcset=\"https:\/\/ahorn-camp.de\/wp-content\/uploads\/2020\/04\/Reisebericht_Wintercampen-Schweiz_5.jpg 1500w, https:\/\/ahorn-camp.de\/wp-content\/uploads\/2020\/04\/Reisebericht_Wintercampen-Schweiz_5-300x200.jpg 300w, https:\/\/ahorn-camp.de\/wp-content\/uploads\/2020\/04\/Reisebericht_Wintercampen-Schweiz_5-1024x682.jpg 1024w, https:\/\/ahorn-camp.de\/wp-content\/uploads\/2020\/04\/Reisebericht_Wintercampen-Schweiz_5-768x511.jpg 768w, https:\/\/ahorn-camp.de\/wp-content\/uploads\/2020\/04\/Reisebericht_Wintercampen-Schweiz_5-800x533.jpg 800w\" sizes=\"(max-width: 600px) 100vw, 600px\" \/><\/a><\/p>\n<p>Sulla via per <a href=\"https:\/\/de.wikipedia.org\/wiki\/Julierpass\" target=\"_blank\" rel=\"noopener noreferrer\">Passo di Giogo<\/a>, un vero Eldorado per gli sciatori alpinisti, abbiamo fatto la spesa per i giorni a venire. Il tempo era splendido e sembrava che poco prima fosse caduta un po\u2019 di neve fresca. Arrivati al passo, abbiamo allacciato gli sci e ci siamo fatti un\u2019idea della zona e della neve. Dato che la giornata era gi\u00e0 a buon punto, il sole \u00e8 scomparso ben presto dietro le montagne e la temperatura \u00e8 scesa immediatamente. Siamo stati felici di ritrovarci al caldo nel Ahorn Camper. L\u00ec abbiamo mangiato qualcosa di caldo e poi abbiamo fatto dei piani.<\/p>\n<h5>Una questione di condizioni \u2013 Piz Benina o Piz Pal\u00fc<\/h5>\n<p>Sulla strada per St. Moritz, la nostra attenzione \u00e8 stata inevitabilmente attratta da <a href=\"https:\/\/de.wikipedia.org\/wiki\/Piz_Bernina\" target=\"_blank\" rel=\"noopener noreferrer\">Pizzo Bernina<\/a> e le montagne circostanti. Purtroppo le condizioni per uno sci tour sul Piz Bernina non erano abbastanza buone, ma forse sarebbero bastate per il Piz Pal\u00fc l\u00ec vicino? Il bollettino meteorologico prometteva bel tempo tra due giorni. Dopo esserci consultati con la gente del posto riguardo alle condizioni in montagna, decidemmo di provare. Abbiamo sfruttato il tempo rimanente per visitare alcuni spot fotografici nella zona e per sbrigare commissioni per l'imminente sci tour.<\/p>\n<p>&nbsp;<\/p>\n<p><a href=\"https:\/\/ahorn-camp.de\/wp-content\/uploads\/2020\/04\/Reisebericht_Wintercampen-Schweiz_4-e1587974173319.jpg\" target=\"_blank\" rel=\"noopener noreferrer\"><img decoding=\"async\" class=\"aligncenter wp-image-5541\" title=\"Campeggio invernale in Svizzera - In viaggio con Ahorn Camp\" src=\"https:\/\/ahorn-camp.de\/wp-content\/uploads\/2020\/04\/Reisebericht_Wintercampen-Schweiz_4-e1587974173319.jpg\" alt=\"\" width=\"600\" height=\"373\" srcset=\"https:\/\/ahorn-camp.de\/wp-content\/uploads\/2020\/04\/Reisebericht_Wintercampen-Schweiz_4-e1587974173319.jpg 1500w, https:\/\/ahorn-camp.de\/wp-content\/uploads\/2020\/04\/Reisebericht_Wintercampen-Schweiz_4-e1587974173319-300x187.jpg 300w, https:\/\/ahorn-camp.de\/wp-content\/uploads\/2020\/04\/Reisebericht_Wintercampen-Schweiz_4-e1587974173319-1024x637.jpg 1024w, https:\/\/ahorn-camp.de\/wp-content\/uploads\/2020\/04\/Reisebericht_Wintercampen-Schweiz_4-e1587974173319-768x478.jpg 768w, https:\/\/ahorn-camp.de\/wp-content\/uploads\/2020\/04\/Reisebericht_Wintercampen-Schweiz_4-e1587974173319-800x498.jpg 800w\" sizes=\"(max-width: 600px) 100vw, 600px\" \/><\/a><\/p>\n<hr \/>\n<blockquote>\n<p style=\"text-align: center;\">Una volta arrivati l\u00ec, eravamo improvvisamente soli in mezzo a questi giganti.<\/p>\n<\/blockquote>\n<hr \/>\n<div class=\"page\" title=\"Pagina 1\">\n<div class=\"section\">\n<div class=\"layoutArea\">\n<div class=\"column\">\n<p>Due giorni dopo ci siamo svegliati non lontano dal Passo del Bernina con il bel tempo \u2013 l'anticipazione era grande. Abbiamo fatto colazione rapidamente e subito dopo ci siamo diretti verso la stazione a valle della Diavolezza, dove abbiamo preso la prima funivia per la montagna. Arrivati alla stazione a monte della Diavolezza siamo rimasti esterrefatti dalla vista delle montagne \u2013 come in un'arena si susseguono cime rinomate. Prima di montare le pelli sugli sci, dobbiamo scendere per alcuni metri verso il ghiacciaio. Una volta arrivati l\u00ec eravamo improvvisamente soli in mezzo a questi giganti \u2013 solo altri due scialpinisti erano in giro, ma anche loro avevano un'altra meta per la giornata e presto lasciarono la nostra via. Legati con la corda, abbiamo marciato con gli sci ai piedi attraverso l'imponente crepaccio del ghiacciaio sempre pi\u00f9 verso la vetta. Presto raggiungiamo la spalla orientale del Piz Pal\u00fc e finalmente possiamo goderci il sole.<\/p>\n<\/div>\n<\/div>\n<\/div>\n<\/div>\n<div class=\"page\" title=\"Pagina 1\">\n<div class=\"section\">\n<div class=\"layoutArea\">\n<div class=\"column\">\n<h5>Il punto culminante: la salita al Pal\u00fc<\/h5>\n<p>Dopo una breve pausa e un piccolo spuntino, abbiamo ripreso il cammino. Lasciati gli sci in spalla, abbiamo proseguito con i ramponi ai piedi e la piccozza in mano. Non sarebbe stato possibile scendere dalla vetta con gli sci: il vento aveva causato pi\u00f9 danni lass\u00f9 di quanto si potesse vedere dalla valle, i versanti erano spazzati e privi di neve. La cresta, a tratti affilata come un rasoio, rappresenta sempre un punto culminante della salita al Pal\u00fc, e anche questa volta lo \u00e8 stata. Le condizioni sulla cresta erano ideali e cos\u00ec ben presto eravamo in vetta. Siamo stati davvero fortunati con il tempo: la visibilit\u00e0 era grandiosa con una quasi totale assenza di vento. Dopo aver goduto per poco tempo del panorama, siamo tornati agli sci. Temevamo che la discesa sulla neve lavorata dal vento sarebbe stata un tormento, ma con nostra sorpresa, abbiamo potuto scendere senza grandi problemi i pendii fino a Morteratsch. Un magnifico finale!<\/p>\n<p>Dato che sfortunatamente Lukas non ci accompagn\u00f2 quel giorno, ci aspettava gi\u00e0 con il camper al parcheggio. Questo ci venne molto comodo: poco dopo aver raggiunto la valle, arriv\u00f2 il previsto cambiamento del tempo e divenne freddo e umido. Non c'\u00e8 niente di meglio che rifugiarsi nel caldo camper.<\/p>\n<\/div>\n<\/div>\n<\/div>\n<\/div>\n<p><a href=\"https:\/\/ahorn-camp.de\/wp-content\/uploads\/2020\/04\/Reisebericht_Wintercampen-Schweiz_1.jpg\" target=\"_blank\" rel=\"noopener noreferrer\"><img decoding=\"async\" class=\"aligncenter wp-image-5538\" title=\"Campeggio invernale in Svizzera - In viaggio con Ahorn Camp\" src=\"https:\/\/ahorn-camp.de\/wp-content\/uploads\/2020\/04\/Reisebericht_Wintercampen-Schweiz_1.jpg\" alt=\"\" width=\"600\" height=\"400\" srcset=\"https:\/\/ahorn-camp.de\/wp-content\/uploads\/2020\/04\/Reisebericht_Wintercampen-Schweiz_1.jpg 1500w, https:\/\/ahorn-camp.de\/wp-content\/uploads\/2020\/04\/Reisebericht_Wintercampen-Schweiz_1-300x200.jpg 300w, https:\/\/ahorn-camp.de\/wp-content\/uploads\/2020\/04\/Reisebericht_Wintercampen-Schweiz_1-1024x683.jpg 1024w, https:\/\/ahorn-camp.de\/wp-content\/uploads\/2020\/04\/Reisebericht_Wintercampen-Schweiz_1-768x512.jpg 768w, https:\/\/ahorn-camp.de\/wp-content\/uploads\/2020\/04\/Reisebericht_Wintercampen-Schweiz_1-800x533.jpg 800w\" sizes=\"(max-width: 600px) 100vw, 600px\" \/><\/a><\/p>\n<hr \/>\n<blockquote>\n<p style=\"text-align: center;\">Siamo stati davvero fortunati con il tempo: la visibilit\u00e0 era grandiosa con quasi assenza di vento.<\/p>\n<\/blockquote>\n<hr \/>\n<div class=\"page\" title=\"Pagina 2\">\n<div class=\"section\">\n<div class=\"layoutArea\">\n<div class=\"column\">\n<p>Purtroppo nei giorni seguenti non abbiamo avuto molta fortuna con il tempo: pioveva a dirotto, purtroppo anche in alto, il che fece svanire lentamente i nostri piani di fare altre gite con gli sci. Tanto meglio era per\u00f2 viaggiare con un camper spazioso e caldo. Ogni giorno ci godevamo la cucina a 3 stelle nel camper - la sera, di tanto in tanto, c'era una o l'altra birra o anche un bicchiere di vino.<\/p>\n<\/div>\n<div class=\"column\">\n<h5>Andiamo a fare freeride a Engelberg<\/h5>\n<p>Dopo alcuni giorni, ci siamo diretti verso la Mecca del Freeride in Svizzera, Engelberg. L\u00ec il tempo prometteva di migliorare per qualche giorno e il comprensorio sciistico con le innumerevoli varianti freeride era abbastanza in alto da poter forse trovare un po' di neve fresca. Una volta arrivati, lo sconforto si fece subito sentire: la situazione della neve era pessima e anche il tempo non era dei migliori. Abbiamo fatto il check-in in un campeggio invernale e svuotato e riempito i serbatoi del nostro camper.<\/p>\n<p>Verso sera arriv\u00f2 il previsto miglioramento del tempo, che dur\u00f2 anche nei giorni successivi, permettendoci di trascorrere altri tre giorni di relax in montagna. Le condizioni della neve, purtroppo, non erano delle migliori, ma con un po' di intuito siamo comunque riusciti a trovare neve fresca e buona.<\/p>\n<p>E cos\u00ec, dopo di ci\u00f2, abbiamo potuto intraprendere il viaggio di ritorno con tranquillit\u00e0. All'inizio eravamo un po' scettici: campeggio invernale in Svizzera? Con il mezzo di trasporto giusto, un'esperienza decisamente indimenticabile!<\/p>\n<\/div>\n<\/div>\n<\/div>\n<\/div>\n<p>Siete interessati anche voi al campeggio invernale in Svizzera e desiderate saperne di pi\u00f9 sull'ACT 690 Plus e sui nostri altri camper? <a href=\"https:\/\/ahorn-camp.de\/it\/camper-ahorn\/\" target=\"_blank\" rel=\"noopener noreferrer\">Qui trover\u00e0 una panoramica dei nostri modelli.<\/a><\/p>\n<hr \/>\n<h6><u>Prossimo rapporto di viaggio<\/u><\/h6>\n<p><img loading=\"lazy\" decoding=\"async\" class=\"alignnone wp-image-4479 size-medium\" src=\"https:\/\/ahorn-camp.de\/wp-content\/uploads\/2020\/03\/CamperVan_Toskana-300x165.jpg\" alt=\"\" width=\"300\" height=\"165\" srcset=\"https:\/\/ahorn-camp.de\/wp-content\/uploads\/2020\/03\/CamperVan_Toskana-300x165.jpg 300w, https:\/\/ahorn-camp.de\/wp-content\/uploads\/2020\/03\/CamperVan_Toskana-1024x562.jpg 1024w, https:\/\/ahorn-camp.de\/wp-content\/uploads\/2020\/03\/CamperVan_Toskana-768x422.jpg 768w, https:\/\/ahorn-camp.de\/wp-content\/uploads\/2020\/03\/CamperVan_Toskana-800x439.jpg 800w, https:\/\/ahorn-camp.de\/wp-content\/uploads\/2020\/03\/CamperVan_Toskana.jpg 1240w\" sizes=\"(max-width: 300px) 100vw, 300px\" \/><\/p>\n<p><a href=\"https:\/\/ahorn-camp.de\/it\/con-il-camper-attraverso-la-toscana\/\" target=\"_blank\" rel=\"noopener noreferrer\">Con il camper in Toscana<\/a><\/p>","protected":false},"excerpt":{"rendered":"<p>All\u2019inizio di febbraio, Michael, Stefan e Lukas sono partiti con il nostro ACT 690 New Face Edition alla volta della Svizzera per praticare lo sci alpinismo. Il viaggio \u00e8 iniziato con il ritiro del camper presso la nostra sede centrale Ahorn Camp a Speyer sul Reno. Hanno caricato tutta l\u2019attrezzatura nel camper e sono partiti in tre alla volta dell\u2019Engadina, in Svizzera. A questo punto poteva avere inizio l\u2019avventura di due settimane intitolata \u201eCampeggio invernale in Svizzera\u201c. <\/p>","protected":false},"author":2,"featured_media":5546,"comment_status":"closed","ping_status":"closed","sticky":false,"template":"","format":"standard","meta":{"content-type":"","footnotes":""},"categories":[208],"tags":[],"class_list":["post-5551","post","type-post","status-publish","format-standard","has-post-thumbnail","hentry","category-blog"],"yoast_head":"<!-- This site is optimized with the Yoast SEO plugin v28.4 - https:\/\/yoast.com\/product\/yoast-seo-wordpress\/ -->\n<title>Wintercamping in der Schweiz - Ahorn Camp - Blog<\/title>\n<meta name=\"description\" content=\"Wintercamping in der Schweiz \u2013 Wir packten unser ganzes Equipment in den Camper und fuhren zu dritt los Richtung Engadin in der Schweiz.\" \/>\n<meta name=\"robots\" content=\"index, follow, max-snippet:-1, max-image-preview:large, max-video-preview:-1\" \/>\n<link rel=\"canonical\" href=\"https:\/\/ahorn-camp.de\/it\/campeggio-invernale-in-svizzera\/\" \/>\n<meta property=\"og:locale\" content=\"it_IT\" \/>\n<meta property=\"og:type\" content=\"article\" \/>\n<meta property=\"og:title\" content=\"Mit dem Camper Van durch die Toskana\" \/>\n<meta property=\"og:description\" content=\"Mit dem Camper Van durch die Toskana und die abwechslungsreiche Natur erleben. Ein Reisebericht \u00fcber die wundersch\u00f6ne Landschaft der Toskana.\" \/>\n<meta property=\"og:url\" content=\"https:\/\/ahorn-camp.de\/it\/campeggio-invernale-in-svizzera\/\" \/>\n<meta property=\"og:site_name\" content=\"Ahorn Camp | Reisemobile und Kastenwagen\" \/>\n<meta property=\"article:publisher\" content=\"https:\/\/www.facebook.com\/ahorn.wohnmobile\/\" \/>\n<meta property=\"article:published_time\" content=\"2020-04-28T06:45:14+00:00\" \/>\n<meta property=\"article:modified_time\" content=\"2021-12-08T12:46:25+00:00\" \/>\n<meta name=\"author\" content=\"ahorn_admin\" \/>\n<meta name=\"twitter:card\" content=\"summary_large_image\" \/>\n<meta name=\"twitter:title\" content=\"Mit dem Camper Van durch die Toskana\" \/>\n<meta name=\"twitter:description\" content=\"Mit dem Camper Van durch die Toskana und die abwechslungsreiche Natur erleben. Ein Reisebericht \u00fcber die wundersch\u00f6ne Landschaft der Toskana.\" \/>\n<meta name=\"twitter:label1\" content=\"Scritto da\" \/>\n\t<meta name=\"twitter:data1\" content=\"ahorn_admin\" \/>\n\t<meta name=\"twitter:label2\" content=\"Tempo di lettura stimato\" \/>\n\t<meta name=\"twitter:data2\" content=\"5 minuti\" \/>\n<script type=\"application\/ld+json\" class=\"yoast-schema-graph\">{\"@context\":\"https:\\\/\\\/schema.org\",\"@graph\":[{\"@type\":\"Article\",\"@id\":\"https:\\\/\\\/ahorn-camp.de\\\/wintercamping-in-der-schweiz\\\/#article\",\"isPartOf\":{\"@id\":\"https:\\\/\\\/ahorn-camp.de\\\/wintercamping-in-der-schweiz\\\/\"},\"author\":{\"name\":\"ahorn_admin\",\"@id\":\"https:\\\/\\\/ahorn-camp.de\\\/#\\\/schema\\\/person\\\/9b60761ba82d5cb8e6db215a88925044\"},\"headline\":\"Wintercamping in der Schweiz\",\"datePublished\":\"2020-04-28T06:45:14+00:00\",\"dateModified\":\"2021-12-08T12:46:25+00:00\",\"mainEntityOfPage\":{\"@id\":\"https:\\\/\\\/ahorn-camp.de\\\/wintercamping-in-der-schweiz\\\/\"},\"wordCount\":974,\"publisher\":{\"@id\":\"https:\\\/\\\/ahorn-camp.de\\\/#organization\"},\"image\":{\"@id\":\"https:\\\/\\\/ahorn-camp.de\\\/wintercamping-in-der-schweiz\\\/#primaryimage\"},\"thumbnailUrl\":\"https:\\\/\\\/ahorn-camp.de\\\/wp-content\\\/uploads\\\/2020\\\/04\\\/Reisebericht_Wintercampen-Schweiz_Ahorn.jpg\",\"articleSection\":[\"Blog\"],\"inLanguage\":\"it-IT\"},{\"@type\":\"WebPage\",\"@id\":\"https:\\\/\\\/ahorn-camp.de\\\/wintercamping-in-der-schweiz\\\/\",\"url\":\"https:\\\/\\\/ahorn-camp.de\\\/wintercamping-in-der-schweiz\\\/\",\"name\":\"Wintercamping in der Schweiz - Ahorn Camp - Blog\",\"isPartOf\":{\"@id\":\"https:\\\/\\\/ahorn-camp.de\\\/#website\"},\"primaryImageOfPage\":{\"@id\":\"https:\\\/\\\/ahorn-camp.de\\\/wintercamping-in-der-schweiz\\\/#primaryimage\"},\"image\":{\"@id\":\"https:\\\/\\\/ahorn-camp.de\\\/wintercamping-in-der-schweiz\\\/#primaryimage\"},\"thumbnailUrl\":\"https:\\\/\\\/ahorn-camp.de\\\/wp-content\\\/uploads\\\/2020\\\/04\\\/Reisebericht_Wintercampen-Schweiz_Ahorn.jpg\",\"datePublished\":\"2020-04-28T06:45:14+00:00\",\"dateModified\":\"2021-12-08T12:46:25+00:00\",\"description\":\"Wintercamping in der Schweiz \u2013 Wir packten unser ganzes Equipment in den Camper und fuhren zu dritt los Richtung Engadin in der Schweiz.\",\"breadcrumb\":{\"@id\":\"https:\\\/\\\/ahorn-camp.de\\\/wintercamping-in-der-schweiz\\\/#breadcrumb\"},\"inLanguage\":\"it-IT\",\"potentialAction\":[{\"@type\":\"ReadAction\",\"target\":[\"https:\\\/\\\/ahorn-camp.de\\\/wintercamping-in-der-schweiz\\\/\"]}]},{\"@type\":\"ImageObject\",\"inLanguage\":\"it-IT\",\"@id\":\"https:\\\/\\\/ahorn-camp.de\\\/wintercamping-in-der-schweiz\\\/#primaryimage\",\"url\":\"https:\\\/\\\/ahorn-camp.de\\\/wp-content\\\/uploads\\\/2020\\\/04\\\/Reisebericht_Wintercampen-Schweiz_Ahorn.jpg\",\"contentUrl\":\"https:\\\/\\\/ahorn-camp.de\\\/wp-content\\\/uploads\\\/2020\\\/04\\\/Reisebericht_Wintercampen-Schweiz_Ahorn.jpg\",\"width\":1500,\"height\":1000},{\"@type\":\"BreadcrumbList\",\"@id\":\"https:\\\/\\\/ahorn-camp.de\\\/wintercamping-in-der-schweiz\\\/#breadcrumb\",\"itemListElement\":[{\"@type\":\"ListItem\",\"position\":1,\"name\":\"Startseite\",\"item\":\"https:\\\/\\\/ahorn-camp.de\\\/\"},{\"@type\":\"ListItem\",\"position\":2,\"name\":\"Wintercamping in der Schweiz\"}]},{\"@type\":\"WebSite\",\"@id\":\"https:\\\/\\\/ahorn-camp.de\\\/#website\",\"url\":\"https:\\\/\\\/ahorn-camp.de\\\/\",\"name\":\"Ahorn Camp | Reisemobile und Kastenwagen\",\"description\":\"Seit \u00fcber 30 Jahren vermarktet das Familienunternehmen, Ahorn Camp in Speyer, erfolgreich Wohnmobile und Kastenwagen zum besten Preis-Leistungsverh\u00e4ltnis.\",\"publisher\":{\"@id\":\"https:\\\/\\\/ahorn-camp.de\\\/#organization\"},\"potentialAction\":[{\"@type\":\"SearchAction\",\"target\":{\"@type\":\"EntryPoint\",\"urlTemplate\":\"https:\\\/\\\/ahorn-camp.de\\\/?s={search_term_string}\"},\"query-input\":{\"@type\":\"PropertyValueSpecification\",\"valueRequired\":true,\"valueName\":\"search_term_string\"}}],\"inLanguage\":\"it-IT\"},{\"@type\":\"Organization\",\"@id\":\"https:\\\/\\\/ahorn-camp.de\\\/#organization\",\"name\":\"Ahorn Camp GmbH & Co. KG\",\"url\":\"https:\\\/\\\/ahorn-camp.de\\\/\",\"logo\":{\"@type\":\"ImageObject\",\"inLanguage\":\"it-IT\",\"@id\":\"https:\\\/\\\/ahorn-camp.de\\\/#\\\/schema\\\/logo\\\/image\\\/\",\"url\":\"https:\\\/\\\/ahorn-camp.de\\\/wp-content\\\/uploads\\\/2018\\\/12\\\/Ahorn_Logo.jpg\",\"contentUrl\":\"https:\\\/\\\/ahorn-camp.de\\\/wp-content\\\/uploads\\\/2018\\\/12\\\/Ahorn_Logo.jpg\",\"width\":1437,\"height\":1000,\"caption\":\"Ahorn Camp GmbH & Co. KG\"},\"image\":{\"@id\":\"https:\\\/\\\/ahorn-camp.de\\\/#\\\/schema\\\/logo\\\/image\\\/\"},\"sameAs\":[\"https:\\\/\\\/www.facebook.com\\\/ahorn.wohnmobile\\\/\",\"https:\\\/\\\/www.instagram.com\\\/ahorn.camp\\\/\",\"https:\\\/\\\/www.youtube.com\\\/channel\\\/UCPFbPCts1JJ_A1k9vyH0yOQ\"]},{\"@type\":\"Person\",\"@id\":\"https:\\\/\\\/ahorn-camp.de\\\/#\\\/schema\\\/person\\\/9b60761ba82d5cb8e6db215a88925044\",\"name\":\"ahorn_admin\",\"image\":{\"@type\":\"ImageObject\",\"inLanguage\":\"it-IT\",\"@id\":\"https:\\\/\\\/secure.gravatar.com\\\/avatar\\\/d96b9a078083b0c14cee48589feadd939c3cdd66547e2f3f1569470371daaaa5?s=96&d=mm&r=g\",\"url\":\"https:\\\/\\\/secure.gravatar.com\\\/avatar\\\/d96b9a078083b0c14cee48589feadd939c3cdd66547e2f3f1569470371daaaa5?s=96&d=mm&r=g\",\"contentUrl\":\"https:\\\/\\\/secure.gravatar.com\\\/avatar\\\/d96b9a078083b0c14cee48589feadd939c3cdd66547e2f3f1569470371daaaa5?s=96&d=mm&r=g\",\"caption\":\"ahorn_admin\"},\"sameAs\":[\"http:\\\/\\\/Ahorn%20Camp\"],\"url\":\"https:\\\/\\\/ahorn-camp.de\\\/it\\\/author\\\/ahorn_admin\\\/\"}]}<\/script>\n<!-- \/ Yoast SEO plugin. -->","yoast_head_json":{"title":"Campeggio invernale in Svizzera - Ahorn Camp - Blog","description":"Campeggio invernale in Svizzera \u2013 Abbiamo caricato tutta la nostra attrezzatura nel camper e siamo partiti in tre per l'Engadina, in Svizzera.","robots":{"index":"index","follow":"follow","max-snippet":"max-snippet:-1","max-image-preview":"max-image-preview:large","max-video-preview":"max-video-preview:-1"},"canonical":"https:\/\/ahorn-camp.de\/it\/campeggio-invernale-in-svizzera\/","og_locale":"it_IT","og_type":"article","og_title":"Mit dem Camper Van durch die Toskana","og_description":"Mit dem Camper Van durch die Toskana und die abwechslungsreiche Natur erleben. Ein Reisebericht \u00fcber die wundersch\u00f6ne Landschaft der Toskana.","og_url":"https:\/\/ahorn-camp.de\/it\/campeggio-invernale-in-svizzera\/","og_site_name":"Ahorn Camp | Reisemobile und Kastenwagen","article_publisher":"https:\/\/www.facebook.com\/ahorn.wohnmobile\/","article_published_time":"2020-04-28T06:45:14+00:00","article_modified_time":"2021-12-08T12:46:25+00:00","author":"ahorn_admin","twitter_card":"summary_large_image","twitter_title":"Mit dem Camper Van durch die Toskana","twitter_description":"Mit dem Camper Van durch die Toskana und die abwechslungsreiche Natur erleben. Ein Reisebericht \u00fcber die wundersch\u00f6ne Landschaft der Toskana.","twitter_misc":{"Scritto da":"ahorn_admin","Tempo di lettura stimato":"5 minuti"},"schema":{"@context":"https:\/\/schema.org","@graph":[{"@type":"Article","@id":"https:\/\/ahorn-camp.de\/wintercamping-in-der-schweiz\/#article","isPartOf":{"@id":"https:\/\/ahorn-camp.de\/wintercamping-in-der-schweiz\/"},"author":{"name":"ahorn_admin","@id":"https:\/\/ahorn-camp.de\/#\/schema\/person\/9b60761ba82d5cb8e6db215a88925044"},"headline":"Wintercamping in der Schweiz","datePublished":"2020-04-28T06:45:14+00:00","dateModified":"2021-12-08T12:46:25+00:00","mainEntityOfPage":{"@id":"https:\/\/ahorn-camp.de\/wintercamping-in-der-schweiz\/"},"wordCount":974,"publisher":{"@id":"https:\/\/ahorn-camp.de\/#organization"},"image":{"@id":"https:\/\/ahorn-camp.de\/wintercamping-in-der-schweiz\/#primaryimage"},"thumbnailUrl":"https:\/\/ahorn-camp.de\/wp-content\/uploads\/2020\/04\/Reisebericht_Wintercampen-Schweiz_Ahorn.jpg","articleSection":["Blog"],"inLanguage":"it-IT"},{"@type":"WebPage","@id":"https:\/\/ahorn-camp.de\/wintercamping-in-der-schweiz\/","url":"https:\/\/ahorn-camp.de\/wintercamping-in-der-schweiz\/","name":"Campeggio invernale in Svizzera - Ahorn Camp - Blog","isPartOf":{"@id":"https:\/\/ahorn-camp.de\/#website"},"primaryImageOfPage":{"@id":"https:\/\/ahorn-camp.de\/wintercamping-in-der-schweiz\/#primaryimage"},"image":{"@id":"https:\/\/ahorn-camp.de\/wintercamping-in-der-schweiz\/#primaryimage"},"thumbnailUrl":"https:\/\/ahorn-camp.de\/wp-content\/uploads\/2020\/04\/Reisebericht_Wintercampen-Schweiz_Ahorn.jpg","datePublished":"2020-04-28T06:45:14+00:00","dateModified":"2021-12-08T12:46:25+00:00","description":"Campeggio invernale in Svizzera \u2013 Abbiamo caricato tutta la nostra attrezzatura nel camper e siamo partiti in tre per l'Engadina, in Svizzera.","breadcrumb":{"@id":"https:\/\/ahorn-camp.de\/wintercamping-in-der-schweiz\/#breadcrumb"},"inLanguage":"it-IT","potentialAction":[{"@type":"ReadAction","target":["https:\/\/ahorn-camp.de\/wintercamping-in-der-schweiz\/"]}]},{"@type":"ImageObject","inLanguage":"it-IT","@id":"https:\/\/ahorn-camp.de\/wintercamping-in-der-schweiz\/#primaryimage","url":"https:\/\/ahorn-camp.de\/wp-content\/uploads\/2020\/04\/Reisebericht_Wintercampen-Schweiz_Ahorn.jpg","contentUrl":"https:\/\/ahorn-camp.de\/wp-content\/uploads\/2020\/04\/Reisebericht_Wintercampen-Schweiz_Ahorn.jpg","width":1500,"height":1000},{"@type":"BreadcrumbList","@id":"https:\/\/ahorn-camp.de\/wintercamping-in-der-schweiz\/#breadcrumb","itemListElement":[{"@type":"ListItem","position":1,"name":"Startseite","item":"https:\/\/ahorn-camp.de\/"},{"@type":"ListItem","position":2,"name":"Wintercamping in der Schweiz"}]},{"@type":"WebSite","@id":"https:\/\/ahorn-camp.de\/#website","url":"https:\/\/ahorn-camp.de\/","name":"Ahorn Camp | Camper e furgonati","description":"Da oltre 30 anni l'azienda a conduzione familiare, Ahorn Camp a Speyer, commercializza con successo camper e furgoni al miglior rapporto qualit\u00e0-prezzo.","publisher":{"@id":"https:\/\/ahorn-camp.de\/#organization"},"potentialAction":[{"@type":"SearchAction","target":{"@type":"EntryPoint","urlTemplate":"https:\/\/ahorn-camp.de\/?s={search_term_string}"},"query-input":{"@type":"PropertyValueSpecification","valueRequired":true,"valueName":"search_term_string"}}],"inLanguage":"it-IT"},{"@type":"Organization","@id":"https:\/\/ahorn-camp.de\/#organization","name":"Ahorn Camp GmbH &amp; Co. KG","url":"https:\/\/ahorn-camp.de\/","logo":{"@type":"ImageObject","inLanguage":"it-IT","@id":"https:\/\/ahorn-camp.de\/#\/schema\/logo\/image\/","url":"https:\/\/ahorn-camp.de\/wp-content\/uploads\/2018\/12\/Ahorn_Logo.jpg","contentUrl":"https:\/\/ahorn-camp.de\/wp-content\/uploads\/2018\/12\/Ahorn_Logo.jpg","width":1437,"height":1000,"caption":"Ahorn Camp GmbH & Co. KG"},"image":{"@id":"https:\/\/ahorn-camp.de\/#\/schema\/logo\/image\/"},"sameAs":["https:\/\/www.facebook.com\/ahorn.wohnmobile\/","https:\/\/www.instagram.com\/ahorn.camp\/","https:\/\/www.youtube.com\/channel\/UCPFbPCts1JJ_A1k9vyH0yOQ"]},{"@type":"Person","@id":"https:\/\/ahorn-camp.de\/#\/schema\/person\/9b60761ba82d5cb8e6db215a88925044","name":"ahorn_admin","image":{"@type":"ImageObject","inLanguage":"it-IT","@id":"https:\/\/secure.gravatar.com\/avatar\/d96b9a078083b0c14cee48589feadd939c3cdd66547e2f3f1569470371daaaa5?s=96&d=mm&r=g","url":"https:\/\/secure.gravatar.com\/avatar\/d96b9a078083b0c14cee48589feadd939c3cdd66547e2f3f1569470371daaaa5?s=96&d=mm&r=g","contentUrl":"https:\/\/secure.gravatar.com\/avatar\/d96b9a078083b0c14cee48589feadd939c3cdd66547e2f3f1569470371daaaa5?s=96&d=mm&r=g","caption":"ahorn_admin"},"sameAs":["http:\/\/Ahorn%20Camp"],"url":"https:\/\/ahorn-camp.de\/it\/author\/ahorn_admin\/"}]}},"_links":{"self":[{"href":"https:\/\/ahorn-camp.de\/it\/wp-json\/wp\/v2\/posts\/5551","targetHints":{"allow":["GET"]}}],"collection":[{"href":"https:\/\/ahorn-camp.de\/it\/wp-json\/wp\/v2\/posts"}],"about":[{"href":"https:\/\/ahorn-camp.de\/it\/wp-json\/wp\/v2\/types\/post"}],"author":[{"embeddable":true,"href":"https:\/\/ahorn-camp.de\/it\/wp-json\/wp\/v2\/users\/2"}],"replies":[{"embeddable":true,"href":"https:\/\/ahorn-camp.de\/it\/wp-json\/wp\/v2\/comments?post=5551"}],"version-history":[{"count":0,"href":"https:\/\/ahorn-camp.de\/it\/wp-json\/wp\/v2\/posts\/5551\/revisions"}],"wp:featuredmedia":[{"embeddable":true,"href":"https:\/\/ahorn-camp.de\/it\/wp-json\/wp\/v2\/media\/5546"}],"wp:attachment":[{"href":"https:\/\/ahorn-camp.de\/it\/wp-json\/wp\/v2\/media?parent=5551"}],"wp:term":[{"taxonomy":"category","embeddable":true,"href":"https:\/\/ahorn-camp.de\/it\/wp-json\/wp\/v2\/categories?post=5551"},{"taxonomy":"post_tag","embeddable":true,"href":"https:\/\/ahorn-camp.de\/it\/wp-json\/wp\/v2\/tags?post=5551"}],"curies":[{"name":"wp","href":"https:\/\/api.w.org\/{rel}","templated":true}]}}