{"id":4794,"date":"2020-03-23T15:54:22","date_gmt":"2020-03-23T14:54:22","guid":{"rendered":"https:\/\/ahorn-camp.de\/?p=4794"},"modified":"2022-04-25T16:04:18","modified_gmt":"2022-04-25T14:04:18","slug":"vacanza-allinsegna-della-protezione-del-clima","status":"publish","type":"post","link":"https:\/\/ahorn-camp.de\/it\/urlaub-im-zeichen-des-klimaschutzes\/","title":{"rendered":"Vacanze all'insegna della protezione del clima"},"content":{"rendered":"<p><img fetchpriority=\"high\" decoding=\"async\" class=\"wp-image-4876 size-full aligncenter\" src=\"https:\/\/ahorn-camp.de\/wp-content\/uploads\/2020\/03\/DSC_0351-scaled-e1585245553147.jpg\" alt=\"\" width=\"2560\" height=\"1619\" \/><\/p>\n<p><strong>Vacanze all'insegna della protezione del clima diventano sempre pi\u00f9 importanti per molti. Soprattutto ora che la stagione delle vacanze si avvicina e si inizia a pianificare i viaggi. Dove andare in vacanza? <\/strong>Nei paesi vicini europei, ai Caraibi, o forse meglio esplorare la Germania? Inoltre, c'\u00e8 anche la domanda su come viaggiare. In aereo, in nave da crociera o in treno?<br \/>\nDomande su domande, che ci impegnano continuamente. Naturalmente, oltre alle preferenze personali, cresce sempre di pi\u00f9 anche la componente della sostenibilit\u00e0 nella pianificazione delle vacanze. Come posso ridurre le mie emissioni di CO2, soprattutto durante il periodo delle vacanze? Volare in aereo o soggiornare in un hotel \u00e8 davvero cos\u00ec dannoso per l'ambiente?<\/p>\n<h6><strong>Per i viaggi sostenibili si intendono viaggi che tengono conto del loro impatto ambientale, sociale ed economico attuale e futuro.<\/strong><\/h6>\n<p>Con ci\u00f2 si intende un adattamento olistico delle proprie abitudini di viaggio, non solo il passaggio dall'aereo al treno. Dovrebbe diventare uno stile di vita e non solo una tendenza stagionale.<\/p>\n<p>Sapevi che un volo da Berlino a Maiorca ha statisticamente lo stesso impatto climatico di un'auto in circolazione per sei mesi? Nel frattempo, il danno climatico causato da un viaggio aereo pu\u00f2 essere compensato con un calcolo di CO2 (ad esempio tramite il <a href=\"https:\/\/uba.co2-rechner.de\/de_DE\/mobility-travel#panel-calc\" target=\"_blank\" rel=\"noopener noreferrer\">Umweltbundesamt<\/a>) determinare. Inoltre, si pu\u00f2 far convertire il danno subito in una somma di denaro (ad esempio tramite <a href=\"https:\/\/de.myclimate.org\/de\/\" target=\"_blank\" rel=\"noopener noreferrer\">myClimate<\/a>e poi donarlo a un progetto di protezione del clima.<\/p>\n<hr \/>\n<blockquote>\n<p style=\"text-align: center;\">Il viaggio sostenibile dovrebbe diventare uno stile di vita, non solo una tendenza stagionale.<\/p>\n<\/blockquote>\n<hr \/>\n<h6><strong>Anche nella scelta dell'hotel, ci sono alcune insidie climatiche che attendono il viaggiatore.<\/strong><\/h6>\n<p>Oltre all'enorme consumo di energia dovuto ai condizionatori, una cucina in funzione 24 ore su 24 e gli impianti per la piscina con cloro, si aggiungono montagne di biancheria che devono essere pulite quotidianamente. Inoltre, i diversi buffet sono allestiti in modo cos\u00ec opulento che molti cibi devono poi essere buttati via. Pertanto, \u00e8 bene prestare attenzione a prenotare alloggi in catene alberghiere sostenibili o a sostenere piccoli alberghi locali, poich\u00e9 questi puntano sempre pi\u00f9 sulla sostenibilit\u00e0. \u00c8 necessario informarsi attentamente prima di prenotare.<\/p>\n<p>Durante il tuo soggiorno nella tua destinazione, dovresti assolutamente immergerti nella natura e nella cultura locali. Ad esempio, prenota solo la mezza pensione per sostenere i ristoranti locali e parla con la gente del posto. Visita luoghi lontani dalle zone turistiche e scopri di pi\u00f9 sul paese e sulle persone che ci vivono. Forse ci sono progetti di protezione del clima o organizzazioni di beneficenza in loco che puoi visitare e sostenere.<\/p>\n<p>Anche le abitudini alimentari dovrebbero essere adattate alla destinazione di viaggio. Cibi regionali e nessun prodotto di carne importato dovrebbero far parte del piano alimentare quotidiano in vacanza. Soprattutto le vacanze in arcipelaghi sono raramente rispettose del clima, poich\u00e9 tutti i prodotti devono essere importati via aerea e trasportati via nave.<\/p>\n<p><img decoding=\"async\" class=\"alignnone size-full wp-image-4806\" src=\"https:\/\/ahorn-camp.de\/wp-content\/uploads\/2020\/03\/Nachhaltig-Reisen.jpg\" alt=\"\" width=\"2000\" height=\"912\" srcset=\"https:\/\/ahorn-camp.de\/wp-content\/uploads\/2020\/03\/Nachhaltig-Reisen.jpg 2000w, https:\/\/ahorn-camp.de\/wp-content\/uploads\/2020\/03\/Nachhaltig-Reisen-300x137.jpg 300w, https:\/\/ahorn-camp.de\/wp-content\/uploads\/2020\/03\/Nachhaltig-Reisen-1024x467.jpg 1024w, https:\/\/ahorn-camp.de\/wp-content\/uploads\/2020\/03\/Nachhaltig-Reisen-768x350.jpg 768w, https:\/\/ahorn-camp.de\/wp-content\/uploads\/2020\/03\/Nachhaltig-Reisen-1536x700.jpg 1536w, https:\/\/ahorn-camp.de\/wp-content\/uploads\/2020\/03\/Nachhaltig-Reisen-800x365.jpg 800w\" sizes=\"(max-width: 2000px) 100vw, 2000px\" \/><\/p>\n<hr \/>\n<blockquote>\n<p style=\"text-align: center;\">Posso fare una vacanza sostenibile in camper?<\/p>\n<\/blockquote>\n<hr \/>\n<p>Ma la pianificazione delle vacanze con un <a href=\"https:\/\/ahorn-camp.de\/it\/camper-ahorn\/\" target=\"_blank\" rel=\"noopener noreferrer\">Camper<\/a> molto pi\u00f9 sostenibile? Anche qui si producono gas di scarico che vengono costantemente valutati negativamente dagli esperti.<br \/>\nIn un'epoca di divieti di circolazione e mobilit\u00e0 elettrica, un camper non potrebbe essere pi\u00f9 ecologico? S\u00ec, ma bisogna tenere conto di alcune importanti cose per una vacanza all'insegna della protezione del clima. Abbiamo raccolto le pi\u00f9 importanti qui di seguito.<\/p>\n<p><img decoding=\"async\" class=\"wp-image-4887\" src=\"https:\/\/ahorn-camp.de\/wp-content\/uploads\/2020\/03\/gutes-1.jpg\" alt=\"Pianificazione del viaggio \" width=\"422\" height=\"282\" srcset=\"https:\/\/ahorn-camp.de\/wp-content\/uploads\/2020\/03\/gutes-1.jpg 1505w, https:\/\/ahorn-camp.de\/wp-content\/uploads\/2020\/03\/gutes-1-300x201.jpg 300w, https:\/\/ahorn-camp.de\/wp-content\/uploads\/2020\/03\/gutes-1-1024x684.jpg 1024w, https:\/\/ahorn-camp.de\/wp-content\/uploads\/2020\/03\/gutes-1-768x513.jpg 768w, https:\/\/ahorn-camp.de\/wp-content\/uploads\/2020\/03\/gutes-1-800x535.jpg 800w\" sizes=\"(max-width: 422px) 100vw, 422px\" \/><\/p>\n<h6><strong>Pianificazione dettagliata del viaggio<\/strong><\/h6>\n<p>Questo punto pu\u00f2 sembrare inizialmente banale, perch\u00e9 logico. Certo, so dove voglio andare, cosa voglio vedere e quali percorsi utilizzer\u00f2. Tuttavia, si finisce spesso per percorrere itinerari pi\u00f9 lunghi del previsto se non si segue esattamente il percorso pianificato. Naturalmente, il fascino della vacanza in camper sta nella spontaneit\u00e0 e nella possibilit\u00e0 di raggiungere destinazioni impreviste. Questo \u00e8 incoraggiato, ma \u00e8 necessario creare un equilibrio, come saltare un'altra destinazione o rimanere un giorno in pi\u00f9 in un bel posto. Una vacanza in camper significa anche rallentare. Pertanto, \u00e8 meglio pianificare itinerari brevi e poi rimanere pi\u00f9 a lungo nei luoghi desiderati, esplorandoli a piedi o in bicicletta.<\/p>\n<h6 style=\"text-align: left;\"><strong>Guida a risparmio di carburante<\/strong><\/h6>\n<p style=\"text-align: left;\">Oltre ai brevi tragitti, ci sono altri fattori che possono contribuire a una guida parsimoniosa. Per un camper, il peso gioca un ruolo importante. Ma questo pu\u00f2 essere facilmente controllato con piccoli accorgimenti. In primo luogo, naturalmente, bisogna prestare attenzione al peso del carico. Ad esempio, si pu\u00f2 risparmiare sul vasellame utilizzando stoviglie leggere di plastica. Inoltre, si dovrebbe imballare solo ci\u00f2 che \u00e8 necessario per la vacanza. Anche i bambini devono rinunciare a giocattoli preferiti che non avrebbero trovato posto nemmeno in aereo. Pertanto, non bisogna lasciarsi tentare dallo spazio disponibile. Anche un serbatoio dell'acqua riempito a met\u00e0 consente di risparmiare peso. Una volta raggiunta la destinazione, pu\u00f2 essere riempito secondo necessit\u00e0. Anche la pressione degli pneumatici pu\u00f2 avere un impatto positivo sul consumo di carburante. Questa dovrebbe essere adattata al carico totale e alle condizioni stradali.<\/p>\n<h6 style=\"text-align: left;\"><strong>Utilizzare l'aria condizionata al minimo<\/strong><\/h6>\n<p style=\"text-align: left;\">Con 40 gradi di temperatura esterna, questo \u00e8 sicuramente pi\u00f9 facile a dirsi che a farsi, ma \u00e8 un buon punto di partenza per minimizzare la propria impronta ecologica. Pertanto, \u00e8 meglio aspettare le ore pi\u00f9 fresche del mattino e aerare solo allora. Va notato che le temperature dopo il tramonto sono ancora troppo calde, poich\u00e9 la terra si \u00e8 riscaldata per tutto il giorno e irradia ancora calore residuo. Il periodo pi\u00f9 freddo \u00e8 circa 1 ora prima dell'alba. Cercate anche di parcheggiare e sostare il pi\u00f9 possibile durante il giorno all'ombra e vicino a specchi d'acqua. In questo modo si pu\u00f2 ridurre al minimo il riscaldamento dell'abitacolo del vostro camper.<\/p>\n<hr \/>\n<blockquote>\n<p style=\"text-align: center;\">Aspetta le ore pi\u00f9 fresche del mattino e ventila solo allora.<\/p>\n<hr \/>\n<\/blockquote>\n<h6 style=\"text-align: left;\"><strong>Prevenire \u00e8 meglio che curare<\/strong><\/h6>\n<p style=\"text-align: left;\">I vantaggi di un camper sono evidenti. Puoi caricare tutta la tua casa direttamente da casa e partire. Non c'\u00e8 limite ai giocattoli, dato che c'\u00e8 abbastanza spazio. Ma attenzione, \u00e8 qui che si nasconde l'insidia. Non solo il camper si sovraccarica rapidamente, ma anche il consumo di carburante aumenta con il crescente carico del tuo veicolo. Tutto dovrebbe essere ridotto al minimo indispensabile. Inoltre, dovresti anche assicurarti che il serbatoio dell'acqua dolce non sia pieno fino all'orlo, ma riempito solo a met\u00e0. Questo pu\u00f2 essere riempito, se necessario, una volta raggiunto il tuo destino.<\/p>\n<h6 style=\"text-align: left;\"><strong>Parcheggiare con consapevolezza ambientale<\/strong><\/h6>\n<p style=\"text-align: left;\">In generale, \u00e8 meglio per la natura utilizzare strade e parcheggi. Questi sono stati creati per proteggere la nostra natura. Pertanto, si dovrebbe scegliere consapevolmente il percorso e il posto auto. Inoltre, in molti paesi \u00e8 vietato il campeggio libero con un camper. In generale, ci si dovrebbe attenere alle piazzole designate, poich\u00e9 offrono anche l'infrastruttura necessaria come lo smaltimento dei rifiuti e l'elettricit\u00e0. La natura si esplora al meglio a piedi, dopotutto.<\/p>\n<p style=\"text-align: left;\"><strong><img loading=\"lazy\" decoding=\"async\" class=\"alignleft wp-image-4810\" title=\"Vacanze all&#039;insegna della protezione del clima\" src=\"https:\/\/ahorn-camp.de\/wp-content\/uploads\/2020\/03\/regional-einkaufen.jpg\" alt=\"Vacanze all&#039;insegna della protezione del clima\" width=\"604\" height=\"402\" srcset=\"https:\/\/ahorn-camp.de\/wp-content\/uploads\/2020\/03\/regional-einkaufen.jpg 2000w, https:\/\/ahorn-camp.de\/wp-content\/uploads\/2020\/03\/regional-einkaufen-300x200.jpg 300w, https:\/\/ahorn-camp.de\/wp-content\/uploads\/2020\/03\/regional-einkaufen-1024x682.jpg 1024w, https:\/\/ahorn-camp.de\/wp-content\/uploads\/2020\/03\/regional-einkaufen-768x512.jpg 768w, https:\/\/ahorn-camp.de\/wp-content\/uploads\/2020\/03\/regional-einkaufen-1536x1024.jpg 1536w, https:\/\/ahorn-camp.de\/wp-content\/uploads\/2020\/03\/regional-einkaufen-800x533.jpg 800w\" sizes=\"(max-width: 604px) 100vw, 604px\" \/><\/strong><\/p>\n<h6 style=\"text-align: left;\"><strong>Prodotti locali <\/strong><strong> comprare<\/strong><\/h6>\n<p style=\"text-align: left;\">Cosa c'\u00e8 di pi\u00f9 bello che passeggiare per il mercato settimanale locale durante il mattino della propria meta di vacanza, scoprire nuovi prodotti e acquistare frutta e verdura fresca direttamente dal produttore. Inoltre, si evita l'importazione di prodotti, riducendo cos\u00ec anche le emissioni di CO2. A questo punto, si pu\u00f2 anche rinunciare volentieri alle amate specialit\u00e0 locali durante una vacanza. Inoltre, si supportano cos\u00ec le imprese locali, il che contribuisce anch'esso alla sostenibilit\u00e0, soprattutto durante una vacanza all'insegna della protezione del clima.<\/p>\n<h6 style=\"text-align: left;\"><strong>Razionare il cibo<\/strong><\/h6>\n<p style=\"text-align: left;\">Acquistare cibo in modo consapevole \u00e8 particolarmente importante quando si viaggia in camper. Soprattutto perch\u00e9 lo spazio limitato nella maggior parte dei camper non consente grandi scorte. Pertanto, \u00e8 meglio acquistare quantit\u00e0 pi\u00f9 piccole e, se necessario, creare un piano alimentare per 3-4 giorni. In generale, dovresti preparare i pasti in modo pi\u00f9 consapevole. Piatti che possono essere preparati, ad esempio, in una sola padella o in una sola pentola aiutano in questo. Oppure si pu\u00f2 cucinare in anticipo per 2 giorni. In questo modo, la quantit\u00e0 di stoviglie da lavare pu\u00f2 essere ridotta e si risparmia molta acqua.<\/p>\n<h6 style=\"text-align: left;\"><strong>Smaltimento dei rifiuti<\/strong><\/h6>\n<p style=\"text-align: left;\">Il tema dei rifiuti non \u00e8 solo un grande problema durante le vacanze, ma ci poniamo sempre pi\u00f9 attenzione anche nella nostra vita quotidiana. Quando si \u00e8 in viaggio con un camper, \u00e8 assolutamente necessario trattare l'ambiente con rispetto e smaltire correttamente i rifiuti prodotti. Per questo sono disponibili stazioni di smaltimento presso le aree di sosta, i campeggi e le piazzole di sosta. Naturalmente, capita spesso di trovare rifiuti in piazzole isolate. Questo, per\u00f2, non significa che si debbano aggiungere i propri rifiuti. Piuttosto, dovrebbe essere uno stimolo a migliorare la propria impronta ecologica. Come? Molto semplice. Raccogliere i rifiuti trovati e smaltirli secondo le normative, anche se non sono i propri. Per amore dell'ambiente.<\/p>\n<p>Questi sono solo alcuni punti che si possono integrare facilmente e senza troppi sforzi nella tua vacanza in camper. Rendere la tua vacanza sostenibile dipende dal comportamento consapevole di ognuno. Hai altri consigli per una vacanza all'insegna della protezione del clima? Condividili con noi.<\/p>","protected":false},"excerpt":{"rendered":"<p>Die Urlaubszeit r\u00fcckt n\u00e4her und das Schmieden der Reisepl\u00e4ne beginnt. Wo soll man hinreisen? In europ\u00e4ische Nachbarl\u00e4nder, oder in die Karibik, oder vielleicht doch lieber Deutschland erkunden? Zudem stellt sich noch die Frage wie man reisen soll. Mit dem Flugzeug, dem Kreuzfahrtschiff oder der Bahn?<br \/>\nFragen \u00fcber Fragen, die uns immer wieder aufs Neue besch\u00e4ftigen. Nat\u00fcrlich h\u00e4lt, neben den pers\u00f6nlichen Vorlieben, auch immer mehr der nachhaltige Gedanke Einzug in die Urlaubsplanung. Wie kann ich meinen CO2 Haushalt vor allem in der Urlaubszeit reduzieren? Ist das Fliegen mit dem Flugzeug oder der Aufenthalt in einem Hotel wirklich so sch\u00e4dlich f\u00fcr die Umwelt?<\/p>","protected":false},"author":2,"featured_media":4876,"comment_status":"closed","ping_status":"closed","sticky":false,"template":"","format":"standard","meta":{"content-type":"","footnotes":""},"categories":[208],"tags":[],"class_list":["post-4794","post","type-post","status-publish","format-standard","has-post-thumbnail","hentry","category-blog"],"yoast_head":"<!-- This site is optimized with the Yoast SEO plugin v27.4 - https:\/\/yoast.com\/product\/yoast-seo-wordpress\/ -->\n<title>Ahorn Camp - Blog - Urlaub im Zeichen des Klimaschutzes<\/title>\n<meta name=\"description\" content=\"Urlaub im Zeichen des Klimaschutzes wird heutzutage immer wichtiger. Doch wie kann ich meinen CO2 Haushalt auch im Urlaub reduzieren?\" \/>\n<meta name=\"robots\" content=\"index, follow, max-snippet:-1, max-image-preview:large, max-video-preview:-1\" \/>\n<link rel=\"canonical\" href=\"https:\/\/ahorn-camp.de\/it\/vacanza-allinsegna-della-protezione-del-clima\/\" \/>\n<meta property=\"og:locale\" content=\"it_IT\" \/>\n<meta property=\"og:type\" content=\"article\" \/>\n<meta property=\"og:title\" content=\"Urlaub im Zeichen des Klimaschutzes\" \/>\n<meta property=\"og:description\" content=\"Urlaub im Zeichen des Klimaschutzes wird heutzutage immer wichtiger. Doch wie kann ich meinen CO2 Haushalt auch im Urlaub reduzieren?\" \/>\n<meta property=\"og:url\" content=\"https:\/\/ahorn-camp.de\/it\/vacanza-allinsegna-della-protezione-del-clima\/\" \/>\n<meta property=\"og:site_name\" content=\"Ahorn Camp | Reisemobile und Kastenwagen\" \/>\n<meta property=\"article:publisher\" content=\"https:\/\/www.facebook.com\/ahorn.wohnmobile\/\" \/>\n<meta property=\"article:published_time\" content=\"2020-03-23T14:54:22+00:00\" \/>\n<meta property=\"article:modified_time\" content=\"2022-04-25T14:04:18+00:00\" \/>\n<meta property=\"og:image\" content=\"https:\/\/ahorn-camp.de\/wp-content\/uploads\/2020\/03\/DSC_0351.jpg\" \/>\n\t<meta property=\"og:image:width\" content=\"3600\" \/>\n\t<meta property=\"og:image:height\" content=\"2400\" \/>\n\t<meta property=\"og:image:type\" content=\"image\/jpeg\" \/>\n<meta name=\"author\" content=\"ahorn_admin\" \/>\n<meta name=\"twitter:card\" content=\"summary_large_image\" \/>\n<meta name=\"twitter:label1\" content=\"Scritto da\" \/>\n\t<meta name=\"twitter:data1\" content=\"ahorn_admin\" \/>\n\t<meta name=\"twitter:label2\" content=\"Tempo di lettura stimato\" \/>\n\t<meta name=\"twitter:data2\" content=\"9 minuti\" \/>\n<script type=\"application\/ld+json\" class=\"yoast-schema-graph\">{\"@context\":\"https:\\\/\\\/schema.org\",\"@graph\":[{\"@type\":\"Article\",\"@id\":\"https:\\\/\\\/ahorn-camp.de\\\/urlaub-im-zeichen-des-klimaschutzes\\\/#article\",\"isPartOf\":{\"@id\":\"https:\\\/\\\/ahorn-camp.de\\\/urlaub-im-zeichen-des-klimaschutzes\\\/\"},\"author\":{\"name\":\"ahorn_admin\",\"@id\":\"https:\\\/\\\/ahorn-camp.de\\\/#\\\/schema\\\/person\\\/9b60761ba82d5cb8e6db215a88925044\"},\"headline\":\"Urlaub im Zeichen des Klimaschutzes\",\"datePublished\":\"2020-03-23T14:54:22+00:00\",\"dateModified\":\"2022-04-25T14:04:18+00:00\",\"mainEntityOfPage\":{\"@id\":\"https:\\\/\\\/ahorn-camp.de\\\/urlaub-im-zeichen-des-klimaschutzes\\\/\"},\"wordCount\":1483,\"publisher\":{\"@id\":\"https:\\\/\\\/ahorn-camp.de\\\/#organization\"},\"image\":{\"@id\":\"https:\\\/\\\/ahorn-camp.de\\\/urlaub-im-zeichen-des-klimaschutzes\\\/#primaryimage\"},\"thumbnailUrl\":\"https:\\\/\\\/ahorn-camp.de\\\/wp-content\\\/uploads\\\/2020\\\/03\\\/DSC_0351.jpg\",\"articleSection\":[\"Blog\"],\"inLanguage\":\"it-IT\"},{\"@type\":\"WebPage\",\"@id\":\"https:\\\/\\\/ahorn-camp.de\\\/urlaub-im-zeichen-des-klimaschutzes\\\/\",\"url\":\"https:\\\/\\\/ahorn-camp.de\\\/urlaub-im-zeichen-des-klimaschutzes\\\/\",\"name\":\"Ahorn Camp - Blog - Urlaub im Zeichen des Klimaschutzes\",\"isPartOf\":{\"@id\":\"https:\\\/\\\/ahorn-camp.de\\\/#website\"},\"primaryImageOfPage\":{\"@id\":\"https:\\\/\\\/ahorn-camp.de\\\/urlaub-im-zeichen-des-klimaschutzes\\\/#primaryimage\"},\"image\":{\"@id\":\"https:\\\/\\\/ahorn-camp.de\\\/urlaub-im-zeichen-des-klimaschutzes\\\/#primaryimage\"},\"thumbnailUrl\":\"https:\\\/\\\/ahorn-camp.de\\\/wp-content\\\/uploads\\\/2020\\\/03\\\/DSC_0351.jpg\",\"datePublished\":\"2020-03-23T14:54:22+00:00\",\"dateModified\":\"2022-04-25T14:04:18+00:00\",\"description\":\"Urlaub im Zeichen des Klimaschutzes wird heutzutage immer wichtiger. Doch wie kann ich meinen CO2 Haushalt auch im Urlaub reduzieren?\",\"breadcrumb\":{\"@id\":\"https:\\\/\\\/ahorn-camp.de\\\/urlaub-im-zeichen-des-klimaschutzes\\\/#breadcrumb\"},\"inLanguage\":\"it-IT\",\"potentialAction\":[{\"@type\":\"ReadAction\",\"target\":[\"https:\\\/\\\/ahorn-camp.de\\\/urlaub-im-zeichen-des-klimaschutzes\\\/\"]}]},{\"@type\":\"ImageObject\",\"inLanguage\":\"it-IT\",\"@id\":\"https:\\\/\\\/ahorn-camp.de\\\/urlaub-im-zeichen-des-klimaschutzes\\\/#primaryimage\",\"url\":\"https:\\\/\\\/ahorn-camp.de\\\/wp-content\\\/uploads\\\/2020\\\/03\\\/DSC_0351.jpg\",\"contentUrl\":\"https:\\\/\\\/ahorn-camp.de\\\/wp-content\\\/uploads\\\/2020\\\/03\\\/DSC_0351.jpg\",\"width\":3600,\"height\":2400,\"caption\":\"Urlaub im Zeichen des Klimaschutzes\"},{\"@type\":\"BreadcrumbList\",\"@id\":\"https:\\\/\\\/ahorn-camp.de\\\/urlaub-im-zeichen-des-klimaschutzes\\\/#breadcrumb\",\"itemListElement\":[{\"@type\":\"ListItem\",\"position\":1,\"name\":\"Startseite\",\"item\":\"https:\\\/\\\/ahorn-camp.de\\\/\"},{\"@type\":\"ListItem\",\"position\":2,\"name\":\"Urlaub im Zeichen des Klimaschutzes\"}]},{\"@type\":\"WebSite\",\"@id\":\"https:\\\/\\\/ahorn-camp.de\\\/#website\",\"url\":\"https:\\\/\\\/ahorn-camp.de\\\/\",\"name\":\"Ahorn Camp | Reisemobile und Kastenwagen\",\"description\":\"Seit \u00fcber 30 Jahren vermarktet das Familienunternehmen, Ahorn Camp in Speyer, erfolgreich Wohnmobile und Kastenwagen zum besten Preis-Leistungsverh\u00e4ltnis.\",\"publisher\":{\"@id\":\"https:\\\/\\\/ahorn-camp.de\\\/#organization\"},\"potentialAction\":[{\"@type\":\"SearchAction\",\"target\":{\"@type\":\"EntryPoint\",\"urlTemplate\":\"https:\\\/\\\/ahorn-camp.de\\\/?s={search_term_string}\"},\"query-input\":{\"@type\":\"PropertyValueSpecification\",\"valueRequired\":true,\"valueName\":\"search_term_string\"}}],\"inLanguage\":\"it-IT\"},{\"@type\":\"Organization\",\"@id\":\"https:\\\/\\\/ahorn-camp.de\\\/#organization\",\"name\":\"Ahorn Camp GmbH & Co. KG\",\"url\":\"https:\\\/\\\/ahorn-camp.de\\\/\",\"logo\":{\"@type\":\"ImageObject\",\"inLanguage\":\"it-IT\",\"@id\":\"https:\\\/\\\/ahorn-camp.de\\\/#\\\/schema\\\/logo\\\/image\\\/\",\"url\":\"https:\\\/\\\/ahorn-camp.de\\\/wp-content\\\/uploads\\\/2018\\\/12\\\/Ahorn_Logo.jpg\",\"contentUrl\":\"https:\\\/\\\/ahorn-camp.de\\\/wp-content\\\/uploads\\\/2018\\\/12\\\/Ahorn_Logo.jpg\",\"width\":1437,\"height\":1000,\"caption\":\"Ahorn Camp GmbH & Co. KG\"},\"image\":{\"@id\":\"https:\\\/\\\/ahorn-camp.de\\\/#\\\/schema\\\/logo\\\/image\\\/\"},\"sameAs\":[\"https:\\\/\\\/www.facebook.com\\\/ahorn.wohnmobile\\\/\",\"https:\\\/\\\/www.instagram.com\\\/ahorn.camp\\\/\",\"https:\\\/\\\/www.youtube.com\\\/channel\\\/UCPFbPCts1JJ_A1k9vyH0yOQ\"]},{\"@type\":\"Person\",\"@id\":\"https:\\\/\\\/ahorn-camp.de\\\/#\\\/schema\\\/person\\\/9b60761ba82d5cb8e6db215a88925044\",\"name\":\"ahorn_admin\",\"image\":{\"@type\":\"ImageObject\",\"inLanguage\":\"it-IT\",\"@id\":\"https:\\\/\\\/secure.gravatar.com\\\/avatar\\\/d96b9a078083b0c14cee48589feadd939c3cdd66547e2f3f1569470371daaaa5?s=96&d=mm&r=g\",\"url\":\"https:\\\/\\\/secure.gravatar.com\\\/avatar\\\/d96b9a078083b0c14cee48589feadd939c3cdd66547e2f3f1569470371daaaa5?s=96&d=mm&r=g\",\"contentUrl\":\"https:\\\/\\\/secure.gravatar.com\\\/avatar\\\/d96b9a078083b0c14cee48589feadd939c3cdd66547e2f3f1569470371daaaa5?s=96&d=mm&r=g\",\"caption\":\"ahorn_admin\"},\"sameAs\":[\"http:\\\/\\\/Ahorn%20Camp\"],\"url\":\"https:\\\/\\\/ahorn-camp.de\\\/it\\\/author\\\/ahorn_admin\\\/\"}]}<\/script>\n<!-- \/ Yoast SEO plugin. -->","yoast_head_json":{"title":"Ahorn Camp - Blog - Vacanza all'insegna della protezione del clima","description":"Le vacanze all'insegna della protezione del clima sono sempre pi\u00f9 importanti al giorno d'oggi. Ma come posso ridurre il mio bilancio di CO2 anche in vacanza?","robots":{"index":"index","follow":"follow","max-snippet":"max-snippet:-1","max-image-preview":"max-image-preview:large","max-video-preview":"max-video-preview:-1"},"canonical":"https:\/\/ahorn-camp.de\/it\/vacanza-allinsegna-della-protezione-del-clima\/","og_locale":"it_IT","og_type":"article","og_title":"Urlaub im Zeichen des Klimaschutzes","og_description":"Urlaub im Zeichen des Klimaschutzes wird heutzutage immer wichtiger. Doch wie kann ich meinen CO2 Haushalt auch im Urlaub reduzieren?","og_url":"https:\/\/ahorn-camp.de\/it\/vacanza-allinsegna-della-protezione-del-clima\/","og_site_name":"Ahorn Camp | Reisemobile und Kastenwagen","article_publisher":"https:\/\/www.facebook.com\/ahorn.wohnmobile\/","article_published_time":"2020-03-23T14:54:22+00:00","article_modified_time":"2022-04-25T14:04:18+00:00","og_image":[{"width":3600,"height":2400,"url":"https:\/\/ahorn-camp.de\/wp-content\/uploads\/2020\/03\/DSC_0351.jpg","type":"image\/jpeg"}],"author":"ahorn_admin","twitter_card":"summary_large_image","twitter_misc":{"Scritto da":"ahorn_admin","Tempo di lettura stimato":"9 minuti"},"schema":{"@context":"https:\/\/schema.org","@graph":[{"@type":"Article","@id":"https:\/\/ahorn-camp.de\/urlaub-im-zeichen-des-klimaschutzes\/#article","isPartOf":{"@id":"https:\/\/ahorn-camp.de\/urlaub-im-zeichen-des-klimaschutzes\/"},"author":{"name":"ahorn_admin","@id":"https:\/\/ahorn-camp.de\/#\/schema\/person\/9b60761ba82d5cb8e6db215a88925044"},"headline":"Urlaub im Zeichen des Klimaschutzes","datePublished":"2020-03-23T14:54:22+00:00","dateModified":"2022-04-25T14:04:18+00:00","mainEntityOfPage":{"@id":"https:\/\/ahorn-camp.de\/urlaub-im-zeichen-des-klimaschutzes\/"},"wordCount":1483,"publisher":{"@id":"https:\/\/ahorn-camp.de\/#organization"},"image":{"@id":"https:\/\/ahorn-camp.de\/urlaub-im-zeichen-des-klimaschutzes\/#primaryimage"},"thumbnailUrl":"https:\/\/ahorn-camp.de\/wp-content\/uploads\/2020\/03\/DSC_0351.jpg","articleSection":["Blog"],"inLanguage":"it-IT"},{"@type":"WebPage","@id":"https:\/\/ahorn-camp.de\/urlaub-im-zeichen-des-klimaschutzes\/","url":"https:\/\/ahorn-camp.de\/urlaub-im-zeichen-des-klimaschutzes\/","name":"Ahorn Camp - Blog - Vacanza all'insegna della protezione del clima","isPartOf":{"@id":"https:\/\/ahorn-camp.de\/#website"},"primaryImageOfPage":{"@id":"https:\/\/ahorn-camp.de\/urlaub-im-zeichen-des-klimaschutzes\/#primaryimage"},"image":{"@id":"https:\/\/ahorn-camp.de\/urlaub-im-zeichen-des-klimaschutzes\/#primaryimage"},"thumbnailUrl":"https:\/\/ahorn-camp.de\/wp-content\/uploads\/2020\/03\/DSC_0351.jpg","datePublished":"2020-03-23T14:54:22+00:00","dateModified":"2022-04-25T14:04:18+00:00","description":"Le vacanze all'insegna della protezione del clima sono sempre pi\u00f9 importanti al giorno d'oggi. Ma come posso ridurre il mio bilancio di CO2 anche in vacanza?","breadcrumb":{"@id":"https:\/\/ahorn-camp.de\/urlaub-im-zeichen-des-klimaschutzes\/#breadcrumb"},"inLanguage":"it-IT","potentialAction":[{"@type":"ReadAction","target":["https:\/\/ahorn-camp.de\/urlaub-im-zeichen-des-klimaschutzes\/"]}]},{"@type":"ImageObject","inLanguage":"it-IT","@id":"https:\/\/ahorn-camp.de\/urlaub-im-zeichen-des-klimaschutzes\/#primaryimage","url":"https:\/\/ahorn-camp.de\/wp-content\/uploads\/2020\/03\/DSC_0351.jpg","contentUrl":"https:\/\/ahorn-camp.de\/wp-content\/uploads\/2020\/03\/DSC_0351.jpg","width":3600,"height":2400,"caption":"Urlaub im Zeichen des Klimaschutzes"},{"@type":"BreadcrumbList","@id":"https:\/\/ahorn-camp.de\/urlaub-im-zeichen-des-klimaschutzes\/#breadcrumb","itemListElement":[{"@type":"ListItem","position":1,"name":"Startseite","item":"https:\/\/ahorn-camp.de\/"},{"@type":"ListItem","position":2,"name":"Urlaub im Zeichen des Klimaschutzes"}]},{"@type":"WebSite","@id":"https:\/\/ahorn-camp.de\/#website","url":"https:\/\/ahorn-camp.de\/","name":"Ahorn Camp | Camper e furgonati","description":"Da oltre 30 anni l'azienda a conduzione familiare, Ahorn Camp a Speyer, commercializza con successo camper e furgoni al miglior rapporto qualit\u00e0-prezzo.","publisher":{"@id":"https:\/\/ahorn-camp.de\/#organization"},"potentialAction":[{"@type":"SearchAction","target":{"@type":"EntryPoint","urlTemplate":"https:\/\/ahorn-camp.de\/?s={search_term_string}"},"query-input":{"@type":"PropertyValueSpecification","valueRequired":true,"valueName":"search_term_string"}}],"inLanguage":"it-IT"},{"@type":"Organization","@id":"https:\/\/ahorn-camp.de\/#organization","name":"Ahorn Camp GmbH &amp; Co. KG","url":"https:\/\/ahorn-camp.de\/","logo":{"@type":"ImageObject","inLanguage":"it-IT","@id":"https:\/\/ahorn-camp.de\/#\/schema\/logo\/image\/","url":"https:\/\/ahorn-camp.de\/wp-content\/uploads\/2018\/12\/Ahorn_Logo.jpg","contentUrl":"https:\/\/ahorn-camp.de\/wp-content\/uploads\/2018\/12\/Ahorn_Logo.jpg","width":1437,"height":1000,"caption":"Ahorn Camp GmbH & Co. KG"},"image":{"@id":"https:\/\/ahorn-camp.de\/#\/schema\/logo\/image\/"},"sameAs":["https:\/\/www.facebook.com\/ahorn.wohnmobile\/","https:\/\/www.instagram.com\/ahorn.camp\/","https:\/\/www.youtube.com\/channel\/UCPFbPCts1JJ_A1k9vyH0yOQ"]},{"@type":"Person","@id":"https:\/\/ahorn-camp.de\/#\/schema\/person\/9b60761ba82d5cb8e6db215a88925044","name":"ahorn_admin","image":{"@type":"ImageObject","inLanguage":"it-IT","@id":"https:\/\/secure.gravatar.com\/avatar\/d96b9a078083b0c14cee48589feadd939c3cdd66547e2f3f1569470371daaaa5?s=96&d=mm&r=g","url":"https:\/\/secure.gravatar.com\/avatar\/d96b9a078083b0c14cee48589feadd939c3cdd66547e2f3f1569470371daaaa5?s=96&d=mm&r=g","contentUrl":"https:\/\/secure.gravatar.com\/avatar\/d96b9a078083b0c14cee48589feadd939c3cdd66547e2f3f1569470371daaaa5?s=96&d=mm&r=g","caption":"ahorn_admin"},"sameAs":["http:\/\/Ahorn%20Camp"],"url":"https:\/\/ahorn-camp.de\/it\/author\/ahorn_admin\/"}]}},"_links":{"self":[{"href":"https:\/\/ahorn-camp.de\/it\/wp-json\/wp\/v2\/posts\/4794","targetHints":{"allow":["GET"]}}],"collection":[{"href":"https:\/\/ahorn-camp.de\/it\/wp-json\/wp\/v2\/posts"}],"about":[{"href":"https:\/\/ahorn-camp.de\/it\/wp-json\/wp\/v2\/types\/post"}],"author":[{"embeddable":true,"href":"https:\/\/ahorn-camp.de\/it\/wp-json\/wp\/v2\/users\/2"}],"replies":[{"embeddable":true,"href":"https:\/\/ahorn-camp.de\/it\/wp-json\/wp\/v2\/comments?post=4794"}],"version-history":[{"count":0,"href":"https:\/\/ahorn-camp.de\/it\/wp-json\/wp\/v2\/posts\/4794\/revisions"}],"wp:featuredmedia":[{"embeddable":true,"href":"https:\/\/ahorn-camp.de\/it\/wp-json\/wp\/v2\/media\/4876"}],"wp:attachment":[{"href":"https:\/\/ahorn-camp.de\/it\/wp-json\/wp\/v2\/media?parent=4794"}],"wp:term":[{"taxonomy":"category","embeddable":true,"href":"https:\/\/ahorn-camp.de\/it\/wp-json\/wp\/v2\/categories?post=4794"},{"taxonomy":"post_tag","embeddable":true,"href":"https:\/\/ahorn-camp.de\/it\/wp-json\/wp\/v2\/tags?post=4794"}],"curies":[{"name":"wp","href":"https:\/\/api.w.org\/{rel}","templated":true}]}}