{"id":26310,"date":"2024-11-04T11:32:40","date_gmt":"2024-11-04T10:32:40","guid":{"rendered":"https:\/\/ahorn-camp.de\/?p=26310"},"modified":"2024-11-20T09:31:49","modified_gmt":"2024-11-20T08:31:49","slug":"illo-e-mops","status":"publish","type":"post","link":"https:\/\/ahorn-camp.de\/it\/illo-und-mops\/","title":{"rendered":"YouTuber Illo und Mops in viaggio con il T690"},"content":{"rendered":"<div class=\"wpb-content-wrapper\" id=\"wpb-content-root\"><div class=\"vc_row wpb_row vc_row-fluid\"><div class=\"wpb_column vc_column_container vc_col-sm-12\"><div class=\"vc_column-inner\"><div class=\"wpb_wrapper\">\n\t<div  class=\"wpb_single_image wpb_content_element vc_align_center wpb_content_element\">\n\t\t\n\t\t<figure class=\"wpb_wrapper vc_figure\">\n\t\t\t<div class=\"vc_single_image-wrapper\"><img fetchpriority=\"high\" decoding=\"async\" width=\"2560\" height=\"1707\" src=\"https:\/\/ahorn-camp.de\/wp-content\/uploads\/2024\/11\/Illo-und-Mops-scaled.jpg\" class=\"vc_single_image-img attachment-full\" alt=\"Lo YouTuber Illo und Mops sono in viaggio con un Ahorn Camp camper\" title=\"Lo YouTuber Illo und Mops sono in viaggio con un Ahorn Camp camper\" srcset=\"https:\/\/ahorn-camp.de\/wp-content\/uploads\/2024\/11\/Illo-und-Mops-scaled.jpg 2560w, https:\/\/ahorn-camp.de\/wp-content\/uploads\/2024\/11\/Illo-und-Mops-300x200.jpg 300w, https:\/\/ahorn-camp.de\/wp-content\/uploads\/2024\/11\/Illo-und-Mops-1024x683.jpg 1024w, https:\/\/ahorn-camp.de\/wp-content\/uploads\/2024\/11\/Illo-und-Mops-768x512.jpg 768w, https:\/\/ahorn-camp.de\/wp-content\/uploads\/2024\/11\/Illo-und-Mops-800x533.jpg 800w, https:\/\/ahorn-camp.de\/wp-content\/uploads\/2024\/11\/Illo-und-Mops-1536x1024.jpg 1536w, https:\/\/ahorn-camp.de\/wp-content\/uploads\/2024\/11\/Illo-und-Mops-2048x1365.jpg 2048w\" sizes=\"(max-width: 2560px) 100vw, 2560px\" \/><\/div>\n\t\t<\/figure>\n\t<\/div>\n<div class=\"vc_empty_space\"   style=\"height: 15px\"><span class=\"vc_empty_space_inner\"><\/span><\/div><h2 style=\"font-size: 30px;color: #1B508C;text-align: left\" class=\"vc_custom_heading vc_do_custom_heading\" >Viaggio in Germania con Ahorn Camp<\/h2><div class=\"vc_empty_space\"   style=\"height: 15px\"><span class=\"vc_empty_space_inner\"><\/span><\/div>\n\t<div class=\"wpb_text_column wpb_content_element\" >\n\t\t<div class=\"wpb_wrapper\">\n\t\t\t<p>La maggior parte di noi ha bei ricordi delle precedenti avventure in campeggio: al lago, in tenda o in un campeggio con la famiglia. Il campeggio significa libert\u00e0: niente orari fissi per i pasti, nuove conoscenze e la possibilit\u00e0 di spostarsi in qualsiasi momento. \u00c8 esattamente questo che apprezziamo della vita in camper.<\/p>\n<p>Noi, Mops (34) e Illo (36), siamo in viaggio con il nostro camper con nostro figlio (allora 3 anni) da maggio 2022 per viaggiare in Europa. Originari della Ruhr, abbiamo venduto il nostro appartamento, la nostra macchina e la nostra roulotte per acquistare un camper. Perch\u00e9 con il camper siamo molto pi\u00f9 flessibili: se piove, andiamo semplicemente nel posto soleggiato pi\u00f9 vicino.<\/p>\n\n\t\t<\/div>\n\t<\/div>\n<div class=\"vc_empty_space\"   style=\"height: 15px\"><span class=\"vc_empty_space_inner\"><\/span><\/div><\/div><\/div><\/div><\/div><div class=\"vc_row wpb_row vc_row-fluid\"><div class=\"wpb_column vc_column_container vc_col-sm-12\"><div class=\"vc_column-inner\"><div class=\"wpb_wrapper\"><h2 style=\"font-size: 30px;color: #1B508C;text-align: left\" class=\"vc_custom_heading vc_do_custom_heading\" >La nostra decisione: la vita su quattro ruote<\/h2><div class=\"vc_empty_space\"   style=\"height: 15px\"><span class=\"vc_empty_space_inner\"><\/span><\/div>\n\t<div class=\"wpb_text_column wpb_content_element\" >\n\t\t<div class=\"wpb_wrapper\">\n\t\t\t<p>Il nostro viaggio \u00e8 iniziato come un esperimento: avevamo pianificato di stare via per un anno. Tuttavia, grazie a un suggerimento della nostra community di YouTube (canale: Illo und Mops), abbiamo scoperto che Illo poteva prendersi due anni di congedo parentale. Cos\u00ec abbiamo prolungato il nostro viaggio e abbiamo scoperto l'Europa in un modo completamente nuovo. Dal Capo Nord alla Sicilia, attraverso il Marocco e le Isole Canarie, abbiamo vissuto inverni che sono inimmaginabili in Germania.<\/p>\n<p>La nostra avventura \u00e8 diventata ancora pi\u00f9 emozionante con la nascita del nostro secondo figlio nell'estate del 2023. Per una breve pausa, siamo tornati in Germania e abbiamo vissuto in un appartamento ammobiliato per 3,5 mesi, prima che il nostro viaggio riprendesse.<\/p>\n\n\t\t<\/div>\n\t<\/div>\n<\/div><\/div><\/div><\/div><div class=\"vc_row wpb_row vc_row-fluid\"><div class=\"wpb_column vc_column_container vc_col-sm-12\"><div class=\"vc_column-inner\"><div class=\"wpb_wrapper\"><div class=\"vc_empty_space\"   style=\"height: 25px\"><span class=\"vc_empty_space_inner\"><\/span><\/div><h2 style=\"font-size: 30px;color: #1B508C;text-align: left\" class=\"vc_custom_heading vc_do_custom_heading\" >Ahorn Rent: Pratica flessibilit\u00e0 durante il nostro viaggio<\/h2><div class=\"vc_empty_space\"   style=\"height: 15px\"><span class=\"vc_empty_space_inner\"><\/span><\/div>\n\t<div class=\"wpb_text_column wpb_content_element\" >\n\t\t<div class=\"wpb_wrapper\">\n\t\t\t<p>Per noi \u00e8 stato particolarmente pratico che <strong><span style=\"color: #1b508c;\"><a style=\"color: #1b508c;\" href=\"http:\/\/www.ahorn-rent.de\" target=\"_blank\" rel=\"noopener\">Ahorn Noleggio<\/a><\/span><\/strong> ha diverse localit\u00e0. Abbiamo noleggiato un camper a Speyer, nel sud, e l'abbiamo riconsegnato a M\u00fclheim an der Ruhr. In questo modo abbiamo potuto scoprire bellissimi luoghi e fattorie sulla via del ritorno. Ci \u00e8 piaciuto particolarmente attraversare<span style=\"color: #1b508c;\"> <a style=\"color: #1b508c;\" href=\"https:\/\/www.alpacacamping.de\/\" target=\"_blank\" rel=\"noopener\"><strong>Campeggio Alpaca<\/strong><\/a><\/span> si \u00e8 fermato nelle fattorie.<\/p>\n\n\t\t<\/div>\n\t<\/div>\n<div class=\"vc_empty_space\"   style=\"height: 15px\"><span class=\"vc_empty_space_inner\"><\/span><\/div><div class=\"vc_row wpb_row vc_inner vc_row-fluid\"><div class=\"wpb_column vc_column_container vc_col-sm-4\"><div class=\"vc_column-inner\"><div class=\"wpb_wrapper\">\n\t<div  class=\"wpb_single_image wpb_content_element vc_align_center wpb_content_element\">\n\t\t\n\t\t<figure class=\"wpb_wrapper vc_figure\">\n\t\t\t<div class=\"vc_single_image-wrapper\"><img decoding=\"async\" width=\"2560\" height=\"1440\" src=\"https:\/\/ahorn-camp.de\/wp-content\/uploads\/2024\/11\/Illo-und-Mops7-scaled.jpg\" class=\"vc_single_image-img attachment-full\" alt=\"Lo YouTuber Illo und Mops sono in viaggio con un Ahorn Camp camper\" title=\"Lo YouTuber Illo und Mops sono in viaggio con un Ahorn Camp camper\" srcset=\"https:\/\/ahorn-camp.de\/wp-content\/uploads\/2024\/11\/Illo-und-Mops7-scaled.jpg 2560w, https:\/\/ahorn-camp.de\/wp-content\/uploads\/2024\/11\/Illo-und-Mops7-300x169.jpg 300w, https:\/\/ahorn-camp.de\/wp-content\/uploads\/2024\/11\/Illo-und-Mops7-1024x576.jpg 1024w, https:\/\/ahorn-camp.de\/wp-content\/uploads\/2024\/11\/Illo-und-Mops7-768x432.jpg 768w, https:\/\/ahorn-camp.de\/wp-content\/uploads\/2024\/11\/Illo-und-Mops7-800x450.jpg 800w, https:\/\/ahorn-camp.de\/wp-content\/uploads\/2024\/11\/Illo-und-Mops7-1536x864.jpg 1536w, https:\/\/ahorn-camp.de\/wp-content\/uploads\/2024\/11\/Illo-und-Mops7-2048x1152.jpg 2048w\" sizes=\"(max-width: 2560px) 100vw, 2560px\" \/><\/div>\n\t\t<\/figure>\n\t<\/div>\n<\/div><\/div><\/div><div class=\"wpb_column vc_column_container vc_col-sm-4\"><div class=\"vc_column-inner\"><div class=\"wpb_wrapper\">\n\t<div  class=\"wpb_single_image wpb_content_element vc_align_center wpb_content_element\">\n\t\t\n\t\t<figure class=\"wpb_wrapper vc_figure\">\n\t\t\t<div class=\"vc_single_image-wrapper\"><img decoding=\"async\" width=\"2048\" height=\"1152\" src=\"https:\/\/ahorn-camp.de\/wp-content\/uploads\/2024\/11\/Design-ohne-Titel.png\" class=\"vc_single_image-img attachment-full\" alt=\"Lo YouTuber Illo und Mops sono in viaggio con un Ahorn Camp camper\" title=\"Lo YouTuber Illo und Mops sono in viaggio con un Ahorn Camp camper\" srcset=\"https:\/\/ahorn-camp.de\/wp-content\/uploads\/2024\/11\/Design-ohne-Titel.png 2048w, https:\/\/ahorn-camp.de\/wp-content\/uploads\/2024\/11\/Design-ohne-Titel-300x169.png 300w, https:\/\/ahorn-camp.de\/wp-content\/uploads\/2024\/11\/Design-ohne-Titel-1024x576.png 1024w, https:\/\/ahorn-camp.de\/wp-content\/uploads\/2024\/11\/Design-ohne-Titel-768x432.png 768w, https:\/\/ahorn-camp.de\/wp-content\/uploads\/2024\/11\/Design-ohne-Titel-800x450.png 800w, https:\/\/ahorn-camp.de\/wp-content\/uploads\/2024\/11\/Design-ohne-Titel-1536x864.png 1536w\" sizes=\"(max-width: 2048px) 100vw, 2048px\" \/><\/div>\n\t\t<\/figure>\n\t<\/div>\n<\/div><\/div><\/div><div class=\"wpb_column vc_column_container vc_col-sm-4\"><div class=\"vc_column-inner\"><div class=\"wpb_wrapper\">\n\t<div  class=\"wpb_single_image wpb_content_element vc_align_center wpb_content_element\">\n\t\t\n\t\t<figure class=\"wpb_wrapper vc_figure\">\n\t\t\t<div class=\"vc_single_image-wrapper\"><img loading=\"lazy\" decoding=\"async\" width=\"2048\" height=\"1152\" src=\"https:\/\/ahorn-camp.de\/wp-content\/uploads\/2024\/11\/Design-ohne-Titel-4.png\" class=\"vc_single_image-img attachment-full\" alt=\"Lo YouTuber Illo und Mops sono in viaggio con un Ahorn Camp camper\" title=\"Lo YouTuber Illo und Mops sono in viaggio con un Ahorn Camp camper\" srcset=\"https:\/\/ahorn-camp.de\/wp-content\/uploads\/2024\/11\/Design-ohne-Titel-4.png 2048w, https:\/\/ahorn-camp.de\/wp-content\/uploads\/2024\/11\/Design-ohne-Titel-4-300x169.png 300w, https:\/\/ahorn-camp.de\/wp-content\/uploads\/2024\/11\/Design-ohne-Titel-4-1024x576.png 1024w, https:\/\/ahorn-camp.de\/wp-content\/uploads\/2024\/11\/Design-ohne-Titel-4-768x432.png 768w, https:\/\/ahorn-camp.de\/wp-content\/uploads\/2024\/11\/Design-ohne-Titel-4-800x450.png 800w, https:\/\/ahorn-camp.de\/wp-content\/uploads\/2024\/11\/Design-ohne-Titel-4-1536x864.png 1536w\" sizes=\"(max-width: 2048px) 100vw, 2048px\" \/><\/div>\n\t\t<\/figure>\n\t<\/div>\n<\/div><\/div><\/div><\/div><div class=\"vc_empty_space\"   style=\"height: 15px\"><span class=\"vc_empty_space_inner\"><\/span><\/div><\/div><\/div><\/div><\/div><div class=\"vc_row wpb_row vc_row-fluid\"><div class=\"wpb_column vc_column_container vc_col-sm-12\"><div class=\"vc_column-inner\"><div class=\"wpb_wrapper\"><div class=\"vc_empty_space\"   style=\"height: 25px\"><span class=\"vc_empty_space_inner\"><\/span><\/div><h2 style=\"font-size: 30px;color: #1B508C;text-align: left\" class=\"vc_custom_heading vc_do_custom_heading\" >Avventure in fattoria e nella natura<\/h2><div class=\"vc_empty_space\"   style=\"height: 15px\"><span class=\"vc_empty_space_inner\"><\/span><\/div>\n\t<div class=\"wpb_text_column wpb_content_element\" >\n\t\t<div class=\"wpb_wrapper\">\n\t\t\t<p>La vita in camper con due bambini non \u00e8 sempre facile, soprattutto quando piove e la noia pu\u00f2 rovinare rapidamente l'umore. Per questo motivo, soste variegate come quelle nei fienili sono ideali. A Weiterstadt, vicino a Francoforte, abbiamo vissuto a stretto contatto la vita con capre e maiali. I bambini si sono divertiti nel parco giochi, mentre noi abbiamo goduto della vicinanza alla natura.<\/p>\n<p>Con il nostro prestato <span style=\"color: #1b508c;\"><a style=\"color: #1b508c;\" href=\"https:\/\/ahorn-camp.de\/it\/camper-ahorn\/camper-semintegrali\/modelli-semintegrali-2024\/act-690\/\" target=\"_blank\" rel=\"noopener\"><strong>Acero T690<\/strong><\/a><\/span> Abbiamo sperimentato la flessibilit\u00e0 offerta da un camper. Sia durante la guida che nel preparare i posti letto, ci siamo gradualmente abituati bene al nostro veicolo. I spaziosi letti singoli ci hanno offerto, a noi e ai bambini, spazio a sufficienza.<\/p>\n\n\t\t<\/div>\n\t<\/div>\n<div class=\"vc_empty_space\"   style=\"height: 15px\"><span class=\"vc_empty_space_inner\"><\/span><\/div><div class=\"vc_row wpb_row vc_inner vc_row-fluid\"><div class=\"wpb_column vc_column_container vc_col-sm-4\"><div class=\"vc_column-inner\"><div class=\"wpb_wrapper\">\n\t<div  class=\"wpb_single_image wpb_content_element vc_align_center wpb_content_element\">\n\t\t\n\t\t<figure class=\"wpb_wrapper vc_figure\">\n\t\t\t<div class=\"vc_single_image-wrapper\"><img loading=\"lazy\" decoding=\"async\" width=\"1920\" height=\"2560\" src=\"https:\/\/ahorn-camp.de\/wp-content\/uploads\/2024\/11\/Illo-und-Mops3-scaled.jpg\" class=\"vc_single_image-img attachment-full\" alt=\"Lo YouTuber Illo und Mops sono in viaggio con un Ahorn Camp camper\" title=\"Lo YouTuber Illo und Mops sono in viaggio con un Ahorn Camp camper\" srcset=\"https:\/\/ahorn-camp.de\/wp-content\/uploads\/2024\/11\/Illo-und-Mops3-scaled.jpg 1920w, https:\/\/ahorn-camp.de\/wp-content\/uploads\/2024\/11\/Illo-und-Mops3-225x300.jpg 225w, https:\/\/ahorn-camp.de\/wp-content\/uploads\/2024\/11\/Illo-und-Mops3-768x1024.jpg 768w, https:\/\/ahorn-camp.de\/wp-content\/uploads\/2024\/11\/Illo-und-Mops3-450x600.jpg 450w, https:\/\/ahorn-camp.de\/wp-content\/uploads\/2024\/11\/Illo-und-Mops3-1152x1536.jpg 1152w, https:\/\/ahorn-camp.de\/wp-content\/uploads\/2024\/11\/Illo-und-Mops3-1536x2048.jpg 1536w, https:\/\/ahorn-camp.de\/wp-content\/uploads\/2024\/11\/Illo-und-Mops3-800x1067.jpg 800w\" sizes=\"(max-width: 1920px) 100vw, 1920px\" \/><\/div>\n\t\t<\/figure>\n\t<\/div>\n<\/div><\/div><\/div><div class=\"wpb_column vc_column_container vc_col-sm-4\"><div class=\"vc_column-inner\"><div class=\"wpb_wrapper\">\n\t<div  class=\"wpb_single_image wpb_content_element vc_align_center wpb_content_element\">\n\t\t\n\t\t<figure class=\"wpb_wrapper vc_figure\">\n\t\t\t<div class=\"vc_single_image-wrapper\"><img loading=\"lazy\" decoding=\"async\" width=\"1536\" height=\"2048\" src=\"https:\/\/ahorn-camp.de\/wp-content\/uploads\/2024\/11\/Design-ohne-Titel-5.png\" class=\"vc_single_image-img attachment-full\" alt=\"Lo YouTuber Illo und Mops sono in viaggio con un Ahorn Camp camper\" title=\"Lo YouTuber Illo und Mops sono in viaggio con un Ahorn Camp camper\" srcset=\"https:\/\/ahorn-camp.de\/wp-content\/uploads\/2024\/11\/Design-ohne-Titel-5.png 1536w, https:\/\/ahorn-camp.de\/wp-content\/uploads\/2024\/11\/Design-ohne-Titel-5-225x300.png 225w, https:\/\/ahorn-camp.de\/wp-content\/uploads\/2024\/11\/Design-ohne-Titel-5-768x1024.png 768w, https:\/\/ahorn-camp.de\/wp-content\/uploads\/2024\/11\/Design-ohne-Titel-5-450x600.png 450w, https:\/\/ahorn-camp.de\/wp-content\/uploads\/2024\/11\/Design-ohne-Titel-5-1152x1536.png 1152w, https:\/\/ahorn-camp.de\/wp-content\/uploads\/2024\/11\/Design-ohne-Titel-5-800x1067.png 800w\" sizes=\"(max-width: 1536px) 100vw, 1536px\" \/><\/div>\n\t\t<\/figure>\n\t<\/div>\n<\/div><\/div><\/div><div class=\"wpb_column vc_column_container vc_col-sm-4\"><div class=\"vc_column-inner\"><div class=\"wpb_wrapper\">\n\t<div  class=\"wpb_single_image wpb_content_element vc_align_center wpb_content_element\">\n\t\t\n\t\t<figure class=\"wpb_wrapper vc_figure\">\n\t\t\t<div class=\"vc_single_image-wrapper\"><img loading=\"lazy\" decoding=\"async\" width=\"1536\" height=\"2048\" src=\"https:\/\/ahorn-camp.de\/wp-content\/uploads\/2024\/11\/Design-ohne-Titel-3.png\" class=\"vc_single_image-img attachment-full\" alt=\"Lo YouTuber Illo und Mops sono in viaggio con un Ahorn Camp camper\" title=\"Lo YouTuber Illo und Mops sono in viaggio con un Ahorn Camp camper\" srcset=\"https:\/\/ahorn-camp.de\/wp-content\/uploads\/2024\/11\/Design-ohne-Titel-3.png 1536w, https:\/\/ahorn-camp.de\/wp-content\/uploads\/2024\/11\/Design-ohne-Titel-3-225x300.png 225w, https:\/\/ahorn-camp.de\/wp-content\/uploads\/2024\/11\/Design-ohne-Titel-3-768x1024.png 768w, https:\/\/ahorn-camp.de\/wp-content\/uploads\/2024\/11\/Design-ohne-Titel-3-450x600.png 450w, https:\/\/ahorn-camp.de\/wp-content\/uploads\/2024\/11\/Design-ohne-Titel-3-1152x1536.png 1152w, https:\/\/ahorn-camp.de\/wp-content\/uploads\/2024\/11\/Design-ohne-Titel-3-800x1067.png 800w\" sizes=\"(max-width: 1536px) 100vw, 1536px\" \/><\/div>\n\t\t<\/figure>\n\t<\/div>\n<\/div><\/div><\/div><\/div><div class=\"vc_empty_space\"   style=\"height: 15px\"><span class=\"vc_empty_space_inner\"><\/span><\/div><\/div><\/div><\/div><\/div><div class=\"vc_row wpb_row vc_row-fluid\"><div class=\"wpb_column vc_column_container vc_col-sm-12\"><div class=\"vc_column-inner\"><div class=\"wpb_wrapper\"><div class=\"vc_empty_space\"   style=\"height: 25px\"><span class=\"vc_empty_space_inner\"><\/span><\/div><h2 style=\"font-size: 30px;color: #1B508C;text-align: left\" class=\"vc_custom_heading vc_do_custom_heading\" >Consigli e trucchi per la vita in camper<\/h2><div class=\"vc_empty_space\"   style=\"height: 15px\"><span class=\"vc_empty_space_inner\"><\/span><\/div>\n\t<div class=\"wpb_text_column wpb_content_element\" >\n\t\t<div class=\"wpb_wrapper\">\n\t\t\t<div class=\"flex max-w-full flex-col flex-grow\">\n<div class=\"min-h-&#091;20px&#093; text-message flex w-full flex-col items-end gap-2 whitespace-normal break-words &#091;.text-message+&amp;&#093;:mt-5\" dir=\"auto\" data-message-author-role=\"assistant\" data-message-id=\"cb85b4df-e8a5-45f8-a3d6-ca10b0554499\">\n<div class=\"flex w-full flex-col gap-1 empty:hidden first:pt-&#091;3px&#093;\">\n<div class=\"markdown prose w-full break-words dark:prose-invert light\">\n<p>Durante il nostro viaggio abbiamo imparato che spesso \u00e8 proprio la comunit\u00e0 dei campeggiatori a offrirci aiuto e consigli. I problemi si risolvono spesso spontaneamente sul posto. In campeggio, ovunque si incontrino persone che hanno sempre un consiglio utile da dare.<\/p>\n<\/div>\n<\/div>\n<\/div>\n<\/div>\n\n\t\t<\/div>\n\t<\/div>\n<div class=\"vc_empty_space\"   style=\"height: 15px\"><span class=\"vc_empty_space_inner\"><\/span><\/div><h2 style=\"font-size: 30px;color: #1B508C;text-align: left\" class=\"vc_custom_heading vc_do_custom_heading\" >Il viaggio di Illo e Mops nel camper Ahorn Camp<\/h2><div class=\"vc_empty_space\"   style=\"height: 15px\"><span class=\"vc_empty_space_inner\"><\/span><\/div><div class=\"vc_row wpb_row vc_inner vc_row-fluid\"><div class=\"wpb_column vc_column_container vc_col-sm-6\"><div class=\"vc_column-inner\"><div class=\"wpb_wrapper\">\n\t<div class=\"wpb_video_widget wpb_content_element vc_clearfix   vc_video-aspect-ratio-169 vc_video-align-center\" >\n\t\t<div class=\"wpb_wrapper\" style=\"width: 100%\">\n\t\t\t\n\t\t\t<div class=\"wpb_video_wrapper\"><iframe title=\"Andiamo a scoprire qualcosa a Spira | Ahorn Camp e Ahorn Rent\" width=\"500\" height=\"281\" src=\"https:\/\/www.youtube.com\/embed\/jbAricu--48?feature=oembed\" frameborder=\"0\" allow=\"accelerometer; autoplay; clipboard-write; encrypted-media; gyroscope; picture-in-picture; web-share\" referrerpolicy=\"strict-origin-when-cross-origin\" allowfullscreen><\/iframe><\/div>\n\t\t<\/div>\n\t<\/div>\n<\/div><\/div><\/div><div class=\"wpb_column vc_column_container vc_col-sm-6\"><div class=\"vc_column-inner\"><div class=\"wpb_wrapper\">\n\t<div class=\"wpb_video_widget wpb_content_element vc_clearfix   vc_video-aspect-ratio-169 vc_video-align-center\" >\n\t\t<div class=\"wpb_wrapper\" style=\"width: 100%\">\n\t\t\t\n\t\t\t<div class=\"wpb_video_wrapper\"><iframe title=\"Il nostro nuovo compagno di viaggio per il tour della Germania ???????? Ahorn A690\" width=\"500\" height=\"281\" src=\"https:\/\/www.youtube.com\/embed\/31upiirMoPI?feature=oembed\" frameborder=\"0\" allow=\"accelerometer; autoplay; clipboard-write; encrypted-media; gyroscope; picture-in-picture; web-share\" referrerpolicy=\"strict-origin-when-cross-origin\" allowfullscreen><\/iframe><\/div>\n\t\t<\/div>\n\t<\/div>\n<\/div><\/div><\/div><\/div><div class=\"vc_row wpb_row vc_inner vc_row-fluid\"><div class=\"wpb_column vc_column_container vc_col-sm-6\"><div class=\"vc_column-inner\"><div class=\"wpb_wrapper\">\n\t<div class=\"wpb_video_widget wpb_content_element vc_clearfix   vc_video-aspect-ratio-169 vc_video-align-center\" >\n\t\t<div class=\"wpb_wrapper\" style=\"width: 100%\">\n\t\t\t\n\t\t\t<div class=\"wpb_video_wrapper\"><iframe title=\"Camperemo in modo completamente diverso | Ci piacer\u00e0? Posto privato di AlpacaCamping\" width=\"500\" height=\"281\" src=\"https:\/\/www.youtube.com\/embed\/dJeHL40LdsY?feature=oembed\" frameborder=\"0\" allow=\"accelerometer; autoplay; clipboard-write; encrypted-media; gyroscope; picture-in-picture; web-share\" referrerpolicy=\"strict-origin-when-cross-origin\" allowfullscreen><\/iframe><\/div>\n\t\t<\/div>\n\t<\/div>\n<\/div><\/div><\/div><div class=\"wpb_column vc_column_container vc_col-sm-6\"><div class=\"vc_column-inner\"><div class=\"wpb_wrapper\">\n\t<div class=\"wpb_video_widget wpb_content_element vc_clearfix   vc_video-aspect-ratio-169 vc_video-align-center\" >\n\t\t<div class=\"wpb_wrapper\" style=\"width: 100%\">\n\t\t\t\n\t\t\t<div class=\"wpb_video_wrapper\"><iframe title=\"Splendidi campeggi immersi nella natura in fattorie | La Germania pu\u00f2 essere cos\u00ec bella ???????? AlpacaCamping\" width=\"500\" height=\"281\" src=\"https:\/\/www.youtube.com\/embed\/3Qv9EWqdJpA?feature=oembed\" frameborder=\"0\" allow=\"accelerometer; autoplay; clipboard-write; encrypted-media; gyroscope; picture-in-picture; web-share\" referrerpolicy=\"strict-origin-when-cross-origin\" allowfullscreen><\/iframe><\/div>\n\t\t<\/div>\n\t<\/div>\n<\/div><\/div><\/div><\/div><div class=\"vc_empty_space\"   style=\"height: 25px\"><span class=\"vc_empty_space_inner\"><\/span><\/div><\/div><\/div><\/div><\/div>\n<\/div>","protected":false},"excerpt":{"rendered":"<p>Il campeggio significa libert\u00e0: niente orari fissi per i pasti, nuove conoscenze e la possibilit\u00e0 di spostarsi quando si vuole. \u00c8 proprio questo che gli YouTuber apprezzano della vita in camper. Mops (34) e Illo (36) viaggiano in camper con il loro figlio (allora 5enne) da maggio 2022 per visitare l'Europa. Leggi del viaggio in campeggio nel T690 degli YouTuber.<\/p>","protected":false},"author":2,"featured_media":26333,"comment_status":"closed","ping_status":"closed","sticky":false,"template":"","format":"standard","meta":{"content-type":"","footnotes":""},"categories":[208],"tags":[],"class_list":["post-26310","post","type-post","status-publish","format-standard","has-post-thumbnail","hentry","category-blog"],"yoast_head":"<!-- This site is optimized with the Yoast SEO plugin v28.4 - https:\/\/yoast.com\/product\/yoast-seo-wordpress\/ -->\n<title>YouTuber Illo und Mops mit dem T690 unterwegs<\/title>\n<meta name=\"description\" content=\"Camping bedeutet Freiheit. Lesen Sie \u00fcber die Camping-Reise im Ahorn Camp Wohnmobil T690 von den YouTubern Illo und Mops.\" \/>\n<meta name=\"robots\" content=\"index, follow, max-snippet:-1, max-image-preview:large, max-video-preview:-1\" \/>\n<link rel=\"canonical\" href=\"https:\/\/ahorn-camp.de\/it\/illo-e-mops\/\" \/>\n<meta property=\"og:locale\" content=\"it_IT\" \/>\n<meta property=\"og:type\" content=\"article\" \/>\n<meta property=\"og:title\" content=\"YouTuber Illo und Mops mit dem T690 unterwegs\" \/>\n<meta property=\"og:description\" content=\"Camping bedeutet Freiheit. Lesen Sie \u00fcber die Camping-Reise im Ahorn Camp Wohnmobil T690 von den YouTubern Illo und Mops.\" \/>\n<meta property=\"og:url\" content=\"https:\/\/ahorn-camp.de\/it\/illo-e-mops\/\" \/>\n<meta property=\"og:site_name\" content=\"Ahorn Camp | Reisemobile und Kastenwagen\" \/>\n<meta property=\"article:publisher\" content=\"https:\/\/www.facebook.com\/ahorn.wohnmobile\/\" \/>\n<meta property=\"article:published_time\" content=\"2024-11-04T10:32:40+00:00\" \/>\n<meta property=\"article:modified_time\" content=\"2024-11-20T08:31:49+00:00\" \/>\n<meta property=\"og:image\" content=\"https:\/\/ahorn-camp.de\/wp-content\/uploads\/2024\/11\/Design-ohne-Titel-5-768x1024.png\" \/>\n\t<meta property=\"og:image:width\" content=\"768\" \/>\n\t<meta property=\"og:image:height\" content=\"1024\" \/>\n\t<meta property=\"og:image:type\" content=\"image\/png\" \/>\n<meta name=\"author\" content=\"ahorn_admin\" \/>\n<meta name=\"twitter:card\" content=\"summary_large_image\" \/>\n<meta name=\"twitter:label1\" content=\"Scritto da\" \/>\n\t<meta name=\"twitter:data1\" content=\"ahorn_admin\" \/>\n\t<meta name=\"twitter:label2\" content=\"Tempo di lettura stimato\" \/>\n\t<meta name=\"twitter:data2\" content=\"5 minuti\" \/>\n<script type=\"application\/ld+json\" class=\"yoast-schema-graph\">{\"@context\":\"https:\\\/\\\/schema.org\",\"@graph\":[{\"@type\":\"Article\",\"@id\":\"https:\\\/\\\/ahorn-camp.de\\\/illo-und-mops\\\/#article\",\"isPartOf\":{\"@id\":\"https:\\\/\\\/ahorn-camp.de\\\/illo-und-mops\\\/\"},\"author\":{\"name\":\"ahorn_admin\",\"@id\":\"https:\\\/\\\/ahorn-camp.de\\\/#\\\/schema\\\/person\\\/9b60761ba82d5cb8e6db215a88925044\"},\"headline\":\"YouTuber Illo und Mops mit dem T690 unterwegs\",\"datePublished\":\"2024-11-04T10:32:40+00:00\",\"dateModified\":\"2024-11-20T08:31:49+00:00\",\"mainEntityOfPage\":{\"@id\":\"https:\\\/\\\/ahorn-camp.de\\\/illo-und-mops\\\/\"},\"wordCount\":980,\"publisher\":{\"@id\":\"https:\\\/\\\/ahorn-camp.de\\\/#organization\"},\"image\":{\"@id\":\"https:\\\/\\\/ahorn-camp.de\\\/illo-und-mops\\\/#primaryimage\"},\"thumbnailUrl\":\"https:\\\/\\\/ahorn-camp.de\\\/wp-content\\\/uploads\\\/2024\\\/11\\\/Design-ohne-Titel-5.png\",\"articleSection\":[\"Blog\"],\"inLanguage\":\"it-IT\"},{\"@type\":\"WebPage\",\"@id\":\"https:\\\/\\\/ahorn-camp.de\\\/illo-und-mops\\\/\",\"url\":\"https:\\\/\\\/ahorn-camp.de\\\/illo-und-mops\\\/\",\"name\":\"YouTuber Illo und Mops mit dem T690 unterwegs\",\"isPartOf\":{\"@id\":\"https:\\\/\\\/ahorn-camp.de\\\/#website\"},\"primaryImageOfPage\":{\"@id\":\"https:\\\/\\\/ahorn-camp.de\\\/illo-und-mops\\\/#primaryimage\"},\"image\":{\"@id\":\"https:\\\/\\\/ahorn-camp.de\\\/illo-und-mops\\\/#primaryimage\"},\"thumbnailUrl\":\"https:\\\/\\\/ahorn-camp.de\\\/wp-content\\\/uploads\\\/2024\\\/11\\\/Design-ohne-Titel-5.png\",\"datePublished\":\"2024-11-04T10:32:40+00:00\",\"dateModified\":\"2024-11-20T08:31:49+00:00\",\"description\":\"Camping bedeutet Freiheit. Lesen Sie \u00fcber die Camping-Reise im Ahorn Camp Wohnmobil T690 von den YouTubern Illo und Mops.\",\"breadcrumb\":{\"@id\":\"https:\\\/\\\/ahorn-camp.de\\\/illo-und-mops\\\/#breadcrumb\"},\"inLanguage\":\"it-IT\",\"potentialAction\":[{\"@type\":\"ReadAction\",\"target\":[\"https:\\\/\\\/ahorn-camp.de\\\/illo-und-mops\\\/\"]}]},{\"@type\":\"ImageObject\",\"inLanguage\":\"it-IT\",\"@id\":\"https:\\\/\\\/ahorn-camp.de\\\/illo-und-mops\\\/#primaryimage\",\"url\":\"https:\\\/\\\/ahorn-camp.de\\\/wp-content\\\/uploads\\\/2024\\\/11\\\/Design-ohne-Titel-5.png\",\"contentUrl\":\"https:\\\/\\\/ahorn-camp.de\\\/wp-content\\\/uploads\\\/2024\\\/11\\\/Design-ohne-Titel-5.png\",\"width\":1536,\"height\":2048,\"caption\":\"YouTuber Illo und Mops sind mit einem Ahorn Camp Wohnmobil auf Reise\"},{\"@type\":\"BreadcrumbList\",\"@id\":\"https:\\\/\\\/ahorn-camp.de\\\/illo-und-mops\\\/#breadcrumb\",\"itemListElement\":[{\"@type\":\"ListItem\",\"position\":1,\"name\":\"Startseite\",\"item\":\"https:\\\/\\\/ahorn-camp.de\\\/\"},{\"@type\":\"ListItem\",\"position\":2,\"name\":\"YouTuber Illo und Mops mit dem T690 unterwegs\"}]},{\"@type\":\"WebSite\",\"@id\":\"https:\\\/\\\/ahorn-camp.de\\\/#website\",\"url\":\"https:\\\/\\\/ahorn-camp.de\\\/\",\"name\":\"Ahorn Camp | Reisemobile und Kastenwagen\",\"description\":\"Seit \u00fcber 30 Jahren vermarktet das Familienunternehmen, Ahorn Camp in Speyer, erfolgreich Wohnmobile und Kastenwagen zum besten Preis-Leistungsverh\u00e4ltnis.\",\"publisher\":{\"@id\":\"https:\\\/\\\/ahorn-camp.de\\\/#organization\"},\"potentialAction\":[{\"@type\":\"SearchAction\",\"target\":{\"@type\":\"EntryPoint\",\"urlTemplate\":\"https:\\\/\\\/ahorn-camp.de\\\/?s={search_term_string}\"},\"query-input\":{\"@type\":\"PropertyValueSpecification\",\"valueRequired\":true,\"valueName\":\"search_term_string\"}}],\"inLanguage\":\"it-IT\"},{\"@type\":\"Organization\",\"@id\":\"https:\\\/\\\/ahorn-camp.de\\\/#organization\",\"name\":\"Ahorn Camp GmbH & Co. KG\",\"url\":\"https:\\\/\\\/ahorn-camp.de\\\/\",\"logo\":{\"@type\":\"ImageObject\",\"inLanguage\":\"it-IT\",\"@id\":\"https:\\\/\\\/ahorn-camp.de\\\/#\\\/schema\\\/logo\\\/image\\\/\",\"url\":\"https:\\\/\\\/ahorn-camp.de\\\/wp-content\\\/uploads\\\/2018\\\/12\\\/Ahorn_Logo.jpg\",\"contentUrl\":\"https:\\\/\\\/ahorn-camp.de\\\/wp-content\\\/uploads\\\/2018\\\/12\\\/Ahorn_Logo.jpg\",\"width\":1437,\"height\":1000,\"caption\":\"Ahorn Camp GmbH & Co. KG\"},\"image\":{\"@id\":\"https:\\\/\\\/ahorn-camp.de\\\/#\\\/schema\\\/logo\\\/image\\\/\"},\"sameAs\":[\"https:\\\/\\\/www.facebook.com\\\/ahorn.wohnmobile\\\/\",\"https:\\\/\\\/www.instagram.com\\\/ahorn.camp\\\/\",\"https:\\\/\\\/www.youtube.com\\\/channel\\\/UCPFbPCts1JJ_A1k9vyH0yOQ\"]},{\"@type\":\"Person\",\"@id\":\"https:\\\/\\\/ahorn-camp.de\\\/#\\\/schema\\\/person\\\/9b60761ba82d5cb8e6db215a88925044\",\"name\":\"ahorn_admin\",\"image\":{\"@type\":\"ImageObject\",\"inLanguage\":\"it-IT\",\"@id\":\"https:\\\/\\\/secure.gravatar.com\\\/avatar\\\/d96b9a078083b0c14cee48589feadd939c3cdd66547e2f3f1569470371daaaa5?s=96&d=mm&r=g\",\"url\":\"https:\\\/\\\/secure.gravatar.com\\\/avatar\\\/d96b9a078083b0c14cee48589feadd939c3cdd66547e2f3f1569470371daaaa5?s=96&d=mm&r=g\",\"contentUrl\":\"https:\\\/\\\/secure.gravatar.com\\\/avatar\\\/d96b9a078083b0c14cee48589feadd939c3cdd66547e2f3f1569470371daaaa5?s=96&d=mm&r=g\",\"caption\":\"ahorn_admin\"},\"sameAs\":[\"http:\\\/\\\/Ahorn%20Camp\"],\"url\":\"https:\\\/\\\/ahorn-camp.de\\\/it\\\/author\\\/ahorn_admin\\\/\"}]}<\/script>\n<!-- \/ Yoast SEO plugin. -->","yoast_head_json":{"title":"YouTuber Illo und Mops in viaggio con il T690","description":"Il campeggio \u00e8 sinonimo di libert\u00e0. Scoprite il viaggio in camper Ahorn Camp T690 degli YouTuber Illo e Mops.","robots":{"index":"index","follow":"follow","max-snippet":"max-snippet:-1","max-image-preview":"max-image-preview:large","max-video-preview":"max-video-preview:-1"},"canonical":"https:\/\/ahorn-camp.de\/it\/illo-e-mops\/","og_locale":"it_IT","og_type":"article","og_title":"YouTuber Illo und Mops mit dem T690 unterwegs","og_description":"Camping bedeutet Freiheit. Lesen Sie \u00fcber die Camping-Reise im Ahorn Camp Wohnmobil T690 von den YouTubern Illo und Mops.","og_url":"https:\/\/ahorn-camp.de\/it\/illo-e-mops\/","og_site_name":"Ahorn Camp | Reisemobile und Kastenwagen","article_publisher":"https:\/\/www.facebook.com\/ahorn.wohnmobile\/","article_published_time":"2024-11-04T10:32:40+00:00","article_modified_time":"2024-11-20T08:31:49+00:00","og_image":[{"width":768,"height":1024,"url":"https:\/\/ahorn-camp.de\/wp-content\/uploads\/2024\/11\/Design-ohne-Titel-5-768x1024.png","type":"image\/png"}],"author":"ahorn_admin","twitter_card":"summary_large_image","twitter_misc":{"Scritto da":"ahorn_admin","Tempo di lettura stimato":"5 minuti"},"schema":{"@context":"https:\/\/schema.org","@graph":[{"@type":"Article","@id":"https:\/\/ahorn-camp.de\/illo-und-mops\/#article","isPartOf":{"@id":"https:\/\/ahorn-camp.de\/illo-und-mops\/"},"author":{"name":"ahorn_admin","@id":"https:\/\/ahorn-camp.de\/#\/schema\/person\/9b60761ba82d5cb8e6db215a88925044"},"headline":"YouTuber Illo und Mops mit dem T690 unterwegs","datePublished":"2024-11-04T10:32:40+00:00","dateModified":"2024-11-20T08:31:49+00:00","mainEntityOfPage":{"@id":"https:\/\/ahorn-camp.de\/illo-und-mops\/"},"wordCount":980,"publisher":{"@id":"https:\/\/ahorn-camp.de\/#organization"},"image":{"@id":"https:\/\/ahorn-camp.de\/illo-und-mops\/#primaryimage"},"thumbnailUrl":"https:\/\/ahorn-camp.de\/wp-content\/uploads\/2024\/11\/Design-ohne-Titel-5.png","articleSection":["Blog"],"inLanguage":"it-IT"},{"@type":"WebPage","@id":"https:\/\/ahorn-camp.de\/illo-und-mops\/","url":"https:\/\/ahorn-camp.de\/illo-und-mops\/","name":"YouTuber Illo und Mops in viaggio con il T690","isPartOf":{"@id":"https:\/\/ahorn-camp.de\/#website"},"primaryImageOfPage":{"@id":"https:\/\/ahorn-camp.de\/illo-und-mops\/#primaryimage"},"image":{"@id":"https:\/\/ahorn-camp.de\/illo-und-mops\/#primaryimage"},"thumbnailUrl":"https:\/\/ahorn-camp.de\/wp-content\/uploads\/2024\/11\/Design-ohne-Titel-5.png","datePublished":"2024-11-04T10:32:40+00:00","dateModified":"2024-11-20T08:31:49+00:00","description":"Il campeggio \u00e8 sinonimo di libert\u00e0. Scoprite il viaggio in camper Ahorn Camp T690 degli YouTuber Illo e Mops.","breadcrumb":{"@id":"https:\/\/ahorn-camp.de\/illo-und-mops\/#breadcrumb"},"inLanguage":"it-IT","potentialAction":[{"@type":"ReadAction","target":["https:\/\/ahorn-camp.de\/illo-und-mops\/"]}]},{"@type":"ImageObject","inLanguage":"it-IT","@id":"https:\/\/ahorn-camp.de\/illo-und-mops\/#primaryimage","url":"https:\/\/ahorn-camp.de\/wp-content\/uploads\/2024\/11\/Design-ohne-Titel-5.png","contentUrl":"https:\/\/ahorn-camp.de\/wp-content\/uploads\/2024\/11\/Design-ohne-Titel-5.png","width":1536,"height":2048,"caption":"YouTuber Illo und Mops sind mit einem Ahorn Camp Wohnmobil auf Reise"},{"@type":"BreadcrumbList","@id":"https:\/\/ahorn-camp.de\/illo-und-mops\/#breadcrumb","itemListElement":[{"@type":"ListItem","position":1,"name":"Startseite","item":"https:\/\/ahorn-camp.de\/"},{"@type":"ListItem","position":2,"name":"YouTuber Illo und Mops mit dem T690 unterwegs"}]},{"@type":"WebSite","@id":"https:\/\/ahorn-camp.de\/#website","url":"https:\/\/ahorn-camp.de\/","name":"Ahorn Camp | Camper e furgonati","description":"Da oltre 30 anni l'azienda a conduzione familiare, Ahorn Camp a Speyer, commercializza con successo camper e furgoni al miglior rapporto qualit\u00e0-prezzo.","publisher":{"@id":"https:\/\/ahorn-camp.de\/#organization"},"potentialAction":[{"@type":"SearchAction","target":{"@type":"EntryPoint","urlTemplate":"https:\/\/ahorn-camp.de\/?s={search_term_string}"},"query-input":{"@type":"PropertyValueSpecification","valueRequired":true,"valueName":"search_term_string"}}],"inLanguage":"it-IT"},{"@type":"Organization","@id":"https:\/\/ahorn-camp.de\/#organization","name":"Ahorn Camp GmbH &amp; Co. KG","url":"https:\/\/ahorn-camp.de\/","logo":{"@type":"ImageObject","inLanguage":"it-IT","@id":"https:\/\/ahorn-camp.de\/#\/schema\/logo\/image\/","url":"https:\/\/ahorn-camp.de\/wp-content\/uploads\/2018\/12\/Ahorn_Logo.jpg","contentUrl":"https:\/\/ahorn-camp.de\/wp-content\/uploads\/2018\/12\/Ahorn_Logo.jpg","width":1437,"height":1000,"caption":"Ahorn Camp GmbH & Co. KG"},"image":{"@id":"https:\/\/ahorn-camp.de\/#\/schema\/logo\/image\/"},"sameAs":["https:\/\/www.facebook.com\/ahorn.wohnmobile\/","https:\/\/www.instagram.com\/ahorn.camp\/","https:\/\/www.youtube.com\/channel\/UCPFbPCts1JJ_A1k9vyH0yOQ"]},{"@type":"Person","@id":"https:\/\/ahorn-camp.de\/#\/schema\/person\/9b60761ba82d5cb8e6db215a88925044","name":"ahorn_admin","image":{"@type":"ImageObject","inLanguage":"it-IT","@id":"https:\/\/secure.gravatar.com\/avatar\/d96b9a078083b0c14cee48589feadd939c3cdd66547e2f3f1569470371daaaa5?s=96&d=mm&r=g","url":"https:\/\/secure.gravatar.com\/avatar\/d96b9a078083b0c14cee48589feadd939c3cdd66547e2f3f1569470371daaaa5?s=96&d=mm&r=g","contentUrl":"https:\/\/secure.gravatar.com\/avatar\/d96b9a078083b0c14cee48589feadd939c3cdd66547e2f3f1569470371daaaa5?s=96&d=mm&r=g","caption":"ahorn_admin"},"sameAs":["http:\/\/Ahorn%20Camp"],"url":"https:\/\/ahorn-camp.de\/it\/author\/ahorn_admin\/"}]}},"_links":{"self":[{"href":"https:\/\/ahorn-camp.de\/it\/wp-json\/wp\/v2\/posts\/26310","targetHints":{"allow":["GET"]}}],"collection":[{"href":"https:\/\/ahorn-camp.de\/it\/wp-json\/wp\/v2\/posts"}],"about":[{"href":"https:\/\/ahorn-camp.de\/it\/wp-json\/wp\/v2\/types\/post"}],"author":[{"embeddable":true,"href":"https:\/\/ahorn-camp.de\/it\/wp-json\/wp\/v2\/users\/2"}],"replies":[{"embeddable":true,"href":"https:\/\/ahorn-camp.de\/it\/wp-json\/wp\/v2\/comments?post=26310"}],"version-history":[{"count":0,"href":"https:\/\/ahorn-camp.de\/it\/wp-json\/wp\/v2\/posts\/26310\/revisions"}],"wp:featuredmedia":[{"embeddable":true,"href":"https:\/\/ahorn-camp.de\/it\/wp-json\/wp\/v2\/media\/26333"}],"wp:attachment":[{"href":"https:\/\/ahorn-camp.de\/it\/wp-json\/wp\/v2\/media?parent=26310"}],"wp:term":[{"taxonomy":"category","embeddable":true,"href":"https:\/\/ahorn-camp.de\/it\/wp-json\/wp\/v2\/categories?post=26310"},{"taxonomy":"post_tag","embeddable":true,"href":"https:\/\/ahorn-camp.de\/it\/wp-json\/wp\/v2\/tags?post=26310"}],"curies":[{"name":"wp","href":"https:\/\/api.w.org\/{rel}","templated":true}]}}