{"id":25202,"date":"2024-09-23T15:47:37","date_gmt":"2024-09-23T13:47:37","guid":{"rendered":"https:\/\/ahorn-camp.de\/?p=25202"},"modified":"2024-10-16T10:39:09","modified_gmt":"2024-10-16T08:39:09","slug":"vacanza-in-camper-con-bambino-e-neonato","status":"publish","type":"post","link":"https:\/\/ahorn-camp.de\/it\/wohnmobil-urlaub-mit-baby-und-kleinkind\/","title":{"rendered":"Vacanze in camper con bambini e neonati"},"content":{"rendered":"<div class=\"wpb-content-wrapper\"><div class=\"vc_row wpb_row vc_row-fluid\"><div class=\"wpb_column vc_column_container vc_col-sm-12\"><div class=\"vc_column-inner\"><div class=\"wpb_wrapper\"><h2 style=\"font-size: 30px;color: #1B508C;text-align: left\" class=\"vc_custom_heading vc_do_custom_heading\" >So war\u2019s bei uns!<\/h2><div class=\"vc_empty_space\"   style=\"height: 15px\"><span class=\"vc_empty_space_inner\"><\/span><\/div>\n\t<div class=\"wpb_text_column wpb_content_element\" >\n\t\t<div class=\"wpb_wrapper\">\n\t\t\t<p>Der n\u00e4chste Familienurlaub steht vor der T\u00fcr und Sie \u00fcberlegen noch wo es hingehen soll? Ob ein Wohnmobil Urlaub mit zwei Kindern unter 2 m\u00f6glich ist, welchen Stress man vermeiden kann und wie es zu einem der sch\u00f6nsten Urlaube als Familie werden kann, lesen Sie hier in unserem Blogbeitrag von der Familienfotografin Sophia.<\/p>\n\n\t\t<\/div>\n\t<\/div>\n<div class=\"vc_empty_space\"   style=\"height: 15px\"><span class=\"vc_empty_space_inner\"><\/span><\/div>\n\t<div  class=\"wpb_single_image wpb_content_element vc_align_center wpb_content_element\">\n\t\t\n\t\t<figure class=\"wpb_wrapper vc_figure\">\n\t\t\t<div class=\"vc_single_image-wrapper   vc_box_border_grey\"><img fetchpriority=\"high\" decoding=\"async\" width=\"2560\" height=\"1707\" src=\"https:\/\/ahorn-camp.de\/wp-content\/uploads\/2024\/09\/MG_8467-scaled.jpg\" class=\"vc_single_image-img attachment-full\" alt=\"Urlaub im Wohnmobil mit Baby und Kleinkind\" title=\"Urlaub im Wohnmobil mit Baby und Kleinkind\" srcset=\"https:\/\/ahorn-camp.de\/wp-content\/uploads\/2024\/09\/MG_8467-scaled.jpg 2560w, https:\/\/ahorn-camp.de\/wp-content\/uploads\/2024\/09\/MG_8467-300x200.jpg 300w, https:\/\/ahorn-camp.de\/wp-content\/uploads\/2024\/09\/MG_8467-1024x683.jpg 1024w, https:\/\/ahorn-camp.de\/wp-content\/uploads\/2024\/09\/MG_8467-768x512.jpg 768w, https:\/\/ahorn-camp.de\/wp-content\/uploads\/2024\/09\/MG_8467-800x533.jpg 800w, https:\/\/ahorn-camp.de\/wp-content\/uploads\/2024\/09\/MG_8467-1536x1024.jpg 1536w, https:\/\/ahorn-camp.de\/wp-content\/uploads\/2024\/09\/MG_8467-2048x1365.jpg 2048w\" sizes=\"(max-width: 2560px) 100vw, 2560px\" \/><\/div>\n\t\t<\/figure>\n\t<\/div>\n<div class=\"vc_empty_space\"   style=\"height: 25px\"><span class=\"vc_empty_space_inner\"><\/span><\/div>\n\t<div class=\"wpb_text_column wpb_content_element\" >\n\t\t<div class=\"wpb_wrapper\">\n\t\t\t<p>Der Sommer r\u00fcckte n\u00e4her und das Fernweh wurde gr\u00f6\u00dfer. Also schnappte ich mir mein Laptop und begann mit der Suche. Welcher Urlaub passt zu uns und wo wollen wir hin? Seit einigen Wochen waren wir Eltern von \u201eTwo under Two\u201c. Mit einem 22 Monate altem Kleinkind und einem 3 Monate alten Baby, gestaltete sich die Suche als gar nicht so einfach. Wir wollten vor Ort alles zu Fu\u00df erreichen k\u00f6nnen, die Unterkunft sollte gut ausgestattet sein f\u00fcr eine Familie. Babybett, Hochst\u00fchlen, Garten, Nah am Wasser und und und. Solltet ihr schon mal mit Kindern verreist sein, wisst ihr sicher, wie schwierig es ist einen kinderfreundlichen Urlaub zu planen. Die Suche war nicht erfolgreich und wir konnten nicht das passende finden. Hotelurlaub mit Kind &#8211; auf gar keine Fall. Also warum nicht mal etwas ganz neues und mit einem Wohnmobil Unterwegs sein? Da haben wir schlie\u00dflich alles dabei und k\u00f6nnen direkt dort hin fahren, wohin wir wollen. Diese Vorstellung von Freiheit und Einfachheit war es, was uns \u00fcberzeugte.<\/p>\n\n\t\t<\/div>\n\t<\/div>\n<div class=\"vc_empty_space\"   style=\"height: 15px\"><span class=\"vc_empty_space_inner\"><\/span><\/div><div class=\"vc_row wpb_row vc_inner vc_row-fluid\"><div class=\"wpb_column vc_column_container vc_col-sm-4\"><div class=\"vc_column-inner\"><div class=\"wpb_wrapper\">\n\t<div  class=\"wpb_single_image wpb_content_element vc_align_center wpb_content_element\">\n\t\t\n\t\t<figure class=\"wpb_wrapper vc_figure\">\n\t\t\t<div class=\"vc_single_image-wrapper   vc_box_border_grey\"><img decoding=\"async\" width=\"2560\" height=\"1707\" src=\"https:\/\/ahorn-camp.de\/wp-content\/uploads\/2024\/09\/MG_8709-scaled.jpg\" class=\"vc_single_image-img attachment-full\" alt=\"Urlaub im Wohnmobil mit Baby und Kleinkind:\" title=\"Urlaub im Wohnmobil mit Baby und Kleinkind:\" srcset=\"https:\/\/ahorn-camp.de\/wp-content\/uploads\/2024\/09\/MG_8709-scaled.jpg 2560w, https:\/\/ahorn-camp.de\/wp-content\/uploads\/2024\/09\/MG_8709-300x200.jpg 300w, https:\/\/ahorn-camp.de\/wp-content\/uploads\/2024\/09\/MG_8709-1024x683.jpg 1024w, https:\/\/ahorn-camp.de\/wp-content\/uploads\/2024\/09\/MG_8709-768x512.jpg 768w, https:\/\/ahorn-camp.de\/wp-content\/uploads\/2024\/09\/MG_8709-800x533.jpg 800w, https:\/\/ahorn-camp.de\/wp-content\/uploads\/2024\/09\/MG_8709-1536x1024.jpg 1536w, https:\/\/ahorn-camp.de\/wp-content\/uploads\/2024\/09\/MG_8709-2048x1365.jpg 2048w\" sizes=\"(max-width: 2560px) 100vw, 2560px\" \/><\/div>\n\t\t<\/figure>\n\t<\/div>\n<\/div><\/div><\/div><div class=\"wpb_column vc_column_container vc_col-sm-4\"><div class=\"vc_column-inner\"><div class=\"wpb_wrapper\">\n\t<div  class=\"wpb_single_image wpb_content_element vc_align_center wpb_content_element\">\n\t\t\n\t\t<figure class=\"wpb_wrapper vc_figure\">\n\t\t\t<div class=\"vc_single_image-wrapper   vc_box_border_grey\"><img decoding=\"async\" width=\"2560\" height=\"1707\" src=\"https:\/\/ahorn-camp.de\/wp-content\/uploads\/2024\/09\/MG_8606-scaled.jpg\" class=\"vc_single_image-img attachment-full\" alt=\"Urlaub im Wohnmobil mit Baby und Kleinkind:\" title=\"_MG_8606\" srcset=\"https:\/\/ahorn-camp.de\/wp-content\/uploads\/2024\/09\/MG_8606-scaled.jpg 2560w, https:\/\/ahorn-camp.de\/wp-content\/uploads\/2024\/09\/MG_8606-300x200.jpg 300w, https:\/\/ahorn-camp.de\/wp-content\/uploads\/2024\/09\/MG_8606-1024x683.jpg 1024w, https:\/\/ahorn-camp.de\/wp-content\/uploads\/2024\/09\/MG_8606-768x512.jpg 768w, https:\/\/ahorn-camp.de\/wp-content\/uploads\/2024\/09\/MG_8606-800x533.jpg 800w, https:\/\/ahorn-camp.de\/wp-content\/uploads\/2024\/09\/MG_8606-1536x1024.jpg 1536w, https:\/\/ahorn-camp.de\/wp-content\/uploads\/2024\/09\/MG_8606-2048x1365.jpg 2048w\" sizes=\"(max-width: 2560px) 100vw, 2560px\" \/><\/div>\n\t\t<\/figure>\n\t<\/div>\n<\/div><\/div><\/div><div class=\"wpb_column vc_column_container vc_col-sm-4\"><div class=\"vc_column-inner\"><div class=\"wpb_wrapper\">\n\t<div  class=\"wpb_single_image wpb_content_element vc_align_center wpb_content_element\">\n\t\t\n\t\t<figure class=\"wpb_wrapper vc_figure\">\n\t\t\t<div class=\"vc_single_image-wrapper   vc_box_border_grey\"><img loading=\"lazy\" decoding=\"async\" width=\"2560\" height=\"1707\" src=\"https:\/\/ahorn-camp.de\/wp-content\/uploads\/2024\/09\/MG_8625-scaled.jpg\" class=\"vc_single_image-img attachment-full\" alt=\"Urlaub im Wohnmobil mit Baby und Kleinkind:\" title=\"Urlaub im Wohnmobil mit Baby und Kleinkind:\" srcset=\"https:\/\/ahorn-camp.de\/wp-content\/uploads\/2024\/09\/MG_8625-scaled.jpg 2560w, https:\/\/ahorn-camp.de\/wp-content\/uploads\/2024\/09\/MG_8625-300x200.jpg 300w, https:\/\/ahorn-camp.de\/wp-content\/uploads\/2024\/09\/MG_8625-1024x683.jpg 1024w, https:\/\/ahorn-camp.de\/wp-content\/uploads\/2024\/09\/MG_8625-768x512.jpg 768w, https:\/\/ahorn-camp.de\/wp-content\/uploads\/2024\/09\/MG_8625-800x533.jpg 800w, https:\/\/ahorn-camp.de\/wp-content\/uploads\/2024\/09\/MG_8625-1536x1024.jpg 1536w, https:\/\/ahorn-camp.de\/wp-content\/uploads\/2024\/09\/MG_8625-2048x1365.jpg 2048w\" sizes=\"(max-width: 2560px) 100vw, 2560px\" \/><\/div>\n\t\t<\/figure>\n\t<\/div>\n<\/div><\/div><\/div><\/div><\/div><\/div><\/div><\/div><div class=\"vc_row wpb_row vc_row-fluid\"><div class=\"wpb_column vc_column_container vc_col-sm-12\"><div class=\"vc_column-inner\"><div class=\"wpb_wrapper\"><h2 style=\"font-size: 30px;color: #1B508C;text-align: left\" class=\"vc_custom_heading vc_do_custom_heading\" >Das passende Wohnmobil f\u00fcr unsere Bed\u00fcrfnisse<\/h2><div class=\"vc_empty_space\"   style=\"height: 15px\"><span class=\"vc_empty_space_inner\"><\/span><\/div>\n\t<div class=\"wpb_text_column wpb_content_element\" >\n\t\t<div class=\"wpb_wrapper\">\n\t\t\t<p>Also auf zu Ahorncamp. Wir haben uns an einem Samstag alle Modelle im Showroom in Speyer angeschaut. Von Camper Van bis Teilintegriert. Das empfehle ich sehr um ein Raumgef\u00fchl zu bekommen und sich vor Ort von dem kompetenten Team beraten zu lassen. Mit zwei Kindern an Board wollten wir sicher sein, dass wir auch bei Regentagen die M\u00f6glichkeit haben uns im Wohnmobil wohl zu f\u00fchlen.<\/p>\n<p>Zu Hause schlafen wir alle in einem gro\u00dfen Familienbett, daher wollten wir ein Fahrzeug mit einem gro\u00dfen Bett und nicht mehreren kleinen Schlafpl\u00e4tzen. Ziemlich schnell haben wir uns f\u00fcr den Ahorn ACT690 entschieden. Da fanden wir das Raumgef\u00fchl einfach am gem\u00fctlichsten. In diesem Teilintegrierten gibt es genug Platz um bei Regentagen eventuell auch drinnen Zeit zu Viert zu verbringen. Die Einzelbetten lassen sich mit einem Einlegepolstern schnell zu einer gro\u00dfem Familienbett erweitern. Die ger\u00e4umige Garage war f\u00fcr uns auch super wichtig. F\u00fcr Kinderst\u00fchle, Liegen, Doppelkinderwagen und co. war gen\u00fcgend Platz da und man konnte alles stressfrei Be- und Entladen.<\/p>\n\n\t\t<\/div>\n\t<\/div>\n<\/div><\/div><\/div><\/div><div class=\"vc_row wpb_row vc_row-fluid\"><div class=\"wpb_column vc_column_container vc_col-sm-12\"><div class=\"vc_column-inner\"><div class=\"wpb_wrapper\"><div class=\"vc_empty_space\"   style=\"height: 25px\"><span class=\"vc_empty_space_inner\"><\/span><\/div><h2 style=\"font-size: 30px;color: #1B508C;text-align: left\" class=\"vc_custom_heading vc_do_custom_heading\" >Unsere Fahrt mit Wohnmobil und Kindern<\/h2><div class=\"vc_empty_space\"   style=\"height: 15px\"><span class=\"vc_empty_space_inner\"><\/span><\/div>\n\t<div class=\"wpb_text_column wpb_content_element\" >\n\t\t<div class=\"wpb_wrapper\">\n\t\t\t<p>Dann ging\u2019s On the Road Richtung Meer. F\u00fcr unser erstes Mal wollten wir keine zu lange Route. Unser Ziel war die Nordsee in Nord Holland. Von Speyer sind das ca 600 km. Wir haben bei der Campingplatz suche darauf geachtet, dass es Angebote f\u00fcr Kinder wie einen Spielplatz gibt. Unser Tip: kindergerechte Sanit\u00e4ranlagen (das wussten wir vorher auch nicht, dass es das gibt. Aber dadurch, dass man so viel drau\u00dfen spielt und sch\u00f6n dreckig wird, ist es sehr wichtig, wenn die Sanit\u00e4ranlagen auch f\u00fcr Kinder ausgerichtet sind. Das macht alles so viel einfacher.<\/p>\n\n\t\t<\/div>\n\t<\/div>\n<div class=\"vc_empty_space\"   style=\"height: 15px\"><span class=\"vc_empty_space_inner\"><\/span><\/div><div class=\"vc_row wpb_row vc_inner vc_row-fluid\"><div class=\"wpb_column vc_column_container vc_col-sm-4\"><div class=\"vc_column-inner\"><div class=\"wpb_wrapper\">\n\t<div  class=\"wpb_single_image wpb_content_element vc_align_center wpb_content_element\">\n\t\t\n\t\t<figure class=\"wpb_wrapper vc_figure\">\n\t\t\t<div class=\"vc_single_image-wrapper   vc_box_border_grey\"><img loading=\"lazy\" decoding=\"async\" width=\"2560\" height=\"1707\" src=\"https:\/\/ahorn-camp.de\/wp-content\/uploads\/2024\/09\/MG_8719-scaled.jpg\" class=\"vc_single_image-img attachment-full\" alt=\"\" title=\"_MG_8719\" srcset=\"https:\/\/ahorn-camp.de\/wp-content\/uploads\/2024\/09\/MG_8719-scaled.jpg 2560w, https:\/\/ahorn-camp.de\/wp-content\/uploads\/2024\/09\/MG_8719-300x200.jpg 300w, https:\/\/ahorn-camp.de\/wp-content\/uploads\/2024\/09\/MG_8719-1024x683.jpg 1024w, https:\/\/ahorn-camp.de\/wp-content\/uploads\/2024\/09\/MG_8719-768x512.jpg 768w, https:\/\/ahorn-camp.de\/wp-content\/uploads\/2024\/09\/MG_8719-800x533.jpg 800w, https:\/\/ahorn-camp.de\/wp-content\/uploads\/2024\/09\/MG_8719-1536x1024.jpg 1536w, https:\/\/ahorn-camp.de\/wp-content\/uploads\/2024\/09\/MG_8719-2048x1365.jpg 2048w\" sizes=\"(max-width: 2560px) 100vw, 2560px\" \/><\/div>\n\t\t<\/figure>\n\t<\/div>\n<\/div><\/div><\/div><div class=\"wpb_column vc_column_container vc_col-sm-4\"><div class=\"vc_column-inner\"><div class=\"wpb_wrapper\">\n\t<div  class=\"wpb_single_image wpb_content_element vc_align_center wpb_content_element\">\n\t\t\n\t\t<figure class=\"wpb_wrapper vc_figure\">\n\t\t\t<div class=\"vc_single_image-wrapper   vc_box_border_grey\"><img loading=\"lazy\" decoding=\"async\" width=\"2560\" height=\"1707\" src=\"https:\/\/ahorn-camp.de\/wp-content\/uploads\/2024\/09\/MG_8740-scaled.jpg\" class=\"vc_single_image-img attachment-full\" alt=\"n Urlaub im Wohnmobil mit Baby und Kleinkind\" title=\"n Urlaub im Wohnmobil mit Baby und Kleinkind\" srcset=\"https:\/\/ahorn-camp.de\/wp-content\/uploads\/2024\/09\/MG_8740-scaled.jpg 2560w, https:\/\/ahorn-camp.de\/wp-content\/uploads\/2024\/09\/MG_8740-300x200.jpg 300w, https:\/\/ahorn-camp.de\/wp-content\/uploads\/2024\/09\/MG_8740-1024x683.jpg 1024w, https:\/\/ahorn-camp.de\/wp-content\/uploads\/2024\/09\/MG_8740-768x512.jpg 768w, https:\/\/ahorn-camp.de\/wp-content\/uploads\/2024\/09\/MG_8740-800x533.jpg 800w, https:\/\/ahorn-camp.de\/wp-content\/uploads\/2024\/09\/MG_8740-1536x1024.jpg 1536w, https:\/\/ahorn-camp.de\/wp-content\/uploads\/2024\/09\/MG_8740-2048x1365.jpg 2048w\" sizes=\"(max-width: 2560px) 100vw, 2560px\" \/><\/div>\n\t\t<\/figure>\n\t<\/div>\n<\/div><\/div><\/div><div class=\"wpb_column vc_column_container vc_col-sm-4\"><div class=\"vc_column-inner\"><div class=\"wpb_wrapper\">\n\t<div  class=\"wpb_single_image wpb_content_element vc_align_center wpb_content_element\">\n\t\t\n\t\t<figure class=\"wpb_wrapper vc_figure\">\n\t\t\t<div class=\"vc_single_image-wrapper   vc_box_border_grey\"><img loading=\"lazy\" decoding=\"async\" width=\"2560\" height=\"1707\" src=\"https:\/\/ahorn-camp.de\/wp-content\/uploads\/2024\/09\/MG_8337-scaled.jpg\" class=\"vc_single_image-img attachment-full\" alt=\"n Urlaub im Wohnmobil mit Baby und Kleinkind\" title=\"n Urlaub im Wohnmobil mit Baby und Kleinkind\" srcset=\"https:\/\/ahorn-camp.de\/wp-content\/uploads\/2024\/09\/MG_8337-scaled.jpg 2560w, https:\/\/ahorn-camp.de\/wp-content\/uploads\/2024\/09\/MG_8337-300x200.jpg 300w, https:\/\/ahorn-camp.de\/wp-content\/uploads\/2024\/09\/MG_8337-1024x683.jpg 1024w, https:\/\/ahorn-camp.de\/wp-content\/uploads\/2024\/09\/MG_8337-768x512.jpg 768w, https:\/\/ahorn-camp.de\/wp-content\/uploads\/2024\/09\/MG_8337-800x533.jpg 800w, https:\/\/ahorn-camp.de\/wp-content\/uploads\/2024\/09\/MG_8337-1536x1024.jpg 1536w, https:\/\/ahorn-camp.de\/wp-content\/uploads\/2024\/09\/MG_8337-2048x1365.jpg 2048w\" sizes=\"(max-width: 2560px) 100vw, 2560px\" \/><\/div>\n\t\t<\/figure>\n\t<\/div>\n<\/div><\/div><\/div><\/div><div class=\"vc_empty_space\"   style=\"height: 15px\"><span class=\"vc_empty_space_inner\"><\/span><\/div>\n\t<div class=\"wpb_text_column wpb_content_element\" >\n\t\t<div class=\"wpb_wrapper\">\n\t\t\t<p>Um etwas mehr Ordnung im Wohnmobil zu bewahren, haben wir auf den Campingpl\u00e4tzen die Sanit\u00e4ranlagen genutzt und nicht im Wohnmobil. Das w\u00e4re nat\u00fcrlich auch m\u00f6glich gewesen, aber man muss mit vier Personen wirklich aufpassen, dass man Ordnung h\u00e4lt. Das ist ein kleiner Nachteil, dass es schneller chaotisch wird auf engem Raum. Ich bin aber davon \u00fcberzeugt, dass sobald man h\u00e4ufiger mit dem Wohnmobil unterwegs ist, ein besseres Ordnungssystem aust\u00fcfteln. Das hatten wir nat\u00fcrlich f\u00fcr unseren ersten Camping Urlaub noch nicht.<\/p>\n<p>Zur\u00fcck zur Fahrt: Das gute an einem Wohnmobil ist, man kann \u00fcberall anhalten und Pause machen und ist nicht an einen Autohof oder an eine Rastst\u00e4tte gebunden. Dadurch, dass unser Baby noch gestillt wird, mussten wir ein h\u00e4ufiger anhalten als geplant. Das war f\u00fcr den Gro\u00dfen aber \u00fcberhaupt nicht schlimm, weil er in der Zeit Wohnmobil rumlaufen konnte oder ein bisschen hinten im Bett toben konnte. Wir haben uns f\u00fcr eine gr\u00f6\u00dfere Pause ein Spielplatz rausgesucht und dort im Wohnmobil zu Mittag gegessen und ein bisschen Zeit drau\u00dfen vor dem Wohnmobil verbracht. So eine entspannte Pause ist mit einer Reise mit dem Auto nicht m\u00f6glich. Da geht man dann doch wieder in irgendeine Fastfoodrestaurant oder kann zwischen Autos und LKWs nicht wirklich spielen. Auch das war f\u00fcr uns ein absolutes pro Argument f\u00fcr den Urlaub mit dem Wohnmobil. Die Fahrt war dadurch super entspannt.<\/p>\n<p>Das Wohnmobil, dass wir uns ausgesucht haben, hatte allerdings nur zwei Sitzpl\u00e4tze hinten und dadurch konnte ein Elternteil w\u00e4hrend der Fahrt nicht hinten bei den Kindern sitzen. Ich empfehle also f\u00fcr l\u00e4ngere Reisen ein Wohnmobil mit drei Sitzpl\u00e4tze hinten zu w\u00e4hlen. F\u00fcr unsere sechsst\u00fcndige Fahrt war das aber kein Problem. Mit dem geeigneten Kindersitz kann auch das Kleinkind mal vorne sitzen.<\/p>\n\n\t\t<\/div>\n\t<\/div>\n<\/div><\/div><\/div><\/div><div class=\"vc_row wpb_row vc_row-fluid\"><div class=\"wpb_column vc_column_container vc_col-sm-12\"><div class=\"vc_column-inner\"><div class=\"wpb_wrapper\"><div class=\"vc_empty_space\"   style=\"height: 25px\"><span class=\"vc_empty_space_inner\"><\/span><\/div><h2 style=\"font-size: 30px;color: #1B508C;text-align: left\" class=\"vc_custom_heading vc_do_custom_heading\" >Unsere Zeit auf dem Campingplatz<\/h2><div class=\"vc_empty_space\"   style=\"height: 15px\"><span class=\"vc_empty_space_inner\"><\/span><\/div>\n\t<div class=\"wpb_text_column wpb_content_element\" >\n\t\t<div class=\"wpb_wrapper\">\n\t\t\t<p>Angekommen auf dem Campingplatz haben wir die Markise ausgefahren, den Tisch und unsere St\u00fchle aufgebaut, eine Lichterkette aufgeh\u00e4ngt f\u00fcr die gem\u00fctlichkeit und waren in nichtmal 10 Minuten fertig eingereicht. So unkompliziert wie in keinem anderen Urlaub denn du hast dein \u201eHaus\u201c ja auf 4 R\u00e4dern dabei. Wir hatten uns ein bisschen Camping Equipment von Freunden und Familie ausgeliehen. Da wir nur f\u00fcr f\u00fcnf Tage dort waren, hat es auch v\u00f6llig gereicht.<\/p>\n\n\t\t<\/div>\n\t<\/div>\n<div class=\"vc_empty_space\"   style=\"height: 15px\"><span class=\"vc_empty_space_inner\"><\/span><\/div><div class=\"vc_row wpb_row vc_inner vc_row-fluid\"><div class=\"wpb_column vc_column_container vc_col-sm-4\"><div class=\"vc_column-inner\"><div class=\"wpb_wrapper\">\n\t<div  class=\"wpb_single_image wpb_content_element vc_align_center wpb_content_element\">\n\t\t\n\t\t<figure class=\"wpb_wrapper vc_figure\">\n\t\t\t<div class=\"vc_single_image-wrapper   vc_box_border_grey\"><img loading=\"lazy\" decoding=\"async\" width=\"1707\" height=\"2560\" src=\"https:\/\/ahorn-camp.de\/wp-content\/uploads\/2024\/09\/MG_8684-scaled.jpg\" class=\"vc_single_image-img attachment-full\" alt=\"Urlaub im Wohnmobil mit Baby und Kleinkind\" title=\"Urlaub im Wohnmobil mit Baby und Kleinkind\" srcset=\"https:\/\/ahorn-camp.de\/wp-content\/uploads\/2024\/09\/MG_8684-scaled.jpg 1707w, https:\/\/ahorn-camp.de\/wp-content\/uploads\/2024\/09\/MG_8684-200x300.jpg 200w, https:\/\/ahorn-camp.de\/wp-content\/uploads\/2024\/09\/MG_8684-683x1024.jpg 683w, https:\/\/ahorn-camp.de\/wp-content\/uploads\/2024\/09\/MG_8684-768x1152.jpg 768w, https:\/\/ahorn-camp.de\/wp-content\/uploads\/2024\/09\/MG_8684-400x600.jpg 400w, https:\/\/ahorn-camp.de\/wp-content\/uploads\/2024\/09\/MG_8684-1024x1536.jpg 1024w, https:\/\/ahorn-camp.de\/wp-content\/uploads\/2024\/09\/MG_8684-1365x2048.jpg 1365w, https:\/\/ahorn-camp.de\/wp-content\/uploads\/2024\/09\/MG_8684-800x1200.jpg 800w\" sizes=\"(max-width: 1707px) 100vw, 1707px\" \/><\/div>\n\t\t<\/figure>\n\t<\/div>\n<\/div><\/div><\/div><div class=\"wpb_column vc_column_container vc_col-sm-4\"><div class=\"vc_column-inner\"><div class=\"wpb_wrapper\">\n\t<div  class=\"wpb_single_image wpb_content_element vc_align_center wpb_content_element\">\n\t\t\n\t\t<figure class=\"wpb_wrapper vc_figure\">\n\t\t\t<div class=\"vc_single_image-wrapper   vc_box_border_grey\"><img loading=\"lazy\" decoding=\"async\" width=\"1707\" height=\"2560\" src=\"https:\/\/ahorn-camp.de\/wp-content\/uploads\/2024\/09\/MG_8649-scaled.jpg\" class=\"vc_single_image-img attachment-full\" alt=\"Urlaub im Wohnmobil mit Baby und Kleinkind\" title=\"Urlaub im Wohnmobil mit Baby und Kleinkind\" srcset=\"https:\/\/ahorn-camp.de\/wp-content\/uploads\/2024\/09\/MG_8649-scaled.jpg 1707w, https:\/\/ahorn-camp.de\/wp-content\/uploads\/2024\/09\/MG_8649-200x300.jpg 200w, https:\/\/ahorn-camp.de\/wp-content\/uploads\/2024\/09\/MG_8649-683x1024.jpg 683w, https:\/\/ahorn-camp.de\/wp-content\/uploads\/2024\/09\/MG_8649-768x1152.jpg 768w, https:\/\/ahorn-camp.de\/wp-content\/uploads\/2024\/09\/MG_8649-400x600.jpg 400w, https:\/\/ahorn-camp.de\/wp-content\/uploads\/2024\/09\/MG_8649-1024x1536.jpg 1024w, https:\/\/ahorn-camp.de\/wp-content\/uploads\/2024\/09\/MG_8649-1365x2048.jpg 1365w, https:\/\/ahorn-camp.de\/wp-content\/uploads\/2024\/09\/MG_8649-800x1200.jpg 800w\" sizes=\"(max-width: 1707px) 100vw, 1707px\" \/><\/div>\n\t\t<\/figure>\n\t<\/div>\n<\/div><\/div><\/div><div class=\"wpb_column vc_column_container vc_col-sm-4\"><div class=\"vc_column-inner\"><div class=\"wpb_wrapper\">\n\t<div  class=\"wpb_single_image wpb_content_element vc_align_center wpb_content_element\">\n\t\t\n\t\t<figure class=\"wpb_wrapper vc_figure\">\n\t\t\t<div class=\"vc_single_image-wrapper   vc_box_border_grey\"><img loading=\"lazy\" decoding=\"async\" width=\"1707\" height=\"2560\" src=\"https:\/\/ahorn-camp.de\/wp-content\/uploads\/2024\/09\/MG_8419-scaled.jpg\" class=\"vc_single_image-img attachment-full\" alt=\"Urlaub im Wohnmobil mit Baby und Kleinkind\" title=\"Urlaub im Wohnmobil mit Baby und Kleinkind\" srcset=\"https:\/\/ahorn-camp.de\/wp-content\/uploads\/2024\/09\/MG_8419-scaled.jpg 1707w, https:\/\/ahorn-camp.de\/wp-content\/uploads\/2024\/09\/MG_8419-200x300.jpg 200w, https:\/\/ahorn-camp.de\/wp-content\/uploads\/2024\/09\/MG_8419-683x1024.jpg 683w, https:\/\/ahorn-camp.de\/wp-content\/uploads\/2024\/09\/MG_8419-768x1152.jpg 768w, https:\/\/ahorn-camp.de\/wp-content\/uploads\/2024\/09\/MG_8419-400x600.jpg 400w, https:\/\/ahorn-camp.de\/wp-content\/uploads\/2024\/09\/MG_8419-1024x1536.jpg 1024w, https:\/\/ahorn-camp.de\/wp-content\/uploads\/2024\/09\/MG_8419-1365x2048.jpg 1365w, https:\/\/ahorn-camp.de\/wp-content\/uploads\/2024\/09\/MG_8419-800x1200.jpg 800w\" sizes=\"(max-width: 1707px) 100vw, 1707px\" \/><\/div>\n\t\t<\/figure>\n\t<\/div>\n<\/div><\/div><\/div><\/div><div class=\"vc_empty_space\"   style=\"height: 15px\"><span class=\"vc_empty_space_inner\"><\/span><\/div>\n\t<div class=\"wpb_text_column wpb_content_element\" >\n\t\t<div class=\"wpb_wrapper\">\n\t\t\t<p>Diese f\u00fcnf Tage auf dem Campingplatz waren so wundersch\u00f6n. Der Urlaub hat uns richtig gl\u00fccklich gemacht. Wir waren den ganzen Tag zusammen drau\u00dfen in der Natur, fern von der Hektik des Alltags. Man steht morgens auf und ist direkt schon drau\u00dfen und kann spielen, w\u00e4hren die Eltern Fr\u00fchst\u00fcck vorbereiten. Die ganze Atmosph\u00e4re auf dem Campingplatz war auch richtig sch\u00f6n. Es gibt keinen Druck durch Erledigungen oder Freizeitstress. So viele andere Kinder, die auch den ganzen Tag drau\u00dfen zusammen spielen. Wir sind ans Meer gelaufen, haben in den Wellen gespielt und Abends erst um 21:00 Uhr gekocht und gegessen, danach nochmal eine Runde auf den Spielplatz und ab ins Bett. Bei keiner anderen Art des Reisens kann man so unkompliziert so viel Zeit drau\u00dfen verbringen und dem Alltag entfliehen. Kein Taschen packen oder Ausfl\u00fcge planen. Wir wohnen mitten in der Stadt und haben keinen Garten also kennen wir das von zuhause so auch nicht. Wir hatten alles, was wir brauchten.<\/p>\n\n\t\t<\/div>\n\t<\/div>\n<div class=\"vc_empty_space\"   style=\"height: 15px\"><span class=\"vc_empty_space_inner\"><\/span><\/div><div class=\"vc_row wpb_row vc_inner vc_row-fluid\"><div class=\"wpb_column vc_column_container vc_col-sm-4\"><div class=\"vc_column-inner\"><div class=\"wpb_wrapper\">\n\t<div  class=\"wpb_single_image wpb_content_element vc_align_center wpb_content_element\">\n\t\t\n\t\t<figure class=\"wpb_wrapper vc_figure\">\n\t\t\t<div class=\"vc_single_image-wrapper   vc_box_border_grey\"><img loading=\"lazy\" decoding=\"async\" width=\"1707\" height=\"2560\" src=\"https:\/\/ahorn-camp.de\/wp-content\/uploads\/2024\/09\/MG_8452-scaled.jpg\" class=\"vc_single_image-img attachment-full\" alt=\"Urlaub im Wohnmobil mit Baby und Kleinkind\" title=\"Urlaub im Wohnmobil mit Baby und Kleinkind\" srcset=\"https:\/\/ahorn-camp.de\/wp-content\/uploads\/2024\/09\/MG_8452-scaled.jpg 1707w, https:\/\/ahorn-camp.de\/wp-content\/uploads\/2024\/09\/MG_8452-200x300.jpg 200w, https:\/\/ahorn-camp.de\/wp-content\/uploads\/2024\/09\/MG_8452-683x1024.jpg 683w, https:\/\/ahorn-camp.de\/wp-content\/uploads\/2024\/09\/MG_8452-768x1152.jpg 768w, https:\/\/ahorn-camp.de\/wp-content\/uploads\/2024\/09\/MG_8452-400x600.jpg 400w, https:\/\/ahorn-camp.de\/wp-content\/uploads\/2024\/09\/MG_8452-1024x1536.jpg 1024w, https:\/\/ahorn-camp.de\/wp-content\/uploads\/2024\/09\/MG_8452-1365x2048.jpg 1365w, https:\/\/ahorn-camp.de\/wp-content\/uploads\/2024\/09\/MG_8452-800x1200.jpg 800w\" sizes=\"(max-width: 1707px) 100vw, 1707px\" \/><\/div>\n\t\t<\/figure>\n\t<\/div>\n<\/div><\/div><\/div><div class=\"wpb_column vc_column_container vc_col-sm-4\"><div class=\"vc_column-inner\"><div class=\"wpb_wrapper\">\n\t<div  class=\"wpb_single_image wpb_content_element vc_align_center wpb_content_element\">\n\t\t\n\t\t<figure class=\"wpb_wrapper vc_figure\">\n\t\t\t<div class=\"vc_single_image-wrapper   vc_box_border_grey\"><img loading=\"lazy\" decoding=\"async\" width=\"1707\" height=\"2560\" src=\"https:\/\/ahorn-camp.de\/wp-content\/uploads\/2024\/09\/MG_8950-scaled.jpg\" class=\"vc_single_image-img attachment-full\" alt=\"Urlaub im Wohnmobil mit Baby und Kleinkind\" title=\"Urlaub im Wohnmobil mit Baby und Kleinkind\" srcset=\"https:\/\/ahorn-camp.de\/wp-content\/uploads\/2024\/09\/MG_8950-scaled.jpg 1707w, https:\/\/ahorn-camp.de\/wp-content\/uploads\/2024\/09\/MG_8950-200x300.jpg 200w, https:\/\/ahorn-camp.de\/wp-content\/uploads\/2024\/09\/MG_8950-683x1024.jpg 683w, https:\/\/ahorn-camp.de\/wp-content\/uploads\/2024\/09\/MG_8950-768x1152.jpg 768w, https:\/\/ahorn-camp.de\/wp-content\/uploads\/2024\/09\/MG_8950-400x600.jpg 400w, https:\/\/ahorn-camp.de\/wp-content\/uploads\/2024\/09\/MG_8950-1024x1536.jpg 1024w, https:\/\/ahorn-camp.de\/wp-content\/uploads\/2024\/09\/MG_8950-1365x2048.jpg 1365w, https:\/\/ahorn-camp.de\/wp-content\/uploads\/2024\/09\/MG_8950-800x1200.jpg 800w\" sizes=\"(max-width: 1707px) 100vw, 1707px\" \/><\/div>\n\t\t<\/figure>\n\t<\/div>\n<\/div><\/div><\/div><div class=\"wpb_column vc_column_container vc_col-sm-4\"><div class=\"vc_column-inner\"><div class=\"wpb_wrapper\">\n\t<div  class=\"wpb_single_image wpb_content_element vc_align_center wpb_content_element\">\n\t\t\n\t\t<figure class=\"wpb_wrapper vc_figure\">\n\t\t\t<div class=\"vc_single_image-wrapper   vc_box_border_grey\"><img loading=\"lazy\" decoding=\"async\" width=\"1707\" height=\"2560\" src=\"https:\/\/ahorn-camp.de\/wp-content\/uploads\/2024\/09\/MG_8939-scaled.jpg\" class=\"vc_single_image-img attachment-full\" alt=\"Urlaub im Wohnmobil mit Baby und Kleinkind\" title=\"Urlaub im Wohnmobil mit Baby und Kleinkind\" srcset=\"https:\/\/ahorn-camp.de\/wp-content\/uploads\/2024\/09\/MG_8939-scaled.jpg 1707w, https:\/\/ahorn-camp.de\/wp-content\/uploads\/2024\/09\/MG_8939-200x300.jpg 200w, https:\/\/ahorn-camp.de\/wp-content\/uploads\/2024\/09\/MG_8939-683x1024.jpg 683w, https:\/\/ahorn-camp.de\/wp-content\/uploads\/2024\/09\/MG_8939-768x1152.jpg 768w, https:\/\/ahorn-camp.de\/wp-content\/uploads\/2024\/09\/MG_8939-400x600.jpg 400w, https:\/\/ahorn-camp.de\/wp-content\/uploads\/2024\/09\/MG_8939-1024x1536.jpg 1024w, https:\/\/ahorn-camp.de\/wp-content\/uploads\/2024\/09\/MG_8939-1365x2048.jpg 1365w, https:\/\/ahorn-camp.de\/wp-content\/uploads\/2024\/09\/MG_8939-800x1200.jpg 800w\" sizes=\"(max-width: 1707px) 100vw, 1707px\" \/><\/div>\n\t\t<\/figure>\n\t<\/div>\n<\/div><\/div><\/div><\/div><\/div><\/div><\/div><\/div><div class=\"vc_row wpb_row vc_row-fluid\"><div class=\"wpb_column vc_column_container vc_col-sm-12\"><div class=\"vc_column-inner\"><div class=\"wpb_wrapper\"><div class=\"vc_empty_space\"   style=\"height: 25px\"><span class=\"vc_empty_space_inner\"><\/span><\/div><h2 style=\"font-size: 30px;color: #1B508C;text-align: left\" class=\"vc_custom_heading vc_do_custom_heading\" >Die Schlafsituation im Wohnmobil mit Kleinkind und Baby<\/h2><div class=\"vc_empty_space\"   style=\"height: 15px\"><span class=\"vc_empty_space_inner\"><\/span><\/div>\n\t<div class=\"wpb_text_column wpb_content_element\" >\n\t\t<div class=\"wpb_wrapper\">\n\t\t\t<div class=\"flex max-w-full flex-col flex-grow\">\n<div class=\"min-h-&#091;20px&#093; text-message flex w-full flex-col items-end gap-2 whitespace-normal break-words &#091;.text-message+&amp;&#093;:mt-5\" dir=\"auto\" data-message-author-role=\"assistant\" data-message-id=\"cb85b4df-e8a5-45f8-a3d6-ca10b0554499\">\n<div class=\"flex w-full flex-col gap-1 empty:hidden first:pt-&#091;3px&#093;\">\n<div class=\"markdown prose w-full break-words dark:prose-invert light\">\n<p>Auch die Schlafsituation war f\u00fcr uns perfekt. Die Kinder wurden ganz einfach zusammen in das gro\u00dfe Bett gelegt, es war kuschelig eng aber wir konnten alle gut schlafe. T\u00fcr zu und dann konnten wir Eltern entspannt vor dem Wohnmobil bei Kerzenschein ein k\u00fchles Bier genie\u00dfen. Das ist in vielen Urlaubssituation n\u00e4mlich auch nicht m\u00f6glich, dass man als Eltern abends noch alleine drau\u00dfen sitzen kann und nicht im Hotelzimmer oder in der Ferienwohnung sein muss damit die Kinder nicht alleine sind.<\/p>\n<p>Unser Tipp: Wir hatten f\u00fcr das Baby ein tragbares Nestchen dabei, das war wirklich super. So konnten wir das Baby auch schlafend von drau\u00dfen nach drinnen tragen oder auf dem Tisch oder der Bank im Fahrzeug sicher ablegen. Solltet ihr mit einem Baby ein Wohnmobil Urlaub machen, empfehle ich, euch so etwas von euren Freunden zu leihen. Der kleine Bubi lag so au\u00dferdem auch sicher im Bett zwischen dem gro\u00dfen Bruder und Mama und Papa.<\/p>\n<\/div>\n<\/div>\n<\/div>\n<\/div>\n\n\t\t<\/div>\n\t<\/div>\n<div class=\"vc_empty_space\"   style=\"height: 15px\"><span class=\"vc_empty_space_inner\"><\/span><\/div><div class=\"vc_row wpb_row vc_inner vc_row-fluid\"><div class=\"wpb_column vc_column_container vc_col-sm-4\"><div class=\"vc_column-inner\"><div class=\"wpb_wrapper\">\n\t<div  class=\"wpb_single_image wpb_content_element vc_align_center wpb_content_element\">\n\t\t\n\t\t<figure class=\"wpb_wrapper vc_figure\">\n\t\t\t<div class=\"vc_single_image-wrapper   vc_box_border_grey\"><img loading=\"lazy\" decoding=\"async\" width=\"5472\" height=\"3648\" src=\"https:\/\/ahorn-camp.de\/wp-content\/uploads\/2024\/09\/Design-ohne-Titel-1.png\" class=\"vc_single_image-img attachment-full\" alt=\"Urlaub im Wohnmobil mit Baby und Kleinkind\" title=\"Urlaub im Wohnmobil mit Baby und Kleinkind\" srcset=\"https:\/\/ahorn-camp.de\/wp-content\/uploads\/2024\/09\/Design-ohne-Titel-1.png 5472w, https:\/\/ahorn-camp.de\/wp-content\/uploads\/2024\/09\/Design-ohne-Titel-1-300x200.png 300w, https:\/\/ahorn-camp.de\/wp-content\/uploads\/2024\/09\/Design-ohne-Titel-1-1024x683.png 1024w, https:\/\/ahorn-camp.de\/wp-content\/uploads\/2024\/09\/Design-ohne-Titel-1-768x512.png 768w, https:\/\/ahorn-camp.de\/wp-content\/uploads\/2024\/09\/Design-ohne-Titel-1-800x533.png 800w, https:\/\/ahorn-camp.de\/wp-content\/uploads\/2024\/09\/Design-ohne-Titel-1-1536x1024.png 1536w, https:\/\/ahorn-camp.de\/wp-content\/uploads\/2024\/09\/Design-ohne-Titel-1-2048x1365.png 2048w\" sizes=\"(max-width: 5472px) 100vw, 5472px\" \/><\/div>\n\t\t<\/figure>\n\t<\/div>\n<\/div><\/div><\/div><div class=\"wpb_column vc_column_container vc_col-sm-4\"><div class=\"vc_column-inner\"><div class=\"wpb_wrapper\">\n\t<div  class=\"wpb_single_image wpb_content_element vc_align_center wpb_content_element\">\n\t\t\n\t\t<figure class=\"wpb_wrapper vc_figure\">\n\t\t\t<div class=\"vc_single_image-wrapper   vc_box_border_grey\"><img loading=\"lazy\" decoding=\"async\" width=\"5472\" height=\"3648\" src=\"https:\/\/ahorn-camp.de\/wp-content\/uploads\/2024\/09\/Design-ohne-Titel.png\" class=\"vc_single_image-img attachment-full\" alt=\"Urlaub im Wohnmobil mit Baby und Kleinkind\" title=\"Urlaub im Wohnmobil mit Baby und Kleinkind\" srcset=\"https:\/\/ahorn-camp.de\/wp-content\/uploads\/2024\/09\/Design-ohne-Titel.png 5472w, https:\/\/ahorn-camp.de\/wp-content\/uploads\/2024\/09\/Design-ohne-Titel-300x200.png 300w, https:\/\/ahorn-camp.de\/wp-content\/uploads\/2024\/09\/Design-ohne-Titel-1024x683.png 1024w, https:\/\/ahorn-camp.de\/wp-content\/uploads\/2024\/09\/Design-ohne-Titel-768x512.png 768w, https:\/\/ahorn-camp.de\/wp-content\/uploads\/2024\/09\/Design-ohne-Titel-800x533.png 800w, https:\/\/ahorn-camp.de\/wp-content\/uploads\/2024\/09\/Design-ohne-Titel-1536x1024.png 1536w, https:\/\/ahorn-camp.de\/wp-content\/uploads\/2024\/09\/Design-ohne-Titel-2048x1365.png 2048w\" sizes=\"(max-width: 5472px) 100vw, 5472px\" \/><\/div>\n\t\t<\/figure>\n\t<\/div>\n<\/div><\/div><\/div><div class=\"wpb_column vc_column_container vc_col-sm-4\"><div class=\"vc_column-inner\"><div class=\"wpb_wrapper\">\n\t<div  class=\"wpb_single_image wpb_content_element vc_align_center wpb_content_element\">\n\t\t\n\t\t<figure class=\"wpb_wrapper vc_figure\">\n\t\t\t<div class=\"vc_single_image-wrapper   vc_box_border_grey\"><img loading=\"lazy\" decoding=\"async\" width=\"2560\" height=\"1707\" src=\"https:\/\/ahorn-camp.de\/wp-content\/uploads\/2024\/09\/MG_8547-scaled.jpg\" class=\"vc_single_image-img attachment-full\" alt=\"Urlaub im Wohnmobil mit Baby und Kleinkind\" title=\"Urlaub im Wohnmobil mit Baby und Kleinkind\" srcset=\"https:\/\/ahorn-camp.de\/wp-content\/uploads\/2024\/09\/MG_8547-scaled.jpg 2560w, https:\/\/ahorn-camp.de\/wp-content\/uploads\/2024\/09\/MG_8547-300x200.jpg 300w, https:\/\/ahorn-camp.de\/wp-content\/uploads\/2024\/09\/MG_8547-1024x683.jpg 1024w, https:\/\/ahorn-camp.de\/wp-content\/uploads\/2024\/09\/MG_8547-768x512.jpg 768w, https:\/\/ahorn-camp.de\/wp-content\/uploads\/2024\/09\/MG_8547-800x533.jpg 800w, https:\/\/ahorn-camp.de\/wp-content\/uploads\/2024\/09\/MG_8547-1536x1024.jpg 1536w, https:\/\/ahorn-camp.de\/wp-content\/uploads\/2024\/09\/MG_8547-2048x1365.jpg 2048w\" sizes=\"(max-width: 2560px) 100vw, 2560px\" \/><\/div>\n\t\t<\/figure>\n\t<\/div>\n<\/div><\/div><\/div><\/div><div class=\"vc_empty_space\"   style=\"height: 25px\"><span class=\"vc_empty_space_inner\"><\/span><\/div><\/div><\/div><\/div><\/div><div class=\"vc_row wpb_row vc_row-fluid\"><div class=\"wpb_column vc_column_container vc_col-sm-12\"><div class=\"vc_column-inner\"><div class=\"wpb_wrapper\"><div class=\"vc_empty_space\"   style=\"height: 25px\"><span class=\"vc_empty_space_inner\"><\/span><\/div><h2 style=\"font-size: 30px;color: #1B508C;text-align: left\" class=\"vc_custom_heading vc_do_custom_heading\" >Unser Fazit<\/h2><div class=\"vc_empty_space\"   style=\"height: 15px\"><span class=\"vc_empty_space_inner\"><\/span><\/div>\n\t<div class=\"wpb_text_column wpb_content_element\" >\n\t\t<div class=\"wpb_wrapper\">\n\t\t\t<p>F\u00fcr uns war dieser Urlaub wirklich sch\u00f6ner als wir uns es vorgestellt haben. Alles war so unkompliziert und man braucht viel weniger als man denkt. Dann spart man sich auch etwas Arbeit beim packen. F\u00fcr so ein Wohnmobilurlaub muss man n\u00e4mlich ungef\u00e4hr einen Tag zum packen und auspacken einplanen. Wenn dann aber einmal alles gepackt ist, hat man alles an Ort und Stelle. Durch die Reise mit einem Wohnmobil ist man einfach so frei und ungebunden, wie bei keiner anderen Art zu reisen. Auch mit zwei kleinen Kindern hat es uns gro\u00dfe Freude gemacht und uns Gef\u00fchl von Freiheit und Ungebundenheit gegeben, dass wir uns vorgestellt haben.<\/p>\n<p>Wir freuen uns schon auf unsere n\u00e4chste Reise.<\/p>\n\n\t\t<\/div>\n\t<\/div>\n<div class=\"vc_row wpb_row vc_inner vc_row-fluid\"><div class=\"wpb_column vc_column_container vc_col-sm-4\"><div class=\"vc_column-inner\"><div class=\"wpb_wrapper\">\n\t<div  class=\"wpb_single_image wpb_content_element vc_align_center wpb_content_element\">\n\t\t\n\t\t<figure class=\"wpb_wrapper vc_figure\">\n\t\t\t<div class=\"vc_single_image-wrapper   vc_box_border_grey\"><img loading=\"lazy\" decoding=\"async\" width=\"1707\" height=\"2560\" src=\"https:\/\/ahorn-camp.de\/wp-content\/uploads\/2024\/09\/MG_8878-scaled.jpg\" class=\"vc_single_image-img attachment-full\" alt=\"Urlaub im Wohnmobil mit Baby und Kleinkind\" title=\"_MG_8878\" srcset=\"https:\/\/ahorn-camp.de\/wp-content\/uploads\/2024\/09\/MG_8878-scaled.jpg 1707w, https:\/\/ahorn-camp.de\/wp-content\/uploads\/2024\/09\/MG_8878-200x300.jpg 200w, https:\/\/ahorn-camp.de\/wp-content\/uploads\/2024\/09\/MG_8878-683x1024.jpg 683w, https:\/\/ahorn-camp.de\/wp-content\/uploads\/2024\/09\/MG_8878-768x1152.jpg 768w, https:\/\/ahorn-camp.de\/wp-content\/uploads\/2024\/09\/MG_8878-400x600.jpg 400w, https:\/\/ahorn-camp.de\/wp-content\/uploads\/2024\/09\/MG_8878-1024x1536.jpg 1024w, https:\/\/ahorn-camp.de\/wp-content\/uploads\/2024\/09\/MG_8878-1365x2048.jpg 1365w, https:\/\/ahorn-camp.de\/wp-content\/uploads\/2024\/09\/MG_8878-800x1200.jpg 800w\" sizes=\"(max-width: 1707px) 100vw, 1707px\" \/><\/div>\n\t\t<\/figure>\n\t<\/div>\n<\/div><\/div><\/div><div class=\"wpb_column vc_column_container vc_col-sm-4\"><div class=\"vc_column-inner\"><div class=\"wpb_wrapper\">\n\t<div  class=\"wpb_single_image wpb_content_element vc_align_center wpb_content_element\">\n\t\t\n\t\t<figure class=\"wpb_wrapper vc_figure\">\n\t\t\t<div class=\"vc_single_image-wrapper   vc_box_border_grey\"><img loading=\"lazy\" decoding=\"async\" width=\"1707\" height=\"2560\" src=\"https:\/\/ahorn-camp.de\/wp-content\/uploads\/2024\/09\/MG_8767-scaled.jpg\" class=\"vc_single_image-img attachment-full\" alt=\"Urlaub im Wohnmobil mit Baby und Kleinkind\" title=\"Urlaub im Wohnmobil mit Baby und Kleinkind\" srcset=\"https:\/\/ahorn-camp.de\/wp-content\/uploads\/2024\/09\/MG_8767-scaled.jpg 1707w, https:\/\/ahorn-camp.de\/wp-content\/uploads\/2024\/09\/MG_8767-200x300.jpg 200w, https:\/\/ahorn-camp.de\/wp-content\/uploads\/2024\/09\/MG_8767-683x1024.jpg 683w, https:\/\/ahorn-camp.de\/wp-content\/uploads\/2024\/09\/MG_8767-768x1152.jpg 768w, https:\/\/ahorn-camp.de\/wp-content\/uploads\/2024\/09\/MG_8767-400x600.jpg 400w, https:\/\/ahorn-camp.de\/wp-content\/uploads\/2024\/09\/MG_8767-1024x1536.jpg 1024w, https:\/\/ahorn-camp.de\/wp-content\/uploads\/2024\/09\/MG_8767-1365x2048.jpg 1365w, https:\/\/ahorn-camp.de\/wp-content\/uploads\/2024\/09\/MG_8767-800x1200.jpg 800w\" sizes=\"(max-width: 1707px) 100vw, 1707px\" \/><\/div>\n\t\t<\/figure>\n\t<\/div>\n<\/div><\/div><\/div><div class=\"wpb_column vc_column_container vc_col-sm-4\"><div class=\"vc_column-inner\"><div class=\"wpb_wrapper\">\n\t<div  class=\"wpb_single_image wpb_content_element vc_align_center wpb_content_element\">\n\t\t\n\t\t<figure class=\"wpb_wrapper vc_figure\">\n\t\t\t<div class=\"vc_single_image-wrapper   vc_box_border_grey\"><img loading=\"lazy\" decoding=\"async\" width=\"1707\" height=\"2560\" src=\"https:\/\/ahorn-camp.de\/wp-content\/uploads\/2024\/09\/MG_8795-scaled.jpg\" class=\"vc_single_image-img attachment-full\" alt=\"Urlaub im Wohnmobil mit Baby und Kleinkind\" title=\"Urlaub im Wohnmobil mit Baby und Kleinkind\" srcset=\"https:\/\/ahorn-camp.de\/wp-content\/uploads\/2024\/09\/MG_8795-scaled.jpg 1707w, https:\/\/ahorn-camp.de\/wp-content\/uploads\/2024\/09\/MG_8795-200x300.jpg 200w, https:\/\/ahorn-camp.de\/wp-content\/uploads\/2024\/09\/MG_8795-683x1024.jpg 683w, https:\/\/ahorn-camp.de\/wp-content\/uploads\/2024\/09\/MG_8795-768x1152.jpg 768w, https:\/\/ahorn-camp.de\/wp-content\/uploads\/2024\/09\/MG_8795-400x600.jpg 400w, https:\/\/ahorn-camp.de\/wp-content\/uploads\/2024\/09\/MG_8795-1024x1536.jpg 1024w, https:\/\/ahorn-camp.de\/wp-content\/uploads\/2024\/09\/MG_8795-1365x2048.jpg 1365w, https:\/\/ahorn-camp.de\/wp-content\/uploads\/2024\/09\/MG_8795-800x1200.jpg 800w\" sizes=\"(max-width: 1707px) 100vw, 1707px\" \/><\/div>\n\t\t<\/figure>\n\t<\/div>\n<\/div><\/div><\/div><\/div><div class=\"vc_empty_space\"   style=\"height: 25px\"><span class=\"vc_empty_space_inner\"><\/span><\/div><\/div><\/div><\/div><\/div><div class=\"vc_row wpb_row vc_row-fluid\"><div class=\"wpb_column vc_column_container vc_col-sm-12\"><div class=\"vc_column-inner\"><div class=\"wpb_wrapper\"><div class=\"vc_empty_space\"   style=\"height: 25px\"><span class=\"vc_empty_space_inner\"><\/span><\/div><h2 style=\"font-size: 30px;color: #1B508C;text-align: left\" class=\"vc_custom_heading vc_do_custom_heading\" >Packliste f\u00fcr Wohnmobil mit \"Two under Two\u201c<\/h2><div class=\"vc_empty_space\"   style=\"height: 15px\"><span class=\"vc_empty_space_inner\"><\/span><\/div>\n\t<div class=\"wpb_text_column wpb_content_element\" >\n\t\t<div class=\"wpb_wrapper\">\n\t\t\t<p>Neben der normalen Packliste f\u00fcr euren Urlaub haben wir hier ein paar Dinge zusammen gefasst, die wir besonders f\u00fcr die Kinder praktische fanden:<\/p>\n\n\t\t<\/div>\n\t<\/div>\n<div class=\"vc_empty_space\"   style=\"height: 15px\"><span class=\"vc_empty_space_inner\"><\/span><\/div>[ultimate_icon_list][ultimate_icon_list_item icon_type=&#8220;custom&#8220; icon_img=&#8220;id^17164|url^https:\/\/ahorn-camp.de\/wp-content\/uploads\/2022\/08\/ahornblatt_icon.png|caption^null|alt^null|title^Ahorn Camp|description^null&#8220;]Hochstuhl f\u00fcr Kleinkinder (der von Ikea z.B. f\u00fcr 19\u20ac)[\/ultimate_icon_list_item][ultimate_icon_list_item icon_type=&#8220;custom&#8220; icon_img=&#8220;id^17164|url^https:\/\/ahorn-camp.de\/wp-content\/uploads\/2022\/08\/ahornblatt_icon.png|caption^null|alt^null|title^Ahorn Camp|description^null&#8220;]Babywippe[\/ultimate_icon_list_item][ultimate_icon_list_item icon_type=&#8220;custom&#8220; icon_img=&#8220;id^17164|url^https:\/\/ahorn-camp.de\/wp-content\/uploads\/2022\/08\/ahornblatt_icon.png|caption^null|alt^null|title^Ahorn Camp|description^null&#8220;]W\u00e4scheleine[\/ultimate_icon_list_item][ultimate_icon_list_item icon_type=&#8220;custom&#8220; icon_img=&#8220;id^17164|url^https:\/\/ahorn-camp.de\/wp-content\/uploads\/2022\/08\/ahornblatt_icon.png|caption^null|alt^null|title^Ahorn Camp|description^null&#8220;]Picknickdecke f\u00fcr vor dem Wohnmobil damit die Kinder auf dem Boden liegen oder sitzen k\u00f6nnen[\/ultimate_icon_list_item][ultimate_icon_list_item icon_type=&#8220;custom&#8220; icon_img=&#8220;id^17164|url^https:\/\/ahorn-camp.de\/wp-content\/uploads\/2022\/08\/ahornblatt_icon.png|caption^null|alt^null|title^Ahorn Camp|description^null&#8220;]<span style=\"color: #1b508c;\"><a style=\"color: #1b508c;\" href=\"https:\/\/ahorn-camp.de\/product\/laterne-njord\/\" target=\"_blank\" rel=\"noopener\">Transportables Licht f\u00fcr die Nacht<\/a><\/span>[\/ultimate_icon_list_item][ultimate_icon_list_item icon_type=&#8220;custom&#8220; icon_img=&#8220;id^17164|url^https:\/\/ahorn-camp.de\/wp-content\/uploads\/2022\/08\/ahornblatt_icon.png|caption^null|alt^null|title^Ahorn Camp|description^null&#8220;]Kleiner Teppich f\u00fcr vor dem Wohnwagen damit der Dreck nicht so schnell rein kommt[\/ultimate_icon_list_item][ultimate_icon_list_item icon_type=&#8220;custom&#8220; icon_img=&#8220;id^17164|url^https:\/\/ahorn-camp.de\/wp-content\/uploads\/2022\/08\/ahornblatt_icon.png|caption^null|alt^null|title^Ahorn Camp|description^null&#8220;]Handfeger (glaubt mir, es wird schnell schmutzig bei den vielen kleinen F\u00fc\u00dfchen)[\/ultimate_icon_list_item][ultimate_icon_list_item icon_type=&#8220;custom&#8220; icon_img=&#8220;id^17164|url^https:\/\/ahorn-camp.de\/wp-content\/uploads\/2022\/08\/ahornblatt_icon.png|caption^null|alt^null|title^Ahorn Camp|description^null&#8220;]2-3 Spielzeuge, wie Malsachen, Ball usw.[\/ultimate_icon_list_item][ultimate_icon_list_item icon_type=&#8220;custom&#8220; icon_img=&#8220;id^17164|url^https:\/\/ahorn-camp.de\/wp-content\/uploads\/2022\/08\/ahornblatt_icon.png|caption^null|alt^null|title^Ahorn Camp|description^null&#8220;]Roller\/ Fahrzeug f\u00fcr das Kind[\/ultimate_icon_list_item][ultimate_icon_list_item icon_type=&#8220;custom&#8220; icon_img=&#8220;id^17164|url^https:\/\/ahorn-camp.de\/wp-content\/uploads\/2022\/08\/ahornblatt_icon.png|caption^null|alt^null|title^Ahorn Camp|description^null&#8220;]Babynestchen[\/ultimate_icon_list_item][ultimate_icon_list_item icon_type=&#8220;custom&#8220; icon_img=&#8220;id^17164|url^https:\/\/ahorn-camp.de\/wp-content\/uploads\/2022\/08\/ahornblatt_icon.png|caption^null|alt^null|title^Ahorn Camp|description^null&#8220;]Musikbox[\/ultimate_icon_list_item][\/ultimate_icon_list]<\/div><\/div><\/div><\/div><div class=\"vc_row wpb_row vc_row-fluid\"><div class=\"wpb_column vc_column_container vc_col-sm-12\"><div class=\"vc_column-inner\"><div class=\"wpb_wrapper\"><div class=\"vc_empty_space\"   style=\"height: 25px\"><span class=\"vc_empty_space_inner\"><\/span><\/div><h2 style=\"font-size: 30px;color: #1B508C;text-align: left\" class=\"vc_custom_heading vc_do_custom_heading\" >Zum Schluss noch drei Tipps f\u00fcr Camping mit Kleinkindern<\/h2><div class=\"vc_empty_space\"   style=\"height: 15px\"><span class=\"vc_empty_space_inner\"><\/span><\/div>[ultimate_icon_list][ultimate_icon_list_item icon_type=&#8220;custom&#8220; icon_img=&#8220;id^17164|url^https:\/\/ahorn-camp.de\/wp-content\/uploads\/2022\/08\/ahornblatt_icon.png|caption^null|alt^null|title^Ahorn Camp|description^null&#8220;]Packliste schreiben (schaue, dass du nicht zu viel mitnimmst. Genau Anzahl an praktischen Kleidungsst\u00fccken f\u00fcr die Kleinen- du kannst super einfach alles Waschen und aufh\u00e4ngen)[\/ultimate_icon_list_item][ultimate_icon_list_item icon_type=&#8220;custom&#8220; icon_img=&#8220;id^17164|url^https:\/\/ahorn-camp.de\/wp-content\/uploads\/2022\/08\/ahornblatt_icon.png|caption^null|alt^null|title^Ahorn Camp|description^null&#8220;]Campingplatz mit Spielplatz und Kinderfreundlichen Sanit\u00e4ranlagen (Am besten den Stellplatz nicht soweit entfernt von all dem buchen)[\/ultimate_icon_list_item][ultimate_icon_list_item icon_type=&#8220;custom&#8220; icon_img=&#8220;id^17164|url^https:\/\/ahorn-camp.de\/wp-content\/uploads\/2022\/08\/ahornblatt_icon.png|caption^null|alt^null|title^Ahorn Camp|description^null&#8220;]Spielzeug und Besch\u00e4ftigung f\u00fcr die Fahrt[\/ultimate_icon_list_item][\/ultimate_icon_list]\n\t<div class=\"wpb_text_column wpb_content_element\" >\n\t\t<div class=\"wpb_wrapper\">\n\t\t\t<p>Und ganz wichtig: Alles ganz entspannt angehen. Alles klappt schon irgendwie mit etwas Spontanit\u00e4t und Gelassenheit.<\/p>\n\n\t\t<\/div>\n\t<\/div>\n\n\t<div  class=\"wpb_single_image wpb_content_element vc_align_center wpb_content_element\">\n\t\t\n\t\t<figure class=\"wpb_wrapper vc_figure\">\n\t\t\t<div class=\"vc_single_image-wrapper   vc_box_border_grey\"><img loading=\"lazy\" decoding=\"async\" width=\"2560\" height=\"1707\" src=\"https:\/\/ahorn-camp.de\/wp-content\/uploads\/2024\/09\/MG_9055-scaled.jpg\" class=\"vc_single_image-img attachment-full\" alt=\"Urlaub im Wohnmobil mit Baby und Kleinkind\" title=\"Urlaub im Wohnmobil mit Baby und Kleinkind\" srcset=\"https:\/\/ahorn-camp.de\/wp-content\/uploads\/2024\/09\/MG_9055-scaled.jpg 2560w, https:\/\/ahorn-camp.de\/wp-content\/uploads\/2024\/09\/MG_9055-300x200.jpg 300w, https:\/\/ahorn-camp.de\/wp-content\/uploads\/2024\/09\/MG_9055-1024x683.jpg 1024w, https:\/\/ahorn-camp.de\/wp-content\/uploads\/2024\/09\/MG_9055-768x512.jpg 768w, https:\/\/ahorn-camp.de\/wp-content\/uploads\/2024\/09\/MG_9055-800x533.jpg 800w, https:\/\/ahorn-camp.de\/wp-content\/uploads\/2024\/09\/MG_9055-1536x1024.jpg 1536w, https:\/\/ahorn-camp.de\/wp-content\/uploads\/2024\/09\/MG_9055-2048x1365.jpg 2048w\" sizes=\"(max-width: 2560px) 100vw, 2560px\" \/><\/div>\n\t\t<\/figure>\n\t<\/div>\n<\/div><\/div><\/div><\/div>\n<\/div>","protected":false},"excerpt":{"rendered":"<p>La prossima vacanza in famiglia \u00e8 alle porte e stai ancora pensando a dove andare? Se una vacanza in camper \u00e8 possibile con due bambini sotto i 2 anni, quale stress si pu\u00f2 evitare e come pu\u00f2 diventare una delle vacanze pi\u00f9 belle come famiglia, leggi qui nel nostro post sul blog della fotografa di famiglia Sophia.<\/p>","protected":false},"author":2,"featured_media":25291,"comment_status":"closed","ping_status":"closed","sticky":false,"template":"","format":"standard","meta":{"content-type":"","footnotes":""},"categories":[208],"tags":[],"class_list":["post-25202","post","type-post","status-publish","format-standard","has-post-thumbnail","hentry","category-blog"],"yoast_head":"<!-- This site is optimized with the Yoast SEO plugin v27.4 - https:\/\/yoast.com\/product\/yoast-seo-wordpress\/ -->\n<title>Wohnmobil-Urlaub mit Baby und Kleinkind<\/title>\n<meta name=\"description\" content=\"Ahorn Camp pr\u00e4sentiert Ihnen die besten Gadgets f\u00fcr Wohnmobile: Von preisg\u00fcnstigen Helfern bis hin zu Luxus-Tools.\" \/>\n<meta name=\"robots\" content=\"index, follow, max-snippet:-1, max-image-preview:large, max-video-preview:-1\" \/>\n<link rel=\"canonical\" href=\"https:\/\/ahorn-camp.de\/it\/vacanza-in-camper-con-bambino-e-neonato\/\" \/>\n<meta property=\"og:locale\" content=\"it_IT\" \/>\n<meta property=\"og:type\" content=\"article\" \/>\n<meta property=\"og:title\" content=\"Wohnmobil-Urlaub mit Baby und Kleinkind\" \/>\n<meta property=\"og:description\" content=\"Ahorn Camp pr\u00e4sentiert Ihnen die besten Gadgets f\u00fcr Wohnmobile: Von preisg\u00fcnstigen Helfern bis hin zu Luxus-Tools.\" \/>\n<meta property=\"og:url\" content=\"https:\/\/ahorn-camp.de\/it\/vacanza-in-camper-con-bambino-e-neonato\/\" \/>\n<meta property=\"og:site_name\" content=\"Ahorn Camp | Reisemobile und Kastenwagen\" \/>\n<meta property=\"article:publisher\" content=\"https:\/\/www.facebook.com\/ahorn.wohnmobile\/\" \/>\n<meta property=\"article:published_time\" content=\"2024-09-23T13:47:37+00:00\" \/>\n<meta property=\"article:modified_time\" content=\"2024-10-16T08:39:09+00:00\" \/>\n<meta property=\"og:image\" content=\"https:\/\/ahorn-camp.de\/wp-content\/uploads\/2024\/09\/MG_8950-scaled.jpg\" \/>\n\t<meta property=\"og:image:width\" content=\"1707\" \/>\n\t<meta property=\"og:image:height\" content=\"2560\" \/>\n\t<meta property=\"og:image:type\" content=\"image\/jpeg\" \/>\n<meta name=\"author\" content=\"ahorn_admin\" \/>\n<meta name=\"twitter:card\" content=\"summary_large_image\" \/>\n<meta name=\"twitter:label1\" content=\"Scritto da\" \/>\n\t<meta name=\"twitter:data1\" content=\"ahorn_admin\" \/>\n\t<meta name=\"twitter:label2\" content=\"Tempo di lettura stimato\" \/>\n\t<meta name=\"twitter:data2\" content=\"10 minuti\" \/>\n<script type=\"application\/ld+json\" class=\"yoast-schema-graph\">{\"@context\":\"https:\\\/\\\/schema.org\",\"@graph\":[{\"@type\":\"Article\",\"@id\":\"https:\\\/\\\/ahorn-camp.de\\\/wohnmobil-urlaub-mit-baby-und-kleinkind\\\/#article\",\"isPartOf\":{\"@id\":\"https:\\\/\\\/ahorn-camp.de\\\/wohnmobil-urlaub-mit-baby-und-kleinkind\\\/\"},\"author\":{\"name\":\"ahorn_admin\",\"@id\":\"https:\\\/\\\/ahorn-camp.de\\\/#\\\/schema\\\/person\\\/9b60761ba82d5cb8e6db215a88925044\"},\"headline\":\"Wohnmobil-Urlaub mit Baby und Kleinkind\",\"datePublished\":\"2024-09-23T13:47:37+00:00\",\"dateModified\":\"2024-10-16T08:39:09+00:00\",\"mainEntityOfPage\":{\"@id\":\"https:\\\/\\\/ahorn-camp.de\\\/wohnmobil-urlaub-mit-baby-und-kleinkind\\\/\"},\"wordCount\":2853,\"publisher\":{\"@id\":\"https:\\\/\\\/ahorn-camp.de\\\/#organization\"},\"image\":{\"@id\":\"https:\\\/\\\/ahorn-camp.de\\\/wohnmobil-urlaub-mit-baby-und-kleinkind\\\/#primaryimage\"},\"thumbnailUrl\":\"https:\\\/\\\/ahorn-camp.de\\\/wp-content\\\/uploads\\\/2024\\\/09\\\/MG_8950-scaled.jpg\",\"articleSection\":[\"Blog\"],\"inLanguage\":\"it-IT\"},{\"@type\":\"WebPage\",\"@id\":\"https:\\\/\\\/ahorn-camp.de\\\/wohnmobil-urlaub-mit-baby-und-kleinkind\\\/\",\"url\":\"https:\\\/\\\/ahorn-camp.de\\\/wohnmobil-urlaub-mit-baby-und-kleinkind\\\/\",\"name\":\"Wohnmobil-Urlaub mit Baby und Kleinkind\",\"isPartOf\":{\"@id\":\"https:\\\/\\\/ahorn-camp.de\\\/#website\"},\"primaryImageOfPage\":{\"@id\":\"https:\\\/\\\/ahorn-camp.de\\\/wohnmobil-urlaub-mit-baby-und-kleinkind\\\/#primaryimage\"},\"image\":{\"@id\":\"https:\\\/\\\/ahorn-camp.de\\\/wohnmobil-urlaub-mit-baby-und-kleinkind\\\/#primaryimage\"},\"thumbnailUrl\":\"https:\\\/\\\/ahorn-camp.de\\\/wp-content\\\/uploads\\\/2024\\\/09\\\/MG_8950-scaled.jpg\",\"datePublished\":\"2024-09-23T13:47:37+00:00\",\"dateModified\":\"2024-10-16T08:39:09+00:00\",\"description\":\"Ahorn Camp pr\u00e4sentiert Ihnen die besten Gadgets f\u00fcr Wohnmobile: Von preisg\u00fcnstigen Helfern bis hin zu Luxus-Tools.\",\"breadcrumb\":{\"@id\":\"https:\\\/\\\/ahorn-camp.de\\\/wohnmobil-urlaub-mit-baby-und-kleinkind\\\/#breadcrumb\"},\"inLanguage\":\"it-IT\",\"potentialAction\":[{\"@type\":\"ReadAction\",\"target\":[\"https:\\\/\\\/ahorn-camp.de\\\/wohnmobil-urlaub-mit-baby-und-kleinkind\\\/\"]}]},{\"@type\":\"ImageObject\",\"inLanguage\":\"it-IT\",\"@id\":\"https:\\\/\\\/ahorn-camp.de\\\/wohnmobil-urlaub-mit-baby-und-kleinkind\\\/#primaryimage\",\"url\":\"https:\\\/\\\/ahorn-camp.de\\\/wp-content\\\/uploads\\\/2024\\\/09\\\/MG_8950-scaled.jpg\",\"contentUrl\":\"https:\\\/\\\/ahorn-camp.de\\\/wp-content\\\/uploads\\\/2024\\\/09\\\/MG_8950-scaled.jpg\",\"width\":1707,\"height\":2560,\"caption\":\"Urlaub im Wohnmobil mit Baby und Kleinkind\"},{\"@type\":\"BreadcrumbList\",\"@id\":\"https:\\\/\\\/ahorn-camp.de\\\/wohnmobil-urlaub-mit-baby-und-kleinkind\\\/#breadcrumb\",\"itemListElement\":[{\"@type\":\"ListItem\",\"position\":1,\"name\":\"Startseite\",\"item\":\"https:\\\/\\\/ahorn-camp.de\\\/\"},{\"@type\":\"ListItem\",\"position\":2,\"name\":\"Wohnmobil-Urlaub mit Baby und Kleinkind\"}]},{\"@type\":\"WebSite\",\"@id\":\"https:\\\/\\\/ahorn-camp.de\\\/#website\",\"url\":\"https:\\\/\\\/ahorn-camp.de\\\/\",\"name\":\"Ahorn Camp | Reisemobile und Kastenwagen\",\"description\":\"Seit \u00fcber 30 Jahren vermarktet das Familienunternehmen, Ahorn Camp in Speyer, erfolgreich Wohnmobile und Kastenwagen zum besten Preis-Leistungsverh\u00e4ltnis.\",\"publisher\":{\"@id\":\"https:\\\/\\\/ahorn-camp.de\\\/#organization\"},\"potentialAction\":[{\"@type\":\"SearchAction\",\"target\":{\"@type\":\"EntryPoint\",\"urlTemplate\":\"https:\\\/\\\/ahorn-camp.de\\\/?s={search_term_string}\"},\"query-input\":{\"@type\":\"PropertyValueSpecification\",\"valueRequired\":true,\"valueName\":\"search_term_string\"}}],\"inLanguage\":\"it-IT\"},{\"@type\":\"Organization\",\"@id\":\"https:\\\/\\\/ahorn-camp.de\\\/#organization\",\"name\":\"Ahorn Camp GmbH & Co. KG\",\"url\":\"https:\\\/\\\/ahorn-camp.de\\\/\",\"logo\":{\"@type\":\"ImageObject\",\"inLanguage\":\"it-IT\",\"@id\":\"https:\\\/\\\/ahorn-camp.de\\\/#\\\/schema\\\/logo\\\/image\\\/\",\"url\":\"https:\\\/\\\/ahorn-camp.de\\\/wp-content\\\/uploads\\\/2018\\\/12\\\/Ahorn_Logo.jpg\",\"contentUrl\":\"https:\\\/\\\/ahorn-camp.de\\\/wp-content\\\/uploads\\\/2018\\\/12\\\/Ahorn_Logo.jpg\",\"width\":1437,\"height\":1000,\"caption\":\"Ahorn Camp GmbH & Co. KG\"},\"image\":{\"@id\":\"https:\\\/\\\/ahorn-camp.de\\\/#\\\/schema\\\/logo\\\/image\\\/\"},\"sameAs\":[\"https:\\\/\\\/www.facebook.com\\\/ahorn.wohnmobile\\\/\",\"https:\\\/\\\/www.instagram.com\\\/ahorn.camp\\\/\",\"https:\\\/\\\/www.youtube.com\\\/channel\\\/UCPFbPCts1JJ_A1k9vyH0yOQ\"]},{\"@type\":\"Person\",\"@id\":\"https:\\\/\\\/ahorn-camp.de\\\/#\\\/schema\\\/person\\\/9b60761ba82d5cb8e6db215a88925044\",\"name\":\"ahorn_admin\",\"image\":{\"@type\":\"ImageObject\",\"inLanguage\":\"it-IT\",\"@id\":\"https:\\\/\\\/secure.gravatar.com\\\/avatar\\\/d96b9a078083b0c14cee48589feadd939c3cdd66547e2f3f1569470371daaaa5?s=96&d=mm&r=g\",\"url\":\"https:\\\/\\\/secure.gravatar.com\\\/avatar\\\/d96b9a078083b0c14cee48589feadd939c3cdd66547e2f3f1569470371daaaa5?s=96&d=mm&r=g\",\"contentUrl\":\"https:\\\/\\\/secure.gravatar.com\\\/avatar\\\/d96b9a078083b0c14cee48589feadd939c3cdd66547e2f3f1569470371daaaa5?s=96&d=mm&r=g\",\"caption\":\"ahorn_admin\"},\"sameAs\":[\"http:\\\/\\\/Ahorn%20Camp\"],\"url\":\"https:\\\/\\\/ahorn-camp.de\\\/it\\\/author\\\/ahorn_admin\\\/\"}]}<\/script>\n<!-- \/ Yoast SEO plugin. -->","yoast_head_json":{"title":"Vacanze in camper con bambini e neonati","description":"Ahorn Camp vi presenta i migliori gadget per camper: da aiutanti economici a strumenti di lusso.","robots":{"index":"index","follow":"follow","max-snippet":"max-snippet:-1","max-image-preview":"max-image-preview:large","max-video-preview":"max-video-preview:-1"},"canonical":"https:\/\/ahorn-camp.de\/it\/vacanza-in-camper-con-bambino-e-neonato\/","og_locale":"it_IT","og_type":"article","og_title":"Wohnmobil-Urlaub mit Baby und Kleinkind","og_description":"Ahorn Camp pr\u00e4sentiert Ihnen die besten Gadgets f\u00fcr Wohnmobile: Von preisg\u00fcnstigen Helfern bis hin zu Luxus-Tools.","og_url":"https:\/\/ahorn-camp.de\/it\/vacanza-in-camper-con-bambino-e-neonato\/","og_site_name":"Ahorn Camp | Reisemobile und Kastenwagen","article_publisher":"https:\/\/www.facebook.com\/ahorn.wohnmobile\/","article_published_time":"2024-09-23T13:47:37+00:00","article_modified_time":"2024-10-16T08:39:09+00:00","og_image":[{"width":1707,"height":2560,"url":"https:\/\/ahorn-camp.de\/wp-content\/uploads\/2024\/09\/MG_8950-scaled.jpg","type":"image\/jpeg"}],"author":"ahorn_admin","twitter_card":"summary_large_image","twitter_misc":{"Scritto da":"ahorn_admin","Tempo di lettura stimato":"10 minuti"},"schema":{"@context":"https:\/\/schema.org","@graph":[{"@type":"Article","@id":"https:\/\/ahorn-camp.de\/wohnmobil-urlaub-mit-baby-und-kleinkind\/#article","isPartOf":{"@id":"https:\/\/ahorn-camp.de\/wohnmobil-urlaub-mit-baby-und-kleinkind\/"},"author":{"name":"ahorn_admin","@id":"https:\/\/ahorn-camp.de\/#\/schema\/person\/9b60761ba82d5cb8e6db215a88925044"},"headline":"Wohnmobil-Urlaub mit Baby und Kleinkind","datePublished":"2024-09-23T13:47:37+00:00","dateModified":"2024-10-16T08:39:09+00:00","mainEntityOfPage":{"@id":"https:\/\/ahorn-camp.de\/wohnmobil-urlaub-mit-baby-und-kleinkind\/"},"wordCount":2853,"publisher":{"@id":"https:\/\/ahorn-camp.de\/#organization"},"image":{"@id":"https:\/\/ahorn-camp.de\/wohnmobil-urlaub-mit-baby-und-kleinkind\/#primaryimage"},"thumbnailUrl":"https:\/\/ahorn-camp.de\/wp-content\/uploads\/2024\/09\/MG_8950-scaled.jpg","articleSection":["Blog"],"inLanguage":"it-IT"},{"@type":"WebPage","@id":"https:\/\/ahorn-camp.de\/wohnmobil-urlaub-mit-baby-und-kleinkind\/","url":"https:\/\/ahorn-camp.de\/wohnmobil-urlaub-mit-baby-und-kleinkind\/","name":"Vacanze in camper con bambini e neonati","isPartOf":{"@id":"https:\/\/ahorn-camp.de\/#website"},"primaryImageOfPage":{"@id":"https:\/\/ahorn-camp.de\/wohnmobil-urlaub-mit-baby-und-kleinkind\/#primaryimage"},"image":{"@id":"https:\/\/ahorn-camp.de\/wohnmobil-urlaub-mit-baby-und-kleinkind\/#primaryimage"},"thumbnailUrl":"https:\/\/ahorn-camp.de\/wp-content\/uploads\/2024\/09\/MG_8950-scaled.jpg","datePublished":"2024-09-23T13:47:37+00:00","dateModified":"2024-10-16T08:39:09+00:00","description":"Ahorn Camp vi presenta i migliori gadget per camper: da aiutanti economici a strumenti di lusso.","breadcrumb":{"@id":"https:\/\/ahorn-camp.de\/wohnmobil-urlaub-mit-baby-und-kleinkind\/#breadcrumb"},"inLanguage":"it-IT","potentialAction":[{"@type":"ReadAction","target":["https:\/\/ahorn-camp.de\/wohnmobil-urlaub-mit-baby-und-kleinkind\/"]}]},{"@type":"ImageObject","inLanguage":"it-IT","@id":"https:\/\/ahorn-camp.de\/wohnmobil-urlaub-mit-baby-und-kleinkind\/#primaryimage","url":"https:\/\/ahorn-camp.de\/wp-content\/uploads\/2024\/09\/MG_8950-scaled.jpg","contentUrl":"https:\/\/ahorn-camp.de\/wp-content\/uploads\/2024\/09\/MG_8950-scaled.jpg","width":1707,"height":2560,"caption":"Urlaub im Wohnmobil mit Baby und Kleinkind"},{"@type":"BreadcrumbList","@id":"https:\/\/ahorn-camp.de\/wohnmobil-urlaub-mit-baby-und-kleinkind\/#breadcrumb","itemListElement":[{"@type":"ListItem","position":1,"name":"Startseite","item":"https:\/\/ahorn-camp.de\/"},{"@type":"ListItem","position":2,"name":"Wohnmobil-Urlaub mit Baby und Kleinkind"}]},{"@type":"WebSite","@id":"https:\/\/ahorn-camp.de\/#website","url":"https:\/\/ahorn-camp.de\/","name":"Ahorn Camp | Camper e furgonati","description":"Da oltre 30 anni l'azienda a conduzione familiare, Ahorn Camp a Speyer, commercializza con successo camper e furgoni al miglior rapporto qualit\u00e0-prezzo.","publisher":{"@id":"https:\/\/ahorn-camp.de\/#organization"},"potentialAction":[{"@type":"SearchAction","target":{"@type":"EntryPoint","urlTemplate":"https:\/\/ahorn-camp.de\/?s={search_term_string}"},"query-input":{"@type":"PropertyValueSpecification","valueRequired":true,"valueName":"search_term_string"}}],"inLanguage":"it-IT"},{"@type":"Organization","@id":"https:\/\/ahorn-camp.de\/#organization","name":"Ahorn Camp GmbH &amp; Co. KG","url":"https:\/\/ahorn-camp.de\/","logo":{"@type":"ImageObject","inLanguage":"it-IT","@id":"https:\/\/ahorn-camp.de\/#\/schema\/logo\/image\/","url":"https:\/\/ahorn-camp.de\/wp-content\/uploads\/2018\/12\/Ahorn_Logo.jpg","contentUrl":"https:\/\/ahorn-camp.de\/wp-content\/uploads\/2018\/12\/Ahorn_Logo.jpg","width":1437,"height":1000,"caption":"Ahorn Camp GmbH & Co. KG"},"image":{"@id":"https:\/\/ahorn-camp.de\/#\/schema\/logo\/image\/"},"sameAs":["https:\/\/www.facebook.com\/ahorn.wohnmobile\/","https:\/\/www.instagram.com\/ahorn.camp\/","https:\/\/www.youtube.com\/channel\/UCPFbPCts1JJ_A1k9vyH0yOQ"]},{"@type":"Person","@id":"https:\/\/ahorn-camp.de\/#\/schema\/person\/9b60761ba82d5cb8e6db215a88925044","name":"ahorn_admin","image":{"@type":"ImageObject","inLanguage":"it-IT","@id":"https:\/\/secure.gravatar.com\/avatar\/d96b9a078083b0c14cee48589feadd939c3cdd66547e2f3f1569470371daaaa5?s=96&d=mm&r=g","url":"https:\/\/secure.gravatar.com\/avatar\/d96b9a078083b0c14cee48589feadd939c3cdd66547e2f3f1569470371daaaa5?s=96&d=mm&r=g","contentUrl":"https:\/\/secure.gravatar.com\/avatar\/d96b9a078083b0c14cee48589feadd939c3cdd66547e2f3f1569470371daaaa5?s=96&d=mm&r=g","caption":"ahorn_admin"},"sameAs":["http:\/\/Ahorn%20Camp"],"url":"https:\/\/ahorn-camp.de\/it\/author\/ahorn_admin\/"}]}},"_links":{"self":[{"href":"https:\/\/ahorn-camp.de\/it\/wp-json\/wp\/v2\/posts\/25202","targetHints":{"allow":["GET"]}}],"collection":[{"href":"https:\/\/ahorn-camp.de\/it\/wp-json\/wp\/v2\/posts"}],"about":[{"href":"https:\/\/ahorn-camp.de\/it\/wp-json\/wp\/v2\/types\/post"}],"author":[{"embeddable":true,"href":"https:\/\/ahorn-camp.de\/it\/wp-json\/wp\/v2\/users\/2"}],"replies":[{"embeddable":true,"href":"https:\/\/ahorn-camp.de\/it\/wp-json\/wp\/v2\/comments?post=25202"}],"version-history":[{"count":0,"href":"https:\/\/ahorn-camp.de\/it\/wp-json\/wp\/v2\/posts\/25202\/revisions"}],"wp:featuredmedia":[{"embeddable":true,"href":"https:\/\/ahorn-camp.de\/it\/wp-json\/wp\/v2\/media\/25291"}],"wp:attachment":[{"href":"https:\/\/ahorn-camp.de\/it\/wp-json\/wp\/v2\/media?parent=25202"}],"wp:term":[{"taxonomy":"category","embeddable":true,"href":"https:\/\/ahorn-camp.de\/it\/wp-json\/wp\/v2\/categories?post=25202"},{"taxonomy":"post_tag","embeddable":true,"href":"https:\/\/ahorn-camp.de\/it\/wp-json\/wp\/v2\/tags?post=25202"}],"curies":[{"name":"wp","href":"https:\/\/api.w.org\/{rel}","templated":true}]}}