{"id":16536,"date":"2022-06-10T16:43:09","date_gmt":"2022-06-10T14:43:09","guid":{"rendered":"https:\/\/ahorn-camp.de\/?p=16536"},"modified":"2024-09-24T10:36:24","modified_gmt":"2024-09-24T08:36:24","slug":"quale-sistema-portabici-si-adatta-al-mio-camper","status":"publish","type":"post","link":"https:\/\/ahorn-camp.de\/it\/welches-fahrradtraegersystem-passt-fuer-mein-reisemobil\/","title":{"rendered":"Quale sistema portabici \u00e8 adatto al mio camper?"},"content":{"rendered":"<div class=\"wpb-content-wrapper\" id=\"wpb-content-root\"><div class=\"vc_row wpb_row vc_row-fluid\"><div class=\"wpb_column vc_column_container vc_col-sm-12\"><div class=\"vc_column-inner\"><div class=\"wpb_wrapper\">\n\t<div class=\"wpb_text_column wpb_content_element\" >\n\t\t<div class=\"wpb_wrapper\">\n\t\t\t<p>Lei vorrebbe il Suo <a href=\"https:\/\/ahorn-camp.de\/it\/6-consigli-per-viaggiare-con-portabici-sul-camper\/\">Bicicletta<\/a> mit a un camper e stai pensando a come farlo? Per fortuna, sia i camper che i camper offrono alcune opzioni pratiche per questo sotto forma di diversi sistemi di portabiciclette. Per risparmiarti una ricerca approfondita, abbiamo elencato i fatti pi\u00f9 importanti sui diversi sistemi di portabiciclette.<\/p>\n\n\t\t<\/div>\n\t<\/div>\n<\/div><\/div><\/div><\/div><div class=\"vc_row wpb_row vc_row-fluid\"><div class=\"wpb_column vc_column_container vc_col-sm-12\"><div class=\"vc_column-inner\"><div class=\"wpb_wrapper\"><h2 style=\"font-size: 18px;text-align: left\" class=\"vc_custom_heading vc_do_custom_heading\" >Esclusivamente per camper: sistemi di garage<\/h2>\n\t<div class=\"wpb_text_column wpb_content_element\" >\n\t\t<div class=\"wpb_wrapper\">\n\t\t\t<p>Un modo popolare per trasportare biciclette, ma adatto solo a <strong>camper pi\u00f9 grandi con garage posteriore<\/strong> offre, \u00e8 il trasporto interno tramite garage. Questo spazio di stoccaggio offre ampio spazio per riporre le proprie biciclette senza bisogno di un portabici esterno. Tuttavia, anche qui si dovrebbe investire in una certa quantit\u00e0 di <strong>Attrezzatura di trasporto<\/strong> investiti, altrimenti si possono verificare danni da sfregamento alla bicicletta o alle pareti del garage. Le biciclette possono essere fissate, ad esempio, con l'aiuto di <strong>Guide a pavimento<\/strong>, in cui vengono agganciati i bicicli senza ruota anteriore, o con l'aiuto di <strong>Portanti su slitta<\/strong>, che consentono alle ruote di appoggiarsi verso l'alto o lateralmente. Su alcuni modelli i binari sono fissi, su altri possono essere estraibili, facilitando ulteriormente il carico e lo scarico. Se hai intenzione di trasportare la tua bicicletta solo occasionalmente sul retro, \u00e8 sufficiente anche un buon sistema di fissaggio, con cui la tua bicicletta viene fissata saldamente con una cinghria di tensionamento.<\/p>\n<p>I sistemi per garage offrono il vantaggio di poter trasportare biciclette e e-bike al riparo dalle intemperie e dagli sguardi indiscreti, e per i possessori di e-bike presentano l'ulteriore vantaggio che in essi possono essere installate possibilit\u00e0 di ricarica. Tuttavia, lo spazio di stoccaggio per mobili da campeggio, ad esempio, viene ridotto con questa variante.<\/p>\n\n\t\t<\/div>\n\t<\/div>\n<\/div><\/div><\/div><\/div><div class=\"vc_row wpb_row vc_row-fluid\"><div class=\"wpb_column vc_column_container vc_col-sm-6\"><div class=\"vc_column-inner\"><div class=\"wpb_wrapper\"><h2 style=\"font-size: 18px;text-align: left\" class=\"vc_custom_heading vc_do_custom_heading\" >Per camper e furgoni camperizzati: montaggio sulla parete posteriore<\/h2>\n\t<div class=\"wpb_text_column wpb_content_element\" >\n\t\t<div class=\"wpb_wrapper\">\n\t\t\t<p>Questa variante \u00e8 una soluzione popolare per il trasporto di biciclette sia nei camper che nei furgoni camper. Il portabiciclette viene fissato sul retro del camper, solitamente sullo sportello posteriore o sul telaio, utilizzando viti autofilettanti o un trapano. <strong>Per Lei interessanti caratteristiche: <\/strong>I portelloni posteriori hanno un peso proprio ridotto e un elevato carico utile. Possono quindi trasportare fino a 60 chilogrammi di carico utile, sufficienti per trasportare in media due e-bike pesanti o quattro biciclette normali. Per i furgoni, tuttavia, sono solo 35 chilogrammi.<\/p>\n<p>Tuttavia, poich\u00e9 l'altezza di carico pu\u00f2 essere piuttosto elevata e spesso causa problemi nel caricare biciclette pi\u00f9 pesanti (in particolare e-bike), \u00e8 consigliabile prestare attenzione a guide abbassabili che possono essere portate a un'altezza comoda, sia tramite manovella che tramite abbassamento motorizzato. Questo pu\u00f2 rendere il processo di caricamento significativamente pi\u00f9 piacevole anche per le biciclette normali. I portapacchi posteriori offrono l'ulteriore vantaggio di essere rapidamente rimovibili con pochi attrezzi e anche economici. Gli svantaggi includono uno spazio tra le guide piuttosto ridotto a partire da tre biciclette e un'altezza di carico elevata, se non \u00e8 prevista una funzione di abbassamento.<\/p>\n\n\t\t<\/div>\n\t<\/div>\n<\/div><\/div><\/div><div class=\"wpb_column vc_column_container vc_col-sm-6\"><div class=\"vc_column-inner\"><div class=\"wpb_wrapper\"><div class=\"vc_row wpb_row vc_inner vc_row-fluid\"><div class=\"wpb_column vc_column_container vc_col-sm-12\"><div class=\"vc_column-inner\"><div class=\"wpb_wrapper\"><\/div><\/div><\/div><\/div>\n\t<div  class=\"wpb_single_image wpb_content_element vc_align_left wpb_content_element\">\n\t\t\n\t\t<figure class=\"wpb_wrapper vc_figure\">\n\t\t\t<div class=\"vc_single_image-wrapper\"><img fetchpriority=\"high\" decoding=\"async\" class=\"vc_single_image-img\" src=\"https:\/\/ahorn-camp.de\/wp-content\/uploads\/2022\/06\/thule_excellent_short_2rails_309822-1500x1190.jpg\" width=\"1500\" height=\"1190\" alt=\"Il sistema portabici a montaggio su portellone posteriore\" title=\"Il montaggio a parete posteriore \u00e8 un popolare sistema di portabici per camper Ahorn\" \/><\/div><figcaption class=\"vc_figure-caption\">Il montaggio posteriore \u00e8 una soluzione popolare per il trasporto di biciclette sia nei camper che nei furgoni camperizzati. <\/figcaption>\n\t\t<\/figure>\n\t<\/div>\n<\/div><\/div><\/div><\/div><div class=\"vc_row wpb_row vc_row-fluid\"><div class=\"wpb_column vc_column_container vc_col-sm-12\"><div class=\"vc_column-inner\"><div class=\"wpb_wrapper\"><h2 style=\"font-size: 18px;text-align: left\" class=\"vc_custom_heading vc_do_custom_heading\" >Chassismontage<\/h2>\n\t<div class=\"wpb_text_column wpb_content_element\" >\n\t\t<div class=\"wpb_wrapper\">\n\t\t\t<p>Con questa opzione, non dovrete preoccuparvi se il vostro portabici \u00e8 in grado di contenere le vostre e-bike, poich\u00e9 con l'aiuto dei portapacchi \u00e8 possibile trasportare carichi fino a 150 kg. In questo modo \u00e8 possibile trasportare anche uno scooter o una moto pi\u00f9 leggeri. A differenza del montaggio a parete posteriore, l'altezza di carico ridotta elimina anche il problema del carico e dello scarico. Tuttavia, anche in questo caso sono presenti rampe che facilitano la spinta delle biciclette, in particolare delle e-bike, verso l'alto. Molti portabici possono essere completamente smontati e molti produttori offrono anche coperture protettive adeguate per proteggere il carico. Tuttavia, questo sistema di trasporto ha un prezzo ed \u00e8 piuttosto pesante. Inoltre, \u00e8 necessario montare le estensioni del telaio e l'impianto elettrico per l'illuminazione supplementare. Si consiglia anche una molla ad aria supplementare per l'asse posteriore. Importante: questa variante deve essere sempre montata da un esperto.<\/p>\n\n\t\t<\/div>\n\t<\/div>\n<\/div><\/div><\/div><\/div><div class=\"vc_row wpb_row vc_row-fluid\"><div class=\"wpb_column vc_column_container vc_col-sm-6\"><div class=\"vc_column-inner\"><div class=\"wpb_wrapper\"><h2 style=\"font-size: 18px;text-align: left\" class=\"vc_custom_heading vc_do_custom_heading\" >Portabiciclette da gancio di traino<\/h2>\n\t<div class=\"wpb_text_column wpb_content_element\" >\n\t\t<div class=\"wpb_wrapper\">\n\t\t\t<p>Chi possiede un gancio di traino pu\u00f2 avvalersi di una variante di portabiciclette molto semplice e quindi popolare, montando un portabiciclette sul gancio di traino. Questo pu\u00f2 essere avvitato o bloccato rapidamente e facilmente e altrettanto rapidamente smontato \u2013 motivo per cui per questa variante non \u00e8 necessariamente necessario un esperto.<\/p>\n<p>Tuttavia, va notato che il portabiciclette da gancio di traino ha la propria illuminazione e targa, poich\u00e9 l'illuminazione e la targa sono oscurate dal camper o dal camper. I costi di acquisto sono nella fascia media, tuttavia l'appoggio sul timone aumenta e con esso anche il consumo di carburante. Per poter continuare ad aprire le porte, nei furgoni deve essere montato anche un supporto ribaltabile.<\/p>\n\n\t\t<\/div>\n\t<\/div>\n<\/div><\/div><\/div><div class=\"wpb_column vc_column_container vc_col-sm-6\"><div class=\"vc_column-inner\"><div class=\"wpb_wrapper\"><div class=\"vc_row wpb_row vc_inner vc_row-fluid\"><div class=\"wpb_column vc_column_container vc_col-sm-12\"><div class=\"vc_column-inner\"><div class=\"wpb_wrapper\"><\/div><\/div><\/div><\/div>\n\t<div  class=\"wpb_single_image wpb_content_element vc_align_left wpb_content_element\">\n\t\t\n\t\t<figure class=\"wpb_wrapper vc_figure\">\n\t\t\t<div class=\"vc_single_image-wrapper\"><img decoding=\"async\" width=\"300\" height=\"300\" src=\"https:\/\/ahorn-camp.de\/wp-content\/uploads\/2022\/06\/mikro_2_4_fahrraeder-300x300.jpg\" class=\"vc_single_image-img attachment-medium\" alt=\"Un portabiciclette per gancio di traino montato sul gancio di traino di un Ahorn Camp camper.\" title=\"Il portabiciclette \u00e8 un popolare sistema di portabiciclette per Ahorn Camp camper\" srcset=\"https:\/\/ahorn-camp.de\/wp-content\/uploads\/2022\/06\/mikro_2_4_fahrraeder-300x300.jpg 300w, https:\/\/ahorn-camp.de\/wp-content\/uploads\/2022\/06\/mikro_2_4_fahrraeder-1024x1024.jpg 1024w, https:\/\/ahorn-camp.de\/wp-content\/uploads\/2022\/06\/mikro_2_4_fahrraeder-150x150.jpg 150w, https:\/\/ahorn-camp.de\/wp-content\/uploads\/2022\/06\/mikro_2_4_fahrraeder-768x768.jpg 768w, https:\/\/ahorn-camp.de\/wp-content\/uploads\/2022\/06\/mikro_2_4_fahrraeder-600x600.jpg 600w, https:\/\/ahorn-camp.de\/wp-content\/uploads\/2022\/06\/mikro_2_4_fahrraeder-1536x1536.jpg 1536w, https:\/\/ahorn-camp.de\/wp-content\/uploads\/2022\/06\/mikro_2_4_fahrraeder-400x400.jpg 400w, https:\/\/ahorn-camp.de\/wp-content\/uploads\/2022\/06\/mikro_2_4_fahrraeder-800x800.jpg 800w, https:\/\/ahorn-camp.de\/wp-content\/uploads\/2022\/06\/mikro_2_4_fahrraeder-100x100.jpg 100w, https:\/\/ahorn-camp.de\/wp-content\/uploads\/2022\/06\/mikro_2_4_fahrraeder.jpg 1600w\" sizes=\"(max-width: 300px) 100vw, 300px\" \/><\/div><figcaption class=\"vc_figure-caption\">Un portabici posteriore si avvita o si aggancia rapidamente e facilmente al gancio di traino.<\/figcaption>\n\t\t<\/figure>\n\t<\/div>\n<\/div><\/div><\/div><\/div><div class=\"vc_row wpb_row vc_row-fluid\"><div class=\"wpb_column vc_column_container vc_col-sm-12\"><div class=\"vc_column-inner\"><div class=\"wpb_wrapper\"><h2 style=\"font-size: 18px;text-align: left\" class=\"vc_custom_heading vc_do_custom_heading\" >Per camper: montaggio porte e montaggio cerniere<\/h2>\n\t<div class=\"wpb_text_column wpb_content_element\" >\n\t\t<div class=\"wpb_wrapper\">\n\t\t\t<p>Come ora avrete appreso, esistono anche per i camper una moltitudine di possibilit\u00e0 per montare un portabiciclette sul veicolo. Sono particolarmente adatte a questo scopo le varianti di montaggio a porta e di montaggio a cerniera.<\/p>\n<p>Durante il montaggio della porta, il supporto viene agganciato alla guida fissata alla porta posteriore destra. Il montaggio della porta offre il vantaggio di essere relativamente economico, di avere un peso proprio ridotto e di essere rapidamente rimovibile dopo il montaggio iniziale. Tuttavia, consente solo un carico fino a 35 chilogrammi e la porta e le cerniere sono sottoposte a forti sollecitazioni, motivo per cui non \u00e8 adatta al trasporto di biciclette elettriche. Inoltre, questa variante blocca la visuale dalla finestra.<\/p>\n<p>Per il trasporto di e-bike, il montaggio del portapacchi sul telaio o direttamente sulle cerniere \u00e8 adatto. Quest'ultima variante funziona fissando un portabiciclette ai bulloni delle cerniere della porta. Tuttavia, queste devono essere sbloccate per poterle aprire. Qui sono possibili carichi utili pi\u00f9 elevati fino a 60 chilogrammi e le porte stesse non sono sotto carico. Sono tuttavia pi\u00f9 costosi e pesanti dei portapacchi a porta.<\/p>\n\n\t\t<\/div>\n\t<\/div>\n<\/div><\/div><\/div><\/div><div class=\"vc_row wpb_row vc_row-fluid\"><div class=\"wpb_column vc_column_container vc_col-sm-12\"><div class=\"vc_column-inner\"><div class=\"wpb_wrapper\"><h2 style=\"font-size: 18px;text-align: left\" class=\"vc_custom_heading vc_do_custom_heading\" >Alternative al portabiciclette<\/h2>\n\t<div class=\"wpb_text_column wpb_content_element\" >\n\t\t<div class=\"wpb_wrapper\">\n\t\t\t<p>Se non avete necessariamente bisogno della vostra normale bicicletta o e-bike in vacanza e volete allo stesso tempo risparmiare spazio e peso, allora le nostre pratiche biciclette pieghevoli possono essere l'alternativa perfetta.<\/p>\n<p>Qui troverai tutto ci\u00f2 che c'\u00e8 da sapere sul trasporto di biciclette. Buon divertimento per il tuo prossimo viaggio in campeggio con la bicicletta.<\/p>\n\n\t\t<\/div>\n\t<\/div>\n<\/div><\/div><\/div><\/div><div class=\"vc_row wpb_row vc_row-fluid\"><div class=\"wpb_column vc_column_container vc_col-sm-12\"><div class=\"vc_column-inner\"><div class=\"wpb_wrapper\">\n\t<div class=\"wpb_text_column wpb_content_element\" >\n\t\t<div class=\"wpb_wrapper\">\n\t\t\t<p><em>Immagini: Thule Sweden AB \/ ALOIS KOBER GMBH<\/em><\/p>\n\n\t\t<\/div>\n\t<\/div>\n<\/div><\/div><\/div><\/div>\n<\/div>","protected":false},"excerpt":{"rendered":"<p>Desideri portare la tua bicicletta nella tua vacanza in camper e ti chiedi come fare? Fortunatamente, sia i camper che i furgoni offrono alcune opzioni pratiche per questo sotto forma di diversi sistemi di portabiciclette. Per risparmiarti una ricerca approfondita, abbiamo elencato i fatti pi\u00f9 importanti sui diversi sistemi di portabiciclette.<\/p>","protected":false},"author":2,"featured_media":16587,"comment_status":"open","ping_status":"open","sticky":false,"template":"","format":"standard","meta":{"content-type":"","footnotes":""},"categories":[208,291],"tags":[],"class_list":["post-16536","post","type-post","status-publish","format-standard","has-post-thumbnail","hentry","category-blog","category-nicht-kategorisiert-en-gb"],"yoast_head":"<!-- This site is optimized with the Yoast SEO plugin v28.4 - https:\/\/yoast.com\/product\/yoast-seo-wordpress\/ -->\n<title>Fahrradtr\u00e4gersystem f\u00fcr das Ahorn Reisemobil<\/title>\n<meta name=\"description\" content=\"Reisen mit Wohnmobil und Fahrrad: Welches Fahrradtr\u00e4gersystem passt f\u00fcr Sie? Wir zeigen die wichtigsten Eigenschaften und Unterschiede.\" \/>\n<meta name=\"robots\" content=\"index, follow, max-snippet:-1, max-image-preview:large, max-video-preview:-1\" \/>\n<link rel=\"canonical\" href=\"https:\/\/ahorn-camp.de\/it\/quale-sistema-portabici-si-adatta-al-mio-camper\/\" \/>\n<meta property=\"og:locale\" content=\"it_IT\" \/>\n<meta property=\"og:type\" content=\"article\" \/>\n<meta property=\"og:title\" content=\"Fahrradtr\u00e4gersystem f\u00fcr das Ahorn Reisemobil\" \/>\n<meta property=\"og:description\" content=\"Reisen mit Wohnmobil und Fahrrad: Welches Fahrradtr\u00e4gersystem passt f\u00fcr Sie? Wir zeigen die wichtigsten Eigenschaften und Unterschiede.\" \/>\n<meta property=\"og:url\" content=\"https:\/\/ahorn-camp.de\/it\/quale-sistema-portabici-si-adatta-al-mio-camper\/\" \/>\n<meta property=\"og:site_name\" content=\"Ahorn Camp | Reisemobile und Kastenwagen\" \/>\n<meta property=\"article:publisher\" content=\"https:\/\/www.facebook.com\/ahorn.wohnmobile\/\" \/>\n<meta property=\"article:published_time\" content=\"2022-06-10T14:43:09+00:00\" \/>\n<meta property=\"article:modified_time\" content=\"2024-09-24T08:36:24+00:00\" \/>\n<meta property=\"og:image\" content=\"https:\/\/ahorn-camp.de\/wp-content\/uploads\/2022\/06\/Ahorn-Camp_-AlaskaTD_hikebike-11-scaled.jpg\" \/>\n\t<meta property=\"og:image:width\" content=\"2560\" \/>\n\t<meta property=\"og:image:height\" content=\"2048\" \/>\n\t<meta property=\"og:image:type\" content=\"image\/jpeg\" \/>\n<meta name=\"author\" content=\"ahorn_admin\" \/>\n<meta name=\"twitter:card\" content=\"summary_large_image\" \/>\n<meta name=\"twitter:label1\" content=\"Scritto da\" \/>\n\t<meta name=\"twitter:data1\" content=\"ahorn_admin\" \/>\n\t<meta name=\"twitter:label2\" content=\"Tempo di lettura stimato\" \/>\n\t<meta name=\"twitter:data2\" content=\"6 minuti\" \/>\n<script type=\"application\/ld+json\" class=\"yoast-schema-graph\">{\"@context\":\"https:\\\/\\\/schema.org\",\"@graph\":[{\"@type\":\"Article\",\"@id\":\"https:\\\/\\\/ahorn-camp.de\\\/welches-fahrradtraegersystem-passt-fuer-mein-reisemobil\\\/#article\",\"isPartOf\":{\"@id\":\"https:\\\/\\\/ahorn-camp.de\\\/welches-fahrradtraegersystem-passt-fuer-mein-reisemobil\\\/\"},\"author\":{\"name\":\"ahorn_admin\",\"@id\":\"https:\\\/\\\/ahorn-camp.de\\\/#\\\/schema\\\/person\\\/9b60761ba82d5cb8e6db215a88925044\"},\"headline\":\"Welches Fahrradtr\u00e4gersystem passt f\u00fcr mein Reisemobil?\",\"datePublished\":\"2022-06-10T14:43:09+00:00\",\"dateModified\":\"2024-09-24T08:36:24+00:00\",\"mainEntityOfPage\":{\"@id\":\"https:\\\/\\\/ahorn-camp.de\\\/welches-fahrradtraegersystem-passt-fuer-mein-reisemobil\\\/\"},\"wordCount\":1289,\"commentCount\":0,\"publisher\":{\"@id\":\"https:\\\/\\\/ahorn-camp.de\\\/#organization\"},\"image\":{\"@id\":\"https:\\\/\\\/ahorn-camp.de\\\/welches-fahrradtraegersystem-passt-fuer-mein-reisemobil\\\/#primaryimage\"},\"thumbnailUrl\":\"https:\\\/\\\/ahorn-camp.de\\\/wp-content\\\/uploads\\\/2022\\\/06\\\/Ahorn-Camp_-AlaskaTD_hikebike-11-scaled.jpg\",\"articleSection\":[\"Blog\",\"Nicht kategorisiert\"],\"inLanguage\":\"it-IT\",\"potentialAction\":[{\"@type\":\"CommentAction\",\"name\":\"Comment\",\"target\":[\"https:\\\/\\\/ahorn-camp.de\\\/welches-fahrradtraegersystem-passt-fuer-mein-reisemobil\\\/#respond\"]}]},{\"@type\":\"WebPage\",\"@id\":\"https:\\\/\\\/ahorn-camp.de\\\/welches-fahrradtraegersystem-passt-fuer-mein-reisemobil\\\/\",\"url\":\"https:\\\/\\\/ahorn-camp.de\\\/welches-fahrradtraegersystem-passt-fuer-mein-reisemobil\\\/\",\"name\":\"Fahrradtr\u00e4gersystem f\u00fcr das Ahorn Reisemobil\",\"isPartOf\":{\"@id\":\"https:\\\/\\\/ahorn-camp.de\\\/#website\"},\"primaryImageOfPage\":{\"@id\":\"https:\\\/\\\/ahorn-camp.de\\\/welches-fahrradtraegersystem-passt-fuer-mein-reisemobil\\\/#primaryimage\"},\"image\":{\"@id\":\"https:\\\/\\\/ahorn-camp.de\\\/welches-fahrradtraegersystem-passt-fuer-mein-reisemobil\\\/#primaryimage\"},\"thumbnailUrl\":\"https:\\\/\\\/ahorn-camp.de\\\/wp-content\\\/uploads\\\/2022\\\/06\\\/Ahorn-Camp_-AlaskaTD_hikebike-11-scaled.jpg\",\"datePublished\":\"2022-06-10T14:43:09+00:00\",\"dateModified\":\"2024-09-24T08:36:24+00:00\",\"description\":\"Reisen mit Wohnmobil und Fahrrad: Welches Fahrradtr\u00e4gersystem passt f\u00fcr Sie? Wir zeigen die wichtigsten Eigenschaften und Unterschiede.\",\"breadcrumb\":{\"@id\":\"https:\\\/\\\/ahorn-camp.de\\\/welches-fahrradtraegersystem-passt-fuer-mein-reisemobil\\\/#breadcrumb\"},\"inLanguage\":\"it-IT\",\"potentialAction\":[{\"@type\":\"ReadAction\",\"target\":[\"https:\\\/\\\/ahorn-camp.de\\\/welches-fahrradtraegersystem-passt-fuer-mein-reisemobil\\\/\"]}]},{\"@type\":\"ImageObject\",\"inLanguage\":\"it-IT\",\"@id\":\"https:\\\/\\\/ahorn-camp.de\\\/welches-fahrradtraegersystem-passt-fuer-mein-reisemobil\\\/#primaryimage\",\"url\":\"https:\\\/\\\/ahorn-camp.de\\\/wp-content\\\/uploads\\\/2022\\\/06\\\/Ahorn-Camp_-AlaskaTD_hikebike-11-scaled.jpg\",\"contentUrl\":\"https:\\\/\\\/ahorn-camp.de\\\/wp-content\\\/uploads\\\/2022\\\/06\\\/Ahorn-Camp_-AlaskaTD_hikebike-11-scaled.jpg\",\"width\":2560,\"height\":2048},{\"@type\":\"BreadcrumbList\",\"@id\":\"https:\\\/\\\/ahorn-camp.de\\\/welches-fahrradtraegersystem-passt-fuer-mein-reisemobil\\\/#breadcrumb\",\"itemListElement\":[{\"@type\":\"ListItem\",\"position\":1,\"name\":\"Startseite\",\"item\":\"https:\\\/\\\/ahorn-camp.de\\\/\"},{\"@type\":\"ListItem\",\"position\":2,\"name\":\"Welches Fahrradtr\u00e4gersystem passt f\u00fcr mein Reisemobil?\"}]},{\"@type\":\"WebSite\",\"@id\":\"https:\\\/\\\/ahorn-camp.de\\\/#website\",\"url\":\"https:\\\/\\\/ahorn-camp.de\\\/\",\"name\":\"Ahorn Camp | Reisemobile und Kastenwagen\",\"description\":\"Seit \u00fcber 30 Jahren vermarktet das Familienunternehmen, Ahorn Camp in Speyer, erfolgreich Wohnmobile und Kastenwagen zum besten Preis-Leistungsverh\u00e4ltnis.\",\"publisher\":{\"@id\":\"https:\\\/\\\/ahorn-camp.de\\\/#organization\"},\"potentialAction\":[{\"@type\":\"SearchAction\",\"target\":{\"@type\":\"EntryPoint\",\"urlTemplate\":\"https:\\\/\\\/ahorn-camp.de\\\/?s={search_term_string}\"},\"query-input\":{\"@type\":\"PropertyValueSpecification\",\"valueRequired\":true,\"valueName\":\"search_term_string\"}}],\"inLanguage\":\"it-IT\"},{\"@type\":\"Organization\",\"@id\":\"https:\\\/\\\/ahorn-camp.de\\\/#organization\",\"name\":\"Ahorn Camp GmbH & Co. KG\",\"url\":\"https:\\\/\\\/ahorn-camp.de\\\/\",\"logo\":{\"@type\":\"ImageObject\",\"inLanguage\":\"it-IT\",\"@id\":\"https:\\\/\\\/ahorn-camp.de\\\/#\\\/schema\\\/logo\\\/image\\\/\",\"url\":\"https:\\\/\\\/ahorn-camp.de\\\/wp-content\\\/uploads\\\/2018\\\/12\\\/Ahorn_Logo.jpg\",\"contentUrl\":\"https:\\\/\\\/ahorn-camp.de\\\/wp-content\\\/uploads\\\/2018\\\/12\\\/Ahorn_Logo.jpg\",\"width\":1437,\"height\":1000,\"caption\":\"Ahorn Camp GmbH & Co. KG\"},\"image\":{\"@id\":\"https:\\\/\\\/ahorn-camp.de\\\/#\\\/schema\\\/logo\\\/image\\\/\"},\"sameAs\":[\"https:\\\/\\\/www.facebook.com\\\/ahorn.wohnmobile\\\/\",\"https:\\\/\\\/www.instagram.com\\\/ahorn.camp\\\/\",\"https:\\\/\\\/www.youtube.com\\\/channel\\\/UCPFbPCts1JJ_A1k9vyH0yOQ\"]},{\"@type\":\"Person\",\"@id\":\"https:\\\/\\\/ahorn-camp.de\\\/#\\\/schema\\\/person\\\/9b60761ba82d5cb8e6db215a88925044\",\"name\":\"ahorn_admin\",\"image\":{\"@type\":\"ImageObject\",\"inLanguage\":\"it-IT\",\"@id\":\"https:\\\/\\\/secure.gravatar.com\\\/avatar\\\/d96b9a078083b0c14cee48589feadd939c3cdd66547e2f3f1569470371daaaa5?s=96&d=mm&r=g\",\"url\":\"https:\\\/\\\/secure.gravatar.com\\\/avatar\\\/d96b9a078083b0c14cee48589feadd939c3cdd66547e2f3f1569470371daaaa5?s=96&d=mm&r=g\",\"contentUrl\":\"https:\\\/\\\/secure.gravatar.com\\\/avatar\\\/d96b9a078083b0c14cee48589feadd939c3cdd66547e2f3f1569470371daaaa5?s=96&d=mm&r=g\",\"caption\":\"ahorn_admin\"},\"sameAs\":[\"http:\\\/\\\/Ahorn%20Camp\"],\"url\":\"https:\\\/\\\/ahorn-camp.de\\\/it\\\/author\\\/ahorn_admin\\\/\"}]}<\/script>\n<!-- \/ Yoast SEO plugin. -->","yoast_head_json":{"title":"Sistema portabici per il camper Ahorn","description":"Viaggiare in camper e in bicicletta: quale sistema portabici fa per te? Ti mostriamo le caratteristiche e le differenze pi\u00f9 importanti.","robots":{"index":"index","follow":"follow","max-snippet":"max-snippet:-1","max-image-preview":"max-image-preview:large","max-video-preview":"max-video-preview:-1"},"canonical":"https:\/\/ahorn-camp.de\/it\/quale-sistema-portabici-si-adatta-al-mio-camper\/","og_locale":"it_IT","og_type":"article","og_title":"Fahrradtr\u00e4gersystem f\u00fcr das Ahorn Reisemobil","og_description":"Reisen mit Wohnmobil und Fahrrad: Welches Fahrradtr\u00e4gersystem passt f\u00fcr Sie? Wir zeigen die wichtigsten Eigenschaften und Unterschiede.","og_url":"https:\/\/ahorn-camp.de\/it\/quale-sistema-portabici-si-adatta-al-mio-camper\/","og_site_name":"Ahorn Camp | Reisemobile und Kastenwagen","article_publisher":"https:\/\/www.facebook.com\/ahorn.wohnmobile\/","article_published_time":"2022-06-10T14:43:09+00:00","article_modified_time":"2024-09-24T08:36:24+00:00","og_image":[{"width":2560,"height":2048,"url":"https:\/\/ahorn-camp.de\/wp-content\/uploads\/2022\/06\/Ahorn-Camp_-AlaskaTD_hikebike-11-scaled.jpg","type":"image\/jpeg"}],"author":"ahorn_admin","twitter_card":"summary_large_image","twitter_misc":{"Scritto da":"ahorn_admin","Tempo di lettura stimato":"6 minuti"},"schema":{"@context":"https:\/\/schema.org","@graph":[{"@type":"Article","@id":"https:\/\/ahorn-camp.de\/welches-fahrradtraegersystem-passt-fuer-mein-reisemobil\/#article","isPartOf":{"@id":"https:\/\/ahorn-camp.de\/welches-fahrradtraegersystem-passt-fuer-mein-reisemobil\/"},"author":{"name":"ahorn_admin","@id":"https:\/\/ahorn-camp.de\/#\/schema\/person\/9b60761ba82d5cb8e6db215a88925044"},"headline":"Welches Fahrradtr\u00e4gersystem passt f\u00fcr mein Reisemobil?","datePublished":"2022-06-10T14:43:09+00:00","dateModified":"2024-09-24T08:36:24+00:00","mainEntityOfPage":{"@id":"https:\/\/ahorn-camp.de\/welches-fahrradtraegersystem-passt-fuer-mein-reisemobil\/"},"wordCount":1289,"commentCount":0,"publisher":{"@id":"https:\/\/ahorn-camp.de\/#organization"},"image":{"@id":"https:\/\/ahorn-camp.de\/welches-fahrradtraegersystem-passt-fuer-mein-reisemobil\/#primaryimage"},"thumbnailUrl":"https:\/\/ahorn-camp.de\/wp-content\/uploads\/2022\/06\/Ahorn-Camp_-AlaskaTD_hikebike-11-scaled.jpg","articleSection":["Blog","Nicht kategorisiert"],"inLanguage":"it-IT","potentialAction":[{"@type":"CommentAction","name":"Comment","target":["https:\/\/ahorn-camp.de\/welches-fahrradtraegersystem-passt-fuer-mein-reisemobil\/#respond"]}]},{"@type":"WebPage","@id":"https:\/\/ahorn-camp.de\/welches-fahrradtraegersystem-passt-fuer-mein-reisemobil\/","url":"https:\/\/ahorn-camp.de\/welches-fahrradtraegersystem-passt-fuer-mein-reisemobil\/","name":"Sistema portabici per il camper Ahorn","isPartOf":{"@id":"https:\/\/ahorn-camp.de\/#website"},"primaryImageOfPage":{"@id":"https:\/\/ahorn-camp.de\/welches-fahrradtraegersystem-passt-fuer-mein-reisemobil\/#primaryimage"},"image":{"@id":"https:\/\/ahorn-camp.de\/welches-fahrradtraegersystem-passt-fuer-mein-reisemobil\/#primaryimage"},"thumbnailUrl":"https:\/\/ahorn-camp.de\/wp-content\/uploads\/2022\/06\/Ahorn-Camp_-AlaskaTD_hikebike-11-scaled.jpg","datePublished":"2022-06-10T14:43:09+00:00","dateModified":"2024-09-24T08:36:24+00:00","description":"Viaggiare in camper e in bicicletta: quale sistema portabici fa per te? Ti mostriamo le caratteristiche e le differenze pi\u00f9 importanti.","breadcrumb":{"@id":"https:\/\/ahorn-camp.de\/welches-fahrradtraegersystem-passt-fuer-mein-reisemobil\/#breadcrumb"},"inLanguage":"it-IT","potentialAction":[{"@type":"ReadAction","target":["https:\/\/ahorn-camp.de\/welches-fahrradtraegersystem-passt-fuer-mein-reisemobil\/"]}]},{"@type":"ImageObject","inLanguage":"it-IT","@id":"https:\/\/ahorn-camp.de\/welches-fahrradtraegersystem-passt-fuer-mein-reisemobil\/#primaryimage","url":"https:\/\/ahorn-camp.de\/wp-content\/uploads\/2022\/06\/Ahorn-Camp_-AlaskaTD_hikebike-11-scaled.jpg","contentUrl":"https:\/\/ahorn-camp.de\/wp-content\/uploads\/2022\/06\/Ahorn-Camp_-AlaskaTD_hikebike-11-scaled.jpg","width":2560,"height":2048},{"@type":"BreadcrumbList","@id":"https:\/\/ahorn-camp.de\/welches-fahrradtraegersystem-passt-fuer-mein-reisemobil\/#breadcrumb","itemListElement":[{"@type":"ListItem","position":1,"name":"Startseite","item":"https:\/\/ahorn-camp.de\/"},{"@type":"ListItem","position":2,"name":"Welches Fahrradtr\u00e4gersystem passt f\u00fcr mein Reisemobil?"}]},{"@type":"WebSite","@id":"https:\/\/ahorn-camp.de\/#website","url":"https:\/\/ahorn-camp.de\/","name":"Ahorn Camp | Camper e furgonati","description":"Da oltre 30 anni l'azienda a conduzione familiare, Ahorn Camp a Speyer, commercializza con successo camper e furgoni al miglior rapporto qualit\u00e0-prezzo.","publisher":{"@id":"https:\/\/ahorn-camp.de\/#organization"},"potentialAction":[{"@type":"SearchAction","target":{"@type":"EntryPoint","urlTemplate":"https:\/\/ahorn-camp.de\/?s={search_term_string}"},"query-input":{"@type":"PropertyValueSpecification","valueRequired":true,"valueName":"search_term_string"}}],"inLanguage":"it-IT"},{"@type":"Organization","@id":"https:\/\/ahorn-camp.de\/#organization","name":"Ahorn Camp GmbH &amp; Co. KG","url":"https:\/\/ahorn-camp.de\/","logo":{"@type":"ImageObject","inLanguage":"it-IT","@id":"https:\/\/ahorn-camp.de\/#\/schema\/logo\/image\/","url":"https:\/\/ahorn-camp.de\/wp-content\/uploads\/2018\/12\/Ahorn_Logo.jpg","contentUrl":"https:\/\/ahorn-camp.de\/wp-content\/uploads\/2018\/12\/Ahorn_Logo.jpg","width":1437,"height":1000,"caption":"Ahorn Camp GmbH & Co. KG"},"image":{"@id":"https:\/\/ahorn-camp.de\/#\/schema\/logo\/image\/"},"sameAs":["https:\/\/www.facebook.com\/ahorn.wohnmobile\/","https:\/\/www.instagram.com\/ahorn.camp\/","https:\/\/www.youtube.com\/channel\/UCPFbPCts1JJ_A1k9vyH0yOQ"]},{"@type":"Person","@id":"https:\/\/ahorn-camp.de\/#\/schema\/person\/9b60761ba82d5cb8e6db215a88925044","name":"ahorn_admin","image":{"@type":"ImageObject","inLanguage":"it-IT","@id":"https:\/\/secure.gravatar.com\/avatar\/d96b9a078083b0c14cee48589feadd939c3cdd66547e2f3f1569470371daaaa5?s=96&d=mm&r=g","url":"https:\/\/secure.gravatar.com\/avatar\/d96b9a078083b0c14cee48589feadd939c3cdd66547e2f3f1569470371daaaa5?s=96&d=mm&r=g","contentUrl":"https:\/\/secure.gravatar.com\/avatar\/d96b9a078083b0c14cee48589feadd939c3cdd66547e2f3f1569470371daaaa5?s=96&d=mm&r=g","caption":"ahorn_admin"},"sameAs":["http:\/\/Ahorn%20Camp"],"url":"https:\/\/ahorn-camp.de\/it\/author\/ahorn_admin\/"}]}},"_links":{"self":[{"href":"https:\/\/ahorn-camp.de\/it\/wp-json\/wp\/v2\/posts\/16536","targetHints":{"allow":["GET"]}}],"collection":[{"href":"https:\/\/ahorn-camp.de\/it\/wp-json\/wp\/v2\/posts"}],"about":[{"href":"https:\/\/ahorn-camp.de\/it\/wp-json\/wp\/v2\/types\/post"}],"author":[{"embeddable":true,"href":"https:\/\/ahorn-camp.de\/it\/wp-json\/wp\/v2\/users\/2"}],"replies":[{"embeddable":true,"href":"https:\/\/ahorn-camp.de\/it\/wp-json\/wp\/v2\/comments?post=16536"}],"version-history":[{"count":0,"href":"https:\/\/ahorn-camp.de\/it\/wp-json\/wp\/v2\/posts\/16536\/revisions"}],"wp:featuredmedia":[{"embeddable":true,"href":"https:\/\/ahorn-camp.de\/it\/wp-json\/wp\/v2\/media\/16587"}],"wp:attachment":[{"href":"https:\/\/ahorn-camp.de\/it\/wp-json\/wp\/v2\/media?parent=16536"}],"wp:term":[{"taxonomy":"category","embeddable":true,"href":"https:\/\/ahorn-camp.de\/it\/wp-json\/wp\/v2\/categories?post=16536"},{"taxonomy":"post_tag","embeddable":true,"href":"https:\/\/ahorn-camp.de\/it\/wp-json\/wp\/v2\/tags?post=16536"}],"curies":[{"name":"wp","href":"https:\/\/api.w.org\/{rel}","templated":true}]}}