{"id":16325,"date":"2022-05-05T10:46:42","date_gmt":"2022-05-05T08:46:42","guid":{"rendered":"https:\/\/ahorn-camp.de\/?p=16325"},"modified":"2022-06-14T13:53:46","modified_gmt":"2022-06-14T11:53:46","slug":"inaugurazione-centro-servizi-speyer","status":"publish","type":"post","link":"https:\/\/ahorn-camp.de\/it\/eroeffnung-service-center-speyer\/","title":{"rendered":"Il nuovo centro assistenza a Spira"},"content":{"rendered":"<div class=\"wpb-content-wrapper\" id=\"wpb-content-root\"><div class=\"vc_row wpb_row vc_row-fluid\"><div class=\"wpb_column vc_column_container vc_col-sm-6\"><div class=\"vc_column-inner\"><div class=\"wpb_wrapper\">\n\t<div class=\"wpb_text_column wpb_content_element\" >\n\t\t<div class=\"wpb_wrapper\">\n\t\t\t<p>Come azienda, per noi \u00e8 importante evolverci di pari passo con le esigenze dei nostri clienti e garantire la loro soddisfazione a lungo termine. In questo contesto, per noi non \u00e8 solo lo sviluppo di design innovativi o una consulenza competente al momento dell\u2019acquisto ad avere la priorit\u00e0, ma soprattutto il supporto continuo per domande e servizi post-vendita, nonch\u00e9 la realizzazione di richieste personalizzate. Per poter perseguire questi obiettivi con maggiore intensit\u00e0 in futuro, dopo alcune settimane di intenso lavoro, l\u20198 aprile 2022 abbiamo inaugurato solennemente, alla presenza di rappresentanti del mondo economico, della stampa e della politica, abbiamo inaugurato solennemente il nostro nuovo centro di assistenza e noleggio Ahorn Camp in Franz-Kirrmeier-Stra\u00dfe 21a.<\/p>\n<p>Tra gli altri, ci hanno onorato la nostra sindaca di Speyer, la signora Seiler, e la nostra vicesindaca di Speyer, la signora Kabs. Nell'ambito dei nostri 4 giorni di Ahorn Days a Speyer, pieni di numerose attivit\u00e0 per bambini e adulti e vincite immediate, clienti uomini e donne hanno potuto anche sperimentare il nostro nuovo centro.<\/p>\n\n\t\t<\/div>\n\t<\/div>\n<\/div><\/div><\/div><div class=\"wpb_column vc_column_container vc_col-sm-6\"><div class=\"vc_column-inner\"><div class=\"wpb_wrapper\">\n\t<div  class=\"wpb_single_image wpb_content_element vc_align_left wpb_content_element\">\n\t\t\n\t\t<figure class=\"wpb_wrapper vc_figure\">\n\t\t\t<div class=\"vc_single_image-wrapper\"><img fetchpriority=\"high\" decoding=\"async\" width=\"300\" height=\"200\" src=\"https:\/\/ahorn-camp.de\/wp-content\/uploads\/2022\/05\/AHORN-RENT-12518-300x200.jpg\" class=\"vc_single_image-img attachment-medium\" alt=\"Ahorn Rent Stazione di noleggio Speyer\" title=\"Ahorn Rent Stazione di noleggio Speyer\" srcset=\"https:\/\/ahorn-camp.de\/wp-content\/uploads\/2022\/05\/AHORN-RENT-12518-300x200.jpg 300w, https:\/\/ahorn-camp.de\/wp-content\/uploads\/2022\/05\/AHORN-RENT-12518-1024x683.jpg 1024w, https:\/\/ahorn-camp.de\/wp-content\/uploads\/2022\/05\/AHORN-RENT-12518-768x512.jpg 768w, https:\/\/ahorn-camp.de\/wp-content\/uploads\/2022\/05\/AHORN-RENT-12518-800x533.jpg 800w, https:\/\/ahorn-camp.de\/wp-content\/uploads\/2022\/05\/AHORN-RENT-12518-1536x1024.jpg 1536w, https:\/\/ahorn-camp.de\/wp-content\/uploads\/2022\/05\/AHORN-RENT-12518.jpg 2048w\" sizes=\"(max-width: 300px) 100vw, 300px\" \/><\/div>\n\t\t<\/figure>\n\t<\/div>\n<h3 style=\"text-align: left\" class=\"vc_custom_heading vc_do_custom_heading\" >DOWNLOAD<\/h3>\n\t<div class=\"wpb_text_column wpb_content_element\" >\n\t\t<div class=\"wpb_wrapper\">\n\t\t\t<p><a href=\"https:\/\/ahorn-camp.de\/wp-content\/uploads\/2022\/05\/Eroeffnung-des-neuen-Service-Centers.pdf\">Comunicato stampa | PDF<\/a><br \/>\n<a href=\"https:\/\/www.dropbox.com\/sh\/4qw61lmox2cgszi\/AACQk-id0mygI48ReZFftswda?dl=0\">Materiale visivo | JPEG<\/a><\/p>\n\n\t\t<\/div>\n\t<\/div>\n<h3 style=\"text-align: left\" class=\"vc_custom_heading vc_do_custom_heading\" >CONTATTO STAMPA<\/h3>\n\t<div class=\"wpb_text_column wpb_content_element\" >\n\t\t<div class=\"wpb_wrapper\">\n\t\t\t<p>Franziska Reichmann<br \/>\nfreichmann@ahorn-camp.de<br \/>\nTel: +49 (0) 6232 10028 165<\/p>\n\n\t\t<\/div>\n\t<\/div>\n<\/div><\/div><\/div><\/div><div class=\"vc_row wpb_row vc_row-fluid\"><div class=\"wpb_column vc_column_container vc_col-sm-12\"><div class=\"vc_column-inner\"><div class=\"wpb_wrapper\"><h3 style=\"text-align: left\" class=\"vc_custom_heading vc_do_custom_heading\" >Cosa offre il nuovo centro servizi?<\/h3>\n\t<div class=\"wpb_text_column wpb_content_element\" >\n\t\t<div class=\"wpb_wrapper\">\n\t\t\t<p>Il centro assistenza ci consente d\u2019ora in poi di offrire una vasta gamma di servizi per camper direttamente in loco a Speyer. Tra questi figurano, tra l\u2019altro, servizi di manutenzione quali controlli periodici di tenuta, pulizia e cura dei veicoli, nonch\u00e9 riparazioni in seguito a incidenti. Non da ultimo, qui \u00e8 anche possibile soddisfare richieste personalizzate relative all\u2019installazione di accessori, come ad esempio ganci di traino o smart TV. Inoltre, il nuovo centro servizi integra anche la prima stazione di noleggio Ahorn Rent a Speyer, con una selezione di 50 veicoli a noleggio e 18 modelli diversi. Con l\u2019ulteriore possibilit\u00e0 di acquistare camper e un negozio di accessori integrato, il centro esperienziale per i clienti Ahorn Camp riunisce sotto lo stesso tetto tutto ci\u00f2 che il cuore dei camperisti pu\u00f2 desiderare.<\/p>\n<p>Su un'area di 600 m\u00b2, un team di 15 persone si dedica a fornire consulenza esperta dopo l'acquisto di camper, dove ora le richieste di assistenza possono essere gestite al meglio per telefono, e-mail o di persona. Qui \u00e8 possibile richiedere anche un'ampia gamma di pezzi di ricambio, che vengono spediti direttamente alla destinazione desiderata dalla nostra logistica di magazzino. Il nostro team di 7 persone dell'officina di assistenza, nel frattempo, si occupa, nella spaziosa officina, di far s\u00ec che i camper delle nostre clienti e dei nostri clienti siano pronti il prima possibile per le prossime avventure di viaggio. Il nostro centro di assistenza all'avanguardia contribuisce anche alla soddisfazione dei dipendenti, che ci sta molto a cuore. Poich\u00e9 la sede di Spira funge non solo da filiale, ma anche da sede centrale del marchio per l'intera Europa, qui vengono portati avanti progetti strategici post-vendita e la nostra rete di assistenza con 64 partner di assistenza in tutta Europa viene coordinata sotto la guida di successo della Sig.ra Armeni.<\/p>\n\n\t\t<\/div>\n\t<\/div>\n\n\t<div class=\"wpb_raw_code wpb_raw_html wpb_content_element\" >\n\t\t<div class=\"wpb_wrapper\">\n\t\t\t\t\t<div data-elementor-type=\"section\" data-elementor-id=\"16472\" class=\"elementor elementor-16472\" data-elementor-post-type=\"elementor_library\">\n\t\t\t\t\t<section class=\"elementor-section elementor-top-section elementor-element elementor-element-57f652b elementor-section-boxed elementor-section-height-default elementor-section-height-default\" data-id=\"57f652b\" data-element_type=\"section\" data-e-type=\"section\">\n\t\t\t\t\t\t<div class=\"elementor-container elementor-column-gap-default\">\n\t\t\t\t\t<div class=\"elementor-column elementor-col-100 elementor-top-column elementor-element elementor-element-e055056\" data-id=\"e055056\" data-element_type=\"column\" data-e-type=\"column\">\n\t\t\t<div class=\"elementor-widget-wrap elementor-element-populated\">\n\t\t\t\t\t\t<div class=\"elementor-element elementor-element-a922120 elementor-arrows-position-outside elementor-pagination-position-outside elementor-widget elementor-widget-image-carousel\" data-id=\"a922120\" data-element_type=\"widget\" data-e-type=\"widget\" data-settings=\"{&quot;slides_to_show&quot;:&quot;4&quot;,&quot;navigation&quot;:&quot;both&quot;,&quot;autoplay&quot;:&quot;yes&quot;,&quot;pause_on_hover&quot;:&quot;yes&quot;,&quot;pause_on_interaction&quot;:&quot;yes&quot;,&quot;autoplay_speed&quot;:5000,&quot;infinite&quot;:&quot;yes&quot;,&quot;speed&quot;:500}\" data-widget_type=\"image-carousel.default\">\n\t\t\t\t<div class=\"elementor-widget-container\">\n\t\t\t\t\t\t\t<div class=\"elementor-image-carousel-wrapper swiper\" role=\"region\" aria-roledescription=\"carousel\" aria-label=\"Carosello d&#039;immagini\" dir=\"ltr\">\n\t\t\t<div class=\"elementor-image-carousel swiper-wrapper\" aria-live=\"off\">\n\t\t\t\t\t\t\t\t<div class=\"swiper-slide\" role=\"group\" aria-roledescription=\"slide\" aria-label=\"1 di 6\"><a data-elementor-open-lightbox=\"yes\" data-elementor-lightbox-slideshow=\"a922120\" data-elementor-lightbox-title=\"Ahorn Camp Service Center\" data-e-action-hash=\"#elementor-action%3Aaction%3Dlightbox%26settings%3DeyJpZCI6MTYzMjksInVybCI6Imh0dHBzOlwvXC9haG9ybi1jYW1wLmRlXC93cC1jb250ZW50XC91cGxvYWRzXC8yMDIyXC8wNVwvQUhPUk4tU0VSVklDRS1DRU5URVItMjk2Mi5qcGciLCJzbGlkZXNob3ciOiJhOTIyMTIwIn0%3D\" href=\"https:\/\/ahorn-camp.de\/wp-content\/uploads\/2022\/05\/AHORN-SERVICE-CENTER-2962.jpg\"><figure class=\"swiper-slide-inner\"><img decoding=\"async\" class=\"swiper-slide-image\" src=\"https:\/\/ahorn-camp.de\/wp-content\/uploads\/2022\/05\/AHORN-SERVICE-CENTER-2962-1024x683.jpg\" alt=\"Ahorn Camp Centro Assistenza\" \/><\/figure><\/a><\/div><div class=\"swiper-slide\" role=\"group\" aria-roledescription=\"slide\" aria-label=\"2 di 6\"><a data-elementor-open-lightbox=\"yes\" data-elementor-lightbox-slideshow=\"a922120\" data-elementor-lightbox-title=\"Ahorn Rent Vermietung\" data-e-action-hash=\"#elementor-action%3Aaction%3Dlightbox%26settings%3DeyJpZCI6MTYzMzIsInVybCI6Imh0dHBzOlwvXC9haG9ybi1jYW1wLmRlXC93cC1jb250ZW50XC91cGxvYWRzXC8yMDIyXC8wNVwvQUhPUk4tUkVOVC0xMjc2MS5qcGciLCJzbGlkZXNob3ciOiJhOTIyMTIwIn0%3D\" href=\"https:\/\/ahorn-camp.de\/wp-content\/uploads\/2022\/05\/AHORN-RENT-12761.jpg\"><figure class=\"swiper-slide-inner\"><img decoding=\"async\" class=\"swiper-slide-image\" src=\"https:\/\/ahorn-camp.de\/wp-content\/uploads\/2022\/05\/AHORN-RENT-12761-1024x683.jpg\" alt=\"Noleggio Ahorn\" \/><\/figure><\/a><\/div><div class=\"swiper-slide\" role=\"group\" aria-roledescription=\"slide\" aria-label=\"3 di 6\"><a data-elementor-open-lightbox=\"yes\" data-elementor-lightbox-slideshow=\"a922120\" data-elementor-lightbox-title=\"Ahorn Camp Service und Werkstatt in der Niederlassung in Speyer\" data-elementor-lightbox-description=\"Ahorn Camp Service und Werkstatt in der Niederlassung in Speyer\" data-e-action-hash=\"#elementor-action%3Aaction%3Dlightbox%26settings%3DeyJpZCI6MTYzMzEsInVybCI6Imh0dHBzOlwvXC9haG9ybi1jYW1wLmRlXC93cC1jb250ZW50XC91cGxvYWRzXC8yMDIyXC8wNVwvQUhPUk4tV0VSS1NUQVRULTEyNzgxLmpwZyIsInNsaWRlc2hvdyI6ImE5MjIxMjAifQ%3D%3D\" href=\"https:\/\/ahorn-camp.de\/wp-content\/uploads\/2022\/05\/AHORN-WERKSTATT-12781.jpg\"><figure class=\"swiper-slide-inner\"><img decoding=\"async\" class=\"swiper-slide-image\" src=\"https:\/\/ahorn-camp.de\/wp-content\/uploads\/2022\/05\/AHORN-WERKSTATT-12781-1024x683.jpg\" alt=\"Ahorn Camp Assistenza e officina presso la filiale di Speyer\" \/><\/figure><\/a><\/div><div class=\"swiper-slide\" role=\"group\" aria-roledescription=\"slide\" aria-label=\"4 di 6\"><a data-elementor-open-lightbox=\"yes\" data-elementor-lightbox-slideshow=\"a922120\" data-elementor-lightbox-title=\"Ahorn Camp Service Center\" data-e-action-hash=\"#elementor-action%3Aaction%3Dlightbox%26settings%3DeyJpZCI6MTYzMzAsInVybCI6Imh0dHBzOlwvXC9haG9ybi1jYW1wLmRlXC93cC1jb250ZW50XC91cGxvYWRzXC8yMDIyXC8wNVwvQUhPUk4tU0VSVklDRS0xMjcyOC5qcGciLCJzbGlkZXNob3ciOiJhOTIyMTIwIn0%3D\" href=\"https:\/\/ahorn-camp.de\/wp-content\/uploads\/2022\/05\/AHORN-SERVICE-12728.jpg\"><figure class=\"swiper-slide-inner\"><img decoding=\"async\" class=\"swiper-slide-image\" src=\"https:\/\/ahorn-camp.de\/wp-content\/uploads\/2022\/05\/AHORN-SERVICE-12728-1024x683.jpg\" alt=\"Ahorn Camp Centro Assistenza\" \/><\/figure><\/a><\/div><div class=\"swiper-slide\" role=\"group\" aria-roledescription=\"slide\" aria-label=\"5 di 6\"><a data-elementor-open-lightbox=\"yes\" data-elementor-lightbox-slideshow=\"a922120\" data-elementor-lightbox-title=\"Ahorn Camp Merchandise Shop\" data-e-action-hash=\"#elementor-action%3Aaction%3Dlightbox%26settings%3DeyJpZCI6MTYzMjgsInVybCI6Imh0dHBzOlwvXC9haG9ybi1jYW1wLmRlXC93cC1jb250ZW50XC91cGxvYWRzXC8yMDIyXC8wNVwvQUhPUk4tU0VSVklDRS1DRU5URVItMjkzMS5qcGciLCJzbGlkZXNob3ciOiJhOTIyMTIwIn0%3D\" href=\"https:\/\/ahorn-camp.de\/wp-content\/uploads\/2022\/05\/AHORN-SERVICE-CENTER-2931.jpg\"><figure class=\"swiper-slide-inner\"><img decoding=\"async\" class=\"swiper-slide-image\" src=\"https:\/\/ahorn-camp.de\/wp-content\/uploads\/2022\/05\/AHORN-SERVICE-CENTER-2931-1024x683.jpg\" alt=\"Negozio di articoli ufficiali Ahorn Camp\" \/><\/figure><\/a><\/div><div class=\"swiper-slide\" role=\"group\" aria-roledescription=\"slide\" aria-label=\"6 di 6\"><a data-elementor-open-lightbox=\"yes\" data-elementor-lightbox-slideshow=\"a922120\" data-elementor-lightbox-title=\"Ahorn Camp Service Center\" data-e-action-hash=\"#elementor-action%3Aaction%3Dlightbox%26settings%3DeyJpZCI6MTYzMjcsInVybCI6Imh0dHBzOlwvXC9haG9ybi1jYW1wLmRlXC93cC1jb250ZW50XC91cGxvYWRzXC8yMDIyXC8wNVwvQUhPUk4tQ0FMTENFTlRFUi0xMjYyMC5qcGciLCJzbGlkZXNob3ciOiJhOTIyMTIwIn0%3D\" href=\"https:\/\/ahorn-camp.de\/wp-content\/uploads\/2022\/05\/AHORN-CALLCENTER-12620.jpg\"><figure class=\"swiper-slide-inner\"><img decoding=\"async\" class=\"swiper-slide-image\" src=\"https:\/\/ahorn-camp.de\/wp-content\/uploads\/2022\/05\/AHORN-CALLCENTER-12620-1024x683.jpg\" alt=\"Ahorn Camp Centro Assistenza\" \/><\/figure><\/a><\/div>\t\t\t<\/div>\n\t\t\t\t\t\t\t\t\t\t\t\t<div class=\"elementor-swiper-button elementor-swiper-button-prev\" role=\"button\" tabindex=\"0\">\n\t\t\t\t\t\t<i aria-hidden=\"true\" class=\"eicon-chevron-left\"><\/i>\t\t\t\t\t<\/div>\n\t\t\t\t\t<div class=\"elementor-swiper-button elementor-swiper-button-next\" role=\"button\" tabindex=\"0\">\n\t\t\t\t\t\t<i aria-hidden=\"true\" class=\"eicon-chevron-right\"><\/i>\t\t\t\t\t<\/div>\n\t\t\t\t\n\t\t\t\t\t\t\t\t\t<div class=\"swiper-pagination\"><\/div>\n\t\t\t\t\t\t\t\t\t<\/div>\n\t\t\t\t\t\t<\/div>\n\t\t\t\t<\/div>\n\t\t\t\t\t<\/div>\n\t\t<\/div>\n\t\t\t\t\t<\/div>\n\t\t<\/section>\n\t\t\t\t<\/div>\n\t\t\n\t\t<\/div>\n\t<\/div>\n<h3 style=\"text-align: left\" class=\"vc_custom_heading vc_do_custom_heading\" >Posizionamento orientato al futuro di Ahorn Camp e Ahorn Rent<\/h3>\n\t<div class=\"wpb_text_column wpb_content_element\" >\n\t\t<div class=\"wpb_wrapper\">\n\t\t\t<p>Con il nostro nuovo centro di assistenza e noleggio ci posizioniamo in modo lungimirante e orientato al futuro, in vista delle esigenze dei prossimi anni. \u201cSiamo cresciuti molto rapidamente e continuiamo ad espanderci, riconoscendo al contempo la grande domanda e il potenziale nel settore post-vendita. Il nostro obiettivo \u00e8 accompagnare i clienti durante l\u2019intero ciclo di vita del camper acquistato e supportarli al meglio in questioni quali l\u2019aggiornamento o la manutenzione del loro veicolo. A questo si aggiunge anche l\u2019identificazione con il marchio, che ampliamo con prodotti di merchandising e la nostra mascotte\u201d, afferma Alexander Reichmann, amministratore delegato di Ahorn Camp. Un altro punto centrale \u00e8 quello di offrire, in loco, comode possibilit\u00e0 di noleggio a chi non sta pensando direttamente all\u2019acquisto, avvicinandoli cos\u00ec al mondo dei camper. \u201c\u00c8 qui che vediamo la nostra grande missione\u201d, spiega Reichmann, \u201cperch\u00e9 \u00e8 cos\u00ec che conquisteremo i clienti dei camper di domani\u201d.<\/p>\n\n\t\t<\/div>\n\t<\/div>\n<\/div><\/div><\/div><\/div><div class=\"vc_row wpb_row vc_row-fluid\"><div class=\"wpb_column vc_column_container vc_col-sm-12\"><div class=\"vc_column-inner\"><div class=\"wpb_wrapper\"><\/div><\/div><\/div><\/div>\n<\/div>","protected":false},"excerpt":{"rendered":"<p>L'8 aprile 2022 abbiamo aperto solennemente le porte del nostro nuovo Centro Servizi Ahorn e della stazione di noleggio Ahorn Rent a Spira. <\/p>","protected":false},"author":2,"featured_media":16340,"comment_status":"closed","ping_status":"closed","sticky":false,"template":"","format":"standard","meta":{"content-type":"","footnotes":""},"categories":[277],"tags":[],"class_list":["post-16325","post","type-post","status-publish","format-standard","has-post-thumbnail","hentry","category-pressemitteilungen"],"yoast_head":"<!-- This site is optimized with the Yoast SEO plugin v28.4 - https:\/\/yoast.com\/product\/yoast-seo-wordpress\/ -->\n<title>- Ahorn Camp | Reisemobile und Kastenwagen<\/title>\n<meta name=\"description\" content=\"Am 8. April 2022 er\u00f6ffneten wir feierlich die T\u00fcren zu unserem neuen Ahorn Camp Service und Miet-Center in Speyer er\u00f6ffnet.\" \/>\n<meta name=\"robots\" content=\"index, follow, max-snippet:-1, max-image-preview:large, max-video-preview:-1\" \/>\n<link rel=\"canonical\" href=\"https:\/\/ahorn-camp.de\/it\/inaugurazione-centro-servizi-speyer\/\" \/>\n<meta property=\"og:locale\" content=\"it_IT\" \/>\n<meta property=\"og:type\" content=\"article\" \/>\n<meta property=\"og:title\" content=\"- Ahorn Camp | Reisemobile und Kastenwagen\" \/>\n<meta property=\"og:description\" content=\"Am 8. April 2022 er\u00f6ffneten wir feierlich die T\u00fcren zu unserem neuen Ahorn Camp Service und Miet-Center in Speyer er\u00f6ffnet.\" \/>\n<meta property=\"og:url\" content=\"https:\/\/ahorn-camp.de\/it\/inaugurazione-centro-servizi-speyer\/\" \/>\n<meta property=\"og:site_name\" content=\"Ahorn Camp | Reisemobile und Kastenwagen\" \/>\n<meta property=\"article:publisher\" content=\"https:\/\/www.facebook.com\/ahorn.wohnmobile\/\" \/>\n<meta property=\"article:published_time\" content=\"2022-05-05T08:46:42+00:00\" \/>\n<meta property=\"article:modified_time\" content=\"2022-06-14T11:53:46+00:00\" \/>\n<meta property=\"og:image\" content=\"https:\/\/ahorn-camp.de\/wp-content\/uploads\/2022\/05\/Ahorn-Camp-Service-Center-1024x683.png\" \/>\n\t<meta property=\"og:image:width\" content=\"1024\" \/>\n\t<meta property=\"og:image:height\" content=\"683\" \/>\n\t<meta property=\"og:image:type\" content=\"image\/png\" \/>\n<meta name=\"author\" content=\"ahorn_admin\" \/>\n<meta name=\"twitter:card\" content=\"summary_large_image\" \/>\n<meta name=\"twitter:label1\" content=\"Scritto da\" \/>\n\t<meta name=\"twitter:data1\" content=\"ahorn_admin\" \/>\n\t<meta name=\"twitter:label2\" content=\"Tempo di lettura stimato\" \/>\n\t<meta name=\"twitter:data2\" content=\"4 minuti\" \/>\n<script type=\"application\/ld+json\" class=\"yoast-schema-graph\">{\"@context\":\"https:\\\/\\\/schema.org\",\"@graph\":[{\"@type\":\"Article\",\"@id\":\"https:\\\/\\\/ahorn-camp.de\\\/eroeffnung-service-center-speyer\\\/#article\",\"isPartOf\":{\"@id\":\"https:\\\/\\\/ahorn-camp.de\\\/eroeffnung-service-center-speyer\\\/\"},\"author\":{\"name\":\"ahorn_admin\",\"@id\":\"https:\\\/\\\/ahorn-camp.de\\\/#\\\/schema\\\/person\\\/9b60761ba82d5cb8e6db215a88925044\"},\"headline\":\"Das neue Service Center in Speyer\",\"datePublished\":\"2022-05-05T08:46:42+00:00\",\"dateModified\":\"2022-06-14T11:53:46+00:00\",\"mainEntityOfPage\":{\"@id\":\"https:\\\/\\\/ahorn-camp.de\\\/eroeffnung-service-center-speyer\\\/\"},\"wordCount\":750,\"publisher\":{\"@id\":\"https:\\\/\\\/ahorn-camp.de\\\/#organization\"},\"image\":{\"@id\":\"https:\\\/\\\/ahorn-camp.de\\\/eroeffnung-service-center-speyer\\\/#primaryimage\"},\"thumbnailUrl\":\"https:\\\/\\\/ahorn-camp.de\\\/wp-content\\\/uploads\\\/2022\\\/05\\\/Ahorn-Camp-Service-Center.png\",\"articleSection\":[\"Pressemitteilungen\"],\"inLanguage\":\"it-IT\"},{\"@type\":\"WebPage\",\"@id\":\"https:\\\/\\\/ahorn-camp.de\\\/eroeffnung-service-center-speyer\\\/\",\"url\":\"https:\\\/\\\/ahorn-camp.de\\\/eroeffnung-service-center-speyer\\\/\",\"name\":\"- Ahorn Camp | Reisemobile und Kastenwagen\",\"isPartOf\":{\"@id\":\"https:\\\/\\\/ahorn-camp.de\\\/#website\"},\"primaryImageOfPage\":{\"@id\":\"https:\\\/\\\/ahorn-camp.de\\\/eroeffnung-service-center-speyer\\\/#primaryimage\"},\"image\":{\"@id\":\"https:\\\/\\\/ahorn-camp.de\\\/eroeffnung-service-center-speyer\\\/#primaryimage\"},\"thumbnailUrl\":\"https:\\\/\\\/ahorn-camp.de\\\/wp-content\\\/uploads\\\/2022\\\/05\\\/Ahorn-Camp-Service-Center.png\",\"datePublished\":\"2022-05-05T08:46:42+00:00\",\"dateModified\":\"2022-06-14T11:53:46+00:00\",\"description\":\"Am 8. April 2022 er\u00f6ffneten wir feierlich die T\u00fcren zu unserem neuen Ahorn Camp Service und Miet-Center in Speyer er\u00f6ffnet.\",\"breadcrumb\":{\"@id\":\"https:\\\/\\\/ahorn-camp.de\\\/eroeffnung-service-center-speyer\\\/#breadcrumb\"},\"inLanguage\":\"it-IT\",\"potentialAction\":[{\"@type\":\"ReadAction\",\"target\":[\"https:\\\/\\\/ahorn-camp.de\\\/eroeffnung-service-center-speyer\\\/\"]}]},{\"@type\":\"ImageObject\",\"inLanguage\":\"it-IT\",\"@id\":\"https:\\\/\\\/ahorn-camp.de\\\/eroeffnung-service-center-speyer\\\/#primaryimage\",\"url\":\"https:\\\/\\\/ahorn-camp.de\\\/wp-content\\\/uploads\\\/2022\\\/05\\\/Ahorn-Camp-Service-Center.png\",\"contentUrl\":\"https:\\\/\\\/ahorn-camp.de\\\/wp-content\\\/uploads\\\/2022\\\/05\\\/Ahorn-Camp-Service-Center.png\",\"width\":1500,\"height\":1000,\"caption\":\"Ahorn Camp Service Center\"},{\"@type\":\"BreadcrumbList\",\"@id\":\"https:\\\/\\\/ahorn-camp.de\\\/eroeffnung-service-center-speyer\\\/#breadcrumb\",\"itemListElement\":[{\"@type\":\"ListItem\",\"position\":1,\"name\":\"Startseite\",\"item\":\"https:\\\/\\\/ahorn-camp.de\\\/\"},{\"@type\":\"ListItem\",\"position\":2,\"name\":\"Das neue Service Center in Speyer\"}]},{\"@type\":\"WebSite\",\"@id\":\"https:\\\/\\\/ahorn-camp.de\\\/#website\",\"url\":\"https:\\\/\\\/ahorn-camp.de\\\/\",\"name\":\"Ahorn Camp | Reisemobile und Kastenwagen\",\"description\":\"Seit \u00fcber 30 Jahren vermarktet das Familienunternehmen, Ahorn Camp in Speyer, erfolgreich Wohnmobile und Kastenwagen zum besten Preis-Leistungsverh\u00e4ltnis.\",\"publisher\":{\"@id\":\"https:\\\/\\\/ahorn-camp.de\\\/#organization\"},\"potentialAction\":[{\"@type\":\"SearchAction\",\"target\":{\"@type\":\"EntryPoint\",\"urlTemplate\":\"https:\\\/\\\/ahorn-camp.de\\\/?s={search_term_string}\"},\"query-input\":{\"@type\":\"PropertyValueSpecification\",\"valueRequired\":true,\"valueName\":\"search_term_string\"}}],\"inLanguage\":\"it-IT\"},{\"@type\":\"Organization\",\"@id\":\"https:\\\/\\\/ahorn-camp.de\\\/#organization\",\"name\":\"Ahorn Camp GmbH & Co. KG\",\"url\":\"https:\\\/\\\/ahorn-camp.de\\\/\",\"logo\":{\"@type\":\"ImageObject\",\"inLanguage\":\"it-IT\",\"@id\":\"https:\\\/\\\/ahorn-camp.de\\\/#\\\/schema\\\/logo\\\/image\\\/\",\"url\":\"https:\\\/\\\/ahorn-camp.de\\\/wp-content\\\/uploads\\\/2018\\\/12\\\/Ahorn_Logo.jpg\",\"contentUrl\":\"https:\\\/\\\/ahorn-camp.de\\\/wp-content\\\/uploads\\\/2018\\\/12\\\/Ahorn_Logo.jpg\",\"width\":1437,\"height\":1000,\"caption\":\"Ahorn Camp GmbH & Co. KG\"},\"image\":{\"@id\":\"https:\\\/\\\/ahorn-camp.de\\\/#\\\/schema\\\/logo\\\/image\\\/\"},\"sameAs\":[\"https:\\\/\\\/www.facebook.com\\\/ahorn.wohnmobile\\\/\",\"https:\\\/\\\/www.instagram.com\\\/ahorn.camp\\\/\",\"https:\\\/\\\/www.youtube.com\\\/channel\\\/UCPFbPCts1JJ_A1k9vyH0yOQ\"]},{\"@type\":\"Person\",\"@id\":\"https:\\\/\\\/ahorn-camp.de\\\/#\\\/schema\\\/person\\\/9b60761ba82d5cb8e6db215a88925044\",\"name\":\"ahorn_admin\",\"image\":{\"@type\":\"ImageObject\",\"inLanguage\":\"it-IT\",\"@id\":\"https:\\\/\\\/secure.gravatar.com\\\/avatar\\\/d96b9a078083b0c14cee48589feadd939c3cdd66547e2f3f1569470371daaaa5?s=96&d=mm&r=g\",\"url\":\"https:\\\/\\\/secure.gravatar.com\\\/avatar\\\/d96b9a078083b0c14cee48589feadd939c3cdd66547e2f3f1569470371daaaa5?s=96&d=mm&r=g\",\"contentUrl\":\"https:\\\/\\\/secure.gravatar.com\\\/avatar\\\/d96b9a078083b0c14cee48589feadd939c3cdd66547e2f3f1569470371daaaa5?s=96&d=mm&r=g\",\"caption\":\"ahorn_admin\"},\"sameAs\":[\"http:\\\/\\\/Ahorn%20Camp\"],\"url\":\"https:\\\/\\\/ahorn-camp.de\\\/it\\\/author\\\/ahorn_admin\\\/\"}]}<\/script>\n<!-- \/ Yoast SEO plugin. -->","yoast_head_json":{"title":"- Ahorn Camp | Camper e furgoni camperizzati","description":"L&#x27;8 aprile 2022 abbiamo inaugurato solennemente il nostro nuovo centro di assistenza e noleggio Ahorn Camp a Speyer.","robots":{"index":"index","follow":"follow","max-snippet":"max-snippet:-1","max-image-preview":"max-image-preview:large","max-video-preview":"max-video-preview:-1"},"canonical":"https:\/\/ahorn-camp.de\/it\/inaugurazione-centro-servizi-speyer\/","og_locale":"it_IT","og_type":"article","og_title":"- Ahorn Camp | Reisemobile und Kastenwagen","og_description":"Am 8. April 2022 er\u00f6ffneten wir feierlich die T\u00fcren zu unserem neuen Ahorn Camp Service und Miet-Center in Speyer er\u00f6ffnet.","og_url":"https:\/\/ahorn-camp.de\/it\/inaugurazione-centro-servizi-speyer\/","og_site_name":"Ahorn Camp | Reisemobile und Kastenwagen","article_publisher":"https:\/\/www.facebook.com\/ahorn.wohnmobile\/","article_published_time":"2022-05-05T08:46:42+00:00","article_modified_time":"2022-06-14T11:53:46+00:00","og_image":[{"width":1024,"height":683,"url":"https:\/\/ahorn-camp.de\/wp-content\/uploads\/2022\/05\/Ahorn-Camp-Service-Center-1024x683.png","type":"image\/png"}],"author":"ahorn_admin","twitter_card":"summary_large_image","twitter_misc":{"Scritto da":"ahorn_admin","Tempo di lettura stimato":"4 minuti"},"schema":{"@context":"https:\/\/schema.org","@graph":[{"@type":"Article","@id":"https:\/\/ahorn-camp.de\/eroeffnung-service-center-speyer\/#article","isPartOf":{"@id":"https:\/\/ahorn-camp.de\/eroeffnung-service-center-speyer\/"},"author":{"name":"ahorn_admin","@id":"https:\/\/ahorn-camp.de\/#\/schema\/person\/9b60761ba82d5cb8e6db215a88925044"},"headline":"Das neue Service Center in Speyer","datePublished":"2022-05-05T08:46:42+00:00","dateModified":"2022-06-14T11:53:46+00:00","mainEntityOfPage":{"@id":"https:\/\/ahorn-camp.de\/eroeffnung-service-center-speyer\/"},"wordCount":750,"publisher":{"@id":"https:\/\/ahorn-camp.de\/#organization"},"image":{"@id":"https:\/\/ahorn-camp.de\/eroeffnung-service-center-speyer\/#primaryimage"},"thumbnailUrl":"https:\/\/ahorn-camp.de\/wp-content\/uploads\/2022\/05\/Ahorn-Camp-Service-Center.png","articleSection":["Pressemitteilungen"],"inLanguage":"it-IT"},{"@type":"WebPage","@id":"https:\/\/ahorn-camp.de\/eroeffnung-service-center-speyer\/","url":"https:\/\/ahorn-camp.de\/eroeffnung-service-center-speyer\/","name":"- Ahorn Camp | Camper e furgoni camperizzati","isPartOf":{"@id":"https:\/\/ahorn-camp.de\/#website"},"primaryImageOfPage":{"@id":"https:\/\/ahorn-camp.de\/eroeffnung-service-center-speyer\/#primaryimage"},"image":{"@id":"https:\/\/ahorn-camp.de\/eroeffnung-service-center-speyer\/#primaryimage"},"thumbnailUrl":"https:\/\/ahorn-camp.de\/wp-content\/uploads\/2022\/05\/Ahorn-Camp-Service-Center.png","datePublished":"2022-05-05T08:46:42+00:00","dateModified":"2022-06-14T11:53:46+00:00","description":"L&#x27;8 aprile 2022 abbiamo inaugurato solennemente il nostro nuovo centro di assistenza e noleggio Ahorn Camp a Speyer.","breadcrumb":{"@id":"https:\/\/ahorn-camp.de\/eroeffnung-service-center-speyer\/#breadcrumb"},"inLanguage":"it-IT","potentialAction":[{"@type":"ReadAction","target":["https:\/\/ahorn-camp.de\/eroeffnung-service-center-speyer\/"]}]},{"@type":"ImageObject","inLanguage":"it-IT","@id":"https:\/\/ahorn-camp.de\/eroeffnung-service-center-speyer\/#primaryimage","url":"https:\/\/ahorn-camp.de\/wp-content\/uploads\/2022\/05\/Ahorn-Camp-Service-Center.png","contentUrl":"https:\/\/ahorn-camp.de\/wp-content\/uploads\/2022\/05\/Ahorn-Camp-Service-Center.png","width":1500,"height":1000,"caption":"Ahorn Camp Service Center"},{"@type":"BreadcrumbList","@id":"https:\/\/ahorn-camp.de\/eroeffnung-service-center-speyer\/#breadcrumb","itemListElement":[{"@type":"ListItem","position":1,"name":"Startseite","item":"https:\/\/ahorn-camp.de\/"},{"@type":"ListItem","position":2,"name":"Das neue Service Center in Speyer"}]},{"@type":"WebSite","@id":"https:\/\/ahorn-camp.de\/#website","url":"https:\/\/ahorn-camp.de\/","name":"Ahorn Camp | Camper e furgonati","description":"Da oltre 30 anni l'azienda a conduzione familiare, Ahorn Camp a Speyer, commercializza con successo camper e furgoni al miglior rapporto qualit\u00e0-prezzo.","publisher":{"@id":"https:\/\/ahorn-camp.de\/#organization"},"potentialAction":[{"@type":"SearchAction","target":{"@type":"EntryPoint","urlTemplate":"https:\/\/ahorn-camp.de\/?s={search_term_string}"},"query-input":{"@type":"PropertyValueSpecification","valueRequired":true,"valueName":"search_term_string"}}],"inLanguage":"it-IT"},{"@type":"Organization","@id":"https:\/\/ahorn-camp.de\/#organization","name":"Ahorn Camp GmbH &amp; Co. KG","url":"https:\/\/ahorn-camp.de\/","logo":{"@type":"ImageObject","inLanguage":"it-IT","@id":"https:\/\/ahorn-camp.de\/#\/schema\/logo\/image\/","url":"https:\/\/ahorn-camp.de\/wp-content\/uploads\/2018\/12\/Ahorn_Logo.jpg","contentUrl":"https:\/\/ahorn-camp.de\/wp-content\/uploads\/2018\/12\/Ahorn_Logo.jpg","width":1437,"height":1000,"caption":"Ahorn Camp GmbH & Co. KG"},"image":{"@id":"https:\/\/ahorn-camp.de\/#\/schema\/logo\/image\/"},"sameAs":["https:\/\/www.facebook.com\/ahorn.wohnmobile\/","https:\/\/www.instagram.com\/ahorn.camp\/","https:\/\/www.youtube.com\/channel\/UCPFbPCts1JJ_A1k9vyH0yOQ"]},{"@type":"Person","@id":"https:\/\/ahorn-camp.de\/#\/schema\/person\/9b60761ba82d5cb8e6db215a88925044","name":"ahorn_admin","image":{"@type":"ImageObject","inLanguage":"it-IT","@id":"https:\/\/secure.gravatar.com\/avatar\/d96b9a078083b0c14cee48589feadd939c3cdd66547e2f3f1569470371daaaa5?s=96&d=mm&r=g","url":"https:\/\/secure.gravatar.com\/avatar\/d96b9a078083b0c14cee48589feadd939c3cdd66547e2f3f1569470371daaaa5?s=96&d=mm&r=g","contentUrl":"https:\/\/secure.gravatar.com\/avatar\/d96b9a078083b0c14cee48589feadd939c3cdd66547e2f3f1569470371daaaa5?s=96&d=mm&r=g","caption":"ahorn_admin"},"sameAs":["http:\/\/Ahorn%20Camp"],"url":"https:\/\/ahorn-camp.de\/it\/author\/ahorn_admin\/"}]}},"_links":{"self":[{"href":"https:\/\/ahorn-camp.de\/it\/wp-json\/wp\/v2\/posts\/16325","targetHints":{"allow":["GET"]}}],"collection":[{"href":"https:\/\/ahorn-camp.de\/it\/wp-json\/wp\/v2\/posts"}],"about":[{"href":"https:\/\/ahorn-camp.de\/it\/wp-json\/wp\/v2\/types\/post"}],"author":[{"embeddable":true,"href":"https:\/\/ahorn-camp.de\/it\/wp-json\/wp\/v2\/users\/2"}],"replies":[{"embeddable":true,"href":"https:\/\/ahorn-camp.de\/it\/wp-json\/wp\/v2\/comments?post=16325"}],"version-history":[{"count":0,"href":"https:\/\/ahorn-camp.de\/it\/wp-json\/wp\/v2\/posts\/16325\/revisions"}],"wp:featuredmedia":[{"embeddable":true,"href":"https:\/\/ahorn-camp.de\/it\/wp-json\/wp\/v2\/media\/16340"}],"wp:attachment":[{"href":"https:\/\/ahorn-camp.de\/it\/wp-json\/wp\/v2\/media?parent=16325"}],"wp:term":[{"taxonomy":"category","embeddable":true,"href":"https:\/\/ahorn-camp.de\/it\/wp-json\/wp\/v2\/categories?post=16325"},{"taxonomy":"post_tag","embeddable":true,"href":"https:\/\/ahorn-camp.de\/it\/wp-json\/wp\/v2\/tags?post=16325"}],"curies":[{"name":"wp","href":"https:\/\/api.w.org\/{rel}","templated":true}]}}