{"id":16325,"date":"2022-05-05T10:46:42","date_gmt":"2022-05-05T08:46:42","guid":{"rendered":"https:\/\/ahorn-camp.de\/?p=16325"},"modified":"2022-06-14T13:53:46","modified_gmt":"2022-06-14T11:53:46","slug":"eroeffnung-service-center-speyer","status":"publish","type":"post","link":"https:\/\/ahorn-camp.de\/it\/eroeffnung-service-center-speyer\/","title":{"rendered":"Il nuovo centro assistenza a Spira"},"content":{"rendered":"<div class=\"wpb-content-wrapper\"><div class=\"vc_row wpb_row vc_row-fluid\"><div class=\"wpb_column vc_column_container vc_col-sm-6\"><div class=\"vc_column-inner\"><div class=\"wpb_wrapper\">\n\t<div class=\"wpb_text_column wpb_content_element\" >\n\t\t<div class=\"wpb_wrapper\">\n\t\t\t<p>Als Unternehmen ist es uns wichtig mit den Bed\u00fcrfnissen unserer Kunden und Kundinnen mitzuwachsen und diese langfristig zufrieden zu stellen. In diesem Kontext steht f\u00fcr uns nicht nur die Entwicklung innovativer Designs oder eine fachkompetente Beratung beim Kauf im Vordergrund, sondern insbesondere auch die kontinuierliche Unterst\u00fctzung bei Fragen und Serviceleistungen nach dem Kauf sowie der Umsetzung von individuellen W\u00fcnschen. Um diesen Zielsetzungen k\u00fcnftig mit verst\u00e4rkter Intensit\u00e4t nachkommen zu k\u00f6nnen, haben wir nun nach einigen Wochen intensiver Arbeit am 8. April 2022 im Beisein von Vertretern und Vertreterinnen der Wirtschaft, Presse und Politik feierlich die T\u00fcren zu unserem neuen Ahorn Camp Service und Miet-Center in der Franz-Kirrmeier-Stra\u00dfe 21a ge\u00f6ffnet.<\/p>\n<p>Dabei beehrten uns unter anderem unsere Speyrer Oberb\u00fcrgermeisterin Frau Seiler und unsere Speyerer B\u00fcrgermeisterin Frau Kabs. Im Rahmen unserer 4-t\u00e4gigen Ahorn Days in Speyer, die mit vielen Aktionen f\u00fcr Kinder und Erwachsene sowie Sofortgewinnen gef\u00fcllt waren, konnten des Weiteren auch Kunden und Kundinnen unser neues Center erleben.<\/p>\n\n\t\t<\/div>\n\t<\/div>\n<\/div><\/div><\/div><div class=\"wpb_column vc_column_container vc_col-sm-6\"><div class=\"vc_column-inner\"><div class=\"wpb_wrapper\">\n\t<div  class=\"wpb_single_image wpb_content_element vc_align_left wpb_content_element\">\n\t\t\n\t\t<figure class=\"wpb_wrapper vc_figure\">\n\t\t\t<div class=\"vc_single_image-wrapper   vc_box_border_grey\"><img fetchpriority=\"high\" decoding=\"async\" width=\"300\" height=\"200\" src=\"https:\/\/ahorn-camp.de\/wp-content\/uploads\/2022\/05\/AHORN-RENT-12518-300x200.jpg\" class=\"vc_single_image-img attachment-medium\" alt=\"Ahorn Rent Mietstation Speyer\" title=\"Ahorn Rent Mietstation Speyer\" srcset=\"https:\/\/ahorn-camp.de\/wp-content\/uploads\/2022\/05\/AHORN-RENT-12518-300x200.jpg 300w, https:\/\/ahorn-camp.de\/wp-content\/uploads\/2022\/05\/AHORN-RENT-12518-1024x683.jpg 1024w, https:\/\/ahorn-camp.de\/wp-content\/uploads\/2022\/05\/AHORN-RENT-12518-768x512.jpg 768w, https:\/\/ahorn-camp.de\/wp-content\/uploads\/2022\/05\/AHORN-RENT-12518-800x533.jpg 800w, https:\/\/ahorn-camp.de\/wp-content\/uploads\/2022\/05\/AHORN-RENT-12518-1536x1024.jpg 1536w, https:\/\/ahorn-camp.de\/wp-content\/uploads\/2022\/05\/AHORN-RENT-12518.jpg 2048w\" sizes=\"(max-width: 300px) 100vw, 300px\" \/><\/div>\n\t\t<\/figure>\n\t<\/div>\n<h3 style=\"text-align: left\" class=\"vc_custom_heading vc_do_custom_heading\" >DOWNLOAD<\/h3>\n\t<div class=\"wpb_text_column wpb_content_element\" >\n\t\t<div class=\"wpb_wrapper\">\n\t\t\t<p><a href=\"https:\/\/ahorn-camp.de\/wp-content\/uploads\/2022\/05\/Eroeffnung-des-neuen-Service-Centers.pdf\">Comunicato stampa | PDF<\/a><br \/>\n<a href=\"https:\/\/www.dropbox.com\/sh\/4qw61lmox2cgszi\/AACQk-id0mygI48ReZFftswda?dl=0\">Materiale visivo | JPEG<\/a><\/p>\n\n\t\t<\/div>\n\t<\/div>\n<h3 style=\"text-align: left\" class=\"vc_custom_heading vc_do_custom_heading\" >CONTATTO STAMPA<\/h3>\n\t<div class=\"wpb_text_column wpb_content_element\" >\n\t\t<div class=\"wpb_wrapper\">\n\t\t\t<p>Franziska Reichmann<br \/>\nfreichmann@ahorn-camp.de<br \/>\nTel: +49 (0) 6232 10028 165<\/p>\n\n\t\t<\/div>\n\t<\/div>\n<\/div><\/div><\/div><\/div><div class=\"vc_row wpb_row vc_row-fluid\"><div class=\"wpb_column vc_column_container vc_col-sm-12\"><div class=\"vc_column-inner\"><div class=\"wpb_wrapper\"><h3 style=\"text-align: left\" class=\"vc_custom_heading vc_do_custom_heading\" >Was bietet das neue Service-Center?<\/h3>\n\t<div class=\"wpb_text_column wpb_content_element\" >\n\t\t<div class=\"wpb_wrapper\">\n\t\t\t<p>Das Service-Center erlaubt es uns von nun an, eine gro\u00dfe Vielfalt an Serviceleistungen f\u00fcr Reisemobile direkt vor Ort in Speyer anzubieten. Dazu z\u00e4hlen unter anderem Dienstleistungen im Rahmen der Wartung wie regelm\u00e4\u00dfige Dichtigkeitspr\u00fcfungen, der Reinigung und Pflege der Fahrzeuge sowie der Unfallinstandsetzung. Nicht zuletzt besteht hier auch die M\u00f6glichkeit, auf individuelle W\u00fcnsche bez\u00fcglich Zubeh\u00f6reinbauten wie beispielsweise Anh\u00e4ngerkupplungen oder Smart TVs einzugehen. Daneben integriert das neue Service-Center au\u00dferdem die erste Ahorn Rent Mietstation in Speyer mit einer Auswahl von 50 Mietfahrzeugen und 18 verschiedenen Modellen. Mit der zus\u00e4tzlichen M\u00f6glichkeit zum Reisemobilkauf und einem integrierten Zubeh\u00f6rshop vereint das Ahorn Camp Kunden Erlebniscenter letztlich alles unter einem Dach, was das Herz von Reisemobilisten begehrt.<\/p>\n<p>Auf dem 600m\u00b2 gro\u00dfen Gel\u00e4nde widmet sich ein 15-k\u00f6pfiges Team der fachkundigen Beratung nach dem Reisemobilkauf, wo nun per Telefon, E-Mail oder vor Ort bestm\u00f6glich auf Serviceanliegen eingegangen werden kann. Dort kann auch ein gro\u00dfes Angebot an Ersatzteilen angefragt werden, welches von unserer Lagerlogistik direkt zum Wunschort verschickt wird. Unser 7-k\u00f6pfiges Service Werkstatt Team k\u00fcmmert sich derweil in der ger\u00e4umigen Werkstatt darum, dass die Reisemobile unserer Kundinnen und Kunden schnellstm\u00f6glich wieder bereit f\u00fcr die n\u00e4chsten Reiseabenteuer sind. Unser hochmodernes Service Center tr\u00e4gt nicht zuletzt auch zur Mitarbeiterzufriedenheit bei, die uns sehr wichtig ist. Da der Standort in Speyer nicht nur als Niederlassung, sondern auch als europaweite Markenzentrale fungiert, werden hier zudem strategische After Sales Projekte vorangetrieben und unser Servicenetz mit 64 Servicepartnern europaweit unter der erfolgreichen Leitung von Frau Armeni koordiniert.<\/p>\n\n\t\t<\/div>\n\t<\/div>\n\n\t<div class=\"wpb_raw_code wpb_raw_html wpb_content_element\" >\n\t\t<div class=\"wpb_wrapper\">\n\t\t\t\t\t<div data-elementor-type=\"section\" data-elementor-id=\"16472\" class=\"elementor elementor-16472\" data-elementor-post-type=\"elementor_library\">\n\t\t\t\t\t<section class=\"elementor-section elementor-top-section elementor-element elementor-element-57f652b elementor-section-boxed elementor-section-height-default elementor-section-height-default\" data-id=\"57f652b\" data-element_type=\"section\" data-e-type=\"section\">\n\t\t\t\t\t\t<div class=\"elementor-container elementor-column-gap-default\">\n\t\t\t\t\t<div class=\"elementor-column elementor-col-100 elementor-top-column elementor-element elementor-element-e055056\" data-id=\"e055056\" data-element_type=\"column\" data-e-type=\"column\">\n\t\t\t<div class=\"elementor-widget-wrap elementor-element-populated\">\n\t\t\t\t\t\t<div class=\"elementor-element elementor-element-a922120 elementor-arrows-position-outside elementor-pagination-position-outside elementor-widget elementor-widget-image-carousel\" data-id=\"a922120\" data-element_type=\"widget\" data-e-type=\"widget\" data-settings=\"{&quot;slides_to_show&quot;:&quot;4&quot;,&quot;navigation&quot;:&quot;both&quot;,&quot;autoplay&quot;:&quot;yes&quot;,&quot;pause_on_hover&quot;:&quot;yes&quot;,&quot;pause_on_interaction&quot;:&quot;yes&quot;,&quot;autoplay_speed&quot;:5000,&quot;infinite&quot;:&quot;yes&quot;,&quot;speed&quot;:500}\" data-widget_type=\"image-carousel.default\">\n\t\t\t\t<div class=\"elementor-widget-container\">\n\t\t\t\t\t\t\t<div class=\"elementor-image-carousel-wrapper swiper\" role=\"region\" aria-roledescription=\"carousel\" aria-label=\"Carosello d&#039;immagini\" dir=\"ltr\">\n\t\t\t<div class=\"elementor-image-carousel swiper-wrapper\" aria-live=\"off\">\n\t\t\t\t\t\t\t\t<div class=\"swiper-slide\" role=\"group\" aria-roledescription=\"slide\" aria-label=\"1 di 6\"><a data-elementor-open-lightbox=\"yes\" data-elementor-lightbox-slideshow=\"a922120\" data-elementor-lightbox-title=\"Ahorn Camp Service Center\" data-e-action-hash=\"#elementor-action%3Aaction%3Dlightbox%26settings%3DeyJpZCI6MTYzMjksInVybCI6Imh0dHBzOlwvXC9haG9ybi1jYW1wLmRlXC93cC1jb250ZW50XC91cGxvYWRzXC8yMDIyXC8wNVwvQUhPUk4tU0VSVklDRS1DRU5URVItMjk2Mi5qcGciLCJzbGlkZXNob3ciOiJhOTIyMTIwIn0%3D\" href=\"https:\/\/ahorn-camp.de\/wp-content\/uploads\/2022\/05\/AHORN-SERVICE-CENTER-2962.jpg\"><figure class=\"swiper-slide-inner\"><img decoding=\"async\" class=\"swiper-slide-image\" src=\"https:\/\/ahorn-camp.de\/wp-content\/uploads\/2022\/05\/AHORN-SERVICE-CENTER-2962-1024x683.jpg\" alt=\"Ahorn Camp Centro Assistenza\" \/><\/figure><\/a><\/div><div class=\"swiper-slide\" role=\"group\" aria-roledescription=\"slide\" aria-label=\"2 di 6\"><a data-elementor-open-lightbox=\"yes\" data-elementor-lightbox-slideshow=\"a922120\" data-elementor-lightbox-title=\"Ahorn Rent Vermietung\" data-e-action-hash=\"#elementor-action%3Aaction%3Dlightbox%26settings%3DeyJpZCI6MTYzMzIsInVybCI6Imh0dHBzOlwvXC9haG9ybi1jYW1wLmRlXC93cC1jb250ZW50XC91cGxvYWRzXC8yMDIyXC8wNVwvQUhPUk4tUkVOVC0xMjc2MS5qcGciLCJzbGlkZXNob3ciOiJhOTIyMTIwIn0%3D\" href=\"https:\/\/ahorn-camp.de\/wp-content\/uploads\/2022\/05\/AHORN-RENT-12761.jpg\"><figure class=\"swiper-slide-inner\"><img decoding=\"async\" class=\"swiper-slide-image\" src=\"https:\/\/ahorn-camp.de\/wp-content\/uploads\/2022\/05\/AHORN-RENT-12761-1024x683.jpg\" alt=\"Ahorn Rent Vermietung\" \/><\/figure><\/a><\/div><div class=\"swiper-slide\" role=\"group\" aria-roledescription=\"slide\" aria-label=\"3 di 6\"><a data-elementor-open-lightbox=\"yes\" data-elementor-lightbox-slideshow=\"a922120\" data-elementor-lightbox-title=\"Ahorn Camp Service und Werkstatt in der Niederlassung in Speyer\" data-elementor-lightbox-description=\"Ahorn Camp Service und Werkstatt in der Niederlassung in Speyer\" data-e-action-hash=\"#elementor-action%3Aaction%3Dlightbox%26settings%3DeyJpZCI6MTYzMzEsInVybCI6Imh0dHBzOlwvXC9haG9ybi1jYW1wLmRlXC93cC1jb250ZW50XC91cGxvYWRzXC8yMDIyXC8wNVwvQUhPUk4tV0VSS1NUQVRULTEyNzgxLmpwZyIsInNsaWRlc2hvdyI6ImE5MjIxMjAifQ%3D%3D\" href=\"https:\/\/ahorn-camp.de\/wp-content\/uploads\/2022\/05\/AHORN-WERKSTATT-12781.jpg\"><figure class=\"swiper-slide-inner\"><img decoding=\"async\" class=\"swiper-slide-image\" src=\"https:\/\/ahorn-camp.de\/wp-content\/uploads\/2022\/05\/AHORN-WERKSTATT-12781-1024x683.jpg\" alt=\"Ahorn Camp Service und Werkstatt in der Niederlassung in Speyer\" \/><\/figure><\/a><\/div><div class=\"swiper-slide\" role=\"group\" aria-roledescription=\"slide\" aria-label=\"4 di 6\"><a data-elementor-open-lightbox=\"yes\" data-elementor-lightbox-slideshow=\"a922120\" data-elementor-lightbox-title=\"Ahorn Camp Service Center\" data-e-action-hash=\"#elementor-action%3Aaction%3Dlightbox%26settings%3DeyJpZCI6MTYzMzAsInVybCI6Imh0dHBzOlwvXC9haG9ybi1jYW1wLmRlXC93cC1jb250ZW50XC91cGxvYWRzXC8yMDIyXC8wNVwvQUhPUk4tU0VSVklDRS0xMjcyOC5qcGciLCJzbGlkZXNob3ciOiJhOTIyMTIwIn0%3D\" href=\"https:\/\/ahorn-camp.de\/wp-content\/uploads\/2022\/05\/AHORN-SERVICE-12728.jpg\"><figure class=\"swiper-slide-inner\"><img decoding=\"async\" class=\"swiper-slide-image\" src=\"https:\/\/ahorn-camp.de\/wp-content\/uploads\/2022\/05\/AHORN-SERVICE-12728-1024x683.jpg\" alt=\"Ahorn Camp Centro Assistenza\" \/><\/figure><\/a><\/div><div class=\"swiper-slide\" role=\"group\" aria-roledescription=\"slide\" aria-label=\"5 di 6\"><a data-elementor-open-lightbox=\"yes\" data-elementor-lightbox-slideshow=\"a922120\" data-elementor-lightbox-title=\"Ahorn Camp Merchandise Shop\" data-e-action-hash=\"#elementor-action%3Aaction%3Dlightbox%26settings%3DeyJpZCI6MTYzMjgsInVybCI6Imh0dHBzOlwvXC9haG9ybi1jYW1wLmRlXC93cC1jb250ZW50XC91cGxvYWRzXC8yMDIyXC8wNVwvQUhPUk4tU0VSVklDRS1DRU5URVItMjkzMS5qcGciLCJzbGlkZXNob3ciOiJhOTIyMTIwIn0%3D\" href=\"https:\/\/ahorn-camp.de\/wp-content\/uploads\/2022\/05\/AHORN-SERVICE-CENTER-2931.jpg\"><figure class=\"swiper-slide-inner\"><img decoding=\"async\" class=\"swiper-slide-image\" src=\"https:\/\/ahorn-camp.de\/wp-content\/uploads\/2022\/05\/AHORN-SERVICE-CENTER-2931-1024x683.jpg\" alt=\"Ahorn Camp Merchandise Shop\" \/><\/figure><\/a><\/div><div class=\"swiper-slide\" role=\"group\" aria-roledescription=\"slide\" aria-label=\"6 di 6\"><a data-elementor-open-lightbox=\"yes\" data-elementor-lightbox-slideshow=\"a922120\" data-elementor-lightbox-title=\"Ahorn Camp Service Center\" data-e-action-hash=\"#elementor-action%3Aaction%3Dlightbox%26settings%3DeyJpZCI6MTYzMjcsInVybCI6Imh0dHBzOlwvXC9haG9ybi1jYW1wLmRlXC93cC1jb250ZW50XC91cGxvYWRzXC8yMDIyXC8wNVwvQUhPUk4tQ0FMTENFTlRFUi0xMjYyMC5qcGciLCJzbGlkZXNob3ciOiJhOTIyMTIwIn0%3D\" href=\"https:\/\/ahorn-camp.de\/wp-content\/uploads\/2022\/05\/AHORN-CALLCENTER-12620.jpg\"><figure class=\"swiper-slide-inner\"><img decoding=\"async\" class=\"swiper-slide-image\" src=\"https:\/\/ahorn-camp.de\/wp-content\/uploads\/2022\/05\/AHORN-CALLCENTER-12620-1024x683.jpg\" alt=\"Ahorn Camp Centro Assistenza\" \/><\/figure><\/a><\/div>\t\t\t<\/div>\n\t\t\t\t\t\t\t\t\t\t\t\t<div class=\"elementor-swiper-button elementor-swiper-button-prev\" role=\"button\" tabindex=\"0\">\n\t\t\t\t\t\t<i aria-hidden=\"true\" class=\"eicon-chevron-left\"><\/i>\t\t\t\t\t<\/div>\n\t\t\t\t\t<div class=\"elementor-swiper-button elementor-swiper-button-next\" role=\"button\" tabindex=\"0\">\n\t\t\t\t\t\t<i aria-hidden=\"true\" class=\"eicon-chevron-right\"><\/i>\t\t\t\t\t<\/div>\n\t\t\t\t\n\t\t\t\t\t\t\t\t\t<div class=\"swiper-pagination\"><\/div>\n\t\t\t\t\t\t\t\t\t<\/div>\n\t\t\t\t\t\t<\/div>\n\t\t\t\t<\/div>\n\t\t\t\t\t<\/div>\n\t\t<\/div>\n\t\t\t\t\t<\/div>\n\t\t<\/section>\n\t\t\t\t<\/div>\n\t\t\n\t\t<\/div>\n\t<\/div>\n<h3 style=\"text-align: left\" class=\"vc_custom_heading vc_do_custom_heading\" >Zukunftsorientierte Positionierung von Ahorn Camp und Ahorn Rent<\/h3>\n\t<div class=\"wpb_text_column wpb_content_element\" >\n\t\t<div class=\"wpb_wrapper\">\n\t\t\t<p>Mit unserem neuen Service- und Vermietcenter stellen wir uns zukunftsorientiert und vorausschauend im Hinblick auf die Anforderungen der kommenden Jahre auf. \u201cWir sind sehr schnell gewachsen und expandieren weiter, dabei erkennen wir den gro\u00dfen Bedarf und das Potential im After Sales Bereich. Wir verfolgen das Ziel, Kundinnen und Kunden im Rahmen des Lebenszyklus ihres erworbenen Wohnmobils zu begleiten und sie bestm\u00f6glich bei Anliegen wie der Aufr\u00fcstung oder Wartung ihres Fahrzeugs unterst\u00fctzen. Dazu geh\u00f6rt auch die Markenidentifikation, die wir mit Merchandise Produkten und unserem Maskottchen erweitern\u201d &#8211; so Ahorn Camp Gesch\u00e4ftsf\u00fchrer Alexander Reichmann. Im Fokus steht au\u00dferdem, Personen, die nicht direkt an einen Kauf denken, komfortable Mietm\u00f6glichkeiten vor Ort zu bieten und ihnen das Thema Reisemobil so n\u00e4her zu bringen. \u201cDa sehen wir unseren gro\u00dfen Auftrag\u201d, erkl\u00e4rt Reichmann, \u201cdenn so gewinnen wir den Reisemobilkunden von morgen\u201d.<\/p>\n\n\t\t<\/div>\n\t<\/div>\n<\/div><\/div><\/div><\/div><div class=\"vc_row wpb_row vc_row-fluid\"><div class=\"wpb_column vc_column_container vc_col-sm-12\"><div class=\"vc_column-inner\"><div class=\"wpb_wrapper\"><\/div><\/div><\/div><\/div>\n<\/div>","protected":false},"excerpt":{"rendered":"<p>L'8 aprile 2022 abbiamo aperto solennemente le porte del nostro nuovo Centro Servizi Ahorn e della stazione di noleggio Ahorn Rent a Spira. <\/p>","protected":false},"author":2,"featured_media":16340,"comment_status":"closed","ping_status":"closed","sticky":false,"template":"","format":"standard","meta":{"content-type":"","footnotes":""},"categories":[277],"tags":[],"class_list":["post-16325","post","type-post","status-publish","format-standard","has-post-thumbnail","hentry","category-pressemitteilungen"],"yoast_head":"<!-- This site is optimized with the Yoast SEO plugin v27.4 - https:\/\/yoast.com\/product\/yoast-seo-wordpress\/ -->\n<title>- Ahorn Camp | Reisemobile und Kastenwagen<\/title>\n<meta name=\"description\" content=\"Am 8. April 2022 er\u00f6ffneten wir feierlich die T\u00fcren zu unserem neuen Ahorn Camp Service und Miet-Center in Speyer er\u00f6ffnet.\" \/>\n<meta name=\"robots\" content=\"index, follow, max-snippet:-1, max-image-preview:large, max-video-preview:-1\" \/>\n<link rel=\"canonical\" href=\"https:\/\/ahorn-camp.de\/it\/eroeffnung-service-center-speyer\/\" \/>\n<meta property=\"og:locale\" content=\"it_IT\" \/>\n<meta property=\"og:type\" content=\"article\" \/>\n<meta property=\"og:title\" content=\"- Ahorn Camp | Reisemobile und Kastenwagen\" \/>\n<meta property=\"og:description\" content=\"Am 8. April 2022 er\u00f6ffneten wir feierlich die T\u00fcren zu unserem neuen Ahorn Camp Service und Miet-Center in Speyer er\u00f6ffnet.\" \/>\n<meta property=\"og:url\" content=\"https:\/\/ahorn-camp.de\/it\/eroeffnung-service-center-speyer\/\" \/>\n<meta property=\"og:site_name\" content=\"Ahorn Camp | Reisemobile und Kastenwagen\" \/>\n<meta property=\"article:publisher\" content=\"https:\/\/www.facebook.com\/ahorn.wohnmobile\/\" \/>\n<meta property=\"article:published_time\" content=\"2022-05-05T08:46:42+00:00\" \/>\n<meta property=\"article:modified_time\" content=\"2022-06-14T11:53:46+00:00\" \/>\n<meta property=\"og:image\" content=\"https:\/\/ahorn-camp.de\/wp-content\/uploads\/2022\/05\/Ahorn-Camp-Service-Center-1024x683.png\" \/>\n\t<meta property=\"og:image:width\" content=\"1024\" \/>\n\t<meta property=\"og:image:height\" content=\"683\" \/>\n\t<meta property=\"og:image:type\" content=\"image\/png\" \/>\n<meta name=\"author\" content=\"ahorn_admin\" \/>\n<meta name=\"twitter:card\" content=\"summary_large_image\" \/>\n<meta name=\"twitter:label1\" content=\"Scritto da\" \/>\n\t<meta name=\"twitter:data1\" content=\"ahorn_admin\" \/>\n\t<meta name=\"twitter:label2\" content=\"Tempo di lettura stimato\" \/>\n\t<meta name=\"twitter:data2\" content=\"4 minuti\" \/>\n<script type=\"application\/ld+json\" class=\"yoast-schema-graph\">{\"@context\":\"https:\\\/\\\/schema.org\",\"@graph\":[{\"@type\":\"Article\",\"@id\":\"https:\\\/\\\/ahorn-camp.de\\\/eroeffnung-service-center-speyer\\\/#article\",\"isPartOf\":{\"@id\":\"https:\\\/\\\/ahorn-camp.de\\\/eroeffnung-service-center-speyer\\\/\"},\"author\":{\"name\":\"ahorn_admin\",\"@id\":\"https:\\\/\\\/ahorn-camp.de\\\/#\\\/schema\\\/person\\\/9b60761ba82d5cb8e6db215a88925044\"},\"headline\":\"Das neue Service Center in Speyer\",\"datePublished\":\"2022-05-05T08:46:42+00:00\",\"dateModified\":\"2022-06-14T11:53:46+00:00\",\"mainEntityOfPage\":{\"@id\":\"https:\\\/\\\/ahorn-camp.de\\\/eroeffnung-service-center-speyer\\\/\"},\"wordCount\":750,\"publisher\":{\"@id\":\"https:\\\/\\\/ahorn-camp.de\\\/#organization\"},\"image\":{\"@id\":\"https:\\\/\\\/ahorn-camp.de\\\/eroeffnung-service-center-speyer\\\/#primaryimage\"},\"thumbnailUrl\":\"https:\\\/\\\/ahorn-camp.de\\\/wp-content\\\/uploads\\\/2022\\\/05\\\/Ahorn-Camp-Service-Center.png\",\"articleSection\":[\"Pressemitteilungen\"],\"inLanguage\":\"it-IT\"},{\"@type\":\"WebPage\",\"@id\":\"https:\\\/\\\/ahorn-camp.de\\\/eroeffnung-service-center-speyer\\\/\",\"url\":\"https:\\\/\\\/ahorn-camp.de\\\/eroeffnung-service-center-speyer\\\/\",\"name\":\"- Ahorn Camp | Reisemobile und Kastenwagen\",\"isPartOf\":{\"@id\":\"https:\\\/\\\/ahorn-camp.de\\\/#website\"},\"primaryImageOfPage\":{\"@id\":\"https:\\\/\\\/ahorn-camp.de\\\/eroeffnung-service-center-speyer\\\/#primaryimage\"},\"image\":{\"@id\":\"https:\\\/\\\/ahorn-camp.de\\\/eroeffnung-service-center-speyer\\\/#primaryimage\"},\"thumbnailUrl\":\"https:\\\/\\\/ahorn-camp.de\\\/wp-content\\\/uploads\\\/2022\\\/05\\\/Ahorn-Camp-Service-Center.png\",\"datePublished\":\"2022-05-05T08:46:42+00:00\",\"dateModified\":\"2022-06-14T11:53:46+00:00\",\"description\":\"Am 8. April 2022 er\u00f6ffneten wir feierlich die T\u00fcren zu unserem neuen Ahorn Camp Service und Miet-Center in Speyer er\u00f6ffnet.\",\"breadcrumb\":{\"@id\":\"https:\\\/\\\/ahorn-camp.de\\\/eroeffnung-service-center-speyer\\\/#breadcrumb\"},\"inLanguage\":\"it-IT\",\"potentialAction\":[{\"@type\":\"ReadAction\",\"target\":[\"https:\\\/\\\/ahorn-camp.de\\\/eroeffnung-service-center-speyer\\\/\"]}]},{\"@type\":\"ImageObject\",\"inLanguage\":\"it-IT\",\"@id\":\"https:\\\/\\\/ahorn-camp.de\\\/eroeffnung-service-center-speyer\\\/#primaryimage\",\"url\":\"https:\\\/\\\/ahorn-camp.de\\\/wp-content\\\/uploads\\\/2022\\\/05\\\/Ahorn-Camp-Service-Center.png\",\"contentUrl\":\"https:\\\/\\\/ahorn-camp.de\\\/wp-content\\\/uploads\\\/2022\\\/05\\\/Ahorn-Camp-Service-Center.png\",\"width\":1500,\"height\":1000,\"caption\":\"Ahorn Camp Service Center\"},{\"@type\":\"BreadcrumbList\",\"@id\":\"https:\\\/\\\/ahorn-camp.de\\\/eroeffnung-service-center-speyer\\\/#breadcrumb\",\"itemListElement\":[{\"@type\":\"ListItem\",\"position\":1,\"name\":\"Startseite\",\"item\":\"https:\\\/\\\/ahorn-camp.de\\\/\"},{\"@type\":\"ListItem\",\"position\":2,\"name\":\"Das neue Service Center in Speyer\"}]},{\"@type\":\"WebSite\",\"@id\":\"https:\\\/\\\/ahorn-camp.de\\\/#website\",\"url\":\"https:\\\/\\\/ahorn-camp.de\\\/\",\"name\":\"Ahorn Camp | Reisemobile und Kastenwagen\",\"description\":\"Seit \u00fcber 30 Jahren vermarktet das Familienunternehmen, Ahorn Camp in Speyer, erfolgreich Wohnmobile und Kastenwagen zum besten Preis-Leistungsverh\u00e4ltnis.\",\"publisher\":{\"@id\":\"https:\\\/\\\/ahorn-camp.de\\\/#organization\"},\"potentialAction\":[{\"@type\":\"SearchAction\",\"target\":{\"@type\":\"EntryPoint\",\"urlTemplate\":\"https:\\\/\\\/ahorn-camp.de\\\/?s={search_term_string}\"},\"query-input\":{\"@type\":\"PropertyValueSpecification\",\"valueRequired\":true,\"valueName\":\"search_term_string\"}}],\"inLanguage\":\"it-IT\"},{\"@type\":\"Organization\",\"@id\":\"https:\\\/\\\/ahorn-camp.de\\\/#organization\",\"name\":\"Ahorn Camp GmbH & Co. KG\",\"url\":\"https:\\\/\\\/ahorn-camp.de\\\/\",\"logo\":{\"@type\":\"ImageObject\",\"inLanguage\":\"it-IT\",\"@id\":\"https:\\\/\\\/ahorn-camp.de\\\/#\\\/schema\\\/logo\\\/image\\\/\",\"url\":\"https:\\\/\\\/ahorn-camp.de\\\/wp-content\\\/uploads\\\/2018\\\/12\\\/Ahorn_Logo.jpg\",\"contentUrl\":\"https:\\\/\\\/ahorn-camp.de\\\/wp-content\\\/uploads\\\/2018\\\/12\\\/Ahorn_Logo.jpg\",\"width\":1437,\"height\":1000,\"caption\":\"Ahorn Camp GmbH & Co. KG\"},\"image\":{\"@id\":\"https:\\\/\\\/ahorn-camp.de\\\/#\\\/schema\\\/logo\\\/image\\\/\"},\"sameAs\":[\"https:\\\/\\\/www.facebook.com\\\/ahorn.wohnmobile\\\/\",\"https:\\\/\\\/www.instagram.com\\\/ahorn.camp\\\/\",\"https:\\\/\\\/www.youtube.com\\\/channel\\\/UCPFbPCts1JJ_A1k9vyH0yOQ\"]},{\"@type\":\"Person\",\"@id\":\"https:\\\/\\\/ahorn-camp.de\\\/#\\\/schema\\\/person\\\/9b60761ba82d5cb8e6db215a88925044\",\"name\":\"ahorn_admin\",\"image\":{\"@type\":\"ImageObject\",\"inLanguage\":\"it-IT\",\"@id\":\"https:\\\/\\\/secure.gravatar.com\\\/avatar\\\/d96b9a078083b0c14cee48589feadd939c3cdd66547e2f3f1569470371daaaa5?s=96&d=mm&r=g\",\"url\":\"https:\\\/\\\/secure.gravatar.com\\\/avatar\\\/d96b9a078083b0c14cee48589feadd939c3cdd66547e2f3f1569470371daaaa5?s=96&d=mm&r=g\",\"contentUrl\":\"https:\\\/\\\/secure.gravatar.com\\\/avatar\\\/d96b9a078083b0c14cee48589feadd939c3cdd66547e2f3f1569470371daaaa5?s=96&d=mm&r=g\",\"caption\":\"ahorn_admin\"},\"sameAs\":[\"http:\\\/\\\/Ahorn%20Camp\"],\"url\":\"https:\\\/\\\/ahorn-camp.de\\\/it\\\/author\\\/ahorn_admin\\\/\"}]}<\/script>\n<!-- \/ Yoast SEO plugin. -->","yoast_head_json":{"title":"- Ahorn Camp | Camper e furgoni camperizzati","description":"Am 8. April 2022 er\u00f6ffneten wir feierlich die T\u00fcren zu unserem neuen Ahorn Camp Service und Miet-Center in Speyer er\u00f6ffnet.","robots":{"index":"index","follow":"follow","max-snippet":"max-snippet:-1","max-image-preview":"max-image-preview:large","max-video-preview":"max-video-preview:-1"},"canonical":"https:\/\/ahorn-camp.de\/it\/eroeffnung-service-center-speyer\/","og_locale":"it_IT","og_type":"article","og_title":"- Ahorn Camp | Reisemobile und Kastenwagen","og_description":"Am 8. April 2022 er\u00f6ffneten wir feierlich die T\u00fcren zu unserem neuen Ahorn Camp Service und Miet-Center in Speyer er\u00f6ffnet.","og_url":"https:\/\/ahorn-camp.de\/it\/eroeffnung-service-center-speyer\/","og_site_name":"Ahorn Camp | Reisemobile und Kastenwagen","article_publisher":"https:\/\/www.facebook.com\/ahorn.wohnmobile\/","article_published_time":"2022-05-05T08:46:42+00:00","article_modified_time":"2022-06-14T11:53:46+00:00","og_image":[{"width":1024,"height":683,"url":"https:\/\/ahorn-camp.de\/wp-content\/uploads\/2022\/05\/Ahorn-Camp-Service-Center-1024x683.png","type":"image\/png"}],"author":"ahorn_admin","twitter_card":"summary_large_image","twitter_misc":{"Scritto da":"ahorn_admin","Tempo di lettura stimato":"4 minuti"},"schema":{"@context":"https:\/\/schema.org","@graph":[{"@type":"Article","@id":"https:\/\/ahorn-camp.de\/eroeffnung-service-center-speyer\/#article","isPartOf":{"@id":"https:\/\/ahorn-camp.de\/eroeffnung-service-center-speyer\/"},"author":{"name":"ahorn_admin","@id":"https:\/\/ahorn-camp.de\/#\/schema\/person\/9b60761ba82d5cb8e6db215a88925044"},"headline":"Das neue Service Center in Speyer","datePublished":"2022-05-05T08:46:42+00:00","dateModified":"2022-06-14T11:53:46+00:00","mainEntityOfPage":{"@id":"https:\/\/ahorn-camp.de\/eroeffnung-service-center-speyer\/"},"wordCount":750,"publisher":{"@id":"https:\/\/ahorn-camp.de\/#organization"},"image":{"@id":"https:\/\/ahorn-camp.de\/eroeffnung-service-center-speyer\/#primaryimage"},"thumbnailUrl":"https:\/\/ahorn-camp.de\/wp-content\/uploads\/2022\/05\/Ahorn-Camp-Service-Center.png","articleSection":["Pressemitteilungen"],"inLanguage":"it-IT"},{"@type":"WebPage","@id":"https:\/\/ahorn-camp.de\/eroeffnung-service-center-speyer\/","url":"https:\/\/ahorn-camp.de\/eroeffnung-service-center-speyer\/","name":"- Ahorn Camp | Camper e furgoni camperizzati","isPartOf":{"@id":"https:\/\/ahorn-camp.de\/#website"},"primaryImageOfPage":{"@id":"https:\/\/ahorn-camp.de\/eroeffnung-service-center-speyer\/#primaryimage"},"image":{"@id":"https:\/\/ahorn-camp.de\/eroeffnung-service-center-speyer\/#primaryimage"},"thumbnailUrl":"https:\/\/ahorn-camp.de\/wp-content\/uploads\/2022\/05\/Ahorn-Camp-Service-Center.png","datePublished":"2022-05-05T08:46:42+00:00","dateModified":"2022-06-14T11:53:46+00:00","description":"Am 8. April 2022 er\u00f6ffneten wir feierlich die T\u00fcren zu unserem neuen Ahorn Camp Service und Miet-Center in Speyer er\u00f6ffnet.","breadcrumb":{"@id":"https:\/\/ahorn-camp.de\/eroeffnung-service-center-speyer\/#breadcrumb"},"inLanguage":"it-IT","potentialAction":[{"@type":"ReadAction","target":["https:\/\/ahorn-camp.de\/eroeffnung-service-center-speyer\/"]}]},{"@type":"ImageObject","inLanguage":"it-IT","@id":"https:\/\/ahorn-camp.de\/eroeffnung-service-center-speyer\/#primaryimage","url":"https:\/\/ahorn-camp.de\/wp-content\/uploads\/2022\/05\/Ahorn-Camp-Service-Center.png","contentUrl":"https:\/\/ahorn-camp.de\/wp-content\/uploads\/2022\/05\/Ahorn-Camp-Service-Center.png","width":1500,"height":1000,"caption":"Ahorn Camp Service Center"},{"@type":"BreadcrumbList","@id":"https:\/\/ahorn-camp.de\/eroeffnung-service-center-speyer\/#breadcrumb","itemListElement":[{"@type":"ListItem","position":1,"name":"Startseite","item":"https:\/\/ahorn-camp.de\/"},{"@type":"ListItem","position":2,"name":"Das neue Service Center in Speyer"}]},{"@type":"WebSite","@id":"https:\/\/ahorn-camp.de\/#website","url":"https:\/\/ahorn-camp.de\/","name":"Ahorn Camp | Camper e furgonati","description":"Da oltre 30 anni l'azienda a conduzione familiare, Ahorn Camp a Speyer, commercializza con successo camper e furgoni al miglior rapporto qualit\u00e0-prezzo.","publisher":{"@id":"https:\/\/ahorn-camp.de\/#organization"},"potentialAction":[{"@type":"SearchAction","target":{"@type":"EntryPoint","urlTemplate":"https:\/\/ahorn-camp.de\/?s={search_term_string}"},"query-input":{"@type":"PropertyValueSpecification","valueRequired":true,"valueName":"search_term_string"}}],"inLanguage":"it-IT"},{"@type":"Organization","@id":"https:\/\/ahorn-camp.de\/#organization","name":"Ahorn Camp GmbH &amp; Co. KG","url":"https:\/\/ahorn-camp.de\/","logo":{"@type":"ImageObject","inLanguage":"it-IT","@id":"https:\/\/ahorn-camp.de\/#\/schema\/logo\/image\/","url":"https:\/\/ahorn-camp.de\/wp-content\/uploads\/2018\/12\/Ahorn_Logo.jpg","contentUrl":"https:\/\/ahorn-camp.de\/wp-content\/uploads\/2018\/12\/Ahorn_Logo.jpg","width":1437,"height":1000,"caption":"Ahorn Camp GmbH & Co. KG"},"image":{"@id":"https:\/\/ahorn-camp.de\/#\/schema\/logo\/image\/"},"sameAs":["https:\/\/www.facebook.com\/ahorn.wohnmobile\/","https:\/\/www.instagram.com\/ahorn.camp\/","https:\/\/www.youtube.com\/channel\/UCPFbPCts1JJ_A1k9vyH0yOQ"]},{"@type":"Person","@id":"https:\/\/ahorn-camp.de\/#\/schema\/person\/9b60761ba82d5cb8e6db215a88925044","name":"ahorn_admin","image":{"@type":"ImageObject","inLanguage":"it-IT","@id":"https:\/\/secure.gravatar.com\/avatar\/d96b9a078083b0c14cee48589feadd939c3cdd66547e2f3f1569470371daaaa5?s=96&d=mm&r=g","url":"https:\/\/secure.gravatar.com\/avatar\/d96b9a078083b0c14cee48589feadd939c3cdd66547e2f3f1569470371daaaa5?s=96&d=mm&r=g","contentUrl":"https:\/\/secure.gravatar.com\/avatar\/d96b9a078083b0c14cee48589feadd939c3cdd66547e2f3f1569470371daaaa5?s=96&d=mm&r=g","caption":"ahorn_admin"},"sameAs":["http:\/\/Ahorn%20Camp"],"url":"https:\/\/ahorn-camp.de\/it\/author\/ahorn_admin\/"}]}},"_links":{"self":[{"href":"https:\/\/ahorn-camp.de\/it\/wp-json\/wp\/v2\/posts\/16325","targetHints":{"allow":["GET"]}}],"collection":[{"href":"https:\/\/ahorn-camp.de\/it\/wp-json\/wp\/v2\/posts"}],"about":[{"href":"https:\/\/ahorn-camp.de\/it\/wp-json\/wp\/v2\/types\/post"}],"author":[{"embeddable":true,"href":"https:\/\/ahorn-camp.de\/it\/wp-json\/wp\/v2\/users\/2"}],"replies":[{"embeddable":true,"href":"https:\/\/ahorn-camp.de\/it\/wp-json\/wp\/v2\/comments?post=16325"}],"version-history":[{"count":0,"href":"https:\/\/ahorn-camp.de\/it\/wp-json\/wp\/v2\/posts\/16325\/revisions"}],"wp:featuredmedia":[{"embeddable":true,"href":"https:\/\/ahorn-camp.de\/it\/wp-json\/wp\/v2\/media\/16340"}],"wp:attachment":[{"href":"https:\/\/ahorn-camp.de\/it\/wp-json\/wp\/v2\/media?parent=16325"}],"wp:term":[{"taxonomy":"category","embeddable":true,"href":"https:\/\/ahorn-camp.de\/it\/wp-json\/wp\/v2\/categories?post=16325"},{"taxonomy":"post_tag","embeddable":true,"href":"https:\/\/ahorn-camp.de\/it\/wp-json\/wp\/v2\/tags?post=16325"}],"curies":[{"name":"wp","href":"https:\/\/api.w.org\/{rel}","templated":true}]}}