{"id":983,"date":"2019-04-22T16:25:48","date_gmt":"2019-04-22T14:25:48","guid":{"rendered":"https:\/\/ahorn-camp.de\/?p=983"},"modified":"2022-04-25T15:27:08","modified_gmt":"2022-04-25T13:27:08","slug":"mit-dem-wohnmobil-bis-zur-kroatischen-kueste","status":"publish","type":"post","link":"https:\/\/ahorn-camp.de\/fr\/mit-dem-wohnmobil-bis-zur-kroatischen-kueste\/","title":{"rendered":"En camping-car jusqu'\u00e0 la c\u00f4te croate"},"content":{"rendered":"<p><strong>Am Anfang standen die \u00fcblichen Urlaubs\u00fcberlegungen. Wohin fliegen wir? Fliegen wir \u00fcberhaupt? Fahren wir mit dem Auto? Camping oder Hotel? Welche Art zu reisen ist f\u00fcr ein Kleinkind geeignet? Schnell einigten wir uns auf Kroatien als Urlaubsziel. Die Beantwortung der anderen Fragen dauerte hingegen etwas l\u00e4nger. Also setzten wir uns zusammen und wogen die Vor- und Nachteile ab. Fliegen: Was ist, wenn er bei Start und Landung schreit? Wie w\u00fcrden andere Passagiere reagieren? Stillende M\u00fctter, die von anderen Passagieren angeprangert werden, sind noch nicht vor allzu langer Zeit viral im Netz kursiert. Auto: Wenig Stauraum und auf langen Strecken eher unbequem. Unsere Entscheidung fiel am Ende auf das Wohnmobil. 3500 km Freiheit: Mit dem Wohnmobil bis zur kroatischen K\u00fcste.<br \/>\n<\/strong><\/p>\n<h6>Viel Platz, bequemes Fahren und vor allem Privatsph\u00e4re.<\/h6>\n<p>Oft hat man auf der Autobahn Wohnmobile gesehen und sich so die Namen der Branchengr\u00f6\u00dfen eingepr\u00e4gt. Wir lie\u00dfen uns von verschiedenen Herstellern Angebote machen und waren erstaunt, welche Summen verlangt wurden. Als wir schon schon fast mit den Gedanken vom Wohnmobilurlaub abgekommen waren, sind wir in verschiedenen Campingzeitschriften auf die Marke Ahorn Camp aufmerksam geworden.<\/p>\n<p>Wir lasen einen Testbericht \u00fcber einen Kroatienurlaub mit einem Ahorn Camp, der super bewertet wurde. Daher entschlossen wir uns dazu, ein letztes Angebot einzuholen. Nach kurzem Emailkontakt wurde uns ein Wohnmobil f\u00fcr unseren Zeitraum zu unheimlich guten Konditionen zugesichert. Nun stand es also fest: Es wird ein Urlaub im Wohnmobil. Voller Vorfreude konnten wir in der darauffolgenden Woche das Fahrzeug entgegennehmen.<\/p>\n<p><img fetchpriority=\"high\" decoding=\"async\" class=\"wp-image-7512 aligncenter\" src=\"https:\/\/ahorn-camp.de\/wp-content\/uploads\/2020\/08\/IMG_20180919_175756.jpg\" alt=\"\" width=\"760\" height=\"570\" srcset=\"https:\/\/ahorn-camp.de\/wp-content\/uploads\/2020\/08\/IMG_20180919_175756.jpg 2560w, https:\/\/ahorn-camp.de\/wp-content\/uploads\/2020\/08\/IMG_20180919_175756-300x225.jpg 300w, https:\/\/ahorn-camp.de\/wp-content\/uploads\/2020\/08\/IMG_20180919_175756-1024x768.jpg 1024w, https:\/\/ahorn-camp.de\/wp-content\/uploads\/2020\/08\/IMG_20180919_175756-768x576.jpg 768w, https:\/\/ahorn-camp.de\/wp-content\/uploads\/2020\/08\/IMG_20180919_175756-800x600.jpg 800w, https:\/\/ahorn-camp.de\/wp-content\/uploads\/2020\/08\/IMG_20180919_175756-1536x1152.jpg 1536w, https:\/\/ahorn-camp.de\/wp-content\/uploads\/2020\/08\/IMG_20180919_175756-2048x1536.jpg 2048w, https:\/\/ahorn-camp.de\/wp-content\/uploads\/2020\/08\/IMG_20180919_175756-200x150.jpg 200w\" sizes=\"(max-width: 760px) 100vw, 760px\" \/><\/p>\n<hr \/>\n<blockquote>\n<p style=\"text-align: center;\">Die Freiheit, sich spontan den Umst\u00e4nden anpassen zu k\u00f6nnen, ohne auf etwas verzichten zu m\u00fcssen<\/p>\n<\/blockquote>\n<hr \/>\n<h6>Wir hatten uns im Voraus eine ungef\u00e4hre Route \u00fcberlegt.<\/h6>\n<p>Auf jeden Fall mit dem Wohnmobil bis zur kroatischen K\u00fcste kommen. Wichtig war uns jedoch, dass wir flexibel sind. Wir wussten ja nicht, wie der Kleine die Fahrt im Wohnmobil aufnimmt. Losgefahren und eingeschlafen. Hannes ist erst wieder zwei Stunden sp\u00e4ter an unserem ersten Stopp aufgewacht. Nach einer kurzen Stillpause konnten wir unsere Reise fortsetzen und erreichten bald unser erstes Ziel. Auf dem Campingplatz angekommen, konnte ich dank der Stromkabel den ACT 690 PLUS ECO an die Stromversorgung anschlie\u00dfen.<\/p>\n<p>Die Markise konnte kinderleicht ausgefahren und aufgebaut werden. Tisch und St\u00fchle waren sicher im Kofferraum verstaut und waren ebenso schnell aufgebaut. Sandra wickelte Hannes und ich machte mich an das Abendessen. Wir wollten uns sicher sein, dass das Abendessen auch schmeckte, also gab es Pasta. Auf dem zweiflammigen Gasherd h\u00e4tte man problemlos aufw\u00e4ndiger kochen k\u00f6nnen. Aber das liegt an den Kochk\u00fcnsten der Person am anderen Ende des Kochl\u00f6ffels. Nachdem Hannes im Bett war, planten wir die Route f\u00fcr den n\u00e4chsten Tag. Ziel war es, an die K\u00fcste zu kommen und einen Campingplatz direkt am Strand zu finden.<\/p>\n<p>Die erste Nacht im Wohnmobil. Vielen ist die Erfahrung von Jugendherbergen und deren viel zu kleinen Betten noch \u00fcber Jahrzehnte hinweg in Erinnerung geblieben. So war zuerst auch meine Bef\u00fcrchtung, was den Schlafkomfort des Wohnmobils betraf. Zwei L\u00e4ngsbetten mit ausreichender Breite, die durch eine kleinere Matratze voneinander getrennt waren. Links lag ich, rechts Sandra und in der Mitte lag Hannes. Dass Hannes im Verlauf der Nacht nochmal gestillt werden musste, war f\u00fcr Sandra reine Gewohnheitssache und konnte ohne Umst\u00e4nde auch im Wohnmobil stattfinden.<\/p>\n<p>&nbsp;<\/p>\n<p><img decoding=\"async\" class=\"wp-image-7516 aligncenter\" src=\"https:\/\/ahorn-camp.de\/wp-content\/uploads\/2019\/04\/Camper-Sonnenuntergang-Peter-Ihle-Ahorn-Camp.jpg\" alt=\"Sonnenuntergang \" width=\"760\" height=\"570\" srcset=\"https:\/\/ahorn-camp.de\/wp-content\/uploads\/2019\/04\/Camper-Sonnenuntergang-Peter-Ihle-Ahorn-Camp.jpg 1500w, https:\/\/ahorn-camp.de\/wp-content\/uploads\/2019\/04\/Camper-Sonnenuntergang-Peter-Ihle-Ahorn-Camp-300x225.jpg 300w, https:\/\/ahorn-camp.de\/wp-content\/uploads\/2019\/04\/Camper-Sonnenuntergang-Peter-Ihle-Ahorn-Camp-1024x768.jpg 1024w, https:\/\/ahorn-camp.de\/wp-content\/uploads\/2019\/04\/Camper-Sonnenuntergang-Peter-Ihle-Ahorn-Camp-768x576.jpg 768w, https:\/\/ahorn-camp.de\/wp-content\/uploads\/2019\/04\/Camper-Sonnenuntergang-Peter-Ihle-Ahorn-Camp-800x600.jpg 800w, https:\/\/ahorn-camp.de\/wp-content\/uploads\/2019\/04\/Camper-Sonnenuntergang-Peter-Ihle-Ahorn-Camp-200x150.jpg 200w\" sizes=\"(max-width: 760px) 100vw, 760px\" \/><\/p>\n<hr \/>\n<blockquote>\n<p style=\"text-align: center;\">Ziel war es, an die K\u00fcste zu kommen und einen Campingplatz direkt am Strand zu finden.<\/p>\n<\/blockquote>\n<hr \/>\n<h6>Der n\u00e4chste Morgen verlief wie die Morgen zu Hause auch.<\/h6>\n<p>W\u00e4hrend Hannes frisch gemacht wurde, bereitete ich das Fr\u00fchst\u00fcck vor. Der K\u00fchlschrank lief \u00fcber die Stromversorgung vom Campingplatz, sodass die Lebensmittel problemlos gek\u00fchlt werden konnten und wir vor einem \u00f6sterreichischen Bergpanorama im Morgenschein der Sonne fr\u00fchst\u00fccken konnten. Nachdem der Abwasch gemacht war, die Markise eingefahren, Tisch und St\u00fchle wieder verstaut waren, fuhr ich den Serviceplatz an.<\/p>\n<p>Die Chemietoilette, die von au\u00dfen mit wenigen Handgriffen ausgebaut war, leerte ich in die daf\u00fcr vorgesehenen Toiletten, und den Grauwassertank konnte ich ebenfalls mit einer Handbewegung \u00f6ffnen und leeren. Im Anschluss f\u00fcllte ich von au\u00dfen den Frischwassertank auf. Dank der Anzeige \u00fcber der T\u00fcr konnte ich den F\u00fcllstand des Wassers \u00fcberpr\u00fcfen.<\/p>\n<p>Wir waren also bereit, unseren Roadtrip fortzuf\u00fchren. Begeistert von der Freiheit, die wir uns so nicht vorgestellt hatten, fuhren wir weiter in Richtung der kroatischen K\u00fcste. Unsere Reise f\u00fchrte uns \u00fcber Istrien, Norddalmatien, \u00fcber die Plivitscher Seen im Landesinneren bis in den S\u00fcden nach <a href=\"https:\/\/de.wikipedia.org\/wiki\/Dubrovnik\" target=\"_blank\" rel=\"noopener noreferrer\">Dubrovnik<\/a>. Insgesamt legten wir 3.500 Kilometer zur\u00fcck und waren letztlich erstaunt, wie einfach das war.<\/p>\n<p>Alle Dinge an Board und jederzeit griffbereit. Die M\u00f6glichkeit, anhalten zu k\u00f6nnen, falls Hannes nicht zu beruhigen ist. Die Freiheit, sich spontan den Umst\u00e4nden anpassen zu k\u00f6nnen, ohne auf etwas verzichten zu m\u00fcssen. Die Sicherheit, dass der ACT 690 PLUS ECO uns als zuverl\u00e4ssiges und mobiles Zuhause zu Verf\u00fcgung steht und uns sicher wieder nach Hause bringt. Ein tolles Erlebnis f\u00fcr die ganze Familie. 3500 km Freiheit: Mit dem Wohnmobil bis zur kroatischen K\u00fcste.<\/p>\n<p>Planen Sie auch einen l\u00e4ngeren Urlaub mit Ihrem Kind? \u00dcberzeugen Sie sich von der <a href=\"https:\/\/ahorn-camp.de\/fr\/ahorn-camping-cars\/\">Vielf\u00e4ltigkeit unserer Produktpalette und finden Sie Ihren passenden Reisegef\u00e4hrten<\/a>.<\/p>\n<p><a href=\"https:\/\/ahorn-camp.de\/wp-content\/uploads\/2020\/08\/Reisebericht-Reisen-mit-Kind.pdf\">Hier k\u00f6nnen Sie den kompletten Reisebericht lesen<\/a><\/p>","protected":false},"excerpt":{"rendered":"<p>\u201e Ils ne s\u2019enfuiront pas alors \u201c, ont-ils r\u00e9pondu \u00e0 la question que j\u2019ai pos\u00e9e lorsque j\u2019ai parl\u00e9 de mon projet dans la salle des professeurs. Cela fait maintenant 8 semaines que je suis l\u2019heureux p\u00e8re d\u2019un fils et j\u2019avais d\u00e9cid\u00e9 de prendre un cong\u00e9 parental. J\u2019avais donc quatre semaines devant moi pendant lesquelles je voulais partir en vacances avec ma famille. Au d\u00e9but, il y a eu les r\u00e9flexions habituelles sur les vacances. O\u00f9 allons-nous ? Partons-nous en avion ? Partons-nous en voiture ?<\/p>","protected":false},"author":2,"featured_media":987,"comment_status":"closed","ping_status":"closed","sticky":false,"template":"","format":"standard","meta":{"content-type":"","footnotes":""},"categories":[208],"tags":[],"class_list":["post-983","post","type-post","status-publish","format-standard","has-post-thumbnail","hentry","category-blog"],"yoast_head":"<!-- This site is optimized with the Yoast SEO plugin v27.4 - https:\/\/yoast.com\/product\/yoast-seo-wordpress\/ -->\n<title>Mit dem Wohnmobil bis zur kroatischen K\u00fcste - Ahorn Camp - Blog<\/title>\n<meta name=\"description\" content=\"Wir hatten uns im Voraus eine ungef\u00e4hre Route \u00fcberlegt. 3500 km Freiheit: Mit dem Wohnmobil bis zur kroatischen K\u00fcste. Ein Familienurlaub im ACT 690.\" \/>\n<meta name=\"robots\" content=\"index, follow, max-snippet:-1, max-image-preview:large, max-video-preview:-1\" \/>\n<link rel=\"canonical\" href=\"https:\/\/ahorn-camp.de\/fr\/mit-dem-wohnmobil-bis-zur-kroatischen-kueste\/\" \/>\n<meta property=\"og:locale\" content=\"fr_FR\" \/>\n<meta property=\"og:type\" content=\"article\" \/>\n<meta property=\"og:title\" content=\"Mit dem Wohnmobil bis zur kroatischen K\u00fcste\" \/>\n<meta property=\"og:description\" content=\"Wir hatten uns im Voraus eine ungef\u00e4hre Route \u00fcberlegt. 3500 km Freiheit: Mit dem ACT 690 von Ahorn Camp fuhren wir bis zur kroatischen K\u00fcste.\" \/>\n<meta property=\"og:url\" content=\"https:\/\/ahorn-camp.de\/fr\/mit-dem-wohnmobil-bis-zur-kroatischen-kueste\/\" \/>\n<meta property=\"og:site_name\" content=\"Ahorn Camp | Reisemobile und Kastenwagen\" \/>\n<meta property=\"article:publisher\" content=\"https:\/\/www.facebook.com\/ahorn.wohnmobile\/\" \/>\n<meta property=\"article:published_time\" content=\"2019-04-22T14:25:48+00:00\" \/>\n<meta property=\"article:modified_time\" content=\"2022-04-25T13:27:08+00:00\" \/>\n<meta property=\"og:image\" content=\"https:\/\/ahorn-camp.de\/wp-content\/uploads\/2019\/05\/aktuelles_reisebericht-3500km-freiheit.jpg\" \/>\n\t<meta property=\"og:image:width\" content=\"844\" \/>\n\t<meta property=\"og:image:height\" content=\"418\" \/>\n\t<meta property=\"og:image:type\" content=\"image\/jpeg\" \/>\n<meta name=\"author\" content=\"ahorn_admin\" \/>\n<meta name=\"twitter:card\" content=\"summary_large_image\" \/>\n<meta name=\"twitter:title\" content=\"Mit dem Wohnmobil bis zur kroatischen K\u00fcste\" \/>\n<meta name=\"twitter:description\" content=\"Wir hatten uns im Voraus eine ungef\u00e4hre Route \u00fcberlegt. 3500 km Freiheit: Mit dem ACT 690 von Ahorn Camp fuhren wir bis zur kroatischen K\u00fcste.\" \/>\n<meta name=\"twitter:image\" content=\"https:\/\/ahorn-camp.de\/wp-content\/uploads\/2019\/05\/aktuelles_reisebericht-3500km-freiheit.jpg\" \/>\n<meta name=\"twitter:label1\" content=\"\u00c9crit par\" \/>\n\t<meta name=\"twitter:data1\" content=\"ahorn_admin\" \/>\n\t<meta name=\"twitter:label2\" content=\"Dur\u00e9e de lecture estim\u00e9e\" \/>\n\t<meta name=\"twitter:data2\" content=\"5 minutes\" \/>\n<script type=\"application\/ld+json\" class=\"yoast-schema-graph\">{\"@context\":\"https:\\\/\\\/schema.org\",\"@graph\":[{\"@type\":\"Article\",\"@id\":\"https:\\\/\\\/ahorn-camp.de\\\/mit-dem-wohnmobil-bis-zur-kroatischen-kueste\\\/#article\",\"isPartOf\":{\"@id\":\"https:\\\/\\\/ahorn-camp.de\\\/mit-dem-wohnmobil-bis-zur-kroatischen-kueste\\\/\"},\"author\":{\"name\":\"ahorn_admin\",\"@id\":\"https:\\\/\\\/ahorn-camp.de\\\/#\\\/schema\\\/person\\\/9b60761ba82d5cb8e6db215a88925044\"},\"headline\":\"Mit dem Wohnmobil bis zur kroatischen K\u00fcste\",\"datePublished\":\"2019-04-22T14:25:48+00:00\",\"dateModified\":\"2022-04-25T13:27:08+00:00\",\"mainEntityOfPage\":{\"@id\":\"https:\\\/\\\/ahorn-camp.de\\\/mit-dem-wohnmobil-bis-zur-kroatischen-kueste\\\/\"},\"wordCount\":892,\"publisher\":{\"@id\":\"https:\\\/\\\/ahorn-camp.de\\\/#organization\"},\"image\":{\"@id\":\"https:\\\/\\\/ahorn-camp.de\\\/mit-dem-wohnmobil-bis-zur-kroatischen-kueste\\\/#primaryimage\"},\"thumbnailUrl\":\"https:\\\/\\\/ahorn-camp.de\\\/wp-content\\\/uploads\\\/2019\\\/05\\\/aktuelles_reisebericht-3500km-freiheit.jpg\",\"articleSection\":[\"Blog\"],\"inLanguage\":\"fr-FR\"},{\"@type\":\"WebPage\",\"@id\":\"https:\\\/\\\/ahorn-camp.de\\\/mit-dem-wohnmobil-bis-zur-kroatischen-kueste\\\/\",\"url\":\"https:\\\/\\\/ahorn-camp.de\\\/mit-dem-wohnmobil-bis-zur-kroatischen-kueste\\\/\",\"name\":\"Mit dem Wohnmobil bis zur kroatischen K\u00fcste - Ahorn Camp - Blog\",\"isPartOf\":{\"@id\":\"https:\\\/\\\/ahorn-camp.de\\\/#website\"},\"primaryImageOfPage\":{\"@id\":\"https:\\\/\\\/ahorn-camp.de\\\/mit-dem-wohnmobil-bis-zur-kroatischen-kueste\\\/#primaryimage\"},\"image\":{\"@id\":\"https:\\\/\\\/ahorn-camp.de\\\/mit-dem-wohnmobil-bis-zur-kroatischen-kueste\\\/#primaryimage\"},\"thumbnailUrl\":\"https:\\\/\\\/ahorn-camp.de\\\/wp-content\\\/uploads\\\/2019\\\/05\\\/aktuelles_reisebericht-3500km-freiheit.jpg\",\"datePublished\":\"2019-04-22T14:25:48+00:00\",\"dateModified\":\"2022-04-25T13:27:08+00:00\",\"description\":\"Wir hatten uns im Voraus eine ungef\u00e4hre Route \u00fcberlegt. 3500 km Freiheit: Mit dem Wohnmobil bis zur kroatischen K\u00fcste. Ein Familienurlaub im ACT 690.\",\"breadcrumb\":{\"@id\":\"https:\\\/\\\/ahorn-camp.de\\\/mit-dem-wohnmobil-bis-zur-kroatischen-kueste\\\/#breadcrumb\"},\"inLanguage\":\"fr-FR\",\"potentialAction\":[{\"@type\":\"ReadAction\",\"target\":[\"https:\\\/\\\/ahorn-camp.de\\\/mit-dem-wohnmobil-bis-zur-kroatischen-kueste\\\/\"]}]},{\"@type\":\"ImageObject\",\"inLanguage\":\"fr-FR\",\"@id\":\"https:\\\/\\\/ahorn-camp.de\\\/mit-dem-wohnmobil-bis-zur-kroatischen-kueste\\\/#primaryimage\",\"url\":\"https:\\\/\\\/ahorn-camp.de\\\/wp-content\\\/uploads\\\/2019\\\/05\\\/aktuelles_reisebericht-3500km-freiheit.jpg\",\"contentUrl\":\"https:\\\/\\\/ahorn-camp.de\\\/wp-content\\\/uploads\\\/2019\\\/05\\\/aktuelles_reisebericht-3500km-freiheit.jpg\",\"width\":844,\"height\":418},{\"@type\":\"BreadcrumbList\",\"@id\":\"https:\\\/\\\/ahorn-camp.de\\\/mit-dem-wohnmobil-bis-zur-kroatischen-kueste\\\/#breadcrumb\",\"itemListElement\":[{\"@type\":\"ListItem\",\"position\":1,\"name\":\"Startseite\",\"item\":\"https:\\\/\\\/ahorn-camp.de\\\/\"},{\"@type\":\"ListItem\",\"position\":2,\"name\":\"Mit dem Wohnmobil bis zur kroatischen K\u00fcste\"}]},{\"@type\":\"WebSite\",\"@id\":\"https:\\\/\\\/ahorn-camp.de\\\/#website\",\"url\":\"https:\\\/\\\/ahorn-camp.de\\\/\",\"name\":\"Ahorn Camp | Reisemobile und Kastenwagen\",\"description\":\"Seit \u00fcber 30 Jahren vermarktet das Familienunternehmen, Ahorn Camp in Speyer, erfolgreich Wohnmobile und Kastenwagen zum besten Preis-Leistungsverh\u00e4ltnis.\",\"publisher\":{\"@id\":\"https:\\\/\\\/ahorn-camp.de\\\/#organization\"},\"potentialAction\":[{\"@type\":\"SearchAction\",\"target\":{\"@type\":\"EntryPoint\",\"urlTemplate\":\"https:\\\/\\\/ahorn-camp.de\\\/?s={search_term_string}\"},\"query-input\":{\"@type\":\"PropertyValueSpecification\",\"valueRequired\":true,\"valueName\":\"search_term_string\"}}],\"inLanguage\":\"fr-FR\"},{\"@type\":\"Organization\",\"@id\":\"https:\\\/\\\/ahorn-camp.de\\\/#organization\",\"name\":\"Ahorn Camp GmbH & Co. KG\",\"url\":\"https:\\\/\\\/ahorn-camp.de\\\/\",\"logo\":{\"@type\":\"ImageObject\",\"inLanguage\":\"fr-FR\",\"@id\":\"https:\\\/\\\/ahorn-camp.de\\\/#\\\/schema\\\/logo\\\/image\\\/\",\"url\":\"https:\\\/\\\/ahorn-camp.de\\\/wp-content\\\/uploads\\\/2018\\\/12\\\/Ahorn_Logo.jpg\",\"contentUrl\":\"https:\\\/\\\/ahorn-camp.de\\\/wp-content\\\/uploads\\\/2018\\\/12\\\/Ahorn_Logo.jpg\",\"width\":1437,\"height\":1000,\"caption\":\"Ahorn Camp GmbH & Co. KG\"},\"image\":{\"@id\":\"https:\\\/\\\/ahorn-camp.de\\\/#\\\/schema\\\/logo\\\/image\\\/\"},\"sameAs\":[\"https:\\\/\\\/www.facebook.com\\\/ahorn.wohnmobile\\\/\",\"https:\\\/\\\/www.instagram.com\\\/ahorn.camp\\\/\",\"https:\\\/\\\/www.youtube.com\\\/channel\\\/UCPFbPCts1JJ_A1k9vyH0yOQ\"]},{\"@type\":\"Person\",\"@id\":\"https:\\\/\\\/ahorn-camp.de\\\/#\\\/schema\\\/person\\\/9b60761ba82d5cb8e6db215a88925044\",\"name\":\"ahorn_admin\",\"image\":{\"@type\":\"ImageObject\",\"inLanguage\":\"fr-FR\",\"@id\":\"https:\\\/\\\/secure.gravatar.com\\\/avatar\\\/d96b9a078083b0c14cee48589feadd939c3cdd66547e2f3f1569470371daaaa5?s=96&d=mm&r=g\",\"url\":\"https:\\\/\\\/secure.gravatar.com\\\/avatar\\\/d96b9a078083b0c14cee48589feadd939c3cdd66547e2f3f1569470371daaaa5?s=96&d=mm&r=g\",\"contentUrl\":\"https:\\\/\\\/secure.gravatar.com\\\/avatar\\\/d96b9a078083b0c14cee48589feadd939c3cdd66547e2f3f1569470371daaaa5?s=96&d=mm&r=g\",\"caption\":\"ahorn_admin\"},\"sameAs\":[\"http:\\\/\\\/Ahorn%20Camp\"],\"url\":\"https:\\\/\\\/ahorn-camp.de\\\/fr\\\/author\\\/ahorn_admin\\\/\"}]}<\/script>\n<!-- \/ Yoast SEO plugin. -->","yoast_head_json":{"title":"Mit dem Wohnmobil bis zur kroatischen K\u00fcste - Ahorn Camp - Blog","description":"Wir hatten uns im Voraus eine ungef\u00e4hre Route \u00fcberlegt. 3500 km Freiheit: Mit dem Wohnmobil bis zur kroatischen K\u00fcste. Ein Familienurlaub im ACT 690.","robots":{"index":"index","follow":"follow","max-snippet":"max-snippet:-1","max-image-preview":"max-image-preview:large","max-video-preview":"max-video-preview:-1"},"canonical":"https:\/\/ahorn-camp.de\/fr\/mit-dem-wohnmobil-bis-zur-kroatischen-kueste\/","og_locale":"fr_FR","og_type":"article","og_title":"Mit dem Wohnmobil bis zur kroatischen K\u00fcste","og_description":"Wir hatten uns im Voraus eine ungef\u00e4hre Route \u00fcberlegt. 3500 km Freiheit: Mit dem ACT 690 von Ahorn Camp fuhren wir bis zur kroatischen K\u00fcste.","og_url":"https:\/\/ahorn-camp.de\/fr\/mit-dem-wohnmobil-bis-zur-kroatischen-kueste\/","og_site_name":"Ahorn Camp | Reisemobile und Kastenwagen","article_publisher":"https:\/\/www.facebook.com\/ahorn.wohnmobile\/","article_published_time":"2019-04-22T14:25:48+00:00","article_modified_time":"2022-04-25T13:27:08+00:00","og_image":[{"width":844,"height":418,"url":"https:\/\/ahorn-camp.de\/wp-content\/uploads\/2019\/05\/aktuelles_reisebericht-3500km-freiheit.jpg","type":"image\/jpeg"}],"author":"ahorn_admin","twitter_card":"summary_large_image","twitter_title":"Mit dem Wohnmobil bis zur kroatischen K\u00fcste","twitter_description":"Wir hatten uns im Voraus eine ungef\u00e4hre Route \u00fcberlegt. 3500 km Freiheit: Mit dem ACT 690 von Ahorn Camp fuhren wir bis zur kroatischen K\u00fcste.","twitter_image":"https:\/\/ahorn-camp.de\/wp-content\/uploads\/2019\/05\/aktuelles_reisebericht-3500km-freiheit.jpg","twitter_misc":{"\u00c9crit par":"ahorn_admin","Dur\u00e9e de lecture estim\u00e9e":"5 minutes"},"schema":{"@context":"https:\/\/schema.org","@graph":[{"@type":"Article","@id":"https:\/\/ahorn-camp.de\/mit-dem-wohnmobil-bis-zur-kroatischen-kueste\/#article","isPartOf":{"@id":"https:\/\/ahorn-camp.de\/mit-dem-wohnmobil-bis-zur-kroatischen-kueste\/"},"author":{"name":"ahorn_admin","@id":"https:\/\/ahorn-camp.de\/#\/schema\/person\/9b60761ba82d5cb8e6db215a88925044"},"headline":"Mit dem Wohnmobil bis zur kroatischen K\u00fcste","datePublished":"2019-04-22T14:25:48+00:00","dateModified":"2022-04-25T13:27:08+00:00","mainEntityOfPage":{"@id":"https:\/\/ahorn-camp.de\/mit-dem-wohnmobil-bis-zur-kroatischen-kueste\/"},"wordCount":892,"publisher":{"@id":"https:\/\/ahorn-camp.de\/#organization"},"image":{"@id":"https:\/\/ahorn-camp.de\/mit-dem-wohnmobil-bis-zur-kroatischen-kueste\/#primaryimage"},"thumbnailUrl":"https:\/\/ahorn-camp.de\/wp-content\/uploads\/2019\/05\/aktuelles_reisebericht-3500km-freiheit.jpg","articleSection":["Blog"],"inLanguage":"fr-FR"},{"@type":"WebPage","@id":"https:\/\/ahorn-camp.de\/mit-dem-wohnmobil-bis-zur-kroatischen-kueste\/","url":"https:\/\/ahorn-camp.de\/mit-dem-wohnmobil-bis-zur-kroatischen-kueste\/","name":"Mit dem Wohnmobil bis zur kroatischen K\u00fcste - Ahorn Camp - Blog","isPartOf":{"@id":"https:\/\/ahorn-camp.de\/#website"},"primaryImageOfPage":{"@id":"https:\/\/ahorn-camp.de\/mit-dem-wohnmobil-bis-zur-kroatischen-kueste\/#primaryimage"},"image":{"@id":"https:\/\/ahorn-camp.de\/mit-dem-wohnmobil-bis-zur-kroatischen-kueste\/#primaryimage"},"thumbnailUrl":"https:\/\/ahorn-camp.de\/wp-content\/uploads\/2019\/05\/aktuelles_reisebericht-3500km-freiheit.jpg","datePublished":"2019-04-22T14:25:48+00:00","dateModified":"2022-04-25T13:27:08+00:00","description":"Wir hatten uns im Voraus eine ungef\u00e4hre Route \u00fcberlegt. 3500 km Freiheit: Mit dem Wohnmobil bis zur kroatischen K\u00fcste. Ein Familienurlaub im ACT 690.","breadcrumb":{"@id":"https:\/\/ahorn-camp.de\/mit-dem-wohnmobil-bis-zur-kroatischen-kueste\/#breadcrumb"},"inLanguage":"fr-FR","potentialAction":[{"@type":"ReadAction","target":["https:\/\/ahorn-camp.de\/mit-dem-wohnmobil-bis-zur-kroatischen-kueste\/"]}]},{"@type":"ImageObject","inLanguage":"fr-FR","@id":"https:\/\/ahorn-camp.de\/mit-dem-wohnmobil-bis-zur-kroatischen-kueste\/#primaryimage","url":"https:\/\/ahorn-camp.de\/wp-content\/uploads\/2019\/05\/aktuelles_reisebericht-3500km-freiheit.jpg","contentUrl":"https:\/\/ahorn-camp.de\/wp-content\/uploads\/2019\/05\/aktuelles_reisebericht-3500km-freiheit.jpg","width":844,"height":418},{"@type":"BreadcrumbList","@id":"https:\/\/ahorn-camp.de\/mit-dem-wohnmobil-bis-zur-kroatischen-kueste\/#breadcrumb","itemListElement":[{"@type":"ListItem","position":1,"name":"Startseite","item":"https:\/\/ahorn-camp.de\/"},{"@type":"ListItem","position":2,"name":"Mit dem Wohnmobil bis zur kroatischen K\u00fcste"}]},{"@type":"WebSite","@id":"https:\/\/ahorn-camp.de\/#website","url":"https:\/\/ahorn-camp.de\/","name":"Ahorn Camp | Camping-cars et fourgons am\u00e9nag\u00e9s","description":"Depuis plus de 30 ans, l'entreprise familiale, Ahorn Camp \u00e0 Speyer, commercialise avec succ\u00e8s des camping-cars et des fourgons au meilleur rapport qualit\u00e9-prix.","publisher":{"@id":"https:\/\/ahorn-camp.de\/#organization"},"potentialAction":[{"@type":"SearchAction","target":{"@type":"EntryPoint","urlTemplate":"https:\/\/ahorn-camp.de\/?s={search_term_string}"},"query-input":{"@type":"PropertyValueSpecification","valueRequired":true,"valueName":"search_term_string"}}],"inLanguage":"fr-FR"},{"@type":"Organization","@id":"https:\/\/ahorn-camp.de\/#organization","name":"Ahorn Camp GmbH &amp; Co. KG","url":"https:\/\/ahorn-camp.de\/","logo":{"@type":"ImageObject","inLanguage":"fr-FR","@id":"https:\/\/ahorn-camp.de\/#\/schema\/logo\/image\/","url":"https:\/\/ahorn-camp.de\/wp-content\/uploads\/2018\/12\/Ahorn_Logo.jpg","contentUrl":"https:\/\/ahorn-camp.de\/wp-content\/uploads\/2018\/12\/Ahorn_Logo.jpg","width":1437,"height":1000,"caption":"Ahorn Camp GmbH & Co. KG"},"image":{"@id":"https:\/\/ahorn-camp.de\/#\/schema\/logo\/image\/"},"sameAs":["https:\/\/www.facebook.com\/ahorn.wohnmobile\/","https:\/\/www.instagram.com\/ahorn.camp\/","https:\/\/www.youtube.com\/channel\/UCPFbPCts1JJ_A1k9vyH0yOQ"]},{"@type":"Person","@id":"https:\/\/ahorn-camp.de\/#\/schema\/person\/9b60761ba82d5cb8e6db215a88925044","name":"ahorn_admin","image":{"@type":"ImageObject","inLanguage":"fr-FR","@id":"https:\/\/secure.gravatar.com\/avatar\/d96b9a078083b0c14cee48589feadd939c3cdd66547e2f3f1569470371daaaa5?s=96&d=mm&r=g","url":"https:\/\/secure.gravatar.com\/avatar\/d96b9a078083b0c14cee48589feadd939c3cdd66547e2f3f1569470371daaaa5?s=96&d=mm&r=g","contentUrl":"https:\/\/secure.gravatar.com\/avatar\/d96b9a078083b0c14cee48589feadd939c3cdd66547e2f3f1569470371daaaa5?s=96&d=mm&r=g","caption":"ahorn_admin"},"sameAs":["http:\/\/Ahorn%20Camp"],"url":"https:\/\/ahorn-camp.de\/fr\/author\/ahorn_admin\/"}]}},"_links":{"self":[{"href":"https:\/\/ahorn-camp.de\/fr\/wp-json\/wp\/v2\/posts\/983","targetHints":{"allow":["GET"]}}],"collection":[{"href":"https:\/\/ahorn-camp.de\/fr\/wp-json\/wp\/v2\/posts"}],"about":[{"href":"https:\/\/ahorn-camp.de\/fr\/wp-json\/wp\/v2\/types\/post"}],"author":[{"embeddable":true,"href":"https:\/\/ahorn-camp.de\/fr\/wp-json\/wp\/v2\/users\/2"}],"replies":[{"embeddable":true,"href":"https:\/\/ahorn-camp.de\/fr\/wp-json\/wp\/v2\/comments?post=983"}],"version-history":[{"count":0,"href":"https:\/\/ahorn-camp.de\/fr\/wp-json\/wp\/v2\/posts\/983\/revisions"}],"wp:featuredmedia":[{"embeddable":true,"href":"https:\/\/ahorn-camp.de\/fr\/wp-json\/wp\/v2\/media\/987"}],"wp:attachment":[{"href":"https:\/\/ahorn-camp.de\/fr\/wp-json\/wp\/v2\/media?parent=983"}],"wp:term":[{"taxonomy":"category","embeddable":true,"href":"https:\/\/ahorn-camp.de\/fr\/wp-json\/wp\/v2\/categories?post=983"},{"taxonomy":"post_tag","embeddable":true,"href":"https:\/\/ahorn-camp.de\/fr\/wp-json\/wp\/v2\/tags?post=983"}],"curies":[{"name":"wp","href":"https:\/\/api.w.org\/{rel}","templated":true}]}}