{"id":9531,"date":"2020-11-09T12:59:02","date_gmt":"2020-11-09T11:59:02","guid":{"rendered":"https:\/\/ahorn-camp.de\/?p=9531"},"modified":"2026-01-07T10:32:34","modified_gmt":"2026-01-07T09:32:34","slug":"camping-dhiver","status":"publish","type":"post","link":"https:\/\/ahorn-camp.de\/fr\/wintercamping\/","title":{"rendered":"Camping d'hiver \u2013 Voyager en saison hivernale"},"content":{"rendered":"<div class=\"wpb-content-wrapper\"><div class=\"vc_row wpb_row vc_row-fluid\"><div class=\"wpb_column vc_column_container vc_col-sm-12\"><div class=\"vc_column-inner\"><div class=\"wpb_wrapper\">\n\t<div  class=\"wpb_single_image wpb_content_element vc_align_left wpb_content_element\">\n\t\t\n\t\t<figure class=\"wpb_wrapper vc_figure\">\n\t\t\t<div class=\"vc_single_image-wrapper   vc_box_border_grey\"><img fetchpriority=\"high\" decoding=\"async\" width=\"1024\" height=\"682\" src=\"https:\/\/ahorn-camp.de\/wp-content\/uploads\/2020\/11\/AhornCamp_Van620-1-small-1024x682.jpg\" class=\"vc_single_image-img attachment-large\" alt=\"\u00c9rable Van dans la neige\" title=\"AhornCamp_Van620-1 petit\" srcset=\"https:\/\/ahorn-camp.de\/wp-content\/uploads\/2020\/11\/AhornCamp_Van620-1-small-1024x682.jpg 1024w, https:\/\/ahorn-camp.de\/wp-content\/uploads\/2020\/11\/AhornCamp_Van620-1-small-300x200.jpg 300w, https:\/\/ahorn-camp.de\/wp-content\/uploads\/2020\/11\/AhornCamp_Van620-1-small-768x511.jpg 768w, https:\/\/ahorn-camp.de\/wp-content\/uploads\/2020\/11\/AhornCamp_Van620-1-small-800x533.jpg 800w, https:\/\/ahorn-camp.de\/wp-content\/uploads\/2020\/11\/AhornCamp_Van620-1-small.jpg 1500w\" sizes=\"(max-width: 1024px) 100vw, 1024px\" \/><\/div>\n\t\t<\/figure>\n\t<\/div>\n\n\t<div class=\"wpb_text_column wpb_content_element\" >\n\t\t<div class=\"wpb_wrapper\">\n\t\t\t<p>L'hiver approche. Les journ\u00e9es deviennent plus froides et plus courtes. Ceci offre deux possibilit\u00e9s \u00e0 tous les amateurs de camping.<\/p>\n<ol>\n<li>La saison du camping est prolong\u00e9e avec de magnifiques paysages d'hiver et des sports d'hiver, des journ\u00e9es douillettes en mobil-home et des campings vides.<\/li>\n<li>Vous et votre camping-car partez pour un repos hivernal bien m\u00e9rit\u00e9. <a href=\"https:\/\/ahorn-camp.de\/fr\/camping-car-pret-pour-lhiver\/\">Vous pr\u00e9parez votre camping-car pour l'hiver.<\/a><\/li>\n<\/ol>\n<p>Dans cet article, nous vous expliquons tout sur le Point 1 !<\/p>\n\n\t\t<\/div>\n\t<\/div>\n<div class=\"vc_row wpb_row vc_inner vc_row-fluid\"><div class=\"wpb_column vc_column_container vc_col-sm-12\"><div class=\"vc_column-inner\"><div class=\"wpb_wrapper\">\n\t<div class=\"wpb_text_column wpb_content_element\" >\n\t\t<div class=\"wpb_wrapper\">\n\t\t\t<p>Pour que vous puissiez \u00e9galement partir en vacances au ski avec votre camping-car, vous devez tenir compte de quelques \u00e9l\u00e9ments. Dans cet article, nous vous donnons les conseils et astuces les plus importants. C'est ainsi que vous pr\u00e9parerez votre camping-car pour la saison \u00e0 venir. (Les mesures n\u00e9cessaires varient selon la s\u00e9rie Ahorn Camp).<\/p>\n<hr \/>\n\n\t\t<\/div>\n\t<\/div>\n<\/div><\/div><\/div><\/div><\/div><\/div><\/div><\/div><div class=\"vc_row wpb_row vc_row-fluid\"><div class=\"wpb_column vc_column_container vc_col-sm-6\"><div class=\"vc_column-inner\"><div class=\"wpb_wrapper\">\n\t<div  class=\"wpb_single_image wpb_content_element vc_align_left wpb_content_element\">\n\t\t\n\t\t<figure class=\"wpb_wrapper vc_figure\">\n\t\t\t<div class=\"vc_single_image-wrapper   vc_box_border_grey\"><img decoding=\"async\" width=\"1024\" height=\"819\" src=\"https:\/\/ahorn-camp.de\/wp-content\/uploads\/2020\/11\/AhornCamp_Van620-19-small-1024x819.jpg\" class=\"vc_single_image-img attachment-large\" alt=\"Van dans un paysage enneig\u00e9\" title=\"AhornCamp_Van620-19 petit\" srcset=\"https:\/\/ahorn-camp.de\/wp-content\/uploads\/2020\/11\/AhornCamp_Van620-19-small-1024x819.jpg 1024w, https:\/\/ahorn-camp.de\/wp-content\/uploads\/2020\/11\/AhornCamp_Van620-19-small-300x240.jpg 300w, https:\/\/ahorn-camp.de\/wp-content\/uploads\/2020\/11\/AhornCamp_Van620-19-small-768x614.jpg 768w, https:\/\/ahorn-camp.de\/wp-content\/uploads\/2020\/11\/AhornCamp_Van620-19-small-750x600.jpg 750w, https:\/\/ahorn-camp.de\/wp-content\/uploads\/2020\/11\/AhornCamp_Van620-19-small-800x640.jpg 800w, https:\/\/ahorn-camp.de\/wp-content\/uploads\/2020\/11\/AhornCamp_Van620-19-small.jpg 1500w\" sizes=\"(max-width: 1024px) 100vw, 1024px\" \/><\/div>\n\t\t<\/figure>\n\t<\/div>\n<\/div><\/div><\/div><div class=\"wpb_column vc_column_container vc_col-sm-6\"><div class=\"vc_column-inner\"><div class=\"wpb_wrapper\"><h3 style=\"color: #1e73be;text-align: left\" class=\"vc_custom_heading vc_do_custom_heading\" >Pneumatiques<\/h3>\n\t<div class=\"wpb_text_column wpb_content_element\" >\n\t\t<div class=\"wpb_wrapper\">\n\t\t\t<p>M\u00eame en camping d'hiver, il est bien s\u00fbr crucial de savoir sur quel sol vous voulez passer la nuit. Si vous voulez aller \u00e0 la montagne en hiver, vous devriez absolument faire attention \u00e0 <strong>pneus appropri\u00e9s<\/strong> faire attention. De plus, il n'est jamais une mauvaise chose, <strong>Cha\u00eenes \u00e0 neige<\/strong> avoir avec soi.<\/p>\n<p>Les pneus d'hiver sont la plupart du temps <strong>aucune d\u00e9cision discr\u00e9tionnaire volontaire<\/strong>, mais sont obligatoires dans de nombreuses r\u00e9gions. Ne sous-estimez jamais les changements rapides de temps en montagne. V\u00e9rifiez au pr\u00e9alable si vos pneus d'hiver ont encore suffisamment de sculpture et renseignez-vous sur la mani\u00e8re de monter les cha\u00eenes \u00e0 neige sur les pneus.<\/p>\n<p>Assurez-vous \u00e9galement de v\u00e9rifier la pression correcte des pneus lors du changement de pneus.<\/p>\n\n\t\t<\/div>\n\t<\/div>\n<\/div><\/div><\/div><\/div><div class=\"vc_row wpb_row vc_row-fluid\"><div class=\"wpb_column vc_column_container vc_col-sm-6\"><div class=\"vc_column-inner\"><div class=\"wpb_wrapper\"><h3 style=\"color: #1e73be;text-align: left\" class=\"vc_custom_heading vc_do_custom_heading\" >Chauffage<\/h3>\n\t<div class=\"wpb_text_column wpb_content_element\" >\n\t\t<div class=\"wpb_wrapper\">\n\t\t\t<p>Pour que vous n'ayez pas froid pendant vos vacances d'hiver, vous devriez vous assurer au pr\u00e9alable que votre syst\u00e8me de chauffage<strong> enti\u00e8rement fonctionnel<\/strong> En plus, vous devriez \u00e9galement jeter un coup d'\u0153il r\u00e9gulier aux ouvertures de ventilation. Celles-ci aussi peuvent \u00eatre obstru\u00e9es par la neige et la glace. Pour tous les mod\u00e8les de camping-cars Ahorn, des packs hiver sp\u00e9ciaux sont disponibles en option \u2013 pour le Camp et le Canada, il s'agit d'un chauffage au gaz Truma 6 avec chauffage de r\u00e9servoir d'eaux us\u00e9es, pour l'Alaska, c'est le puissant pack hiver Webasto au diesel.<\/p>\n<p>Malgr\u00e9 le froid, il ne faut pas oublier d'a\u00e9rer. Vous devriez le faire <strong>\u00e9viter, humidit\u00e9<\/strong> avoir dans un camping-car. Il est pr\u00e9f\u00e9rable de ventiler au moins deux fois par jour pendant quelques minutes. Des v\u00eatements humides peuvent \u00e9galement entra\u00eener rapidement de l'humidit\u00e9 dans le camping-car. Essayez de s\u00e9cher vos v\u00eatements mouill\u00e9s dans un <strong>Salle de s\u00e9chage<\/strong> \u00e0 s\u00e9cher dans un camping.<\/p>\n<p>Pour faire fonctionner en toute s\u00e9curit\u00e9 les appareils \u00e0 gaz pendant la conduite, un d\u00e9tecteur de collision est n\u00e9cessaire. Il est install\u00e9 de s\u00e9rie dans tous nos v\u00e9hicules. Ainsi, le chauffage, le chauffe-eau et le r\u00e9frig\u00e9rateur peuvent \u00eatre utilis\u00e9s sans probl\u00e8me pendant la conduite. En cas d'accident, le d\u00e9tecteur de collision se d\u00e9clenche imm\u00e9diatement et coupe l'alimentation en gaz. La seule exception concerne les mod\u00e8les de vans \u00e9quip\u00e9s d'un chauffage au gaz. Ceux-ci ne sont pas \u00e9quip\u00e9s de d\u00e9tecteur de collision en s\u00e9rie. Si vous avez un chauffage au diesel dans le v\u00e9hicule, il peut \u00eatre utilis\u00e9 pendant la conduite, quel que soit le mod\u00e8le.<\/p>\n<p>En r\u00e9sum\u00e9, tous les v\u00e9hicules peuvent \u00eatre chauff\u00e9s en roulant, \u00e0 l'exception des fourgonnettes \u00e9quip\u00e9es d'un chauffage au gaz, car celles-ci ne disposent pas de s\u00e9rie d'un capteur de collision. Il est \u00e9galement recommand\u00e9 de toujours chauffer le v\u00e9hicule \u00e0 au moins 8-10\u00b0C, m\u00eame si vous n'\u00eates pas dans le v\u00e9hicule pendant quelques heures, afin d'\u00e9viter les dommages dus au gel caus\u00e9s par l'eau pr\u00e9sente dans le v\u00e9hicule.<\/p>\n\n\t\t<\/div>\n\t<\/div>\n<\/div><\/div><\/div><div class=\"wpb_column vc_column_container vc_col-sm-6\"><div class=\"vc_column-inner\"><div class=\"wpb_wrapper\">\n\t<div  class=\"wpb_single_image wpb_content_element vc_align_left wpb_content_element\">\n\t\t\n\t\t<figure class=\"wpb_wrapper vc_figure\">\n\t\t\t<div class=\"vc_single_image-wrapper   vc_box_border_grey\"><img decoding=\"async\" width=\"1024\" height=\"683\" src=\"https:\/\/ahorn-camp.de\/wp-content\/uploads\/2020\/11\/AhornCamp_Van620-13-small-1024x683.jpg\" class=\"vc_single_image-img attachment-large\" alt=\"Van Wintercamping See\" title=\"AhornCamp_Van620-13 petit\" srcset=\"https:\/\/ahorn-camp.de\/wp-content\/uploads\/2020\/11\/AhornCamp_Van620-13-small-1024x683.jpg 1024w, https:\/\/ahorn-camp.de\/wp-content\/uploads\/2020\/11\/AhornCamp_Van620-13-small-300x200.jpg 300w, https:\/\/ahorn-camp.de\/wp-content\/uploads\/2020\/11\/AhornCamp_Van620-13-small-768x513.jpg 768w, https:\/\/ahorn-camp.de\/wp-content\/uploads\/2020\/11\/AhornCamp_Van620-13-small-800x534.jpg 800w, https:\/\/ahorn-camp.de\/wp-content\/uploads\/2020\/11\/AhornCamp_Van620-13-small.jpg 1500w\" sizes=\"(max-width: 1024px) 100vw, 1024px\" \/><\/div>\n\t\t<\/figure>\n\t<\/div>\n<\/div><\/div><\/div><\/div><div class=\"vc_row wpb_row vc_row-fluid\"><div class=\"wpb_column vc_column_container vc_col-sm-6\"><div class=\"vc_column-inner\"><div class=\"wpb_wrapper\">\n\t<div  class=\"wpb_single_image wpb_content_element vc_align_left wpb_content_element\">\n\t\t\n\t\t<figure class=\"wpb_wrapper vc_figure\">\n\t\t\t<div class=\"vc_single_image-wrapper   vc_box_border_grey\"><img loading=\"lazy\" decoding=\"async\" width=\"1024\" height=\"683\" src=\"https:\/\/ahorn-camp.de\/wp-content\/uploads\/2020\/11\/AhornCamp_Van620-161-small-1024x683.jpg\" class=\"vc_single_image-img attachment-large\" alt=\"Feu de camp\" title=\"AhornCamp_Van620-161 petit\" srcset=\"https:\/\/ahorn-camp.de\/wp-content\/uploads\/2020\/11\/AhornCamp_Van620-161-small-1024x683.jpg 1024w, https:\/\/ahorn-camp.de\/wp-content\/uploads\/2020\/11\/AhornCamp_Van620-161-small-300x200.jpg 300w, https:\/\/ahorn-camp.de\/wp-content\/uploads\/2020\/11\/AhornCamp_Van620-161-small-768x513.jpg 768w, https:\/\/ahorn-camp.de\/wp-content\/uploads\/2020\/11\/AhornCamp_Van620-161-small-800x534.jpg 800w, https:\/\/ahorn-camp.de\/wp-content\/uploads\/2020\/11\/AhornCamp_Van620-161-small.jpg 1500w\" sizes=\"(max-width: 1024px) 100vw, 1024px\" \/><\/div>\n\t\t<\/figure>\n\t<\/div>\n<\/div><\/div><\/div><div class=\"wpb_column vc_column_container vc_col-sm-6\"><div class=\"vc_column-inner\"><div class=\"wpb_wrapper\"><h3 style=\"color: #1e73be;text-align: left\" class=\"vc_custom_heading vc_do_custom_heading\" >Gaz<\/h3>\n\t<div class=\"wpb_text_column wpb_content_element\" >\n\t\t<div class=\"wpb_wrapper\">\n\t\t\t<p>Les chauffages de nos camping-cars sont principalement <strong>\u00e0 gaz. <\/strong>Seuls les mod\u00e8les Van et Alaska chauffent au diesel et utilisent le gaz uniquement pour la cuisine, ce qui est un avantage pour une utilisation hivernale. Sur les mod\u00e8les Alaska, un pack Webasto sp\u00e9cial hiver peut en outre \u00eatre install\u00e9. N'h\u00e9sitez pas \u00e0 nous demander conseil \u00e0 ce sujet !<\/p>\n<p>Pour tous les autres mod\u00e8les, vous devez veiller \u00e0 avoir suffisamment de gaz pour le chauffage.<\/p>\n<p>Une bouteille de gaz standard de 11 kg, \u00e0 consommation constante, dure environ<strong> trois \u00e0 quatre jours<\/strong>. Mais la plupart des camping-cars peuvent facilement accueillir deux bouteilles de gaz, ce qui fait que vous n'aurez \u00e0 les faire remplir qu'apr\u00e8s une semaine.<\/p>\n\n\t\t<\/div>\n\t<\/div>\n<\/div><\/div><\/div><\/div><div class=\"vc_row wpb_row vc_row-fluid\"><div class=\"wpb_column vc_column_container vc_col-sm-6\"><div class=\"vc_column-inner\"><div class=\"wpb_wrapper\"><h3 style=\"color: #1e73be;text-align: left\" class=\"vc_custom_heading vc_do_custom_heading\" >Liste de colisage<\/h3>\n\t<div class=\"wpb_text_column wpb_content_element\" >\n\t\t<div class=\"wpb_wrapper\">\n\t\t\t<ul>\n<li>Cha\u00eenes \u00e0 neige<\/li>\n<li>Vestes d'hiver<\/li>\n<li>vestes polaires<\/li>\n<li>Raquettes<\/li>\n<li>Couvertures chauffantes ou couvertures en g\u00e9n\u00e9ral<\/li>\n<li>Grattoir \u00e0 glace<\/li>\n<li>Pelle \u00e0 neige<\/li>\n<li>Thermos ou gobelets \u00e0 caf\u00e9 \u00e0 emporter<\/li>\n<\/ul>\n\n\t\t<\/div>\n\t<\/div>\n<\/div><\/div><\/div><div class=\"wpb_column vc_column_container vc_col-sm-6\"><div class=\"vc_column-inner\"><div class=\"wpb_wrapper\">\n\t<div  class=\"wpb_single_image wpb_content_element vc_align_left wpb_content_element\">\n\t\t\n\t\t<figure class=\"wpb_wrapper vc_figure\">\n\t\t\t<div class=\"vc_single_image-wrapper   vc_box_border_grey\"><img loading=\"lazy\" decoding=\"async\" width=\"1024\" height=\"683\" src=\"https:\/\/ahorn-camp.de\/wp-content\/uploads\/2020\/11\/AhornCamp_Van620-33-small-1024x683.jpg\" class=\"vc_single_image-img attachment-large\" alt=\"Vue d&#039;hiver\" title=\"AhornCamp_Van620-33 petit\" srcset=\"https:\/\/ahorn-camp.de\/wp-content\/uploads\/2020\/11\/AhornCamp_Van620-33-small-1024x683.jpg 1024w, https:\/\/ahorn-camp.de\/wp-content\/uploads\/2020\/11\/AhornCamp_Van620-33-small-300x200.jpg 300w, https:\/\/ahorn-camp.de\/wp-content\/uploads\/2020\/11\/AhornCamp_Van620-33-small-768x512.jpg 768w, https:\/\/ahorn-camp.de\/wp-content\/uploads\/2020\/11\/AhornCamp_Van620-33-small-800x533.jpg 800w, https:\/\/ahorn-camp.de\/wp-content\/uploads\/2020\/11\/AhornCamp_Van620-33-small.jpg 1500w\" sizes=\"(max-width: 1024px) 100vw, 1024px\" \/><\/div>\n\t\t<\/figure>\n\t<\/div>\n<\/div><\/div><\/div><\/div><div class=\"vc_row wpb_row vc_row-fluid\"><div class=\"wpb_column vc_column_container vc_col-sm-6\"><div class=\"vc_column-inner\"><div class=\"wpb_wrapper\">\n\t<div  class=\"wpb_single_image wpb_content_element vc_align_left wpb_content_element\">\n\t\t\n\t\t<figure class=\"wpb_wrapper vc_figure\">\n\t\t\t<div class=\"vc_single_image-wrapper   vc_box_border_grey\"><img loading=\"lazy\" decoding=\"async\" width=\"1024\" height=\"683\" src=\"https:\/\/ahorn-camp.de\/wp-content\/uploads\/2020\/11\/AhornCamp_Van620-15-small-1-1024x683.jpg\" class=\"vc_single_image-img attachment-large\" alt=\"Camp Ahorn au bord du lac\" title=\"AhornCamp_Van620-15 petit\" srcset=\"https:\/\/ahorn-camp.de\/wp-content\/uploads\/2020\/11\/AhornCamp_Van620-15-small-1-1024x683.jpg 1024w, https:\/\/ahorn-camp.de\/wp-content\/uploads\/2020\/11\/AhornCamp_Van620-15-small-1-300x200.jpg 300w, https:\/\/ahorn-camp.de\/wp-content\/uploads\/2020\/11\/AhornCamp_Van620-15-small-1-768x513.jpg 768w, https:\/\/ahorn-camp.de\/wp-content\/uploads\/2020\/11\/AhornCamp_Van620-15-small-1-800x534.jpg 800w, https:\/\/ahorn-camp.de\/wp-content\/uploads\/2020\/11\/AhornCamp_Van620-15-small-1.jpg 1500w\" sizes=\"(max-width: 1024px) 100vw, 1024px\" \/><\/div>\n\t\t<\/figure>\n\t<\/div>\n<\/div><\/div><\/div><div class=\"wpb_column vc_column_container vc_col-sm-6\"><div class=\"vc_column-inner\"><div class=\"wpb_wrapper\"><h3 style=\"color: #1e73be;text-align: left\" class=\"vc_custom_heading vc_do_custom_heading\" >Eau<\/h3>\n\t<div class=\"wpb_text_column wpb_content_element\" >\n\t\t<div class=\"wpb_wrapper\">\n\t\t\t<p>Pour votre r\u00e9servoir d'eau potable et d'eaux us\u00e9es, vous devriez faire attention \u00e0 ce qui suit : Si vous n'avez pas de chauffage en \u00e9quipement standard (s\u00e9rie Camp et Canada), faites-le installer chez nous au pr\u00e9alable ou achetez un antigel pour l'eau potable.<\/p>\n<p>Il existe des agents sp\u00e9cialement con\u00e7us pour cet usage qui sont sans danger pour la sant\u00e9. Attention : veuillez acheter le bon produit sp\u00e9cialement pour l'eau potable ! Cependant, le plus simple est de faire \u00e9quiper votre mod\u00e8le lors de l'achat, afin de pouvoir partir en vacances d'hiver en toute s\u00e9r\u00e9nit\u00e9 \u00e0 tout moment.<\/p>\n<p>Si vous avez install\u00e9 un r\u00e9chauffeur pour votre r\u00e9servoir d'eaux us\u00e9es, il est important non seulement de l'allumer, mais aussi de l'\u00e9teindre apr\u00e8s le voyage et de d\u00e9brancher la batterie afin d'\u00e9viter une d\u00e9charge profonde. Par temps froid, il est \u00e9galement conseill\u00e9 de vider l'eau du r\u00e9servoir d'eaux us\u00e9es le plus rapidement possible aux endroits appropri\u00e9s.<\/p>\n\n\t\t<\/div>\n\t<\/div>\n<\/div><\/div><\/div><\/div><div class=\"vc_row wpb_row vc_row-fluid\"><div class=\"wpb_column vc_column_container vc_col-sm-6\"><div class=\"vc_column-inner\"><div class=\"wpb_wrapper\"><h3 style=\"color: #1e73be;text-align: left\" class=\"vc_custom_heading vc_do_custom_heading\" >Emplacement<\/h3>\n\t<div class=\"wpb_text_column wpb_content_element\" >\n\t\t<div class=\"wpb_wrapper\">\n\t\t\t<p>Faites attention lors de la s\u00e9lection de <strong>emplacements de camping <\/strong>sur le support. Celui-ci devrait largement <strong>d\u00e9gag\u00e9 de neige et de glace<\/strong> sein, afin que le camping-car ne bascule pas ou ne s'enfonce pas. Il est pr\u00e9f\u00e9rable de placer des cales sous les roues pour les sur\u00e9lever.<\/p>\n<p>Selon la situation m\u00e9t\u00e9orologique, il est bien s\u00fbr plus judicieux de passer la nuit dans un camping. L\u00e0, vous pourriez souvent aussi apr\u00e8s <strong>Planer\u00a0<\/strong>frapper au lieu des cales.<\/p>\n\n\t\t<\/div>\n\t<\/div>\n<\/div><\/div><\/div><div class=\"wpb_column vc_column_container vc_col-sm-6\"><div class=\"vc_column-inner\"><div class=\"wpb_wrapper\">\n\t<div  class=\"wpb_single_image wpb_content_element vc_align_left wpb_content_element\">\n\t\t\n\t\t<figure class=\"wpb_wrapper vc_figure\">\n\t\t\t<div class=\"vc_single_image-wrapper   vc_box_border_grey\"><img loading=\"lazy\" decoding=\"async\" width=\"1024\" height=\"683\" src=\"https:\/\/ahorn-camp.de\/wp-content\/uploads\/2020\/11\/AhornCamp_Van620-21-small-1024x683.jpg\" class=\"vc_single_image-img attachment-large\" alt=\"Ahorn Camp Van en hiver\" title=\"Ahorn Camp Van en hiver\" srcset=\"https:\/\/ahorn-camp.de\/wp-content\/uploads\/2020\/11\/AhornCamp_Van620-21-small-1024x683.jpg 1024w, https:\/\/ahorn-camp.de\/wp-content\/uploads\/2020\/11\/AhornCamp_Van620-21-small-300x200.jpg 300w, https:\/\/ahorn-camp.de\/wp-content\/uploads\/2020\/11\/AhornCamp_Van620-21-small-768x513.jpg 768w, https:\/\/ahorn-camp.de\/wp-content\/uploads\/2020\/11\/AhornCamp_Van620-21-small-800x534.jpg 800w, https:\/\/ahorn-camp.de\/wp-content\/uploads\/2020\/11\/AhornCamp_Van620-21-small.jpg 1500w\" sizes=\"(max-width: 1024px) 100vw, 1024px\" \/><\/div>\n\t\t<\/figure>\n\t<\/div>\n<\/div><\/div><\/div><\/div><div class=\"vc_row wpb_row vc_row-fluid\"><div class=\"wpb_column vc_column_container vc_col-sm-6\"><div class=\"vc_column-inner\"><div class=\"wpb_wrapper\">\n\t<div  class=\"wpb_single_image wpb_content_element vc_align_left wpb_content_element\">\n\t\t\n\t\t<figure class=\"wpb_wrapper vc_figure\">\n\t\t\t<div class=\"vc_single_image-wrapper   vc_box_border_grey\"><img loading=\"lazy\" decoding=\"async\" width=\"1024\" height=\"819\" src=\"https:\/\/ahorn-camp.de\/wp-content\/uploads\/2020\/11\/AhornCamp_Switzerland20-small-1024x819.jpg\" class=\"vc_single_image-img attachment-large\" alt=\"Camping-car Suisse Hiver\" title=\"AhornCamp_Suisse20 petit\" srcset=\"https:\/\/ahorn-camp.de\/wp-content\/uploads\/2020\/11\/AhornCamp_Switzerland20-small-1024x819.jpg 1024w, https:\/\/ahorn-camp.de\/wp-content\/uploads\/2020\/11\/AhornCamp_Switzerland20-small-300x240.jpg 300w, https:\/\/ahorn-camp.de\/wp-content\/uploads\/2020\/11\/AhornCamp_Switzerland20-small-768x614.jpg 768w, https:\/\/ahorn-camp.de\/wp-content\/uploads\/2020\/11\/AhornCamp_Switzerland20-small-750x600.jpg 750w, https:\/\/ahorn-camp.de\/wp-content\/uploads\/2020\/11\/AhornCamp_Switzerland20-small-800x640.jpg 800w, https:\/\/ahorn-camp.de\/wp-content\/uploads\/2020\/11\/AhornCamp_Switzerland20-small.jpg 1500w\" sizes=\"(max-width: 1024px) 100vw, 1024px\" \/><\/div>\n\t\t<\/figure>\n\t<\/div>\n<\/div><\/div><\/div><div class=\"wpb_column vc_column_container vc_col-sm-6\"><div class=\"vc_column-inner\"><div class=\"wpb_wrapper\"><h3 style=\"color: #1e73be;text-align: left\" class=\"vc_custom_heading vc_do_custom_heading\" >Applications<\/h3>\n\t<div class=\"wpb_text_column wpb_content_element\" >\n\t\t<div class=\"wpb_wrapper\">\n\t\t\t<p>Nous pouvons \u00e9galement vous recommander quelques applications utiles pour ne pas \u00eatre surpris par la m\u00e9t\u00e9o :<\/p>\n<ul>\n<li>Windfinder<\/li>\n<li>Cartes m\u00e9t\u00e9o Ventusky<\/li>\n<\/ul>\n<p>De plus, il existe des applications utiles sur les domaines skiables les plus populaires, en particulier pour les amateurs de ski parmi vous :<\/p>\n<ul>\n<li>Bergfex Ski Lite<\/li>\n<li>Skiresort.de<\/li>\n<li>Informations sur le ski<\/li>\n<\/ul>\n\n\t\t<\/div>\n\t<\/div>\n<\/div><\/div><\/div><\/div><div class=\"vc_row wpb_row vc_row-fluid\"><div class=\"wpb_column vc_column_container vc_col-sm-12\"><div class=\"vc_column-inner\"><div class=\"wpb_wrapper\"><div class=\"vc_btn3-container vc_btn3-center vc_do_btn\" ><a class=\"vc_general vc_btn3 vc_btn3-size-md vc_btn3-shape-rounded vc_btn3-style-classic vc_btn3-color-blue\" href=\"https:\/\/ahorn-rent.de\/\" title=\"\">Vous souhaitez essayer le camping d'hiver ? D\u00e9couvrez nos v\u00e9hicules de location chez Ahorn Rent<\/a><\/div><\/div><\/div><\/div><\/div>\n<\/div>","protected":false},"excerpt":{"rendered":"<p>L'hiver approche \u00e0 grands pas. Les jours deviennent plus froids et plus courts. Nous vous donnons les meilleurs conseils et astuces pour un camping d'hiver serein avec votre camping-car. <\/p>","protected":false},"author":2,"featured_media":9543,"comment_status":"closed","ping_status":"open","sticky":false,"template":"","format":"standard","meta":{"content-type":"","footnotes":""},"categories":[208],"tags":[],"class_list":["post-9531","post","type-post","status-publish","format-standard","has-post-thumbnail","hentry","category-blog"],"yoast_head":"<!-- This site is optimized with the Yoast SEO plugin v27.4 - https:\/\/yoast.com\/product\/yoast-seo-wordpress\/ -->\n<title>Wintercamping - Reisen in der Wintersaison - Blog - Ahorn Camp<\/title>\n<meta name=\"description\" content=\"Der Winter steht vor der T\u00fcr. Wir verraten Tipps f\u00fcr das Wintercamping und die Vorbereitung Ihres Wohnmobils f\u00fcr das Reisen im Winter.\" \/>\n<meta name=\"robots\" content=\"index, follow, max-snippet:-1, max-image-preview:large, max-video-preview:-1\" \/>\n<link rel=\"canonical\" href=\"https:\/\/ahorn-camp.de\/fr\/camping-dhiver\/\" \/>\n<meta property=\"og:locale\" content=\"fr_FR\" \/>\n<meta property=\"og:type\" content=\"article\" \/>\n<meta property=\"og:title\" content=\"Wintercamping - Reisen in der Wintersaison - Blog - Ahorn Camp\" \/>\n<meta property=\"og:description\" content=\"Der Winter steht vor der T\u00fcr. Wir verraten Tipps f\u00fcr das Wintercamping und die Vorbereitung Ihres Wohnmobils f\u00fcr das Reisen im Winter.\" \/>\n<meta property=\"og:url\" content=\"https:\/\/ahorn-camp.de\/fr\/camping-dhiver\/\" \/>\n<meta property=\"og:site_name\" content=\"Ahorn Camp | Reisemobile und Kastenwagen\" \/>\n<meta property=\"article:publisher\" content=\"https:\/\/www.facebook.com\/ahorn.wohnmobile\/\" \/>\n<meta property=\"article:published_time\" content=\"2020-11-09T11:59:02+00:00\" \/>\n<meta property=\"article:modified_time\" content=\"2026-01-07T09:32:34+00:00\" \/>\n<meta property=\"og:image\" content=\"https:\/\/ahorn-camp.de\/wp-content\/uploads\/2020\/11\/AhornCamp_Van620-23-small.jpg\" \/>\n\t<meta property=\"og:image:width\" content=\"1500\" \/>\n\t<meta property=\"og:image:height\" content=\"1001\" \/>\n\t<meta property=\"og:image:type\" content=\"image\/jpeg\" \/>\n<meta name=\"author\" content=\"ahorn_admin\" \/>\n<meta name=\"twitter:card\" content=\"summary_large_image\" \/>\n<meta name=\"twitter:label1\" content=\"\u00c9crit par\" \/>\n\t<meta name=\"twitter:data1\" content=\"ahorn_admin\" \/>\n\t<meta name=\"twitter:label2\" content=\"Dur\u00e9e de lecture estim\u00e9e\" \/>\n\t<meta name=\"twitter:data2\" content=\"6 minutes\" \/>\n<script type=\"application\/ld+json\" class=\"yoast-schema-graph\">{\"@context\":\"https:\\\/\\\/schema.org\",\"@graph\":[{\"@type\":\"Article\",\"@id\":\"https:\\\/\\\/ahorn-camp.de\\\/wintercamping\\\/#article\",\"isPartOf\":{\"@id\":\"https:\\\/\\\/ahorn-camp.de\\\/wintercamping\\\/\"},\"author\":{\"name\":\"ahorn_admin\",\"@id\":\"https:\\\/\\\/ahorn-camp.de\\\/#\\\/schema\\\/person\\\/9b60761ba82d5cb8e6db215a88925044\"},\"headline\":\"Wintercamping &#8211; Reisen in der Wintersaison\",\"datePublished\":\"2020-11-09T11:59:02+00:00\",\"dateModified\":\"2026-01-07T09:32:34+00:00\",\"mainEntityOfPage\":{\"@id\":\"https:\\\/\\\/ahorn-camp.de\\\/wintercamping\\\/\"},\"wordCount\":1283,\"publisher\":{\"@id\":\"https:\\\/\\\/ahorn-camp.de\\\/#organization\"},\"image\":{\"@id\":\"https:\\\/\\\/ahorn-camp.de\\\/wintercamping\\\/#primaryimage\"},\"thumbnailUrl\":\"https:\\\/\\\/ahorn-camp.de\\\/wp-content\\\/uploads\\\/2020\\\/11\\\/AhornCamp_Van620-23-small.jpg\",\"articleSection\":[\"Blog\"],\"inLanguage\":\"fr-FR\"},{\"@type\":\"WebPage\",\"@id\":\"https:\\\/\\\/ahorn-camp.de\\\/wintercamping\\\/\",\"url\":\"https:\\\/\\\/ahorn-camp.de\\\/wintercamping\\\/\",\"name\":\"Wintercamping - Reisen in der Wintersaison - Blog - Ahorn Camp\",\"isPartOf\":{\"@id\":\"https:\\\/\\\/ahorn-camp.de\\\/#website\"},\"primaryImageOfPage\":{\"@id\":\"https:\\\/\\\/ahorn-camp.de\\\/wintercamping\\\/#primaryimage\"},\"image\":{\"@id\":\"https:\\\/\\\/ahorn-camp.de\\\/wintercamping\\\/#primaryimage\"},\"thumbnailUrl\":\"https:\\\/\\\/ahorn-camp.de\\\/wp-content\\\/uploads\\\/2020\\\/11\\\/AhornCamp_Van620-23-small.jpg\",\"datePublished\":\"2020-11-09T11:59:02+00:00\",\"dateModified\":\"2026-01-07T09:32:34+00:00\",\"description\":\"Der Winter steht vor der T\u00fcr. Wir verraten Tipps f\u00fcr das Wintercamping und die Vorbereitung Ihres Wohnmobils f\u00fcr das Reisen im Winter.\",\"breadcrumb\":{\"@id\":\"https:\\\/\\\/ahorn-camp.de\\\/wintercamping\\\/#breadcrumb\"},\"inLanguage\":\"fr-FR\",\"potentialAction\":[{\"@type\":\"ReadAction\",\"target\":[\"https:\\\/\\\/ahorn-camp.de\\\/wintercamping\\\/\"]}]},{\"@type\":\"ImageObject\",\"inLanguage\":\"fr-FR\",\"@id\":\"https:\\\/\\\/ahorn-camp.de\\\/wintercamping\\\/#primaryimage\",\"url\":\"https:\\\/\\\/ahorn-camp.de\\\/wp-content\\\/uploads\\\/2020\\\/11\\\/AhornCamp_Van620-23-small.jpg\",\"contentUrl\":\"https:\\\/\\\/ahorn-camp.de\\\/wp-content\\\/uploads\\\/2020\\\/11\\\/AhornCamp_Van620-23-small.jpg\",\"width\":1500,\"height\":1001,\"caption\":\"Wintercamping im Van\"},{\"@type\":\"BreadcrumbList\",\"@id\":\"https:\\\/\\\/ahorn-camp.de\\\/wintercamping\\\/#breadcrumb\",\"itemListElement\":[{\"@type\":\"ListItem\",\"position\":1,\"name\":\"Startseite\",\"item\":\"https:\\\/\\\/ahorn-camp.de\\\/\"},{\"@type\":\"ListItem\",\"position\":2,\"name\":\"Wintercamping &#8211; Reisen in der Wintersaison\"}]},{\"@type\":\"WebSite\",\"@id\":\"https:\\\/\\\/ahorn-camp.de\\\/#website\",\"url\":\"https:\\\/\\\/ahorn-camp.de\\\/\",\"name\":\"Ahorn Camp | Reisemobile und Kastenwagen\",\"description\":\"Seit \u00fcber 30 Jahren vermarktet das Familienunternehmen, Ahorn Camp in Speyer, erfolgreich Wohnmobile und Kastenwagen zum besten Preis-Leistungsverh\u00e4ltnis.\",\"publisher\":{\"@id\":\"https:\\\/\\\/ahorn-camp.de\\\/#organization\"},\"potentialAction\":[{\"@type\":\"SearchAction\",\"target\":{\"@type\":\"EntryPoint\",\"urlTemplate\":\"https:\\\/\\\/ahorn-camp.de\\\/?s={search_term_string}\"},\"query-input\":{\"@type\":\"PropertyValueSpecification\",\"valueRequired\":true,\"valueName\":\"search_term_string\"}}],\"inLanguage\":\"fr-FR\"},{\"@type\":\"Organization\",\"@id\":\"https:\\\/\\\/ahorn-camp.de\\\/#organization\",\"name\":\"Ahorn Camp GmbH & Co. KG\",\"url\":\"https:\\\/\\\/ahorn-camp.de\\\/\",\"logo\":{\"@type\":\"ImageObject\",\"inLanguage\":\"fr-FR\",\"@id\":\"https:\\\/\\\/ahorn-camp.de\\\/#\\\/schema\\\/logo\\\/image\\\/\",\"url\":\"https:\\\/\\\/ahorn-camp.de\\\/wp-content\\\/uploads\\\/2018\\\/12\\\/Ahorn_Logo.jpg\",\"contentUrl\":\"https:\\\/\\\/ahorn-camp.de\\\/wp-content\\\/uploads\\\/2018\\\/12\\\/Ahorn_Logo.jpg\",\"width\":1437,\"height\":1000,\"caption\":\"Ahorn Camp GmbH & Co. KG\"},\"image\":{\"@id\":\"https:\\\/\\\/ahorn-camp.de\\\/#\\\/schema\\\/logo\\\/image\\\/\"},\"sameAs\":[\"https:\\\/\\\/www.facebook.com\\\/ahorn.wohnmobile\\\/\",\"https:\\\/\\\/www.instagram.com\\\/ahorn.camp\\\/\",\"https:\\\/\\\/www.youtube.com\\\/channel\\\/UCPFbPCts1JJ_A1k9vyH0yOQ\"]},{\"@type\":\"Person\",\"@id\":\"https:\\\/\\\/ahorn-camp.de\\\/#\\\/schema\\\/person\\\/9b60761ba82d5cb8e6db215a88925044\",\"name\":\"ahorn_admin\",\"image\":{\"@type\":\"ImageObject\",\"inLanguage\":\"fr-FR\",\"@id\":\"https:\\\/\\\/secure.gravatar.com\\\/avatar\\\/d96b9a078083b0c14cee48589feadd939c3cdd66547e2f3f1569470371daaaa5?s=96&d=mm&r=g\",\"url\":\"https:\\\/\\\/secure.gravatar.com\\\/avatar\\\/d96b9a078083b0c14cee48589feadd939c3cdd66547e2f3f1569470371daaaa5?s=96&d=mm&r=g\",\"contentUrl\":\"https:\\\/\\\/secure.gravatar.com\\\/avatar\\\/d96b9a078083b0c14cee48589feadd939c3cdd66547e2f3f1569470371daaaa5?s=96&d=mm&r=g\",\"caption\":\"ahorn_admin\"},\"sameAs\":[\"http:\\\/\\\/Ahorn%20Camp\"],\"url\":\"https:\\\/\\\/ahorn-camp.de\\\/fr\\\/author\\\/ahorn_admin\\\/\"}]}<\/script>\n<!-- \/ Yoast SEO plugin. -->","yoast_head_json":{"title":"Camping d'hiver - Voyages en saison hivernale - Blog - Ahorn Camp","description":"L'hiver approche \u00e0 grands pas. Nous vous donnons des conseils pour le camping d'hiver et la pr\u00e9paration de votre camping-car pour les voyages en hiver.","robots":{"index":"index","follow":"follow","max-snippet":"max-snippet:-1","max-image-preview":"max-image-preview:large","max-video-preview":"max-video-preview:-1"},"canonical":"https:\/\/ahorn-camp.de\/fr\/camping-dhiver\/","og_locale":"fr_FR","og_type":"article","og_title":"Wintercamping - Reisen in der Wintersaison - Blog - Ahorn Camp","og_description":"Der Winter steht vor der T\u00fcr. Wir verraten Tipps f\u00fcr das Wintercamping und die Vorbereitung Ihres Wohnmobils f\u00fcr das Reisen im Winter.","og_url":"https:\/\/ahorn-camp.de\/fr\/camping-dhiver\/","og_site_name":"Ahorn Camp | Reisemobile und Kastenwagen","article_publisher":"https:\/\/www.facebook.com\/ahorn.wohnmobile\/","article_published_time":"2020-11-09T11:59:02+00:00","article_modified_time":"2026-01-07T09:32:34+00:00","og_image":[{"width":1500,"height":1001,"url":"https:\/\/ahorn-camp.de\/wp-content\/uploads\/2020\/11\/AhornCamp_Van620-23-small.jpg","type":"image\/jpeg"}],"author":"ahorn_admin","twitter_card":"summary_large_image","twitter_misc":{"\u00c9crit par":"ahorn_admin","Dur\u00e9e de lecture estim\u00e9e":"6 minutes"},"schema":{"@context":"https:\/\/schema.org","@graph":[{"@type":"Article","@id":"https:\/\/ahorn-camp.de\/wintercamping\/#article","isPartOf":{"@id":"https:\/\/ahorn-camp.de\/wintercamping\/"},"author":{"name":"ahorn_admin","@id":"https:\/\/ahorn-camp.de\/#\/schema\/person\/9b60761ba82d5cb8e6db215a88925044"},"headline":"Wintercamping &#8211; Reisen in der Wintersaison","datePublished":"2020-11-09T11:59:02+00:00","dateModified":"2026-01-07T09:32:34+00:00","mainEntityOfPage":{"@id":"https:\/\/ahorn-camp.de\/wintercamping\/"},"wordCount":1283,"publisher":{"@id":"https:\/\/ahorn-camp.de\/#organization"},"image":{"@id":"https:\/\/ahorn-camp.de\/wintercamping\/#primaryimage"},"thumbnailUrl":"https:\/\/ahorn-camp.de\/wp-content\/uploads\/2020\/11\/AhornCamp_Van620-23-small.jpg","articleSection":["Blog"],"inLanguage":"fr-FR"},{"@type":"WebPage","@id":"https:\/\/ahorn-camp.de\/wintercamping\/","url":"https:\/\/ahorn-camp.de\/wintercamping\/","name":"Camping d'hiver - Voyages en saison hivernale - Blog - Ahorn Camp","isPartOf":{"@id":"https:\/\/ahorn-camp.de\/#website"},"primaryImageOfPage":{"@id":"https:\/\/ahorn-camp.de\/wintercamping\/#primaryimage"},"image":{"@id":"https:\/\/ahorn-camp.de\/wintercamping\/#primaryimage"},"thumbnailUrl":"https:\/\/ahorn-camp.de\/wp-content\/uploads\/2020\/11\/AhornCamp_Van620-23-small.jpg","datePublished":"2020-11-09T11:59:02+00:00","dateModified":"2026-01-07T09:32:34+00:00","description":"L'hiver approche \u00e0 grands pas. Nous vous donnons des conseils pour le camping d'hiver et la pr\u00e9paration de votre camping-car pour les voyages en hiver.","breadcrumb":{"@id":"https:\/\/ahorn-camp.de\/wintercamping\/#breadcrumb"},"inLanguage":"fr-FR","potentialAction":[{"@type":"ReadAction","target":["https:\/\/ahorn-camp.de\/wintercamping\/"]}]},{"@type":"ImageObject","inLanguage":"fr-FR","@id":"https:\/\/ahorn-camp.de\/wintercamping\/#primaryimage","url":"https:\/\/ahorn-camp.de\/wp-content\/uploads\/2020\/11\/AhornCamp_Van620-23-small.jpg","contentUrl":"https:\/\/ahorn-camp.de\/wp-content\/uploads\/2020\/11\/AhornCamp_Van620-23-small.jpg","width":1500,"height":1001,"caption":"Wintercamping im Van"},{"@type":"BreadcrumbList","@id":"https:\/\/ahorn-camp.de\/wintercamping\/#breadcrumb","itemListElement":[{"@type":"ListItem","position":1,"name":"Startseite","item":"https:\/\/ahorn-camp.de\/"},{"@type":"ListItem","position":2,"name":"Wintercamping &#8211; Reisen in der Wintersaison"}]},{"@type":"WebSite","@id":"https:\/\/ahorn-camp.de\/#website","url":"https:\/\/ahorn-camp.de\/","name":"Ahorn Camp | Camping-cars et fourgons am\u00e9nag\u00e9s","description":"Depuis plus de 30 ans, l'entreprise familiale, Ahorn Camp \u00e0 Speyer, commercialise avec succ\u00e8s des camping-cars et des fourgons au meilleur rapport qualit\u00e9-prix.","publisher":{"@id":"https:\/\/ahorn-camp.de\/#organization"},"potentialAction":[{"@type":"SearchAction","target":{"@type":"EntryPoint","urlTemplate":"https:\/\/ahorn-camp.de\/?s={search_term_string}"},"query-input":{"@type":"PropertyValueSpecification","valueRequired":true,"valueName":"search_term_string"}}],"inLanguage":"fr-FR"},{"@type":"Organization","@id":"https:\/\/ahorn-camp.de\/#organization","name":"Ahorn Camp GmbH &amp; Co. KG","url":"https:\/\/ahorn-camp.de\/","logo":{"@type":"ImageObject","inLanguage":"fr-FR","@id":"https:\/\/ahorn-camp.de\/#\/schema\/logo\/image\/","url":"https:\/\/ahorn-camp.de\/wp-content\/uploads\/2018\/12\/Ahorn_Logo.jpg","contentUrl":"https:\/\/ahorn-camp.de\/wp-content\/uploads\/2018\/12\/Ahorn_Logo.jpg","width":1437,"height":1000,"caption":"Ahorn Camp GmbH & Co. KG"},"image":{"@id":"https:\/\/ahorn-camp.de\/#\/schema\/logo\/image\/"},"sameAs":["https:\/\/www.facebook.com\/ahorn.wohnmobile\/","https:\/\/www.instagram.com\/ahorn.camp\/","https:\/\/www.youtube.com\/channel\/UCPFbPCts1JJ_A1k9vyH0yOQ"]},{"@type":"Person","@id":"https:\/\/ahorn-camp.de\/#\/schema\/person\/9b60761ba82d5cb8e6db215a88925044","name":"ahorn_admin","image":{"@type":"ImageObject","inLanguage":"fr-FR","@id":"https:\/\/secure.gravatar.com\/avatar\/d96b9a078083b0c14cee48589feadd939c3cdd66547e2f3f1569470371daaaa5?s=96&d=mm&r=g","url":"https:\/\/secure.gravatar.com\/avatar\/d96b9a078083b0c14cee48589feadd939c3cdd66547e2f3f1569470371daaaa5?s=96&d=mm&r=g","contentUrl":"https:\/\/secure.gravatar.com\/avatar\/d96b9a078083b0c14cee48589feadd939c3cdd66547e2f3f1569470371daaaa5?s=96&d=mm&r=g","caption":"ahorn_admin"},"sameAs":["http:\/\/Ahorn%20Camp"],"url":"https:\/\/ahorn-camp.de\/fr\/author\/ahorn_admin\/"}]}},"_links":{"self":[{"href":"https:\/\/ahorn-camp.de\/fr\/wp-json\/wp\/v2\/posts\/9531","targetHints":{"allow":["GET"]}}],"collection":[{"href":"https:\/\/ahorn-camp.de\/fr\/wp-json\/wp\/v2\/posts"}],"about":[{"href":"https:\/\/ahorn-camp.de\/fr\/wp-json\/wp\/v2\/types\/post"}],"author":[{"embeddable":true,"href":"https:\/\/ahorn-camp.de\/fr\/wp-json\/wp\/v2\/users\/2"}],"replies":[{"embeddable":true,"href":"https:\/\/ahorn-camp.de\/fr\/wp-json\/wp\/v2\/comments?post=9531"}],"version-history":[{"count":2,"href":"https:\/\/ahorn-camp.de\/fr\/wp-json\/wp\/v2\/posts\/9531\/revisions"}],"predecessor-version":[{"id":37197,"href":"https:\/\/ahorn-camp.de\/fr\/wp-json\/wp\/v2\/posts\/9531\/revisions\/37197"}],"wp:featuredmedia":[{"embeddable":true,"href":"https:\/\/ahorn-camp.de\/fr\/wp-json\/wp\/v2\/media\/9543"}],"wp:attachment":[{"href":"https:\/\/ahorn-camp.de\/fr\/wp-json\/wp\/v2\/media?parent=9531"}],"wp:term":[{"taxonomy":"category","embeddable":true,"href":"https:\/\/ahorn-camp.de\/fr\/wp-json\/wp\/v2\/categories?post=9531"},{"taxonomy":"post_tag","embeddable":true,"href":"https:\/\/ahorn-camp.de\/fr\/wp-json\/wp\/v2\/tags?post=9531"}],"curies":[{"name":"wp","href":"https:\/\/api.w.org\/{rel}","templated":true}]}}