{"id":7844,"date":"2020-09-08T17:15:40","date_gmt":"2020-09-08T15:15:40","guid":{"rendered":"https:\/\/ahorn-camp.de\/?p=7844"},"modified":"2024-04-04T13:05:01","modified_gmt":"2024-04-04T11:05:01","slug":"camping-durable","status":"publish","type":"post","link":"https:\/\/ahorn-camp.de\/fr\/nachhaltiges-campen\/","title":{"rendered":"Camping durable"},"content":{"rendered":"<div class=\"wpb-content-wrapper\" id=\"wpb-content-root\"><div class=\"vc_row wpb_row vc_row-fluid\"><div class=\"wpb_column vc_column_container vc_col-sm-12\"><div class=\"vc_column-inner\"><div class=\"wpb_wrapper\">\n\t<div  class=\"wpb_single_image wpb_content_element vc_align_center wpb_content_element\">\n\t\t\n\t\t<figure class=\"wpb_wrapper vc_figure\">\n\t\t\t<div class=\"vc_single_image-wrapper\"><img fetchpriority=\"high\" decoding=\"async\" width=\"1024\" height=\"648\" src=\"https:\/\/ahorn-camp.de\/wp-content\/uploads\/2020\/03\/DSC_0351-scaled-e1585245553147-1024x648.jpg\" class=\"vc_single_image-img attachment-large\" alt=\"Vacances sous le signe de la protection du climat\" title=\"DSC_0351\" srcset=\"https:\/\/ahorn-camp.de\/wp-content\/uploads\/2020\/03\/DSC_0351-scaled-e1585245553147-1024x648.jpg 1024w, https:\/\/ahorn-camp.de\/wp-content\/uploads\/2020\/03\/DSC_0351-scaled-e1585245553147-300x190.jpg 300w, https:\/\/ahorn-camp.de\/wp-content\/uploads\/2020\/03\/DSC_0351-scaled-e1585245553147-768x486.jpg 768w, https:\/\/ahorn-camp.de\/wp-content\/uploads\/2020\/03\/DSC_0351-scaled-e1585245553147-1536x971.jpg 1536w, https:\/\/ahorn-camp.de\/wp-content\/uploads\/2020\/03\/DSC_0351-scaled-e1585245553147-2048x1295.jpg 2048w, https:\/\/ahorn-camp.de\/wp-content\/uploads\/2020\/03\/DSC_0351-scaled-e1585245553147-800x506.jpg 800w\" sizes=\"(max-width: 1024px) 100vw, 1024px\" \/><\/div>\n\t\t<\/figure>\n\t<\/div>\n\n\t<div class=\"wpb_text_column wpb_content_element\" >\n\t\t<div class=\"wpb_wrapper\">\n\t\t\t<p>Le monde devient de plus en plus connect\u00e9, num\u00e9rique et rapide. Cela pr\u00e9sente bien s\u00fbr certains avantages pour nous. Nous pouvons aller rapidement d'un point A \u00e0 un point B, le vol de Hambourg \u00e0 Berlin ne co\u00fbte que 30 euros et le paquebot de croisi\u00e8re m'emm\u00e8ne en une semaine \u00e0 toutes les villes c\u00f4ti\u00e8res de r\u00eave de la M\u00e9diterran\u00e9e. Mais quelles sont les cons\u00e9quences pour notre environnement, notre nature et pour nous, \u00eatres humains ? 76 des paquebots de croisi\u00e8re les plus populaires fonctionnent au fioul lourd, polluant pour l'environnement (NABU, 2018) et de nombreuses \u00e9tudes ont prouv\u00e9 que l'ozone produit par les avions reste dans l'atmosph\u00e8re pendant 100 ans. Nous devons changer notre fa\u00e7on de voyager, sinon il n'y aura plus de paysages de montagne verdoyants ou de lacs naturels glac\u00e9s \u00e0 long terme. La meilleure fa\u00e7on de voyager \u00e0 long terme n'est certainement pas l'avion ou le paquebot de croisi\u00e8re. La meilleure fa\u00e7on de voyager en Europe, la plus respectueuse de l'environnement et qui permet d'\u00eatre autonome, libre et flexible, c'est le camping. Vous d\u00e9couvrirez ci-dessous comment rendre vos vacances en camping encore plus durables \u00e0 l'avenir et ainsi contribuer davantage \u00e0 changer la fa\u00e7on de voyager et \u00e0 vivre en harmonie avec la nature.<\/p>\n\n\t\t<\/div>\n\t<\/div>\n<div class=\"vc_row wpb_row vc_inner vc_row-fluid\"><div class=\"wpb_column vc_column_container vc_col-sm-6\"><div class=\"vc_column-inner\"><div class=\"wpb_wrapper\">\n\t<div  class=\"wpb_single_image wpb_content_element vc_align_center wpb_content_element\">\n\t\t\n\t\t<figure class=\"wpb_wrapper vc_figure\">\n\t\t\t<div class=\"vc_single_image-wrapper\"><\/div>\n\t\t<\/figure>\n\t<\/div>\n<\/div><\/div><\/div><div class=\"wpb_column vc_column_container vc_col-sm-6\"><div class=\"vc_column-inner\"><div class=\"wpb_wrapper\">\n\t<div class=\"wpb_text_column wpb_content_element\" >\n\t\t<div class=\"wpb_wrapper\">\n\t\t\t<p><b>Covoitureur<\/b><\/p>\n<p>Nos camping-cars Ahorn offrent de la place pour toute la famille gr\u00e2ce \u00e0 l'agencement optimal des pi\u00e8ces et \u00e0 diverses astuces, comme le lit escamotable en option ou la d\u00eenette d\u00e9pliable. Dans de nombreux camping-cars, jusqu'\u00e0 cinq personnes peuvent voyager, et dans certains, m\u00eame sept personnes peuvent dormir. Profitez de cet espace et partez en vacances ensemble. Non seulement le bilan CO2 s'en trouve am\u00e9lior\u00e9, mais vous pouvez \u00e9galement vous partager les co\u00fbts de carburant et les frais d'emplacement de camping. De plus, voyager ensemble est toujours plus agr\u00e9able. Si aucun ami ou membre de la famille n'a le temps de partir en voyage avec vous, il est \u00e9galement possible de proposer les si\u00e8ges libres pendant le trajet sur une plateforme de covoiturage. Ainsi, vous rencontrez de nouvelles personnes, partagez les frais et vous pouvez peut-\u00eatre obtenir de nouvelles id\u00e9es de vacances.<\/p>\n\n\t\t<\/div>\n\t<\/div>\n<\/div><\/div><\/div><\/div><\/div><\/div><\/div><\/div><div class=\"vc_row wpb_row vc_row-fluid\"><div class=\"wpb_column vc_column_container vc_col-sm-6\"><div class=\"vc_column-inner\"><div class=\"wpb_wrapper\">\n\t<div  class=\"wpb_single_image wpb_content_element vc_align_center wpb_content_element\">\n\t\t\n\t\t<figure class=\"wpb_wrapper vc_figure\">\n\t\t\t<div class=\"vc_single_image-wrapper\"><img decoding=\"async\" width=\"1024\" height=\"947\" src=\"https:\/\/ahorn-camp.de\/wp-content\/uploads\/2020\/04\/Reisebericht_Wintercampen-Schweiz_2_Kochen-e1587976228926-1024x947.jpg\" class=\"vc_single_image-img attachment-large\" alt=\"Cuisiner dans un camping-car\" title=\"Rapport de voyage_Camping d&#039;hiver Suisse_2_Cuisine\" srcset=\"https:\/\/ahorn-camp.de\/wp-content\/uploads\/2020\/04\/Reisebericht_Wintercampen-Schweiz_2_Kochen-e1587976228926-1024x947.jpg 1024w, https:\/\/ahorn-camp.de\/wp-content\/uploads\/2020\/04\/Reisebericht_Wintercampen-Schweiz_2_Kochen-e1587976228926-300x277.jpg 300w, https:\/\/ahorn-camp.de\/wp-content\/uploads\/2020\/04\/Reisebericht_Wintercampen-Schweiz_2_Kochen-e1587976228926-768x710.jpg 768w, https:\/\/ahorn-camp.de\/wp-content\/uploads\/2020\/04\/Reisebericht_Wintercampen-Schweiz_2_Kochen-e1587976228926-649x600.jpg 649w, https:\/\/ahorn-camp.de\/wp-content\/uploads\/2020\/04\/Reisebericht_Wintercampen-Schweiz_2_Kochen-e1587976228926-800x740.jpg 800w, https:\/\/ahorn-camp.de\/wp-content\/uploads\/2020\/04\/Reisebericht_Wintercampen-Schweiz_2_Kochen-e1587976228926.jpg 1500w\" sizes=\"(max-width: 1024px) 100vw, 1024px\" \/><\/div>\n\t\t<\/figure>\n\t<\/div>\n<\/div><\/div><\/div><div class=\"wpb_column vc_column_container vc_col-sm-6\"><div class=\"vc_column-inner\"><div class=\"wpb_wrapper\"><div class=\"vc_row wpb_row vc_inner vc_row-fluid\"><div class=\"wpb_column vc_column_container vc_col-sm-12\"><div class=\"vc_column-inner\"><div class=\"wpb_wrapper\">\n\t<div class=\"wpb_text_column wpb_content_element\" >\n\t\t<div class=\"wpb_wrapper\">\n\t\t\t<p><strong>Eau et \u00e9lectricit\u00e9\u00a0<\/strong><\/p>\n<p>Les facteurs les plus dommageables pour l'environnement lors d'un s\u00e9jour \u00e0 l'h\u00f4tel sont la consommation d'eau et d'\u00e9lectricit\u00e9. Les r\u00e9ceptions ouvertes 24h\/24, les entr\u00e9es bien \u00e9clair\u00e9es et les climatiseurs fonctionnant toute la journ\u00e9e sollicitent fortement l'approvisionnement \u00e9nerg\u00e9tique de nombreux h\u00f4tels. Il n'y a pas de r\u00e9gulation en fonction de la consommation individuelle, mais on essaie de proposer au client de l'h\u00f4tel un forfait tout compris dans toutes les situations. \u00c0 cela s'ajoute le remplacement quotidien de centaines de serviettes et de draps, ainsi que le fonctionnement des spas, saunas ou espaces bien-\u00eatre dans de nombreux h\u00f4tels. Dans un camping-car, la situation est diff\u00e9rente. Ici, vous avez la possibilit\u00e9 de r\u00e9guler votre propre consommation et de l'adapter \u00e0 vos besoins. Vous ne consommez que ce qui est n\u00e9cessaire et le reste est stock\u00e9 dans le r\u00e9servoir. Vous pouvez ainsi veiller \u00e0 ne pas toujours \u00e9clairer tout l'int\u00e9rieur le soir, mais aussi allumer une petite lanterne pour vous asseoir confortablement ensemble. De plus, en coupant l'eau pendant que vous vous brossez les dents et en vous savonnant lors du lavage des mains, vous pouvez \u00e9conomiser jusqu'\u00e0 2 litres d'eau par jour. Pour \u00e9conomiser de l'eau lors de la cuisson, les fruits et l\u00e9gumes doivent \u00eatre lav\u00e9s dans un bol dans lequel l'eau peut \u00eatre r\u00e9utilis\u00e9e, plut\u00f4t que sous l'eau courante.<\/p>\n\n\t\t<\/div>\n\t<\/div>\n<\/div><\/div><\/div><\/div><\/div><\/div><\/div><\/div><div class=\"vc_row wpb_row vc_row-fluid\"><div class=\"wpb_column vc_column_container vc_col-sm-6\"><div class=\"vc_column-inner\"><div class=\"wpb_wrapper\">\n\t<div  class=\"wpb_single_image wpb_content_element vc_align_center wpb_content_element\">\n\t\t\n\t\t<figure class=\"wpb_wrapper vc_figure\">\n\t\t\t<div class=\"vc_single_image-wrapper\"><img decoding=\"async\" width=\"1024\" height=\"683\" src=\"https:\/\/ahorn-camp.de\/wp-content\/uploads\/2020\/08\/ahorn-camp-Events-Van-1024x683.jpg\" class=\"vc_single_image-img attachment-large\" alt=\"Ahorn Camp Van\" title=\"\u00c9v\u00e9nements Ahorn-Camp\" srcset=\"https:\/\/ahorn-camp.de\/wp-content\/uploads\/2020\/08\/ahorn-camp-Events-Van-1024x683.jpg 1024w, https:\/\/ahorn-camp.de\/wp-content\/uploads\/2020\/08\/ahorn-camp-Events-Van-300x200.jpg 300w, https:\/\/ahorn-camp.de\/wp-content\/uploads\/2020\/08\/ahorn-camp-Events-Van-768x512.jpg 768w, https:\/\/ahorn-camp.de\/wp-content\/uploads\/2020\/08\/ahorn-camp-Events-Van-800x533.jpg 800w, https:\/\/ahorn-camp.de\/wp-content\/uploads\/2020\/08\/ahorn-camp-Events-Van-1536x1024.jpg 1536w, https:\/\/ahorn-camp.de\/wp-content\/uploads\/2020\/08\/ahorn-camp-Events-Van-2048x1366.jpg 2048w\" sizes=\"(max-width: 1024px) 100vw, 1024px\" \/><\/div>\n\t\t<\/figure>\n\t<\/div>\n<\/div><\/div><\/div><div class=\"wpb_column vc_column_container vc_col-sm-6\"><div class=\"vc_column-inner\"><div class=\"wpb_wrapper\">\n\t<div class=\"wpb_text_column wpb_content_element\" >\n\t\t<div class=\"wpb_wrapper\">\n\t\t\t<p><strong>Consommation de carburant<\/strong><\/p>\n<p>La consommation de carburant est probablement l'un des facteurs environnementaux les plus influen\u00e7ables. Il y a quelques conseils simples \u00e0 garder \u00e0 l'esprit. Par exemple, faites toujours attention \u00e0 la pression de vos pneus. Pour nos mod\u00e8les Ahorn, elle doit toujours \u00eatre comprise entre 4,5 bars \u00e0 l'avant et 4,8 bars \u00e0 l'arri\u00e8re. Adaptez \u00e9galement votre vitesse. Apr\u00e8s tout, vous \u00eates en vacances et non en fuite. Une r\u00e8gle g\u00e9n\u00e9rale dit que la vitesse id\u00e9ale pour les longs trajets est d'environ 100 km\/h en moyenne, afin de maintenir la consommation de carburant aussi basse que possible. Un autre point qui est b\u00e9n\u00e9fique non seulement pour votre bilan environnemental, mais aussi pour votre niveau de stress : \u00e9vitez les embouteillages. Il est toujours pr\u00e9f\u00e9rable de partir en vacances t\u00f4t le matin ou tard le soir pour \u00e9viter le trafic des heures de pointe. Renseignez-vous \u00e9galement sur l'itin\u00e9raire \u00e0 l'avance afin de prendre en compte d'\u00e9ventuels d\u00e9tours. Une fois arriv\u00e9 \u00e0 destination, vous pouvez m\u00eame sortir votre v\u00e9lo du garage avec nos nouveaux mod\u00e8les Canada et faire de courtes distances \u00e0 v\u00e9lo ou \u00e0 pied. De nombreux campings sont situ\u00e9s \u00e0 quelques pas de beaux endroits ou de sites d'int\u00e9r\u00eat, de sorte qu'une promenade dans la nature vaut souvent la peine.<\/p>\n\n\t\t<\/div>\n\t<\/div>\n<\/div><\/div><\/div><\/div><div class=\"vc_row wpb_row vc_row-fluid\"><div class=\"wpb_column vc_column_container vc_col-sm-12\"><div class=\"vc_column-inner\"><div class=\"wpb_wrapper\"><div class=\"vc_row wpb_row vc_inner vc_row-fluid\"><div class=\"wpb_column vc_column_container vc_col-sm-6\"><div class=\"vc_column-inner\"><div class=\"wpb_wrapper\">\n\t<div  class=\"wpb_single_image wpb_content_element vc_align_center wpb_content_element\">\n\t\t\n\t\t<figure class=\"wpb_wrapper vc_figure\">\n\t\t\t<div class=\"vc_single_image-wrapper\"><img loading=\"lazy\" decoding=\"async\" width=\"1024\" height=\"768\" src=\"https:\/\/ahorn-camp.de\/wp-content\/uploads\/2020\/08\/IMG_20180919_175756-1024x768.jpg\" class=\"vc_single_image-img attachment-large\" alt=\"camping-car semi-int\u00e9gr\u00e9\" title=\"caf\u00e9\" srcset=\"https:\/\/ahorn-camp.de\/wp-content\/uploads\/2020\/08\/IMG_20180919_175756-1024x768.jpg 1024w, https:\/\/ahorn-camp.de\/wp-content\/uploads\/2020\/08\/IMG_20180919_175756-300x225.jpg 300w, https:\/\/ahorn-camp.de\/wp-content\/uploads\/2020\/08\/IMG_20180919_175756-768x576.jpg 768w, https:\/\/ahorn-camp.de\/wp-content\/uploads\/2020\/08\/IMG_20180919_175756-800x600.jpg 800w, https:\/\/ahorn-camp.de\/wp-content\/uploads\/2020\/08\/IMG_20180919_175756-1536x1152.jpg 1536w, https:\/\/ahorn-camp.de\/wp-content\/uploads\/2020\/08\/IMG_20180919_175756-2048x1536.jpg 2048w, https:\/\/ahorn-camp.de\/wp-content\/uploads\/2020\/08\/IMG_20180919_175756-200x150.jpg 200w\" sizes=\"(max-width: 1024px) 100vw, 1024px\" \/><\/div>\n\t\t<\/figure>\n\t<\/div>\n<\/div><\/div><\/div><div class=\"wpb_column vc_column_container vc_col-sm-6\"><div class=\"vc_column-inner\"><div class=\"wpb_wrapper\">\n\t<div class=\"wpb_text_column wpb_content_element\" >\n\t\t<div class=\"wpb_wrapper\">\n\t\t\t<p><b>Choix du terrain de camping\u00a0<\/b><\/p>\n<p>Bien s\u00fbr, les campings sont toujours plus durables que les h\u00f4tels \u00e9toil\u00e9s. Mais il y a aussi des diff\u00e9rences. Certains campings se sont d\u00e9sormais consacr\u00e9s au camping glamour et proposent, en plus des emplacements, des piscines, des bars et des installations sanitaires de haute qualit\u00e9. Lors du choix d'un camping, vous pouvez rechercher des labels sp\u00e9cifiques pour vous assurer \u00e0 l'avance que le camping est ax\u00e9 sur la protection de l'environnement. L\u201c\u201d\u00c9colabel europ\u00e9en\u201c, \u201dGreen Key\u201c et \u201dGreen Globe\" indiquent qu'un camping accorde officiellement de l'importance \u00e0 la durabilit\u00e9 et qu'il n'y a pas de consommation inutile d'\u00e9lectricit\u00e9 et d'eau. Donc, si vous ne voulez pas seulement faire attention \u00e0 votre consommation pendant le trajet, mais aussi minimiser votre empreinte \u00e9cologique une fois arriv\u00e9 \u00e0 destination, renseignez-vous \u00e0 l'avance si un camping a re\u00e7u l'un de ces labels.<\/p>\n\n\t\t<\/div>\n\t<\/div>\n<\/div><\/div><\/div><\/div><div class=\"vc_row wpb_row vc_inner vc_row-fluid\"><div class=\"wpb_column vc_column_container vc_col-sm-6\"><div class=\"vc_column-inner\"><div class=\"wpb_wrapper\">\n\t<div  class=\"wpb_single_image wpb_content_element vc_align_center wpb_content_element\">\n\t\t\n\t\t<figure class=\"wpb_wrapper vc_figure\">\n\t\t\t<div class=\"vc_single_image-wrapper\"><img loading=\"lazy\" decoding=\"async\" width=\"1024\" height=\"682\" src=\"https:\/\/ahorn-camp.de\/wp-content\/uploads\/2020\/03\/regional-einkaufen-1024x682.jpg\" class=\"vc_single_image-img attachment-large\" alt=\"\" title=\"acheter r\u00e9gional\" srcset=\"https:\/\/ahorn-camp.de\/wp-content\/uploads\/2020\/03\/regional-einkaufen-1024x682.jpg 1024w, https:\/\/ahorn-camp.de\/wp-content\/uploads\/2020\/03\/regional-einkaufen-300x200.jpg 300w, https:\/\/ahorn-camp.de\/wp-content\/uploads\/2020\/03\/regional-einkaufen-768x512.jpg 768w, https:\/\/ahorn-camp.de\/wp-content\/uploads\/2020\/03\/regional-einkaufen-1536x1024.jpg 1536w, https:\/\/ahorn-camp.de\/wp-content\/uploads\/2020\/03\/regional-einkaufen-800x533.jpg 800w, https:\/\/ahorn-camp.de\/wp-content\/uploads\/2020\/03\/regional-einkaufen.jpg 2000w\" sizes=\"(max-width: 1024px) 100vw, 1024px\" \/><\/div>\n\t\t<\/figure>\n\t<\/div>\n<\/div><\/div><\/div><div class=\"wpb_column vc_column_container vc_col-sm-6\"><div class=\"vc_column-inner\"><div class=\"wpb_wrapper\">\n\t<div class=\"wpb_text_column wpb_content_element\" >\n\t\t<div class=\"wpb_wrapper\">\n\t\t\t<p><b>Aliments <\/b><\/p>\n<p>On part en vacances pour d\u00e9couvrir le pays et ses habitants. Qu'est-ce que cela implique ? Bien s\u00fbr, la cuisine r\u00e9gionale. Veillez \u00e0 ne pas emporter tous vos aliments de chez vous. Bien s\u00fbr, rien n'emp\u00eache de prendre son caf\u00e9 de chez soi ou son muesli pr\u00e9f\u00e9r\u00e9, mais veillez \u00e0 cuisiner des produits frais et locaux et \u00e0 vous rendre de temps en temps au march\u00e9 hebdomadaire local pour vous inspirer, soutenir les emplois locaux et go\u00fbter aux d\u00e9lices de la r\u00e9gion. En outre, veillez \u00e0 pr\u00e9f\u00e9rer prendre le v\u00e9lo plus souvent pour vous rendre au supermarch\u00e9 le plus proche plut\u00f4t que d'acheter trop de choses en une seule fois. Bien que le r\u00e9frig\u00e9rateur des nouveaux mod\u00e8les Ahorn soit vraiment tr\u00e8s spacieux avec 140 litres, on se trompe souvent en faisant ses courses et on doit ensuite jeter des aliments.<\/p>\n\n\t\t<\/div>\n\t<\/div>\n<\/div><\/div><\/div><\/div><div class=\"vc_row wpb_row vc_inner vc_row-fluid\"><div class=\"wpb_column vc_column_container vc_col-sm-6\"><div class=\"vc_column-inner\"><div class=\"wpb_wrapper\">\n\t<div  class=\"wpb_single_image wpb_content_element vc_align_center wpb_content_element\">\n\t\t\n\t\t<figure class=\"wpb_wrapper vc_figure\">\n\t\t\t<div class=\"vc_single_image-wrapper\"><img loading=\"lazy\" decoding=\"async\" width=\"1024\" height=\"819\" src=\"https:\/\/ahorn-camp.de\/wp-content\/uploads\/2020\/04\/Reisebericht_Wintercampen-Schweiz_3-1024x819.jpg\" class=\"vc_single_image-img attachment-large\" alt=\"\" title=\"Rapport de voyage_Camping d&#039;hiver Suisse_3\" srcset=\"https:\/\/ahorn-camp.de\/wp-content\/uploads\/2020\/04\/Reisebericht_Wintercampen-Schweiz_3-1024x819.jpg 1024w, https:\/\/ahorn-camp.de\/wp-content\/uploads\/2020\/04\/Reisebericht_Wintercampen-Schweiz_3-300x240.jpg 300w, https:\/\/ahorn-camp.de\/wp-content\/uploads\/2020\/04\/Reisebericht_Wintercampen-Schweiz_3-768x614.jpg 768w, https:\/\/ahorn-camp.de\/wp-content\/uploads\/2020\/04\/Reisebericht_Wintercampen-Schweiz_3-750x600.jpg 750w, https:\/\/ahorn-camp.de\/wp-content\/uploads\/2020\/04\/Reisebericht_Wintercampen-Schweiz_3-800x640.jpg 800w, https:\/\/ahorn-camp.de\/wp-content\/uploads\/2020\/04\/Reisebericht_Wintercampen-Schweiz_3.jpg 1500w\" sizes=\"(max-width: 1024px) 100vw, 1024px\" \/><\/div>\n\t\t<\/figure>\n\t<\/div>\n<\/div><\/div><\/div><div class=\"wpb_column vc_column_container vc_col-sm-6\"><div class=\"vc_column-inner\"><div class=\"wpb_wrapper\">\n\t<div class=\"wpb_text_column wpb_content_element\" >\n\t\t<div class=\"wpb_wrapper\">\n\t\t\t<p><b>\u00c9quipement\u00a0<\/b><\/p>\n<p>L'\u00e9quipement de votre camping-car personnel est important. Vous devez vous sentir \u00e0 l'aise dans votre camping-car et avoir toujours les ustensiles n\u00e9cessaires \u00e0 port\u00e9e de main. Une table de camping, des chaises et de la vaisselle sont essentiels. Mais la communaut\u00e9 des campeurs est grande et l'on peut souvent profiter les uns des autres. L'un ach\u00e8te de nouvelles chaises, l'autre doit agrandir son service de vaisselle et le troisi\u00e8me n'aime plus ses bols \u00e0 c\u00e9r\u00e9ales. Cela permet un \u00e9change actif d'achats et de ventes entre les voyageurs. Il ne faut pas toujours acheter quelque chose de neuf. De nombreux articles d'occasion sont encore en tr\u00e8s bon \u00e9tat et peuvent suffire pour le d\u00e9but. Les groupes Facebook pertinents offrent la possibilit\u00e9 d'acqu\u00e9rir des articles d'occasion en bon \u00e9tat pour peu d'argent et ainsi de limiter votre propre consommation. Chaque produit qui peut \u00eatre recycl\u00e9 et ne finit pas \u00e0 la poubelle est bon pour notre environnement et vous avez \u00e9conomis\u00e9 de l'argent. Une autre possibilit\u00e9 de r\u00e9utilisation est \u00e9galement la bonne vieille r\u00e9paration. Tout ce qui est endommag\u00e9 ne doit pas n\u00e9cessairement aller directement \u00e0 la poubelle. Beaucoup de choses peuvent \u00eatre r\u00e9par\u00e9es et \u00eatre cr\u00e9atif, pour ensuite peut-\u00eatre m\u00eame d\u00e9corer le coussin d\u00e9chir\u00e9 de la chaise de camping avec un motif ou un autre.<\/p>\n\n\t\t<\/div>\n\t<\/div>\n<\/div><\/div><\/div><\/div><\/div><\/div><\/div><\/div><div class=\"vc_row wpb_row vc_row-fluid\"><div class=\"wpb_column vc_column_container vc_col-sm-12\"><div class=\"vc_column-inner\"><div class=\"wpb_wrapper\"><div class=\"vc_separator wpb_content_element vc_separator_align_center vc_sep_border_width_1 vc_sep_pos_align_center vc_separator_no_text wpb_content_element  wpb_content_element\"   style=\"width: 100%;\"><span class=\"vc_sep_holder vc_sep_holder_l\"><span class=\"vc_sep_line\"><\/span><\/span><span class=\"vc_sep_holder vc_sep_holder_r\"><span class=\"vc_sep_line\"><\/span><\/span>\n<\/div><div class=\"vc_row wpb_row vc_inner vc_row-fluid\"><div class=\"wpb_column vc_column_container vc_col-sm-6\"><div class=\"vc_column-inner\"><div class=\"wpb_wrapper\">\n\t<div  class=\"wpb_single_image wpb_content_element vc_align_left wpb_content_element\">\n\t\t\n\t\t<figure class=\"wpb_wrapper vc_figure\">\n\t\t\t<div class=\"vc_single_image-wrapper\"><img loading=\"lazy\" decoding=\"async\" width=\"1024\" height=\"575\" src=\"https:\/\/ahorn-camp.de\/wp-content\/uploads\/2020\/05\/ahorn-Van550-See-Abend\u00e4mmerung-1024x575.jpg\" class=\"vc_single_image-img attachment-large\" alt=\"\" title=\"ahorn-Van550-Voir-Cr\u00e9puscule\" srcset=\"https:\/\/ahorn-camp.de\/wp-content\/uploads\/2020\/05\/ahorn-Van550-See-Abend\u00e4mmerung-1024x575.jpg 1024w, https:\/\/ahorn-camp.de\/wp-content\/uploads\/2020\/05\/ahorn-Van550-See-Abend\u00e4mmerung-300x169.jpg 300w, https:\/\/ahorn-camp.de\/wp-content\/uploads\/2020\/05\/ahorn-Van550-See-Abend\u00e4mmerung-768x432.jpg 768w, https:\/\/ahorn-camp.de\/wp-content\/uploads\/2020\/05\/ahorn-Van550-See-Abend\u00e4mmerung-800x450.jpg 800w, https:\/\/ahorn-camp.de\/wp-content\/uploads\/2020\/05\/ahorn-Van550-See-Abend\u00e4mmerung.jpg 1500w\" sizes=\"(max-width: 1024px) 100vw, 1024px\" \/><\/div>\n\t\t<\/figure>\n\t<\/div>\n<\/div><\/div><\/div><div class=\"wpb_column vc_column_container vc_col-sm-6\"><div class=\"vc_column-inner\"><div class=\"wpb_wrapper\">\n\t<div class=\"wpb_text_column wpb_content_element\" >\n\t\t<div class=\"wpb_wrapper\">\n\t\t\t<p><strong>Conclusion<\/strong><\/p>\n<p>Vous voyez, il n'est pas si difficile de rendre votre voyage en camping-car un peu plus durable. L'environnement vous remerciera et la plupart du temps, c'est vraiment amusant de s'inspirer de la cuisine r\u00e9gionale, de consommer moins de carburant ou encore de transformer le vieux en neuf. Nous savons bien s\u00fbr que l'on ne peut pas toujours tout surveiller et qu'il est parfois vraiment difficile de se comporter de mani\u00e8re \u00e9cologique. Mais si chacun fait un petit pas dans la bonne direction, beaucoup est d\u00e9j\u00e0 accompli.<\/p>\n\n\t\t<\/div>\n\t<\/div>\n<\/div><\/div><\/div><\/div><div class=\"vc_separator wpb_content_element vc_separator_align_center vc_sep_border_width_1 vc_sep_pos_align_center vc_separator_no_text wpb_content_element  wpb_content_element\"   style=\"width: 100%;\"><span class=\"vc_sep_holder vc_sep_holder_l\"><span class=\"vc_sep_line\"><\/span><\/span><span class=\"vc_sep_holder vc_sep_holder_r\"><span class=\"vc_sep_line\"><\/span><\/span>\n<\/div><\/div><\/div><\/div><\/div>\n<\/div>","protected":false},"excerpt":{"rendered":"<p>Le camping est l'une des formes de voyage les plus durables. Voici quelques conseils et astuces pour votre prochain voyage de camping \u00e9cologique. <\/p>","protected":false},"author":2,"featured_media":7901,"comment_status":"closed","ping_status":"open","sticky":false,"template":"","format":"standard","meta":{"content-type":"","footnotes":""},"categories":[208],"tags":[77,275,274],"class_list":["post-7844","post","type-post","status-publish","format-standard","has-post-thumbnail","hentry","category-blog","tag-camping","tag-canada-ae","tag-solandpepper"],"yoast_head":"<!-- This site is optimized with the Yoast SEO plugin v28.4 - https:\/\/yoast.com\/product\/yoast-seo-wordpress\/ -->\n<title>Nachhaltiges Campen - Blog - Ahorn Camp GmbH &amp; Co. KG<\/title>\n<meta name=\"description\" content=\"Erfahren Sie in unserem Blogbeitrag \u00fcber nachhaltiges Reisen alles \u00fcber Tipps und Tricks wie das mit dem Camper m\u00f6glich ist!\" \/>\n<meta name=\"robots\" content=\"index, follow, max-snippet:-1, max-image-preview:large, max-video-preview:-1\" \/>\n<link rel=\"canonical\" href=\"https:\/\/ahorn-camp.de\/fr\/camping-durable\/\" \/>\n<meta property=\"og:locale\" content=\"fr_FR\" \/>\n<meta property=\"og:type\" content=\"article\" \/>\n<meta property=\"og:title\" content=\"Nachhaltiges Campen - Blog - Ahorn Camp GmbH &amp; Co. KG\" \/>\n<meta property=\"og:description\" content=\"Erfahren Sie in unserem Blogbeitrag \u00fcber nachhaltiges Reisen alles \u00fcber Tipps und Tricks wie das mit dem Camper m\u00f6glich ist!\" \/>\n<meta property=\"og:url\" content=\"https:\/\/ahorn-camp.de\/fr\/camping-durable\/\" \/>\n<meta property=\"og:site_name\" content=\"Ahorn Camp | Reisemobile und Kastenwagen\" \/>\n<meta property=\"article:publisher\" content=\"https:\/\/www.facebook.com\/ahorn.wohnmobile\/\" \/>\n<meta property=\"article:published_time\" content=\"2020-09-08T15:15:40+00:00\" \/>\n<meta property=\"article:modified_time\" content=\"2024-04-04T11:05:01+00:00\" \/>\n<meta property=\"og:image\" content=\"https:\/\/ahorn-camp.de\/wp-content\/uploads\/2020\/09\/ahorn-camp-Alaska-Bluemoonthecrew-Berg-klein.jpg\" \/>\n\t<meta property=\"og:image:width\" content=\"1500\" \/>\n\t<meta property=\"og:image:height\" content=\"1000\" \/>\n\t<meta property=\"og:image:type\" content=\"image\/jpeg\" \/>\n<meta name=\"author\" content=\"ahorn_admin\" \/>\n<meta name=\"twitter:card\" content=\"summary_large_image\" \/>\n<meta name=\"twitter:label1\" content=\"\u00c9crit par\" \/>\n\t<meta name=\"twitter:data1\" content=\"ahorn_admin\" \/>\n\t<meta name=\"twitter:label2\" content=\"Dur\u00e9e de lecture estim\u00e9e\" \/>\n\t<meta name=\"twitter:data2\" content=\"8 minutes\" \/>\n<script type=\"application\/ld+json\" class=\"yoast-schema-graph\">{\"@context\":\"https:\\\/\\\/schema.org\",\"@graph\":[{\"@type\":\"Article\",\"@id\":\"https:\\\/\\\/ahorn-camp.de\\\/nachhaltiges-campen\\\/#article\",\"isPartOf\":{\"@id\":\"https:\\\/\\\/ahorn-camp.de\\\/nachhaltiges-campen\\\/\"},\"author\":{\"name\":\"ahorn_admin\",\"@id\":\"https:\\\/\\\/ahorn-camp.de\\\/#\\\/schema\\\/person\\\/9b60761ba82d5cb8e6db215a88925044\"},\"headline\":\"Nachhaltiges Campen\",\"datePublished\":\"2020-09-08T15:15:40+00:00\",\"dateModified\":\"2024-04-04T11:05:01+00:00\",\"mainEntityOfPage\":{\"@id\":\"https:\\\/\\\/ahorn-camp.de\\\/nachhaltiges-campen\\\/\"},\"wordCount\":1614,\"publisher\":{\"@id\":\"https:\\\/\\\/ahorn-camp.de\\\/#organization\"},\"image\":{\"@id\":\"https:\\\/\\\/ahorn-camp.de\\\/nachhaltiges-campen\\\/#primaryimage\"},\"thumbnailUrl\":\"https:\\\/\\\/ahorn-camp.de\\\/wp-content\\\/uploads\\\/2020\\\/09\\\/ahorn-camp-Alaska-Bluemoonthecrew-Berg-klein.jpg\",\"keywords\":[\"Camping\",\"Canada AE\",\"solandpepper\"],\"articleSection\":[\"Blog\"],\"inLanguage\":\"fr-FR\"},{\"@type\":\"WebPage\",\"@id\":\"https:\\\/\\\/ahorn-camp.de\\\/nachhaltiges-campen\\\/\",\"url\":\"https:\\\/\\\/ahorn-camp.de\\\/nachhaltiges-campen\\\/\",\"name\":\"Nachhaltiges Campen - Blog - Ahorn Camp GmbH & Co. KG\",\"isPartOf\":{\"@id\":\"https:\\\/\\\/ahorn-camp.de\\\/#website\"},\"primaryImageOfPage\":{\"@id\":\"https:\\\/\\\/ahorn-camp.de\\\/nachhaltiges-campen\\\/#primaryimage\"},\"image\":{\"@id\":\"https:\\\/\\\/ahorn-camp.de\\\/nachhaltiges-campen\\\/#primaryimage\"},\"thumbnailUrl\":\"https:\\\/\\\/ahorn-camp.de\\\/wp-content\\\/uploads\\\/2020\\\/09\\\/ahorn-camp-Alaska-Bluemoonthecrew-Berg-klein.jpg\",\"datePublished\":\"2020-09-08T15:15:40+00:00\",\"dateModified\":\"2024-04-04T11:05:01+00:00\",\"description\":\"Erfahren Sie in unserem Blogbeitrag \u00fcber nachhaltiges Reisen alles \u00fcber Tipps und Tricks wie das mit dem Camper m\u00f6glich ist!\",\"breadcrumb\":{\"@id\":\"https:\\\/\\\/ahorn-camp.de\\\/nachhaltiges-campen\\\/#breadcrumb\"},\"inLanguage\":\"fr-FR\",\"potentialAction\":[{\"@type\":\"ReadAction\",\"target\":[\"https:\\\/\\\/ahorn-camp.de\\\/nachhaltiges-campen\\\/\"]}]},{\"@type\":\"ImageObject\",\"inLanguage\":\"fr-FR\",\"@id\":\"https:\\\/\\\/ahorn-camp.de\\\/nachhaltiges-campen\\\/#primaryimage\",\"url\":\"https:\\\/\\\/ahorn-camp.de\\\/wp-content\\\/uploads\\\/2020\\\/09\\\/ahorn-camp-Alaska-Bluemoonthecrew-Berg-klein.jpg\",\"contentUrl\":\"https:\\\/\\\/ahorn-camp.de\\\/wp-content\\\/uploads\\\/2020\\\/09\\\/ahorn-camp-Alaska-Bluemoonthecrew-Berg-klein.jpg\",\"width\":1500,\"height\":1000,\"caption\":\"Bild von Ahorn Alaska vor den Bergen\"},{\"@type\":\"BreadcrumbList\",\"@id\":\"https:\\\/\\\/ahorn-camp.de\\\/nachhaltiges-campen\\\/#breadcrumb\",\"itemListElement\":[{\"@type\":\"ListItem\",\"position\":1,\"name\":\"Startseite\",\"item\":\"https:\\\/\\\/ahorn-camp.de\\\/\"},{\"@type\":\"ListItem\",\"position\":2,\"name\":\"Nachhaltiges Campen\"}]},{\"@type\":\"WebSite\",\"@id\":\"https:\\\/\\\/ahorn-camp.de\\\/#website\",\"url\":\"https:\\\/\\\/ahorn-camp.de\\\/\",\"name\":\"Ahorn Camp | Reisemobile und Kastenwagen\",\"description\":\"Seit \u00fcber 30 Jahren vermarktet das Familienunternehmen, Ahorn Camp in Speyer, erfolgreich Wohnmobile und Kastenwagen zum besten Preis-Leistungsverh\u00e4ltnis.\",\"publisher\":{\"@id\":\"https:\\\/\\\/ahorn-camp.de\\\/#organization\"},\"potentialAction\":[{\"@type\":\"SearchAction\",\"target\":{\"@type\":\"EntryPoint\",\"urlTemplate\":\"https:\\\/\\\/ahorn-camp.de\\\/?s={search_term_string}\"},\"query-input\":{\"@type\":\"PropertyValueSpecification\",\"valueRequired\":true,\"valueName\":\"search_term_string\"}}],\"inLanguage\":\"fr-FR\"},{\"@type\":\"Organization\",\"@id\":\"https:\\\/\\\/ahorn-camp.de\\\/#organization\",\"name\":\"Ahorn Camp GmbH & Co. KG\",\"url\":\"https:\\\/\\\/ahorn-camp.de\\\/\",\"logo\":{\"@type\":\"ImageObject\",\"inLanguage\":\"fr-FR\",\"@id\":\"https:\\\/\\\/ahorn-camp.de\\\/#\\\/schema\\\/logo\\\/image\\\/\",\"url\":\"https:\\\/\\\/ahorn-camp.de\\\/wp-content\\\/uploads\\\/2018\\\/12\\\/Ahorn_Logo.jpg\",\"contentUrl\":\"https:\\\/\\\/ahorn-camp.de\\\/wp-content\\\/uploads\\\/2018\\\/12\\\/Ahorn_Logo.jpg\",\"width\":1437,\"height\":1000,\"caption\":\"Ahorn Camp GmbH & Co. KG\"},\"image\":{\"@id\":\"https:\\\/\\\/ahorn-camp.de\\\/#\\\/schema\\\/logo\\\/image\\\/\"},\"sameAs\":[\"https:\\\/\\\/www.facebook.com\\\/ahorn.wohnmobile\\\/\",\"https:\\\/\\\/www.instagram.com\\\/ahorn.camp\\\/\",\"https:\\\/\\\/www.youtube.com\\\/channel\\\/UCPFbPCts1JJ_A1k9vyH0yOQ\"]},{\"@type\":\"Person\",\"@id\":\"https:\\\/\\\/ahorn-camp.de\\\/#\\\/schema\\\/person\\\/9b60761ba82d5cb8e6db215a88925044\",\"name\":\"ahorn_admin\",\"image\":{\"@type\":\"ImageObject\",\"inLanguage\":\"fr-FR\",\"@id\":\"https:\\\/\\\/secure.gravatar.com\\\/avatar\\\/d96b9a078083b0c14cee48589feadd939c3cdd66547e2f3f1569470371daaaa5?s=96&d=mm&r=g\",\"url\":\"https:\\\/\\\/secure.gravatar.com\\\/avatar\\\/d96b9a078083b0c14cee48589feadd939c3cdd66547e2f3f1569470371daaaa5?s=96&d=mm&r=g\",\"contentUrl\":\"https:\\\/\\\/secure.gravatar.com\\\/avatar\\\/d96b9a078083b0c14cee48589feadd939c3cdd66547e2f3f1569470371daaaa5?s=96&d=mm&r=g\",\"caption\":\"ahorn_admin\"},\"sameAs\":[\"http:\\\/\\\/Ahorn%20Camp\"],\"url\":\"https:\\\/\\\/ahorn-camp.de\\\/fr\\\/author\\\/ahorn_admin\\\/\"}]}<\/script>\n<!-- \/ Yoast SEO plugin. -->","yoast_head_json":{"title":"Camping durable - Blog - Ahorn Camp GmbH &amp; Co. KG","description":"D\u00e9couvrez tous les conseils et astuces pour voyager durablement en camping-car dans notre article de blog !","robots":{"index":"index","follow":"follow","max-snippet":"max-snippet:-1","max-image-preview":"max-image-preview:large","max-video-preview":"max-video-preview:-1"},"canonical":"https:\/\/ahorn-camp.de\/fr\/camping-durable\/","og_locale":"fr_FR","og_type":"article","og_title":"Nachhaltiges Campen - Blog - Ahorn Camp GmbH & Co. KG","og_description":"Erfahren Sie in unserem Blogbeitrag \u00fcber nachhaltiges Reisen alles \u00fcber Tipps und Tricks wie das mit dem Camper m\u00f6glich ist!","og_url":"https:\/\/ahorn-camp.de\/fr\/camping-durable\/","og_site_name":"Ahorn Camp | Reisemobile und Kastenwagen","article_publisher":"https:\/\/www.facebook.com\/ahorn.wohnmobile\/","article_published_time":"2020-09-08T15:15:40+00:00","article_modified_time":"2024-04-04T11:05:01+00:00","og_image":[{"width":1500,"height":1000,"url":"https:\/\/ahorn-camp.de\/wp-content\/uploads\/2020\/09\/ahorn-camp-Alaska-Bluemoonthecrew-Berg-klein.jpg","type":"image\/jpeg"}],"author":"ahorn_admin","twitter_card":"summary_large_image","twitter_misc":{"\u00c9crit par":"ahorn_admin","Dur\u00e9e de lecture estim\u00e9e":"8 minutes"},"schema":{"@context":"https:\/\/schema.org","@graph":[{"@type":"Article","@id":"https:\/\/ahorn-camp.de\/nachhaltiges-campen\/#article","isPartOf":{"@id":"https:\/\/ahorn-camp.de\/nachhaltiges-campen\/"},"author":{"name":"ahorn_admin","@id":"https:\/\/ahorn-camp.de\/#\/schema\/person\/9b60761ba82d5cb8e6db215a88925044"},"headline":"Nachhaltiges Campen","datePublished":"2020-09-08T15:15:40+00:00","dateModified":"2024-04-04T11:05:01+00:00","mainEntityOfPage":{"@id":"https:\/\/ahorn-camp.de\/nachhaltiges-campen\/"},"wordCount":1614,"publisher":{"@id":"https:\/\/ahorn-camp.de\/#organization"},"image":{"@id":"https:\/\/ahorn-camp.de\/nachhaltiges-campen\/#primaryimage"},"thumbnailUrl":"https:\/\/ahorn-camp.de\/wp-content\/uploads\/2020\/09\/ahorn-camp-Alaska-Bluemoonthecrew-Berg-klein.jpg","keywords":["Camping","Canada AE","solandpepper"],"articleSection":["Blog"],"inLanguage":"fr-FR"},{"@type":"WebPage","@id":"https:\/\/ahorn-camp.de\/nachhaltiges-campen\/","url":"https:\/\/ahorn-camp.de\/nachhaltiges-campen\/","name":"Camping durable - Blog - Ahorn Camp GmbH &amp; Co. KG","isPartOf":{"@id":"https:\/\/ahorn-camp.de\/#website"},"primaryImageOfPage":{"@id":"https:\/\/ahorn-camp.de\/nachhaltiges-campen\/#primaryimage"},"image":{"@id":"https:\/\/ahorn-camp.de\/nachhaltiges-campen\/#primaryimage"},"thumbnailUrl":"https:\/\/ahorn-camp.de\/wp-content\/uploads\/2020\/09\/ahorn-camp-Alaska-Bluemoonthecrew-Berg-klein.jpg","datePublished":"2020-09-08T15:15:40+00:00","dateModified":"2024-04-04T11:05:01+00:00","description":"D\u00e9couvrez tous les conseils et astuces pour voyager durablement en camping-car dans notre article de blog !","breadcrumb":{"@id":"https:\/\/ahorn-camp.de\/nachhaltiges-campen\/#breadcrumb"},"inLanguage":"fr-FR","potentialAction":[{"@type":"ReadAction","target":["https:\/\/ahorn-camp.de\/nachhaltiges-campen\/"]}]},{"@type":"ImageObject","inLanguage":"fr-FR","@id":"https:\/\/ahorn-camp.de\/nachhaltiges-campen\/#primaryimage","url":"https:\/\/ahorn-camp.de\/wp-content\/uploads\/2020\/09\/ahorn-camp-Alaska-Bluemoonthecrew-Berg-klein.jpg","contentUrl":"https:\/\/ahorn-camp.de\/wp-content\/uploads\/2020\/09\/ahorn-camp-Alaska-Bluemoonthecrew-Berg-klein.jpg","width":1500,"height":1000,"caption":"Bild von Ahorn Alaska vor den Bergen"},{"@type":"BreadcrumbList","@id":"https:\/\/ahorn-camp.de\/nachhaltiges-campen\/#breadcrumb","itemListElement":[{"@type":"ListItem","position":1,"name":"Startseite","item":"https:\/\/ahorn-camp.de\/"},{"@type":"ListItem","position":2,"name":"Nachhaltiges Campen"}]},{"@type":"WebSite","@id":"https:\/\/ahorn-camp.de\/#website","url":"https:\/\/ahorn-camp.de\/","name":"Ahorn Camp | Camping-cars et fourgons am\u00e9nag\u00e9s","description":"Depuis plus de 30 ans, l'entreprise familiale, Ahorn Camp \u00e0 Speyer, commercialise avec succ\u00e8s des camping-cars et des fourgons au meilleur rapport qualit\u00e9-prix.","publisher":{"@id":"https:\/\/ahorn-camp.de\/#organization"},"potentialAction":[{"@type":"SearchAction","target":{"@type":"EntryPoint","urlTemplate":"https:\/\/ahorn-camp.de\/?s={search_term_string}"},"query-input":{"@type":"PropertyValueSpecification","valueRequired":true,"valueName":"search_term_string"}}],"inLanguage":"fr-FR"},{"@type":"Organization","@id":"https:\/\/ahorn-camp.de\/#organization","name":"Ahorn Camp GmbH &amp; Co. KG","url":"https:\/\/ahorn-camp.de\/","logo":{"@type":"ImageObject","inLanguage":"fr-FR","@id":"https:\/\/ahorn-camp.de\/#\/schema\/logo\/image\/","url":"https:\/\/ahorn-camp.de\/wp-content\/uploads\/2018\/12\/Ahorn_Logo.jpg","contentUrl":"https:\/\/ahorn-camp.de\/wp-content\/uploads\/2018\/12\/Ahorn_Logo.jpg","width":1437,"height":1000,"caption":"Ahorn Camp GmbH & Co. KG"},"image":{"@id":"https:\/\/ahorn-camp.de\/#\/schema\/logo\/image\/"},"sameAs":["https:\/\/www.facebook.com\/ahorn.wohnmobile\/","https:\/\/www.instagram.com\/ahorn.camp\/","https:\/\/www.youtube.com\/channel\/UCPFbPCts1JJ_A1k9vyH0yOQ"]},{"@type":"Person","@id":"https:\/\/ahorn-camp.de\/#\/schema\/person\/9b60761ba82d5cb8e6db215a88925044","name":"ahorn_admin","image":{"@type":"ImageObject","inLanguage":"fr-FR","@id":"https:\/\/secure.gravatar.com\/avatar\/d96b9a078083b0c14cee48589feadd939c3cdd66547e2f3f1569470371daaaa5?s=96&d=mm&r=g","url":"https:\/\/secure.gravatar.com\/avatar\/d96b9a078083b0c14cee48589feadd939c3cdd66547e2f3f1569470371daaaa5?s=96&d=mm&r=g","contentUrl":"https:\/\/secure.gravatar.com\/avatar\/d96b9a078083b0c14cee48589feadd939c3cdd66547e2f3f1569470371daaaa5?s=96&d=mm&r=g","caption":"ahorn_admin"},"sameAs":["http:\/\/Ahorn%20Camp"],"url":"https:\/\/ahorn-camp.de\/fr\/author\/ahorn_admin\/"}]}},"_links":{"self":[{"href":"https:\/\/ahorn-camp.de\/fr\/wp-json\/wp\/v2\/posts\/7844","targetHints":{"allow":["GET"]}}],"collection":[{"href":"https:\/\/ahorn-camp.de\/fr\/wp-json\/wp\/v2\/posts"}],"about":[{"href":"https:\/\/ahorn-camp.de\/fr\/wp-json\/wp\/v2\/types\/post"}],"author":[{"embeddable":true,"href":"https:\/\/ahorn-camp.de\/fr\/wp-json\/wp\/v2\/users\/2"}],"replies":[{"embeddable":true,"href":"https:\/\/ahorn-camp.de\/fr\/wp-json\/wp\/v2\/comments?post=7844"}],"version-history":[{"count":0,"href":"https:\/\/ahorn-camp.de\/fr\/wp-json\/wp\/v2\/posts\/7844\/revisions"}],"wp:featuredmedia":[{"embeddable":true,"href":"https:\/\/ahorn-camp.de\/fr\/wp-json\/wp\/v2\/media\/7901"}],"wp:attachment":[{"href":"https:\/\/ahorn-camp.de\/fr\/wp-json\/wp\/v2\/media?parent=7844"}],"wp:term":[{"taxonomy":"category","embeddable":true,"href":"https:\/\/ahorn-camp.de\/fr\/wp-json\/wp\/v2\/categories?post=7844"},{"taxonomy":"post_tag","embeddable":true,"href":"https:\/\/ahorn-camp.de\/fr\/wp-json\/wp\/v2\/tags?post=7844"}],"curies":[{"name":"wp","href":"https:\/\/api.w.org\/{rel}","templated":true}]}}