{"id":7094,"date":"2020-08-03T12:17:45","date_gmt":"2020-08-03T10:17:45","guid":{"rendered":"https:\/\/ahorn-camp.de\/?p=7094"},"modified":"2024-04-04T13:02:08","modified_gmt":"2024-04-04T11:02:08","slug":"solandpepper-notre-nouvelle-maison","status":"publish","type":"post","link":"https:\/\/ahorn-camp.de\/fr\/solandpepper-unser-neues-zu-hause\/","title":{"rendered":"Sel et poivre"},"content":{"rendered":"<div class=\"wpb-content-wrapper\"><div class=\"vc_row wpb_row vc_row-fluid\"><div class=\"wpb_column vc_column_container vc_col-sm-12\"><div class=\"vc_column-inner\"><div class=\"wpb_wrapper\">\n\t<div class=\"wpb_text_column wpb_content_element\" >\n\t\t<div class=\"wpb_wrapper\">\n\t\t\t<p>Apr\u00e8s plus de 12 mois de voyage dans le sud de l'Europe avec notre fid\u00e8le compagnon \u201eRolf\u201c, un Peugeot Boxer, il \u00e9tait clair que nous devions agrandir. Nous avions regard\u00e9 plusieurs camping-cars de diff\u00e9rents fabricants. Mais aucun des camping-cars ne correspondait \u00e0 nos attentes. Pour \u00eatre honn\u00eate, nous n'avions pas le cran, le temps et le savoir-faire n\u00e9cessaires pour am\u00e9nager un van nous-m\u00eames. M\u00eame si cela aurait \u00e9t\u00e9 une belle id\u00e9e, bien s\u00fbr. Peut-\u00eatre que cela arrivera un jour.<\/p>\n<p>Pour l'instant, nous avions une situation de sommeil confortable, c'est-\u00e0-dire<strong> quatre couchages fixes sans transformation fastidieuse<\/strong>, un espace d\u00e9di\u00e9 pour notre fils Solly, \u00e2g\u00e9 de 1,5 an, avec sa propre chambre et sa porte, ainsi qu'un coin nuit fixe pour Pepper, notre crois\u00e9 Dogue Allemand. Pourquoi ? Parce que ces conditions inexistantes avaient fait grimper notre niveau de stress lors du voyage. Apr\u00e8s de longues recherches, nous avons finalement d\u00e9couvert le constructeur de camping-cars <strong>Camp d'\u00e9rable<\/strong>. Une entreprise familiale qui fait battre le c\u0153ur des passionn\u00e9s de voyage depuis plus de 30 ans. En plus des fourgons am\u00e9nag\u00e9s, Ahorn vend et loue \u00e9galement des camping-cars. L\u2019un d\u2019eux est le mod\u00e8le \u201e<strong>Ahorn Camp Canada AE\u201c<\/strong> Saison 2020. Un camping-car qui ne correspondait pas seulement visuellement \u00e0 nos attentes, mais r\u00e9pondait \u00e9galement \u00e0 tous les crit\u00e8res. Il \u00e9tait donc l\u00e0 : notre nouvelle maison sur quatre roues.<\/p>\n\n\t\t<\/div>\n\t<\/div>\n<div class=\"vc_row wpb_row vc_inner vc_row-fluid\"><div class=\"wpb_column vc_column_container vc_col-sm-12\"><div class=\"vc_column-inner\"><div class=\"wpb_wrapper\">\n\t<div class=\"wpb_text_column wpb_content_element\" >\n\t\t<div class=\"wpb_wrapper\">\n\t\t\t<p>Nous allons d\u00e9tailler ci-dessous l'agencement de notre nouveau chez-nous, pour que tu aies une id\u00e9e parfaite de notre camping-car.<\/p>\n<hr \/>\n<p>Lisez notre article de blog \u00e0 ce sujet : <a href=\"https:\/\/ahorn-camp.de\/fr\/pour-la-premiere-fois-en-camping-car\/\">En voyage pour la premi\u00e8re fois en camping-car<\/a><\/p>\n<hr \/>\n\n\t\t<\/div>\n\t<\/div>\n<\/div><\/div><\/div><\/div><div class=\"vc_row wpb_row vc_inner vc_row-fluid\"><div class=\"wpb_column vc_column_container vc_col-sm-3\"><div class=\"vc_column-inner\"><div class=\"wpb_wrapper\">\n\t<div  class=\"wpb_single_image wpb_content_element vc_align_center wpb_content_element\">\n\t\t\n\t\t<figure class=\"wpb_wrapper vc_figure\">\n\t\t\t<div class=\"vc_single_image-wrapper   vc_box_border_grey\"><img fetchpriority=\"high\" decoding=\"async\" width=\"225\" height=\"300\" src=\"https:\/\/ahorn-camp.de\/wp-content\/uploads\/2020\/08\/ahorn-camp-Canada-AE-Pepper-and-Sol-Kinderzimmer-225x300.jpg\" class=\"vc_single_image-img attachment-medium\" alt=\"Chambre d&#039;enfant Canada AE\" title=\"Ahorn-Camp-Canada-AE-Pepper-et-Sol-Chambre-d&#039;enfant\" srcset=\"https:\/\/ahorn-camp.de\/wp-content\/uploads\/2020\/08\/ahorn-camp-Canada-AE-Pepper-and-Sol-Kinderzimmer-225x300.jpg 225w, https:\/\/ahorn-camp.de\/wp-content\/uploads\/2020\/08\/ahorn-camp-Canada-AE-Pepper-and-Sol-Kinderzimmer-768x1024.jpg 768w, https:\/\/ahorn-camp.de\/wp-content\/uploads\/2020\/08\/ahorn-camp-Canada-AE-Pepper-and-Sol-Kinderzimmer-450x600.jpg 450w, https:\/\/ahorn-camp.de\/wp-content\/uploads\/2020\/08\/ahorn-camp-Canada-AE-Pepper-and-Sol-Kinderzimmer-1152x1536.jpg 1152w, https:\/\/ahorn-camp.de\/wp-content\/uploads\/2020\/08\/ahorn-camp-Canada-AE-Pepper-and-Sol-Kinderzimmer-800x1067.jpg 800w, https:\/\/ahorn-camp.de\/wp-content\/uploads\/2020\/08\/ahorn-camp-Canada-AE-Pepper-and-Sol-Kinderzimmer.jpg 1500w\" sizes=\"(max-width: 225px) 100vw, 225px\" \/><\/div>\n\t\t<\/figure>\n\t<\/div>\n<\/div><\/div><\/div><div class=\"wpb_column vc_column_container vc_col-sm-9\"><div class=\"vc_column-inner\"><div class=\"wpb_wrapper\">\n\t<div class=\"wpb_text_column wpb_content_element\" >\n\t\t<div class=\"wpb_wrapper\">\n\t\t\t<p><strong>La chambre d'enfant de Solly<\/strong><\/p>\n<p>Commen\u00e7ons \u00e0 l'arri\u00e8re du camping-car. La zone de couchage dispose de <strong>deux lits jumeaux<\/strong> (80x200cm), un grand miroir, derri\u00e8re lequel se trouve la garde-robe de Julie, ainsi qu'une douche et des toilettes s\u00e9par\u00e9es. Les lits simples peuvent \u00eatre r\u00e9unis \u00e0 l'aide d'un sommier et d'un matelas suppl\u00e9mentaire, de sorte que<strong> une autre surface de couchage<\/strong> . Afin que Solly ne tombe pas du lit, nous avons install\u00e9 une barri\u00e8re de protection avec deux \u00e9querres. Au-dessus et en dessous des lits se trouvent de grands compartiments pour <strong>suffisamment d'espace de rangement<\/strong>, pour y ranger vos affaires en toute s\u00e9curit\u00e9 pendant le trajet. Dans les placards sup\u00e9rieurs, nous avons rang\u00e9 les v\u00eatements de Solly ainsi que ses jouets. Dans les placards sous le lit se trouvent des vestes, des chaussures et notre tapis de yoga. Pepper a \u00e9galement son propre espace. Il est situ\u00e9 juste sous le lit de Solly. Une petite niche pour chiens, juste pour Pepper. Ici, elle peut se retirer et est en s\u00e9curit\u00e9 pendant le voyage. Pour lui faciliter l'entr\u00e9e et la sortie, nous avons d\u00e9viss\u00e9 sa porte. La place est <strong>tr\u00e8s spacieux<\/strong> et serait certainement tout \u00e0 fait suffisant pour deux chiens.<\/p>\n\n\t\t<\/div>\n\t<\/div>\n<\/div><\/div><\/div><\/div><\/div><\/div><\/div><\/div><div class=\"vc_row wpb_row vc_row-fluid\"><div class=\"wpb_column vc_column_container vc_col-sm-3\"><div class=\"vc_column-inner\"><div class=\"wpb_wrapper\">\n\t<div  class=\"wpb_single_image wpb_content_element vc_align_center wpb_content_element\">\n\t\t\n\t\t<figure class=\"wpb_wrapper vc_figure\">\n\t\t\t<div class=\"vc_single_image-wrapper   vc_box_border_grey\"><img decoding=\"async\" width=\"225\" height=\"300\" src=\"https:\/\/ahorn-camp.de\/wp-content\/uploads\/2020\/08\/ahorn-camp-Canada-AE-Pepper-and-Sol-Bad-225x300.jpg\" class=\"vc_single_image-img attachment-medium\" alt=\"Ahorn Camp Salle de bain Canada AE\" title=\"ahorn-camp-Canada-AE-Poivre-et-Sol-Bad\" srcset=\"https:\/\/ahorn-camp.de\/wp-content\/uploads\/2020\/08\/ahorn-camp-Canada-AE-Pepper-and-Sol-Bad-225x300.jpg 225w, https:\/\/ahorn-camp.de\/wp-content\/uploads\/2020\/08\/ahorn-camp-Canada-AE-Pepper-and-Sol-Bad-768x1024.jpg 768w, https:\/\/ahorn-camp.de\/wp-content\/uploads\/2020\/08\/ahorn-camp-Canada-AE-Pepper-and-Sol-Bad-450x600.jpg 450w, https:\/\/ahorn-camp.de\/wp-content\/uploads\/2020\/08\/ahorn-camp-Canada-AE-Pepper-and-Sol-Bad-1152x1536.jpg 1152w, https:\/\/ahorn-camp.de\/wp-content\/uploads\/2020\/08\/ahorn-camp-Canada-AE-Pepper-and-Sol-Bad-800x1067.jpg 800w, https:\/\/ahorn-camp.de\/wp-content\/uploads\/2020\/08\/ahorn-camp-Canada-AE-Pepper-and-Sol-Bad.jpg 1500w\" sizes=\"(max-width: 225px) 100vw, 225px\" \/><\/div>\n\t\t<\/figure>\n\t<\/div>\n<\/div><\/div><\/div><div class=\"wpb_column vc_column_container vc_col-sm-9\"><div class=\"vc_column-inner\"><div class=\"wpb_wrapper\"><div class=\"vc_row wpb_row vc_inner vc_row-fluid\"><div class=\"wpb_column vc_column_container vc_col-sm-12\"><div class=\"vc_column-inner\"><div class=\"wpb_wrapper\">\n\t<div class=\"wpb_text_column wpb_content_element\" >\n\t\t<div class=\"wpb_wrapper\">\n\t\t\t<p><strong>Salle de bain et douche<\/strong><\/p>\n<p>Compar\u00e9 \u00e0 nos anciens sanitaires, je me sens dans notre nouvelle salle de bain comme dans un h\u00f4tel 5 \u00e9toiles.<strong> Camp d'\u00e9rable Canada AE<\/strong> sont-ils s\u00e9par\u00e9s ? Cela cr\u00e9e bien s\u00fbr un peu <strong>plus de confidentialit\u00e9<\/strong>. Dans la salle de bain, il y a un beau lavabo avec meuble sous plan, des toilettes chimiques Thetford, un miroir avec beaucoup d'espace de rangement derri\u00e8re et une prise 230V. La douche dispose d'une \u00e9tag\u00e8re d'angle int\u00e9gr\u00e9e avec <strong>beaucoup d'espace de rangement<\/strong> pour le shampoing, le gel douche et tout ce qui est important pour un s\u00e9jour agr\u00e9able sous la douche.<\/p>\n\n\t\t<\/div>\n\t<\/div>\n<\/div><\/div><\/div><\/div><\/div><\/div><\/div><\/div><div class=\"vc_row wpb_row vc_row-fluid\"><div class=\"wpb_column vc_column_container vc_col-sm-3\"><div class=\"vc_column-inner\"><div class=\"wpb_wrapper\">\n\t<div  class=\"wpb_single_image wpb_content_element vc_align_center wpb_content_element\">\n\t\t\n\t\t<figure class=\"wpb_wrapper vc_figure\">\n\t\t\t<div class=\"vc_single_image-wrapper   vc_box_border_grey\"><img decoding=\"async\" width=\"225\" height=\"300\" src=\"https:\/\/ahorn-camp.de\/wp-content\/uploads\/2020\/08\/ahorn-camp-Canada-AE-Sol-and-Pepper-Kueche-225x300.jpg\" class=\"vc_single_image-img attachment-medium\" alt=\"Cuisine Canada AE\" title=\"campagne d&#039;\u00e9rable-Canada-AE-Cuisine sel et poivre\" srcset=\"https:\/\/ahorn-camp.de\/wp-content\/uploads\/2020\/08\/ahorn-camp-Canada-AE-Sol-and-Pepper-Kueche-225x300.jpg 225w, https:\/\/ahorn-camp.de\/wp-content\/uploads\/2020\/08\/ahorn-camp-Canada-AE-Sol-and-Pepper-Kueche-768x1024.jpg 768w, https:\/\/ahorn-camp.de\/wp-content\/uploads\/2020\/08\/ahorn-camp-Canada-AE-Sol-and-Pepper-Kueche-450x600.jpg 450w, https:\/\/ahorn-camp.de\/wp-content\/uploads\/2020\/08\/ahorn-camp-Canada-AE-Sol-and-Pepper-Kueche-1152x1536.jpg 1152w, https:\/\/ahorn-camp.de\/wp-content\/uploads\/2020\/08\/ahorn-camp-Canada-AE-Sol-and-Pepper-Kueche-800x1067.jpg 800w, https:\/\/ahorn-camp.de\/wp-content\/uploads\/2020\/08\/ahorn-camp-Canada-AE-Sol-and-Pepper-Kueche.jpg 1500w\" sizes=\"(max-width: 225px) 100vw, 225px\" \/><\/div>\n\t\t<\/figure>\n\t<\/div>\n<\/div><\/div><\/div><div class=\"wpb_column vc_column_container vc_col-sm-9\"><div class=\"vc_column-inner\"><div class=\"wpb_wrapper\">\n\t<div class=\"wpb_text_column wpb_content_element\" >\n\t\t<div class=\"wpb_wrapper\">\n\t\t\t<p><strong>Cuisine<\/strong><\/p>\n<p>La cuisine en <strong>\u00c9rable Canada AE<\/strong> dispose d'un <strong>3-Flamm-Kocher<\/strong> et un grand \u00e9vier, ce que je trouve personnellement tr\u00e8s pratique en tant que cuisinier passionn\u00e9. Malheureusement, le plan de travail est relativement petit et un peu difficile \u00e0 utiliser car il est situ\u00e9 dans un coin. C'est pourquoi je pose une planche \u00e0 d\u00e9couper de 40x40 cm sur l'\u00e9vier pour pouvoir mieux travailler. Cependant, cela sera probablement r\u00e9solu dans la prochaine saison de mod\u00e8les par un couvercle en verre en s\u00e9rie. Les meubles bas et hauts<strong> offrent suffisamment d'espace de rangement<\/strong> pour tous les ustensiles de cuisine n\u00e9cessaires. De plus, nous nous sommes fabriqu\u00e9s deux petites \u00e9tag\u00e8res \u00e0 \u00e9pices que nous avons fix\u00e9es au mur avec 2 \u00e9querres. \u00c0 gauche, au-dessus de la cuisini\u00e8re \u00e0 gaz, il y en a aussi une <strong>Prise 230V<\/strong>. Un r\u00eave absolu est le r\u00e9frig\u00e9rateur-cong\u00e9lateur Thetford. Il a une capacit\u00e9 totale de 97 litres. Il peut \u00eatre contr\u00f4l\u00e9 via l'affichage num\u00e9rique <strong>facile \u00e0 utiliser<\/strong> et nous permet, gr\u00e2ce \u00e0 ses \u00e9tag\u00e8res g\u00e9n\u00e9reuses, de rester longtemps sans ravitaillement.<\/p>\n\n\t\t<\/div>\n\t<\/div>\n<\/div><\/div><\/div><\/div><div class=\"vc_row wpb_row vc_row-fluid\"><div class=\"wpb_column vc_column_container vc_col-sm-12\"><div class=\"vc_column-inner\"><div class=\"wpb_wrapper\"><div class=\"vc_row wpb_row vc_inner vc_row-fluid\"><div class=\"wpb_column vc_column_container vc_col-sm-3\"><div class=\"vc_column-inner\"><div class=\"wpb_wrapper\">\n\t<div  class=\"wpb_single_image wpb_content_element vc_align_center wpb_content_element\">\n\t\t\n\t\t<figure class=\"wpb_wrapper vc_figure\">\n\t\t\t<div class=\"vc_single_image-wrapper   vc_box_border_grey\"><img loading=\"lazy\" decoding=\"async\" width=\"225\" height=\"300\" src=\"https:\/\/ahorn-camp.de\/wp-content\/uploads\/2020\/08\/ahorn-camp-Canada-AE-Pepper-and-Sol-Essbereich-225x300.jpg\" class=\"vc_single_image-img attachment-medium\" alt=\"Zone d&#039;assise Canada AE\" title=\"Ahorn-Camp-Canada-AE-Poivre-et-Sol-Zone-de-vie\" srcset=\"https:\/\/ahorn-camp.de\/wp-content\/uploads\/2020\/08\/ahorn-camp-Canada-AE-Pepper-and-Sol-Essbereich-225x300.jpg 225w, https:\/\/ahorn-camp.de\/wp-content\/uploads\/2020\/08\/ahorn-camp-Canada-AE-Pepper-and-Sol-Essbereich-768x1024.jpg 768w, https:\/\/ahorn-camp.de\/wp-content\/uploads\/2020\/08\/ahorn-camp-Canada-AE-Pepper-and-Sol-Essbereich-450x600.jpg 450w, https:\/\/ahorn-camp.de\/wp-content\/uploads\/2020\/08\/ahorn-camp-Canada-AE-Pepper-and-Sol-Essbereich-1152x1536.jpg 1152w, https:\/\/ahorn-camp.de\/wp-content\/uploads\/2020\/08\/ahorn-camp-Canada-AE-Pepper-and-Sol-Essbereich-800x1067.jpg 800w, https:\/\/ahorn-camp.de\/wp-content\/uploads\/2020\/08\/ahorn-camp-Canada-AE-Pepper-and-Sol-Essbereich.jpg 1500w\" sizes=\"(max-width: 225px) 100vw, 225px\" \/><\/div>\n\t\t<\/figure>\n\t<\/div>\n<\/div><\/div><\/div><div class=\"wpb_column vc_column_container vc_col-sm-9\"><div class=\"vc_column-inner\"><div class=\"wpb_wrapper\">\n\t<div class=\"wpb_text_column wpb_content_element\" >\n\t\t<div class=\"wpb_wrapper\">\n\t\t\t<p><strong>Coin repas<\/strong><\/p>\n<p>Sur le site <strong>\u00c9rable Canada AE<\/strong> peuvent sans probl\u00e8me<strong> 5 personnes sont assises \u00e0 la table \u00e0 manger.<\/strong> C'est super pratique que la table puisse bouger dans toutes les directions. Ainsi, chacun trouve sa place. Le groupe de si\u00e8ges peut m\u00eame \u00eatre converti en<strong> lit suppl\u00e9mentaire<\/strong> reconfigurer. La table est abaiss\u00e9e jusqu'\u00e0 ce qu'elle s'enclenche et que les coussins soient r\u00e9partis. Au total, 5 personnes peuvent dormir et voyager dans le camping-car. Sous la banquette se trouve le r\u00e9servoir d'eau propre de 100 L. Au total, il y a 3 grands placards en hauteur dans le coin repas, offrant suffisamment d'espace de rangement.<\/p>\n\n\t\t<\/div>\n\t<\/div>\n<\/div><\/div><\/div><\/div><\/div><\/div><\/div><\/div><div class=\"vc_row wpb_row vc_row-fluid\"><div class=\"wpb_column vc_column_container vc_col-sm-12\"><div class=\"vc_column-inner\"><div class=\"wpb_wrapper\">\n\t<div class=\"wpb_text_column wpb_content_element\" >\n\t\t<div class=\"wpb_wrapper\">\n\t\t\t<p><strong>Donn\u00e9es techniques<\/strong><\/p>\n<p>Lors de notre voyage, nous sommes principalement <strong>libre et autonome<\/strong>. C'est pourquoi nous avons au total <strong>Solaire 200 Watts<\/strong> sur le toit. L'\u00e9lectricit\u00e9 est stock\u00e9e dans deux batteries de 80Ah chacune. Nous disposons d'un onduleur int\u00e9gr\u00e9 (onde sinuso\u00efdale pure, 2000 watts), afin de <strong>\u00e0 tout moment et sans probl\u00e8me<\/strong> pour utiliser nos prises 230V. De plus, nous avons un r\u00e9servoir d'eau douce de 100 litres, avec lequel nous tenons environ 5 \u00e0 7 jours.<\/p>\n<ul>\n<li>Ci-joint \u00e0 nouveau tout\u00a0<u>Donn\u00e9es techniques<\/u>\u00a0en r\u00e9sum\u00e9 :<\/li>\n<li>Ahorn Camp Canada AE Mod\u00e8le 2020 \u2013 749cm x 237cm x 306cm<\/li>\n<li>Renault Master Ch\u00e2ssis dCI 2,3l 145 ch<\/li>\n<li>Bo\u00eete de vitesses manuelle \u00e0 6 rapports<\/li>\n<li>Poids total autoris\u00e9 en charge 3 500 kg \u2013 5 places assises<\/li>\n<li>R\u00e9frig\u00e9rateur-cong\u00e9lateur Thetford 97 l<\/li>\n<li>Thetford Toilette Chimique 17L<\/li>\n<li>Auvent 4m<\/li>\n<li>Fixation Isofix pour 2 si\u00e8ges auto<\/li>\n<li>Chauffage au gaz<\/li>\n<li>2 si\u00e8ges avant pivotants<\/li>\n<li>Raccordement au r\u00e9seau \u00e9lectrique<\/li>\n<li>Climatisation de la cabine<\/li>\n<li>Cam\u00e9ra de recul<\/li>\n<li>R\u00e9gulateur de vitesse<\/li>\n<li>Verrouillage centralis\u00e9<\/li>\n<li>Installation solaire 200 Watt avec onduleur \u00e0 onde sinuso\u00efdale pure<\/li>\n<li>Porte-v\u00e9los pour trois v\u00e9los<\/li>\n<li>Alarme<\/li>\n<li>2x bouteilles de gaz de 11l<\/li>\n<\/ul>\n\n\t\t<\/div>\n\t<\/div>\n<div class=\"vc_separator wpb_content_element vc_separator_align_center vc_sep_width_100 vc_sep_pos_align_center vc_separator_no_text vc_sep_color_grey wpb_content_element  wpb_content_element\" ><span class=\"vc_sep_holder vc_sep_holder_l\"><span class=\"vc_sep_line\"><\/span><\/span><span class=\"vc_sep_holder vc_sep_holder_r\"><span class=\"vc_sep_line\"><\/span><\/span>\n<\/div><div class=\"vc_row wpb_row vc_inner vc_row-fluid\"><div class=\"wpb_column vc_column_container vc_col-sm-4\"><div class=\"vc_column-inner\"><div class=\"wpb_wrapper\">\n\t<div  class=\"wpb_single_image wpb_content_element vc_align_left wpb_content_element\">\n\t\t\n\t\t<figure class=\"wpb_wrapper vc_figure\">\n\t\t\t<div class=\"vc_single_image-wrapper   vc_box_border_grey\"><img loading=\"lazy\" decoding=\"async\" width=\"768\" height=\"1024\" src=\"https:\/\/ahorn-camp.de\/wp-content\/uploads\/2020\/08\/ahorn-camp-Canada-AE-au\u00dfenansicht-strand-768x1024.jpg\" class=\"vc_single_image-img attachment-large\" alt=\"Canada AE Strand\" title=\"ahorn-camp-Canada-AE-vue ext\u00e9rieure-plage\" srcset=\"https:\/\/ahorn-camp.de\/wp-content\/uploads\/2020\/08\/ahorn-camp-Canada-AE-au\u00dfenansicht-strand-768x1024.jpg 768w, https:\/\/ahorn-camp.de\/wp-content\/uploads\/2020\/08\/ahorn-camp-Canada-AE-au\u00dfenansicht-strand-225x300.jpg 225w, https:\/\/ahorn-camp.de\/wp-content\/uploads\/2020\/08\/ahorn-camp-Canada-AE-au\u00dfenansicht-strand-450x600.jpg 450w, https:\/\/ahorn-camp.de\/wp-content\/uploads\/2020\/08\/ahorn-camp-Canada-AE-au\u00dfenansicht-strand-1152x1536.jpg 1152w, https:\/\/ahorn-camp.de\/wp-content\/uploads\/2020\/08\/ahorn-camp-Canada-AE-au\u00dfenansicht-strand-800x1067.jpg 800w, https:\/\/ahorn-camp.de\/wp-content\/uploads\/2020\/08\/ahorn-camp-Canada-AE-au\u00dfenansicht-strand.jpg 1500w\" sizes=\"(max-width: 768px) 100vw, 768px\" \/><\/div>\n\t\t<\/figure>\n\t<\/div>\n<\/div><\/div><\/div><div class=\"wpb_column vc_column_container vc_col-sm-8\"><div class=\"vc_column-inner\"><div class=\"wpb_wrapper\">\n\t<div class=\"wpb_text_column wpb_content_element\" >\n\t\t<div class=\"wpb_wrapper\">\n\t\t\t<p><strong>Conclusion<\/strong><\/p>\n<p>Pour conclure, compte tenu de notre situation actuelle, avec le camping-car <strong>tr\u00e8s satisfait<\/strong> sont. Apr\u00e8s que nous ayons avec notre<strong> Canada AE<\/strong> Le Danemark nous a rendus incertains, nous traversons maintenant la Norv\u00e8ge pour les prochaines semaines. Ici aussi, dans la nature sauvage, nous ne pouvons que rapporter des choses positives. Nous nous sentons non seulement \u00e0 l'aise, mais vraiment <strong>chez moi<\/strong> Et c'est finalement ce qui nous importait le plus. Le camping-car est pour nous le <strong>maison id\u00e9ale sur quatre roues<\/strong>, dans lequel le plus petit du groupe se sent parfaitement \u00e0 l'aise et en s\u00e9curit\u00e9. Nous nous r\u00e9jouissons des prochaines semaines et continuerons bien s\u00fbr \u00e0 documenter notre voyage.<\/p>\n\n\t\t<\/div>\n\t<\/div>\n<\/div><\/div><\/div><\/div><div class=\"vc_separator wpb_content_element vc_separator_align_center vc_sep_width_100 vc_sep_pos_align_center vc_separator_no_text vc_sep_color_grey wpb_content_element  wpb_content_element\" ><span class=\"vc_sep_holder vc_sep_holder_l\"><span class=\"vc_sep_line\"><\/span><\/span><span class=\"vc_sep_holder vc_sep_holder_r\"><span class=\"vc_sep_line\"><\/span><\/span>\n<\/div><\/div><\/div><\/div><\/div><div class=\"vc_row wpb_row vc_row-fluid\"><div class=\"wpb_column vc_column_container vc_col-sm-12\"><div class=\"vc_column-inner\"><div class=\"wpb_wrapper\"><div class=\"vc_row wpb_row vc_inner vc_row-fluid\"><div class=\"wpb_column vc_column_container vc_col-sm-12\"><div class=\"vc_column-inner\"><div class=\"wpb_wrapper\"><\/div><\/div><\/div><\/div><\/div><\/div><\/div><\/div>\n<\/div>","protected":false},"excerpt":{"rendered":"<p>Julie, Moritz, leur fils Sol et leur dogue Pepper voyagent \u00e0 travers l'Europe depuis juin dans le Ahorn Camp Canada AE. Dans cet article de blog, la famille vous emm\u00e8ne faire un tour de leur nouvelle maison sur quatre roues.<\/p>","protected":false},"author":2,"featured_media":7451,"comment_status":"closed","ping_status":"open","sticky":false,"template":"","format":"standard","meta":{"content-type":"","footnotes":""},"categories":[208],"tags":[77,275,274],"class_list":["post-7094","post","type-post","status-publish","format-standard","has-post-thumbnail","hentry","category-blog","tag-camping","tag-canada-ae","tag-solandpepper"],"yoast_head":"<!-- This site is optimized with the Yoast SEO plugin v27.4 - https:\/\/yoast.com\/product\/yoast-seo-wordpress\/ -->\n<title>Sol and Pepper - Blog - Ahorn Camp GmbH &amp; Co. KG<\/title>\n<meta name=\"description\" content=\"Julie, Moritz, ihr Sohn Sol und Dogge Pepper sind seit Juni im Ahorn Camp Canada AE durch Europa unterwegs.\" \/>\n<meta name=\"robots\" content=\"index, follow, max-snippet:-1, max-image-preview:large, max-video-preview:-1\" \/>\n<link rel=\"canonical\" href=\"https:\/\/ahorn-camp.de\/fr\/solandpepper-notre-nouvelle-maison\/\" \/>\n<meta property=\"og:locale\" content=\"fr_FR\" \/>\n<meta property=\"og:type\" content=\"article\" \/>\n<meta property=\"og:title\" content=\"Sol and Pepper - Blog - Ahorn Camp GmbH &amp; Co. KG\" \/>\n<meta property=\"og:description\" content=\"Julie, Moritz, ihr Sohn Sol und Dogge Pepper sind seit Juni im Ahorn Camp Canada AE durch Europa unterwegs.\" \/>\n<meta property=\"og:url\" content=\"https:\/\/ahorn-camp.de\/fr\/solandpepper-notre-nouvelle-maison\/\" \/>\n<meta property=\"og:site_name\" content=\"Ahorn Camp | Reisemobile und Kastenwagen\" \/>\n<meta property=\"article:publisher\" content=\"https:\/\/www.facebook.com\/ahorn.wohnmobile\/\" \/>\n<meta property=\"article:published_time\" content=\"2020-08-03T10:17:45+00:00\" \/>\n<meta property=\"article:modified_time\" content=\"2024-04-04T11:02:08+00:00\" \/>\n<meta property=\"og:image\" content=\"https:\/\/ahorn-camp.de\/wp-content\/uploads\/2020\/08\/ahorn-camp-Canada-AE-Sol-and-Pepper-Urlaub.jpg\" \/>\n\t<meta property=\"og:image:width\" content=\"1500\" \/>\n\t<meta property=\"og:image:height\" content=\"1659\" \/>\n\t<meta property=\"og:image:type\" content=\"image\/jpeg\" \/>\n<meta name=\"author\" content=\"ahorn_admin\" \/>\n<meta name=\"twitter:card\" content=\"summary_large_image\" \/>\n<meta name=\"twitter:label1\" content=\"\u00c9crit par\" \/>\n\t<meta name=\"twitter:data1\" content=\"ahorn_admin\" \/>\n\t<meta name=\"twitter:label2\" content=\"Dur\u00e9e de lecture estim\u00e9e\" \/>\n\t<meta name=\"twitter:data2\" content=\"6 minutes\" \/>\n<script type=\"application\/ld+json\" class=\"yoast-schema-graph\">{\"@context\":\"https:\\\/\\\/schema.org\",\"@graph\":[{\"@type\":\"Article\",\"@id\":\"https:\\\/\\\/ahorn-camp.de\\\/solandpepper-unser-neues-zu-hause\\\/#article\",\"isPartOf\":{\"@id\":\"https:\\\/\\\/ahorn-camp.de\\\/solandpepper-unser-neues-zu-hause\\\/\"},\"author\":{\"name\":\"ahorn_admin\",\"@id\":\"https:\\\/\\\/ahorn-camp.de\\\/#\\\/schema\\\/person\\\/9b60761ba82d5cb8e6db215a88925044\"},\"headline\":\"Sol and Pepper\",\"datePublished\":\"2020-08-03T10:17:45+00:00\",\"dateModified\":\"2024-04-04T11:02:08+00:00\",\"mainEntityOfPage\":{\"@id\":\"https:\\\/\\\/ahorn-camp.de\\\/solandpepper-unser-neues-zu-hause\\\/\"},\"wordCount\":1292,\"publisher\":{\"@id\":\"https:\\\/\\\/ahorn-camp.de\\\/#organization\"},\"image\":{\"@id\":\"https:\\\/\\\/ahorn-camp.de\\\/solandpepper-unser-neues-zu-hause\\\/#primaryimage\"},\"thumbnailUrl\":\"https:\\\/\\\/ahorn-camp.de\\\/wp-content\\\/uploads\\\/2020\\\/08\\\/ahorn-camp-Canada-AE-Sol-and-Pepper-Urlaub.jpg\",\"keywords\":[\"Camping\",\"Canada AE\",\"solandpepper\"],\"articleSection\":[\"Blog\"],\"inLanguage\":\"fr-FR\"},{\"@type\":\"WebPage\",\"@id\":\"https:\\\/\\\/ahorn-camp.de\\\/solandpepper-unser-neues-zu-hause\\\/\",\"url\":\"https:\\\/\\\/ahorn-camp.de\\\/solandpepper-unser-neues-zu-hause\\\/\",\"name\":\"Sol and Pepper - Blog - Ahorn Camp GmbH & Co. KG\",\"isPartOf\":{\"@id\":\"https:\\\/\\\/ahorn-camp.de\\\/#website\"},\"primaryImageOfPage\":{\"@id\":\"https:\\\/\\\/ahorn-camp.de\\\/solandpepper-unser-neues-zu-hause\\\/#primaryimage\"},\"image\":{\"@id\":\"https:\\\/\\\/ahorn-camp.de\\\/solandpepper-unser-neues-zu-hause\\\/#primaryimage\"},\"thumbnailUrl\":\"https:\\\/\\\/ahorn-camp.de\\\/wp-content\\\/uploads\\\/2020\\\/08\\\/ahorn-camp-Canada-AE-Sol-and-Pepper-Urlaub.jpg\",\"datePublished\":\"2020-08-03T10:17:45+00:00\",\"dateModified\":\"2024-04-04T11:02:08+00:00\",\"description\":\"Julie, Moritz, ihr Sohn Sol und Dogge Pepper sind seit Juni im Ahorn Camp Canada AE durch Europa unterwegs.\",\"breadcrumb\":{\"@id\":\"https:\\\/\\\/ahorn-camp.de\\\/solandpepper-unser-neues-zu-hause\\\/#breadcrumb\"},\"inLanguage\":\"fr-FR\",\"potentialAction\":[{\"@type\":\"ReadAction\",\"target\":[\"https:\\\/\\\/ahorn-camp.de\\\/solandpepper-unser-neues-zu-hause\\\/\"]}]},{\"@type\":\"ImageObject\",\"inLanguage\":\"fr-FR\",\"@id\":\"https:\\\/\\\/ahorn-camp.de\\\/solandpepper-unser-neues-zu-hause\\\/#primaryimage\",\"url\":\"https:\\\/\\\/ahorn-camp.de\\\/wp-content\\\/uploads\\\/2020\\\/08\\\/ahorn-camp-Canada-AE-Sol-and-Pepper-Urlaub.jpg\",\"contentUrl\":\"https:\\\/\\\/ahorn-camp.de\\\/wp-content\\\/uploads\\\/2020\\\/08\\\/ahorn-camp-Canada-AE-Sol-and-Pepper-Urlaub.jpg\",\"width\":1500,\"height\":1659,\"caption\":\"Canada AE Sol and Pepper im Urlaub\"},{\"@type\":\"BreadcrumbList\",\"@id\":\"https:\\\/\\\/ahorn-camp.de\\\/solandpepper-unser-neues-zu-hause\\\/#breadcrumb\",\"itemListElement\":[{\"@type\":\"ListItem\",\"position\":1,\"name\":\"Startseite\",\"item\":\"https:\\\/\\\/ahorn-camp.de\\\/\"},{\"@type\":\"ListItem\",\"position\":2,\"name\":\"Sol and Pepper\"}]},{\"@type\":\"WebSite\",\"@id\":\"https:\\\/\\\/ahorn-camp.de\\\/#website\",\"url\":\"https:\\\/\\\/ahorn-camp.de\\\/\",\"name\":\"Ahorn Camp | Reisemobile und Kastenwagen\",\"description\":\"Seit \u00fcber 30 Jahren vermarktet das Familienunternehmen, Ahorn Camp in Speyer, erfolgreich Wohnmobile und Kastenwagen zum besten Preis-Leistungsverh\u00e4ltnis.\",\"publisher\":{\"@id\":\"https:\\\/\\\/ahorn-camp.de\\\/#organization\"},\"potentialAction\":[{\"@type\":\"SearchAction\",\"target\":{\"@type\":\"EntryPoint\",\"urlTemplate\":\"https:\\\/\\\/ahorn-camp.de\\\/?s={search_term_string}\"},\"query-input\":{\"@type\":\"PropertyValueSpecification\",\"valueRequired\":true,\"valueName\":\"search_term_string\"}}],\"inLanguage\":\"fr-FR\"},{\"@type\":\"Organization\",\"@id\":\"https:\\\/\\\/ahorn-camp.de\\\/#organization\",\"name\":\"Ahorn Camp GmbH & Co. KG\",\"url\":\"https:\\\/\\\/ahorn-camp.de\\\/\",\"logo\":{\"@type\":\"ImageObject\",\"inLanguage\":\"fr-FR\",\"@id\":\"https:\\\/\\\/ahorn-camp.de\\\/#\\\/schema\\\/logo\\\/image\\\/\",\"url\":\"https:\\\/\\\/ahorn-camp.de\\\/wp-content\\\/uploads\\\/2018\\\/12\\\/Ahorn_Logo.jpg\",\"contentUrl\":\"https:\\\/\\\/ahorn-camp.de\\\/wp-content\\\/uploads\\\/2018\\\/12\\\/Ahorn_Logo.jpg\",\"width\":1437,\"height\":1000,\"caption\":\"Ahorn Camp GmbH & Co. KG\"},\"image\":{\"@id\":\"https:\\\/\\\/ahorn-camp.de\\\/#\\\/schema\\\/logo\\\/image\\\/\"},\"sameAs\":[\"https:\\\/\\\/www.facebook.com\\\/ahorn.wohnmobile\\\/\",\"https:\\\/\\\/www.instagram.com\\\/ahorn.camp\\\/\",\"https:\\\/\\\/www.youtube.com\\\/channel\\\/UCPFbPCts1JJ_A1k9vyH0yOQ\"]},{\"@type\":\"Person\",\"@id\":\"https:\\\/\\\/ahorn-camp.de\\\/#\\\/schema\\\/person\\\/9b60761ba82d5cb8e6db215a88925044\",\"name\":\"ahorn_admin\",\"image\":{\"@type\":\"ImageObject\",\"inLanguage\":\"fr-FR\",\"@id\":\"https:\\\/\\\/secure.gravatar.com\\\/avatar\\\/d96b9a078083b0c14cee48589feadd939c3cdd66547e2f3f1569470371daaaa5?s=96&d=mm&r=g\",\"url\":\"https:\\\/\\\/secure.gravatar.com\\\/avatar\\\/d96b9a078083b0c14cee48589feadd939c3cdd66547e2f3f1569470371daaaa5?s=96&d=mm&r=g\",\"contentUrl\":\"https:\\\/\\\/secure.gravatar.com\\\/avatar\\\/d96b9a078083b0c14cee48589feadd939c3cdd66547e2f3f1569470371daaaa5?s=96&d=mm&r=g\",\"caption\":\"ahorn_admin\"},\"sameAs\":[\"http:\\\/\\\/Ahorn%20Camp\"],\"url\":\"https:\\\/\\\/ahorn-camp.de\\\/fr\\\/author\\\/ahorn_admin\\\/\"}]}<\/script>\n<!-- \/ Yoast SEO plugin. -->","yoast_head_json":{"title":"Sol et Pepper - Blog - Ahorn Camp GmbH &amp; Co. KG","description":"Julie, Moritz, leur fils Sol et leur dogue Pepper voyagent en Europe depuis juin Ahorn Camp Canada AE.","robots":{"index":"index","follow":"follow","max-snippet":"max-snippet:-1","max-image-preview":"max-image-preview:large","max-video-preview":"max-video-preview:-1"},"canonical":"https:\/\/ahorn-camp.de\/fr\/solandpepper-notre-nouvelle-maison\/","og_locale":"fr_FR","og_type":"article","og_title":"Sol and Pepper - Blog - Ahorn Camp GmbH & Co. KG","og_description":"Julie, Moritz, ihr Sohn Sol und Dogge Pepper sind seit Juni im Ahorn Camp Canada AE durch Europa unterwegs.","og_url":"https:\/\/ahorn-camp.de\/fr\/solandpepper-notre-nouvelle-maison\/","og_site_name":"Ahorn Camp | Reisemobile und Kastenwagen","article_publisher":"https:\/\/www.facebook.com\/ahorn.wohnmobile\/","article_published_time":"2020-08-03T10:17:45+00:00","article_modified_time":"2024-04-04T11:02:08+00:00","og_image":[{"width":1500,"height":1659,"url":"https:\/\/ahorn-camp.de\/wp-content\/uploads\/2020\/08\/ahorn-camp-Canada-AE-Sol-and-Pepper-Urlaub.jpg","type":"image\/jpeg"}],"author":"ahorn_admin","twitter_card":"summary_large_image","twitter_misc":{"\u00c9crit par":"ahorn_admin","Dur\u00e9e de lecture estim\u00e9e":"6 minutes"},"schema":{"@context":"https:\/\/schema.org","@graph":[{"@type":"Article","@id":"https:\/\/ahorn-camp.de\/solandpepper-unser-neues-zu-hause\/#article","isPartOf":{"@id":"https:\/\/ahorn-camp.de\/solandpepper-unser-neues-zu-hause\/"},"author":{"name":"ahorn_admin","@id":"https:\/\/ahorn-camp.de\/#\/schema\/person\/9b60761ba82d5cb8e6db215a88925044"},"headline":"Sol and Pepper","datePublished":"2020-08-03T10:17:45+00:00","dateModified":"2024-04-04T11:02:08+00:00","mainEntityOfPage":{"@id":"https:\/\/ahorn-camp.de\/solandpepper-unser-neues-zu-hause\/"},"wordCount":1292,"publisher":{"@id":"https:\/\/ahorn-camp.de\/#organization"},"image":{"@id":"https:\/\/ahorn-camp.de\/solandpepper-unser-neues-zu-hause\/#primaryimage"},"thumbnailUrl":"https:\/\/ahorn-camp.de\/wp-content\/uploads\/2020\/08\/ahorn-camp-Canada-AE-Sol-and-Pepper-Urlaub.jpg","keywords":["Camping","Canada AE","solandpepper"],"articleSection":["Blog"],"inLanguage":"fr-FR"},{"@type":"WebPage","@id":"https:\/\/ahorn-camp.de\/solandpepper-unser-neues-zu-hause\/","url":"https:\/\/ahorn-camp.de\/solandpepper-unser-neues-zu-hause\/","name":"Sol et Pepper - Blog - Ahorn Camp GmbH &amp; Co. KG","isPartOf":{"@id":"https:\/\/ahorn-camp.de\/#website"},"primaryImageOfPage":{"@id":"https:\/\/ahorn-camp.de\/solandpepper-unser-neues-zu-hause\/#primaryimage"},"image":{"@id":"https:\/\/ahorn-camp.de\/solandpepper-unser-neues-zu-hause\/#primaryimage"},"thumbnailUrl":"https:\/\/ahorn-camp.de\/wp-content\/uploads\/2020\/08\/ahorn-camp-Canada-AE-Sol-and-Pepper-Urlaub.jpg","datePublished":"2020-08-03T10:17:45+00:00","dateModified":"2024-04-04T11:02:08+00:00","description":"Julie, Moritz, leur fils Sol et leur dogue Pepper voyagent en Europe depuis juin Ahorn Camp Canada AE.","breadcrumb":{"@id":"https:\/\/ahorn-camp.de\/solandpepper-unser-neues-zu-hause\/#breadcrumb"},"inLanguage":"fr-FR","potentialAction":[{"@type":"ReadAction","target":["https:\/\/ahorn-camp.de\/solandpepper-unser-neues-zu-hause\/"]}]},{"@type":"ImageObject","inLanguage":"fr-FR","@id":"https:\/\/ahorn-camp.de\/solandpepper-unser-neues-zu-hause\/#primaryimage","url":"https:\/\/ahorn-camp.de\/wp-content\/uploads\/2020\/08\/ahorn-camp-Canada-AE-Sol-and-Pepper-Urlaub.jpg","contentUrl":"https:\/\/ahorn-camp.de\/wp-content\/uploads\/2020\/08\/ahorn-camp-Canada-AE-Sol-and-Pepper-Urlaub.jpg","width":1500,"height":1659,"caption":"Canada AE Sol and Pepper im Urlaub"},{"@type":"BreadcrumbList","@id":"https:\/\/ahorn-camp.de\/solandpepper-unser-neues-zu-hause\/#breadcrumb","itemListElement":[{"@type":"ListItem","position":1,"name":"Startseite","item":"https:\/\/ahorn-camp.de\/"},{"@type":"ListItem","position":2,"name":"Sol and Pepper"}]},{"@type":"WebSite","@id":"https:\/\/ahorn-camp.de\/#website","url":"https:\/\/ahorn-camp.de\/","name":"Ahorn Camp | Camping-cars et fourgons am\u00e9nag\u00e9s","description":"Depuis plus de 30 ans, l'entreprise familiale, Ahorn Camp \u00e0 Speyer, commercialise avec succ\u00e8s des camping-cars et des fourgons au meilleur rapport qualit\u00e9-prix.","publisher":{"@id":"https:\/\/ahorn-camp.de\/#organization"},"potentialAction":[{"@type":"SearchAction","target":{"@type":"EntryPoint","urlTemplate":"https:\/\/ahorn-camp.de\/?s={search_term_string}"},"query-input":{"@type":"PropertyValueSpecification","valueRequired":true,"valueName":"search_term_string"}}],"inLanguage":"fr-FR"},{"@type":"Organization","@id":"https:\/\/ahorn-camp.de\/#organization","name":"Ahorn Camp GmbH &amp; Co. KG","url":"https:\/\/ahorn-camp.de\/","logo":{"@type":"ImageObject","inLanguage":"fr-FR","@id":"https:\/\/ahorn-camp.de\/#\/schema\/logo\/image\/","url":"https:\/\/ahorn-camp.de\/wp-content\/uploads\/2018\/12\/Ahorn_Logo.jpg","contentUrl":"https:\/\/ahorn-camp.de\/wp-content\/uploads\/2018\/12\/Ahorn_Logo.jpg","width":1437,"height":1000,"caption":"Ahorn Camp GmbH & Co. KG"},"image":{"@id":"https:\/\/ahorn-camp.de\/#\/schema\/logo\/image\/"},"sameAs":["https:\/\/www.facebook.com\/ahorn.wohnmobile\/","https:\/\/www.instagram.com\/ahorn.camp\/","https:\/\/www.youtube.com\/channel\/UCPFbPCts1JJ_A1k9vyH0yOQ"]},{"@type":"Person","@id":"https:\/\/ahorn-camp.de\/#\/schema\/person\/9b60761ba82d5cb8e6db215a88925044","name":"ahorn_admin","image":{"@type":"ImageObject","inLanguage":"fr-FR","@id":"https:\/\/secure.gravatar.com\/avatar\/d96b9a078083b0c14cee48589feadd939c3cdd66547e2f3f1569470371daaaa5?s=96&d=mm&r=g","url":"https:\/\/secure.gravatar.com\/avatar\/d96b9a078083b0c14cee48589feadd939c3cdd66547e2f3f1569470371daaaa5?s=96&d=mm&r=g","contentUrl":"https:\/\/secure.gravatar.com\/avatar\/d96b9a078083b0c14cee48589feadd939c3cdd66547e2f3f1569470371daaaa5?s=96&d=mm&r=g","caption":"ahorn_admin"},"sameAs":["http:\/\/Ahorn%20Camp"],"url":"https:\/\/ahorn-camp.de\/fr\/author\/ahorn_admin\/"}]}},"_links":{"self":[{"href":"https:\/\/ahorn-camp.de\/fr\/wp-json\/wp\/v2\/posts\/7094","targetHints":{"allow":["GET"]}}],"collection":[{"href":"https:\/\/ahorn-camp.de\/fr\/wp-json\/wp\/v2\/posts"}],"about":[{"href":"https:\/\/ahorn-camp.de\/fr\/wp-json\/wp\/v2\/types\/post"}],"author":[{"embeddable":true,"href":"https:\/\/ahorn-camp.de\/fr\/wp-json\/wp\/v2\/users\/2"}],"replies":[{"embeddable":true,"href":"https:\/\/ahorn-camp.de\/fr\/wp-json\/wp\/v2\/comments?post=7094"}],"version-history":[{"count":0,"href":"https:\/\/ahorn-camp.de\/fr\/wp-json\/wp\/v2\/posts\/7094\/revisions"}],"wp:featuredmedia":[{"embeddable":true,"href":"https:\/\/ahorn-camp.de\/fr\/wp-json\/wp\/v2\/media\/7451"}],"wp:attachment":[{"href":"https:\/\/ahorn-camp.de\/fr\/wp-json\/wp\/v2\/media?parent=7094"}],"wp:term":[{"taxonomy":"category","embeddable":true,"href":"https:\/\/ahorn-camp.de\/fr\/wp-json\/wp\/v2\/categories?post=7094"},{"taxonomy":"post_tag","embeddable":true,"href":"https:\/\/ahorn-camp.de\/fr\/wp-json\/wp\/v2\/tags?post=7094"}],"curies":[{"name":"wp","href":"https:\/\/api.w.org\/{rel}","templated":true}]}}