{"id":6318,"date":"2020-05-25T12:37:19","date_gmt":"2020-05-25T10:37:19","guid":{"rendered":"https:\/\/ahorn-camp.de\/?p=6318"},"modified":"2022-04-26T10:20:39","modified_gmt":"2022-04-26T08:20:39","slug":"pour-la-premiere-fois-en-camping-car","status":"publish","type":"post","link":"https:\/\/ahorn-camp.de\/fr\/zum-ersten-mal-unterwegs-mit-dem-reisemobil\/","title":{"rendered":"Mes premi\u00e8res vacances en camping-car"},"content":{"rendered":"<div><strong><img fetchpriority=\"high\" decoding=\"async\" class=\"alignnone size-full wp-image-5970\" src=\"https:\/\/ahorn-camp.de\/wp-content\/uploads\/2020\/05\/ahorn-Van550-See-Abend\u00e4mmerung.jpg\" alt=\"\" width=\"1500\" height=\"843\" srcset=\"https:\/\/ahorn-camp.de\/wp-content\/uploads\/2020\/05\/ahorn-Van550-See-Abend\u00e4mmerung.jpg 1500w, https:\/\/ahorn-camp.de\/wp-content\/uploads\/2020\/05\/ahorn-Van550-See-Abend\u00e4mmerung-300x169.jpg 300w, https:\/\/ahorn-camp.de\/wp-content\/uploads\/2020\/05\/ahorn-Van550-See-Abend\u00e4mmerung-1024x575.jpg 1024w, https:\/\/ahorn-camp.de\/wp-content\/uploads\/2020\/05\/ahorn-Van550-See-Abend\u00e4mmerung-768x432.jpg 768w, https:\/\/ahorn-camp.de\/wp-content\/uploads\/2020\/05\/ahorn-Van550-See-Abend\u00e4mmerung-800x450.jpg 800w\" sizes=\"(max-width: 1500px) 100vw, 1500px\" \/>Que ce soit en location ou en achat : Quiconque se r\u00e9jouit de ses premi\u00e8res vacances en camping-car est impatient et plein d'attentes. Mais il y a aussi certaines choses \u00e0 prendre en compte. Ci-dessous, nous r\u00e9pondons aux questions les plus importantes pour les novices.\u00a0<\/strong><\/div>\n<div><\/div>\n<div>\n<div>\n<h5>Quel permis de conduire est n\u00e9cessaire pour conduire un camping-car ?<\/h5>\n<p>Un ancien permis de conduire de la classe 3 ou de la classe B datant d'avant 1999 autorise la conduite de camping-cars jusqu'\u00e0 7,5 tonnes. Avec un permis de la classe B d\u00e9livr\u00e9 apr\u00e8s 1999, seuls les v\u00e9hicules jusqu'\u00e0 3,5 tonnes sont autoris\u00e9s. Pour les v\u00e9hicules plus lourds, la classe C1 est n\u00e9cessaire ou, pour les camping-cars luxueux enti\u00e8rement int\u00e9gr\u00e9s, la classe B96. Pour les camping-cars lou\u00e9s, il peut en outre y avoir des limites d'\u00e2ge minimum, comme 21 ou 25 ans, ou une dur\u00e9e minimale pendant laquelle le conducteur doit \u00eatre titulaire d'un permis.<\/p>\n<div>\n<h5>Qu'est-ce qui ne doit absolument pas manquer dans ses bagages ?<\/h5>\n<p>Un c\u00e2ble d'alimentation CEE, un adaptateur et une rallonge \u2013 adapt\u00e9s \u00e0 un usage ext\u00e9rieur \u2013 sont tr\u00e8s importants. C'est ainsi que le camping-car peut \u00eatre le plus facilement raccord\u00e9 au courant sur les aires de stationnement. Les cales de mise \u00e0 niveau permettent de compenser les sols in\u00e9gaux. Un tapis pare-soleil pliable emp\u00eache la cabine de chauffer excessivement. De plus, les valises rigides sont tr\u00e8s peu pratiques, car elles prennent beaucoup de place et sont difficiles \u00e0 ranger. Les sacs de sport, que l'on peut plier \u00e0 vide, sont pr\u00e9f\u00e9rables. Les serviettes en microfibre sont \u00e9galement utiles : dans la salle de bain, l'humidit\u00e9 peut monter rapidement pendant la douche. Alors que les serviettes normales sont rapidement satur\u00e9es, les serviettes en microfibre restent agr\u00e9ablement s\u00e8ches \u2013 et s\u00e8chent aussi plus rapidement apr\u00e8s utilisation.<\/p>\n<h5>Peut-on emporter autant de bagages que l'on souhaite ?<\/h5>\n<div>\n<p><img decoding=\"async\" class=\"alignnone wp-image-6012\" src=\"https:\/\/ahorn-camp.de\/wp-content\/uploads\/2020\/05\/Ahorn-Van550-Vanlife-Packen-1500.jpg\" alt=\"\" width=\"600\" height=\"437\" srcset=\"https:\/\/ahorn-camp.de\/wp-content\/uploads\/2020\/05\/Ahorn-Van550-Vanlife-Packen-1500.jpg 1500w, https:\/\/ahorn-camp.de\/wp-content\/uploads\/2020\/05\/Ahorn-Van550-Vanlife-Packen-1500-300x218.jpg 300w, https:\/\/ahorn-camp.de\/wp-content\/uploads\/2020\/05\/Ahorn-Van550-Vanlife-Packen-1500-1024x745.jpg 1024w, https:\/\/ahorn-camp.de\/wp-content\/uploads\/2020\/05\/Ahorn-Van550-Vanlife-Packen-1500-768x559.jpg 768w, https:\/\/ahorn-camp.de\/wp-content\/uploads\/2020\/05\/Ahorn-Van550-Vanlife-Packen-1500-800x582.jpg 800w\" sizes=\"(max-width: 600px) 100vw, 600px\" \/><\/p>\n<p>Les camping-cars, avec leurs nombreux espaces de rangement, invitent \u00e0 emporter ceci et cela en plus. Cependant, la charge utile est limit\u00e9e, elle se situe souvent \u00e0 400 kilos \u2013 et le poids des occupants est alors inclus. Il faut donc veiller \u00e0 ne pas emporter trop de bagages, surtout lors des vacances en famille. Il est \u00e9galement utile de vider fr\u00e9quemment le r\u00e9servoir d'eaux us\u00e9es et de ne pas remplir compl\u00e8tement le r\u00e9servoir d'eau propre, mais seulement dans la mesure du n\u00e9cessaire \u2013 cela permet d'\u00e9conomiser du poids. De plus, les charges lourdes telles que les conserves ou les bouteilles de gaz doivent toujours \u00eatre rang\u00e9es pr\u00e8s du sol et, si possible, pr\u00e8s de l'essieu, tandis que les objets l\u00e9gers devraient l'\u00eatre plut\u00f4t en hauteur. Les bacs de rangement emp\u00eachent les objets de glisser dans tous les sens pendant le trajet.<\/p>\n<h5>Eau grise et eau claire\u00a0: comment \u00e7a marche exactement\u00a0?<\/h5>\n<p>Un camping-car dispose g\u00e9n\u00e9ralement de r\u00e9servoirs s\u00e9par\u00e9s : au d\u00e9but du voyage, celui d'eau propre doit \u00eatre rempli (au moins un peu) et celui d'eaux us\u00e9es doit \u00eatre vide. Ce dernier se remplit lorsque de l'eau est utilis\u00e9e pour se laver les mains, se doucher et faire la vaisselle (eaux grises). Le ravitaillement ou la vidange se font dans des stations d'\u00e9limination sp\u00e9ciales \u2013 sur les terrains de camping et de stationnement, les aires de repos ou les stations-service. Celles-ci disposent g\u00e9n\u00e9ralement d'un raccord de tuyau pour faire le plein d'eau propre, et d'une canalisation sp\u00e9ciale dans laquelle les eaux us\u00e9es peuvent \u00eatre vidang\u00e9es. Les toilettes chimiques (eaux noires) peuvent \u00e9galement y \u00eatre vidang\u00e9es et nettoy\u00e9es. En aucun cas les eaux grises ou noires ne doivent \u00eatre d\u00e9vers\u00e9es dans une canalisation ordinaire \u2013 vous risqueriez alors des amendes.<\/p>\n<div>\n<h5>Qu'est-ce qu'il faut prendre en compte en conduisant ?<\/h5>\n<p>Avec un camping-car, la maniabilit\u00e9, le comportement en virage, la distance de freinage et la visibilit\u00e9 diff\u00e8rent de ceux d'une voiture. M\u00eame les conducteurs exp\u00e9riment\u00e9s devraient donc effectuer des essais routiers avant leur premier voyage \u2013 id\u00e9alement m\u00eame charg\u00e9s, afin de simuler au mieux les caract\u00e9ristiques de conduite. Quelques man\u0153uvres comme le rayon de braquage, les virages, les man\u0153uvres et le stationnement peuvent \u00eatre test\u00e9es sur un grand parking vide. Autrement, une formation de conduite et de s\u00e9curit\u00e9 professionnelle sur un circuit d'entra\u00eenement routier est \u00e9galement recommand\u00e9e.<\/p>\n<\/div>\n<div>\n<div class=\"textBlock\">\n<h5>Outre les campings officiels, existe-t-il d'autres possibilit\u00e9s d'h\u00e9bergement, par exemple si les campings sont ferm\u00e9s en raison de la pand\u00e9mie de coronavirus ?<\/h5>\n<\/div>\n<div class=\"textBlock\">\n<p><img decoding=\"async\" class=\"alignnone wp-image-6333\" src=\"https:\/\/ahorn-camp.de\/wp-content\/uploads\/2020\/05\/Ahorn-Camp-Van-620-Toskana.jpg\" alt=\"\" width=\"600\" height=\"400\" srcset=\"https:\/\/ahorn-camp.de\/wp-content\/uploads\/2020\/05\/Ahorn-Camp-Van-620-Toskana.jpg 1500w, https:\/\/ahorn-camp.de\/wp-content\/uploads\/2020\/05\/Ahorn-Camp-Van-620-Toskana-300x200.jpg 300w, https:\/\/ahorn-camp.de\/wp-content\/uploads\/2020\/05\/Ahorn-Camp-Van-620-Toskana-1024x683.jpg 1024w, https:\/\/ahorn-camp.de\/wp-content\/uploads\/2020\/05\/Ahorn-Camp-Van-620-Toskana-768x512.jpg 768w, https:\/\/ahorn-camp.de\/wp-content\/uploads\/2020\/05\/Ahorn-Camp-Van-620-Toskana-800x533.jpg 800w\" sizes=\"(max-width: 600px) 100vw, 600px\" \/><\/p>\n<p>Dans certaines r\u00e9gions, des agriculteurs, des viticulteurs ou m\u00eame des particuliers proposent des emplacements de stationnement \u00e0 louer. G\u00e9n\u00e9ralement sans inscription pr\u00e9alable, il est possible de passer une ou deux nuits sur un emplacement public. Ceux-ci sont parfois gratuits, parfois il faut acheter un ticket de parking. Il existe \u00e9galement des diff\u00e9rences en termes de services : s'il s'agit dans certains cas simplement d'un parking, d'autres emplacements disposent par exemple d'un raccordement \u00e0 l'eau ou \u00e0 l'\u00e9lectricit\u00e9, d'un endroit pour vider les toilettes chimiques, de tables de pique-nique, de toilettes publiques ou m\u00eame de douches. <a href=\"https:\/\/ahorn-camp.de\/fr\/autonome-en-camping-car\/\">Ici<\/a> trouvez plus d'informations et de conseils sur le camping autonome.<\/p>\n<div>\n<h5>Puis-je passer la nuit avec mon camping-car au bord de la route ?<\/h5>\n<p>Cela varie d'un pays \u00e0 l'autre. En Allemagne, vous \u00eates g\u00e9n\u00e9ralement autoris\u00e9 \u00e0 garer votre v\u00e9hicule sur le bord de la route jusqu'\u00e0 dix heures pour vous reposer, ce qui est souvent valable aussi la nuit. Cependant, les s\u00e9jours plus longs ne sont g\u00e9n\u00e9ralement pas autoris\u00e9s.<\/p>\n<h5>Existe-t-il des restrictions concernant les endroits o\u00f9 l'on peut garer les camping-cars ?<\/h5>\n<p>Il est fortement conseill\u00e9 de faire attention \u00e0 la signalisation. Si le panneau \u201cVoitures particuli\u00e8res uniquement\u201d est visible en Allemagne, la plupart des camping-cars en sont exclus \u2013 seuls les v\u00e9hicules tr\u00e8s petits et compacts sont encore consid\u00e9r\u00e9s comme des voitures particuli\u00e8res. La limite correspondante est un poids de 2,8 tonnes. Comme la plupart des camping-cars p\u00e8sent plus lourd, ils sont consid\u00e9r\u00e9s comme des v\u00e9hicules sp\u00e9ciaux. Cela est \u00e9galement indiqu\u00e9 dans la carte grise. S'il est indiqu\u00e9 \u201cParking\u201d sur le panneau, il peut \u00eatre utilis\u00e9 par les camping-cars. Cependant, le camping n'est g\u00e9n\u00e9ralement pas autoris\u00e9 \u2013 il n'est donc pas permis, par exemple, de d\u00e9ployer des tables et des chaises sous le store d\u00e9pli\u00e9. Il est \u00e9galement important de regarder de plus pr\u00e8s l'entr\u00e9e du parking. Dans certains cas, des barri\u00e8res sont install\u00e9es afin d'emp\u00eacher les v\u00e9hicules de grande hauteur d'acc\u00e9der au terrain.<\/p>\n<h5>Courir ou s'allonger pendant le trajet \u2013 est-ce autoris\u00e9 ? Et qu'en est-il des animaux domestiques ?<\/h5>\n<div>\n<p><img loading=\"lazy\" decoding=\"async\" class=\"alignnone wp-image-6332\" src=\"https:\/\/ahorn-camp.de\/wp-content\/uploads\/2020\/05\/AHORN-ALASKA-TQ-Plus-20190074-Bearbeitet.jpg\" alt=\"\" width=\"600\" height=\"400\" srcset=\"https:\/\/ahorn-camp.de\/wp-content\/uploads\/2020\/05\/AHORN-ALASKA-TQ-Plus-20190074-Bearbeitet.jpg 1500w, https:\/\/ahorn-camp.de\/wp-content\/uploads\/2020\/05\/AHORN-ALASKA-TQ-Plus-20190074-Bearbeitet-300x200.jpg 300w, https:\/\/ahorn-camp.de\/wp-content\/uploads\/2020\/05\/AHORN-ALASKA-TQ-Plus-20190074-Bearbeitet-1024x683.jpg 1024w, https:\/\/ahorn-camp.de\/wp-content\/uploads\/2020\/05\/AHORN-ALASKA-TQ-Plus-20190074-Bearbeitet-768x512.jpg 768w, https:\/\/ahorn-camp.de\/wp-content\/uploads\/2020\/05\/AHORN-ALASKA-TQ-Plus-20190074-Bearbeitet-800x533.jpg 800w\" sizes=\"(max-width: 600px) 100vw, 600px\" \/><\/p>\n<p>Comme pour les autres v\u00e9hicules, le port de la ceinture de s\u00e9curit\u00e9 est obligatoire pendant le trajet. Le nombre de voyageurs est donc limit\u00e9 au nombre de si\u00e8ges \u00e9quip\u00e9s de ceintures de s\u00e9curit\u00e9. Les jeunes passagers doivent \u00e9galement \u00eatre install\u00e9s dans un si\u00e8ge enfant, comme en voiture, et les chiens et chats dans des caisses de transport. Il n'est pas permis de se d\u00e9placer dans le v\u00e9hicule ou de s'allonger dans l'un des lits.<\/p>\n<h5>Quelle est la consommation de carburant d'un camping-car ?<\/h5>\n<p>Cela d\u00e9pend bien s\u00fbr de plusieurs facteurs tels que le type de v\u00e9hicule et de moteur, le poids, l'\u00e9tat des pneus et votre style de conduite. \u00c0 titre de r\u00e8gle g\u00e9n\u00e9rale, il faut s'attendre \u00e0 une consommation d'environ 9 \u00e0 16 litres aux 100 kilom\u00e8tres.<\/p>\n<p>Un camping-car semi-int\u00e9gr\u00e9 de Ahorn Camp sur base Master, par exemple, consomme en moyenne 9,3 litres aux 100 kilom\u00e8tres en cycle mixte.<\/p>\n<h5>Qu'est-ce que semi-int\u00e9gral et int\u00e9gral - et qu'est-ce qu'un lit pavillon ?<\/h5>\n<p>Sur <a href=\"https:\/\/ahorn-camp.de\/fr\/ahorn-camping-cars\/teilintegrierte-reisemobile\/\" target=\"_blank\" rel=\"noFollow noopener noreferrer\">mod\u00e8les int\u00e9gr\u00e9s<\/a> est la cabine du conducteur telle qu'elle se trouve sur le v\u00e9hicule sur lequel le camping-car est initialement bas\u00e9. Avec un camping-car int\u00e9gral, cette zone est \u00e9galement enti\u00e8rement repens\u00e9e. Comme <a href=\"https:\/\/ahorn-camp.de\/fr\/ahorn-camping-cars\/alkoven-reisemobile\/\">Capucines <\/a>d\u00e9signe la chambre \u00e0 coucher au-dessus de la cabine du conducteur, facilement reconnaissable de l'ext\u00e9rieur par son renflement distinctif. Deux personnes peuvent g\u00e9n\u00e9ralement y dormir confortablement. On acc\u00e8de \u00e0 la cabine par une \u00e9chelle \u00e0 l'int\u00e9rieur du v\u00e9hicule. Ceux qui souhaitent d\u00e9couvrir quel type de camping-car correspond le mieux \u00e0 leurs habitudes et exigences, <a href=\"https:\/\/ahorn-camp.de\/fr\/welches-wohnmobil-passt-zu-mir\/\" rel=\"noFollow noopener\">trouvez ici une bonne aide \u00e0 la d\u00e9cision<\/a>.<\/p>\n<p>Cet article est en coop\u00e9ration avec <a href=\"https:\/\/www.focus.de\/reisen\/camping\/\" target=\"_blank\" rel=\"noopener noreferrer\">Focus en ligne<\/a> N\u00e9.<\/p>\n<\/div>\n<\/div>\n<\/div>\n<\/div>\n<\/div>\n<\/div>\n<\/div>\n<\/div>","protected":false},"excerpt":{"rendered":"<p>Qu'il soit lou\u00e9 ou achet\u00e9 : ceux qui attendent avec impatience leurs premi\u00e8res vacances en camping-car sont excit\u00e9s et pleins d'anticipation. Mais il y a aussi certaines choses \u00e0 consid\u00e9rer. Ci-dessous, nous r\u00e9pondons aux questions les plus importantes.<\/p>","protected":false},"author":2,"featured_media":5970,"comment_status":"closed","ping_status":"open","sticky":false,"template":"","format":"standard","meta":{"content-type":"","footnotes":""},"categories":[208],"tags":[],"class_list":["post-6318","post","type-post","status-publish","format-standard","has-post-thumbnail","hentry","category-blog"],"yoast_head":"<!-- This site is optimized with the Yoast SEO plugin v27.4 - https:\/\/yoast.com\/product\/yoast-seo-wordpress\/ -->\n<title>Mein erster Wohnmobilurlaub - Blog - Ahorn Camp<\/title>\n<meta name=\"description\" content=\"Wer seinem ersten Urlaub mit einem Reisemobil entgegenblickt, ist aufgeregt und voller Vorfreude. Doch es gibt auch einige Dinge zu beachten.\" \/>\n<meta name=\"robots\" content=\"noindex, nofollow\" \/>\n<meta property=\"og:locale\" content=\"fr_FR\" \/>\n<meta property=\"og:type\" content=\"article\" \/>\n<meta property=\"og:title\" content=\"Mein erster Wohnmobilurlaub - Blog - Ahorn Camp\" \/>\n<meta property=\"og:description\" content=\"Wer seinem ersten Urlaub mit einem Reisemobil entgegenblickt, ist aufgeregt und voller Vorfreude. Doch es gibt auch einige Dinge zu beachten.\" \/>\n<meta property=\"og:url\" content=\"https:\/\/www.focus.de\/reisen\/camping\/gesponsert\/infos-fuer-anfaenger-zum-ersten-mal-unterwegs-mit-dem-reisemobil-die-wichtigsten-fragen-und-antworten_id_12009309.html\" \/>\n<meta property=\"og:site_name\" content=\"Ahorn Camp | Reisemobile und Kastenwagen\" \/>\n<meta property=\"article:publisher\" content=\"https:\/\/www.facebook.com\/ahorn.wohnmobile\/\" \/>\n<meta property=\"article:published_time\" content=\"2020-05-25T10:37:19+00:00\" \/>\n<meta property=\"article:modified_time\" content=\"2022-04-26T08:20:39+00:00\" \/>\n<meta property=\"og:image\" content=\"https:\/\/ahorn-camp.de\/wp-content\/uploads\/2020\/05\/ahorn-Van550-See-Abend\u00e4mmerung.jpg\" \/>\n\t<meta property=\"og:image:width\" content=\"1500\" \/>\n\t<meta property=\"og:image:height\" content=\"843\" \/>\n\t<meta property=\"og:image:type\" content=\"image\/jpeg\" \/>\n<meta name=\"author\" content=\"ahorn_admin\" \/>\n<meta name=\"twitter:card\" content=\"summary_large_image\" \/>\n<meta name=\"twitter:label1\" content=\"\u00c9crit par\" \/>\n\t<meta name=\"twitter:data1\" content=\"ahorn_admin\" \/>\n\t<meta name=\"twitter:label2\" content=\"Dur\u00e9e de lecture estim\u00e9e\" \/>\n\t<meta name=\"twitter:data2\" content=\"7 minutes\" \/>\n<script type=\"application\/ld+json\" class=\"yoast-schema-graph\">{\"@context\":\"https:\\\/\\\/schema.org\",\"@graph\":[{\"@type\":\"Article\",\"@id\":\"https:\\\/\\\/www.focus.de\\\/reisen\\\/camping\\\/gesponsert\\\/infos-fuer-anfaenger-zum-ersten-mal-unterwegs-mit-dem-reisemobil-die-wichtigsten-fragen-und-antworten_id_12009309.html#article\",\"isPartOf\":{\"@id\":\"https:\\\/\\\/ahorn-camp.de\\\/zum-ersten-mal-unterwegs-mit-dem-reisemobil\\\/\"},\"author\":{\"name\":\"ahorn_admin\",\"@id\":\"https:\\\/\\\/ahorn-camp.de\\\/#\\\/schema\\\/person\\\/9b60761ba82d5cb8e6db215a88925044\"},\"headline\":\"Mein erster Wohnmobilurlaub\",\"datePublished\":\"2020-05-25T10:37:19+00:00\",\"dateModified\":\"2022-04-26T08:20:39+00:00\",\"mainEntityOfPage\":{\"@id\":\"https:\\\/\\\/ahorn-camp.de\\\/zum-ersten-mal-unterwegs-mit-dem-reisemobil\\\/\"},\"wordCount\":1132,\"publisher\":{\"@id\":\"https:\\\/\\\/ahorn-camp.de\\\/#organization\"},\"image\":{\"@id\":\"https:\\\/\\\/www.focus.de\\\/reisen\\\/camping\\\/gesponsert\\\/infos-fuer-anfaenger-zum-ersten-mal-unterwegs-mit-dem-reisemobil-die-wichtigsten-fragen-und-antworten_id_12009309.html#primaryimage\"},\"thumbnailUrl\":\"https:\\\/\\\/ahorn-camp.de\\\/wp-content\\\/uploads\\\/2020\\\/05\\\/ahorn-Van550-See-Abend\u00e4mmerung.jpg\",\"articleSection\":[\"Blog\"],\"inLanguage\":\"fr-FR\"},{\"@type\":\"WebPage\",\"@id\":\"https:\\\/\\\/ahorn-camp.de\\\/zum-ersten-mal-unterwegs-mit-dem-reisemobil\\\/\",\"url\":\"https:\\\/\\\/www.focus.de\\\/reisen\\\/camping\\\/gesponsert\\\/infos-fuer-anfaenger-zum-ersten-mal-unterwegs-mit-dem-reisemobil-die-wichtigsten-fragen-und-antworten_id_12009309.html\",\"name\":\"Mein erster Wohnmobilurlaub - Blog - Ahorn Camp\",\"isPartOf\":{\"@id\":\"https:\\\/\\\/ahorn-camp.de\\\/#website\"},\"primaryImageOfPage\":{\"@id\":\"https:\\\/\\\/www.focus.de\\\/reisen\\\/camping\\\/gesponsert\\\/infos-fuer-anfaenger-zum-ersten-mal-unterwegs-mit-dem-reisemobil-die-wichtigsten-fragen-und-antworten_id_12009309.html#primaryimage\"},\"image\":{\"@id\":\"https:\\\/\\\/www.focus.de\\\/reisen\\\/camping\\\/gesponsert\\\/infos-fuer-anfaenger-zum-ersten-mal-unterwegs-mit-dem-reisemobil-die-wichtigsten-fragen-und-antworten_id_12009309.html#primaryimage\"},\"thumbnailUrl\":\"https:\\\/\\\/ahorn-camp.de\\\/wp-content\\\/uploads\\\/2020\\\/05\\\/ahorn-Van550-See-Abend\u00e4mmerung.jpg\",\"datePublished\":\"2020-05-25T10:37:19+00:00\",\"dateModified\":\"2022-04-26T08:20:39+00:00\",\"description\":\"Wer seinem ersten Urlaub mit einem Reisemobil entgegenblickt, ist aufgeregt und voller Vorfreude. Doch es gibt auch einige Dinge zu beachten.\",\"breadcrumb\":{\"@id\":\"https:\\\/\\\/www.focus.de\\\/reisen\\\/camping\\\/gesponsert\\\/infos-fuer-anfaenger-zum-ersten-mal-unterwegs-mit-dem-reisemobil-die-wichtigsten-fragen-und-antworten_id_12009309.html#breadcrumb\"},\"inLanguage\":\"fr-FR\",\"potentialAction\":[{\"@type\":\"ReadAction\",\"target\":[\"https:\\\/\\\/www.focus.de\\\/reisen\\\/camping\\\/gesponsert\\\/infos-fuer-anfaenger-zum-ersten-mal-unterwegs-mit-dem-reisemobil-die-wichtigsten-fragen-und-antworten_id_12009309.html\"]}]},{\"@type\":\"ImageObject\",\"inLanguage\":\"fr-FR\",\"@id\":\"https:\\\/\\\/www.focus.de\\\/reisen\\\/camping\\\/gesponsert\\\/infos-fuer-anfaenger-zum-ersten-mal-unterwegs-mit-dem-reisemobil-die-wichtigsten-fragen-und-antworten_id_12009309.html#primaryimage\",\"url\":\"https:\\\/\\\/ahorn-camp.de\\\/wp-content\\\/uploads\\\/2020\\\/05\\\/ahorn-Van550-See-Abend\u00e4mmerung.jpg\",\"contentUrl\":\"https:\\\/\\\/ahorn-camp.de\\\/wp-content\\\/uploads\\\/2020\\\/05\\\/ahorn-Van550-See-Abend\u00e4mmerung.jpg\",\"width\":1500,\"height\":843},{\"@type\":\"BreadcrumbList\",\"@id\":\"https:\\\/\\\/www.focus.de\\\/reisen\\\/camping\\\/gesponsert\\\/infos-fuer-anfaenger-zum-ersten-mal-unterwegs-mit-dem-reisemobil-die-wichtigsten-fragen-und-antworten_id_12009309.html#breadcrumb\",\"itemListElement\":[{\"@type\":\"ListItem\",\"position\":1,\"name\":\"Startseite\",\"item\":\"https:\\\/\\\/ahorn-camp.de\\\/\"},{\"@type\":\"ListItem\",\"position\":2,\"name\":\"Mein erster Wohnmobilurlaub\"}]},{\"@type\":\"WebSite\",\"@id\":\"https:\\\/\\\/ahorn-camp.de\\\/#website\",\"url\":\"https:\\\/\\\/ahorn-camp.de\\\/\",\"name\":\"Ahorn Camp | Reisemobile und Kastenwagen\",\"description\":\"Seit \u00fcber 30 Jahren vermarktet das Familienunternehmen, Ahorn Camp in Speyer, erfolgreich Wohnmobile und Kastenwagen zum besten Preis-Leistungsverh\u00e4ltnis.\",\"publisher\":{\"@id\":\"https:\\\/\\\/ahorn-camp.de\\\/#organization\"},\"potentialAction\":[{\"@type\":\"SearchAction\",\"target\":{\"@type\":\"EntryPoint\",\"urlTemplate\":\"https:\\\/\\\/ahorn-camp.de\\\/?s={search_term_string}\"},\"query-input\":{\"@type\":\"PropertyValueSpecification\",\"valueRequired\":true,\"valueName\":\"search_term_string\"}}],\"inLanguage\":\"fr-FR\"},{\"@type\":\"Organization\",\"@id\":\"https:\\\/\\\/ahorn-camp.de\\\/#organization\",\"name\":\"Ahorn Camp GmbH & Co. KG\",\"url\":\"https:\\\/\\\/ahorn-camp.de\\\/\",\"logo\":{\"@type\":\"ImageObject\",\"inLanguage\":\"fr-FR\",\"@id\":\"https:\\\/\\\/ahorn-camp.de\\\/#\\\/schema\\\/logo\\\/image\\\/\",\"url\":\"https:\\\/\\\/ahorn-camp.de\\\/wp-content\\\/uploads\\\/2018\\\/12\\\/Ahorn_Logo.jpg\",\"contentUrl\":\"https:\\\/\\\/ahorn-camp.de\\\/wp-content\\\/uploads\\\/2018\\\/12\\\/Ahorn_Logo.jpg\",\"width\":1437,\"height\":1000,\"caption\":\"Ahorn Camp GmbH & Co. KG\"},\"image\":{\"@id\":\"https:\\\/\\\/ahorn-camp.de\\\/#\\\/schema\\\/logo\\\/image\\\/\"},\"sameAs\":[\"https:\\\/\\\/www.facebook.com\\\/ahorn.wohnmobile\\\/\",\"https:\\\/\\\/www.instagram.com\\\/ahorn.camp\\\/\",\"https:\\\/\\\/www.youtube.com\\\/channel\\\/UCPFbPCts1JJ_A1k9vyH0yOQ\"]},{\"@type\":\"Person\",\"@id\":\"https:\\\/\\\/ahorn-camp.de\\\/#\\\/schema\\\/person\\\/9b60761ba82d5cb8e6db215a88925044\",\"name\":\"ahorn_admin\",\"image\":{\"@type\":\"ImageObject\",\"inLanguage\":\"fr-FR\",\"@id\":\"https:\\\/\\\/secure.gravatar.com\\\/avatar\\\/d96b9a078083b0c14cee48589feadd939c3cdd66547e2f3f1569470371daaaa5?s=96&d=mm&r=g\",\"url\":\"https:\\\/\\\/secure.gravatar.com\\\/avatar\\\/d96b9a078083b0c14cee48589feadd939c3cdd66547e2f3f1569470371daaaa5?s=96&d=mm&r=g\",\"contentUrl\":\"https:\\\/\\\/secure.gravatar.com\\\/avatar\\\/d96b9a078083b0c14cee48589feadd939c3cdd66547e2f3f1569470371daaaa5?s=96&d=mm&r=g\",\"caption\":\"ahorn_admin\"},\"sameAs\":[\"http:\\\/\\\/Ahorn%20Camp\"],\"url\":\"https:\\\/\\\/ahorn-camp.de\\\/fr\\\/author\\\/ahorn_admin\\\/\"}]}<\/script>\n<!-- \/ Yoast SEO plugin. -->","yoast_head_json":{"title":"Mes premi\u00e8res vacances en camping-car - Blog - Ahorn Camp","description":"Ceux qui anticipent leurs premi\u00e8res vacances en camping-car sont excit\u00e9s et pleins d'attentes. Mais il y a aussi certaines choses \u00e0 consid\u00e9rer.","robots":{"index":"noindex","follow":"nofollow"},"og_locale":"fr_FR","og_type":"article","og_title":"Mein erster Wohnmobilurlaub - Blog - Ahorn Camp","og_description":"Wer seinem ersten Urlaub mit einem Reisemobil entgegenblickt, ist aufgeregt und voller Vorfreude. Doch es gibt auch einige Dinge zu beachten.","og_url":"https:\/\/www.focus.de\/reisen\/camping\/gesponsert\/infos-fuer-anfaenger-zum-ersten-mal-unterwegs-mit-dem-reisemobil-die-wichtigsten-fragen-und-antworten_id_12009309.html","og_site_name":"Ahorn Camp | Reisemobile und Kastenwagen","article_publisher":"https:\/\/www.facebook.com\/ahorn.wohnmobile\/","article_published_time":"2020-05-25T10:37:19+00:00","article_modified_time":"2022-04-26T08:20:39+00:00","og_image":[{"width":1500,"height":843,"url":"https:\/\/ahorn-camp.de\/wp-content\/uploads\/2020\/05\/ahorn-Van550-See-Abend\u00e4mmerung.jpg","type":"image\/jpeg"}],"author":"ahorn_admin","twitter_card":"summary_large_image","twitter_misc":{"\u00c9crit par":"ahorn_admin","Dur\u00e9e de lecture estim\u00e9e":"7 minutes"},"schema":{"@context":"https:\/\/schema.org","@graph":[{"@type":"Article","@id":"https:\/\/www.focus.de\/reisen\/camping\/gesponsert\/infos-fuer-anfaenger-zum-ersten-mal-unterwegs-mit-dem-reisemobil-die-wichtigsten-fragen-und-antworten_id_12009309.html#article","isPartOf":{"@id":"https:\/\/ahorn-camp.de\/zum-ersten-mal-unterwegs-mit-dem-reisemobil\/"},"author":{"name":"ahorn_admin","@id":"https:\/\/ahorn-camp.de\/#\/schema\/person\/9b60761ba82d5cb8e6db215a88925044"},"headline":"Mein erster Wohnmobilurlaub","datePublished":"2020-05-25T10:37:19+00:00","dateModified":"2022-04-26T08:20:39+00:00","mainEntityOfPage":{"@id":"https:\/\/ahorn-camp.de\/zum-ersten-mal-unterwegs-mit-dem-reisemobil\/"},"wordCount":1132,"publisher":{"@id":"https:\/\/ahorn-camp.de\/#organization"},"image":{"@id":"https:\/\/www.focus.de\/reisen\/camping\/gesponsert\/infos-fuer-anfaenger-zum-ersten-mal-unterwegs-mit-dem-reisemobil-die-wichtigsten-fragen-und-antworten_id_12009309.html#primaryimage"},"thumbnailUrl":"https:\/\/ahorn-camp.de\/wp-content\/uploads\/2020\/05\/ahorn-Van550-See-Abend\u00e4mmerung.jpg","articleSection":["Blog"],"inLanguage":"fr-FR"},{"@type":"WebPage","@id":"https:\/\/ahorn-camp.de\/zum-ersten-mal-unterwegs-mit-dem-reisemobil\/","url":"https:\/\/www.focus.de\/reisen\/camping\/gesponsert\/infos-fuer-anfaenger-zum-ersten-mal-unterwegs-mit-dem-reisemobil-die-wichtigsten-fragen-und-antworten_id_12009309.html","name":"Mes premi\u00e8res vacances en camping-car - Blog - Ahorn Camp","isPartOf":{"@id":"https:\/\/ahorn-camp.de\/#website"},"primaryImageOfPage":{"@id":"https:\/\/www.focus.de\/reisen\/camping\/gesponsert\/infos-fuer-anfaenger-zum-ersten-mal-unterwegs-mit-dem-reisemobil-die-wichtigsten-fragen-und-antworten_id_12009309.html#primaryimage"},"image":{"@id":"https:\/\/www.focus.de\/reisen\/camping\/gesponsert\/infos-fuer-anfaenger-zum-ersten-mal-unterwegs-mit-dem-reisemobil-die-wichtigsten-fragen-und-antworten_id_12009309.html#primaryimage"},"thumbnailUrl":"https:\/\/ahorn-camp.de\/wp-content\/uploads\/2020\/05\/ahorn-Van550-See-Abend\u00e4mmerung.jpg","datePublished":"2020-05-25T10:37:19+00:00","dateModified":"2022-04-26T08:20:39+00:00","description":"Ceux qui anticipent leurs premi\u00e8res vacances en camping-car sont excit\u00e9s et pleins d'attentes. Mais il y a aussi certaines choses \u00e0 consid\u00e9rer.","breadcrumb":{"@id":"https:\/\/www.focus.de\/reisen\/camping\/gesponsert\/infos-fuer-anfaenger-zum-ersten-mal-unterwegs-mit-dem-reisemobil-die-wichtigsten-fragen-und-antworten_id_12009309.html#breadcrumb"},"inLanguage":"fr-FR","potentialAction":[{"@type":"ReadAction","target":["https:\/\/www.focus.de\/reisen\/camping\/gesponsert\/infos-fuer-anfaenger-zum-ersten-mal-unterwegs-mit-dem-reisemobil-die-wichtigsten-fragen-und-antworten_id_12009309.html"]}]},{"@type":"ImageObject","inLanguage":"fr-FR","@id":"https:\/\/www.focus.de\/reisen\/camping\/gesponsert\/infos-fuer-anfaenger-zum-ersten-mal-unterwegs-mit-dem-reisemobil-die-wichtigsten-fragen-und-antworten_id_12009309.html#primaryimage","url":"https:\/\/ahorn-camp.de\/wp-content\/uploads\/2020\/05\/ahorn-Van550-See-Abend\u00e4mmerung.jpg","contentUrl":"https:\/\/ahorn-camp.de\/wp-content\/uploads\/2020\/05\/ahorn-Van550-See-Abend\u00e4mmerung.jpg","width":1500,"height":843},{"@type":"BreadcrumbList","@id":"https:\/\/www.focus.de\/reisen\/camping\/gesponsert\/infos-fuer-anfaenger-zum-ersten-mal-unterwegs-mit-dem-reisemobil-die-wichtigsten-fragen-und-antworten_id_12009309.html#breadcrumb","itemListElement":[{"@type":"ListItem","position":1,"name":"Startseite","item":"https:\/\/ahorn-camp.de\/"},{"@type":"ListItem","position":2,"name":"Mein erster Wohnmobilurlaub"}]},{"@type":"WebSite","@id":"https:\/\/ahorn-camp.de\/#website","url":"https:\/\/ahorn-camp.de\/","name":"Ahorn Camp | Camping-cars et fourgons am\u00e9nag\u00e9s","description":"Depuis plus de 30 ans, l'entreprise familiale, Ahorn Camp \u00e0 Speyer, commercialise avec succ\u00e8s des camping-cars et des fourgons au meilleur rapport qualit\u00e9-prix.","publisher":{"@id":"https:\/\/ahorn-camp.de\/#organization"},"potentialAction":[{"@type":"SearchAction","target":{"@type":"EntryPoint","urlTemplate":"https:\/\/ahorn-camp.de\/?s={search_term_string}"},"query-input":{"@type":"PropertyValueSpecification","valueRequired":true,"valueName":"search_term_string"}}],"inLanguage":"fr-FR"},{"@type":"Organization","@id":"https:\/\/ahorn-camp.de\/#organization","name":"Ahorn Camp GmbH &amp; Co. KG","url":"https:\/\/ahorn-camp.de\/","logo":{"@type":"ImageObject","inLanguage":"fr-FR","@id":"https:\/\/ahorn-camp.de\/#\/schema\/logo\/image\/","url":"https:\/\/ahorn-camp.de\/wp-content\/uploads\/2018\/12\/Ahorn_Logo.jpg","contentUrl":"https:\/\/ahorn-camp.de\/wp-content\/uploads\/2018\/12\/Ahorn_Logo.jpg","width":1437,"height":1000,"caption":"Ahorn Camp GmbH & Co. KG"},"image":{"@id":"https:\/\/ahorn-camp.de\/#\/schema\/logo\/image\/"},"sameAs":["https:\/\/www.facebook.com\/ahorn.wohnmobile\/","https:\/\/www.instagram.com\/ahorn.camp\/","https:\/\/www.youtube.com\/channel\/UCPFbPCts1JJ_A1k9vyH0yOQ"]},{"@type":"Person","@id":"https:\/\/ahorn-camp.de\/#\/schema\/person\/9b60761ba82d5cb8e6db215a88925044","name":"ahorn_admin","image":{"@type":"ImageObject","inLanguage":"fr-FR","@id":"https:\/\/secure.gravatar.com\/avatar\/d96b9a078083b0c14cee48589feadd939c3cdd66547e2f3f1569470371daaaa5?s=96&d=mm&r=g","url":"https:\/\/secure.gravatar.com\/avatar\/d96b9a078083b0c14cee48589feadd939c3cdd66547e2f3f1569470371daaaa5?s=96&d=mm&r=g","contentUrl":"https:\/\/secure.gravatar.com\/avatar\/d96b9a078083b0c14cee48589feadd939c3cdd66547e2f3f1569470371daaaa5?s=96&d=mm&r=g","caption":"ahorn_admin"},"sameAs":["http:\/\/Ahorn%20Camp"],"url":"https:\/\/ahorn-camp.de\/fr\/author\/ahorn_admin\/"}]}},"_links":{"self":[{"href":"https:\/\/ahorn-camp.de\/fr\/wp-json\/wp\/v2\/posts\/6318","targetHints":{"allow":["GET"]}}],"collection":[{"href":"https:\/\/ahorn-camp.de\/fr\/wp-json\/wp\/v2\/posts"}],"about":[{"href":"https:\/\/ahorn-camp.de\/fr\/wp-json\/wp\/v2\/types\/post"}],"author":[{"embeddable":true,"href":"https:\/\/ahorn-camp.de\/fr\/wp-json\/wp\/v2\/users\/2"}],"replies":[{"embeddable":true,"href":"https:\/\/ahorn-camp.de\/fr\/wp-json\/wp\/v2\/comments?post=6318"}],"version-history":[{"count":0,"href":"https:\/\/ahorn-camp.de\/fr\/wp-json\/wp\/v2\/posts\/6318\/revisions"}],"wp:featuredmedia":[{"embeddable":true,"href":"https:\/\/ahorn-camp.de\/fr\/wp-json\/wp\/v2\/media\/5970"}],"wp:attachment":[{"href":"https:\/\/ahorn-camp.de\/fr\/wp-json\/wp\/v2\/media?parent=6318"}],"wp:term":[{"taxonomy":"category","embeddable":true,"href":"https:\/\/ahorn-camp.de\/fr\/wp-json\/wp\/v2\/categories?post=6318"},{"taxonomy":"post_tag","embeddable":true,"href":"https:\/\/ahorn-camp.de\/fr\/wp-json\/wp\/v2\/tags?post=6318"}],"curies":[{"name":"wp","href":"https:\/\/api.w.org\/{rel}","templated":true}]}}