{"id":37035,"date":"2025-12-12T10:06:53","date_gmt":"2025-12-12T09:06:53","guid":{"rendered":"https:\/\/ahorn-camp.de\/?p=37035"},"modified":"2025-12-12T11:40:25","modified_gmt":"2025-12-12T10:40:25","slug":"le-nouveau-centre-logistique-dahorn-camp","status":"publish","type":"post","link":"https:\/\/ahorn-camp.de\/fr\/ahorn-camps-neues-logistikzentrum\/","title":{"rendered":"Ahorn Camp inaugure un nouveau centre logistique \u00e0 Spire \u2013 L'efficacit\u00e9, la durabilit\u00e9 et la croissance strat\u00e9gique au premier plan"},"content":{"rendered":"<div data-elementor-type=\"wp-post\" data-elementor-id=\"37035\" class=\"elementor elementor-37035\" data-elementor-post-type=\"post\">\n\t\t\t\t\t\t<section class=\"elementor-section elementor-top-section elementor-element elementor-element-21ed8f4 elementor-section-stretched elementor-section-boxed elementor-section-height-default elementor-section-height-default\" data-id=\"21ed8f4\" data-element_type=\"section\" data-e-type=\"section\" data-settings=\"{&quot;stretch_section&quot;:&quot;section-stretched&quot;}\">\n\t\t\t\t\t\t<div class=\"elementor-container elementor-column-gap-default\">\n\t\t\t\t\t<div class=\"elementor-column elementor-col-100 elementor-top-column elementor-element elementor-element-11e1b3b\" data-id=\"11e1b3b\" data-element_type=\"column\" data-e-type=\"column\">\n\t\t\t<div class=\"elementor-widget-wrap elementor-element-populated\">\n\t\t\t\t\t\t<div class=\"elementor-element elementor-element-14f2af0 elementor-widget elementor-widget-heading\" data-id=\"14f2af0\" data-element_type=\"widget\" data-e-type=\"widget\" data-widget_type=\"heading.default\">\n\t\t\t\t<div class=\"elementor-widget-container\">\n\t\t\t\t\t<h1 class=\"elementor-heading-title elementor-size-default\">Ahorn Camp inaugure un nouveau centre logistique \u00e0 Spire \u2013 L'efficacit\u00e9, la durabilit\u00e9 et la croissance strat\u00e9gique au premier plan<\/h1>\t\t\t\t<\/div>\n\t\t\t\t<\/div>\n\t\t\t\t<section class=\"elementor-section elementor-inner-section elementor-element elementor-element-0f71518 elementor-section-boxed elementor-section-height-default elementor-section-height-default\" data-id=\"0f71518\" data-element_type=\"section\" data-e-type=\"section\">\n\t\t\t\t\t\t<div class=\"elementor-container elementor-column-gap-default\">\n\t\t\t\t\t<div class=\"elementor-column elementor-col-50 elementor-inner-column elementor-element elementor-element-5418cd1\" data-id=\"5418cd1\" data-element_type=\"column\" data-e-type=\"column\">\n\t\t\t<div class=\"elementor-widget-wrap elementor-element-populated\">\n\t\t\t\t\t\t<div class=\"elementor-element elementor-element-013f92b elementor-widget elementor-widget-text-editor\" data-id=\"013f92b\" data-element_type=\"widget\" data-e-type=\"widget\" data-widget_type=\"text-editor.default\">\n\t\t\t\t<div class=\"elementor-widget-container\">\n\t\t\t\t\t\t\t\t\t<p><strong>Speyer, d\u00e9cembre 2025<\/strong> \u2013 Le constructeur de camping-cars Ahorn Camp a officiellement inaugur\u00e9 son nouveau centre logistique d\u00e9di\u00e9 aux pi\u00e8ces d\u00e9tach\u00e9es et aux accessoires \u00e0 son si\u00e8ge social de Spire. Avec un investissement d\u2019environ 750 000 euros et un chantier d\u2019une dur\u00e9e de seulement six mois, cette entreprise familiale franchit ainsi une \u00e9tape d\u00e9cisive dans sa strat\u00e9gie de croissance tout en optimisant l\u2019ensemble de sa cha\u00eene d\u2019approvisionnement.<br \/><br \/><\/p><p>\u201eNous mettons en place l'infrastructure pour servir plus rapidement nos revendeurs et atteindre nos objectifs de croissance pour 2026\u201c, a expliqu\u00e9 le directeur g\u00e9n\u00e9ral Alexander Reichmann lors de la c\u00e9r\u00e9monie d'ouverture en pr\u00e9sence de la Secr\u00e9taire d'\u00c9tat Petra Dick-Walther, de la mairesse Stefanie Seiler et d'une trentaine d'autres repr\u00e9sentants du monde des affaires et de la politique.<\/p>\t\t\t\t\t\t\t\t<\/div>\n\t\t\t\t<\/div>\n\t\t\t\t<div class=\"elementor-element elementor-element-bb570f3 elementor-widget elementor-widget-heading\" data-id=\"bb570f3\" data-element_type=\"widget\" data-e-type=\"widget\" data-widget_type=\"heading.default\">\n\t\t\t\t<div class=\"elementor-widget-container\">\n\t\t\t\t\t<h2 class=\"elementor-heading-title elementor-size-default\">Technologie et durabilit\u00e9 comme facteurs de succ\u00e8s<\/h2>\t\t\t\t<\/div>\n\t\t\t\t<\/div>\n\t\t\t\t<div class=\"elementor-element elementor-element-2051c77 elementor-widget elementor-widget-text-editor\" data-id=\"2051c77\" data-element_type=\"widget\" data-e-type=\"widget\" data-widget_type=\"text-editor.default\">\n\t\t\t\t<div class=\"elementor-widget-container\">\n\t\t\t\t\t\t\t\t\t<p>Le nouveau centre logistique s'\u00e9tend sur 400 m\u00b2 et r\u00e9unit, sur deux niveaux avec une hauteur allant jusqu'\u00e0 6,5 m\u00e8tres, une technologie de stockage de pointe pour les pi\u00e8ces de rechange et les accessoires. Une \u00e9quipe sp\u00e9cialis\u00e9e de magasiniers g\u00e8re ici l'ensemble du flux de marchandises, de l'approvisionnement des ateliers \u00e0 la livraison des concessionnaires dans toute l'Europe.<\/p><p>\u00a0<\/p><p>Le b\u00e2timent dispose d'un concept \u00e9nerg\u00e9tique durable avec des panneaux solaires, une alimentation \u00e9lectrique enti\u00e8rement ind\u00e9pendante du r\u00e9seau et trois bornes de recharge \u00e9lectrique. Le centre logistique fonctionne ainsi de mani\u00e8re autonome sur le plan \u00e9nerg\u00e9tique et r\u00e9pond \u00e0 des exigences \u00e9lev\u00e9es en mati\u00e8re d'efficacit\u00e9 \u00e9nerg\u00e9tique et de responsabilit\u00e9 environnementale.<\/p>\t\t\t\t\t\t\t\t<\/div>\n\t\t\t\t<\/div>\n\t\t\t\t<div class=\"elementor-element elementor-element-6a723ce elementor-widget elementor-widget-spacer\" data-id=\"6a723ce\" data-element_type=\"widget\" data-e-type=\"widget\" data-widget_type=\"spacer.default\">\n\t\t\t\t<div class=\"elementor-widget-container\">\n\t\t\t\t\t\t\t<div class=\"elementor-spacer\">\n\t\t\t<div class=\"elementor-spacer-inner\"><\/div>\n\t\t<\/div>\n\t\t\t\t\t\t<\/div>\n\t\t\t\t<\/div>\n\t\t\t\t\t<\/div>\n\t\t<\/div>\n\t\t\t\t<div class=\"elementor-column elementor-col-50 elementor-inner-column elementor-element elementor-element-d48e2a3\" data-id=\"d48e2a3\" data-element_type=\"column\" data-e-type=\"column\">\n\t\t\t<div class=\"elementor-widget-wrap elementor-element-populated\">\n\t\t\t\t\t\t<div class=\"elementor-element elementor-element-d625b51 elementor-widget elementor-widget-image\" data-id=\"d625b51\" data-element_type=\"widget\" data-e-type=\"widget\" data-widget_type=\"image.default\">\n\t\t\t\t<div class=\"elementor-widget-container\">\n\t\t\t\t\t\t\t\t\t\t\t\t<figure class=\"wp-caption\">\n\t\t\t\t\t\t\t\t\t\t<img fetchpriority=\"high\" decoding=\"async\" width=\"543\" height=\"353\" src=\"https:\/\/ahorn-camp.de\/wp-content\/uploads\/2025\/12\/Logistikzentrum.webp\" class=\"attachment-large size-large wp-image-37036\" alt=\"Le nouveau centre logistique d&#039;Ahorn \u00e0 l&#039;ouverture\" srcset=\"https:\/\/ahorn-camp.de\/wp-content\/uploads\/2025\/12\/Logistikzentrum.webp 543w, https:\/\/ahorn-camp.de\/wp-content\/uploads\/2025\/12\/Logistikzentrum-300x195.webp 300w, https:\/\/ahorn-camp.de\/wp-content\/uploads\/2025\/12\/Logistikzentrum-18x12.webp 18w\" sizes=\"(max-width: 543px) 100vw, 543px\" \/>\t\t\t\t\t\t\t\t\t\t\t<figcaption class=\"widget-image-caption wp-caption-text\">Moment solennel \u00e0 Spire : Alexander et Franziska Reichmann inaugurent le nouveau centre logistique de Ahorn Camp en compagnie de la secr\u00e9taire d&#x27;\u00c9tat Petra Kick-Walther et de Mario Daum, repr\u00e9sentant de la ville de Spire.<\/figcaption>\n\t\t\t\t\t\t\t\t\t\t<\/figure>\n\t\t\t\t\t\t\t\t\t<\/div>\n\t\t\t\t<\/div>\n\t\t\t\t<div class=\"elementor-element elementor-element-50d0c4b elementor-widget elementor-widget-heading\" data-id=\"50d0c4b\" data-element_type=\"widget\" data-e-type=\"widget\" data-widget_type=\"heading.default\">\n\t\t\t\t<div class=\"elementor-widget-container\">\n\t\t\t\t\t<h3 class=\"elementor-heading-title elementor-size-default\">Contact presse<\/h3>\t\t\t\t<\/div>\n\t\t\t\t<\/div>\n\t\t\t\t<div class=\"elementor-element elementor-element-3ecb863 elementor-widget elementor-widget-text-editor\" data-id=\"3ecb863\" data-element_type=\"widget\" data-e-type=\"widget\" data-widget_type=\"text-editor.default\">\n\t\t\t\t<div class=\"elementor-widget-container\">\n\t\t\t\t\t\t\t\t\t<p>Franziska Reichmann<br \/>Responsable du Marketing<\/p><p>T\u00e9l. : +49 (0) 6232 \/ 10028-165<br \/>Fax : +49 (0) 6232 \/ 10028-105<\/p><p>email : <a href=\"mailto:f.reichmann@ahorn-camp.de\">f.reichmann@ahorn-camp.de<\/a><\/p><p>Toile <a href=\"https:\/\/ahorn-camp.de\/fr\/\">www.ahorn-camp.de<\/a><\/p><p><a href=\"https:\/\/www.dropbox.com\/scl\/fo\/nr5ogbtj5sktsnkw0rcf8\/ABKPc4-byeup0khp34J9BAg?rlkey=wlymn3kxt2x9qpkz2pnpxpro4&amp;st=k3od7gkm&amp;dl=0\">Lien vers le mat\u00e9riel illustr\u00e9<\/a><\/p>\t\t\t\t\t\t\t\t<\/div>\n\t\t\t\t<\/div>\n\t\t\t\t\t<\/div>\n\t\t<\/div>\n\t\t\t\t\t<\/div>\n\t\t<\/section>\n\t\t\t\t<div class=\"elementor-element elementor-element-5c95096 elementor-widget elementor-widget-heading\" data-id=\"5c95096\" data-element_type=\"widget\" data-e-type=\"widget\" data-widget_type=\"heading.default\">\n\t\t\t\t<div class=\"elementor-widget-container\">\n\t\t\t\t\t<h2 class=\"elementor-heading-title elementor-size-default\">Pierre angulaire du nouveau partenariat avec Erwin Hymer Group<\/h2>\t\t\t\t<\/div>\n\t\t\t\t<\/div>\n\t\t\t\t<div class=\"elementor-element elementor-element-4cc972e elementor-widget elementor-widget-text-editor\" data-id=\"4cc972e\" data-element_type=\"widget\" data-e-type=\"widget\" data-widget_type=\"text-editor.default\">\n\t\t\t\t<div class=\"elementor-widget-container\">\n\t\t\t\t\t\t\t\t\t<p>Gr\u00e2ce \u00e0 la coop\u00e9ration de production lanc\u00e9e cette ann\u00e9e avec le groupe Erwin Hymer, Ahorn Camp se positionne pour sa prochaine phase de croissance. L&#x27;objectif commun est de commercialiser l&#x27;une des g\u00e9n\u00e9rations de camping-cars les plus modernes et les plus haut de gamme d&#x27;Europe, sur la base du nouveau Renault Master. \u201e Le nouveau centre logistique jette les bases infrastructurelles n\u00e9cessaires \u00e0 la poursuite de la croissance, \u00e0 l\u2019am\u00e9lioration de la qualit\u00e9 du service et au d\u00e9veloppement durable de l\u2019entreprise \u201c, r\u00e9sume Alexander Reichmann.<\/p>\t\t\t\t\t\t\t\t<\/div>\n\t\t\t\t<\/div>\n\t\t\t\t<div class=\"elementor-element elementor-element-0a218fa elementor-widget elementor-widget-spacer\" data-id=\"0a218fa\" data-element_type=\"widget\" data-e-type=\"widget\" data-widget_type=\"spacer.default\">\n\t\t\t\t<div class=\"elementor-widget-container\">\n\t\t\t\t\t\t\t<div class=\"elementor-spacer\">\n\t\t\t<div class=\"elementor-spacer-inner\"><\/div>\n\t\t<\/div>\n\t\t\t\t\t\t<\/div>\n\t\t\t\t<\/div>\n\t\t\t\t<div class=\"elementor-element elementor-element-3521c81 elementor-widget elementor-widget-heading\" data-id=\"3521c81\" data-element_type=\"widget\" data-e-type=\"widget\" data-widget_type=\"heading.default\">\n\t\t\t\t<div class=\"elementor-widget-container\">\n\t\t\t\t\t<h2 class=\"elementor-heading-title elementor-size-default\">Efficacit\u00e9 et d\u00e9veloppement du site \u00e0 Spire<\/h2>\t\t\t\t<\/div>\n\t\t\t\t<\/div>\n\t\t\t\t<div class=\"elementor-element elementor-element-9ef5961 elementor-widget elementor-widget-text-editor\" data-id=\"9ef5961\" data-element_type=\"widget\" data-e-type=\"widget\" data-widget_type=\"text-editor.default\">\n\t\t\t\t<div class=\"elementor-widget-container\">\n\t\t\t\t\t\t\t\t\t<p>En regroupant sur le site de Spire le stockage des v\u00e9hicules, la logistique des pi\u00e8ces de rechange, l'atelier et la livraison, on obtient des processus nettement plus efficaces et des d\u00e9lais d'ex\u00e9cution plus courts. La d\u00e9cision d'investir \u00e0 Spire est aussi un engagement clair en faveur du site de Rh\u00e9nanie-Palatinat et de la cr\u00e9ation de valeur r\u00e9gionale : la majorit\u00e9 des entreprises impliqu\u00e9es dans la construction \u00e9taient r\u00e9gionales \u2013 de la planification au financement jusqu'\u00e0 l'\u00e9quipement technique.<\/p>\t\t\t\t\t\t\t\t<\/div>\n\t\t\t\t<\/div>\n\t\t\t\t<div class=\"elementor-element elementor-element-59bf12d elementor-widget elementor-widget-spacer\" data-id=\"59bf12d\" data-element_type=\"widget\" data-e-type=\"widget\" data-widget_type=\"spacer.default\">\n\t\t\t\t<div class=\"elementor-widget-container\">\n\t\t\t\t\t\t\t<div class=\"elementor-spacer\">\n\t\t\t<div class=\"elementor-spacer-inner\"><\/div>\n\t\t<\/div>\n\t\t\t\t\t\t<\/div>\n\t\t\t\t<\/div>\n\t\t\t\t<div class=\"elementor-element elementor-element-968399a elementor-widget elementor-widget-heading\" data-id=\"968399a\" data-element_type=\"widget\" data-e-type=\"widget\" data-widget_type=\"heading.default\">\n\t\t\t\t<div class=\"elementor-widget-container\">\n\t\t\t\t\t<h2 class=\"elementor-heading-title elementor-size-default\">Sur Ahorn Camp<\/h2>\t\t\t\t<\/div>\n\t\t\t\t<\/div>\n\t\t\t\t<div class=\"elementor-element elementor-element-cf9220e elementor-widget elementor-widget-text-editor\" data-id=\"cf9220e\" data-element_type=\"widget\" data-e-type=\"widget\" data-widget_type=\"text-editor.default\">\n\t\t\t\t<div class=\"elementor-widget-container\">\n\t\t\t\t\t\t\t\t\t<p>Ahorn Camp, dont le si\u00e8ge social est \u00e0 Speyer, compte parmi les fabricants de camping-cars \u00e0 la croissance la plus rapide d'Europe. L'entreprise familiale, forte de plus de 30 ans d'exp\u00e9rience dans le secteur, se concentre enti\u00e8rement depuis 2014 sur la construction de camping-cars et de vans am\u00e9nag\u00e9s fiables bas\u00e9s sur le Renault Master.<\/p><p>\u00a0<\/p><p>La nouvelle gamme de mod\u00e8les de Ahorn Camp combine les atouts de trois acteurs \u00e9prouv\u00e9s : l'efficacit\u00e9, la s\u00e9curit\u00e9 et la fiabilit\u00e9 du nouveau Renault Master forment une base technique solide. Le groupe Erwin Hymer est synonyme des normes de qualit\u00e9 et de production les plus \u00e9lev\u00e9es. Ahorn Camp apporte lui-m\u00eame un design ax\u00e9 sur l'utilisateur, une esth\u00e9tique moderne et un rapport qualit\u00e9-prix convaincant \u2013 une synergie qui rend les mod\u00e8les uniques.<\/p><p>\u00a0<\/p><p>Avec trois sites propres \u00e0 l&#x27;entreprise ainsi qu&#x27;un r\u00e9seau de revendeurs et de services en constante expansion comptant plus de 30 partenaires, Ahorn Camp est synonyme de qualit\u00e9, d&#x27;innovation et de passion pour les voyages en voiture.<\/p>\t\t\t\t\t\t\t\t<\/div>\n\t\t\t\t<\/div>\n\t\t\t\t\t<\/div>\n\t\t<\/div>\n\t\t\t\t\t<\/div>\n\t\t<\/section>\n\t\t\t\t<\/div>","protected":false},"excerpt":{"rendered":"<p>Le fournisseur de camping-cars Ahorn Camp a officiellement inaugur\u00e9 son nouveau centre de logistique pour pi\u00e8ces de rechange et accessoires \u00e0 son si\u00e8ge principal de Spire. Avec un investissement d'environ 750 000 euros et une p\u00e9riode de construction de seulement six mois, l'entreprise familiale franchit une \u00e9tape cl\u00e9 dans sa strat\u00e9gie de croissance tout en optimisant l'ensemble de sa cha\u00eene d'approvisionnement.<\/p>","protected":false},"author":2,"featured_media":37036,"comment_status":"closed","ping_status":"closed","sticky":false,"template":"elementor_header_footer","format":"standard","meta":{"content-type":"","footnotes":""},"categories":[54,277],"tags":[],"class_list":["post-37035","post","type-post","status-publish","format-standard","has-post-thumbnail","hentry","category-messetermine","category-pressemitteilungen"],"yoast_head":"<!-- This site is optimized with the Yoast SEO plugin v28.4 - https:\/\/yoast.com\/product\/yoast-seo-wordpress\/ -->\n<title>Ahorn Camp er\u00f6ffnet neues Logistikzentrum<\/title>\n<meta name=\"description\" content=\"Ahorn Camp er\u00f6ffnet in Speyer ein neues Logistikzentrum mit Fokus auf Effizienz, Nachhaltigkeit und strategisches Wachstum.\" \/>\n<meta name=\"robots\" content=\"index, follow, max-snippet:-1, max-image-preview:large, max-video-preview:-1\" \/>\n<link rel=\"canonical\" href=\"https:\/\/ahorn-camp.de\/fr\/le-nouveau-centre-logistique-dahorn-camp\/\" \/>\n<meta property=\"og:locale\" content=\"fr_FR\" \/>\n<meta property=\"og:type\" content=\"article\" \/>\n<meta property=\"og:title\" content=\"Ahorn Camp er\u00f6ffnet neues Logistikzentrum\" \/>\n<meta property=\"og:description\" content=\"Ahorn Camp er\u00f6ffnet in Speyer ein neues Logistikzentrum mit Fokus auf Effizienz, Nachhaltigkeit und strategisches Wachstum.\" \/>\n<meta property=\"og:url\" content=\"https:\/\/ahorn-camp.de\/fr\/le-nouveau-centre-logistique-dahorn-camp\/\" \/>\n<meta property=\"og:site_name\" content=\"Ahorn Camp | Reisemobile und Kastenwagen\" \/>\n<meta property=\"article:publisher\" content=\"https:\/\/www.facebook.com\/ahorn.wohnmobile\/\" \/>\n<meta property=\"article:published_time\" content=\"2025-12-12T09:06:53+00:00\" \/>\n<meta property=\"article:modified_time\" content=\"2025-12-12T10:40:25+00:00\" \/>\n<meta property=\"og:image\" content=\"https:\/\/ahorn-camp.de\/wp-content\/uploads\/2025\/12\/Logistikzentrum.webp\" \/>\n\t<meta property=\"og:image:width\" content=\"543\" \/>\n\t<meta property=\"og:image:height\" content=\"353\" \/>\n\t<meta property=\"og:image:type\" content=\"image\/webp\" \/>\n<meta name=\"author\" content=\"ahorn_admin\" \/>\n<meta name=\"twitter:card\" content=\"summary_large_image\" \/>\n<meta name=\"twitter:label1\" content=\"\u00c9crit par\" \/>\n\t<meta name=\"twitter:data1\" content=\"ahorn_admin\" \/>\n\t<meta name=\"twitter:label2\" content=\"Dur\u00e9e de lecture estim\u00e9e\" \/>\n\t<meta name=\"twitter:data2\" content=\"4 minutes\" \/>\n<script type=\"application\/ld+json\" class=\"yoast-schema-graph\">{\"@context\":\"https:\\\/\\\/schema.org\",\"@graph\":[{\"@type\":\"Article\",\"@id\":\"https:\\\/\\\/ahorn-camp.de\\\/ahorn-camps-neues-logistikzentrum\\\/#article\",\"isPartOf\":{\"@id\":\"https:\\\/\\\/ahorn-camp.de\\\/ahorn-camps-neues-logistikzentrum\\\/\"},\"author\":{\"name\":\"ahorn_admin\",\"@id\":\"https:\\\/\\\/ahorn-camp.de\\\/#\\\/schema\\\/person\\\/9b60761ba82d5cb8e6db215a88925044\"},\"headline\":\"Ahorn Camp er\u00f6ffnet neues Logistikzentrum in Speyer \u2013 Effizienz, Nachhaltigkeit und strategisches Wachstum im Fokus\",\"datePublished\":\"2025-12-12T09:06:53+00:00\",\"dateModified\":\"2025-12-12T10:40:25+00:00\",\"mainEntityOfPage\":{\"@id\":\"https:\\\/\\\/ahorn-camp.de\\\/ahorn-camps-neues-logistikzentrum\\\/\"},\"wordCount\":546,\"publisher\":{\"@id\":\"https:\\\/\\\/ahorn-camp.de\\\/#organization\"},\"image\":{\"@id\":\"https:\\\/\\\/ahorn-camp.de\\\/ahorn-camps-neues-logistikzentrum\\\/#primaryimage\"},\"thumbnailUrl\":\"https:\\\/\\\/ahorn-camp.de\\\/wp-content\\\/uploads\\\/2025\\\/12\\\/Logistikzentrum.webp\",\"articleSection\":[\"Events &amp; Messen\",\"Pressemitteilungen\"],\"inLanguage\":\"fr-FR\"},{\"@type\":\"WebPage\",\"@id\":\"https:\\\/\\\/ahorn-camp.de\\\/ahorn-camps-neues-logistikzentrum\\\/\",\"url\":\"https:\\\/\\\/ahorn-camp.de\\\/ahorn-camps-neues-logistikzentrum\\\/\",\"name\":\"Ahorn Camp er\u00f6ffnet neues Logistikzentrum\",\"isPartOf\":{\"@id\":\"https:\\\/\\\/ahorn-camp.de\\\/#website\"},\"primaryImageOfPage\":{\"@id\":\"https:\\\/\\\/ahorn-camp.de\\\/ahorn-camps-neues-logistikzentrum\\\/#primaryimage\"},\"image\":{\"@id\":\"https:\\\/\\\/ahorn-camp.de\\\/ahorn-camps-neues-logistikzentrum\\\/#primaryimage\"},\"thumbnailUrl\":\"https:\\\/\\\/ahorn-camp.de\\\/wp-content\\\/uploads\\\/2025\\\/12\\\/Logistikzentrum.webp\",\"datePublished\":\"2025-12-12T09:06:53+00:00\",\"dateModified\":\"2025-12-12T10:40:25+00:00\",\"description\":\"Ahorn Camp er\u00f6ffnet in Speyer ein neues Logistikzentrum mit Fokus auf Effizienz, Nachhaltigkeit und strategisches Wachstum.\",\"breadcrumb\":{\"@id\":\"https:\\\/\\\/ahorn-camp.de\\\/ahorn-camps-neues-logistikzentrum\\\/#breadcrumb\"},\"inLanguage\":\"fr-FR\",\"potentialAction\":[{\"@type\":\"ReadAction\",\"target\":[\"https:\\\/\\\/ahorn-camp.de\\\/ahorn-camps-neues-logistikzentrum\\\/\"]}]},{\"@type\":\"ImageObject\",\"inLanguage\":\"fr-FR\",\"@id\":\"https:\\\/\\\/ahorn-camp.de\\\/ahorn-camps-neues-logistikzentrum\\\/#primaryimage\",\"url\":\"https:\\\/\\\/ahorn-camp.de\\\/wp-content\\\/uploads\\\/2025\\\/12\\\/Logistikzentrum.webp\",\"contentUrl\":\"https:\\\/\\\/ahorn-camp.de\\\/wp-content\\\/uploads\\\/2025\\\/12\\\/Logistikzentrum.webp\",\"width\":543,\"height\":353,\"caption\":\"Ahorns neues Logistikzentrum bei Er\u00f6ffnung\"},{\"@type\":\"BreadcrumbList\",\"@id\":\"https:\\\/\\\/ahorn-camp.de\\\/ahorn-camps-neues-logistikzentrum\\\/#breadcrumb\",\"itemListElement\":[{\"@type\":\"ListItem\",\"position\":1,\"name\":\"Startseite\",\"item\":\"https:\\\/\\\/ahorn-camp.de\\\/\"},{\"@type\":\"ListItem\",\"position\":2,\"name\":\"Ahorn Camp er\u00f6ffnet neues Logistikzentrum in Speyer \u2013 Effizienz, Nachhaltigkeit und strategisches Wachstum im Fokus\"}]},{\"@type\":\"WebSite\",\"@id\":\"https:\\\/\\\/ahorn-camp.de\\\/#website\",\"url\":\"https:\\\/\\\/ahorn-camp.de\\\/\",\"name\":\"Ahorn Camp | Reisemobile und Kastenwagen\",\"description\":\"Seit \u00fcber 30 Jahren vermarktet das Familienunternehmen, Ahorn Camp in Speyer, erfolgreich Wohnmobile und Kastenwagen zum besten Preis-Leistungsverh\u00e4ltnis.\",\"publisher\":{\"@id\":\"https:\\\/\\\/ahorn-camp.de\\\/#organization\"},\"potentialAction\":[{\"@type\":\"SearchAction\",\"target\":{\"@type\":\"EntryPoint\",\"urlTemplate\":\"https:\\\/\\\/ahorn-camp.de\\\/?s={search_term_string}\"},\"query-input\":{\"@type\":\"PropertyValueSpecification\",\"valueRequired\":true,\"valueName\":\"search_term_string\"}}],\"inLanguage\":\"fr-FR\"},{\"@type\":\"Organization\",\"@id\":\"https:\\\/\\\/ahorn-camp.de\\\/#organization\",\"name\":\"Ahorn Camp GmbH & Co. KG\",\"url\":\"https:\\\/\\\/ahorn-camp.de\\\/\",\"logo\":{\"@type\":\"ImageObject\",\"inLanguage\":\"fr-FR\",\"@id\":\"https:\\\/\\\/ahorn-camp.de\\\/#\\\/schema\\\/logo\\\/image\\\/\",\"url\":\"https:\\\/\\\/ahorn-camp.de\\\/wp-content\\\/uploads\\\/2018\\\/12\\\/Ahorn_Logo.jpg\",\"contentUrl\":\"https:\\\/\\\/ahorn-camp.de\\\/wp-content\\\/uploads\\\/2018\\\/12\\\/Ahorn_Logo.jpg\",\"width\":1437,\"height\":1000,\"caption\":\"Ahorn Camp GmbH & Co. KG\"},\"image\":{\"@id\":\"https:\\\/\\\/ahorn-camp.de\\\/#\\\/schema\\\/logo\\\/image\\\/\"},\"sameAs\":[\"https:\\\/\\\/www.facebook.com\\\/ahorn.wohnmobile\\\/\",\"https:\\\/\\\/www.instagram.com\\\/ahorn.camp\\\/\",\"https:\\\/\\\/www.youtube.com\\\/channel\\\/UCPFbPCts1JJ_A1k9vyH0yOQ\"]},{\"@type\":\"Person\",\"@id\":\"https:\\\/\\\/ahorn-camp.de\\\/#\\\/schema\\\/person\\\/9b60761ba82d5cb8e6db215a88925044\",\"name\":\"ahorn_admin\",\"image\":{\"@type\":\"ImageObject\",\"inLanguage\":\"fr-FR\",\"@id\":\"https:\\\/\\\/secure.gravatar.com\\\/avatar\\\/d96b9a078083b0c14cee48589feadd939c3cdd66547e2f3f1569470371daaaa5?s=96&d=mm&r=g\",\"url\":\"https:\\\/\\\/secure.gravatar.com\\\/avatar\\\/d96b9a078083b0c14cee48589feadd939c3cdd66547e2f3f1569470371daaaa5?s=96&d=mm&r=g\",\"contentUrl\":\"https:\\\/\\\/secure.gravatar.com\\\/avatar\\\/d96b9a078083b0c14cee48589feadd939c3cdd66547e2f3f1569470371daaaa5?s=96&d=mm&r=g\",\"caption\":\"ahorn_admin\"},\"sameAs\":[\"http:\\\/\\\/Ahorn%20Camp\"],\"url\":\"https:\\\/\\\/ahorn-camp.de\\\/fr\\\/author\\\/ahorn_admin\\\/\"}]}<\/script>\n<!-- \/ Yoast SEO plugin. -->","yoast_head_json":{"title":"Ahorn Camp inaugure un nouveau centre logistique","description":"Ahorn Camp inaugure \u00e0 Spire un nouveau centre logistique ax\u00e9 sur l&#x27;efficacit\u00e9, la durabilit\u00e9 et la croissance strat\u00e9gique.","robots":{"index":"index","follow":"follow","max-snippet":"max-snippet:-1","max-image-preview":"max-image-preview:large","max-video-preview":"max-video-preview:-1"},"canonical":"https:\/\/ahorn-camp.de\/fr\/le-nouveau-centre-logistique-dahorn-camp\/","og_locale":"fr_FR","og_type":"article","og_title":"Ahorn Camp er\u00f6ffnet neues Logistikzentrum","og_description":"Ahorn Camp er\u00f6ffnet in Speyer ein neues Logistikzentrum mit Fokus auf Effizienz, Nachhaltigkeit und strategisches Wachstum.","og_url":"https:\/\/ahorn-camp.de\/fr\/le-nouveau-centre-logistique-dahorn-camp\/","og_site_name":"Ahorn Camp | Reisemobile und Kastenwagen","article_publisher":"https:\/\/www.facebook.com\/ahorn.wohnmobile\/","article_published_time":"2025-12-12T09:06:53+00:00","article_modified_time":"2025-12-12T10:40:25+00:00","og_image":[{"width":543,"height":353,"url":"https:\/\/ahorn-camp.de\/wp-content\/uploads\/2025\/12\/Logistikzentrum.webp","type":"image\/webp"}],"author":"ahorn_admin","twitter_card":"summary_large_image","twitter_misc":{"\u00c9crit par":"ahorn_admin","Dur\u00e9e de lecture estim\u00e9e":"4 minutes"},"schema":{"@context":"https:\/\/schema.org","@graph":[{"@type":"Article","@id":"https:\/\/ahorn-camp.de\/ahorn-camps-neues-logistikzentrum\/#article","isPartOf":{"@id":"https:\/\/ahorn-camp.de\/ahorn-camps-neues-logistikzentrum\/"},"author":{"name":"ahorn_admin","@id":"https:\/\/ahorn-camp.de\/#\/schema\/person\/9b60761ba82d5cb8e6db215a88925044"},"headline":"Ahorn Camp er\u00f6ffnet neues Logistikzentrum in Speyer \u2013 Effizienz, Nachhaltigkeit und strategisches Wachstum im Fokus","datePublished":"2025-12-12T09:06:53+00:00","dateModified":"2025-12-12T10:40:25+00:00","mainEntityOfPage":{"@id":"https:\/\/ahorn-camp.de\/ahorn-camps-neues-logistikzentrum\/"},"wordCount":546,"publisher":{"@id":"https:\/\/ahorn-camp.de\/#organization"},"image":{"@id":"https:\/\/ahorn-camp.de\/ahorn-camps-neues-logistikzentrum\/#primaryimage"},"thumbnailUrl":"https:\/\/ahorn-camp.de\/wp-content\/uploads\/2025\/12\/Logistikzentrum.webp","articleSection":["Events &amp; Messen","Pressemitteilungen"],"inLanguage":"fr-FR"},{"@type":"WebPage","@id":"https:\/\/ahorn-camp.de\/ahorn-camps-neues-logistikzentrum\/","url":"https:\/\/ahorn-camp.de\/ahorn-camps-neues-logistikzentrum\/","name":"Ahorn Camp inaugure un nouveau centre logistique","isPartOf":{"@id":"https:\/\/ahorn-camp.de\/#website"},"primaryImageOfPage":{"@id":"https:\/\/ahorn-camp.de\/ahorn-camps-neues-logistikzentrum\/#primaryimage"},"image":{"@id":"https:\/\/ahorn-camp.de\/ahorn-camps-neues-logistikzentrum\/#primaryimage"},"thumbnailUrl":"https:\/\/ahorn-camp.de\/wp-content\/uploads\/2025\/12\/Logistikzentrum.webp","datePublished":"2025-12-12T09:06:53+00:00","dateModified":"2025-12-12T10:40:25+00:00","description":"Ahorn Camp inaugure \u00e0 Spire un nouveau centre logistique ax\u00e9 sur l&#x27;efficacit\u00e9, la durabilit\u00e9 et la croissance strat\u00e9gique.","breadcrumb":{"@id":"https:\/\/ahorn-camp.de\/ahorn-camps-neues-logistikzentrum\/#breadcrumb"},"inLanguage":"fr-FR","potentialAction":[{"@type":"ReadAction","target":["https:\/\/ahorn-camp.de\/ahorn-camps-neues-logistikzentrum\/"]}]},{"@type":"ImageObject","inLanguage":"fr-FR","@id":"https:\/\/ahorn-camp.de\/ahorn-camps-neues-logistikzentrum\/#primaryimage","url":"https:\/\/ahorn-camp.de\/wp-content\/uploads\/2025\/12\/Logistikzentrum.webp","contentUrl":"https:\/\/ahorn-camp.de\/wp-content\/uploads\/2025\/12\/Logistikzentrum.webp","width":543,"height":353,"caption":"Ahorns neues Logistikzentrum bei Er\u00f6ffnung"},{"@type":"BreadcrumbList","@id":"https:\/\/ahorn-camp.de\/ahorn-camps-neues-logistikzentrum\/#breadcrumb","itemListElement":[{"@type":"ListItem","position":1,"name":"Startseite","item":"https:\/\/ahorn-camp.de\/"},{"@type":"ListItem","position":2,"name":"Ahorn Camp er\u00f6ffnet neues Logistikzentrum in Speyer \u2013 Effizienz, Nachhaltigkeit und strategisches Wachstum im Fokus"}]},{"@type":"WebSite","@id":"https:\/\/ahorn-camp.de\/#website","url":"https:\/\/ahorn-camp.de\/","name":"Ahorn Camp | Camping-cars et fourgons am\u00e9nag\u00e9s","description":"Depuis plus de 30 ans, l'entreprise familiale, Ahorn Camp \u00e0 Speyer, commercialise avec succ\u00e8s des camping-cars et des fourgons au meilleur rapport qualit\u00e9-prix.","publisher":{"@id":"https:\/\/ahorn-camp.de\/#organization"},"potentialAction":[{"@type":"SearchAction","target":{"@type":"EntryPoint","urlTemplate":"https:\/\/ahorn-camp.de\/?s={search_term_string}"},"query-input":{"@type":"PropertyValueSpecification","valueRequired":true,"valueName":"search_term_string"}}],"inLanguage":"fr-FR"},{"@type":"Organization","@id":"https:\/\/ahorn-camp.de\/#organization","name":"Ahorn Camp GmbH &amp; Co. KG","url":"https:\/\/ahorn-camp.de\/","logo":{"@type":"ImageObject","inLanguage":"fr-FR","@id":"https:\/\/ahorn-camp.de\/#\/schema\/logo\/image\/","url":"https:\/\/ahorn-camp.de\/wp-content\/uploads\/2018\/12\/Ahorn_Logo.jpg","contentUrl":"https:\/\/ahorn-camp.de\/wp-content\/uploads\/2018\/12\/Ahorn_Logo.jpg","width":1437,"height":1000,"caption":"Ahorn Camp GmbH & Co. KG"},"image":{"@id":"https:\/\/ahorn-camp.de\/#\/schema\/logo\/image\/"},"sameAs":["https:\/\/www.facebook.com\/ahorn.wohnmobile\/","https:\/\/www.instagram.com\/ahorn.camp\/","https:\/\/www.youtube.com\/channel\/UCPFbPCts1JJ_A1k9vyH0yOQ"]},{"@type":"Person","@id":"https:\/\/ahorn-camp.de\/#\/schema\/person\/9b60761ba82d5cb8e6db215a88925044","name":"ahorn_admin","image":{"@type":"ImageObject","inLanguage":"fr-FR","@id":"https:\/\/secure.gravatar.com\/avatar\/d96b9a078083b0c14cee48589feadd939c3cdd66547e2f3f1569470371daaaa5?s=96&d=mm&r=g","url":"https:\/\/secure.gravatar.com\/avatar\/d96b9a078083b0c14cee48589feadd939c3cdd66547e2f3f1569470371daaaa5?s=96&d=mm&r=g","contentUrl":"https:\/\/secure.gravatar.com\/avatar\/d96b9a078083b0c14cee48589feadd939c3cdd66547e2f3f1569470371daaaa5?s=96&d=mm&r=g","caption":"ahorn_admin"},"sameAs":["http:\/\/Ahorn%20Camp"],"url":"https:\/\/ahorn-camp.de\/fr\/author\/ahorn_admin\/"}]}},"_links":{"self":[{"href":"https:\/\/ahorn-camp.de\/fr\/wp-json\/wp\/v2\/posts\/37035","targetHints":{"allow":["GET"]}}],"collection":[{"href":"https:\/\/ahorn-camp.de\/fr\/wp-json\/wp\/v2\/posts"}],"about":[{"href":"https:\/\/ahorn-camp.de\/fr\/wp-json\/wp\/v2\/types\/post"}],"author":[{"embeddable":true,"href":"https:\/\/ahorn-camp.de\/fr\/wp-json\/wp\/v2\/users\/2"}],"replies":[{"embeddable":true,"href":"https:\/\/ahorn-camp.de\/fr\/wp-json\/wp\/v2\/comments?post=37035"}],"version-history":[{"count":3,"href":"https:\/\/ahorn-camp.de\/fr\/wp-json\/wp\/v2\/posts\/37035\/revisions"}],"predecessor-version":[{"id":37049,"href":"https:\/\/ahorn-camp.de\/fr\/wp-json\/wp\/v2\/posts\/37035\/revisions\/37049"}],"wp:featuredmedia":[{"embeddable":true,"href":"https:\/\/ahorn-camp.de\/fr\/wp-json\/wp\/v2\/media\/37036"}],"wp:attachment":[{"href":"https:\/\/ahorn-camp.de\/fr\/wp-json\/wp\/v2\/media?parent=37035"}],"wp:term":[{"taxonomy":"category","embeddable":true,"href":"https:\/\/ahorn-camp.de\/fr\/wp-json\/wp\/v2\/categories?post=37035"},{"taxonomy":"post_tag","embeddable":true,"href":"https:\/\/ahorn-camp.de\/fr\/wp-json\/wp\/v2\/tags?post=37035"}],"curies":[{"name":"wp","href":"https:\/\/api.w.org\/{rel}","templated":true}]}}