{"id":32314,"date":"2025-07-29T09:21:54","date_gmt":"2025-07-29T07:21:54","guid":{"rendered":"https:\/\/ahorn-camp.de\/?p=32314"},"modified":"2025-07-29T11:32:49","modified_gmt":"2025-07-29T09:32:49","slug":"article-devenement-de-lancement","status":"publish","type":"post","link":"https:\/\/ahorn-camp.de\/fr\/launch-event-artikel\/","title":{"rendered":"Ahorn Camp entame une nouvelle \u00e8re \u2013 L'\u00e9v\u00e9nement de lancement exclusif enthousiasme partenaires et presse \u00e0 Francfort"},"content":{"rendered":"<div data-elementor-type=\"wp-post\" data-elementor-id=\"32314\" class=\"elementor elementor-32314\" data-elementor-post-type=\"post\">\n\t\t\t\t\t\t<section class=\"elementor-section elementor-top-section elementor-element elementor-element-21ed8f4 elementor-section-stretched elementor-section-boxed elementor-section-height-default elementor-section-height-default\" data-id=\"21ed8f4\" data-element_type=\"section\" data-e-type=\"section\" data-settings=\"{&quot;stretch_section&quot;:&quot;section-stretched&quot;}\">\n\t\t\t\t\t\t<div class=\"elementor-container elementor-column-gap-default\">\n\t\t\t\t\t<div class=\"elementor-column elementor-col-100 elementor-top-column elementor-element elementor-element-11e1b3b\" data-id=\"11e1b3b\" data-element_type=\"column\" data-e-type=\"column\">\n\t\t\t<div class=\"elementor-widget-wrap elementor-element-populated\">\n\t\t\t\t\t\t<div class=\"elementor-element elementor-element-14f2af0 elementor-widget elementor-widget-heading\" data-id=\"14f2af0\" data-element_type=\"widget\" data-e-type=\"widget\" data-widget_type=\"heading.default\">\n\t\t\t\t<div class=\"elementor-widget-container\">\n\t\t\t\t\t<h1 class=\"elementor-heading-title elementor-size-default\">Ahorn Camp d\u00e9bute une nouvelle \u00e8re - L'\u00e9v\u00e9nement de lancement exclusif enthousiasme partenaires et presse \u00e0 Francfort<\/h1>\t\t\t\t<\/div>\n\t\t\t\t<\/div>\n\t\t\t\t<section class=\"elementor-section elementor-inner-section elementor-element elementor-element-0f71518 elementor-section-boxed elementor-section-height-default elementor-section-height-default\" data-id=\"0f71518\" data-element_type=\"section\" data-e-type=\"section\">\n\t\t\t\t\t\t<div class=\"elementor-container elementor-column-gap-default\">\n\t\t\t\t\t<div class=\"elementor-column elementor-col-50 elementor-inner-column elementor-element elementor-element-5418cd1\" data-id=\"5418cd1\" data-element_type=\"column\" data-e-type=\"column\">\n\t\t\t<div class=\"elementor-widget-wrap elementor-element-populated\">\n\t\t\t\t\t\t<div class=\"elementor-element elementor-element-013f92b elementor-widget elementor-widget-text-editor\" data-id=\"013f92b\" data-element_type=\"widget\" data-e-type=\"widget\" data-widget_type=\"text-editor.default\">\n\t\t\t\t<div class=\"elementor-widget-container\">\n\t\t\t\t\t\t\t\t\t<p>Dans l'ambiance \u00e9l\u00e9gante du Roomers Hotel Frankfurt, Ahorn Camp a marqu\u00e9 un coup d'envoi retentissant pour l'avenir : sous le slogan \u201e Une nouvelle \u00e8re commence \u201c, l'entreprise familiale forte de plus de 30 ans d'exp\u00e9rience dans le secteur a pr\u00e9sent\u00e9 pour la premi\u00e8re fois ses nouveaux mod\u00e8les CV 630 et T 690 \u2013 deux v\u00e9hicules qui illustrent la r\u00e9orientation de la marque.<\/p><p>Avant m\u00eame le lancement officiel au Caravan Salon de D\u00fcsseldorf, la presse invit\u00e9e, les partenaires commerciaux et les distributeurs ont d\u00e9couvert en exclusivit\u00e9 les deux nouveaux camping-cars. Tous deux sont bas\u00e9s sur le nouveau Renault Master et combinent une technologie innovante et un design moderne avec la plus haute qualit\u00e9 \u2013 fabriqu\u00e9s en coop\u00e9ration avec le groupe Erwin Hymer et sur un ch\u00e2ssis qui \u00e9tablit de nouvelles normes.<\/p>\t\t\t\t\t\t\t\t<\/div>\n\t\t\t\t<\/div>\n\t\t\t\t<div class=\"elementor-element elementor-element-bb570f3 elementor-widget elementor-widget-heading\" data-id=\"bb570f3\" data-element_type=\"widget\" data-e-type=\"widget\" data-widget_type=\"heading.default\">\n\t\t\t\t<div class=\"elementor-widget-container\">\n\t\t\t\t\t<h2 class=\"elementor-heading-title elementor-size-default\">Un avant-go\u00fbt de la nouvelle g\u00e9n\u00e9ration<\/h2>\t\t\t\t<\/div>\n\t\t\t\t<\/div>\n\t\t\t\t<div class=\"elementor-element elementor-element-2051c77 elementor-widget elementor-widget-text-editor\" data-id=\"2051c77\" data-element_type=\"widget\" data-e-type=\"widget\" data-widget_type=\"text-editor.default\">\n\t\t\t\t<div class=\"elementor-widget-container\">\n\t\t\t\t\t\t\t\t\t<p>D\u00e8s avant l'\u00e9v\u00e9nement, des influenceurs renomm\u00e9s des secteurs du camping, des voyages et de l'automobile ont profit\u00e9 de l'occasion pour produire du contenu exclusif autour des nouveaux v\u00e9hicules. Les images, vid\u00e9os et images \"behind-the-scenes\" qui en ont r\u00e9sult\u00e9 ont suscit\u00e9 une premi\u00e8re attention num\u00e9rique et g\u00e9n\u00e9r\u00e9 une forte port\u00e9e.<\/p><p><strong>L'\u00e9v\u00e9nement et la conf\u00e9rence de presse qui l'a pr\u00e9c\u00e9d\u00e9 \u00e9taient ax\u00e9s sur la pr\u00e9sentation des nouveaux mod\u00e8les<\/strong>, accompagn\u00e9 d'une table ronde inspirante avec des leaders de l'industrie, dont :<br \/><br \/><\/p><ul><li style=\"font-size: 20px; font-family: Roobert; color: black;\">Alexander Reichmann, directeur g\u00e9n\u00e9ral de Ahorn Camp<\/li><li style=\"font-size: 20px; color: black; font-family: Roobert;\">Zakaria Zeghari, VP Ventes et Marketing, Division V\u00e9hicules utilitaires de la Renault Group (Paris)<\/li><li style=\"font-size: 20px; font-family: Roobert; color: black;\">Ute Hofmann, Directrice G\u00e9n\u00e9rale Laika Caravans, Erwin Hymer Group<\/li><\/ul><p>Ensemble, ils ont donn\u00e9 un aper\u00e7u de l'orientation strat\u00e9gique, de la coop\u00e9ration \u00e9troite et du contexte de la nouvelle g\u00e9n\u00e9ration de mod\u00e8les. Il est ressorti clairement que : <strong>Ahorn Camp 2025 repr\u00e9sente une nouvelle \u00e8re<\/strong>, o\u00f9 la qualit\u00e9 et la technique sont au premier plan. <strong>Les deux nouveaux v\u00e9hicules soulignent cette ambition de mani\u00e8re impressionnante :<\/strong><\/p><p><strong>Ahorn Camp T 690<\/strong>:<br \/>Le nouveau T 690 combine un ch\u00e2ssis Renault moderne avec un confort de vie bien pens\u00e9 \u2013 et cela sur moins de 7 m\u00e8tres de long. Le nouveau Renault Master convainc par sa conduite silencieuse et efficace, ainsi que par de nombreux syst\u00e8mes d'assistance. \u00c0 l'int\u00e9rieur, la d\u00eenette avec banquette en L offre un espace de d\u00e9tente agr\u00e9able, tandis que les deux lits jumeaux \u00e0 l'arri\u00e8re peuvent \u00eatre r\u00e9unis pour former un grand lit double si n\u00e9cessaire. Au-dessus et en dessous des lits se trouvent de g\u00e9n\u00e9reux espaces de rangement, compl\u00e9t\u00e9s par une armoire et un grand miroir. La construction de meubles de haute qualit\u00e9, les appareils et \u00e9quipements de marque, l'\u00e9clairage d'ambiance \u00e0 LED et la porte de cellule XL de 60 cm de large avec entr\u00e9e basse compl\u00e8tent l'exp\u00e9rience de confort.<\/p><p><strong>Ahorn Camp CV 630<\/strong>:<br \/>Un camping-car qui allie aptitude \u00e0 un usage quotidien et v\u00e9ritable confort de voyage. Gr\u00e2ce \u00e0 une a\u00e9rodynamique optimis\u00e9e, des dimensions compactes et le syst\u00e8me domotique Revotion de s\u00e9rie, le CV 630 convainc sur le plan technique comme fonctionnel. Ses lits arri\u00e8re rabattables, ses meubles \u00e0 fermeture douce, ses matelas ergonomiques et son r\u00e9frig\u00e9rateur Dometic ouvrant des deux c\u00f4t\u00e9s en font le compagnon de voyage id\u00e9al, que ce soit pour des escapades improvis\u00e9es le week-end ou pour des p\u00e9riples plus longs.<\/p><div><span style=\"color: #2d2d2d; font-family: Roobert;\">\u00a0<\/span><\/div><p><strong>\u00a0<\/strong><\/p><h2 style=\"color: #133434; font-family: Roobert; font-size: 32px; padding-bottom: 24px;\">\u00c9change personnel dans une atmosph\u00e8re d\u00e9tendue<\/h2><p>Dans le cadre de l'\u00e9v\u00e9nement de lancement, pr\u00e8s de 80 invit\u00e9s ont profit\u00e9 de l'occasion pour discuter personnellement et r\u00e9seauter dans une atmosph\u00e8re d\u00e9tendue. Les boissons de bienvenue, le finger food et un d\u00eener commun ont cr\u00e9\u00e9 un environnement inspirant et une ambiance de bien-\u00eatre, accompagn\u00e9s musicalement par un DJ.<\/p><p>\u201e Avec cet \u00e9v\u00e9nement, nous voulions non seulement donner \u00e0 nos partenaires un aper\u00e7u exclusif de notre nouvelle g\u00e9n\u00e9ration de v\u00e9hicules, mais aussi leur faire sentir concr\u00e8tement ce que signifie \u201a Une nouvelle \u00e8re \u2018 pour Ahorn Camp\u201c, d\u00e9clare Franziska Reichmann, directrice g\u00e9n\u00e9rale et responsable du marketing chez Ahorn Camp. \u201e La r\u00e9ponse universellement positive nous montre que nous sommes sur la bonne voie \u2013 avec des v\u00e9hicules de pointe, des partenaires solides et une concentration claire sur les souhaits de nos clients \u201c, d\u00e9clare Alexander Reichmann, directeur g\u00e9n\u00e9ral chez Ahorn Camp.<\/p><p>Avec un design frais, des produits innovants et des coop\u00e9rations fortes, Ahorn Camp \u00e9tablit de nouvelles normes \u2013 tout en restant fid\u00e8le \u00e0 ses propres valeurs : accessible, juste, ind\u00e9pendant et passionn\u00e9 par l'avenir de la mobilit\u00e9.<\/p>\t\t\t\t\t\t\t\t<\/div>\n\t\t\t\t<\/div>\n\t\t\t\t<div class=\"elementor-element elementor-element-6a723ce elementor-widget elementor-widget-spacer\" data-id=\"6a723ce\" data-element_type=\"widget\" data-e-type=\"widget\" data-widget_type=\"spacer.default\">\n\t\t\t\t<div class=\"elementor-widget-container\">\n\t\t\t\t\t\t\t<div class=\"elementor-spacer\">\n\t\t\t<div class=\"elementor-spacer-inner\"><\/div>\n\t\t<\/div>\n\t\t\t\t\t\t<\/div>\n\t\t\t\t<\/div>\n\t\t\t\t\t<\/div>\n\t\t<\/div>\n\t\t\t\t<div class=\"elementor-column elementor-col-50 elementor-inner-column elementor-element elementor-element-d48e2a3\" data-id=\"d48e2a3\" data-element_type=\"column\" data-e-type=\"column\">\n\t\t\t<div class=\"elementor-widget-wrap elementor-element-populated\">\n\t\t\t\t\t\t<div class=\"elementor-element elementor-element-d625b51 elementor-widget elementor-widget-image\" data-id=\"d625b51\" data-element_type=\"widget\" data-e-type=\"widget\" data-widget_type=\"image.default\">\n\t\t\t\t<div class=\"elementor-widget-container\">\n\t\t\t\t\t\t\t\t\t\t\t\t<figure class=\"wp-caption\">\n\t\t\t\t\t\t\t\t\t\t<img fetchpriority=\"high\" decoding=\"async\" width=\"1024\" height=\"576\" src=\"https:\/\/ahorn-camp.de\/wp-content\/uploads\/2025\/07\/202507-Haendlertagung-FRA-53-1-1024x576.jpg\" class=\"attachment-large size-large wp-image-32319\" alt=\"\" srcset=\"https:\/\/ahorn-camp.de\/wp-content\/uploads\/2025\/07\/202507-Haendlertagung-FRA-53-1-1024x576.jpg 1024w, https:\/\/ahorn-camp.de\/wp-content\/uploads\/2025\/07\/202507-Haendlertagung-FRA-53-1-300x169.jpg 300w, https:\/\/ahorn-camp.de\/wp-content\/uploads\/2025\/07\/202507-Haendlertagung-FRA-53-1-768x432.jpg 768w, https:\/\/ahorn-camp.de\/wp-content\/uploads\/2025\/07\/202507-Haendlertagung-FRA-53-1-800x450.jpg 800w, https:\/\/ahorn-camp.de\/wp-content\/uploads\/2025\/07\/202507-Haendlertagung-FRA-53-1-1536x864.jpg 1536w, https:\/\/ahorn-camp.de\/wp-content\/uploads\/2025\/07\/202507-Haendlertagung-FRA-53-1-2048x1152.jpg 2048w, https:\/\/ahorn-camp.de\/wp-content\/uploads\/2025\/07\/202507-Haendlertagung-FRA-53-1-18x10.jpg 18w\" sizes=\"(max-width: 1024px) 100vw, 1024px\" \/>\t\t\t\t\t\t\t\t\t\t\t<figcaption class=\"widget-image-caption wp-caption-text\">Alliance forte pour une mobilit\u00e9 innovante - C\u00e9l\u00e9bration commune du lancement r\u00e9ussi de g. \u00e0 d. Zakaria Zeghari, Sabrina Liaigre (toutes deux Renault Group), Alexander et Franziska Reichmann (Ahorn Camp), Francois-Xavier de Bellefont (Renault Group), Ute Hofmann et Jan de Haas (Erwin Hymer Group)<\/figcaption>\n\t\t\t\t\t\t\t\t\t\t<\/figure>\n\t\t\t\t\t\t\t\t\t<\/div>\n\t\t\t\t<\/div>\n\t\t\t\t<div class=\"elementor-element elementor-element-a319190 elementor-widget elementor-widget-heading\" data-id=\"a319190\" data-element_type=\"widget\" data-e-type=\"widget\" data-widget_type=\"heading.default\">\n\t\t\t\t<div class=\"elementor-widget-container\">\n\t\t\t\t\t<h3 class=\"elementor-heading-title elementor-size-default\">T\u00e9l\u00e9chargement<\/h3>\t\t\t\t<\/div>\n\t\t\t\t<\/div>\n\t\t\t\t<div class=\"elementor-element elementor-element-99a1c84 elementor-widget elementor-widget-text-editor\" data-id=\"99a1c84\" data-element_type=\"widget\" data-e-type=\"widget\" data-widget_type=\"text-editor.default\">\n\t\t\t\t<div class=\"elementor-widget-container\">\n\t\t\t\t\t\t\t\t\t<p><a href=\"https:\/\/www.dropbox.com\/scl\/fo\/3gza03oda4rxjswj0wgo3\/ALWG6zr5Ofmj7Jk_VurVRV4?rlkey=293knyoiqtbr1gqhve87qd4vy&amp;st=cx4iwndk&amp;dl=0\">Mat\u00e9riel visuel | Dropbox<\/a><\/p>\t\t\t\t\t\t\t\t<\/div>\n\t\t\t\t<\/div>\n\t\t\t\t<div class=\"elementor-element elementor-element-50d0c4b elementor-widget elementor-widget-heading\" data-id=\"50d0c4b\" data-element_type=\"widget\" data-e-type=\"widget\" data-widget_type=\"heading.default\">\n\t\t\t\t<div class=\"elementor-widget-container\">\n\t\t\t\t\t<h3 class=\"elementor-heading-title elementor-size-default\">Contact presse<\/h3>\t\t\t\t<\/div>\n\t\t\t\t<\/div>\n\t\t\t\t<div class=\"elementor-element elementor-element-3ecb863 elementor-widget elementor-widget-text-editor\" data-id=\"3ecb863\" data-element_type=\"widget\" data-e-type=\"widget\" data-widget_type=\"text-editor.default\">\n\t\t\t\t<div class=\"elementor-widget-container\">\n\t\t\t\t\t\t\t\t\t<p>Franziska Reichmann<br \/>Responsable du Marketing<\/p><p>T\u00e9l. : +49 (0) 6232 \/ 10028-165<br \/>Fax : +49 (0) 6232 \/ 10028-105<\/p><p>email : <a href=\"mailto:f.reichmann@ahorn-camp.de\">f.reichmann@ahorn-camp.de<\/a><\/p><p>Toile <a href=\"https:\/\/ahorn-camp.de\/fr\/\">www.ahorn-camp.de<\/a><\/p>\t\t\t\t\t\t\t\t<\/div>\n\t\t\t\t<\/div>\n\t\t\t\t\t<\/div>\n\t\t<\/div>\n\t\t\t\t\t<\/div>\n\t\t<\/section>\n\t\t\t\t<div class=\"elementor-element elementor-element-fba0f26 elementor-widget elementor-widget-spacer\" data-id=\"fba0f26\" data-element_type=\"widget\" data-e-type=\"widget\" data-widget_type=\"spacer.default\">\n\t\t\t\t<div class=\"elementor-widget-container\">\n\t\t\t\t\t\t\t<div class=\"elementor-spacer\">\n\t\t\t<div class=\"elementor-spacer-inner\"><\/div>\n\t\t<\/div>\n\t\t\t\t\t\t<\/div>\n\t\t\t\t<\/div>\n\t\t\t\t\t<\/div>\n\t\t<\/div>\n\t\t\t\t\t<\/div>\n\t\t<\/section>\n\t\t\t\t<\/div>","protected":false},"excerpt":{"rendered":"<p>Dans le cadre \u00e9l\u00e9gant du Roomers Hotel Frankfurt, Ahorn Camp a marqu\u00e9 un tournant d\u00e9cisif pour l'avenir : sous le slogan \u201e Une nouvelle \u00e8re commence \u201c, l'entreprise familiale forte de plus de 30 ans d'exp\u00e9rience a pr\u00e9sent\u00e9 pour la premi\u00e8re fois ses nouveaux mod\u00e8les CV 630 et T 690.<\/p>","protected":false},"author":2,"featured_media":32318,"comment_status":"closed","ping_status":"closed","sticky":false,"template":"elementor_header_footer","format":"standard","meta":{"content-type":"","footnotes":""},"categories":[54,277],"tags":[],"class_list":["post-32314","post","type-post","status-publish","format-standard","has-post-thumbnail","hentry","category-messetermine","category-pressemitteilungen"],"yoast_head":"<!-- This site is optimized with the Yoast SEO plugin v28.4 - https:\/\/yoast.com\/product\/yoast-seo-wordpress\/ -->\n<title>Ahorn Camp pr\u00e4sentiert neue Modelle auf exklusiven Launch-Event<\/title>\n<meta name=\"description\" content=\"Das exklusive Launch-Event von Ahorn Camp l\u00e4utet mit der Vorstellung der neuen Modelle, eine neue \u00c4ra ein.\" \/>\n<meta name=\"robots\" content=\"index, follow, max-snippet:-1, max-image-preview:large, max-video-preview:-1\" \/>\n<link rel=\"canonical\" href=\"https:\/\/ahorn-camp.de\/fr\/article-devenement-de-lancement\/\" \/>\n<meta property=\"og:locale\" content=\"fr_FR\" \/>\n<meta property=\"og:type\" content=\"article\" \/>\n<meta property=\"og:title\" content=\"Ahorn Camp pr\u00e4sentiert neue Modelle auf exklusiven Launch-Event\" \/>\n<meta property=\"og:description\" content=\"Das exklusive Launch-Event von Ahorn Camp l\u00e4utet mit der Vorstellung der neuen Modelle, eine neue \u00c4ra ein.\" \/>\n<meta property=\"og:url\" content=\"https:\/\/ahorn-camp.de\/fr\/article-devenement-de-lancement\/\" \/>\n<meta property=\"og:site_name\" content=\"Ahorn Camp | Reisemobile und Kastenwagen\" \/>\n<meta property=\"article:publisher\" content=\"https:\/\/www.facebook.com\/ahorn.wohnmobile\/\" \/>\n<meta property=\"article:published_time\" content=\"2025-07-29T07:21:54+00:00\" \/>\n<meta property=\"article:modified_time\" content=\"2025-07-29T09:32:49+00:00\" \/>\n<meta property=\"og:image\" content=\"https:\/\/ahorn-camp.de\/wp-content\/uploads\/2025\/07\/202507-Haendlertagung-FRA-53-scaled-e1753709883983.webp\" \/>\n\t<meta property=\"og:image:width\" content=\"1920\" \/>\n\t<meta property=\"og:image:height\" content=\"1080\" \/>\n\t<meta property=\"og:image:type\" content=\"image\/webp\" \/>\n<meta name=\"author\" content=\"ahorn_admin\" \/>\n<meta name=\"twitter:card\" content=\"summary_large_image\" \/>\n<meta name=\"twitter:label1\" content=\"\u00c9crit par\" \/>\n\t<meta name=\"twitter:data1\" content=\"ahorn_admin\" \/>\n\t<meta name=\"twitter:label2\" content=\"Dur\u00e9e de lecture estim\u00e9e\" \/>\n\t<meta name=\"twitter:data2\" content=\"4 minutes\" \/>\n<script type=\"application\/ld+json\" class=\"yoast-schema-graph\">{\"@context\":\"https:\\\/\\\/schema.org\",\"@graph\":[{\"@type\":\"Article\",\"@id\":\"https:\\\/\\\/ahorn-camp.de\\\/launch-event-artikel\\\/#article\",\"isPartOf\":{\"@id\":\"https:\\\/\\\/ahorn-camp.de\\\/launch-event-artikel\\\/\"},\"author\":{\"name\":\"ahorn_admin\",\"@id\":\"https:\\\/\\\/ahorn-camp.de\\\/#\\\/schema\\\/person\\\/9b60761ba82d5cb8e6db215a88925044\"},\"headline\":\"Ahorn Camp startet in eine neue \u00c4ra &#8211; Exklusives Launch-Event begeistert Partner und Presse in Frankfurt\",\"datePublished\":\"2025-07-29T07:21:54+00:00\",\"dateModified\":\"2025-07-29T09:32:49+00:00\",\"mainEntityOfPage\":{\"@id\":\"https:\\\/\\\/ahorn-camp.de\\\/launch-event-artikel\\\/\"},\"wordCount\":696,\"publisher\":{\"@id\":\"https:\\\/\\\/ahorn-camp.de\\\/#organization\"},\"image\":{\"@id\":\"https:\\\/\\\/ahorn-camp.de\\\/launch-event-artikel\\\/#primaryimage\"},\"thumbnailUrl\":\"https:\\\/\\\/ahorn-camp.de\\\/wp-content\\\/uploads\\\/2025\\\/07\\\/202507-Haendlertagung-FRA-53-scaled-e1753709883983.webp\",\"articleSection\":[\"Events &amp; Messen\",\"Pressemitteilungen\"],\"inLanguage\":\"fr-FR\"},{\"@type\":\"WebPage\",\"@id\":\"https:\\\/\\\/ahorn-camp.de\\\/launch-event-artikel\\\/\",\"url\":\"https:\\\/\\\/ahorn-camp.de\\\/launch-event-artikel\\\/\",\"name\":\"Ahorn Camp pr\u00e4sentiert neue Modelle auf exklusiven Launch-Event\",\"isPartOf\":{\"@id\":\"https:\\\/\\\/ahorn-camp.de\\\/#website\"},\"primaryImageOfPage\":{\"@id\":\"https:\\\/\\\/ahorn-camp.de\\\/launch-event-artikel\\\/#primaryimage\"},\"image\":{\"@id\":\"https:\\\/\\\/ahorn-camp.de\\\/launch-event-artikel\\\/#primaryimage\"},\"thumbnailUrl\":\"https:\\\/\\\/ahorn-camp.de\\\/wp-content\\\/uploads\\\/2025\\\/07\\\/202507-Haendlertagung-FRA-53-scaled-e1753709883983.webp\",\"datePublished\":\"2025-07-29T07:21:54+00:00\",\"dateModified\":\"2025-07-29T09:32:49+00:00\",\"description\":\"Das exklusive Launch-Event von Ahorn Camp l\u00e4utet mit der Vorstellung der neuen Modelle, eine neue \u00c4ra ein.\",\"breadcrumb\":{\"@id\":\"https:\\\/\\\/ahorn-camp.de\\\/launch-event-artikel\\\/#breadcrumb\"},\"inLanguage\":\"fr-FR\",\"potentialAction\":[{\"@type\":\"ReadAction\",\"target\":[\"https:\\\/\\\/ahorn-camp.de\\\/launch-event-artikel\\\/\"]}]},{\"@type\":\"ImageObject\",\"inLanguage\":\"fr-FR\",\"@id\":\"https:\\\/\\\/ahorn-camp.de\\\/launch-event-artikel\\\/#primaryimage\",\"url\":\"https:\\\/\\\/ahorn-camp.de\\\/wp-content\\\/uploads\\\/2025\\\/07\\\/202507-Haendlertagung-FRA-53-scaled-e1753709883983.webp\",\"contentUrl\":\"https:\\\/\\\/ahorn-camp.de\\\/wp-content\\\/uploads\\\/2025\\\/07\\\/202507-Haendlertagung-FRA-53-scaled-e1753709883983.webp\",\"width\":1920,\"height\":1080},{\"@type\":\"BreadcrumbList\",\"@id\":\"https:\\\/\\\/ahorn-camp.de\\\/launch-event-artikel\\\/#breadcrumb\",\"itemListElement\":[{\"@type\":\"ListItem\",\"position\":1,\"name\":\"Startseite\",\"item\":\"https:\\\/\\\/ahorn-camp.de\\\/\"},{\"@type\":\"ListItem\",\"position\":2,\"name\":\"Ahorn Camp startet in eine neue \u00c4ra &#8211; Exklusives Launch-Event begeistert Partner und Presse in Frankfurt\"}]},{\"@type\":\"WebSite\",\"@id\":\"https:\\\/\\\/ahorn-camp.de\\\/#website\",\"url\":\"https:\\\/\\\/ahorn-camp.de\\\/\",\"name\":\"Ahorn Camp | Reisemobile und Kastenwagen\",\"description\":\"Seit \u00fcber 30 Jahren vermarktet das Familienunternehmen, Ahorn Camp in Speyer, erfolgreich Wohnmobile und Kastenwagen zum besten Preis-Leistungsverh\u00e4ltnis.\",\"publisher\":{\"@id\":\"https:\\\/\\\/ahorn-camp.de\\\/#organization\"},\"potentialAction\":[{\"@type\":\"SearchAction\",\"target\":{\"@type\":\"EntryPoint\",\"urlTemplate\":\"https:\\\/\\\/ahorn-camp.de\\\/?s={search_term_string}\"},\"query-input\":{\"@type\":\"PropertyValueSpecification\",\"valueRequired\":true,\"valueName\":\"search_term_string\"}}],\"inLanguage\":\"fr-FR\"},{\"@type\":\"Organization\",\"@id\":\"https:\\\/\\\/ahorn-camp.de\\\/#organization\",\"name\":\"Ahorn Camp GmbH & Co. KG\",\"url\":\"https:\\\/\\\/ahorn-camp.de\\\/\",\"logo\":{\"@type\":\"ImageObject\",\"inLanguage\":\"fr-FR\",\"@id\":\"https:\\\/\\\/ahorn-camp.de\\\/#\\\/schema\\\/logo\\\/image\\\/\",\"url\":\"https:\\\/\\\/ahorn-camp.de\\\/wp-content\\\/uploads\\\/2018\\\/12\\\/Ahorn_Logo.jpg\",\"contentUrl\":\"https:\\\/\\\/ahorn-camp.de\\\/wp-content\\\/uploads\\\/2018\\\/12\\\/Ahorn_Logo.jpg\",\"width\":1437,\"height\":1000,\"caption\":\"Ahorn Camp GmbH & Co. KG\"},\"image\":{\"@id\":\"https:\\\/\\\/ahorn-camp.de\\\/#\\\/schema\\\/logo\\\/image\\\/\"},\"sameAs\":[\"https:\\\/\\\/www.facebook.com\\\/ahorn.wohnmobile\\\/\",\"https:\\\/\\\/www.instagram.com\\\/ahorn.camp\\\/\",\"https:\\\/\\\/www.youtube.com\\\/channel\\\/UCPFbPCts1JJ_A1k9vyH0yOQ\"]},{\"@type\":\"Person\",\"@id\":\"https:\\\/\\\/ahorn-camp.de\\\/#\\\/schema\\\/person\\\/9b60761ba82d5cb8e6db215a88925044\",\"name\":\"ahorn_admin\",\"image\":{\"@type\":\"ImageObject\",\"inLanguage\":\"fr-FR\",\"@id\":\"https:\\\/\\\/secure.gravatar.com\\\/avatar\\\/d96b9a078083b0c14cee48589feadd939c3cdd66547e2f3f1569470371daaaa5?s=96&d=mm&r=g\",\"url\":\"https:\\\/\\\/secure.gravatar.com\\\/avatar\\\/d96b9a078083b0c14cee48589feadd939c3cdd66547e2f3f1569470371daaaa5?s=96&d=mm&r=g\",\"contentUrl\":\"https:\\\/\\\/secure.gravatar.com\\\/avatar\\\/d96b9a078083b0c14cee48589feadd939c3cdd66547e2f3f1569470371daaaa5?s=96&d=mm&r=g\",\"caption\":\"ahorn_admin\"},\"sameAs\":[\"http:\\\/\\\/Ahorn%20Camp\"],\"url\":\"https:\\\/\\\/ahorn-camp.de\\\/fr\\\/author\\\/ahorn_admin\\\/\"}]}<\/script>\n<!-- \/ Yoast SEO plugin. -->","yoast_head_json":{"title":"Ahorn Camp pr\u00e9sente de nouveaux mod\u00e8les lors d'un \u00e9v\u00e9nement de lancement exclusif","description":"L'\u00e9v\u00e9nement de lancement exclusif de Ahorn Camp inaugure une nouvelle \u00e8re avec la pr\u00e9sentation des nouveaux mod\u00e8les.","robots":{"index":"index","follow":"follow","max-snippet":"max-snippet:-1","max-image-preview":"max-image-preview:large","max-video-preview":"max-video-preview:-1"},"canonical":"https:\/\/ahorn-camp.de\/fr\/article-devenement-de-lancement\/","og_locale":"fr_FR","og_type":"article","og_title":"Ahorn Camp pr\u00e4sentiert neue Modelle auf exklusiven Launch-Event","og_description":"Das exklusive Launch-Event von Ahorn Camp l\u00e4utet mit der Vorstellung der neuen Modelle, eine neue \u00c4ra ein.","og_url":"https:\/\/ahorn-camp.de\/fr\/article-devenement-de-lancement\/","og_site_name":"Ahorn Camp | Reisemobile und Kastenwagen","article_publisher":"https:\/\/www.facebook.com\/ahorn.wohnmobile\/","article_published_time":"2025-07-29T07:21:54+00:00","article_modified_time":"2025-07-29T09:32:49+00:00","og_image":[{"width":1920,"height":1080,"url":"https:\/\/ahorn-camp.de\/wp-content\/uploads\/2025\/07\/202507-Haendlertagung-FRA-53-scaled-e1753709883983.webp","type":"image\/webp"}],"author":"ahorn_admin","twitter_card":"summary_large_image","twitter_misc":{"\u00c9crit par":"ahorn_admin","Dur\u00e9e de lecture estim\u00e9e":"4 minutes"},"schema":{"@context":"https:\/\/schema.org","@graph":[{"@type":"Article","@id":"https:\/\/ahorn-camp.de\/launch-event-artikel\/#article","isPartOf":{"@id":"https:\/\/ahorn-camp.de\/launch-event-artikel\/"},"author":{"name":"ahorn_admin","@id":"https:\/\/ahorn-camp.de\/#\/schema\/person\/9b60761ba82d5cb8e6db215a88925044"},"headline":"Ahorn Camp startet in eine neue \u00c4ra &#8211; Exklusives Launch-Event begeistert Partner und Presse in Frankfurt","datePublished":"2025-07-29T07:21:54+00:00","dateModified":"2025-07-29T09:32:49+00:00","mainEntityOfPage":{"@id":"https:\/\/ahorn-camp.de\/launch-event-artikel\/"},"wordCount":696,"publisher":{"@id":"https:\/\/ahorn-camp.de\/#organization"},"image":{"@id":"https:\/\/ahorn-camp.de\/launch-event-artikel\/#primaryimage"},"thumbnailUrl":"https:\/\/ahorn-camp.de\/wp-content\/uploads\/2025\/07\/202507-Haendlertagung-FRA-53-scaled-e1753709883983.webp","articleSection":["Events &amp; Messen","Pressemitteilungen"],"inLanguage":"fr-FR"},{"@type":"WebPage","@id":"https:\/\/ahorn-camp.de\/launch-event-artikel\/","url":"https:\/\/ahorn-camp.de\/launch-event-artikel\/","name":"Ahorn Camp pr\u00e9sente de nouveaux mod\u00e8les lors d'un \u00e9v\u00e9nement de lancement exclusif","isPartOf":{"@id":"https:\/\/ahorn-camp.de\/#website"},"primaryImageOfPage":{"@id":"https:\/\/ahorn-camp.de\/launch-event-artikel\/#primaryimage"},"image":{"@id":"https:\/\/ahorn-camp.de\/launch-event-artikel\/#primaryimage"},"thumbnailUrl":"https:\/\/ahorn-camp.de\/wp-content\/uploads\/2025\/07\/202507-Haendlertagung-FRA-53-scaled-e1753709883983.webp","datePublished":"2025-07-29T07:21:54+00:00","dateModified":"2025-07-29T09:32:49+00:00","description":"L'\u00e9v\u00e9nement de lancement exclusif de Ahorn Camp inaugure une nouvelle \u00e8re avec la pr\u00e9sentation des nouveaux mod\u00e8les.","breadcrumb":{"@id":"https:\/\/ahorn-camp.de\/launch-event-artikel\/#breadcrumb"},"inLanguage":"fr-FR","potentialAction":[{"@type":"ReadAction","target":["https:\/\/ahorn-camp.de\/launch-event-artikel\/"]}]},{"@type":"ImageObject","inLanguage":"fr-FR","@id":"https:\/\/ahorn-camp.de\/launch-event-artikel\/#primaryimage","url":"https:\/\/ahorn-camp.de\/wp-content\/uploads\/2025\/07\/202507-Haendlertagung-FRA-53-scaled-e1753709883983.webp","contentUrl":"https:\/\/ahorn-camp.de\/wp-content\/uploads\/2025\/07\/202507-Haendlertagung-FRA-53-scaled-e1753709883983.webp","width":1920,"height":1080},{"@type":"BreadcrumbList","@id":"https:\/\/ahorn-camp.de\/launch-event-artikel\/#breadcrumb","itemListElement":[{"@type":"ListItem","position":1,"name":"Startseite","item":"https:\/\/ahorn-camp.de\/"},{"@type":"ListItem","position":2,"name":"Ahorn Camp startet in eine neue \u00c4ra &#8211; Exklusives Launch-Event begeistert Partner und Presse in Frankfurt"}]},{"@type":"WebSite","@id":"https:\/\/ahorn-camp.de\/#website","url":"https:\/\/ahorn-camp.de\/","name":"Ahorn Camp | Camping-cars et fourgons am\u00e9nag\u00e9s","description":"Depuis plus de 30 ans, l'entreprise familiale, Ahorn Camp \u00e0 Speyer, commercialise avec succ\u00e8s des camping-cars et des fourgons au meilleur rapport qualit\u00e9-prix.","publisher":{"@id":"https:\/\/ahorn-camp.de\/#organization"},"potentialAction":[{"@type":"SearchAction","target":{"@type":"EntryPoint","urlTemplate":"https:\/\/ahorn-camp.de\/?s={search_term_string}"},"query-input":{"@type":"PropertyValueSpecification","valueRequired":true,"valueName":"search_term_string"}}],"inLanguage":"fr-FR"},{"@type":"Organization","@id":"https:\/\/ahorn-camp.de\/#organization","name":"Ahorn Camp GmbH &amp; Co. KG","url":"https:\/\/ahorn-camp.de\/","logo":{"@type":"ImageObject","inLanguage":"fr-FR","@id":"https:\/\/ahorn-camp.de\/#\/schema\/logo\/image\/","url":"https:\/\/ahorn-camp.de\/wp-content\/uploads\/2018\/12\/Ahorn_Logo.jpg","contentUrl":"https:\/\/ahorn-camp.de\/wp-content\/uploads\/2018\/12\/Ahorn_Logo.jpg","width":1437,"height":1000,"caption":"Ahorn Camp GmbH & Co. KG"},"image":{"@id":"https:\/\/ahorn-camp.de\/#\/schema\/logo\/image\/"},"sameAs":["https:\/\/www.facebook.com\/ahorn.wohnmobile\/","https:\/\/www.instagram.com\/ahorn.camp\/","https:\/\/www.youtube.com\/channel\/UCPFbPCts1JJ_A1k9vyH0yOQ"]},{"@type":"Person","@id":"https:\/\/ahorn-camp.de\/#\/schema\/person\/9b60761ba82d5cb8e6db215a88925044","name":"ahorn_admin","image":{"@type":"ImageObject","inLanguage":"fr-FR","@id":"https:\/\/secure.gravatar.com\/avatar\/d96b9a078083b0c14cee48589feadd939c3cdd66547e2f3f1569470371daaaa5?s=96&d=mm&r=g","url":"https:\/\/secure.gravatar.com\/avatar\/d96b9a078083b0c14cee48589feadd939c3cdd66547e2f3f1569470371daaaa5?s=96&d=mm&r=g","contentUrl":"https:\/\/secure.gravatar.com\/avatar\/d96b9a078083b0c14cee48589feadd939c3cdd66547e2f3f1569470371daaaa5?s=96&d=mm&r=g","caption":"ahorn_admin"},"sameAs":["http:\/\/Ahorn%20Camp"],"url":"https:\/\/ahorn-camp.de\/fr\/author\/ahorn_admin\/"}]}},"_links":{"self":[{"href":"https:\/\/ahorn-camp.de\/fr\/wp-json\/wp\/v2\/posts\/32314","targetHints":{"allow":["GET"]}}],"collection":[{"href":"https:\/\/ahorn-camp.de\/fr\/wp-json\/wp\/v2\/posts"}],"about":[{"href":"https:\/\/ahorn-camp.de\/fr\/wp-json\/wp\/v2\/types\/post"}],"author":[{"embeddable":true,"href":"https:\/\/ahorn-camp.de\/fr\/wp-json\/wp\/v2\/users\/2"}],"replies":[{"embeddable":true,"href":"https:\/\/ahorn-camp.de\/fr\/wp-json\/wp\/v2\/comments?post=32314"}],"version-history":[{"count":27,"href":"https:\/\/ahorn-camp.de\/fr\/wp-json\/wp\/v2\/posts\/32314\/revisions"}],"predecessor-version":[{"id":32378,"href":"https:\/\/ahorn-camp.de\/fr\/wp-json\/wp\/v2\/posts\/32314\/revisions\/32378"}],"wp:featuredmedia":[{"embeddable":true,"href":"https:\/\/ahorn-camp.de\/fr\/wp-json\/wp\/v2\/media\/32318"}],"wp:attachment":[{"href":"https:\/\/ahorn-camp.de\/fr\/wp-json\/wp\/v2\/media?parent=32314"}],"wp:term":[{"taxonomy":"category","embeddable":true,"href":"https:\/\/ahorn-camp.de\/fr\/wp-json\/wp\/v2\/categories?post=32314"},{"taxonomy":"post_tag","embeddable":true,"href":"https:\/\/ahorn-camp.de\/fr\/wp-json\/wp\/v2\/tags?post=32314"}],"curies":[{"name":"wp","href":"https:\/\/api.w.org\/{rel}","templated":true}]}}