{"id":32151,"date":"2025-07-24T10:14:54","date_gmt":"2025-07-24T08:14:54","guid":{"rendered":"https:\/\/ahorn-camp.de\/?p=32151"},"modified":"2025-07-28T15:09:11","modified_gmt":"2025-07-28T13:09:11","slug":"ahorn-camp-camping-cars-sur-renault","status":"publish","type":"post","link":"https:\/\/ahorn-camp.de\/fr\/ahorn-camp-wohnmobile-auf-renault\/","title":{"rendered":"Renault et Ahorn Camp inaugurent une nouvelle \u00e8re du camping-car avec la quatri\u00e8me g\u00e9n\u00e9ration de Renault Master"},"content":{"rendered":"<div data-elementor-type=\"wp-post\" data-elementor-id=\"32151\" class=\"elementor elementor-32151\" data-elementor-post-type=\"post\">\n\t\t\t\t\t\t<section class=\"elementor-section elementor-top-section elementor-element elementor-element-21ed8f4 elementor-section-stretched elementor-section-boxed elementor-section-height-default elementor-section-height-default\" data-id=\"21ed8f4\" data-element_type=\"section\" data-e-type=\"section\" data-settings=\"{&quot;stretch_section&quot;:&quot;section-stretched&quot;}\">\n\t\t\t\t\t\t<div class=\"elementor-container elementor-column-gap-default\">\n\t\t\t\t\t<div class=\"elementor-column elementor-col-100 elementor-top-column elementor-element elementor-element-11e1b3b\" data-id=\"11e1b3b\" data-element_type=\"column\" data-e-type=\"column\">\n\t\t\t<div class=\"elementor-widget-wrap elementor-element-populated\">\n\t\t\t\t\t\t<div class=\"elementor-element elementor-element-14f2af0 elementor-widget elementor-widget-heading\" data-id=\"14f2af0\" data-element_type=\"widget\" data-e-type=\"widget\" data-widget_type=\"heading.default\">\n\t\t\t\t<div class=\"elementor-widget-container\">\n\t\t\t\t\t<h1 class=\"elementor-heading-title elementor-size-default\">Renault et Ahorn Camp inaugurent une nouvelle \u00e8re du camping-car avec le nouveau Renault Master de quatri\u00e8me g\u00e9n\u00e9ration<\/h1>\t\t\t\t<\/div>\n\t\t\t\t<\/div>\n\t\t\t\t<div class=\"elementor-element elementor-element-0d35d7f elementor-widget elementor-widget-text-editor\" data-id=\"0d35d7f\" data-element_type=\"widget\" data-e-type=\"widget\" data-widget_type=\"text-editor.default\">\n\t\t\t\t<div class=\"elementor-widget-container\">\n\t\t\t\t\t\t\t\t\t<ul><li style=\"font-size: 20px !important; font-family: Roobert;\">Renault et Ahorn Camp pr\u00e9sentent la toute nouvelle gamme de camping-cars bas\u00e9e sur la quatri\u00e8me g\u00e9n\u00e9ration du Renault Master<\/li><li style=\"font-size: 20px !important; font-family: Roobert;\">Avec neuf camping-cars et deux vans am\u00e9nag\u00e9s pour chaque style de vie, la nouvelle gamme de mod\u00e8les \u00e9tablit de nouvelles r\u00e9f\u00e9rences en mati\u00e8re de voyage mobile.<\/li><li style=\"font-size: 20px !important; font-family: Roobert;\">Premi\u00e8re mondiale de la nouvelle s\u00e9rie Ahorn Camp au Salon du camping-car 2025 \u00e0 D\u00fcsseldorf du ao\u00fbt au 7 septembre<\/li><\/ul>\t\t\t\t\t\t\t\t<\/div>\n\t\t\t\t<\/div>\n\t\t\t\t<section class=\"elementor-section elementor-inner-section elementor-element elementor-element-0f71518 elementor-section-boxed elementor-section-height-default elementor-section-height-default\" data-id=\"0f71518\" data-element_type=\"section\" data-e-type=\"section\">\n\t\t\t\t\t\t<div class=\"elementor-container elementor-column-gap-default\">\n\t\t\t\t\t<div class=\"elementor-column elementor-col-50 elementor-inner-column elementor-element elementor-element-5418cd1\" data-id=\"5418cd1\" data-element_type=\"column\" data-e-type=\"column\">\n\t\t\t<div class=\"elementor-widget-wrap elementor-element-populated\">\n\t\t\t\t\t\t<div class=\"elementor-element elementor-element-bd77c29 elementor-widget elementor-widget-heading\" data-id=\"bd77c29\" data-element_type=\"widget\" data-e-type=\"widget\" data-widget_type=\"heading.default\">\n\t\t\t\t<div class=\"elementor-widget-container\">\n\t\t\t\t\t<h2 class=\"elementor-heading-title elementor-size-default\">Exclusif sur le nouveau Renault Master - La production en s\u00e9rie commence \u00e0 l'\u00e9t\u00e9 2025<\/h2>\t\t\t\t<\/div>\n\t\t\t\t<\/div>\n\t\t\t\t<div class=\"elementor-element elementor-element-013f92b elementor-widget elementor-widget-text-editor\" data-id=\"013f92b\" data-element_type=\"widget\" data-e-type=\"widget\" data-widget_type=\"text-editor.default\">\n\t\t\t\t<div class=\"elementor-widget-container\">\n\t\t\t\t\t\t\t\t\t<p>Renault, l'un des principaux constructeurs de v\u00e9hicules utilitaires l\u00e9gers en Europe, et Ahorn Camp, une marque de camping-cars bien \u00e9tablie en Allemagne, c\u00e9l\u00e8brent ensemble le lancement officiel de leur nouvelle g\u00e9n\u00e9ration de v\u00e9hicules de loisirs.<\/p><p>\u00c0 partir de l'\u00e9t\u00e9 2025, Ahorn Camp sera le premier constructeur \u00e0 baser toute sa gamme de mod\u00e8les exclusivement sur le nouveau Renault Master \u2013 produit en s\u00e9rie par la renomm\u00e9e Erwin Hymer Group, l'un des pionniers de la construction de camping-cars. La distribution sera assur\u00e9e par ses propres sites Ahorn Camp ainsi que par un r\u00e9seau complet de partenaires Renault dans toute l'Europe.<\/p>\t\t\t\t\t\t\t\t<\/div>\n\t\t\t\t<\/div>\n\t\t\t\t<div class=\"elementor-element elementor-element-5e7a9d6 elementor-widget elementor-widget-heading\" data-id=\"5e7a9d6\" data-element_type=\"widget\" data-e-type=\"widget\" data-widget_type=\"heading.default\">\n\t\t\t\t<div class=\"elementor-widget-container\">\n\t\t\t\t\t<h2 class=\"elementor-heading-title elementor-size-default\">De nouvelles normes dans l'industrie des camping-cars - Permises par un partenariat unique<\/h2>\t\t\t\t<\/div>\n\t\t\t\t<\/div>\n\t\t\t\t<div class=\"elementor-element elementor-element-2051c77 elementor-widget elementor-widget-text-editor\" data-id=\"2051c77\" data-element_type=\"widget\" data-e-type=\"widget\" data-widget_type=\"text-editor.default\">\n\t\t\t\t<div class=\"elementor-widget-container\">\n\t\t\t\t\t\t\t\t\t<p>La toute nouvelle gamme de mod\u00e8les de Ahorn Camp r\u00e9unit les forces de trois acteurs \u00e9prouv\u00e9s : l'efficacit\u00e9, la s\u00e9curit\u00e9 et la fiabilit\u00e9 du nouveau Renault Master en constituent la base solide. Le groupe Erwin Hymer garantit les plus hauts standards de qualit\u00e9 et de production. Ahorn Camp repr\u00e9sente en soi un design ax\u00e9 sur l'utilisateur, une esth\u00e9tique moderne et un rapport qualit\u00e9-prix convaincant \u2013 le tout int\u00e9gr\u00e9 dans un r\u00e9seau de concessionnaires et de services \u00e0 l'\u00e9chelle europ\u00e9enne.<\/p><p>Gr\u00e2ce aux nombreuses innovations du Renault Master, les voyageurs vivent un concept global bien pens\u00e9 avec les nouveaux mod\u00e8les Ahorn Camp :<br \/><br \/><\/p><ul><li style=\"font-size: 20px !important; font-family: Roobert;\"><strong>Efficacit\u00e9 \u00e9nerg\u00e9tique am\u00e9lior\u00e9e et faibles \u00e9missions :<\/strong> La conception a\u00e9rodynamique \u201e Aerovan \u201c ainsi que la plateforme multi-\u00e9nergies font du Renault Master le v\u00e9hicule le plus efficace de sa cat\u00e9gorie. Les camping-cars Ahorn misent sur les moteurs modernes diesels Blue dCi de 130 \u00e0 170 ch.<\/li><\/ul><ul><li style=\"font-size: 20px !important; font-family: Roobert;\"><strong>Nouvelle bo\u00eete automatique \u00e0 9 rapports :<\/strong> Pour encore plus de confort de conduite et un comportement routier souple.<\/li><\/ul><ul><li style=\"font-size: 20px !important; font-family: Roobert;\"><strong>S\u00e9curit\u00e9 maximale et stabilit\u00e9 de conduite :<\/strong> Gr\u00e2ce \u00e0 un ch\u00e2ssis renforc\u00e9, des syst\u00e8mes d'aide \u00e0 la conduite modernes (ADAS) et un syst\u00e8me de freinage intelligent.<\/li><\/ul><ul><li style=\"font-size: 20px !important; font-family: Roobert;\"><strong>Cockpit orient\u00e9 conducteur :<\/strong> Si\u00e8ges sportifs ergonomiques, un syst\u00e8me multim\u00e9dia de pointe avec des solutions de connectivit\u00e9 intelligentes et une cam\u00e9ra de recul de s\u00e9rie de Renault.<\/li><\/ul><ul><li style=\"font-size: 20px !important; font-family: Roobert;\"><strong>Service tout compris :<\/strong> Ahorn CampLe vaste r\u00e9seau de concessionnaires et de services garantit une s\u00e9curit\u00e9 maximale, quelle que soit la destination.<\/li><\/ul>\t\t\t\t\t\t\t\t<\/div>\n\t\t\t\t<\/div>\n\t\t\t\t\t<\/div>\n\t\t<\/div>\n\t\t\t\t<div class=\"elementor-column elementor-col-50 elementor-inner-column elementor-element elementor-element-d48e2a3\" data-id=\"d48e2a3\" data-element_type=\"column\" data-e-type=\"column\">\n\t\t\t<div class=\"elementor-widget-wrap elementor-element-populated\">\n\t\t\t\t\t\t<div class=\"elementor-element elementor-element-d625b51 elementor-widget elementor-widget-image\" data-id=\"d625b51\" data-element_type=\"widget\" data-e-type=\"widget\" data-widget_type=\"image.default\">\n\t\t\t\t<div class=\"elementor-widget-container\">\n\t\t\t\t\t\t\t\t\t\t\t\t\t\t\t<img fetchpriority=\"high\" decoding=\"async\" width=\"668\" height=\"415\" src=\"https:\/\/ahorn-camp.de\/wp-content\/uploads\/2025\/07\/Renault.webp\" class=\"attachment-large size-large wp-image-32152\" alt=\"Renault et Ahorn Camp avec Renault Master 4\" srcset=\"https:\/\/ahorn-camp.de\/wp-content\/uploads\/2025\/07\/Renault.webp 668w, https:\/\/ahorn-camp.de\/wp-content\/uploads\/2025\/07\/Renault-300x186.webp 300w, https:\/\/ahorn-camp.de\/wp-content\/uploads\/2025\/07\/Renault-18x12.webp 18w\" sizes=\"(max-width: 668px) 100vw, 668px\" \/>\t\t\t\t\t\t\t\t\t\t\t\t\t\t\t<\/div>\n\t\t\t\t<\/div>\n\t\t\t\t<div class=\"elementor-element elementor-element-f31b5cd elementor-widget elementor-widget-heading\" data-id=\"f31b5cd\" data-element_type=\"widget\" data-e-type=\"widget\" data-widget_type=\"heading.default\">\n\t\t\t\t<div class=\"elementor-widget-container\">\n\t\t\t\t\t<h3 class=\"elementor-heading-title elementor-size-default\">T\u00e9l\u00e9chargement<\/h3>\t\t\t\t<\/div>\n\t\t\t\t<\/div>\n\t\t\t\t<div class=\"elementor-element elementor-element-6142621 elementor-widget elementor-widget-text-editor\" data-id=\"6142621\" data-element_type=\"widget\" data-e-type=\"widget\" data-widget_type=\"text-editor.default\">\n\t\t\t\t<div class=\"elementor-widget-container\">\n\t\t\t\t\t\t\t\t\t<a href=\"https:\/\/www.dropbox.com\/scl\/fo\/6az2zdf3qhfukvtqjq3mp\/AI9E8a3xEZKVuPiBmHzHgMQ?rlkey=6jkj80h51420bgu6bm6nbiow9&amp;e=1&amp;st=8334l9o8&amp;dl=0\">Mat\u00e9riel visuel | Dropbox<\/a>\t\t\t\t\t\t\t\t<\/div>\n\t\t\t\t<\/div>\n\t\t\t\t<div class=\"elementor-element elementor-element-50d0c4b elementor-widget elementor-widget-heading\" data-id=\"50d0c4b\" data-element_type=\"widget\" data-e-type=\"widget\" data-widget_type=\"heading.default\">\n\t\t\t\t<div class=\"elementor-widget-container\">\n\t\t\t\t\t<h3 class=\"elementor-heading-title elementor-size-default\">Contact presse<\/h3>\t\t\t\t<\/div>\n\t\t\t\t<\/div>\n\t\t\t\t<div class=\"elementor-element elementor-element-3ecb863 elementor-widget elementor-widget-text-editor\" data-id=\"3ecb863\" data-element_type=\"widget\" data-e-type=\"widget\" data-widget_type=\"text-editor.default\">\n\t\t\t\t<div class=\"elementor-widget-container\">\n\t\t\t\t\t\t\t\t\t<p>Franziska Reichmann<br \/>Responsable du Marketing<\/p><p>T\u00e9l. : +49 (0) 6232 \/ 10028-165<br \/>Fax : +49 (0) 6232 \/ 10028-105<\/p><p>email : <a href=\"mailto:f.reichmann@ahorn-camp.de\">f.reichmann@ahorn-camp.de<\/a><\/p><p>Toile <a href=\"https:\/\/ahorn-camp.de\/fr\/\">www.ahorn-camp.de<\/a><\/p>\t\t\t\t\t\t\t\t<\/div>\n\t\t\t\t<\/div>\n\t\t\t\t\t<\/div>\n\t\t<\/div>\n\t\t\t\t\t<\/div>\n\t\t<\/section>\n\t\t\t\t\t<\/div>\n\t\t<\/div>\n\t\t\t\t\t<\/div>\n\t\t<\/section>\n\t\t\t\t<section class=\"elementor-section elementor-top-section elementor-element elementor-element-7c86e37 elementor-section-stretched elementor-section-boxed elementor-section-height-default elementor-section-height-default\" data-id=\"7c86e37\" data-element_type=\"section\" data-e-type=\"section\" data-settings=\"{&quot;stretch_section&quot;:&quot;section-stretched&quot;}\">\n\t\t\t\t\t\t<div class=\"elementor-container elementor-column-gap-default\">\n\t\t\t\t\t<div class=\"elementor-column elementor-col-100 elementor-top-column elementor-element elementor-element-c133234\" data-id=\"c133234\" data-element_type=\"column\" data-e-type=\"column\">\n\t\t\t<div class=\"elementor-widget-wrap elementor-element-populated\">\n\t\t\t\t\t\t<div class=\"elementor-element elementor-element-61eff39 elementor-widget elementor-widget-heading\" data-id=\"61eff39\" data-element_type=\"widget\" data-e-type=\"widget\" data-widget_type=\"heading.default\">\n\t\t\t\t<div class=\"elementor-widget-container\">\n\t\t\t\t\t<h2 class=\"elementor-heading-title elementor-size-default\">Neuf camping-cars, deux vans am\u00e9nag\u00e9s - Le v\u00e9hicule adapt\u00e9 \u00e0 chaque style de vie<\/h2>\t\t\t\t<\/div>\n\t\t\t\t<\/div>\n\t\t\t\t<div class=\"elementor-element elementor-element-70b32e5 elementor-widget elementor-widget-text-editor\" data-id=\"70b32e5\" data-element_type=\"widget\" data-e-type=\"widget\" data-widget_type=\"text-editor.default\">\n\t\t\t\t<div class=\"elementor-widget-container\">\n\t\t\t\t\t\t\t\t\t<p>La nouvelle gamme de produits comprend neuf plans de base diff\u00e9rents pour camping-cars et deux pour vans, sp\u00e9cifiquement con\u00e7us pour r\u00e9pondre aux besoins de divers groupes cibles \u2013 des familles aux caravaniers d\u00e9butants en passant par les globe-trotters exp\u00e9riment\u00e9s. Dot\u00e9s de technologies avanc\u00e9es tant au niveau du ch\u00e2ssis que de l'espace de vie, tous les mod\u00e8les offrent un confort de conduite et de vie maximal \u2013 pour un sentiment de chez-soi d\u00e8s le premier kilom\u00e8tre.<\/p><p>La nouvelle gamme convainc par sa qualit\u00e9 de premi\u00e8re classe et un rapport qualit\u00e9-prix attractif :<\/p><ul><li style=\"font-size: 20px; font-family: Roobert;\">Camping-cars \u00e0 partir de 52 800 \u20ac,<\/li><li style=\"font-size: 20px; font-family: Roobert;\">Camping-cars \u00e0 partir de 58 900 \u20ac.<\/li><\/ul>\t\t\t\t\t\t\t\t<\/div>\n\t\t\t\t<\/div>\n\t\t\t\t<div class=\"elementor-element elementor-element-e70cc3a elementor-widget elementor-widget-heading\" data-id=\"e70cc3a\" data-element_type=\"widget\" data-e-type=\"widget\" data-widget_type=\"heading.default\">\n\t\t\t\t<div class=\"elementor-widget-container\">\n\t\t\t\t\t<h2 class=\"elementor-heading-title elementor-size-default\">Un partenariat fiable comme moteur d'innovation<\/h2>\t\t\t\t<\/div>\n\t\t\t\t<\/div>\n\t\t\t\t<div class=\"elementor-element elementor-element-33ecd82 elementor-widget elementor-widget-text-editor\" data-id=\"33ecd82\" data-element_type=\"widget\" data-e-type=\"widget\" data-widget_type=\"text-editor.default\">\n\t\t\t\t<div class=\"elementor-widget-container\">\n\t\t\t\t\t\t\t\t\t<p>Ahorn Camp et Renault partagent une collaboration longue et fructueuse. Depuis 2014 d\u00e9j\u00e0, tous les camping-cars Ahorn Camp sont exclusivement bas\u00e9s sur des ch\u00e2ssis Renault. Trois g\u00e9n\u00e9rations de v\u00e9hicules du Renault Master ont depuis \u00e9t\u00e9 int\u00e9gr\u00e9es dans la production en s\u00e9rie de Ahorn Camp \u2013 cette continuit\u00e9 est unique dans le secteur.<\/p><p>La confiance de Ahorn Camp dans la force d'innovation et la fiabilit\u00e9 du Renault Master souligne la position particuli\u00e8re de la marque sur le segment des camping-cars. Le lancement de produit 2025 constitue un engagement fort des deux partenaires en faveur d'une mobilit\u00e9 d'avenir pour la communaut\u00e9 du camping.<\/p>\t\t\t\t\t\t\t\t<\/div>\n\t\t\t\t<\/div>\n\t\t\t\t<div class=\"elementor-element elementor-element-0c6fa03 elementor-widget elementor-widget-heading\" data-id=\"0c6fa03\" data-element_type=\"widget\" data-e-type=\"widget\" data-widget_type=\"heading.default\">\n\t\t\t\t<div class=\"elementor-widget-container\">\n\t\t\t\t\t<h2 class=\"elementor-heading-title elementor-size-default\">Premi\u00e8re mondiale au Caravan Salon 2025<\/h2>\t\t\t\t<\/div>\n\t\t\t\t<\/div>\n\t\t\t\t<div class=\"elementor-element elementor-element-c2e5ea1 elementor-widget elementor-widget-text-editor\" data-id=\"c2e5ea1\" data-element_type=\"widget\" data-e-type=\"widget\" data-widget_type=\"text-editor.default\">\n\t\t\t\t<div class=\"elementor-widget-container\">\n\t\t\t\t\t\t\t\t\t<p>Pour la premi\u00e8re fois, les nouveaux camping-cars Ahorn Camp seront pr\u00e9sent\u00e9s publiquement au Caravan Salon 2025 \u00e0 D\u00fcsseldorf, le salon leader mondial du voyage mobile. Du 29 ao\u00fbt au 7 septembre, les visiteurs pourront d\u00e9couvrir les v\u00e9hicules en personne. Certains mod\u00e8les seront pr\u00e9sent\u00e9s en avant-premi\u00e8re \u00e0 la presse et aux professionnels avant le salon.<\/p><p>Apr\u00e8s la premi\u00e8re, la distribution \u00e0 l'\u00e9chelle europ\u00e9enne d\u00e9butera en Allemagne, via les succursales Ahorn Camp et des partenaires Renault s\u00e9lectionn\u00e9s.<\/p><p><em>\u201e Cette nouvelle gamme de v\u00e9hicules red\u00e9finit les standards de l'industrie des camping-cars. En combinant notre expertise en design et en fabrication avec la technologie automobile innovante de Renault, nous pr\u00e9sentons une nouvelle g\u00e9n\u00e9ration qui red\u00e9finit la qualit\u00e9, l'efficacit\u00e9 et l'innovation. Ce partenariat repr\u00e9sente une \u00e9tape importante pour Ahorn Camp \u2013 et pour tous ceux qui appr\u00e9cient la mobilit\u00e9 intelligente et tourn\u00e9e vers l'avenir. \u201c<\/em><\/p><p><em>\u00a0<\/em><em>\u2013 Alexander Reichmann, PDG Ahorn Camp \u00a0\u2013<\/em><\/p>\t\t\t\t\t\t\t\t<\/div>\n\t\t\t\t<\/div>\n\t\t\t\t<div class=\"elementor-element elementor-element-bec7ce8 elementor-widget elementor-widget-button\" data-id=\"bec7ce8\" data-element_type=\"widget\" data-e-type=\"widget\" data-widget_type=\"button.default\">\n\t\t\t\t<div class=\"elementor-widget-container\">\n\t\t\t\t\t\t\t\t\t<div class=\"elementor-button-wrapper\">\n\t\t\t\t\t<a class=\"elementor-button elementor-button-link elementor-size-sm elementor-animation-grow\" href=\"https:\/\/ahorn-camp.de\/fr\/salon-de-la-caravane\/\">\n\t\t\t\t\t\t<span class=\"elementor-button-content-wrapper\">\n\t\t\t\t\t\t\t\t\t<span class=\"elementor-button-text\">D\u00e9couvrez maintenant le Ahorn Camp au Caravan Salon !<\/span>\n\t\t\t\t\t<\/span>\n\t\t\t\t\t<\/a>\n\t\t\t\t<\/div>\n\t\t\t\t\t\t\t\t<\/div>\n\t\t\t\t<\/div>\n\t\t\t\t<div class=\"elementor-element elementor-element-04fab24 elementor-widget elementor-widget-spacer\" data-id=\"04fab24\" data-element_type=\"widget\" data-e-type=\"widget\" data-widget_type=\"spacer.default\">\n\t\t\t\t<div class=\"elementor-widget-container\">\n\t\t\t\t\t\t\t<div class=\"elementor-spacer\">\n\t\t\t<div class=\"elementor-spacer-inner\"><\/div>\n\t\t<\/div>\n\t\t\t\t\t\t<\/div>\n\t\t\t\t<\/div>\n\t\t\t\t\t<\/div>\n\t\t<\/div>\n\t\t\t\t\t<\/div>\n\t\t<\/section>\n\t\t\t\t<\/div>","protected":false},"excerpt":{"rendered":"<p>Renault, l'un des principaux constructeurs de v\u00e9hicules utilitaires l\u00e9gers en Europe, et Ahorn Camp, une marque de camping-cars bien \u00e9tablie en Allemagne, c\u00e9l\u00e8brent ensemble le lancement officiel de leur nouvelle g\u00e9n\u00e9ration de v\u00e9hicules de loisirs.<\/p>","protected":false},"author":2,"featured_media":32152,"comment_status":"closed","ping_status":"closed","sticky":false,"template":"elementor_header_footer","format":"standard","meta":{"content-type":"","footnotes":""},"categories":[54,277],"tags":[],"class_list":["post-32151","post","type-post","status-publish","format-standard","has-post-thumbnail","hentry","category-messetermine","category-pressemitteilungen"],"yoast_head":"<!-- This site is optimized with the Yoast SEO plugin v28.4 - https:\/\/yoast.com\/product\/yoast-seo-wordpress\/ -->\n<title>Neue Ahorn Camp Wohnmobile auf Renault Master<\/title>\n<meta name=\"description\" content=\"Neue Ahorn Camp Wohnmobile auf Renault Master feiern Weltpremiere auf dem Caravan Salon. Entdecken Sie neun Modelle und zwei Campervans live\" \/>\n<meta name=\"robots\" content=\"index, follow, max-snippet:-1, max-image-preview:large, max-video-preview:-1\" \/>\n<link rel=\"canonical\" href=\"https:\/\/ahorn-camp.de\/fr\/ahorn-camp-camping-cars-sur-renault\/\" \/>\n<meta property=\"og:locale\" content=\"fr_FR\" \/>\n<meta property=\"og:type\" content=\"article\" \/>\n<meta property=\"og:title\" content=\"Neue Ahorn Camp Wohnmobile auf Renault Master\" \/>\n<meta property=\"og:description\" content=\"Neue Ahorn Camp Wohnmobile auf Renault Master feiern Weltpremiere auf dem Caravan Salon. Entdecken Sie neun Modelle und zwei Campervans live\" \/>\n<meta property=\"og:url\" content=\"https:\/\/ahorn-camp.de\/fr\/ahorn-camp-camping-cars-sur-renault\/\" \/>\n<meta property=\"og:site_name\" content=\"Ahorn Camp | Reisemobile und Kastenwagen\" \/>\n<meta property=\"article:publisher\" content=\"https:\/\/www.facebook.com\/ahorn.wohnmobile\/\" \/>\n<meta property=\"article:published_time\" content=\"2025-07-24T08:14:54+00:00\" \/>\n<meta property=\"article:modified_time\" content=\"2025-07-28T13:09:11+00:00\" \/>\n<meta property=\"og:image\" content=\"https:\/\/ahorn-camp.de\/wp-content\/uploads\/2025\/07\/Renault.webp\" \/>\n\t<meta property=\"og:image:width\" content=\"668\" \/>\n\t<meta property=\"og:image:height\" content=\"415\" \/>\n\t<meta property=\"og:image:type\" content=\"image\/webp\" \/>\n<meta name=\"author\" content=\"ahorn_admin\" \/>\n<meta name=\"twitter:card\" content=\"summary_large_image\" \/>\n<meta name=\"twitter:label1\" content=\"\u00c9crit par\" \/>\n\t<meta name=\"twitter:data1\" content=\"ahorn_admin\" \/>\n\t<meta name=\"twitter:label2\" content=\"Dur\u00e9e de lecture estim\u00e9e\" \/>\n\t<meta name=\"twitter:data2\" content=\"4 minutes\" \/>\n<script type=\"application\/ld+json\" class=\"yoast-schema-graph\">{\"@context\":\"https:\\\/\\\/schema.org\",\"@graph\":[{\"@type\":\"Article\",\"@id\":\"https:\\\/\\\/ahorn-camp.de\\\/ahorn-camp-wohnmobile-auf-renault\\\/#article\",\"isPartOf\":{\"@id\":\"https:\\\/\\\/ahorn-camp.de\\\/ahorn-camp-wohnmobile-auf-renault\\\/\"},\"author\":{\"name\":\"ahorn_admin\",\"@id\":\"https:\\\/\\\/ahorn-camp.de\\\/#\\\/schema\\\/person\\\/9b60761ba82d5cb8e6db215a88925044\"},\"headline\":\"Renault und Ahorn Camp l\u00e4uten eine neue Reisemobil-\u00c4ra mit dem Renault Master der vierten Generation ein\",\"datePublished\":\"2025-07-24T08:14:54+00:00\",\"dateModified\":\"2025-07-28T13:09:11+00:00\",\"mainEntityOfPage\":{\"@id\":\"https:\\\/\\\/ahorn-camp.de\\\/ahorn-camp-wohnmobile-auf-renault\\\/\"},\"wordCount\":721,\"publisher\":{\"@id\":\"https:\\\/\\\/ahorn-camp.de\\\/#organization\"},\"image\":{\"@id\":\"https:\\\/\\\/ahorn-camp.de\\\/ahorn-camp-wohnmobile-auf-renault\\\/#primaryimage\"},\"thumbnailUrl\":\"https:\\\/\\\/ahorn-camp.de\\\/wp-content\\\/uploads\\\/2025\\\/07\\\/Renault.webp\",\"articleSection\":[\"Events &amp; Messen\",\"Pressemitteilungen\"],\"inLanguage\":\"fr-FR\"},{\"@type\":\"WebPage\",\"@id\":\"https:\\\/\\\/ahorn-camp.de\\\/ahorn-camp-wohnmobile-auf-renault\\\/\",\"url\":\"https:\\\/\\\/ahorn-camp.de\\\/ahorn-camp-wohnmobile-auf-renault\\\/\",\"name\":\"Neue Ahorn Camp Wohnmobile auf Renault Master\",\"isPartOf\":{\"@id\":\"https:\\\/\\\/ahorn-camp.de\\\/#website\"},\"primaryImageOfPage\":{\"@id\":\"https:\\\/\\\/ahorn-camp.de\\\/ahorn-camp-wohnmobile-auf-renault\\\/#primaryimage\"},\"image\":{\"@id\":\"https:\\\/\\\/ahorn-camp.de\\\/ahorn-camp-wohnmobile-auf-renault\\\/#primaryimage\"},\"thumbnailUrl\":\"https:\\\/\\\/ahorn-camp.de\\\/wp-content\\\/uploads\\\/2025\\\/07\\\/Renault.webp\",\"datePublished\":\"2025-07-24T08:14:54+00:00\",\"dateModified\":\"2025-07-28T13:09:11+00:00\",\"description\":\"Neue Ahorn Camp Wohnmobile auf Renault Master feiern Weltpremiere auf dem Caravan Salon. Entdecken Sie neun Modelle und zwei Campervans live\",\"breadcrumb\":{\"@id\":\"https:\\\/\\\/ahorn-camp.de\\\/ahorn-camp-wohnmobile-auf-renault\\\/#breadcrumb\"},\"inLanguage\":\"fr-FR\",\"potentialAction\":[{\"@type\":\"ReadAction\",\"target\":[\"https:\\\/\\\/ahorn-camp.de\\\/ahorn-camp-wohnmobile-auf-renault\\\/\"]}]},{\"@type\":\"ImageObject\",\"inLanguage\":\"fr-FR\",\"@id\":\"https:\\\/\\\/ahorn-camp.de\\\/ahorn-camp-wohnmobile-auf-renault\\\/#primaryimage\",\"url\":\"https:\\\/\\\/ahorn-camp.de\\\/wp-content\\\/uploads\\\/2025\\\/07\\\/Renault.webp\",\"contentUrl\":\"https:\\\/\\\/ahorn-camp.de\\\/wp-content\\\/uploads\\\/2025\\\/07\\\/Renault.webp\",\"width\":668,\"height\":415,\"caption\":\"Renault und Ahorn Camp: Marktstart der neuen Reisemobil-Baureihe auf Basis des neuen Renault Master\"},{\"@type\":\"BreadcrumbList\",\"@id\":\"https:\\\/\\\/ahorn-camp.de\\\/ahorn-camp-wohnmobile-auf-renault\\\/#breadcrumb\",\"itemListElement\":[{\"@type\":\"ListItem\",\"position\":1,\"name\":\"Startseite\",\"item\":\"https:\\\/\\\/ahorn-camp.de\\\/\"},{\"@type\":\"ListItem\",\"position\":2,\"name\":\"Renault und Ahorn Camp l\u00e4uten eine neue Reisemobil-\u00c4ra mit dem Renault Master der vierten Generation ein\"}]},{\"@type\":\"WebSite\",\"@id\":\"https:\\\/\\\/ahorn-camp.de\\\/#website\",\"url\":\"https:\\\/\\\/ahorn-camp.de\\\/\",\"name\":\"Ahorn Camp | Reisemobile und Kastenwagen\",\"description\":\"Seit \u00fcber 30 Jahren vermarktet das Familienunternehmen, Ahorn Camp in Speyer, erfolgreich Wohnmobile und Kastenwagen zum besten Preis-Leistungsverh\u00e4ltnis.\",\"publisher\":{\"@id\":\"https:\\\/\\\/ahorn-camp.de\\\/#organization\"},\"potentialAction\":[{\"@type\":\"SearchAction\",\"target\":{\"@type\":\"EntryPoint\",\"urlTemplate\":\"https:\\\/\\\/ahorn-camp.de\\\/?s={search_term_string}\"},\"query-input\":{\"@type\":\"PropertyValueSpecification\",\"valueRequired\":true,\"valueName\":\"search_term_string\"}}],\"inLanguage\":\"fr-FR\"},{\"@type\":\"Organization\",\"@id\":\"https:\\\/\\\/ahorn-camp.de\\\/#organization\",\"name\":\"Ahorn Camp GmbH & Co. KG\",\"url\":\"https:\\\/\\\/ahorn-camp.de\\\/\",\"logo\":{\"@type\":\"ImageObject\",\"inLanguage\":\"fr-FR\",\"@id\":\"https:\\\/\\\/ahorn-camp.de\\\/#\\\/schema\\\/logo\\\/image\\\/\",\"url\":\"https:\\\/\\\/ahorn-camp.de\\\/wp-content\\\/uploads\\\/2018\\\/12\\\/Ahorn_Logo.jpg\",\"contentUrl\":\"https:\\\/\\\/ahorn-camp.de\\\/wp-content\\\/uploads\\\/2018\\\/12\\\/Ahorn_Logo.jpg\",\"width\":1437,\"height\":1000,\"caption\":\"Ahorn Camp GmbH & Co. KG\"},\"image\":{\"@id\":\"https:\\\/\\\/ahorn-camp.de\\\/#\\\/schema\\\/logo\\\/image\\\/\"},\"sameAs\":[\"https:\\\/\\\/www.facebook.com\\\/ahorn.wohnmobile\\\/\",\"https:\\\/\\\/www.instagram.com\\\/ahorn.camp\\\/\",\"https:\\\/\\\/www.youtube.com\\\/channel\\\/UCPFbPCts1JJ_A1k9vyH0yOQ\"]},{\"@type\":\"Person\",\"@id\":\"https:\\\/\\\/ahorn-camp.de\\\/#\\\/schema\\\/person\\\/9b60761ba82d5cb8e6db215a88925044\",\"name\":\"ahorn_admin\",\"image\":{\"@type\":\"ImageObject\",\"inLanguage\":\"fr-FR\",\"@id\":\"https:\\\/\\\/secure.gravatar.com\\\/avatar\\\/d96b9a078083b0c14cee48589feadd939c3cdd66547e2f3f1569470371daaaa5?s=96&d=mm&r=g\",\"url\":\"https:\\\/\\\/secure.gravatar.com\\\/avatar\\\/d96b9a078083b0c14cee48589feadd939c3cdd66547e2f3f1569470371daaaa5?s=96&d=mm&r=g\",\"contentUrl\":\"https:\\\/\\\/secure.gravatar.com\\\/avatar\\\/d96b9a078083b0c14cee48589feadd939c3cdd66547e2f3f1569470371daaaa5?s=96&d=mm&r=g\",\"caption\":\"ahorn_admin\"},\"sameAs\":[\"http:\\\/\\\/Ahorn%20Camp\"],\"url\":\"https:\\\/\\\/ahorn-camp.de\\\/fr\\\/author\\\/ahorn_admin\\\/\"}]}<\/script>\n<!-- \/ Yoast SEO plugin. -->","yoast_head_json":{"title":"Nouveaux camping-cars Ahorn Camp sur Renault Master","description":"Les nouveaux camping-cars Ahorn Camp sur Renault Master c\u00e9l\u00e8brent leur avant-premi\u00e8re mondiale au Caravan Salon. D\u00e9couvrez neuf mod\u00e8les et deux vans am\u00e9nag\u00e9s en direct","robots":{"index":"index","follow":"follow","max-snippet":"max-snippet:-1","max-image-preview":"max-image-preview:large","max-video-preview":"max-video-preview:-1"},"canonical":"https:\/\/ahorn-camp.de\/fr\/ahorn-camp-camping-cars-sur-renault\/","og_locale":"fr_FR","og_type":"article","og_title":"Neue Ahorn Camp Wohnmobile auf Renault Master","og_description":"Neue Ahorn Camp Wohnmobile auf Renault Master feiern Weltpremiere auf dem Caravan Salon. Entdecken Sie neun Modelle und zwei Campervans live","og_url":"https:\/\/ahorn-camp.de\/fr\/ahorn-camp-camping-cars-sur-renault\/","og_site_name":"Ahorn Camp | Reisemobile und Kastenwagen","article_publisher":"https:\/\/www.facebook.com\/ahorn.wohnmobile\/","article_published_time":"2025-07-24T08:14:54+00:00","article_modified_time":"2025-07-28T13:09:11+00:00","og_image":[{"width":668,"height":415,"url":"https:\/\/ahorn-camp.de\/wp-content\/uploads\/2025\/07\/Renault.webp","type":"image\/webp"}],"author":"ahorn_admin","twitter_card":"summary_large_image","twitter_misc":{"\u00c9crit par":"ahorn_admin","Dur\u00e9e de lecture estim\u00e9e":"4 minutes"},"schema":{"@context":"https:\/\/schema.org","@graph":[{"@type":"Article","@id":"https:\/\/ahorn-camp.de\/ahorn-camp-wohnmobile-auf-renault\/#article","isPartOf":{"@id":"https:\/\/ahorn-camp.de\/ahorn-camp-wohnmobile-auf-renault\/"},"author":{"name":"ahorn_admin","@id":"https:\/\/ahorn-camp.de\/#\/schema\/person\/9b60761ba82d5cb8e6db215a88925044"},"headline":"Renault und Ahorn Camp l\u00e4uten eine neue Reisemobil-\u00c4ra mit dem Renault Master der vierten Generation ein","datePublished":"2025-07-24T08:14:54+00:00","dateModified":"2025-07-28T13:09:11+00:00","mainEntityOfPage":{"@id":"https:\/\/ahorn-camp.de\/ahorn-camp-wohnmobile-auf-renault\/"},"wordCount":721,"publisher":{"@id":"https:\/\/ahorn-camp.de\/#organization"},"image":{"@id":"https:\/\/ahorn-camp.de\/ahorn-camp-wohnmobile-auf-renault\/#primaryimage"},"thumbnailUrl":"https:\/\/ahorn-camp.de\/wp-content\/uploads\/2025\/07\/Renault.webp","articleSection":["Events &amp; Messen","Pressemitteilungen"],"inLanguage":"fr-FR"},{"@type":"WebPage","@id":"https:\/\/ahorn-camp.de\/ahorn-camp-wohnmobile-auf-renault\/","url":"https:\/\/ahorn-camp.de\/ahorn-camp-wohnmobile-auf-renault\/","name":"Nouveaux camping-cars Ahorn Camp sur Renault Master","isPartOf":{"@id":"https:\/\/ahorn-camp.de\/#website"},"primaryImageOfPage":{"@id":"https:\/\/ahorn-camp.de\/ahorn-camp-wohnmobile-auf-renault\/#primaryimage"},"image":{"@id":"https:\/\/ahorn-camp.de\/ahorn-camp-wohnmobile-auf-renault\/#primaryimage"},"thumbnailUrl":"https:\/\/ahorn-camp.de\/wp-content\/uploads\/2025\/07\/Renault.webp","datePublished":"2025-07-24T08:14:54+00:00","dateModified":"2025-07-28T13:09:11+00:00","description":"Les nouveaux camping-cars Ahorn Camp sur Renault Master c\u00e9l\u00e8brent leur avant-premi\u00e8re mondiale au Caravan Salon. D\u00e9couvrez neuf mod\u00e8les et deux vans am\u00e9nag\u00e9s en direct","breadcrumb":{"@id":"https:\/\/ahorn-camp.de\/ahorn-camp-wohnmobile-auf-renault\/#breadcrumb"},"inLanguage":"fr-FR","potentialAction":[{"@type":"ReadAction","target":["https:\/\/ahorn-camp.de\/ahorn-camp-wohnmobile-auf-renault\/"]}]},{"@type":"ImageObject","inLanguage":"fr-FR","@id":"https:\/\/ahorn-camp.de\/ahorn-camp-wohnmobile-auf-renault\/#primaryimage","url":"https:\/\/ahorn-camp.de\/wp-content\/uploads\/2025\/07\/Renault.webp","contentUrl":"https:\/\/ahorn-camp.de\/wp-content\/uploads\/2025\/07\/Renault.webp","width":668,"height":415,"caption":"Renault und Ahorn Camp: Marktstart der neuen Reisemobil-Baureihe auf Basis des neuen Renault Master"},{"@type":"BreadcrumbList","@id":"https:\/\/ahorn-camp.de\/ahorn-camp-wohnmobile-auf-renault\/#breadcrumb","itemListElement":[{"@type":"ListItem","position":1,"name":"Startseite","item":"https:\/\/ahorn-camp.de\/"},{"@type":"ListItem","position":2,"name":"Renault und Ahorn Camp l\u00e4uten eine neue Reisemobil-\u00c4ra mit dem Renault Master der vierten Generation ein"}]},{"@type":"WebSite","@id":"https:\/\/ahorn-camp.de\/#website","url":"https:\/\/ahorn-camp.de\/","name":"Ahorn Camp | Camping-cars et fourgons am\u00e9nag\u00e9s","description":"Depuis plus de 30 ans, l'entreprise familiale, Ahorn Camp \u00e0 Speyer, commercialise avec succ\u00e8s des camping-cars et des fourgons au meilleur rapport qualit\u00e9-prix.","publisher":{"@id":"https:\/\/ahorn-camp.de\/#organization"},"potentialAction":[{"@type":"SearchAction","target":{"@type":"EntryPoint","urlTemplate":"https:\/\/ahorn-camp.de\/?s={search_term_string}"},"query-input":{"@type":"PropertyValueSpecification","valueRequired":true,"valueName":"search_term_string"}}],"inLanguage":"fr-FR"},{"@type":"Organization","@id":"https:\/\/ahorn-camp.de\/#organization","name":"Ahorn Camp GmbH &amp; Co. KG","url":"https:\/\/ahorn-camp.de\/","logo":{"@type":"ImageObject","inLanguage":"fr-FR","@id":"https:\/\/ahorn-camp.de\/#\/schema\/logo\/image\/","url":"https:\/\/ahorn-camp.de\/wp-content\/uploads\/2018\/12\/Ahorn_Logo.jpg","contentUrl":"https:\/\/ahorn-camp.de\/wp-content\/uploads\/2018\/12\/Ahorn_Logo.jpg","width":1437,"height":1000,"caption":"Ahorn Camp GmbH & Co. KG"},"image":{"@id":"https:\/\/ahorn-camp.de\/#\/schema\/logo\/image\/"},"sameAs":["https:\/\/www.facebook.com\/ahorn.wohnmobile\/","https:\/\/www.instagram.com\/ahorn.camp\/","https:\/\/www.youtube.com\/channel\/UCPFbPCts1JJ_A1k9vyH0yOQ"]},{"@type":"Person","@id":"https:\/\/ahorn-camp.de\/#\/schema\/person\/9b60761ba82d5cb8e6db215a88925044","name":"ahorn_admin","image":{"@type":"ImageObject","inLanguage":"fr-FR","@id":"https:\/\/secure.gravatar.com\/avatar\/d96b9a078083b0c14cee48589feadd939c3cdd66547e2f3f1569470371daaaa5?s=96&d=mm&r=g","url":"https:\/\/secure.gravatar.com\/avatar\/d96b9a078083b0c14cee48589feadd939c3cdd66547e2f3f1569470371daaaa5?s=96&d=mm&r=g","contentUrl":"https:\/\/secure.gravatar.com\/avatar\/d96b9a078083b0c14cee48589feadd939c3cdd66547e2f3f1569470371daaaa5?s=96&d=mm&r=g","caption":"ahorn_admin"},"sameAs":["http:\/\/Ahorn%20Camp"],"url":"https:\/\/ahorn-camp.de\/fr\/author\/ahorn_admin\/"}]}},"_links":{"self":[{"href":"https:\/\/ahorn-camp.de\/fr\/wp-json\/wp\/v2\/posts\/32151","targetHints":{"allow":["GET"]}}],"collection":[{"href":"https:\/\/ahorn-camp.de\/fr\/wp-json\/wp\/v2\/posts"}],"about":[{"href":"https:\/\/ahorn-camp.de\/fr\/wp-json\/wp\/v2\/types\/post"}],"author":[{"embeddable":true,"href":"https:\/\/ahorn-camp.de\/fr\/wp-json\/wp\/v2\/users\/2"}],"replies":[{"embeddable":true,"href":"https:\/\/ahorn-camp.de\/fr\/wp-json\/wp\/v2\/comments?post=32151"}],"version-history":[{"count":27,"href":"https:\/\/ahorn-camp.de\/fr\/wp-json\/wp\/v2\/posts\/32151\/revisions"}],"predecessor-version":[{"id":32313,"href":"https:\/\/ahorn-camp.de\/fr\/wp-json\/wp\/v2\/posts\/32151\/revisions\/32313"}],"wp:featuredmedia":[{"embeddable":true,"href":"https:\/\/ahorn-camp.de\/fr\/wp-json\/wp\/v2\/media\/32152"}],"wp:attachment":[{"href":"https:\/\/ahorn-camp.de\/fr\/wp-json\/wp\/v2\/media?parent=32151"}],"wp:term":[{"taxonomy":"category","embeddable":true,"href":"https:\/\/ahorn-camp.de\/fr\/wp-json\/wp\/v2\/categories?post=32151"},{"taxonomy":"post_tag","embeddable":true,"href":"https:\/\/ahorn-camp.de\/fr\/wp-json\/wp\/v2\/tags?post=32151"}],"curies":[{"name":"wp","href":"https:\/\/api.w.org\/{rel}","templated":true}]}}