{"id":3126,"date":"2019-12-12T13:42:57","date_gmt":"2019-12-12T12:42:57","guid":{"rendered":"https:\/\/ahorn-camp.de\/?p=3126"},"modified":"2022-04-25T15:39:00","modified_gmt":"2022-04-25T13:39:00","slug":"en-camping-car-a-travers-la-toscane","status":"publish","type":"post","link":"https:\/\/ahorn-camp.de\/fr\/mit-dem-camper-van-durch-die-toskana\/","title":{"rendered":"En camping-car \u00e0 travers la Toscane"},"content":{"rendered":"<p><strong>Voyage en camping-car en Toscane \u2013 Le voyage a commenc\u00e9 par un d\u00e9tour et une nuit pr\u00e8s de Heidelberg, car la prise en charge avait lieu \u00e0 Spire.<\/strong><br \/>\n<strong>Samedi matin, j'ai \u00e9t\u00e9 tr\u00e8s gentiment re\u00e7u par<a href=\"https:\/\/ahorn-camp.de\/fr\/\"> \u00c9quipe Ahorn<\/a> accueilli et install\u00e9 dans le v\u00e9hicule.<\/strong><\/p>\n<p>Avec toutes ces nouvelles impressions, nous sommes repartis en direction de Munich pour r\u00e9cup\u00e9rer mon compagnon de voyage. Apr\u00e8s avoir rapidement fait toutes les courses pour les deux prochaines semaines, nous \u00e9tions d\u00e9j\u00e0 en route pour notre premi\u00e8re destination. Arriv\u00e9s au Tyrol du Sud, aux Trois Cimes, le premier jour \u00e9tait termin\u00e9 et la nuit \u00e9tait tomb\u00e9e. Nous avons juste mang\u00e9 rapidement quelque chose, car nous voulions photographier le lever du soleil, une nuit tr\u00e8s courte nous attendait.<\/p>\n<p>Les photos \u00e9taient dans la bo\u00eete et nous avions d\u00e9j\u00e0 parcouru environ 15 km \u00e0 pied selon nos podom\u00e8tres. Le petit-d\u00e9jeuner est donc arriv\u00e9 \u00e0 point nomm\u00e9, que nous avons savour\u00e9 au soleil devant le camping-car. La route vers le lac de Garde s'est poursuivie par le Brenner. Arriv\u00e9s sur un parking \u00e0 Garda, non loin du lac, nous nous sommes d'abord d\u00e9gourdi les jambes et avons explor\u00e9 le centre-ville et la promenade. La soir\u00e9e s'est termin\u00e9e au bord du lac avec une d\u00e9licieuse pizza et un premier verre de vin.<\/p>\n<p><img fetchpriority=\"high\" decoding=\"async\" class=\"aligncenter\" title=\"En camping-car \u00e0 travers la Toscane\" src=\"https:\/\/ahorn-camp.de\/wp-content\/uploads\/2020\/01\/DJI_0101-scaled-682x374.jpg\" alt=\"En camping-car \u00e0 travers la Toscane\" width=\"669\" height=\"367\" \/><\/p>\n<blockquote>\n<hr \/>\n<p style=\"text-align: center;\">\u201eAvant de vouloir fermer les yeux, nous avons encore d\u00e9couvert la Voie lact\u00e9e dans le ciel !\u201c<\/p>\n<\/blockquote>\n<hr \/>\n<p>Apr\u00e8s le petit-d\u00e9jeuner, nous sommes all\u00e9s dans une \u00e9glise (<a href=\"https:\/\/de.wikipedia.org\/wiki\/Madonna_della_Corona_(Veneto)\" target=\"_blank\" rel=\"noopener noreferrer\">Madonna della Corona<\/a>), which was built very close to the rock. The next stop was supposed to be a beautiful spot right by the sea, built on steep slopes. Unfortunately, there were no parking\/overnight facilities nearby for the camper. So we decided to drive on to a campsite close to the sea. The next day we continued to Tuscany, with small towns like Volterra and San Gimignano on the agenda. Both places are located on a hill and offer a great view over Tuscany from up there. Below Volterra, we found a great spot to sleep. After a short night, we went up to the town for sunrise. The atmosphere in the morning was very beautiful, very quiet and peaceful, and we were really lucky with the weather.<\/p>\n<p>Apr\u00e8s deux autres nuits en Toscane, o\u00f9 nous avons visit\u00e9 quelques petites villes, d'autres spots photo et une source thermale, nous sommes partis pour Florence dans un camping. Il \u00e9tait situ\u00e9 dans la ville de Fiesole et de l\u00e0, nous avions une vue sur toute la ville. Nous y sommes rest\u00e9s deux nuits pour avoir l'occasion de laisser notre v\u00e9hicule tranquille. Nous avons visit\u00e9 Florence et la petite ville de Fiesole. Les deux sont absolument recommand\u00e9s sur le plan culinaire.<\/p>\n<p><img decoding=\"async\" class=\"aligncenter wp-image-4479\" title=\"En camping-car \u00e0 travers la Toscane\" src=\"https:\/\/ahorn-camp.de\/wp-content\/uploads\/2020\/03\/CamperVan_Toskana.jpg\" alt=\"En camping-car \u00e0 travers la Toscane\" width=\"669\" height=\"368\" srcset=\"https:\/\/ahorn-camp.de\/wp-content\/uploads\/2020\/03\/CamperVan_Toskana.jpg 1240w, https:\/\/ahorn-camp.de\/wp-content\/uploads\/2020\/03\/CamperVan_Toskana-300x165.jpg 300w, https:\/\/ahorn-camp.de\/wp-content\/uploads\/2020\/03\/CamperVan_Toskana-1024x562.jpg 1024w, https:\/\/ahorn-camp.de\/wp-content\/uploads\/2020\/03\/CamperVan_Toskana-768x422.jpg 768w, https:\/\/ahorn-camp.de\/wp-content\/uploads\/2020\/03\/CamperVan_Toskana-800x439.jpg 800w\" sizes=\"(max-width: 669px) 100vw, 669px\" \/><\/p>\n<hr \/>\n<blockquote>\n<p style=\"text-align: center;\">\u201eL'atmosph\u00e8re le matin \u00e9tait super belle, tr\u00e8s calme et tranquille !\u201c<\/p>\n<\/blockquote>\n<hr \/>\n<p>Ensuite, nous sommes retourn\u00e9s au lac de Garde, o\u00f9 nous avons tremp\u00e9 nos pieds dans l'eau de temps en temps et savour\u00e9 nos derni\u00e8res bonnes pizzas. Apr\u00e8s avoir d\u00e9pos\u00e9 Caro \u00e0 V\u00e9rone, j'ai continu\u00e9 vers la Suisse. Les temp\u00e9ratures y sont devenues plus froides, ici nous sommes mont\u00e9s \u00e0 plus de 2000 m\u00e8tres d'altitude. La prochaine \u00e9tape \u00e9tait Saint-Moritz. Le chemin m'a men\u00e9 sur de nombreuses routes de montagne et cols avec de superbes vues sur les montagnes et les environs. Avant de finalement reprendre le chemin du retour vers l'Allemagne, j'ai visit\u00e9 l'Appenzell en Suisse, puis j'ai mis le cap sur Spire.<\/p>\n<p>Mes derni\u00e8res nuits en camping-car m'ont beaucoup plu et j'ai encore bien profit\u00e9 avec des p\u00e2tes et du vin.<br \/>\nLa r\u00e9ception \u00e0 Spire s'est d\u00e9roul\u00e9e sans probl\u00e8me et j'ai \u00e9t\u00e9 tr\u00e8s bien accueilli \u00e0 nouveau.<\/p>\n<p>Pr\u00e9voyez-vous aussi un voyage en camping-car en Toscane ? <a href=\"https:\/\/ahorn-camp.de\/fr\/ahorn-camping-cars\/van\/\">Voici un aper\u00e7u de nos fourgons am\u00e9nag\u00e9s Maple.<\/a><\/p>\n<hr \/>\n<h6><u>Prochain compte rendu de voyage<\/u><\/h6>\n<p><a href=\"https:\/\/ahorn-camp.de\/fr\/mit-dem-wohnmobil-durch-die-endlose-weite-schottlands\/\"><img decoding=\"async\" class=\"alignleft wp-image-3125 size-medium\" src=\"https:\/\/ahorn-camp.de\/wp-content\/uploads\/2019\/05\/ahorn-full_res-3x2___7-300x200.jpg\" alt=\"\" width=\"300\" height=\"200\" srcset=\"https:\/\/ahorn-camp.de\/wp-content\/uploads\/2019\/05\/ahorn-full_res-3x2___7-300x200.jpg 300w, https:\/\/ahorn-camp.de\/wp-content\/uploads\/2019\/05\/ahorn-full_res-3x2___7-scaled-800x533.jpg 800w, https:\/\/ahorn-camp.de\/wp-content\/uploads\/2019\/05\/ahorn-full_res-3x2___7-1024x683.jpg 1024w, https:\/\/ahorn-camp.de\/wp-content\/uploads\/2019\/05\/ahorn-full_res-3x2___7-768x512.jpg 768w, https:\/\/ahorn-camp.de\/wp-content\/uploads\/2019\/05\/ahorn-full_res-3x2___7-1536x1024.jpg 1536w, https:\/\/ahorn-camp.de\/wp-content\/uploads\/2019\/05\/ahorn-full_res-3x2___7-2048x1365.jpg 2048w\" sizes=\"(max-width: 300px) 100vw, 300px\" \/><\/a><\/p>\n<p>&nbsp;<\/p>\n<p>&nbsp;<\/p>\n<p>&nbsp;<\/p>\n<p>&nbsp;<\/p>\n<p><a href=\"https:\/\/ahorn-camp.de\/fr\/mit-dem-wohnmobil-durch-die-endlose-weite-schottlands\/\" target=\"_blank\" rel=\"noopener noreferrer\">En camping-car \u00e0 travers l'immensit\u00e9 infinie de l'\u00c9cosse<\/a><\/p>","protected":false},"excerpt":{"rendered":"<p>\u201eL'atmosph\u00e8re le matin \u00e9tait super belle, tr\u00e8s calme et tranquille et nous avons vraiment eu de la chance avec le temps. Apr\u00e8s deux autres nuits en Toscane o\u00f9 nous avons visit\u00e9 quelques petites villes, d'autres spots photo et un bain thermal, nous sommes all\u00e9s \u00e0 Florence dans un camping. Il \u00e9tait situ\u00e9 dans la ville de Fiesole, de l\u00e0 nous avions une vue sur toute la ville.\u201c<\/p>","protected":false},"author":2,"featured_media":3127,"comment_status":"closed","ping_status":"closed","sticky":false,"template":"","format":"standard","meta":{"content-type":"","footnotes":""},"categories":[208],"tags":[],"class_list":["post-3126","post","type-post","status-publish","format-standard","has-post-thumbnail","hentry","category-blog"],"yoast_head":"<!-- This site is optimized with the Yoast SEO plugin v28.4 - https:\/\/yoast.com\/product\/yoast-seo-wordpress\/ -->\n<title>Mit dem Camper Van durch die Toskana - Ahorn Camp - Blog<\/title>\n<meta name=\"description\" content=\"Mit dem Camper Van durch die Toskana und die abwechslungsreiche Natur erleben. Ein Reisebericht \u00fcber die wundersch\u00f6ne Landschaft der Toskana.\" \/>\n<meta name=\"robots\" content=\"index, follow, max-snippet:-1, max-image-preview:large, max-video-preview:-1\" \/>\n<link rel=\"canonical\" href=\"https:\/\/ahorn-camp.de\/fr\/en-camping-car-a-travers-la-toscane\/\" \/>\n<meta property=\"og:locale\" content=\"fr_FR\" \/>\n<meta property=\"og:type\" content=\"article\" \/>\n<meta property=\"og:title\" content=\"Mit dem Camper Van durch die Toskana\" \/>\n<meta property=\"og:description\" content=\"Mit dem Camper Van durch die Toskana und die abwechslungsreiche Natur erleben. Ein Reisebericht \u00fcber die wundersch\u00f6ne Landschaft der Toskana.\" \/>\n<meta property=\"og:url\" content=\"https:\/\/ahorn-camp.de\/fr\/en-camping-car-a-travers-la-toscane\/\" \/>\n<meta property=\"og:site_name\" content=\"Ahorn Camp | Reisemobile und Kastenwagen\" \/>\n<meta property=\"article:publisher\" content=\"https:\/\/www.facebook.com\/ahorn.wohnmobile\/\" \/>\n<meta property=\"article:published_time\" content=\"2019-12-12T12:42:57+00:00\" \/>\n<meta property=\"article:modified_time\" content=\"2022-04-25T13:39:00+00:00\" \/>\n<meta name=\"author\" content=\"ahorn_admin\" \/>\n<meta name=\"twitter:card\" content=\"summary_large_image\" \/>\n<meta name=\"twitter:title\" content=\"Mit dem Camper Van durch die Toskana\" \/>\n<meta name=\"twitter:description\" content=\"Mit dem Camper Van durch die Toskana und die abwechslungsreiche Natur erleben. Ein Reisebericht \u00fcber die wundersch\u00f6ne Landschaft der Toskana.\" \/>\n<meta name=\"twitter:label1\" content=\"\u00c9crit par\" \/>\n\t<meta name=\"twitter:data1\" content=\"ahorn_admin\" \/>\n\t<meta name=\"twitter:label2\" content=\"Dur\u00e9e de lecture estim\u00e9e\" \/>\n\t<meta name=\"twitter:data2\" content=\"5 minutes\" \/>\n<script type=\"application\/ld+json\" class=\"yoast-schema-graph\">{\"@context\":\"https:\\\/\\\/schema.org\",\"@graph\":[{\"@type\":\"Article\",\"@id\":\"https:\\\/\\\/ahorn-camp.de\\\/mit-dem-camper-van-durch-die-toskana\\\/#article\",\"isPartOf\":{\"@id\":\"https:\\\/\\\/ahorn-camp.de\\\/mit-dem-camper-van-durch-die-toskana\\\/\"},\"author\":{\"name\":\"ahorn_admin\",\"@id\":\"https:\\\/\\\/ahorn-camp.de\\\/#\\\/schema\\\/person\\\/9b60761ba82d5cb8e6db215a88925044\"},\"headline\":\"Mit dem Camper Van durch die Toskana\",\"datePublished\":\"2019-12-12T12:42:57+00:00\",\"dateModified\":\"2022-04-25T13:39:00+00:00\",\"mainEntityOfPage\":{\"@id\":\"https:\\\/\\\/ahorn-camp.de\\\/mit-dem-camper-van-durch-die-toskana\\\/\"},\"wordCount\":672,\"publisher\":{\"@id\":\"https:\\\/\\\/ahorn-camp.de\\\/#organization\"},\"image\":{\"@id\":\"https:\\\/\\\/ahorn-camp.de\\\/mit-dem-camper-van-durch-die-toskana\\\/#primaryimage\"},\"thumbnailUrl\":\"https:\\\/\\\/ahorn-camp.de\\\/wp-content\\\/uploads\\\/2019\\\/12\\\/Toskana-mit-dem-Wohnmobil.jpg\",\"articleSection\":[\"Blog\"],\"inLanguage\":\"fr-FR\"},{\"@type\":\"WebPage\",\"@id\":\"https:\\\/\\\/ahorn-camp.de\\\/mit-dem-camper-van-durch-die-toskana\\\/\",\"url\":\"https:\\\/\\\/ahorn-camp.de\\\/mit-dem-camper-van-durch-die-toskana\\\/\",\"name\":\"Mit dem Camper Van durch die Toskana - Ahorn Camp - Blog\",\"isPartOf\":{\"@id\":\"https:\\\/\\\/ahorn-camp.de\\\/#website\"},\"primaryImageOfPage\":{\"@id\":\"https:\\\/\\\/ahorn-camp.de\\\/mit-dem-camper-van-durch-die-toskana\\\/#primaryimage\"},\"image\":{\"@id\":\"https:\\\/\\\/ahorn-camp.de\\\/mit-dem-camper-van-durch-die-toskana\\\/#primaryimage\"},\"thumbnailUrl\":\"https:\\\/\\\/ahorn-camp.de\\\/wp-content\\\/uploads\\\/2019\\\/12\\\/Toskana-mit-dem-Wohnmobil.jpg\",\"datePublished\":\"2019-12-12T12:42:57+00:00\",\"dateModified\":\"2022-04-25T13:39:00+00:00\",\"description\":\"Mit dem Camper Van durch die Toskana und die abwechslungsreiche Natur erleben. Ein Reisebericht \u00fcber die wundersch\u00f6ne Landschaft der Toskana.\",\"breadcrumb\":{\"@id\":\"https:\\\/\\\/ahorn-camp.de\\\/mit-dem-camper-van-durch-die-toskana\\\/#breadcrumb\"},\"inLanguage\":\"fr-FR\",\"potentialAction\":[{\"@type\":\"ReadAction\",\"target\":[\"https:\\\/\\\/ahorn-camp.de\\\/mit-dem-camper-van-durch-die-toskana\\\/\"]}]},{\"@type\":\"ImageObject\",\"inLanguage\":\"fr-FR\",\"@id\":\"https:\\\/\\\/ahorn-camp.de\\\/mit-dem-camper-van-durch-die-toskana\\\/#primaryimage\",\"url\":\"https:\\\/\\\/ahorn-camp.de\\\/wp-content\\\/uploads\\\/2019\\\/12\\\/Toskana-mit-dem-Wohnmobil.jpg\",\"contentUrl\":\"https:\\\/\\\/ahorn-camp.de\\\/wp-content\\\/uploads\\\/2019\\\/12\\\/Toskana-mit-dem-Wohnmobil.jpg\",\"width\":1500,\"height\":847},{\"@type\":\"BreadcrumbList\",\"@id\":\"https:\\\/\\\/ahorn-camp.de\\\/mit-dem-camper-van-durch-die-toskana\\\/#breadcrumb\",\"itemListElement\":[{\"@type\":\"ListItem\",\"position\":1,\"name\":\"Startseite\",\"item\":\"https:\\\/\\\/ahorn-camp.de\\\/\"},{\"@type\":\"ListItem\",\"position\":2,\"name\":\"Mit dem Camper Van durch die Toskana\"}]},{\"@type\":\"WebSite\",\"@id\":\"https:\\\/\\\/ahorn-camp.de\\\/#website\",\"url\":\"https:\\\/\\\/ahorn-camp.de\\\/\",\"name\":\"Ahorn Camp | Reisemobile und Kastenwagen\",\"description\":\"Seit \u00fcber 30 Jahren vermarktet das Familienunternehmen, Ahorn Camp in Speyer, erfolgreich Wohnmobile und Kastenwagen zum besten Preis-Leistungsverh\u00e4ltnis.\",\"publisher\":{\"@id\":\"https:\\\/\\\/ahorn-camp.de\\\/#organization\"},\"potentialAction\":[{\"@type\":\"SearchAction\",\"target\":{\"@type\":\"EntryPoint\",\"urlTemplate\":\"https:\\\/\\\/ahorn-camp.de\\\/?s={search_term_string}\"},\"query-input\":{\"@type\":\"PropertyValueSpecification\",\"valueRequired\":true,\"valueName\":\"search_term_string\"}}],\"inLanguage\":\"fr-FR\"},{\"@type\":\"Organization\",\"@id\":\"https:\\\/\\\/ahorn-camp.de\\\/#organization\",\"name\":\"Ahorn Camp GmbH & Co. KG\",\"url\":\"https:\\\/\\\/ahorn-camp.de\\\/\",\"logo\":{\"@type\":\"ImageObject\",\"inLanguage\":\"fr-FR\",\"@id\":\"https:\\\/\\\/ahorn-camp.de\\\/#\\\/schema\\\/logo\\\/image\\\/\",\"url\":\"https:\\\/\\\/ahorn-camp.de\\\/wp-content\\\/uploads\\\/2018\\\/12\\\/Ahorn_Logo.jpg\",\"contentUrl\":\"https:\\\/\\\/ahorn-camp.de\\\/wp-content\\\/uploads\\\/2018\\\/12\\\/Ahorn_Logo.jpg\",\"width\":1437,\"height\":1000,\"caption\":\"Ahorn Camp GmbH & Co. KG\"},\"image\":{\"@id\":\"https:\\\/\\\/ahorn-camp.de\\\/#\\\/schema\\\/logo\\\/image\\\/\"},\"sameAs\":[\"https:\\\/\\\/www.facebook.com\\\/ahorn.wohnmobile\\\/\",\"https:\\\/\\\/www.instagram.com\\\/ahorn.camp\\\/\",\"https:\\\/\\\/www.youtube.com\\\/channel\\\/UCPFbPCts1JJ_A1k9vyH0yOQ\"]},{\"@type\":\"Person\",\"@id\":\"https:\\\/\\\/ahorn-camp.de\\\/#\\\/schema\\\/person\\\/9b60761ba82d5cb8e6db215a88925044\",\"name\":\"ahorn_admin\",\"image\":{\"@type\":\"ImageObject\",\"inLanguage\":\"fr-FR\",\"@id\":\"https:\\\/\\\/secure.gravatar.com\\\/avatar\\\/d96b9a078083b0c14cee48589feadd939c3cdd66547e2f3f1569470371daaaa5?s=96&d=mm&r=g\",\"url\":\"https:\\\/\\\/secure.gravatar.com\\\/avatar\\\/d96b9a078083b0c14cee48589feadd939c3cdd66547e2f3f1569470371daaaa5?s=96&d=mm&r=g\",\"contentUrl\":\"https:\\\/\\\/secure.gravatar.com\\\/avatar\\\/d96b9a078083b0c14cee48589feadd939c3cdd66547e2f3f1569470371daaaa5?s=96&d=mm&r=g\",\"caption\":\"ahorn_admin\"},\"sameAs\":[\"http:\\\/\\\/Ahorn%20Camp\"],\"url\":\"https:\\\/\\\/ahorn-camp.de\\\/fr\\\/author\\\/ahorn_admin\\\/\"}]}<\/script>\n<!-- \/ Yoast SEO plugin. -->","yoast_head_json":{"title":"En camping-car \u00e0 travers la Toscane - Ahorn Camp - Blog","description":"Voyage en camping-car en Toscane et d\u00e9couverte d'une nature vari\u00e9e. Un r\u00e9cit de voyage sur le magnifique paysage de la Toscane.","robots":{"index":"index","follow":"follow","max-snippet":"max-snippet:-1","max-image-preview":"max-image-preview:large","max-video-preview":"max-video-preview:-1"},"canonical":"https:\/\/ahorn-camp.de\/fr\/en-camping-car-a-travers-la-toscane\/","og_locale":"fr_FR","og_type":"article","og_title":"Mit dem Camper Van durch die Toskana","og_description":"Mit dem Camper Van durch die Toskana und die abwechslungsreiche Natur erleben. Ein Reisebericht \u00fcber die wundersch\u00f6ne Landschaft der Toskana.","og_url":"https:\/\/ahorn-camp.de\/fr\/en-camping-car-a-travers-la-toscane\/","og_site_name":"Ahorn Camp | Reisemobile und Kastenwagen","article_publisher":"https:\/\/www.facebook.com\/ahorn.wohnmobile\/","article_published_time":"2019-12-12T12:42:57+00:00","article_modified_time":"2022-04-25T13:39:00+00:00","author":"ahorn_admin","twitter_card":"summary_large_image","twitter_title":"Mit dem Camper Van durch die Toskana","twitter_description":"Mit dem Camper Van durch die Toskana und die abwechslungsreiche Natur erleben. Ein Reisebericht \u00fcber die wundersch\u00f6ne Landschaft der Toskana.","twitter_misc":{"\u00c9crit par":"ahorn_admin","Dur\u00e9e de lecture estim\u00e9e":"5 minutes"},"schema":{"@context":"https:\/\/schema.org","@graph":[{"@type":"Article","@id":"https:\/\/ahorn-camp.de\/mit-dem-camper-van-durch-die-toskana\/#article","isPartOf":{"@id":"https:\/\/ahorn-camp.de\/mit-dem-camper-van-durch-die-toskana\/"},"author":{"name":"ahorn_admin","@id":"https:\/\/ahorn-camp.de\/#\/schema\/person\/9b60761ba82d5cb8e6db215a88925044"},"headline":"Mit dem Camper Van durch die Toskana","datePublished":"2019-12-12T12:42:57+00:00","dateModified":"2022-04-25T13:39:00+00:00","mainEntityOfPage":{"@id":"https:\/\/ahorn-camp.de\/mit-dem-camper-van-durch-die-toskana\/"},"wordCount":672,"publisher":{"@id":"https:\/\/ahorn-camp.de\/#organization"},"image":{"@id":"https:\/\/ahorn-camp.de\/mit-dem-camper-van-durch-die-toskana\/#primaryimage"},"thumbnailUrl":"https:\/\/ahorn-camp.de\/wp-content\/uploads\/2019\/12\/Toskana-mit-dem-Wohnmobil.jpg","articleSection":["Blog"],"inLanguage":"fr-FR"},{"@type":"WebPage","@id":"https:\/\/ahorn-camp.de\/mit-dem-camper-van-durch-die-toskana\/","url":"https:\/\/ahorn-camp.de\/mit-dem-camper-van-durch-die-toskana\/","name":"En camping-car \u00e0 travers la Toscane - Ahorn Camp - Blog","isPartOf":{"@id":"https:\/\/ahorn-camp.de\/#website"},"primaryImageOfPage":{"@id":"https:\/\/ahorn-camp.de\/mit-dem-camper-van-durch-die-toskana\/#primaryimage"},"image":{"@id":"https:\/\/ahorn-camp.de\/mit-dem-camper-van-durch-die-toskana\/#primaryimage"},"thumbnailUrl":"https:\/\/ahorn-camp.de\/wp-content\/uploads\/2019\/12\/Toskana-mit-dem-Wohnmobil.jpg","datePublished":"2019-12-12T12:42:57+00:00","dateModified":"2022-04-25T13:39:00+00:00","description":"Voyage en camping-car en Toscane et d\u00e9couverte d'une nature vari\u00e9e. Un r\u00e9cit de voyage sur le magnifique paysage de la Toscane.","breadcrumb":{"@id":"https:\/\/ahorn-camp.de\/mit-dem-camper-van-durch-die-toskana\/#breadcrumb"},"inLanguage":"fr-FR","potentialAction":[{"@type":"ReadAction","target":["https:\/\/ahorn-camp.de\/mit-dem-camper-van-durch-die-toskana\/"]}]},{"@type":"ImageObject","inLanguage":"fr-FR","@id":"https:\/\/ahorn-camp.de\/mit-dem-camper-van-durch-die-toskana\/#primaryimage","url":"https:\/\/ahorn-camp.de\/wp-content\/uploads\/2019\/12\/Toskana-mit-dem-Wohnmobil.jpg","contentUrl":"https:\/\/ahorn-camp.de\/wp-content\/uploads\/2019\/12\/Toskana-mit-dem-Wohnmobil.jpg","width":1500,"height":847},{"@type":"BreadcrumbList","@id":"https:\/\/ahorn-camp.de\/mit-dem-camper-van-durch-die-toskana\/#breadcrumb","itemListElement":[{"@type":"ListItem","position":1,"name":"Startseite","item":"https:\/\/ahorn-camp.de\/"},{"@type":"ListItem","position":2,"name":"Mit dem Camper Van durch die Toskana"}]},{"@type":"WebSite","@id":"https:\/\/ahorn-camp.de\/#website","url":"https:\/\/ahorn-camp.de\/","name":"Ahorn Camp | Camping-cars et fourgons am\u00e9nag\u00e9s","description":"Depuis plus de 30 ans, l'entreprise familiale, Ahorn Camp \u00e0 Speyer, commercialise avec succ\u00e8s des camping-cars et des fourgons au meilleur rapport qualit\u00e9-prix.","publisher":{"@id":"https:\/\/ahorn-camp.de\/#organization"},"potentialAction":[{"@type":"SearchAction","target":{"@type":"EntryPoint","urlTemplate":"https:\/\/ahorn-camp.de\/?s={search_term_string}"},"query-input":{"@type":"PropertyValueSpecification","valueRequired":true,"valueName":"search_term_string"}}],"inLanguage":"fr-FR"},{"@type":"Organization","@id":"https:\/\/ahorn-camp.de\/#organization","name":"Ahorn Camp GmbH &amp; Co. KG","url":"https:\/\/ahorn-camp.de\/","logo":{"@type":"ImageObject","inLanguage":"fr-FR","@id":"https:\/\/ahorn-camp.de\/#\/schema\/logo\/image\/","url":"https:\/\/ahorn-camp.de\/wp-content\/uploads\/2018\/12\/Ahorn_Logo.jpg","contentUrl":"https:\/\/ahorn-camp.de\/wp-content\/uploads\/2018\/12\/Ahorn_Logo.jpg","width":1437,"height":1000,"caption":"Ahorn Camp GmbH & Co. KG"},"image":{"@id":"https:\/\/ahorn-camp.de\/#\/schema\/logo\/image\/"},"sameAs":["https:\/\/www.facebook.com\/ahorn.wohnmobile\/","https:\/\/www.instagram.com\/ahorn.camp\/","https:\/\/www.youtube.com\/channel\/UCPFbPCts1JJ_A1k9vyH0yOQ"]},{"@type":"Person","@id":"https:\/\/ahorn-camp.de\/#\/schema\/person\/9b60761ba82d5cb8e6db215a88925044","name":"ahorn_admin","image":{"@type":"ImageObject","inLanguage":"fr-FR","@id":"https:\/\/secure.gravatar.com\/avatar\/d96b9a078083b0c14cee48589feadd939c3cdd66547e2f3f1569470371daaaa5?s=96&d=mm&r=g","url":"https:\/\/secure.gravatar.com\/avatar\/d96b9a078083b0c14cee48589feadd939c3cdd66547e2f3f1569470371daaaa5?s=96&d=mm&r=g","contentUrl":"https:\/\/secure.gravatar.com\/avatar\/d96b9a078083b0c14cee48589feadd939c3cdd66547e2f3f1569470371daaaa5?s=96&d=mm&r=g","caption":"ahorn_admin"},"sameAs":["http:\/\/Ahorn%20Camp"],"url":"https:\/\/ahorn-camp.de\/fr\/author\/ahorn_admin\/"}]}},"_links":{"self":[{"href":"https:\/\/ahorn-camp.de\/fr\/wp-json\/wp\/v2\/posts\/3126","targetHints":{"allow":["GET"]}}],"collection":[{"href":"https:\/\/ahorn-camp.de\/fr\/wp-json\/wp\/v2\/posts"}],"about":[{"href":"https:\/\/ahorn-camp.de\/fr\/wp-json\/wp\/v2\/types\/post"}],"author":[{"embeddable":true,"href":"https:\/\/ahorn-camp.de\/fr\/wp-json\/wp\/v2\/users\/2"}],"replies":[{"embeddable":true,"href":"https:\/\/ahorn-camp.de\/fr\/wp-json\/wp\/v2\/comments?post=3126"}],"version-history":[{"count":0,"href":"https:\/\/ahorn-camp.de\/fr\/wp-json\/wp\/v2\/posts\/3126\/revisions"}],"wp:featuredmedia":[{"embeddable":true,"href":"https:\/\/ahorn-camp.de\/fr\/wp-json\/wp\/v2\/media\/3127"}],"wp:attachment":[{"href":"https:\/\/ahorn-camp.de\/fr\/wp-json\/wp\/v2\/media?parent=3126"}],"wp:term":[{"taxonomy":"category","embeddable":true,"href":"https:\/\/ahorn-camp.de\/fr\/wp-json\/wp\/v2\/categories?post=3126"},{"taxonomy":"post_tag","embeddable":true,"href":"https:\/\/ahorn-camp.de\/fr\/wp-json\/wp\/v2\/tags?post=3126"}],"curies":[{"name":"wp","href":"https:\/\/api.w.org\/{rel}","templated":true}]}}