{"id":25071,"date":"2024-09-05T16:49:00","date_gmt":"2024-09-05T14:49:00","guid":{"rendered":"https:\/\/ahorn-camp.de\/?p=25071"},"modified":"2025-03-11T15:23:32","modified_gmt":"2025-03-11T14:23:32","slug":"le-camping-car-dor-2024","status":"publish","type":"post","link":"https:\/\/ahorn-camp.de\/fr\/das-goldene-reisemobil-2024\/","title":{"rendered":"Double succ\u00e8s pour Ahorn Camp au Golden Reisemobil 2024"},"content":{"rendered":"<div class=\"wpb-content-wrapper\"><div class=\"vc_row wpb_row vc_row-fluid\"><div class=\"wpb_column vc_column_container vc_col-sm-6\"><div class=\"vc_column-inner\"><div class=\"wpb_wrapper\">\n\t<div class=\"wpb_text_column wpb_content_element\" >\n\t\t<div class=\"wpb_wrapper\">\n\t\t\t<p><strong>D\u00fcsseldorf.\u00a0<\/strong>Pour la 10e fois d\u00e9j\u00e0, les lecteurs d'AUTO BILD REISEMOBIL ont \u00e9lu leurs camping-cars et accessoires pr\u00e9f\u00e9r\u00e9s dans un total de huit cat\u00e9gories. Lors de l'\u00e9lection annuelle des lecteurs, Ahorn Camp 2024 a convaincu dans deux cat\u00e9gories. La remise solennelle de ce prix de branche r\u00e9put\u00e9 a eu lieu le 2 septembre dans le cadre du Caravan Salon de D\u00fcsseldorf, l'un des \u00e9v\u00e9nements les plus importants du secteur du caravaning.<\/p>\n<p>Le camping-car ACA 640 a \u00e9t\u00e9 r\u00e9compens\u00e9 par la 2e place dans la cat\u00e9gorie \u201e Capucine \u201c et le van 620 Plus par la 3e place dans la cat\u00e9gorie \u201e Fourgon am\u00e9nag\u00e9 \u201c. Ces succ\u00e8s soulignent une fois de plus la qualit\u00e9, les performances et la fiabilit\u00e9 des camping-cars de Ahorn Camp.<\/p>\n<p>L'entreprise familiale, dont le si\u00e8ge est \u00e0 Speyer, mise sur une satisfaction client maximale et travaille en permanence au d\u00e9veloppement de ses vans et camping-cars. \u201e Le fait d'\u00eatre \u00e0 nouveau r\u00e9compens\u00e9s est une confirmation de nos efforts et une source de motivation. Cela nous incite \u00e0 continuer \u00e0 d\u00e9velopper des plans d'am\u00e9nagement innovants et ax\u00e9s sur le client, et \u00e0 privil\u00e9gier la qualit\u00e9 et le service haut de gamme \u201c, d\u00e9clare Alexander Reichmann, directeur g\u00e9n\u00e9ral de Ahorn Camp GmbH.<\/p>\n<p>\u201eNous sommes ravis de ce succ\u00e8s et remercions chaleureusement tous les lecteurs qui nous ont accord\u00e9 leur confiance et leur vote. C'est un grand honneur d'\u00eatre \u00e0 nouveau repr\u00e9sent\u00e9s avec deux mod\u00e8les sur la plus haute marche du podium de ce prix prestigieux \u201c, d\u00e9clare Franziska Reichmann, membre de la direction et responsable du marketing chez Ahorn Camp.<\/p>\n\n\t\t<\/div>\n\t<\/div>\n<\/div><\/div><\/div><div class=\"wpb_column vc_column_container vc_col-sm-6\"><div class=\"vc_column-inner\"><div class=\"wpb_wrapper\">\n\t<div  class=\"wpb_single_image wpb_content_element vc_align_left wpb_content_element\">\n\t\t\n\t\t<figure class=\"wpb_wrapper vc_figure\">\n\t\t\t<div class=\"vc_single_image-wrapper   vc_box_border_grey\"><img fetchpriority=\"high\" decoding=\"async\" width=\"800\" height=\"600\" src=\"https:\/\/ahorn-camp.de\/wp-content\/uploads\/2024\/09\/Aktuelles-Website.png\" class=\"vc_single_image-img attachment-full\" alt=\"\" title=\"Actualit\u00e9s - Site web\" srcset=\"https:\/\/ahorn-camp.de\/wp-content\/uploads\/2024\/09\/Aktuelles-Website.png 800w, https:\/\/ahorn-camp.de\/wp-content\/uploads\/2024\/09\/Aktuelles-Website-300x225.png 300w, https:\/\/ahorn-camp.de\/wp-content\/uploads\/2024\/09\/Aktuelles-Website-768x576.png 768w, https:\/\/ahorn-camp.de\/wp-content\/uploads\/2024\/09\/Aktuelles-Website-200x150.png 200w\" sizes=\"(max-width: 800px) 100vw, 800px\" \/><\/div>\n\t\t<\/figure>\n\t<\/div>\n<h3 style=\"text-align: left\" class=\"vc_custom_heading vc_do_custom_heading\" >T\u00c9L\u00c9CHARGER<\/h3>\n\t<div class=\"wpb_text_column wpb_content_element\" >\n\t\t<div class=\"wpb_wrapper\">\n\t\t\t<p><a href=\"https:\/\/ahorn-camp.de\/wp-content\/uploads\/2024\/09\/Pressemitteilung_DGRM2024.pdf\" target=\"_blank\" rel=\"noopener\">Communiqu\u00e9 de presse | PDF<\/a><\/p>\n\n\t\t<\/div>\n\t<\/div>\n\n\t<div class=\"wpb_text_column wpb_content_element\" >\n\t\t<div class=\"wpb_wrapper\">\n\t\t\t<p><a href=\"https:\/\/www.dropbox.com\/scl\/fo\/9vbcuub7unl6c5o1t1lm3\/AL3Q9fR9vwe_9gOIsDveXtE?rlkey=6lan9xhtg4hn3gbh6i5co330j&amp;st=eow4t6cq&amp;dl=0\" target=\"_blank\" rel=\"noopener\">Images | Dropbox<\/a><\/p>\n\n\t\t<\/div>\n\t<\/div>\n<h3 style=\"text-align: left\" class=\"vc_custom_heading vc_do_custom_heading\" >CONTACT PRESSE<\/h3>\n\t<div class=\"wpb_text_column wpb_content_element\" >\n\t\t<div class=\"wpb_wrapper\">\n\t\t\t<p>Franziska Reichmann<br \/>\nResponsable du Marketing<br \/>\nCourriel : f.reichmann@ahorn-camp.de<br \/>\nT\u00e9l. : +49 (0) 6232 \/ 10028-165<br \/>\nFax : +49 (0) 6232 \/ 10028-105<\/p>\n\n\t\t<\/div>\n\t<\/div>\n<\/div><\/div><\/div><\/div>\n<\/div>","protected":false},"excerpt":{"rendered":"<p>Les lecteurs d'AUTO BILD REISEMOBIL ont \u00e0 nouveau \u00e9lu leurs camping-cars pr\u00e9f\u00e9r\u00e9s. Lors de la remise annuelle des prix, Ahorn Camp s'est hiss\u00e9 sur la plus haute marche du podium avec le camping-car ACA 640 dans la cat\u00e9gorie \u201e Alc\u00f4ve \u201c, s'assurant la deuxi\u00e8me place, et avec le van 620 Plus dans la cat\u00e9gorie \u201e Fourgon am\u00e9nag\u00e9 \u201c, la troisi\u00e8me place.<\/p>","protected":false},"author":2,"featured_media":25070,"comment_status":"closed","ping_status":"closed","sticky":false,"template":"","format":"standard","meta":{"content-type":"","footnotes":""},"categories":[593,277,67],"tags":[],"class_list":["post-25071","post","type-post","status-publish","format-standard","has-post-thumbnail","hentry","category-auszeichnungen","category-pressemitteilungen","category-unternehmen"],"yoast_head":"<!-- This site is optimized with the Yoast SEO plugin v27.4 - https:\/\/yoast.com\/product\/yoast-seo-wordpress\/ -->\n<title>Doppelerfolg f\u00fcr Ahorn Camp beim Goldenen Reisemobil 2024<\/title>\n<meta name=\"description\" content=\"Bei der allj\u00e4hrlichen AUTO BILD REISEMOBIL Auszeichnung belegte Ahorn Camp mit dem Wohnmobil ACA 640 Platz 2 &amp; mit dem Van 620 Plus Platz 3.\" \/>\n<meta name=\"robots\" content=\"index, follow, max-snippet:-1, max-image-preview:large, max-video-preview:-1\" \/>\n<link rel=\"canonical\" href=\"https:\/\/ahorn-camp.de\/fr\/le-camping-car-dor-2024\/\" \/>\n<meta property=\"og:locale\" content=\"fr_FR\" \/>\n<meta property=\"og:type\" content=\"article\" \/>\n<meta property=\"og:title\" content=\"Doppelerfolg f\u00fcr Ahorn Camp beim Goldenen Reisemobil 2024\" \/>\n<meta property=\"og:description\" content=\"Bei der allj\u00e4hrlichen AUTO BILD REISEMOBIL Auszeichnung belegte Ahorn Camp mit dem Wohnmobil ACA 640 Platz 2 &amp; mit dem Van 620 Plus Platz 3.\" \/>\n<meta property=\"og:url\" content=\"https:\/\/ahorn-camp.de\/fr\/le-camping-car-dor-2024\/\" \/>\n<meta property=\"og:site_name\" content=\"Ahorn Camp | Reisemobile und Kastenwagen\" \/>\n<meta property=\"article:publisher\" content=\"https:\/\/www.facebook.com\/ahorn.wohnmobile\/\" \/>\n<meta property=\"article:published_time\" content=\"2024-09-05T14:49:00+00:00\" \/>\n<meta property=\"article:modified_time\" content=\"2025-03-11T14:23:32+00:00\" \/>\n<meta property=\"og:image\" content=\"https:\/\/ahorn-camp.de\/wp-content\/uploads\/2024\/09\/Aktuelles-Website.png\" \/>\n\t<meta property=\"og:image:width\" content=\"800\" \/>\n\t<meta property=\"og:image:height\" content=\"600\" \/>\n\t<meta property=\"og:image:type\" content=\"image\/png\" \/>\n<meta name=\"author\" content=\"ahorn_admin\" \/>\n<meta name=\"twitter:card\" content=\"summary_large_image\" \/>\n<meta name=\"twitter:label1\" content=\"\u00c9crit par\" \/>\n\t<meta name=\"twitter:data1\" content=\"ahorn_admin\" \/>\n\t<meta name=\"twitter:label2\" content=\"Dur\u00e9e de lecture estim\u00e9e\" \/>\n\t<meta name=\"twitter:data2\" content=\"2 minutes\" \/>\n<script type=\"application\/ld+json\" class=\"yoast-schema-graph\">{\"@context\":\"https:\\\/\\\/schema.org\",\"@graph\":[{\"@type\":\"Article\",\"@id\":\"https:\\\/\\\/ahorn-camp.de\\\/das-goldene-reisemobil-2024\\\/#article\",\"isPartOf\":{\"@id\":\"https:\\\/\\\/ahorn-camp.de\\\/das-goldene-reisemobil-2024\\\/\"},\"author\":{\"name\":\"ahorn_admin\",\"@id\":\"https:\\\/\\\/ahorn-camp.de\\\/#\\\/schema\\\/person\\\/9b60761ba82d5cb8e6db215a88925044\"},\"headline\":\"Doppelerfolg f\u00fcr Ahorn Camp beim Goldenen Reisemobil 2024\",\"datePublished\":\"2024-09-05T14:49:00+00:00\",\"dateModified\":\"2025-03-11T14:23:32+00:00\",\"mainEntityOfPage\":{\"@id\":\"https:\\\/\\\/ahorn-camp.de\\\/das-goldene-reisemobil-2024\\\/\"},\"wordCount\":326,\"publisher\":{\"@id\":\"https:\\\/\\\/ahorn-camp.de\\\/#organization\"},\"image\":{\"@id\":\"https:\\\/\\\/ahorn-camp.de\\\/das-goldene-reisemobil-2024\\\/#primaryimage\"},\"thumbnailUrl\":\"https:\\\/\\\/ahorn-camp.de\\\/wp-content\\\/uploads\\\/2024\\\/09\\\/Aktuelles-Website.png\",\"articleSection\":[\"Auszeichnungen\",\"Pressemitteilungen\",\"Unternehmen\"],\"inLanguage\":\"fr-FR\"},{\"@type\":\"WebPage\",\"@id\":\"https:\\\/\\\/ahorn-camp.de\\\/das-goldene-reisemobil-2024\\\/\",\"url\":\"https:\\\/\\\/ahorn-camp.de\\\/das-goldene-reisemobil-2024\\\/\",\"name\":\"Doppelerfolg f\u00fcr Ahorn Camp beim Goldenen Reisemobil 2024\",\"isPartOf\":{\"@id\":\"https:\\\/\\\/ahorn-camp.de\\\/#website\"},\"primaryImageOfPage\":{\"@id\":\"https:\\\/\\\/ahorn-camp.de\\\/das-goldene-reisemobil-2024\\\/#primaryimage\"},\"image\":{\"@id\":\"https:\\\/\\\/ahorn-camp.de\\\/das-goldene-reisemobil-2024\\\/#primaryimage\"},\"thumbnailUrl\":\"https:\\\/\\\/ahorn-camp.de\\\/wp-content\\\/uploads\\\/2024\\\/09\\\/Aktuelles-Website.png\",\"datePublished\":\"2024-09-05T14:49:00+00:00\",\"dateModified\":\"2025-03-11T14:23:32+00:00\",\"description\":\"Bei der allj\u00e4hrlichen AUTO BILD REISEMOBIL Auszeichnung belegte Ahorn Camp mit dem Wohnmobil ACA 640 Platz 2 & mit dem Van 620 Plus Platz 3.\",\"breadcrumb\":{\"@id\":\"https:\\\/\\\/ahorn-camp.de\\\/das-goldene-reisemobil-2024\\\/#breadcrumb\"},\"inLanguage\":\"fr-FR\",\"potentialAction\":[{\"@type\":\"ReadAction\",\"target\":[\"https:\\\/\\\/ahorn-camp.de\\\/das-goldene-reisemobil-2024\\\/\"]}]},{\"@type\":\"ImageObject\",\"inLanguage\":\"fr-FR\",\"@id\":\"https:\\\/\\\/ahorn-camp.de\\\/das-goldene-reisemobil-2024\\\/#primaryimage\",\"url\":\"https:\\\/\\\/ahorn-camp.de\\\/wp-content\\\/uploads\\\/2024\\\/09\\\/Aktuelles-Website.png\",\"contentUrl\":\"https:\\\/\\\/ahorn-camp.de\\\/wp-content\\\/uploads\\\/2024\\\/09\\\/Aktuelles-Website.png\",\"width\":800,\"height\":600},{\"@type\":\"BreadcrumbList\",\"@id\":\"https:\\\/\\\/ahorn-camp.de\\\/das-goldene-reisemobil-2024\\\/#breadcrumb\",\"itemListElement\":[{\"@type\":\"ListItem\",\"position\":1,\"name\":\"Startseite\",\"item\":\"https:\\\/\\\/ahorn-camp.de\\\/\"},{\"@type\":\"ListItem\",\"position\":2,\"name\":\"Doppelerfolg f\u00fcr Ahorn Camp beim Goldenen Reisemobil 2024\"}]},{\"@type\":\"WebSite\",\"@id\":\"https:\\\/\\\/ahorn-camp.de\\\/#website\",\"url\":\"https:\\\/\\\/ahorn-camp.de\\\/\",\"name\":\"Ahorn Camp | Reisemobile und Kastenwagen\",\"description\":\"Seit \u00fcber 30 Jahren vermarktet das Familienunternehmen, Ahorn Camp in Speyer, erfolgreich Wohnmobile und Kastenwagen zum besten Preis-Leistungsverh\u00e4ltnis.\",\"publisher\":{\"@id\":\"https:\\\/\\\/ahorn-camp.de\\\/#organization\"},\"potentialAction\":[{\"@type\":\"SearchAction\",\"target\":{\"@type\":\"EntryPoint\",\"urlTemplate\":\"https:\\\/\\\/ahorn-camp.de\\\/?s={search_term_string}\"},\"query-input\":{\"@type\":\"PropertyValueSpecification\",\"valueRequired\":true,\"valueName\":\"search_term_string\"}}],\"inLanguage\":\"fr-FR\"},{\"@type\":\"Organization\",\"@id\":\"https:\\\/\\\/ahorn-camp.de\\\/#organization\",\"name\":\"Ahorn Camp GmbH & Co. KG\",\"url\":\"https:\\\/\\\/ahorn-camp.de\\\/\",\"logo\":{\"@type\":\"ImageObject\",\"inLanguage\":\"fr-FR\",\"@id\":\"https:\\\/\\\/ahorn-camp.de\\\/#\\\/schema\\\/logo\\\/image\\\/\",\"url\":\"https:\\\/\\\/ahorn-camp.de\\\/wp-content\\\/uploads\\\/2018\\\/12\\\/Ahorn_Logo.jpg\",\"contentUrl\":\"https:\\\/\\\/ahorn-camp.de\\\/wp-content\\\/uploads\\\/2018\\\/12\\\/Ahorn_Logo.jpg\",\"width\":1437,\"height\":1000,\"caption\":\"Ahorn Camp GmbH & Co. KG\"},\"image\":{\"@id\":\"https:\\\/\\\/ahorn-camp.de\\\/#\\\/schema\\\/logo\\\/image\\\/\"},\"sameAs\":[\"https:\\\/\\\/www.facebook.com\\\/ahorn.wohnmobile\\\/\",\"https:\\\/\\\/www.instagram.com\\\/ahorn.camp\\\/\",\"https:\\\/\\\/www.youtube.com\\\/channel\\\/UCPFbPCts1JJ_A1k9vyH0yOQ\"]},{\"@type\":\"Person\",\"@id\":\"https:\\\/\\\/ahorn-camp.de\\\/#\\\/schema\\\/person\\\/9b60761ba82d5cb8e6db215a88925044\",\"name\":\"ahorn_admin\",\"image\":{\"@type\":\"ImageObject\",\"inLanguage\":\"fr-FR\",\"@id\":\"https:\\\/\\\/secure.gravatar.com\\\/avatar\\\/d96b9a078083b0c14cee48589feadd939c3cdd66547e2f3f1569470371daaaa5?s=96&d=mm&r=g\",\"url\":\"https:\\\/\\\/secure.gravatar.com\\\/avatar\\\/d96b9a078083b0c14cee48589feadd939c3cdd66547e2f3f1569470371daaaa5?s=96&d=mm&r=g\",\"contentUrl\":\"https:\\\/\\\/secure.gravatar.com\\\/avatar\\\/d96b9a078083b0c14cee48589feadd939c3cdd66547e2f3f1569470371daaaa5?s=96&d=mm&r=g\",\"caption\":\"ahorn_admin\"},\"sameAs\":[\"http:\\\/\\\/Ahorn%20Camp\"],\"url\":\"https:\\\/\\\/ahorn-camp.de\\\/fr\\\/author\\\/ahorn_admin\\\/\"}]}<\/script>\n<!-- \/ Yoast SEO plugin. -->","yoast_head_json":{"title":"Double succ\u00e8s pour Ahorn Camp au Golden Reisemobil 2024","description":"Lors de la remise annuelle des prix AUTO BILD REISEMOBIL, le Ahorn Camp a obtenu la 2\u00e8me place avec le camping-car ACA 640 et la 3\u00e8me place avec le van 620 Plus.","robots":{"index":"index","follow":"follow","max-snippet":"max-snippet:-1","max-image-preview":"max-image-preview:large","max-video-preview":"max-video-preview:-1"},"canonical":"https:\/\/ahorn-camp.de\/fr\/le-camping-car-dor-2024\/","og_locale":"fr_FR","og_type":"article","og_title":"Doppelerfolg f\u00fcr Ahorn Camp beim Goldenen Reisemobil 2024","og_description":"Bei der allj\u00e4hrlichen AUTO BILD REISEMOBIL Auszeichnung belegte Ahorn Camp mit dem Wohnmobil ACA 640 Platz 2 & mit dem Van 620 Plus Platz 3.","og_url":"https:\/\/ahorn-camp.de\/fr\/le-camping-car-dor-2024\/","og_site_name":"Ahorn Camp | Reisemobile und Kastenwagen","article_publisher":"https:\/\/www.facebook.com\/ahorn.wohnmobile\/","article_published_time":"2024-09-05T14:49:00+00:00","article_modified_time":"2025-03-11T14:23:32+00:00","og_image":[{"width":800,"height":600,"url":"https:\/\/ahorn-camp.de\/wp-content\/uploads\/2024\/09\/Aktuelles-Website.png","type":"image\/png"}],"author":"ahorn_admin","twitter_card":"summary_large_image","twitter_misc":{"\u00c9crit par":"ahorn_admin","Dur\u00e9e de lecture estim\u00e9e":"2 minutes"},"schema":{"@context":"https:\/\/schema.org","@graph":[{"@type":"Article","@id":"https:\/\/ahorn-camp.de\/das-goldene-reisemobil-2024\/#article","isPartOf":{"@id":"https:\/\/ahorn-camp.de\/das-goldene-reisemobil-2024\/"},"author":{"name":"ahorn_admin","@id":"https:\/\/ahorn-camp.de\/#\/schema\/person\/9b60761ba82d5cb8e6db215a88925044"},"headline":"Doppelerfolg f\u00fcr Ahorn Camp beim Goldenen Reisemobil 2024","datePublished":"2024-09-05T14:49:00+00:00","dateModified":"2025-03-11T14:23:32+00:00","mainEntityOfPage":{"@id":"https:\/\/ahorn-camp.de\/das-goldene-reisemobil-2024\/"},"wordCount":326,"publisher":{"@id":"https:\/\/ahorn-camp.de\/#organization"},"image":{"@id":"https:\/\/ahorn-camp.de\/das-goldene-reisemobil-2024\/#primaryimage"},"thumbnailUrl":"https:\/\/ahorn-camp.de\/wp-content\/uploads\/2024\/09\/Aktuelles-Website.png","articleSection":["Auszeichnungen","Pressemitteilungen","Unternehmen"],"inLanguage":"fr-FR"},{"@type":"WebPage","@id":"https:\/\/ahorn-camp.de\/das-goldene-reisemobil-2024\/","url":"https:\/\/ahorn-camp.de\/das-goldene-reisemobil-2024\/","name":"Double succ\u00e8s pour Ahorn Camp au Golden Reisemobil 2024","isPartOf":{"@id":"https:\/\/ahorn-camp.de\/#website"},"primaryImageOfPage":{"@id":"https:\/\/ahorn-camp.de\/das-goldene-reisemobil-2024\/#primaryimage"},"image":{"@id":"https:\/\/ahorn-camp.de\/das-goldene-reisemobil-2024\/#primaryimage"},"thumbnailUrl":"https:\/\/ahorn-camp.de\/wp-content\/uploads\/2024\/09\/Aktuelles-Website.png","datePublished":"2024-09-05T14:49:00+00:00","dateModified":"2025-03-11T14:23:32+00:00","description":"Lors de la remise annuelle des prix AUTO BILD REISEMOBIL, le Ahorn Camp a obtenu la 2\u00e8me place avec le camping-car ACA 640 et la 3\u00e8me place avec le van 620 Plus.","breadcrumb":{"@id":"https:\/\/ahorn-camp.de\/das-goldene-reisemobil-2024\/#breadcrumb"},"inLanguage":"fr-FR","potentialAction":[{"@type":"ReadAction","target":["https:\/\/ahorn-camp.de\/das-goldene-reisemobil-2024\/"]}]},{"@type":"ImageObject","inLanguage":"fr-FR","@id":"https:\/\/ahorn-camp.de\/das-goldene-reisemobil-2024\/#primaryimage","url":"https:\/\/ahorn-camp.de\/wp-content\/uploads\/2024\/09\/Aktuelles-Website.png","contentUrl":"https:\/\/ahorn-camp.de\/wp-content\/uploads\/2024\/09\/Aktuelles-Website.png","width":800,"height":600},{"@type":"BreadcrumbList","@id":"https:\/\/ahorn-camp.de\/das-goldene-reisemobil-2024\/#breadcrumb","itemListElement":[{"@type":"ListItem","position":1,"name":"Startseite","item":"https:\/\/ahorn-camp.de\/"},{"@type":"ListItem","position":2,"name":"Doppelerfolg f\u00fcr Ahorn Camp beim Goldenen Reisemobil 2024"}]},{"@type":"WebSite","@id":"https:\/\/ahorn-camp.de\/#website","url":"https:\/\/ahorn-camp.de\/","name":"Ahorn Camp | Camping-cars et fourgons am\u00e9nag\u00e9s","description":"Depuis plus de 30 ans, l'entreprise familiale, Ahorn Camp \u00e0 Speyer, commercialise avec succ\u00e8s des camping-cars et des fourgons au meilleur rapport qualit\u00e9-prix.","publisher":{"@id":"https:\/\/ahorn-camp.de\/#organization"},"potentialAction":[{"@type":"SearchAction","target":{"@type":"EntryPoint","urlTemplate":"https:\/\/ahorn-camp.de\/?s={search_term_string}"},"query-input":{"@type":"PropertyValueSpecification","valueRequired":true,"valueName":"search_term_string"}}],"inLanguage":"fr-FR"},{"@type":"Organization","@id":"https:\/\/ahorn-camp.de\/#organization","name":"Ahorn Camp GmbH &amp; Co. KG","url":"https:\/\/ahorn-camp.de\/","logo":{"@type":"ImageObject","inLanguage":"fr-FR","@id":"https:\/\/ahorn-camp.de\/#\/schema\/logo\/image\/","url":"https:\/\/ahorn-camp.de\/wp-content\/uploads\/2018\/12\/Ahorn_Logo.jpg","contentUrl":"https:\/\/ahorn-camp.de\/wp-content\/uploads\/2018\/12\/Ahorn_Logo.jpg","width":1437,"height":1000,"caption":"Ahorn Camp GmbH & Co. KG"},"image":{"@id":"https:\/\/ahorn-camp.de\/#\/schema\/logo\/image\/"},"sameAs":["https:\/\/www.facebook.com\/ahorn.wohnmobile\/","https:\/\/www.instagram.com\/ahorn.camp\/","https:\/\/www.youtube.com\/channel\/UCPFbPCts1JJ_A1k9vyH0yOQ"]},{"@type":"Person","@id":"https:\/\/ahorn-camp.de\/#\/schema\/person\/9b60761ba82d5cb8e6db215a88925044","name":"ahorn_admin","image":{"@type":"ImageObject","inLanguage":"fr-FR","@id":"https:\/\/secure.gravatar.com\/avatar\/d96b9a078083b0c14cee48589feadd939c3cdd66547e2f3f1569470371daaaa5?s=96&d=mm&r=g","url":"https:\/\/secure.gravatar.com\/avatar\/d96b9a078083b0c14cee48589feadd939c3cdd66547e2f3f1569470371daaaa5?s=96&d=mm&r=g","contentUrl":"https:\/\/secure.gravatar.com\/avatar\/d96b9a078083b0c14cee48589feadd939c3cdd66547e2f3f1569470371daaaa5?s=96&d=mm&r=g","caption":"ahorn_admin"},"sameAs":["http:\/\/Ahorn%20Camp"],"url":"https:\/\/ahorn-camp.de\/fr\/author\/ahorn_admin\/"}]}},"_links":{"self":[{"href":"https:\/\/ahorn-camp.de\/fr\/wp-json\/wp\/v2\/posts\/25071","targetHints":{"allow":["GET"]}}],"collection":[{"href":"https:\/\/ahorn-camp.de\/fr\/wp-json\/wp\/v2\/posts"}],"about":[{"href":"https:\/\/ahorn-camp.de\/fr\/wp-json\/wp\/v2\/types\/post"}],"author":[{"embeddable":true,"href":"https:\/\/ahorn-camp.de\/fr\/wp-json\/wp\/v2\/users\/2"}],"replies":[{"embeddable":true,"href":"https:\/\/ahorn-camp.de\/fr\/wp-json\/wp\/v2\/comments?post=25071"}],"version-history":[{"count":0,"href":"https:\/\/ahorn-camp.de\/fr\/wp-json\/wp\/v2\/posts\/25071\/revisions"}],"wp:featuredmedia":[{"embeddable":true,"href":"https:\/\/ahorn-camp.de\/fr\/wp-json\/wp\/v2\/media\/25070"}],"wp:attachment":[{"href":"https:\/\/ahorn-camp.de\/fr\/wp-json\/wp\/v2\/media?parent=25071"}],"wp:term":[{"taxonomy":"category","embeddable":true,"href":"https:\/\/ahorn-camp.de\/fr\/wp-json\/wp\/v2\/categories?post=25071"},{"taxonomy":"post_tag","embeddable":true,"href":"https:\/\/ahorn-camp.de\/fr\/wp-json\/wp\/v2\/tags?post=25071"}],"curies":[{"name":"wp","href":"https:\/\/api.w.org\/{rel}","templated":true}]}}