{"id":23636,"date":"2024-06-24T14:37:43","date_gmt":"2024-06-24T12:37:43","guid":{"rendered":"https:\/\/ahorn-camp.de\/?p=23636"},"modified":"2024-09-24T10:33:57","modified_gmt":"2024-09-24T08:33:57","slug":"destinations-en-suisse","status":"publish","type":"post","link":"https:\/\/ahorn-camp.de\/fr\/reiseziele-schweiz\/","title":{"rendered":"D\u00e9couvrez la Suisse : destinations id\u00e9ales pour les camping-caristes"},"content":{"rendered":"<div class=\"wpb-content-wrapper\" id=\"wpb-content-root\"><div class=\"vc_row wpb_row vc_row-fluid\"><div class=\"wpb_column vc_column_container vc_col-sm-12\"><div class=\"vc_column-inner\"><div class=\"wpb_wrapper\"><div class=\"vc_row wpb_row vc_inner vc_row-fluid\"><div class=\"wpb_column vc_column_container vc_col-sm-12\"><div class=\"vc_column-inner\"><div class=\"wpb_wrapper\">\n\t<div class=\"wpb_text_column wpb_content_element\" >\n\t\t<div class=\"wpb_wrapper\">\n\t\t\t<p>La Suisse, r\u00e9put\u00e9e pour ses paysages \u00e9poustouflants, ses villes charmantes et sa riche culture, est la destination id\u00e9ale pour les passionn\u00e9s de camping-car. Avec le Championnat d'Europe imminent et le match de football palpitant entre l'Allemagne et la Suisse, il n'y a pas de meilleur moment pour explorer ce magnifique pays. Voici cinq destinations \u00e0 ne pas manquer lors de votre voyage en camping-car.<\/p>\n\n\t\t<\/div>\n\t<\/div>\n<\/div><\/div><\/div><\/div><\/div><\/div><\/div><\/div><div class=\"vc_row wpb_row vc_row-fluid\"><div class=\"wpb_column vc_column_container vc_col-sm-8\"><div class=\"vc_column-inner\"><div class=\"wpb_wrapper\"><h2 style=\"text-align: left\" class=\"vc_custom_heading vc_do_custom_heading\" >1. Zurich : La m\u00e9tropole tr\u00e9pidante<\/h2><div class=\"vc_empty_space\"   style=\"height: 25px\"><span class=\"vc_empty_space_inner\"><\/span><\/div>\n\t<div class=\"wpb_text_column wpb_content_element\" >\n\t\t<div class=\"wpb_wrapper\">\n\t\t\t<p>Zurich, la plus grande ville de Suisse, n'est pas seulement un centre \u00e9conomique, mais aussi un haut lieu culturel. Avec de nombreux mus\u00e9es, gal\u00e9ries et une vieille ville pittoresque, il y a beaucoup \u00e0 d\u00e9couvrir. Le lac de Zurich offre en outre de nombreuses possibilit\u00e9s pour les sports nautiques et la d\u00e9tente. Des emplacements pour camping-cars se trouvent en p\u00e9riph\u00e9rie de la ville, d'o\u00f9 vous pouvez facilement rejoindre le centre par les transports en commun.<\/p>\n\n\t\t<\/div>\n\t<\/div>\n<\/div><\/div><\/div><div class=\"wpb_column vc_column_container vc_col-sm-4\"><div class=\"vc_column-inner\"><div class=\"wpb_wrapper\">\n\t<div  class=\"wpb_single_image wpb_content_element vc_align_left wpb_content_element\">\n\t\t\n\t\t<figure class=\"wpb_wrapper vc_figure\">\n\t\t\t<div class=\"vc_single_image-wrapper\"><img fetchpriority=\"high\" decoding=\"async\" width=\"2560\" height=\"1843\" src=\"https:\/\/ahorn-camp.de\/wp-content\/uploads\/2024\/06\/Zuerich-See-scaled.jpg\" class=\"vc_single_image-img attachment-full\" alt=\"Camping en Suisse : Lac de Zurich\" title=\"Lac de Zurich\" srcset=\"https:\/\/ahorn-camp.de\/wp-content\/uploads\/2024\/06\/Zuerich-See-scaled.jpg 2560w, https:\/\/ahorn-camp.de\/wp-content\/uploads\/2024\/06\/Zuerich-See-300x216.jpg 300w, https:\/\/ahorn-camp.de\/wp-content\/uploads\/2024\/06\/Zuerich-See-1024x737.jpg 1024w, https:\/\/ahorn-camp.de\/wp-content\/uploads\/2024\/06\/Zuerich-See-768x553.jpg 768w, https:\/\/ahorn-camp.de\/wp-content\/uploads\/2024\/06\/Zuerich-See-800x576.jpg 800w, https:\/\/ahorn-camp.de\/wp-content\/uploads\/2024\/06\/Zuerich-See-1536x1106.jpg 1536w, https:\/\/ahorn-camp.de\/wp-content\/uploads\/2024\/06\/Zuerich-See-2048x1474.jpg 2048w, https:\/\/ahorn-camp.de\/wp-content\/uploads\/2024\/06\/Zuerich-See-167x119.jpg 167w\" sizes=\"(max-width: 2560px) 100vw, 2560px\" \/><\/div>\n\t\t<\/figure>\n\t<\/div>\n<\/div><\/div><\/div><\/div><div class=\"vc_row wpb_row vc_row-fluid\"><div class=\"wpb_column vc_column_container vc_col-sm-4\"><div class=\"vc_column-inner\"><div class=\"wpb_wrapper\">\n\t<div  class=\"wpb_single_image wpb_content_element vc_align_left wpb_content_element\">\n\t\t\n\t\t<figure class=\"wpb_wrapper vc_figure\">\n\t\t\t<div class=\"vc_single_image-wrapper\"><img decoding=\"async\" width=\"2560\" height=\"1707\" src=\"https:\/\/ahorn-camp.de\/wp-content\/uploads\/2024\/06\/Interlaken-scaled.jpg\" class=\"vc_single_image-img attachment-full\" alt=\"Camping en Suisse : Interlaken\" title=\"Camping en Suisse : Interlaken\" srcset=\"https:\/\/ahorn-camp.de\/wp-content\/uploads\/2024\/06\/Interlaken-scaled.jpg 2560w, https:\/\/ahorn-camp.de\/wp-content\/uploads\/2024\/06\/Interlaken-300x200.jpg 300w, https:\/\/ahorn-camp.de\/wp-content\/uploads\/2024\/06\/Interlaken-1024x683.jpg 1024w, https:\/\/ahorn-camp.de\/wp-content\/uploads\/2024\/06\/Interlaken-768x512.jpg 768w, https:\/\/ahorn-camp.de\/wp-content\/uploads\/2024\/06\/Interlaken-800x533.jpg 800w, https:\/\/ahorn-camp.de\/wp-content\/uploads\/2024\/06\/Interlaken-1536x1024.jpg 1536w, https:\/\/ahorn-camp.de\/wp-content\/uploads\/2024\/06\/Interlaken-2048x1365.jpg 2048w\" sizes=\"(max-width: 2560px) 100vw, 2560px\" \/><\/div>\n\t\t<\/figure>\n\t<\/div>\n<\/div><\/div><\/div><div class=\"wpb_column vc_column_container vc_col-sm-8\"><div class=\"vc_column-inner\"><div class=\"wpb_wrapper\"><div class=\"vc_empty_space\"   style=\"height: 25px\"><span class=\"vc_empty_space_inner\"><\/span><\/div><h2 style=\"text-align: left\" class=\"vc_custom_heading vc_do_custom_heading\" >2. Interlaken : Le paradis de l'aventure<\/h2><div class=\"vc_empty_space\"   style=\"height: 25px\"><span class=\"vc_empty_space_inner\"><\/span><\/div>\n\t<div class=\"wpb_text_column wpb_content_element\" >\n\t\t<div class=\"wpb_wrapper\">\n\t\t\t<p>Situ\u00e9e entre le lac de Thoune et le lac de Brienz, Interlaken est un v\u00e9ritable paradis pour les amateurs de plein air. Ici, vous pourrez profiter de la randonn\u00e9e, du parapente, du rafting et bien plus encore. Avec un camping-car, vous aurez la libert\u00e9 d'explorer les montagnes et les vall\u00e9es environnantes.<\/p>\n\n\t\t<\/div>\n\t<\/div>\n<\/div><\/div><\/div><\/div><div class=\"vc_row wpb_row vc_row-fluid\"><div class=\"wpb_column vc_column_container vc_col-sm-8\"><div class=\"vc_column-inner\"><div class=\"wpb_wrapper\"><div class=\"vc_empty_space\"   style=\"height: 25px\"><span class=\"vc_empty_space_inner\"><\/span><\/div><h2 style=\"text-align: left\" class=\"vc_custom_heading vc_do_custom_heading\" >3. Zermatt et le Cervin<\/h2>\n\t<div class=\"wpb_text_column wpb_content_element\" >\n\t\t<div class=\"wpb_wrapper\">\n\t\t\t<p>Zermatt, nich\u00e9e au pied du c\u00e9l\u00e8bre Cervin, est un incontournable pour tout voyageur en Suisse. Cette ville sans voitures est id\u00e9ale pour la randonn\u00e9e et les aventures d'alpinisme. Les voyageurs en camping-car peuvent se garer \u00e0 T\u00e4sch et utiliser la connexion ferroviaire vers Zermatt.<\/p>\n\n\t\t<\/div>\n\t<\/div>\n<\/div><\/div><\/div><div class=\"wpb_column vc_column_container vc_col-sm-4\"><div class=\"vc_column-inner\"><div class=\"wpb_wrapper\">\n\t<div  class=\"wpb_single_image wpb_content_element vc_align_left wpb_content_element\">\n\t\t\n\t\t<figure class=\"wpb_wrapper vc_figure\">\n\t\t\t<div class=\"vc_single_image-wrapper\"><img decoding=\"async\" width=\"2560\" height=\"1641\" src=\"https:\/\/ahorn-camp.de\/wp-content\/uploads\/2024\/06\/Matterhorn-scaled.jpg\" class=\"vc_single_image-img attachment-full\" alt=\"Camping en Suisse : Cervin\" title=\"Cervin\" srcset=\"https:\/\/ahorn-camp.de\/wp-content\/uploads\/2024\/06\/Matterhorn-scaled.jpg 2560w, https:\/\/ahorn-camp.de\/wp-content\/uploads\/2024\/06\/Matterhorn-300x192.jpg 300w, https:\/\/ahorn-camp.de\/wp-content\/uploads\/2024\/06\/Matterhorn-1024x656.jpg 1024w, https:\/\/ahorn-camp.de\/wp-content\/uploads\/2024\/06\/Matterhorn-768x492.jpg 768w, https:\/\/ahorn-camp.de\/wp-content\/uploads\/2024\/06\/Matterhorn-800x513.jpg 800w, https:\/\/ahorn-camp.de\/wp-content\/uploads\/2024\/06\/Matterhorn-1536x984.jpg 1536w, https:\/\/ahorn-camp.de\/wp-content\/uploads\/2024\/06\/Matterhorn-2048x1313.jpg 2048w\" sizes=\"(max-width: 2560px) 100vw, 2560px\" \/><\/div>\n\t\t<\/figure>\n\t<\/div>\n<\/div><\/div><\/div><\/div><div class=\"vc_row wpb_row vc_row-fluid\"><div class=\"wpb_column vc_column_container vc_col-sm-4\"><div class=\"vc_column-inner\"><div class=\"wpb_wrapper\">\n\t<div  class=\"wpb_single_image wpb_content_element vc_align_left wpb_content_element\">\n\t\t\n\t\t<figure class=\"wpb_wrapper vc_figure\">\n\t\t\t<div class=\"vc_single_image-wrapper\"><img loading=\"lazy\" decoding=\"async\" width=\"1707\" height=\"2560\" src=\"https:\/\/ahorn-camp.de\/wp-content\/uploads\/2024\/06\/Genfersee-scaled.jpg\" class=\"vc_single_image-img attachment-full\" alt=\"Lac de Gen\u00e8ve\" title=\"Lac de Gen\u00e8ve\" srcset=\"https:\/\/ahorn-camp.de\/wp-content\/uploads\/2024\/06\/Genfersee-scaled.jpg 1707w, https:\/\/ahorn-camp.de\/wp-content\/uploads\/2024\/06\/Genfersee-200x300.jpg 200w, https:\/\/ahorn-camp.de\/wp-content\/uploads\/2024\/06\/Genfersee-683x1024.jpg 683w, https:\/\/ahorn-camp.de\/wp-content\/uploads\/2024\/06\/Genfersee-768x1152.jpg 768w, https:\/\/ahorn-camp.de\/wp-content\/uploads\/2024\/06\/Genfersee-400x600.jpg 400w, https:\/\/ahorn-camp.de\/wp-content\/uploads\/2024\/06\/Genfersee-1024x1536.jpg 1024w, https:\/\/ahorn-camp.de\/wp-content\/uploads\/2024\/06\/Genfersee-1365x2048.jpg 1365w, https:\/\/ahorn-camp.de\/wp-content\/uploads\/2024\/06\/Genfersee-800x1200.jpg 800w\" sizes=\"(max-width: 1707px) 100vw, 1707px\" \/><\/div>\n\t\t<\/figure>\n\t<\/div>\n\n\t<div  class=\"wpb_single_image wpb_content_element vc_align_left wpb_content_element\">\n\t\t\n\t\t<figure class=\"wpb_wrapper vc_figure\">\n\t\t\t<div class=\"vc_single_image-wrapper\"><img loading=\"lazy\" decoding=\"async\" width=\"2560\" height=\"1707\" src=\"https:\/\/ahorn-camp.de\/wp-content\/uploads\/2024\/06\/Graubuenden-scaled.jpg\" class=\"vc_single_image-img attachment-full\" alt=\"Grisons\" title=\"Grisons\" srcset=\"https:\/\/ahorn-camp.de\/wp-content\/uploads\/2024\/06\/Graubuenden-scaled.jpg 2560w, https:\/\/ahorn-camp.de\/wp-content\/uploads\/2024\/06\/Graubuenden-300x200.jpg 300w, https:\/\/ahorn-camp.de\/wp-content\/uploads\/2024\/06\/Graubuenden-1024x683.jpg 1024w, https:\/\/ahorn-camp.de\/wp-content\/uploads\/2024\/06\/Graubuenden-768x512.jpg 768w, https:\/\/ahorn-camp.de\/wp-content\/uploads\/2024\/06\/Graubuenden-800x533.jpg 800w, https:\/\/ahorn-camp.de\/wp-content\/uploads\/2024\/06\/Graubuenden-1536x1024.jpg 1536w, https:\/\/ahorn-camp.de\/wp-content\/uploads\/2024\/06\/Graubuenden-2048x1365.jpg 2048w\" sizes=\"(max-width: 2560px) 100vw, 2560px\" \/><\/div>\n\t\t<\/figure>\n\t<\/div>\n<\/div><\/div><\/div><div class=\"wpb_column vc_column_container vc_col-sm-8\"><div class=\"vc_column-inner\"><div class=\"wpb_wrapper\"><h2 style=\"text-align: left\" class=\"vc_custom_heading vc_do_custom_heading\" >4. Lac L\u00e9man et Lausanne<\/h2><div class=\"vc_empty_space\"   style=\"height: 25px\"><span class=\"vc_empty_space_inner\"><\/span><\/div>\n\t<div class=\"wpb_text_column wpb_content_element\" >\n\t\t<div class=\"wpb_wrapper\">\n\t\t\t<p>Le lac L\u00e9man, entour\u00e9 de vignobles et de villes \u00e9l\u00e9gantes comme Lausanne, offre un m\u00e9lange parfait de nature et de culture. Explorez la promenade au bord du lac, visitez la r\u00e9gion viticole de Lavaux et savourez les d\u00e9lices culinaires de la r\u00e9gion.<\/p>\n\n\t\t<\/div>\n\t<\/div>\n<h2 style=\"text-align: left\" class=\"vc_custom_heading vc_do_custom_heading\" >5. Les Grisons : La diversit\u00e9 alpine<\/h2><div class=\"vc_empty_space\"   style=\"height: 25px\"><span class=\"vc_empty_space_inner\"><\/span><\/div>\n\t<div class=\"wpb_text_column wpb_content_element\" >\n\t\t<div class=\"wpb_wrapper\">\n\t\t\t<p>Les Grisons, la plus grande r\u00e9gion de vacances de Suisse, offrent une diversit\u00e9 impressionnante de paysages et d'activit\u00e9s. De St-Moritz mondain aux villages pittoresques de l'Engadine, il y a beaucoup \u00e0 d\u00e9couvrir. Les nombreuses routes de montagne et cols sont parfaits pour un tour en camping-car.<\/p>\n\n\t\t<\/div>\n\t<\/div>\n<\/div><\/div><\/div><\/div><div class=\"vc_row wpb_row vc_row-fluid\"><div class=\"wpb_column vc_column_container vc_col-sm-6\"><div class=\"vc_column-inner\"><div class=\"wpb_wrapper\"><\/div><\/div><\/div><div class=\"wpb_column vc_column_container vc_col-sm-6\"><div class=\"vc_column-inner\"><div class=\"wpb_wrapper\"><\/div><\/div><\/div><\/div><div class=\"vc_row wpb_row vc_row-fluid\"><div class=\"wpb_column vc_column_container vc_col-sm-12\"><div class=\"vc_column-inner\"><div class=\"wpb_wrapper\"><div class=\"vc_empty_space\"   style=\"height: 25px\"><span class=\"vc_empty_space_inner\"><\/span><\/div>\n\t<div class=\"wpb_text_column wpb_content_element\" >\n\t\t<div class=\"wpb_wrapper\">\n\t\t\t<p>La Suisse offre d'innombrables possibilit\u00e9s d'aventures inoubliables. Avec son paysage vari\u00e9, ses tr\u00e9sors culturels et ses excellents campings, elle est une destination id\u00e9ale pour les campeurs et les amateurs de plein air. Saisissez l'occasion d'explorer la Suisse et profitez de la libert\u00e9 et de la flexibilit\u00e9 qu'offre un camping-car.<\/p>\n\n\t\t<\/div>\n\t<\/div>\n<\/div><\/div><\/div><\/div>\n<\/div>","protected":false},"excerpt":{"rendered":"<p>La Suisse, r\u00e9put\u00e9e pour ses paysages \u00e9poustouflants, ses villes charmantes et sa riche culture, est la destination id\u00e9ale pour les passionn\u00e9s de camping-car. Avec le Championnat d'Europe imminent et le match de football palpitant entre l'Allemagne et la Suisse, il n'y a pas de meilleur moment pour explorer ce magnifique pays. Voici cinq destinations \u00e0 ne pas manquer lors de votre voyage en camping-car.<\/p>","protected":false},"author":2,"featured_media":23637,"comment_status":"closed","ping_status":"closed","sticky":false,"template":"","format":"standard","meta":{"content-type":"","footnotes":""},"categories":[208],"tags":[],"class_list":["post-23636","post","type-post","status-publish","format-standard","has-post-thumbnail","hentry","category-blog"],"yoast_head":"<!-- This site is optimized with the Yoast SEO plugin v28.4 - https:\/\/yoast.com\/product\/yoast-seo-wordpress\/ -->\n<title>Entdecken Sie die Schweiz: Top-Reiseziele f\u00fcr Wohnmobil-Reisende<\/title>\n<meta name=\"description\" content=\"In diesem Blogbeitrag finden Sie einige Tipps und Empfehlungen f\u00fcr das EM Land Schweiz. Schauen Sie vorbei!\" \/>\n<meta name=\"robots\" content=\"index, follow, max-snippet:-1, max-image-preview:large, max-video-preview:-1\" \/>\n<link rel=\"canonical\" href=\"https:\/\/ahorn-camp.de\/fr\/destinations-en-suisse\/\" \/>\n<meta property=\"og:locale\" content=\"fr_FR\" \/>\n<meta property=\"og:type\" content=\"article\" \/>\n<meta property=\"og:title\" content=\"Entdecken Sie die Schweiz: Top-Reiseziele f\u00fcr Wohnmobil-Reisende\" \/>\n<meta property=\"og:description\" content=\"In diesem Blogbeitrag finden Sie einige Tipps und Empfehlungen f\u00fcr das EM Land Schweiz. Schauen Sie vorbei!\" \/>\n<meta property=\"og:url\" content=\"https:\/\/ahorn-camp.de\/fr\/destinations-en-suisse\/\" \/>\n<meta property=\"og:site_name\" content=\"Ahorn Camp | Reisemobile und Kastenwagen\" \/>\n<meta property=\"article:publisher\" content=\"https:\/\/www.facebook.com\/ahorn.wohnmobile\/\" \/>\n<meta property=\"article:published_time\" content=\"2024-06-24T12:37:43+00:00\" \/>\n<meta property=\"article:modified_time\" content=\"2024-09-24T08:33:57+00:00\" \/>\n<meta property=\"og:image\" content=\"https:\/\/ahorn-camp.de\/wp-content\/uploads\/2024\/06\/Matterhorn-scaled.jpg\" \/>\n\t<meta property=\"og:image:width\" content=\"2560\" \/>\n\t<meta property=\"og:image:height\" content=\"1641\" \/>\n\t<meta property=\"og:image:type\" content=\"image\/jpeg\" \/>\n<meta name=\"author\" content=\"ahorn_admin\" \/>\n<meta name=\"twitter:card\" content=\"summary_large_image\" \/>\n<meta name=\"twitter:label1\" content=\"\u00c9crit par\" \/>\n\t<meta name=\"twitter:data1\" content=\"ahorn_admin\" \/>\n\t<meta name=\"twitter:label2\" content=\"Dur\u00e9e de lecture estim\u00e9e\" \/>\n\t<meta name=\"twitter:data2\" content=\"3 minutes\" \/>\n<script type=\"application\/ld+json\" class=\"yoast-schema-graph\">{\"@context\":\"https:\\\/\\\/schema.org\",\"@graph\":[{\"@type\":\"Article\",\"@id\":\"https:\\\/\\\/ahorn-camp.de\\\/reiseziele-schweiz\\\/#article\",\"isPartOf\":{\"@id\":\"https:\\\/\\\/ahorn-camp.de\\\/reiseziele-schweiz\\\/\"},\"author\":{\"name\":\"ahorn_admin\",\"@id\":\"https:\\\/\\\/ahorn-camp.de\\\/#\\\/schema\\\/person\\\/9b60761ba82d5cb8e6db215a88925044\"},\"headline\":\"Entdecken Sie die Schweiz: Top-Reiseziele f\u00fcr Wohnmobil-Reisende\",\"datePublished\":\"2024-06-24T12:37:43+00:00\",\"dateModified\":\"2024-09-24T08:33:57+00:00\",\"mainEntityOfPage\":{\"@id\":\"https:\\\/\\\/ahorn-camp.de\\\/reiseziele-schweiz\\\/\"},\"wordCount\":641,\"publisher\":{\"@id\":\"https:\\\/\\\/ahorn-camp.de\\\/#organization\"},\"image\":{\"@id\":\"https:\\\/\\\/ahorn-camp.de\\\/reiseziele-schweiz\\\/#primaryimage\"},\"thumbnailUrl\":\"https:\\\/\\\/ahorn-camp.de\\\/wp-content\\\/uploads\\\/2024\\\/06\\\/Matterhorn-scaled.jpg\",\"articleSection\":[\"Blog\"],\"inLanguage\":\"fr-FR\"},{\"@type\":\"WebPage\",\"@id\":\"https:\\\/\\\/ahorn-camp.de\\\/reiseziele-schweiz\\\/\",\"url\":\"https:\\\/\\\/ahorn-camp.de\\\/reiseziele-schweiz\\\/\",\"name\":\"Entdecken Sie die Schweiz: Top-Reiseziele f\u00fcr Wohnmobil-Reisende\",\"isPartOf\":{\"@id\":\"https:\\\/\\\/ahorn-camp.de\\\/#website\"},\"primaryImageOfPage\":{\"@id\":\"https:\\\/\\\/ahorn-camp.de\\\/reiseziele-schweiz\\\/#primaryimage\"},\"image\":{\"@id\":\"https:\\\/\\\/ahorn-camp.de\\\/reiseziele-schweiz\\\/#primaryimage\"},\"thumbnailUrl\":\"https:\\\/\\\/ahorn-camp.de\\\/wp-content\\\/uploads\\\/2024\\\/06\\\/Matterhorn-scaled.jpg\",\"datePublished\":\"2024-06-24T12:37:43+00:00\",\"dateModified\":\"2024-09-24T08:33:57+00:00\",\"description\":\"In diesem Blogbeitrag finden Sie einige Tipps und Empfehlungen f\u00fcr das EM Land Schweiz. Schauen Sie vorbei!\",\"breadcrumb\":{\"@id\":\"https:\\\/\\\/ahorn-camp.de\\\/reiseziele-schweiz\\\/#breadcrumb\"},\"inLanguage\":\"fr-FR\",\"potentialAction\":[{\"@type\":\"ReadAction\",\"target\":[\"https:\\\/\\\/ahorn-camp.de\\\/reiseziele-schweiz\\\/\"]}]},{\"@type\":\"ImageObject\",\"inLanguage\":\"fr-FR\",\"@id\":\"https:\\\/\\\/ahorn-camp.de\\\/reiseziele-schweiz\\\/#primaryimage\",\"url\":\"https:\\\/\\\/ahorn-camp.de\\\/wp-content\\\/uploads\\\/2024\\\/06\\\/Matterhorn-scaled.jpg\",\"contentUrl\":\"https:\\\/\\\/ahorn-camp.de\\\/wp-content\\\/uploads\\\/2024\\\/06\\\/Matterhorn-scaled.jpg\",\"width\":2560,\"height\":1641,\"caption\":\"Camping in der Schweiz\"},{\"@type\":\"BreadcrumbList\",\"@id\":\"https:\\\/\\\/ahorn-camp.de\\\/reiseziele-schweiz\\\/#breadcrumb\",\"itemListElement\":[{\"@type\":\"ListItem\",\"position\":1,\"name\":\"Startseite\",\"item\":\"https:\\\/\\\/ahorn-camp.de\\\/\"},{\"@type\":\"ListItem\",\"position\":2,\"name\":\"Entdecken Sie die Schweiz: Top-Reiseziele f\u00fcr Wohnmobil-Reisende\"}]},{\"@type\":\"WebSite\",\"@id\":\"https:\\\/\\\/ahorn-camp.de\\\/#website\",\"url\":\"https:\\\/\\\/ahorn-camp.de\\\/\",\"name\":\"Ahorn Camp | Reisemobile und Kastenwagen\",\"description\":\"Seit \u00fcber 30 Jahren vermarktet das Familienunternehmen, Ahorn Camp in Speyer, erfolgreich Wohnmobile und Kastenwagen zum besten Preis-Leistungsverh\u00e4ltnis.\",\"publisher\":{\"@id\":\"https:\\\/\\\/ahorn-camp.de\\\/#organization\"},\"potentialAction\":[{\"@type\":\"SearchAction\",\"target\":{\"@type\":\"EntryPoint\",\"urlTemplate\":\"https:\\\/\\\/ahorn-camp.de\\\/?s={search_term_string}\"},\"query-input\":{\"@type\":\"PropertyValueSpecification\",\"valueRequired\":true,\"valueName\":\"search_term_string\"}}],\"inLanguage\":\"fr-FR\"},{\"@type\":\"Organization\",\"@id\":\"https:\\\/\\\/ahorn-camp.de\\\/#organization\",\"name\":\"Ahorn Camp GmbH & Co. KG\",\"url\":\"https:\\\/\\\/ahorn-camp.de\\\/\",\"logo\":{\"@type\":\"ImageObject\",\"inLanguage\":\"fr-FR\",\"@id\":\"https:\\\/\\\/ahorn-camp.de\\\/#\\\/schema\\\/logo\\\/image\\\/\",\"url\":\"https:\\\/\\\/ahorn-camp.de\\\/wp-content\\\/uploads\\\/2018\\\/12\\\/Ahorn_Logo.jpg\",\"contentUrl\":\"https:\\\/\\\/ahorn-camp.de\\\/wp-content\\\/uploads\\\/2018\\\/12\\\/Ahorn_Logo.jpg\",\"width\":1437,\"height\":1000,\"caption\":\"Ahorn Camp GmbH & Co. KG\"},\"image\":{\"@id\":\"https:\\\/\\\/ahorn-camp.de\\\/#\\\/schema\\\/logo\\\/image\\\/\"},\"sameAs\":[\"https:\\\/\\\/www.facebook.com\\\/ahorn.wohnmobile\\\/\",\"https:\\\/\\\/www.instagram.com\\\/ahorn.camp\\\/\",\"https:\\\/\\\/www.youtube.com\\\/channel\\\/UCPFbPCts1JJ_A1k9vyH0yOQ\"]},{\"@type\":\"Person\",\"@id\":\"https:\\\/\\\/ahorn-camp.de\\\/#\\\/schema\\\/person\\\/9b60761ba82d5cb8e6db215a88925044\",\"name\":\"ahorn_admin\",\"image\":{\"@type\":\"ImageObject\",\"inLanguage\":\"fr-FR\",\"@id\":\"https:\\\/\\\/secure.gravatar.com\\\/avatar\\\/d96b9a078083b0c14cee48589feadd939c3cdd66547e2f3f1569470371daaaa5?s=96&d=mm&r=g\",\"url\":\"https:\\\/\\\/secure.gravatar.com\\\/avatar\\\/d96b9a078083b0c14cee48589feadd939c3cdd66547e2f3f1569470371daaaa5?s=96&d=mm&r=g\",\"contentUrl\":\"https:\\\/\\\/secure.gravatar.com\\\/avatar\\\/d96b9a078083b0c14cee48589feadd939c3cdd66547e2f3f1569470371daaaa5?s=96&d=mm&r=g\",\"caption\":\"ahorn_admin\"},\"sameAs\":[\"http:\\\/\\\/Ahorn%20Camp\"],\"url\":\"https:\\\/\\\/ahorn-camp.de\\\/fr\\\/author\\\/ahorn_admin\\\/\"}]}<\/script>\n<!-- \/ Yoast SEO plugin. -->","yoast_head_json":{"title":"D\u00e9couvrez la Suisse : destinations id\u00e9ales pour les camping-caristes","description":"Dans cet article de blog, vous trouverez quelques conseils et recommandations pour la Suisse, pays h\u00f4te de l'Euro. Jetez-y un coup d'\u0153il !","robots":{"index":"index","follow":"follow","max-snippet":"max-snippet:-1","max-image-preview":"max-image-preview:large","max-video-preview":"max-video-preview:-1"},"canonical":"https:\/\/ahorn-camp.de\/fr\/destinations-en-suisse\/","og_locale":"fr_FR","og_type":"article","og_title":"Entdecken Sie die Schweiz: Top-Reiseziele f\u00fcr Wohnmobil-Reisende","og_description":"In diesem Blogbeitrag finden Sie einige Tipps und Empfehlungen f\u00fcr das EM Land Schweiz. Schauen Sie vorbei!","og_url":"https:\/\/ahorn-camp.de\/fr\/destinations-en-suisse\/","og_site_name":"Ahorn Camp | Reisemobile und Kastenwagen","article_publisher":"https:\/\/www.facebook.com\/ahorn.wohnmobile\/","article_published_time":"2024-06-24T12:37:43+00:00","article_modified_time":"2024-09-24T08:33:57+00:00","og_image":[{"width":2560,"height":1641,"url":"https:\/\/ahorn-camp.de\/wp-content\/uploads\/2024\/06\/Matterhorn-scaled.jpg","type":"image\/jpeg"}],"author":"ahorn_admin","twitter_card":"summary_large_image","twitter_misc":{"\u00c9crit par":"ahorn_admin","Dur\u00e9e de lecture estim\u00e9e":"3 minutes"},"schema":{"@context":"https:\/\/schema.org","@graph":[{"@type":"Article","@id":"https:\/\/ahorn-camp.de\/reiseziele-schweiz\/#article","isPartOf":{"@id":"https:\/\/ahorn-camp.de\/reiseziele-schweiz\/"},"author":{"name":"ahorn_admin","@id":"https:\/\/ahorn-camp.de\/#\/schema\/person\/9b60761ba82d5cb8e6db215a88925044"},"headline":"Entdecken Sie die Schweiz: Top-Reiseziele f\u00fcr Wohnmobil-Reisende","datePublished":"2024-06-24T12:37:43+00:00","dateModified":"2024-09-24T08:33:57+00:00","mainEntityOfPage":{"@id":"https:\/\/ahorn-camp.de\/reiseziele-schweiz\/"},"wordCount":641,"publisher":{"@id":"https:\/\/ahorn-camp.de\/#organization"},"image":{"@id":"https:\/\/ahorn-camp.de\/reiseziele-schweiz\/#primaryimage"},"thumbnailUrl":"https:\/\/ahorn-camp.de\/wp-content\/uploads\/2024\/06\/Matterhorn-scaled.jpg","articleSection":["Blog"],"inLanguage":"fr-FR"},{"@type":"WebPage","@id":"https:\/\/ahorn-camp.de\/reiseziele-schweiz\/","url":"https:\/\/ahorn-camp.de\/reiseziele-schweiz\/","name":"D\u00e9couvrez la Suisse : destinations id\u00e9ales pour les camping-caristes","isPartOf":{"@id":"https:\/\/ahorn-camp.de\/#website"},"primaryImageOfPage":{"@id":"https:\/\/ahorn-camp.de\/reiseziele-schweiz\/#primaryimage"},"image":{"@id":"https:\/\/ahorn-camp.de\/reiseziele-schweiz\/#primaryimage"},"thumbnailUrl":"https:\/\/ahorn-camp.de\/wp-content\/uploads\/2024\/06\/Matterhorn-scaled.jpg","datePublished":"2024-06-24T12:37:43+00:00","dateModified":"2024-09-24T08:33:57+00:00","description":"Dans cet article de blog, vous trouverez quelques conseils et recommandations pour la Suisse, pays h\u00f4te de l'Euro. Jetez-y un coup d'\u0153il !","breadcrumb":{"@id":"https:\/\/ahorn-camp.de\/reiseziele-schweiz\/#breadcrumb"},"inLanguage":"fr-FR","potentialAction":[{"@type":"ReadAction","target":["https:\/\/ahorn-camp.de\/reiseziele-schweiz\/"]}]},{"@type":"ImageObject","inLanguage":"fr-FR","@id":"https:\/\/ahorn-camp.de\/reiseziele-schweiz\/#primaryimage","url":"https:\/\/ahorn-camp.de\/wp-content\/uploads\/2024\/06\/Matterhorn-scaled.jpg","contentUrl":"https:\/\/ahorn-camp.de\/wp-content\/uploads\/2024\/06\/Matterhorn-scaled.jpg","width":2560,"height":1641,"caption":"Camping in der Schweiz"},{"@type":"BreadcrumbList","@id":"https:\/\/ahorn-camp.de\/reiseziele-schweiz\/#breadcrumb","itemListElement":[{"@type":"ListItem","position":1,"name":"Startseite","item":"https:\/\/ahorn-camp.de\/"},{"@type":"ListItem","position":2,"name":"Entdecken Sie die Schweiz: Top-Reiseziele f\u00fcr Wohnmobil-Reisende"}]},{"@type":"WebSite","@id":"https:\/\/ahorn-camp.de\/#website","url":"https:\/\/ahorn-camp.de\/","name":"Ahorn Camp | Camping-cars et fourgons am\u00e9nag\u00e9s","description":"Depuis plus de 30 ans, l'entreprise familiale, Ahorn Camp \u00e0 Speyer, commercialise avec succ\u00e8s des camping-cars et des fourgons au meilleur rapport qualit\u00e9-prix.","publisher":{"@id":"https:\/\/ahorn-camp.de\/#organization"},"potentialAction":[{"@type":"SearchAction","target":{"@type":"EntryPoint","urlTemplate":"https:\/\/ahorn-camp.de\/?s={search_term_string}"},"query-input":{"@type":"PropertyValueSpecification","valueRequired":true,"valueName":"search_term_string"}}],"inLanguage":"fr-FR"},{"@type":"Organization","@id":"https:\/\/ahorn-camp.de\/#organization","name":"Ahorn Camp GmbH &amp; Co. KG","url":"https:\/\/ahorn-camp.de\/","logo":{"@type":"ImageObject","inLanguage":"fr-FR","@id":"https:\/\/ahorn-camp.de\/#\/schema\/logo\/image\/","url":"https:\/\/ahorn-camp.de\/wp-content\/uploads\/2018\/12\/Ahorn_Logo.jpg","contentUrl":"https:\/\/ahorn-camp.de\/wp-content\/uploads\/2018\/12\/Ahorn_Logo.jpg","width":1437,"height":1000,"caption":"Ahorn Camp GmbH & Co. KG"},"image":{"@id":"https:\/\/ahorn-camp.de\/#\/schema\/logo\/image\/"},"sameAs":["https:\/\/www.facebook.com\/ahorn.wohnmobile\/","https:\/\/www.instagram.com\/ahorn.camp\/","https:\/\/www.youtube.com\/channel\/UCPFbPCts1JJ_A1k9vyH0yOQ"]},{"@type":"Person","@id":"https:\/\/ahorn-camp.de\/#\/schema\/person\/9b60761ba82d5cb8e6db215a88925044","name":"ahorn_admin","image":{"@type":"ImageObject","inLanguage":"fr-FR","@id":"https:\/\/secure.gravatar.com\/avatar\/d96b9a078083b0c14cee48589feadd939c3cdd66547e2f3f1569470371daaaa5?s=96&d=mm&r=g","url":"https:\/\/secure.gravatar.com\/avatar\/d96b9a078083b0c14cee48589feadd939c3cdd66547e2f3f1569470371daaaa5?s=96&d=mm&r=g","contentUrl":"https:\/\/secure.gravatar.com\/avatar\/d96b9a078083b0c14cee48589feadd939c3cdd66547e2f3f1569470371daaaa5?s=96&d=mm&r=g","caption":"ahorn_admin"},"sameAs":["http:\/\/Ahorn%20Camp"],"url":"https:\/\/ahorn-camp.de\/fr\/author\/ahorn_admin\/"}]}},"_links":{"self":[{"href":"https:\/\/ahorn-camp.de\/fr\/wp-json\/wp\/v2\/posts\/23636","targetHints":{"allow":["GET"]}}],"collection":[{"href":"https:\/\/ahorn-camp.de\/fr\/wp-json\/wp\/v2\/posts"}],"about":[{"href":"https:\/\/ahorn-camp.de\/fr\/wp-json\/wp\/v2\/types\/post"}],"author":[{"embeddable":true,"href":"https:\/\/ahorn-camp.de\/fr\/wp-json\/wp\/v2\/users\/2"}],"replies":[{"embeddable":true,"href":"https:\/\/ahorn-camp.de\/fr\/wp-json\/wp\/v2\/comments?post=23636"}],"version-history":[{"count":0,"href":"https:\/\/ahorn-camp.de\/fr\/wp-json\/wp\/v2\/posts\/23636\/revisions"}],"wp:featuredmedia":[{"embeddable":true,"href":"https:\/\/ahorn-camp.de\/fr\/wp-json\/wp\/v2\/media\/23637"}],"wp:attachment":[{"href":"https:\/\/ahorn-camp.de\/fr\/wp-json\/wp\/v2\/media?parent=23636"}],"wp:term":[{"taxonomy":"category","embeddable":true,"href":"https:\/\/ahorn-camp.de\/fr\/wp-json\/wp\/v2\/categories?post=23636"},{"taxonomy":"post_tag","embeddable":true,"href":"https:\/\/ahorn-camp.de\/fr\/wp-json\/wp\/v2\/tags?post=23636"}],"curies":[{"name":"wp","href":"https:\/\/api.w.org\/{rel}","templated":true}]}}