{"id":23629,"date":"2024-06-24T11:34:52","date_gmt":"2024-06-24T09:34:52","guid":{"rendered":"https:\/\/ahorn-camp.de\/?p=23629"},"modified":"2025-03-11T15:23:04","modified_gmt":"2025-03-11T14:23:04","slug":"coup-denvoi-pour-la-vie-masterclass","status":"publish","type":"post","link":"https:\/\/ahorn-camp.de\/fr\/anpfiff-ins-leben-masterclass\/","title":{"rendered":"Ahorn Camp soutient la Masterclass \u201e Anpfiff ins Leben \u201c 2023\/24"},"content":{"rendered":"<div class=\"wpb-content-wrapper\" id=\"wpb-content-root\"><div class=\"vc_row wpb_row vc_row-fluid\"><div class=\"wpb_column vc_column_container vc_col-sm-6\"><div class=\"vc_column-inner\"><div class=\"wpb_wrapper\">\n\t<div class=\"wpb_text_column wpb_content_element\" >\n\t\t<div class=\"wpb_wrapper\">\n\t\t\t<p><strong>Spire. <\/strong>Depuis plus de 20 ans, l'initiative Anpfiff ins Leben a pour objectif de promouvoir les enfants et les jeunes au sein des clubs, bien au-del\u00e0 du sport. L'esprit d'\u00e9quipe, un environnement positif et un soutien complet sont au c\u0153ur de cette d\u00e9marche.<\/p>\n<p>L&#x27;un des temps forts de cet engagement est la masterclass annuelle, au cours de laquelle les associations se voient proposer des outils pr\u00e9cieux pour assurer un avenir prosp\u00e8re et durable. Quatre modules passionnants \u2013 \u201e promotion globale \u201c, \u201e sport et animation jeunesse \u201c, \u201e formation au sein du club sportif \u201c et \u201e collecte de fonds \u201c \u2013 permettent d\u2019acqu\u00e9rir des comp\u00e9tences essentielles. Une attention particuli\u00e8re est accord\u00e9e au r\u00e9seautage, car de nombreux clubs sont confront\u00e9s \u00e0 des d\u00e9fis similaires, notamment en mati\u00e8re d\u2019engagement b\u00e9n\u00e9vole. L\u2019\u00e9change de connaissances et d\u2019exp\u00e9riences rev\u00eat donc une valeur inestimable. Ahorn Camp est fier de soutenir cette initiative en tant que partenaire de longue date, aux c\u00f4t\u00e9s du groupe All for One et de l\u2019AOK Rhein-Neckar-Odenwald. Ensemble, nous posons des bases solides pour l\u2019avenir de nos clubs sportifs et encourageons l\u2019engagement dont notre soci\u00e9t\u00e9 a tant besoin.<\/p>\n\n\t\t<\/div>\n\t<\/div>\n<\/div><\/div><\/div><div class=\"wpb_column vc_column_container vc_col-sm-6\"><div class=\"vc_column-inner\"><div class=\"wpb_wrapper\">\n\t<div  class=\"wpb_single_image wpb_content_element vc_align_left wpb_content_element\">\n\t\t\n\t\t<figure class=\"wpb_wrapper vc_figure\">\n\t\t\t<div class=\"vc_single_image-wrapper\"><img fetchpriority=\"high\" decoding=\"async\" width=\"1200\" height=\"1200\" src=\"https:\/\/ahorn-camp.de\/wp-content\/uploads\/2024\/06\/Gruppenbild.png\" class=\"vc_single_image-img attachment-full\" alt=\"Coup d&#039;envoi Masterclass 2023\/24\" title=\"Coup d&#039;envoi Masterclass 2023\/24\" srcset=\"https:\/\/ahorn-camp.de\/wp-content\/uploads\/2024\/06\/Gruppenbild.png 1200w, https:\/\/ahorn-camp.de\/wp-content\/uploads\/2024\/06\/Gruppenbild-300x300.png 300w, https:\/\/ahorn-camp.de\/wp-content\/uploads\/2024\/06\/Gruppenbild-1024x1024.png 1024w, https:\/\/ahorn-camp.de\/wp-content\/uploads\/2024\/06\/Gruppenbild-150x150.png 150w, https:\/\/ahorn-camp.de\/wp-content\/uploads\/2024\/06\/Gruppenbild-768x768.png 768w, https:\/\/ahorn-camp.de\/wp-content\/uploads\/2024\/06\/Gruppenbild-600x600.png 600w, https:\/\/ahorn-camp.de\/wp-content\/uploads\/2024\/06\/Gruppenbild-400x400.png 400w, https:\/\/ahorn-camp.de\/wp-content\/uploads\/2024\/06\/Gruppenbild-800x800.png 800w, https:\/\/ahorn-camp.de\/wp-content\/uploads\/2024\/06\/Gruppenbild-100x100.png 100w\" sizes=\"(max-width: 1200px) 100vw, 1200px\" \/><\/div>\n\t\t<\/figure>\n\t<\/div>\n<h3 style=\"text-align: left\" class=\"vc_custom_heading vc_do_custom_heading\" >T\u00c9L\u00c9CHARGER<\/h3>\n\t<div class=\"wpb_text_column wpb_content_element\" >\n\t\t<div class=\"wpb_wrapper\">\n\t\t\t<p><a href=\"https:\/\/ahorn-camp.de\/wp-content\/uploads\/2024\/06\/Pressemitteilung_AnpfiffinsLeben.pdf\" target=\"_blank\" rel=\"noopener\">Communiqu\u00e9 de presse | PDF<\/a><\/p>\n\n\t\t<\/div>\n\t<\/div>\n\n\t<div class=\"wpb_text_column wpb_content_element\" >\n\t\t<div class=\"wpb_wrapper\">\n\t\t\t<p><a href=\"https:\/\/www.dropbox.com\/scl\/fo\/021bdm1jthybd4dh4ey6m\/AJ3wlBI_VV5zcjhMX7FF7jg?rlkey=6fh4frf24op4ya38jtqu95q2m&amp; st=4ilfsldx&amp;dl=0\" target=\"_blank\" rel=\"noopener\">Images | Dropbox<\/a><\/p>\n\n\t\t<\/div>\n\t<\/div>\n<h3 style=\"text-align: left\" class=\"vc_custom_heading vc_do_custom_heading\" >CONTACT PRESSE<\/h3>\n\t<div class=\"wpb_text_column wpb_content_element\" >\n\t\t<div class=\"wpb_wrapper\">\n\t\t\t<p>Franziska Reichmann<br \/>\nResponsable du Marketing<br \/>\nCourriel : f.reichmann@ahorn-camp.de<br \/>\nT\u00e9l. : +49 (0) 6232 \/ 10028-165<br \/>\nFax : +49 (0) 6232 \/ 10028-105<\/p>\n\n\t\t<\/div>\n\t<\/div>\n<\/div><\/div><\/div><\/div>\n<\/div>","protected":false},"excerpt":{"rendered":"<p>Soutenir les associations de mani\u00e8re globale et leur donner les outils pour un avenir prometteur \u2013 tel est l'objectif que poursuit l'initiative Anpfiff ins Leben avec sa Masterclass destin\u00e9e aux associations de la r\u00e9gion.<br \/>\nEn tant que partenaire de longue date, Ahorn Camp a soutenu le projet de 9 mois.<\/p>","protected":false},"author":2,"featured_media":23634,"comment_status":"closed","ping_status":"closed","sticky":false,"template":"","format":"standard","meta":{"content-type":"","footnotes":""},"categories":[277,67],"tags":[],"class_list":["post-23629","post","type-post","status-publish","format-standard","has-post-thumbnail","hentry","category-pressemitteilungen","category-unternehmen"],"yoast_head":"<!-- This site is optimized with the Yoast SEO plugin v28.4 - https:\/\/yoast.com\/product\/yoast-seo-wordpress\/ -->\n<title>Ahorn Camp unterst\u00fctzt \u201eAnpfiff ins Leben\u201c Masterclass 2023\/24<\/title>\n<meta name=\"description\" content=\"Mit der Masterclass verfolgt Anpfiff ins Leben das Ziel, Vereine in der Region zu unterst\u00fctzen. Ahorn Camp unterst\u00fctzte das Projekt.\" \/>\n<meta name=\"robots\" content=\"index, follow, max-snippet:-1, max-image-preview:large, max-video-preview:-1\" \/>\n<link rel=\"canonical\" href=\"https:\/\/ahorn-camp.de\/fr\/coup-denvoi-pour-la-vie-masterclass\/\" \/>\n<meta property=\"og:locale\" content=\"fr_FR\" \/>\n<meta property=\"og:type\" content=\"article\" \/>\n<meta property=\"og:title\" content=\"Ahorn Camp unterst\u00fctzt \u201eAnpfiff ins Leben\u201c Masterclass 2023\/24\" \/>\n<meta property=\"og:description\" content=\"Mit der Masterclass verfolgt Anpfiff ins Leben das Ziel, Vereine in der Region zu unterst\u00fctzen. Ahorn Camp unterst\u00fctzte das Projekt.\" \/>\n<meta property=\"og:url\" content=\"https:\/\/ahorn-camp.de\/fr\/coup-denvoi-pour-la-vie-masterclass\/\" \/>\n<meta property=\"og:site_name\" content=\"Ahorn Camp | Reisemobile und Kastenwagen\" \/>\n<meta property=\"article:publisher\" content=\"https:\/\/www.facebook.com\/ahorn.wohnmobile\/\" \/>\n<meta property=\"article:published_time\" content=\"2024-06-24T09:34:52+00:00\" \/>\n<meta property=\"article:modified_time\" content=\"2025-03-11T14:23:04+00:00\" \/>\n<meta property=\"og:image\" content=\"https:\/\/ahorn-camp.de\/wp-content\/uploads\/2024\/06\/Design-ohne-Titel-3-1024x768.png\" \/>\n\t<meta property=\"og:image:width\" content=\"1024\" \/>\n\t<meta property=\"og:image:height\" content=\"768\" \/>\n\t<meta property=\"og:image:type\" content=\"image\/png\" \/>\n<meta name=\"author\" content=\"ahorn_admin\" \/>\n<meta name=\"twitter:card\" content=\"summary_large_image\" \/>\n<meta name=\"twitter:label1\" content=\"\u00c9crit par\" \/>\n\t<meta name=\"twitter:data1\" content=\"ahorn_admin\" \/>\n\t<meta name=\"twitter:label2\" content=\"Dur\u00e9e de lecture estim\u00e9e\" \/>\n\t<meta name=\"twitter:data2\" content=\"2 minutes\" \/>\n<script type=\"application\/ld+json\" class=\"yoast-schema-graph\">{\"@context\":\"https:\\\/\\\/schema.org\",\"@graph\":[{\"@type\":\"Article\",\"@id\":\"https:\\\/\\\/ahorn-camp.de\\\/anpfiff-ins-leben-masterclass\\\/#article\",\"isPartOf\":{\"@id\":\"https:\\\/\\\/ahorn-camp.de\\\/anpfiff-ins-leben-masterclass\\\/\"},\"author\":{\"name\":\"ahorn_admin\",\"@id\":\"https:\\\/\\\/ahorn-camp.de\\\/#\\\/schema\\\/person\\\/9b60761ba82d5cb8e6db215a88925044\"},\"headline\":\"Ahorn Camp unterst\u00fctzt \u201eAnpfiff ins Leben\u201c Masterclass 2023\\\/24\",\"datePublished\":\"2024-06-24T09:34:52+00:00\",\"dateModified\":\"2025-03-11T14:23:04+00:00\",\"mainEntityOfPage\":{\"@id\":\"https:\\\/\\\/ahorn-camp.de\\\/anpfiff-ins-leben-masterclass\\\/\"},\"wordCount\":269,\"publisher\":{\"@id\":\"https:\\\/\\\/ahorn-camp.de\\\/#organization\"},\"image\":{\"@id\":\"https:\\\/\\\/ahorn-camp.de\\\/anpfiff-ins-leben-masterclass\\\/#primaryimage\"},\"thumbnailUrl\":\"https:\\\/\\\/ahorn-camp.de\\\/wp-content\\\/uploads\\\/2024\\\/06\\\/Design-ohne-Titel-3.png\",\"articleSection\":[\"Pressemitteilungen\",\"Unternehmen\"],\"inLanguage\":\"fr-FR\"},{\"@type\":\"WebPage\",\"@id\":\"https:\\\/\\\/ahorn-camp.de\\\/anpfiff-ins-leben-masterclass\\\/\",\"url\":\"https:\\\/\\\/ahorn-camp.de\\\/anpfiff-ins-leben-masterclass\\\/\",\"name\":\"Ahorn Camp unterst\u00fctzt \u201eAnpfiff ins Leben\u201c Masterclass 2023\\\/24\",\"isPartOf\":{\"@id\":\"https:\\\/\\\/ahorn-camp.de\\\/#website\"},\"primaryImageOfPage\":{\"@id\":\"https:\\\/\\\/ahorn-camp.de\\\/anpfiff-ins-leben-masterclass\\\/#primaryimage\"},\"image\":{\"@id\":\"https:\\\/\\\/ahorn-camp.de\\\/anpfiff-ins-leben-masterclass\\\/#primaryimage\"},\"thumbnailUrl\":\"https:\\\/\\\/ahorn-camp.de\\\/wp-content\\\/uploads\\\/2024\\\/06\\\/Design-ohne-Titel-3.png\",\"datePublished\":\"2024-06-24T09:34:52+00:00\",\"dateModified\":\"2025-03-11T14:23:04+00:00\",\"description\":\"Mit der Masterclass verfolgt Anpfiff ins Leben das Ziel, Vereine in der Region zu unterst\u00fctzen. Ahorn Camp unterst\u00fctzte das Projekt.\",\"breadcrumb\":{\"@id\":\"https:\\\/\\\/ahorn-camp.de\\\/anpfiff-ins-leben-masterclass\\\/#breadcrumb\"},\"inLanguage\":\"fr-FR\",\"potentialAction\":[{\"@type\":\"ReadAction\",\"target\":[\"https:\\\/\\\/ahorn-camp.de\\\/anpfiff-ins-leben-masterclass\\\/\"]}]},{\"@type\":\"ImageObject\",\"inLanguage\":\"fr-FR\",\"@id\":\"https:\\\/\\\/ahorn-camp.de\\\/anpfiff-ins-leben-masterclass\\\/#primaryimage\",\"url\":\"https:\\\/\\\/ahorn-camp.de\\\/wp-content\\\/uploads\\\/2024\\\/06\\\/Design-ohne-Titel-3.png\",\"contentUrl\":\"https:\\\/\\\/ahorn-camp.de\\\/wp-content\\\/uploads\\\/2024\\\/06\\\/Design-ohne-Titel-3.png\",\"width\":2048,\"height\":1536,\"caption\":\"Anpfiff ins Leben Masterclass 2023\\\/24\"},{\"@type\":\"BreadcrumbList\",\"@id\":\"https:\\\/\\\/ahorn-camp.de\\\/anpfiff-ins-leben-masterclass\\\/#breadcrumb\",\"itemListElement\":[{\"@type\":\"ListItem\",\"position\":1,\"name\":\"Startseite\",\"item\":\"https:\\\/\\\/ahorn-camp.de\\\/\"},{\"@type\":\"ListItem\",\"position\":2,\"name\":\"Ahorn Camp unterst\u00fctzt \u201eAnpfiff ins Leben\u201c Masterclass 2023\\\/24\"}]},{\"@type\":\"WebSite\",\"@id\":\"https:\\\/\\\/ahorn-camp.de\\\/#website\",\"url\":\"https:\\\/\\\/ahorn-camp.de\\\/\",\"name\":\"Ahorn Camp | Reisemobile und Kastenwagen\",\"description\":\"Seit \u00fcber 30 Jahren vermarktet das Familienunternehmen, Ahorn Camp in Speyer, erfolgreich Wohnmobile und Kastenwagen zum besten Preis-Leistungsverh\u00e4ltnis.\",\"publisher\":{\"@id\":\"https:\\\/\\\/ahorn-camp.de\\\/#organization\"},\"potentialAction\":[{\"@type\":\"SearchAction\",\"target\":{\"@type\":\"EntryPoint\",\"urlTemplate\":\"https:\\\/\\\/ahorn-camp.de\\\/?s={search_term_string}\"},\"query-input\":{\"@type\":\"PropertyValueSpecification\",\"valueRequired\":true,\"valueName\":\"search_term_string\"}}],\"inLanguage\":\"fr-FR\"},{\"@type\":\"Organization\",\"@id\":\"https:\\\/\\\/ahorn-camp.de\\\/#organization\",\"name\":\"Ahorn Camp GmbH & Co. KG\",\"url\":\"https:\\\/\\\/ahorn-camp.de\\\/\",\"logo\":{\"@type\":\"ImageObject\",\"inLanguage\":\"fr-FR\",\"@id\":\"https:\\\/\\\/ahorn-camp.de\\\/#\\\/schema\\\/logo\\\/image\\\/\",\"url\":\"https:\\\/\\\/ahorn-camp.de\\\/wp-content\\\/uploads\\\/2018\\\/12\\\/Ahorn_Logo.jpg\",\"contentUrl\":\"https:\\\/\\\/ahorn-camp.de\\\/wp-content\\\/uploads\\\/2018\\\/12\\\/Ahorn_Logo.jpg\",\"width\":1437,\"height\":1000,\"caption\":\"Ahorn Camp GmbH & Co. KG\"},\"image\":{\"@id\":\"https:\\\/\\\/ahorn-camp.de\\\/#\\\/schema\\\/logo\\\/image\\\/\"},\"sameAs\":[\"https:\\\/\\\/www.facebook.com\\\/ahorn.wohnmobile\\\/\",\"https:\\\/\\\/www.instagram.com\\\/ahorn.camp\\\/\",\"https:\\\/\\\/www.youtube.com\\\/channel\\\/UCPFbPCts1JJ_A1k9vyH0yOQ\"]},{\"@type\":\"Person\",\"@id\":\"https:\\\/\\\/ahorn-camp.de\\\/#\\\/schema\\\/person\\\/9b60761ba82d5cb8e6db215a88925044\",\"name\":\"ahorn_admin\",\"image\":{\"@type\":\"ImageObject\",\"inLanguage\":\"fr-FR\",\"@id\":\"https:\\\/\\\/secure.gravatar.com\\\/avatar\\\/d96b9a078083b0c14cee48589feadd939c3cdd66547e2f3f1569470371daaaa5?s=96&d=mm&r=g\",\"url\":\"https:\\\/\\\/secure.gravatar.com\\\/avatar\\\/d96b9a078083b0c14cee48589feadd939c3cdd66547e2f3f1569470371daaaa5?s=96&d=mm&r=g\",\"contentUrl\":\"https:\\\/\\\/secure.gravatar.com\\\/avatar\\\/d96b9a078083b0c14cee48589feadd939c3cdd66547e2f3f1569470371daaaa5?s=96&d=mm&r=g\",\"caption\":\"ahorn_admin\"},\"sameAs\":[\"http:\\\/\\\/Ahorn%20Camp\"],\"url\":\"https:\\\/\\\/ahorn-camp.de\\\/fr\\\/author\\\/ahorn_admin\\\/\"}]}<\/script>\n<!-- \/ Yoast SEO plugin. -->","yoast_head_json":{"title":"Ahorn Camp soutient la Masterclass \u201e Anpfiff ins Leben \u201c 2023\/24","description":"Avec cette Masterclass, Anpfiff ins Leben a pour objectif de soutenir les clubs de la r\u00e9gion. Ahorn Camp a apport\u00e9 son soutien \u00e0 ce projet.","robots":{"index":"index","follow":"follow","max-snippet":"max-snippet:-1","max-image-preview":"max-image-preview:large","max-video-preview":"max-video-preview:-1"},"canonical":"https:\/\/ahorn-camp.de\/fr\/coup-denvoi-pour-la-vie-masterclass\/","og_locale":"fr_FR","og_type":"article","og_title":"Ahorn Camp unterst\u00fctzt \u201eAnpfiff ins Leben\u201c Masterclass 2023\/24","og_description":"Mit der Masterclass verfolgt Anpfiff ins Leben das Ziel, Vereine in der Region zu unterst\u00fctzen. Ahorn Camp unterst\u00fctzte das Projekt.","og_url":"https:\/\/ahorn-camp.de\/fr\/coup-denvoi-pour-la-vie-masterclass\/","og_site_name":"Ahorn Camp | Reisemobile und Kastenwagen","article_publisher":"https:\/\/www.facebook.com\/ahorn.wohnmobile\/","article_published_time":"2024-06-24T09:34:52+00:00","article_modified_time":"2025-03-11T14:23:04+00:00","og_image":[{"width":1024,"height":768,"url":"https:\/\/ahorn-camp.de\/wp-content\/uploads\/2024\/06\/Design-ohne-Titel-3-1024x768.png","type":"image\/png"}],"author":"ahorn_admin","twitter_card":"summary_large_image","twitter_misc":{"\u00c9crit par":"ahorn_admin","Dur\u00e9e de lecture estim\u00e9e":"2 minutes"},"schema":{"@context":"https:\/\/schema.org","@graph":[{"@type":"Article","@id":"https:\/\/ahorn-camp.de\/anpfiff-ins-leben-masterclass\/#article","isPartOf":{"@id":"https:\/\/ahorn-camp.de\/anpfiff-ins-leben-masterclass\/"},"author":{"name":"ahorn_admin","@id":"https:\/\/ahorn-camp.de\/#\/schema\/person\/9b60761ba82d5cb8e6db215a88925044"},"headline":"Ahorn Camp unterst\u00fctzt \u201eAnpfiff ins Leben\u201c Masterclass 2023\/24","datePublished":"2024-06-24T09:34:52+00:00","dateModified":"2025-03-11T14:23:04+00:00","mainEntityOfPage":{"@id":"https:\/\/ahorn-camp.de\/anpfiff-ins-leben-masterclass\/"},"wordCount":269,"publisher":{"@id":"https:\/\/ahorn-camp.de\/#organization"},"image":{"@id":"https:\/\/ahorn-camp.de\/anpfiff-ins-leben-masterclass\/#primaryimage"},"thumbnailUrl":"https:\/\/ahorn-camp.de\/wp-content\/uploads\/2024\/06\/Design-ohne-Titel-3.png","articleSection":["Pressemitteilungen","Unternehmen"],"inLanguage":"fr-FR"},{"@type":"WebPage","@id":"https:\/\/ahorn-camp.de\/anpfiff-ins-leben-masterclass\/","url":"https:\/\/ahorn-camp.de\/anpfiff-ins-leben-masterclass\/","name":"Ahorn Camp soutient la Masterclass \u201e Anpfiff ins Leben \u201c 2023\/24","isPartOf":{"@id":"https:\/\/ahorn-camp.de\/#website"},"primaryImageOfPage":{"@id":"https:\/\/ahorn-camp.de\/anpfiff-ins-leben-masterclass\/#primaryimage"},"image":{"@id":"https:\/\/ahorn-camp.de\/anpfiff-ins-leben-masterclass\/#primaryimage"},"thumbnailUrl":"https:\/\/ahorn-camp.de\/wp-content\/uploads\/2024\/06\/Design-ohne-Titel-3.png","datePublished":"2024-06-24T09:34:52+00:00","dateModified":"2025-03-11T14:23:04+00:00","description":"Avec cette Masterclass, Anpfiff ins Leben a pour objectif de soutenir les clubs de la r\u00e9gion. Ahorn Camp a apport\u00e9 son soutien \u00e0 ce projet.","breadcrumb":{"@id":"https:\/\/ahorn-camp.de\/anpfiff-ins-leben-masterclass\/#breadcrumb"},"inLanguage":"fr-FR","potentialAction":[{"@type":"ReadAction","target":["https:\/\/ahorn-camp.de\/anpfiff-ins-leben-masterclass\/"]}]},{"@type":"ImageObject","inLanguage":"fr-FR","@id":"https:\/\/ahorn-camp.de\/anpfiff-ins-leben-masterclass\/#primaryimage","url":"https:\/\/ahorn-camp.de\/wp-content\/uploads\/2024\/06\/Design-ohne-Titel-3.png","contentUrl":"https:\/\/ahorn-camp.de\/wp-content\/uploads\/2024\/06\/Design-ohne-Titel-3.png","width":2048,"height":1536,"caption":"Anpfiff ins Leben Masterclass 2023\/24"},{"@type":"BreadcrumbList","@id":"https:\/\/ahorn-camp.de\/anpfiff-ins-leben-masterclass\/#breadcrumb","itemListElement":[{"@type":"ListItem","position":1,"name":"Startseite","item":"https:\/\/ahorn-camp.de\/"},{"@type":"ListItem","position":2,"name":"Ahorn Camp unterst\u00fctzt \u201eAnpfiff ins Leben\u201c Masterclass 2023\/24"}]},{"@type":"WebSite","@id":"https:\/\/ahorn-camp.de\/#website","url":"https:\/\/ahorn-camp.de\/","name":"Ahorn Camp | Camping-cars et fourgons am\u00e9nag\u00e9s","description":"Depuis plus de 30 ans, l'entreprise familiale, Ahorn Camp \u00e0 Speyer, commercialise avec succ\u00e8s des camping-cars et des fourgons au meilleur rapport qualit\u00e9-prix.","publisher":{"@id":"https:\/\/ahorn-camp.de\/#organization"},"potentialAction":[{"@type":"SearchAction","target":{"@type":"EntryPoint","urlTemplate":"https:\/\/ahorn-camp.de\/?s={search_term_string}"},"query-input":{"@type":"PropertyValueSpecification","valueRequired":true,"valueName":"search_term_string"}}],"inLanguage":"fr-FR"},{"@type":"Organization","@id":"https:\/\/ahorn-camp.de\/#organization","name":"Ahorn Camp GmbH &amp; Co. KG","url":"https:\/\/ahorn-camp.de\/","logo":{"@type":"ImageObject","inLanguage":"fr-FR","@id":"https:\/\/ahorn-camp.de\/#\/schema\/logo\/image\/","url":"https:\/\/ahorn-camp.de\/wp-content\/uploads\/2018\/12\/Ahorn_Logo.jpg","contentUrl":"https:\/\/ahorn-camp.de\/wp-content\/uploads\/2018\/12\/Ahorn_Logo.jpg","width":1437,"height":1000,"caption":"Ahorn Camp GmbH & Co. KG"},"image":{"@id":"https:\/\/ahorn-camp.de\/#\/schema\/logo\/image\/"},"sameAs":["https:\/\/www.facebook.com\/ahorn.wohnmobile\/","https:\/\/www.instagram.com\/ahorn.camp\/","https:\/\/www.youtube.com\/channel\/UCPFbPCts1JJ_A1k9vyH0yOQ"]},{"@type":"Person","@id":"https:\/\/ahorn-camp.de\/#\/schema\/person\/9b60761ba82d5cb8e6db215a88925044","name":"ahorn_admin","image":{"@type":"ImageObject","inLanguage":"fr-FR","@id":"https:\/\/secure.gravatar.com\/avatar\/d96b9a078083b0c14cee48589feadd939c3cdd66547e2f3f1569470371daaaa5?s=96&d=mm&r=g","url":"https:\/\/secure.gravatar.com\/avatar\/d96b9a078083b0c14cee48589feadd939c3cdd66547e2f3f1569470371daaaa5?s=96&d=mm&r=g","contentUrl":"https:\/\/secure.gravatar.com\/avatar\/d96b9a078083b0c14cee48589feadd939c3cdd66547e2f3f1569470371daaaa5?s=96&d=mm&r=g","caption":"ahorn_admin"},"sameAs":["http:\/\/Ahorn%20Camp"],"url":"https:\/\/ahorn-camp.de\/fr\/author\/ahorn_admin\/"}]}},"_links":{"self":[{"href":"https:\/\/ahorn-camp.de\/fr\/wp-json\/wp\/v2\/posts\/23629","targetHints":{"allow":["GET"]}}],"collection":[{"href":"https:\/\/ahorn-camp.de\/fr\/wp-json\/wp\/v2\/posts"}],"about":[{"href":"https:\/\/ahorn-camp.de\/fr\/wp-json\/wp\/v2\/types\/post"}],"author":[{"embeddable":true,"href":"https:\/\/ahorn-camp.de\/fr\/wp-json\/wp\/v2\/users\/2"}],"replies":[{"embeddable":true,"href":"https:\/\/ahorn-camp.de\/fr\/wp-json\/wp\/v2\/comments?post=23629"}],"version-history":[{"count":0,"href":"https:\/\/ahorn-camp.de\/fr\/wp-json\/wp\/v2\/posts\/23629\/revisions"}],"wp:featuredmedia":[{"embeddable":true,"href":"https:\/\/ahorn-camp.de\/fr\/wp-json\/wp\/v2\/media\/23634"}],"wp:attachment":[{"href":"https:\/\/ahorn-camp.de\/fr\/wp-json\/wp\/v2\/media?parent=23629"}],"wp:term":[{"taxonomy":"category","embeddable":true,"href":"https:\/\/ahorn-camp.de\/fr\/wp-json\/wp\/v2\/categories?post=23629"},{"taxonomy":"post_tag","embeddable":true,"href":"https:\/\/ahorn-camp.de\/fr\/wp-json\/wp\/v2\/tags?post=23629"}],"curies":[{"name":"wp","href":"https:\/\/api.w.org\/{rel}","templated":true}]}}