{"id":20298,"date":"2023-10-26T16:34:32","date_gmt":"2023-10-26T14:34:32","guid":{"rendered":"https:\/\/ahorn-camp.de\/?p=20298"},"modified":"2024-03-12T11:19:23","modified_gmt":"2024-03-12T10:19:23","slug":"le-camping-car-dor-2023","status":"publish","type":"post","link":"https:\/\/ahorn-camp.de\/fr\/das-goldene-reisemobil-2023\/","title":{"rendered":"Vous avez vot\u00e9 et nous avons gagn\u00e9 !"},"content":{"rendered":"<div class=\"wpb-content-wrapper\"><div class=\"vc_row wpb_row vc_row-fluid\"><div class=\"wpb_column vc_column_container vc_col-sm-6\"><div class=\"vc_column-inner\"><div class=\"wpb_wrapper\">\n\t<div class=\"wpb_text_column wpb_content_element\" >\n\t\t<div class=\"wpb_wrapper\">\n\t\t\t<p>Nous avons le plaisir, cette ann\u00e9e encore, de vous annoncer que nous avons remport\u00e9 le tr\u00e8s convoit\u00e9 prix du Camping-car d'Or. Ce prix est d\u00e9cern\u00e9 chaque ann\u00e9e par les lecteurs de la prestigieuse Auto Bild et est consid\u00e9r\u00e9 comme l'une des distinctions les plus importantes du secteur.<\/p>\n<p>Cette ann\u00e9e, Ahorn Camp a r\u00e9ussi \u00e0 monter sur le podium dans trois cat\u00e9gories. Les lecteurs ont vot\u00e9 pour le Ahorn Camp Van City by Irmscher dans la cat\u00e9gorie Campervan \u00e0 la deuxi\u00e8me place, et un autre a \u00e9galement pu <a href=\"https:\/\/ahorn-camp.de\/fr\/ahorn-camping-cars\/campervans\/van-620-irmscher\/\">Irmscher mod\u00e8le de la Van 620<\/a> de remporter la m\u00e9daille d'argent dans la cat\u00e9gorie fourgon. De plus, le Ahorn Camp <a href=\"https:\/\/ahorn-camp.de\/fr\/ahorn-camping-cars\/camping-cars-profiles\/modeles-2023\/canada-tu\/\">Canada TU<\/a> la troisi\u00e8me place dans la cat\u00e9gorie des camping-cars semi-int\u00e9graux. \u201e Nous sommes d\u00e9pass\u00e9s par ce succ\u00e8s et souhaitons remercier tous les lecteurs qui ont vot\u00e9 pour nous une fois de plus \u201c, d\u00e9clare Alexander Reichmann, directeur g\u00e9n\u00e9ral de Ahorn Camp. \u201e C'est un grand honneur que trois de nos v\u00e9hicules aient \u00e9t\u00e9 nomin\u00e9s et aient convaincu cette ann\u00e9e encore pour le camping-car d'or. Cela nous montre que de plus en plus de v\u00e9hicules Ahorn s'imposent sur le march\u00e9. \u201c<\/p>\n<p>Ahorn Camp accorde une grande importance \u00e0 la satisfaction de ses clients et travaille continuellement \u00e0 l'am\u00e9lioration de la qualit\u00e9 et du design de ses camping-cars. Le prix du camping-car d'or confirme que Ahorn Camp est sur la bonne voie et r\u00e9pond aux besoins individuels des clients dans diverses situations de vie. \u201e Nous continuerons \u00e0 nous efforcer de d\u00e9velopper des v\u00e9hicules innovants et de haute qualit\u00e9 dans le domaine du camping qui r\u00e9pondent aux exigences de nos clients \u201c, ajoute Reichmann. \u201e Le gain du camping-car d'or est une motivation pour nous \u00e0 faire toujours mieux et \u00e0 continuer d'offrir \u00e0 nos clients des compagnons de premi\u00e8re classe pour leurs voyages de r\u00eave. \u201c<\/p>\n<p><strong>Voici ce que nos gagnants peuvent faire :<\/strong><\/p>\n<p>En collaboration avec Irmscher Automobilbau, Ahorn Camp a d\u00e9velopp\u00e9 un mod\u00e8le sp\u00e9cial dynamique pour le Renault Trafic. Les points forts de la s\u00e9lection pour l'\u00e9dition sp\u00e9ciale <strong>Van Big City Modells<\/strong> se manifestent aussi bien de l'ext\u00e9rieur que lors du regard dans le v\u00e9hicule et soulignent le look dynamique du nouveau Trafic restyl\u00e9. C'est justement gr\u00e2ce \u00e0 sa taille parfaite que le Van Big City combine id\u00e9alement les fonctions d'un v\u00e9hicule de tous les jours et de loisirs. Avec ses dimensions compactes de seulement 5,40 m\u00e8tres de long, 1,96 m\u00e8tre de large et 2,03 m\u00e8tres de haut, ce camping-car sur base de Renault Trafic est tr\u00e8s maniable. Malgr\u00e9 sa construction compacte, le Van Big City offre tout ce qui fait battre le c\u0153ur des campeurs et assure gr\u00e2ce \u00e0<br \/>\nun toit relevable int\u00e9gr\u00e9 offrant une hauteur debout suffisante, m\u00eame pendant la journ\u00e9e.<\/p>\n<p>Le prim\u00e9 <a href=\"https:\/\/ahorn-camp.de\/fr\/ahorn-camping-cars\/campervans\/van-620-irmscher\/\"><strong>Van 620 par Irmscher<\/strong><\/a> C'est le v\u00e9hicule id\u00e9al pour les voyageurs qui souhaitent voyager compact tout en b\u00e9n\u00e9ficiant d'un \u00e9quipement complet. Les lits jumeaux confortables \u00e0 l'arri\u00e8re peuvent \u00eatre reli\u00e9s en ins\u00e9rant un \u00e9l\u00e9ment suppl\u00e9mentaire. Des espaces de rangement pratiques se trouvent sous les lits. La d\u00eenette \u00e0 l'avant peut \u00eatre transform\u00e9e en un lit simple en quelques \u00e9tapes. Gr\u00e2ce \u00e0 de nombreux placards et \u00e0 un poids \u00e0 vide r\u00e9duit, le VAN offre de nombreuses possibilit\u00e9s de transport de bagages. Gr\u00e2ce \u00e0 une coop\u00e9ration unique avec le sp\u00e9cialiste du tuning Irmscher, l'\u00e9dition sp\u00e9ciale sportive du VAN 620 se distingue par son spoiler avant, ses jantes en alliage de 18 pouces, ses accents de carrosserie et bien plus encore, faisant de ce mod\u00e8le un v\u00e9ritable accroche-regard.<\/p>\n<p>Que ce soit pour les jeunes ou les moins jeunes, le <a href=\"https:\/\/ahorn-camp.de\/fr\/ahorn-camping-cars\/camping-cars-profiles\/modeles-2023\/canada-tu\/\"><strong>Canada TU<\/strong><\/a> offre beaucoup d'espace gr\u00e2ce \u00e0 son agencement spacieux dans son propre camping-car. Avec le groupe de si\u00e8ges en L \u00e0 l'arri\u00e8re, il n'y a pas de limites aux soir\u00e9es camping conviviales. La table \u00e0 manger au look marbre noble est d\u00e9pliable. En plus de la d\u00eenette \u00e0 l'avant, le TU offre des si\u00e8ges confortables dans le salon invitant \u00e0 l'arri\u00e8re, soit un total de 10 places assises. Les coussins confortables et larges offrent un agr\u00e9able confort d'assise. Le soir, le lit escamotable r\u00e9glable en hauteur \u00e9lectriquement au-dessus du salon arri\u00e8re sert de lit double confortable. Un autre lit escamotable double peut \u00eatre command\u00e9 en option au-dessus de la d\u00eenette avant.<\/p>\n\n\t\t<\/div>\n\t<\/div>\n<\/div><\/div><\/div><div class=\"wpb_column vc_column_container vc_col-sm-6\"><div class=\"vc_column-inner\"><div class=\"wpb_wrapper\">\n\t<div  class=\"wpb_single_image wpb_content_element vc_align_left wpb_content_element\">\n\t\t\n\t\t<figure class=\"wpb_wrapper vc_figure\">\n\t\t\t<div class=\"vc_single_image-wrapper   vc_box_border_grey\"><img fetchpriority=\"high\" decoding=\"async\" width=\"1200\" height=\"627\" src=\"https:\/\/ahorn-camp.de\/wp-content\/uploads\/2023\/10\/DGRM_Auszeichnung_Gruppe_LinkedIn.jpg\" class=\"vc_single_image-img attachment-full\" alt=\"Prix DGRM\" title=\"Prix DGRM\" srcset=\"https:\/\/ahorn-camp.de\/wp-content\/uploads\/2023\/10\/DGRM_Auszeichnung_Gruppe_LinkedIn.jpg 1200w, https:\/\/ahorn-camp.de\/wp-content\/uploads\/2023\/10\/DGRM_Auszeichnung_Gruppe_LinkedIn-300x157.jpg 300w, https:\/\/ahorn-camp.de\/wp-content\/uploads\/2023\/10\/DGRM_Auszeichnung_Gruppe_LinkedIn-1024x535.jpg 1024w, https:\/\/ahorn-camp.de\/wp-content\/uploads\/2023\/10\/DGRM_Auszeichnung_Gruppe_LinkedIn-768x401.jpg 768w, https:\/\/ahorn-camp.de\/wp-content\/uploads\/2023\/10\/DGRM_Auszeichnung_Gruppe_LinkedIn-800x418.jpg 800w, https:\/\/ahorn-camp.de\/wp-content\/uploads\/2023\/10\/DGRM_Auszeichnung_Gruppe_LinkedIn-270x140.jpg 270w\" sizes=\"(max-width: 1200px) 100vw, 1200px\" \/><\/div>\n\t\t<\/figure>\n\t<\/div>\n<h3 style=\"text-align: left\" class=\"vc_custom_heading vc_do_custom_heading\" >T\u00c9L\u00c9CHARGER<\/h3>\n\t<div class=\"wpb_text_column wpb_content_element\" >\n\t\t<div class=\"wpb_wrapper\">\n\t\t\t<p><a href=\"https:\/\/ahorn-camp.de\/wp-content\/uploads\/2023\/10\/Pressemitteilung_DGRM.pdf\" target=\"_blank\" rel=\"noopener\">Communiqu\u00e9 de presse | PDF<\/a><br \/>\n<a href=\"https:\/\/www.dropbox.com\/scl\/fo\/ammh60t3ste1hvth9weuo\/h?rlkey=h74t74dkbou5wlbqmb8necc14&amp;dl=0\" target=\"_blank\" rel=\"noopener\">Mat\u00e9riel visuel | JPEG<\/a><\/p>\n\n\t\t<\/div>\n\t<\/div>\n<h3 style=\"text-align: left\" class=\"vc_custom_heading vc_do_custom_heading\" >CONTACT PRESSE<\/h3>\n\t<div class=\"wpb_text_column wpb_content_element\" >\n\t\t<div class=\"wpb_wrapper\">\n\t\t\t<p>Franziska Reichmann<br \/>\nResponsable du Marketing<br \/>\nCourriel : f.reichmann@ahorn-camp.de<br \/>\nT\u00e9l. : +49 (0) 6232 \/ 10028-165<br \/>\nFax : +49 (0) 6232 \/ 10028-105<\/p>\n\n\t\t<\/div>\n\t<\/div>\n<\/div><\/div><\/div><\/div>\n<\/div>","protected":false},"excerpt":{"rendered":"<p>Ahorn Camp remporte drei von neun Kategorien beim Goldenen Reisemobil 2023 et obtient des places de premier plan. Les lecteurs ont vot\u00e9 pour le Ahorn Camp Van City by Irmscher dans la cat\u00e9gorie Campervan \u00e0 la deuxi\u00e8me place, et un autre mod\u00e8le Irmscher, le Van 620, a \u00e9galement remport\u00e9 la m\u00e9daille d'argent dans la cat\u00e9gorie fourgon am\u00e9nag\u00e9. De plus, le Ahorn Camp Canada TU a remport\u00e9 la troisi\u00e8me place dans la cat\u00e9gorie des camping-cars semi-int\u00e9gr\u00e9s.<\/p>","protected":false},"author":2,"featured_media":20299,"comment_status":"closed","ping_status":"closed","sticky":false,"template":"","format":"standard","meta":{"content-type":"","footnotes":""},"categories":[277],"tags":[],"class_list":["post-20298","post","type-post","status-publish","format-standard","has-post-thumbnail","hentry","category-pressemitteilungen"],"yoast_head":"<!-- This site is optimized with the Yoast SEO plugin v27.4 - https:\/\/yoast.com\/product\/yoast-seo-wordpress\/ -->\n<title>Sie haben abgestimmt &amp; wir haben gewonnen!<\/title>\n<meta name=\"description\" content=\"Ahorn Camp erzielt 3 von neun Kategorien f\u00fcr das Goldene Reisemobil 2023 und ist vorne mit dabei.\" \/>\n<meta name=\"robots\" content=\"index, follow, max-snippet:-1, max-image-preview:large, max-video-preview:-1\" \/>\n<link rel=\"canonical\" href=\"https:\/\/ahorn-camp.de\/fr\/le-camping-car-dor-2023\/\" \/>\n<meta property=\"og:locale\" content=\"fr_FR\" \/>\n<meta property=\"og:type\" content=\"article\" \/>\n<meta property=\"og:title\" content=\"Sie haben abgestimmt &amp; wir haben gewonnen!\" \/>\n<meta property=\"og:description\" content=\"Ahorn Camp erzielt 3 von neun Kategorien f\u00fcr das Goldene Reisemobil 2023 und ist vorne mit dabei.\" \/>\n<meta property=\"og:url\" content=\"https:\/\/ahorn-camp.de\/fr\/le-camping-car-dor-2023\/\" \/>\n<meta property=\"og:site_name\" content=\"Ahorn Camp | Reisemobile und Kastenwagen\" \/>\n<meta property=\"article:publisher\" content=\"https:\/\/www.facebook.com\/ahorn.wohnmobile\/\" \/>\n<meta property=\"article:published_time\" content=\"2023-10-26T14:34:32+00:00\" \/>\n<meta property=\"article:modified_time\" content=\"2024-03-12T10:19:23+00:00\" \/>\n<meta property=\"og:image\" content=\"https:\/\/ahorn-camp.de\/wp-content\/uploads\/2023\/10\/DGRM_Auszeichnung_Gruppe_LinkedIn.jpg\" \/>\n\t<meta property=\"og:image:width\" content=\"1200\" \/>\n\t<meta property=\"og:image:height\" content=\"627\" \/>\n\t<meta property=\"og:image:type\" content=\"image\/jpeg\" \/>\n<meta name=\"author\" content=\"ahorn_admin\" \/>\n<meta name=\"twitter:card\" content=\"summary_large_image\" \/>\n<meta name=\"twitter:label1\" content=\"\u00c9crit par\" \/>\n\t<meta name=\"twitter:data1\" content=\"ahorn_admin\" \/>\n\t<meta name=\"twitter:label2\" content=\"Dur\u00e9e de lecture estim\u00e9e\" \/>\n\t<meta name=\"twitter:data2\" content=\"4 minutes\" \/>\n<script type=\"application\/ld+json\" class=\"yoast-schema-graph\">{\"@context\":\"https:\\\/\\\/schema.org\",\"@graph\":[{\"@type\":\"Article\",\"@id\":\"https:\\\/\\\/ahorn-camp.de\\\/das-goldene-reisemobil-2023\\\/#article\",\"isPartOf\":{\"@id\":\"https:\\\/\\\/ahorn-camp.de\\\/das-goldene-reisemobil-2023\\\/\"},\"author\":{\"name\":\"ahorn_admin\",\"@id\":\"https:\\\/\\\/ahorn-camp.de\\\/#\\\/schema\\\/person\\\/9b60761ba82d5cb8e6db215a88925044\"},\"headline\":\"Sie haben abgestimmt &#038; wir haben gewonnen!\",\"datePublished\":\"2023-10-26T14:34:32+00:00\",\"dateModified\":\"2024-03-12T10:19:23+00:00\",\"mainEntityOfPage\":{\"@id\":\"https:\\\/\\\/ahorn-camp.de\\\/das-goldene-reisemobil-2023\\\/\"},\"wordCount\":716,\"publisher\":{\"@id\":\"https:\\\/\\\/ahorn-camp.de\\\/#organization\"},\"image\":{\"@id\":\"https:\\\/\\\/ahorn-camp.de\\\/das-goldene-reisemobil-2023\\\/#primaryimage\"},\"thumbnailUrl\":\"https:\\\/\\\/ahorn-camp.de\\\/wp-content\\\/uploads\\\/2023\\\/10\\\/DGRM_Auszeichnung_Gruppe_LinkedIn.jpg\",\"articleSection\":[\"Pressemitteilungen\"],\"inLanguage\":\"fr-FR\"},{\"@type\":\"WebPage\",\"@id\":\"https:\\\/\\\/ahorn-camp.de\\\/das-goldene-reisemobil-2023\\\/\",\"url\":\"https:\\\/\\\/ahorn-camp.de\\\/das-goldene-reisemobil-2023\\\/\",\"name\":\"Sie haben abgestimmt & wir haben gewonnen!\",\"isPartOf\":{\"@id\":\"https:\\\/\\\/ahorn-camp.de\\\/#website\"},\"primaryImageOfPage\":{\"@id\":\"https:\\\/\\\/ahorn-camp.de\\\/das-goldene-reisemobil-2023\\\/#primaryimage\"},\"image\":{\"@id\":\"https:\\\/\\\/ahorn-camp.de\\\/das-goldene-reisemobil-2023\\\/#primaryimage\"},\"thumbnailUrl\":\"https:\\\/\\\/ahorn-camp.de\\\/wp-content\\\/uploads\\\/2023\\\/10\\\/DGRM_Auszeichnung_Gruppe_LinkedIn.jpg\",\"datePublished\":\"2023-10-26T14:34:32+00:00\",\"dateModified\":\"2024-03-12T10:19:23+00:00\",\"description\":\"Ahorn Camp erzielt 3 von neun Kategorien f\u00fcr das Goldene Reisemobil 2023 und ist vorne mit dabei.\",\"breadcrumb\":{\"@id\":\"https:\\\/\\\/ahorn-camp.de\\\/das-goldene-reisemobil-2023\\\/#breadcrumb\"},\"inLanguage\":\"fr-FR\",\"potentialAction\":[{\"@type\":\"ReadAction\",\"target\":[\"https:\\\/\\\/ahorn-camp.de\\\/das-goldene-reisemobil-2023\\\/\"]}]},{\"@type\":\"ImageObject\",\"inLanguage\":\"fr-FR\",\"@id\":\"https:\\\/\\\/ahorn-camp.de\\\/das-goldene-reisemobil-2023\\\/#primaryimage\",\"url\":\"https:\\\/\\\/ahorn-camp.de\\\/wp-content\\\/uploads\\\/2023\\\/10\\\/DGRM_Auszeichnung_Gruppe_LinkedIn.jpg\",\"contentUrl\":\"https:\\\/\\\/ahorn-camp.de\\\/wp-content\\\/uploads\\\/2023\\\/10\\\/DGRM_Auszeichnung_Gruppe_LinkedIn.jpg\",\"width\":1200,\"height\":627,\"caption\":\"DGRM Auszeichnung\"},{\"@type\":\"BreadcrumbList\",\"@id\":\"https:\\\/\\\/ahorn-camp.de\\\/das-goldene-reisemobil-2023\\\/#breadcrumb\",\"itemListElement\":[{\"@type\":\"ListItem\",\"position\":1,\"name\":\"Startseite\",\"item\":\"https:\\\/\\\/ahorn-camp.de\\\/\"},{\"@type\":\"ListItem\",\"position\":2,\"name\":\"Sie haben abgestimmt &#038; wir haben gewonnen!\"}]},{\"@type\":\"WebSite\",\"@id\":\"https:\\\/\\\/ahorn-camp.de\\\/#website\",\"url\":\"https:\\\/\\\/ahorn-camp.de\\\/\",\"name\":\"Ahorn Camp | Reisemobile und Kastenwagen\",\"description\":\"Seit \u00fcber 30 Jahren vermarktet das Familienunternehmen, Ahorn Camp in Speyer, erfolgreich Wohnmobile und Kastenwagen zum besten Preis-Leistungsverh\u00e4ltnis.\",\"publisher\":{\"@id\":\"https:\\\/\\\/ahorn-camp.de\\\/#organization\"},\"potentialAction\":[{\"@type\":\"SearchAction\",\"target\":{\"@type\":\"EntryPoint\",\"urlTemplate\":\"https:\\\/\\\/ahorn-camp.de\\\/?s={search_term_string}\"},\"query-input\":{\"@type\":\"PropertyValueSpecification\",\"valueRequired\":true,\"valueName\":\"search_term_string\"}}],\"inLanguage\":\"fr-FR\"},{\"@type\":\"Organization\",\"@id\":\"https:\\\/\\\/ahorn-camp.de\\\/#organization\",\"name\":\"Ahorn Camp GmbH & Co. KG\",\"url\":\"https:\\\/\\\/ahorn-camp.de\\\/\",\"logo\":{\"@type\":\"ImageObject\",\"inLanguage\":\"fr-FR\",\"@id\":\"https:\\\/\\\/ahorn-camp.de\\\/#\\\/schema\\\/logo\\\/image\\\/\",\"url\":\"https:\\\/\\\/ahorn-camp.de\\\/wp-content\\\/uploads\\\/2018\\\/12\\\/Ahorn_Logo.jpg\",\"contentUrl\":\"https:\\\/\\\/ahorn-camp.de\\\/wp-content\\\/uploads\\\/2018\\\/12\\\/Ahorn_Logo.jpg\",\"width\":1437,\"height\":1000,\"caption\":\"Ahorn Camp GmbH & Co. KG\"},\"image\":{\"@id\":\"https:\\\/\\\/ahorn-camp.de\\\/#\\\/schema\\\/logo\\\/image\\\/\"},\"sameAs\":[\"https:\\\/\\\/www.facebook.com\\\/ahorn.wohnmobile\\\/\",\"https:\\\/\\\/www.instagram.com\\\/ahorn.camp\\\/\",\"https:\\\/\\\/www.youtube.com\\\/channel\\\/UCPFbPCts1JJ_A1k9vyH0yOQ\"]},{\"@type\":\"Person\",\"@id\":\"https:\\\/\\\/ahorn-camp.de\\\/#\\\/schema\\\/person\\\/9b60761ba82d5cb8e6db215a88925044\",\"name\":\"ahorn_admin\",\"image\":{\"@type\":\"ImageObject\",\"inLanguage\":\"fr-FR\",\"@id\":\"https:\\\/\\\/secure.gravatar.com\\\/avatar\\\/d96b9a078083b0c14cee48589feadd939c3cdd66547e2f3f1569470371daaaa5?s=96&d=mm&r=g\",\"url\":\"https:\\\/\\\/secure.gravatar.com\\\/avatar\\\/d96b9a078083b0c14cee48589feadd939c3cdd66547e2f3f1569470371daaaa5?s=96&d=mm&r=g\",\"contentUrl\":\"https:\\\/\\\/secure.gravatar.com\\\/avatar\\\/d96b9a078083b0c14cee48589feadd939c3cdd66547e2f3f1569470371daaaa5?s=96&d=mm&r=g\",\"caption\":\"ahorn_admin\"},\"sameAs\":[\"http:\\\/\\\/Ahorn%20Camp\"],\"url\":\"https:\\\/\\\/ahorn-camp.de\\\/fr\\\/author\\\/ahorn_admin\\\/\"}]}<\/script>\n<!-- \/ Yoast SEO plugin. -->","yoast_head_json":{"title":"Vous avez vot\u00e9 et nous avons gagn\u00e9 !","description":"Ahorn Camp remporte 3 von neun Kategorien f\u00fcr das Goldene Reisemobil 2023 und ist vorne mit dabei.","robots":{"index":"index","follow":"follow","max-snippet":"max-snippet:-1","max-image-preview":"max-image-preview:large","max-video-preview":"max-video-preview:-1"},"canonical":"https:\/\/ahorn-camp.de\/fr\/le-camping-car-dor-2023\/","og_locale":"fr_FR","og_type":"article","og_title":"Sie haben abgestimmt & wir haben gewonnen!","og_description":"Ahorn Camp erzielt 3 von neun Kategorien f\u00fcr das Goldene Reisemobil 2023 und ist vorne mit dabei.","og_url":"https:\/\/ahorn-camp.de\/fr\/le-camping-car-dor-2023\/","og_site_name":"Ahorn Camp | Reisemobile und Kastenwagen","article_publisher":"https:\/\/www.facebook.com\/ahorn.wohnmobile\/","article_published_time":"2023-10-26T14:34:32+00:00","article_modified_time":"2024-03-12T10:19:23+00:00","og_image":[{"width":1200,"height":627,"url":"https:\/\/ahorn-camp.de\/wp-content\/uploads\/2023\/10\/DGRM_Auszeichnung_Gruppe_LinkedIn.jpg","type":"image\/jpeg"}],"author":"ahorn_admin","twitter_card":"summary_large_image","twitter_misc":{"\u00c9crit par":"ahorn_admin","Dur\u00e9e de lecture estim\u00e9e":"4 minutes"},"schema":{"@context":"https:\/\/schema.org","@graph":[{"@type":"Article","@id":"https:\/\/ahorn-camp.de\/das-goldene-reisemobil-2023\/#article","isPartOf":{"@id":"https:\/\/ahorn-camp.de\/das-goldene-reisemobil-2023\/"},"author":{"name":"ahorn_admin","@id":"https:\/\/ahorn-camp.de\/#\/schema\/person\/9b60761ba82d5cb8e6db215a88925044"},"headline":"Sie haben abgestimmt &#038; wir haben gewonnen!","datePublished":"2023-10-26T14:34:32+00:00","dateModified":"2024-03-12T10:19:23+00:00","mainEntityOfPage":{"@id":"https:\/\/ahorn-camp.de\/das-goldene-reisemobil-2023\/"},"wordCount":716,"publisher":{"@id":"https:\/\/ahorn-camp.de\/#organization"},"image":{"@id":"https:\/\/ahorn-camp.de\/das-goldene-reisemobil-2023\/#primaryimage"},"thumbnailUrl":"https:\/\/ahorn-camp.de\/wp-content\/uploads\/2023\/10\/DGRM_Auszeichnung_Gruppe_LinkedIn.jpg","articleSection":["Pressemitteilungen"],"inLanguage":"fr-FR"},{"@type":"WebPage","@id":"https:\/\/ahorn-camp.de\/das-goldene-reisemobil-2023\/","url":"https:\/\/ahorn-camp.de\/das-goldene-reisemobil-2023\/","name":"Vous avez vot\u00e9 et nous avons gagn\u00e9 !","isPartOf":{"@id":"https:\/\/ahorn-camp.de\/#website"},"primaryImageOfPage":{"@id":"https:\/\/ahorn-camp.de\/das-goldene-reisemobil-2023\/#primaryimage"},"image":{"@id":"https:\/\/ahorn-camp.de\/das-goldene-reisemobil-2023\/#primaryimage"},"thumbnailUrl":"https:\/\/ahorn-camp.de\/wp-content\/uploads\/2023\/10\/DGRM_Auszeichnung_Gruppe_LinkedIn.jpg","datePublished":"2023-10-26T14:34:32+00:00","dateModified":"2024-03-12T10:19:23+00:00","description":"Ahorn Camp remporte 3 von neun Kategorien f\u00fcr das Goldene Reisemobil 2023 und ist vorne mit dabei.","breadcrumb":{"@id":"https:\/\/ahorn-camp.de\/das-goldene-reisemobil-2023\/#breadcrumb"},"inLanguage":"fr-FR","potentialAction":[{"@type":"ReadAction","target":["https:\/\/ahorn-camp.de\/das-goldene-reisemobil-2023\/"]}]},{"@type":"ImageObject","inLanguage":"fr-FR","@id":"https:\/\/ahorn-camp.de\/das-goldene-reisemobil-2023\/#primaryimage","url":"https:\/\/ahorn-camp.de\/wp-content\/uploads\/2023\/10\/DGRM_Auszeichnung_Gruppe_LinkedIn.jpg","contentUrl":"https:\/\/ahorn-camp.de\/wp-content\/uploads\/2023\/10\/DGRM_Auszeichnung_Gruppe_LinkedIn.jpg","width":1200,"height":627,"caption":"DGRM Auszeichnung"},{"@type":"BreadcrumbList","@id":"https:\/\/ahorn-camp.de\/das-goldene-reisemobil-2023\/#breadcrumb","itemListElement":[{"@type":"ListItem","position":1,"name":"Startseite","item":"https:\/\/ahorn-camp.de\/"},{"@type":"ListItem","position":2,"name":"Sie haben abgestimmt &#038; wir haben gewonnen!"}]},{"@type":"WebSite","@id":"https:\/\/ahorn-camp.de\/#website","url":"https:\/\/ahorn-camp.de\/","name":"Ahorn Camp | Camping-cars et fourgons am\u00e9nag\u00e9s","description":"Depuis plus de 30 ans, l'entreprise familiale, Ahorn Camp \u00e0 Speyer, commercialise avec succ\u00e8s des camping-cars et des fourgons au meilleur rapport qualit\u00e9-prix.","publisher":{"@id":"https:\/\/ahorn-camp.de\/#organization"},"potentialAction":[{"@type":"SearchAction","target":{"@type":"EntryPoint","urlTemplate":"https:\/\/ahorn-camp.de\/?s={search_term_string}"},"query-input":{"@type":"PropertyValueSpecification","valueRequired":true,"valueName":"search_term_string"}}],"inLanguage":"fr-FR"},{"@type":"Organization","@id":"https:\/\/ahorn-camp.de\/#organization","name":"Ahorn Camp GmbH &amp; Co. KG","url":"https:\/\/ahorn-camp.de\/","logo":{"@type":"ImageObject","inLanguage":"fr-FR","@id":"https:\/\/ahorn-camp.de\/#\/schema\/logo\/image\/","url":"https:\/\/ahorn-camp.de\/wp-content\/uploads\/2018\/12\/Ahorn_Logo.jpg","contentUrl":"https:\/\/ahorn-camp.de\/wp-content\/uploads\/2018\/12\/Ahorn_Logo.jpg","width":1437,"height":1000,"caption":"Ahorn Camp GmbH & Co. KG"},"image":{"@id":"https:\/\/ahorn-camp.de\/#\/schema\/logo\/image\/"},"sameAs":["https:\/\/www.facebook.com\/ahorn.wohnmobile\/","https:\/\/www.instagram.com\/ahorn.camp\/","https:\/\/www.youtube.com\/channel\/UCPFbPCts1JJ_A1k9vyH0yOQ"]},{"@type":"Person","@id":"https:\/\/ahorn-camp.de\/#\/schema\/person\/9b60761ba82d5cb8e6db215a88925044","name":"ahorn_admin","image":{"@type":"ImageObject","inLanguage":"fr-FR","@id":"https:\/\/secure.gravatar.com\/avatar\/d96b9a078083b0c14cee48589feadd939c3cdd66547e2f3f1569470371daaaa5?s=96&d=mm&r=g","url":"https:\/\/secure.gravatar.com\/avatar\/d96b9a078083b0c14cee48589feadd939c3cdd66547e2f3f1569470371daaaa5?s=96&d=mm&r=g","contentUrl":"https:\/\/secure.gravatar.com\/avatar\/d96b9a078083b0c14cee48589feadd939c3cdd66547e2f3f1569470371daaaa5?s=96&d=mm&r=g","caption":"ahorn_admin"},"sameAs":["http:\/\/Ahorn%20Camp"],"url":"https:\/\/ahorn-camp.de\/fr\/author\/ahorn_admin\/"}]}},"_links":{"self":[{"href":"https:\/\/ahorn-camp.de\/fr\/wp-json\/wp\/v2\/posts\/20298","targetHints":{"allow":["GET"]}}],"collection":[{"href":"https:\/\/ahorn-camp.de\/fr\/wp-json\/wp\/v2\/posts"}],"about":[{"href":"https:\/\/ahorn-camp.de\/fr\/wp-json\/wp\/v2\/types\/post"}],"author":[{"embeddable":true,"href":"https:\/\/ahorn-camp.de\/fr\/wp-json\/wp\/v2\/users\/2"}],"replies":[{"embeddable":true,"href":"https:\/\/ahorn-camp.de\/fr\/wp-json\/wp\/v2\/comments?post=20298"}],"version-history":[{"count":0,"href":"https:\/\/ahorn-camp.de\/fr\/wp-json\/wp\/v2\/posts\/20298\/revisions"}],"wp:featuredmedia":[{"embeddable":true,"href":"https:\/\/ahorn-camp.de\/fr\/wp-json\/wp\/v2\/media\/20299"}],"wp:attachment":[{"href":"https:\/\/ahorn-camp.de\/fr\/wp-json\/wp\/v2\/media?parent=20298"}],"wp:term":[{"taxonomy":"category","embeddable":true,"href":"https:\/\/ahorn-camp.de\/fr\/wp-json\/wp\/v2\/categories?post=20298"},{"taxonomy":"post_tag","embeddable":true,"href":"https:\/\/ahorn-camp.de\/fr\/wp-json\/wp\/v2\/tags?post=20298"}],"curies":[{"name":"wp","href":"https:\/\/api.w.org\/{rel}","templated":true}]}}